{"id":36802,"date":"2021-10-04T18:01:41","date_gmt":"2021-10-04T16:01:41","guid":{"rendered":"https:\/\/www.laguiadepamplona.com\/actualidad\/?p=36802"},"modified":"2023-04-11T11:48:55","modified_gmt":"2023-04-11T09:48:55","slug":"aprobado-un-acuerdo-marco-para-la-seleccion-de-empresas-y-profesionales-que-realizaran-los-trabajos-de-diseno-y-estrategia-publicitaria-del-ayuntamiento-2","status":"publish","type":"post","link":"https:\/\/www.laguiadepamplona.com\/actualidad\/aprobado-un-acuerdo-marco-para-la-seleccion-de-empresas-y-profesionales-que-realizaran-los-trabajos-de-diseno-y-estrategia-publicitaria-del-ayuntamiento-2\/","title":{"rendered":"Aprobado un acuerdo marco para la selecci\u00f3n de empresas y profesionales que realizar\u00e1n los trabajos de dise\u00f1o y estrategia publicitaria del Ayuntamiento"},"content":{"rendered":"<p><!--more--><\/p>\n<p>La Junta de Gobierno Local ha aprobado hoy el expediente de contrataci\u00f3n del acuerdo marco para seleccionar empresas que presten servicios de estrategia y creatividad para campa\u00f1as de acciones de comunicaci\u00f3n y publicidad institucional del Ayuntamiento de Pamplona. Ese sistema de trabajo plantea la publicidad institucional como mensaje que pretende informar al conjunto de la ciudadan\u00eda, tanto de las actividades que desarrolla la instituci\u00f3n, como de los servicios que pone a su disposici\u00f3n.<\/p>\n<p><script async src=\"\/\/pagead2.googlesyndication.com\/pagead\/js\/adsbygoogle.js\"><\/script><br \/>\n<!-- Noticias La Guia de Pamplona --><br \/>\n<ins class=\"adsbygoogle\"\nstyle=\"display:block\"\ndata-ad-client=\"ca-pub-6943679897239327\"\ndata-ad-slot=\"7048180777\"\ndata-ad-format=\"auto\"><\/ins><br \/>\n<script>\n(adsbygoogle = window.adsbygoogle || []).push({});\n<\/script><\/p>\n<p>El contrato regula durante un a\u00f1o, con tres posibles pr\u00f3rrogas, la contrataci\u00f3n de campa\u00f1as y acciones de publicidad institucional y dise\u00f1o de materiales y soportes para imagen, promoci\u00f3n y difusi\u00f3n de actividades y servicios. Se establecen dos lotes: por un lado, estrategia, ideaci\u00f3n y producci\u00f3n de campa\u00f1as por importe global creativo superior a 4.000 euros, y por otro, dise\u00f1o con creatividad y acciones de comunicaci\u00f3n por debajo de esa cantidad. En el primer caso se seleccionar\u00e1 a una \u00fanica empresa y en el segundo a un conjunto de 10 licitadores, empresas o particulares. En los dos supuestos los requisitos necesarios para participar y las obligaciones de los adjudicatarios se detallan en el pliego de prescripciones t\u00e9cnicas del acuerdo.<\/p>\n<p>A la hora de adjudicar el contrato, el jurado tendr\u00e1 en cuenta tanto criterios cualitativos como cuantificables. En el primer lote, de los 100 puntos aplicables, se valorar\u00e1 con hasta 70 puntos el plan de comunicaci\u00f3n (20), la propuesta creativa (40) y la simulaci\u00f3n de un plan de medios (10). Los otros 30 puntos se distribuir\u00e1n por propuesta econ\u00f3mica m\u00e1s ventajosa (20) y la aplicaci\u00f3n de criterios sociales (10). En el segundo lote, los primeros 70 puntos estar\u00e1n vinculados al dise\u00f1o de una serie de elementos concretos (cartel, folleto, post en redes sociales y logotipo) y, los 30 restantes se atribuir\u00e1n por oferta econ\u00f3mica (20) y criterios sociales (10).<\/p>\n<p><script async src=\"\/\/pagead2.googlesyndication.com\/pagead\/js\/adsbygoogle.js\"><\/script><br \/>\n<!-- Noticias La Guia de Pamplona --><br \/>\n<ins class=\"adsbygoogle\"\nstyle=\"display:block\"\ndata-ad-client=\"ca-pub-6943679897239327\"\ndata-ad-slot=\"7048180777\"\ndata-ad-format=\"auto\"><\/ins><br \/>\n<script>\n(adsbygoogle = window.adsbygoogle || []).push({});\n<\/script><\/p>\n<p>La licitaci\u00f3n de este contrato se realizar\u00e1 mediante procedimiento abierto. El acuerdo marco se publicar\u00e1 pr\u00f3ximamente en el Portal de Contrataci\u00f3n de Navarra y se enviar\u00e1 el Diario Oficial de la Uni\u00f3n Europea DOUE. Ser\u00e1 entonces cuando se inicie el plazo para que las empresas interesadas presenten sus propuestas para uno de los lotes o para los dos.<\/p>\n","protected":false},"excerpt":{"rendered":"","protected":false},"author":1,"featured_media":36074,"comment_status":"open","ping_status":"closed","sticky":false,"template":"","format":"standard","meta":{"footnotes":""},"categories":[2],"tags":[],"class_list":["post-36802","post","type-post","status-publish","format-standard","has-post-thumbnail","hentry","category-ayuntamiento-pamplona"],"yoast_head":"<!-- This site is optimized with the Yoast SEO plugin v27.5 - https:\/\/yoast.com\/product\/yoast-seo-wordpress\/ -->\n<title>Aprobado un acuerdo marco para la selecci\u00f3n de empresas y profesionales que realizar\u00e1n los trabajos de dise\u00f1o y estrategia publicitaria del Ayuntamiento<\/title>\n<meta name=\"robots\" content=\"index, follow, max-snippet:-1, max-image-preview:large, max-video-preview:-1\" \/>\n<link rel=\"canonical\" href=\"https:\/\/www.laguiadepamplona.com\/actualidad\/aprobado-un-acuerdo-marco-para-la-seleccion-de-empresas-y-profesionales-que-realizaran-los-trabajos-de-diseno-y-estrategia-publicitaria-del-ayuntamiento-2\/\" \/>\n<meta property=\"og:locale\" content=\"es_ES\" \/>\n<meta property=\"og:type\" content=\"article\" \/>\n<meta property=\"og:title\" content=\"Aprobado un acuerdo marco para la selecci\u00f3n de empresas y profesionales que realizar\u00e1n los trabajos de dise\u00f1o y estrategia publicitaria del Ayuntamiento\" \/>\n<meta property=\"og:url\" content=\"https:\/\/www.laguiadepamplona.com\/actualidad\/aprobado-un-acuerdo-marco-para-la-seleccion-de-empresas-y-profesionales-que-realizaran-los-trabajos-de-diseno-y-estrategia-publicitaria-del-ayuntamiento-2\/\" \/>\n<meta property=\"og:site_name\" content=\"La Gu\u00eda de Pamplona\" \/>\n<meta property=\"article:publisher\" content=\"https:\/\/www.facebook.com\/laguiadepamplonacom-133175176762273\/?ref=hl\" \/>\n<meta property=\"article:published_time\" content=\"2021-10-04T16:01:41+00:00\" \/>\n<meta property=\"article:modified_time\" content=\"2023-04-11T09:48:55+00:00\" \/>\n<meta property=\"og:image\" content=\"https:\/\/www.laguiadepamplona.com\/actualidad\/wp-content\/uploads\/2021\/08\/ayuntamiento-pamplona2.jpg\" \/>\n\t<meta property=\"og:image:width\" content=\"1920\" \/>\n\t<meta property=\"og:image:height\" content=\"1080\" \/>\n\t<meta property=\"og:image:type\" content=\"image\/jpeg\" \/>\n<meta name=\"author\" content=\"La Gu\u00eda de Pamplona\" \/>\n<meta name=\"twitter:card\" content=\"summary_large_image\" \/>\n<meta name=\"twitter:creator\" content=\"@LaGuiadPamplona\" \/>\n<meta name=\"twitter:site\" content=\"@LaGuiadPamplona\" \/>\n<meta name=\"twitter:label1\" content=\"Escrito por\" \/>\n\t<meta name=\"twitter:data1\" content=\"La Gu\u00eda de Pamplona\" \/>\n\t<meta name=\"twitter:label2\" content=\"Tiempo de lectura\" \/>\n\t<meta name=\"twitter:data2\" content=\"2 minutos\" \/>\n<script type=\"application\/ld+json\" class=\"yoast-schema-graph\">{\"@context\":\"https:\\\/\\\/schema.org\",\"@graph\":[{\"@type\":\"Article\",\"@id\":\"https:\\\/\\\/www.laguiadepamplona.com\\\/actualidad\\\/aprobado-un-acuerdo-marco-para-la-seleccion-de-empresas-y-profesionales-que-realizaran-los-trabajos-de-diseno-y-estrategia-publicitaria-del-ayuntamiento-2\\\/#article\",\"isPartOf\":{\"@id\":\"https:\\\/\\\/www.laguiadepamplona.com\\\/actualidad\\\/aprobado-un-acuerdo-marco-para-la-seleccion-de-empresas-y-profesionales-que-realizaran-los-trabajos-de-diseno-y-estrategia-publicitaria-del-ayuntamiento-2\\\/\"},\"author\":{\"name\":\"La Gu\u00eda de Pamplona\",\"@id\":\"https:\\\/\\\/www.laguiadepamplona.com\\\/actualidad\\\/#\\\/schema\\\/person\\\/efe887376f0213d4657c93adc50b1fdb\"},\"headline\":\"Aprobado un acuerdo marco para la selecci\u00f3n de empresas y profesionales que realizar\u00e1n los trabajos de dise\u00f1o y estrategia publicitaria del Ayuntamiento\",\"datePublished\":\"2021-10-04T16:01:41+00:00\",\"dateModified\":\"2023-04-11T09:48:55+00:00\",\"mainEntityOfPage\":{\"@id\":\"https:\\\/\\\/www.laguiadepamplona.com\\\/actualidad\\\/aprobado-un-acuerdo-marco-para-la-seleccion-de-empresas-y-profesionales-que-realizaran-los-trabajos-de-diseno-y-estrategia-publicitaria-del-ayuntamiento-2\\\/\"},\"wordCount\":402,\"commentCount\":0,\"publisher\":{\"@id\":\"https:\\\/\\\/www.laguiadepamplona.com\\\/actualidad\\\/#organization\"},\"image\":{\"@id\":\"https:\\\/\\\/www.laguiadepamplona.com\\\/actualidad\\\/aprobado-un-acuerdo-marco-para-la-seleccion-de-empresas-y-profesionales-que-realizaran-los-trabajos-de-diseno-y-estrategia-publicitaria-del-ayuntamiento-2\\\/#primaryimage\"},\"thumbnailUrl\":\"https:\\\/\\\/www.laguiadepamplona.com\\\/actualidad\\\/wp-content\\\/uploads\\\/2021\\\/08\\\/ayuntamiento-pamplona2.jpg\",\"articleSection\":[\"Ayto Pamplona\"],\"inLanguage\":\"es\",\"potentialAction\":[{\"@type\":\"CommentAction\",\"name\":\"Comment\",\"target\":[\"https:\\\/\\\/www.laguiadepamplona.com\\\/actualidad\\\/aprobado-un-acuerdo-marco-para-la-seleccion-de-empresas-y-profesionales-que-realizaran-los-trabajos-de-diseno-y-estrategia-publicitaria-del-ayuntamiento-2\\\/#respond\"]}]},{\"@type\":\"WebPage\",\"@id\":\"https:\\\/\\\/www.laguiadepamplona.com\\\/actualidad\\\/aprobado-un-acuerdo-marco-para-la-seleccion-de-empresas-y-profesionales-que-realizaran-los-trabajos-de-diseno-y-estrategia-publicitaria-del-ayuntamiento-2\\\/\",\"url\":\"https:\\\/\\\/www.laguiadepamplona.com\\\/actualidad\\\/aprobado-un-acuerdo-marco-para-la-seleccion-de-empresas-y-profesionales-que-realizaran-los-trabajos-de-diseno-y-estrategia-publicitaria-del-ayuntamiento-2\\\/\",\"name\":\"Aprobado un acuerdo marco para la selecci\u00f3n de empresas y profesionales que realizar\u00e1n los trabajos de dise\u00f1o y estrategia publicitaria del Ayuntamiento\",\"isPartOf\":{\"@id\":\"https:\\\/\\\/www.laguiadepamplona.com\\\/actualidad\\\/#website\"},\"primaryImageOfPage\":{\"@id\":\"https:\\\/\\\/www.laguiadepamplona.com\\\/actualidad\\\/aprobado-un-acuerdo-marco-para-la-seleccion-de-empresas-y-profesionales-que-realizaran-los-trabajos-de-diseno-y-estrategia-publicitaria-del-ayuntamiento-2\\\/#primaryimage\"},\"image\":{\"@id\":\"https:\\\/\\\/www.laguiadepamplona.com\\\/actualidad\\\/aprobado-un-acuerdo-marco-para-la-seleccion-de-empresas-y-profesionales-que-realizaran-los-trabajos-de-diseno-y-estrategia-publicitaria-del-ayuntamiento-2\\\/#primaryimage\"},\"thumbnailUrl\":\"https:\\\/\\\/www.laguiadepamplona.com\\\/actualidad\\\/wp-content\\\/uploads\\\/2021\\\/08\\\/ayuntamiento-pamplona2.jpg\",\"datePublished\":\"2021-10-04T16:01:41+00:00\",\"dateModified\":\"2023-04-11T09:48:55+00:00\",\"breadcrumb\":{\"@id\":\"https:\\\/\\\/www.laguiadepamplona.com\\\/actualidad\\\/aprobado-un-acuerdo-marco-para-la-seleccion-de-empresas-y-profesionales-que-realizaran-los-trabajos-de-diseno-y-estrategia-publicitaria-del-ayuntamiento-2\\\/#breadcrumb\"},\"inLanguage\":\"es\",\"potentialAction\":[{\"@type\":\"ReadAction\",\"target\":[\"https:\\\/\\\/www.laguiadepamplona.com\\\/actualidad\\\/aprobado-un-acuerdo-marco-para-la-seleccion-de-empresas-y-profesionales-que-realizaran-los-trabajos-de-diseno-y-estrategia-publicitaria-del-ayuntamiento-2\\\/\"]}]},{\"@type\":\"ImageObject\",\"inLanguage\":\"es\",\"@id\":\"https:\\\/\\\/www.laguiadepamplona.com\\\/actualidad\\\/aprobado-un-acuerdo-marco-para-la-seleccion-de-empresas-y-profesionales-que-realizaran-los-trabajos-de-diseno-y-estrategia-publicitaria-del-ayuntamiento-2\\\/#primaryimage\",\"url\":\"https:\\\/\\\/www.laguiadepamplona.com\\\/actualidad\\\/wp-content\\\/uploads\\\/2021\\\/08\\\/ayuntamiento-pamplona2.jpg\",\"contentUrl\":\"https:\\\/\\\/www.laguiadepamplona.com\\\/actualidad\\\/wp-content\\\/uploads\\\/2021\\\/08\\\/ayuntamiento-pamplona2.jpg\",\"width\":1920,\"height\":1080,\"caption\":\"ayuntamiento pamplona\"},{\"@type\":\"BreadcrumbList\",\"@id\":\"https:\\\/\\\/www.laguiadepamplona.com\\\/actualidad\\\/aprobado-un-acuerdo-marco-para-la-seleccion-de-empresas-y-profesionales-que-realizaran-los-trabajos-de-diseno-y-estrategia-publicitaria-del-ayuntamiento-2\\\/#breadcrumb\",\"itemListElement\":[{\"@type\":\"ListItem\",\"position\":1,\"name\":\"Portada\",\"item\":\"https:\\\/\\\/www.laguiadepamplona.com\\\/actualidad\\\/\"},{\"@type\":\"ListItem\",\"position\":2,\"name\":\"Aprobado un acuerdo marco para la selecci\u00f3n de empresas y profesionales que realizar\u00e1n los trabajos de dise\u00f1o y estrategia publicitaria del Ayuntamiento\"}]},{\"@type\":\"WebSite\",\"@id\":\"https:\\\/\\\/www.laguiadepamplona.com\\\/actualidad\\\/#website\",\"url\":\"https:\\\/\\\/www.laguiadepamplona.com\\\/actualidad\\\/\",\"name\":\"La gu\u00eda de Pamplona\",\"description\":\"Noticias de Pamplona\",\"publisher\":{\"@id\":\"https:\\\/\\\/www.laguiadepamplona.com\\\/actualidad\\\/#organization\"},\"potentialAction\":[{\"@type\":\"SearchAction\",\"target\":{\"@type\":\"EntryPoint\",\"urlTemplate\":\"https:\\\/\\\/www.laguiadepamplona.com\\\/actualidad\\\/?s={search_term_string}\"},\"query-input\":{\"@type\":\"PropertyValueSpecification\",\"valueRequired\":true,\"valueName\":\"search_term_string\"}}],\"inLanguage\":\"es\"},{\"@type\":\"Organization\",\"@id\":\"https:\\\/\\\/www.laguiadepamplona.com\\\/actualidad\\\/#organization\",\"name\":\"La Gu\u00eda de Pamplona \\\/ Noticias\",\"url\":\"https:\\\/\\\/www.laguiadepamplona.com\\\/actualidad\\\/\",\"logo\":{\"@type\":\"ImageObject\",\"inLanguage\":\"es\",\"@id\":\"https:\\\/\\\/www.laguiadepamplona.com\\\/actualidad\\\/#\\\/schema\\\/logo\\\/image\\\/\",\"url\":\"https:\\\/\\\/www.laguiadepamplona.com\\\/actualidad\\\/wp-content\\\/uploads\\\/2018\\\/11\\\/logo-laguiadepamplona18-web1.png\",\"contentUrl\":\"https:\\\/\\\/www.laguiadepamplona.com\\\/actualidad\\\/wp-content\\\/uploads\\\/2018\\\/11\\\/logo-laguiadepamplona18-web1.png\",\"width\":600,\"height\":196,\"caption\":\"La Gu\u00eda de Pamplona \\\/ Noticias\"},\"image\":{\"@id\":\"https:\\\/\\\/www.laguiadepamplona.com\\\/actualidad\\\/#\\\/schema\\\/logo\\\/image\\\/\"},\"sameAs\":[\"https:\\\/\\\/www.facebook.com\\\/laguiadepamplonacom-133175176762273\\\/?ref=hl\",\"https:\\\/\\\/x.com\\\/LaGuiadPamplona\",\"https:\\\/\\\/www.instagram.com\\\/la_guia_de_pamplona\\\/\",\"https:\\\/\\\/www.youtube.com\\\/user\\\/laguiadepamplona\"]},{\"@type\":\"Person\",\"@id\":\"https:\\\/\\\/www.laguiadepamplona.com\\\/actualidad\\\/#\\\/schema\\\/person\\\/efe887376f0213d4657c93adc50b1fdb\",\"name\":\"La Gu\u00eda de Pamplona\",\"image\":{\"@type\":\"ImageObject\",\"inLanguage\":\"es\",\"@id\":\"https:\\\/\\\/secure.gravatar.com\\\/avatar\\\/b6992f131dc8d30ab0dff15446e9d346d9dbd95992de0fef795073f5ea83a81c?s=96&d=mm&r=g\",\"url\":\"https:\\\/\\\/secure.gravatar.com\\\/avatar\\\/b6992f131dc8d30ab0dff15446e9d346d9dbd95992de0fef795073f5ea83a81c?s=96&d=mm&r=g\",\"contentUrl\":\"https:\\\/\\\/secure.gravatar.com\\\/avatar\\\/b6992f131dc8d30ab0dff15446e9d346d9dbd95992de0fef795073f5ea83a81c?s=96&d=mm&r=g\",\"caption\":\"La Gu\u00eda de Pamplona\"}}]}<\/script>\n<!-- \/ Yoast SEO plugin. -->","yoast_head_json":{"title":"Aprobado un acuerdo marco para la selecci\u00f3n de empresas y profesionales que realizar\u00e1n los trabajos de dise\u00f1o y estrategia publicitaria del Ayuntamiento","robots":{"index":"index","follow":"follow","max-snippet":"max-snippet:-1","max-image-preview":"max-image-preview:large","max-video-preview":"max-video-preview:-1"},"canonical":"https:\/\/www.laguiadepamplona.com\/actualidad\/aprobado-un-acuerdo-marco-para-la-seleccion-de-empresas-y-profesionales-que-realizaran-los-trabajos-de-diseno-y-estrategia-publicitaria-del-ayuntamiento-2\/","og_locale":"es_ES","og_type":"article","og_title":"Aprobado un acuerdo marco para la selecci\u00f3n de empresas y profesionales que realizar\u00e1n los trabajos de dise\u00f1o y estrategia publicitaria del Ayuntamiento","og_url":"https:\/\/www.laguiadepamplona.com\/actualidad\/aprobado-un-acuerdo-marco-para-la-seleccion-de-empresas-y-profesionales-que-realizaran-los-trabajos-de-diseno-y-estrategia-publicitaria-del-ayuntamiento-2\/","og_site_name":"La Gu\u00eda de Pamplona","article_publisher":"https:\/\/www.facebook.com\/laguiadepamplonacom-133175176762273\/?ref=hl","article_published_time":"2021-10-04T16:01:41+00:00","article_modified_time":"2023-04-11T09:48:55+00:00","og_image":[{"width":1920,"height":1080,"url":"https:\/\/www.laguiadepamplona.com\/actualidad\/wp-content\/uploads\/2021\/08\/ayuntamiento-pamplona2.jpg","type":"image\/jpeg"}],"author":"La Gu\u00eda de Pamplona","twitter_card":"summary_large_image","twitter_creator":"@LaGuiadPamplona","twitter_site":"@LaGuiadPamplona","twitter_misc":{"Escrito por":"La Gu\u00eda de Pamplona","Tiempo de lectura":"2 minutos"},"schema":{"@context":"https:\/\/schema.org","@graph":[{"@type":"Article","@id":"https:\/\/www.laguiadepamplona.com\/actualidad\/aprobado-un-acuerdo-marco-para-la-seleccion-de-empresas-y-profesionales-que-realizaran-los-trabajos-de-diseno-y-estrategia-publicitaria-del-ayuntamiento-2\/#article","isPartOf":{"@id":"https:\/\/www.laguiadepamplona.com\/actualidad\/aprobado-un-acuerdo-marco-para-la-seleccion-de-empresas-y-profesionales-que-realizaran-los-trabajos-de-diseno-y-estrategia-publicitaria-del-ayuntamiento-2\/"},"author":{"name":"La Gu\u00eda de Pamplona","@id":"https:\/\/www.laguiadepamplona.com\/actualidad\/#\/schema\/person\/efe887376f0213d4657c93adc50b1fdb"},"headline":"Aprobado un acuerdo marco para la selecci\u00f3n de empresas y profesionales que realizar\u00e1n los trabajos de dise\u00f1o y estrategia publicitaria del Ayuntamiento","datePublished":"2021-10-04T16:01:41+00:00","dateModified":"2023-04-11T09:48:55+00:00","mainEntityOfPage":{"@id":"https:\/\/www.laguiadepamplona.com\/actualidad\/aprobado-un-acuerdo-marco-para-la-seleccion-de-empresas-y-profesionales-que-realizaran-los-trabajos-de-diseno-y-estrategia-publicitaria-del-ayuntamiento-2\/"},"wordCount":402,"commentCount":0,"publisher":{"@id":"https:\/\/www.laguiadepamplona.com\/actualidad\/#organization"},"image":{"@id":"https:\/\/www.laguiadepamplona.com\/actualidad\/aprobado-un-acuerdo-marco-para-la-seleccion-de-empresas-y-profesionales-que-realizaran-los-trabajos-de-diseno-y-estrategia-publicitaria-del-ayuntamiento-2\/#primaryimage"},"thumbnailUrl":"https:\/\/www.laguiadepamplona.com\/actualidad\/wp-content\/uploads\/2021\/08\/ayuntamiento-pamplona2.jpg","articleSection":["Ayto Pamplona"],"inLanguage":"es","potentialAction":[{"@type":"CommentAction","name":"Comment","target":["https:\/\/www.laguiadepamplona.com\/actualidad\/aprobado-un-acuerdo-marco-para-la-seleccion-de-empresas-y-profesionales-que-realizaran-los-trabajos-de-diseno-y-estrategia-publicitaria-del-ayuntamiento-2\/#respond"]}]},{"@type":"WebPage","@id":"https:\/\/www.laguiadepamplona.com\/actualidad\/aprobado-un-acuerdo-marco-para-la-seleccion-de-empresas-y-profesionales-que-realizaran-los-trabajos-de-diseno-y-estrategia-publicitaria-del-ayuntamiento-2\/","url":"https:\/\/www.laguiadepamplona.com\/actualidad\/aprobado-un-acuerdo-marco-para-la-seleccion-de-empresas-y-profesionales-que-realizaran-los-trabajos-de-diseno-y-estrategia-publicitaria-del-ayuntamiento-2\/","name":"Aprobado un acuerdo marco para la selecci\u00f3n de empresas y profesionales que realizar\u00e1n los trabajos de dise\u00f1o y estrategia publicitaria del Ayuntamiento","isPartOf":{"@id":"https:\/\/www.laguiadepamplona.com\/actualidad\/#website"},"primaryImageOfPage":{"@id":"https:\/\/www.laguiadepamplona.com\/actualidad\/aprobado-un-acuerdo-marco-para-la-seleccion-de-empresas-y-profesionales-que-realizaran-los-trabajos-de-diseno-y-estrategia-publicitaria-del-ayuntamiento-2\/#primaryimage"},"image":{"@id":"https:\/\/www.laguiadepamplona.com\/actualidad\/aprobado-un-acuerdo-marco-para-la-seleccion-de-empresas-y-profesionales-que-realizaran-los-trabajos-de-diseno-y-estrategia-publicitaria-del-ayuntamiento-2\/#primaryimage"},"thumbnailUrl":"https:\/\/www.laguiadepamplona.com\/actualidad\/wp-content\/uploads\/2021\/08\/ayuntamiento-pamplona2.jpg","datePublished":"2021-10-04T16:01:41+00:00","dateModified":"2023-04-11T09:48:55+00:00","breadcrumb":{"@id":"https:\/\/www.laguiadepamplona.com\/actualidad\/aprobado-un-acuerdo-marco-para-la-seleccion-de-empresas-y-profesionales-que-realizaran-los-trabajos-de-diseno-y-estrategia-publicitaria-del-ayuntamiento-2\/#breadcrumb"},"inLanguage":"es","potentialAction":[{"@type":"ReadAction","target":["https:\/\/www.laguiadepamplona.com\/actualidad\/aprobado-un-acuerdo-marco-para-la-seleccion-de-empresas-y-profesionales-que-realizaran-los-trabajos-de-diseno-y-estrategia-publicitaria-del-ayuntamiento-2\/"]}]},{"@type":"ImageObject","inLanguage":"es","@id":"https:\/\/www.laguiadepamplona.com\/actualidad\/aprobado-un-acuerdo-marco-para-la-seleccion-de-empresas-y-profesionales-que-realizaran-los-trabajos-de-diseno-y-estrategia-publicitaria-del-ayuntamiento-2\/#primaryimage","url":"https:\/\/www.laguiadepamplona.com\/actualidad\/wp-content\/uploads\/2021\/08\/ayuntamiento-pamplona2.jpg","contentUrl":"https:\/\/www.laguiadepamplona.com\/actualidad\/wp-content\/uploads\/2021\/08\/ayuntamiento-pamplona2.jpg","width":1920,"height":1080,"caption":"ayuntamiento pamplona"},{"@type":"BreadcrumbList","@id":"https:\/\/www.laguiadepamplona.com\/actualidad\/aprobado-un-acuerdo-marco-para-la-seleccion-de-empresas-y-profesionales-que-realizaran-los-trabajos-de-diseno-y-estrategia-publicitaria-del-ayuntamiento-2\/#breadcrumb","itemListElement":[{"@type":"ListItem","position":1,"name":"Portada","item":"https:\/\/www.laguiadepamplona.com\/actualidad\/"},{"@type":"ListItem","position":2,"name":"Aprobado un acuerdo marco para la selecci\u00f3n de empresas y profesionales que realizar\u00e1n los trabajos de dise\u00f1o y estrategia publicitaria del Ayuntamiento"}]},{"@type":"WebSite","@id":"https:\/\/www.laguiadepamplona.com\/actualidad\/#website","url":"https:\/\/www.laguiadepamplona.com\/actualidad\/","name":"La gu\u00eda de Pamplona","description":"Noticias de Pamplona","publisher":{"@id":"https:\/\/www.laguiadepamplona.com\/actualidad\/#organization"},"potentialAction":[{"@type":"SearchAction","target":{"@type":"EntryPoint","urlTemplate":"https:\/\/www.laguiadepamplona.com\/actualidad\/?s={search_term_string}"},"query-input":{"@type":"PropertyValueSpecification","valueRequired":true,"valueName":"search_term_string"}}],"inLanguage":"es"},{"@type":"Organization","@id":"https:\/\/www.laguiadepamplona.com\/actualidad\/#organization","name":"La Gu\u00eda de Pamplona \/ Noticias","url":"https:\/\/www.laguiadepamplona.com\/actualidad\/","logo":{"@type":"ImageObject","inLanguage":"es","@id":"https:\/\/www.laguiadepamplona.com\/actualidad\/#\/schema\/logo\/image\/","url":"https:\/\/www.laguiadepamplona.com\/actualidad\/wp-content\/uploads\/2018\/11\/logo-laguiadepamplona18-web1.png","contentUrl":"https:\/\/www.laguiadepamplona.com\/actualidad\/wp-content\/uploads\/2018\/11\/logo-laguiadepamplona18-web1.png","width":600,"height":196,"caption":"La Gu\u00eda de Pamplona \/ Noticias"},"image":{"@id":"https:\/\/www.laguiadepamplona.com\/actualidad\/#\/schema\/logo\/image\/"},"sameAs":["https:\/\/www.facebook.com\/laguiadepamplonacom-133175176762273\/?ref=hl","https:\/\/x.com\/LaGuiadPamplona","https:\/\/www.instagram.com\/la_guia_de_pamplona\/","https:\/\/www.youtube.com\/user\/laguiadepamplona"]},{"@type":"Person","@id":"https:\/\/www.laguiadepamplona.com\/actualidad\/#\/schema\/person\/efe887376f0213d4657c93adc50b1fdb","name":"La Gu\u00eda de Pamplona","image":{"@type":"ImageObject","inLanguage":"es","@id":"https:\/\/secure.gravatar.com\/avatar\/b6992f131dc8d30ab0dff15446e9d346d9dbd95992de0fef795073f5ea83a81c?s=96&d=mm&r=g","url":"https:\/\/secure.gravatar.com\/avatar\/b6992f131dc8d30ab0dff15446e9d346d9dbd95992de0fef795073f5ea83a81c?s=96&d=mm&r=g","contentUrl":"https:\/\/secure.gravatar.com\/avatar\/b6992f131dc8d30ab0dff15446e9d346d9dbd95992de0fef795073f5ea83a81c?s=96&d=mm&r=g","caption":"La Gu\u00eda de Pamplona"}}]}},"post_mailing_queue_ids":[],"_links":{"self":[{"href":"https:\/\/www.laguiadepamplona.com\/actualidad\/wp-json\/wp\/v2\/posts\/36802","targetHints":{"allow":["GET"]}}],"collection":[{"href":"https:\/\/www.laguiadepamplona.com\/actualidad\/wp-json\/wp\/v2\/posts"}],"about":[{"href":"https:\/\/www.laguiadepamplona.com\/actualidad\/wp-json\/wp\/v2\/types\/post"}],"author":[{"embeddable":true,"href":"https:\/\/www.laguiadepamplona.com\/actualidad\/wp-json\/wp\/v2\/users\/1"}],"replies":[{"embeddable":true,"href":"https:\/\/www.laguiadepamplona.com\/actualidad\/wp-json\/wp\/v2\/comments?post=36802"}],"version-history":[{"count":0,"href":"https:\/\/www.laguiadepamplona.com\/actualidad\/wp-json\/wp\/v2\/posts\/36802\/revisions"}],"wp:featuredmedia":[{"embeddable":true,"href":"https:\/\/www.laguiadepamplona.com\/actualidad\/wp-json\/wp\/v2\/media\/36074"}],"wp:attachment":[{"href":"https:\/\/www.laguiadepamplona.com\/actualidad\/wp-json\/wp\/v2\/media?parent=36802"}],"wp:term":[{"taxonomy":"category","embeddable":true,"href":"https:\/\/www.laguiadepamplona.com\/actualidad\/wp-json\/wp\/v2\/categories?post=36802"},{"taxonomy":"post_tag","embeddable":true,"href":"https:\/\/www.laguiadepamplona.com\/actualidad\/wp-json\/wp\/v2\/tags?post=36802"}],"curies":[{"name":"wp","href":"https:\/\/api.w.org\/{rel}","templated":true}]}}