{"id":36782,"date":"2021-10-01T17:37:58","date_gmt":"2021-10-01T15:37:58","guid":{"rendered":"https:\/\/www.laguiadepamplona.com\/actualidad\/?p=36782"},"modified":"2023-04-11T11:48:55","modified_gmt":"2023-04-11T09:48:55","slug":"el-ayuntamiento-impulsa-el-arte-urbano-con-un-gran-mural-en-etxabakoitz-norte-que-recrea-la-pamplona-del-futuro-en-colaboracion-con-el-salon-del-comic-de-navarra","status":"publish","type":"post","link":"https:\/\/www.laguiadepamplona.com\/actualidad\/el-ayuntamiento-impulsa-el-arte-urbano-con-un-gran-mural-en-etxabakoitz-norte-que-recrea-la-pamplona-del-futuro-en-colaboracion-con-el-salon-del-comic-de-navarra\/","title":{"rendered":"El Ayuntamiento impulsa el arte urbano con un gran mural en Etxabakoitz norte que recrea la Pamplona del futuro en colaboraci\u00f3n con el Sal\u00f3n del C\u00f3mic de Navarra"},"content":{"rendered":"<h5>El proyecto de Carlos Almagro, elaborado junto a Javier Murillo, se incluye en el registro de artistas urbanos elaborado por el \u00e1rea de Cultura e Igualad<\/h5>\n<p><!--more--><\/p>\n<p>Un nuevo impulso al arte urbano en las calles de Pamplona por parte del Ayuntamiento. Ese es el objetivo del mural de gran formato que Carlos Almagro, junto a Javier Murillo, est\u00e1 pintando estos d\u00edas en Etxabakoitz Norte y que supone el colof\u00f3n a la XII edici\u00f3n del Sal\u00f3n del C\u00f3mic de Navarra. El mural presenta una Pamplona futurista y apocal\u00edptica en la que se reinventan elementos caracter\u00edsticos de la ciudad con un estilo cercano al c\u00f3mic: la Ciudadela se convierte en una nave espacial y la conocida fuente del le\u00f3n de Casa Sancena adquiere proporciones colosales.<\/p>\n<p>En la presentaci\u00f3n del mural han participado la concejala delegada de Cultura e Igualdad, Mar\u00eda Garc\u00eda-Barberena; el codirector del sal\u00f3n, Javier P\u00e9rez Zabalza, y el artista Javier Murillo. Esta iniciativa, que ha contado con un presupuesto de 3.850 euros (IVA no incluido), se ha llevado a cabo tras el acuerdo presupuestario entre los grupos de Navarra Suma y Socialistas del Ayuntamiento de Pamplona<\/p>\n<p>El trabajo comenz\u00f3 el pasado 28 de septiembre y est\u00e1 previsto que se concluya para el domingo. En concreto, se est\u00e1 pintando junto a uno de los muros del ascensor urbano que une las calles de la zona del entorno de la traves\u00eda Concepci\u00f3n Ben\u00edtez, junto al parque infantil. Se extiende en tres paredes y supone retomar la faceta creadora del Sal\u00f3n del C\u00f3mic de Navarra que ha aportado a la ciudad otros murales como el firmado en 2016 por Amaia Arrazola en el Rinc\u00f3n de la Pellejer\u00eda o el que Arantxa Recio pint\u00f3, en 2017, en la calle Descalzos, frente al \u00e1rea de Cultura e Igualdad. En 2019, Idoia Iribertegui realiz\u00f3 su mural ef\u00edmero en uno de los paneles de la Sala de Exposiciones del Condestable.<\/p>\n<p><script async src=\"\/\/pagead2.googlesyndication.com\/pagead\/js\/adsbygoogle.js\"><\/script><br \/>\n<!-- Noticias La Guia de Pamplona --><br \/>\n<ins class=\"adsbygoogle\"\nstyle=\"display:block\"\ndata-ad-client=\"ca-pub-6943679897239327\"\ndata-ad-slot=\"7048180777\"\ndata-ad-format=\"auto\"><\/ins><br \/>\n<script>\n(adsbygoogle = window.adsbygoogle || []).push({});\n<\/script><\/p>\n<p><strong>Autores incluidos en el registro municipal de artistas urbanos<\/strong><\/p>\n<p>El proyecto que se est\u00e1n llevando a cabo en el mural se encuentra incluido en el registro de artistas urbanos que elabor\u00f3 el Ayuntamiento de Pamplona durante el segundo semestre del a\u00f1o pasado a trav\u00e9s de una convocatoria p\u00fablica. Se recibieron 45 propuestas, algunas de artistas individuales y otras creadas por colectivos, de las que 18 estaban impulsadas por mujeres.<\/p>\n<p>La elecci\u00f3n de este proyecto concreto para ese espacio se llev\u00f3 a cabo entre el t\u00e9cnico de Artes Pl\u00e1sticas del Ayuntamiento de Pamplona y los dos directores del Sal\u00f3n del C\u00f3mic de Navarra, que este a\u00f1o se est\u00e1 celebrando entre el 3 de septiembre y el 3 de octubre. Est\u00e1 presentando 14 muestras en Pamplona y Estella, as\u00ed como un extenso programa de actividades con charlas, talleres, publicaciones, proyecciones o conciertos. Lo organiza Tiza, asociaci\u00f3n para la promoci\u00f3n del c\u00f3mic.<\/p>\n<p>Para la selecci\u00f3n de los proyectos a la hora de ser ejecutados se tiene en cuenta la calidad del proyecto y su adecuaci\u00f3n al espacio propuesto por el \u00e1rea de Conservaci\u00f3n Urbana para su realizaci\u00f3n. Las personas interesadas en estar incluidas en el registro pueden contactar a trav\u00e9s de <a href=\"pamplonaescultura.es\" target=\"_blank\" rel=\"noopener\">pamplonaescultura.es<\/a>. Entre los requisitos se encuentran ser mayor de 18 a\u00f1o y nacidos y\/o residente en Navarra.<\/p>\n<p><script async src=\"\/\/pagead2.googlesyndication.com\/pagead\/js\/adsbygoogle.js\"><\/script><br \/>\n<!-- Noticias La Guia de Pamplona --><br \/>\n<ins class=\"adsbygoogle\"\nstyle=\"display:block\"\ndata-ad-client=\"ca-pub-6943679897239327\"\ndata-ad-slot=\"7048180777\"\ndata-ad-format=\"auto\"><\/ins><br \/>\n<script>\n(adsbygoogle = window.adsbygoogle || []).push({});\n<\/script><\/p>\n<p><strong>Dedicados al dise\u00f1o, la ilustraci\u00f3n y la pintura mural<\/strong><\/p>\n<p>El proyecto presentado por Carlos Almagro recrea la Pamplona futura a trav\u00e9s de un viaje en la nave Ciudadela-NA948 en el que el r\u00edo Arga ya no lleva agua ni hay piscinas municipales por la escasez de agua, y la Selva de Irati es un desierto.<\/p>\n<p>Carlos Almagro es dise\u00f1ador e ilustrador. Aunque se form\u00f3 en dise\u00f1o de producto, ha centrado su trabajo en el dise\u00f1o gr\u00e1fico y la ilustraci\u00f3n, sector en el que comenz\u00f3 a trabajar antes casi de terminar sus estudios. Desde muy joven, una de sus mayores aficiones ha sido el graffiti y la pintura mural, una disciplina que en ocasiones tambi\u00e9n ha realizado de manera profesional para diferentes entidades tratando de combinarla siempre que puede con las anteriores. Obras suyas pueden verse en c\u00e9ntricas calles de la ciudad como Estafeta o Carlos III.<\/p>\n<p>Estos a\u00f1os han sido numerosas las ocasiones en las que se ha presentado a concursos o ha sido invitado a formar parte de exhibiciones de arte urbano, tanto a nivel local como nacional. Se pueden destacar los dos primeros premios consecutivos en el cert\u00e1men Civigraff, organizado por el Ayuntamiento de Pamplona en el Civivox de Mendillorri.<\/p>\n<p>El pamplon\u00e9s Javier Murillo est\u00e1 afincado en Barcelona y se dedica tambi\u00e9n al dise\u00f1o gr\u00e1fico, la ilustraci\u00f3n y el muralismo. Vinculado al arte y la creatividad desde muy joven, actualmente realiza tanto trabajos de car\u00e1cter artesanal como proyectos \u00edntegramente digitales.<\/p>\n","protected":false},"excerpt":{"rendered":"<p>El proyecto de Carlos Almagro, elaborado junto a Javier Murillo, se incluye en el registro de artistas urbanos elaborado por el \u00e1rea de Cultura e Igualad<\/p>\n","protected":false},"author":1,"featured_media":36783,"comment_status":"open","ping_status":"closed","sticky":false,"template":"","format":"standard","meta":{"footnotes":""},"categories":[2],"tags":[],"class_list":["post-36782","post","type-post","status-publish","format-standard","has-post-thumbnail","hentry","category-ayuntamiento-pamplona"],"yoast_head":"<!-- This site is optimized with the Yoast SEO plugin v27.5 - https:\/\/yoast.com\/product\/yoast-seo-wordpress\/ -->\n<title>El Ayuntamiento impulsa el arte urbano con un gran mural en Etxabakoitz norte que recrea la Pamplona del futuro en colaboraci\u00f3n con el Sal\u00f3n del C\u00f3mic de Navarra<\/title>\n<meta name=\"description\" content=\"El proyecto de Carlos Almagro, elaborado junto a Javier Murillo, se incluye en el registro de artistas urbanos elaborado por el \u00e1rea de Cultura e Igualad\" \/>\n<meta name=\"robots\" content=\"index, follow, max-snippet:-1, max-image-preview:large, max-video-preview:-1\" \/>\n<link rel=\"canonical\" href=\"https:\/\/www.laguiadepamplona.com\/actualidad\/el-ayuntamiento-impulsa-el-arte-urbano-con-un-gran-mural-en-etxabakoitz-norte-que-recrea-la-pamplona-del-futuro-en-colaboracion-con-el-salon-del-comic-de-navarra\/\" \/>\n<meta property=\"og:locale\" content=\"es_ES\" \/>\n<meta property=\"og:type\" content=\"article\" \/>\n<meta property=\"og:title\" content=\"El Ayuntamiento impulsa el arte urbano con un gran mural en Etxabakoitz norte que recrea la Pamplona del futuro en colaboraci\u00f3n con el Sal\u00f3n del C\u00f3mic de Navarra\" \/>\n<meta property=\"og:description\" content=\"El proyecto de Carlos Almagro, elaborado junto a Javier Murillo, se incluye en el registro de artistas urbanos elaborado por el \u00e1rea de Cultura e Igualad\" \/>\n<meta property=\"og:url\" content=\"https:\/\/www.laguiadepamplona.com\/actualidad\/el-ayuntamiento-impulsa-el-arte-urbano-con-un-gran-mural-en-etxabakoitz-norte-que-recrea-la-pamplona-del-futuro-en-colaboracion-con-el-salon-del-comic-de-navarra\/\" \/>\n<meta property=\"og:site_name\" content=\"La Gu\u00eda de Pamplona\" \/>\n<meta property=\"article:publisher\" content=\"https:\/\/www.facebook.com\/laguiadepamplonacom-133175176762273\/?ref=hl\" \/>\n<meta property=\"article:published_time\" content=\"2021-10-01T15:37:58+00:00\" \/>\n<meta property=\"article:modified_time\" content=\"2023-04-11T09:48:55+00:00\" \/>\n<meta property=\"og:image\" content=\"https:\/\/www.laguiadepamplona.com\/actualidad\/wp-content\/uploads\/2021\/10\/muraletxabacoizee5a5553_0.jpg\" \/>\n\t<meta property=\"og:image:width\" content=\"1920\" \/>\n\t<meta property=\"og:image:height\" content=\"1295\" \/>\n\t<meta property=\"og:image:type\" content=\"image\/jpeg\" \/>\n<meta name=\"author\" content=\"La Gu\u00eda de Pamplona\" \/>\n<meta name=\"twitter:card\" content=\"summary_large_image\" \/>\n<meta name=\"twitter:creator\" content=\"@LaGuiadPamplona\" \/>\n<meta name=\"twitter:site\" content=\"@LaGuiadPamplona\" \/>\n<meta name=\"twitter:label1\" content=\"Escrito por\" \/>\n\t<meta name=\"twitter:data1\" content=\"La Gu\u00eda de Pamplona\" \/>\n\t<meta name=\"twitter:label2\" content=\"Tiempo de lectura\" \/>\n\t<meta name=\"twitter:data2\" content=\"4 minutos\" \/>\n<script type=\"application\/ld+json\" class=\"yoast-schema-graph\">{\"@context\":\"https:\\\/\\\/schema.org\",\"@graph\":[{\"@type\":\"Article\",\"@id\":\"https:\\\/\\\/www.laguiadepamplona.com\\\/actualidad\\\/el-ayuntamiento-impulsa-el-arte-urbano-con-un-gran-mural-en-etxabakoitz-norte-que-recrea-la-pamplona-del-futuro-en-colaboracion-con-el-salon-del-comic-de-navarra\\\/#article\",\"isPartOf\":{\"@id\":\"https:\\\/\\\/www.laguiadepamplona.com\\\/actualidad\\\/el-ayuntamiento-impulsa-el-arte-urbano-con-un-gran-mural-en-etxabakoitz-norte-que-recrea-la-pamplona-del-futuro-en-colaboracion-con-el-salon-del-comic-de-navarra\\\/\"},\"author\":{\"name\":\"La Gu\u00eda de Pamplona\",\"@id\":\"https:\\\/\\\/www.laguiadepamplona.com\\\/actualidad\\\/#\\\/schema\\\/person\\\/efe887376f0213d4657c93adc50b1fdb\"},\"headline\":\"El Ayuntamiento impulsa el arte urbano con un gran mural en Etxabakoitz norte que recrea la Pamplona del futuro en colaboraci\u00f3n con el Sal\u00f3n del C\u00f3mic de Navarra\",\"datePublished\":\"2021-10-01T15:37:58+00:00\",\"dateModified\":\"2023-04-11T09:48:55+00:00\",\"mainEntityOfPage\":{\"@id\":\"https:\\\/\\\/www.laguiadepamplona.com\\\/actualidad\\\/el-ayuntamiento-impulsa-el-arte-urbano-con-un-gran-mural-en-etxabakoitz-norte-que-recrea-la-pamplona-del-futuro-en-colaboracion-con-el-salon-del-comic-de-navarra\\\/\"},\"wordCount\":852,\"commentCount\":0,\"publisher\":{\"@id\":\"https:\\\/\\\/www.laguiadepamplona.com\\\/actualidad\\\/#organization\"},\"image\":{\"@id\":\"https:\\\/\\\/www.laguiadepamplona.com\\\/actualidad\\\/el-ayuntamiento-impulsa-el-arte-urbano-con-un-gran-mural-en-etxabakoitz-norte-que-recrea-la-pamplona-del-futuro-en-colaboracion-con-el-salon-del-comic-de-navarra\\\/#primaryimage\"},\"thumbnailUrl\":\"https:\\\/\\\/www.laguiadepamplona.com\\\/actualidad\\\/wp-content\\\/uploads\\\/2021\\\/10\\\/muraletxabacoizee5a5553_0.jpg\",\"articleSection\":[\"Ayto Pamplona\"],\"inLanguage\":\"es\",\"potentialAction\":[{\"@type\":\"CommentAction\",\"name\":\"Comment\",\"target\":[\"https:\\\/\\\/www.laguiadepamplona.com\\\/actualidad\\\/el-ayuntamiento-impulsa-el-arte-urbano-con-un-gran-mural-en-etxabakoitz-norte-que-recrea-la-pamplona-del-futuro-en-colaboracion-con-el-salon-del-comic-de-navarra\\\/#respond\"]}]},{\"@type\":\"WebPage\",\"@id\":\"https:\\\/\\\/www.laguiadepamplona.com\\\/actualidad\\\/el-ayuntamiento-impulsa-el-arte-urbano-con-un-gran-mural-en-etxabakoitz-norte-que-recrea-la-pamplona-del-futuro-en-colaboracion-con-el-salon-del-comic-de-navarra\\\/\",\"url\":\"https:\\\/\\\/www.laguiadepamplona.com\\\/actualidad\\\/el-ayuntamiento-impulsa-el-arte-urbano-con-un-gran-mural-en-etxabakoitz-norte-que-recrea-la-pamplona-del-futuro-en-colaboracion-con-el-salon-del-comic-de-navarra\\\/\",\"name\":\"El Ayuntamiento impulsa el arte urbano con un gran mural en Etxabakoitz norte que recrea la Pamplona del futuro en colaboraci\u00f3n con el Sal\u00f3n del C\u00f3mic de Navarra\",\"isPartOf\":{\"@id\":\"https:\\\/\\\/www.laguiadepamplona.com\\\/actualidad\\\/#website\"},\"primaryImageOfPage\":{\"@id\":\"https:\\\/\\\/www.laguiadepamplona.com\\\/actualidad\\\/el-ayuntamiento-impulsa-el-arte-urbano-con-un-gran-mural-en-etxabakoitz-norte-que-recrea-la-pamplona-del-futuro-en-colaboracion-con-el-salon-del-comic-de-navarra\\\/#primaryimage\"},\"image\":{\"@id\":\"https:\\\/\\\/www.laguiadepamplona.com\\\/actualidad\\\/el-ayuntamiento-impulsa-el-arte-urbano-con-un-gran-mural-en-etxabakoitz-norte-que-recrea-la-pamplona-del-futuro-en-colaboracion-con-el-salon-del-comic-de-navarra\\\/#primaryimage\"},\"thumbnailUrl\":\"https:\\\/\\\/www.laguiadepamplona.com\\\/actualidad\\\/wp-content\\\/uploads\\\/2021\\\/10\\\/muraletxabacoizee5a5553_0.jpg\",\"datePublished\":\"2021-10-01T15:37:58+00:00\",\"dateModified\":\"2023-04-11T09:48:55+00:00\",\"description\":\"El proyecto de Carlos Almagro, elaborado junto a Javier Murillo, se incluye en el registro de artistas urbanos elaborado por el \u00e1rea de Cultura e Igualad\",\"breadcrumb\":{\"@id\":\"https:\\\/\\\/www.laguiadepamplona.com\\\/actualidad\\\/el-ayuntamiento-impulsa-el-arte-urbano-con-un-gran-mural-en-etxabakoitz-norte-que-recrea-la-pamplona-del-futuro-en-colaboracion-con-el-salon-del-comic-de-navarra\\\/#breadcrumb\"},\"inLanguage\":\"es\",\"potentialAction\":[{\"@type\":\"ReadAction\",\"target\":[\"https:\\\/\\\/www.laguiadepamplona.com\\\/actualidad\\\/el-ayuntamiento-impulsa-el-arte-urbano-con-un-gran-mural-en-etxabakoitz-norte-que-recrea-la-pamplona-del-futuro-en-colaboracion-con-el-salon-del-comic-de-navarra\\\/\"]}]},{\"@type\":\"ImageObject\",\"inLanguage\":\"es\",\"@id\":\"https:\\\/\\\/www.laguiadepamplona.com\\\/actualidad\\\/el-ayuntamiento-impulsa-el-arte-urbano-con-un-gran-mural-en-etxabakoitz-norte-que-recrea-la-pamplona-del-futuro-en-colaboracion-con-el-salon-del-comic-de-navarra\\\/#primaryimage\",\"url\":\"https:\\\/\\\/www.laguiadepamplona.com\\\/actualidad\\\/wp-content\\\/uploads\\\/2021\\\/10\\\/muraletxabacoizee5a5553_0.jpg\",\"contentUrl\":\"https:\\\/\\\/www.laguiadepamplona.com\\\/actualidad\\\/wp-content\\\/uploads\\\/2021\\\/10\\\/muraletxabacoizee5a5553_0.jpg\",\"width\":1920,\"height\":1295},{\"@type\":\"BreadcrumbList\",\"@id\":\"https:\\\/\\\/www.laguiadepamplona.com\\\/actualidad\\\/el-ayuntamiento-impulsa-el-arte-urbano-con-un-gran-mural-en-etxabakoitz-norte-que-recrea-la-pamplona-del-futuro-en-colaboracion-con-el-salon-del-comic-de-navarra\\\/#breadcrumb\",\"itemListElement\":[{\"@type\":\"ListItem\",\"position\":1,\"name\":\"Portada\",\"item\":\"https:\\\/\\\/www.laguiadepamplona.com\\\/actualidad\\\/\"},{\"@type\":\"ListItem\",\"position\":2,\"name\":\"El Ayuntamiento impulsa el arte urbano con un gran mural en Etxabakoitz norte que recrea la Pamplona del futuro en colaboraci\u00f3n con el Sal\u00f3n del C\u00f3mic de Navarra\"}]},{\"@type\":\"WebSite\",\"@id\":\"https:\\\/\\\/www.laguiadepamplona.com\\\/actualidad\\\/#website\",\"url\":\"https:\\\/\\\/www.laguiadepamplona.com\\\/actualidad\\\/\",\"name\":\"La gu\u00eda de Pamplona\",\"description\":\"Noticias de Pamplona\",\"publisher\":{\"@id\":\"https:\\\/\\\/www.laguiadepamplona.com\\\/actualidad\\\/#organization\"},\"potentialAction\":[{\"@type\":\"SearchAction\",\"target\":{\"@type\":\"EntryPoint\",\"urlTemplate\":\"https:\\\/\\\/www.laguiadepamplona.com\\\/actualidad\\\/?s={search_term_string}\"},\"query-input\":{\"@type\":\"PropertyValueSpecification\",\"valueRequired\":true,\"valueName\":\"search_term_string\"}}],\"inLanguage\":\"es\"},{\"@type\":\"Organization\",\"@id\":\"https:\\\/\\\/www.laguiadepamplona.com\\\/actualidad\\\/#organization\",\"name\":\"La Gu\u00eda de Pamplona \\\/ Noticias\",\"url\":\"https:\\\/\\\/www.laguiadepamplona.com\\\/actualidad\\\/\",\"logo\":{\"@type\":\"ImageObject\",\"inLanguage\":\"es\",\"@id\":\"https:\\\/\\\/www.laguiadepamplona.com\\\/actualidad\\\/#\\\/schema\\\/logo\\\/image\\\/\",\"url\":\"https:\\\/\\\/www.laguiadepamplona.com\\\/actualidad\\\/wp-content\\\/uploads\\\/2018\\\/11\\\/logo-laguiadepamplona18-web1.png\",\"contentUrl\":\"https:\\\/\\\/www.laguiadepamplona.com\\\/actualidad\\\/wp-content\\\/uploads\\\/2018\\\/11\\\/logo-laguiadepamplona18-web1.png\",\"width\":600,\"height\":196,\"caption\":\"La Gu\u00eda de Pamplona \\\/ Noticias\"},\"image\":{\"@id\":\"https:\\\/\\\/www.laguiadepamplona.com\\\/actualidad\\\/#\\\/schema\\\/logo\\\/image\\\/\"},\"sameAs\":[\"https:\\\/\\\/www.facebook.com\\\/laguiadepamplonacom-133175176762273\\\/?ref=hl\",\"https:\\\/\\\/x.com\\\/LaGuiadPamplona\",\"https:\\\/\\\/www.instagram.com\\\/la_guia_de_pamplona\\\/\",\"https:\\\/\\\/www.youtube.com\\\/user\\\/laguiadepamplona\"]},{\"@type\":\"Person\",\"@id\":\"https:\\\/\\\/www.laguiadepamplona.com\\\/actualidad\\\/#\\\/schema\\\/person\\\/efe887376f0213d4657c93adc50b1fdb\",\"name\":\"La Gu\u00eda de Pamplona\",\"image\":{\"@type\":\"ImageObject\",\"inLanguage\":\"es\",\"@id\":\"https:\\\/\\\/secure.gravatar.com\\\/avatar\\\/b6992f131dc8d30ab0dff15446e9d346d9dbd95992de0fef795073f5ea83a81c?s=96&d=mm&r=g\",\"url\":\"https:\\\/\\\/secure.gravatar.com\\\/avatar\\\/b6992f131dc8d30ab0dff15446e9d346d9dbd95992de0fef795073f5ea83a81c?s=96&d=mm&r=g\",\"contentUrl\":\"https:\\\/\\\/secure.gravatar.com\\\/avatar\\\/b6992f131dc8d30ab0dff15446e9d346d9dbd95992de0fef795073f5ea83a81c?s=96&d=mm&r=g\",\"caption\":\"La Gu\u00eda de Pamplona\"}}]}<\/script>\n<!-- \/ Yoast SEO plugin. -->","yoast_head_json":{"title":"El Ayuntamiento impulsa el arte urbano con un gran mural en Etxabakoitz norte que recrea la Pamplona del futuro en colaboraci\u00f3n con el Sal\u00f3n del C\u00f3mic de Navarra","description":"El proyecto de Carlos Almagro, elaborado junto a Javier Murillo, se incluye en el registro de artistas urbanos elaborado por el \u00e1rea de Cultura e Igualad","robots":{"index":"index","follow":"follow","max-snippet":"max-snippet:-1","max-image-preview":"max-image-preview:large","max-video-preview":"max-video-preview:-1"},"canonical":"https:\/\/www.laguiadepamplona.com\/actualidad\/el-ayuntamiento-impulsa-el-arte-urbano-con-un-gran-mural-en-etxabakoitz-norte-que-recrea-la-pamplona-del-futuro-en-colaboracion-con-el-salon-del-comic-de-navarra\/","og_locale":"es_ES","og_type":"article","og_title":"El Ayuntamiento impulsa el arte urbano con un gran mural en Etxabakoitz norte que recrea la Pamplona del futuro en colaboraci\u00f3n con el Sal\u00f3n del C\u00f3mic de Navarra","og_description":"El proyecto de Carlos Almagro, elaborado junto a Javier Murillo, se incluye en el registro de artistas urbanos elaborado por el \u00e1rea de Cultura e Igualad","og_url":"https:\/\/www.laguiadepamplona.com\/actualidad\/el-ayuntamiento-impulsa-el-arte-urbano-con-un-gran-mural-en-etxabakoitz-norte-que-recrea-la-pamplona-del-futuro-en-colaboracion-con-el-salon-del-comic-de-navarra\/","og_site_name":"La Gu\u00eda de Pamplona","article_publisher":"https:\/\/www.facebook.com\/laguiadepamplonacom-133175176762273\/?ref=hl","article_published_time":"2021-10-01T15:37:58+00:00","article_modified_time":"2023-04-11T09:48:55+00:00","og_image":[{"width":1920,"height":1295,"url":"https:\/\/www.laguiadepamplona.com\/actualidad\/wp-content\/uploads\/2021\/10\/muraletxabacoizee5a5553_0.jpg","type":"image\/jpeg"}],"author":"La Gu\u00eda de Pamplona","twitter_card":"summary_large_image","twitter_creator":"@LaGuiadPamplona","twitter_site":"@LaGuiadPamplona","twitter_misc":{"Escrito por":"La Gu\u00eda de Pamplona","Tiempo de lectura":"4 minutos"},"schema":{"@context":"https:\/\/schema.org","@graph":[{"@type":"Article","@id":"https:\/\/www.laguiadepamplona.com\/actualidad\/el-ayuntamiento-impulsa-el-arte-urbano-con-un-gran-mural-en-etxabakoitz-norte-que-recrea-la-pamplona-del-futuro-en-colaboracion-con-el-salon-del-comic-de-navarra\/#article","isPartOf":{"@id":"https:\/\/www.laguiadepamplona.com\/actualidad\/el-ayuntamiento-impulsa-el-arte-urbano-con-un-gran-mural-en-etxabakoitz-norte-que-recrea-la-pamplona-del-futuro-en-colaboracion-con-el-salon-del-comic-de-navarra\/"},"author":{"name":"La Gu\u00eda de Pamplona","@id":"https:\/\/www.laguiadepamplona.com\/actualidad\/#\/schema\/person\/efe887376f0213d4657c93adc50b1fdb"},"headline":"El Ayuntamiento impulsa el arte urbano con un gran mural en Etxabakoitz norte que recrea la Pamplona del futuro en colaboraci\u00f3n con el Sal\u00f3n del C\u00f3mic de Navarra","datePublished":"2021-10-01T15:37:58+00:00","dateModified":"2023-04-11T09:48:55+00:00","mainEntityOfPage":{"@id":"https:\/\/www.laguiadepamplona.com\/actualidad\/el-ayuntamiento-impulsa-el-arte-urbano-con-un-gran-mural-en-etxabakoitz-norte-que-recrea-la-pamplona-del-futuro-en-colaboracion-con-el-salon-del-comic-de-navarra\/"},"wordCount":852,"commentCount":0,"publisher":{"@id":"https:\/\/www.laguiadepamplona.com\/actualidad\/#organization"},"image":{"@id":"https:\/\/www.laguiadepamplona.com\/actualidad\/el-ayuntamiento-impulsa-el-arte-urbano-con-un-gran-mural-en-etxabakoitz-norte-que-recrea-la-pamplona-del-futuro-en-colaboracion-con-el-salon-del-comic-de-navarra\/#primaryimage"},"thumbnailUrl":"https:\/\/www.laguiadepamplona.com\/actualidad\/wp-content\/uploads\/2021\/10\/muraletxabacoizee5a5553_0.jpg","articleSection":["Ayto Pamplona"],"inLanguage":"es","potentialAction":[{"@type":"CommentAction","name":"Comment","target":["https:\/\/www.laguiadepamplona.com\/actualidad\/el-ayuntamiento-impulsa-el-arte-urbano-con-un-gran-mural-en-etxabakoitz-norte-que-recrea-la-pamplona-del-futuro-en-colaboracion-con-el-salon-del-comic-de-navarra\/#respond"]}]},{"@type":"WebPage","@id":"https:\/\/www.laguiadepamplona.com\/actualidad\/el-ayuntamiento-impulsa-el-arte-urbano-con-un-gran-mural-en-etxabakoitz-norte-que-recrea-la-pamplona-del-futuro-en-colaboracion-con-el-salon-del-comic-de-navarra\/","url":"https:\/\/www.laguiadepamplona.com\/actualidad\/el-ayuntamiento-impulsa-el-arte-urbano-con-un-gran-mural-en-etxabakoitz-norte-que-recrea-la-pamplona-del-futuro-en-colaboracion-con-el-salon-del-comic-de-navarra\/","name":"El Ayuntamiento impulsa el arte urbano con un gran mural en Etxabakoitz norte que recrea la Pamplona del futuro en colaboraci\u00f3n con el Sal\u00f3n del C\u00f3mic de Navarra","isPartOf":{"@id":"https:\/\/www.laguiadepamplona.com\/actualidad\/#website"},"primaryImageOfPage":{"@id":"https:\/\/www.laguiadepamplona.com\/actualidad\/el-ayuntamiento-impulsa-el-arte-urbano-con-un-gran-mural-en-etxabakoitz-norte-que-recrea-la-pamplona-del-futuro-en-colaboracion-con-el-salon-del-comic-de-navarra\/#primaryimage"},"image":{"@id":"https:\/\/www.laguiadepamplona.com\/actualidad\/el-ayuntamiento-impulsa-el-arte-urbano-con-un-gran-mural-en-etxabakoitz-norte-que-recrea-la-pamplona-del-futuro-en-colaboracion-con-el-salon-del-comic-de-navarra\/#primaryimage"},"thumbnailUrl":"https:\/\/www.laguiadepamplona.com\/actualidad\/wp-content\/uploads\/2021\/10\/muraletxabacoizee5a5553_0.jpg","datePublished":"2021-10-01T15:37:58+00:00","dateModified":"2023-04-11T09:48:55+00:00","description":"El proyecto de Carlos Almagro, elaborado junto a Javier Murillo, se incluye en el registro de artistas urbanos elaborado por el \u00e1rea de Cultura e Igualad","breadcrumb":{"@id":"https:\/\/www.laguiadepamplona.com\/actualidad\/el-ayuntamiento-impulsa-el-arte-urbano-con-un-gran-mural-en-etxabakoitz-norte-que-recrea-la-pamplona-del-futuro-en-colaboracion-con-el-salon-del-comic-de-navarra\/#breadcrumb"},"inLanguage":"es","potentialAction":[{"@type":"ReadAction","target":["https:\/\/www.laguiadepamplona.com\/actualidad\/el-ayuntamiento-impulsa-el-arte-urbano-con-un-gran-mural-en-etxabakoitz-norte-que-recrea-la-pamplona-del-futuro-en-colaboracion-con-el-salon-del-comic-de-navarra\/"]}]},{"@type":"ImageObject","inLanguage":"es","@id":"https:\/\/www.laguiadepamplona.com\/actualidad\/el-ayuntamiento-impulsa-el-arte-urbano-con-un-gran-mural-en-etxabakoitz-norte-que-recrea-la-pamplona-del-futuro-en-colaboracion-con-el-salon-del-comic-de-navarra\/#primaryimage","url":"https:\/\/www.laguiadepamplona.com\/actualidad\/wp-content\/uploads\/2021\/10\/muraletxabacoizee5a5553_0.jpg","contentUrl":"https:\/\/www.laguiadepamplona.com\/actualidad\/wp-content\/uploads\/2021\/10\/muraletxabacoizee5a5553_0.jpg","width":1920,"height":1295},{"@type":"BreadcrumbList","@id":"https:\/\/www.laguiadepamplona.com\/actualidad\/el-ayuntamiento-impulsa-el-arte-urbano-con-un-gran-mural-en-etxabakoitz-norte-que-recrea-la-pamplona-del-futuro-en-colaboracion-con-el-salon-del-comic-de-navarra\/#breadcrumb","itemListElement":[{"@type":"ListItem","position":1,"name":"Portada","item":"https:\/\/www.laguiadepamplona.com\/actualidad\/"},{"@type":"ListItem","position":2,"name":"El Ayuntamiento impulsa el arte urbano con un gran mural en Etxabakoitz norte que recrea la Pamplona del futuro en colaboraci\u00f3n con el Sal\u00f3n del C\u00f3mic de Navarra"}]},{"@type":"WebSite","@id":"https:\/\/www.laguiadepamplona.com\/actualidad\/#website","url":"https:\/\/www.laguiadepamplona.com\/actualidad\/","name":"La gu\u00eda de Pamplona","description":"Noticias de Pamplona","publisher":{"@id":"https:\/\/www.laguiadepamplona.com\/actualidad\/#organization"},"potentialAction":[{"@type":"SearchAction","target":{"@type":"EntryPoint","urlTemplate":"https:\/\/www.laguiadepamplona.com\/actualidad\/?s={search_term_string}"},"query-input":{"@type":"PropertyValueSpecification","valueRequired":true,"valueName":"search_term_string"}}],"inLanguage":"es"},{"@type":"Organization","@id":"https:\/\/www.laguiadepamplona.com\/actualidad\/#organization","name":"La Gu\u00eda de Pamplona \/ Noticias","url":"https:\/\/www.laguiadepamplona.com\/actualidad\/","logo":{"@type":"ImageObject","inLanguage":"es","@id":"https:\/\/www.laguiadepamplona.com\/actualidad\/#\/schema\/logo\/image\/","url":"https:\/\/www.laguiadepamplona.com\/actualidad\/wp-content\/uploads\/2018\/11\/logo-laguiadepamplona18-web1.png","contentUrl":"https:\/\/www.laguiadepamplona.com\/actualidad\/wp-content\/uploads\/2018\/11\/logo-laguiadepamplona18-web1.png","width":600,"height":196,"caption":"La Gu\u00eda de Pamplona \/ Noticias"},"image":{"@id":"https:\/\/www.laguiadepamplona.com\/actualidad\/#\/schema\/logo\/image\/"},"sameAs":["https:\/\/www.facebook.com\/laguiadepamplonacom-133175176762273\/?ref=hl","https:\/\/x.com\/LaGuiadPamplona","https:\/\/www.instagram.com\/la_guia_de_pamplona\/","https:\/\/www.youtube.com\/user\/laguiadepamplona"]},{"@type":"Person","@id":"https:\/\/www.laguiadepamplona.com\/actualidad\/#\/schema\/person\/efe887376f0213d4657c93adc50b1fdb","name":"La Gu\u00eda de Pamplona","image":{"@type":"ImageObject","inLanguage":"es","@id":"https:\/\/secure.gravatar.com\/avatar\/b6992f131dc8d30ab0dff15446e9d346d9dbd95992de0fef795073f5ea83a81c?s=96&d=mm&r=g","url":"https:\/\/secure.gravatar.com\/avatar\/b6992f131dc8d30ab0dff15446e9d346d9dbd95992de0fef795073f5ea83a81c?s=96&d=mm&r=g","contentUrl":"https:\/\/secure.gravatar.com\/avatar\/b6992f131dc8d30ab0dff15446e9d346d9dbd95992de0fef795073f5ea83a81c?s=96&d=mm&r=g","caption":"La Gu\u00eda de Pamplona"}}]}},"post_mailing_queue_ids":[],"_links":{"self":[{"href":"https:\/\/www.laguiadepamplona.com\/actualidad\/wp-json\/wp\/v2\/posts\/36782","targetHints":{"allow":["GET"]}}],"collection":[{"href":"https:\/\/www.laguiadepamplona.com\/actualidad\/wp-json\/wp\/v2\/posts"}],"about":[{"href":"https:\/\/www.laguiadepamplona.com\/actualidad\/wp-json\/wp\/v2\/types\/post"}],"author":[{"embeddable":true,"href":"https:\/\/www.laguiadepamplona.com\/actualidad\/wp-json\/wp\/v2\/users\/1"}],"replies":[{"embeddable":true,"href":"https:\/\/www.laguiadepamplona.com\/actualidad\/wp-json\/wp\/v2\/comments?post=36782"}],"version-history":[{"count":0,"href":"https:\/\/www.laguiadepamplona.com\/actualidad\/wp-json\/wp\/v2\/posts\/36782\/revisions"}],"wp:featuredmedia":[{"embeddable":true,"href":"https:\/\/www.laguiadepamplona.com\/actualidad\/wp-json\/wp\/v2\/media\/36783"}],"wp:attachment":[{"href":"https:\/\/www.laguiadepamplona.com\/actualidad\/wp-json\/wp\/v2\/media?parent=36782"}],"wp:term":[{"taxonomy":"category","embeddable":true,"href":"https:\/\/www.laguiadepamplona.com\/actualidad\/wp-json\/wp\/v2\/categories?post=36782"},{"taxonomy":"post_tag","embeddable":true,"href":"https:\/\/www.laguiadepamplona.com\/actualidad\/wp-json\/wp\/v2\/tags?post=36782"}],"curies":[{"name":"wp","href":"https:\/\/api.w.org\/{rel}","templated":true}]}}