{"id":36779,"date":"2021-10-01T17:35:42","date_gmt":"2021-10-01T15:35:42","guid":{"rendered":"https:\/\/www.laguiadepamplona.com\/actualidad\/?p=36779"},"modified":"2023-04-11T11:48:55","modified_gmt":"2023-04-11T09:48:55","slug":"pamplona-participa-en-un-encuentro-de-lideres-urbanos-por-la-sostenibilidad-y-la-innovacion-en-el-foro-greencities-smart-moving","status":"publish","type":"post","link":"https:\/\/www.laguiadepamplona.com\/actualidad\/pamplona-participa-en-un-encuentro-de-lideres-urbanos-por-la-sostenibilidad-y-la-innovacion-en-el-foro-greencities-smart-moving\/","title":{"rendered":"Pamplona participa en un encuentro de l\u00edderes urbanos por la sostenibilidad y la innovaci\u00f3n en el Foro Greencities \/ Smart Moving"},"content":{"rendered":"<h5>Greencities 2021, el Foro de Inteligencia y Sostenibilidad Urbana, ha congregado en M\u00e1laga a entidades y expertos nacionales e internacionales<\/h5>\n<p><!--more--><\/p>\n<p>El Ayuntamiento de Pamplona ha participado, junto a alcaldes de otras 15 localidades, en el encuentro de l\u00edderes urbanos por la sostenibilidad y la innovaci\u00f3n del Foro Greencities\/Smart Moving 2021, celebrado en M\u00e1laga. Adem\u00e1s, el Consistorio, ha presentado, en la \u2018Mesa de Movilidad El\u00e9ctrica y Sostenible\u2019 del Foro, su apuesta por la movilidad que est\u00e1 transformando la ciudad con nuevos ejes ciclistas tanto en los desarrollos urbanos recientes como en la ciudad consolidada; aparcamientos seguros para bicicletas en todos los barrios, el sistema de bicicleta p\u00fablica que se iniciar\u00e1 este oto\u00f1o o el impulso al veh\u00edculo el\u00e9ctrico que ha situado a Pamplona como quinta ciudad con m\u00e1s puntos de recarga en v\u00eda p\u00fablica, por encima de capitales que le triplican en superficie y poblaci\u00f3n. Tambi\u00e9n para los coches \u2018cero emisiones\u2019 se han aprobado medidas para aumentar su uso como la exenci\u00f3n de pagar las zonas de estacionamiento regulado o una bonificaci\u00f3n en el impuesto de circulaci\u00f3n.<\/p>\n<p>El concejal delegado de Proyectos Estrat\u00e9gicos, Movilidad y Sostenibilidad, Ferm\u00edn Alonso, ha participado en este encuentro que es la referencia en Espa\u00f1a para todos los agentes implicados en la construcci\u00f3n de ciudades inteligentes y sostenibles. Las actuaciones presentadas se enmarcan en el plan Go Green Pamplona y en la Estrategia de Transici\u00f3n Energ\u00e9tica y Cambio Clim\u00e1tico 2030, que para concretar sus objetivos tuvo en cuenta un diagn\u00f3stico energ\u00e9tico que recog\u00eda que el 55% de las emisiones de la ciudad provienen del transporte.<\/p>\n<p><script async src=\"\/\/pagead2.googlesyndication.com\/pagead\/js\/adsbygoogle.js\"><\/script><br \/>\n<!-- Noticias La Guia de Pamplona --><br \/>\n<ins class=\"adsbygoogle\"\nstyle=\"display:block\"\ndata-ad-client=\"ca-pub-6943679897239327\"\ndata-ad-slot=\"7048180777\"\ndata-ad-format=\"auto\"><\/ins><br \/>\n<script>\n(adsbygoogle = window.adsbygoogle || []).push({});\n<\/script><\/p>\n<p><strong>Generaci\u00f3n de energ\u00eda verde con instalaciones fotovoltaicas municipales<\/strong><\/p>\n<p>Otra de las iniciativas municipales dadas a conocer se ha centrado en la generaci\u00f3n de energ\u00eda verde en Pamplona y su importancia en la transici\u00f3n a un mundo m\u00e1s sostenible. El Consistorio pamplon\u00e9s cuenta en estos momentos con 31 instalaciones fotovoltaicas con una potencia instalada de 411 KW que aumentar\u00e1 un 30% con las nuevas que van a instalarse en Mendillorri y San Jorge.<\/p>\n<p>En ese sentido, el concejal de Proyectos Estrat\u00e9gicos, Movilidad y Sostenibilidad ha pedido sensibilidad al Estado y a los gobiernos auton\u00f3micos para que en la gesti\u00f3n de los fondos Next Generation tengan en cuenta que las ciudades son responsables del 70% de las emisiones y por tanto deben ser protagonistas del cambio que propone la UE.<\/p>\n<p>Greencities 2021, el Foro de Inteligencia y Sostenibilidad Urbana, ha congregado a 250 expertos nacionales e internacionales en el \u00e1mbito de la gesti\u00f3n urbana y la movilidad inteligente, sostenible y aut\u00f3noma de 20 pa\u00edses diferentes. Se ha celebrado 29 y 30 de septiembre en el Palacio de Ferias y Congresos de M\u00e1laga y ha contado con la participaci\u00f3n de 300 empresas y entidades p\u00fablicas como los ayuntamientos de A Coru\u00f1a, Alicante, Pontevedra, C\u00f3rdoba, Logro\u00f1o, Granada, Sevilla, Teruel o Gij\u00f3n, entre otros. Los ayuntamientos han compartido sus experiencias en el encuentro de l\u00edderes urbanos que ha tenido la transici\u00f3n verde y digital como uno de los puntos importantes.<\/p>\n<p><script async src=\"\/\/pagead2.googlesyndication.com\/pagead\/js\/adsbygoogle.js\"><\/script><br \/>\n<!-- Noticias La Guia de Pamplona --><br \/>\n<ins class=\"adsbygoogle\"\nstyle=\"display:block\"\ndata-ad-client=\"ca-pub-6943679897239327\"\ndata-ad-slot=\"7048180777\"\ndata-ad-format=\"auto\"><\/ins><br \/>\n<script>\n(adsbygoogle = window.adsbygoogle || []).push({});\n<\/script><\/p>\n<p><strong>Actuaciones reconocidas con diversos galardones este a\u00f1o<\/strong><\/p>\n<p>Las actuaciones presentadas en M\u00e1laga se han visto reconocidas con distintos galardones como el primer premio Bikefriendly de la Red de Ciudades por la Bicicleta en la categor\u00eda de Educaci\u00f3n y Promoci\u00f3n por fomentar la bicicleta como medio de transporte urbano desde distintas estrategias.<\/p>\n<p>A este premio se unen otros tambi\u00e9n obtenidos este a\u00f1o por el fomento de la movilidad ciclista en la ciudad como el de Buenas Pr\u00e1cticas Locales por el Clima concedido por la Federaci\u00f3n Espa\u00f1ola de Municipios y Provincias (FEMP) en el que se reconocieron actuaciones en los ejes sostenibles en avenidas de Pamplona y los aparcamientos seguros y el premio del Ministerio de Transici\u00f3n Ecol\u00f3gica por el conjunto de \u2018Medidas permanentes desarrolladas entre las Semanas Europeas de la Movilidad 2019 y 2020\u2019.<\/p>\n","protected":false},"excerpt":{"rendered":"<p>Greencities 2021, el Foro de Inteligencia y Sostenibilidad Urbana, ha congregado en M\u00e1laga a entidades y expertos nacionales e internacionales<\/p>\n","protected":false},"author":1,"featured_media":36780,"comment_status":"open","ping_status":"closed","sticky":false,"template":"","format":"standard","meta":{"footnotes":""},"categories":[2],"tags":[],"class_list":["post-36779","post","type-post","status-publish","format-standard","has-post-thumbnail","hentry","category-ayuntamiento-pamplona"],"yoast_head":"<!-- This site is optimized with the Yoast SEO plugin v27.5 - https:\/\/yoast.com\/product\/yoast-seo-wordpress\/ -->\n<title>Pamplona participa en un encuentro de l\u00edderes urbanos por la sostenibilidad y la innovaci\u00f3n en el Foro Greencities \/ Smart Moving<\/title>\n<meta name=\"description\" content=\"Greencities 2021, el Foro de Inteligencia y Sostenibilidad Urbana, ha congregado en M\u00e1laga a entidades y expertos nacionales e internacionales\" \/>\n<meta name=\"robots\" content=\"index, follow, max-snippet:-1, max-image-preview:large, max-video-preview:-1\" \/>\n<link rel=\"canonical\" href=\"https:\/\/www.laguiadepamplona.com\/actualidad\/pamplona-participa-en-un-encuentro-de-lideres-urbanos-por-la-sostenibilidad-y-la-innovacion-en-el-foro-greencities-smart-moving\/\" \/>\n<meta property=\"og:locale\" content=\"es_ES\" \/>\n<meta property=\"og:type\" content=\"article\" \/>\n<meta property=\"og:title\" content=\"Pamplona participa en un encuentro de l\u00edderes urbanos por la sostenibilidad y la innovaci\u00f3n en el Foro Greencities \/ Smart Moving\" \/>\n<meta property=\"og:description\" content=\"Greencities 2021, el Foro de Inteligencia y Sostenibilidad Urbana, ha congregado en M\u00e1laga a entidades y expertos nacionales e internacionales\" \/>\n<meta property=\"og:url\" content=\"https:\/\/www.laguiadepamplona.com\/actualidad\/pamplona-participa-en-un-encuentro-de-lideres-urbanos-por-la-sostenibilidad-y-la-innovacion-en-el-foro-greencities-smart-moving\/\" \/>\n<meta property=\"og:site_name\" content=\"La Gu\u00eda de Pamplona\" \/>\n<meta property=\"article:publisher\" content=\"https:\/\/www.facebook.com\/laguiadepamplonacom-133175176762273\/?ref=hl\" \/>\n<meta property=\"article:published_time\" content=\"2021-10-01T15:35:42+00:00\" \/>\n<meta property=\"article:modified_time\" content=\"2023-04-11T09:48:55+00:00\" \/>\n<meta property=\"og:image\" content=\"https:\/\/www.laguiadepamplona.com\/actualidad\/wp-content\/uploads\/2021\/10\/reunionlideresurbanosgreencitiesys-moving2021_0.jpg\" \/>\n\t<meta property=\"og:image:width\" content=\"1620\" \/>\n\t<meta property=\"og:image:height\" content=\"1080\" \/>\n\t<meta property=\"og:image:type\" content=\"image\/jpeg\" \/>\n<meta name=\"author\" content=\"La Gu\u00eda de Pamplona\" \/>\n<meta name=\"twitter:card\" content=\"summary_large_image\" \/>\n<meta name=\"twitter:creator\" content=\"@LaGuiadPamplona\" \/>\n<meta name=\"twitter:site\" content=\"@LaGuiadPamplona\" \/>\n<meta name=\"twitter:label1\" content=\"Escrito por\" \/>\n\t<meta name=\"twitter:data1\" content=\"La Gu\u00eda de Pamplona\" \/>\n\t<meta name=\"twitter:label2\" content=\"Tiempo de lectura\" \/>\n\t<meta name=\"twitter:data2\" content=\"3 minutos\" \/>\n<script type=\"application\/ld+json\" class=\"yoast-schema-graph\">{\"@context\":\"https:\\\/\\\/schema.org\",\"@graph\":[{\"@type\":\"Article\",\"@id\":\"https:\\\/\\\/www.laguiadepamplona.com\\\/actualidad\\\/pamplona-participa-en-un-encuentro-de-lideres-urbanos-por-la-sostenibilidad-y-la-innovacion-en-el-foro-greencities-smart-moving\\\/#article\",\"isPartOf\":{\"@id\":\"https:\\\/\\\/www.laguiadepamplona.com\\\/actualidad\\\/pamplona-participa-en-un-encuentro-de-lideres-urbanos-por-la-sostenibilidad-y-la-innovacion-en-el-foro-greencities-smart-moving\\\/\"},\"author\":{\"name\":\"La Gu\u00eda de Pamplona\",\"@id\":\"https:\\\/\\\/www.laguiadepamplona.com\\\/actualidad\\\/#\\\/schema\\\/person\\\/efe887376f0213d4657c93adc50b1fdb\"},\"headline\":\"Pamplona participa en un encuentro de l\u00edderes urbanos por la sostenibilidad y la innovaci\u00f3n en el Foro Greencities \\\/ Smart Moving\",\"datePublished\":\"2021-10-01T15:35:42+00:00\",\"dateModified\":\"2023-04-11T09:48:55+00:00\",\"mainEntityOfPage\":{\"@id\":\"https:\\\/\\\/www.laguiadepamplona.com\\\/actualidad\\\/pamplona-participa-en-un-encuentro-de-lideres-urbanos-por-la-sostenibilidad-y-la-innovacion-en-el-foro-greencities-smart-moving\\\/\"},\"wordCount\":694,\"commentCount\":0,\"publisher\":{\"@id\":\"https:\\\/\\\/www.laguiadepamplona.com\\\/actualidad\\\/#organization\"},\"image\":{\"@id\":\"https:\\\/\\\/www.laguiadepamplona.com\\\/actualidad\\\/pamplona-participa-en-un-encuentro-de-lideres-urbanos-por-la-sostenibilidad-y-la-innovacion-en-el-foro-greencities-smart-moving\\\/#primaryimage\"},\"thumbnailUrl\":\"https:\\\/\\\/www.laguiadepamplona.com\\\/actualidad\\\/wp-content\\\/uploads\\\/2021\\\/10\\\/reunionlideresurbanosgreencitiesys-moving2021_0.jpg\",\"articleSection\":[\"Ayto Pamplona\"],\"inLanguage\":\"es\",\"potentialAction\":[{\"@type\":\"CommentAction\",\"name\":\"Comment\",\"target\":[\"https:\\\/\\\/www.laguiadepamplona.com\\\/actualidad\\\/pamplona-participa-en-un-encuentro-de-lideres-urbanos-por-la-sostenibilidad-y-la-innovacion-en-el-foro-greencities-smart-moving\\\/#respond\"]}]},{\"@type\":\"WebPage\",\"@id\":\"https:\\\/\\\/www.laguiadepamplona.com\\\/actualidad\\\/pamplona-participa-en-un-encuentro-de-lideres-urbanos-por-la-sostenibilidad-y-la-innovacion-en-el-foro-greencities-smart-moving\\\/\",\"url\":\"https:\\\/\\\/www.laguiadepamplona.com\\\/actualidad\\\/pamplona-participa-en-un-encuentro-de-lideres-urbanos-por-la-sostenibilidad-y-la-innovacion-en-el-foro-greencities-smart-moving\\\/\",\"name\":\"Pamplona participa en un encuentro de l\u00edderes urbanos por la sostenibilidad y la innovaci\u00f3n en el Foro Greencities \\\/ Smart Moving\",\"isPartOf\":{\"@id\":\"https:\\\/\\\/www.laguiadepamplona.com\\\/actualidad\\\/#website\"},\"primaryImageOfPage\":{\"@id\":\"https:\\\/\\\/www.laguiadepamplona.com\\\/actualidad\\\/pamplona-participa-en-un-encuentro-de-lideres-urbanos-por-la-sostenibilidad-y-la-innovacion-en-el-foro-greencities-smart-moving\\\/#primaryimage\"},\"image\":{\"@id\":\"https:\\\/\\\/www.laguiadepamplona.com\\\/actualidad\\\/pamplona-participa-en-un-encuentro-de-lideres-urbanos-por-la-sostenibilidad-y-la-innovacion-en-el-foro-greencities-smart-moving\\\/#primaryimage\"},\"thumbnailUrl\":\"https:\\\/\\\/www.laguiadepamplona.com\\\/actualidad\\\/wp-content\\\/uploads\\\/2021\\\/10\\\/reunionlideresurbanosgreencitiesys-moving2021_0.jpg\",\"datePublished\":\"2021-10-01T15:35:42+00:00\",\"dateModified\":\"2023-04-11T09:48:55+00:00\",\"description\":\"Greencities 2021, el Foro de Inteligencia y Sostenibilidad Urbana, ha congregado en M\u00e1laga a entidades y expertos nacionales e internacionales\",\"breadcrumb\":{\"@id\":\"https:\\\/\\\/www.laguiadepamplona.com\\\/actualidad\\\/pamplona-participa-en-un-encuentro-de-lideres-urbanos-por-la-sostenibilidad-y-la-innovacion-en-el-foro-greencities-smart-moving\\\/#breadcrumb\"},\"inLanguage\":\"es\",\"potentialAction\":[{\"@type\":\"ReadAction\",\"target\":[\"https:\\\/\\\/www.laguiadepamplona.com\\\/actualidad\\\/pamplona-participa-en-un-encuentro-de-lideres-urbanos-por-la-sostenibilidad-y-la-innovacion-en-el-foro-greencities-smart-moving\\\/\"]}]},{\"@type\":\"ImageObject\",\"inLanguage\":\"es\",\"@id\":\"https:\\\/\\\/www.laguiadepamplona.com\\\/actualidad\\\/pamplona-participa-en-un-encuentro-de-lideres-urbanos-por-la-sostenibilidad-y-la-innovacion-en-el-foro-greencities-smart-moving\\\/#primaryimage\",\"url\":\"https:\\\/\\\/www.laguiadepamplona.com\\\/actualidad\\\/wp-content\\\/uploads\\\/2021\\\/10\\\/reunionlideresurbanosgreencitiesys-moving2021_0.jpg\",\"contentUrl\":\"https:\\\/\\\/www.laguiadepamplona.com\\\/actualidad\\\/wp-content\\\/uploads\\\/2021\\\/10\\\/reunionlideresurbanosgreencitiesys-moving2021_0.jpg\",\"width\":1620,\"height\":1080},{\"@type\":\"BreadcrumbList\",\"@id\":\"https:\\\/\\\/www.laguiadepamplona.com\\\/actualidad\\\/pamplona-participa-en-un-encuentro-de-lideres-urbanos-por-la-sostenibilidad-y-la-innovacion-en-el-foro-greencities-smart-moving\\\/#breadcrumb\",\"itemListElement\":[{\"@type\":\"ListItem\",\"position\":1,\"name\":\"Portada\",\"item\":\"https:\\\/\\\/www.laguiadepamplona.com\\\/actualidad\\\/\"},{\"@type\":\"ListItem\",\"position\":2,\"name\":\"Pamplona participa en un encuentro de l\u00edderes urbanos por la sostenibilidad y la innovaci\u00f3n en el Foro Greencities \\\/ Smart Moving\"}]},{\"@type\":\"WebSite\",\"@id\":\"https:\\\/\\\/www.laguiadepamplona.com\\\/actualidad\\\/#website\",\"url\":\"https:\\\/\\\/www.laguiadepamplona.com\\\/actualidad\\\/\",\"name\":\"La gu\u00eda de Pamplona\",\"description\":\"Noticias de Pamplona\",\"publisher\":{\"@id\":\"https:\\\/\\\/www.laguiadepamplona.com\\\/actualidad\\\/#organization\"},\"potentialAction\":[{\"@type\":\"SearchAction\",\"target\":{\"@type\":\"EntryPoint\",\"urlTemplate\":\"https:\\\/\\\/www.laguiadepamplona.com\\\/actualidad\\\/?s={search_term_string}\"},\"query-input\":{\"@type\":\"PropertyValueSpecification\",\"valueRequired\":true,\"valueName\":\"search_term_string\"}}],\"inLanguage\":\"es\"},{\"@type\":\"Organization\",\"@id\":\"https:\\\/\\\/www.laguiadepamplona.com\\\/actualidad\\\/#organization\",\"name\":\"La Gu\u00eda de Pamplona \\\/ Noticias\",\"url\":\"https:\\\/\\\/www.laguiadepamplona.com\\\/actualidad\\\/\",\"logo\":{\"@type\":\"ImageObject\",\"inLanguage\":\"es\",\"@id\":\"https:\\\/\\\/www.laguiadepamplona.com\\\/actualidad\\\/#\\\/schema\\\/logo\\\/image\\\/\",\"url\":\"https:\\\/\\\/www.laguiadepamplona.com\\\/actualidad\\\/wp-content\\\/uploads\\\/2018\\\/11\\\/logo-laguiadepamplona18-web1.png\",\"contentUrl\":\"https:\\\/\\\/www.laguiadepamplona.com\\\/actualidad\\\/wp-content\\\/uploads\\\/2018\\\/11\\\/logo-laguiadepamplona18-web1.png\",\"width\":600,\"height\":196,\"caption\":\"La Gu\u00eda de Pamplona \\\/ Noticias\"},\"image\":{\"@id\":\"https:\\\/\\\/www.laguiadepamplona.com\\\/actualidad\\\/#\\\/schema\\\/logo\\\/image\\\/\"},\"sameAs\":[\"https:\\\/\\\/www.facebook.com\\\/laguiadepamplonacom-133175176762273\\\/?ref=hl\",\"https:\\\/\\\/x.com\\\/LaGuiadPamplona\",\"https:\\\/\\\/www.instagram.com\\\/la_guia_de_pamplona\\\/\",\"https:\\\/\\\/www.youtube.com\\\/user\\\/laguiadepamplona\"]},{\"@type\":\"Person\",\"@id\":\"https:\\\/\\\/www.laguiadepamplona.com\\\/actualidad\\\/#\\\/schema\\\/person\\\/efe887376f0213d4657c93adc50b1fdb\",\"name\":\"La Gu\u00eda de Pamplona\",\"image\":{\"@type\":\"ImageObject\",\"inLanguage\":\"es\",\"@id\":\"https:\\\/\\\/secure.gravatar.com\\\/avatar\\\/b6992f131dc8d30ab0dff15446e9d346d9dbd95992de0fef795073f5ea83a81c?s=96&d=mm&r=g\",\"url\":\"https:\\\/\\\/secure.gravatar.com\\\/avatar\\\/b6992f131dc8d30ab0dff15446e9d346d9dbd95992de0fef795073f5ea83a81c?s=96&d=mm&r=g\",\"contentUrl\":\"https:\\\/\\\/secure.gravatar.com\\\/avatar\\\/b6992f131dc8d30ab0dff15446e9d346d9dbd95992de0fef795073f5ea83a81c?s=96&d=mm&r=g\",\"caption\":\"La Gu\u00eda de Pamplona\"}}]}<\/script>\n<!-- \/ Yoast SEO plugin. -->","yoast_head_json":{"title":"Pamplona participa en un encuentro de l\u00edderes urbanos por la sostenibilidad y la innovaci\u00f3n en el Foro Greencities \/ Smart Moving","description":"Greencities 2021, el Foro de Inteligencia y Sostenibilidad Urbana, ha congregado en M\u00e1laga a entidades y expertos nacionales e internacionales","robots":{"index":"index","follow":"follow","max-snippet":"max-snippet:-1","max-image-preview":"max-image-preview:large","max-video-preview":"max-video-preview:-1"},"canonical":"https:\/\/www.laguiadepamplona.com\/actualidad\/pamplona-participa-en-un-encuentro-de-lideres-urbanos-por-la-sostenibilidad-y-la-innovacion-en-el-foro-greencities-smart-moving\/","og_locale":"es_ES","og_type":"article","og_title":"Pamplona participa en un encuentro de l\u00edderes urbanos por la sostenibilidad y la innovaci\u00f3n en el Foro Greencities \/ Smart Moving","og_description":"Greencities 2021, el Foro de Inteligencia y Sostenibilidad Urbana, ha congregado en M\u00e1laga a entidades y expertos nacionales e internacionales","og_url":"https:\/\/www.laguiadepamplona.com\/actualidad\/pamplona-participa-en-un-encuentro-de-lideres-urbanos-por-la-sostenibilidad-y-la-innovacion-en-el-foro-greencities-smart-moving\/","og_site_name":"La Gu\u00eda de Pamplona","article_publisher":"https:\/\/www.facebook.com\/laguiadepamplonacom-133175176762273\/?ref=hl","article_published_time":"2021-10-01T15:35:42+00:00","article_modified_time":"2023-04-11T09:48:55+00:00","og_image":[{"width":1620,"height":1080,"url":"https:\/\/www.laguiadepamplona.com\/actualidad\/wp-content\/uploads\/2021\/10\/reunionlideresurbanosgreencitiesys-moving2021_0.jpg","type":"image\/jpeg"}],"author":"La Gu\u00eda de Pamplona","twitter_card":"summary_large_image","twitter_creator":"@LaGuiadPamplona","twitter_site":"@LaGuiadPamplona","twitter_misc":{"Escrito por":"La Gu\u00eda de Pamplona","Tiempo de lectura":"3 minutos"},"schema":{"@context":"https:\/\/schema.org","@graph":[{"@type":"Article","@id":"https:\/\/www.laguiadepamplona.com\/actualidad\/pamplona-participa-en-un-encuentro-de-lideres-urbanos-por-la-sostenibilidad-y-la-innovacion-en-el-foro-greencities-smart-moving\/#article","isPartOf":{"@id":"https:\/\/www.laguiadepamplona.com\/actualidad\/pamplona-participa-en-un-encuentro-de-lideres-urbanos-por-la-sostenibilidad-y-la-innovacion-en-el-foro-greencities-smart-moving\/"},"author":{"name":"La Gu\u00eda de Pamplona","@id":"https:\/\/www.laguiadepamplona.com\/actualidad\/#\/schema\/person\/efe887376f0213d4657c93adc50b1fdb"},"headline":"Pamplona participa en un encuentro de l\u00edderes urbanos por la sostenibilidad y la innovaci\u00f3n en el Foro Greencities \/ Smart Moving","datePublished":"2021-10-01T15:35:42+00:00","dateModified":"2023-04-11T09:48:55+00:00","mainEntityOfPage":{"@id":"https:\/\/www.laguiadepamplona.com\/actualidad\/pamplona-participa-en-un-encuentro-de-lideres-urbanos-por-la-sostenibilidad-y-la-innovacion-en-el-foro-greencities-smart-moving\/"},"wordCount":694,"commentCount":0,"publisher":{"@id":"https:\/\/www.laguiadepamplona.com\/actualidad\/#organization"},"image":{"@id":"https:\/\/www.laguiadepamplona.com\/actualidad\/pamplona-participa-en-un-encuentro-de-lideres-urbanos-por-la-sostenibilidad-y-la-innovacion-en-el-foro-greencities-smart-moving\/#primaryimage"},"thumbnailUrl":"https:\/\/www.laguiadepamplona.com\/actualidad\/wp-content\/uploads\/2021\/10\/reunionlideresurbanosgreencitiesys-moving2021_0.jpg","articleSection":["Ayto Pamplona"],"inLanguage":"es","potentialAction":[{"@type":"CommentAction","name":"Comment","target":["https:\/\/www.laguiadepamplona.com\/actualidad\/pamplona-participa-en-un-encuentro-de-lideres-urbanos-por-la-sostenibilidad-y-la-innovacion-en-el-foro-greencities-smart-moving\/#respond"]}]},{"@type":"WebPage","@id":"https:\/\/www.laguiadepamplona.com\/actualidad\/pamplona-participa-en-un-encuentro-de-lideres-urbanos-por-la-sostenibilidad-y-la-innovacion-en-el-foro-greencities-smart-moving\/","url":"https:\/\/www.laguiadepamplona.com\/actualidad\/pamplona-participa-en-un-encuentro-de-lideres-urbanos-por-la-sostenibilidad-y-la-innovacion-en-el-foro-greencities-smart-moving\/","name":"Pamplona participa en un encuentro de l\u00edderes urbanos por la sostenibilidad y la innovaci\u00f3n en el Foro Greencities \/ Smart Moving","isPartOf":{"@id":"https:\/\/www.laguiadepamplona.com\/actualidad\/#website"},"primaryImageOfPage":{"@id":"https:\/\/www.laguiadepamplona.com\/actualidad\/pamplona-participa-en-un-encuentro-de-lideres-urbanos-por-la-sostenibilidad-y-la-innovacion-en-el-foro-greencities-smart-moving\/#primaryimage"},"image":{"@id":"https:\/\/www.laguiadepamplona.com\/actualidad\/pamplona-participa-en-un-encuentro-de-lideres-urbanos-por-la-sostenibilidad-y-la-innovacion-en-el-foro-greencities-smart-moving\/#primaryimage"},"thumbnailUrl":"https:\/\/www.laguiadepamplona.com\/actualidad\/wp-content\/uploads\/2021\/10\/reunionlideresurbanosgreencitiesys-moving2021_0.jpg","datePublished":"2021-10-01T15:35:42+00:00","dateModified":"2023-04-11T09:48:55+00:00","description":"Greencities 2021, el Foro de Inteligencia y Sostenibilidad Urbana, ha congregado en M\u00e1laga a entidades y expertos nacionales e internacionales","breadcrumb":{"@id":"https:\/\/www.laguiadepamplona.com\/actualidad\/pamplona-participa-en-un-encuentro-de-lideres-urbanos-por-la-sostenibilidad-y-la-innovacion-en-el-foro-greencities-smart-moving\/#breadcrumb"},"inLanguage":"es","potentialAction":[{"@type":"ReadAction","target":["https:\/\/www.laguiadepamplona.com\/actualidad\/pamplona-participa-en-un-encuentro-de-lideres-urbanos-por-la-sostenibilidad-y-la-innovacion-en-el-foro-greencities-smart-moving\/"]}]},{"@type":"ImageObject","inLanguage":"es","@id":"https:\/\/www.laguiadepamplona.com\/actualidad\/pamplona-participa-en-un-encuentro-de-lideres-urbanos-por-la-sostenibilidad-y-la-innovacion-en-el-foro-greencities-smart-moving\/#primaryimage","url":"https:\/\/www.laguiadepamplona.com\/actualidad\/wp-content\/uploads\/2021\/10\/reunionlideresurbanosgreencitiesys-moving2021_0.jpg","contentUrl":"https:\/\/www.laguiadepamplona.com\/actualidad\/wp-content\/uploads\/2021\/10\/reunionlideresurbanosgreencitiesys-moving2021_0.jpg","width":1620,"height":1080},{"@type":"BreadcrumbList","@id":"https:\/\/www.laguiadepamplona.com\/actualidad\/pamplona-participa-en-un-encuentro-de-lideres-urbanos-por-la-sostenibilidad-y-la-innovacion-en-el-foro-greencities-smart-moving\/#breadcrumb","itemListElement":[{"@type":"ListItem","position":1,"name":"Portada","item":"https:\/\/www.laguiadepamplona.com\/actualidad\/"},{"@type":"ListItem","position":2,"name":"Pamplona participa en un encuentro de l\u00edderes urbanos por la sostenibilidad y la innovaci\u00f3n en el Foro Greencities \/ Smart Moving"}]},{"@type":"WebSite","@id":"https:\/\/www.laguiadepamplona.com\/actualidad\/#website","url":"https:\/\/www.laguiadepamplona.com\/actualidad\/","name":"La gu\u00eda de Pamplona","description":"Noticias de Pamplona","publisher":{"@id":"https:\/\/www.laguiadepamplona.com\/actualidad\/#organization"},"potentialAction":[{"@type":"SearchAction","target":{"@type":"EntryPoint","urlTemplate":"https:\/\/www.laguiadepamplona.com\/actualidad\/?s={search_term_string}"},"query-input":{"@type":"PropertyValueSpecification","valueRequired":true,"valueName":"search_term_string"}}],"inLanguage":"es"},{"@type":"Organization","@id":"https:\/\/www.laguiadepamplona.com\/actualidad\/#organization","name":"La Gu\u00eda de Pamplona \/ Noticias","url":"https:\/\/www.laguiadepamplona.com\/actualidad\/","logo":{"@type":"ImageObject","inLanguage":"es","@id":"https:\/\/www.laguiadepamplona.com\/actualidad\/#\/schema\/logo\/image\/","url":"https:\/\/www.laguiadepamplona.com\/actualidad\/wp-content\/uploads\/2018\/11\/logo-laguiadepamplona18-web1.png","contentUrl":"https:\/\/www.laguiadepamplona.com\/actualidad\/wp-content\/uploads\/2018\/11\/logo-laguiadepamplona18-web1.png","width":600,"height":196,"caption":"La Gu\u00eda de Pamplona \/ Noticias"},"image":{"@id":"https:\/\/www.laguiadepamplona.com\/actualidad\/#\/schema\/logo\/image\/"},"sameAs":["https:\/\/www.facebook.com\/laguiadepamplonacom-133175176762273\/?ref=hl","https:\/\/x.com\/LaGuiadPamplona","https:\/\/www.instagram.com\/la_guia_de_pamplona\/","https:\/\/www.youtube.com\/user\/laguiadepamplona"]},{"@type":"Person","@id":"https:\/\/www.laguiadepamplona.com\/actualidad\/#\/schema\/person\/efe887376f0213d4657c93adc50b1fdb","name":"La Gu\u00eda de Pamplona","image":{"@type":"ImageObject","inLanguage":"es","@id":"https:\/\/secure.gravatar.com\/avatar\/b6992f131dc8d30ab0dff15446e9d346d9dbd95992de0fef795073f5ea83a81c?s=96&d=mm&r=g","url":"https:\/\/secure.gravatar.com\/avatar\/b6992f131dc8d30ab0dff15446e9d346d9dbd95992de0fef795073f5ea83a81c?s=96&d=mm&r=g","contentUrl":"https:\/\/secure.gravatar.com\/avatar\/b6992f131dc8d30ab0dff15446e9d346d9dbd95992de0fef795073f5ea83a81c?s=96&d=mm&r=g","caption":"La Gu\u00eda de Pamplona"}}]}},"post_mailing_queue_ids":[],"_links":{"self":[{"href":"https:\/\/www.laguiadepamplona.com\/actualidad\/wp-json\/wp\/v2\/posts\/36779","targetHints":{"allow":["GET"]}}],"collection":[{"href":"https:\/\/www.laguiadepamplona.com\/actualidad\/wp-json\/wp\/v2\/posts"}],"about":[{"href":"https:\/\/www.laguiadepamplona.com\/actualidad\/wp-json\/wp\/v2\/types\/post"}],"author":[{"embeddable":true,"href":"https:\/\/www.laguiadepamplona.com\/actualidad\/wp-json\/wp\/v2\/users\/1"}],"replies":[{"embeddable":true,"href":"https:\/\/www.laguiadepamplona.com\/actualidad\/wp-json\/wp\/v2\/comments?post=36779"}],"version-history":[{"count":0,"href":"https:\/\/www.laguiadepamplona.com\/actualidad\/wp-json\/wp\/v2\/posts\/36779\/revisions"}],"wp:featuredmedia":[{"embeddable":true,"href":"https:\/\/www.laguiadepamplona.com\/actualidad\/wp-json\/wp\/v2\/media\/36780"}],"wp:attachment":[{"href":"https:\/\/www.laguiadepamplona.com\/actualidad\/wp-json\/wp\/v2\/media?parent=36779"}],"wp:term":[{"taxonomy":"category","embeddable":true,"href":"https:\/\/www.laguiadepamplona.com\/actualidad\/wp-json\/wp\/v2\/categories?post=36779"},{"taxonomy":"post_tag","embeddable":true,"href":"https:\/\/www.laguiadepamplona.com\/actualidad\/wp-json\/wp\/v2\/tags?post=36779"}],"curies":[{"name":"wp","href":"https:\/\/api.w.org\/{rel}","templated":true}]}}