{"id":36776,"date":"2021-10-01T17:34:14","date_gmt":"2021-10-01T15:34:14","guid":{"rendered":"https:\/\/www.laguiadepamplona.com\/actualidad\/?p=36776"},"modified":"2023-04-11T11:48:55","modified_gmt":"2023-04-11T09:48:55","slug":"los-garajes-de-policia-municipal-y-del-parque-movil-del-ayuntamiento-en-la-calle-cuesta-de-la-reina-estrenan-nuevas-puertas-de-seguridad","status":"publish","type":"post","link":"https:\/\/www.laguiadepamplona.com\/actualidad\/los-garajes-de-policia-municipal-y-del-parque-movil-del-ayuntamiento-en-la-calle-cuesta-de-la-reina-estrenan-nuevas-puertas-de-seguridad\/","title":{"rendered":"Los garajes de Polic\u00eda Municipal y del parque m\u00f3vil del Ayuntamiento en la calle Cuesta de la Reina estrenan nuevas puertas de seguridad"},"content":{"rendered":"<h5>Se trata de tres puertas de aluminio extrusionado y enrollables, colocadas a nivel de fachada, que han supuesto un coste de 50.000 euros<\/h5>\n<p><!--more--><\/p>\n<p>El Ayuntamiento de Pamplona ha instalado tres nuevas puertas de seguridad en los accesos a los garajes de la Polic\u00eda Municipal y del parque m\u00f3vil ubicados en la calle Cuesta de la Reina, en uno de los laterales de la sede del \u00e1rea de Seguridad Ciudadana. Los 50.000 euros de inversi\u00f3n se han ejecutado despu\u00e9s de un an\u00e1lisis de la seguridad de la sede de la Polic\u00eda Municipal de Pamplona, llevado a cabo tras los incidentes y asaltos a comisar\u00edas registrados este en Catalu\u00f1a. Ese an\u00e1lisis determin\u00f3 que el punto m\u00e1s vulnerable eran los garajes.<\/p>\n<p><script async src=\"\/\/pagead2.googlesyndication.com\/pagead\/js\/adsbygoogle.js\"><\/script><br \/>\n<!-- Noticias La Guia de Pamplona --><br \/>\n<ins class=\"adsbygoogle\"\nstyle=\"display:block\"\ndata-ad-client=\"ca-pub-6943679897239327\"\ndata-ad-slot=\"7048180777\"\ndata-ad-format=\"auto\"><\/ins><br \/>\n<script>\n(adsbygoogle = window.adsbygoogle || []).push({});\n<\/script><\/p>\n<p>Las nuevas puertas son de aluminio extrusionado y enrollables. Est\u00e1n formadas por dos caras de aluminio con relleno de policarbonato de 1 cent\u00edmetro de espesor, una combinaci\u00f3n que permite aunar visibilidad y seguridad mediante el uso de lamas de alta resistencia,\u00a0que confieren al conjunto una mayor resistencia a los impactos y a los esfuerzos de tracci\u00f3n.\u00a0Las tres\u00a0puertas incorporan bombines de seguridad, adem\u00e1s de un sistema de detecci\u00f3n de impactos durante la manipulaci\u00f3n. Asimismo, cumplen con la normativa en materia de seguridad en puertas UNE EN 13.241-1:2004.<\/p>\n<p>Las puertas se han colocado a nivel de fachada, no en la parte interior como estaban las originales. Con esta nueva disposici\u00f3n se evita el acceso al\u00a0espacio interior que exist\u00eda entre la fachada y las puertas retranqueadas. La instalaci\u00f3n ha corrido a cargo de la empresa Irumatic. La colocaci\u00f3n a base de m\u00f3dulos \u2018dekora\u2019 de una de esas tres puertas, en concreto la del parque m\u00f3vil, ha sido, por el momento, el mayor trabajo que ha acometido este fabricante hasta la fecha. Se trata de una puerta con 358 m\u00f3dulos de 25&#215;25 cent\u00edmetros.<\/p>\n","protected":false},"excerpt":{"rendered":"<p>Se trata de tres puertas de aluminio extrusionado y enrollables, colocadas a nivel de fachada, que han supuesto un coste de 50.000 euros<\/p>\n","protected":false},"author":1,"featured_media":36777,"comment_status":"open","ping_status":"closed","sticky":false,"template":"","format":"standard","meta":{"footnotes":""},"categories":[2],"tags":[],"class_list":["post-36776","post","type-post","status-publish","format-standard","has-post-thumbnail","hentry","category-ayuntamiento-pamplona"],"yoast_head":"<!-- This site is optimized with the Yoast SEO plugin v27.5 - https:\/\/yoast.com\/product\/yoast-seo-wordpress\/ -->\n<title>Los garajes de Polic\u00eda Municipal y del parque m\u00f3vil del Ayuntamiento en la calle Cuesta de la Reina estrenan nuevas puertas de seguridad<\/title>\n<meta name=\"description\" content=\"Se trata de tres puertas de aluminio extrusionado y enrollables, colocadas a nivel de fachada, que han supuesto un coste de 50.000 euros\" \/>\n<meta name=\"robots\" content=\"index, follow, max-snippet:-1, max-image-preview:large, max-video-preview:-1\" \/>\n<link rel=\"canonical\" href=\"https:\/\/www.laguiadepamplona.com\/actualidad\/los-garajes-de-policia-municipal-y-del-parque-movil-del-ayuntamiento-en-la-calle-cuesta-de-la-reina-estrenan-nuevas-puertas-de-seguridad\/\" \/>\n<meta property=\"og:locale\" content=\"es_ES\" \/>\n<meta property=\"og:type\" content=\"article\" \/>\n<meta property=\"og:title\" content=\"Los garajes de Polic\u00eda Municipal y del parque m\u00f3vil del Ayuntamiento en la calle Cuesta de la Reina estrenan nuevas puertas de seguridad\" \/>\n<meta property=\"og:description\" content=\"Se trata de tres puertas de aluminio extrusionado y enrollables, colocadas a nivel de fachada, que han supuesto un coste de 50.000 euros\" \/>\n<meta property=\"og:url\" content=\"https:\/\/www.laguiadepamplona.com\/actualidad\/los-garajes-de-policia-municipal-y-del-parque-movil-del-ayuntamiento-en-la-calle-cuesta-de-la-reina-estrenan-nuevas-puertas-de-seguridad\/\" \/>\n<meta property=\"og:site_name\" content=\"La Gu\u00eda de Pamplona\" \/>\n<meta property=\"article:publisher\" content=\"https:\/\/www.facebook.com\/laguiadepamplonacom-133175176762273\/?ref=hl\" \/>\n<meta property=\"article:published_time\" content=\"2021-10-01T15:34:14+00:00\" \/>\n<meta property=\"article:modified_time\" content=\"2023-04-11T09:48:55+00:00\" \/>\n<meta property=\"og:image\" content=\"https:\/\/www.laguiadepamplona.com\/actualidad\/wp-content\/uploads\/2021\/10\/puertaspmunicipaljmg8178.jpg\" \/>\n\t<meta property=\"og:image:width\" content=\"1920\" \/>\n\t<meta property=\"og:image:height\" content=\"1280\" \/>\n\t<meta property=\"og:image:type\" content=\"image\/jpeg\" \/>\n<meta name=\"author\" content=\"La Gu\u00eda de Pamplona\" \/>\n<meta name=\"twitter:card\" content=\"summary_large_image\" \/>\n<meta name=\"twitter:creator\" content=\"@LaGuiadPamplona\" \/>\n<meta name=\"twitter:site\" content=\"@LaGuiadPamplona\" \/>\n<meta name=\"twitter:label1\" content=\"Escrito por\" \/>\n\t<meta name=\"twitter:data1\" content=\"La Gu\u00eda de Pamplona\" \/>\n\t<meta name=\"twitter:label2\" content=\"Tiempo de lectura\" \/>\n\t<meta name=\"twitter:data2\" content=\"2 minutos\" \/>\n<script type=\"application\/ld+json\" class=\"yoast-schema-graph\">{\"@context\":\"https:\\\/\\\/schema.org\",\"@graph\":[{\"@type\":\"Article\",\"@id\":\"https:\\\/\\\/www.laguiadepamplona.com\\\/actualidad\\\/los-garajes-de-policia-municipal-y-del-parque-movil-del-ayuntamiento-en-la-calle-cuesta-de-la-reina-estrenan-nuevas-puertas-de-seguridad\\\/#article\",\"isPartOf\":{\"@id\":\"https:\\\/\\\/www.laguiadepamplona.com\\\/actualidad\\\/los-garajes-de-policia-municipal-y-del-parque-movil-del-ayuntamiento-en-la-calle-cuesta-de-la-reina-estrenan-nuevas-puertas-de-seguridad\\\/\"},\"author\":{\"name\":\"La Gu\u00eda de Pamplona\",\"@id\":\"https:\\\/\\\/www.laguiadepamplona.com\\\/actualidad\\\/#\\\/schema\\\/person\\\/efe887376f0213d4657c93adc50b1fdb\"},\"headline\":\"Los garajes de Polic\u00eda Municipal y del parque m\u00f3vil del Ayuntamiento en la calle Cuesta de la Reina estrenan nuevas puertas de seguridad\",\"datePublished\":\"2021-10-01T15:34:14+00:00\",\"dateModified\":\"2023-04-11T09:48:55+00:00\",\"mainEntityOfPage\":{\"@id\":\"https:\\\/\\\/www.laguiadepamplona.com\\\/actualidad\\\/los-garajes-de-policia-municipal-y-del-parque-movil-del-ayuntamiento-en-la-calle-cuesta-de-la-reina-estrenan-nuevas-puertas-de-seguridad\\\/\"},\"wordCount\":347,\"commentCount\":0,\"publisher\":{\"@id\":\"https:\\\/\\\/www.laguiadepamplona.com\\\/actualidad\\\/#organization\"},\"image\":{\"@id\":\"https:\\\/\\\/www.laguiadepamplona.com\\\/actualidad\\\/los-garajes-de-policia-municipal-y-del-parque-movil-del-ayuntamiento-en-la-calle-cuesta-de-la-reina-estrenan-nuevas-puertas-de-seguridad\\\/#primaryimage\"},\"thumbnailUrl\":\"https:\\\/\\\/www.laguiadepamplona.com\\\/actualidad\\\/wp-content\\\/uploads\\\/2021\\\/10\\\/puertaspmunicipaljmg8178.jpg\",\"articleSection\":[\"Ayto Pamplona\"],\"inLanguage\":\"es\",\"potentialAction\":[{\"@type\":\"CommentAction\",\"name\":\"Comment\",\"target\":[\"https:\\\/\\\/www.laguiadepamplona.com\\\/actualidad\\\/los-garajes-de-policia-municipal-y-del-parque-movil-del-ayuntamiento-en-la-calle-cuesta-de-la-reina-estrenan-nuevas-puertas-de-seguridad\\\/#respond\"]}]},{\"@type\":\"WebPage\",\"@id\":\"https:\\\/\\\/www.laguiadepamplona.com\\\/actualidad\\\/los-garajes-de-policia-municipal-y-del-parque-movil-del-ayuntamiento-en-la-calle-cuesta-de-la-reina-estrenan-nuevas-puertas-de-seguridad\\\/\",\"url\":\"https:\\\/\\\/www.laguiadepamplona.com\\\/actualidad\\\/los-garajes-de-policia-municipal-y-del-parque-movil-del-ayuntamiento-en-la-calle-cuesta-de-la-reina-estrenan-nuevas-puertas-de-seguridad\\\/\",\"name\":\"Los garajes de Polic\u00eda Municipal y del parque m\u00f3vil del Ayuntamiento en la calle Cuesta de la Reina estrenan nuevas puertas de seguridad\",\"isPartOf\":{\"@id\":\"https:\\\/\\\/www.laguiadepamplona.com\\\/actualidad\\\/#website\"},\"primaryImageOfPage\":{\"@id\":\"https:\\\/\\\/www.laguiadepamplona.com\\\/actualidad\\\/los-garajes-de-policia-municipal-y-del-parque-movil-del-ayuntamiento-en-la-calle-cuesta-de-la-reina-estrenan-nuevas-puertas-de-seguridad\\\/#primaryimage\"},\"image\":{\"@id\":\"https:\\\/\\\/www.laguiadepamplona.com\\\/actualidad\\\/los-garajes-de-policia-municipal-y-del-parque-movil-del-ayuntamiento-en-la-calle-cuesta-de-la-reina-estrenan-nuevas-puertas-de-seguridad\\\/#primaryimage\"},\"thumbnailUrl\":\"https:\\\/\\\/www.laguiadepamplona.com\\\/actualidad\\\/wp-content\\\/uploads\\\/2021\\\/10\\\/puertaspmunicipaljmg8178.jpg\",\"datePublished\":\"2021-10-01T15:34:14+00:00\",\"dateModified\":\"2023-04-11T09:48:55+00:00\",\"description\":\"Se trata de tres puertas de aluminio extrusionado y enrollables, colocadas a nivel de fachada, que han supuesto un coste de 50.000 euros\",\"breadcrumb\":{\"@id\":\"https:\\\/\\\/www.laguiadepamplona.com\\\/actualidad\\\/los-garajes-de-policia-municipal-y-del-parque-movil-del-ayuntamiento-en-la-calle-cuesta-de-la-reina-estrenan-nuevas-puertas-de-seguridad\\\/#breadcrumb\"},\"inLanguage\":\"es\",\"potentialAction\":[{\"@type\":\"ReadAction\",\"target\":[\"https:\\\/\\\/www.laguiadepamplona.com\\\/actualidad\\\/los-garajes-de-policia-municipal-y-del-parque-movil-del-ayuntamiento-en-la-calle-cuesta-de-la-reina-estrenan-nuevas-puertas-de-seguridad\\\/\"]}]},{\"@type\":\"ImageObject\",\"inLanguage\":\"es\",\"@id\":\"https:\\\/\\\/www.laguiadepamplona.com\\\/actualidad\\\/los-garajes-de-policia-municipal-y-del-parque-movil-del-ayuntamiento-en-la-calle-cuesta-de-la-reina-estrenan-nuevas-puertas-de-seguridad\\\/#primaryimage\",\"url\":\"https:\\\/\\\/www.laguiadepamplona.com\\\/actualidad\\\/wp-content\\\/uploads\\\/2021\\\/10\\\/puertaspmunicipaljmg8178.jpg\",\"contentUrl\":\"https:\\\/\\\/www.laguiadepamplona.com\\\/actualidad\\\/wp-content\\\/uploads\\\/2021\\\/10\\\/puertaspmunicipaljmg8178.jpg\",\"width\":1920,\"height\":1280,\"caption\":\"A* Jes\u00fas Garzaron F* 2021_10_01 T* Nuevas puertas en los garajes de Polic\u00eda Municipal L* Sede Polic\u00eda Municipal\"},{\"@type\":\"BreadcrumbList\",\"@id\":\"https:\\\/\\\/www.laguiadepamplona.com\\\/actualidad\\\/los-garajes-de-policia-municipal-y-del-parque-movil-del-ayuntamiento-en-la-calle-cuesta-de-la-reina-estrenan-nuevas-puertas-de-seguridad\\\/#breadcrumb\",\"itemListElement\":[{\"@type\":\"ListItem\",\"position\":1,\"name\":\"Portada\",\"item\":\"https:\\\/\\\/www.laguiadepamplona.com\\\/actualidad\\\/\"},{\"@type\":\"ListItem\",\"position\":2,\"name\":\"Los garajes de Polic\u00eda Municipal y del parque m\u00f3vil del Ayuntamiento en la calle Cuesta de la Reina estrenan nuevas puertas de seguridad\"}]},{\"@type\":\"WebSite\",\"@id\":\"https:\\\/\\\/www.laguiadepamplona.com\\\/actualidad\\\/#website\",\"url\":\"https:\\\/\\\/www.laguiadepamplona.com\\\/actualidad\\\/\",\"name\":\"La gu\u00eda de Pamplona\",\"description\":\"Noticias de Pamplona\",\"publisher\":{\"@id\":\"https:\\\/\\\/www.laguiadepamplona.com\\\/actualidad\\\/#organization\"},\"potentialAction\":[{\"@type\":\"SearchAction\",\"target\":{\"@type\":\"EntryPoint\",\"urlTemplate\":\"https:\\\/\\\/www.laguiadepamplona.com\\\/actualidad\\\/?s={search_term_string}\"},\"query-input\":{\"@type\":\"PropertyValueSpecification\",\"valueRequired\":true,\"valueName\":\"search_term_string\"}}],\"inLanguage\":\"es\"},{\"@type\":\"Organization\",\"@id\":\"https:\\\/\\\/www.laguiadepamplona.com\\\/actualidad\\\/#organization\",\"name\":\"La Gu\u00eda de Pamplona \\\/ Noticias\",\"url\":\"https:\\\/\\\/www.laguiadepamplona.com\\\/actualidad\\\/\",\"logo\":{\"@type\":\"ImageObject\",\"inLanguage\":\"es\",\"@id\":\"https:\\\/\\\/www.laguiadepamplona.com\\\/actualidad\\\/#\\\/schema\\\/logo\\\/image\\\/\",\"url\":\"https:\\\/\\\/www.laguiadepamplona.com\\\/actualidad\\\/wp-content\\\/uploads\\\/2018\\\/11\\\/logo-laguiadepamplona18-web1.png\",\"contentUrl\":\"https:\\\/\\\/www.laguiadepamplona.com\\\/actualidad\\\/wp-content\\\/uploads\\\/2018\\\/11\\\/logo-laguiadepamplona18-web1.png\",\"width\":600,\"height\":196,\"caption\":\"La Gu\u00eda de Pamplona \\\/ Noticias\"},\"image\":{\"@id\":\"https:\\\/\\\/www.laguiadepamplona.com\\\/actualidad\\\/#\\\/schema\\\/logo\\\/image\\\/\"},\"sameAs\":[\"https:\\\/\\\/www.facebook.com\\\/laguiadepamplonacom-133175176762273\\\/?ref=hl\",\"https:\\\/\\\/x.com\\\/LaGuiadPamplona\",\"https:\\\/\\\/www.instagram.com\\\/la_guia_de_pamplona\\\/\",\"https:\\\/\\\/www.youtube.com\\\/user\\\/laguiadepamplona\"]},{\"@type\":\"Person\",\"@id\":\"https:\\\/\\\/www.laguiadepamplona.com\\\/actualidad\\\/#\\\/schema\\\/person\\\/efe887376f0213d4657c93adc50b1fdb\",\"name\":\"La Gu\u00eda de Pamplona\",\"image\":{\"@type\":\"ImageObject\",\"inLanguage\":\"es\",\"@id\":\"https:\\\/\\\/secure.gravatar.com\\\/avatar\\\/b6992f131dc8d30ab0dff15446e9d346d9dbd95992de0fef795073f5ea83a81c?s=96&d=mm&r=g\",\"url\":\"https:\\\/\\\/secure.gravatar.com\\\/avatar\\\/b6992f131dc8d30ab0dff15446e9d346d9dbd95992de0fef795073f5ea83a81c?s=96&d=mm&r=g\",\"contentUrl\":\"https:\\\/\\\/secure.gravatar.com\\\/avatar\\\/b6992f131dc8d30ab0dff15446e9d346d9dbd95992de0fef795073f5ea83a81c?s=96&d=mm&r=g\",\"caption\":\"La Gu\u00eda de Pamplona\"}}]}<\/script>\n<!-- \/ Yoast SEO plugin. -->","yoast_head_json":{"title":"Los garajes de Polic\u00eda Municipal y del parque m\u00f3vil del Ayuntamiento en la calle Cuesta de la Reina estrenan nuevas puertas de seguridad","description":"Se trata de tres puertas de aluminio extrusionado y enrollables, colocadas a nivel de fachada, que han supuesto un coste de 50.000 euros","robots":{"index":"index","follow":"follow","max-snippet":"max-snippet:-1","max-image-preview":"max-image-preview:large","max-video-preview":"max-video-preview:-1"},"canonical":"https:\/\/www.laguiadepamplona.com\/actualidad\/los-garajes-de-policia-municipal-y-del-parque-movil-del-ayuntamiento-en-la-calle-cuesta-de-la-reina-estrenan-nuevas-puertas-de-seguridad\/","og_locale":"es_ES","og_type":"article","og_title":"Los garajes de Polic\u00eda Municipal y del parque m\u00f3vil del Ayuntamiento en la calle Cuesta de la Reina estrenan nuevas puertas de seguridad","og_description":"Se trata de tres puertas de aluminio extrusionado y enrollables, colocadas a nivel de fachada, que han supuesto un coste de 50.000 euros","og_url":"https:\/\/www.laguiadepamplona.com\/actualidad\/los-garajes-de-policia-municipal-y-del-parque-movil-del-ayuntamiento-en-la-calle-cuesta-de-la-reina-estrenan-nuevas-puertas-de-seguridad\/","og_site_name":"La Gu\u00eda de Pamplona","article_publisher":"https:\/\/www.facebook.com\/laguiadepamplonacom-133175176762273\/?ref=hl","article_published_time":"2021-10-01T15:34:14+00:00","article_modified_time":"2023-04-11T09:48:55+00:00","og_image":[{"width":1920,"height":1280,"url":"https:\/\/www.laguiadepamplona.com\/actualidad\/wp-content\/uploads\/2021\/10\/puertaspmunicipaljmg8178.jpg","type":"image\/jpeg"}],"author":"La Gu\u00eda de Pamplona","twitter_card":"summary_large_image","twitter_creator":"@LaGuiadPamplona","twitter_site":"@LaGuiadPamplona","twitter_misc":{"Escrito por":"La Gu\u00eda de Pamplona","Tiempo de lectura":"2 minutos"},"schema":{"@context":"https:\/\/schema.org","@graph":[{"@type":"Article","@id":"https:\/\/www.laguiadepamplona.com\/actualidad\/los-garajes-de-policia-municipal-y-del-parque-movil-del-ayuntamiento-en-la-calle-cuesta-de-la-reina-estrenan-nuevas-puertas-de-seguridad\/#article","isPartOf":{"@id":"https:\/\/www.laguiadepamplona.com\/actualidad\/los-garajes-de-policia-municipal-y-del-parque-movil-del-ayuntamiento-en-la-calle-cuesta-de-la-reina-estrenan-nuevas-puertas-de-seguridad\/"},"author":{"name":"La Gu\u00eda de Pamplona","@id":"https:\/\/www.laguiadepamplona.com\/actualidad\/#\/schema\/person\/efe887376f0213d4657c93adc50b1fdb"},"headline":"Los garajes de Polic\u00eda Municipal y del parque m\u00f3vil del Ayuntamiento en la calle Cuesta de la Reina estrenan nuevas puertas de seguridad","datePublished":"2021-10-01T15:34:14+00:00","dateModified":"2023-04-11T09:48:55+00:00","mainEntityOfPage":{"@id":"https:\/\/www.laguiadepamplona.com\/actualidad\/los-garajes-de-policia-municipal-y-del-parque-movil-del-ayuntamiento-en-la-calle-cuesta-de-la-reina-estrenan-nuevas-puertas-de-seguridad\/"},"wordCount":347,"commentCount":0,"publisher":{"@id":"https:\/\/www.laguiadepamplona.com\/actualidad\/#organization"},"image":{"@id":"https:\/\/www.laguiadepamplona.com\/actualidad\/los-garajes-de-policia-municipal-y-del-parque-movil-del-ayuntamiento-en-la-calle-cuesta-de-la-reina-estrenan-nuevas-puertas-de-seguridad\/#primaryimage"},"thumbnailUrl":"https:\/\/www.laguiadepamplona.com\/actualidad\/wp-content\/uploads\/2021\/10\/puertaspmunicipaljmg8178.jpg","articleSection":["Ayto Pamplona"],"inLanguage":"es","potentialAction":[{"@type":"CommentAction","name":"Comment","target":["https:\/\/www.laguiadepamplona.com\/actualidad\/los-garajes-de-policia-municipal-y-del-parque-movil-del-ayuntamiento-en-la-calle-cuesta-de-la-reina-estrenan-nuevas-puertas-de-seguridad\/#respond"]}]},{"@type":"WebPage","@id":"https:\/\/www.laguiadepamplona.com\/actualidad\/los-garajes-de-policia-municipal-y-del-parque-movil-del-ayuntamiento-en-la-calle-cuesta-de-la-reina-estrenan-nuevas-puertas-de-seguridad\/","url":"https:\/\/www.laguiadepamplona.com\/actualidad\/los-garajes-de-policia-municipal-y-del-parque-movil-del-ayuntamiento-en-la-calle-cuesta-de-la-reina-estrenan-nuevas-puertas-de-seguridad\/","name":"Los garajes de Polic\u00eda Municipal y del parque m\u00f3vil del Ayuntamiento en la calle Cuesta de la Reina estrenan nuevas puertas de seguridad","isPartOf":{"@id":"https:\/\/www.laguiadepamplona.com\/actualidad\/#website"},"primaryImageOfPage":{"@id":"https:\/\/www.laguiadepamplona.com\/actualidad\/los-garajes-de-policia-municipal-y-del-parque-movil-del-ayuntamiento-en-la-calle-cuesta-de-la-reina-estrenan-nuevas-puertas-de-seguridad\/#primaryimage"},"image":{"@id":"https:\/\/www.laguiadepamplona.com\/actualidad\/los-garajes-de-policia-municipal-y-del-parque-movil-del-ayuntamiento-en-la-calle-cuesta-de-la-reina-estrenan-nuevas-puertas-de-seguridad\/#primaryimage"},"thumbnailUrl":"https:\/\/www.laguiadepamplona.com\/actualidad\/wp-content\/uploads\/2021\/10\/puertaspmunicipaljmg8178.jpg","datePublished":"2021-10-01T15:34:14+00:00","dateModified":"2023-04-11T09:48:55+00:00","description":"Se trata de tres puertas de aluminio extrusionado y enrollables, colocadas a nivel de fachada, que han supuesto un coste de 50.000 euros","breadcrumb":{"@id":"https:\/\/www.laguiadepamplona.com\/actualidad\/los-garajes-de-policia-municipal-y-del-parque-movil-del-ayuntamiento-en-la-calle-cuesta-de-la-reina-estrenan-nuevas-puertas-de-seguridad\/#breadcrumb"},"inLanguage":"es","potentialAction":[{"@type":"ReadAction","target":["https:\/\/www.laguiadepamplona.com\/actualidad\/los-garajes-de-policia-municipal-y-del-parque-movil-del-ayuntamiento-en-la-calle-cuesta-de-la-reina-estrenan-nuevas-puertas-de-seguridad\/"]}]},{"@type":"ImageObject","inLanguage":"es","@id":"https:\/\/www.laguiadepamplona.com\/actualidad\/los-garajes-de-policia-municipal-y-del-parque-movil-del-ayuntamiento-en-la-calle-cuesta-de-la-reina-estrenan-nuevas-puertas-de-seguridad\/#primaryimage","url":"https:\/\/www.laguiadepamplona.com\/actualidad\/wp-content\/uploads\/2021\/10\/puertaspmunicipaljmg8178.jpg","contentUrl":"https:\/\/www.laguiadepamplona.com\/actualidad\/wp-content\/uploads\/2021\/10\/puertaspmunicipaljmg8178.jpg","width":1920,"height":1280,"caption":"A* Jes\u00fas Garzaron F* 2021_10_01 T* Nuevas puertas en los garajes de Polic\u00eda Municipal L* Sede Polic\u00eda Municipal"},{"@type":"BreadcrumbList","@id":"https:\/\/www.laguiadepamplona.com\/actualidad\/los-garajes-de-policia-municipal-y-del-parque-movil-del-ayuntamiento-en-la-calle-cuesta-de-la-reina-estrenan-nuevas-puertas-de-seguridad\/#breadcrumb","itemListElement":[{"@type":"ListItem","position":1,"name":"Portada","item":"https:\/\/www.laguiadepamplona.com\/actualidad\/"},{"@type":"ListItem","position":2,"name":"Los garajes de Polic\u00eda Municipal y del parque m\u00f3vil del Ayuntamiento en la calle Cuesta de la Reina estrenan nuevas puertas de seguridad"}]},{"@type":"WebSite","@id":"https:\/\/www.laguiadepamplona.com\/actualidad\/#website","url":"https:\/\/www.laguiadepamplona.com\/actualidad\/","name":"La gu\u00eda de Pamplona","description":"Noticias de Pamplona","publisher":{"@id":"https:\/\/www.laguiadepamplona.com\/actualidad\/#organization"},"potentialAction":[{"@type":"SearchAction","target":{"@type":"EntryPoint","urlTemplate":"https:\/\/www.laguiadepamplona.com\/actualidad\/?s={search_term_string}"},"query-input":{"@type":"PropertyValueSpecification","valueRequired":true,"valueName":"search_term_string"}}],"inLanguage":"es"},{"@type":"Organization","@id":"https:\/\/www.laguiadepamplona.com\/actualidad\/#organization","name":"La Gu\u00eda de Pamplona \/ Noticias","url":"https:\/\/www.laguiadepamplona.com\/actualidad\/","logo":{"@type":"ImageObject","inLanguage":"es","@id":"https:\/\/www.laguiadepamplona.com\/actualidad\/#\/schema\/logo\/image\/","url":"https:\/\/www.laguiadepamplona.com\/actualidad\/wp-content\/uploads\/2018\/11\/logo-laguiadepamplona18-web1.png","contentUrl":"https:\/\/www.laguiadepamplona.com\/actualidad\/wp-content\/uploads\/2018\/11\/logo-laguiadepamplona18-web1.png","width":600,"height":196,"caption":"La Gu\u00eda de Pamplona \/ Noticias"},"image":{"@id":"https:\/\/www.laguiadepamplona.com\/actualidad\/#\/schema\/logo\/image\/"},"sameAs":["https:\/\/www.facebook.com\/laguiadepamplonacom-133175176762273\/?ref=hl","https:\/\/x.com\/LaGuiadPamplona","https:\/\/www.instagram.com\/la_guia_de_pamplona\/","https:\/\/www.youtube.com\/user\/laguiadepamplona"]},{"@type":"Person","@id":"https:\/\/www.laguiadepamplona.com\/actualidad\/#\/schema\/person\/efe887376f0213d4657c93adc50b1fdb","name":"La Gu\u00eda de Pamplona","image":{"@type":"ImageObject","inLanguage":"es","@id":"https:\/\/secure.gravatar.com\/avatar\/b6992f131dc8d30ab0dff15446e9d346d9dbd95992de0fef795073f5ea83a81c?s=96&d=mm&r=g","url":"https:\/\/secure.gravatar.com\/avatar\/b6992f131dc8d30ab0dff15446e9d346d9dbd95992de0fef795073f5ea83a81c?s=96&d=mm&r=g","contentUrl":"https:\/\/secure.gravatar.com\/avatar\/b6992f131dc8d30ab0dff15446e9d346d9dbd95992de0fef795073f5ea83a81c?s=96&d=mm&r=g","caption":"La Gu\u00eda de Pamplona"}}]}},"post_mailing_queue_ids":[],"_links":{"self":[{"href":"https:\/\/www.laguiadepamplona.com\/actualidad\/wp-json\/wp\/v2\/posts\/36776","targetHints":{"allow":["GET"]}}],"collection":[{"href":"https:\/\/www.laguiadepamplona.com\/actualidad\/wp-json\/wp\/v2\/posts"}],"about":[{"href":"https:\/\/www.laguiadepamplona.com\/actualidad\/wp-json\/wp\/v2\/types\/post"}],"author":[{"embeddable":true,"href":"https:\/\/www.laguiadepamplona.com\/actualidad\/wp-json\/wp\/v2\/users\/1"}],"replies":[{"embeddable":true,"href":"https:\/\/www.laguiadepamplona.com\/actualidad\/wp-json\/wp\/v2\/comments?post=36776"}],"version-history":[{"count":0,"href":"https:\/\/www.laguiadepamplona.com\/actualidad\/wp-json\/wp\/v2\/posts\/36776\/revisions"}],"wp:featuredmedia":[{"embeddable":true,"href":"https:\/\/www.laguiadepamplona.com\/actualidad\/wp-json\/wp\/v2\/media\/36777"}],"wp:attachment":[{"href":"https:\/\/www.laguiadepamplona.com\/actualidad\/wp-json\/wp\/v2\/media?parent=36776"}],"wp:term":[{"taxonomy":"category","embeddable":true,"href":"https:\/\/www.laguiadepamplona.com\/actualidad\/wp-json\/wp\/v2\/categories?post=36776"},{"taxonomy":"post_tag","embeddable":true,"href":"https:\/\/www.laguiadepamplona.com\/actualidad\/wp-json\/wp\/v2\/tags?post=36776"}],"curies":[{"name":"wp","href":"https:\/\/api.w.org\/{rel}","templated":true}]}}