{"id":36770,"date":"2021-10-01T17:29:52","date_gmt":"2021-10-01T15:29:52","guid":{"rendered":"https:\/\/www.laguiadepamplona.com\/actualidad\/?p=36770"},"modified":"2023-04-11T11:48:56","modified_gmt":"2023-04-11T09:48:56","slug":"el-lunes-se-abre-el-plazo-de-inscripcion-para-la-liga-municipal-de-futbol-sala-escolar-que-volvera-a-celebrarse-esta-temporada-tras-la-suspension-de-la-pasada-por-la-covid","status":"publish","type":"post","link":"https:\/\/www.laguiadepamplona.com\/actualidad\/el-lunes-se-abre-el-plazo-de-inscripcion-para-la-liga-municipal-de-futbol-sala-escolar-que-volvera-a-celebrarse-esta-temporada-tras-la-suspension-de-la-pasada-por-la-covid\/","title":{"rendered":"El lunes se abre el plazo de inscripci\u00f3n para la liga municipal de f\u00fatbol sala escolar, que volver\u00e1 a celebrarse esta temporada tras la suspensi\u00f3n de la pasada por la COVID"},"content":{"rendered":"<h5>Se trata de una liga esencialmente recreativa, que comenzar\u00e1 el 23 de octubre, y en la que participan equipos con menores de 8 a 11 a\u00f1os<\/h5>\n<p><!--more--><\/p>\n<p>Esta temporada s\u00ed habr\u00e1 liga municipal de f\u00fatbol sala escolar, tras la suspensi\u00f3n de la pasada campa\u00f1a debido a la normativa derivada de la COVID-19. El Ayuntamiento de Pamplona abre este lunes, y hasta el 14 de octubre, las inscripciones dirigidas a equipos de colegios, ikastolas, asociaciones y clubes deportivos, entre otros, para que puedan formalizar su participaci\u00f3n. Se prev\u00e9 que la competici\u00f3n comience el 23 de octubre. En la \u00faltima temporada celebrada, la 2019 \u2013 2020, que tuvo que acabar en marzo por el coronavirus, participaron 123 equipos, con un total aproximado de 1.400 jugadores y jugadoras.<\/p>\n<p><script async src=\"\/\/pagead2.googlesyndication.com\/pagead\/js\/adsbygoogle.js\"><\/script><br \/>\n<!-- Noticias La Guia de Pamplona --><br \/>\n<ins class=\"adsbygoogle\"\nstyle=\"display:block\"\ndata-ad-client=\"ca-pub-6943679897239327\"\ndata-ad-slot=\"7048180777\"\ndata-ad-format=\"auto\"><\/ins><br \/>\n<script>\n(adsbygoogle = window.adsbygoogle || []).push({});\n<\/script><\/p>\n<p>La Junta de Gobierno Local del Ayuntamiento de Pamplona ha aprobado esta semana la segunda pr\u00f3rroga del contrato de gesti\u00f3n de esta liga escolar, adjudicado en su d\u00eda a Gesport Gesti\u00f3n Deportiva S.L., por 45.131,79 euros. Las inscripciones se deber\u00e1n realizar a trav\u00e9s de la web <a href=\"http:\/\/gesportsl.es\" target=\"_blank\" rel=\"noopener\">http:\/\/gesportsl.es<\/a>. Puede participar cualquier equipo que cuente con un n\u00famero de ni\u00f1os y ni\u00f1as m\u00ednimo de cinco jugadores o jugadoras, pudiendo crear equipos mixtos. Ser\u00e1 necesario cumplimentar la ficha de inscripci\u00f3n online, adjuntar la autorizaci\u00f3n de participaci\u00f3n de menores y realizar el pago de los 70 euros de la cuota establecida para cada equipo.<\/p>\n<p>Se trata de una actividad deportiva esencialmente recreativa y no selectiva, que se desarrolla de octubre a mayo, con partidos que se celebran mayoritariamente en s\u00e1bado, siguiendo el calendario escolar, con el fin de favorecer la conciliaci\u00f3n familiar. En su funcionamiento u reglamentaci\u00f3n se fomenta la pr\u00e1ctica del deporte en s\u00ed misma, pues es obligatorio que todos los menores jueguen como m\u00ednimo uno de los cuatro cuartos previstos en cada partido, no hay eliminatorias ni se juega por un t\u00edtulo o se eliminan los resultados reales por 1-1 o 1-0, seg\u00fan se empate o se gane.<\/p>\n","protected":false},"excerpt":{"rendered":"<p>Se trata de una liga esencialmente recreativa, que comenzar\u00e1 el 23 de octubre, y en la que participan equipos con menores de 8 a 11 a\u00f1os<\/p>\n","protected":false},"author":1,"featured_media":36021,"comment_status":"open","ping_status":"closed","sticky":false,"template":"","format":"standard","meta":{"footnotes":""},"categories":[2],"tags":[],"class_list":["post-36770","post","type-post","status-publish","format-standard","has-post-thumbnail","hentry","category-ayuntamiento-pamplona"],"yoast_head":"<!-- This site is optimized with the Yoast SEO plugin v27.5 - https:\/\/yoast.com\/product\/yoast-seo-wordpress\/ -->\n<title>El lunes se abre el plazo de inscripci\u00f3n para la liga municipal de f\u00fatbol sala escolar, que volver\u00e1 a celebrarse esta temporada tras la suspensi\u00f3n de la pasada por la COVID<\/title>\n<meta name=\"description\" content=\"Se trata de una liga esencialmente recreativa, que comenzar\u00e1 el 23 de octubre, y en la que participan equipos con menores de 8 a 11 a\u00f1os\" \/>\n<meta name=\"robots\" content=\"index, follow, max-snippet:-1, max-image-preview:large, max-video-preview:-1\" \/>\n<link rel=\"canonical\" href=\"https:\/\/www.laguiadepamplona.com\/actualidad\/el-lunes-se-abre-el-plazo-de-inscripcion-para-la-liga-municipal-de-futbol-sala-escolar-que-volvera-a-celebrarse-esta-temporada-tras-la-suspension-de-la-pasada-por-la-covid\/\" \/>\n<meta property=\"og:locale\" content=\"es_ES\" \/>\n<meta property=\"og:type\" content=\"article\" \/>\n<meta property=\"og:title\" content=\"El lunes se abre el plazo de inscripci\u00f3n para la liga municipal de f\u00fatbol sala escolar, que volver\u00e1 a celebrarse esta temporada tras la suspensi\u00f3n de la pasada por la COVID\" \/>\n<meta property=\"og:description\" content=\"Se trata de una liga esencialmente recreativa, que comenzar\u00e1 el 23 de octubre, y en la que participan equipos con menores de 8 a 11 a\u00f1os\" \/>\n<meta property=\"og:url\" content=\"https:\/\/www.laguiadepamplona.com\/actualidad\/el-lunes-se-abre-el-plazo-de-inscripcion-para-la-liga-municipal-de-futbol-sala-escolar-que-volvera-a-celebrarse-esta-temporada-tras-la-suspension-de-la-pasada-por-la-covid\/\" \/>\n<meta property=\"og:site_name\" content=\"La Gu\u00eda de Pamplona\" \/>\n<meta property=\"article:publisher\" content=\"https:\/\/www.facebook.com\/laguiadepamplonacom-133175176762273\/?ref=hl\" \/>\n<meta property=\"article:published_time\" content=\"2021-10-01T15:29:52+00:00\" \/>\n<meta property=\"article:modified_time\" content=\"2023-04-11T09:48:56+00:00\" \/>\n<meta property=\"og:image\" content=\"https:\/\/www.laguiadepamplona.com\/actualidad\/wp-content\/uploads\/2021\/07\/futbol_sala.jpg\" \/>\n\t<meta property=\"og:image:width\" content=\"1280\" \/>\n\t<meta property=\"og:image:height\" content=\"853\" \/>\n\t<meta property=\"og:image:type\" content=\"image\/jpeg\" \/>\n<meta name=\"author\" content=\"La Gu\u00eda de Pamplona\" \/>\n<meta name=\"twitter:card\" content=\"summary_large_image\" \/>\n<meta name=\"twitter:creator\" content=\"@LaGuiadPamplona\" \/>\n<meta name=\"twitter:site\" content=\"@LaGuiadPamplona\" \/>\n<meta name=\"twitter:label1\" content=\"Escrito por\" \/>\n\t<meta name=\"twitter:data1\" content=\"La Gu\u00eda de Pamplona\" \/>\n\t<meta name=\"twitter:label2\" content=\"Tiempo de lectura\" \/>\n\t<meta name=\"twitter:data2\" content=\"2 minutos\" \/>\n<script type=\"application\/ld+json\" class=\"yoast-schema-graph\">{\"@context\":\"https:\\\/\\\/schema.org\",\"@graph\":[{\"@type\":\"Article\",\"@id\":\"https:\\\/\\\/www.laguiadepamplona.com\\\/actualidad\\\/el-lunes-se-abre-el-plazo-de-inscripcion-para-la-liga-municipal-de-futbol-sala-escolar-que-volvera-a-celebrarse-esta-temporada-tras-la-suspension-de-la-pasada-por-la-covid\\\/#article\",\"isPartOf\":{\"@id\":\"https:\\\/\\\/www.laguiadepamplona.com\\\/actualidad\\\/el-lunes-se-abre-el-plazo-de-inscripcion-para-la-liga-municipal-de-futbol-sala-escolar-que-volvera-a-celebrarse-esta-temporada-tras-la-suspension-de-la-pasada-por-la-covid\\\/\"},\"author\":{\"name\":\"La Gu\u00eda de Pamplona\",\"@id\":\"https:\\\/\\\/www.laguiadepamplona.com\\\/actualidad\\\/#\\\/schema\\\/person\\\/efe887376f0213d4657c93adc50b1fdb\"},\"headline\":\"El lunes se abre el plazo de inscripci\u00f3n para la liga municipal de f\u00fatbol sala escolar, que volver\u00e1 a celebrarse esta temporada tras la suspensi\u00f3n de la pasada por la COVID\",\"datePublished\":\"2021-10-01T15:29:52+00:00\",\"dateModified\":\"2023-04-11T09:48:56+00:00\",\"mainEntityOfPage\":{\"@id\":\"https:\\\/\\\/www.laguiadepamplona.com\\\/actualidad\\\/el-lunes-se-abre-el-plazo-de-inscripcion-para-la-liga-municipal-de-futbol-sala-escolar-que-volvera-a-celebrarse-esta-temporada-tras-la-suspension-de-la-pasada-por-la-covid\\\/\"},\"wordCount\":371,\"commentCount\":0,\"publisher\":{\"@id\":\"https:\\\/\\\/www.laguiadepamplona.com\\\/actualidad\\\/#organization\"},\"image\":{\"@id\":\"https:\\\/\\\/www.laguiadepamplona.com\\\/actualidad\\\/el-lunes-se-abre-el-plazo-de-inscripcion-para-la-liga-municipal-de-futbol-sala-escolar-que-volvera-a-celebrarse-esta-temporada-tras-la-suspension-de-la-pasada-por-la-covid\\\/#primaryimage\"},\"thumbnailUrl\":\"https:\\\/\\\/www.laguiadepamplona.com\\\/actualidad\\\/wp-content\\\/uploads\\\/2021\\\/07\\\/futbol_sala.jpg\",\"articleSection\":[\"Ayto Pamplona\"],\"inLanguage\":\"es\",\"potentialAction\":[{\"@type\":\"CommentAction\",\"name\":\"Comment\",\"target\":[\"https:\\\/\\\/www.laguiadepamplona.com\\\/actualidad\\\/el-lunes-se-abre-el-plazo-de-inscripcion-para-la-liga-municipal-de-futbol-sala-escolar-que-volvera-a-celebrarse-esta-temporada-tras-la-suspension-de-la-pasada-por-la-covid\\\/#respond\"]}]},{\"@type\":\"WebPage\",\"@id\":\"https:\\\/\\\/www.laguiadepamplona.com\\\/actualidad\\\/el-lunes-se-abre-el-plazo-de-inscripcion-para-la-liga-municipal-de-futbol-sala-escolar-que-volvera-a-celebrarse-esta-temporada-tras-la-suspension-de-la-pasada-por-la-covid\\\/\",\"url\":\"https:\\\/\\\/www.laguiadepamplona.com\\\/actualidad\\\/el-lunes-se-abre-el-plazo-de-inscripcion-para-la-liga-municipal-de-futbol-sala-escolar-que-volvera-a-celebrarse-esta-temporada-tras-la-suspension-de-la-pasada-por-la-covid\\\/\",\"name\":\"El lunes se abre el plazo de inscripci\u00f3n para la liga municipal de f\u00fatbol sala escolar, que volver\u00e1 a celebrarse esta temporada tras la suspensi\u00f3n de la pasada por la COVID\",\"isPartOf\":{\"@id\":\"https:\\\/\\\/www.laguiadepamplona.com\\\/actualidad\\\/#website\"},\"primaryImageOfPage\":{\"@id\":\"https:\\\/\\\/www.laguiadepamplona.com\\\/actualidad\\\/el-lunes-se-abre-el-plazo-de-inscripcion-para-la-liga-municipal-de-futbol-sala-escolar-que-volvera-a-celebrarse-esta-temporada-tras-la-suspension-de-la-pasada-por-la-covid\\\/#primaryimage\"},\"image\":{\"@id\":\"https:\\\/\\\/www.laguiadepamplona.com\\\/actualidad\\\/el-lunes-se-abre-el-plazo-de-inscripcion-para-la-liga-municipal-de-futbol-sala-escolar-que-volvera-a-celebrarse-esta-temporada-tras-la-suspension-de-la-pasada-por-la-covid\\\/#primaryimage\"},\"thumbnailUrl\":\"https:\\\/\\\/www.laguiadepamplona.com\\\/actualidad\\\/wp-content\\\/uploads\\\/2021\\\/07\\\/futbol_sala.jpg\",\"datePublished\":\"2021-10-01T15:29:52+00:00\",\"dateModified\":\"2023-04-11T09:48:56+00:00\",\"description\":\"Se trata de una liga esencialmente recreativa, que comenzar\u00e1 el 23 de octubre, y en la que participan equipos con menores de 8 a 11 a\u00f1os\",\"breadcrumb\":{\"@id\":\"https:\\\/\\\/www.laguiadepamplona.com\\\/actualidad\\\/el-lunes-se-abre-el-plazo-de-inscripcion-para-la-liga-municipal-de-futbol-sala-escolar-que-volvera-a-celebrarse-esta-temporada-tras-la-suspension-de-la-pasada-por-la-covid\\\/#breadcrumb\"},\"inLanguage\":\"es\",\"potentialAction\":[{\"@type\":\"ReadAction\",\"target\":[\"https:\\\/\\\/www.laguiadepamplona.com\\\/actualidad\\\/el-lunes-se-abre-el-plazo-de-inscripcion-para-la-liga-municipal-de-futbol-sala-escolar-que-volvera-a-celebrarse-esta-temporada-tras-la-suspension-de-la-pasada-por-la-covid\\\/\"]}]},{\"@type\":\"ImageObject\",\"inLanguage\":\"es\",\"@id\":\"https:\\\/\\\/www.laguiadepamplona.com\\\/actualidad\\\/el-lunes-se-abre-el-plazo-de-inscripcion-para-la-liga-municipal-de-futbol-sala-escolar-que-volvera-a-celebrarse-esta-temporada-tras-la-suspension-de-la-pasada-por-la-covid\\\/#primaryimage\",\"url\":\"https:\\\/\\\/www.laguiadepamplona.com\\\/actualidad\\\/wp-content\\\/uploads\\\/2021\\\/07\\\/futbol_sala.jpg\",\"contentUrl\":\"https:\\\/\\\/www.laguiadepamplona.com\\\/actualidad\\\/wp-content\\\/uploads\\\/2021\\\/07\\\/futbol_sala.jpg\",\"width\":1280,\"height\":853},{\"@type\":\"BreadcrumbList\",\"@id\":\"https:\\\/\\\/www.laguiadepamplona.com\\\/actualidad\\\/el-lunes-se-abre-el-plazo-de-inscripcion-para-la-liga-municipal-de-futbol-sala-escolar-que-volvera-a-celebrarse-esta-temporada-tras-la-suspension-de-la-pasada-por-la-covid\\\/#breadcrumb\",\"itemListElement\":[{\"@type\":\"ListItem\",\"position\":1,\"name\":\"Portada\",\"item\":\"https:\\\/\\\/www.laguiadepamplona.com\\\/actualidad\\\/\"},{\"@type\":\"ListItem\",\"position\":2,\"name\":\"El lunes se abre el plazo de inscripci\u00f3n para la liga municipal de f\u00fatbol sala escolar, que volver\u00e1 a celebrarse esta temporada tras la suspensi\u00f3n de la pasada por la COVID\"}]},{\"@type\":\"WebSite\",\"@id\":\"https:\\\/\\\/www.laguiadepamplona.com\\\/actualidad\\\/#website\",\"url\":\"https:\\\/\\\/www.laguiadepamplona.com\\\/actualidad\\\/\",\"name\":\"La gu\u00eda de Pamplona\",\"description\":\"Noticias de Pamplona\",\"publisher\":{\"@id\":\"https:\\\/\\\/www.laguiadepamplona.com\\\/actualidad\\\/#organization\"},\"potentialAction\":[{\"@type\":\"SearchAction\",\"target\":{\"@type\":\"EntryPoint\",\"urlTemplate\":\"https:\\\/\\\/www.laguiadepamplona.com\\\/actualidad\\\/?s={search_term_string}\"},\"query-input\":{\"@type\":\"PropertyValueSpecification\",\"valueRequired\":true,\"valueName\":\"search_term_string\"}}],\"inLanguage\":\"es\"},{\"@type\":\"Organization\",\"@id\":\"https:\\\/\\\/www.laguiadepamplona.com\\\/actualidad\\\/#organization\",\"name\":\"La Gu\u00eda de Pamplona \\\/ Noticias\",\"url\":\"https:\\\/\\\/www.laguiadepamplona.com\\\/actualidad\\\/\",\"logo\":{\"@type\":\"ImageObject\",\"inLanguage\":\"es\",\"@id\":\"https:\\\/\\\/www.laguiadepamplona.com\\\/actualidad\\\/#\\\/schema\\\/logo\\\/image\\\/\",\"url\":\"https:\\\/\\\/www.laguiadepamplona.com\\\/actualidad\\\/wp-content\\\/uploads\\\/2018\\\/11\\\/logo-laguiadepamplona18-web1.png\",\"contentUrl\":\"https:\\\/\\\/www.laguiadepamplona.com\\\/actualidad\\\/wp-content\\\/uploads\\\/2018\\\/11\\\/logo-laguiadepamplona18-web1.png\",\"width\":600,\"height\":196,\"caption\":\"La Gu\u00eda de Pamplona \\\/ Noticias\"},\"image\":{\"@id\":\"https:\\\/\\\/www.laguiadepamplona.com\\\/actualidad\\\/#\\\/schema\\\/logo\\\/image\\\/\"},\"sameAs\":[\"https:\\\/\\\/www.facebook.com\\\/laguiadepamplonacom-133175176762273\\\/?ref=hl\",\"https:\\\/\\\/x.com\\\/LaGuiadPamplona\",\"https:\\\/\\\/www.instagram.com\\\/la_guia_de_pamplona\\\/\",\"https:\\\/\\\/www.youtube.com\\\/user\\\/laguiadepamplona\"]},{\"@type\":\"Person\",\"@id\":\"https:\\\/\\\/www.laguiadepamplona.com\\\/actualidad\\\/#\\\/schema\\\/person\\\/efe887376f0213d4657c93adc50b1fdb\",\"name\":\"La Gu\u00eda de Pamplona\",\"image\":{\"@type\":\"ImageObject\",\"inLanguage\":\"es\",\"@id\":\"https:\\\/\\\/secure.gravatar.com\\\/avatar\\\/b6992f131dc8d30ab0dff15446e9d346d9dbd95992de0fef795073f5ea83a81c?s=96&d=mm&r=g\",\"url\":\"https:\\\/\\\/secure.gravatar.com\\\/avatar\\\/b6992f131dc8d30ab0dff15446e9d346d9dbd95992de0fef795073f5ea83a81c?s=96&d=mm&r=g\",\"contentUrl\":\"https:\\\/\\\/secure.gravatar.com\\\/avatar\\\/b6992f131dc8d30ab0dff15446e9d346d9dbd95992de0fef795073f5ea83a81c?s=96&d=mm&r=g\",\"caption\":\"La Gu\u00eda de Pamplona\"}}]}<\/script>\n<!-- \/ Yoast SEO plugin. -->","yoast_head_json":{"title":"El lunes se abre el plazo de inscripci\u00f3n para la liga municipal de f\u00fatbol sala escolar, que volver\u00e1 a celebrarse esta temporada tras la suspensi\u00f3n de la pasada por la COVID","description":"Se trata de una liga esencialmente recreativa, que comenzar\u00e1 el 23 de octubre, y en la que participan equipos con menores de 8 a 11 a\u00f1os","robots":{"index":"index","follow":"follow","max-snippet":"max-snippet:-1","max-image-preview":"max-image-preview:large","max-video-preview":"max-video-preview:-1"},"canonical":"https:\/\/www.laguiadepamplona.com\/actualidad\/el-lunes-se-abre-el-plazo-de-inscripcion-para-la-liga-municipal-de-futbol-sala-escolar-que-volvera-a-celebrarse-esta-temporada-tras-la-suspension-de-la-pasada-por-la-covid\/","og_locale":"es_ES","og_type":"article","og_title":"El lunes se abre el plazo de inscripci\u00f3n para la liga municipal de f\u00fatbol sala escolar, que volver\u00e1 a celebrarse esta temporada tras la suspensi\u00f3n de la pasada por la COVID","og_description":"Se trata de una liga esencialmente recreativa, que comenzar\u00e1 el 23 de octubre, y en la que participan equipos con menores de 8 a 11 a\u00f1os","og_url":"https:\/\/www.laguiadepamplona.com\/actualidad\/el-lunes-se-abre-el-plazo-de-inscripcion-para-la-liga-municipal-de-futbol-sala-escolar-que-volvera-a-celebrarse-esta-temporada-tras-la-suspension-de-la-pasada-por-la-covid\/","og_site_name":"La Gu\u00eda de Pamplona","article_publisher":"https:\/\/www.facebook.com\/laguiadepamplonacom-133175176762273\/?ref=hl","article_published_time":"2021-10-01T15:29:52+00:00","article_modified_time":"2023-04-11T09:48:56+00:00","og_image":[{"width":1280,"height":853,"url":"https:\/\/www.laguiadepamplona.com\/actualidad\/wp-content\/uploads\/2021\/07\/futbol_sala.jpg","type":"image\/jpeg"}],"author":"La Gu\u00eda de Pamplona","twitter_card":"summary_large_image","twitter_creator":"@LaGuiadPamplona","twitter_site":"@LaGuiadPamplona","twitter_misc":{"Escrito por":"La Gu\u00eda de Pamplona","Tiempo de lectura":"2 minutos"},"schema":{"@context":"https:\/\/schema.org","@graph":[{"@type":"Article","@id":"https:\/\/www.laguiadepamplona.com\/actualidad\/el-lunes-se-abre-el-plazo-de-inscripcion-para-la-liga-municipal-de-futbol-sala-escolar-que-volvera-a-celebrarse-esta-temporada-tras-la-suspension-de-la-pasada-por-la-covid\/#article","isPartOf":{"@id":"https:\/\/www.laguiadepamplona.com\/actualidad\/el-lunes-se-abre-el-plazo-de-inscripcion-para-la-liga-municipal-de-futbol-sala-escolar-que-volvera-a-celebrarse-esta-temporada-tras-la-suspension-de-la-pasada-por-la-covid\/"},"author":{"name":"La Gu\u00eda de Pamplona","@id":"https:\/\/www.laguiadepamplona.com\/actualidad\/#\/schema\/person\/efe887376f0213d4657c93adc50b1fdb"},"headline":"El lunes se abre el plazo de inscripci\u00f3n para la liga municipal de f\u00fatbol sala escolar, que volver\u00e1 a celebrarse esta temporada tras la suspensi\u00f3n de la pasada por la COVID","datePublished":"2021-10-01T15:29:52+00:00","dateModified":"2023-04-11T09:48:56+00:00","mainEntityOfPage":{"@id":"https:\/\/www.laguiadepamplona.com\/actualidad\/el-lunes-se-abre-el-plazo-de-inscripcion-para-la-liga-municipal-de-futbol-sala-escolar-que-volvera-a-celebrarse-esta-temporada-tras-la-suspension-de-la-pasada-por-la-covid\/"},"wordCount":371,"commentCount":0,"publisher":{"@id":"https:\/\/www.laguiadepamplona.com\/actualidad\/#organization"},"image":{"@id":"https:\/\/www.laguiadepamplona.com\/actualidad\/el-lunes-se-abre-el-plazo-de-inscripcion-para-la-liga-municipal-de-futbol-sala-escolar-que-volvera-a-celebrarse-esta-temporada-tras-la-suspension-de-la-pasada-por-la-covid\/#primaryimage"},"thumbnailUrl":"https:\/\/www.laguiadepamplona.com\/actualidad\/wp-content\/uploads\/2021\/07\/futbol_sala.jpg","articleSection":["Ayto Pamplona"],"inLanguage":"es","potentialAction":[{"@type":"CommentAction","name":"Comment","target":["https:\/\/www.laguiadepamplona.com\/actualidad\/el-lunes-se-abre-el-plazo-de-inscripcion-para-la-liga-municipal-de-futbol-sala-escolar-que-volvera-a-celebrarse-esta-temporada-tras-la-suspension-de-la-pasada-por-la-covid\/#respond"]}]},{"@type":"WebPage","@id":"https:\/\/www.laguiadepamplona.com\/actualidad\/el-lunes-se-abre-el-plazo-de-inscripcion-para-la-liga-municipal-de-futbol-sala-escolar-que-volvera-a-celebrarse-esta-temporada-tras-la-suspension-de-la-pasada-por-la-covid\/","url":"https:\/\/www.laguiadepamplona.com\/actualidad\/el-lunes-se-abre-el-plazo-de-inscripcion-para-la-liga-municipal-de-futbol-sala-escolar-que-volvera-a-celebrarse-esta-temporada-tras-la-suspension-de-la-pasada-por-la-covid\/","name":"El lunes se abre el plazo de inscripci\u00f3n para la liga municipal de f\u00fatbol sala escolar, que volver\u00e1 a celebrarse esta temporada tras la suspensi\u00f3n de la pasada por la COVID","isPartOf":{"@id":"https:\/\/www.laguiadepamplona.com\/actualidad\/#website"},"primaryImageOfPage":{"@id":"https:\/\/www.laguiadepamplona.com\/actualidad\/el-lunes-se-abre-el-plazo-de-inscripcion-para-la-liga-municipal-de-futbol-sala-escolar-que-volvera-a-celebrarse-esta-temporada-tras-la-suspension-de-la-pasada-por-la-covid\/#primaryimage"},"image":{"@id":"https:\/\/www.laguiadepamplona.com\/actualidad\/el-lunes-se-abre-el-plazo-de-inscripcion-para-la-liga-municipal-de-futbol-sala-escolar-que-volvera-a-celebrarse-esta-temporada-tras-la-suspension-de-la-pasada-por-la-covid\/#primaryimage"},"thumbnailUrl":"https:\/\/www.laguiadepamplona.com\/actualidad\/wp-content\/uploads\/2021\/07\/futbol_sala.jpg","datePublished":"2021-10-01T15:29:52+00:00","dateModified":"2023-04-11T09:48:56+00:00","description":"Se trata de una liga esencialmente recreativa, que comenzar\u00e1 el 23 de octubre, y en la que participan equipos con menores de 8 a 11 a\u00f1os","breadcrumb":{"@id":"https:\/\/www.laguiadepamplona.com\/actualidad\/el-lunes-se-abre-el-plazo-de-inscripcion-para-la-liga-municipal-de-futbol-sala-escolar-que-volvera-a-celebrarse-esta-temporada-tras-la-suspension-de-la-pasada-por-la-covid\/#breadcrumb"},"inLanguage":"es","potentialAction":[{"@type":"ReadAction","target":["https:\/\/www.laguiadepamplona.com\/actualidad\/el-lunes-se-abre-el-plazo-de-inscripcion-para-la-liga-municipal-de-futbol-sala-escolar-que-volvera-a-celebrarse-esta-temporada-tras-la-suspension-de-la-pasada-por-la-covid\/"]}]},{"@type":"ImageObject","inLanguage":"es","@id":"https:\/\/www.laguiadepamplona.com\/actualidad\/el-lunes-se-abre-el-plazo-de-inscripcion-para-la-liga-municipal-de-futbol-sala-escolar-que-volvera-a-celebrarse-esta-temporada-tras-la-suspension-de-la-pasada-por-la-covid\/#primaryimage","url":"https:\/\/www.laguiadepamplona.com\/actualidad\/wp-content\/uploads\/2021\/07\/futbol_sala.jpg","contentUrl":"https:\/\/www.laguiadepamplona.com\/actualidad\/wp-content\/uploads\/2021\/07\/futbol_sala.jpg","width":1280,"height":853},{"@type":"BreadcrumbList","@id":"https:\/\/www.laguiadepamplona.com\/actualidad\/el-lunes-se-abre-el-plazo-de-inscripcion-para-la-liga-municipal-de-futbol-sala-escolar-que-volvera-a-celebrarse-esta-temporada-tras-la-suspension-de-la-pasada-por-la-covid\/#breadcrumb","itemListElement":[{"@type":"ListItem","position":1,"name":"Portada","item":"https:\/\/www.laguiadepamplona.com\/actualidad\/"},{"@type":"ListItem","position":2,"name":"El lunes se abre el plazo de inscripci\u00f3n para la liga municipal de f\u00fatbol sala escolar, que volver\u00e1 a celebrarse esta temporada tras la suspensi\u00f3n de la pasada por la COVID"}]},{"@type":"WebSite","@id":"https:\/\/www.laguiadepamplona.com\/actualidad\/#website","url":"https:\/\/www.laguiadepamplona.com\/actualidad\/","name":"La gu\u00eda de Pamplona","description":"Noticias de Pamplona","publisher":{"@id":"https:\/\/www.laguiadepamplona.com\/actualidad\/#organization"},"potentialAction":[{"@type":"SearchAction","target":{"@type":"EntryPoint","urlTemplate":"https:\/\/www.laguiadepamplona.com\/actualidad\/?s={search_term_string}"},"query-input":{"@type":"PropertyValueSpecification","valueRequired":true,"valueName":"search_term_string"}}],"inLanguage":"es"},{"@type":"Organization","@id":"https:\/\/www.laguiadepamplona.com\/actualidad\/#organization","name":"La Gu\u00eda de Pamplona \/ Noticias","url":"https:\/\/www.laguiadepamplona.com\/actualidad\/","logo":{"@type":"ImageObject","inLanguage":"es","@id":"https:\/\/www.laguiadepamplona.com\/actualidad\/#\/schema\/logo\/image\/","url":"https:\/\/www.laguiadepamplona.com\/actualidad\/wp-content\/uploads\/2018\/11\/logo-laguiadepamplona18-web1.png","contentUrl":"https:\/\/www.laguiadepamplona.com\/actualidad\/wp-content\/uploads\/2018\/11\/logo-laguiadepamplona18-web1.png","width":600,"height":196,"caption":"La Gu\u00eda de Pamplona \/ Noticias"},"image":{"@id":"https:\/\/www.laguiadepamplona.com\/actualidad\/#\/schema\/logo\/image\/"},"sameAs":["https:\/\/www.facebook.com\/laguiadepamplonacom-133175176762273\/?ref=hl","https:\/\/x.com\/LaGuiadPamplona","https:\/\/www.instagram.com\/la_guia_de_pamplona\/","https:\/\/www.youtube.com\/user\/laguiadepamplona"]},{"@type":"Person","@id":"https:\/\/www.laguiadepamplona.com\/actualidad\/#\/schema\/person\/efe887376f0213d4657c93adc50b1fdb","name":"La Gu\u00eda de Pamplona","image":{"@type":"ImageObject","inLanguage":"es","@id":"https:\/\/secure.gravatar.com\/avatar\/b6992f131dc8d30ab0dff15446e9d346d9dbd95992de0fef795073f5ea83a81c?s=96&d=mm&r=g","url":"https:\/\/secure.gravatar.com\/avatar\/b6992f131dc8d30ab0dff15446e9d346d9dbd95992de0fef795073f5ea83a81c?s=96&d=mm&r=g","contentUrl":"https:\/\/secure.gravatar.com\/avatar\/b6992f131dc8d30ab0dff15446e9d346d9dbd95992de0fef795073f5ea83a81c?s=96&d=mm&r=g","caption":"La Gu\u00eda de Pamplona"}}]}},"post_mailing_queue_ids":[],"_links":{"self":[{"href":"https:\/\/www.laguiadepamplona.com\/actualidad\/wp-json\/wp\/v2\/posts\/36770","targetHints":{"allow":["GET"]}}],"collection":[{"href":"https:\/\/www.laguiadepamplona.com\/actualidad\/wp-json\/wp\/v2\/posts"}],"about":[{"href":"https:\/\/www.laguiadepamplona.com\/actualidad\/wp-json\/wp\/v2\/types\/post"}],"author":[{"embeddable":true,"href":"https:\/\/www.laguiadepamplona.com\/actualidad\/wp-json\/wp\/v2\/users\/1"}],"replies":[{"embeddable":true,"href":"https:\/\/www.laguiadepamplona.com\/actualidad\/wp-json\/wp\/v2\/comments?post=36770"}],"version-history":[{"count":0,"href":"https:\/\/www.laguiadepamplona.com\/actualidad\/wp-json\/wp\/v2\/posts\/36770\/revisions"}],"wp:featuredmedia":[{"embeddable":true,"href":"https:\/\/www.laguiadepamplona.com\/actualidad\/wp-json\/wp\/v2\/media\/36021"}],"wp:attachment":[{"href":"https:\/\/www.laguiadepamplona.com\/actualidad\/wp-json\/wp\/v2\/media?parent=36770"}],"wp:term":[{"taxonomy":"category","embeddable":true,"href":"https:\/\/www.laguiadepamplona.com\/actualidad\/wp-json\/wp\/v2\/categories?post=36770"},{"taxonomy":"post_tag","embeddable":true,"href":"https:\/\/www.laguiadepamplona.com\/actualidad\/wp-json\/wp\/v2\/tags?post=36770"}],"curies":[{"name":"wp","href":"https:\/\/api.w.org\/{rel}","templated":true}]}}