{"id":36767,"date":"2021-10-01T17:28:50","date_gmt":"2021-10-01T15:28:50","guid":{"rendered":"https:\/\/www.laguiadepamplona.com\/actualidad\/?p=36767"},"modified":"2023-04-11T11:48:56","modified_gmt":"2023-04-11T09:48:56","slug":"el-ayuntamiento-recibe-al-consejo-municipal-de-las-personas-mayores-con-motivo-del-dia-internacional-de-las-personas-de-edad","status":"publish","type":"post","link":"https:\/\/www.laguiadepamplona.com\/actualidad\/el-ayuntamiento-recibe-al-consejo-municipal-de-las-personas-mayores-con-motivo-del-dia-internacional-de-las-personas-de-edad\/","title":{"rendered":"El Ayuntamiento recibe al Consejo Municipal de las Personas Mayores, con motivo del D\u00eda Internacional de las Personas de Edad"},"content":{"rendered":"<h5>Han asistido al acto representantes de m\u00e1s de una decena de asociaciones que participan en las reuniones de este \u00f3rgano consultivo municipal<\/h5>\n<p><!--more--><\/p>\n<p>El Consejo Municipal de las Personas Mayores ha sido el protagonista esta ma\u00f1ana de la recepci\u00f3n institucional ofrecida por el Ayuntamiento de Pamplona con motivo del D\u00eda Internacional de las Personas de Edad. El Sal\u00f3n de Recepciones de la Casa Consistorial ha acogido un acto al que han asistido el alcalde de Pamplona, Enrique Maya, miembros de la Corporaci\u00f3n municipal y representantes de las asociaciones participan y forman parte de ese Consejo.<\/p>\n<p>El Consejo Municipal de las Personas Mayores de Pamplona es un \u00f3rgano consultivo, compuesto por representantes de los grupos municipales, de las asociaciones de mayores, de otras instituciones como el Gobierno de Navarra o los sindicatos y por personal t\u00e9cnico municipal. Lo preside el alcalde o, por delegaci\u00f3n, la concejala de Servicios Sociales, Acci\u00f3n Comunitaria y Deporte. El alcalde de Pamplona, Enrique Maya, ha se\u00f1alado que un 22% de la poblaci\u00f3n de la ciudad tiene m\u00e1s de 65 a\u00f1os y ha destacado tambi\u00e9n ese legado de las personas mayores. \u201cNos hab\u00e9is transmitido el valor del esfuerzo, una capacidad de trabajo descomunal y, sobre todo, que los valores no se negocian\u201d.<\/p>\n<p><script async src=\"\/\/pagead2.googlesyndication.com\/pagead\/js\/adsbygoogle.js\"><\/script><br \/>\n<!-- Noticias La Guia de Pamplona --><br \/>\n<ins class=\"adsbygoogle\"\nstyle=\"display:block\"\ndata-ad-client=\"ca-pub-6943679897239327\"\ndata-ad-slot=\"7048180777\"\ndata-ad-format=\"auto\"><\/ins><br \/>\n<script>\n(adsbygoogle = window.adsbygoogle || []).push({});\n<\/script><\/p>\n<p>Por ello y para las personas mayores, el Ayuntamiento de Pamplona ha puesto en marcha programas como \u2018Pamplona llama a la puerta\u2019, presentado este pasado martes, \u2018Siempre acompa\u00f1ados\u2019, \u2018En marcha\u2019 o los \u2018Jueves y viernes ociosos\u2019. Tambi\u00e9n ha intervenido la vicepresidenta del Consejo Municipal de Personas Mayores, Asun Apestegu\u00eda. Como recuerdo de esta recepci\u00f3n, el alcalde le ha entregado una reproducci\u00f3n en plata de la fachada de la Casa Consistorial. La recepci\u00f3n ha concluido con la foto de familia de todas las personas asistentes.<\/p>\n<p>Al acto de esta ma\u00f1ana han acudido representantes de las asociaciones Aulas Tercera Edad Padre Ciriano, Club de Jubilados y Pensionistas Orvina 1200, Asociaci\u00f3n de Jubilados Club Irubide, Asociaci\u00f3n de Mayores de Navarra Sancho el Mayor, Asociaci\u00f3n de Mayores Lacarra, Federaci\u00f3n de Pensionistas y Jubilados de CCOO, Fundaci\u00f3n Uni\u00f3n para la Asistencia e Integraci\u00f3n de la Tercera Edad (UNIATE &#8211; UGT), Club de Jubilados El Vergel, Asociaci\u00f3n de Jubilados El Salvador, Asociaci\u00f3n SECOT, Cruz Roja, Sociedad Navarra de Geriatr\u00eda y Gerontolog\u00eda y Asociaci\u00f3n de Jubilados y Pensionistas El Pilar de Etxabakoitz.<\/p>\n<p><script async src=\"\/\/pagead2.googlesyndication.com\/pagead\/js\/adsbygoogle.js\"><\/script><br \/>\n<!-- Noticias La Guia de Pamplona --><br \/>\n<ins class=\"adsbygoogle\"\nstyle=\"display:block\"\ndata-ad-client=\"ca-pub-6943679897239327\"\ndata-ad-slot=\"7048180777\"\ndata-ad-format=\"auto\"><\/ins><br \/>\n<script>\n(adsbygoogle = window.adsbygoogle || []).push({});\n<\/script><\/p>\n<p><strong>Declaraci\u00f3n institucional que reconocer la aportaci\u00f3n de las personas mayores<\/strong><\/p>\n<p>Con motivo de la celebraci\u00f3n este viernes del D\u00eda Internacional de las Personas Mayores, la Comisi\u00f3n de Asuntos Ciudadanos del Ayuntamiento de Pamplona aprob\u00f3 el pasado martes una declaraci\u00f3n institucional para \u201cpromover desde el Consejo Municipal de Personas Mayores, como principal \u00f3rgano de consulta, campa\u00f1as de visibilizaci\u00f3n del valor del buen trato a las personas mayores, as\u00ed como el dise\u00f1o de estrategias transversales en contra de conductas discriminatorias en raz\u00f3n a la edad que las personas mayores se enfrentan a diario y que les pueden llevar a la exclusi\u00f3n social, marginaci\u00f3n y al deterioro de su salud f\u00edsica y mental\u201d.<\/p>\n<p>Asimismo, esa declaraci\u00f3n pone en valor y reconoce \u201caportaci\u00f3n diaria de las personas mayores, aportaci\u00f3n social, econ\u00f3mica, cultural, y en general en todos los \u00e1mbitos\u201d. Se acuerda tambi\u00e9n, en un tercer apartado de la declaraci\u00f3n, \u201ccontinuar con las l\u00edneas de prevenci\u00f3n de la dependencia y de la soledad, y promoci\u00f3n de la autonom\u00eda a trav\u00e9s de programas espec\u00edficos que ayuden a lograr estos fines\u201d<\/p>\n<p><script async src=\"\/\/pagead2.googlesyndication.com\/pagead\/js\/adsbygoogle.js\"><\/script><br \/>\n<!-- Noticias La Guia de Pamplona --><br \/>\n<ins class=\"adsbygoogle\"\nstyle=\"display:block\"\ndata-ad-client=\"ca-pub-6943679897239327\"\ndata-ad-slot=\"7048180777\"\ndata-ad-format=\"auto\"><\/ins><br \/>\n<script>\n(adsbygoogle = window.adsbygoogle || []).push({});\n<\/script><\/p>\n<p><strong>Sobre el Consejo Municipal de las Personas Mayores<\/strong><\/p>\n<p>El Consejo Municipal de las Personas Mayores se concibe se cre\u00f3 en 2012 \u201ccomo \u00f3rgano de participaci\u00f3n ciudadana de car\u00e1cter consultivo, que promover\u00e1 el intercambio, puesta en com\u00fan y adopci\u00f3n de soluciones necesarias ante las nuevas necesidades que se plantean con relaci\u00f3n a la atenci\u00f3n de las personas mayores\u201d, seg\u00fan recoge su reglamento. Este Consejo \u201cgozar\u00e1 de autonom\u00eda en el ejercicio de las funciones de naturaleza consultiva, de propuesta, informaci\u00f3n y asesoramiento a los \u00f3rganos del Ayuntamiento de Pamplona que tengan encomendados los servicios y las medidas de pol\u00edtica social para las personas mayores\u201d.<\/p>\n<p>Se le reconocen, entre otras, funciones de interlocutor de las personas mayores \u201ccon el objeto de favorecer la participaci\u00f3n activa, tanto en el \u00e1mbito social, pol\u00edtico como cultural\u201d; la realizaci\u00f3n del \u201cseguimiento, control y evaluaci\u00f3n de la gesti\u00f3n municipal que se desarrolle en materia de atenci\u00f3n a personas mayores\u201d; la promoci\u00f3n de las \u201cactuaciones y medidas que impulsen y fomenten el voluntariado social por y para los mayores, as\u00ed como la solidaridad intergeneracional\u201d; o la promoci\u00f3n y\/o realizaci\u00f3n de acciones de informaci\u00f3n y divulgaci\u00f3n sobre normativa, programas y recursos en marcha o en proyecto, que afecten a las personas mayores.<\/p>\n","protected":false},"excerpt":{"rendered":"<p>Han asistido al acto representantes de m\u00e1s de una decena de asociaciones que participan en las reuniones de este \u00f3rgano consultivo municipal<\/p>\n","protected":false},"author":1,"featured_media":36768,"comment_status":"open","ping_status":"closed","sticky":false,"template":"","format":"standard","meta":{"footnotes":""},"categories":[2],"tags":[],"class_list":["post-36767","post","type-post","status-publish","format-standard","has-post-thumbnail","hentry","category-ayuntamiento-pamplona"],"yoast_head":"<!-- This site is optimized with the Yoast SEO plugin v27.5 - https:\/\/yoast.com\/product\/yoast-seo-wordpress\/ -->\n<title>El Ayuntamiento recibe al Consejo Municipal de las Personas Mayores, con motivo del D\u00eda Internacional de las Personas de Edad<\/title>\n<meta name=\"description\" content=\"Han asistido al acto representantes de m\u00e1s de una decena de asociaciones que participan en las reuniones de este \u00f3rgano consultivo municipal\" \/>\n<meta name=\"robots\" content=\"index, follow, max-snippet:-1, max-image-preview:large, max-video-preview:-1\" \/>\n<link rel=\"canonical\" href=\"https:\/\/www.laguiadepamplona.com\/actualidad\/el-ayuntamiento-recibe-al-consejo-municipal-de-las-personas-mayores-con-motivo-del-dia-internacional-de-las-personas-de-edad\/\" \/>\n<meta property=\"og:locale\" content=\"es_ES\" \/>\n<meta property=\"og:type\" content=\"article\" \/>\n<meta property=\"og:title\" content=\"El Ayuntamiento recibe al Consejo Municipal de las Personas Mayores, con motivo del D\u00eda Internacional de las Personas de Edad\" \/>\n<meta property=\"og:description\" content=\"Han asistido al acto representantes de m\u00e1s de una decena de asociaciones que participan en las reuniones de este \u00f3rgano consultivo municipal\" \/>\n<meta property=\"og:url\" content=\"https:\/\/www.laguiadepamplona.com\/actualidad\/el-ayuntamiento-recibe-al-consejo-municipal-de-las-personas-mayores-con-motivo-del-dia-internacional-de-las-personas-de-edad\/\" \/>\n<meta property=\"og:site_name\" content=\"La Gu\u00eda de Pamplona\" \/>\n<meta property=\"article:publisher\" content=\"https:\/\/www.facebook.com\/laguiadepamplonacom-133175176762273\/?ref=hl\" \/>\n<meta property=\"article:published_time\" content=\"2021-10-01T15:28:50+00:00\" \/>\n<meta property=\"article:modified_time\" content=\"2023-04-11T09:48:56+00:00\" \/>\n<meta property=\"og:image\" content=\"https:\/\/www.laguiadepamplona.com\/actualidad\/wp-content\/uploads\/2021\/10\/mayoresjmg8229_0.jpg\" \/>\n\t<meta property=\"og:image:width\" content=\"1920\" \/>\n\t<meta property=\"og:image:height\" content=\"1280\" \/>\n\t<meta property=\"og:image:type\" content=\"image\/jpeg\" \/>\n<meta name=\"author\" content=\"La Gu\u00eda de Pamplona\" \/>\n<meta name=\"twitter:card\" content=\"summary_large_image\" \/>\n<meta name=\"twitter:creator\" content=\"@LaGuiadPamplona\" \/>\n<meta name=\"twitter:site\" content=\"@LaGuiadPamplona\" \/>\n<meta name=\"twitter:label1\" content=\"Escrito por\" \/>\n\t<meta name=\"twitter:data1\" content=\"La Gu\u00eda de Pamplona\" \/>\n\t<meta name=\"twitter:label2\" content=\"Tiempo de lectura\" \/>\n\t<meta name=\"twitter:data2\" content=\"4 minutos\" \/>\n<script type=\"application\/ld+json\" class=\"yoast-schema-graph\">{\"@context\":\"https:\\\/\\\/schema.org\",\"@graph\":[{\"@type\":\"Article\",\"@id\":\"https:\\\/\\\/www.laguiadepamplona.com\\\/actualidad\\\/el-ayuntamiento-recibe-al-consejo-municipal-de-las-personas-mayores-con-motivo-del-dia-internacional-de-las-personas-de-edad\\\/#article\",\"isPartOf\":{\"@id\":\"https:\\\/\\\/www.laguiadepamplona.com\\\/actualidad\\\/el-ayuntamiento-recibe-al-consejo-municipal-de-las-personas-mayores-con-motivo-del-dia-internacional-de-las-personas-de-edad\\\/\"},\"author\":{\"name\":\"La Gu\u00eda de Pamplona\",\"@id\":\"https:\\\/\\\/www.laguiadepamplona.com\\\/actualidad\\\/#\\\/schema\\\/person\\\/efe887376f0213d4657c93adc50b1fdb\"},\"headline\":\"El Ayuntamiento recibe al Consejo Municipal de las Personas Mayores, con motivo del D\u00eda Internacional de las Personas de Edad\",\"datePublished\":\"2021-10-01T15:28:50+00:00\",\"dateModified\":\"2023-04-11T09:48:56+00:00\",\"mainEntityOfPage\":{\"@id\":\"https:\\\/\\\/www.laguiadepamplona.com\\\/actualidad\\\/el-ayuntamiento-recibe-al-consejo-municipal-de-las-personas-mayores-con-motivo-del-dia-internacional-de-las-personas-de-edad\\\/\"},\"wordCount\":853,\"commentCount\":0,\"publisher\":{\"@id\":\"https:\\\/\\\/www.laguiadepamplona.com\\\/actualidad\\\/#organization\"},\"image\":{\"@id\":\"https:\\\/\\\/www.laguiadepamplona.com\\\/actualidad\\\/el-ayuntamiento-recibe-al-consejo-municipal-de-las-personas-mayores-con-motivo-del-dia-internacional-de-las-personas-de-edad\\\/#primaryimage\"},\"thumbnailUrl\":\"https:\\\/\\\/www.laguiadepamplona.com\\\/actualidad\\\/wp-content\\\/uploads\\\/2021\\\/10\\\/mayoresjmg8229_0.jpg\",\"articleSection\":[\"Ayto Pamplona\"],\"inLanguage\":\"es\",\"potentialAction\":[{\"@type\":\"CommentAction\",\"name\":\"Comment\",\"target\":[\"https:\\\/\\\/www.laguiadepamplona.com\\\/actualidad\\\/el-ayuntamiento-recibe-al-consejo-municipal-de-las-personas-mayores-con-motivo-del-dia-internacional-de-las-personas-de-edad\\\/#respond\"]}]},{\"@type\":\"WebPage\",\"@id\":\"https:\\\/\\\/www.laguiadepamplona.com\\\/actualidad\\\/el-ayuntamiento-recibe-al-consejo-municipal-de-las-personas-mayores-con-motivo-del-dia-internacional-de-las-personas-de-edad\\\/\",\"url\":\"https:\\\/\\\/www.laguiadepamplona.com\\\/actualidad\\\/el-ayuntamiento-recibe-al-consejo-municipal-de-las-personas-mayores-con-motivo-del-dia-internacional-de-las-personas-de-edad\\\/\",\"name\":\"El Ayuntamiento recibe al Consejo Municipal de las Personas Mayores, con motivo del D\u00eda Internacional de las Personas de Edad\",\"isPartOf\":{\"@id\":\"https:\\\/\\\/www.laguiadepamplona.com\\\/actualidad\\\/#website\"},\"primaryImageOfPage\":{\"@id\":\"https:\\\/\\\/www.laguiadepamplona.com\\\/actualidad\\\/el-ayuntamiento-recibe-al-consejo-municipal-de-las-personas-mayores-con-motivo-del-dia-internacional-de-las-personas-de-edad\\\/#primaryimage\"},\"image\":{\"@id\":\"https:\\\/\\\/www.laguiadepamplona.com\\\/actualidad\\\/el-ayuntamiento-recibe-al-consejo-municipal-de-las-personas-mayores-con-motivo-del-dia-internacional-de-las-personas-de-edad\\\/#primaryimage\"},\"thumbnailUrl\":\"https:\\\/\\\/www.laguiadepamplona.com\\\/actualidad\\\/wp-content\\\/uploads\\\/2021\\\/10\\\/mayoresjmg8229_0.jpg\",\"datePublished\":\"2021-10-01T15:28:50+00:00\",\"dateModified\":\"2023-04-11T09:48:56+00:00\",\"description\":\"Han asistido al acto representantes de m\u00e1s de una decena de asociaciones que participan en las reuniones de este \u00f3rgano consultivo municipal\",\"breadcrumb\":{\"@id\":\"https:\\\/\\\/www.laguiadepamplona.com\\\/actualidad\\\/el-ayuntamiento-recibe-al-consejo-municipal-de-las-personas-mayores-con-motivo-del-dia-internacional-de-las-personas-de-edad\\\/#breadcrumb\"},\"inLanguage\":\"es\",\"potentialAction\":[{\"@type\":\"ReadAction\",\"target\":[\"https:\\\/\\\/www.laguiadepamplona.com\\\/actualidad\\\/el-ayuntamiento-recibe-al-consejo-municipal-de-las-personas-mayores-con-motivo-del-dia-internacional-de-las-personas-de-edad\\\/\"]}]},{\"@type\":\"ImageObject\",\"inLanguage\":\"es\",\"@id\":\"https:\\\/\\\/www.laguiadepamplona.com\\\/actualidad\\\/el-ayuntamiento-recibe-al-consejo-municipal-de-las-personas-mayores-con-motivo-del-dia-internacional-de-las-personas-de-edad\\\/#primaryimage\",\"url\":\"https:\\\/\\\/www.laguiadepamplona.com\\\/actualidad\\\/wp-content\\\/uploads\\\/2021\\\/10\\\/mayoresjmg8229_0.jpg\",\"contentUrl\":\"https:\\\/\\\/www.laguiadepamplona.com\\\/actualidad\\\/wp-content\\\/uploads\\\/2021\\\/10\\\/mayoresjmg8229_0.jpg\",\"width\":1920,\"height\":1280,\"caption\":\"A* Jes\u00fas Garzaron F* 2021_10_01 T* Recepci\u00f3n al Consejo del Mayor L* Sal\u00f3n de Recepciones\"},{\"@type\":\"BreadcrumbList\",\"@id\":\"https:\\\/\\\/www.laguiadepamplona.com\\\/actualidad\\\/el-ayuntamiento-recibe-al-consejo-municipal-de-las-personas-mayores-con-motivo-del-dia-internacional-de-las-personas-de-edad\\\/#breadcrumb\",\"itemListElement\":[{\"@type\":\"ListItem\",\"position\":1,\"name\":\"Portada\",\"item\":\"https:\\\/\\\/www.laguiadepamplona.com\\\/actualidad\\\/\"},{\"@type\":\"ListItem\",\"position\":2,\"name\":\"El Ayuntamiento recibe al Consejo Municipal de las Personas Mayores, con motivo del D\u00eda Internacional de las Personas de Edad\"}]},{\"@type\":\"WebSite\",\"@id\":\"https:\\\/\\\/www.laguiadepamplona.com\\\/actualidad\\\/#website\",\"url\":\"https:\\\/\\\/www.laguiadepamplona.com\\\/actualidad\\\/\",\"name\":\"La gu\u00eda de Pamplona\",\"description\":\"Noticias de Pamplona\",\"publisher\":{\"@id\":\"https:\\\/\\\/www.laguiadepamplona.com\\\/actualidad\\\/#organization\"},\"potentialAction\":[{\"@type\":\"SearchAction\",\"target\":{\"@type\":\"EntryPoint\",\"urlTemplate\":\"https:\\\/\\\/www.laguiadepamplona.com\\\/actualidad\\\/?s={search_term_string}\"},\"query-input\":{\"@type\":\"PropertyValueSpecification\",\"valueRequired\":true,\"valueName\":\"search_term_string\"}}],\"inLanguage\":\"es\"},{\"@type\":\"Organization\",\"@id\":\"https:\\\/\\\/www.laguiadepamplona.com\\\/actualidad\\\/#organization\",\"name\":\"La Gu\u00eda de Pamplona \\\/ Noticias\",\"url\":\"https:\\\/\\\/www.laguiadepamplona.com\\\/actualidad\\\/\",\"logo\":{\"@type\":\"ImageObject\",\"inLanguage\":\"es\",\"@id\":\"https:\\\/\\\/www.laguiadepamplona.com\\\/actualidad\\\/#\\\/schema\\\/logo\\\/image\\\/\",\"url\":\"https:\\\/\\\/www.laguiadepamplona.com\\\/actualidad\\\/wp-content\\\/uploads\\\/2018\\\/11\\\/logo-laguiadepamplona18-web1.png\",\"contentUrl\":\"https:\\\/\\\/www.laguiadepamplona.com\\\/actualidad\\\/wp-content\\\/uploads\\\/2018\\\/11\\\/logo-laguiadepamplona18-web1.png\",\"width\":600,\"height\":196,\"caption\":\"La Gu\u00eda de Pamplona \\\/ Noticias\"},\"image\":{\"@id\":\"https:\\\/\\\/www.laguiadepamplona.com\\\/actualidad\\\/#\\\/schema\\\/logo\\\/image\\\/\"},\"sameAs\":[\"https:\\\/\\\/www.facebook.com\\\/laguiadepamplonacom-133175176762273\\\/?ref=hl\",\"https:\\\/\\\/x.com\\\/LaGuiadPamplona\",\"https:\\\/\\\/www.instagram.com\\\/la_guia_de_pamplona\\\/\",\"https:\\\/\\\/www.youtube.com\\\/user\\\/laguiadepamplona\"]},{\"@type\":\"Person\",\"@id\":\"https:\\\/\\\/www.laguiadepamplona.com\\\/actualidad\\\/#\\\/schema\\\/person\\\/efe887376f0213d4657c93adc50b1fdb\",\"name\":\"La Gu\u00eda de Pamplona\",\"image\":{\"@type\":\"ImageObject\",\"inLanguage\":\"es\",\"@id\":\"https:\\\/\\\/secure.gravatar.com\\\/avatar\\\/b6992f131dc8d30ab0dff15446e9d346d9dbd95992de0fef795073f5ea83a81c?s=96&d=mm&r=g\",\"url\":\"https:\\\/\\\/secure.gravatar.com\\\/avatar\\\/b6992f131dc8d30ab0dff15446e9d346d9dbd95992de0fef795073f5ea83a81c?s=96&d=mm&r=g\",\"contentUrl\":\"https:\\\/\\\/secure.gravatar.com\\\/avatar\\\/b6992f131dc8d30ab0dff15446e9d346d9dbd95992de0fef795073f5ea83a81c?s=96&d=mm&r=g\",\"caption\":\"La Gu\u00eda de Pamplona\"}}]}<\/script>\n<!-- \/ Yoast SEO plugin. -->","yoast_head_json":{"title":"El Ayuntamiento recibe al Consejo Municipal de las Personas Mayores, con motivo del D\u00eda Internacional de las Personas de Edad","description":"Han asistido al acto representantes de m\u00e1s de una decena de asociaciones que participan en las reuniones de este \u00f3rgano consultivo municipal","robots":{"index":"index","follow":"follow","max-snippet":"max-snippet:-1","max-image-preview":"max-image-preview:large","max-video-preview":"max-video-preview:-1"},"canonical":"https:\/\/www.laguiadepamplona.com\/actualidad\/el-ayuntamiento-recibe-al-consejo-municipal-de-las-personas-mayores-con-motivo-del-dia-internacional-de-las-personas-de-edad\/","og_locale":"es_ES","og_type":"article","og_title":"El Ayuntamiento recibe al Consejo Municipal de las Personas Mayores, con motivo del D\u00eda Internacional de las Personas de Edad","og_description":"Han asistido al acto representantes de m\u00e1s de una decena de asociaciones que participan en las reuniones de este \u00f3rgano consultivo municipal","og_url":"https:\/\/www.laguiadepamplona.com\/actualidad\/el-ayuntamiento-recibe-al-consejo-municipal-de-las-personas-mayores-con-motivo-del-dia-internacional-de-las-personas-de-edad\/","og_site_name":"La Gu\u00eda de Pamplona","article_publisher":"https:\/\/www.facebook.com\/laguiadepamplonacom-133175176762273\/?ref=hl","article_published_time":"2021-10-01T15:28:50+00:00","article_modified_time":"2023-04-11T09:48:56+00:00","og_image":[{"width":1920,"height":1280,"url":"https:\/\/www.laguiadepamplona.com\/actualidad\/wp-content\/uploads\/2021\/10\/mayoresjmg8229_0.jpg","type":"image\/jpeg"}],"author":"La Gu\u00eda de Pamplona","twitter_card":"summary_large_image","twitter_creator":"@LaGuiadPamplona","twitter_site":"@LaGuiadPamplona","twitter_misc":{"Escrito por":"La Gu\u00eda de Pamplona","Tiempo de lectura":"4 minutos"},"schema":{"@context":"https:\/\/schema.org","@graph":[{"@type":"Article","@id":"https:\/\/www.laguiadepamplona.com\/actualidad\/el-ayuntamiento-recibe-al-consejo-municipal-de-las-personas-mayores-con-motivo-del-dia-internacional-de-las-personas-de-edad\/#article","isPartOf":{"@id":"https:\/\/www.laguiadepamplona.com\/actualidad\/el-ayuntamiento-recibe-al-consejo-municipal-de-las-personas-mayores-con-motivo-del-dia-internacional-de-las-personas-de-edad\/"},"author":{"name":"La Gu\u00eda de Pamplona","@id":"https:\/\/www.laguiadepamplona.com\/actualidad\/#\/schema\/person\/efe887376f0213d4657c93adc50b1fdb"},"headline":"El Ayuntamiento recibe al Consejo Municipal de las Personas Mayores, con motivo del D\u00eda Internacional de las Personas de Edad","datePublished":"2021-10-01T15:28:50+00:00","dateModified":"2023-04-11T09:48:56+00:00","mainEntityOfPage":{"@id":"https:\/\/www.laguiadepamplona.com\/actualidad\/el-ayuntamiento-recibe-al-consejo-municipal-de-las-personas-mayores-con-motivo-del-dia-internacional-de-las-personas-de-edad\/"},"wordCount":853,"commentCount":0,"publisher":{"@id":"https:\/\/www.laguiadepamplona.com\/actualidad\/#organization"},"image":{"@id":"https:\/\/www.laguiadepamplona.com\/actualidad\/el-ayuntamiento-recibe-al-consejo-municipal-de-las-personas-mayores-con-motivo-del-dia-internacional-de-las-personas-de-edad\/#primaryimage"},"thumbnailUrl":"https:\/\/www.laguiadepamplona.com\/actualidad\/wp-content\/uploads\/2021\/10\/mayoresjmg8229_0.jpg","articleSection":["Ayto Pamplona"],"inLanguage":"es","potentialAction":[{"@type":"CommentAction","name":"Comment","target":["https:\/\/www.laguiadepamplona.com\/actualidad\/el-ayuntamiento-recibe-al-consejo-municipal-de-las-personas-mayores-con-motivo-del-dia-internacional-de-las-personas-de-edad\/#respond"]}]},{"@type":"WebPage","@id":"https:\/\/www.laguiadepamplona.com\/actualidad\/el-ayuntamiento-recibe-al-consejo-municipal-de-las-personas-mayores-con-motivo-del-dia-internacional-de-las-personas-de-edad\/","url":"https:\/\/www.laguiadepamplona.com\/actualidad\/el-ayuntamiento-recibe-al-consejo-municipal-de-las-personas-mayores-con-motivo-del-dia-internacional-de-las-personas-de-edad\/","name":"El Ayuntamiento recibe al Consejo Municipal de las Personas Mayores, con motivo del D\u00eda Internacional de las Personas de Edad","isPartOf":{"@id":"https:\/\/www.laguiadepamplona.com\/actualidad\/#website"},"primaryImageOfPage":{"@id":"https:\/\/www.laguiadepamplona.com\/actualidad\/el-ayuntamiento-recibe-al-consejo-municipal-de-las-personas-mayores-con-motivo-del-dia-internacional-de-las-personas-de-edad\/#primaryimage"},"image":{"@id":"https:\/\/www.laguiadepamplona.com\/actualidad\/el-ayuntamiento-recibe-al-consejo-municipal-de-las-personas-mayores-con-motivo-del-dia-internacional-de-las-personas-de-edad\/#primaryimage"},"thumbnailUrl":"https:\/\/www.laguiadepamplona.com\/actualidad\/wp-content\/uploads\/2021\/10\/mayoresjmg8229_0.jpg","datePublished":"2021-10-01T15:28:50+00:00","dateModified":"2023-04-11T09:48:56+00:00","description":"Han asistido al acto representantes de m\u00e1s de una decena de asociaciones que participan en las reuniones de este \u00f3rgano consultivo municipal","breadcrumb":{"@id":"https:\/\/www.laguiadepamplona.com\/actualidad\/el-ayuntamiento-recibe-al-consejo-municipal-de-las-personas-mayores-con-motivo-del-dia-internacional-de-las-personas-de-edad\/#breadcrumb"},"inLanguage":"es","potentialAction":[{"@type":"ReadAction","target":["https:\/\/www.laguiadepamplona.com\/actualidad\/el-ayuntamiento-recibe-al-consejo-municipal-de-las-personas-mayores-con-motivo-del-dia-internacional-de-las-personas-de-edad\/"]}]},{"@type":"ImageObject","inLanguage":"es","@id":"https:\/\/www.laguiadepamplona.com\/actualidad\/el-ayuntamiento-recibe-al-consejo-municipal-de-las-personas-mayores-con-motivo-del-dia-internacional-de-las-personas-de-edad\/#primaryimage","url":"https:\/\/www.laguiadepamplona.com\/actualidad\/wp-content\/uploads\/2021\/10\/mayoresjmg8229_0.jpg","contentUrl":"https:\/\/www.laguiadepamplona.com\/actualidad\/wp-content\/uploads\/2021\/10\/mayoresjmg8229_0.jpg","width":1920,"height":1280,"caption":"A* Jes\u00fas Garzaron F* 2021_10_01 T* Recepci\u00f3n al Consejo del Mayor L* Sal\u00f3n de Recepciones"},{"@type":"BreadcrumbList","@id":"https:\/\/www.laguiadepamplona.com\/actualidad\/el-ayuntamiento-recibe-al-consejo-municipal-de-las-personas-mayores-con-motivo-del-dia-internacional-de-las-personas-de-edad\/#breadcrumb","itemListElement":[{"@type":"ListItem","position":1,"name":"Portada","item":"https:\/\/www.laguiadepamplona.com\/actualidad\/"},{"@type":"ListItem","position":2,"name":"El Ayuntamiento recibe al Consejo Municipal de las Personas Mayores, con motivo del D\u00eda Internacional de las Personas de Edad"}]},{"@type":"WebSite","@id":"https:\/\/www.laguiadepamplona.com\/actualidad\/#website","url":"https:\/\/www.laguiadepamplona.com\/actualidad\/","name":"La gu\u00eda de Pamplona","description":"Noticias de Pamplona","publisher":{"@id":"https:\/\/www.laguiadepamplona.com\/actualidad\/#organization"},"potentialAction":[{"@type":"SearchAction","target":{"@type":"EntryPoint","urlTemplate":"https:\/\/www.laguiadepamplona.com\/actualidad\/?s={search_term_string}"},"query-input":{"@type":"PropertyValueSpecification","valueRequired":true,"valueName":"search_term_string"}}],"inLanguage":"es"},{"@type":"Organization","@id":"https:\/\/www.laguiadepamplona.com\/actualidad\/#organization","name":"La Gu\u00eda de Pamplona \/ Noticias","url":"https:\/\/www.laguiadepamplona.com\/actualidad\/","logo":{"@type":"ImageObject","inLanguage":"es","@id":"https:\/\/www.laguiadepamplona.com\/actualidad\/#\/schema\/logo\/image\/","url":"https:\/\/www.laguiadepamplona.com\/actualidad\/wp-content\/uploads\/2018\/11\/logo-laguiadepamplona18-web1.png","contentUrl":"https:\/\/www.laguiadepamplona.com\/actualidad\/wp-content\/uploads\/2018\/11\/logo-laguiadepamplona18-web1.png","width":600,"height":196,"caption":"La Gu\u00eda de Pamplona \/ Noticias"},"image":{"@id":"https:\/\/www.laguiadepamplona.com\/actualidad\/#\/schema\/logo\/image\/"},"sameAs":["https:\/\/www.facebook.com\/laguiadepamplonacom-133175176762273\/?ref=hl","https:\/\/x.com\/LaGuiadPamplona","https:\/\/www.instagram.com\/la_guia_de_pamplona\/","https:\/\/www.youtube.com\/user\/laguiadepamplona"]},{"@type":"Person","@id":"https:\/\/www.laguiadepamplona.com\/actualidad\/#\/schema\/person\/efe887376f0213d4657c93adc50b1fdb","name":"La Gu\u00eda de Pamplona","image":{"@type":"ImageObject","inLanguage":"es","@id":"https:\/\/secure.gravatar.com\/avatar\/b6992f131dc8d30ab0dff15446e9d346d9dbd95992de0fef795073f5ea83a81c?s=96&d=mm&r=g","url":"https:\/\/secure.gravatar.com\/avatar\/b6992f131dc8d30ab0dff15446e9d346d9dbd95992de0fef795073f5ea83a81c?s=96&d=mm&r=g","contentUrl":"https:\/\/secure.gravatar.com\/avatar\/b6992f131dc8d30ab0dff15446e9d346d9dbd95992de0fef795073f5ea83a81c?s=96&d=mm&r=g","caption":"La Gu\u00eda de Pamplona"}}]}},"post_mailing_queue_ids":[],"_links":{"self":[{"href":"https:\/\/www.laguiadepamplona.com\/actualidad\/wp-json\/wp\/v2\/posts\/36767","targetHints":{"allow":["GET"]}}],"collection":[{"href":"https:\/\/www.laguiadepamplona.com\/actualidad\/wp-json\/wp\/v2\/posts"}],"about":[{"href":"https:\/\/www.laguiadepamplona.com\/actualidad\/wp-json\/wp\/v2\/types\/post"}],"author":[{"embeddable":true,"href":"https:\/\/www.laguiadepamplona.com\/actualidad\/wp-json\/wp\/v2\/users\/1"}],"replies":[{"embeddable":true,"href":"https:\/\/www.laguiadepamplona.com\/actualidad\/wp-json\/wp\/v2\/comments?post=36767"}],"version-history":[{"count":0,"href":"https:\/\/www.laguiadepamplona.com\/actualidad\/wp-json\/wp\/v2\/posts\/36767\/revisions"}],"wp:featuredmedia":[{"embeddable":true,"href":"https:\/\/www.laguiadepamplona.com\/actualidad\/wp-json\/wp\/v2\/media\/36768"}],"wp:attachment":[{"href":"https:\/\/www.laguiadepamplona.com\/actualidad\/wp-json\/wp\/v2\/media?parent=36767"}],"wp:term":[{"taxonomy":"category","embeddable":true,"href":"https:\/\/www.laguiadepamplona.com\/actualidad\/wp-json\/wp\/v2\/categories?post=36767"},{"taxonomy":"post_tag","embeddable":true,"href":"https:\/\/www.laguiadepamplona.com\/actualidad\/wp-json\/wp\/v2\/tags?post=36767"}],"curies":[{"name":"wp","href":"https:\/\/api.w.org\/{rel}","templated":true}]}}