{"id":36739,"date":"2021-09-30T12:19:46","date_gmt":"2021-09-30T10:19:46","guid":{"rendered":"https:\/\/www.laguiadepamplona.com\/actualidad\/?p=36739"},"modified":"2023-04-11T11:48:56","modified_gmt":"2023-04-11T09:48:56","slug":"el-ayuntamiento-renovara-antes-de-fin-de-ano-las-aceras-de-las-calles-monte-campamento-y-concejo-de-olaz","status":"publish","type":"post","link":"https:\/\/www.laguiadepamplona.com\/actualidad\/el-ayuntamiento-renovara-antes-de-fin-de-ano-las-aceras-de-las-calles-monte-campamento-y-concejo-de-olaz\/","title":{"rendered":"El Ayuntamiento renovar\u00e1 antes de fin de a\u00f1o las aceras de las calles Monte Campamento y Concejo de Olaz"},"content":{"rendered":"<h5>Este mes se han adjudicado obras en aceras de Mendillorri por un importe cercano al medio mill\u00f3n de euros<\/h5>\n<p><!--more--><\/p>\n<p>El Ayuntamiento de Pamplona va iniciar la renovaci\u00f3n parcial de aceras de las manzanas de las calles Monte Campamento y Concejo de Olaz de Mendillorri. La Junta de Gobierno Local ha adjudicado a la empresa Construcciones y Excavaciones Erri Berri la realizaci\u00f3n de los trabajos de demolici\u00f3n, repavimentaci\u00f3n, jardiner\u00eda y reposici\u00f3n de 2.724 metros de aceras por un importe de 250.680 euros. Los trabajos tienen un plazo de realizaci\u00f3n de tres meses y est\u00e1 previsto que comiencen en una semana.<\/p>\n<p>La semana pasada se adjudicaron los trabajos de un primer lote de renovaci\u00f3n de aceras en ese mismo barrio de forma que, finalmente el conjunto de intervenciones mejorar\u00e1 las aceras de siete calles y una plaza: Monte Campamento, Concejo de Olaz, Se\u00f1or\u00edo de Egulbati, Concejo de El\u00eda, Se\u00f1or\u00edo de Amoc\u00e1in y Concejo de Alzuza. En conjunto, las intervenciones en aceras de Mendillorri adjudicadas este a\u00f1o pr\u00e1cticamente suman el medio mill\u00f3n de euros (499.744 euros).<\/p>\n<p>Estas adjudicaciones se realizan dentro del acuerdo marco por el que se seleccionaron entidades para ejecutar obras de rehabilitaci\u00f3n y acondicionamiento de espacios de las v\u00edas p\u00fablicas de Pamplona y se financian gracias al acuerdo presupuestario suscrito entre los grupos Navarra Suma y Socialistas del Ayuntamiento de Pamplona.<\/p>\n<p><script async src=\"\/\/pagead2.googlesyndication.com\/pagead\/js\/adsbygoogle.js\"><\/script><br \/>\n<!-- Noticias La Guia de Pamplona --><br \/>\n<ins class=\"adsbygoogle\"\nstyle=\"display:block\"\ndata-ad-client=\"ca-pub-6943679897239327\"\ndata-ad-slot=\"7048180777\"\ndata-ad-format=\"auto\"><\/ins><br \/>\n<script>\n(adsbygoogle = window.adsbygoogle || []).push({});\n<\/script><\/p>\n<p><strong>Sin afecciones a la circulaci\u00f3n peatonal o rodada<\/strong><\/p>\n<p>Las renovaciones de aceras en las calles Monte Campamento y Concejo de Olaz seguir\u00e1n la misma pauta est\u00e9tica que las intervenciones anteriores. Las obras comenzar\u00e1n con la demolici\u00f3n y desmontaje de las infraestructuras actuales quitando, tanto baldosa, como en muchos casos la misma solera, para fabricar posteriormente una solera de 12 cm de espesor recubierta por pavimento de baldosa hidr\u00e1ulica de 20&#215;20 cm. En donde sea necesario se recrecer\u00e1n las tapas de los servicios. El bordillo de las aceras ser\u00e1 de piedra caliza de calatorao de 17-19&#215;28 cm, salvo en la docena de zonas ajardinadas afectadas, que se delimitar\u00e1n con bordillo prefabricado de hormig\u00f3n.<\/p>\n<p>Las actuaciones se completar\u00e1n con la reposici\u00f3n de las canalizaciones de agua, alumbrado, electrificaci\u00f3n, saneamiento etc. Durante las obras se trabajar\u00e1 manteniendo el tr\u00e1fico rodado por un lateral y desviando el peatonal por itinerarios seguros, sin obstaculizar el acceso a las viviendas de la zona. Adem\u00e1s, para evitar deterioros de elementos en v\u00eda p\u00fablica, se recubrir\u00e1n con l\u00e1minas de pl\u00e1stico de protecci\u00f3n postes de la luz, se\u00f1ales, etc. las actuaciones en ning\u00fan caso afectar\u00e1n a la circulaci\u00f3n del transporte p\u00fablico.<\/p>\n","protected":false},"excerpt":{"rendered":"<p>Este mes se han adjudicado obras en aceras de Mendillorri por un importe cercano al medio mill\u00f3n de euros<\/p>\n","protected":false},"author":1,"featured_media":31660,"comment_status":"open","ping_status":"closed","sticky":false,"template":"","format":"standard","meta":{"footnotes":""},"categories":[2],"tags":[],"class_list":["post-36739","post","type-post","status-publish","format-standard","has-post-thumbnail","hentry","category-ayuntamiento-pamplona"],"yoast_head":"<!-- This site is optimized with the Yoast SEO plugin v27.5 - https:\/\/yoast.com\/product\/yoast-seo-wordpress\/ -->\n<title>El Ayuntamiento renovar\u00e1 antes de fin de a\u00f1o las aceras de las calles Monte Campamento y Concejo de Olaz<\/title>\n<meta name=\"description\" content=\"Este mes se han adjudicado obras en aceras de Mendillorri por un importe cercano al medio mill\u00f3n de euros\" \/>\n<meta name=\"robots\" content=\"index, follow, max-snippet:-1, max-image-preview:large, max-video-preview:-1\" \/>\n<link rel=\"canonical\" href=\"https:\/\/www.laguiadepamplona.com\/actualidad\/el-ayuntamiento-renovara-antes-de-fin-de-ano-las-aceras-de-las-calles-monte-campamento-y-concejo-de-olaz\/\" \/>\n<meta property=\"og:locale\" content=\"es_ES\" \/>\n<meta property=\"og:type\" content=\"article\" \/>\n<meta property=\"og:title\" content=\"El Ayuntamiento renovar\u00e1 antes de fin de a\u00f1o las aceras de las calles Monte Campamento y Concejo de Olaz\" \/>\n<meta property=\"og:description\" content=\"Este mes se han adjudicado obras en aceras de Mendillorri por un importe cercano al medio mill\u00f3n de euros\" \/>\n<meta property=\"og:url\" content=\"https:\/\/www.laguiadepamplona.com\/actualidad\/el-ayuntamiento-renovara-antes-de-fin-de-ano-las-aceras-de-las-calles-monte-campamento-y-concejo-de-olaz\/\" \/>\n<meta property=\"og:site_name\" content=\"La Gu\u00eda de Pamplona\" \/>\n<meta property=\"article:publisher\" content=\"https:\/\/www.facebook.com\/laguiadepamplonacom-133175176762273\/?ref=hl\" \/>\n<meta property=\"article:published_time\" content=\"2021-09-30T10:19:46+00:00\" \/>\n<meta property=\"article:modified_time\" content=\"2023-04-11T09:48:56+00:00\" \/>\n<meta property=\"og:image\" content=\"https:\/\/www.laguiadepamplona.com\/actualidad\/wp-content\/uploads\/2020\/09\/renovacion-aceras.jpg\" \/>\n\t<meta property=\"og:image:width\" content=\"1080\" \/>\n\t<meta property=\"og:image:height\" content=\"672\" \/>\n\t<meta property=\"og:image:type\" content=\"image\/jpeg\" \/>\n<meta name=\"author\" content=\"La Gu\u00eda de Pamplona\" \/>\n<meta name=\"twitter:card\" content=\"summary_large_image\" \/>\n<meta name=\"twitter:creator\" content=\"@LaGuiadPamplona\" \/>\n<meta name=\"twitter:site\" content=\"@LaGuiadPamplona\" \/>\n<meta name=\"twitter:label1\" content=\"Escrito por\" \/>\n\t<meta name=\"twitter:data1\" content=\"La Gu\u00eda de Pamplona\" \/>\n\t<meta name=\"twitter:label2\" content=\"Tiempo de lectura\" \/>\n\t<meta name=\"twitter:data2\" content=\"2 minutos\" \/>\n<script type=\"application\/ld+json\" class=\"yoast-schema-graph\">{\"@context\":\"https:\\\/\\\/schema.org\",\"@graph\":[{\"@type\":\"Article\",\"@id\":\"https:\\\/\\\/www.laguiadepamplona.com\\\/actualidad\\\/el-ayuntamiento-renovara-antes-de-fin-de-ano-las-aceras-de-las-calles-monte-campamento-y-concejo-de-olaz\\\/#article\",\"isPartOf\":{\"@id\":\"https:\\\/\\\/www.laguiadepamplona.com\\\/actualidad\\\/el-ayuntamiento-renovara-antes-de-fin-de-ano-las-aceras-de-las-calles-monte-campamento-y-concejo-de-olaz\\\/\"},\"author\":{\"name\":\"La Gu\u00eda de Pamplona\",\"@id\":\"https:\\\/\\\/www.laguiadepamplona.com\\\/actualidad\\\/#\\\/schema\\\/person\\\/efe887376f0213d4657c93adc50b1fdb\"},\"headline\":\"El Ayuntamiento renovar\u00e1 antes de fin de a\u00f1o las aceras de las calles Monte Campamento y Concejo de Olaz\",\"datePublished\":\"2021-09-30T10:19:46+00:00\",\"dateModified\":\"2023-04-11T09:48:56+00:00\",\"mainEntityOfPage\":{\"@id\":\"https:\\\/\\\/www.laguiadepamplona.com\\\/actualidad\\\/el-ayuntamiento-renovara-antes-de-fin-de-ano-las-aceras-de-las-calles-monte-campamento-y-concejo-de-olaz\\\/\"},\"wordCount\":476,\"commentCount\":0,\"publisher\":{\"@id\":\"https:\\\/\\\/www.laguiadepamplona.com\\\/actualidad\\\/#organization\"},\"image\":{\"@id\":\"https:\\\/\\\/www.laguiadepamplona.com\\\/actualidad\\\/el-ayuntamiento-renovara-antes-de-fin-de-ano-las-aceras-de-las-calles-monte-campamento-y-concejo-de-olaz\\\/#primaryimage\"},\"thumbnailUrl\":\"https:\\\/\\\/www.laguiadepamplona.com\\\/actualidad\\\/wp-content\\\/uploads\\\/2020\\\/09\\\/renovacion-aceras.jpg\",\"articleSection\":[\"Ayto Pamplona\"],\"inLanguage\":\"es\",\"potentialAction\":[{\"@type\":\"CommentAction\",\"name\":\"Comment\",\"target\":[\"https:\\\/\\\/www.laguiadepamplona.com\\\/actualidad\\\/el-ayuntamiento-renovara-antes-de-fin-de-ano-las-aceras-de-las-calles-monte-campamento-y-concejo-de-olaz\\\/#respond\"]}]},{\"@type\":\"WebPage\",\"@id\":\"https:\\\/\\\/www.laguiadepamplona.com\\\/actualidad\\\/el-ayuntamiento-renovara-antes-de-fin-de-ano-las-aceras-de-las-calles-monte-campamento-y-concejo-de-olaz\\\/\",\"url\":\"https:\\\/\\\/www.laguiadepamplona.com\\\/actualidad\\\/el-ayuntamiento-renovara-antes-de-fin-de-ano-las-aceras-de-las-calles-monte-campamento-y-concejo-de-olaz\\\/\",\"name\":\"El Ayuntamiento renovar\u00e1 antes de fin de a\u00f1o las aceras de las calles Monte Campamento y Concejo de Olaz\",\"isPartOf\":{\"@id\":\"https:\\\/\\\/www.laguiadepamplona.com\\\/actualidad\\\/#website\"},\"primaryImageOfPage\":{\"@id\":\"https:\\\/\\\/www.laguiadepamplona.com\\\/actualidad\\\/el-ayuntamiento-renovara-antes-de-fin-de-ano-las-aceras-de-las-calles-monte-campamento-y-concejo-de-olaz\\\/#primaryimage\"},\"image\":{\"@id\":\"https:\\\/\\\/www.laguiadepamplona.com\\\/actualidad\\\/el-ayuntamiento-renovara-antes-de-fin-de-ano-las-aceras-de-las-calles-monte-campamento-y-concejo-de-olaz\\\/#primaryimage\"},\"thumbnailUrl\":\"https:\\\/\\\/www.laguiadepamplona.com\\\/actualidad\\\/wp-content\\\/uploads\\\/2020\\\/09\\\/renovacion-aceras.jpg\",\"datePublished\":\"2021-09-30T10:19:46+00:00\",\"dateModified\":\"2023-04-11T09:48:56+00:00\",\"description\":\"Este mes se han adjudicado obras en aceras de Mendillorri por un importe cercano al medio mill\u00f3n de euros\",\"breadcrumb\":{\"@id\":\"https:\\\/\\\/www.laguiadepamplona.com\\\/actualidad\\\/el-ayuntamiento-renovara-antes-de-fin-de-ano-las-aceras-de-las-calles-monte-campamento-y-concejo-de-olaz\\\/#breadcrumb\"},\"inLanguage\":\"es\",\"potentialAction\":[{\"@type\":\"ReadAction\",\"target\":[\"https:\\\/\\\/www.laguiadepamplona.com\\\/actualidad\\\/el-ayuntamiento-renovara-antes-de-fin-de-ano-las-aceras-de-las-calles-monte-campamento-y-concejo-de-olaz\\\/\"]}]},{\"@type\":\"ImageObject\",\"inLanguage\":\"es\",\"@id\":\"https:\\\/\\\/www.laguiadepamplona.com\\\/actualidad\\\/el-ayuntamiento-renovara-antes-de-fin-de-ano-las-aceras-de-las-calles-monte-campamento-y-concejo-de-olaz\\\/#primaryimage\",\"url\":\"https:\\\/\\\/www.laguiadepamplona.com\\\/actualidad\\\/wp-content\\\/uploads\\\/2020\\\/09\\\/renovacion-aceras.jpg\",\"contentUrl\":\"https:\\\/\\\/www.laguiadepamplona.com\\\/actualidad\\\/wp-content\\\/uploads\\\/2020\\\/09\\\/renovacion-aceras.jpg\",\"width\":1080,\"height\":672},{\"@type\":\"BreadcrumbList\",\"@id\":\"https:\\\/\\\/www.laguiadepamplona.com\\\/actualidad\\\/el-ayuntamiento-renovara-antes-de-fin-de-ano-las-aceras-de-las-calles-monte-campamento-y-concejo-de-olaz\\\/#breadcrumb\",\"itemListElement\":[{\"@type\":\"ListItem\",\"position\":1,\"name\":\"Portada\",\"item\":\"https:\\\/\\\/www.laguiadepamplona.com\\\/actualidad\\\/\"},{\"@type\":\"ListItem\",\"position\":2,\"name\":\"El Ayuntamiento renovar\u00e1 antes de fin de a\u00f1o las aceras de las calles Monte Campamento y Concejo de Olaz\"}]},{\"@type\":\"WebSite\",\"@id\":\"https:\\\/\\\/www.laguiadepamplona.com\\\/actualidad\\\/#website\",\"url\":\"https:\\\/\\\/www.laguiadepamplona.com\\\/actualidad\\\/\",\"name\":\"La gu\u00eda de Pamplona\",\"description\":\"Noticias de Pamplona\",\"publisher\":{\"@id\":\"https:\\\/\\\/www.laguiadepamplona.com\\\/actualidad\\\/#organization\"},\"potentialAction\":[{\"@type\":\"SearchAction\",\"target\":{\"@type\":\"EntryPoint\",\"urlTemplate\":\"https:\\\/\\\/www.laguiadepamplona.com\\\/actualidad\\\/?s={search_term_string}\"},\"query-input\":{\"@type\":\"PropertyValueSpecification\",\"valueRequired\":true,\"valueName\":\"search_term_string\"}}],\"inLanguage\":\"es\"},{\"@type\":\"Organization\",\"@id\":\"https:\\\/\\\/www.laguiadepamplona.com\\\/actualidad\\\/#organization\",\"name\":\"La Gu\u00eda de Pamplona \\\/ Noticias\",\"url\":\"https:\\\/\\\/www.laguiadepamplona.com\\\/actualidad\\\/\",\"logo\":{\"@type\":\"ImageObject\",\"inLanguage\":\"es\",\"@id\":\"https:\\\/\\\/www.laguiadepamplona.com\\\/actualidad\\\/#\\\/schema\\\/logo\\\/image\\\/\",\"url\":\"https:\\\/\\\/www.laguiadepamplona.com\\\/actualidad\\\/wp-content\\\/uploads\\\/2018\\\/11\\\/logo-laguiadepamplona18-web1.png\",\"contentUrl\":\"https:\\\/\\\/www.laguiadepamplona.com\\\/actualidad\\\/wp-content\\\/uploads\\\/2018\\\/11\\\/logo-laguiadepamplona18-web1.png\",\"width\":600,\"height\":196,\"caption\":\"La Gu\u00eda de Pamplona \\\/ Noticias\"},\"image\":{\"@id\":\"https:\\\/\\\/www.laguiadepamplona.com\\\/actualidad\\\/#\\\/schema\\\/logo\\\/image\\\/\"},\"sameAs\":[\"https:\\\/\\\/www.facebook.com\\\/laguiadepamplonacom-133175176762273\\\/?ref=hl\",\"https:\\\/\\\/x.com\\\/LaGuiadPamplona\",\"https:\\\/\\\/www.instagram.com\\\/la_guia_de_pamplona\\\/\",\"https:\\\/\\\/www.youtube.com\\\/user\\\/laguiadepamplona\"]},{\"@type\":\"Person\",\"@id\":\"https:\\\/\\\/www.laguiadepamplona.com\\\/actualidad\\\/#\\\/schema\\\/person\\\/efe887376f0213d4657c93adc50b1fdb\",\"name\":\"La Gu\u00eda de Pamplona\",\"image\":{\"@type\":\"ImageObject\",\"inLanguage\":\"es\",\"@id\":\"https:\\\/\\\/secure.gravatar.com\\\/avatar\\\/b6992f131dc8d30ab0dff15446e9d346d9dbd95992de0fef795073f5ea83a81c?s=96&d=mm&r=g\",\"url\":\"https:\\\/\\\/secure.gravatar.com\\\/avatar\\\/b6992f131dc8d30ab0dff15446e9d346d9dbd95992de0fef795073f5ea83a81c?s=96&d=mm&r=g\",\"contentUrl\":\"https:\\\/\\\/secure.gravatar.com\\\/avatar\\\/b6992f131dc8d30ab0dff15446e9d346d9dbd95992de0fef795073f5ea83a81c?s=96&d=mm&r=g\",\"caption\":\"La Gu\u00eda de Pamplona\"}}]}<\/script>\n<!-- \/ Yoast SEO plugin. -->","yoast_head_json":{"title":"El Ayuntamiento renovar\u00e1 antes de fin de a\u00f1o las aceras de las calles Monte Campamento y Concejo de Olaz","description":"Este mes se han adjudicado obras en aceras de Mendillorri por un importe cercano al medio mill\u00f3n de euros","robots":{"index":"index","follow":"follow","max-snippet":"max-snippet:-1","max-image-preview":"max-image-preview:large","max-video-preview":"max-video-preview:-1"},"canonical":"https:\/\/www.laguiadepamplona.com\/actualidad\/el-ayuntamiento-renovara-antes-de-fin-de-ano-las-aceras-de-las-calles-monte-campamento-y-concejo-de-olaz\/","og_locale":"es_ES","og_type":"article","og_title":"El Ayuntamiento renovar\u00e1 antes de fin de a\u00f1o las aceras de las calles Monte Campamento y Concejo de Olaz","og_description":"Este mes se han adjudicado obras en aceras de Mendillorri por un importe cercano al medio mill\u00f3n de euros","og_url":"https:\/\/www.laguiadepamplona.com\/actualidad\/el-ayuntamiento-renovara-antes-de-fin-de-ano-las-aceras-de-las-calles-monte-campamento-y-concejo-de-olaz\/","og_site_name":"La Gu\u00eda de Pamplona","article_publisher":"https:\/\/www.facebook.com\/laguiadepamplonacom-133175176762273\/?ref=hl","article_published_time":"2021-09-30T10:19:46+00:00","article_modified_time":"2023-04-11T09:48:56+00:00","og_image":[{"width":1080,"height":672,"url":"https:\/\/www.laguiadepamplona.com\/actualidad\/wp-content\/uploads\/2020\/09\/renovacion-aceras.jpg","type":"image\/jpeg"}],"author":"La Gu\u00eda de Pamplona","twitter_card":"summary_large_image","twitter_creator":"@LaGuiadPamplona","twitter_site":"@LaGuiadPamplona","twitter_misc":{"Escrito por":"La Gu\u00eda de Pamplona","Tiempo de lectura":"2 minutos"},"schema":{"@context":"https:\/\/schema.org","@graph":[{"@type":"Article","@id":"https:\/\/www.laguiadepamplona.com\/actualidad\/el-ayuntamiento-renovara-antes-de-fin-de-ano-las-aceras-de-las-calles-monte-campamento-y-concejo-de-olaz\/#article","isPartOf":{"@id":"https:\/\/www.laguiadepamplona.com\/actualidad\/el-ayuntamiento-renovara-antes-de-fin-de-ano-las-aceras-de-las-calles-monte-campamento-y-concejo-de-olaz\/"},"author":{"name":"La Gu\u00eda de Pamplona","@id":"https:\/\/www.laguiadepamplona.com\/actualidad\/#\/schema\/person\/efe887376f0213d4657c93adc50b1fdb"},"headline":"El Ayuntamiento renovar\u00e1 antes de fin de a\u00f1o las aceras de las calles Monte Campamento y Concejo de Olaz","datePublished":"2021-09-30T10:19:46+00:00","dateModified":"2023-04-11T09:48:56+00:00","mainEntityOfPage":{"@id":"https:\/\/www.laguiadepamplona.com\/actualidad\/el-ayuntamiento-renovara-antes-de-fin-de-ano-las-aceras-de-las-calles-monte-campamento-y-concejo-de-olaz\/"},"wordCount":476,"commentCount":0,"publisher":{"@id":"https:\/\/www.laguiadepamplona.com\/actualidad\/#organization"},"image":{"@id":"https:\/\/www.laguiadepamplona.com\/actualidad\/el-ayuntamiento-renovara-antes-de-fin-de-ano-las-aceras-de-las-calles-monte-campamento-y-concejo-de-olaz\/#primaryimage"},"thumbnailUrl":"https:\/\/www.laguiadepamplona.com\/actualidad\/wp-content\/uploads\/2020\/09\/renovacion-aceras.jpg","articleSection":["Ayto Pamplona"],"inLanguage":"es","potentialAction":[{"@type":"CommentAction","name":"Comment","target":["https:\/\/www.laguiadepamplona.com\/actualidad\/el-ayuntamiento-renovara-antes-de-fin-de-ano-las-aceras-de-las-calles-monte-campamento-y-concejo-de-olaz\/#respond"]}]},{"@type":"WebPage","@id":"https:\/\/www.laguiadepamplona.com\/actualidad\/el-ayuntamiento-renovara-antes-de-fin-de-ano-las-aceras-de-las-calles-monte-campamento-y-concejo-de-olaz\/","url":"https:\/\/www.laguiadepamplona.com\/actualidad\/el-ayuntamiento-renovara-antes-de-fin-de-ano-las-aceras-de-las-calles-monte-campamento-y-concejo-de-olaz\/","name":"El Ayuntamiento renovar\u00e1 antes de fin de a\u00f1o las aceras de las calles Monte Campamento y Concejo de Olaz","isPartOf":{"@id":"https:\/\/www.laguiadepamplona.com\/actualidad\/#website"},"primaryImageOfPage":{"@id":"https:\/\/www.laguiadepamplona.com\/actualidad\/el-ayuntamiento-renovara-antes-de-fin-de-ano-las-aceras-de-las-calles-monte-campamento-y-concejo-de-olaz\/#primaryimage"},"image":{"@id":"https:\/\/www.laguiadepamplona.com\/actualidad\/el-ayuntamiento-renovara-antes-de-fin-de-ano-las-aceras-de-las-calles-monte-campamento-y-concejo-de-olaz\/#primaryimage"},"thumbnailUrl":"https:\/\/www.laguiadepamplona.com\/actualidad\/wp-content\/uploads\/2020\/09\/renovacion-aceras.jpg","datePublished":"2021-09-30T10:19:46+00:00","dateModified":"2023-04-11T09:48:56+00:00","description":"Este mes se han adjudicado obras en aceras de Mendillorri por un importe cercano al medio mill\u00f3n de euros","breadcrumb":{"@id":"https:\/\/www.laguiadepamplona.com\/actualidad\/el-ayuntamiento-renovara-antes-de-fin-de-ano-las-aceras-de-las-calles-monte-campamento-y-concejo-de-olaz\/#breadcrumb"},"inLanguage":"es","potentialAction":[{"@type":"ReadAction","target":["https:\/\/www.laguiadepamplona.com\/actualidad\/el-ayuntamiento-renovara-antes-de-fin-de-ano-las-aceras-de-las-calles-monte-campamento-y-concejo-de-olaz\/"]}]},{"@type":"ImageObject","inLanguage":"es","@id":"https:\/\/www.laguiadepamplona.com\/actualidad\/el-ayuntamiento-renovara-antes-de-fin-de-ano-las-aceras-de-las-calles-monte-campamento-y-concejo-de-olaz\/#primaryimage","url":"https:\/\/www.laguiadepamplona.com\/actualidad\/wp-content\/uploads\/2020\/09\/renovacion-aceras.jpg","contentUrl":"https:\/\/www.laguiadepamplona.com\/actualidad\/wp-content\/uploads\/2020\/09\/renovacion-aceras.jpg","width":1080,"height":672},{"@type":"BreadcrumbList","@id":"https:\/\/www.laguiadepamplona.com\/actualidad\/el-ayuntamiento-renovara-antes-de-fin-de-ano-las-aceras-de-las-calles-monte-campamento-y-concejo-de-olaz\/#breadcrumb","itemListElement":[{"@type":"ListItem","position":1,"name":"Portada","item":"https:\/\/www.laguiadepamplona.com\/actualidad\/"},{"@type":"ListItem","position":2,"name":"El Ayuntamiento renovar\u00e1 antes de fin de a\u00f1o las aceras de las calles Monte Campamento y Concejo de Olaz"}]},{"@type":"WebSite","@id":"https:\/\/www.laguiadepamplona.com\/actualidad\/#website","url":"https:\/\/www.laguiadepamplona.com\/actualidad\/","name":"La gu\u00eda de Pamplona","description":"Noticias de Pamplona","publisher":{"@id":"https:\/\/www.laguiadepamplona.com\/actualidad\/#organization"},"potentialAction":[{"@type":"SearchAction","target":{"@type":"EntryPoint","urlTemplate":"https:\/\/www.laguiadepamplona.com\/actualidad\/?s={search_term_string}"},"query-input":{"@type":"PropertyValueSpecification","valueRequired":true,"valueName":"search_term_string"}}],"inLanguage":"es"},{"@type":"Organization","@id":"https:\/\/www.laguiadepamplona.com\/actualidad\/#organization","name":"La Gu\u00eda de Pamplona \/ Noticias","url":"https:\/\/www.laguiadepamplona.com\/actualidad\/","logo":{"@type":"ImageObject","inLanguage":"es","@id":"https:\/\/www.laguiadepamplona.com\/actualidad\/#\/schema\/logo\/image\/","url":"https:\/\/www.laguiadepamplona.com\/actualidad\/wp-content\/uploads\/2018\/11\/logo-laguiadepamplona18-web1.png","contentUrl":"https:\/\/www.laguiadepamplona.com\/actualidad\/wp-content\/uploads\/2018\/11\/logo-laguiadepamplona18-web1.png","width":600,"height":196,"caption":"La Gu\u00eda de Pamplona \/ Noticias"},"image":{"@id":"https:\/\/www.laguiadepamplona.com\/actualidad\/#\/schema\/logo\/image\/"},"sameAs":["https:\/\/www.facebook.com\/laguiadepamplonacom-133175176762273\/?ref=hl","https:\/\/x.com\/LaGuiadPamplona","https:\/\/www.instagram.com\/la_guia_de_pamplona\/","https:\/\/www.youtube.com\/user\/laguiadepamplona"]},{"@type":"Person","@id":"https:\/\/www.laguiadepamplona.com\/actualidad\/#\/schema\/person\/efe887376f0213d4657c93adc50b1fdb","name":"La Gu\u00eda de Pamplona","image":{"@type":"ImageObject","inLanguage":"es","@id":"https:\/\/secure.gravatar.com\/avatar\/b6992f131dc8d30ab0dff15446e9d346d9dbd95992de0fef795073f5ea83a81c?s=96&d=mm&r=g","url":"https:\/\/secure.gravatar.com\/avatar\/b6992f131dc8d30ab0dff15446e9d346d9dbd95992de0fef795073f5ea83a81c?s=96&d=mm&r=g","contentUrl":"https:\/\/secure.gravatar.com\/avatar\/b6992f131dc8d30ab0dff15446e9d346d9dbd95992de0fef795073f5ea83a81c?s=96&d=mm&r=g","caption":"La Gu\u00eda de Pamplona"}}]}},"post_mailing_queue_ids":[],"_links":{"self":[{"href":"https:\/\/www.laguiadepamplona.com\/actualidad\/wp-json\/wp\/v2\/posts\/36739","targetHints":{"allow":["GET"]}}],"collection":[{"href":"https:\/\/www.laguiadepamplona.com\/actualidad\/wp-json\/wp\/v2\/posts"}],"about":[{"href":"https:\/\/www.laguiadepamplona.com\/actualidad\/wp-json\/wp\/v2\/types\/post"}],"author":[{"embeddable":true,"href":"https:\/\/www.laguiadepamplona.com\/actualidad\/wp-json\/wp\/v2\/users\/1"}],"replies":[{"embeddable":true,"href":"https:\/\/www.laguiadepamplona.com\/actualidad\/wp-json\/wp\/v2\/comments?post=36739"}],"version-history":[{"count":0,"href":"https:\/\/www.laguiadepamplona.com\/actualidad\/wp-json\/wp\/v2\/posts\/36739\/revisions"}],"wp:featuredmedia":[{"embeddable":true,"href":"https:\/\/www.laguiadepamplona.com\/actualidad\/wp-json\/wp\/v2\/media\/31660"}],"wp:attachment":[{"href":"https:\/\/www.laguiadepamplona.com\/actualidad\/wp-json\/wp\/v2\/media?parent=36739"}],"wp:term":[{"taxonomy":"category","embeddable":true,"href":"https:\/\/www.laguiadepamplona.com\/actualidad\/wp-json\/wp\/v2\/categories?post=36739"},{"taxonomy":"post_tag","embeddable":true,"href":"https:\/\/www.laguiadepamplona.com\/actualidad\/wp-json\/wp\/v2\/tags?post=36739"}],"curies":[{"name":"wp","href":"https:\/\/api.w.org\/{rel}","templated":true}]}}