{"id":36700,"date":"2021-09-28T13:37:00","date_gmt":"2021-09-28T11:37:00","guid":{"rendered":"https:\/\/www.laguiadepamplona.com\/actualidad\/?p=36700"},"modified":"2023-04-11T11:48:57","modified_gmt":"2023-04-11T09:48:57","slug":"el-ayuntamiento-de-pamplona-se-suma-simbolicamente-a-la-concienciacion-sobre-la-perdida-y-desperdicio-de-alimentos","status":"publish","type":"post","link":"https:\/\/www.laguiadepamplona.com\/actualidad\/el-ayuntamiento-de-pamplona-se-suma-simbolicamente-a-la-concienciacion-sobre-la-perdida-y-desperdicio-de-alimentos\/","title":{"rendered":"El Ayuntamiento de Pamplona se suma simb\u00f3licamente a la concienciaci\u00f3n sobre la p\u00e9rdida y desperdicio de alimentos"},"content":{"rendered":"<h5>Este mi\u00e9rcoles, en el D\u00eda Internacional de concienciaci\u00f3n sobre esta realidad, la fachada de la Casa Consistorial se iluminar\u00e1 de color verde<\/h5>\n<p><!--more--><\/p>\n<p>La fachada de la Casa Consistorial del Ayuntamiento de Pamplona se iluminar\u00e1 ma\u00f1ana mi\u00e9rcoles de color verde para sumarse con este gesto al D\u00eda Internacional de Concienciaci\u00f3n sobre la P\u00e9rdida y el Desperdicio de Alimentos. El Consistorio atiende as\u00ed la petici\u00f3n para unirse a esta causa recibida desde la Asociaci\u00f3n Sonrisas de Comida.<\/p>\n<p>La Asamblea General de las Naciones Unidas design\u00f3 hace dos a\u00f1os el 29 de septiembre como D\u00eda Internacional de concienciaci\u00f3n sobre la p\u00e9rdida y el desperdicio de alimentos, reconociendo que la celebraci\u00f3n de dicho d\u00eda contribuir\u00eda significativamente a sensibilizar sobre la importancia de este problema y sus posibles soluciones en todos los planos y a promover esfuerzos mundiales y medidas colectivas con miras al cumplimiento de la meta\u00a012.3 de los Objetivos de Desarrollo Sostenible. La FAO y el Programa de las Naciones Unidas para el Medio Ambiente colaboraran desde entonces para facilitar la celebraci\u00f3n de este D\u00eda Internacional.<\/p>\n<p><script async src=\"\/\/pagead2.googlesyndication.com\/pagead\/js\/adsbygoogle.js\"><\/script><br \/>\n<!-- Noticias La Guia de Pamplona --><br \/>\n<ins class=\"adsbygoogle\"\nstyle=\"display:block\"\ndata-ad-client=\"ca-pub-6943679897239327\"\ndata-ad-slot=\"7048180777\"\ndata-ad-format=\"auto\"><\/ins><br \/>\n<script>\n(adsbygoogle = window.adsbygoogle || []).push({});\n<\/script><\/p>\n<p>El\u00a0<a href=\"https:\/\/sustainabledevelopment.un.org\/sdg12\" target=\"_blank\" rel=\"noopener\">Objetivo de Desarrollo Sostenible 12<\/a>\u00a0de la Agenda 2030 consiste en \u201cgarantizar modalidades de consumo y producci\u00f3n sostenibles\u201d. La meta\u00a03 de este objetivo consiste en lograr \u201cde aqu\u00ed a 2030, reducir a la mitad el desperdicio de alimentos per c\u00e1pita mundial en la venta al por menor y a nivel de los consumidores y reducir las p\u00e9rdidas de alimentos en las cadenas de producci\u00f3n y suministro, incluidas las p\u00e9rdidas posteriores a la cosecha\u201d. Actualmente, la FAO y el Programa de las Naciones Unidas para el Medio Ambiente (PNUMA) tratan de medir los progresos hacia el logro de la meta\u00a012.3 de los Objetivos de Desarrollo Sostenible mediante dos \u00edndices distintos: el \u00cdndice de p\u00e9rdidas de alimentos, elaborado por la FAO, y el \u00cdndice de desperdicio de alimentos, elaborado por el PNUMA.<\/p>\n<p>La Asociaci\u00f3n sin \u00e1nimo de lucro \u2018Sonrisas de Comida\u2019 colabora con estos objetivos desde Navarra desde que inici\u00f3 sus trabajos en mayo de 2015. Su misi\u00f3n consiste en repartir men\u00fas de comida diariamente entre personas necesitadas. La f\u00f3rmula para llevar a cabo esta labor es a trav\u00e9s de una <strong>cadena de favores, que involucra a diferentes profesionales y personas colaboradoras, desde los que donan alimentos b\u00e1sicos como pan, verduras, hortalizas, o legumbres; hasta los que los cocinan o los repartidores que hacen llegar los men\u00fas a su destino.<\/strong><\/p>\n","protected":false},"excerpt":{"rendered":"<p>Este mi\u00e9rcoles, en el D\u00eda Internacional de concienciaci\u00f3n sobre esta realidad, la fachada de la Casa Consistorial se iluminar\u00e1 de color verde<\/p>\n","protected":false},"author":1,"featured_media":33755,"comment_status":"open","ping_status":"closed","sticky":false,"template":"","format":"standard","meta":{"footnotes":""},"categories":[2],"tags":[],"class_list":["post-36700","post","type-post","status-publish","format-standard","has-post-thumbnail","hentry","category-ayuntamiento-pamplona"],"yoast_head":"<!-- This site is optimized with the Yoast SEO plugin v27.5 - https:\/\/yoast.com\/product\/yoast-seo-wordpress\/ -->\n<title>El Ayuntamiento de Pamplona se suma simb\u00f3licamente a la concienciaci\u00f3n sobre la p\u00e9rdida y desperdicio de alimentos<\/title>\n<meta name=\"description\" content=\"Este mi\u00e9rcoles, en el D\u00eda Internacional de concienciaci\u00f3n sobre esta realidad, la fachada de la Casa Consistorial se iluminar\u00e1 de color verde\" \/>\n<meta name=\"robots\" content=\"index, follow, max-snippet:-1, max-image-preview:large, max-video-preview:-1\" \/>\n<link rel=\"canonical\" href=\"https:\/\/www.laguiadepamplona.com\/actualidad\/el-ayuntamiento-de-pamplona-se-suma-simbolicamente-a-la-concienciacion-sobre-la-perdida-y-desperdicio-de-alimentos\/\" \/>\n<meta property=\"og:locale\" content=\"es_ES\" \/>\n<meta property=\"og:type\" content=\"article\" \/>\n<meta property=\"og:title\" content=\"El Ayuntamiento de Pamplona se suma simb\u00f3licamente a la concienciaci\u00f3n sobre la p\u00e9rdida y desperdicio de alimentos\" \/>\n<meta property=\"og:description\" content=\"Este mi\u00e9rcoles, en el D\u00eda Internacional de concienciaci\u00f3n sobre esta realidad, la fachada de la Casa Consistorial se iluminar\u00e1 de color verde\" \/>\n<meta property=\"og:url\" content=\"https:\/\/www.laguiadepamplona.com\/actualidad\/el-ayuntamiento-de-pamplona-se-suma-simbolicamente-a-la-concienciacion-sobre-la-perdida-y-desperdicio-de-alimentos\/\" \/>\n<meta property=\"og:site_name\" content=\"La Gu\u00eda de Pamplona\" \/>\n<meta property=\"article:publisher\" content=\"https:\/\/www.facebook.com\/laguiadepamplonacom-133175176762273\/?ref=hl\" \/>\n<meta property=\"article:published_time\" content=\"2021-09-28T11:37:00+00:00\" \/>\n<meta property=\"article:modified_time\" content=\"2023-04-11T09:48:57+00:00\" \/>\n<meta property=\"og:image\" content=\"https:\/\/www.laguiadepamplona.com\/actualidad\/wp-content\/uploads\/2021\/03\/aytoverde_JGV1123.jpg\" \/>\n\t<meta property=\"og:image:width\" content=\"1920\" \/>\n\t<meta property=\"og:image:height\" content=\"1280\" \/>\n\t<meta property=\"og:image:type\" content=\"image\/jpeg\" \/>\n<meta name=\"author\" content=\"La Gu\u00eda de Pamplona\" \/>\n<meta name=\"twitter:card\" content=\"summary_large_image\" \/>\n<meta name=\"twitter:creator\" content=\"@LaGuiadPamplona\" \/>\n<meta name=\"twitter:site\" content=\"@LaGuiadPamplona\" \/>\n<meta name=\"twitter:label1\" content=\"Escrito por\" \/>\n\t<meta name=\"twitter:data1\" content=\"La Gu\u00eda de Pamplona\" \/>\n\t<meta name=\"twitter:label2\" content=\"Tiempo de lectura\" \/>\n\t<meta name=\"twitter:data2\" content=\"2 minutos\" \/>\n<script type=\"application\/ld+json\" class=\"yoast-schema-graph\">{\"@context\":\"https:\\\/\\\/schema.org\",\"@graph\":[{\"@type\":\"Article\",\"@id\":\"https:\\\/\\\/www.laguiadepamplona.com\\\/actualidad\\\/el-ayuntamiento-de-pamplona-se-suma-simbolicamente-a-la-concienciacion-sobre-la-perdida-y-desperdicio-de-alimentos\\\/#article\",\"isPartOf\":{\"@id\":\"https:\\\/\\\/www.laguiadepamplona.com\\\/actualidad\\\/el-ayuntamiento-de-pamplona-se-suma-simbolicamente-a-la-concienciacion-sobre-la-perdida-y-desperdicio-de-alimentos\\\/\"},\"author\":{\"name\":\"La Gu\u00eda de Pamplona\",\"@id\":\"https:\\\/\\\/www.laguiadepamplona.com\\\/actualidad\\\/#\\\/schema\\\/person\\\/efe887376f0213d4657c93adc50b1fdb\"},\"headline\":\"El Ayuntamiento de Pamplona se suma simb\u00f3licamente a la concienciaci\u00f3n sobre la p\u00e9rdida y desperdicio de alimentos\",\"datePublished\":\"2021-09-28T11:37:00+00:00\",\"dateModified\":\"2023-04-11T09:48:57+00:00\",\"mainEntityOfPage\":{\"@id\":\"https:\\\/\\\/www.laguiadepamplona.com\\\/actualidad\\\/el-ayuntamiento-de-pamplona-se-suma-simbolicamente-a-la-concienciacion-sobre-la-perdida-y-desperdicio-de-alimentos\\\/\"},\"wordCount\":439,\"commentCount\":0,\"publisher\":{\"@id\":\"https:\\\/\\\/www.laguiadepamplona.com\\\/actualidad\\\/#organization\"},\"image\":{\"@id\":\"https:\\\/\\\/www.laguiadepamplona.com\\\/actualidad\\\/el-ayuntamiento-de-pamplona-se-suma-simbolicamente-a-la-concienciacion-sobre-la-perdida-y-desperdicio-de-alimentos\\\/#primaryimage\"},\"thumbnailUrl\":\"https:\\\/\\\/www.laguiadepamplona.com\\\/actualidad\\\/wp-content\\\/uploads\\\/2021\\\/03\\\/aytoverde_JGV1123.jpg\",\"articleSection\":[\"Ayto Pamplona\"],\"inLanguage\":\"es\",\"potentialAction\":[{\"@type\":\"CommentAction\",\"name\":\"Comment\",\"target\":[\"https:\\\/\\\/www.laguiadepamplona.com\\\/actualidad\\\/el-ayuntamiento-de-pamplona-se-suma-simbolicamente-a-la-concienciacion-sobre-la-perdida-y-desperdicio-de-alimentos\\\/#respond\"]}]},{\"@type\":\"WebPage\",\"@id\":\"https:\\\/\\\/www.laguiadepamplona.com\\\/actualidad\\\/el-ayuntamiento-de-pamplona-se-suma-simbolicamente-a-la-concienciacion-sobre-la-perdida-y-desperdicio-de-alimentos\\\/\",\"url\":\"https:\\\/\\\/www.laguiadepamplona.com\\\/actualidad\\\/el-ayuntamiento-de-pamplona-se-suma-simbolicamente-a-la-concienciacion-sobre-la-perdida-y-desperdicio-de-alimentos\\\/\",\"name\":\"El Ayuntamiento de Pamplona se suma simb\u00f3licamente a la concienciaci\u00f3n sobre la p\u00e9rdida y desperdicio de alimentos\",\"isPartOf\":{\"@id\":\"https:\\\/\\\/www.laguiadepamplona.com\\\/actualidad\\\/#website\"},\"primaryImageOfPage\":{\"@id\":\"https:\\\/\\\/www.laguiadepamplona.com\\\/actualidad\\\/el-ayuntamiento-de-pamplona-se-suma-simbolicamente-a-la-concienciacion-sobre-la-perdida-y-desperdicio-de-alimentos\\\/#primaryimage\"},\"image\":{\"@id\":\"https:\\\/\\\/www.laguiadepamplona.com\\\/actualidad\\\/el-ayuntamiento-de-pamplona-se-suma-simbolicamente-a-la-concienciacion-sobre-la-perdida-y-desperdicio-de-alimentos\\\/#primaryimage\"},\"thumbnailUrl\":\"https:\\\/\\\/www.laguiadepamplona.com\\\/actualidad\\\/wp-content\\\/uploads\\\/2021\\\/03\\\/aytoverde_JGV1123.jpg\",\"datePublished\":\"2021-09-28T11:37:00+00:00\",\"dateModified\":\"2023-04-11T09:48:57+00:00\",\"description\":\"Este mi\u00e9rcoles, en el D\u00eda Internacional de concienciaci\u00f3n sobre esta realidad, la fachada de la Casa Consistorial se iluminar\u00e1 de color verde\",\"breadcrumb\":{\"@id\":\"https:\\\/\\\/www.laguiadepamplona.com\\\/actualidad\\\/el-ayuntamiento-de-pamplona-se-suma-simbolicamente-a-la-concienciacion-sobre-la-perdida-y-desperdicio-de-alimentos\\\/#breadcrumb\"},\"inLanguage\":\"es\",\"potentialAction\":[{\"@type\":\"ReadAction\",\"target\":[\"https:\\\/\\\/www.laguiadepamplona.com\\\/actualidad\\\/el-ayuntamiento-de-pamplona-se-suma-simbolicamente-a-la-concienciacion-sobre-la-perdida-y-desperdicio-de-alimentos\\\/\"]}]},{\"@type\":\"ImageObject\",\"inLanguage\":\"es\",\"@id\":\"https:\\\/\\\/www.laguiadepamplona.com\\\/actualidad\\\/el-ayuntamiento-de-pamplona-se-suma-simbolicamente-a-la-concienciacion-sobre-la-perdida-y-desperdicio-de-alimentos\\\/#primaryimage\",\"url\":\"https:\\\/\\\/www.laguiadepamplona.com\\\/actualidad\\\/wp-content\\\/uploads\\\/2021\\\/03\\\/aytoverde_JGV1123.jpg\",\"contentUrl\":\"https:\\\/\\\/www.laguiadepamplona.com\\\/actualidad\\\/wp-content\\\/uploads\\\/2021\\\/03\\\/aytoverde_JGV1123.jpg\",\"width\":1920,\"height\":1280,\"caption\":\"A* Jes\u00fas Garzaron F* 2020_11_19 T* Fachada del Ayuntamiento iluminada de verde L* Ayuntamiento de Pamplona\"},{\"@type\":\"BreadcrumbList\",\"@id\":\"https:\\\/\\\/www.laguiadepamplona.com\\\/actualidad\\\/el-ayuntamiento-de-pamplona-se-suma-simbolicamente-a-la-concienciacion-sobre-la-perdida-y-desperdicio-de-alimentos\\\/#breadcrumb\",\"itemListElement\":[{\"@type\":\"ListItem\",\"position\":1,\"name\":\"Portada\",\"item\":\"https:\\\/\\\/www.laguiadepamplona.com\\\/actualidad\\\/\"},{\"@type\":\"ListItem\",\"position\":2,\"name\":\"El Ayuntamiento de Pamplona se suma simb\u00f3licamente a la concienciaci\u00f3n sobre la p\u00e9rdida y desperdicio de alimentos\"}]},{\"@type\":\"WebSite\",\"@id\":\"https:\\\/\\\/www.laguiadepamplona.com\\\/actualidad\\\/#website\",\"url\":\"https:\\\/\\\/www.laguiadepamplona.com\\\/actualidad\\\/\",\"name\":\"La gu\u00eda de Pamplona\",\"description\":\"Noticias de Pamplona\",\"publisher\":{\"@id\":\"https:\\\/\\\/www.laguiadepamplona.com\\\/actualidad\\\/#organization\"},\"potentialAction\":[{\"@type\":\"SearchAction\",\"target\":{\"@type\":\"EntryPoint\",\"urlTemplate\":\"https:\\\/\\\/www.laguiadepamplona.com\\\/actualidad\\\/?s={search_term_string}\"},\"query-input\":{\"@type\":\"PropertyValueSpecification\",\"valueRequired\":true,\"valueName\":\"search_term_string\"}}],\"inLanguage\":\"es\"},{\"@type\":\"Organization\",\"@id\":\"https:\\\/\\\/www.laguiadepamplona.com\\\/actualidad\\\/#organization\",\"name\":\"La Gu\u00eda de Pamplona \\\/ Noticias\",\"url\":\"https:\\\/\\\/www.laguiadepamplona.com\\\/actualidad\\\/\",\"logo\":{\"@type\":\"ImageObject\",\"inLanguage\":\"es\",\"@id\":\"https:\\\/\\\/www.laguiadepamplona.com\\\/actualidad\\\/#\\\/schema\\\/logo\\\/image\\\/\",\"url\":\"https:\\\/\\\/www.laguiadepamplona.com\\\/actualidad\\\/wp-content\\\/uploads\\\/2018\\\/11\\\/logo-laguiadepamplona18-web1.png\",\"contentUrl\":\"https:\\\/\\\/www.laguiadepamplona.com\\\/actualidad\\\/wp-content\\\/uploads\\\/2018\\\/11\\\/logo-laguiadepamplona18-web1.png\",\"width\":600,\"height\":196,\"caption\":\"La Gu\u00eda de Pamplona \\\/ Noticias\"},\"image\":{\"@id\":\"https:\\\/\\\/www.laguiadepamplona.com\\\/actualidad\\\/#\\\/schema\\\/logo\\\/image\\\/\"},\"sameAs\":[\"https:\\\/\\\/www.facebook.com\\\/laguiadepamplonacom-133175176762273\\\/?ref=hl\",\"https:\\\/\\\/x.com\\\/LaGuiadPamplona\",\"https:\\\/\\\/www.instagram.com\\\/la_guia_de_pamplona\\\/\",\"https:\\\/\\\/www.youtube.com\\\/user\\\/laguiadepamplona\"]},{\"@type\":\"Person\",\"@id\":\"https:\\\/\\\/www.laguiadepamplona.com\\\/actualidad\\\/#\\\/schema\\\/person\\\/efe887376f0213d4657c93adc50b1fdb\",\"name\":\"La Gu\u00eda de Pamplona\",\"image\":{\"@type\":\"ImageObject\",\"inLanguage\":\"es\",\"@id\":\"https:\\\/\\\/secure.gravatar.com\\\/avatar\\\/b6992f131dc8d30ab0dff15446e9d346d9dbd95992de0fef795073f5ea83a81c?s=96&d=mm&r=g\",\"url\":\"https:\\\/\\\/secure.gravatar.com\\\/avatar\\\/b6992f131dc8d30ab0dff15446e9d346d9dbd95992de0fef795073f5ea83a81c?s=96&d=mm&r=g\",\"contentUrl\":\"https:\\\/\\\/secure.gravatar.com\\\/avatar\\\/b6992f131dc8d30ab0dff15446e9d346d9dbd95992de0fef795073f5ea83a81c?s=96&d=mm&r=g\",\"caption\":\"La Gu\u00eda de Pamplona\"}}]}<\/script>\n<!-- \/ Yoast SEO plugin. -->","yoast_head_json":{"title":"El Ayuntamiento de Pamplona se suma simb\u00f3licamente a la concienciaci\u00f3n sobre la p\u00e9rdida y desperdicio de alimentos","description":"Este mi\u00e9rcoles, en el D\u00eda Internacional de concienciaci\u00f3n sobre esta realidad, la fachada de la Casa Consistorial se iluminar\u00e1 de color verde","robots":{"index":"index","follow":"follow","max-snippet":"max-snippet:-1","max-image-preview":"max-image-preview:large","max-video-preview":"max-video-preview:-1"},"canonical":"https:\/\/www.laguiadepamplona.com\/actualidad\/el-ayuntamiento-de-pamplona-se-suma-simbolicamente-a-la-concienciacion-sobre-la-perdida-y-desperdicio-de-alimentos\/","og_locale":"es_ES","og_type":"article","og_title":"El Ayuntamiento de Pamplona se suma simb\u00f3licamente a la concienciaci\u00f3n sobre la p\u00e9rdida y desperdicio de alimentos","og_description":"Este mi\u00e9rcoles, en el D\u00eda Internacional de concienciaci\u00f3n sobre esta realidad, la fachada de la Casa Consistorial se iluminar\u00e1 de color verde","og_url":"https:\/\/www.laguiadepamplona.com\/actualidad\/el-ayuntamiento-de-pamplona-se-suma-simbolicamente-a-la-concienciacion-sobre-la-perdida-y-desperdicio-de-alimentos\/","og_site_name":"La Gu\u00eda de Pamplona","article_publisher":"https:\/\/www.facebook.com\/laguiadepamplonacom-133175176762273\/?ref=hl","article_published_time":"2021-09-28T11:37:00+00:00","article_modified_time":"2023-04-11T09:48:57+00:00","og_image":[{"width":1920,"height":1280,"url":"https:\/\/www.laguiadepamplona.com\/actualidad\/wp-content\/uploads\/2021\/03\/aytoverde_JGV1123.jpg","type":"image\/jpeg"}],"author":"La Gu\u00eda de Pamplona","twitter_card":"summary_large_image","twitter_creator":"@LaGuiadPamplona","twitter_site":"@LaGuiadPamplona","twitter_misc":{"Escrito por":"La Gu\u00eda de Pamplona","Tiempo de lectura":"2 minutos"},"schema":{"@context":"https:\/\/schema.org","@graph":[{"@type":"Article","@id":"https:\/\/www.laguiadepamplona.com\/actualidad\/el-ayuntamiento-de-pamplona-se-suma-simbolicamente-a-la-concienciacion-sobre-la-perdida-y-desperdicio-de-alimentos\/#article","isPartOf":{"@id":"https:\/\/www.laguiadepamplona.com\/actualidad\/el-ayuntamiento-de-pamplona-se-suma-simbolicamente-a-la-concienciacion-sobre-la-perdida-y-desperdicio-de-alimentos\/"},"author":{"name":"La Gu\u00eda de Pamplona","@id":"https:\/\/www.laguiadepamplona.com\/actualidad\/#\/schema\/person\/efe887376f0213d4657c93adc50b1fdb"},"headline":"El Ayuntamiento de Pamplona se suma simb\u00f3licamente a la concienciaci\u00f3n sobre la p\u00e9rdida y desperdicio de alimentos","datePublished":"2021-09-28T11:37:00+00:00","dateModified":"2023-04-11T09:48:57+00:00","mainEntityOfPage":{"@id":"https:\/\/www.laguiadepamplona.com\/actualidad\/el-ayuntamiento-de-pamplona-se-suma-simbolicamente-a-la-concienciacion-sobre-la-perdida-y-desperdicio-de-alimentos\/"},"wordCount":439,"commentCount":0,"publisher":{"@id":"https:\/\/www.laguiadepamplona.com\/actualidad\/#organization"},"image":{"@id":"https:\/\/www.laguiadepamplona.com\/actualidad\/el-ayuntamiento-de-pamplona-se-suma-simbolicamente-a-la-concienciacion-sobre-la-perdida-y-desperdicio-de-alimentos\/#primaryimage"},"thumbnailUrl":"https:\/\/www.laguiadepamplona.com\/actualidad\/wp-content\/uploads\/2021\/03\/aytoverde_JGV1123.jpg","articleSection":["Ayto Pamplona"],"inLanguage":"es","potentialAction":[{"@type":"CommentAction","name":"Comment","target":["https:\/\/www.laguiadepamplona.com\/actualidad\/el-ayuntamiento-de-pamplona-se-suma-simbolicamente-a-la-concienciacion-sobre-la-perdida-y-desperdicio-de-alimentos\/#respond"]}]},{"@type":"WebPage","@id":"https:\/\/www.laguiadepamplona.com\/actualidad\/el-ayuntamiento-de-pamplona-se-suma-simbolicamente-a-la-concienciacion-sobre-la-perdida-y-desperdicio-de-alimentos\/","url":"https:\/\/www.laguiadepamplona.com\/actualidad\/el-ayuntamiento-de-pamplona-se-suma-simbolicamente-a-la-concienciacion-sobre-la-perdida-y-desperdicio-de-alimentos\/","name":"El Ayuntamiento de Pamplona se suma simb\u00f3licamente a la concienciaci\u00f3n sobre la p\u00e9rdida y desperdicio de alimentos","isPartOf":{"@id":"https:\/\/www.laguiadepamplona.com\/actualidad\/#website"},"primaryImageOfPage":{"@id":"https:\/\/www.laguiadepamplona.com\/actualidad\/el-ayuntamiento-de-pamplona-se-suma-simbolicamente-a-la-concienciacion-sobre-la-perdida-y-desperdicio-de-alimentos\/#primaryimage"},"image":{"@id":"https:\/\/www.laguiadepamplona.com\/actualidad\/el-ayuntamiento-de-pamplona-se-suma-simbolicamente-a-la-concienciacion-sobre-la-perdida-y-desperdicio-de-alimentos\/#primaryimage"},"thumbnailUrl":"https:\/\/www.laguiadepamplona.com\/actualidad\/wp-content\/uploads\/2021\/03\/aytoverde_JGV1123.jpg","datePublished":"2021-09-28T11:37:00+00:00","dateModified":"2023-04-11T09:48:57+00:00","description":"Este mi\u00e9rcoles, en el D\u00eda Internacional de concienciaci\u00f3n sobre esta realidad, la fachada de la Casa Consistorial se iluminar\u00e1 de color verde","breadcrumb":{"@id":"https:\/\/www.laguiadepamplona.com\/actualidad\/el-ayuntamiento-de-pamplona-se-suma-simbolicamente-a-la-concienciacion-sobre-la-perdida-y-desperdicio-de-alimentos\/#breadcrumb"},"inLanguage":"es","potentialAction":[{"@type":"ReadAction","target":["https:\/\/www.laguiadepamplona.com\/actualidad\/el-ayuntamiento-de-pamplona-se-suma-simbolicamente-a-la-concienciacion-sobre-la-perdida-y-desperdicio-de-alimentos\/"]}]},{"@type":"ImageObject","inLanguage":"es","@id":"https:\/\/www.laguiadepamplona.com\/actualidad\/el-ayuntamiento-de-pamplona-se-suma-simbolicamente-a-la-concienciacion-sobre-la-perdida-y-desperdicio-de-alimentos\/#primaryimage","url":"https:\/\/www.laguiadepamplona.com\/actualidad\/wp-content\/uploads\/2021\/03\/aytoverde_JGV1123.jpg","contentUrl":"https:\/\/www.laguiadepamplona.com\/actualidad\/wp-content\/uploads\/2021\/03\/aytoverde_JGV1123.jpg","width":1920,"height":1280,"caption":"A* Jes\u00fas Garzaron F* 2020_11_19 T* Fachada del Ayuntamiento iluminada de verde L* Ayuntamiento de Pamplona"},{"@type":"BreadcrumbList","@id":"https:\/\/www.laguiadepamplona.com\/actualidad\/el-ayuntamiento-de-pamplona-se-suma-simbolicamente-a-la-concienciacion-sobre-la-perdida-y-desperdicio-de-alimentos\/#breadcrumb","itemListElement":[{"@type":"ListItem","position":1,"name":"Portada","item":"https:\/\/www.laguiadepamplona.com\/actualidad\/"},{"@type":"ListItem","position":2,"name":"El Ayuntamiento de Pamplona se suma simb\u00f3licamente a la concienciaci\u00f3n sobre la p\u00e9rdida y desperdicio de alimentos"}]},{"@type":"WebSite","@id":"https:\/\/www.laguiadepamplona.com\/actualidad\/#website","url":"https:\/\/www.laguiadepamplona.com\/actualidad\/","name":"La gu\u00eda de Pamplona","description":"Noticias de Pamplona","publisher":{"@id":"https:\/\/www.laguiadepamplona.com\/actualidad\/#organization"},"potentialAction":[{"@type":"SearchAction","target":{"@type":"EntryPoint","urlTemplate":"https:\/\/www.laguiadepamplona.com\/actualidad\/?s={search_term_string}"},"query-input":{"@type":"PropertyValueSpecification","valueRequired":true,"valueName":"search_term_string"}}],"inLanguage":"es"},{"@type":"Organization","@id":"https:\/\/www.laguiadepamplona.com\/actualidad\/#organization","name":"La Gu\u00eda de Pamplona \/ Noticias","url":"https:\/\/www.laguiadepamplona.com\/actualidad\/","logo":{"@type":"ImageObject","inLanguage":"es","@id":"https:\/\/www.laguiadepamplona.com\/actualidad\/#\/schema\/logo\/image\/","url":"https:\/\/www.laguiadepamplona.com\/actualidad\/wp-content\/uploads\/2018\/11\/logo-laguiadepamplona18-web1.png","contentUrl":"https:\/\/www.laguiadepamplona.com\/actualidad\/wp-content\/uploads\/2018\/11\/logo-laguiadepamplona18-web1.png","width":600,"height":196,"caption":"La Gu\u00eda de Pamplona \/ Noticias"},"image":{"@id":"https:\/\/www.laguiadepamplona.com\/actualidad\/#\/schema\/logo\/image\/"},"sameAs":["https:\/\/www.facebook.com\/laguiadepamplonacom-133175176762273\/?ref=hl","https:\/\/x.com\/LaGuiadPamplona","https:\/\/www.instagram.com\/la_guia_de_pamplona\/","https:\/\/www.youtube.com\/user\/laguiadepamplona"]},{"@type":"Person","@id":"https:\/\/www.laguiadepamplona.com\/actualidad\/#\/schema\/person\/efe887376f0213d4657c93adc50b1fdb","name":"La Gu\u00eda de Pamplona","image":{"@type":"ImageObject","inLanguage":"es","@id":"https:\/\/secure.gravatar.com\/avatar\/b6992f131dc8d30ab0dff15446e9d346d9dbd95992de0fef795073f5ea83a81c?s=96&d=mm&r=g","url":"https:\/\/secure.gravatar.com\/avatar\/b6992f131dc8d30ab0dff15446e9d346d9dbd95992de0fef795073f5ea83a81c?s=96&d=mm&r=g","contentUrl":"https:\/\/secure.gravatar.com\/avatar\/b6992f131dc8d30ab0dff15446e9d346d9dbd95992de0fef795073f5ea83a81c?s=96&d=mm&r=g","caption":"La Gu\u00eda de Pamplona"}}]}},"post_mailing_queue_ids":[],"_links":{"self":[{"href":"https:\/\/www.laguiadepamplona.com\/actualidad\/wp-json\/wp\/v2\/posts\/36700","targetHints":{"allow":["GET"]}}],"collection":[{"href":"https:\/\/www.laguiadepamplona.com\/actualidad\/wp-json\/wp\/v2\/posts"}],"about":[{"href":"https:\/\/www.laguiadepamplona.com\/actualidad\/wp-json\/wp\/v2\/types\/post"}],"author":[{"embeddable":true,"href":"https:\/\/www.laguiadepamplona.com\/actualidad\/wp-json\/wp\/v2\/users\/1"}],"replies":[{"embeddable":true,"href":"https:\/\/www.laguiadepamplona.com\/actualidad\/wp-json\/wp\/v2\/comments?post=36700"}],"version-history":[{"count":0,"href":"https:\/\/www.laguiadepamplona.com\/actualidad\/wp-json\/wp\/v2\/posts\/36700\/revisions"}],"wp:featuredmedia":[{"embeddable":true,"href":"https:\/\/www.laguiadepamplona.com\/actualidad\/wp-json\/wp\/v2\/media\/33755"}],"wp:attachment":[{"href":"https:\/\/www.laguiadepamplona.com\/actualidad\/wp-json\/wp\/v2\/media?parent=36700"}],"wp:term":[{"taxonomy":"category","embeddable":true,"href":"https:\/\/www.laguiadepamplona.com\/actualidad\/wp-json\/wp\/v2\/categories?post=36700"},{"taxonomy":"post_tag","embeddable":true,"href":"https:\/\/www.laguiadepamplona.com\/actualidad\/wp-json\/wp\/v2\/tags?post=36700"}],"curies":[{"name":"wp","href":"https:\/\/api.w.org\/{rel}","templated":true}]}}