{"id":36672,"date":"2021-09-27T15:45:51","date_gmt":"2021-09-27T13:45:51","guid":{"rendered":"https:\/\/www.laguiadepamplona.com\/actualidad\/?p=36672"},"modified":"2023-04-11T11:48:57","modified_gmt":"2023-04-11T09:48:57","slug":"el-ayuntamiento-de-pamplona-captura-este-ano-515-ejemplares-de-avispa-asiatica-un-40-mas-que-en-2020-y-ahora-se-inicia-la-retirada-de-los-nidos-inactivos","status":"publish","type":"post","link":"https:\/\/www.laguiadepamplona.com\/actualidad\/el-ayuntamiento-de-pamplona-captura-este-ano-515-ejemplares-de-avispa-asiatica-un-40-mas-que-en-2020-y-ahora-se-inicia-la-retirada-de-los-nidos-inactivos\/","title":{"rendered":"El Ayuntamiento de Pamplona captura este a\u00f1o 515 ejemplares de avispa asi\u00e1tica, un 40% m\u00e1s que en 2020, y ahora se inicia la retirada de los nidos inactivos"},"content":{"rendered":"<h5>Este a\u00f1o se han incluido siete dispositivos m\u00e1s en la red de trampeo y se han atendido 14 avisos ciudadanos, 9 de ellos de nidos primarios<\/h5>\n<p><!--more--><\/p>\n<p>Las trampas para Avisp\u00f3n asi\u00e1tico (<em>Vespa velutina<\/em>) se colocan en el mes de febrero, generalmente en \u00e1rboles o lugares donde es presumible que existan reinas hibernando. En el a\u00f1o 2018 se colocaron 3 trampas. Desde entonces el Consistorio, a trav\u00e9s de su Parque de Desinfecci\u00f3n, ha ido incrementando de forma exponencial ese n\u00famero, hasta llegar a 42 trampas en solo tres a\u00f1os. De hecho, en lo que va de 2021, se han incluido siete dispositivos m\u00e1s en la red de trampeo y, tras dar por acabada la campa\u00f1a en junio, el resultado ha sido de 515 ejemplares capturados, un 40% m\u00e1s que en la del pasado a\u00f1o. Asimismo, se ha reforzado el trampeo en la zona del Club Nataci\u00f3n, la Vuelta e Aranzadi, Trinitarios, parque de la Media Luna, parque del Orfe\u00f3n Pamplon\u00e9s y en el barrio de Lezkairu.<\/p>\n<p>Ahora, en oto\u00f1o, llega el momento de retirada de los nidos de gran tama\u00f1o de la <em>Vespa velutina<\/em> (nidos secundarios), estructuras que durante el verano pueden albergar hasta 2.000 avispas y normalmente se enclavan en \u00e1rboles altos. Una vez que la reina fecundada los abandona para hibernar, el nido vac\u00edo queda inactivo y se va deteriorando de forma natural. Aunque el Consistorio realiza revisiones de oficio, insta a los ciudadanos a que, en caso de los detecten, se pongan en contacto con los servicios municipales a trav\u00e9s del tel\u00e9fono de Atenci\u00f3n Ciudadana 010 o 948 420100 para su retirada. De enero a junio el Ayuntamiento ha atendido los 14 avisos recibidos relacionados con el Avisp\u00f3n asi\u00e1tico.<\/p>\n<p><script async src=\"\/\/pagead2.googlesyndication.com\/pagead\/js\/adsbygoogle.js\"><\/script><br \/>\n<!-- Noticias La Guia de Pamplona --><br \/>\n<ins class=\"adsbygoogle\"\nstyle=\"display:block\"\ndata-ad-client=\"ca-pub-6943679897239327\"\ndata-ad-slot=\"7048180777\"\ndata-ad-format=\"auto\"><\/ins><br \/>\n<script>\n(adsbygoogle = window.adsbygoogle || []).push({});\n<\/script><\/p>\n<p><strong>Nidos activos en primavera e inactivos en oto\u00f1o<\/strong><\/p>\n<p>La avispa asi\u00e1tica tiene un ciclo de vida anual. Las reinas fecundadas salen de su letargo en febrero-marzo. Una vez que despiertan, hacen un nido primario temporal donde ponen sus huevos para formar una peque\u00f1a colonia de 20-30 obreras. Son estructuras con el tama\u00f1o de una pelota de tenis que se suelen enclavar en dinteles de ventanas, aleros, vigas de porches o, arboles de bajo porte, y siempre en espacio protegidos de la lluvia ya que son nidos muy vulnerables y, por tanto, muy f\u00e1ciles de eliminar. La retirada de estos nidos, aunque sea en un domicilio particular, se realiza sin coste alguno para el ciudadano. Este a\u00f1o, entre enero y junio se han retirado 9, la mayor\u00eda en espacio verdes, pero algunos en infraestructuras p\u00fablicas o viviendas.<\/p>\n<p>En un trabajo paralelo, las trampas instaladas, geolocalizadas y colocadas en \u00e1rboles aproximadamente a 2,5 metros de altura, buscan atraer a las hembras antes de que se genere el nido y capturarlas mediante un compuesto azucarado que lleva tambi\u00e9n una base alcoh\u00f3lica como repelente de abejas. Las trampas est\u00e1n instaladas entre febrero y junio que son los meses donde las hembras de esta especie presentan m\u00e1s movimiento. Y es que a partir de mayo la <em>Vespa velutina<\/em> reina ya no sale, son las obreras las que construir\u00e1n el nido secundario.<\/p>\n<p><script async src=\"\/\/pagead2.googlesyndication.com\/pagead\/js\/adsbygoogle.js\"><\/script><br \/>\n<!-- Noticias La Guia de Pamplona --><br \/>\n<ins class=\"adsbygoogle\"\nstyle=\"display:block\"\ndata-ad-client=\"ca-pub-6943679897239327\"\ndata-ad-slot=\"7048180777\"\ndata-ad-format=\"auto\"><\/ins><br \/>\n<script>\n(adsbygoogle = window.adsbygoogle || []).push({});\n<\/script><\/p>\n<p>A finales de verano las hembras, una vez fecundadas, abandonan el nido primario para hibernar y empezar el nuevo ciclo a comienzos de del siguiente a\u00f1o. En lo que va de a\u00f1o y se han recibido avisos sobre 6 nidos secundarios, todos ellos sin actividad, en Lezkairu, Iturrama, Landaben, San Juan, Etxabakoitz y en el campus de la Universidad de Navarra.<\/p>\n","protected":false},"excerpt":{"rendered":"<p>Este a\u00f1o se han incluido siete dispositivos m\u00e1s en la red de trampeo y se han atendido 14 avisos ciudadanos, 9 de ellos de nidos primarios<\/p>\n","protected":false},"author":1,"featured_media":36673,"comment_status":"open","ping_status":"closed","sticky":false,"template":"","format":"standard","meta":{"footnotes":""},"categories":[2],"tags":[],"class_list":["post-36672","post","type-post","status-publish","format-standard","has-post-thumbnail","hentry","category-ayuntamiento-pamplona"],"yoast_head":"<!-- This site is optimized with the Yoast SEO plugin v27.5 - https:\/\/yoast.com\/product\/yoast-seo-wordpress\/ -->\n<title>El Ayuntamiento de Pamplona captura este a\u00f1o 515 ejemplares de avispa asi\u00e1tica, un 40% m\u00e1s que en 2020, y ahora se inicia la retirada de los nidos inactivos<\/title>\n<meta name=\"description\" content=\"Este a\u00f1o se han incluido siete dispositivos m\u00e1s en la red de trampeo y se han atendido 14 avisos ciudadanos, 9 de ellos de nidos primarios\" \/>\n<meta name=\"robots\" content=\"index, follow, max-snippet:-1, max-image-preview:large, max-video-preview:-1\" \/>\n<link rel=\"canonical\" href=\"https:\/\/www.laguiadepamplona.com\/actualidad\/el-ayuntamiento-de-pamplona-captura-este-ano-515-ejemplares-de-avispa-asiatica-un-40-mas-que-en-2020-y-ahora-se-inicia-la-retirada-de-los-nidos-inactivos\/\" \/>\n<meta property=\"og:locale\" content=\"es_ES\" \/>\n<meta property=\"og:type\" content=\"article\" \/>\n<meta property=\"og:title\" content=\"El Ayuntamiento de Pamplona captura este a\u00f1o 515 ejemplares de avispa asi\u00e1tica, un 40% m\u00e1s que en 2020, y ahora se inicia la retirada de los nidos inactivos\" \/>\n<meta property=\"og:description\" content=\"Este a\u00f1o se han incluido siete dispositivos m\u00e1s en la red de trampeo y se han atendido 14 avisos ciudadanos, 9 de ellos de nidos primarios\" \/>\n<meta property=\"og:url\" content=\"https:\/\/www.laguiadepamplona.com\/actualidad\/el-ayuntamiento-de-pamplona-captura-este-ano-515-ejemplares-de-avispa-asiatica-un-40-mas-que-en-2020-y-ahora-se-inicia-la-retirada-de-los-nidos-inactivos\/\" \/>\n<meta property=\"og:site_name\" content=\"La Gu\u00eda de Pamplona\" \/>\n<meta property=\"article:publisher\" content=\"https:\/\/www.facebook.com\/laguiadepamplonacom-133175176762273\/?ref=hl\" \/>\n<meta property=\"article:published_time\" content=\"2021-09-27T13:45:51+00:00\" \/>\n<meta property=\"article:modified_time\" content=\"2023-04-11T09:48:57+00:00\" \/>\n<meta property=\"og:image\" content=\"https:\/\/www.laguiadepamplona.com\/actualidad\/wp-content\/uploads\/2021\/09\/avisponjmg0321.jpg\" \/>\n\t<meta property=\"og:image:width\" content=\"1920\" \/>\n\t<meta property=\"og:image:height\" content=\"1280\" \/>\n\t<meta property=\"og:image:type\" content=\"image\/jpeg\" \/>\n<meta name=\"author\" content=\"La Gu\u00eda de Pamplona\" \/>\n<meta name=\"twitter:card\" content=\"summary_large_image\" \/>\n<meta name=\"twitter:creator\" content=\"@LaGuiadPamplona\" \/>\n<meta name=\"twitter:site\" content=\"@LaGuiadPamplona\" \/>\n<meta name=\"twitter:label1\" content=\"Escrito por\" \/>\n\t<meta name=\"twitter:data1\" content=\"La Gu\u00eda de Pamplona\" \/>\n\t<meta name=\"twitter:label2\" content=\"Tiempo de lectura\" \/>\n\t<meta name=\"twitter:data2\" content=\"3 minutos\" \/>\n<script type=\"application\/ld+json\" class=\"yoast-schema-graph\">{\"@context\":\"https:\\\/\\\/schema.org\",\"@graph\":[{\"@type\":\"Article\",\"@id\":\"https:\\\/\\\/www.laguiadepamplona.com\\\/actualidad\\\/el-ayuntamiento-de-pamplona-captura-este-ano-515-ejemplares-de-avispa-asiatica-un-40-mas-que-en-2020-y-ahora-se-inicia-la-retirada-de-los-nidos-inactivos\\\/#article\",\"isPartOf\":{\"@id\":\"https:\\\/\\\/www.laguiadepamplona.com\\\/actualidad\\\/el-ayuntamiento-de-pamplona-captura-este-ano-515-ejemplares-de-avispa-asiatica-un-40-mas-que-en-2020-y-ahora-se-inicia-la-retirada-de-los-nidos-inactivos\\\/\"},\"author\":{\"name\":\"La Gu\u00eda de Pamplona\",\"@id\":\"https:\\\/\\\/www.laguiadepamplona.com\\\/actualidad\\\/#\\\/schema\\\/person\\\/efe887376f0213d4657c93adc50b1fdb\"},\"headline\":\"El Ayuntamiento de Pamplona captura este a\u00f1o 515 ejemplares de avispa asi\u00e1tica, un 40% m\u00e1s que en 2020, y ahora se inicia la retirada de los nidos inactivos\",\"datePublished\":\"2021-09-27T13:45:51+00:00\",\"dateModified\":\"2023-04-11T09:48:57+00:00\",\"mainEntityOfPage\":{\"@id\":\"https:\\\/\\\/www.laguiadepamplona.com\\\/actualidad\\\/el-ayuntamiento-de-pamplona-captura-este-ano-515-ejemplares-de-avispa-asiatica-un-40-mas-que-en-2020-y-ahora-se-inicia-la-retirada-de-los-nidos-inactivos\\\/\"},\"wordCount\":619,\"commentCount\":0,\"publisher\":{\"@id\":\"https:\\\/\\\/www.laguiadepamplona.com\\\/actualidad\\\/#organization\"},\"image\":{\"@id\":\"https:\\\/\\\/www.laguiadepamplona.com\\\/actualidad\\\/el-ayuntamiento-de-pamplona-captura-este-ano-515-ejemplares-de-avispa-asiatica-un-40-mas-que-en-2020-y-ahora-se-inicia-la-retirada-de-los-nidos-inactivos\\\/#primaryimage\"},\"thumbnailUrl\":\"https:\\\/\\\/www.laguiadepamplona.com\\\/actualidad\\\/wp-content\\\/uploads\\\/2021\\\/09\\\/avisponjmg0321.jpg\",\"articleSection\":[\"Ayto Pamplona\"],\"inLanguage\":\"es\",\"potentialAction\":[{\"@type\":\"CommentAction\",\"name\":\"Comment\",\"target\":[\"https:\\\/\\\/www.laguiadepamplona.com\\\/actualidad\\\/el-ayuntamiento-de-pamplona-captura-este-ano-515-ejemplares-de-avispa-asiatica-un-40-mas-que-en-2020-y-ahora-se-inicia-la-retirada-de-los-nidos-inactivos\\\/#respond\"]}]},{\"@type\":\"WebPage\",\"@id\":\"https:\\\/\\\/www.laguiadepamplona.com\\\/actualidad\\\/el-ayuntamiento-de-pamplona-captura-este-ano-515-ejemplares-de-avispa-asiatica-un-40-mas-que-en-2020-y-ahora-se-inicia-la-retirada-de-los-nidos-inactivos\\\/\",\"url\":\"https:\\\/\\\/www.laguiadepamplona.com\\\/actualidad\\\/el-ayuntamiento-de-pamplona-captura-este-ano-515-ejemplares-de-avispa-asiatica-un-40-mas-que-en-2020-y-ahora-se-inicia-la-retirada-de-los-nidos-inactivos\\\/\",\"name\":\"El Ayuntamiento de Pamplona captura este a\u00f1o 515 ejemplares de avispa asi\u00e1tica, un 40% m\u00e1s que en 2020, y ahora se inicia la retirada de los nidos inactivos\",\"isPartOf\":{\"@id\":\"https:\\\/\\\/www.laguiadepamplona.com\\\/actualidad\\\/#website\"},\"primaryImageOfPage\":{\"@id\":\"https:\\\/\\\/www.laguiadepamplona.com\\\/actualidad\\\/el-ayuntamiento-de-pamplona-captura-este-ano-515-ejemplares-de-avispa-asiatica-un-40-mas-que-en-2020-y-ahora-se-inicia-la-retirada-de-los-nidos-inactivos\\\/#primaryimage\"},\"image\":{\"@id\":\"https:\\\/\\\/www.laguiadepamplona.com\\\/actualidad\\\/el-ayuntamiento-de-pamplona-captura-este-ano-515-ejemplares-de-avispa-asiatica-un-40-mas-que-en-2020-y-ahora-se-inicia-la-retirada-de-los-nidos-inactivos\\\/#primaryimage\"},\"thumbnailUrl\":\"https:\\\/\\\/www.laguiadepamplona.com\\\/actualidad\\\/wp-content\\\/uploads\\\/2021\\\/09\\\/avisponjmg0321.jpg\",\"datePublished\":\"2021-09-27T13:45:51+00:00\",\"dateModified\":\"2023-04-11T09:48:57+00:00\",\"description\":\"Este a\u00f1o se han incluido siete dispositivos m\u00e1s en la red de trampeo y se han atendido 14 avisos ciudadanos, 9 de ellos de nidos primarios\",\"breadcrumb\":{\"@id\":\"https:\\\/\\\/www.laguiadepamplona.com\\\/actualidad\\\/el-ayuntamiento-de-pamplona-captura-este-ano-515-ejemplares-de-avispa-asiatica-un-40-mas-que-en-2020-y-ahora-se-inicia-la-retirada-de-los-nidos-inactivos\\\/#breadcrumb\"},\"inLanguage\":\"es\",\"potentialAction\":[{\"@type\":\"ReadAction\",\"target\":[\"https:\\\/\\\/www.laguiadepamplona.com\\\/actualidad\\\/el-ayuntamiento-de-pamplona-captura-este-ano-515-ejemplares-de-avispa-asiatica-un-40-mas-que-en-2020-y-ahora-se-inicia-la-retirada-de-los-nidos-inactivos\\\/\"]}]},{\"@type\":\"ImageObject\",\"inLanguage\":\"es\",\"@id\":\"https:\\\/\\\/www.laguiadepamplona.com\\\/actualidad\\\/el-ayuntamiento-de-pamplona-captura-este-ano-515-ejemplares-de-avispa-asiatica-un-40-mas-que-en-2020-y-ahora-se-inicia-la-retirada-de-los-nidos-inactivos\\\/#primaryimage\",\"url\":\"https:\\\/\\\/www.laguiadepamplona.com\\\/actualidad\\\/wp-content\\\/uploads\\\/2021\\\/09\\\/avisponjmg0321.jpg\",\"contentUrl\":\"https:\\\/\\\/www.laguiadepamplona.com\\\/actualidad\\\/wp-content\\\/uploads\\\/2021\\\/09\\\/avisponjmg0321.jpg\",\"width\":1920,\"height\":1280,\"caption\":\"A* Jes\u00fas Garzaron F* 2020_11_26 T* Retirada de nido de avispas asi\u00e1ticas L* Calle Valle de Eg\u00fc\u00e9s, Pamplona\"},{\"@type\":\"BreadcrumbList\",\"@id\":\"https:\\\/\\\/www.laguiadepamplona.com\\\/actualidad\\\/el-ayuntamiento-de-pamplona-captura-este-ano-515-ejemplares-de-avispa-asiatica-un-40-mas-que-en-2020-y-ahora-se-inicia-la-retirada-de-los-nidos-inactivos\\\/#breadcrumb\",\"itemListElement\":[{\"@type\":\"ListItem\",\"position\":1,\"name\":\"Portada\",\"item\":\"https:\\\/\\\/www.laguiadepamplona.com\\\/actualidad\\\/\"},{\"@type\":\"ListItem\",\"position\":2,\"name\":\"El Ayuntamiento de Pamplona captura este a\u00f1o 515 ejemplares de avispa asi\u00e1tica, un 40% m\u00e1s que en 2020, y ahora se inicia la retirada de los nidos inactivos\"}]},{\"@type\":\"WebSite\",\"@id\":\"https:\\\/\\\/www.laguiadepamplona.com\\\/actualidad\\\/#website\",\"url\":\"https:\\\/\\\/www.laguiadepamplona.com\\\/actualidad\\\/\",\"name\":\"La gu\u00eda de Pamplona\",\"description\":\"Noticias de Pamplona\",\"publisher\":{\"@id\":\"https:\\\/\\\/www.laguiadepamplona.com\\\/actualidad\\\/#organization\"},\"potentialAction\":[{\"@type\":\"SearchAction\",\"target\":{\"@type\":\"EntryPoint\",\"urlTemplate\":\"https:\\\/\\\/www.laguiadepamplona.com\\\/actualidad\\\/?s={search_term_string}\"},\"query-input\":{\"@type\":\"PropertyValueSpecification\",\"valueRequired\":true,\"valueName\":\"search_term_string\"}}],\"inLanguage\":\"es\"},{\"@type\":\"Organization\",\"@id\":\"https:\\\/\\\/www.laguiadepamplona.com\\\/actualidad\\\/#organization\",\"name\":\"La Gu\u00eda de Pamplona \\\/ Noticias\",\"url\":\"https:\\\/\\\/www.laguiadepamplona.com\\\/actualidad\\\/\",\"logo\":{\"@type\":\"ImageObject\",\"inLanguage\":\"es\",\"@id\":\"https:\\\/\\\/www.laguiadepamplona.com\\\/actualidad\\\/#\\\/schema\\\/logo\\\/image\\\/\",\"url\":\"https:\\\/\\\/www.laguiadepamplona.com\\\/actualidad\\\/wp-content\\\/uploads\\\/2018\\\/11\\\/logo-laguiadepamplona18-web1.png\",\"contentUrl\":\"https:\\\/\\\/www.laguiadepamplona.com\\\/actualidad\\\/wp-content\\\/uploads\\\/2018\\\/11\\\/logo-laguiadepamplona18-web1.png\",\"width\":600,\"height\":196,\"caption\":\"La Gu\u00eda de Pamplona \\\/ Noticias\"},\"image\":{\"@id\":\"https:\\\/\\\/www.laguiadepamplona.com\\\/actualidad\\\/#\\\/schema\\\/logo\\\/image\\\/\"},\"sameAs\":[\"https:\\\/\\\/www.facebook.com\\\/laguiadepamplonacom-133175176762273\\\/?ref=hl\",\"https:\\\/\\\/x.com\\\/LaGuiadPamplona\",\"https:\\\/\\\/www.instagram.com\\\/la_guia_de_pamplona\\\/\",\"https:\\\/\\\/www.youtube.com\\\/user\\\/laguiadepamplona\"]},{\"@type\":\"Person\",\"@id\":\"https:\\\/\\\/www.laguiadepamplona.com\\\/actualidad\\\/#\\\/schema\\\/person\\\/efe887376f0213d4657c93adc50b1fdb\",\"name\":\"La Gu\u00eda de Pamplona\",\"image\":{\"@type\":\"ImageObject\",\"inLanguage\":\"es\",\"@id\":\"https:\\\/\\\/secure.gravatar.com\\\/avatar\\\/b6992f131dc8d30ab0dff15446e9d346d9dbd95992de0fef795073f5ea83a81c?s=96&d=mm&r=g\",\"url\":\"https:\\\/\\\/secure.gravatar.com\\\/avatar\\\/b6992f131dc8d30ab0dff15446e9d346d9dbd95992de0fef795073f5ea83a81c?s=96&d=mm&r=g\",\"contentUrl\":\"https:\\\/\\\/secure.gravatar.com\\\/avatar\\\/b6992f131dc8d30ab0dff15446e9d346d9dbd95992de0fef795073f5ea83a81c?s=96&d=mm&r=g\",\"caption\":\"La Gu\u00eda de Pamplona\"}}]}<\/script>\n<!-- \/ Yoast SEO plugin. -->","yoast_head_json":{"title":"El Ayuntamiento de Pamplona captura este a\u00f1o 515 ejemplares de avispa asi\u00e1tica, un 40% m\u00e1s que en 2020, y ahora se inicia la retirada de los nidos inactivos","description":"Este a\u00f1o se han incluido siete dispositivos m\u00e1s en la red de trampeo y se han atendido 14 avisos ciudadanos, 9 de ellos de nidos primarios","robots":{"index":"index","follow":"follow","max-snippet":"max-snippet:-1","max-image-preview":"max-image-preview:large","max-video-preview":"max-video-preview:-1"},"canonical":"https:\/\/www.laguiadepamplona.com\/actualidad\/el-ayuntamiento-de-pamplona-captura-este-ano-515-ejemplares-de-avispa-asiatica-un-40-mas-que-en-2020-y-ahora-se-inicia-la-retirada-de-los-nidos-inactivos\/","og_locale":"es_ES","og_type":"article","og_title":"El Ayuntamiento de Pamplona captura este a\u00f1o 515 ejemplares de avispa asi\u00e1tica, un 40% m\u00e1s que en 2020, y ahora se inicia la retirada de los nidos inactivos","og_description":"Este a\u00f1o se han incluido siete dispositivos m\u00e1s en la red de trampeo y se han atendido 14 avisos ciudadanos, 9 de ellos de nidos primarios","og_url":"https:\/\/www.laguiadepamplona.com\/actualidad\/el-ayuntamiento-de-pamplona-captura-este-ano-515-ejemplares-de-avispa-asiatica-un-40-mas-que-en-2020-y-ahora-se-inicia-la-retirada-de-los-nidos-inactivos\/","og_site_name":"La Gu\u00eda de Pamplona","article_publisher":"https:\/\/www.facebook.com\/laguiadepamplonacom-133175176762273\/?ref=hl","article_published_time":"2021-09-27T13:45:51+00:00","article_modified_time":"2023-04-11T09:48:57+00:00","og_image":[{"width":1920,"height":1280,"url":"https:\/\/www.laguiadepamplona.com\/actualidad\/wp-content\/uploads\/2021\/09\/avisponjmg0321.jpg","type":"image\/jpeg"}],"author":"La Gu\u00eda de Pamplona","twitter_card":"summary_large_image","twitter_creator":"@LaGuiadPamplona","twitter_site":"@LaGuiadPamplona","twitter_misc":{"Escrito por":"La Gu\u00eda de Pamplona","Tiempo de lectura":"3 minutos"},"schema":{"@context":"https:\/\/schema.org","@graph":[{"@type":"Article","@id":"https:\/\/www.laguiadepamplona.com\/actualidad\/el-ayuntamiento-de-pamplona-captura-este-ano-515-ejemplares-de-avispa-asiatica-un-40-mas-que-en-2020-y-ahora-se-inicia-la-retirada-de-los-nidos-inactivos\/#article","isPartOf":{"@id":"https:\/\/www.laguiadepamplona.com\/actualidad\/el-ayuntamiento-de-pamplona-captura-este-ano-515-ejemplares-de-avispa-asiatica-un-40-mas-que-en-2020-y-ahora-se-inicia-la-retirada-de-los-nidos-inactivos\/"},"author":{"name":"La Gu\u00eda de Pamplona","@id":"https:\/\/www.laguiadepamplona.com\/actualidad\/#\/schema\/person\/efe887376f0213d4657c93adc50b1fdb"},"headline":"El Ayuntamiento de Pamplona captura este a\u00f1o 515 ejemplares de avispa asi\u00e1tica, un 40% m\u00e1s que en 2020, y ahora se inicia la retirada de los nidos inactivos","datePublished":"2021-09-27T13:45:51+00:00","dateModified":"2023-04-11T09:48:57+00:00","mainEntityOfPage":{"@id":"https:\/\/www.laguiadepamplona.com\/actualidad\/el-ayuntamiento-de-pamplona-captura-este-ano-515-ejemplares-de-avispa-asiatica-un-40-mas-que-en-2020-y-ahora-se-inicia-la-retirada-de-los-nidos-inactivos\/"},"wordCount":619,"commentCount":0,"publisher":{"@id":"https:\/\/www.laguiadepamplona.com\/actualidad\/#organization"},"image":{"@id":"https:\/\/www.laguiadepamplona.com\/actualidad\/el-ayuntamiento-de-pamplona-captura-este-ano-515-ejemplares-de-avispa-asiatica-un-40-mas-que-en-2020-y-ahora-se-inicia-la-retirada-de-los-nidos-inactivos\/#primaryimage"},"thumbnailUrl":"https:\/\/www.laguiadepamplona.com\/actualidad\/wp-content\/uploads\/2021\/09\/avisponjmg0321.jpg","articleSection":["Ayto Pamplona"],"inLanguage":"es","potentialAction":[{"@type":"CommentAction","name":"Comment","target":["https:\/\/www.laguiadepamplona.com\/actualidad\/el-ayuntamiento-de-pamplona-captura-este-ano-515-ejemplares-de-avispa-asiatica-un-40-mas-que-en-2020-y-ahora-se-inicia-la-retirada-de-los-nidos-inactivos\/#respond"]}]},{"@type":"WebPage","@id":"https:\/\/www.laguiadepamplona.com\/actualidad\/el-ayuntamiento-de-pamplona-captura-este-ano-515-ejemplares-de-avispa-asiatica-un-40-mas-que-en-2020-y-ahora-se-inicia-la-retirada-de-los-nidos-inactivos\/","url":"https:\/\/www.laguiadepamplona.com\/actualidad\/el-ayuntamiento-de-pamplona-captura-este-ano-515-ejemplares-de-avispa-asiatica-un-40-mas-que-en-2020-y-ahora-se-inicia-la-retirada-de-los-nidos-inactivos\/","name":"El Ayuntamiento de Pamplona captura este a\u00f1o 515 ejemplares de avispa asi\u00e1tica, un 40% m\u00e1s que en 2020, y ahora se inicia la retirada de los nidos inactivos","isPartOf":{"@id":"https:\/\/www.laguiadepamplona.com\/actualidad\/#website"},"primaryImageOfPage":{"@id":"https:\/\/www.laguiadepamplona.com\/actualidad\/el-ayuntamiento-de-pamplona-captura-este-ano-515-ejemplares-de-avispa-asiatica-un-40-mas-que-en-2020-y-ahora-se-inicia-la-retirada-de-los-nidos-inactivos\/#primaryimage"},"image":{"@id":"https:\/\/www.laguiadepamplona.com\/actualidad\/el-ayuntamiento-de-pamplona-captura-este-ano-515-ejemplares-de-avispa-asiatica-un-40-mas-que-en-2020-y-ahora-se-inicia-la-retirada-de-los-nidos-inactivos\/#primaryimage"},"thumbnailUrl":"https:\/\/www.laguiadepamplona.com\/actualidad\/wp-content\/uploads\/2021\/09\/avisponjmg0321.jpg","datePublished":"2021-09-27T13:45:51+00:00","dateModified":"2023-04-11T09:48:57+00:00","description":"Este a\u00f1o se han incluido siete dispositivos m\u00e1s en la red de trampeo y se han atendido 14 avisos ciudadanos, 9 de ellos de nidos primarios","breadcrumb":{"@id":"https:\/\/www.laguiadepamplona.com\/actualidad\/el-ayuntamiento-de-pamplona-captura-este-ano-515-ejemplares-de-avispa-asiatica-un-40-mas-que-en-2020-y-ahora-se-inicia-la-retirada-de-los-nidos-inactivos\/#breadcrumb"},"inLanguage":"es","potentialAction":[{"@type":"ReadAction","target":["https:\/\/www.laguiadepamplona.com\/actualidad\/el-ayuntamiento-de-pamplona-captura-este-ano-515-ejemplares-de-avispa-asiatica-un-40-mas-que-en-2020-y-ahora-se-inicia-la-retirada-de-los-nidos-inactivos\/"]}]},{"@type":"ImageObject","inLanguage":"es","@id":"https:\/\/www.laguiadepamplona.com\/actualidad\/el-ayuntamiento-de-pamplona-captura-este-ano-515-ejemplares-de-avispa-asiatica-un-40-mas-que-en-2020-y-ahora-se-inicia-la-retirada-de-los-nidos-inactivos\/#primaryimage","url":"https:\/\/www.laguiadepamplona.com\/actualidad\/wp-content\/uploads\/2021\/09\/avisponjmg0321.jpg","contentUrl":"https:\/\/www.laguiadepamplona.com\/actualidad\/wp-content\/uploads\/2021\/09\/avisponjmg0321.jpg","width":1920,"height":1280,"caption":"A* Jes\u00fas Garzaron F* 2020_11_26 T* Retirada de nido de avispas asi\u00e1ticas L* Calle Valle de Eg\u00fc\u00e9s, Pamplona"},{"@type":"BreadcrumbList","@id":"https:\/\/www.laguiadepamplona.com\/actualidad\/el-ayuntamiento-de-pamplona-captura-este-ano-515-ejemplares-de-avispa-asiatica-un-40-mas-que-en-2020-y-ahora-se-inicia-la-retirada-de-los-nidos-inactivos\/#breadcrumb","itemListElement":[{"@type":"ListItem","position":1,"name":"Portada","item":"https:\/\/www.laguiadepamplona.com\/actualidad\/"},{"@type":"ListItem","position":2,"name":"El Ayuntamiento de Pamplona captura este a\u00f1o 515 ejemplares de avispa asi\u00e1tica, un 40% m\u00e1s que en 2020, y ahora se inicia la retirada de los nidos inactivos"}]},{"@type":"WebSite","@id":"https:\/\/www.laguiadepamplona.com\/actualidad\/#website","url":"https:\/\/www.laguiadepamplona.com\/actualidad\/","name":"La gu\u00eda de Pamplona","description":"Noticias de Pamplona","publisher":{"@id":"https:\/\/www.laguiadepamplona.com\/actualidad\/#organization"},"potentialAction":[{"@type":"SearchAction","target":{"@type":"EntryPoint","urlTemplate":"https:\/\/www.laguiadepamplona.com\/actualidad\/?s={search_term_string}"},"query-input":{"@type":"PropertyValueSpecification","valueRequired":true,"valueName":"search_term_string"}}],"inLanguage":"es"},{"@type":"Organization","@id":"https:\/\/www.laguiadepamplona.com\/actualidad\/#organization","name":"La Gu\u00eda de Pamplona \/ Noticias","url":"https:\/\/www.laguiadepamplona.com\/actualidad\/","logo":{"@type":"ImageObject","inLanguage":"es","@id":"https:\/\/www.laguiadepamplona.com\/actualidad\/#\/schema\/logo\/image\/","url":"https:\/\/www.laguiadepamplona.com\/actualidad\/wp-content\/uploads\/2018\/11\/logo-laguiadepamplona18-web1.png","contentUrl":"https:\/\/www.laguiadepamplona.com\/actualidad\/wp-content\/uploads\/2018\/11\/logo-laguiadepamplona18-web1.png","width":600,"height":196,"caption":"La Gu\u00eda de Pamplona \/ Noticias"},"image":{"@id":"https:\/\/www.laguiadepamplona.com\/actualidad\/#\/schema\/logo\/image\/"},"sameAs":["https:\/\/www.facebook.com\/laguiadepamplonacom-133175176762273\/?ref=hl","https:\/\/x.com\/LaGuiadPamplona","https:\/\/www.instagram.com\/la_guia_de_pamplona\/","https:\/\/www.youtube.com\/user\/laguiadepamplona"]},{"@type":"Person","@id":"https:\/\/www.laguiadepamplona.com\/actualidad\/#\/schema\/person\/efe887376f0213d4657c93adc50b1fdb","name":"La Gu\u00eda de Pamplona","image":{"@type":"ImageObject","inLanguage":"es","@id":"https:\/\/secure.gravatar.com\/avatar\/b6992f131dc8d30ab0dff15446e9d346d9dbd95992de0fef795073f5ea83a81c?s=96&d=mm&r=g","url":"https:\/\/secure.gravatar.com\/avatar\/b6992f131dc8d30ab0dff15446e9d346d9dbd95992de0fef795073f5ea83a81c?s=96&d=mm&r=g","contentUrl":"https:\/\/secure.gravatar.com\/avatar\/b6992f131dc8d30ab0dff15446e9d346d9dbd95992de0fef795073f5ea83a81c?s=96&d=mm&r=g","caption":"La Gu\u00eda de Pamplona"}}]}},"post_mailing_queue_ids":[],"_links":{"self":[{"href":"https:\/\/www.laguiadepamplona.com\/actualidad\/wp-json\/wp\/v2\/posts\/36672","targetHints":{"allow":["GET"]}}],"collection":[{"href":"https:\/\/www.laguiadepamplona.com\/actualidad\/wp-json\/wp\/v2\/posts"}],"about":[{"href":"https:\/\/www.laguiadepamplona.com\/actualidad\/wp-json\/wp\/v2\/types\/post"}],"author":[{"embeddable":true,"href":"https:\/\/www.laguiadepamplona.com\/actualidad\/wp-json\/wp\/v2\/users\/1"}],"replies":[{"embeddable":true,"href":"https:\/\/www.laguiadepamplona.com\/actualidad\/wp-json\/wp\/v2\/comments?post=36672"}],"version-history":[{"count":0,"href":"https:\/\/www.laguiadepamplona.com\/actualidad\/wp-json\/wp\/v2\/posts\/36672\/revisions"}],"wp:featuredmedia":[{"embeddable":true,"href":"https:\/\/www.laguiadepamplona.com\/actualidad\/wp-json\/wp\/v2\/media\/36673"}],"wp:attachment":[{"href":"https:\/\/www.laguiadepamplona.com\/actualidad\/wp-json\/wp\/v2\/media?parent=36672"}],"wp:term":[{"taxonomy":"category","embeddable":true,"href":"https:\/\/www.laguiadepamplona.com\/actualidad\/wp-json\/wp\/v2\/categories?post=36672"},{"taxonomy":"post_tag","embeddable":true,"href":"https:\/\/www.laguiadepamplona.com\/actualidad\/wp-json\/wp\/v2\/tags?post=36672"}],"curies":[{"name":"wp","href":"https:\/\/api.w.org\/{rel}","templated":true}]}}