{"id":36669,"date":"2021-09-27T15:44:13","date_gmt":"2021-09-27T13:44:13","guid":{"rendered":"https:\/\/www.laguiadepamplona.com\/actualidad\/?p=36669"},"modified":"2023-04-11T11:48:57","modified_gmt":"2023-04-11T09:48:57","slug":"el-ayuntamiento-acometera-la-reurbanizacion-de-padre-moret-y-general-chinchilla-para-ampliar-aceras-consolidar-su-caracter-peatonal-y-mejorar-la-conectividad-ciclista","status":"publish","type":"post","link":"https:\/\/www.laguiadepamplona.com\/actualidad\/el-ayuntamiento-acometera-la-reurbanizacion-de-padre-moret-y-general-chinchilla-para-ampliar-aceras-consolidar-su-caracter-peatonal-y-mejorar-la-conectividad-ciclista\/","title":{"rendered":"El Ayuntamiento acometer\u00e1 la reurbanizaci\u00f3n de Padre Moret y General Chinchilla para ampliar aceras, consolidar su car\u00e1cter peatonal y mejorar la conectividad ciclista"},"content":{"rendered":"<h5>Las obras cuentan con un presupuesto de 601.198,25 euros y un plazo de ejecuci\u00f3n de tres meses<\/h5>\n<p><!--more--><\/p>\n<p>El Ayuntamiento de Pamplona va a iniciar en este \u00faltimo trimestre del a\u00f1o las obras del proyecto de remodelaci\u00f3n de la calle Padre Moret y de reurbanizaci\u00f3n de la calle General Chinchilla. La Junta de Gobierno Local ha aprobado esta ma\u00f1ana la adjudicaci\u00f3n de estos trabajos por un importe de 601.198,25 euros y un plazo de ejecuci\u00f3n de tres meses. Principalmente, se trata de afianzar la peatonalizaci\u00f3n de esa zona, ampliar la acera norte de Padre Moret en el tramo entre Jos\u00e9 Alonso y Yanguas y Miranda y conectar el tr\u00e1nsito ciclista procedente del Casco Antiguo.<\/p>\n<p><script async src=\"\/\/pagead2.googlesyndication.com\/pagead\/js\/adsbygoogle.js\"><\/script><br \/>\n<!-- Noticias La Guia de Pamplona --><br \/>\n<ins class=\"adsbygoogle\"\nstyle=\"display:block\"\ndata-ad-client=\"ca-pub-6943679897239327\"\ndata-ad-slot=\"7048180777\"\ndata-ad-format=\"auto\"><\/ins><br \/>\n<script>\n(adsbygoogle = window.adsbygoogle || []).push({});\n<\/script><\/p>\n<p>La acera de Padre Moret al otro lado de la plaza de Baluarte presenta un pavimento bastante deteriorado por el paso del tiempo y una anchura de 1,60 metros, incluido el bordillo. Para ampliar sus dimensiones, se realiz\u00f3 hace unos a\u00f1os una actuaci\u00f3n de bajo coste para transformar parte de calzada en acera mediante bolardos. Esa medida ha dejado en la zona central de la superficie una rigola, con un desnivel de aproximadamente 15 cent\u00edmetros de altura, lo que dificulta la accesibilidad por toda la superficie. As\u00ed las cosas, estas obras ampliar\u00e1n la acera hasta ese l\u00edmite ya establecido en el tramo de Padre Moret entre Yanguas y Miranda y Jos\u00e9 Alonso. Tambi\u00e9n se renovar\u00e1 el pavimento en el lateral de la calle Yanguas y Miranda en el tramo que conecta con la Padre Moret y Navas de Tolosa, que recientemente ha sido objeto de renovaci\u00f3n.<\/p>\n<p>En la acera perimetral a la plaza de Baluarte las actuaciones previstas consistir\u00e1n en adaptar algunos puntos de esa actual acera con las actuaciones proyectadas en el otro lado. B\u00e1sicamente consisten en la eliminaci\u00f3n de un paso de peatones a distinto nivel, transformando \u00e9ste en un paso peatonal sobre-elevado con avance de acera, y la construcci\u00f3n de un tramo de acera avanzada coincidente con el otro paso de peatones existente en el cruce con la Calle Marqu\u00e9s de Rozalejo.<\/p>\n<p><script async src=\"\/\/pagead2.googlesyndication.com\/pagead\/js\/adsbygoogle.js\"><\/script><br \/>\n<!-- Noticias La Guia de Pamplona --><br \/>\n<ins class=\"adsbygoogle\"\nstyle=\"display:block\"\ndata-ad-client=\"ca-pub-6943679897239327\"\ndata-ad-slot=\"7048180777\"\ndata-ad-format=\"auto\"><\/ins><br \/>\n<script>\n(adsbygoogle = window.adsbygoogle || []).push({});\n<\/script><\/p>\n<p><strong>Actuaciones en General Chinchilla<\/strong><\/p>\n<p>En la calle General Chinchilla se llevar\u00e1n a cabo dos tipos de actuaciones. Entre la calle Padre Moret y la avenida del Ej\u00e9rcito, es decir, en la trasera de Baluarte, se sustituir\u00e1 una franja de pavimento de adoqu\u00edn por pavimento de losa de granito gris, ampliando el tramo actual de 2 metros existente hasta los 5 metros. De esta forma, se favorecer\u00e1 la accesibilidad de todo tipo de personas usuarias, permitiendo el tr\u00e1fico seguro de bicicletas y conectando el recorrido se\u00f1alizado de \u00e9stas entre dos tramos ahora existentes como son el carril bici de la avenida del Ej\u00e9rcito y el proveniente del Casco Antiguo por las calles peatonales.<\/p>\n<p>La segunda actuaci\u00f3n se acometer\u00e1 entre Padre Moret y Navas de Tolosa. Este tramo de calle presenta aceras a distinto nivel con una anchura media en ambos lados de 2 metros. El resto de superficie lo ocupa una calzada que presenta un tr\u00e1fico limitado a los accesos a los garajes y a los servicios existentes. Estas obras reurbanizar\u00e1n la zona para uso peatonal, permitiendo ocasionalmente el paso de veh\u00edculos a accesos y garajes. Se eliminar\u00e1 el desnivel existente entre aceras y calzada, definiendo las pendientes necesarias para el drenaje de las aguas pluviales y, mediante diferenciaci\u00f3n de pavimentos, se indicar\u00e1 la zona de paso ocasional de veh\u00edculos.<\/p>\n<p><script async src=\"\/\/pagead2.googlesyndication.com\/pagead\/js\/adsbygoogle.js\"><\/script><br \/>\n<!-- Noticias La Guia de Pamplona --><br \/>\n<ins class=\"adsbygoogle\"\nstyle=\"display:block\"\ndata-ad-client=\"ca-pub-6943679897239327\"\ndata-ad-slot=\"7048180777\"\ndata-ad-format=\"auto\"><\/ins><br \/>\n<script>\n(adsbygoogle = window.adsbygoogle || []).push({});\n<\/script><\/p>\n<p>Estas actuaciones implican la modificaci\u00f3n de algunos de los servicios existentes como la construcci\u00f3n de nuevas canalizaciones para el alumbrado p\u00fablico, para el riego de las zonas ajardinadas y para la recogida de las aguas pluviales de escorrent\u00eda superficial. En la zona central de General Chinchilla, frente a la C\u00e1mara de Comercio y a la Jefatura del Cuerpo Nacional de Polic\u00eda, se generar\u00e1 un espacio longitudinal ajardinado con bancos.<\/p>\n<p>Estas mejoras, que van encaminadas a resolver conflictos de movilidad y comunicaci\u00f3n existentes en los diferentes barrios y la mera de la seguridad vial de peatones, ciclistas y veh\u00edculos, se ejecutan a trav\u00e9s del Acuerdo Marco para las Obras de Rehabilitaci\u00f3n y Acondicionamiento de Espacios de V\u00eda P\u00fablica del Ayuntamiento de Pamplona para la contrataci\u00f3n de obras. En esta ocasi\u00f3n, la adjudicataria de esos trabajos ha sido la empresa Obras y Servicios Tex S.L.<\/p>\n<p>&nbsp;<br \/>\n[qodef_button size=\u00bblarge\u00bb type=\u00bb\u00bb text=\u00bbPlanos.pdf\u00bb custom_class=\u00bb\u00bb icon_pack=\u00bbfont_elegant\u00bb fa_icon=\u00bbicon_download\u00bb link=\u00bbhttps:\/\/www.pamplona.es\/sites\/default\/files\/2021-09\/planos-nota.pdf\u00bb target=\u00bb_blank\u00bb color=\u00bbffffff\u00bb hover_color=\u00bb\u00bb background_color=\u00bb\u00bb hover_background_color=\u00bb\u00bb border_color=\u00bb\u00bb hover_border_color=\u00bb\u00bb font_size=\u00bb\u00bb font_weight=\u00bb\u00bb margin=\u00bb\u00bb]\n&nbsp;<\/p>\n","protected":false},"excerpt":{"rendered":"<p>Las obras cuentan con un presupuesto de 601.198,25 euros y un plazo de ejecuci\u00f3n de tres meses<\/p>\n","protected":false},"author":1,"featured_media":36670,"comment_status":"open","ping_status":"closed","sticky":false,"template":"","format":"standard","meta":{"footnotes":""},"categories":[2],"tags":[],"class_list":["post-36669","post","type-post","status-publish","format-standard","has-post-thumbnail","hentry","category-ayuntamiento-pamplona"],"yoast_head":"<!-- This site is optimized with the Yoast SEO plugin v27.5 - https:\/\/yoast.com\/product\/yoast-seo-wordpress\/ -->\n<title>El Ayuntamiento acometer\u00e1 la reurbanizaci\u00f3n de Padre Moret y General Chinchilla para ampliar aceras, consolidar su car\u00e1cter peatonal y mejorar la conectividad ciclista<\/title>\n<meta name=\"description\" content=\"Las obras cuentan con un presupuesto de 601.198,25 euros y un plazo de ejecuci\u00f3n de tres meses\" \/>\n<meta name=\"robots\" content=\"index, follow, max-snippet:-1, max-image-preview:large, max-video-preview:-1\" \/>\n<link rel=\"canonical\" href=\"https:\/\/www.laguiadepamplona.com\/actualidad\/el-ayuntamiento-acometera-la-reurbanizacion-de-padre-moret-y-general-chinchilla-para-ampliar-aceras-consolidar-su-caracter-peatonal-y-mejorar-la-conectividad-ciclista\/\" \/>\n<meta property=\"og:locale\" content=\"es_ES\" \/>\n<meta property=\"og:type\" content=\"article\" \/>\n<meta property=\"og:title\" content=\"El Ayuntamiento acometer\u00e1 la reurbanizaci\u00f3n de Padre Moret y General Chinchilla para ampliar aceras, consolidar su car\u00e1cter peatonal y mejorar la conectividad ciclista\" \/>\n<meta property=\"og:description\" content=\"Las obras cuentan con un presupuesto de 601.198,25 euros y un plazo de ejecuci\u00f3n de tres meses\" \/>\n<meta property=\"og:url\" content=\"https:\/\/www.laguiadepamplona.com\/actualidad\/el-ayuntamiento-acometera-la-reurbanizacion-de-padre-moret-y-general-chinchilla-para-ampliar-aceras-consolidar-su-caracter-peatonal-y-mejorar-la-conectividad-ciclista\/\" \/>\n<meta property=\"og:site_name\" content=\"La Gu\u00eda de Pamplona\" \/>\n<meta property=\"article:publisher\" content=\"https:\/\/www.facebook.com\/laguiadepamplonacom-133175176762273\/?ref=hl\" \/>\n<meta property=\"article:published_time\" content=\"2021-09-27T13:44:13+00:00\" \/>\n<meta property=\"article:modified_time\" content=\"2023-04-11T09:48:57+00:00\" \/>\n<meta property=\"og:image\" content=\"https:\/\/www.laguiadepamplona.com\/actualidad\/wp-content\/uploads\/2021\/09\/planos-nota-1.jpg\" \/>\n\t<meta property=\"og:image:width\" content=\"1920\" \/>\n\t<meta property=\"og:image:height\" content=\"1176\" \/>\n\t<meta property=\"og:image:type\" content=\"image\/jpeg\" \/>\n<meta name=\"author\" content=\"La Gu\u00eda de Pamplona\" \/>\n<meta name=\"twitter:card\" content=\"summary_large_image\" \/>\n<meta name=\"twitter:creator\" content=\"@LaGuiadPamplona\" \/>\n<meta name=\"twitter:site\" content=\"@LaGuiadPamplona\" \/>\n<meta name=\"twitter:label1\" content=\"Escrito por\" \/>\n\t<meta name=\"twitter:data1\" content=\"La Gu\u00eda de Pamplona\" \/>\n\t<meta name=\"twitter:label2\" content=\"Tiempo de lectura\" \/>\n\t<meta name=\"twitter:data2\" content=\"4 minutos\" \/>\n<script type=\"application\/ld+json\" class=\"yoast-schema-graph\">{\"@context\":\"https:\\\/\\\/schema.org\",\"@graph\":[{\"@type\":\"Article\",\"@id\":\"https:\\\/\\\/www.laguiadepamplona.com\\\/actualidad\\\/el-ayuntamiento-acometera-la-reurbanizacion-de-padre-moret-y-general-chinchilla-para-ampliar-aceras-consolidar-su-caracter-peatonal-y-mejorar-la-conectividad-ciclista\\\/#article\",\"isPartOf\":{\"@id\":\"https:\\\/\\\/www.laguiadepamplona.com\\\/actualidad\\\/el-ayuntamiento-acometera-la-reurbanizacion-de-padre-moret-y-general-chinchilla-para-ampliar-aceras-consolidar-su-caracter-peatonal-y-mejorar-la-conectividad-ciclista\\\/\"},\"author\":{\"name\":\"La Gu\u00eda de Pamplona\",\"@id\":\"https:\\\/\\\/www.laguiadepamplona.com\\\/actualidad\\\/#\\\/schema\\\/person\\\/efe887376f0213d4657c93adc50b1fdb\"},\"headline\":\"El Ayuntamiento acometer\u00e1 la reurbanizaci\u00f3n de Padre Moret y General Chinchilla para ampliar aceras, consolidar su car\u00e1cter peatonal y mejorar la conectividad ciclista\",\"datePublished\":\"2021-09-27T13:44:13+00:00\",\"dateModified\":\"2023-04-11T09:48:57+00:00\",\"mainEntityOfPage\":{\"@id\":\"https:\\\/\\\/www.laguiadepamplona.com\\\/actualidad\\\/el-ayuntamiento-acometera-la-reurbanizacion-de-padre-moret-y-general-chinchilla-para-ampliar-aceras-consolidar-su-caracter-peatonal-y-mejorar-la-conectividad-ciclista\\\/\"},\"wordCount\":818,\"commentCount\":0,\"publisher\":{\"@id\":\"https:\\\/\\\/www.laguiadepamplona.com\\\/actualidad\\\/#organization\"},\"image\":{\"@id\":\"https:\\\/\\\/www.laguiadepamplona.com\\\/actualidad\\\/el-ayuntamiento-acometera-la-reurbanizacion-de-padre-moret-y-general-chinchilla-para-ampliar-aceras-consolidar-su-caracter-peatonal-y-mejorar-la-conectividad-ciclista\\\/#primaryimage\"},\"thumbnailUrl\":\"https:\\\/\\\/www.laguiadepamplona.com\\\/actualidad\\\/wp-content\\\/uploads\\\/2021\\\/09\\\/planos-nota-1.jpg\",\"articleSection\":[\"Ayto Pamplona\"],\"inLanguage\":\"es\",\"potentialAction\":[{\"@type\":\"CommentAction\",\"name\":\"Comment\",\"target\":[\"https:\\\/\\\/www.laguiadepamplona.com\\\/actualidad\\\/el-ayuntamiento-acometera-la-reurbanizacion-de-padre-moret-y-general-chinchilla-para-ampliar-aceras-consolidar-su-caracter-peatonal-y-mejorar-la-conectividad-ciclista\\\/#respond\"]}]},{\"@type\":\"WebPage\",\"@id\":\"https:\\\/\\\/www.laguiadepamplona.com\\\/actualidad\\\/el-ayuntamiento-acometera-la-reurbanizacion-de-padre-moret-y-general-chinchilla-para-ampliar-aceras-consolidar-su-caracter-peatonal-y-mejorar-la-conectividad-ciclista\\\/\",\"url\":\"https:\\\/\\\/www.laguiadepamplona.com\\\/actualidad\\\/el-ayuntamiento-acometera-la-reurbanizacion-de-padre-moret-y-general-chinchilla-para-ampliar-aceras-consolidar-su-caracter-peatonal-y-mejorar-la-conectividad-ciclista\\\/\",\"name\":\"El Ayuntamiento acometer\u00e1 la reurbanizaci\u00f3n de Padre Moret y General Chinchilla para ampliar aceras, consolidar su car\u00e1cter peatonal y mejorar la conectividad ciclista\",\"isPartOf\":{\"@id\":\"https:\\\/\\\/www.laguiadepamplona.com\\\/actualidad\\\/#website\"},\"primaryImageOfPage\":{\"@id\":\"https:\\\/\\\/www.laguiadepamplona.com\\\/actualidad\\\/el-ayuntamiento-acometera-la-reurbanizacion-de-padre-moret-y-general-chinchilla-para-ampliar-aceras-consolidar-su-caracter-peatonal-y-mejorar-la-conectividad-ciclista\\\/#primaryimage\"},\"image\":{\"@id\":\"https:\\\/\\\/www.laguiadepamplona.com\\\/actualidad\\\/el-ayuntamiento-acometera-la-reurbanizacion-de-padre-moret-y-general-chinchilla-para-ampliar-aceras-consolidar-su-caracter-peatonal-y-mejorar-la-conectividad-ciclista\\\/#primaryimage\"},\"thumbnailUrl\":\"https:\\\/\\\/www.laguiadepamplona.com\\\/actualidad\\\/wp-content\\\/uploads\\\/2021\\\/09\\\/planos-nota-1.jpg\",\"datePublished\":\"2021-09-27T13:44:13+00:00\",\"dateModified\":\"2023-04-11T09:48:57+00:00\",\"description\":\"Las obras cuentan con un presupuesto de 601.198,25 euros y un plazo de ejecuci\u00f3n de tres meses\",\"breadcrumb\":{\"@id\":\"https:\\\/\\\/www.laguiadepamplona.com\\\/actualidad\\\/el-ayuntamiento-acometera-la-reurbanizacion-de-padre-moret-y-general-chinchilla-para-ampliar-aceras-consolidar-su-caracter-peatonal-y-mejorar-la-conectividad-ciclista\\\/#breadcrumb\"},\"inLanguage\":\"es\",\"potentialAction\":[{\"@type\":\"ReadAction\",\"target\":[\"https:\\\/\\\/www.laguiadepamplona.com\\\/actualidad\\\/el-ayuntamiento-acometera-la-reurbanizacion-de-padre-moret-y-general-chinchilla-para-ampliar-aceras-consolidar-su-caracter-peatonal-y-mejorar-la-conectividad-ciclista\\\/\"]}]},{\"@type\":\"ImageObject\",\"inLanguage\":\"es\",\"@id\":\"https:\\\/\\\/www.laguiadepamplona.com\\\/actualidad\\\/el-ayuntamiento-acometera-la-reurbanizacion-de-padre-moret-y-general-chinchilla-para-ampliar-aceras-consolidar-su-caracter-peatonal-y-mejorar-la-conectividad-ciclista\\\/#primaryimage\",\"url\":\"https:\\\/\\\/www.laguiadepamplona.com\\\/actualidad\\\/wp-content\\\/uploads\\\/2021\\\/09\\\/planos-nota-1.jpg\",\"contentUrl\":\"https:\\\/\\\/www.laguiadepamplona.com\\\/actualidad\\\/wp-content\\\/uploads\\\/2021\\\/09\\\/planos-nota-1.jpg\",\"width\":1920,\"height\":1176},{\"@type\":\"BreadcrumbList\",\"@id\":\"https:\\\/\\\/www.laguiadepamplona.com\\\/actualidad\\\/el-ayuntamiento-acometera-la-reurbanizacion-de-padre-moret-y-general-chinchilla-para-ampliar-aceras-consolidar-su-caracter-peatonal-y-mejorar-la-conectividad-ciclista\\\/#breadcrumb\",\"itemListElement\":[{\"@type\":\"ListItem\",\"position\":1,\"name\":\"Portada\",\"item\":\"https:\\\/\\\/www.laguiadepamplona.com\\\/actualidad\\\/\"},{\"@type\":\"ListItem\",\"position\":2,\"name\":\"El Ayuntamiento acometer\u00e1 la reurbanizaci\u00f3n de Padre Moret y General Chinchilla para ampliar aceras, consolidar su car\u00e1cter peatonal y mejorar la conectividad ciclista\"}]},{\"@type\":\"WebSite\",\"@id\":\"https:\\\/\\\/www.laguiadepamplona.com\\\/actualidad\\\/#website\",\"url\":\"https:\\\/\\\/www.laguiadepamplona.com\\\/actualidad\\\/\",\"name\":\"La gu\u00eda de Pamplona\",\"description\":\"Noticias de Pamplona\",\"publisher\":{\"@id\":\"https:\\\/\\\/www.laguiadepamplona.com\\\/actualidad\\\/#organization\"},\"potentialAction\":[{\"@type\":\"SearchAction\",\"target\":{\"@type\":\"EntryPoint\",\"urlTemplate\":\"https:\\\/\\\/www.laguiadepamplona.com\\\/actualidad\\\/?s={search_term_string}\"},\"query-input\":{\"@type\":\"PropertyValueSpecification\",\"valueRequired\":true,\"valueName\":\"search_term_string\"}}],\"inLanguage\":\"es\"},{\"@type\":\"Organization\",\"@id\":\"https:\\\/\\\/www.laguiadepamplona.com\\\/actualidad\\\/#organization\",\"name\":\"La Gu\u00eda de Pamplona \\\/ Noticias\",\"url\":\"https:\\\/\\\/www.laguiadepamplona.com\\\/actualidad\\\/\",\"logo\":{\"@type\":\"ImageObject\",\"inLanguage\":\"es\",\"@id\":\"https:\\\/\\\/www.laguiadepamplona.com\\\/actualidad\\\/#\\\/schema\\\/logo\\\/image\\\/\",\"url\":\"https:\\\/\\\/www.laguiadepamplona.com\\\/actualidad\\\/wp-content\\\/uploads\\\/2018\\\/11\\\/logo-laguiadepamplona18-web1.png\",\"contentUrl\":\"https:\\\/\\\/www.laguiadepamplona.com\\\/actualidad\\\/wp-content\\\/uploads\\\/2018\\\/11\\\/logo-laguiadepamplona18-web1.png\",\"width\":600,\"height\":196,\"caption\":\"La Gu\u00eda de Pamplona \\\/ Noticias\"},\"image\":{\"@id\":\"https:\\\/\\\/www.laguiadepamplona.com\\\/actualidad\\\/#\\\/schema\\\/logo\\\/image\\\/\"},\"sameAs\":[\"https:\\\/\\\/www.facebook.com\\\/laguiadepamplonacom-133175176762273\\\/?ref=hl\",\"https:\\\/\\\/x.com\\\/LaGuiadPamplona\",\"https:\\\/\\\/www.instagram.com\\\/la_guia_de_pamplona\\\/\",\"https:\\\/\\\/www.youtube.com\\\/user\\\/laguiadepamplona\"]},{\"@type\":\"Person\",\"@id\":\"https:\\\/\\\/www.laguiadepamplona.com\\\/actualidad\\\/#\\\/schema\\\/person\\\/efe887376f0213d4657c93adc50b1fdb\",\"name\":\"La Gu\u00eda de Pamplona\",\"image\":{\"@type\":\"ImageObject\",\"inLanguage\":\"es\",\"@id\":\"https:\\\/\\\/secure.gravatar.com\\\/avatar\\\/b6992f131dc8d30ab0dff15446e9d346d9dbd95992de0fef795073f5ea83a81c?s=96&d=mm&r=g\",\"url\":\"https:\\\/\\\/secure.gravatar.com\\\/avatar\\\/b6992f131dc8d30ab0dff15446e9d346d9dbd95992de0fef795073f5ea83a81c?s=96&d=mm&r=g\",\"contentUrl\":\"https:\\\/\\\/secure.gravatar.com\\\/avatar\\\/b6992f131dc8d30ab0dff15446e9d346d9dbd95992de0fef795073f5ea83a81c?s=96&d=mm&r=g\",\"caption\":\"La Gu\u00eda de Pamplona\"}}]}<\/script>\n<!-- \/ Yoast SEO plugin. -->","yoast_head_json":{"title":"El Ayuntamiento acometer\u00e1 la reurbanizaci\u00f3n de Padre Moret y General Chinchilla para ampliar aceras, consolidar su car\u00e1cter peatonal y mejorar la conectividad ciclista","description":"Las obras cuentan con un presupuesto de 601.198,25 euros y un plazo de ejecuci\u00f3n de tres meses","robots":{"index":"index","follow":"follow","max-snippet":"max-snippet:-1","max-image-preview":"max-image-preview:large","max-video-preview":"max-video-preview:-1"},"canonical":"https:\/\/www.laguiadepamplona.com\/actualidad\/el-ayuntamiento-acometera-la-reurbanizacion-de-padre-moret-y-general-chinchilla-para-ampliar-aceras-consolidar-su-caracter-peatonal-y-mejorar-la-conectividad-ciclista\/","og_locale":"es_ES","og_type":"article","og_title":"El Ayuntamiento acometer\u00e1 la reurbanizaci\u00f3n de Padre Moret y General Chinchilla para ampliar aceras, consolidar su car\u00e1cter peatonal y mejorar la conectividad ciclista","og_description":"Las obras cuentan con un presupuesto de 601.198,25 euros y un plazo de ejecuci\u00f3n de tres meses","og_url":"https:\/\/www.laguiadepamplona.com\/actualidad\/el-ayuntamiento-acometera-la-reurbanizacion-de-padre-moret-y-general-chinchilla-para-ampliar-aceras-consolidar-su-caracter-peatonal-y-mejorar-la-conectividad-ciclista\/","og_site_name":"La Gu\u00eda de Pamplona","article_publisher":"https:\/\/www.facebook.com\/laguiadepamplonacom-133175176762273\/?ref=hl","article_published_time":"2021-09-27T13:44:13+00:00","article_modified_time":"2023-04-11T09:48:57+00:00","og_image":[{"width":1920,"height":1176,"url":"https:\/\/www.laguiadepamplona.com\/actualidad\/wp-content\/uploads\/2021\/09\/planos-nota-1.jpg","type":"image\/jpeg"}],"author":"La Gu\u00eda de Pamplona","twitter_card":"summary_large_image","twitter_creator":"@LaGuiadPamplona","twitter_site":"@LaGuiadPamplona","twitter_misc":{"Escrito por":"La Gu\u00eda de Pamplona","Tiempo de lectura":"4 minutos"},"schema":{"@context":"https:\/\/schema.org","@graph":[{"@type":"Article","@id":"https:\/\/www.laguiadepamplona.com\/actualidad\/el-ayuntamiento-acometera-la-reurbanizacion-de-padre-moret-y-general-chinchilla-para-ampliar-aceras-consolidar-su-caracter-peatonal-y-mejorar-la-conectividad-ciclista\/#article","isPartOf":{"@id":"https:\/\/www.laguiadepamplona.com\/actualidad\/el-ayuntamiento-acometera-la-reurbanizacion-de-padre-moret-y-general-chinchilla-para-ampliar-aceras-consolidar-su-caracter-peatonal-y-mejorar-la-conectividad-ciclista\/"},"author":{"name":"La Gu\u00eda de Pamplona","@id":"https:\/\/www.laguiadepamplona.com\/actualidad\/#\/schema\/person\/efe887376f0213d4657c93adc50b1fdb"},"headline":"El Ayuntamiento acometer\u00e1 la reurbanizaci\u00f3n de Padre Moret y General Chinchilla para ampliar aceras, consolidar su car\u00e1cter peatonal y mejorar la conectividad ciclista","datePublished":"2021-09-27T13:44:13+00:00","dateModified":"2023-04-11T09:48:57+00:00","mainEntityOfPage":{"@id":"https:\/\/www.laguiadepamplona.com\/actualidad\/el-ayuntamiento-acometera-la-reurbanizacion-de-padre-moret-y-general-chinchilla-para-ampliar-aceras-consolidar-su-caracter-peatonal-y-mejorar-la-conectividad-ciclista\/"},"wordCount":818,"commentCount":0,"publisher":{"@id":"https:\/\/www.laguiadepamplona.com\/actualidad\/#organization"},"image":{"@id":"https:\/\/www.laguiadepamplona.com\/actualidad\/el-ayuntamiento-acometera-la-reurbanizacion-de-padre-moret-y-general-chinchilla-para-ampliar-aceras-consolidar-su-caracter-peatonal-y-mejorar-la-conectividad-ciclista\/#primaryimage"},"thumbnailUrl":"https:\/\/www.laguiadepamplona.com\/actualidad\/wp-content\/uploads\/2021\/09\/planos-nota-1.jpg","articleSection":["Ayto Pamplona"],"inLanguage":"es","potentialAction":[{"@type":"CommentAction","name":"Comment","target":["https:\/\/www.laguiadepamplona.com\/actualidad\/el-ayuntamiento-acometera-la-reurbanizacion-de-padre-moret-y-general-chinchilla-para-ampliar-aceras-consolidar-su-caracter-peatonal-y-mejorar-la-conectividad-ciclista\/#respond"]}]},{"@type":"WebPage","@id":"https:\/\/www.laguiadepamplona.com\/actualidad\/el-ayuntamiento-acometera-la-reurbanizacion-de-padre-moret-y-general-chinchilla-para-ampliar-aceras-consolidar-su-caracter-peatonal-y-mejorar-la-conectividad-ciclista\/","url":"https:\/\/www.laguiadepamplona.com\/actualidad\/el-ayuntamiento-acometera-la-reurbanizacion-de-padre-moret-y-general-chinchilla-para-ampliar-aceras-consolidar-su-caracter-peatonal-y-mejorar-la-conectividad-ciclista\/","name":"El Ayuntamiento acometer\u00e1 la reurbanizaci\u00f3n de Padre Moret y General Chinchilla para ampliar aceras, consolidar su car\u00e1cter peatonal y mejorar la conectividad ciclista","isPartOf":{"@id":"https:\/\/www.laguiadepamplona.com\/actualidad\/#website"},"primaryImageOfPage":{"@id":"https:\/\/www.laguiadepamplona.com\/actualidad\/el-ayuntamiento-acometera-la-reurbanizacion-de-padre-moret-y-general-chinchilla-para-ampliar-aceras-consolidar-su-caracter-peatonal-y-mejorar-la-conectividad-ciclista\/#primaryimage"},"image":{"@id":"https:\/\/www.laguiadepamplona.com\/actualidad\/el-ayuntamiento-acometera-la-reurbanizacion-de-padre-moret-y-general-chinchilla-para-ampliar-aceras-consolidar-su-caracter-peatonal-y-mejorar-la-conectividad-ciclista\/#primaryimage"},"thumbnailUrl":"https:\/\/www.laguiadepamplona.com\/actualidad\/wp-content\/uploads\/2021\/09\/planos-nota-1.jpg","datePublished":"2021-09-27T13:44:13+00:00","dateModified":"2023-04-11T09:48:57+00:00","description":"Las obras cuentan con un presupuesto de 601.198,25 euros y un plazo de ejecuci\u00f3n de tres meses","breadcrumb":{"@id":"https:\/\/www.laguiadepamplona.com\/actualidad\/el-ayuntamiento-acometera-la-reurbanizacion-de-padre-moret-y-general-chinchilla-para-ampliar-aceras-consolidar-su-caracter-peatonal-y-mejorar-la-conectividad-ciclista\/#breadcrumb"},"inLanguage":"es","potentialAction":[{"@type":"ReadAction","target":["https:\/\/www.laguiadepamplona.com\/actualidad\/el-ayuntamiento-acometera-la-reurbanizacion-de-padre-moret-y-general-chinchilla-para-ampliar-aceras-consolidar-su-caracter-peatonal-y-mejorar-la-conectividad-ciclista\/"]}]},{"@type":"ImageObject","inLanguage":"es","@id":"https:\/\/www.laguiadepamplona.com\/actualidad\/el-ayuntamiento-acometera-la-reurbanizacion-de-padre-moret-y-general-chinchilla-para-ampliar-aceras-consolidar-su-caracter-peatonal-y-mejorar-la-conectividad-ciclista\/#primaryimage","url":"https:\/\/www.laguiadepamplona.com\/actualidad\/wp-content\/uploads\/2021\/09\/planos-nota-1.jpg","contentUrl":"https:\/\/www.laguiadepamplona.com\/actualidad\/wp-content\/uploads\/2021\/09\/planos-nota-1.jpg","width":1920,"height":1176},{"@type":"BreadcrumbList","@id":"https:\/\/www.laguiadepamplona.com\/actualidad\/el-ayuntamiento-acometera-la-reurbanizacion-de-padre-moret-y-general-chinchilla-para-ampliar-aceras-consolidar-su-caracter-peatonal-y-mejorar-la-conectividad-ciclista\/#breadcrumb","itemListElement":[{"@type":"ListItem","position":1,"name":"Portada","item":"https:\/\/www.laguiadepamplona.com\/actualidad\/"},{"@type":"ListItem","position":2,"name":"El Ayuntamiento acometer\u00e1 la reurbanizaci\u00f3n de Padre Moret y General Chinchilla para ampliar aceras, consolidar su car\u00e1cter peatonal y mejorar la conectividad ciclista"}]},{"@type":"WebSite","@id":"https:\/\/www.laguiadepamplona.com\/actualidad\/#website","url":"https:\/\/www.laguiadepamplona.com\/actualidad\/","name":"La gu\u00eda de Pamplona","description":"Noticias de Pamplona","publisher":{"@id":"https:\/\/www.laguiadepamplona.com\/actualidad\/#organization"},"potentialAction":[{"@type":"SearchAction","target":{"@type":"EntryPoint","urlTemplate":"https:\/\/www.laguiadepamplona.com\/actualidad\/?s={search_term_string}"},"query-input":{"@type":"PropertyValueSpecification","valueRequired":true,"valueName":"search_term_string"}}],"inLanguage":"es"},{"@type":"Organization","@id":"https:\/\/www.laguiadepamplona.com\/actualidad\/#organization","name":"La Gu\u00eda de Pamplona \/ Noticias","url":"https:\/\/www.laguiadepamplona.com\/actualidad\/","logo":{"@type":"ImageObject","inLanguage":"es","@id":"https:\/\/www.laguiadepamplona.com\/actualidad\/#\/schema\/logo\/image\/","url":"https:\/\/www.laguiadepamplona.com\/actualidad\/wp-content\/uploads\/2018\/11\/logo-laguiadepamplona18-web1.png","contentUrl":"https:\/\/www.laguiadepamplona.com\/actualidad\/wp-content\/uploads\/2018\/11\/logo-laguiadepamplona18-web1.png","width":600,"height":196,"caption":"La Gu\u00eda de Pamplona \/ Noticias"},"image":{"@id":"https:\/\/www.laguiadepamplona.com\/actualidad\/#\/schema\/logo\/image\/"},"sameAs":["https:\/\/www.facebook.com\/laguiadepamplonacom-133175176762273\/?ref=hl","https:\/\/x.com\/LaGuiadPamplona","https:\/\/www.instagram.com\/la_guia_de_pamplona\/","https:\/\/www.youtube.com\/user\/laguiadepamplona"]},{"@type":"Person","@id":"https:\/\/www.laguiadepamplona.com\/actualidad\/#\/schema\/person\/efe887376f0213d4657c93adc50b1fdb","name":"La Gu\u00eda de Pamplona","image":{"@type":"ImageObject","inLanguage":"es","@id":"https:\/\/secure.gravatar.com\/avatar\/b6992f131dc8d30ab0dff15446e9d346d9dbd95992de0fef795073f5ea83a81c?s=96&d=mm&r=g","url":"https:\/\/secure.gravatar.com\/avatar\/b6992f131dc8d30ab0dff15446e9d346d9dbd95992de0fef795073f5ea83a81c?s=96&d=mm&r=g","contentUrl":"https:\/\/secure.gravatar.com\/avatar\/b6992f131dc8d30ab0dff15446e9d346d9dbd95992de0fef795073f5ea83a81c?s=96&d=mm&r=g","caption":"La Gu\u00eda de Pamplona"}}]}},"post_mailing_queue_ids":[],"_links":{"self":[{"href":"https:\/\/www.laguiadepamplona.com\/actualidad\/wp-json\/wp\/v2\/posts\/36669","targetHints":{"allow":["GET"]}}],"collection":[{"href":"https:\/\/www.laguiadepamplona.com\/actualidad\/wp-json\/wp\/v2\/posts"}],"about":[{"href":"https:\/\/www.laguiadepamplona.com\/actualidad\/wp-json\/wp\/v2\/types\/post"}],"author":[{"embeddable":true,"href":"https:\/\/www.laguiadepamplona.com\/actualidad\/wp-json\/wp\/v2\/users\/1"}],"replies":[{"embeddable":true,"href":"https:\/\/www.laguiadepamplona.com\/actualidad\/wp-json\/wp\/v2\/comments?post=36669"}],"version-history":[{"count":0,"href":"https:\/\/www.laguiadepamplona.com\/actualidad\/wp-json\/wp\/v2\/posts\/36669\/revisions"}],"wp:featuredmedia":[{"embeddable":true,"href":"https:\/\/www.laguiadepamplona.com\/actualidad\/wp-json\/wp\/v2\/media\/36670"}],"wp:attachment":[{"href":"https:\/\/www.laguiadepamplona.com\/actualidad\/wp-json\/wp\/v2\/media?parent=36669"}],"wp:term":[{"taxonomy":"category","embeddable":true,"href":"https:\/\/www.laguiadepamplona.com\/actualidad\/wp-json\/wp\/v2\/categories?post=36669"},{"taxonomy":"post_tag","embeddable":true,"href":"https:\/\/www.laguiadepamplona.com\/actualidad\/wp-json\/wp\/v2\/tags?post=36669"}],"curies":[{"name":"wp","href":"https:\/\/api.w.org\/{rel}","templated":true}]}}