{"id":36666,"date":"2021-09-24T17:14:21","date_gmt":"2021-09-24T15:14:21","guid":{"rendered":"https:\/\/www.laguiadepamplona.com\/actualidad\/?p=36666"},"modified":"2023-04-11T11:48:57","modified_gmt":"2023-04-11T09:48:57","slug":"el-ayuntamiento-de-pamplona-habilita-un-buzon-de-correo-electronico-para-recoger-aportaciones-de-cara-a-los-sanfermines-del-ano-proximo","status":"publish","type":"post","link":"https:\/\/www.laguiadepamplona.com\/actualidad\/el-ayuntamiento-de-pamplona-habilita-un-buzon-de-correo-electronico-para-recoger-aportaciones-de-cara-a-los-sanfermines-del-ano-proximo\/","title":{"rendered":"El Ayuntamiento de Pamplona habilita un buz\u00f3n de correo electr\u00f3nico para recoger aportaciones de cara a los Sanfermines del a\u00f1o pr\u00f3ximo"},"content":{"rendered":"<h5>Las entidades y personas interesadas en realizar sugerencias pueden escribir a <a href=\"mailto:sanfermin22@pamplona.es\">sanfermin22@pamplona.es<\/a><\/h5>\n<p><!--more--><\/p>\n<p>El Ayuntamiento de Pamplona ha abierto una direcci\u00f3n de correo electr\u00f3nico para recoger aportaciones de entidades y personas interesadas en hacer sugerencias de cara a los Sanfermines del a\u00f1o que viene. Desde hoy est\u00e1 operativa la direcci\u00f3n <a href=\"mailto:sanfermin22@pamplona.es\">sanfermin22@pamplona.es<\/a>, tal y como anunci\u00f3 ayer en la reuni\u00f3n de la Mesa General de Sanfermines el concejal delegado de Educaci\u00f3n, Participaci\u00f3n Ciudadana y Juventud, Fernando Sesma.<\/p>\n<p><script async src=\"\/\/pagead2.googlesyndication.com\/pagead\/js\/adsbygoogle.js\"><\/script><br \/>\n<!-- Noticias La Guia de Pamplona --><br \/>\n<ins class=\"adsbygoogle\"\nstyle=\"display:block\"\ndata-ad-client=\"ca-pub-6943679897239327\"\ndata-ad-slot=\"7048180777\"\ndata-ad-format=\"auto\"><\/ins><br \/>\n<script>\n(adsbygoogle = window.adsbygoogle || []).push({});\n<\/script><\/p>\n<p>En dicha reuni\u00f3n, el alcalde de Pamplona, Enrique Maya, abog\u00f3 por afrontar el par\u00f3n de dos a\u00f1os sin fiestas como una oportunidad para reflexionar sobre el desarrollo de los Sanfermines de 2022, primeros de una nueva etapa que marcar\u00e1 el futuro. El Consistorio pamplon\u00e9s plantea esa reflexi\u00f3n abierta a las aportaciones de personas y entidades y podr\u00e1 incluir diferentes aspectos: la forma en la que se desarrollan, la oferta de actividades, la experiencia de las personas que participan en los festejos o la imagen que se proyecta fuera de la ciudad.<\/p>\n<p>Las aportaciones ser\u00e1n recogidas desde el \u00e1rea de Educaci\u00f3n, Participaci\u00f3n Ciudadana y Juventud y trasladas a las diferentes mesas que integran la Mesa Especial de Fiestas, con el fin de que sean analizadas y valoradas su posible debate en futuras sesiones de la Mesa General de los Sanfermines. Las propuestas deber\u00e1n especificar nombre, dos apellidos y DNI de la persona remitente, mencionando, en su caso, la entidad a la que representa, para ser considerados v\u00e1lidos.<\/p>\n","protected":false},"excerpt":{"rendered":"<p>Las entidades y personas interesadas en realizar sugerencias pueden escribir a sanfermin22@pamplona.es<\/p>\n","protected":false},"author":1,"featured_media":36667,"comment_status":"open","ping_status":"closed","sticky":false,"template":"","format":"standard","meta":{"footnotes":""},"categories":[2],"tags":[],"class_list":["post-36666","post","type-post","status-publish","format-standard","has-post-thumbnail","hentry","category-ayuntamiento-pamplona"],"yoast_head":"<!-- This site is optimized with the Yoast SEO plugin v27.5 - https:\/\/yoast.com\/product\/yoast-seo-wordpress\/ -->\n<title>El Ayuntamiento de Pamplona habilita un buz\u00f3n de correo electr\u00f3nico para recoger aportaciones de cara a los Sanfermines del a\u00f1o pr\u00f3ximo<\/title>\n<meta name=\"description\" content=\"Las entidades y personas interesadas en realizar sugerencias pueden escribir a sanfermin22@pamplona.es\" \/>\n<meta name=\"robots\" content=\"index, follow, max-snippet:-1, max-image-preview:large, max-video-preview:-1\" \/>\n<link rel=\"canonical\" href=\"https:\/\/www.laguiadepamplona.com\/actualidad\/el-ayuntamiento-de-pamplona-habilita-un-buzon-de-correo-electronico-para-recoger-aportaciones-de-cara-a-los-sanfermines-del-ano-proximo\/\" \/>\n<meta property=\"og:locale\" content=\"es_ES\" \/>\n<meta property=\"og:type\" content=\"article\" \/>\n<meta property=\"og:title\" content=\"El Ayuntamiento de Pamplona habilita un buz\u00f3n de correo electr\u00f3nico para recoger aportaciones de cara a los Sanfermines del a\u00f1o pr\u00f3ximo\" \/>\n<meta property=\"og:description\" content=\"Las entidades y personas interesadas en realizar sugerencias pueden escribir a sanfermin22@pamplona.es\" \/>\n<meta property=\"og:url\" content=\"https:\/\/www.laguiadepamplona.com\/actualidad\/el-ayuntamiento-de-pamplona-habilita-un-buzon-de-correo-electronico-para-recoger-aportaciones-de-cara-a-los-sanfermines-del-ano-proximo\/\" \/>\n<meta property=\"og:site_name\" content=\"La Gu\u00eda de Pamplona\" \/>\n<meta property=\"article:publisher\" content=\"https:\/\/www.facebook.com\/laguiadepamplonacom-133175176762273\/?ref=hl\" \/>\n<meta property=\"article:published_time\" content=\"2021-09-24T15:14:21+00:00\" \/>\n<meta property=\"article:modified_time\" content=\"2023-04-11T09:48:57+00:00\" \/>\n<meta property=\"og:image\" content=\"https:\/\/www.laguiadepamplona.com\/actualidad\/wp-content\/uploads\/2021\/09\/san-fermin-procesion.jpg\" \/>\n\t<meta property=\"og:image:width\" content=\"1620\" \/>\n\t<meta property=\"og:image:height\" content=\"1080\" \/>\n\t<meta property=\"og:image:type\" content=\"image\/jpeg\" \/>\n<meta name=\"author\" content=\"La Gu\u00eda de Pamplona\" \/>\n<meta name=\"twitter:card\" content=\"summary_large_image\" \/>\n<meta name=\"twitter:creator\" content=\"@LaGuiadPamplona\" \/>\n<meta name=\"twitter:site\" content=\"@LaGuiadPamplona\" \/>\n<meta name=\"twitter:label1\" content=\"Escrito por\" \/>\n\t<meta name=\"twitter:data1\" content=\"La Gu\u00eda de Pamplona\" \/>\n\t<meta name=\"twitter:label2\" content=\"Tiempo de lectura\" \/>\n\t<meta name=\"twitter:data2\" content=\"2 minutos\" \/>\n<script type=\"application\/ld+json\" class=\"yoast-schema-graph\">{\"@context\":\"https:\\\/\\\/schema.org\",\"@graph\":[{\"@type\":\"Article\",\"@id\":\"https:\\\/\\\/www.laguiadepamplona.com\\\/actualidad\\\/el-ayuntamiento-de-pamplona-habilita-un-buzon-de-correo-electronico-para-recoger-aportaciones-de-cara-a-los-sanfermines-del-ano-proximo\\\/#article\",\"isPartOf\":{\"@id\":\"https:\\\/\\\/www.laguiadepamplona.com\\\/actualidad\\\/el-ayuntamiento-de-pamplona-habilita-un-buzon-de-correo-electronico-para-recoger-aportaciones-de-cara-a-los-sanfermines-del-ano-proximo\\\/\"},\"author\":{\"name\":\"La Gu\u00eda de Pamplona\",\"@id\":\"https:\\\/\\\/www.laguiadepamplona.com\\\/actualidad\\\/#\\\/schema\\\/person\\\/efe887376f0213d4657c93adc50b1fdb\"},\"headline\":\"El Ayuntamiento de Pamplona habilita un buz\u00f3n de correo electr\u00f3nico para recoger aportaciones de cara a los Sanfermines del a\u00f1o pr\u00f3ximo\",\"datePublished\":\"2021-09-24T15:14:21+00:00\",\"dateModified\":\"2023-04-11T09:48:57+00:00\",\"mainEntityOfPage\":{\"@id\":\"https:\\\/\\\/www.laguiadepamplona.com\\\/actualidad\\\/el-ayuntamiento-de-pamplona-habilita-un-buzon-de-correo-electronico-para-recoger-aportaciones-de-cara-a-los-sanfermines-del-ano-proximo\\\/\"},\"wordCount\":286,\"commentCount\":0,\"publisher\":{\"@id\":\"https:\\\/\\\/www.laguiadepamplona.com\\\/actualidad\\\/#organization\"},\"image\":{\"@id\":\"https:\\\/\\\/www.laguiadepamplona.com\\\/actualidad\\\/el-ayuntamiento-de-pamplona-habilita-un-buzon-de-correo-electronico-para-recoger-aportaciones-de-cara-a-los-sanfermines-del-ano-proximo\\\/#primaryimage\"},\"thumbnailUrl\":\"https:\\\/\\\/www.laguiadepamplona.com\\\/actualidad\\\/wp-content\\\/uploads\\\/2021\\\/09\\\/san-fermin-procesion.jpg\",\"articleSection\":[\"Ayto Pamplona\"],\"inLanguage\":\"es\",\"potentialAction\":[{\"@type\":\"CommentAction\",\"name\":\"Comment\",\"target\":[\"https:\\\/\\\/www.laguiadepamplona.com\\\/actualidad\\\/el-ayuntamiento-de-pamplona-habilita-un-buzon-de-correo-electronico-para-recoger-aportaciones-de-cara-a-los-sanfermines-del-ano-proximo\\\/#respond\"]}]},{\"@type\":\"WebPage\",\"@id\":\"https:\\\/\\\/www.laguiadepamplona.com\\\/actualidad\\\/el-ayuntamiento-de-pamplona-habilita-un-buzon-de-correo-electronico-para-recoger-aportaciones-de-cara-a-los-sanfermines-del-ano-proximo\\\/\",\"url\":\"https:\\\/\\\/www.laguiadepamplona.com\\\/actualidad\\\/el-ayuntamiento-de-pamplona-habilita-un-buzon-de-correo-electronico-para-recoger-aportaciones-de-cara-a-los-sanfermines-del-ano-proximo\\\/\",\"name\":\"El Ayuntamiento de Pamplona habilita un buz\u00f3n de correo electr\u00f3nico para recoger aportaciones de cara a los Sanfermines del a\u00f1o pr\u00f3ximo\",\"isPartOf\":{\"@id\":\"https:\\\/\\\/www.laguiadepamplona.com\\\/actualidad\\\/#website\"},\"primaryImageOfPage\":{\"@id\":\"https:\\\/\\\/www.laguiadepamplona.com\\\/actualidad\\\/el-ayuntamiento-de-pamplona-habilita-un-buzon-de-correo-electronico-para-recoger-aportaciones-de-cara-a-los-sanfermines-del-ano-proximo\\\/#primaryimage\"},\"image\":{\"@id\":\"https:\\\/\\\/www.laguiadepamplona.com\\\/actualidad\\\/el-ayuntamiento-de-pamplona-habilita-un-buzon-de-correo-electronico-para-recoger-aportaciones-de-cara-a-los-sanfermines-del-ano-proximo\\\/#primaryimage\"},\"thumbnailUrl\":\"https:\\\/\\\/www.laguiadepamplona.com\\\/actualidad\\\/wp-content\\\/uploads\\\/2021\\\/09\\\/san-fermin-procesion.jpg\",\"datePublished\":\"2021-09-24T15:14:21+00:00\",\"dateModified\":\"2023-04-11T09:48:57+00:00\",\"description\":\"Las entidades y personas interesadas en realizar sugerencias pueden escribir a sanfermin22@pamplona.es\",\"breadcrumb\":{\"@id\":\"https:\\\/\\\/www.laguiadepamplona.com\\\/actualidad\\\/el-ayuntamiento-de-pamplona-habilita-un-buzon-de-correo-electronico-para-recoger-aportaciones-de-cara-a-los-sanfermines-del-ano-proximo\\\/#breadcrumb\"},\"inLanguage\":\"es\",\"potentialAction\":[{\"@type\":\"ReadAction\",\"target\":[\"https:\\\/\\\/www.laguiadepamplona.com\\\/actualidad\\\/el-ayuntamiento-de-pamplona-habilita-un-buzon-de-correo-electronico-para-recoger-aportaciones-de-cara-a-los-sanfermines-del-ano-proximo\\\/\"]}]},{\"@type\":\"ImageObject\",\"inLanguage\":\"es\",\"@id\":\"https:\\\/\\\/www.laguiadepamplona.com\\\/actualidad\\\/el-ayuntamiento-de-pamplona-habilita-un-buzon-de-correo-electronico-para-recoger-aportaciones-de-cara-a-los-sanfermines-del-ano-proximo\\\/#primaryimage\",\"url\":\"https:\\\/\\\/www.laguiadepamplona.com\\\/actualidad\\\/wp-content\\\/uploads\\\/2021\\\/09\\\/san-fermin-procesion.jpg\",\"contentUrl\":\"https:\\\/\\\/www.laguiadepamplona.com\\\/actualidad\\\/wp-content\\\/uploads\\\/2021\\\/09\\\/san-fermin-procesion.jpg\",\"width\":1620,\"height\":1080},{\"@type\":\"BreadcrumbList\",\"@id\":\"https:\\\/\\\/www.laguiadepamplona.com\\\/actualidad\\\/el-ayuntamiento-de-pamplona-habilita-un-buzon-de-correo-electronico-para-recoger-aportaciones-de-cara-a-los-sanfermines-del-ano-proximo\\\/#breadcrumb\",\"itemListElement\":[{\"@type\":\"ListItem\",\"position\":1,\"name\":\"Portada\",\"item\":\"https:\\\/\\\/www.laguiadepamplona.com\\\/actualidad\\\/\"},{\"@type\":\"ListItem\",\"position\":2,\"name\":\"El Ayuntamiento de Pamplona habilita un buz\u00f3n de correo electr\u00f3nico para recoger aportaciones de cara a los Sanfermines del a\u00f1o pr\u00f3ximo\"}]},{\"@type\":\"WebSite\",\"@id\":\"https:\\\/\\\/www.laguiadepamplona.com\\\/actualidad\\\/#website\",\"url\":\"https:\\\/\\\/www.laguiadepamplona.com\\\/actualidad\\\/\",\"name\":\"La gu\u00eda de Pamplona\",\"description\":\"Noticias de Pamplona\",\"publisher\":{\"@id\":\"https:\\\/\\\/www.laguiadepamplona.com\\\/actualidad\\\/#organization\"},\"potentialAction\":[{\"@type\":\"SearchAction\",\"target\":{\"@type\":\"EntryPoint\",\"urlTemplate\":\"https:\\\/\\\/www.laguiadepamplona.com\\\/actualidad\\\/?s={search_term_string}\"},\"query-input\":{\"@type\":\"PropertyValueSpecification\",\"valueRequired\":true,\"valueName\":\"search_term_string\"}}],\"inLanguage\":\"es\"},{\"@type\":\"Organization\",\"@id\":\"https:\\\/\\\/www.laguiadepamplona.com\\\/actualidad\\\/#organization\",\"name\":\"La Gu\u00eda de Pamplona \\\/ Noticias\",\"url\":\"https:\\\/\\\/www.laguiadepamplona.com\\\/actualidad\\\/\",\"logo\":{\"@type\":\"ImageObject\",\"inLanguage\":\"es\",\"@id\":\"https:\\\/\\\/www.laguiadepamplona.com\\\/actualidad\\\/#\\\/schema\\\/logo\\\/image\\\/\",\"url\":\"https:\\\/\\\/www.laguiadepamplona.com\\\/actualidad\\\/wp-content\\\/uploads\\\/2018\\\/11\\\/logo-laguiadepamplona18-web1.png\",\"contentUrl\":\"https:\\\/\\\/www.laguiadepamplona.com\\\/actualidad\\\/wp-content\\\/uploads\\\/2018\\\/11\\\/logo-laguiadepamplona18-web1.png\",\"width\":600,\"height\":196,\"caption\":\"La Gu\u00eda de Pamplona \\\/ Noticias\"},\"image\":{\"@id\":\"https:\\\/\\\/www.laguiadepamplona.com\\\/actualidad\\\/#\\\/schema\\\/logo\\\/image\\\/\"},\"sameAs\":[\"https:\\\/\\\/www.facebook.com\\\/laguiadepamplonacom-133175176762273\\\/?ref=hl\",\"https:\\\/\\\/x.com\\\/LaGuiadPamplona\",\"https:\\\/\\\/www.instagram.com\\\/la_guia_de_pamplona\\\/\",\"https:\\\/\\\/www.youtube.com\\\/user\\\/laguiadepamplona\"]},{\"@type\":\"Person\",\"@id\":\"https:\\\/\\\/www.laguiadepamplona.com\\\/actualidad\\\/#\\\/schema\\\/person\\\/efe887376f0213d4657c93adc50b1fdb\",\"name\":\"La Gu\u00eda de Pamplona\",\"image\":{\"@type\":\"ImageObject\",\"inLanguage\":\"es\",\"@id\":\"https:\\\/\\\/secure.gravatar.com\\\/avatar\\\/b6992f131dc8d30ab0dff15446e9d346d9dbd95992de0fef795073f5ea83a81c?s=96&d=mm&r=g\",\"url\":\"https:\\\/\\\/secure.gravatar.com\\\/avatar\\\/b6992f131dc8d30ab0dff15446e9d346d9dbd95992de0fef795073f5ea83a81c?s=96&d=mm&r=g\",\"contentUrl\":\"https:\\\/\\\/secure.gravatar.com\\\/avatar\\\/b6992f131dc8d30ab0dff15446e9d346d9dbd95992de0fef795073f5ea83a81c?s=96&d=mm&r=g\",\"caption\":\"La Gu\u00eda de Pamplona\"}}]}<\/script>\n<!-- \/ Yoast SEO plugin. -->","yoast_head_json":{"title":"El Ayuntamiento de Pamplona habilita un buz\u00f3n de correo electr\u00f3nico para recoger aportaciones de cara a los Sanfermines del a\u00f1o pr\u00f3ximo","description":"Las entidades y personas interesadas en realizar sugerencias pueden escribir a sanfermin22@pamplona.es","robots":{"index":"index","follow":"follow","max-snippet":"max-snippet:-1","max-image-preview":"max-image-preview:large","max-video-preview":"max-video-preview:-1"},"canonical":"https:\/\/www.laguiadepamplona.com\/actualidad\/el-ayuntamiento-de-pamplona-habilita-un-buzon-de-correo-electronico-para-recoger-aportaciones-de-cara-a-los-sanfermines-del-ano-proximo\/","og_locale":"es_ES","og_type":"article","og_title":"El Ayuntamiento de Pamplona habilita un buz\u00f3n de correo electr\u00f3nico para recoger aportaciones de cara a los Sanfermines del a\u00f1o pr\u00f3ximo","og_description":"Las entidades y personas interesadas en realizar sugerencias pueden escribir a sanfermin22@pamplona.es","og_url":"https:\/\/www.laguiadepamplona.com\/actualidad\/el-ayuntamiento-de-pamplona-habilita-un-buzon-de-correo-electronico-para-recoger-aportaciones-de-cara-a-los-sanfermines-del-ano-proximo\/","og_site_name":"La Gu\u00eda de Pamplona","article_publisher":"https:\/\/www.facebook.com\/laguiadepamplonacom-133175176762273\/?ref=hl","article_published_time":"2021-09-24T15:14:21+00:00","article_modified_time":"2023-04-11T09:48:57+00:00","og_image":[{"width":1620,"height":1080,"url":"https:\/\/www.laguiadepamplona.com\/actualidad\/wp-content\/uploads\/2021\/09\/san-fermin-procesion.jpg","type":"image\/jpeg"}],"author":"La Gu\u00eda de Pamplona","twitter_card":"summary_large_image","twitter_creator":"@LaGuiadPamplona","twitter_site":"@LaGuiadPamplona","twitter_misc":{"Escrito por":"La Gu\u00eda de Pamplona","Tiempo de lectura":"2 minutos"},"schema":{"@context":"https:\/\/schema.org","@graph":[{"@type":"Article","@id":"https:\/\/www.laguiadepamplona.com\/actualidad\/el-ayuntamiento-de-pamplona-habilita-un-buzon-de-correo-electronico-para-recoger-aportaciones-de-cara-a-los-sanfermines-del-ano-proximo\/#article","isPartOf":{"@id":"https:\/\/www.laguiadepamplona.com\/actualidad\/el-ayuntamiento-de-pamplona-habilita-un-buzon-de-correo-electronico-para-recoger-aportaciones-de-cara-a-los-sanfermines-del-ano-proximo\/"},"author":{"name":"La Gu\u00eda de Pamplona","@id":"https:\/\/www.laguiadepamplona.com\/actualidad\/#\/schema\/person\/efe887376f0213d4657c93adc50b1fdb"},"headline":"El Ayuntamiento de Pamplona habilita un buz\u00f3n de correo electr\u00f3nico para recoger aportaciones de cara a los Sanfermines del a\u00f1o pr\u00f3ximo","datePublished":"2021-09-24T15:14:21+00:00","dateModified":"2023-04-11T09:48:57+00:00","mainEntityOfPage":{"@id":"https:\/\/www.laguiadepamplona.com\/actualidad\/el-ayuntamiento-de-pamplona-habilita-un-buzon-de-correo-electronico-para-recoger-aportaciones-de-cara-a-los-sanfermines-del-ano-proximo\/"},"wordCount":286,"commentCount":0,"publisher":{"@id":"https:\/\/www.laguiadepamplona.com\/actualidad\/#organization"},"image":{"@id":"https:\/\/www.laguiadepamplona.com\/actualidad\/el-ayuntamiento-de-pamplona-habilita-un-buzon-de-correo-electronico-para-recoger-aportaciones-de-cara-a-los-sanfermines-del-ano-proximo\/#primaryimage"},"thumbnailUrl":"https:\/\/www.laguiadepamplona.com\/actualidad\/wp-content\/uploads\/2021\/09\/san-fermin-procesion.jpg","articleSection":["Ayto Pamplona"],"inLanguage":"es","potentialAction":[{"@type":"CommentAction","name":"Comment","target":["https:\/\/www.laguiadepamplona.com\/actualidad\/el-ayuntamiento-de-pamplona-habilita-un-buzon-de-correo-electronico-para-recoger-aportaciones-de-cara-a-los-sanfermines-del-ano-proximo\/#respond"]}]},{"@type":"WebPage","@id":"https:\/\/www.laguiadepamplona.com\/actualidad\/el-ayuntamiento-de-pamplona-habilita-un-buzon-de-correo-electronico-para-recoger-aportaciones-de-cara-a-los-sanfermines-del-ano-proximo\/","url":"https:\/\/www.laguiadepamplona.com\/actualidad\/el-ayuntamiento-de-pamplona-habilita-un-buzon-de-correo-electronico-para-recoger-aportaciones-de-cara-a-los-sanfermines-del-ano-proximo\/","name":"El Ayuntamiento de Pamplona habilita un buz\u00f3n de correo electr\u00f3nico para recoger aportaciones de cara a los Sanfermines del a\u00f1o pr\u00f3ximo","isPartOf":{"@id":"https:\/\/www.laguiadepamplona.com\/actualidad\/#website"},"primaryImageOfPage":{"@id":"https:\/\/www.laguiadepamplona.com\/actualidad\/el-ayuntamiento-de-pamplona-habilita-un-buzon-de-correo-electronico-para-recoger-aportaciones-de-cara-a-los-sanfermines-del-ano-proximo\/#primaryimage"},"image":{"@id":"https:\/\/www.laguiadepamplona.com\/actualidad\/el-ayuntamiento-de-pamplona-habilita-un-buzon-de-correo-electronico-para-recoger-aportaciones-de-cara-a-los-sanfermines-del-ano-proximo\/#primaryimage"},"thumbnailUrl":"https:\/\/www.laguiadepamplona.com\/actualidad\/wp-content\/uploads\/2021\/09\/san-fermin-procesion.jpg","datePublished":"2021-09-24T15:14:21+00:00","dateModified":"2023-04-11T09:48:57+00:00","description":"Las entidades y personas interesadas en realizar sugerencias pueden escribir a sanfermin22@pamplona.es","breadcrumb":{"@id":"https:\/\/www.laguiadepamplona.com\/actualidad\/el-ayuntamiento-de-pamplona-habilita-un-buzon-de-correo-electronico-para-recoger-aportaciones-de-cara-a-los-sanfermines-del-ano-proximo\/#breadcrumb"},"inLanguage":"es","potentialAction":[{"@type":"ReadAction","target":["https:\/\/www.laguiadepamplona.com\/actualidad\/el-ayuntamiento-de-pamplona-habilita-un-buzon-de-correo-electronico-para-recoger-aportaciones-de-cara-a-los-sanfermines-del-ano-proximo\/"]}]},{"@type":"ImageObject","inLanguage":"es","@id":"https:\/\/www.laguiadepamplona.com\/actualidad\/el-ayuntamiento-de-pamplona-habilita-un-buzon-de-correo-electronico-para-recoger-aportaciones-de-cara-a-los-sanfermines-del-ano-proximo\/#primaryimage","url":"https:\/\/www.laguiadepamplona.com\/actualidad\/wp-content\/uploads\/2021\/09\/san-fermin-procesion.jpg","contentUrl":"https:\/\/www.laguiadepamplona.com\/actualidad\/wp-content\/uploads\/2021\/09\/san-fermin-procesion.jpg","width":1620,"height":1080},{"@type":"BreadcrumbList","@id":"https:\/\/www.laguiadepamplona.com\/actualidad\/el-ayuntamiento-de-pamplona-habilita-un-buzon-de-correo-electronico-para-recoger-aportaciones-de-cara-a-los-sanfermines-del-ano-proximo\/#breadcrumb","itemListElement":[{"@type":"ListItem","position":1,"name":"Portada","item":"https:\/\/www.laguiadepamplona.com\/actualidad\/"},{"@type":"ListItem","position":2,"name":"El Ayuntamiento de Pamplona habilita un buz\u00f3n de correo electr\u00f3nico para recoger aportaciones de cara a los Sanfermines del a\u00f1o pr\u00f3ximo"}]},{"@type":"WebSite","@id":"https:\/\/www.laguiadepamplona.com\/actualidad\/#website","url":"https:\/\/www.laguiadepamplona.com\/actualidad\/","name":"La gu\u00eda de Pamplona","description":"Noticias de Pamplona","publisher":{"@id":"https:\/\/www.laguiadepamplona.com\/actualidad\/#organization"},"potentialAction":[{"@type":"SearchAction","target":{"@type":"EntryPoint","urlTemplate":"https:\/\/www.laguiadepamplona.com\/actualidad\/?s={search_term_string}"},"query-input":{"@type":"PropertyValueSpecification","valueRequired":true,"valueName":"search_term_string"}}],"inLanguage":"es"},{"@type":"Organization","@id":"https:\/\/www.laguiadepamplona.com\/actualidad\/#organization","name":"La Gu\u00eda de Pamplona \/ Noticias","url":"https:\/\/www.laguiadepamplona.com\/actualidad\/","logo":{"@type":"ImageObject","inLanguage":"es","@id":"https:\/\/www.laguiadepamplona.com\/actualidad\/#\/schema\/logo\/image\/","url":"https:\/\/www.laguiadepamplona.com\/actualidad\/wp-content\/uploads\/2018\/11\/logo-laguiadepamplona18-web1.png","contentUrl":"https:\/\/www.laguiadepamplona.com\/actualidad\/wp-content\/uploads\/2018\/11\/logo-laguiadepamplona18-web1.png","width":600,"height":196,"caption":"La Gu\u00eda de Pamplona \/ Noticias"},"image":{"@id":"https:\/\/www.laguiadepamplona.com\/actualidad\/#\/schema\/logo\/image\/"},"sameAs":["https:\/\/www.facebook.com\/laguiadepamplonacom-133175176762273\/?ref=hl","https:\/\/x.com\/LaGuiadPamplona","https:\/\/www.instagram.com\/la_guia_de_pamplona\/","https:\/\/www.youtube.com\/user\/laguiadepamplona"]},{"@type":"Person","@id":"https:\/\/www.laguiadepamplona.com\/actualidad\/#\/schema\/person\/efe887376f0213d4657c93adc50b1fdb","name":"La Gu\u00eda de Pamplona","image":{"@type":"ImageObject","inLanguage":"es","@id":"https:\/\/secure.gravatar.com\/avatar\/b6992f131dc8d30ab0dff15446e9d346d9dbd95992de0fef795073f5ea83a81c?s=96&d=mm&r=g","url":"https:\/\/secure.gravatar.com\/avatar\/b6992f131dc8d30ab0dff15446e9d346d9dbd95992de0fef795073f5ea83a81c?s=96&d=mm&r=g","contentUrl":"https:\/\/secure.gravatar.com\/avatar\/b6992f131dc8d30ab0dff15446e9d346d9dbd95992de0fef795073f5ea83a81c?s=96&d=mm&r=g","caption":"La Gu\u00eda de Pamplona"}}]}},"post_mailing_queue_ids":[],"_links":{"self":[{"href":"https:\/\/www.laguiadepamplona.com\/actualidad\/wp-json\/wp\/v2\/posts\/36666","targetHints":{"allow":["GET"]}}],"collection":[{"href":"https:\/\/www.laguiadepamplona.com\/actualidad\/wp-json\/wp\/v2\/posts"}],"about":[{"href":"https:\/\/www.laguiadepamplona.com\/actualidad\/wp-json\/wp\/v2\/types\/post"}],"author":[{"embeddable":true,"href":"https:\/\/www.laguiadepamplona.com\/actualidad\/wp-json\/wp\/v2\/users\/1"}],"replies":[{"embeddable":true,"href":"https:\/\/www.laguiadepamplona.com\/actualidad\/wp-json\/wp\/v2\/comments?post=36666"}],"version-history":[{"count":0,"href":"https:\/\/www.laguiadepamplona.com\/actualidad\/wp-json\/wp\/v2\/posts\/36666\/revisions"}],"wp:featuredmedia":[{"embeddable":true,"href":"https:\/\/www.laguiadepamplona.com\/actualidad\/wp-json\/wp\/v2\/media\/36667"}],"wp:attachment":[{"href":"https:\/\/www.laguiadepamplona.com\/actualidad\/wp-json\/wp\/v2\/media?parent=36666"}],"wp:term":[{"taxonomy":"category","embeddable":true,"href":"https:\/\/www.laguiadepamplona.com\/actualidad\/wp-json\/wp\/v2\/categories?post=36666"},{"taxonomy":"post_tag","embeddable":true,"href":"https:\/\/www.laguiadepamplona.com\/actualidad\/wp-json\/wp\/v2\/tags?post=36666"}],"curies":[{"name":"wp","href":"https:\/\/api.w.org\/{rel}","templated":true}]}}