{"id":36663,"date":"2021-09-24T17:12:57","date_gmt":"2021-09-24T15:12:57","guid":{"rendered":"https:\/\/www.laguiadepamplona.com\/actualidad\/?p=36663"},"modified":"2023-04-11T11:48:57","modified_gmt":"2023-04-11T09:48:57","slug":"las-calles-monasterio-de-irache-y-garcia-ximenez-y-la-travesia-tafalla-contaran-con-aparcamientos-cubiertos-y-vigilados-para-bicicletas","status":"publish","type":"post","link":"https:\/\/www.laguiadepamplona.com\/actualidad\/las-calles-monasterio-de-irache-y-garcia-ximenez-y-la-travesia-tafalla-contaran-con-aparcamientos-cubiertos-y-vigilados-para-bicicletas\/","title":{"rendered":"Las calles Monasterio de Irache y Garc\u00eda Xim\u00e9nez y la traves\u00eda Tafalla contar\u00e1n con aparcamientos cubiertos y vigilados para bicicletas"},"content":{"rendered":"<h5>Con la puesta en funcionamiento de estos tres nuevos puntos, la red p\u00fablica de Pamplona contar\u00e1 con nueve aparcamientos para bicicletas<\/h5>\n<p><!--more--><\/p>\n<p>El Ayuntamiento de Pamplona va a instalar tres nuevos m\u00f3dulos de aparcamientos para bicicletas cubiertos y videovigilados, que se sumar\u00e1n a los seis que ya est\u00e1n en funcionamiento en la ciudad. Los nuevos m\u00f3dulos tienen 20 plazas en lugar de las 30 con las que cuentan los instalados anteriormente en la ciudad, con un dise\u00f1o m\u00e1s optimizado que permiten ocupar menos espacio en la v\u00eda p\u00fablica. La adquisici\u00f3n de estas nuevas cabinas va a suponer una reestructuraci\u00f3n de las ubicaciones actuales. As\u00ed, el aparcabicis que actualmente se encuentra junto a la entrada de la estaci\u00f3n de autobuses se trasladar\u00e1 a la calle Monasterio de Irache, y en la calle Yanguas y Miranda se ubicar\u00e1 uno de los recientemente adquiridos. Los otros dos se situar\u00e1n en la Traves\u00eda Tafalla y en la calle Garc\u00eda Xim\u00e9nez.<\/p>\n<p>Una vez analizada la demanda de aparcamientos seguros para bicicletas en los diferentes puntos de la ciudad, el Servicio de Movilidad del Ayuntamiento de Pamplona ha decidido trasladar la infraestructura que en estos momentos se encuentra junto a la estaci\u00f3n de autobuses a la plaza situada entre la calle Monasterio de Irache y la Vaguada de San Juan. Tendr\u00e1 un car\u00e1cter mixto, con cuarenta plazas para vecinos y otras diez rotatorias para los usuarios de la red p\u00fablica de aparcamientos para bicicletas.<\/p>\n<p><script async src=\"\/\/pagead2.googlesyndication.com\/pagead\/js\/adsbygoogle.js\"><\/script><br \/>\n<!-- Noticias La Guia de Pamplona --><br \/>\n<ins class=\"adsbygoogle\"\nstyle=\"display:block\"\ndata-ad-client=\"ca-pub-6943679897239327\"\ndata-ad-slot=\"7048180777\"\ndata-ad-format=\"auto\"><\/ins><br \/>\n<script>\n(adsbygoogle = window.adsbygoogle || []).push({});\n<\/script><\/p>\n<p>El servicio en la zona de la estaci\u00f3n de autobuses se dividir\u00e1 en dos puntos, en cada uno de los cuales se instalar\u00e1 uno de los nuevos m\u00f3dulos adquiridos. El primero de ellos se ubicar\u00e1 en la mediana, frente a la propia estaci\u00f3n. Con el fin de reducir el impacto en la zona ajardinada, se colocar\u00e1 sobre loseta, y, para facilitar el acceso de las bicicletas a la mediana, se habilitar\u00e1 un paso ciclista junto al paso de peatones existente. El segundo de los aparcamientos para bicicletas de la zona se ubicar\u00e1 en un nuevo punto, en la calle Garc\u00eda Ximenez. Las cuarenta plazas que ofrecer\u00e1n entre las dos dotaciones tendr\u00e1n car\u00e1cter rotatorio. Su cercan\u00eda a la estaci\u00f3n de autobuses permitir\u00e1 garantizar que se puedan realizar viajes combinados en autob\u00fas interurbano y en bicicleta, aunque el uso de dichos m\u00f3dulos no ser\u00e1 exclusivo para esa finalidad, sino que principalmente facilitar\u00e1 el acceso en bicicleta a la zona centro de Pamplona.<\/p>\n<p>El Ensanche contar\u00e1 adem\u00e1s con una tercera ubicaci\u00f3n en la calle Traves\u00eda de Tafalla, atendiendo a las demandas ciudadanas de aparcamiento seguro y vecinal en el barrio. Ser\u00e1 el primer aparcamiento modular para bicicletas de Pamplona destinado exclusivamente para uso residencial, con las veinte plazas destinadas a ese fin. Para ubicar la infraestructura en este punto es necesario eliminar una plaza de aparcamiento para veh\u00edculos para permitir a los que accedan a la bolsa de estacionamiento realizar la maniobra para dar la vuelta.<\/p>\n<p>Los nuevos aparcabicicletas tienen unas dimensiones de 7,85 x 2,40 metros y una altura de 1,50 metros. El coste de cada uno de ellos ha ascendido a 23.400 euros m\u00e1s IVA. A estos gastos hay que sumar la reubicaci\u00f3n e instalaci\u00f3n de todos los m\u00f3dulos, por lo que se estiman unos gastos de obra civil y acometidas el\u00e9ctricas de 8.000 euros m\u00e1s IVA. Por su parte, el traslado de la infraestructura ubicada actualmente en la zona de autobuses y la colocaci\u00f3n en su nueva ubicaci\u00f3n tienen un coste de 2.500 \u20ac m\u00e1s IVA.<\/p>\n<p><script async src=\"\/\/pagead2.googlesyndication.com\/pagead\/js\/adsbygoogle.js\"><\/script><br \/>\n<!-- Noticias La Guia de Pamplona --><br \/>\n<ins class=\"adsbygoogle\"\nstyle=\"display:block\"\ndata-ad-client=\"ca-pub-6943679897239327\"\ndata-ad-slot=\"7048180777\"\ndata-ad-format=\"auto\"><\/ins><br \/>\n<script>\n(adsbygoogle = window.adsbygoogle || []).push({});\n<\/script><\/p>\n<p><strong>Pamplona contar\u00e1 con 360 plazas para aparcar bicicletas en m\u00f3dulos ubicados en la v\u00eda p\u00fablica<\/strong><\/p>\n<p>Las nuevas 60 plazas se sumar\u00e1n a las que ofrecen los seis aparcamientos para bicicletas con los que Pamplona ya cuenta, distribuidos por toda la ciudad. El de la Txantrea, ubicado en la <strong>Plaza Arriurdi\u00f1eta, es un aparcamiento mixto que ofrece un total de cincuenta plazas, de las que treinta est\u00e1n reservadas para los residentes del barrio, a los que se les otorgan mediante un procedimiento de licitaci\u00f3n.<\/strong> Los m\u00f3dulos restantes, todas ellas con medio centenar de plazas cada una y destinadas a la rotaci\u00f3n, se encuentran junto a la Plaza de Toros; en el barrio de Mendebaldea entre la Biblioteca general y el Conservatorio de m\u00fasica; en la zona hospitalaria frente a la entrada de maternidad y en el barrio de Iturrama junto al centro Civivox.<\/p>\n<p>La red p\u00fablica de aparcamientos para bicicletas tiene un car\u00e1cter rotatorio, de tal manera que el r\u00e9gimen tarifario aplicado a las personas usuarias del servicio premia los usos temporales de las plazas interiores y restringe usos m\u00e1s alargados en el tiempo. La tarifa mensual b\u00e1sica de dos euros permite estacionar en los 6 aparcamientos de manera segura y protegida durante fracciones de hasta 48 horas las 24 horas de los siete d\u00edas de la semana. Las plazas destinadas a los residentes de los barrios, por su parte, se adjudican de manera individual y su tarifa es de 60 euros al a\u00f1o, sin limitaciones en cuanto al uso que se hace de las bicicletas. La puesta en marcha de estas dotaciones se enmarca en la estrategia `Go Green Pamplona\u00b4 de transici\u00f3n energ\u00e9tica y cambio clim\u00e1tico, aprobada por unanimidad en el pasado pleno municipal y cuyas directrices orientan las acciones desarrolladas por el \u00c1rea de Proyectos Estrat\u00e9gicos, Movilidad y Sostenibilidad.<\/p>\n<p><script async src=\"\/\/pagead2.googlesyndication.com\/pagead\/js\/adsbygoogle.js\"><\/script><br \/>\n<!-- Noticias La Guia de Pamplona --><br \/>\n<ins class=\"adsbygoogle\"\nstyle=\"display:block\"\ndata-ad-client=\"ca-pub-6943679897239327\"\ndata-ad-slot=\"7048180777\"\ndata-ad-format=\"auto\"><\/ins><br \/>\n<script>\n(adsbygoogle = window.adsbygoogle || []).push({});\n<\/script><\/p>\n<p>Las personas usuarias de los aparcamientos p\u00fablicos deber\u00e1n operar a trav\u00e9s de la aplicaci\u00f3n Nbici, exclusiva para este servicio, y de la p\u00e1gina web\u00a0<a href=\"http:\/\/www.pamplona.es\/nbici\/\" target=\"_blank\" rel=\"noopener\">www.pamplona.es\/nbici\/<\/a>. Se puede realizar tanto el alta en el servicio como el pago. A partir del alta, la persona usuaria accede a cada uno de los aparcamientos de tres formas diferentes. La primera, a trav\u00e9s de la app clicando en el dispositivo m\u00f3vil sobre el bot\u00f3n \u2018puerta\u2019 del aparcamiento elegido; la segunda, pulsando en el teclado de la puerta el c\u00f3digo de acceso personal que le ser\u00e1 aportado en el momento del alta en el servicio y, como tercera posibilidad, llamando al tel\u00e9fono que recoge el panel indicativo de cada uno de los aparcamientos y, con la l\u00ednea comunicando, pulsando en el teclado de la puerta la imagen de la campana.<\/p>\n","protected":false},"excerpt":{"rendered":"<p>Con la puesta en funcionamiento de estos tres nuevos puntos, la red p\u00fablica de Pamplona contar\u00e1 con nueve aparcamientos para bicicletas<\/p>\n","protected":false},"author":1,"featured_media":36664,"comment_status":"open","ping_status":"closed","sticky":false,"template":"","format":"standard","meta":{"footnotes":""},"categories":[2],"tags":[],"class_list":["post-36663","post","type-post","status-publish","format-standard","has-post-thumbnail","hentry","category-ayuntamiento-pamplona"],"yoast_head":"<!-- This site is optimized with the Yoast SEO plugin v27.5 - https:\/\/yoast.com\/product\/yoast-seo-wordpress\/ -->\n<title>Las calles Monasterio de Irache y Garc\u00eda Xim\u00e9nez y la traves\u00eda Tafalla contar\u00e1n con aparcamientos cubiertos y vigilados para bicicletas<\/title>\n<meta name=\"description\" content=\"Con la puesta en funcionamiento de estos tres nuevos puntos, la red p\u00fablica de Pamplona contar\u00e1 con nueve aparcamientos para bicicletas\" \/>\n<meta name=\"robots\" content=\"index, follow, max-snippet:-1, max-image-preview:large, max-video-preview:-1\" \/>\n<link rel=\"canonical\" href=\"https:\/\/www.laguiadepamplona.com\/actualidad\/las-calles-monasterio-de-irache-y-garcia-ximenez-y-la-travesia-tafalla-contaran-con-aparcamientos-cubiertos-y-vigilados-para-bicicletas\/\" \/>\n<meta property=\"og:locale\" content=\"es_ES\" \/>\n<meta property=\"og:type\" content=\"article\" \/>\n<meta property=\"og:title\" content=\"Las calles Monasterio de Irache y Garc\u00eda Xim\u00e9nez y la traves\u00eda Tafalla contar\u00e1n con aparcamientos cubiertos y vigilados para bicicletas\" \/>\n<meta property=\"og:description\" content=\"Con la puesta en funcionamiento de estos tres nuevos puntos, la red p\u00fablica de Pamplona contar\u00e1 con nueve aparcamientos para bicicletas\" \/>\n<meta property=\"og:url\" content=\"https:\/\/www.laguiadepamplona.com\/actualidad\/las-calles-monasterio-de-irache-y-garcia-ximenez-y-la-travesia-tafalla-contaran-con-aparcamientos-cubiertos-y-vigilados-para-bicicletas\/\" \/>\n<meta property=\"og:site_name\" content=\"La Gu\u00eda de Pamplona\" \/>\n<meta property=\"article:publisher\" content=\"https:\/\/www.facebook.com\/laguiadepamplonacom-133175176762273\/?ref=hl\" \/>\n<meta property=\"article:published_time\" content=\"2021-09-24T15:12:57+00:00\" \/>\n<meta property=\"article:modified_time\" content=\"2023-04-11T09:48:57+00:00\" \/>\n<meta property=\"og:image\" content=\"https:\/\/www.laguiadepamplona.com\/actualidad\/wp-content\/uploads\/2021\/09\/aparcabicicletas2.jpg\" \/>\n\t<meta property=\"og:image:width\" content=\"1000\" \/>\n\t<meta property=\"og:image:height\" content=\"564\" \/>\n\t<meta property=\"og:image:type\" content=\"image\/jpeg\" \/>\n<meta name=\"author\" content=\"La Gu\u00eda de Pamplona\" \/>\n<meta name=\"twitter:card\" content=\"summary_large_image\" \/>\n<meta name=\"twitter:creator\" content=\"@LaGuiadPamplona\" \/>\n<meta name=\"twitter:site\" content=\"@LaGuiadPamplona\" \/>\n<meta name=\"twitter:label1\" content=\"Escrito por\" \/>\n\t<meta name=\"twitter:data1\" content=\"La Gu\u00eda de Pamplona\" \/>\n\t<meta name=\"twitter:label2\" content=\"Tiempo de lectura\" \/>\n\t<meta name=\"twitter:data2\" content=\"5 minutos\" \/>\n<script type=\"application\/ld+json\" class=\"yoast-schema-graph\">{\"@context\":\"https:\\\/\\\/schema.org\",\"@graph\":[{\"@type\":\"Article\",\"@id\":\"https:\\\/\\\/www.laguiadepamplona.com\\\/actualidad\\\/las-calles-monasterio-de-irache-y-garcia-ximenez-y-la-travesia-tafalla-contaran-con-aparcamientos-cubiertos-y-vigilados-para-bicicletas\\\/#article\",\"isPartOf\":{\"@id\":\"https:\\\/\\\/www.laguiadepamplona.com\\\/actualidad\\\/las-calles-monasterio-de-irache-y-garcia-ximenez-y-la-travesia-tafalla-contaran-con-aparcamientos-cubiertos-y-vigilados-para-bicicletas\\\/\"},\"author\":{\"name\":\"La Gu\u00eda de Pamplona\",\"@id\":\"https:\\\/\\\/www.laguiadepamplona.com\\\/actualidad\\\/#\\\/schema\\\/person\\\/efe887376f0213d4657c93adc50b1fdb\"},\"headline\":\"Las calles Monasterio de Irache y Garc\u00eda Xim\u00e9nez y la traves\u00eda Tafalla contar\u00e1n con aparcamientos cubiertos y vigilados para bicicletas\",\"datePublished\":\"2021-09-24T15:12:57+00:00\",\"dateModified\":\"2023-04-11T09:48:57+00:00\",\"mainEntityOfPage\":{\"@id\":\"https:\\\/\\\/www.laguiadepamplona.com\\\/actualidad\\\/las-calles-monasterio-de-irache-y-garcia-ximenez-y-la-travesia-tafalla-contaran-con-aparcamientos-cubiertos-y-vigilados-para-bicicletas\\\/\"},\"wordCount\":1095,\"commentCount\":0,\"publisher\":{\"@id\":\"https:\\\/\\\/www.laguiadepamplona.com\\\/actualidad\\\/#organization\"},\"image\":{\"@id\":\"https:\\\/\\\/www.laguiadepamplona.com\\\/actualidad\\\/las-calles-monasterio-de-irache-y-garcia-ximenez-y-la-travesia-tafalla-contaran-con-aparcamientos-cubiertos-y-vigilados-para-bicicletas\\\/#primaryimage\"},\"thumbnailUrl\":\"https:\\\/\\\/www.laguiadepamplona.com\\\/actualidad\\\/wp-content\\\/uploads\\\/2021\\\/09\\\/aparcabicicletas2.jpg\",\"articleSection\":[\"Ayto Pamplona\"],\"inLanguage\":\"es\",\"potentialAction\":[{\"@type\":\"CommentAction\",\"name\":\"Comment\",\"target\":[\"https:\\\/\\\/www.laguiadepamplona.com\\\/actualidad\\\/las-calles-monasterio-de-irache-y-garcia-ximenez-y-la-travesia-tafalla-contaran-con-aparcamientos-cubiertos-y-vigilados-para-bicicletas\\\/#respond\"]}]},{\"@type\":\"WebPage\",\"@id\":\"https:\\\/\\\/www.laguiadepamplona.com\\\/actualidad\\\/las-calles-monasterio-de-irache-y-garcia-ximenez-y-la-travesia-tafalla-contaran-con-aparcamientos-cubiertos-y-vigilados-para-bicicletas\\\/\",\"url\":\"https:\\\/\\\/www.laguiadepamplona.com\\\/actualidad\\\/las-calles-monasterio-de-irache-y-garcia-ximenez-y-la-travesia-tafalla-contaran-con-aparcamientos-cubiertos-y-vigilados-para-bicicletas\\\/\",\"name\":\"Las calles Monasterio de Irache y Garc\u00eda Xim\u00e9nez y la traves\u00eda Tafalla contar\u00e1n con aparcamientos cubiertos y vigilados para bicicletas\",\"isPartOf\":{\"@id\":\"https:\\\/\\\/www.laguiadepamplona.com\\\/actualidad\\\/#website\"},\"primaryImageOfPage\":{\"@id\":\"https:\\\/\\\/www.laguiadepamplona.com\\\/actualidad\\\/las-calles-monasterio-de-irache-y-garcia-ximenez-y-la-travesia-tafalla-contaran-con-aparcamientos-cubiertos-y-vigilados-para-bicicletas\\\/#primaryimage\"},\"image\":{\"@id\":\"https:\\\/\\\/www.laguiadepamplona.com\\\/actualidad\\\/las-calles-monasterio-de-irache-y-garcia-ximenez-y-la-travesia-tafalla-contaran-con-aparcamientos-cubiertos-y-vigilados-para-bicicletas\\\/#primaryimage\"},\"thumbnailUrl\":\"https:\\\/\\\/www.laguiadepamplona.com\\\/actualidad\\\/wp-content\\\/uploads\\\/2021\\\/09\\\/aparcabicicletas2.jpg\",\"datePublished\":\"2021-09-24T15:12:57+00:00\",\"dateModified\":\"2023-04-11T09:48:57+00:00\",\"description\":\"Con la puesta en funcionamiento de estos tres nuevos puntos, la red p\u00fablica de Pamplona contar\u00e1 con nueve aparcamientos para bicicletas\",\"breadcrumb\":{\"@id\":\"https:\\\/\\\/www.laguiadepamplona.com\\\/actualidad\\\/las-calles-monasterio-de-irache-y-garcia-ximenez-y-la-travesia-tafalla-contaran-con-aparcamientos-cubiertos-y-vigilados-para-bicicletas\\\/#breadcrumb\"},\"inLanguage\":\"es\",\"potentialAction\":[{\"@type\":\"ReadAction\",\"target\":[\"https:\\\/\\\/www.laguiadepamplona.com\\\/actualidad\\\/las-calles-monasterio-de-irache-y-garcia-ximenez-y-la-travesia-tafalla-contaran-con-aparcamientos-cubiertos-y-vigilados-para-bicicletas\\\/\"]}]},{\"@type\":\"ImageObject\",\"inLanguage\":\"es\",\"@id\":\"https:\\\/\\\/www.laguiadepamplona.com\\\/actualidad\\\/las-calles-monasterio-de-irache-y-garcia-ximenez-y-la-travesia-tafalla-contaran-con-aparcamientos-cubiertos-y-vigilados-para-bicicletas\\\/#primaryimage\",\"url\":\"https:\\\/\\\/www.laguiadepamplona.com\\\/actualidad\\\/wp-content\\\/uploads\\\/2021\\\/09\\\/aparcabicicletas2.jpg\",\"contentUrl\":\"https:\\\/\\\/www.laguiadepamplona.com\\\/actualidad\\\/wp-content\\\/uploads\\\/2021\\\/09\\\/aparcabicicletas2.jpg\",\"width\":1000,\"height\":564},{\"@type\":\"BreadcrumbList\",\"@id\":\"https:\\\/\\\/www.laguiadepamplona.com\\\/actualidad\\\/las-calles-monasterio-de-irache-y-garcia-ximenez-y-la-travesia-tafalla-contaran-con-aparcamientos-cubiertos-y-vigilados-para-bicicletas\\\/#breadcrumb\",\"itemListElement\":[{\"@type\":\"ListItem\",\"position\":1,\"name\":\"Portada\",\"item\":\"https:\\\/\\\/www.laguiadepamplona.com\\\/actualidad\\\/\"},{\"@type\":\"ListItem\",\"position\":2,\"name\":\"Las calles Monasterio de Irache y Garc\u00eda Xim\u00e9nez y la traves\u00eda Tafalla contar\u00e1n con aparcamientos cubiertos y vigilados para bicicletas\"}]},{\"@type\":\"WebSite\",\"@id\":\"https:\\\/\\\/www.laguiadepamplona.com\\\/actualidad\\\/#website\",\"url\":\"https:\\\/\\\/www.laguiadepamplona.com\\\/actualidad\\\/\",\"name\":\"La gu\u00eda de Pamplona\",\"description\":\"Noticias de Pamplona\",\"publisher\":{\"@id\":\"https:\\\/\\\/www.laguiadepamplona.com\\\/actualidad\\\/#organization\"},\"potentialAction\":[{\"@type\":\"SearchAction\",\"target\":{\"@type\":\"EntryPoint\",\"urlTemplate\":\"https:\\\/\\\/www.laguiadepamplona.com\\\/actualidad\\\/?s={search_term_string}\"},\"query-input\":{\"@type\":\"PropertyValueSpecification\",\"valueRequired\":true,\"valueName\":\"search_term_string\"}}],\"inLanguage\":\"es\"},{\"@type\":\"Organization\",\"@id\":\"https:\\\/\\\/www.laguiadepamplona.com\\\/actualidad\\\/#organization\",\"name\":\"La Gu\u00eda de Pamplona \\\/ Noticias\",\"url\":\"https:\\\/\\\/www.laguiadepamplona.com\\\/actualidad\\\/\",\"logo\":{\"@type\":\"ImageObject\",\"inLanguage\":\"es\",\"@id\":\"https:\\\/\\\/www.laguiadepamplona.com\\\/actualidad\\\/#\\\/schema\\\/logo\\\/image\\\/\",\"url\":\"https:\\\/\\\/www.laguiadepamplona.com\\\/actualidad\\\/wp-content\\\/uploads\\\/2018\\\/11\\\/logo-laguiadepamplona18-web1.png\",\"contentUrl\":\"https:\\\/\\\/www.laguiadepamplona.com\\\/actualidad\\\/wp-content\\\/uploads\\\/2018\\\/11\\\/logo-laguiadepamplona18-web1.png\",\"width\":600,\"height\":196,\"caption\":\"La Gu\u00eda de Pamplona \\\/ Noticias\"},\"image\":{\"@id\":\"https:\\\/\\\/www.laguiadepamplona.com\\\/actualidad\\\/#\\\/schema\\\/logo\\\/image\\\/\"},\"sameAs\":[\"https:\\\/\\\/www.facebook.com\\\/laguiadepamplonacom-133175176762273\\\/?ref=hl\",\"https:\\\/\\\/x.com\\\/LaGuiadPamplona\",\"https:\\\/\\\/www.instagram.com\\\/la_guia_de_pamplona\\\/\",\"https:\\\/\\\/www.youtube.com\\\/user\\\/laguiadepamplona\"]},{\"@type\":\"Person\",\"@id\":\"https:\\\/\\\/www.laguiadepamplona.com\\\/actualidad\\\/#\\\/schema\\\/person\\\/efe887376f0213d4657c93adc50b1fdb\",\"name\":\"La Gu\u00eda de Pamplona\",\"image\":{\"@type\":\"ImageObject\",\"inLanguage\":\"es\",\"@id\":\"https:\\\/\\\/secure.gravatar.com\\\/avatar\\\/b6992f131dc8d30ab0dff15446e9d346d9dbd95992de0fef795073f5ea83a81c?s=96&d=mm&r=g\",\"url\":\"https:\\\/\\\/secure.gravatar.com\\\/avatar\\\/b6992f131dc8d30ab0dff15446e9d346d9dbd95992de0fef795073f5ea83a81c?s=96&d=mm&r=g\",\"contentUrl\":\"https:\\\/\\\/secure.gravatar.com\\\/avatar\\\/b6992f131dc8d30ab0dff15446e9d346d9dbd95992de0fef795073f5ea83a81c?s=96&d=mm&r=g\",\"caption\":\"La Gu\u00eda de Pamplona\"}}]}<\/script>\n<!-- \/ Yoast SEO plugin. -->","yoast_head_json":{"title":"Las calles Monasterio de Irache y Garc\u00eda Xim\u00e9nez y la traves\u00eda Tafalla contar\u00e1n con aparcamientos cubiertos y vigilados para bicicletas","description":"Con la puesta en funcionamiento de estos tres nuevos puntos, la red p\u00fablica de Pamplona contar\u00e1 con nueve aparcamientos para bicicletas","robots":{"index":"index","follow":"follow","max-snippet":"max-snippet:-1","max-image-preview":"max-image-preview:large","max-video-preview":"max-video-preview:-1"},"canonical":"https:\/\/www.laguiadepamplona.com\/actualidad\/las-calles-monasterio-de-irache-y-garcia-ximenez-y-la-travesia-tafalla-contaran-con-aparcamientos-cubiertos-y-vigilados-para-bicicletas\/","og_locale":"es_ES","og_type":"article","og_title":"Las calles Monasterio de Irache y Garc\u00eda Xim\u00e9nez y la traves\u00eda Tafalla contar\u00e1n con aparcamientos cubiertos y vigilados para bicicletas","og_description":"Con la puesta en funcionamiento de estos tres nuevos puntos, la red p\u00fablica de Pamplona contar\u00e1 con nueve aparcamientos para bicicletas","og_url":"https:\/\/www.laguiadepamplona.com\/actualidad\/las-calles-monasterio-de-irache-y-garcia-ximenez-y-la-travesia-tafalla-contaran-con-aparcamientos-cubiertos-y-vigilados-para-bicicletas\/","og_site_name":"La Gu\u00eda de Pamplona","article_publisher":"https:\/\/www.facebook.com\/laguiadepamplonacom-133175176762273\/?ref=hl","article_published_time":"2021-09-24T15:12:57+00:00","article_modified_time":"2023-04-11T09:48:57+00:00","og_image":[{"width":1000,"height":564,"url":"https:\/\/www.laguiadepamplona.com\/actualidad\/wp-content\/uploads\/2021\/09\/aparcabicicletas2.jpg","type":"image\/jpeg"}],"author":"La Gu\u00eda de Pamplona","twitter_card":"summary_large_image","twitter_creator":"@LaGuiadPamplona","twitter_site":"@LaGuiadPamplona","twitter_misc":{"Escrito por":"La Gu\u00eda de Pamplona","Tiempo de lectura":"5 minutos"},"schema":{"@context":"https:\/\/schema.org","@graph":[{"@type":"Article","@id":"https:\/\/www.laguiadepamplona.com\/actualidad\/las-calles-monasterio-de-irache-y-garcia-ximenez-y-la-travesia-tafalla-contaran-con-aparcamientos-cubiertos-y-vigilados-para-bicicletas\/#article","isPartOf":{"@id":"https:\/\/www.laguiadepamplona.com\/actualidad\/las-calles-monasterio-de-irache-y-garcia-ximenez-y-la-travesia-tafalla-contaran-con-aparcamientos-cubiertos-y-vigilados-para-bicicletas\/"},"author":{"name":"La Gu\u00eda de Pamplona","@id":"https:\/\/www.laguiadepamplona.com\/actualidad\/#\/schema\/person\/efe887376f0213d4657c93adc50b1fdb"},"headline":"Las calles Monasterio de Irache y Garc\u00eda Xim\u00e9nez y la traves\u00eda Tafalla contar\u00e1n con aparcamientos cubiertos y vigilados para bicicletas","datePublished":"2021-09-24T15:12:57+00:00","dateModified":"2023-04-11T09:48:57+00:00","mainEntityOfPage":{"@id":"https:\/\/www.laguiadepamplona.com\/actualidad\/las-calles-monasterio-de-irache-y-garcia-ximenez-y-la-travesia-tafalla-contaran-con-aparcamientos-cubiertos-y-vigilados-para-bicicletas\/"},"wordCount":1095,"commentCount":0,"publisher":{"@id":"https:\/\/www.laguiadepamplona.com\/actualidad\/#organization"},"image":{"@id":"https:\/\/www.laguiadepamplona.com\/actualidad\/las-calles-monasterio-de-irache-y-garcia-ximenez-y-la-travesia-tafalla-contaran-con-aparcamientos-cubiertos-y-vigilados-para-bicicletas\/#primaryimage"},"thumbnailUrl":"https:\/\/www.laguiadepamplona.com\/actualidad\/wp-content\/uploads\/2021\/09\/aparcabicicletas2.jpg","articleSection":["Ayto Pamplona"],"inLanguage":"es","potentialAction":[{"@type":"CommentAction","name":"Comment","target":["https:\/\/www.laguiadepamplona.com\/actualidad\/las-calles-monasterio-de-irache-y-garcia-ximenez-y-la-travesia-tafalla-contaran-con-aparcamientos-cubiertos-y-vigilados-para-bicicletas\/#respond"]}]},{"@type":"WebPage","@id":"https:\/\/www.laguiadepamplona.com\/actualidad\/las-calles-monasterio-de-irache-y-garcia-ximenez-y-la-travesia-tafalla-contaran-con-aparcamientos-cubiertos-y-vigilados-para-bicicletas\/","url":"https:\/\/www.laguiadepamplona.com\/actualidad\/las-calles-monasterio-de-irache-y-garcia-ximenez-y-la-travesia-tafalla-contaran-con-aparcamientos-cubiertos-y-vigilados-para-bicicletas\/","name":"Las calles Monasterio de Irache y Garc\u00eda Xim\u00e9nez y la traves\u00eda Tafalla contar\u00e1n con aparcamientos cubiertos y vigilados para bicicletas","isPartOf":{"@id":"https:\/\/www.laguiadepamplona.com\/actualidad\/#website"},"primaryImageOfPage":{"@id":"https:\/\/www.laguiadepamplona.com\/actualidad\/las-calles-monasterio-de-irache-y-garcia-ximenez-y-la-travesia-tafalla-contaran-con-aparcamientos-cubiertos-y-vigilados-para-bicicletas\/#primaryimage"},"image":{"@id":"https:\/\/www.laguiadepamplona.com\/actualidad\/las-calles-monasterio-de-irache-y-garcia-ximenez-y-la-travesia-tafalla-contaran-con-aparcamientos-cubiertos-y-vigilados-para-bicicletas\/#primaryimage"},"thumbnailUrl":"https:\/\/www.laguiadepamplona.com\/actualidad\/wp-content\/uploads\/2021\/09\/aparcabicicletas2.jpg","datePublished":"2021-09-24T15:12:57+00:00","dateModified":"2023-04-11T09:48:57+00:00","description":"Con la puesta en funcionamiento de estos tres nuevos puntos, la red p\u00fablica de Pamplona contar\u00e1 con nueve aparcamientos para bicicletas","breadcrumb":{"@id":"https:\/\/www.laguiadepamplona.com\/actualidad\/las-calles-monasterio-de-irache-y-garcia-ximenez-y-la-travesia-tafalla-contaran-con-aparcamientos-cubiertos-y-vigilados-para-bicicletas\/#breadcrumb"},"inLanguage":"es","potentialAction":[{"@type":"ReadAction","target":["https:\/\/www.laguiadepamplona.com\/actualidad\/las-calles-monasterio-de-irache-y-garcia-ximenez-y-la-travesia-tafalla-contaran-con-aparcamientos-cubiertos-y-vigilados-para-bicicletas\/"]}]},{"@type":"ImageObject","inLanguage":"es","@id":"https:\/\/www.laguiadepamplona.com\/actualidad\/las-calles-monasterio-de-irache-y-garcia-ximenez-y-la-travesia-tafalla-contaran-con-aparcamientos-cubiertos-y-vigilados-para-bicicletas\/#primaryimage","url":"https:\/\/www.laguiadepamplona.com\/actualidad\/wp-content\/uploads\/2021\/09\/aparcabicicletas2.jpg","contentUrl":"https:\/\/www.laguiadepamplona.com\/actualidad\/wp-content\/uploads\/2021\/09\/aparcabicicletas2.jpg","width":1000,"height":564},{"@type":"BreadcrumbList","@id":"https:\/\/www.laguiadepamplona.com\/actualidad\/las-calles-monasterio-de-irache-y-garcia-ximenez-y-la-travesia-tafalla-contaran-con-aparcamientos-cubiertos-y-vigilados-para-bicicletas\/#breadcrumb","itemListElement":[{"@type":"ListItem","position":1,"name":"Portada","item":"https:\/\/www.laguiadepamplona.com\/actualidad\/"},{"@type":"ListItem","position":2,"name":"Las calles Monasterio de Irache y Garc\u00eda Xim\u00e9nez y la traves\u00eda Tafalla contar\u00e1n con aparcamientos cubiertos y vigilados para bicicletas"}]},{"@type":"WebSite","@id":"https:\/\/www.laguiadepamplona.com\/actualidad\/#website","url":"https:\/\/www.laguiadepamplona.com\/actualidad\/","name":"La gu\u00eda de Pamplona","description":"Noticias de Pamplona","publisher":{"@id":"https:\/\/www.laguiadepamplona.com\/actualidad\/#organization"},"potentialAction":[{"@type":"SearchAction","target":{"@type":"EntryPoint","urlTemplate":"https:\/\/www.laguiadepamplona.com\/actualidad\/?s={search_term_string}"},"query-input":{"@type":"PropertyValueSpecification","valueRequired":true,"valueName":"search_term_string"}}],"inLanguage":"es"},{"@type":"Organization","@id":"https:\/\/www.laguiadepamplona.com\/actualidad\/#organization","name":"La Gu\u00eda de Pamplona \/ Noticias","url":"https:\/\/www.laguiadepamplona.com\/actualidad\/","logo":{"@type":"ImageObject","inLanguage":"es","@id":"https:\/\/www.laguiadepamplona.com\/actualidad\/#\/schema\/logo\/image\/","url":"https:\/\/www.laguiadepamplona.com\/actualidad\/wp-content\/uploads\/2018\/11\/logo-laguiadepamplona18-web1.png","contentUrl":"https:\/\/www.laguiadepamplona.com\/actualidad\/wp-content\/uploads\/2018\/11\/logo-laguiadepamplona18-web1.png","width":600,"height":196,"caption":"La Gu\u00eda de Pamplona \/ Noticias"},"image":{"@id":"https:\/\/www.laguiadepamplona.com\/actualidad\/#\/schema\/logo\/image\/"},"sameAs":["https:\/\/www.facebook.com\/laguiadepamplonacom-133175176762273\/?ref=hl","https:\/\/x.com\/LaGuiadPamplona","https:\/\/www.instagram.com\/la_guia_de_pamplona\/","https:\/\/www.youtube.com\/user\/laguiadepamplona"]},{"@type":"Person","@id":"https:\/\/www.laguiadepamplona.com\/actualidad\/#\/schema\/person\/efe887376f0213d4657c93adc50b1fdb","name":"La Gu\u00eda de Pamplona","image":{"@type":"ImageObject","inLanguage":"es","@id":"https:\/\/secure.gravatar.com\/avatar\/b6992f131dc8d30ab0dff15446e9d346d9dbd95992de0fef795073f5ea83a81c?s=96&d=mm&r=g","url":"https:\/\/secure.gravatar.com\/avatar\/b6992f131dc8d30ab0dff15446e9d346d9dbd95992de0fef795073f5ea83a81c?s=96&d=mm&r=g","contentUrl":"https:\/\/secure.gravatar.com\/avatar\/b6992f131dc8d30ab0dff15446e9d346d9dbd95992de0fef795073f5ea83a81c?s=96&d=mm&r=g","caption":"La Gu\u00eda de Pamplona"}}]}},"post_mailing_queue_ids":[],"_links":{"self":[{"href":"https:\/\/www.laguiadepamplona.com\/actualidad\/wp-json\/wp\/v2\/posts\/36663","targetHints":{"allow":["GET"]}}],"collection":[{"href":"https:\/\/www.laguiadepamplona.com\/actualidad\/wp-json\/wp\/v2\/posts"}],"about":[{"href":"https:\/\/www.laguiadepamplona.com\/actualidad\/wp-json\/wp\/v2\/types\/post"}],"author":[{"embeddable":true,"href":"https:\/\/www.laguiadepamplona.com\/actualidad\/wp-json\/wp\/v2\/users\/1"}],"replies":[{"embeddable":true,"href":"https:\/\/www.laguiadepamplona.com\/actualidad\/wp-json\/wp\/v2\/comments?post=36663"}],"version-history":[{"count":0,"href":"https:\/\/www.laguiadepamplona.com\/actualidad\/wp-json\/wp\/v2\/posts\/36663\/revisions"}],"wp:featuredmedia":[{"embeddable":true,"href":"https:\/\/www.laguiadepamplona.com\/actualidad\/wp-json\/wp\/v2\/media\/36664"}],"wp:attachment":[{"href":"https:\/\/www.laguiadepamplona.com\/actualidad\/wp-json\/wp\/v2\/media?parent=36663"}],"wp:term":[{"taxonomy":"category","embeddable":true,"href":"https:\/\/www.laguiadepamplona.com\/actualidad\/wp-json\/wp\/v2\/categories?post=36663"},{"taxonomy":"post_tag","embeddable":true,"href":"https:\/\/www.laguiadepamplona.com\/actualidad\/wp-json\/wp\/v2\/tags?post=36663"}],"curies":[{"name":"wp","href":"https:\/\/api.w.org\/{rel}","templated":true}]}}