{"id":36635,"date":"2021-09-23T19:46:51","date_gmt":"2021-09-23T17:46:51","guid":{"rendered":"https:\/\/www.laguiadepamplona.com\/actualidad\/?p=36635"},"modified":"2023-04-11T11:48:58","modified_gmt":"2023-04-11T09:48:58","slug":"hoy-por-ti-manana-por-mi-sonrisas-de-comida-navarra-con-la-palma","status":"publish","type":"post","link":"https:\/\/www.laguiadepamplona.com\/actualidad\/hoy-por-ti-manana-por-mi-sonrisas-de-comida-navarra-con-la-palma\/","title":{"rendered":"Hoy por ti, ma\u00f1ana por m\u00ed &#8211; Sonrisas de comida Navarra con La Palma"},"content":{"rendered":"<p><a href=\"https:\/\/www.laguiadepamplona.com\/actualidad\/wp-content\/uploads\/2021\/09\/sonrisas_de_comida_la_palma.jpeg\"><img loading=\"lazy\" decoding=\"async\" class=\"alignleft wp-image-36636 size-medium\" src=\"https:\/\/www.laguiadepamplona.com\/actualidad\/wp-content\/uploads\/2021\/09\/sonrisas_de_comida_la_palma-300x300.jpeg\" alt=\"\" width=\"300\" height=\"300\" srcset=\"https:\/\/www.laguiadepamplona.com\/actualidad\/wp-content\/uploads\/2021\/09\/sonrisas_de_comida_la_palma-300x300.jpeg 300w, https:\/\/www.laguiadepamplona.com\/actualidad\/wp-content\/uploads\/2021\/09\/sonrisas_de_comida_la_palma-682x682.jpeg 682w, https:\/\/www.laguiadepamplona.com\/actualidad\/wp-content\/uploads\/2021\/09\/sonrisas_de_comida_la_palma-150x150.jpeg 150w, https:\/\/www.laguiadepamplona.com\/actualidad\/wp-content\/uploads\/2021\/09\/sonrisas_de_comida_la_palma-768x768.jpeg 768w, https:\/\/www.laguiadepamplona.com\/actualidad\/wp-content\/uploads\/2021\/09\/sonrisas_de_comida_la_palma-1536x1536.jpeg 1536w, https:\/\/www.laguiadepamplona.com\/actualidad\/wp-content\/uploads\/2021\/09\/sonrisas_de_comida_la_palma-64x64.jpeg 64w, https:\/\/www.laguiadepamplona.com\/actualidad\/wp-content\/uploads\/2021\/09\/sonrisas_de_comida_la_palma-640x640.jpeg 640w, https:\/\/www.laguiadepamplona.com\/actualidad\/wp-content\/uploads\/2021\/09\/sonrisas_de_comida_la_palma-550x550.jpeg 550w, https:\/\/www.laguiadepamplona.com\/actualidad\/wp-content\/uploads\/2021\/09\/sonrisas_de_comida_la_palma-1100x1100.jpeg 1100w, https:\/\/www.laguiadepamplona.com\/actualidad\/wp-content\/uploads\/2021\/09\/sonrisas_de_comida_la_palma.jpeg 1600w\" sizes=\"auto, (max-width: 300px) 100vw, 300px\" \/><\/a>Puedes donar alimentos no perecederos o ropa y Sonrisas de Comida Navarra lo enviaremos a La Palma o enviar donativo a <strong>IBAN ES06 2100 1921 1902 0014 1752<\/strong> y se debe indicar el nombre del emisor, el concepto \u00abdonaci\u00f3n La Palma\u00bb y el destinatario \u00bb Ayuntamiento de Los Llanos de Aridane\u00bb.<\/p>\n<p><strong>El donativo se destinar\u00e1 de forma exclusiva a paliar los da\u00f1os producidos por el volc\u00e1n.<\/strong><\/p>\n<p>&nbsp;<\/p>\n","protected":false},"excerpt":{"rendered":"<p>Puedes donar alimentos no perecederos o ropa y Sonrisas de Comida Navarra lo enviaremos a La Palma o enviar donativo a IBAN ES06 2100 1921 1902 0014 1752 y se&#8230;<\/p>\n","protected":false},"author":1,"featured_media":36636,"comment_status":"open","ping_status":"closed","sticky":false,"template":"","format":"standard","meta":{"footnotes":""},"categories":[9398],"tags":[],"class_list":["post-36635","post","type-post","status-publish","format-standard","has-post-thumbnail","hentry","category-asociaciones"],"yoast_head":"<!-- This site is optimized with the Yoast SEO plugin v27.3 - https:\/\/yoast.com\/product\/yoast-seo-wordpress\/ -->\n<title>Hoy por ti, ma\u00f1ana por m\u00ed - Sonrisas de comida Navarra con La Palma<\/title>\n<meta name=\"robots\" content=\"index, follow, max-snippet:-1, max-image-preview:large, max-video-preview:-1\" \/>\n<link rel=\"canonical\" href=\"https:\/\/www.laguiadepamplona.com\/actualidad\/hoy-por-ti-manana-por-mi-sonrisas-de-comida-navarra-con-la-palma\/\" \/>\n<meta property=\"og:locale\" content=\"es_ES\" \/>\n<meta property=\"og:type\" content=\"article\" \/>\n<meta property=\"og:title\" content=\"Hoy por ti, ma\u00f1ana por m\u00ed - Sonrisas de comida Navarra con La Palma\" \/>\n<meta property=\"og:description\" content=\"Puedes donar alimentos no perecederos o ropa y Sonrisas de Comida Navarra lo enviaremos a La Palma o enviar donativo a IBAN ES06 2100 1921 1902 0014 1752 y se...\" \/>\n<meta property=\"og:url\" content=\"https:\/\/www.laguiadepamplona.com\/actualidad\/hoy-por-ti-manana-por-mi-sonrisas-de-comida-navarra-con-la-palma\/\" \/>\n<meta property=\"og:site_name\" content=\"La Gu\u00eda de Pamplona\" \/>\n<meta property=\"article:publisher\" content=\"https:\/\/www.facebook.com\/laguiadepamplonacom-133175176762273\/?ref=hl\" \/>\n<meta property=\"article:published_time\" content=\"2021-09-23T17:46:51+00:00\" \/>\n<meta property=\"article:modified_time\" content=\"2023-04-11T09:48:58+00:00\" \/>\n<meta property=\"og:image\" content=\"https:\/\/www.laguiadepamplona.com\/actualidad\/wp-content\/uploads\/2021\/09\/sonrisas_de_comida_la_palma.jpeg\" \/>\n\t<meta property=\"og:image:width\" content=\"1600\" \/>\n\t<meta property=\"og:image:height\" content=\"1600\" \/>\n\t<meta property=\"og:image:type\" content=\"image\/jpeg\" \/>\n<meta name=\"author\" content=\"La Gu\u00eda de Pamplona\" \/>\n<meta name=\"twitter:card\" content=\"summary_large_image\" \/>\n<meta name=\"twitter:creator\" content=\"@LaGuiadPamplona\" \/>\n<meta name=\"twitter:site\" content=\"@LaGuiadPamplona\" \/>\n<meta name=\"twitter:label1\" content=\"Escrito por\" \/>\n\t<meta name=\"twitter:data1\" content=\"La Gu\u00eda de Pamplona\" \/>\n\t<meta name=\"twitter:label2\" content=\"Tiempo de lectura\" \/>\n\t<meta name=\"twitter:data2\" content=\"1 minuto\" \/>\n<script type=\"application\/ld+json\" class=\"yoast-schema-graph\">{\"@context\":\"https:\\\/\\\/schema.org\",\"@graph\":[{\"@type\":\"Article\",\"@id\":\"https:\\\/\\\/www.laguiadepamplona.com\\\/actualidad\\\/hoy-por-ti-manana-por-mi-sonrisas-de-comida-navarra-con-la-palma\\\/#article\",\"isPartOf\":{\"@id\":\"https:\\\/\\\/www.laguiadepamplona.com\\\/actualidad\\\/hoy-por-ti-manana-por-mi-sonrisas-de-comida-navarra-con-la-palma\\\/\"},\"author\":{\"name\":\"La Gu\u00eda de Pamplona\",\"@id\":\"https:\\\/\\\/www.laguiadepamplona.com\\\/actualidad\\\/#\\\/schema\\\/person\\\/efe887376f0213d4657c93adc50b1fdb\"},\"headline\":\"Hoy por ti, ma\u00f1ana por m\u00ed &#8211; Sonrisas de comida Navarra con La Palma\",\"datePublished\":\"2021-09-23T17:46:51+00:00\",\"dateModified\":\"2023-04-11T09:48:58+00:00\",\"mainEntityOfPage\":{\"@id\":\"https:\\\/\\\/www.laguiadepamplona.com\\\/actualidad\\\/hoy-por-ti-manana-por-mi-sonrisas-de-comida-navarra-con-la-palma\\\/\"},\"wordCount\":79,\"commentCount\":0,\"publisher\":{\"@id\":\"https:\\\/\\\/www.laguiadepamplona.com\\\/actualidad\\\/#organization\"},\"image\":{\"@id\":\"https:\\\/\\\/www.laguiadepamplona.com\\\/actualidad\\\/hoy-por-ti-manana-por-mi-sonrisas-de-comida-navarra-con-la-palma\\\/#primaryimage\"},\"thumbnailUrl\":\"https:\\\/\\\/www.laguiadepamplona.com\\\/actualidad\\\/wp-content\\\/uploads\\\/2021\\\/09\\\/sonrisas_de_comida_la_palma.jpeg\",\"articleSection\":[\"Asociaciones\"],\"inLanguage\":\"es\",\"potentialAction\":[{\"@type\":\"CommentAction\",\"name\":\"Comment\",\"target\":[\"https:\\\/\\\/www.laguiadepamplona.com\\\/actualidad\\\/hoy-por-ti-manana-por-mi-sonrisas-de-comida-navarra-con-la-palma\\\/#respond\"]}]},{\"@type\":\"WebPage\",\"@id\":\"https:\\\/\\\/www.laguiadepamplona.com\\\/actualidad\\\/hoy-por-ti-manana-por-mi-sonrisas-de-comida-navarra-con-la-palma\\\/\",\"url\":\"https:\\\/\\\/www.laguiadepamplona.com\\\/actualidad\\\/hoy-por-ti-manana-por-mi-sonrisas-de-comida-navarra-con-la-palma\\\/\",\"name\":\"Hoy por ti, ma\u00f1ana por m\u00ed - Sonrisas de comida Navarra con La Palma\",\"isPartOf\":{\"@id\":\"https:\\\/\\\/www.laguiadepamplona.com\\\/actualidad\\\/#website\"},\"primaryImageOfPage\":{\"@id\":\"https:\\\/\\\/www.laguiadepamplona.com\\\/actualidad\\\/hoy-por-ti-manana-por-mi-sonrisas-de-comida-navarra-con-la-palma\\\/#primaryimage\"},\"image\":{\"@id\":\"https:\\\/\\\/www.laguiadepamplona.com\\\/actualidad\\\/hoy-por-ti-manana-por-mi-sonrisas-de-comida-navarra-con-la-palma\\\/#primaryimage\"},\"thumbnailUrl\":\"https:\\\/\\\/www.laguiadepamplona.com\\\/actualidad\\\/wp-content\\\/uploads\\\/2021\\\/09\\\/sonrisas_de_comida_la_palma.jpeg\",\"datePublished\":\"2021-09-23T17:46:51+00:00\",\"dateModified\":\"2023-04-11T09:48:58+00:00\",\"breadcrumb\":{\"@id\":\"https:\\\/\\\/www.laguiadepamplona.com\\\/actualidad\\\/hoy-por-ti-manana-por-mi-sonrisas-de-comida-navarra-con-la-palma\\\/#breadcrumb\"},\"inLanguage\":\"es\",\"potentialAction\":[{\"@type\":\"ReadAction\",\"target\":[\"https:\\\/\\\/www.laguiadepamplona.com\\\/actualidad\\\/hoy-por-ti-manana-por-mi-sonrisas-de-comida-navarra-con-la-palma\\\/\"]}]},{\"@type\":\"ImageObject\",\"inLanguage\":\"es\",\"@id\":\"https:\\\/\\\/www.laguiadepamplona.com\\\/actualidad\\\/hoy-por-ti-manana-por-mi-sonrisas-de-comida-navarra-con-la-palma\\\/#primaryimage\",\"url\":\"https:\\\/\\\/www.laguiadepamplona.com\\\/actualidad\\\/wp-content\\\/uploads\\\/2021\\\/09\\\/sonrisas_de_comida_la_palma.jpeg\",\"contentUrl\":\"https:\\\/\\\/www.laguiadepamplona.com\\\/actualidad\\\/wp-content\\\/uploads\\\/2021\\\/09\\\/sonrisas_de_comida_la_palma.jpeg\",\"width\":1600,\"height\":1600},{\"@type\":\"BreadcrumbList\",\"@id\":\"https:\\\/\\\/www.laguiadepamplona.com\\\/actualidad\\\/hoy-por-ti-manana-por-mi-sonrisas-de-comida-navarra-con-la-palma\\\/#breadcrumb\",\"itemListElement\":[{\"@type\":\"ListItem\",\"position\":1,\"name\":\"Portada\",\"item\":\"https:\\\/\\\/www.laguiadepamplona.com\\\/actualidad\\\/\"},{\"@type\":\"ListItem\",\"position\":2,\"name\":\"Hoy por ti, ma\u00f1ana por m\u00ed &#8211; Sonrisas de comida Navarra con La Palma\"}]},{\"@type\":\"WebSite\",\"@id\":\"https:\\\/\\\/www.laguiadepamplona.com\\\/actualidad\\\/#website\",\"url\":\"https:\\\/\\\/www.laguiadepamplona.com\\\/actualidad\\\/\",\"name\":\"La gu\u00eda de Pamplona\",\"description\":\"Noticias de Pamplona\",\"publisher\":{\"@id\":\"https:\\\/\\\/www.laguiadepamplona.com\\\/actualidad\\\/#organization\"},\"potentialAction\":[{\"@type\":\"SearchAction\",\"target\":{\"@type\":\"EntryPoint\",\"urlTemplate\":\"https:\\\/\\\/www.laguiadepamplona.com\\\/actualidad\\\/?s={search_term_string}\"},\"query-input\":{\"@type\":\"PropertyValueSpecification\",\"valueRequired\":true,\"valueName\":\"search_term_string\"}}],\"inLanguage\":\"es\"},{\"@type\":\"Organization\",\"@id\":\"https:\\\/\\\/www.laguiadepamplona.com\\\/actualidad\\\/#organization\",\"name\":\"La Gu\u00eda de Pamplona \\\/ Noticias\",\"url\":\"https:\\\/\\\/www.laguiadepamplona.com\\\/actualidad\\\/\",\"logo\":{\"@type\":\"ImageObject\",\"inLanguage\":\"es\",\"@id\":\"https:\\\/\\\/www.laguiadepamplona.com\\\/actualidad\\\/#\\\/schema\\\/logo\\\/image\\\/\",\"url\":\"https:\\\/\\\/www.laguiadepamplona.com\\\/actualidad\\\/wp-content\\\/uploads\\\/2018\\\/11\\\/logo-laguiadepamplona18-web1.png\",\"contentUrl\":\"https:\\\/\\\/www.laguiadepamplona.com\\\/actualidad\\\/wp-content\\\/uploads\\\/2018\\\/11\\\/logo-laguiadepamplona18-web1.png\",\"width\":600,\"height\":196,\"caption\":\"La Gu\u00eda de Pamplona \\\/ Noticias\"},\"image\":{\"@id\":\"https:\\\/\\\/www.laguiadepamplona.com\\\/actualidad\\\/#\\\/schema\\\/logo\\\/image\\\/\"},\"sameAs\":[\"https:\\\/\\\/www.facebook.com\\\/laguiadepamplonacom-133175176762273\\\/?ref=hl\",\"https:\\\/\\\/x.com\\\/LaGuiadPamplona\",\"https:\\\/\\\/www.instagram.com\\\/la_guia_de_pamplona\\\/\",\"https:\\\/\\\/www.youtube.com\\\/user\\\/laguiadepamplona\"]},{\"@type\":\"Person\",\"@id\":\"https:\\\/\\\/www.laguiadepamplona.com\\\/actualidad\\\/#\\\/schema\\\/person\\\/efe887376f0213d4657c93adc50b1fdb\",\"name\":\"La Gu\u00eda de Pamplona\",\"image\":{\"@type\":\"ImageObject\",\"inLanguage\":\"es\",\"@id\":\"https:\\\/\\\/secure.gravatar.com\\\/avatar\\\/b6992f131dc8d30ab0dff15446e9d346d9dbd95992de0fef795073f5ea83a81c?s=96&d=mm&r=g\",\"url\":\"https:\\\/\\\/secure.gravatar.com\\\/avatar\\\/b6992f131dc8d30ab0dff15446e9d346d9dbd95992de0fef795073f5ea83a81c?s=96&d=mm&r=g\",\"contentUrl\":\"https:\\\/\\\/secure.gravatar.com\\\/avatar\\\/b6992f131dc8d30ab0dff15446e9d346d9dbd95992de0fef795073f5ea83a81c?s=96&d=mm&r=g\",\"caption\":\"La Gu\u00eda de Pamplona\"}}]}<\/script>\n<!-- \/ Yoast SEO plugin. -->","yoast_head_json":{"title":"Hoy por ti, ma\u00f1ana por m\u00ed - Sonrisas de comida Navarra con La Palma","robots":{"index":"index","follow":"follow","max-snippet":"max-snippet:-1","max-image-preview":"max-image-preview:large","max-video-preview":"max-video-preview:-1"},"canonical":"https:\/\/www.laguiadepamplona.com\/actualidad\/hoy-por-ti-manana-por-mi-sonrisas-de-comida-navarra-con-la-palma\/","og_locale":"es_ES","og_type":"article","og_title":"Hoy por ti, ma\u00f1ana por m\u00ed - Sonrisas de comida Navarra con La Palma","og_description":"Puedes donar alimentos no perecederos o ropa y Sonrisas de Comida Navarra lo enviaremos a La Palma o enviar donativo a IBAN ES06 2100 1921 1902 0014 1752 y se...","og_url":"https:\/\/www.laguiadepamplona.com\/actualidad\/hoy-por-ti-manana-por-mi-sonrisas-de-comida-navarra-con-la-palma\/","og_site_name":"La Gu\u00eda de Pamplona","article_publisher":"https:\/\/www.facebook.com\/laguiadepamplonacom-133175176762273\/?ref=hl","article_published_time":"2021-09-23T17:46:51+00:00","article_modified_time":"2023-04-11T09:48:58+00:00","og_image":[{"width":1600,"height":1600,"url":"https:\/\/www.laguiadepamplona.com\/actualidad\/wp-content\/uploads\/2021\/09\/sonrisas_de_comida_la_palma.jpeg","type":"image\/jpeg"}],"author":"La Gu\u00eda de Pamplona","twitter_card":"summary_large_image","twitter_creator":"@LaGuiadPamplona","twitter_site":"@LaGuiadPamplona","twitter_misc":{"Escrito por":"La Gu\u00eda de Pamplona","Tiempo de lectura":"1 minuto"},"schema":{"@context":"https:\/\/schema.org","@graph":[{"@type":"Article","@id":"https:\/\/www.laguiadepamplona.com\/actualidad\/hoy-por-ti-manana-por-mi-sonrisas-de-comida-navarra-con-la-palma\/#article","isPartOf":{"@id":"https:\/\/www.laguiadepamplona.com\/actualidad\/hoy-por-ti-manana-por-mi-sonrisas-de-comida-navarra-con-la-palma\/"},"author":{"name":"La Gu\u00eda de Pamplona","@id":"https:\/\/www.laguiadepamplona.com\/actualidad\/#\/schema\/person\/efe887376f0213d4657c93adc50b1fdb"},"headline":"Hoy por ti, ma\u00f1ana por m\u00ed &#8211; Sonrisas de comida Navarra con La Palma","datePublished":"2021-09-23T17:46:51+00:00","dateModified":"2023-04-11T09:48:58+00:00","mainEntityOfPage":{"@id":"https:\/\/www.laguiadepamplona.com\/actualidad\/hoy-por-ti-manana-por-mi-sonrisas-de-comida-navarra-con-la-palma\/"},"wordCount":79,"commentCount":0,"publisher":{"@id":"https:\/\/www.laguiadepamplona.com\/actualidad\/#organization"},"image":{"@id":"https:\/\/www.laguiadepamplona.com\/actualidad\/hoy-por-ti-manana-por-mi-sonrisas-de-comida-navarra-con-la-palma\/#primaryimage"},"thumbnailUrl":"https:\/\/www.laguiadepamplona.com\/actualidad\/wp-content\/uploads\/2021\/09\/sonrisas_de_comida_la_palma.jpeg","articleSection":["Asociaciones"],"inLanguage":"es","potentialAction":[{"@type":"CommentAction","name":"Comment","target":["https:\/\/www.laguiadepamplona.com\/actualidad\/hoy-por-ti-manana-por-mi-sonrisas-de-comida-navarra-con-la-palma\/#respond"]}]},{"@type":"WebPage","@id":"https:\/\/www.laguiadepamplona.com\/actualidad\/hoy-por-ti-manana-por-mi-sonrisas-de-comida-navarra-con-la-palma\/","url":"https:\/\/www.laguiadepamplona.com\/actualidad\/hoy-por-ti-manana-por-mi-sonrisas-de-comida-navarra-con-la-palma\/","name":"Hoy por ti, ma\u00f1ana por m\u00ed - Sonrisas de comida Navarra con La Palma","isPartOf":{"@id":"https:\/\/www.laguiadepamplona.com\/actualidad\/#website"},"primaryImageOfPage":{"@id":"https:\/\/www.laguiadepamplona.com\/actualidad\/hoy-por-ti-manana-por-mi-sonrisas-de-comida-navarra-con-la-palma\/#primaryimage"},"image":{"@id":"https:\/\/www.laguiadepamplona.com\/actualidad\/hoy-por-ti-manana-por-mi-sonrisas-de-comida-navarra-con-la-palma\/#primaryimage"},"thumbnailUrl":"https:\/\/www.laguiadepamplona.com\/actualidad\/wp-content\/uploads\/2021\/09\/sonrisas_de_comida_la_palma.jpeg","datePublished":"2021-09-23T17:46:51+00:00","dateModified":"2023-04-11T09:48:58+00:00","breadcrumb":{"@id":"https:\/\/www.laguiadepamplona.com\/actualidad\/hoy-por-ti-manana-por-mi-sonrisas-de-comida-navarra-con-la-palma\/#breadcrumb"},"inLanguage":"es","potentialAction":[{"@type":"ReadAction","target":["https:\/\/www.laguiadepamplona.com\/actualidad\/hoy-por-ti-manana-por-mi-sonrisas-de-comida-navarra-con-la-palma\/"]}]},{"@type":"ImageObject","inLanguage":"es","@id":"https:\/\/www.laguiadepamplona.com\/actualidad\/hoy-por-ti-manana-por-mi-sonrisas-de-comida-navarra-con-la-palma\/#primaryimage","url":"https:\/\/www.laguiadepamplona.com\/actualidad\/wp-content\/uploads\/2021\/09\/sonrisas_de_comida_la_palma.jpeg","contentUrl":"https:\/\/www.laguiadepamplona.com\/actualidad\/wp-content\/uploads\/2021\/09\/sonrisas_de_comida_la_palma.jpeg","width":1600,"height":1600},{"@type":"BreadcrumbList","@id":"https:\/\/www.laguiadepamplona.com\/actualidad\/hoy-por-ti-manana-por-mi-sonrisas-de-comida-navarra-con-la-palma\/#breadcrumb","itemListElement":[{"@type":"ListItem","position":1,"name":"Portada","item":"https:\/\/www.laguiadepamplona.com\/actualidad\/"},{"@type":"ListItem","position":2,"name":"Hoy por ti, ma\u00f1ana por m\u00ed &#8211; Sonrisas de comida Navarra con La Palma"}]},{"@type":"WebSite","@id":"https:\/\/www.laguiadepamplona.com\/actualidad\/#website","url":"https:\/\/www.laguiadepamplona.com\/actualidad\/","name":"La gu\u00eda de Pamplona","description":"Noticias de Pamplona","publisher":{"@id":"https:\/\/www.laguiadepamplona.com\/actualidad\/#organization"},"potentialAction":[{"@type":"SearchAction","target":{"@type":"EntryPoint","urlTemplate":"https:\/\/www.laguiadepamplona.com\/actualidad\/?s={search_term_string}"},"query-input":{"@type":"PropertyValueSpecification","valueRequired":true,"valueName":"search_term_string"}}],"inLanguage":"es"},{"@type":"Organization","@id":"https:\/\/www.laguiadepamplona.com\/actualidad\/#organization","name":"La Gu\u00eda de Pamplona \/ Noticias","url":"https:\/\/www.laguiadepamplona.com\/actualidad\/","logo":{"@type":"ImageObject","inLanguage":"es","@id":"https:\/\/www.laguiadepamplona.com\/actualidad\/#\/schema\/logo\/image\/","url":"https:\/\/www.laguiadepamplona.com\/actualidad\/wp-content\/uploads\/2018\/11\/logo-laguiadepamplona18-web1.png","contentUrl":"https:\/\/www.laguiadepamplona.com\/actualidad\/wp-content\/uploads\/2018\/11\/logo-laguiadepamplona18-web1.png","width":600,"height":196,"caption":"La Gu\u00eda de Pamplona \/ Noticias"},"image":{"@id":"https:\/\/www.laguiadepamplona.com\/actualidad\/#\/schema\/logo\/image\/"},"sameAs":["https:\/\/www.facebook.com\/laguiadepamplonacom-133175176762273\/?ref=hl","https:\/\/x.com\/LaGuiadPamplona","https:\/\/www.instagram.com\/la_guia_de_pamplona\/","https:\/\/www.youtube.com\/user\/laguiadepamplona"]},{"@type":"Person","@id":"https:\/\/www.laguiadepamplona.com\/actualidad\/#\/schema\/person\/efe887376f0213d4657c93adc50b1fdb","name":"La Gu\u00eda de Pamplona","image":{"@type":"ImageObject","inLanguage":"es","@id":"https:\/\/secure.gravatar.com\/avatar\/b6992f131dc8d30ab0dff15446e9d346d9dbd95992de0fef795073f5ea83a81c?s=96&d=mm&r=g","url":"https:\/\/secure.gravatar.com\/avatar\/b6992f131dc8d30ab0dff15446e9d346d9dbd95992de0fef795073f5ea83a81c?s=96&d=mm&r=g","contentUrl":"https:\/\/secure.gravatar.com\/avatar\/b6992f131dc8d30ab0dff15446e9d346d9dbd95992de0fef795073f5ea83a81c?s=96&d=mm&r=g","caption":"La Gu\u00eda de Pamplona"}}]}},"post_mailing_queue_ids":[],"_links":{"self":[{"href":"https:\/\/www.laguiadepamplona.com\/actualidad\/wp-json\/wp\/v2\/posts\/36635","targetHints":{"allow":["GET"]}}],"collection":[{"href":"https:\/\/www.laguiadepamplona.com\/actualidad\/wp-json\/wp\/v2\/posts"}],"about":[{"href":"https:\/\/www.laguiadepamplona.com\/actualidad\/wp-json\/wp\/v2\/types\/post"}],"author":[{"embeddable":true,"href":"https:\/\/www.laguiadepamplona.com\/actualidad\/wp-json\/wp\/v2\/users\/1"}],"replies":[{"embeddable":true,"href":"https:\/\/www.laguiadepamplona.com\/actualidad\/wp-json\/wp\/v2\/comments?post=36635"}],"version-history":[{"count":0,"href":"https:\/\/www.laguiadepamplona.com\/actualidad\/wp-json\/wp\/v2\/posts\/36635\/revisions"}],"wp:featuredmedia":[{"embeddable":true,"href":"https:\/\/www.laguiadepamplona.com\/actualidad\/wp-json\/wp\/v2\/media\/36636"}],"wp:attachment":[{"href":"https:\/\/www.laguiadepamplona.com\/actualidad\/wp-json\/wp\/v2\/media?parent=36635"}],"wp:term":[{"taxonomy":"category","embeddable":true,"href":"https:\/\/www.laguiadepamplona.com\/actualidad\/wp-json\/wp\/v2\/categories?post=36635"},{"taxonomy":"post_tag","embeddable":true,"href":"https:\/\/www.laguiadepamplona.com\/actualidad\/wp-json\/wp\/v2\/tags?post=36635"}],"curies":[{"name":"wp","href":"https:\/\/api.w.org\/{rel}","templated":true}]}}