{"id":36623,"date":"2021-09-23T13:12:51","date_gmt":"2021-09-23T11:12:51","guid":{"rendered":"https:\/\/www.laguiadepamplona.com\/actualidad\/?p=36623"},"modified":"2023-04-11T11:48:58","modified_gmt":"2023-04-11T09:48:58","slug":"el-ayuntamiento-de-pamplona-recibe-al-colegio-oficial-de-farmaceuticos-de-navarra-por-la-celebracion-el-proximo-sabado-del-dia-mundial-del-farmaceutico","status":"publish","type":"post","link":"https:\/\/www.laguiadepamplona.com\/actualidad\/el-ayuntamiento-de-pamplona-recibe-al-colegio-oficial-de-farmaceuticos-de-navarra-por-la-celebracion-el-proximo-sabado-del-dia-mundial-del-farmaceutico\/","title":{"rendered":"El Ayuntamiento de Pamplona recibe al Colegio Oficial de Farmac\u00e9uticos de Navarra por la celebraci\u00f3n el pr\u00f3ximo s\u00e1bado del D\u00eda Mundial del Farmac\u00e9utico"},"content":{"rendered":"<h5>La fachada de la Casa Consistorial se iluminar\u00e1 de color verde ma\u00f1ana viernes para conmemorar ese D\u00eda Mundial del Farmac\u00e9utico<\/h5>\n<p><!--more--><\/p>\n<p>El Ayuntamiento de Pamplona ha ofrecido esta ma\u00f1ana una recepci\u00f3n institucional al Colegio Oficial de Farmac\u00e9uticos de Navarra. El pr\u00f3ximo s\u00e1bado 25 de septiembre se celebra el D\u00eda Mundial del Farmac\u00e9utico, que reconoce su labor profesional al servicio de la ciudadan\u00eda, una labor esencial en la prevenci\u00f3n de enfermedades y para la promoci\u00f3n de la salud. Por ello, ma\u00f1ana viernes, como antesala a la celebraci\u00f3n, el Consistorio se sumar\u00e1 a la efem\u00e9ride iluminando de color verde su fachada.<\/p>\n<p>El alcalde, Enrique Maya, y miembros de la Corporaci\u00f3n municipal han participado en el acto, que ha tenido lugar el Sal\u00f3n de Recepciones de la Casa Consistorial. Por parte del Colegio Oficial de Farmac\u00e9uticos de Navarra (COFNA), ha asistido su presidenta, Marta Gallipienzo, la vicepresidenta, Pilar Ezpeleta, el secretario, Juan Muga, y la vocal Inma Almagro y los vocales de Docencia y Ortopedia, Idoya Beltr\u00e1n e Iker Alb\u00e9niz, respectivamente.<\/p>\n<p><script async src=\"\/\/pagead2.googlesyndication.com\/pagead\/js\/adsbygoogle.js\"><\/script><br \/>\n<!-- Noticias La Guia de Pamplona --><br \/>\n<ins class=\"adsbygoogle\"\nstyle=\"display:block\"\ndata-ad-client=\"ca-pub-6943679897239327\"\ndata-ad-slot=\"7048180777\"\ndata-ad-format=\"auto\"><\/ins><br \/>\n<script>\n(adsbygoogle = window.adsbygoogle || []).push({});\n<\/script><\/p>\n<p>El alcalde de Pamplona ha recordado que a los farmac\u00e9uticos que han \u201cconseguido que confiemos cada vez m\u00e1s en vosotros y vosotras, que valoremos vuestra imprescindible labor, que vuestros consejos y vuestra atenci\u00f3n hayan sido \u2013y sigan siendo- de vital importancia. Hab\u00e9is estado en todo momento en primera l\u00ednea el frente, poniendo en riesgo incluso vuestra salud, para ayudarnos a todos, y muy especialmente a quienes m\u00e1s lo necesitaban\u201d. Por su parte, la presidenta de COFNA, Marta Gallipienzo, ha destacado el trabajo realizado por los profesionales farmac\u00e9uticos, sobre todo en estos tiempos de pandemia, y ha agradecido el detalle del Ayuntamiento con esta recepci\u00f3n.<\/p>\n<p>El\u00a0D\u00eda Mundial del Farmac\u00e9utico se celebra este a\u00f1o bajo el lema \u2018Farmacia: siempre de confianza, al servicio de tu salud\u2019. Organizado por la Federaci\u00f3n Internacional Farmac\u00e9utica (FIP), se quiere destacar en esta edici\u00f3n c\u00f3mo, ahora m\u00e1s que nunca, frente a las noticias falsas y la desconfianza, la profesi\u00f3n farmac\u00e9utica ha confirmado ser un referente de credibilidad al servicio del bienestar de la ciudadan\u00eda. La FIP fue creada un 25 de septiembre de 1912 en La Haya (Pa\u00edses Bajos) y, a d\u00eda de hoy, representa en el mundo a m\u00e1s de cuatro millones de profesionales.<\/p>\n<p><script async src=\"\/\/pagead2.googlesyndication.com\/pagead\/js\/adsbygoogle.js\"><\/script><br \/>\n<!-- Noticias La Guia de Pamplona --><br \/>\n<ins class=\"adsbygoogle\"\nstyle=\"display:block\"\ndata-ad-client=\"ca-pub-6943679897239327\"\ndata-ad-slot=\"7048180777\"\ndata-ad-format=\"auto\"><\/ins><br \/>\n<script>\n(adsbygoogle = window.adsbygoogle || []).push({});\n<\/script><\/p>\n<p>El Colegio Oficial de Farmac\u00e9uticos de Navarra (COFNA) representa a m\u00e1s de 1.500 profesionales. El colectivo es mayoritariamente femenino, con un 78% de mujeres, y tiene una edad media de 46 a\u00f1os. M\u00e1s del 80% de los colegiados y colegiadas optan por la farmacia comunitaria, con m\u00e1s de 600 establecimientos repartidos por toda Navarra. Otras modalidades de ejercicio tienen que ver con la Farmacia Hospitalaria, Industria, Distribuci\u00f3n, An\u00e1lisis Cl\u00ednicos, Investigaci\u00f3n y Docencia o Salud P\u00fablica.<\/p>\n","protected":false},"excerpt":{"rendered":"<p>La fachada de la Casa Consistorial se iluminar\u00e1 de color verde ma\u00f1ana viernes para conmemorar ese D\u00eda Mundial del Farmac\u00e9utico<\/p>\n","protected":false},"author":1,"featured_media":36624,"comment_status":"open","ping_status":"closed","sticky":false,"template":"","format":"standard","meta":{"footnotes":""},"categories":[2],"tags":[],"class_list":["post-36623","post","type-post","status-publish","format-standard","has-post-thumbnail","hentry","category-ayuntamiento-pamplona"],"yoast_head":"<!-- This site is optimized with the Yoast SEO plugin v27.5 - https:\/\/yoast.com\/product\/yoast-seo-wordpress\/ -->\n<title>El Ayuntamiento de Pamplona recibe al Colegio Oficial de Farmac\u00e9uticos de Navarra por la celebraci\u00f3n el pr\u00f3ximo s\u00e1bado del D\u00eda Mundial del Farmac\u00e9utico<\/title>\n<meta name=\"description\" content=\"La fachada de la Casa Consistorial se iluminar\u00e1 de color verde ma\u00f1ana viernes para conmemorar ese D\u00eda Mundial del Farmac\u00e9utico\" \/>\n<meta name=\"robots\" content=\"index, follow, max-snippet:-1, max-image-preview:large, max-video-preview:-1\" \/>\n<link rel=\"canonical\" href=\"https:\/\/www.laguiadepamplona.com\/actualidad\/el-ayuntamiento-de-pamplona-recibe-al-colegio-oficial-de-farmaceuticos-de-navarra-por-la-celebracion-el-proximo-sabado-del-dia-mundial-del-farmaceutico\/\" \/>\n<meta property=\"og:locale\" content=\"es_ES\" \/>\n<meta property=\"og:type\" content=\"article\" \/>\n<meta property=\"og:title\" content=\"El Ayuntamiento de Pamplona recibe al Colegio Oficial de Farmac\u00e9uticos de Navarra por la celebraci\u00f3n el pr\u00f3ximo s\u00e1bado del D\u00eda Mundial del Farmac\u00e9utico\" \/>\n<meta property=\"og:description\" content=\"La fachada de la Casa Consistorial se iluminar\u00e1 de color verde ma\u00f1ana viernes para conmemorar ese D\u00eda Mundial del Farmac\u00e9utico\" \/>\n<meta property=\"og:url\" content=\"https:\/\/www.laguiadepamplona.com\/actualidad\/el-ayuntamiento-de-pamplona-recibe-al-colegio-oficial-de-farmaceuticos-de-navarra-por-la-celebracion-el-proximo-sabado-del-dia-mundial-del-farmaceutico\/\" \/>\n<meta property=\"og:site_name\" content=\"La Gu\u00eda de Pamplona\" \/>\n<meta property=\"article:publisher\" content=\"https:\/\/www.facebook.com\/laguiadepamplonacom-133175176762273\/?ref=hl\" \/>\n<meta property=\"article:published_time\" content=\"2021-09-23T11:12:51+00:00\" \/>\n<meta property=\"article:modified_time\" content=\"2023-04-11T09:48:58+00:00\" \/>\n<meta property=\"og:image\" content=\"https:\/\/www.laguiadepamplona.com\/actualidad\/wp-content\/uploads\/2021\/09\/farmaciajgv3695-copia.jpg\" \/>\n\t<meta property=\"og:image:width\" content=\"1920\" \/>\n\t<meta property=\"og:image:height\" content=\"1280\" \/>\n\t<meta property=\"og:image:type\" content=\"image\/jpeg\" \/>\n<meta name=\"author\" content=\"La Gu\u00eda de Pamplona\" \/>\n<meta name=\"twitter:card\" content=\"summary_large_image\" \/>\n<meta name=\"twitter:creator\" content=\"@LaGuiadPamplona\" \/>\n<meta name=\"twitter:site\" content=\"@LaGuiadPamplona\" \/>\n<meta name=\"twitter:label1\" content=\"Escrito por\" \/>\n\t<meta name=\"twitter:data1\" content=\"La Gu\u00eda de Pamplona\" \/>\n\t<meta name=\"twitter:label2\" content=\"Tiempo de lectura\" \/>\n\t<meta name=\"twitter:data2\" content=\"2 minutos\" \/>\n<script type=\"application\/ld+json\" class=\"yoast-schema-graph\">{\"@context\":\"https:\\\/\\\/schema.org\",\"@graph\":[{\"@type\":\"Article\",\"@id\":\"https:\\\/\\\/www.laguiadepamplona.com\\\/actualidad\\\/el-ayuntamiento-de-pamplona-recibe-al-colegio-oficial-de-farmaceuticos-de-navarra-por-la-celebracion-el-proximo-sabado-del-dia-mundial-del-farmaceutico\\\/#article\",\"isPartOf\":{\"@id\":\"https:\\\/\\\/www.laguiadepamplona.com\\\/actualidad\\\/el-ayuntamiento-de-pamplona-recibe-al-colegio-oficial-de-farmaceuticos-de-navarra-por-la-celebracion-el-proximo-sabado-del-dia-mundial-del-farmaceutico\\\/\"},\"author\":{\"name\":\"La Gu\u00eda de Pamplona\",\"@id\":\"https:\\\/\\\/www.laguiadepamplona.com\\\/actualidad\\\/#\\\/schema\\\/person\\\/efe887376f0213d4657c93adc50b1fdb\"},\"headline\":\"El Ayuntamiento de Pamplona recibe al Colegio Oficial de Farmac\u00e9uticos de Navarra por la celebraci\u00f3n el pr\u00f3ximo s\u00e1bado del D\u00eda Mundial del Farmac\u00e9utico\",\"datePublished\":\"2021-09-23T11:12:51+00:00\",\"dateModified\":\"2023-04-11T09:48:58+00:00\",\"mainEntityOfPage\":{\"@id\":\"https:\\\/\\\/www.laguiadepamplona.com\\\/actualidad\\\/el-ayuntamiento-de-pamplona-recibe-al-colegio-oficial-de-farmaceuticos-de-navarra-por-la-celebracion-el-proximo-sabado-del-dia-mundial-del-farmaceutico\\\/\"},\"wordCount\":515,\"commentCount\":0,\"publisher\":{\"@id\":\"https:\\\/\\\/www.laguiadepamplona.com\\\/actualidad\\\/#organization\"},\"image\":{\"@id\":\"https:\\\/\\\/www.laguiadepamplona.com\\\/actualidad\\\/el-ayuntamiento-de-pamplona-recibe-al-colegio-oficial-de-farmaceuticos-de-navarra-por-la-celebracion-el-proximo-sabado-del-dia-mundial-del-farmaceutico\\\/#primaryimage\"},\"thumbnailUrl\":\"https:\\\/\\\/www.laguiadepamplona.com\\\/actualidad\\\/wp-content\\\/uploads\\\/2021\\\/09\\\/farmaciajgv3695-copia.jpg\",\"articleSection\":[\"Ayto Pamplona\"],\"inLanguage\":\"es\",\"potentialAction\":[{\"@type\":\"CommentAction\",\"name\":\"Comment\",\"target\":[\"https:\\\/\\\/www.laguiadepamplona.com\\\/actualidad\\\/el-ayuntamiento-de-pamplona-recibe-al-colegio-oficial-de-farmaceuticos-de-navarra-por-la-celebracion-el-proximo-sabado-del-dia-mundial-del-farmaceutico\\\/#respond\"]}]},{\"@type\":\"WebPage\",\"@id\":\"https:\\\/\\\/www.laguiadepamplona.com\\\/actualidad\\\/el-ayuntamiento-de-pamplona-recibe-al-colegio-oficial-de-farmaceuticos-de-navarra-por-la-celebracion-el-proximo-sabado-del-dia-mundial-del-farmaceutico\\\/\",\"url\":\"https:\\\/\\\/www.laguiadepamplona.com\\\/actualidad\\\/el-ayuntamiento-de-pamplona-recibe-al-colegio-oficial-de-farmaceuticos-de-navarra-por-la-celebracion-el-proximo-sabado-del-dia-mundial-del-farmaceutico\\\/\",\"name\":\"El Ayuntamiento de Pamplona recibe al Colegio Oficial de Farmac\u00e9uticos de Navarra por la celebraci\u00f3n el pr\u00f3ximo s\u00e1bado del D\u00eda Mundial del Farmac\u00e9utico\",\"isPartOf\":{\"@id\":\"https:\\\/\\\/www.laguiadepamplona.com\\\/actualidad\\\/#website\"},\"primaryImageOfPage\":{\"@id\":\"https:\\\/\\\/www.laguiadepamplona.com\\\/actualidad\\\/el-ayuntamiento-de-pamplona-recibe-al-colegio-oficial-de-farmaceuticos-de-navarra-por-la-celebracion-el-proximo-sabado-del-dia-mundial-del-farmaceutico\\\/#primaryimage\"},\"image\":{\"@id\":\"https:\\\/\\\/www.laguiadepamplona.com\\\/actualidad\\\/el-ayuntamiento-de-pamplona-recibe-al-colegio-oficial-de-farmaceuticos-de-navarra-por-la-celebracion-el-proximo-sabado-del-dia-mundial-del-farmaceutico\\\/#primaryimage\"},\"thumbnailUrl\":\"https:\\\/\\\/www.laguiadepamplona.com\\\/actualidad\\\/wp-content\\\/uploads\\\/2021\\\/09\\\/farmaciajgv3695-copia.jpg\",\"datePublished\":\"2021-09-23T11:12:51+00:00\",\"dateModified\":\"2023-04-11T09:48:58+00:00\",\"description\":\"La fachada de la Casa Consistorial se iluminar\u00e1 de color verde ma\u00f1ana viernes para conmemorar ese D\u00eda Mundial del Farmac\u00e9utico\",\"breadcrumb\":{\"@id\":\"https:\\\/\\\/www.laguiadepamplona.com\\\/actualidad\\\/el-ayuntamiento-de-pamplona-recibe-al-colegio-oficial-de-farmaceuticos-de-navarra-por-la-celebracion-el-proximo-sabado-del-dia-mundial-del-farmaceutico\\\/#breadcrumb\"},\"inLanguage\":\"es\",\"potentialAction\":[{\"@type\":\"ReadAction\",\"target\":[\"https:\\\/\\\/www.laguiadepamplona.com\\\/actualidad\\\/el-ayuntamiento-de-pamplona-recibe-al-colegio-oficial-de-farmaceuticos-de-navarra-por-la-celebracion-el-proximo-sabado-del-dia-mundial-del-farmaceutico\\\/\"]}]},{\"@type\":\"ImageObject\",\"inLanguage\":\"es\",\"@id\":\"https:\\\/\\\/www.laguiadepamplona.com\\\/actualidad\\\/el-ayuntamiento-de-pamplona-recibe-al-colegio-oficial-de-farmaceuticos-de-navarra-por-la-celebracion-el-proximo-sabado-del-dia-mundial-del-farmaceutico\\\/#primaryimage\",\"url\":\"https:\\\/\\\/www.laguiadepamplona.com\\\/actualidad\\\/wp-content\\\/uploads\\\/2021\\\/09\\\/farmaciajgv3695-copia.jpg\",\"contentUrl\":\"https:\\\/\\\/www.laguiadepamplona.com\\\/actualidad\\\/wp-content\\\/uploads\\\/2021\\\/09\\\/farmaciajgv3695-copia.jpg\",\"width\":1920,\"height\":1280,\"caption\":\"A* Jesus Garzaron F* 2021_09_23 T* Recepci\u00f3n al Colegio de Farmac\u00e9uticos L* Ayuntamiento\"},{\"@type\":\"BreadcrumbList\",\"@id\":\"https:\\\/\\\/www.laguiadepamplona.com\\\/actualidad\\\/el-ayuntamiento-de-pamplona-recibe-al-colegio-oficial-de-farmaceuticos-de-navarra-por-la-celebracion-el-proximo-sabado-del-dia-mundial-del-farmaceutico\\\/#breadcrumb\",\"itemListElement\":[{\"@type\":\"ListItem\",\"position\":1,\"name\":\"Portada\",\"item\":\"https:\\\/\\\/www.laguiadepamplona.com\\\/actualidad\\\/\"},{\"@type\":\"ListItem\",\"position\":2,\"name\":\"El Ayuntamiento de Pamplona recibe al Colegio Oficial de Farmac\u00e9uticos de Navarra por la celebraci\u00f3n el pr\u00f3ximo s\u00e1bado del D\u00eda Mundial del Farmac\u00e9utico\"}]},{\"@type\":\"WebSite\",\"@id\":\"https:\\\/\\\/www.laguiadepamplona.com\\\/actualidad\\\/#website\",\"url\":\"https:\\\/\\\/www.laguiadepamplona.com\\\/actualidad\\\/\",\"name\":\"La gu\u00eda de Pamplona\",\"description\":\"Noticias de Pamplona\",\"publisher\":{\"@id\":\"https:\\\/\\\/www.laguiadepamplona.com\\\/actualidad\\\/#organization\"},\"potentialAction\":[{\"@type\":\"SearchAction\",\"target\":{\"@type\":\"EntryPoint\",\"urlTemplate\":\"https:\\\/\\\/www.laguiadepamplona.com\\\/actualidad\\\/?s={search_term_string}\"},\"query-input\":{\"@type\":\"PropertyValueSpecification\",\"valueRequired\":true,\"valueName\":\"search_term_string\"}}],\"inLanguage\":\"es\"},{\"@type\":\"Organization\",\"@id\":\"https:\\\/\\\/www.laguiadepamplona.com\\\/actualidad\\\/#organization\",\"name\":\"La Gu\u00eda de Pamplona \\\/ Noticias\",\"url\":\"https:\\\/\\\/www.laguiadepamplona.com\\\/actualidad\\\/\",\"logo\":{\"@type\":\"ImageObject\",\"inLanguage\":\"es\",\"@id\":\"https:\\\/\\\/www.laguiadepamplona.com\\\/actualidad\\\/#\\\/schema\\\/logo\\\/image\\\/\",\"url\":\"https:\\\/\\\/www.laguiadepamplona.com\\\/actualidad\\\/wp-content\\\/uploads\\\/2018\\\/11\\\/logo-laguiadepamplona18-web1.png\",\"contentUrl\":\"https:\\\/\\\/www.laguiadepamplona.com\\\/actualidad\\\/wp-content\\\/uploads\\\/2018\\\/11\\\/logo-laguiadepamplona18-web1.png\",\"width\":600,\"height\":196,\"caption\":\"La Gu\u00eda de Pamplona \\\/ Noticias\"},\"image\":{\"@id\":\"https:\\\/\\\/www.laguiadepamplona.com\\\/actualidad\\\/#\\\/schema\\\/logo\\\/image\\\/\"},\"sameAs\":[\"https:\\\/\\\/www.facebook.com\\\/laguiadepamplonacom-133175176762273\\\/?ref=hl\",\"https:\\\/\\\/x.com\\\/LaGuiadPamplona\",\"https:\\\/\\\/www.instagram.com\\\/la_guia_de_pamplona\\\/\",\"https:\\\/\\\/www.youtube.com\\\/user\\\/laguiadepamplona\"]},{\"@type\":\"Person\",\"@id\":\"https:\\\/\\\/www.laguiadepamplona.com\\\/actualidad\\\/#\\\/schema\\\/person\\\/efe887376f0213d4657c93adc50b1fdb\",\"name\":\"La Gu\u00eda de Pamplona\",\"image\":{\"@type\":\"ImageObject\",\"inLanguage\":\"es\",\"@id\":\"https:\\\/\\\/secure.gravatar.com\\\/avatar\\\/b6992f131dc8d30ab0dff15446e9d346d9dbd95992de0fef795073f5ea83a81c?s=96&d=mm&r=g\",\"url\":\"https:\\\/\\\/secure.gravatar.com\\\/avatar\\\/b6992f131dc8d30ab0dff15446e9d346d9dbd95992de0fef795073f5ea83a81c?s=96&d=mm&r=g\",\"contentUrl\":\"https:\\\/\\\/secure.gravatar.com\\\/avatar\\\/b6992f131dc8d30ab0dff15446e9d346d9dbd95992de0fef795073f5ea83a81c?s=96&d=mm&r=g\",\"caption\":\"La Gu\u00eda de Pamplona\"}}]}<\/script>\n<!-- \/ Yoast SEO plugin. -->","yoast_head_json":{"title":"El Ayuntamiento de Pamplona recibe al Colegio Oficial de Farmac\u00e9uticos de Navarra por la celebraci\u00f3n el pr\u00f3ximo s\u00e1bado del D\u00eda Mundial del Farmac\u00e9utico","description":"La fachada de la Casa Consistorial se iluminar\u00e1 de color verde ma\u00f1ana viernes para conmemorar ese D\u00eda Mundial del Farmac\u00e9utico","robots":{"index":"index","follow":"follow","max-snippet":"max-snippet:-1","max-image-preview":"max-image-preview:large","max-video-preview":"max-video-preview:-1"},"canonical":"https:\/\/www.laguiadepamplona.com\/actualidad\/el-ayuntamiento-de-pamplona-recibe-al-colegio-oficial-de-farmaceuticos-de-navarra-por-la-celebracion-el-proximo-sabado-del-dia-mundial-del-farmaceutico\/","og_locale":"es_ES","og_type":"article","og_title":"El Ayuntamiento de Pamplona recibe al Colegio Oficial de Farmac\u00e9uticos de Navarra por la celebraci\u00f3n el pr\u00f3ximo s\u00e1bado del D\u00eda Mundial del Farmac\u00e9utico","og_description":"La fachada de la Casa Consistorial se iluminar\u00e1 de color verde ma\u00f1ana viernes para conmemorar ese D\u00eda Mundial del Farmac\u00e9utico","og_url":"https:\/\/www.laguiadepamplona.com\/actualidad\/el-ayuntamiento-de-pamplona-recibe-al-colegio-oficial-de-farmaceuticos-de-navarra-por-la-celebracion-el-proximo-sabado-del-dia-mundial-del-farmaceutico\/","og_site_name":"La Gu\u00eda de Pamplona","article_publisher":"https:\/\/www.facebook.com\/laguiadepamplonacom-133175176762273\/?ref=hl","article_published_time":"2021-09-23T11:12:51+00:00","article_modified_time":"2023-04-11T09:48:58+00:00","og_image":[{"width":1920,"height":1280,"url":"https:\/\/www.laguiadepamplona.com\/actualidad\/wp-content\/uploads\/2021\/09\/farmaciajgv3695-copia.jpg","type":"image\/jpeg"}],"author":"La Gu\u00eda de Pamplona","twitter_card":"summary_large_image","twitter_creator":"@LaGuiadPamplona","twitter_site":"@LaGuiadPamplona","twitter_misc":{"Escrito por":"La Gu\u00eda de Pamplona","Tiempo de lectura":"2 minutos"},"schema":{"@context":"https:\/\/schema.org","@graph":[{"@type":"Article","@id":"https:\/\/www.laguiadepamplona.com\/actualidad\/el-ayuntamiento-de-pamplona-recibe-al-colegio-oficial-de-farmaceuticos-de-navarra-por-la-celebracion-el-proximo-sabado-del-dia-mundial-del-farmaceutico\/#article","isPartOf":{"@id":"https:\/\/www.laguiadepamplona.com\/actualidad\/el-ayuntamiento-de-pamplona-recibe-al-colegio-oficial-de-farmaceuticos-de-navarra-por-la-celebracion-el-proximo-sabado-del-dia-mundial-del-farmaceutico\/"},"author":{"name":"La Gu\u00eda de Pamplona","@id":"https:\/\/www.laguiadepamplona.com\/actualidad\/#\/schema\/person\/efe887376f0213d4657c93adc50b1fdb"},"headline":"El Ayuntamiento de Pamplona recibe al Colegio Oficial de Farmac\u00e9uticos de Navarra por la celebraci\u00f3n el pr\u00f3ximo s\u00e1bado del D\u00eda Mundial del Farmac\u00e9utico","datePublished":"2021-09-23T11:12:51+00:00","dateModified":"2023-04-11T09:48:58+00:00","mainEntityOfPage":{"@id":"https:\/\/www.laguiadepamplona.com\/actualidad\/el-ayuntamiento-de-pamplona-recibe-al-colegio-oficial-de-farmaceuticos-de-navarra-por-la-celebracion-el-proximo-sabado-del-dia-mundial-del-farmaceutico\/"},"wordCount":515,"commentCount":0,"publisher":{"@id":"https:\/\/www.laguiadepamplona.com\/actualidad\/#organization"},"image":{"@id":"https:\/\/www.laguiadepamplona.com\/actualidad\/el-ayuntamiento-de-pamplona-recibe-al-colegio-oficial-de-farmaceuticos-de-navarra-por-la-celebracion-el-proximo-sabado-del-dia-mundial-del-farmaceutico\/#primaryimage"},"thumbnailUrl":"https:\/\/www.laguiadepamplona.com\/actualidad\/wp-content\/uploads\/2021\/09\/farmaciajgv3695-copia.jpg","articleSection":["Ayto Pamplona"],"inLanguage":"es","potentialAction":[{"@type":"CommentAction","name":"Comment","target":["https:\/\/www.laguiadepamplona.com\/actualidad\/el-ayuntamiento-de-pamplona-recibe-al-colegio-oficial-de-farmaceuticos-de-navarra-por-la-celebracion-el-proximo-sabado-del-dia-mundial-del-farmaceutico\/#respond"]}]},{"@type":"WebPage","@id":"https:\/\/www.laguiadepamplona.com\/actualidad\/el-ayuntamiento-de-pamplona-recibe-al-colegio-oficial-de-farmaceuticos-de-navarra-por-la-celebracion-el-proximo-sabado-del-dia-mundial-del-farmaceutico\/","url":"https:\/\/www.laguiadepamplona.com\/actualidad\/el-ayuntamiento-de-pamplona-recibe-al-colegio-oficial-de-farmaceuticos-de-navarra-por-la-celebracion-el-proximo-sabado-del-dia-mundial-del-farmaceutico\/","name":"El Ayuntamiento de Pamplona recibe al Colegio Oficial de Farmac\u00e9uticos de Navarra por la celebraci\u00f3n el pr\u00f3ximo s\u00e1bado del D\u00eda Mundial del Farmac\u00e9utico","isPartOf":{"@id":"https:\/\/www.laguiadepamplona.com\/actualidad\/#website"},"primaryImageOfPage":{"@id":"https:\/\/www.laguiadepamplona.com\/actualidad\/el-ayuntamiento-de-pamplona-recibe-al-colegio-oficial-de-farmaceuticos-de-navarra-por-la-celebracion-el-proximo-sabado-del-dia-mundial-del-farmaceutico\/#primaryimage"},"image":{"@id":"https:\/\/www.laguiadepamplona.com\/actualidad\/el-ayuntamiento-de-pamplona-recibe-al-colegio-oficial-de-farmaceuticos-de-navarra-por-la-celebracion-el-proximo-sabado-del-dia-mundial-del-farmaceutico\/#primaryimage"},"thumbnailUrl":"https:\/\/www.laguiadepamplona.com\/actualidad\/wp-content\/uploads\/2021\/09\/farmaciajgv3695-copia.jpg","datePublished":"2021-09-23T11:12:51+00:00","dateModified":"2023-04-11T09:48:58+00:00","description":"La fachada de la Casa Consistorial se iluminar\u00e1 de color verde ma\u00f1ana viernes para conmemorar ese D\u00eda Mundial del Farmac\u00e9utico","breadcrumb":{"@id":"https:\/\/www.laguiadepamplona.com\/actualidad\/el-ayuntamiento-de-pamplona-recibe-al-colegio-oficial-de-farmaceuticos-de-navarra-por-la-celebracion-el-proximo-sabado-del-dia-mundial-del-farmaceutico\/#breadcrumb"},"inLanguage":"es","potentialAction":[{"@type":"ReadAction","target":["https:\/\/www.laguiadepamplona.com\/actualidad\/el-ayuntamiento-de-pamplona-recibe-al-colegio-oficial-de-farmaceuticos-de-navarra-por-la-celebracion-el-proximo-sabado-del-dia-mundial-del-farmaceutico\/"]}]},{"@type":"ImageObject","inLanguage":"es","@id":"https:\/\/www.laguiadepamplona.com\/actualidad\/el-ayuntamiento-de-pamplona-recibe-al-colegio-oficial-de-farmaceuticos-de-navarra-por-la-celebracion-el-proximo-sabado-del-dia-mundial-del-farmaceutico\/#primaryimage","url":"https:\/\/www.laguiadepamplona.com\/actualidad\/wp-content\/uploads\/2021\/09\/farmaciajgv3695-copia.jpg","contentUrl":"https:\/\/www.laguiadepamplona.com\/actualidad\/wp-content\/uploads\/2021\/09\/farmaciajgv3695-copia.jpg","width":1920,"height":1280,"caption":"A* Jesus Garzaron F* 2021_09_23 T* Recepci\u00f3n al Colegio de Farmac\u00e9uticos L* Ayuntamiento"},{"@type":"BreadcrumbList","@id":"https:\/\/www.laguiadepamplona.com\/actualidad\/el-ayuntamiento-de-pamplona-recibe-al-colegio-oficial-de-farmaceuticos-de-navarra-por-la-celebracion-el-proximo-sabado-del-dia-mundial-del-farmaceutico\/#breadcrumb","itemListElement":[{"@type":"ListItem","position":1,"name":"Portada","item":"https:\/\/www.laguiadepamplona.com\/actualidad\/"},{"@type":"ListItem","position":2,"name":"El Ayuntamiento de Pamplona recibe al Colegio Oficial de Farmac\u00e9uticos de Navarra por la celebraci\u00f3n el pr\u00f3ximo s\u00e1bado del D\u00eda Mundial del Farmac\u00e9utico"}]},{"@type":"WebSite","@id":"https:\/\/www.laguiadepamplona.com\/actualidad\/#website","url":"https:\/\/www.laguiadepamplona.com\/actualidad\/","name":"La gu\u00eda de Pamplona","description":"Noticias de Pamplona","publisher":{"@id":"https:\/\/www.laguiadepamplona.com\/actualidad\/#organization"},"potentialAction":[{"@type":"SearchAction","target":{"@type":"EntryPoint","urlTemplate":"https:\/\/www.laguiadepamplona.com\/actualidad\/?s={search_term_string}"},"query-input":{"@type":"PropertyValueSpecification","valueRequired":true,"valueName":"search_term_string"}}],"inLanguage":"es"},{"@type":"Organization","@id":"https:\/\/www.laguiadepamplona.com\/actualidad\/#organization","name":"La Gu\u00eda de Pamplona \/ Noticias","url":"https:\/\/www.laguiadepamplona.com\/actualidad\/","logo":{"@type":"ImageObject","inLanguage":"es","@id":"https:\/\/www.laguiadepamplona.com\/actualidad\/#\/schema\/logo\/image\/","url":"https:\/\/www.laguiadepamplona.com\/actualidad\/wp-content\/uploads\/2018\/11\/logo-laguiadepamplona18-web1.png","contentUrl":"https:\/\/www.laguiadepamplona.com\/actualidad\/wp-content\/uploads\/2018\/11\/logo-laguiadepamplona18-web1.png","width":600,"height":196,"caption":"La Gu\u00eda de Pamplona \/ Noticias"},"image":{"@id":"https:\/\/www.laguiadepamplona.com\/actualidad\/#\/schema\/logo\/image\/"},"sameAs":["https:\/\/www.facebook.com\/laguiadepamplonacom-133175176762273\/?ref=hl","https:\/\/x.com\/LaGuiadPamplona","https:\/\/www.instagram.com\/la_guia_de_pamplona\/","https:\/\/www.youtube.com\/user\/laguiadepamplona"]},{"@type":"Person","@id":"https:\/\/www.laguiadepamplona.com\/actualidad\/#\/schema\/person\/efe887376f0213d4657c93adc50b1fdb","name":"La Gu\u00eda de Pamplona","image":{"@type":"ImageObject","inLanguage":"es","@id":"https:\/\/secure.gravatar.com\/avatar\/b6992f131dc8d30ab0dff15446e9d346d9dbd95992de0fef795073f5ea83a81c?s=96&d=mm&r=g","url":"https:\/\/secure.gravatar.com\/avatar\/b6992f131dc8d30ab0dff15446e9d346d9dbd95992de0fef795073f5ea83a81c?s=96&d=mm&r=g","contentUrl":"https:\/\/secure.gravatar.com\/avatar\/b6992f131dc8d30ab0dff15446e9d346d9dbd95992de0fef795073f5ea83a81c?s=96&d=mm&r=g","caption":"La Gu\u00eda de Pamplona"}}]}},"post_mailing_queue_ids":[],"_links":{"self":[{"href":"https:\/\/www.laguiadepamplona.com\/actualidad\/wp-json\/wp\/v2\/posts\/36623","targetHints":{"allow":["GET"]}}],"collection":[{"href":"https:\/\/www.laguiadepamplona.com\/actualidad\/wp-json\/wp\/v2\/posts"}],"about":[{"href":"https:\/\/www.laguiadepamplona.com\/actualidad\/wp-json\/wp\/v2\/types\/post"}],"author":[{"embeddable":true,"href":"https:\/\/www.laguiadepamplona.com\/actualidad\/wp-json\/wp\/v2\/users\/1"}],"replies":[{"embeddable":true,"href":"https:\/\/www.laguiadepamplona.com\/actualidad\/wp-json\/wp\/v2\/comments?post=36623"}],"version-history":[{"count":0,"href":"https:\/\/www.laguiadepamplona.com\/actualidad\/wp-json\/wp\/v2\/posts\/36623\/revisions"}],"wp:featuredmedia":[{"embeddable":true,"href":"https:\/\/www.laguiadepamplona.com\/actualidad\/wp-json\/wp\/v2\/media\/36624"}],"wp:attachment":[{"href":"https:\/\/www.laguiadepamplona.com\/actualidad\/wp-json\/wp\/v2\/media?parent=36623"}],"wp:term":[{"taxonomy":"category","embeddable":true,"href":"https:\/\/www.laguiadepamplona.com\/actualidad\/wp-json\/wp\/v2\/categories?post=36623"},{"taxonomy":"post_tag","embeddable":true,"href":"https:\/\/www.laguiadepamplona.com\/actualidad\/wp-json\/wp\/v2\/tags?post=36623"}],"curies":[{"name":"wp","href":"https:\/\/api.w.org\/{rel}","templated":true}]}}