{"id":36614,"date":"2021-09-23T13:06:40","date_gmt":"2021-09-23T11:06:40","guid":{"rendered":"https:\/\/www.laguiadepamplona.com\/actualidad\/?p=36614"},"modified":"2023-04-11T11:48:58","modified_gmt":"2023-04-11T09:48:58","slug":"el-27-de-septiembre-se-abren-inscripciones-para-los-jueves-y-viernes-ociosos-que-ofrecen-paseos-cine-baile-o-talleres-de-memoria-para-mayores-de-65-anos","status":"publish","type":"post","link":"https:\/\/www.laguiadepamplona.com\/actualidad\/el-27-de-septiembre-se-abren-inscripciones-para-los-jueves-y-viernes-ociosos-que-ofrecen-paseos-cine-baile-o-talleres-de-memoria-para-mayores-de-65-anos\/","title":{"rendered":"El 27 de septiembre se abren inscripciones para los \u2018Jueves y viernes ociosos\u2019 que ofrecen paseos, cine, baile o talleres de memoria para mayores de 65 a\u00f1os"},"content":{"rendered":"<h5>El objetivo es ofrecer propuestas para disfrutar y divertirse entre el 7 de octubre y el 12 de noviembre<\/h5>\n<p><!--more--><\/p>\n<p>El pr\u00f3ximo lunes, 27 de septiembre, el Ayuntamiento de Pamplona abrir\u00e1 las inscripciones para los \u2018Jueves y viernes ociosos\u2019 que ofrecen propuestas para disfrutar y divertirse a personas mayores de 65 a\u00f1os entre el 7 de octubre y el 12 de noviembre. Entre las actividades hay un amplio abanico de ideas, desde paseos culturales o medioambientales a cine y baile pasando por talleres de memoria, sesiones de ejercicio f\u00edsico suave con movilidad articular o una charla sobre ahorro energ\u00e9tico, en la que se entregar\u00e1 un kit de ahorro por hogar.<\/p>\n<p>Se trata de llevar a cabo actividades que estimulen la realizaci\u00f3n de actividad f\u00edsica con visitas a distintos lugares de la ciudad y que a su vez sirvan de encuentro y forma de relacionarse. Tambi\u00e9n, que fomenten la estimulaci\u00f3n cognitiva al contar las actividades con tiempo para el encuentro sobre temas que pueden ser de inter\u00e9s para las personas mayores.<\/p>\n<p>Los jueves el horario de las actividades es de 11.15 a 12.45 horas y los viernes de 10 a 11.30 horas. Tendr\u00e1n lugar en el espacio municipal Plazar\u00e1!, ubicado en la calle Mayor, 31. El programa cuenta con colaboraci\u00f3n del Gobierno de Navarra y las sesiones las imparte Cruz Roja.<\/p>\n<p><script async src=\"\/\/pagead2.googlesyndication.com\/pagead\/js\/adsbygoogle.js\"><\/script><br \/>\n<!-- Noticias La Guia de Pamplona --><br \/>\n<ins class=\"adsbygoogle\"\nstyle=\"display:block\"\ndata-ad-client=\"ca-pub-6943679897239327\"\ndata-ad-slot=\"7048180777\"\ndata-ad-format=\"auto\"><\/ins><br \/>\n<script>\n(adsbygoogle = window.adsbygoogle || []).push({});\n<\/script><\/p>\n<p><strong>Inscripciones en el tel\u00e9fono 010 o 948420100<\/strong><\/p>\n<p>Las inscripciones se realizan a trav\u00e9s del Tel\u00e9fono de Atenci\u00f3n Ciudadana 010 o 948420100. Las plazas se adjudicar\u00e1n por orden de llamada con prioridad para las personas empadronadas en Pamplona. Existe la opci\u00f3n de apuntarse a una o varias sesiones, y el precio de cada una es de 2,5 euros. Quien lo necesite puede solicitar acompa\u00f1amiento para los desplazamientos.<\/p>\n<p>De esta manera se alcanza la tercera edici\u00f3n de un programa que puso en marcha el Consistorio pamplon\u00e9s la pasada primavera ofreciendo actividades \u00fanicamente los viernes. Ante la demanda recibida se ampli\u00f3 a los jueves tambi\u00e9n para poder aumentar el n\u00famero de personas participantes.<\/p>\n<p><script async src=\"\/\/pagead2.googlesyndication.com\/pagead\/js\/adsbygoogle.js\"><\/script><br \/>\n<!-- Noticias La Guia de Pamplona --><br \/>\n<ins class=\"adsbygoogle\"\nstyle=\"display:block\"\ndata-ad-client=\"ca-pub-6943679897239327\"\ndata-ad-slot=\"7048180777\"\ndata-ad-format=\"auto\"><\/ins><br \/>\n<script>\n(adsbygoogle = window.adsbygoogle || []).push({});\n<\/script><\/p>\n<p><strong>Prevenir el deterioro f\u00edsico, social y cognitivo cconstruyendo un espacio de encuentro<\/strong><\/p>\n<p>El objetivo general de este programa de envejecimiento activo es la promoci\u00f3n de la autonom\u00eda de las personas mayores de Pamplona y la prevenci\u00f3n de su dependencia, organizando para ellas actividades que resulten de su inter\u00e9s, que les motiven y activen, y fomenten su bienestar. Asimismo, persigue la prevenci\u00f3n del aislamiento y soledad de las personas mayores, fomentando el ocio y las relaciones entre iguales, v\u00ednculos que podr\u00e1n continuar m\u00e1s all\u00e1 del programa.<\/p>\n<p>El espacio de participaci\u00f3n grupal activa busca ayudar a mejorar las relaciones, a compartir la experiencia personal del proceso de envejecimiento y a incorporar a su d\u00eda a d\u00eda h\u00e1bitos de actividad f\u00edsica y de estimulaci\u00f3n cognitiva mejorando as\u00ed la calidad de vida de las personas mayores de 65 a\u00f1os.<\/p>\n<p><script async src=\"\/\/pagead2.googlesyndication.com\/pagead\/js\/adsbygoogle.js\"><\/script><br \/>\n<!-- Noticias La Guia de Pamplona --><br \/>\n<ins class=\"adsbygoogle\"\nstyle=\"display:block\"\ndata-ad-client=\"ca-pub-6943679897239327\"\ndata-ad-slot=\"7048180777\"\ndata-ad-format=\"auto\"><\/ins><br \/>\n<script>\n(adsbygoogle = window.adsbygoogle || []).push({});\n<\/script><\/p>\n<p>&nbsp;<\/p>\n<h3>Jueves y viernes ociosos. Inscripciones tel\u00e9fono 010<\/h3>\n<ul>\n<li>7 de octubre. Taller de memoria<\/li>\n<li>8 de octubre. Paseo cultural: Casco Antiguo de Pamplona<\/li>\n<li>14 de octubre. Risoterapia<\/li>\n<li>15 de octubre. Ejercicio f\u00edsico (movilidad articular)<\/li>\n<li>21 de octubre. Baile<\/li>\n<li>22 de octubre. La literatura a trav\u00e9s del cine<\/li>\n<li>28 de octubre. Talle de memoria<\/li>\n<li>29 de octubre. Paseo cultural. Paseo del Arga y huertas de Aranzadi<\/li>\n<li>4 de noviembre. Baile<\/li>\n<li>5 de noviembre. Cine cl\u00e1sico<\/li>\n<li>11 de noviembre. Ahorro energ\u00e9tico<\/li>\n<li>12 de noviembre. Ejercicio f\u00edsico (movilidad articular)<\/li>\n<\/ul>\n","protected":false},"excerpt":{"rendered":"<p>El objetivo es ofrecer propuestas para disfrutar y divertirse entre el 7 de octubre y el 12 de noviembre<\/p>\n","protected":false},"author":1,"featured_media":36615,"comment_status":"open","ping_status":"closed","sticky":false,"template":"","format":"standard","meta":{"footnotes":""},"categories":[2],"tags":[],"class_list":["post-36614","post","type-post","status-publish","format-standard","has-post-thumbnail","hentry","category-ayuntamiento-pamplona"],"yoast_head":"<!-- This site is optimized with the Yoast SEO plugin v27.5 - https:\/\/yoast.com\/product\/yoast-seo-wordpress\/ -->\n<title>El 27 de septiembre se abren inscripciones para los \u2018Jueves y viernes ociosos\u2019 que ofrecen paseos, cine, baile o talleres de memoria para mayores de 65 a\u00f1os<\/title>\n<meta name=\"description\" content=\"El objetivo es ofrecer propuestas para disfrutar y divertirse entre el 7 de octubre y el 12 de noviembre\" \/>\n<meta name=\"robots\" content=\"index, follow, max-snippet:-1, max-image-preview:large, max-video-preview:-1\" \/>\n<link rel=\"canonical\" href=\"https:\/\/www.laguiadepamplona.com\/actualidad\/el-27-de-septiembre-se-abren-inscripciones-para-los-jueves-y-viernes-ociosos-que-ofrecen-paseos-cine-baile-o-talleres-de-memoria-para-mayores-de-65-anos\/\" \/>\n<meta property=\"og:locale\" content=\"es_ES\" \/>\n<meta property=\"og:type\" content=\"article\" \/>\n<meta property=\"og:title\" content=\"El 27 de septiembre se abren inscripciones para los \u2018Jueves y viernes ociosos\u2019 que ofrecen paseos, cine, baile o talleres de memoria para mayores de 65 a\u00f1os\" \/>\n<meta property=\"og:description\" content=\"El objetivo es ofrecer propuestas para disfrutar y divertirse entre el 7 de octubre y el 12 de noviembre\" \/>\n<meta property=\"og:url\" content=\"https:\/\/www.laguiadepamplona.com\/actualidad\/el-27-de-septiembre-se-abren-inscripciones-para-los-jueves-y-viernes-ociosos-que-ofrecen-paseos-cine-baile-o-talleres-de-memoria-para-mayores-de-65-anos\/\" \/>\n<meta property=\"og:site_name\" content=\"La Gu\u00eda de Pamplona\" \/>\n<meta property=\"article:publisher\" content=\"https:\/\/www.facebook.com\/laguiadepamplonacom-133175176762273\/?ref=hl\" \/>\n<meta property=\"article:published_time\" content=\"2021-09-23T11:06:40+00:00\" \/>\n<meta property=\"article:modified_time\" content=\"2023-04-11T09:48:58+00:00\" \/>\n<meta property=\"og:image\" content=\"https:\/\/www.laguiadepamplona.com\/actualidad\/wp-content\/uploads\/2021\/09\/programaociosos.png\" \/>\n\t<meta property=\"og:image:width\" content=\"1259\" \/>\n\t<meta property=\"og:image:height\" content=\"895\" \/>\n\t<meta property=\"og:image:type\" content=\"image\/png\" \/>\n<meta name=\"author\" content=\"La Gu\u00eda de Pamplona\" \/>\n<meta name=\"twitter:card\" content=\"summary_large_image\" \/>\n<meta name=\"twitter:creator\" content=\"@LaGuiadPamplona\" \/>\n<meta name=\"twitter:site\" content=\"@LaGuiadPamplona\" \/>\n<meta name=\"twitter:label1\" content=\"Escrito por\" \/>\n\t<meta name=\"twitter:data1\" content=\"La Gu\u00eda de Pamplona\" \/>\n\t<meta name=\"twitter:label2\" content=\"Tiempo de lectura\" \/>\n\t<meta name=\"twitter:data2\" content=\"3 minutos\" \/>\n<script type=\"application\/ld+json\" class=\"yoast-schema-graph\">{\"@context\":\"https:\\\/\\\/schema.org\",\"@graph\":[{\"@type\":\"Article\",\"@id\":\"https:\\\/\\\/www.laguiadepamplona.com\\\/actualidad\\\/el-27-de-septiembre-se-abren-inscripciones-para-los-jueves-y-viernes-ociosos-que-ofrecen-paseos-cine-baile-o-talleres-de-memoria-para-mayores-de-65-anos\\\/#article\",\"isPartOf\":{\"@id\":\"https:\\\/\\\/www.laguiadepamplona.com\\\/actualidad\\\/el-27-de-septiembre-se-abren-inscripciones-para-los-jueves-y-viernes-ociosos-que-ofrecen-paseos-cine-baile-o-talleres-de-memoria-para-mayores-de-65-anos\\\/\"},\"author\":{\"name\":\"La Gu\u00eda de Pamplona\",\"@id\":\"https:\\\/\\\/www.laguiadepamplona.com\\\/actualidad\\\/#\\\/schema\\\/person\\\/efe887376f0213d4657c93adc50b1fdb\"},\"headline\":\"El 27 de septiembre se abren inscripciones para los \u2018Jueves y viernes ociosos\u2019 que ofrecen paseos, cine, baile o talleres de memoria para mayores de 65 a\u00f1os\",\"datePublished\":\"2021-09-23T11:06:40+00:00\",\"dateModified\":\"2023-04-11T09:48:58+00:00\",\"mainEntityOfPage\":{\"@id\":\"https:\\\/\\\/www.laguiadepamplona.com\\\/actualidad\\\/el-27-de-septiembre-se-abren-inscripciones-para-los-jueves-y-viernes-ociosos-que-ofrecen-paseos-cine-baile-o-talleres-de-memoria-para-mayores-de-65-anos\\\/\"},\"wordCount\":590,\"commentCount\":0,\"publisher\":{\"@id\":\"https:\\\/\\\/www.laguiadepamplona.com\\\/actualidad\\\/#organization\"},\"image\":{\"@id\":\"https:\\\/\\\/www.laguiadepamplona.com\\\/actualidad\\\/el-27-de-septiembre-se-abren-inscripciones-para-los-jueves-y-viernes-ociosos-que-ofrecen-paseos-cine-baile-o-talleres-de-memoria-para-mayores-de-65-anos\\\/#primaryimage\"},\"thumbnailUrl\":\"https:\\\/\\\/www.laguiadepamplona.com\\\/actualidad\\\/wp-content\\\/uploads\\\/2021\\\/09\\\/programaociosos.png\",\"articleSection\":[\"Ayto Pamplona\"],\"inLanguage\":\"es\",\"potentialAction\":[{\"@type\":\"CommentAction\",\"name\":\"Comment\",\"target\":[\"https:\\\/\\\/www.laguiadepamplona.com\\\/actualidad\\\/el-27-de-septiembre-se-abren-inscripciones-para-los-jueves-y-viernes-ociosos-que-ofrecen-paseos-cine-baile-o-talleres-de-memoria-para-mayores-de-65-anos\\\/#respond\"]}]},{\"@type\":\"WebPage\",\"@id\":\"https:\\\/\\\/www.laguiadepamplona.com\\\/actualidad\\\/el-27-de-septiembre-se-abren-inscripciones-para-los-jueves-y-viernes-ociosos-que-ofrecen-paseos-cine-baile-o-talleres-de-memoria-para-mayores-de-65-anos\\\/\",\"url\":\"https:\\\/\\\/www.laguiadepamplona.com\\\/actualidad\\\/el-27-de-septiembre-se-abren-inscripciones-para-los-jueves-y-viernes-ociosos-que-ofrecen-paseos-cine-baile-o-talleres-de-memoria-para-mayores-de-65-anos\\\/\",\"name\":\"El 27 de septiembre se abren inscripciones para los \u2018Jueves y viernes ociosos\u2019 que ofrecen paseos, cine, baile o talleres de memoria para mayores de 65 a\u00f1os\",\"isPartOf\":{\"@id\":\"https:\\\/\\\/www.laguiadepamplona.com\\\/actualidad\\\/#website\"},\"primaryImageOfPage\":{\"@id\":\"https:\\\/\\\/www.laguiadepamplona.com\\\/actualidad\\\/el-27-de-septiembre-se-abren-inscripciones-para-los-jueves-y-viernes-ociosos-que-ofrecen-paseos-cine-baile-o-talleres-de-memoria-para-mayores-de-65-anos\\\/#primaryimage\"},\"image\":{\"@id\":\"https:\\\/\\\/www.laguiadepamplona.com\\\/actualidad\\\/el-27-de-septiembre-se-abren-inscripciones-para-los-jueves-y-viernes-ociosos-que-ofrecen-paseos-cine-baile-o-talleres-de-memoria-para-mayores-de-65-anos\\\/#primaryimage\"},\"thumbnailUrl\":\"https:\\\/\\\/www.laguiadepamplona.com\\\/actualidad\\\/wp-content\\\/uploads\\\/2021\\\/09\\\/programaociosos.png\",\"datePublished\":\"2021-09-23T11:06:40+00:00\",\"dateModified\":\"2023-04-11T09:48:58+00:00\",\"description\":\"El objetivo es ofrecer propuestas para disfrutar y divertirse entre el 7 de octubre y el 12 de noviembre\",\"breadcrumb\":{\"@id\":\"https:\\\/\\\/www.laguiadepamplona.com\\\/actualidad\\\/el-27-de-septiembre-se-abren-inscripciones-para-los-jueves-y-viernes-ociosos-que-ofrecen-paseos-cine-baile-o-talleres-de-memoria-para-mayores-de-65-anos\\\/#breadcrumb\"},\"inLanguage\":\"es\",\"potentialAction\":[{\"@type\":\"ReadAction\",\"target\":[\"https:\\\/\\\/www.laguiadepamplona.com\\\/actualidad\\\/el-27-de-septiembre-se-abren-inscripciones-para-los-jueves-y-viernes-ociosos-que-ofrecen-paseos-cine-baile-o-talleres-de-memoria-para-mayores-de-65-anos\\\/\"]}]},{\"@type\":\"ImageObject\",\"inLanguage\":\"es\",\"@id\":\"https:\\\/\\\/www.laguiadepamplona.com\\\/actualidad\\\/el-27-de-septiembre-se-abren-inscripciones-para-los-jueves-y-viernes-ociosos-que-ofrecen-paseos-cine-baile-o-talleres-de-memoria-para-mayores-de-65-anos\\\/#primaryimage\",\"url\":\"https:\\\/\\\/www.laguiadepamplona.com\\\/actualidad\\\/wp-content\\\/uploads\\\/2021\\\/09\\\/programaociosos.png\",\"contentUrl\":\"https:\\\/\\\/www.laguiadepamplona.com\\\/actualidad\\\/wp-content\\\/uploads\\\/2021\\\/09\\\/programaociosos.png\",\"width\":1259,\"height\":895},{\"@type\":\"BreadcrumbList\",\"@id\":\"https:\\\/\\\/www.laguiadepamplona.com\\\/actualidad\\\/el-27-de-septiembre-se-abren-inscripciones-para-los-jueves-y-viernes-ociosos-que-ofrecen-paseos-cine-baile-o-talleres-de-memoria-para-mayores-de-65-anos\\\/#breadcrumb\",\"itemListElement\":[{\"@type\":\"ListItem\",\"position\":1,\"name\":\"Portada\",\"item\":\"https:\\\/\\\/www.laguiadepamplona.com\\\/actualidad\\\/\"},{\"@type\":\"ListItem\",\"position\":2,\"name\":\"El 27 de septiembre se abren inscripciones para los \u2018Jueves y viernes ociosos\u2019 que ofrecen paseos, cine, baile o talleres de memoria para mayores de 65 a\u00f1os\"}]},{\"@type\":\"WebSite\",\"@id\":\"https:\\\/\\\/www.laguiadepamplona.com\\\/actualidad\\\/#website\",\"url\":\"https:\\\/\\\/www.laguiadepamplona.com\\\/actualidad\\\/\",\"name\":\"La gu\u00eda de Pamplona\",\"description\":\"Noticias de Pamplona\",\"publisher\":{\"@id\":\"https:\\\/\\\/www.laguiadepamplona.com\\\/actualidad\\\/#organization\"},\"potentialAction\":[{\"@type\":\"SearchAction\",\"target\":{\"@type\":\"EntryPoint\",\"urlTemplate\":\"https:\\\/\\\/www.laguiadepamplona.com\\\/actualidad\\\/?s={search_term_string}\"},\"query-input\":{\"@type\":\"PropertyValueSpecification\",\"valueRequired\":true,\"valueName\":\"search_term_string\"}}],\"inLanguage\":\"es\"},{\"@type\":\"Organization\",\"@id\":\"https:\\\/\\\/www.laguiadepamplona.com\\\/actualidad\\\/#organization\",\"name\":\"La Gu\u00eda de Pamplona \\\/ Noticias\",\"url\":\"https:\\\/\\\/www.laguiadepamplona.com\\\/actualidad\\\/\",\"logo\":{\"@type\":\"ImageObject\",\"inLanguage\":\"es\",\"@id\":\"https:\\\/\\\/www.laguiadepamplona.com\\\/actualidad\\\/#\\\/schema\\\/logo\\\/image\\\/\",\"url\":\"https:\\\/\\\/www.laguiadepamplona.com\\\/actualidad\\\/wp-content\\\/uploads\\\/2018\\\/11\\\/logo-laguiadepamplona18-web1.png\",\"contentUrl\":\"https:\\\/\\\/www.laguiadepamplona.com\\\/actualidad\\\/wp-content\\\/uploads\\\/2018\\\/11\\\/logo-laguiadepamplona18-web1.png\",\"width\":600,\"height\":196,\"caption\":\"La Gu\u00eda de Pamplona \\\/ Noticias\"},\"image\":{\"@id\":\"https:\\\/\\\/www.laguiadepamplona.com\\\/actualidad\\\/#\\\/schema\\\/logo\\\/image\\\/\"},\"sameAs\":[\"https:\\\/\\\/www.facebook.com\\\/laguiadepamplonacom-133175176762273\\\/?ref=hl\",\"https:\\\/\\\/x.com\\\/LaGuiadPamplona\",\"https:\\\/\\\/www.instagram.com\\\/la_guia_de_pamplona\\\/\",\"https:\\\/\\\/www.youtube.com\\\/user\\\/laguiadepamplona\"]},{\"@type\":\"Person\",\"@id\":\"https:\\\/\\\/www.laguiadepamplona.com\\\/actualidad\\\/#\\\/schema\\\/person\\\/efe887376f0213d4657c93adc50b1fdb\",\"name\":\"La Gu\u00eda de Pamplona\",\"image\":{\"@type\":\"ImageObject\",\"inLanguage\":\"es\",\"@id\":\"https:\\\/\\\/secure.gravatar.com\\\/avatar\\\/b6992f131dc8d30ab0dff15446e9d346d9dbd95992de0fef795073f5ea83a81c?s=96&d=mm&r=g\",\"url\":\"https:\\\/\\\/secure.gravatar.com\\\/avatar\\\/b6992f131dc8d30ab0dff15446e9d346d9dbd95992de0fef795073f5ea83a81c?s=96&d=mm&r=g\",\"contentUrl\":\"https:\\\/\\\/secure.gravatar.com\\\/avatar\\\/b6992f131dc8d30ab0dff15446e9d346d9dbd95992de0fef795073f5ea83a81c?s=96&d=mm&r=g\",\"caption\":\"La Gu\u00eda de Pamplona\"}}]}<\/script>\n<!-- \/ Yoast SEO plugin. -->","yoast_head_json":{"title":"El 27 de septiembre se abren inscripciones para los \u2018Jueves y viernes ociosos\u2019 que ofrecen paseos, cine, baile o talleres de memoria para mayores de 65 a\u00f1os","description":"El objetivo es ofrecer propuestas para disfrutar y divertirse entre el 7 de octubre y el 12 de noviembre","robots":{"index":"index","follow":"follow","max-snippet":"max-snippet:-1","max-image-preview":"max-image-preview:large","max-video-preview":"max-video-preview:-1"},"canonical":"https:\/\/www.laguiadepamplona.com\/actualidad\/el-27-de-septiembre-se-abren-inscripciones-para-los-jueves-y-viernes-ociosos-que-ofrecen-paseos-cine-baile-o-talleres-de-memoria-para-mayores-de-65-anos\/","og_locale":"es_ES","og_type":"article","og_title":"El 27 de septiembre se abren inscripciones para los \u2018Jueves y viernes ociosos\u2019 que ofrecen paseos, cine, baile o talleres de memoria para mayores de 65 a\u00f1os","og_description":"El objetivo es ofrecer propuestas para disfrutar y divertirse entre el 7 de octubre y el 12 de noviembre","og_url":"https:\/\/www.laguiadepamplona.com\/actualidad\/el-27-de-septiembre-se-abren-inscripciones-para-los-jueves-y-viernes-ociosos-que-ofrecen-paseos-cine-baile-o-talleres-de-memoria-para-mayores-de-65-anos\/","og_site_name":"La Gu\u00eda de Pamplona","article_publisher":"https:\/\/www.facebook.com\/laguiadepamplonacom-133175176762273\/?ref=hl","article_published_time":"2021-09-23T11:06:40+00:00","article_modified_time":"2023-04-11T09:48:58+00:00","og_image":[{"width":1259,"height":895,"url":"https:\/\/www.laguiadepamplona.com\/actualidad\/wp-content\/uploads\/2021\/09\/programaociosos.png","type":"image\/png"}],"author":"La Gu\u00eda de Pamplona","twitter_card":"summary_large_image","twitter_creator":"@LaGuiadPamplona","twitter_site":"@LaGuiadPamplona","twitter_misc":{"Escrito por":"La Gu\u00eda de Pamplona","Tiempo de lectura":"3 minutos"},"schema":{"@context":"https:\/\/schema.org","@graph":[{"@type":"Article","@id":"https:\/\/www.laguiadepamplona.com\/actualidad\/el-27-de-septiembre-se-abren-inscripciones-para-los-jueves-y-viernes-ociosos-que-ofrecen-paseos-cine-baile-o-talleres-de-memoria-para-mayores-de-65-anos\/#article","isPartOf":{"@id":"https:\/\/www.laguiadepamplona.com\/actualidad\/el-27-de-septiembre-se-abren-inscripciones-para-los-jueves-y-viernes-ociosos-que-ofrecen-paseos-cine-baile-o-talleres-de-memoria-para-mayores-de-65-anos\/"},"author":{"name":"La Gu\u00eda de Pamplona","@id":"https:\/\/www.laguiadepamplona.com\/actualidad\/#\/schema\/person\/efe887376f0213d4657c93adc50b1fdb"},"headline":"El 27 de septiembre se abren inscripciones para los \u2018Jueves y viernes ociosos\u2019 que ofrecen paseos, cine, baile o talleres de memoria para mayores de 65 a\u00f1os","datePublished":"2021-09-23T11:06:40+00:00","dateModified":"2023-04-11T09:48:58+00:00","mainEntityOfPage":{"@id":"https:\/\/www.laguiadepamplona.com\/actualidad\/el-27-de-septiembre-se-abren-inscripciones-para-los-jueves-y-viernes-ociosos-que-ofrecen-paseos-cine-baile-o-talleres-de-memoria-para-mayores-de-65-anos\/"},"wordCount":590,"commentCount":0,"publisher":{"@id":"https:\/\/www.laguiadepamplona.com\/actualidad\/#organization"},"image":{"@id":"https:\/\/www.laguiadepamplona.com\/actualidad\/el-27-de-septiembre-se-abren-inscripciones-para-los-jueves-y-viernes-ociosos-que-ofrecen-paseos-cine-baile-o-talleres-de-memoria-para-mayores-de-65-anos\/#primaryimage"},"thumbnailUrl":"https:\/\/www.laguiadepamplona.com\/actualidad\/wp-content\/uploads\/2021\/09\/programaociosos.png","articleSection":["Ayto Pamplona"],"inLanguage":"es","potentialAction":[{"@type":"CommentAction","name":"Comment","target":["https:\/\/www.laguiadepamplona.com\/actualidad\/el-27-de-septiembre-se-abren-inscripciones-para-los-jueves-y-viernes-ociosos-que-ofrecen-paseos-cine-baile-o-talleres-de-memoria-para-mayores-de-65-anos\/#respond"]}]},{"@type":"WebPage","@id":"https:\/\/www.laguiadepamplona.com\/actualidad\/el-27-de-septiembre-se-abren-inscripciones-para-los-jueves-y-viernes-ociosos-que-ofrecen-paseos-cine-baile-o-talleres-de-memoria-para-mayores-de-65-anos\/","url":"https:\/\/www.laguiadepamplona.com\/actualidad\/el-27-de-septiembre-se-abren-inscripciones-para-los-jueves-y-viernes-ociosos-que-ofrecen-paseos-cine-baile-o-talleres-de-memoria-para-mayores-de-65-anos\/","name":"El 27 de septiembre se abren inscripciones para los \u2018Jueves y viernes ociosos\u2019 que ofrecen paseos, cine, baile o talleres de memoria para mayores de 65 a\u00f1os","isPartOf":{"@id":"https:\/\/www.laguiadepamplona.com\/actualidad\/#website"},"primaryImageOfPage":{"@id":"https:\/\/www.laguiadepamplona.com\/actualidad\/el-27-de-septiembre-se-abren-inscripciones-para-los-jueves-y-viernes-ociosos-que-ofrecen-paseos-cine-baile-o-talleres-de-memoria-para-mayores-de-65-anos\/#primaryimage"},"image":{"@id":"https:\/\/www.laguiadepamplona.com\/actualidad\/el-27-de-septiembre-se-abren-inscripciones-para-los-jueves-y-viernes-ociosos-que-ofrecen-paseos-cine-baile-o-talleres-de-memoria-para-mayores-de-65-anos\/#primaryimage"},"thumbnailUrl":"https:\/\/www.laguiadepamplona.com\/actualidad\/wp-content\/uploads\/2021\/09\/programaociosos.png","datePublished":"2021-09-23T11:06:40+00:00","dateModified":"2023-04-11T09:48:58+00:00","description":"El objetivo es ofrecer propuestas para disfrutar y divertirse entre el 7 de octubre y el 12 de noviembre","breadcrumb":{"@id":"https:\/\/www.laguiadepamplona.com\/actualidad\/el-27-de-septiembre-se-abren-inscripciones-para-los-jueves-y-viernes-ociosos-que-ofrecen-paseos-cine-baile-o-talleres-de-memoria-para-mayores-de-65-anos\/#breadcrumb"},"inLanguage":"es","potentialAction":[{"@type":"ReadAction","target":["https:\/\/www.laguiadepamplona.com\/actualidad\/el-27-de-septiembre-se-abren-inscripciones-para-los-jueves-y-viernes-ociosos-que-ofrecen-paseos-cine-baile-o-talleres-de-memoria-para-mayores-de-65-anos\/"]}]},{"@type":"ImageObject","inLanguage":"es","@id":"https:\/\/www.laguiadepamplona.com\/actualidad\/el-27-de-septiembre-se-abren-inscripciones-para-los-jueves-y-viernes-ociosos-que-ofrecen-paseos-cine-baile-o-talleres-de-memoria-para-mayores-de-65-anos\/#primaryimage","url":"https:\/\/www.laguiadepamplona.com\/actualidad\/wp-content\/uploads\/2021\/09\/programaociosos.png","contentUrl":"https:\/\/www.laguiadepamplona.com\/actualidad\/wp-content\/uploads\/2021\/09\/programaociosos.png","width":1259,"height":895},{"@type":"BreadcrumbList","@id":"https:\/\/www.laguiadepamplona.com\/actualidad\/el-27-de-septiembre-se-abren-inscripciones-para-los-jueves-y-viernes-ociosos-que-ofrecen-paseos-cine-baile-o-talleres-de-memoria-para-mayores-de-65-anos\/#breadcrumb","itemListElement":[{"@type":"ListItem","position":1,"name":"Portada","item":"https:\/\/www.laguiadepamplona.com\/actualidad\/"},{"@type":"ListItem","position":2,"name":"El 27 de septiembre se abren inscripciones para los \u2018Jueves y viernes ociosos\u2019 que ofrecen paseos, cine, baile o talleres de memoria para mayores de 65 a\u00f1os"}]},{"@type":"WebSite","@id":"https:\/\/www.laguiadepamplona.com\/actualidad\/#website","url":"https:\/\/www.laguiadepamplona.com\/actualidad\/","name":"La gu\u00eda de Pamplona","description":"Noticias de Pamplona","publisher":{"@id":"https:\/\/www.laguiadepamplona.com\/actualidad\/#organization"},"potentialAction":[{"@type":"SearchAction","target":{"@type":"EntryPoint","urlTemplate":"https:\/\/www.laguiadepamplona.com\/actualidad\/?s={search_term_string}"},"query-input":{"@type":"PropertyValueSpecification","valueRequired":true,"valueName":"search_term_string"}}],"inLanguage":"es"},{"@type":"Organization","@id":"https:\/\/www.laguiadepamplona.com\/actualidad\/#organization","name":"La Gu\u00eda de Pamplona \/ Noticias","url":"https:\/\/www.laguiadepamplona.com\/actualidad\/","logo":{"@type":"ImageObject","inLanguage":"es","@id":"https:\/\/www.laguiadepamplona.com\/actualidad\/#\/schema\/logo\/image\/","url":"https:\/\/www.laguiadepamplona.com\/actualidad\/wp-content\/uploads\/2018\/11\/logo-laguiadepamplona18-web1.png","contentUrl":"https:\/\/www.laguiadepamplona.com\/actualidad\/wp-content\/uploads\/2018\/11\/logo-laguiadepamplona18-web1.png","width":600,"height":196,"caption":"La Gu\u00eda de Pamplona \/ Noticias"},"image":{"@id":"https:\/\/www.laguiadepamplona.com\/actualidad\/#\/schema\/logo\/image\/"},"sameAs":["https:\/\/www.facebook.com\/laguiadepamplonacom-133175176762273\/?ref=hl","https:\/\/x.com\/LaGuiadPamplona","https:\/\/www.instagram.com\/la_guia_de_pamplona\/","https:\/\/www.youtube.com\/user\/laguiadepamplona"]},{"@type":"Person","@id":"https:\/\/www.laguiadepamplona.com\/actualidad\/#\/schema\/person\/efe887376f0213d4657c93adc50b1fdb","name":"La Gu\u00eda de Pamplona","image":{"@type":"ImageObject","inLanguage":"es","@id":"https:\/\/secure.gravatar.com\/avatar\/b6992f131dc8d30ab0dff15446e9d346d9dbd95992de0fef795073f5ea83a81c?s=96&d=mm&r=g","url":"https:\/\/secure.gravatar.com\/avatar\/b6992f131dc8d30ab0dff15446e9d346d9dbd95992de0fef795073f5ea83a81c?s=96&d=mm&r=g","contentUrl":"https:\/\/secure.gravatar.com\/avatar\/b6992f131dc8d30ab0dff15446e9d346d9dbd95992de0fef795073f5ea83a81c?s=96&d=mm&r=g","caption":"La Gu\u00eda de Pamplona"}}]}},"post_mailing_queue_ids":[],"_links":{"self":[{"href":"https:\/\/www.laguiadepamplona.com\/actualidad\/wp-json\/wp\/v2\/posts\/36614","targetHints":{"allow":["GET"]}}],"collection":[{"href":"https:\/\/www.laguiadepamplona.com\/actualidad\/wp-json\/wp\/v2\/posts"}],"about":[{"href":"https:\/\/www.laguiadepamplona.com\/actualidad\/wp-json\/wp\/v2\/types\/post"}],"author":[{"embeddable":true,"href":"https:\/\/www.laguiadepamplona.com\/actualidad\/wp-json\/wp\/v2\/users\/1"}],"replies":[{"embeddable":true,"href":"https:\/\/www.laguiadepamplona.com\/actualidad\/wp-json\/wp\/v2\/comments?post=36614"}],"version-history":[{"count":0,"href":"https:\/\/www.laguiadepamplona.com\/actualidad\/wp-json\/wp\/v2\/posts\/36614\/revisions"}],"wp:featuredmedia":[{"embeddable":true,"href":"https:\/\/www.laguiadepamplona.com\/actualidad\/wp-json\/wp\/v2\/media\/36615"}],"wp:attachment":[{"href":"https:\/\/www.laguiadepamplona.com\/actualidad\/wp-json\/wp\/v2\/media?parent=36614"}],"wp:term":[{"taxonomy":"category","embeddable":true,"href":"https:\/\/www.laguiadepamplona.com\/actualidad\/wp-json\/wp\/v2\/categories?post=36614"},{"taxonomy":"post_tag","embeddable":true,"href":"https:\/\/www.laguiadepamplona.com\/actualidad\/wp-json\/wp\/v2\/tags?post=36614"}],"curies":[{"name":"wp","href":"https:\/\/api.w.org\/{rel}","templated":true}]}}