{"id":3659,"date":"2014-10-31T19:02:39","date_gmt":"2014-10-31T17:02:39","guid":{"rendered":"http:\/\/laguiadepamplona.com\/actualidad\/?p=3659"},"modified":"2014-10-31T19:02:39","modified_gmt":"2014-10-31T17:02:39","slug":"la-casa-de-la-juventud-acoge-el-martes-una-charla-sobre-la-situacion-de-la-mujer-en-la-india","status":"publish","type":"post","link":"https:\/\/www.laguiadepamplona.com\/actualidad\/la-casa-de-la-juventud-acoge-el-martes-una-charla-sobre-la-situacion-de-la-mujer-en-la-india\/","title":{"rendered":"La Casa de la Juventud acoge el martes una charla sobre la situaci\u00f3n de la mujer en la India"},"content":{"rendered":"<h4>La conferencia la impartir\u00e1 Jacinta Canisbhai de Assumpta Society, entidad que trabaja en formaci\u00f3n y capacitaci\u00f3n de mujeres en Gujerat<\/h4>\n<p><a href=\"http:\/\/laguiadepamplona.com\/actualidad\/wp-content\/uploads\/2014\/06\/casajuventud-pamplona.jpg\"><img loading=\"lazy\" decoding=\"async\" class=\"alignleft size-medium wp-image-2165\" src=\"http:\/\/laguiadepamplona.com\/actualidad\/wp-content\/uploads\/2014\/06\/casajuventud-pamplona-300x200.jpg\" alt=\"casajuventud pamplona\" width=\"300\" height=\"200\" \/><\/a>La Casa de la Juventud acoger\u00e1 el pr\u00f3ximo martes, 4 de noviembre, a las seis de la tarde, una charla sobre la situaci\u00f3n de la mujer en la India. Estar\u00e1 impartida por Jacinta Canisbhai, natural de ese pa\u00eds y representante de Assumpta Society, una entidad que trabaja por la formaci\u00f3n y la capacitaci\u00f3n de mujeres en la regi\u00f3n de Gujerat, especialmente pertenecientes a las comunidades m\u00e1s desfavorecidas (dalits y adivasis). Son 15 cooperativas, que agrupan a un total de 25.000 personas, en las que promueven la representaci\u00f3n de las mujeres en los \u00f3rganos de gesti\u00f3n y su participaci\u00f3n en los \u00e1mbitos de decisi\u00f3n local.<\/p>\n<p><strong>La charla est\u00e1 organizada por la Fundaci\u00f3n ALBOAN y la Asociaci\u00f3n SEI en colaboraci\u00f3n con la Casa Juventud y el Programa de Cooperaci\u00f3n para el Desarrollo del Ayuntamiento de Pamplona.<\/strong><\/p>\n<p>Durante su intervenci\u00f3n, Jacinta Canisbhai explicar\u00e1 que la India se ha convertido en uno de los llamados pa\u00edses emergentes debido a su gran despegue econ\u00f3mico durante la \u00faltima d\u00e9cada. Ofrecer\u00e1 datos remarcando que, en esta carrera, la gran mayor\u00eda de la poblaci\u00f3n india ha quedado al margen: el 72% sigue viviendo en aldeas y de las personas que viven en ciudades, gran parte lo hace en barrios de chabolas o <em>slums<\/em>. Este crecimiento econ\u00f3mico ha generado gran desigualdad entre la poblaci\u00f3n india y, adem\u00e1s, no ha ido acompa\u00f1ado de un mayor cumplimiento en los derechos humanos ni de un avance hacia la igualdad de g\u00e9nero.<\/p>\n<p>As\u00ed, 245 millones de mujeres indias son analfabetas, las mujeres est\u00e1n discriminadas legalmente al no reconoc\u00e9rseles sus derechos a la tierra y a la propiedad, son apartadas de la vida p\u00fablica y pol\u00edtica y 8 de cada 10 matrimonios son acordados por el padre, pasando la esposa tras la boda a ser dependiente de la familia de su marido. Esta situaci\u00f3n se acent\u00faa entre las mujeres pertenecientes a las consideradas castas m\u00e1s bajas.<\/p>\n<p>&nbsp;<\/p>\n","protected":false},"excerpt":{"rendered":"<p>La conferencia la impartir\u00e1 Jacinta Canisbhai de Assumpta Society, entidad que trabaja en formaci\u00f3n y capacitaci\u00f3n de mujeres en Gujerat La Casa de la Juventud acoger\u00e1 el pr\u00f3ximo martes, 4&#8230;<\/p>\n","protected":false},"author":1,"featured_media":2165,"comment_status":"open","ping_status":"open","sticky":false,"template":"","format":"standard","meta":{"footnotes":""},"categories":[2],"tags":[5,3142,6,509,783,453,3143,1947,8,9,3144],"class_list":["post-3659","post","type-post","status-publish","format-standard","has-post-thumbnail","hentry","category-ayuntamiento-pamplona","tag-actualidad","tag-asociacion-sei","tag-ayto-pamplona","tag-ayuntamiento-de-pamplona","tag-casa-juventud","tag-charla","tag-fundacion-alboan","tag-india","tag-noticias","tag-pamplona","tag-situacion-mujer"],"yoast_head":"<!-- This site is optimized with the Yoast SEO plugin v27.5 - https:\/\/yoast.com\/product\/yoast-seo-wordpress\/ -->\n<title>La Casa de la Juventud acoge el martes una charla sobre la situaci\u00f3n de la mujer en la India<\/title>\n<meta name=\"robots\" content=\"index, follow, max-snippet:-1, max-image-preview:large, max-video-preview:-1\" \/>\n<link rel=\"canonical\" href=\"https:\/\/www.laguiadepamplona.com\/actualidad\/la-casa-de-la-juventud-acoge-el-martes-una-charla-sobre-la-situacion-de-la-mujer-en-la-india\/\" \/>\n<meta property=\"og:locale\" content=\"es_ES\" \/>\n<meta property=\"og:type\" content=\"article\" \/>\n<meta property=\"og:title\" content=\"La Casa de la Juventud acoge el martes una charla sobre la situaci\u00f3n de la mujer en la India\" \/>\n<meta property=\"og:description\" content=\"La conferencia la impartir\u00e1 Jacinta Canisbhai de Assumpta Society, entidad que trabaja en formaci\u00f3n y capacitaci\u00f3n de mujeres en Gujerat La Casa de la Juventud acoger\u00e1 el pr\u00f3ximo martes, 4...\" \/>\n<meta property=\"og:url\" content=\"https:\/\/www.laguiadepamplona.com\/actualidad\/la-casa-de-la-juventud-acoge-el-martes-una-charla-sobre-la-situacion-de-la-mujer-en-la-india\/\" \/>\n<meta property=\"og:site_name\" content=\"La Gu\u00eda de Pamplona\" \/>\n<meta property=\"article:publisher\" content=\"https:\/\/www.facebook.com\/laguiadepamplonacom-133175176762273\/?ref=hl\" \/>\n<meta property=\"article:published_time\" content=\"2014-10-31T17:02:39+00:00\" \/>\n<meta name=\"author\" content=\"La Gu\u00eda de Pamplona\" \/>\n<meta name=\"twitter:card\" content=\"summary_large_image\" \/>\n<meta name=\"twitter:creator\" content=\"@LaGuiadPamplona\" \/>\n<meta name=\"twitter:site\" content=\"@LaGuiadPamplona\" \/>\n<meta name=\"twitter:label1\" content=\"Escrito por\" \/>\n\t<meta name=\"twitter:data1\" content=\"La Gu\u00eda de Pamplona\" \/>\n\t<meta name=\"twitter:label2\" content=\"Tiempo de lectura\" \/>\n\t<meta name=\"twitter:data2\" content=\"2 minutos\" \/>\n<script type=\"application\/ld+json\" class=\"yoast-schema-graph\">{\"@context\":\"https:\\\/\\\/schema.org\",\"@graph\":[{\"@type\":\"Article\",\"@id\":\"https:\\\/\\\/www.laguiadepamplona.com\\\/actualidad\\\/la-casa-de-la-juventud-acoge-el-martes-una-charla-sobre-la-situacion-de-la-mujer-en-la-india\\\/#article\",\"isPartOf\":{\"@id\":\"https:\\\/\\\/www.laguiadepamplona.com\\\/actualidad\\\/la-casa-de-la-juventud-acoge-el-martes-una-charla-sobre-la-situacion-de-la-mujer-en-la-india\\\/\"},\"author\":{\"name\":\"La Gu\u00eda de Pamplona\",\"@id\":\"https:\\\/\\\/www.laguiadepamplona.com\\\/actualidad\\\/#\\\/schema\\\/person\\\/efe887376f0213d4657c93adc50b1fdb\"},\"headline\":\"La Casa de la Juventud acoge el martes una charla sobre la situaci\u00f3n de la mujer en la India\",\"datePublished\":\"2014-10-31T17:02:39+00:00\",\"mainEntityOfPage\":{\"@id\":\"https:\\\/\\\/www.laguiadepamplona.com\\\/actualidad\\\/la-casa-de-la-juventud-acoge-el-martes-una-charla-sobre-la-situacion-de-la-mujer-en-la-india\\\/\"},\"wordCount\":381,\"commentCount\":0,\"publisher\":{\"@id\":\"https:\\\/\\\/www.laguiadepamplona.com\\\/actualidad\\\/#organization\"},\"image\":{\"@id\":\"https:\\\/\\\/www.laguiadepamplona.com\\\/actualidad\\\/la-casa-de-la-juventud-acoge-el-martes-una-charla-sobre-la-situacion-de-la-mujer-en-la-india\\\/#primaryimage\"},\"thumbnailUrl\":\"\",\"keywords\":[\"actualidad\",\"Asociaci\u00f3n SEI\",\"ayto pamplona\",\"Ayuntamiento de Pamplona\",\"casa juventud\",\"charla\",\"Fundaci\u00f3n ALBOAN\",\"india\",\"noticias\",\"pamplona\",\"situaci\u00f3n mujer\"],\"articleSection\":[\"Ayto Pamplona\"],\"inLanguage\":\"es\",\"potentialAction\":[{\"@type\":\"CommentAction\",\"name\":\"Comment\",\"target\":[\"https:\\\/\\\/www.laguiadepamplona.com\\\/actualidad\\\/la-casa-de-la-juventud-acoge-el-martes-una-charla-sobre-la-situacion-de-la-mujer-en-la-india\\\/#respond\"]}]},{\"@type\":\"WebPage\",\"@id\":\"https:\\\/\\\/www.laguiadepamplona.com\\\/actualidad\\\/la-casa-de-la-juventud-acoge-el-martes-una-charla-sobre-la-situacion-de-la-mujer-en-la-india\\\/\",\"url\":\"https:\\\/\\\/www.laguiadepamplona.com\\\/actualidad\\\/la-casa-de-la-juventud-acoge-el-martes-una-charla-sobre-la-situacion-de-la-mujer-en-la-india\\\/\",\"name\":\"La Casa de la Juventud acoge el martes una charla sobre la situaci\u00f3n de la mujer en la India\",\"isPartOf\":{\"@id\":\"https:\\\/\\\/www.laguiadepamplona.com\\\/actualidad\\\/#website\"},\"primaryImageOfPage\":{\"@id\":\"https:\\\/\\\/www.laguiadepamplona.com\\\/actualidad\\\/la-casa-de-la-juventud-acoge-el-martes-una-charla-sobre-la-situacion-de-la-mujer-en-la-india\\\/#primaryimage\"},\"image\":{\"@id\":\"https:\\\/\\\/www.laguiadepamplona.com\\\/actualidad\\\/la-casa-de-la-juventud-acoge-el-martes-una-charla-sobre-la-situacion-de-la-mujer-en-la-india\\\/#primaryimage\"},\"thumbnailUrl\":\"\",\"datePublished\":\"2014-10-31T17:02:39+00:00\",\"breadcrumb\":{\"@id\":\"https:\\\/\\\/www.laguiadepamplona.com\\\/actualidad\\\/la-casa-de-la-juventud-acoge-el-martes-una-charla-sobre-la-situacion-de-la-mujer-en-la-india\\\/#breadcrumb\"},\"inLanguage\":\"es\",\"potentialAction\":[{\"@type\":\"ReadAction\",\"target\":[\"https:\\\/\\\/www.laguiadepamplona.com\\\/actualidad\\\/la-casa-de-la-juventud-acoge-el-martes-una-charla-sobre-la-situacion-de-la-mujer-en-la-india\\\/\"]}]},{\"@type\":\"ImageObject\",\"inLanguage\":\"es\",\"@id\":\"https:\\\/\\\/www.laguiadepamplona.com\\\/actualidad\\\/la-casa-de-la-juventud-acoge-el-martes-una-charla-sobre-la-situacion-de-la-mujer-en-la-india\\\/#primaryimage\",\"url\":\"\",\"contentUrl\":\"\"},{\"@type\":\"BreadcrumbList\",\"@id\":\"https:\\\/\\\/www.laguiadepamplona.com\\\/actualidad\\\/la-casa-de-la-juventud-acoge-el-martes-una-charla-sobre-la-situacion-de-la-mujer-en-la-india\\\/#breadcrumb\",\"itemListElement\":[{\"@type\":\"ListItem\",\"position\":1,\"name\":\"Portada\",\"item\":\"https:\\\/\\\/www.laguiadepamplona.com\\\/actualidad\\\/\"},{\"@type\":\"ListItem\",\"position\":2,\"name\":\"La Casa de la Juventud acoge el martes una charla sobre la situaci\u00f3n de la mujer en la India\"}]},{\"@type\":\"WebSite\",\"@id\":\"https:\\\/\\\/www.laguiadepamplona.com\\\/actualidad\\\/#website\",\"url\":\"https:\\\/\\\/www.laguiadepamplona.com\\\/actualidad\\\/\",\"name\":\"La gu\u00eda de Pamplona\",\"description\":\"Noticias de Pamplona\",\"publisher\":{\"@id\":\"https:\\\/\\\/www.laguiadepamplona.com\\\/actualidad\\\/#organization\"},\"potentialAction\":[{\"@type\":\"SearchAction\",\"target\":{\"@type\":\"EntryPoint\",\"urlTemplate\":\"https:\\\/\\\/www.laguiadepamplona.com\\\/actualidad\\\/?s={search_term_string}\"},\"query-input\":{\"@type\":\"PropertyValueSpecification\",\"valueRequired\":true,\"valueName\":\"search_term_string\"}}],\"inLanguage\":\"es\"},{\"@type\":\"Organization\",\"@id\":\"https:\\\/\\\/www.laguiadepamplona.com\\\/actualidad\\\/#organization\",\"name\":\"La Gu\u00eda de Pamplona \\\/ Noticias\",\"url\":\"https:\\\/\\\/www.laguiadepamplona.com\\\/actualidad\\\/\",\"logo\":{\"@type\":\"ImageObject\",\"inLanguage\":\"es\",\"@id\":\"https:\\\/\\\/www.laguiadepamplona.com\\\/actualidad\\\/#\\\/schema\\\/logo\\\/image\\\/\",\"url\":\"https:\\\/\\\/www.laguiadepamplona.com\\\/actualidad\\\/wp-content\\\/uploads\\\/2018\\\/11\\\/logo-laguiadepamplona18-web1.png\",\"contentUrl\":\"https:\\\/\\\/www.laguiadepamplona.com\\\/actualidad\\\/wp-content\\\/uploads\\\/2018\\\/11\\\/logo-laguiadepamplona18-web1.png\",\"width\":600,\"height\":196,\"caption\":\"La Gu\u00eda de Pamplona \\\/ Noticias\"},\"image\":{\"@id\":\"https:\\\/\\\/www.laguiadepamplona.com\\\/actualidad\\\/#\\\/schema\\\/logo\\\/image\\\/\"},\"sameAs\":[\"https:\\\/\\\/www.facebook.com\\\/laguiadepamplonacom-133175176762273\\\/?ref=hl\",\"https:\\\/\\\/x.com\\\/LaGuiadPamplona\",\"https:\\\/\\\/www.instagram.com\\\/la_guia_de_pamplona\\\/\",\"https:\\\/\\\/www.youtube.com\\\/user\\\/laguiadepamplona\"]},{\"@type\":\"Person\",\"@id\":\"https:\\\/\\\/www.laguiadepamplona.com\\\/actualidad\\\/#\\\/schema\\\/person\\\/efe887376f0213d4657c93adc50b1fdb\",\"name\":\"La Gu\u00eda de Pamplona\",\"image\":{\"@type\":\"ImageObject\",\"inLanguage\":\"es\",\"@id\":\"https:\\\/\\\/secure.gravatar.com\\\/avatar\\\/b6992f131dc8d30ab0dff15446e9d346d9dbd95992de0fef795073f5ea83a81c?s=96&d=mm&r=g\",\"url\":\"https:\\\/\\\/secure.gravatar.com\\\/avatar\\\/b6992f131dc8d30ab0dff15446e9d346d9dbd95992de0fef795073f5ea83a81c?s=96&d=mm&r=g\",\"contentUrl\":\"https:\\\/\\\/secure.gravatar.com\\\/avatar\\\/b6992f131dc8d30ab0dff15446e9d346d9dbd95992de0fef795073f5ea83a81c?s=96&d=mm&r=g\",\"caption\":\"La Gu\u00eda de Pamplona\"}}]}<\/script>\n<!-- \/ Yoast SEO plugin. -->","yoast_head_json":{"title":"La Casa de la Juventud acoge el martes una charla sobre la situaci\u00f3n de la mujer en la India","robots":{"index":"index","follow":"follow","max-snippet":"max-snippet:-1","max-image-preview":"max-image-preview:large","max-video-preview":"max-video-preview:-1"},"canonical":"https:\/\/www.laguiadepamplona.com\/actualidad\/la-casa-de-la-juventud-acoge-el-martes-una-charla-sobre-la-situacion-de-la-mujer-en-la-india\/","og_locale":"es_ES","og_type":"article","og_title":"La Casa de la Juventud acoge el martes una charla sobre la situaci\u00f3n de la mujer en la India","og_description":"La conferencia la impartir\u00e1 Jacinta Canisbhai de Assumpta Society, entidad que trabaja en formaci\u00f3n y capacitaci\u00f3n de mujeres en Gujerat La Casa de la Juventud acoger\u00e1 el pr\u00f3ximo martes, 4...","og_url":"https:\/\/www.laguiadepamplona.com\/actualidad\/la-casa-de-la-juventud-acoge-el-martes-una-charla-sobre-la-situacion-de-la-mujer-en-la-india\/","og_site_name":"La Gu\u00eda de Pamplona","article_publisher":"https:\/\/www.facebook.com\/laguiadepamplonacom-133175176762273\/?ref=hl","article_published_time":"2014-10-31T17:02:39+00:00","author":"La Gu\u00eda de Pamplona","twitter_card":"summary_large_image","twitter_creator":"@LaGuiadPamplona","twitter_site":"@LaGuiadPamplona","twitter_misc":{"Escrito por":"La Gu\u00eda de Pamplona","Tiempo de lectura":"2 minutos"},"schema":{"@context":"https:\/\/schema.org","@graph":[{"@type":"Article","@id":"https:\/\/www.laguiadepamplona.com\/actualidad\/la-casa-de-la-juventud-acoge-el-martes-una-charla-sobre-la-situacion-de-la-mujer-en-la-india\/#article","isPartOf":{"@id":"https:\/\/www.laguiadepamplona.com\/actualidad\/la-casa-de-la-juventud-acoge-el-martes-una-charla-sobre-la-situacion-de-la-mujer-en-la-india\/"},"author":{"name":"La Gu\u00eda de Pamplona","@id":"https:\/\/www.laguiadepamplona.com\/actualidad\/#\/schema\/person\/efe887376f0213d4657c93adc50b1fdb"},"headline":"La Casa de la Juventud acoge el martes una charla sobre la situaci\u00f3n de la mujer en la India","datePublished":"2014-10-31T17:02:39+00:00","mainEntityOfPage":{"@id":"https:\/\/www.laguiadepamplona.com\/actualidad\/la-casa-de-la-juventud-acoge-el-martes-una-charla-sobre-la-situacion-de-la-mujer-en-la-india\/"},"wordCount":381,"commentCount":0,"publisher":{"@id":"https:\/\/www.laguiadepamplona.com\/actualidad\/#organization"},"image":{"@id":"https:\/\/www.laguiadepamplona.com\/actualidad\/la-casa-de-la-juventud-acoge-el-martes-una-charla-sobre-la-situacion-de-la-mujer-en-la-india\/#primaryimage"},"thumbnailUrl":"","keywords":["actualidad","Asociaci\u00f3n SEI","ayto pamplona","Ayuntamiento de Pamplona","casa juventud","charla","Fundaci\u00f3n ALBOAN","india","noticias","pamplona","situaci\u00f3n mujer"],"articleSection":["Ayto Pamplona"],"inLanguage":"es","potentialAction":[{"@type":"CommentAction","name":"Comment","target":["https:\/\/www.laguiadepamplona.com\/actualidad\/la-casa-de-la-juventud-acoge-el-martes-una-charla-sobre-la-situacion-de-la-mujer-en-la-india\/#respond"]}]},{"@type":"WebPage","@id":"https:\/\/www.laguiadepamplona.com\/actualidad\/la-casa-de-la-juventud-acoge-el-martes-una-charla-sobre-la-situacion-de-la-mujer-en-la-india\/","url":"https:\/\/www.laguiadepamplona.com\/actualidad\/la-casa-de-la-juventud-acoge-el-martes-una-charla-sobre-la-situacion-de-la-mujer-en-la-india\/","name":"La Casa de la Juventud acoge el martes una charla sobre la situaci\u00f3n de la mujer en la India","isPartOf":{"@id":"https:\/\/www.laguiadepamplona.com\/actualidad\/#website"},"primaryImageOfPage":{"@id":"https:\/\/www.laguiadepamplona.com\/actualidad\/la-casa-de-la-juventud-acoge-el-martes-una-charla-sobre-la-situacion-de-la-mujer-en-la-india\/#primaryimage"},"image":{"@id":"https:\/\/www.laguiadepamplona.com\/actualidad\/la-casa-de-la-juventud-acoge-el-martes-una-charla-sobre-la-situacion-de-la-mujer-en-la-india\/#primaryimage"},"thumbnailUrl":"","datePublished":"2014-10-31T17:02:39+00:00","breadcrumb":{"@id":"https:\/\/www.laguiadepamplona.com\/actualidad\/la-casa-de-la-juventud-acoge-el-martes-una-charla-sobre-la-situacion-de-la-mujer-en-la-india\/#breadcrumb"},"inLanguage":"es","potentialAction":[{"@type":"ReadAction","target":["https:\/\/www.laguiadepamplona.com\/actualidad\/la-casa-de-la-juventud-acoge-el-martes-una-charla-sobre-la-situacion-de-la-mujer-en-la-india\/"]}]},{"@type":"ImageObject","inLanguage":"es","@id":"https:\/\/www.laguiadepamplona.com\/actualidad\/la-casa-de-la-juventud-acoge-el-martes-una-charla-sobre-la-situacion-de-la-mujer-en-la-india\/#primaryimage","url":"","contentUrl":""},{"@type":"BreadcrumbList","@id":"https:\/\/www.laguiadepamplona.com\/actualidad\/la-casa-de-la-juventud-acoge-el-martes-una-charla-sobre-la-situacion-de-la-mujer-en-la-india\/#breadcrumb","itemListElement":[{"@type":"ListItem","position":1,"name":"Portada","item":"https:\/\/www.laguiadepamplona.com\/actualidad\/"},{"@type":"ListItem","position":2,"name":"La Casa de la Juventud acoge el martes una charla sobre la situaci\u00f3n de la mujer en la India"}]},{"@type":"WebSite","@id":"https:\/\/www.laguiadepamplona.com\/actualidad\/#website","url":"https:\/\/www.laguiadepamplona.com\/actualidad\/","name":"La gu\u00eda de Pamplona","description":"Noticias de Pamplona","publisher":{"@id":"https:\/\/www.laguiadepamplona.com\/actualidad\/#organization"},"potentialAction":[{"@type":"SearchAction","target":{"@type":"EntryPoint","urlTemplate":"https:\/\/www.laguiadepamplona.com\/actualidad\/?s={search_term_string}"},"query-input":{"@type":"PropertyValueSpecification","valueRequired":true,"valueName":"search_term_string"}}],"inLanguage":"es"},{"@type":"Organization","@id":"https:\/\/www.laguiadepamplona.com\/actualidad\/#organization","name":"La Gu\u00eda de Pamplona \/ Noticias","url":"https:\/\/www.laguiadepamplona.com\/actualidad\/","logo":{"@type":"ImageObject","inLanguage":"es","@id":"https:\/\/www.laguiadepamplona.com\/actualidad\/#\/schema\/logo\/image\/","url":"https:\/\/www.laguiadepamplona.com\/actualidad\/wp-content\/uploads\/2018\/11\/logo-laguiadepamplona18-web1.png","contentUrl":"https:\/\/www.laguiadepamplona.com\/actualidad\/wp-content\/uploads\/2018\/11\/logo-laguiadepamplona18-web1.png","width":600,"height":196,"caption":"La Gu\u00eda de Pamplona \/ Noticias"},"image":{"@id":"https:\/\/www.laguiadepamplona.com\/actualidad\/#\/schema\/logo\/image\/"},"sameAs":["https:\/\/www.facebook.com\/laguiadepamplonacom-133175176762273\/?ref=hl","https:\/\/x.com\/LaGuiadPamplona","https:\/\/www.instagram.com\/la_guia_de_pamplona\/","https:\/\/www.youtube.com\/user\/laguiadepamplona"]},{"@type":"Person","@id":"https:\/\/www.laguiadepamplona.com\/actualidad\/#\/schema\/person\/efe887376f0213d4657c93adc50b1fdb","name":"La Gu\u00eda de Pamplona","image":{"@type":"ImageObject","inLanguage":"es","@id":"https:\/\/secure.gravatar.com\/avatar\/b6992f131dc8d30ab0dff15446e9d346d9dbd95992de0fef795073f5ea83a81c?s=96&d=mm&r=g","url":"https:\/\/secure.gravatar.com\/avatar\/b6992f131dc8d30ab0dff15446e9d346d9dbd95992de0fef795073f5ea83a81c?s=96&d=mm&r=g","contentUrl":"https:\/\/secure.gravatar.com\/avatar\/b6992f131dc8d30ab0dff15446e9d346d9dbd95992de0fef795073f5ea83a81c?s=96&d=mm&r=g","caption":"La Gu\u00eda de Pamplona"}}]}},"post_mailing_queue_ids":[],"_links":{"self":[{"href":"https:\/\/www.laguiadepamplona.com\/actualidad\/wp-json\/wp\/v2\/posts\/3659","targetHints":{"allow":["GET"]}}],"collection":[{"href":"https:\/\/www.laguiadepamplona.com\/actualidad\/wp-json\/wp\/v2\/posts"}],"about":[{"href":"https:\/\/www.laguiadepamplona.com\/actualidad\/wp-json\/wp\/v2\/types\/post"}],"author":[{"embeddable":true,"href":"https:\/\/www.laguiadepamplona.com\/actualidad\/wp-json\/wp\/v2\/users\/1"}],"replies":[{"embeddable":true,"href":"https:\/\/www.laguiadepamplona.com\/actualidad\/wp-json\/wp\/v2\/comments?post=3659"}],"version-history":[{"count":0,"href":"https:\/\/www.laguiadepamplona.com\/actualidad\/wp-json\/wp\/v2\/posts\/3659\/revisions"}],"wp:featuredmedia":[{"embeddable":true,"href":"https:\/\/www.laguiadepamplona.com\/actualidad\/wp-json\/"}],"wp:attachment":[{"href":"https:\/\/www.laguiadepamplona.com\/actualidad\/wp-json\/wp\/v2\/media?parent=3659"}],"wp:term":[{"taxonomy":"category","embeddable":true,"href":"https:\/\/www.laguiadepamplona.com\/actualidad\/wp-json\/wp\/v2\/categories?post=3659"},{"taxonomy":"post_tag","embeddable":true,"href":"https:\/\/www.laguiadepamplona.com\/actualidad\/wp-json\/wp\/v2\/tags?post=3659"}],"curies":[{"name":"wp","href":"https:\/\/api.w.org\/{rel}","templated":true}]}}