{"id":3656,"date":"2014-10-31T15:14:06","date_gmt":"2014-10-31T13:14:06","guid":{"rendered":"http:\/\/laguiadepamplona.com\/actualidad\/?p=3656"},"modified":"2014-10-31T15:14:06","modified_gmt":"2014-10-31T13:14:06","slug":"el-lunes-llega-a-la-red-civivox-por-tercer-ano-consecutivo-con-otras-palabras-una-propuesta-panoramica-del-ayuntamiento-de-pamplona-sobre-la-narracion-oral","status":"publish","type":"post","link":"https:\/\/www.laguiadepamplona.com\/actualidad\/el-lunes-llega-a-la-red-civivox-por-tercer-ano-consecutivo-con-otras-palabras-una-propuesta-panoramica-del-ayuntamiento-de-pamplona-sobre-la-narracion-oral\/","title":{"rendered":"El lunes llega a la Red Civivox, por tercer a\u00f1o consecutivo \u201cCon otras palabras\u201d, una propuesta panor\u00e1mica del Ayuntamiento de Pamplona sobre la narraci\u00f3n oral"},"content":{"rendered":"<h4>El Siglo de Oro, Shakespeare y sus personajes femeninos, el relato de miedo y el popular, estar\u00e1n presentes en noviembre en Condestable<\/h4>\n<p><a href=\"http:\/\/laguiadepamplona.com\/actualidad\/wp-content\/uploads\/2014\/10\/naque_narracion_oral.jpg\"><img loading=\"lazy\" decoding=\"async\" class=\"alignleft size-medium wp-image-3657\" src=\"http:\/\/laguiadepamplona.com\/actualidad\/wp-content\/uploads\/2014\/10\/naque_narracion_oral-300x203.jpg\" alt=\"naque_narracion_oral\" width=\"300\" height=\"203\" \/><\/a>Dice Francisco Garz\u00f3n, un escritor y periodista cubano, formador de narradores orales y fundador del movimiento de Narraci\u00f3n Oral Esc\u00e9nica (NOE), que la Narraci\u00f3n oral no es meramente un arte del cuentista, sino una relaci\u00f3n comunicativa, un proceso de interacci\u00f3n din\u00e1mico en el que narrador oral y el p\u00fablico construyen una situaci\u00f3n comunicativa. Es este un ejercicio art\u00edstico presente en todas las culturas que convoca al encuentro y recrea la vida.<\/p>\n<p>Esa es la propuesta para este mes de Civivox Condestable que, por tercer a\u00f1o consecutivo, ha organizado unas Jornadas literarias de narraci\u00f3n oral que tendr\u00e1n lugar entre el lunes 3 de noviembre y el jueves 24 del mismo mes, con una estructura en la que se proponen tres espect\u00e1culos gratuitos las tardes de los d\u00edas 3, 10 y 24; dos encuentros de lecturas dramatizadas para 280 estudiantes de 14 a 17 a\u00f1os de ocho centros distintos en las ma\u00f1anas del 11 y 24 de noviembre y un foro-debate vespertino el d\u00eda 20. Durante esos d\u00edas se podr\u00e1 ver una panor\u00e1mica de los diferentes lenguajes literarios, del teatro y de la comunicaci\u00f3n presentes en la narraci\u00f3n oral.<\/p>\n<p>Todas las actividades tienen entrada gratuita. Los espectadores de esta propuesta municipal, de nuevo bajo el t\u00edtulo \u201cCon otras palabras\u201d, podr\u00e1n ser part\u00edcipes de las narraciones de Miguel Goikoetxandia, Pedro Izura, Nanna S\u00e1nchez, Montse Zabalza o Pep Bruno y celebrar bajo la coordinaci\u00f3n de Michael McGrath los 450 a\u00f1os del nacimiento de William Shakespeare. Los m\u00e1s j\u00f3venes, adem\u00e1s, podr\u00e1n acceder a la una de las propuestas del proyecto NapaeActiva 2014.<\/p>\n<p><strong>El Siglo de Oro o c\u00f3mo \u201cvivir del cuento\u201d<\/strong><\/p>\n<p>El primer espect\u00e1culo, este lunes a las 19.30 horas, ser\u00e1 \u201cNaque o de piojos y actores\u201d, de Jos\u00e9 Sanch\u00eds Sinisterra, Premio Nacional de teatro y autor de \u00a1Ay Carmela\u00a1.<\/p>\n<p>El t\u00edtulo de esta propuesta responde al nombre que en el siglo XVI recib\u00eda la agrupaci\u00f3n teatral itinerante de dos actores. Pues bien, dos personajes con estas caracter\u00edsticas, imagen del Siglo de Oro espa\u00f1ol, llegan al momento actual en el que vive el p\u00fablico. Condenado a viajar en el tiempo y a reaparecer de improviso en cualquier teatro, R\u00edos y Solano, representan a la manera de su siglo, farsas, fragmentos de autos sacramentales, loas y aut\u00e9nticas joyas de la literatura teatral espa\u00f1ola.<\/p>\n<p>Con la marca de Iluna Producciones y bajo la direcci\u00f3n de Ignacio Aranguren, son sus interpretes los actores Miguel Goikoetxandia y Pedro Izura. Todo el proyecto es parte de la iniciativa J\u00f3venes espectadores de Navarra y cuenta con la colaboraci\u00f3n de la Fundaci\u00f3n Municipal Teatro Gayarre.<\/p>\n<p>Los siguientes espect\u00e1culos abiertos al p\u00fablico en este peculiar espacio del Condestable ser\u00e1n \u201cDos mujeres cuentan\u201d, canciones, romances y consejas de tradici\u00f3n sefard\u00ed, una actuaci\u00f3n que estar\u00e1 en el Patio Renacentista el lunes 11 de noviembre, y la narraci\u00f3n l\u00fadica del alcarre\u00f1o Pep Bruno sobre comer, beber y amar que representar\u00e1 el 24 de noviembre bajo el t\u00edtulo \u201cEste cuento vino a m\u00ed, vino a m\u00ed, vino, a m\u00ed\u201d.<\/p>\n<p><strong>Lleno en el patio de butacas matutino<\/strong><\/p>\n<p>Los encuentros did\u00e1cticos son ya una cita ineludible de este ciclo de actividades. El Consistorio contacta con los centros escolares p\u00fablicos y concertados de la ciudad y, dada la difusi\u00f3n del evento, cada vez hay m\u00e1s presencia en el ciclo de colegios de localidades lim\u00edtrofes. Los estudiantes tienen entre 14 y 17 a\u00f1os y son alumnos del segundo ciclo de la E.S.O. y los dos cursos de Bachillerato.<\/p>\n<p>En esta ocasi\u00f3n las plazas est\u00e1n completamente cubiertas antes del inicio con alumnos de ocho centros. El 11 de noviembre el Sal\u00f3n de Actos estar\u00e1 ocupado por estudiantes de IES Zizur, IES Biurdana, e IES Basoko, que podr\u00e1n asistir a la lectura dramatizada \u201cLas mujeres de Shakespeare\u201d de Hoidek Producciones. Es un acercamiento a la obra del dramaturgo universal con personajes femeninos, que aunque inicialmente secundarios, van adquiriendo volumen a lo largo de la trayectoria del escritor, hasta romper los convencionalismos.<\/p>\n<p>El 24 de noviembre, los destinatarios de este del proyecto NapaeActiva 2014 financiado por Gobierno de Navarra ser\u00e1n los alumnos de La Compasi\u00f3n-Escolapios, Calasanz-Escolapios, IES Iturrama, IES Pedro de Atarrabia y, IES Alaitz. El contador de historias Pep Bruno abordar\u00e1 el genero de la narraci\u00f3n oral de miedo, no exenta de humor, en una sesi\u00f3n de aproximadamente 60 minutos.<\/p>\n<p><strong>Shakespeare, en el 450 aniversario de su nacimiento<\/strong><\/p>\n<p>El d\u00eda 20 de noviembre el licenciado en Filolog\u00eda Inglesa y profesor titular de la Escuela Oficial de Idiomas de Pamplona, Michael McGrath, impartir\u00e1 una conferencia en castellano ofreciendo la particular visi\u00f3n del mundo de William Shakespeare desde un punto de vista hist\u00f3rico, social, art\u00edstico y de su peculiar sentido del humor siempre presente. La sesi\u00f3n quiere ser un foro participativo sobre el Bardo de Avon, el escritor m\u00e1s importante en lengua inglesa, del que se leer\u00e1 alg\u00fan fragmento en su lengua.<\/p>\n<p>McGrath, ha colaborado con el Ayuntamiento de Pamplona en varios proyectos impartiendo ponencias sobre la obra po\u00e9tica de Edgar Allen Poe, la voz narrativa de Mark Twain y participando, con otros poetas, en la lectura de poes\u00edas en varios idiomas. Igualmente ha coordinado un club de lectura en ingl\u00e9s en la Biblioteca de Iturrama.<\/p>\n<p><strong>La sesi\u00f3n tendr\u00e1 lugar en el Palacio del Condestable a las 19.30 horas con entrada libre.<\/strong><\/p>\n<p><strong>Con otras palabras. Del 3 al 24 de noviembre<\/strong><\/p>\n<p><strong>Sesiones abiertas al p\u00fablico<\/strong><\/p>\n<p><strong>Lunes 3 de noviembre<\/strong><\/p>\n<ul>\n<li>Espect\u00e1culo<\/li>\n<li>\u201cNaque o de piojos y actores\u201d<\/li>\n<li>Civivox Condestable. 19.30 horas. Entrada libre<\/li>\n<\/ul>\n<p><strong>Lunes 10 de noviembre<\/strong><\/p>\n<ul>\n<li>Espect\u00e1culo<\/li>\n<li>\u201cDos Mujeres cuentan. Canciones, romances y consejas de la tradici\u00f3n oral seferd\u00ed\u201d<\/li>\n<li>Civivox Condestable. 19.30 horas. Entrada libre<\/li>\n<\/ul>\n<p><strong>Jueves 20 de noviembre<\/strong><\/p>\n<ul>\n<li>Sesi\u00f3n participativa<\/li>\n<li>\u201cShakespeare\u00b4s craft: to speak what we feel not what we ougth to say\u201d. CONFERENCIA EN CASTELLANO<\/li>\n<li>Civivox Condestable. 19.30 horas. Entrada libre<\/li>\n<\/ul>\n<p><strong>Lunes 24 de noviembre <\/strong><\/p>\n<ul>\n<li>Espect\u00e1culo<\/li>\n<li>\u201cEste cuento vino a m\u00ed, vino a m\u00ed, vino, a m\u00ed\u201d<\/li>\n<li>Civivox Condestable. 19.30 horas. Entrada libre<\/li>\n<\/ul>\n<p>Sesiones ya completas: Encuentros did\u00e1cticos con estudiantes<\/p>\n<p><strong>Martes 11 de noviembre<\/strong><\/p>\n<ul>\n<li>Lectura dramatizada. Dentro del proyecto NapaeActiva 2014<\/li>\n<li>\u201cLas mujeres de Shakespeare\u201d<\/li>\n<li>Civivox Condestable. 12 horas<\/li>\n<\/ul>\n<p><strong>Lunes 24 de noviembre<\/strong><\/p>\n<ul>\n<li>Espect\u00e1culo<\/li>\n<li>\u201cLa casa del forestal\u201d<\/li>\n<li>Civivox Condestable. 12 horas<\/li>\n<\/ul>\n<p>&nbsp;<\/p>\n","protected":false},"excerpt":{"rendered":"<p>El Siglo de Oro, Shakespeare y sus personajes femeninos, el relato de miedo y el popular, estar\u00e1n presentes en noviembre en Condestable Dice Francisco Garz\u00f3n, un escritor y periodista cubano,&#8230;<\/p>\n","protected":false},"author":1,"featured_media":3657,"comment_status":"open","ping_status":"open","sticky":false,"template":"","format":"standard","meta":{"footnotes":""},"categories":[2],"tags":[5,6,509,743,3140,8,9,233,1404,3141],"class_list":["post-3656","post","type-post","status-publish","format-standard","has-post-thumbnail","hentry","category-ayuntamiento-pamplona","tag-actualidad","tag-ayto-pamplona","tag-ayuntamiento-de-pamplona","tag-con-otras-palabras","tag-narracion-oral-escenica-noe","tag-noticias","tag-pamplona","tag-red-civivox","tag-shakespeare","tag-siglo-de-oro"],"yoast_head":"<!-- This site is optimized with the Yoast SEO plugin v27.5 - https:\/\/yoast.com\/product\/yoast-seo-wordpress\/ -->\n<title>El lunes llega a la Red Civivox, por tercer a\u00f1o consecutivo \u201cCon otras palabras\u201d, una propuesta panor\u00e1mica del Ayuntamiento de Pamplona sobre la narraci\u00f3n oral<\/title>\n<meta name=\"robots\" content=\"index, follow, max-snippet:-1, max-image-preview:large, max-video-preview:-1\" \/>\n<link rel=\"canonical\" href=\"https:\/\/www.laguiadepamplona.com\/actualidad\/el-lunes-llega-a-la-red-civivox-por-tercer-ano-consecutivo-con-otras-palabras-una-propuesta-panoramica-del-ayuntamiento-de-pamplona-sobre-la-narracion-oral\/\" \/>\n<meta property=\"og:locale\" content=\"es_ES\" \/>\n<meta property=\"og:type\" content=\"article\" \/>\n<meta property=\"og:title\" content=\"El lunes llega a la Red Civivox, por tercer a\u00f1o consecutivo \u201cCon otras palabras\u201d, una propuesta panor\u00e1mica del Ayuntamiento de Pamplona sobre la narraci\u00f3n oral\" \/>\n<meta property=\"og:description\" content=\"El Siglo de Oro, Shakespeare y sus personajes femeninos, el relato de miedo y el popular, estar\u00e1n presentes en noviembre en Condestable Dice Francisco Garz\u00f3n, un escritor y periodista cubano,...\" \/>\n<meta property=\"og:url\" content=\"https:\/\/www.laguiadepamplona.com\/actualidad\/el-lunes-llega-a-la-red-civivox-por-tercer-ano-consecutivo-con-otras-palabras-una-propuesta-panoramica-del-ayuntamiento-de-pamplona-sobre-la-narracion-oral\/\" \/>\n<meta property=\"og:site_name\" content=\"La Gu\u00eda de Pamplona\" \/>\n<meta property=\"article:publisher\" content=\"https:\/\/www.facebook.com\/laguiadepamplonacom-133175176762273\/?ref=hl\" \/>\n<meta property=\"article:published_time\" content=\"2014-10-31T13:14:06+00:00\" \/>\n<meta name=\"author\" content=\"La Gu\u00eda de Pamplona\" \/>\n<meta name=\"twitter:card\" content=\"summary_large_image\" \/>\n<meta name=\"twitter:creator\" content=\"@LaGuiadPamplona\" \/>\n<meta name=\"twitter:site\" content=\"@LaGuiadPamplona\" \/>\n<meta name=\"twitter:label1\" content=\"Escrito por\" \/>\n\t<meta name=\"twitter:data1\" content=\"La Gu\u00eda de Pamplona\" \/>\n\t<meta name=\"twitter:label2\" content=\"Tiempo de lectura\" \/>\n\t<meta name=\"twitter:data2\" content=\"5 minutos\" \/>\n<script type=\"application\/ld+json\" class=\"yoast-schema-graph\">{\"@context\":\"https:\\\/\\\/schema.org\",\"@graph\":[{\"@type\":\"Article\",\"@id\":\"https:\\\/\\\/www.laguiadepamplona.com\\\/actualidad\\\/el-lunes-llega-a-la-red-civivox-por-tercer-ano-consecutivo-con-otras-palabras-una-propuesta-panoramica-del-ayuntamiento-de-pamplona-sobre-la-narracion-oral\\\/#article\",\"isPartOf\":{\"@id\":\"https:\\\/\\\/www.laguiadepamplona.com\\\/actualidad\\\/el-lunes-llega-a-la-red-civivox-por-tercer-ano-consecutivo-con-otras-palabras-una-propuesta-panoramica-del-ayuntamiento-de-pamplona-sobre-la-narracion-oral\\\/\"},\"author\":{\"name\":\"La Gu\u00eda de Pamplona\",\"@id\":\"https:\\\/\\\/www.laguiadepamplona.com\\\/actualidad\\\/#\\\/schema\\\/person\\\/efe887376f0213d4657c93adc50b1fdb\"},\"headline\":\"El lunes llega a la Red Civivox, por tercer a\u00f1o consecutivo \u201cCon otras palabras\u201d, una propuesta panor\u00e1mica del Ayuntamiento de Pamplona sobre la narraci\u00f3n oral\",\"datePublished\":\"2014-10-31T13:14:06+00:00\",\"mainEntityOfPage\":{\"@id\":\"https:\\\/\\\/www.laguiadepamplona.com\\\/actualidad\\\/el-lunes-llega-a-la-red-civivox-por-tercer-ano-consecutivo-con-otras-palabras-una-propuesta-panoramica-del-ayuntamiento-de-pamplona-sobre-la-narracion-oral\\\/\"},\"wordCount\":1115,\"commentCount\":0,\"publisher\":{\"@id\":\"https:\\\/\\\/www.laguiadepamplona.com\\\/actualidad\\\/#organization\"},\"image\":{\"@id\":\"https:\\\/\\\/www.laguiadepamplona.com\\\/actualidad\\\/el-lunes-llega-a-la-red-civivox-por-tercer-ano-consecutivo-con-otras-palabras-una-propuesta-panoramica-del-ayuntamiento-de-pamplona-sobre-la-narracion-oral\\\/#primaryimage\"},\"thumbnailUrl\":\"\",\"keywords\":[\"actualidad\",\"ayto pamplona\",\"Ayuntamiento de Pamplona\",\"Con otras palabras\",\"Narraci\u00f3n Oral Esc\u00e9nica (NOE)\",\"noticias\",\"pamplona\",\"red civivox\",\"Shakespeare\",\"siglo de oro\"],\"articleSection\":[\"Ayto Pamplona\"],\"inLanguage\":\"es\",\"potentialAction\":[{\"@type\":\"CommentAction\",\"name\":\"Comment\",\"target\":[\"https:\\\/\\\/www.laguiadepamplona.com\\\/actualidad\\\/el-lunes-llega-a-la-red-civivox-por-tercer-ano-consecutivo-con-otras-palabras-una-propuesta-panoramica-del-ayuntamiento-de-pamplona-sobre-la-narracion-oral\\\/#respond\"]}]},{\"@type\":\"WebPage\",\"@id\":\"https:\\\/\\\/www.laguiadepamplona.com\\\/actualidad\\\/el-lunes-llega-a-la-red-civivox-por-tercer-ano-consecutivo-con-otras-palabras-una-propuesta-panoramica-del-ayuntamiento-de-pamplona-sobre-la-narracion-oral\\\/\",\"url\":\"https:\\\/\\\/www.laguiadepamplona.com\\\/actualidad\\\/el-lunes-llega-a-la-red-civivox-por-tercer-ano-consecutivo-con-otras-palabras-una-propuesta-panoramica-del-ayuntamiento-de-pamplona-sobre-la-narracion-oral\\\/\",\"name\":\"El lunes llega a la Red Civivox, por tercer a\u00f1o consecutivo \u201cCon otras palabras\u201d, una propuesta panor\u00e1mica del Ayuntamiento de Pamplona sobre la narraci\u00f3n oral\",\"isPartOf\":{\"@id\":\"https:\\\/\\\/www.laguiadepamplona.com\\\/actualidad\\\/#website\"},\"primaryImageOfPage\":{\"@id\":\"https:\\\/\\\/www.laguiadepamplona.com\\\/actualidad\\\/el-lunes-llega-a-la-red-civivox-por-tercer-ano-consecutivo-con-otras-palabras-una-propuesta-panoramica-del-ayuntamiento-de-pamplona-sobre-la-narracion-oral\\\/#primaryimage\"},\"image\":{\"@id\":\"https:\\\/\\\/www.laguiadepamplona.com\\\/actualidad\\\/el-lunes-llega-a-la-red-civivox-por-tercer-ano-consecutivo-con-otras-palabras-una-propuesta-panoramica-del-ayuntamiento-de-pamplona-sobre-la-narracion-oral\\\/#primaryimage\"},\"thumbnailUrl\":\"\",\"datePublished\":\"2014-10-31T13:14:06+00:00\",\"breadcrumb\":{\"@id\":\"https:\\\/\\\/www.laguiadepamplona.com\\\/actualidad\\\/el-lunes-llega-a-la-red-civivox-por-tercer-ano-consecutivo-con-otras-palabras-una-propuesta-panoramica-del-ayuntamiento-de-pamplona-sobre-la-narracion-oral\\\/#breadcrumb\"},\"inLanguage\":\"es\",\"potentialAction\":[{\"@type\":\"ReadAction\",\"target\":[\"https:\\\/\\\/www.laguiadepamplona.com\\\/actualidad\\\/el-lunes-llega-a-la-red-civivox-por-tercer-ano-consecutivo-con-otras-palabras-una-propuesta-panoramica-del-ayuntamiento-de-pamplona-sobre-la-narracion-oral\\\/\"]}]},{\"@type\":\"ImageObject\",\"inLanguage\":\"es\",\"@id\":\"https:\\\/\\\/www.laguiadepamplona.com\\\/actualidad\\\/el-lunes-llega-a-la-red-civivox-por-tercer-ano-consecutivo-con-otras-palabras-una-propuesta-panoramica-del-ayuntamiento-de-pamplona-sobre-la-narracion-oral\\\/#primaryimage\",\"url\":\"\",\"contentUrl\":\"\"},{\"@type\":\"BreadcrumbList\",\"@id\":\"https:\\\/\\\/www.laguiadepamplona.com\\\/actualidad\\\/el-lunes-llega-a-la-red-civivox-por-tercer-ano-consecutivo-con-otras-palabras-una-propuesta-panoramica-del-ayuntamiento-de-pamplona-sobre-la-narracion-oral\\\/#breadcrumb\",\"itemListElement\":[{\"@type\":\"ListItem\",\"position\":1,\"name\":\"Portada\",\"item\":\"https:\\\/\\\/www.laguiadepamplona.com\\\/actualidad\\\/\"},{\"@type\":\"ListItem\",\"position\":2,\"name\":\"El lunes llega a la Red Civivox, por tercer a\u00f1o consecutivo \u201cCon otras palabras\u201d, una propuesta panor\u00e1mica del Ayuntamiento de Pamplona sobre la narraci\u00f3n oral\"}]},{\"@type\":\"WebSite\",\"@id\":\"https:\\\/\\\/www.laguiadepamplona.com\\\/actualidad\\\/#website\",\"url\":\"https:\\\/\\\/www.laguiadepamplona.com\\\/actualidad\\\/\",\"name\":\"La gu\u00eda de Pamplona\",\"description\":\"Noticias de Pamplona\",\"publisher\":{\"@id\":\"https:\\\/\\\/www.laguiadepamplona.com\\\/actualidad\\\/#organization\"},\"potentialAction\":[{\"@type\":\"SearchAction\",\"target\":{\"@type\":\"EntryPoint\",\"urlTemplate\":\"https:\\\/\\\/www.laguiadepamplona.com\\\/actualidad\\\/?s={search_term_string}\"},\"query-input\":{\"@type\":\"PropertyValueSpecification\",\"valueRequired\":true,\"valueName\":\"search_term_string\"}}],\"inLanguage\":\"es\"},{\"@type\":\"Organization\",\"@id\":\"https:\\\/\\\/www.laguiadepamplona.com\\\/actualidad\\\/#organization\",\"name\":\"La Gu\u00eda de Pamplona \\\/ Noticias\",\"url\":\"https:\\\/\\\/www.laguiadepamplona.com\\\/actualidad\\\/\",\"logo\":{\"@type\":\"ImageObject\",\"inLanguage\":\"es\",\"@id\":\"https:\\\/\\\/www.laguiadepamplona.com\\\/actualidad\\\/#\\\/schema\\\/logo\\\/image\\\/\",\"url\":\"https:\\\/\\\/www.laguiadepamplona.com\\\/actualidad\\\/wp-content\\\/uploads\\\/2018\\\/11\\\/logo-laguiadepamplona18-web1.png\",\"contentUrl\":\"https:\\\/\\\/www.laguiadepamplona.com\\\/actualidad\\\/wp-content\\\/uploads\\\/2018\\\/11\\\/logo-laguiadepamplona18-web1.png\",\"width\":600,\"height\":196,\"caption\":\"La Gu\u00eda de Pamplona \\\/ Noticias\"},\"image\":{\"@id\":\"https:\\\/\\\/www.laguiadepamplona.com\\\/actualidad\\\/#\\\/schema\\\/logo\\\/image\\\/\"},\"sameAs\":[\"https:\\\/\\\/www.facebook.com\\\/laguiadepamplonacom-133175176762273\\\/?ref=hl\",\"https:\\\/\\\/x.com\\\/LaGuiadPamplona\",\"https:\\\/\\\/www.instagram.com\\\/la_guia_de_pamplona\\\/\",\"https:\\\/\\\/www.youtube.com\\\/user\\\/laguiadepamplona\"]},{\"@type\":\"Person\",\"@id\":\"https:\\\/\\\/www.laguiadepamplona.com\\\/actualidad\\\/#\\\/schema\\\/person\\\/efe887376f0213d4657c93adc50b1fdb\",\"name\":\"La Gu\u00eda de Pamplona\",\"image\":{\"@type\":\"ImageObject\",\"inLanguage\":\"es\",\"@id\":\"https:\\\/\\\/secure.gravatar.com\\\/avatar\\\/b6992f131dc8d30ab0dff15446e9d346d9dbd95992de0fef795073f5ea83a81c?s=96&d=mm&r=g\",\"url\":\"https:\\\/\\\/secure.gravatar.com\\\/avatar\\\/b6992f131dc8d30ab0dff15446e9d346d9dbd95992de0fef795073f5ea83a81c?s=96&d=mm&r=g\",\"contentUrl\":\"https:\\\/\\\/secure.gravatar.com\\\/avatar\\\/b6992f131dc8d30ab0dff15446e9d346d9dbd95992de0fef795073f5ea83a81c?s=96&d=mm&r=g\",\"caption\":\"La Gu\u00eda de Pamplona\"}}]}<\/script>\n<!-- \/ Yoast SEO plugin. -->","yoast_head_json":{"title":"El lunes llega a la Red Civivox, por tercer a\u00f1o consecutivo \u201cCon otras palabras\u201d, una propuesta panor\u00e1mica del Ayuntamiento de Pamplona sobre la narraci\u00f3n oral","robots":{"index":"index","follow":"follow","max-snippet":"max-snippet:-1","max-image-preview":"max-image-preview:large","max-video-preview":"max-video-preview:-1"},"canonical":"https:\/\/www.laguiadepamplona.com\/actualidad\/el-lunes-llega-a-la-red-civivox-por-tercer-ano-consecutivo-con-otras-palabras-una-propuesta-panoramica-del-ayuntamiento-de-pamplona-sobre-la-narracion-oral\/","og_locale":"es_ES","og_type":"article","og_title":"El lunes llega a la Red Civivox, por tercer a\u00f1o consecutivo \u201cCon otras palabras\u201d, una propuesta panor\u00e1mica del Ayuntamiento de Pamplona sobre la narraci\u00f3n oral","og_description":"El Siglo de Oro, Shakespeare y sus personajes femeninos, el relato de miedo y el popular, estar\u00e1n presentes en noviembre en Condestable Dice Francisco Garz\u00f3n, un escritor y periodista cubano,...","og_url":"https:\/\/www.laguiadepamplona.com\/actualidad\/el-lunes-llega-a-la-red-civivox-por-tercer-ano-consecutivo-con-otras-palabras-una-propuesta-panoramica-del-ayuntamiento-de-pamplona-sobre-la-narracion-oral\/","og_site_name":"La Gu\u00eda de Pamplona","article_publisher":"https:\/\/www.facebook.com\/laguiadepamplonacom-133175176762273\/?ref=hl","article_published_time":"2014-10-31T13:14:06+00:00","author":"La Gu\u00eda de Pamplona","twitter_card":"summary_large_image","twitter_creator":"@LaGuiadPamplona","twitter_site":"@LaGuiadPamplona","twitter_misc":{"Escrito por":"La Gu\u00eda de Pamplona","Tiempo de lectura":"5 minutos"},"schema":{"@context":"https:\/\/schema.org","@graph":[{"@type":"Article","@id":"https:\/\/www.laguiadepamplona.com\/actualidad\/el-lunes-llega-a-la-red-civivox-por-tercer-ano-consecutivo-con-otras-palabras-una-propuesta-panoramica-del-ayuntamiento-de-pamplona-sobre-la-narracion-oral\/#article","isPartOf":{"@id":"https:\/\/www.laguiadepamplona.com\/actualidad\/el-lunes-llega-a-la-red-civivox-por-tercer-ano-consecutivo-con-otras-palabras-una-propuesta-panoramica-del-ayuntamiento-de-pamplona-sobre-la-narracion-oral\/"},"author":{"name":"La Gu\u00eda de Pamplona","@id":"https:\/\/www.laguiadepamplona.com\/actualidad\/#\/schema\/person\/efe887376f0213d4657c93adc50b1fdb"},"headline":"El lunes llega a la Red Civivox, por tercer a\u00f1o consecutivo \u201cCon otras palabras\u201d, una propuesta panor\u00e1mica del Ayuntamiento de Pamplona sobre la narraci\u00f3n oral","datePublished":"2014-10-31T13:14:06+00:00","mainEntityOfPage":{"@id":"https:\/\/www.laguiadepamplona.com\/actualidad\/el-lunes-llega-a-la-red-civivox-por-tercer-ano-consecutivo-con-otras-palabras-una-propuesta-panoramica-del-ayuntamiento-de-pamplona-sobre-la-narracion-oral\/"},"wordCount":1115,"commentCount":0,"publisher":{"@id":"https:\/\/www.laguiadepamplona.com\/actualidad\/#organization"},"image":{"@id":"https:\/\/www.laguiadepamplona.com\/actualidad\/el-lunes-llega-a-la-red-civivox-por-tercer-ano-consecutivo-con-otras-palabras-una-propuesta-panoramica-del-ayuntamiento-de-pamplona-sobre-la-narracion-oral\/#primaryimage"},"thumbnailUrl":"","keywords":["actualidad","ayto pamplona","Ayuntamiento de Pamplona","Con otras palabras","Narraci\u00f3n Oral Esc\u00e9nica (NOE)","noticias","pamplona","red civivox","Shakespeare","siglo de oro"],"articleSection":["Ayto Pamplona"],"inLanguage":"es","potentialAction":[{"@type":"CommentAction","name":"Comment","target":["https:\/\/www.laguiadepamplona.com\/actualidad\/el-lunes-llega-a-la-red-civivox-por-tercer-ano-consecutivo-con-otras-palabras-una-propuesta-panoramica-del-ayuntamiento-de-pamplona-sobre-la-narracion-oral\/#respond"]}]},{"@type":"WebPage","@id":"https:\/\/www.laguiadepamplona.com\/actualidad\/el-lunes-llega-a-la-red-civivox-por-tercer-ano-consecutivo-con-otras-palabras-una-propuesta-panoramica-del-ayuntamiento-de-pamplona-sobre-la-narracion-oral\/","url":"https:\/\/www.laguiadepamplona.com\/actualidad\/el-lunes-llega-a-la-red-civivox-por-tercer-ano-consecutivo-con-otras-palabras-una-propuesta-panoramica-del-ayuntamiento-de-pamplona-sobre-la-narracion-oral\/","name":"El lunes llega a la Red Civivox, por tercer a\u00f1o consecutivo \u201cCon otras palabras\u201d, una propuesta panor\u00e1mica del Ayuntamiento de Pamplona sobre la narraci\u00f3n oral","isPartOf":{"@id":"https:\/\/www.laguiadepamplona.com\/actualidad\/#website"},"primaryImageOfPage":{"@id":"https:\/\/www.laguiadepamplona.com\/actualidad\/el-lunes-llega-a-la-red-civivox-por-tercer-ano-consecutivo-con-otras-palabras-una-propuesta-panoramica-del-ayuntamiento-de-pamplona-sobre-la-narracion-oral\/#primaryimage"},"image":{"@id":"https:\/\/www.laguiadepamplona.com\/actualidad\/el-lunes-llega-a-la-red-civivox-por-tercer-ano-consecutivo-con-otras-palabras-una-propuesta-panoramica-del-ayuntamiento-de-pamplona-sobre-la-narracion-oral\/#primaryimage"},"thumbnailUrl":"","datePublished":"2014-10-31T13:14:06+00:00","breadcrumb":{"@id":"https:\/\/www.laguiadepamplona.com\/actualidad\/el-lunes-llega-a-la-red-civivox-por-tercer-ano-consecutivo-con-otras-palabras-una-propuesta-panoramica-del-ayuntamiento-de-pamplona-sobre-la-narracion-oral\/#breadcrumb"},"inLanguage":"es","potentialAction":[{"@type":"ReadAction","target":["https:\/\/www.laguiadepamplona.com\/actualidad\/el-lunes-llega-a-la-red-civivox-por-tercer-ano-consecutivo-con-otras-palabras-una-propuesta-panoramica-del-ayuntamiento-de-pamplona-sobre-la-narracion-oral\/"]}]},{"@type":"ImageObject","inLanguage":"es","@id":"https:\/\/www.laguiadepamplona.com\/actualidad\/el-lunes-llega-a-la-red-civivox-por-tercer-ano-consecutivo-con-otras-palabras-una-propuesta-panoramica-del-ayuntamiento-de-pamplona-sobre-la-narracion-oral\/#primaryimage","url":"","contentUrl":""},{"@type":"BreadcrumbList","@id":"https:\/\/www.laguiadepamplona.com\/actualidad\/el-lunes-llega-a-la-red-civivox-por-tercer-ano-consecutivo-con-otras-palabras-una-propuesta-panoramica-del-ayuntamiento-de-pamplona-sobre-la-narracion-oral\/#breadcrumb","itemListElement":[{"@type":"ListItem","position":1,"name":"Portada","item":"https:\/\/www.laguiadepamplona.com\/actualidad\/"},{"@type":"ListItem","position":2,"name":"El lunes llega a la Red Civivox, por tercer a\u00f1o consecutivo \u201cCon otras palabras\u201d, una propuesta panor\u00e1mica del Ayuntamiento de Pamplona sobre la narraci\u00f3n oral"}]},{"@type":"WebSite","@id":"https:\/\/www.laguiadepamplona.com\/actualidad\/#website","url":"https:\/\/www.laguiadepamplona.com\/actualidad\/","name":"La gu\u00eda de Pamplona","description":"Noticias de Pamplona","publisher":{"@id":"https:\/\/www.laguiadepamplona.com\/actualidad\/#organization"},"potentialAction":[{"@type":"SearchAction","target":{"@type":"EntryPoint","urlTemplate":"https:\/\/www.laguiadepamplona.com\/actualidad\/?s={search_term_string}"},"query-input":{"@type":"PropertyValueSpecification","valueRequired":true,"valueName":"search_term_string"}}],"inLanguage":"es"},{"@type":"Organization","@id":"https:\/\/www.laguiadepamplona.com\/actualidad\/#organization","name":"La Gu\u00eda de Pamplona \/ Noticias","url":"https:\/\/www.laguiadepamplona.com\/actualidad\/","logo":{"@type":"ImageObject","inLanguage":"es","@id":"https:\/\/www.laguiadepamplona.com\/actualidad\/#\/schema\/logo\/image\/","url":"https:\/\/www.laguiadepamplona.com\/actualidad\/wp-content\/uploads\/2018\/11\/logo-laguiadepamplona18-web1.png","contentUrl":"https:\/\/www.laguiadepamplona.com\/actualidad\/wp-content\/uploads\/2018\/11\/logo-laguiadepamplona18-web1.png","width":600,"height":196,"caption":"La Gu\u00eda de Pamplona \/ Noticias"},"image":{"@id":"https:\/\/www.laguiadepamplona.com\/actualidad\/#\/schema\/logo\/image\/"},"sameAs":["https:\/\/www.facebook.com\/laguiadepamplonacom-133175176762273\/?ref=hl","https:\/\/x.com\/LaGuiadPamplona","https:\/\/www.instagram.com\/la_guia_de_pamplona\/","https:\/\/www.youtube.com\/user\/laguiadepamplona"]},{"@type":"Person","@id":"https:\/\/www.laguiadepamplona.com\/actualidad\/#\/schema\/person\/efe887376f0213d4657c93adc50b1fdb","name":"La Gu\u00eda de Pamplona","image":{"@type":"ImageObject","inLanguage":"es","@id":"https:\/\/secure.gravatar.com\/avatar\/b6992f131dc8d30ab0dff15446e9d346d9dbd95992de0fef795073f5ea83a81c?s=96&d=mm&r=g","url":"https:\/\/secure.gravatar.com\/avatar\/b6992f131dc8d30ab0dff15446e9d346d9dbd95992de0fef795073f5ea83a81c?s=96&d=mm&r=g","contentUrl":"https:\/\/secure.gravatar.com\/avatar\/b6992f131dc8d30ab0dff15446e9d346d9dbd95992de0fef795073f5ea83a81c?s=96&d=mm&r=g","caption":"La Gu\u00eda de Pamplona"}}]}},"post_mailing_queue_ids":[],"_links":{"self":[{"href":"https:\/\/www.laguiadepamplona.com\/actualidad\/wp-json\/wp\/v2\/posts\/3656","targetHints":{"allow":["GET"]}}],"collection":[{"href":"https:\/\/www.laguiadepamplona.com\/actualidad\/wp-json\/wp\/v2\/posts"}],"about":[{"href":"https:\/\/www.laguiadepamplona.com\/actualidad\/wp-json\/wp\/v2\/types\/post"}],"author":[{"embeddable":true,"href":"https:\/\/www.laguiadepamplona.com\/actualidad\/wp-json\/wp\/v2\/users\/1"}],"replies":[{"embeddable":true,"href":"https:\/\/www.laguiadepamplona.com\/actualidad\/wp-json\/wp\/v2\/comments?post=3656"}],"version-history":[{"count":0,"href":"https:\/\/www.laguiadepamplona.com\/actualidad\/wp-json\/wp\/v2\/posts\/3656\/revisions"}],"wp:featuredmedia":[{"embeddable":true,"href":"https:\/\/www.laguiadepamplona.com\/actualidad\/wp-json\/"}],"wp:attachment":[{"href":"https:\/\/www.laguiadepamplona.com\/actualidad\/wp-json\/wp\/v2\/media?parent=3656"}],"wp:term":[{"taxonomy":"category","embeddable":true,"href":"https:\/\/www.laguiadepamplona.com\/actualidad\/wp-json\/wp\/v2\/categories?post=3656"},{"taxonomy":"post_tag","embeddable":true,"href":"https:\/\/www.laguiadepamplona.com\/actualidad\/wp-json\/wp\/v2\/tags?post=3656"}],"curies":[{"name":"wp","href":"https:\/\/api.w.org\/{rel}","templated":true}]}}