{"id":36533,"date":"2021-09-20T16:38:05","date_gmt":"2021-09-20T14:38:05","guid":{"rendered":"https:\/\/www.laguiadepamplona.com\/actualidad\/?p=36533"},"modified":"2023-04-11T11:49:00","modified_gmt":"2023-04-11T09:49:00","slug":"licitadas-las-obras-en-el-chalet-de-caparroso-para-adecuarlo-como-albergue-de-personas-refugiadas-sin-estar-reservado-el-contrato-para-centros-especiales-de-empleo","status":"publish","type":"post","link":"https:\/\/www.laguiadepamplona.com\/actualidad\/licitadas-las-obras-en-el-chalet-de-caparroso-para-adecuarlo-como-albergue-de-personas-refugiadas-sin-estar-reservado-el-contrato-para-centros-especiales-de-empleo\/","title":{"rendered":"Licitadas las obras en el Chalet de Caparroso para adecuarlo como albergue de personas refugiadas sin estar reservado el contrato para Centros Especiales de Empleo"},"content":{"rendered":"<h5>La Junta de Gobierno Local aprueba la nueva licitaci\u00f3n manteniendo el presupuesto de 150.000 euros para los trabajos<\/h5>\n<p><!--more--><\/p>\n<p>La Junta de Gobierno Local ha aprobado una nueva licitaci\u00f3n para las obras del denominado Chalet de Caparroso que pasar\u00e1 a convertirse en albergue de personas refugiadas. En la primera licitaci\u00f3n se reserv\u00f3 el contrato para Centros Especiales de Empleo sin \u00e1nimo de lucro, Centros de Iniciativa Social o Empresas de Inserci\u00f3n, quedando desierta.<\/p>\n<p>En esta ocasi\u00f3n, la contrataci\u00f3n ya no incluye esa reserva y mantiene el presupuesto de 150.000 euros (IVA incluido). Del gasto, 105.000 euros est\u00e1n incluidos en el presupuesto de este a\u00f1o y 45.000 euros en el de 2022. Esta iniciativa se incluye en el acuerdo presupuestario entre los grupos de Navarra Suma y Socialistas del Ayuntamiento de Pamplona.<\/p>\n<p>De esta manera, el Ayuntamiento de Pamplona reformar\u00e1 el espacio para su posterior cesi\u00f3n al departamento de Pol\u00edticas Migratorias de Gobierno de Navarra, responsable de la gesti\u00f3n de este recurso destinado a personas refugiadas y migrantes que se han visto obligadas a abandonar los Programa de Protecci\u00f3n Internacional del Ministerio de Trabajo, Migraciones y Seguridad Social y el Programa de Acogida Humanitaria. Podr\u00e1n alojarse temporalmente hasta 16 personas.<\/p>\n<p><script async src=\"\/\/pagead2.googlesyndication.com\/pagead\/js\/adsbygoogle.js\"><\/script><br \/>\n<!-- Noticias La Guia de Pamplona --><br \/>\n<ins class=\"adsbygoogle\"\nstyle=\"display:block\"\ndata-ad-client=\"ca-pub-6943679897239327\"\ndata-ad-slot=\"7048180777\"\ndata-ad-format=\"auto\"><\/ins><br \/>\n<script>\n(adsbygoogle = window.adsbygoogle || []).push({});\n<\/script><\/p>\n<p><strong>Dejar el edificio en \u00f3ptimas condiciones de limpieza, funcionalidad y seguridad<\/strong><\/p>\n<p>Este edificio del II Ensanche data del a\u00f1o 1900. Es una unidad aislada con cuatro fachadas libres, realizada con imagen de caser\u00edo vasco-franc\u00e9s. Est\u00e1 situado en el camino de Caparroso, 4, una calle principalmente peatonal. Su \u00faltimo uso fue residencial y ahora las obras se encaminan a adecuarlo a ese mismo uso, adaptando sus instalaciones a la normativa para dejarlo en \u00f3ptimas condiciones de salubridad, funcionalidad y seguridad. Su \u00faltima restauraci\u00f3n integral fue en 2002. El edificio consta de planta baja m\u00e1s dos alturas.<\/p>\n<p>En el exterior del edificio las obras consistir\u00e1n en la limpieza de fachadas, la sustituci\u00f3n de vidrios, el sellado y la colocaci\u00f3n de \u201cquitamiedos\u201d en los antepechos, cuyas alturas ya no cumplen con la normativa UE. Adem\u00e1s, en la parte trasera, se levantar\u00e1 el paso hormigonado que recib\u00eda el agua de escorrent\u00eda del talud pr\u00f3ximo al edificio, aprovechando para impermeabilizar el muro de esa fachada y evitar las humedades que presenta actualmente. Finalmente, se eliminar\u00e1 una peque\u00f1a tronera, hoy cegada.<\/p>\n<p><script async src=\"\/\/pagead2.googlesyndication.com\/pagead\/js\/adsbygoogle.js\"><\/script><br \/>\n<!-- Noticias La Guia de Pamplona --><br \/>\n<ins class=\"adsbygoogle\"\nstyle=\"display:block\"\ndata-ad-client=\"ca-pub-6943679897239327\"\ndata-ad-slot=\"7048180777\"\ndata-ad-format=\"auto\"><\/ins><br \/>\n<script>\n(adsbygoogle = window.adsbygoogle || []).push({});\n<\/script><\/p>\n<p><strong>Nuevos aseos, ascensor y cambios de iluminaci\u00f3n, calefacci\u00f3n y sistema el\u00e9ctrico<\/strong><\/p>\n<p>Dentro del chalet la propuesta de rehabilitaci\u00f3n consiste en la ejecuci\u00f3n de dos cuartos de ba\u00f1o en la primera planta y la instalaci\u00f3n de un ascensor. Se sustituir\u00e1 completamente iluminaci\u00f3n y electrificaci\u00f3n, as\u00ed como las instalaciones de extracci\u00f3n y ventilaci\u00f3n y se acondicionar\u00e1 el sistema de calefacci\u00f3n. No hace falta realizar ninguna intervenci\u00f3n de refuerzo de la estructura, aunque s\u00ed picar revestimientos en los puntos en los que est\u00e9n deteriorados.<\/p>\n<p>En la valoraci\u00f3n de las propuestas se otorgar\u00e1n a la propuesta t\u00e9cnica hasta 40 puntos, los mismos que a la oferta econ\u00f3mica; hasta 10 puntos a los criterios sociales y hasta 5 puntos tanto al plazo de ejecuci\u00f3n de la obra como al criterio medioambiental.<\/p>\n","protected":false},"excerpt":{"rendered":"<p>La Junta de Gobierno Local aprueba la nueva licitaci\u00f3n manteniendo el presupuesto de 150.000 euros para los trabajos<\/p>\n","protected":false},"author":1,"featured_media":11439,"comment_status":"open","ping_status":"closed","sticky":false,"template":"","format":"standard","meta":{"footnotes":""},"categories":[2],"tags":[],"class_list":["post-36533","post","type-post","status-publish","format-standard","has-post-thumbnail","hentry","category-ayuntamiento-pamplona"],"yoast_head":"<!-- This site is optimized with the Yoast SEO plugin v27.5 - https:\/\/yoast.com\/product\/yoast-seo-wordpress\/ -->\n<title>Licitadas las obras en el Chalet de Caparroso para adecuarlo como albergue de personas refugiadas sin estar reservado el contrato para Centros Especiales de Empleo<\/title>\n<meta name=\"description\" content=\"La Junta de Gobierno Local aprueba la nueva licitaci\u00f3n manteniendo el presupuesto de 150.000 euros para los trabajos\" \/>\n<meta name=\"robots\" content=\"index, follow, max-snippet:-1, max-image-preview:large, max-video-preview:-1\" \/>\n<link rel=\"canonical\" href=\"https:\/\/www.laguiadepamplona.com\/actualidad\/licitadas-las-obras-en-el-chalet-de-caparroso-para-adecuarlo-como-albergue-de-personas-refugiadas-sin-estar-reservado-el-contrato-para-centros-especiales-de-empleo\/\" \/>\n<meta property=\"og:locale\" content=\"es_ES\" \/>\n<meta property=\"og:type\" content=\"article\" \/>\n<meta property=\"og:title\" content=\"Licitadas las obras en el Chalet de Caparroso para adecuarlo como albergue de personas refugiadas sin estar reservado el contrato para Centros Especiales de Empleo\" \/>\n<meta property=\"og:description\" content=\"La Junta de Gobierno Local aprueba la nueva licitaci\u00f3n manteniendo el presupuesto de 150.000 euros para los trabajos\" \/>\n<meta property=\"og:url\" content=\"https:\/\/www.laguiadepamplona.com\/actualidad\/licitadas-las-obras-en-el-chalet-de-caparroso-para-adecuarlo-como-albergue-de-personas-refugiadas-sin-estar-reservado-el-contrato-para-centros-especiales-de-empleo\/\" \/>\n<meta property=\"og:site_name\" content=\"La Gu\u00eda de Pamplona\" \/>\n<meta property=\"article:publisher\" content=\"https:\/\/www.facebook.com\/laguiadepamplonacom-133175176762273\/?ref=hl\" \/>\n<meta property=\"article:published_time\" content=\"2021-09-20T14:38:05+00:00\" \/>\n<meta property=\"article:modified_time\" content=\"2023-04-11T09:49:00+00:00\" \/>\n<meta property=\"og:image\" content=\"https:\/\/www.laguiadepamplona.com\/actualidad\/wp-content\/uploads\/2017\/01\/visita_chale_caparroso_1-1.jpg\" \/>\n\t<meta property=\"og:image:width\" content=\"900\" \/>\n\t<meta property=\"og:image:height\" content=\"600\" \/>\n\t<meta property=\"og:image:type\" content=\"image\/jpeg\" \/>\n<meta name=\"author\" content=\"La Gu\u00eda de Pamplona\" \/>\n<meta name=\"twitter:card\" content=\"summary_large_image\" \/>\n<meta name=\"twitter:creator\" content=\"@LaGuiadPamplona\" \/>\n<meta name=\"twitter:site\" content=\"@LaGuiadPamplona\" \/>\n<meta name=\"twitter:label1\" content=\"Escrito por\" \/>\n\t<meta name=\"twitter:data1\" content=\"La Gu\u00eda de Pamplona\" \/>\n\t<meta name=\"twitter:label2\" content=\"Tiempo de lectura\" \/>\n\t<meta name=\"twitter:data2\" content=\"3 minutos\" \/>\n<script type=\"application\/ld+json\" class=\"yoast-schema-graph\">{\"@context\":\"https:\\\/\\\/schema.org\",\"@graph\":[{\"@type\":\"Article\",\"@id\":\"https:\\\/\\\/www.laguiadepamplona.com\\\/actualidad\\\/licitadas-las-obras-en-el-chalet-de-caparroso-para-adecuarlo-como-albergue-de-personas-refugiadas-sin-estar-reservado-el-contrato-para-centros-especiales-de-empleo\\\/#article\",\"isPartOf\":{\"@id\":\"https:\\\/\\\/www.laguiadepamplona.com\\\/actualidad\\\/licitadas-las-obras-en-el-chalet-de-caparroso-para-adecuarlo-como-albergue-de-personas-refugiadas-sin-estar-reservado-el-contrato-para-centros-especiales-de-empleo\\\/\"},\"author\":{\"name\":\"La Gu\u00eda de Pamplona\",\"@id\":\"https:\\\/\\\/www.laguiadepamplona.com\\\/actualidad\\\/#\\\/schema\\\/person\\\/efe887376f0213d4657c93adc50b1fdb\"},\"headline\":\"Licitadas las obras en el Chalet de Caparroso para adecuarlo como albergue de personas refugiadas sin estar reservado el contrato para Centros Especiales de Empleo\",\"datePublished\":\"2021-09-20T14:38:05+00:00\",\"dateModified\":\"2023-04-11T09:49:00+00:00\",\"mainEntityOfPage\":{\"@id\":\"https:\\\/\\\/www.laguiadepamplona.com\\\/actualidad\\\/licitadas-las-obras-en-el-chalet-de-caparroso-para-adecuarlo-como-albergue-de-personas-refugiadas-sin-estar-reservado-el-contrato-para-centros-especiales-de-empleo\\\/\"},\"wordCount\":557,\"commentCount\":0,\"publisher\":{\"@id\":\"https:\\\/\\\/www.laguiadepamplona.com\\\/actualidad\\\/#organization\"},\"image\":{\"@id\":\"https:\\\/\\\/www.laguiadepamplona.com\\\/actualidad\\\/licitadas-las-obras-en-el-chalet-de-caparroso-para-adecuarlo-como-albergue-de-personas-refugiadas-sin-estar-reservado-el-contrato-para-centros-especiales-de-empleo\\\/#primaryimage\"},\"thumbnailUrl\":\"https:\\\/\\\/www.laguiadepamplona.com\\\/actualidad\\\/wp-content\\\/uploads\\\/2017\\\/01\\\/visita_chale_caparroso_1-1.jpg\",\"articleSection\":[\"Ayto Pamplona\"],\"inLanguage\":\"es\",\"potentialAction\":[{\"@type\":\"CommentAction\",\"name\":\"Comment\",\"target\":[\"https:\\\/\\\/www.laguiadepamplona.com\\\/actualidad\\\/licitadas-las-obras-en-el-chalet-de-caparroso-para-adecuarlo-como-albergue-de-personas-refugiadas-sin-estar-reservado-el-contrato-para-centros-especiales-de-empleo\\\/#respond\"]}]},{\"@type\":\"WebPage\",\"@id\":\"https:\\\/\\\/www.laguiadepamplona.com\\\/actualidad\\\/licitadas-las-obras-en-el-chalet-de-caparroso-para-adecuarlo-como-albergue-de-personas-refugiadas-sin-estar-reservado-el-contrato-para-centros-especiales-de-empleo\\\/\",\"url\":\"https:\\\/\\\/www.laguiadepamplona.com\\\/actualidad\\\/licitadas-las-obras-en-el-chalet-de-caparroso-para-adecuarlo-como-albergue-de-personas-refugiadas-sin-estar-reservado-el-contrato-para-centros-especiales-de-empleo\\\/\",\"name\":\"Licitadas las obras en el Chalet de Caparroso para adecuarlo como albergue de personas refugiadas sin estar reservado el contrato para Centros Especiales de Empleo\",\"isPartOf\":{\"@id\":\"https:\\\/\\\/www.laguiadepamplona.com\\\/actualidad\\\/#website\"},\"primaryImageOfPage\":{\"@id\":\"https:\\\/\\\/www.laguiadepamplona.com\\\/actualidad\\\/licitadas-las-obras-en-el-chalet-de-caparroso-para-adecuarlo-como-albergue-de-personas-refugiadas-sin-estar-reservado-el-contrato-para-centros-especiales-de-empleo\\\/#primaryimage\"},\"image\":{\"@id\":\"https:\\\/\\\/www.laguiadepamplona.com\\\/actualidad\\\/licitadas-las-obras-en-el-chalet-de-caparroso-para-adecuarlo-como-albergue-de-personas-refugiadas-sin-estar-reservado-el-contrato-para-centros-especiales-de-empleo\\\/#primaryimage\"},\"thumbnailUrl\":\"https:\\\/\\\/www.laguiadepamplona.com\\\/actualidad\\\/wp-content\\\/uploads\\\/2017\\\/01\\\/visita_chale_caparroso_1-1.jpg\",\"datePublished\":\"2021-09-20T14:38:05+00:00\",\"dateModified\":\"2023-04-11T09:49:00+00:00\",\"description\":\"La Junta de Gobierno Local aprueba la nueva licitaci\u00f3n manteniendo el presupuesto de 150.000 euros para los trabajos\",\"breadcrumb\":{\"@id\":\"https:\\\/\\\/www.laguiadepamplona.com\\\/actualidad\\\/licitadas-las-obras-en-el-chalet-de-caparroso-para-adecuarlo-como-albergue-de-personas-refugiadas-sin-estar-reservado-el-contrato-para-centros-especiales-de-empleo\\\/#breadcrumb\"},\"inLanguage\":\"es\",\"potentialAction\":[{\"@type\":\"ReadAction\",\"target\":[\"https:\\\/\\\/www.laguiadepamplona.com\\\/actualidad\\\/licitadas-las-obras-en-el-chalet-de-caparroso-para-adecuarlo-como-albergue-de-personas-refugiadas-sin-estar-reservado-el-contrato-para-centros-especiales-de-empleo\\\/\"]}]},{\"@type\":\"ImageObject\",\"inLanguage\":\"es\",\"@id\":\"https:\\\/\\\/www.laguiadepamplona.com\\\/actualidad\\\/licitadas-las-obras-en-el-chalet-de-caparroso-para-adecuarlo-como-albergue-de-personas-refugiadas-sin-estar-reservado-el-contrato-para-centros-especiales-de-empleo\\\/#primaryimage\",\"url\":\"https:\\\/\\\/www.laguiadepamplona.com\\\/actualidad\\\/wp-content\\\/uploads\\\/2017\\\/01\\\/visita_chale_caparroso_1-1.jpg\",\"contentUrl\":\"https:\\\/\\\/www.laguiadepamplona.com\\\/actualidad\\\/wp-content\\\/uploads\\\/2017\\\/01\\\/visita_chale_caparroso_1-1.jpg\",\"width\":900,\"height\":600},{\"@type\":\"BreadcrumbList\",\"@id\":\"https:\\\/\\\/www.laguiadepamplona.com\\\/actualidad\\\/licitadas-las-obras-en-el-chalet-de-caparroso-para-adecuarlo-como-albergue-de-personas-refugiadas-sin-estar-reservado-el-contrato-para-centros-especiales-de-empleo\\\/#breadcrumb\",\"itemListElement\":[{\"@type\":\"ListItem\",\"position\":1,\"name\":\"Portada\",\"item\":\"https:\\\/\\\/www.laguiadepamplona.com\\\/actualidad\\\/\"},{\"@type\":\"ListItem\",\"position\":2,\"name\":\"Licitadas las obras en el Chalet de Caparroso para adecuarlo como albergue de personas refugiadas sin estar reservado el contrato para Centros Especiales de Empleo\"}]},{\"@type\":\"WebSite\",\"@id\":\"https:\\\/\\\/www.laguiadepamplona.com\\\/actualidad\\\/#website\",\"url\":\"https:\\\/\\\/www.laguiadepamplona.com\\\/actualidad\\\/\",\"name\":\"La gu\u00eda de Pamplona\",\"description\":\"Noticias de Pamplona\",\"publisher\":{\"@id\":\"https:\\\/\\\/www.laguiadepamplona.com\\\/actualidad\\\/#organization\"},\"potentialAction\":[{\"@type\":\"SearchAction\",\"target\":{\"@type\":\"EntryPoint\",\"urlTemplate\":\"https:\\\/\\\/www.laguiadepamplona.com\\\/actualidad\\\/?s={search_term_string}\"},\"query-input\":{\"@type\":\"PropertyValueSpecification\",\"valueRequired\":true,\"valueName\":\"search_term_string\"}}],\"inLanguage\":\"es\"},{\"@type\":\"Organization\",\"@id\":\"https:\\\/\\\/www.laguiadepamplona.com\\\/actualidad\\\/#organization\",\"name\":\"La Gu\u00eda de Pamplona \\\/ Noticias\",\"url\":\"https:\\\/\\\/www.laguiadepamplona.com\\\/actualidad\\\/\",\"logo\":{\"@type\":\"ImageObject\",\"inLanguage\":\"es\",\"@id\":\"https:\\\/\\\/www.laguiadepamplona.com\\\/actualidad\\\/#\\\/schema\\\/logo\\\/image\\\/\",\"url\":\"https:\\\/\\\/www.laguiadepamplona.com\\\/actualidad\\\/wp-content\\\/uploads\\\/2018\\\/11\\\/logo-laguiadepamplona18-web1.png\",\"contentUrl\":\"https:\\\/\\\/www.laguiadepamplona.com\\\/actualidad\\\/wp-content\\\/uploads\\\/2018\\\/11\\\/logo-laguiadepamplona18-web1.png\",\"width\":600,\"height\":196,\"caption\":\"La Gu\u00eda de Pamplona \\\/ Noticias\"},\"image\":{\"@id\":\"https:\\\/\\\/www.laguiadepamplona.com\\\/actualidad\\\/#\\\/schema\\\/logo\\\/image\\\/\"},\"sameAs\":[\"https:\\\/\\\/www.facebook.com\\\/laguiadepamplonacom-133175176762273\\\/?ref=hl\",\"https:\\\/\\\/x.com\\\/LaGuiadPamplona\",\"https:\\\/\\\/www.instagram.com\\\/la_guia_de_pamplona\\\/\",\"https:\\\/\\\/www.youtube.com\\\/user\\\/laguiadepamplona\"]},{\"@type\":\"Person\",\"@id\":\"https:\\\/\\\/www.laguiadepamplona.com\\\/actualidad\\\/#\\\/schema\\\/person\\\/efe887376f0213d4657c93adc50b1fdb\",\"name\":\"La Gu\u00eda de Pamplona\",\"image\":{\"@type\":\"ImageObject\",\"inLanguage\":\"es\",\"@id\":\"https:\\\/\\\/secure.gravatar.com\\\/avatar\\\/b6992f131dc8d30ab0dff15446e9d346d9dbd95992de0fef795073f5ea83a81c?s=96&d=mm&r=g\",\"url\":\"https:\\\/\\\/secure.gravatar.com\\\/avatar\\\/b6992f131dc8d30ab0dff15446e9d346d9dbd95992de0fef795073f5ea83a81c?s=96&d=mm&r=g\",\"contentUrl\":\"https:\\\/\\\/secure.gravatar.com\\\/avatar\\\/b6992f131dc8d30ab0dff15446e9d346d9dbd95992de0fef795073f5ea83a81c?s=96&d=mm&r=g\",\"caption\":\"La Gu\u00eda de Pamplona\"}}]}<\/script>\n<!-- \/ Yoast SEO plugin. -->","yoast_head_json":{"title":"Licitadas las obras en el Chalet de Caparroso para adecuarlo como albergue de personas refugiadas sin estar reservado el contrato para Centros Especiales de Empleo","description":"La Junta de Gobierno Local aprueba la nueva licitaci\u00f3n manteniendo el presupuesto de 150.000 euros para los trabajos","robots":{"index":"index","follow":"follow","max-snippet":"max-snippet:-1","max-image-preview":"max-image-preview:large","max-video-preview":"max-video-preview:-1"},"canonical":"https:\/\/www.laguiadepamplona.com\/actualidad\/licitadas-las-obras-en-el-chalet-de-caparroso-para-adecuarlo-como-albergue-de-personas-refugiadas-sin-estar-reservado-el-contrato-para-centros-especiales-de-empleo\/","og_locale":"es_ES","og_type":"article","og_title":"Licitadas las obras en el Chalet de Caparroso para adecuarlo como albergue de personas refugiadas sin estar reservado el contrato para Centros Especiales de Empleo","og_description":"La Junta de Gobierno Local aprueba la nueva licitaci\u00f3n manteniendo el presupuesto de 150.000 euros para los trabajos","og_url":"https:\/\/www.laguiadepamplona.com\/actualidad\/licitadas-las-obras-en-el-chalet-de-caparroso-para-adecuarlo-como-albergue-de-personas-refugiadas-sin-estar-reservado-el-contrato-para-centros-especiales-de-empleo\/","og_site_name":"La Gu\u00eda de Pamplona","article_publisher":"https:\/\/www.facebook.com\/laguiadepamplonacom-133175176762273\/?ref=hl","article_published_time":"2021-09-20T14:38:05+00:00","article_modified_time":"2023-04-11T09:49:00+00:00","og_image":[{"width":900,"height":600,"url":"https:\/\/www.laguiadepamplona.com\/actualidad\/wp-content\/uploads\/2017\/01\/visita_chale_caparroso_1-1.jpg","type":"image\/jpeg"}],"author":"La Gu\u00eda de Pamplona","twitter_card":"summary_large_image","twitter_creator":"@LaGuiadPamplona","twitter_site":"@LaGuiadPamplona","twitter_misc":{"Escrito por":"La Gu\u00eda de Pamplona","Tiempo de lectura":"3 minutos"},"schema":{"@context":"https:\/\/schema.org","@graph":[{"@type":"Article","@id":"https:\/\/www.laguiadepamplona.com\/actualidad\/licitadas-las-obras-en-el-chalet-de-caparroso-para-adecuarlo-como-albergue-de-personas-refugiadas-sin-estar-reservado-el-contrato-para-centros-especiales-de-empleo\/#article","isPartOf":{"@id":"https:\/\/www.laguiadepamplona.com\/actualidad\/licitadas-las-obras-en-el-chalet-de-caparroso-para-adecuarlo-como-albergue-de-personas-refugiadas-sin-estar-reservado-el-contrato-para-centros-especiales-de-empleo\/"},"author":{"name":"La Gu\u00eda de Pamplona","@id":"https:\/\/www.laguiadepamplona.com\/actualidad\/#\/schema\/person\/efe887376f0213d4657c93adc50b1fdb"},"headline":"Licitadas las obras en el Chalet de Caparroso para adecuarlo como albergue de personas refugiadas sin estar reservado el contrato para Centros Especiales de Empleo","datePublished":"2021-09-20T14:38:05+00:00","dateModified":"2023-04-11T09:49:00+00:00","mainEntityOfPage":{"@id":"https:\/\/www.laguiadepamplona.com\/actualidad\/licitadas-las-obras-en-el-chalet-de-caparroso-para-adecuarlo-como-albergue-de-personas-refugiadas-sin-estar-reservado-el-contrato-para-centros-especiales-de-empleo\/"},"wordCount":557,"commentCount":0,"publisher":{"@id":"https:\/\/www.laguiadepamplona.com\/actualidad\/#organization"},"image":{"@id":"https:\/\/www.laguiadepamplona.com\/actualidad\/licitadas-las-obras-en-el-chalet-de-caparroso-para-adecuarlo-como-albergue-de-personas-refugiadas-sin-estar-reservado-el-contrato-para-centros-especiales-de-empleo\/#primaryimage"},"thumbnailUrl":"https:\/\/www.laguiadepamplona.com\/actualidad\/wp-content\/uploads\/2017\/01\/visita_chale_caparroso_1-1.jpg","articleSection":["Ayto Pamplona"],"inLanguage":"es","potentialAction":[{"@type":"CommentAction","name":"Comment","target":["https:\/\/www.laguiadepamplona.com\/actualidad\/licitadas-las-obras-en-el-chalet-de-caparroso-para-adecuarlo-como-albergue-de-personas-refugiadas-sin-estar-reservado-el-contrato-para-centros-especiales-de-empleo\/#respond"]}]},{"@type":"WebPage","@id":"https:\/\/www.laguiadepamplona.com\/actualidad\/licitadas-las-obras-en-el-chalet-de-caparroso-para-adecuarlo-como-albergue-de-personas-refugiadas-sin-estar-reservado-el-contrato-para-centros-especiales-de-empleo\/","url":"https:\/\/www.laguiadepamplona.com\/actualidad\/licitadas-las-obras-en-el-chalet-de-caparroso-para-adecuarlo-como-albergue-de-personas-refugiadas-sin-estar-reservado-el-contrato-para-centros-especiales-de-empleo\/","name":"Licitadas las obras en el Chalet de Caparroso para adecuarlo como albergue de personas refugiadas sin estar reservado el contrato para Centros Especiales de Empleo","isPartOf":{"@id":"https:\/\/www.laguiadepamplona.com\/actualidad\/#website"},"primaryImageOfPage":{"@id":"https:\/\/www.laguiadepamplona.com\/actualidad\/licitadas-las-obras-en-el-chalet-de-caparroso-para-adecuarlo-como-albergue-de-personas-refugiadas-sin-estar-reservado-el-contrato-para-centros-especiales-de-empleo\/#primaryimage"},"image":{"@id":"https:\/\/www.laguiadepamplona.com\/actualidad\/licitadas-las-obras-en-el-chalet-de-caparroso-para-adecuarlo-como-albergue-de-personas-refugiadas-sin-estar-reservado-el-contrato-para-centros-especiales-de-empleo\/#primaryimage"},"thumbnailUrl":"https:\/\/www.laguiadepamplona.com\/actualidad\/wp-content\/uploads\/2017\/01\/visita_chale_caparroso_1-1.jpg","datePublished":"2021-09-20T14:38:05+00:00","dateModified":"2023-04-11T09:49:00+00:00","description":"La Junta de Gobierno Local aprueba la nueva licitaci\u00f3n manteniendo el presupuesto de 150.000 euros para los trabajos","breadcrumb":{"@id":"https:\/\/www.laguiadepamplona.com\/actualidad\/licitadas-las-obras-en-el-chalet-de-caparroso-para-adecuarlo-como-albergue-de-personas-refugiadas-sin-estar-reservado-el-contrato-para-centros-especiales-de-empleo\/#breadcrumb"},"inLanguage":"es","potentialAction":[{"@type":"ReadAction","target":["https:\/\/www.laguiadepamplona.com\/actualidad\/licitadas-las-obras-en-el-chalet-de-caparroso-para-adecuarlo-como-albergue-de-personas-refugiadas-sin-estar-reservado-el-contrato-para-centros-especiales-de-empleo\/"]}]},{"@type":"ImageObject","inLanguage":"es","@id":"https:\/\/www.laguiadepamplona.com\/actualidad\/licitadas-las-obras-en-el-chalet-de-caparroso-para-adecuarlo-como-albergue-de-personas-refugiadas-sin-estar-reservado-el-contrato-para-centros-especiales-de-empleo\/#primaryimage","url":"https:\/\/www.laguiadepamplona.com\/actualidad\/wp-content\/uploads\/2017\/01\/visita_chale_caparroso_1-1.jpg","contentUrl":"https:\/\/www.laguiadepamplona.com\/actualidad\/wp-content\/uploads\/2017\/01\/visita_chale_caparroso_1-1.jpg","width":900,"height":600},{"@type":"BreadcrumbList","@id":"https:\/\/www.laguiadepamplona.com\/actualidad\/licitadas-las-obras-en-el-chalet-de-caparroso-para-adecuarlo-como-albergue-de-personas-refugiadas-sin-estar-reservado-el-contrato-para-centros-especiales-de-empleo\/#breadcrumb","itemListElement":[{"@type":"ListItem","position":1,"name":"Portada","item":"https:\/\/www.laguiadepamplona.com\/actualidad\/"},{"@type":"ListItem","position":2,"name":"Licitadas las obras en el Chalet de Caparroso para adecuarlo como albergue de personas refugiadas sin estar reservado el contrato para Centros Especiales de Empleo"}]},{"@type":"WebSite","@id":"https:\/\/www.laguiadepamplona.com\/actualidad\/#website","url":"https:\/\/www.laguiadepamplona.com\/actualidad\/","name":"La gu\u00eda de Pamplona","description":"Noticias de Pamplona","publisher":{"@id":"https:\/\/www.laguiadepamplona.com\/actualidad\/#organization"},"potentialAction":[{"@type":"SearchAction","target":{"@type":"EntryPoint","urlTemplate":"https:\/\/www.laguiadepamplona.com\/actualidad\/?s={search_term_string}"},"query-input":{"@type":"PropertyValueSpecification","valueRequired":true,"valueName":"search_term_string"}}],"inLanguage":"es"},{"@type":"Organization","@id":"https:\/\/www.laguiadepamplona.com\/actualidad\/#organization","name":"La Gu\u00eda de Pamplona \/ Noticias","url":"https:\/\/www.laguiadepamplona.com\/actualidad\/","logo":{"@type":"ImageObject","inLanguage":"es","@id":"https:\/\/www.laguiadepamplona.com\/actualidad\/#\/schema\/logo\/image\/","url":"https:\/\/www.laguiadepamplona.com\/actualidad\/wp-content\/uploads\/2018\/11\/logo-laguiadepamplona18-web1.png","contentUrl":"https:\/\/www.laguiadepamplona.com\/actualidad\/wp-content\/uploads\/2018\/11\/logo-laguiadepamplona18-web1.png","width":600,"height":196,"caption":"La Gu\u00eda de Pamplona \/ Noticias"},"image":{"@id":"https:\/\/www.laguiadepamplona.com\/actualidad\/#\/schema\/logo\/image\/"},"sameAs":["https:\/\/www.facebook.com\/laguiadepamplonacom-133175176762273\/?ref=hl","https:\/\/x.com\/LaGuiadPamplona","https:\/\/www.instagram.com\/la_guia_de_pamplona\/","https:\/\/www.youtube.com\/user\/laguiadepamplona"]},{"@type":"Person","@id":"https:\/\/www.laguiadepamplona.com\/actualidad\/#\/schema\/person\/efe887376f0213d4657c93adc50b1fdb","name":"La Gu\u00eda de Pamplona","image":{"@type":"ImageObject","inLanguage":"es","@id":"https:\/\/secure.gravatar.com\/avatar\/b6992f131dc8d30ab0dff15446e9d346d9dbd95992de0fef795073f5ea83a81c?s=96&d=mm&r=g","url":"https:\/\/secure.gravatar.com\/avatar\/b6992f131dc8d30ab0dff15446e9d346d9dbd95992de0fef795073f5ea83a81c?s=96&d=mm&r=g","contentUrl":"https:\/\/secure.gravatar.com\/avatar\/b6992f131dc8d30ab0dff15446e9d346d9dbd95992de0fef795073f5ea83a81c?s=96&d=mm&r=g","caption":"La Gu\u00eda de Pamplona"}}]}},"post_mailing_queue_ids":[],"_links":{"self":[{"href":"https:\/\/www.laguiadepamplona.com\/actualidad\/wp-json\/wp\/v2\/posts\/36533","targetHints":{"allow":["GET"]}}],"collection":[{"href":"https:\/\/www.laguiadepamplona.com\/actualidad\/wp-json\/wp\/v2\/posts"}],"about":[{"href":"https:\/\/www.laguiadepamplona.com\/actualidad\/wp-json\/wp\/v2\/types\/post"}],"author":[{"embeddable":true,"href":"https:\/\/www.laguiadepamplona.com\/actualidad\/wp-json\/wp\/v2\/users\/1"}],"replies":[{"embeddable":true,"href":"https:\/\/www.laguiadepamplona.com\/actualidad\/wp-json\/wp\/v2\/comments?post=36533"}],"version-history":[{"count":0,"href":"https:\/\/www.laguiadepamplona.com\/actualidad\/wp-json\/wp\/v2\/posts\/36533\/revisions"}],"wp:featuredmedia":[{"embeddable":true,"href":"https:\/\/www.laguiadepamplona.com\/actualidad\/wp-json\/wp\/v2\/media\/11439"}],"wp:attachment":[{"href":"https:\/\/www.laguiadepamplona.com\/actualidad\/wp-json\/wp\/v2\/media?parent=36533"}],"wp:term":[{"taxonomy":"category","embeddable":true,"href":"https:\/\/www.laguiadepamplona.com\/actualidad\/wp-json\/wp\/v2\/categories?post=36533"},{"taxonomy":"post_tag","embeddable":true,"href":"https:\/\/www.laguiadepamplona.com\/actualidad\/wp-json\/wp\/v2\/tags?post=36533"}],"curies":[{"name":"wp","href":"https:\/\/api.w.org\/{rel}","templated":true}]}}