{"id":36494,"date":"2021-09-17T16:11:07","date_gmt":"2021-09-17T14:11:07","guid":{"rendered":"https:\/\/www.laguiadepamplona.com\/actualidad\/?p=36494"},"modified":"2023-04-11T11:49:00","modified_gmt":"2023-04-11T09:49:00","slug":"el-ayuntamiento-de-pamplona-asfaltara-este-domingo-la-rotonda-en-la-que-confluyen-la-avenida-de-sancho-el-fuerte-y-la-calle-fuente-del-hierro","status":"publish","type":"post","link":"https:\/\/www.laguiadepamplona.com\/actualidad\/el-ayuntamiento-de-pamplona-asfaltara-este-domingo-la-rotonda-en-la-que-confluyen-la-avenida-de-sancho-el-fuerte-y-la-calle-fuente-del-hierro\/","title":{"rendered":"El Ayuntamiento de Pamplona asfaltar\u00e1 este domingo la rotonda en la que confluyen la avenida de Sancho el Fuerte y la calle Fuente del Hierro"},"content":{"rendered":"<h5>Los trabajos provocar\u00e1n alteraciones del tr\u00e1fico en la zona y se recomiendan desv\u00edos por Vuelta del Castillo, Esqu\u00edroz e \u00cd\u00f1igo Arista<\/h5>\n<p><!--more--><\/p>\n<p>El Ayuntamiento de Pamplona va a acometer este domingo los trabajos de asfaltado de la rotonda ubicada entre la avenida de Sancho el Fuerte y la calle Fuente del Hierro. Se realizar\u00e1 el fresado y la reposici\u00f3n de pavimento de la zona que abarca la rotonda, desde los pasos de peatones frente a los n\u00fameros 57 y 59 de Sancho el Fuerte hasta el del n\u00famero 2 de Fuente del Hierro.<\/p>\n<p><script async src=\"\/\/pagead2.googlesyndication.com\/pagead\/js\/adsbygoogle.js\"><\/script><br \/>\n<!-- Noticias La Guia de Pamplona --><br \/>\n<ins class=\"adsbygoogle\"\nstyle=\"display:block\"\ndata-ad-client=\"ca-pub-6943679897239327\"\ndata-ad-slot=\"7048180777\"\ndata-ad-format=\"auto\"><\/ins><br \/>\n<script>\n(adsbygoogle = window.adsbygoogle || []).push({});\n<\/script><\/p>\n<p>El desarrollo de los trabajos, previstos entre las 8 y las 15 horas, provocar\u00e1 alteraciones en el tr\u00e1fico de la zona. Se recomienda utilizar como rutas alternativas, para evitar el paso por esa rotonda, las calles Vuelta del Castillo, Esqu\u00edroz e \u00cd\u00f1igo Arista. Las labores consistir\u00e1n, principalmente, en un levantamiento o fresado de la capa superior de aglomerado (de aproximadamente 5 cent\u00edmetros) y en su reposici\u00f3n, con mezcla bituminosa en caliente, tipo AC16 surf D. Posteriormente, se llevar\u00e1n a cabo los trabajos de se\u00f1alizaci\u00f3n horizontal, reponiendo la misma en id\u00e9nticas condiciones que las actuales. Realizar\u00e1 los trabajos la empresa Asfaltados Biurrun, con un importe de 35.000 euros.<\/p>\n<p>La rotonda se encuentra actualmente con un pavimento muy deteriorado sobre todo por el continuo tr\u00e1nsito de veh\u00edculos que por ella circulan. Son muchas las grietas existentes en este tramo que, con el paso del tiempo, han derivado en numerosos baches, que se han ido parcheando. Asimismo, los pasos de peatones de la zona tampoco se encuentran en las mejores condiciones, por lo que se renovar\u00e1, igualmente, el pavimento de los mismos. As\u00ed las cosas, se hace necesaria ya una actuaci\u00f3n global en la rotonda para mejorar la calzada y los pasos de peatones.<\/p>\n","protected":false},"excerpt":{"rendered":"<p>Los trabajos provocar\u00e1n alteraciones del tr\u00e1fico en la zona y se recomiendan desv\u00edos por Vuelta del Castillo, Esqu\u00edroz e \u00cd\u00f1igo Arista<\/p>\n","protected":false},"author":1,"featured_media":36496,"comment_status":"open","ping_status":"closed","sticky":false,"template":"","format":"standard","meta":{"footnotes":""},"categories":[2],"tags":[],"class_list":["post-36494","post","type-post","status-publish","format-standard","has-post-thumbnail","hentry","category-ayuntamiento-pamplona"],"yoast_head":"<!-- This site is optimized with the Yoast SEO plugin v27.5 - https:\/\/yoast.com\/product\/yoast-seo-wordpress\/ -->\n<title>El Ayuntamiento de Pamplona asfaltar\u00e1 este domingo la rotonda en la que confluyen la avenida de Sancho el Fuerte y la calle Fuente del Hierro<\/title>\n<meta name=\"description\" content=\"Los trabajos provocar\u00e1n alteraciones del tr\u00e1fico en la zona y se recomiendan desv\u00edos por Vuelta del Castillo, Esqu\u00edroz e \u00cd\u00f1igo Arista\" \/>\n<meta name=\"robots\" content=\"index, follow, max-snippet:-1, max-image-preview:large, max-video-preview:-1\" \/>\n<link rel=\"canonical\" href=\"https:\/\/www.laguiadepamplona.com\/actualidad\/el-ayuntamiento-de-pamplona-asfaltara-este-domingo-la-rotonda-en-la-que-confluyen-la-avenida-de-sancho-el-fuerte-y-la-calle-fuente-del-hierro\/\" \/>\n<meta property=\"og:locale\" content=\"es_ES\" \/>\n<meta property=\"og:type\" content=\"article\" \/>\n<meta property=\"og:title\" content=\"El Ayuntamiento de Pamplona asfaltar\u00e1 este domingo la rotonda en la que confluyen la avenida de Sancho el Fuerte y la calle Fuente del Hierro\" \/>\n<meta property=\"og:description\" content=\"Los trabajos provocar\u00e1n alteraciones del tr\u00e1fico en la zona y se recomiendan desv\u00edos por Vuelta del Castillo, Esqu\u00edroz e \u00cd\u00f1igo Arista\" \/>\n<meta property=\"og:url\" content=\"https:\/\/www.laguiadepamplona.com\/actualidad\/el-ayuntamiento-de-pamplona-asfaltara-este-domingo-la-rotonda-en-la-que-confluyen-la-avenida-de-sancho-el-fuerte-y-la-calle-fuente-del-hierro\/\" \/>\n<meta property=\"og:site_name\" content=\"La Gu\u00eda de Pamplona\" \/>\n<meta property=\"article:publisher\" content=\"https:\/\/www.facebook.com\/laguiadepamplonacom-133175176762273\/?ref=hl\" \/>\n<meta property=\"article:published_time\" content=\"2021-09-17T14:11:07+00:00\" \/>\n<meta property=\"article:modified_time\" content=\"2023-04-11T09:49:00+00:00\" \/>\n<meta property=\"og:image\" content=\"https:\/\/www.laguiadepamplona.com\/actualidad\/wp-content\/uploads\/2021\/09\/asfaltado2.jpg\" \/>\n\t<meta property=\"og:image:width\" content=\"1237\" \/>\n\t<meta property=\"og:image:height\" content=\"927\" \/>\n\t<meta property=\"og:image:type\" content=\"image\/jpeg\" \/>\n<meta name=\"author\" content=\"La Gu\u00eda de Pamplona\" \/>\n<meta name=\"twitter:card\" content=\"summary_large_image\" \/>\n<meta name=\"twitter:creator\" content=\"@LaGuiadPamplona\" \/>\n<meta name=\"twitter:site\" content=\"@LaGuiadPamplona\" \/>\n<meta name=\"twitter:label1\" content=\"Escrito por\" \/>\n\t<meta name=\"twitter:data1\" content=\"La Gu\u00eda de Pamplona\" \/>\n\t<meta name=\"twitter:label2\" content=\"Tiempo de lectura\" \/>\n\t<meta name=\"twitter:data2\" content=\"2 minutos\" \/>\n<script type=\"application\/ld+json\" class=\"yoast-schema-graph\">{\"@context\":\"https:\\\/\\\/schema.org\",\"@graph\":[{\"@type\":\"Article\",\"@id\":\"https:\\\/\\\/www.laguiadepamplona.com\\\/actualidad\\\/el-ayuntamiento-de-pamplona-asfaltara-este-domingo-la-rotonda-en-la-que-confluyen-la-avenida-de-sancho-el-fuerte-y-la-calle-fuente-del-hierro\\\/#article\",\"isPartOf\":{\"@id\":\"https:\\\/\\\/www.laguiadepamplona.com\\\/actualidad\\\/el-ayuntamiento-de-pamplona-asfaltara-este-domingo-la-rotonda-en-la-que-confluyen-la-avenida-de-sancho-el-fuerte-y-la-calle-fuente-del-hierro\\\/\"},\"author\":{\"name\":\"La Gu\u00eda de Pamplona\",\"@id\":\"https:\\\/\\\/www.laguiadepamplona.com\\\/actualidad\\\/#\\\/schema\\\/person\\\/efe887376f0213d4657c93adc50b1fdb\"},\"headline\":\"El Ayuntamiento de Pamplona asfaltar\u00e1 este domingo la rotonda en la que confluyen la avenida de Sancho el Fuerte y la calle Fuente del Hierro\",\"datePublished\":\"2021-09-17T14:11:07+00:00\",\"dateModified\":\"2023-04-11T09:49:00+00:00\",\"mainEntityOfPage\":{\"@id\":\"https:\\\/\\\/www.laguiadepamplona.com\\\/actualidad\\\/el-ayuntamiento-de-pamplona-asfaltara-este-domingo-la-rotonda-en-la-que-confluyen-la-avenida-de-sancho-el-fuerte-y-la-calle-fuente-del-hierro\\\/\"},\"wordCount\":330,\"commentCount\":0,\"publisher\":{\"@id\":\"https:\\\/\\\/www.laguiadepamplona.com\\\/actualidad\\\/#organization\"},\"image\":{\"@id\":\"https:\\\/\\\/www.laguiadepamplona.com\\\/actualidad\\\/el-ayuntamiento-de-pamplona-asfaltara-este-domingo-la-rotonda-en-la-que-confluyen-la-avenida-de-sancho-el-fuerte-y-la-calle-fuente-del-hierro\\\/#primaryimage\"},\"thumbnailUrl\":\"https:\\\/\\\/www.laguiadepamplona.com\\\/actualidad\\\/wp-content\\\/uploads\\\/2021\\\/09\\\/asfaltado2.jpg\",\"articleSection\":[\"Ayto Pamplona\"],\"inLanguage\":\"es\",\"potentialAction\":[{\"@type\":\"CommentAction\",\"name\":\"Comment\",\"target\":[\"https:\\\/\\\/www.laguiadepamplona.com\\\/actualidad\\\/el-ayuntamiento-de-pamplona-asfaltara-este-domingo-la-rotonda-en-la-que-confluyen-la-avenida-de-sancho-el-fuerte-y-la-calle-fuente-del-hierro\\\/#respond\"]}]},{\"@type\":\"WebPage\",\"@id\":\"https:\\\/\\\/www.laguiadepamplona.com\\\/actualidad\\\/el-ayuntamiento-de-pamplona-asfaltara-este-domingo-la-rotonda-en-la-que-confluyen-la-avenida-de-sancho-el-fuerte-y-la-calle-fuente-del-hierro\\\/\",\"url\":\"https:\\\/\\\/www.laguiadepamplona.com\\\/actualidad\\\/el-ayuntamiento-de-pamplona-asfaltara-este-domingo-la-rotonda-en-la-que-confluyen-la-avenida-de-sancho-el-fuerte-y-la-calle-fuente-del-hierro\\\/\",\"name\":\"El Ayuntamiento de Pamplona asfaltar\u00e1 este domingo la rotonda en la que confluyen la avenida de Sancho el Fuerte y la calle Fuente del Hierro\",\"isPartOf\":{\"@id\":\"https:\\\/\\\/www.laguiadepamplona.com\\\/actualidad\\\/#website\"},\"primaryImageOfPage\":{\"@id\":\"https:\\\/\\\/www.laguiadepamplona.com\\\/actualidad\\\/el-ayuntamiento-de-pamplona-asfaltara-este-domingo-la-rotonda-en-la-que-confluyen-la-avenida-de-sancho-el-fuerte-y-la-calle-fuente-del-hierro\\\/#primaryimage\"},\"image\":{\"@id\":\"https:\\\/\\\/www.laguiadepamplona.com\\\/actualidad\\\/el-ayuntamiento-de-pamplona-asfaltara-este-domingo-la-rotonda-en-la-que-confluyen-la-avenida-de-sancho-el-fuerte-y-la-calle-fuente-del-hierro\\\/#primaryimage\"},\"thumbnailUrl\":\"https:\\\/\\\/www.laguiadepamplona.com\\\/actualidad\\\/wp-content\\\/uploads\\\/2021\\\/09\\\/asfaltado2.jpg\",\"datePublished\":\"2021-09-17T14:11:07+00:00\",\"dateModified\":\"2023-04-11T09:49:00+00:00\",\"description\":\"Los trabajos provocar\u00e1n alteraciones del tr\u00e1fico en la zona y se recomiendan desv\u00edos por Vuelta del Castillo, Esqu\u00edroz e \u00cd\u00f1igo Arista\",\"breadcrumb\":{\"@id\":\"https:\\\/\\\/www.laguiadepamplona.com\\\/actualidad\\\/el-ayuntamiento-de-pamplona-asfaltara-este-domingo-la-rotonda-en-la-que-confluyen-la-avenida-de-sancho-el-fuerte-y-la-calle-fuente-del-hierro\\\/#breadcrumb\"},\"inLanguage\":\"es\",\"potentialAction\":[{\"@type\":\"ReadAction\",\"target\":[\"https:\\\/\\\/www.laguiadepamplona.com\\\/actualidad\\\/el-ayuntamiento-de-pamplona-asfaltara-este-domingo-la-rotonda-en-la-que-confluyen-la-avenida-de-sancho-el-fuerte-y-la-calle-fuente-del-hierro\\\/\"]}]},{\"@type\":\"ImageObject\",\"inLanguage\":\"es\",\"@id\":\"https:\\\/\\\/www.laguiadepamplona.com\\\/actualidad\\\/el-ayuntamiento-de-pamplona-asfaltara-este-domingo-la-rotonda-en-la-que-confluyen-la-avenida-de-sancho-el-fuerte-y-la-calle-fuente-del-hierro\\\/#primaryimage\",\"url\":\"https:\\\/\\\/www.laguiadepamplona.com\\\/actualidad\\\/wp-content\\\/uploads\\\/2021\\\/09\\\/asfaltado2.jpg\",\"contentUrl\":\"https:\\\/\\\/www.laguiadepamplona.com\\\/actualidad\\\/wp-content\\\/uploads\\\/2021\\\/09\\\/asfaltado2.jpg\",\"width\":1237,\"height\":927},{\"@type\":\"BreadcrumbList\",\"@id\":\"https:\\\/\\\/www.laguiadepamplona.com\\\/actualidad\\\/el-ayuntamiento-de-pamplona-asfaltara-este-domingo-la-rotonda-en-la-que-confluyen-la-avenida-de-sancho-el-fuerte-y-la-calle-fuente-del-hierro\\\/#breadcrumb\",\"itemListElement\":[{\"@type\":\"ListItem\",\"position\":1,\"name\":\"Portada\",\"item\":\"https:\\\/\\\/www.laguiadepamplona.com\\\/actualidad\\\/\"},{\"@type\":\"ListItem\",\"position\":2,\"name\":\"El Ayuntamiento de Pamplona asfaltar\u00e1 este domingo la rotonda en la que confluyen la avenida de Sancho el Fuerte y la calle Fuente del Hierro\"}]},{\"@type\":\"WebSite\",\"@id\":\"https:\\\/\\\/www.laguiadepamplona.com\\\/actualidad\\\/#website\",\"url\":\"https:\\\/\\\/www.laguiadepamplona.com\\\/actualidad\\\/\",\"name\":\"La gu\u00eda de Pamplona\",\"description\":\"Noticias de Pamplona\",\"publisher\":{\"@id\":\"https:\\\/\\\/www.laguiadepamplona.com\\\/actualidad\\\/#organization\"},\"potentialAction\":[{\"@type\":\"SearchAction\",\"target\":{\"@type\":\"EntryPoint\",\"urlTemplate\":\"https:\\\/\\\/www.laguiadepamplona.com\\\/actualidad\\\/?s={search_term_string}\"},\"query-input\":{\"@type\":\"PropertyValueSpecification\",\"valueRequired\":true,\"valueName\":\"search_term_string\"}}],\"inLanguage\":\"es\"},{\"@type\":\"Organization\",\"@id\":\"https:\\\/\\\/www.laguiadepamplona.com\\\/actualidad\\\/#organization\",\"name\":\"La Gu\u00eda de Pamplona \\\/ Noticias\",\"url\":\"https:\\\/\\\/www.laguiadepamplona.com\\\/actualidad\\\/\",\"logo\":{\"@type\":\"ImageObject\",\"inLanguage\":\"es\",\"@id\":\"https:\\\/\\\/www.laguiadepamplona.com\\\/actualidad\\\/#\\\/schema\\\/logo\\\/image\\\/\",\"url\":\"https:\\\/\\\/www.laguiadepamplona.com\\\/actualidad\\\/wp-content\\\/uploads\\\/2018\\\/11\\\/logo-laguiadepamplona18-web1.png\",\"contentUrl\":\"https:\\\/\\\/www.laguiadepamplona.com\\\/actualidad\\\/wp-content\\\/uploads\\\/2018\\\/11\\\/logo-laguiadepamplona18-web1.png\",\"width\":600,\"height\":196,\"caption\":\"La Gu\u00eda de Pamplona \\\/ Noticias\"},\"image\":{\"@id\":\"https:\\\/\\\/www.laguiadepamplona.com\\\/actualidad\\\/#\\\/schema\\\/logo\\\/image\\\/\"},\"sameAs\":[\"https:\\\/\\\/www.facebook.com\\\/laguiadepamplonacom-133175176762273\\\/?ref=hl\",\"https:\\\/\\\/x.com\\\/LaGuiadPamplona\",\"https:\\\/\\\/www.instagram.com\\\/la_guia_de_pamplona\\\/\",\"https:\\\/\\\/www.youtube.com\\\/user\\\/laguiadepamplona\"]},{\"@type\":\"Person\",\"@id\":\"https:\\\/\\\/www.laguiadepamplona.com\\\/actualidad\\\/#\\\/schema\\\/person\\\/efe887376f0213d4657c93adc50b1fdb\",\"name\":\"La Gu\u00eda de Pamplona\",\"image\":{\"@type\":\"ImageObject\",\"inLanguage\":\"es\",\"@id\":\"https:\\\/\\\/secure.gravatar.com\\\/avatar\\\/b6992f131dc8d30ab0dff15446e9d346d9dbd95992de0fef795073f5ea83a81c?s=96&d=mm&r=g\",\"url\":\"https:\\\/\\\/secure.gravatar.com\\\/avatar\\\/b6992f131dc8d30ab0dff15446e9d346d9dbd95992de0fef795073f5ea83a81c?s=96&d=mm&r=g\",\"contentUrl\":\"https:\\\/\\\/secure.gravatar.com\\\/avatar\\\/b6992f131dc8d30ab0dff15446e9d346d9dbd95992de0fef795073f5ea83a81c?s=96&d=mm&r=g\",\"caption\":\"La Gu\u00eda de Pamplona\"}}]}<\/script>\n<!-- \/ Yoast SEO plugin. -->","yoast_head_json":{"title":"El Ayuntamiento de Pamplona asfaltar\u00e1 este domingo la rotonda en la que confluyen la avenida de Sancho el Fuerte y la calle Fuente del Hierro","description":"Los trabajos provocar\u00e1n alteraciones del tr\u00e1fico en la zona y se recomiendan desv\u00edos por Vuelta del Castillo, Esqu\u00edroz e \u00cd\u00f1igo Arista","robots":{"index":"index","follow":"follow","max-snippet":"max-snippet:-1","max-image-preview":"max-image-preview:large","max-video-preview":"max-video-preview:-1"},"canonical":"https:\/\/www.laguiadepamplona.com\/actualidad\/el-ayuntamiento-de-pamplona-asfaltara-este-domingo-la-rotonda-en-la-que-confluyen-la-avenida-de-sancho-el-fuerte-y-la-calle-fuente-del-hierro\/","og_locale":"es_ES","og_type":"article","og_title":"El Ayuntamiento de Pamplona asfaltar\u00e1 este domingo la rotonda en la que confluyen la avenida de Sancho el Fuerte y la calle Fuente del Hierro","og_description":"Los trabajos provocar\u00e1n alteraciones del tr\u00e1fico en la zona y se recomiendan desv\u00edos por Vuelta del Castillo, Esqu\u00edroz e \u00cd\u00f1igo Arista","og_url":"https:\/\/www.laguiadepamplona.com\/actualidad\/el-ayuntamiento-de-pamplona-asfaltara-este-domingo-la-rotonda-en-la-que-confluyen-la-avenida-de-sancho-el-fuerte-y-la-calle-fuente-del-hierro\/","og_site_name":"La Gu\u00eda de Pamplona","article_publisher":"https:\/\/www.facebook.com\/laguiadepamplonacom-133175176762273\/?ref=hl","article_published_time":"2021-09-17T14:11:07+00:00","article_modified_time":"2023-04-11T09:49:00+00:00","og_image":[{"width":1237,"height":927,"url":"https:\/\/www.laguiadepamplona.com\/actualidad\/wp-content\/uploads\/2021\/09\/asfaltado2.jpg","type":"image\/jpeg"}],"author":"La Gu\u00eda de Pamplona","twitter_card":"summary_large_image","twitter_creator":"@LaGuiadPamplona","twitter_site":"@LaGuiadPamplona","twitter_misc":{"Escrito por":"La Gu\u00eda de Pamplona","Tiempo de lectura":"2 minutos"},"schema":{"@context":"https:\/\/schema.org","@graph":[{"@type":"Article","@id":"https:\/\/www.laguiadepamplona.com\/actualidad\/el-ayuntamiento-de-pamplona-asfaltara-este-domingo-la-rotonda-en-la-que-confluyen-la-avenida-de-sancho-el-fuerte-y-la-calle-fuente-del-hierro\/#article","isPartOf":{"@id":"https:\/\/www.laguiadepamplona.com\/actualidad\/el-ayuntamiento-de-pamplona-asfaltara-este-domingo-la-rotonda-en-la-que-confluyen-la-avenida-de-sancho-el-fuerte-y-la-calle-fuente-del-hierro\/"},"author":{"name":"La Gu\u00eda de Pamplona","@id":"https:\/\/www.laguiadepamplona.com\/actualidad\/#\/schema\/person\/efe887376f0213d4657c93adc50b1fdb"},"headline":"El Ayuntamiento de Pamplona asfaltar\u00e1 este domingo la rotonda en la que confluyen la avenida de Sancho el Fuerte y la calle Fuente del Hierro","datePublished":"2021-09-17T14:11:07+00:00","dateModified":"2023-04-11T09:49:00+00:00","mainEntityOfPage":{"@id":"https:\/\/www.laguiadepamplona.com\/actualidad\/el-ayuntamiento-de-pamplona-asfaltara-este-domingo-la-rotonda-en-la-que-confluyen-la-avenida-de-sancho-el-fuerte-y-la-calle-fuente-del-hierro\/"},"wordCount":330,"commentCount":0,"publisher":{"@id":"https:\/\/www.laguiadepamplona.com\/actualidad\/#organization"},"image":{"@id":"https:\/\/www.laguiadepamplona.com\/actualidad\/el-ayuntamiento-de-pamplona-asfaltara-este-domingo-la-rotonda-en-la-que-confluyen-la-avenida-de-sancho-el-fuerte-y-la-calle-fuente-del-hierro\/#primaryimage"},"thumbnailUrl":"https:\/\/www.laguiadepamplona.com\/actualidad\/wp-content\/uploads\/2021\/09\/asfaltado2.jpg","articleSection":["Ayto Pamplona"],"inLanguage":"es","potentialAction":[{"@type":"CommentAction","name":"Comment","target":["https:\/\/www.laguiadepamplona.com\/actualidad\/el-ayuntamiento-de-pamplona-asfaltara-este-domingo-la-rotonda-en-la-que-confluyen-la-avenida-de-sancho-el-fuerte-y-la-calle-fuente-del-hierro\/#respond"]}]},{"@type":"WebPage","@id":"https:\/\/www.laguiadepamplona.com\/actualidad\/el-ayuntamiento-de-pamplona-asfaltara-este-domingo-la-rotonda-en-la-que-confluyen-la-avenida-de-sancho-el-fuerte-y-la-calle-fuente-del-hierro\/","url":"https:\/\/www.laguiadepamplona.com\/actualidad\/el-ayuntamiento-de-pamplona-asfaltara-este-domingo-la-rotonda-en-la-que-confluyen-la-avenida-de-sancho-el-fuerte-y-la-calle-fuente-del-hierro\/","name":"El Ayuntamiento de Pamplona asfaltar\u00e1 este domingo la rotonda en la que confluyen la avenida de Sancho el Fuerte y la calle Fuente del Hierro","isPartOf":{"@id":"https:\/\/www.laguiadepamplona.com\/actualidad\/#website"},"primaryImageOfPage":{"@id":"https:\/\/www.laguiadepamplona.com\/actualidad\/el-ayuntamiento-de-pamplona-asfaltara-este-domingo-la-rotonda-en-la-que-confluyen-la-avenida-de-sancho-el-fuerte-y-la-calle-fuente-del-hierro\/#primaryimage"},"image":{"@id":"https:\/\/www.laguiadepamplona.com\/actualidad\/el-ayuntamiento-de-pamplona-asfaltara-este-domingo-la-rotonda-en-la-que-confluyen-la-avenida-de-sancho-el-fuerte-y-la-calle-fuente-del-hierro\/#primaryimage"},"thumbnailUrl":"https:\/\/www.laguiadepamplona.com\/actualidad\/wp-content\/uploads\/2021\/09\/asfaltado2.jpg","datePublished":"2021-09-17T14:11:07+00:00","dateModified":"2023-04-11T09:49:00+00:00","description":"Los trabajos provocar\u00e1n alteraciones del tr\u00e1fico en la zona y se recomiendan desv\u00edos por Vuelta del Castillo, Esqu\u00edroz e \u00cd\u00f1igo Arista","breadcrumb":{"@id":"https:\/\/www.laguiadepamplona.com\/actualidad\/el-ayuntamiento-de-pamplona-asfaltara-este-domingo-la-rotonda-en-la-que-confluyen-la-avenida-de-sancho-el-fuerte-y-la-calle-fuente-del-hierro\/#breadcrumb"},"inLanguage":"es","potentialAction":[{"@type":"ReadAction","target":["https:\/\/www.laguiadepamplona.com\/actualidad\/el-ayuntamiento-de-pamplona-asfaltara-este-domingo-la-rotonda-en-la-que-confluyen-la-avenida-de-sancho-el-fuerte-y-la-calle-fuente-del-hierro\/"]}]},{"@type":"ImageObject","inLanguage":"es","@id":"https:\/\/www.laguiadepamplona.com\/actualidad\/el-ayuntamiento-de-pamplona-asfaltara-este-domingo-la-rotonda-en-la-que-confluyen-la-avenida-de-sancho-el-fuerte-y-la-calle-fuente-del-hierro\/#primaryimage","url":"https:\/\/www.laguiadepamplona.com\/actualidad\/wp-content\/uploads\/2021\/09\/asfaltado2.jpg","contentUrl":"https:\/\/www.laguiadepamplona.com\/actualidad\/wp-content\/uploads\/2021\/09\/asfaltado2.jpg","width":1237,"height":927},{"@type":"BreadcrumbList","@id":"https:\/\/www.laguiadepamplona.com\/actualidad\/el-ayuntamiento-de-pamplona-asfaltara-este-domingo-la-rotonda-en-la-que-confluyen-la-avenida-de-sancho-el-fuerte-y-la-calle-fuente-del-hierro\/#breadcrumb","itemListElement":[{"@type":"ListItem","position":1,"name":"Portada","item":"https:\/\/www.laguiadepamplona.com\/actualidad\/"},{"@type":"ListItem","position":2,"name":"El Ayuntamiento de Pamplona asfaltar\u00e1 este domingo la rotonda en la que confluyen la avenida de Sancho el Fuerte y la calle Fuente del Hierro"}]},{"@type":"WebSite","@id":"https:\/\/www.laguiadepamplona.com\/actualidad\/#website","url":"https:\/\/www.laguiadepamplona.com\/actualidad\/","name":"La gu\u00eda de Pamplona","description":"Noticias de Pamplona","publisher":{"@id":"https:\/\/www.laguiadepamplona.com\/actualidad\/#organization"},"potentialAction":[{"@type":"SearchAction","target":{"@type":"EntryPoint","urlTemplate":"https:\/\/www.laguiadepamplona.com\/actualidad\/?s={search_term_string}"},"query-input":{"@type":"PropertyValueSpecification","valueRequired":true,"valueName":"search_term_string"}}],"inLanguage":"es"},{"@type":"Organization","@id":"https:\/\/www.laguiadepamplona.com\/actualidad\/#organization","name":"La Gu\u00eda de Pamplona \/ Noticias","url":"https:\/\/www.laguiadepamplona.com\/actualidad\/","logo":{"@type":"ImageObject","inLanguage":"es","@id":"https:\/\/www.laguiadepamplona.com\/actualidad\/#\/schema\/logo\/image\/","url":"https:\/\/www.laguiadepamplona.com\/actualidad\/wp-content\/uploads\/2018\/11\/logo-laguiadepamplona18-web1.png","contentUrl":"https:\/\/www.laguiadepamplona.com\/actualidad\/wp-content\/uploads\/2018\/11\/logo-laguiadepamplona18-web1.png","width":600,"height":196,"caption":"La Gu\u00eda de Pamplona \/ Noticias"},"image":{"@id":"https:\/\/www.laguiadepamplona.com\/actualidad\/#\/schema\/logo\/image\/"},"sameAs":["https:\/\/www.facebook.com\/laguiadepamplonacom-133175176762273\/?ref=hl","https:\/\/x.com\/LaGuiadPamplona","https:\/\/www.instagram.com\/la_guia_de_pamplona\/","https:\/\/www.youtube.com\/user\/laguiadepamplona"]},{"@type":"Person","@id":"https:\/\/www.laguiadepamplona.com\/actualidad\/#\/schema\/person\/efe887376f0213d4657c93adc50b1fdb","name":"La Gu\u00eda de Pamplona","image":{"@type":"ImageObject","inLanguage":"es","@id":"https:\/\/secure.gravatar.com\/avatar\/b6992f131dc8d30ab0dff15446e9d346d9dbd95992de0fef795073f5ea83a81c?s=96&d=mm&r=g","url":"https:\/\/secure.gravatar.com\/avatar\/b6992f131dc8d30ab0dff15446e9d346d9dbd95992de0fef795073f5ea83a81c?s=96&d=mm&r=g","contentUrl":"https:\/\/secure.gravatar.com\/avatar\/b6992f131dc8d30ab0dff15446e9d346d9dbd95992de0fef795073f5ea83a81c?s=96&d=mm&r=g","caption":"La Gu\u00eda de Pamplona"}}]}},"post_mailing_queue_ids":[],"_links":{"self":[{"href":"https:\/\/www.laguiadepamplona.com\/actualidad\/wp-json\/wp\/v2\/posts\/36494","targetHints":{"allow":["GET"]}}],"collection":[{"href":"https:\/\/www.laguiadepamplona.com\/actualidad\/wp-json\/wp\/v2\/posts"}],"about":[{"href":"https:\/\/www.laguiadepamplona.com\/actualidad\/wp-json\/wp\/v2\/types\/post"}],"author":[{"embeddable":true,"href":"https:\/\/www.laguiadepamplona.com\/actualidad\/wp-json\/wp\/v2\/users\/1"}],"replies":[{"embeddable":true,"href":"https:\/\/www.laguiadepamplona.com\/actualidad\/wp-json\/wp\/v2\/comments?post=36494"}],"version-history":[{"count":0,"href":"https:\/\/www.laguiadepamplona.com\/actualidad\/wp-json\/wp\/v2\/posts\/36494\/revisions"}],"wp:featuredmedia":[{"embeddable":true,"href":"https:\/\/www.laguiadepamplona.com\/actualidad\/wp-json\/wp\/v2\/media\/36496"}],"wp:attachment":[{"href":"https:\/\/www.laguiadepamplona.com\/actualidad\/wp-json\/wp\/v2\/media?parent=36494"}],"wp:term":[{"taxonomy":"category","embeddable":true,"href":"https:\/\/www.laguiadepamplona.com\/actualidad\/wp-json\/wp\/v2\/categories?post=36494"},{"taxonomy":"post_tag","embeddable":true,"href":"https:\/\/www.laguiadepamplona.com\/actualidad\/wp-json\/wp\/v2\/tags?post=36494"}],"curies":[{"name":"wp","href":"https:\/\/api.w.org\/{rel}","templated":true}]}}