{"id":36491,"date":"2021-09-17T16:10:18","date_gmt":"2021-09-17T14:10:18","guid":{"rendered":"https:\/\/www.laguiadepamplona.com\/actualidad\/?p=36491"},"modified":"2023-04-11T11:49:00","modified_gmt":"2023-04-11T09:49:00","slug":"constituida-la-mesa-de-movilidad-electrica-de-pamplona-impulsada-por-el-ayuntamiento-con-cerca-de-30-entidades-y-empresas","status":"publish","type":"post","link":"https:\/\/www.laguiadepamplona.com\/actualidad\/constituida-la-mesa-de-movilidad-electrica-de-pamplona-impulsada-por-el-ayuntamiento-con-cerca-de-30-entidades-y-empresas\/","title":{"rendered":"Constituida la Mesa de Movilidad El\u00e9ctrica de Pamplona, impulsada por el Ayuntamiento, con cerca de 30 entidades y empresas"},"content":{"rendered":"<h5>Participan asociaciones de usuarios, instituciones, empresas, asociaciones industriales, centros tecnol\u00f3gicos y medios de comunicaci\u00f3n<\/h5>\n<p><!--more--><\/p>\n<p>La Mesa de la Movilidad El\u00e9ctrica de Pamplona, impulsada por el Ayuntamiento de Pamplona, ha quedado constituida esta ma\u00f1ana con la participaci\u00f3n de cerca de 30 entidades y empresas que han respondido a la convocatoria cursada por el Consistorio pamplon\u00e9s, una invitaci\u00f3n que ha sido respondida favorablemente por pr\u00e1cticamente la totalidad de las contactadas. Participan asociaciones de usuarios, instituciones, empresas, asociaciones industriales, centros tecnol\u00f3gicos y medios de comunicaci\u00f3n. Esta es una iniciativa m\u00e1s incluida en la estrategia \u2018Go Green Pamplona\u2019 que engloba todas las materias que impulsan la lucha contra el cambio clim\u00e1tico.<\/p>\n<p>El acto de constituci\u00f3n ha tenido lugar dentro de la Jornada sobre Movilidad El\u00e9ctrica incluida en la programaci\u00f3n de la Semana Europea de la Movilidad que ha comenzado con la presentaci\u00f3n de la mesa por parte del concejal delegado de Proyectos Estrat\u00e9gicos, Movilidad y Sostenibilidad, Ferm\u00edn Alonso, y del product manager de Vilalta Green Energy, Pere Joan Vilalta. En la sesi\u00f3n, celebrada en Civivox Iturrama, se han abordado, entre otros temas, los equipos de recarga, tipos y su futuro; el <em>carsharing<\/em> como nueva forma de movimiento sostenible; el futuro del autom\u00f3vil, o la Estrategia de Transici\u00f3n Energ\u00e9tica y Cambio Clim\u00e1tico 2030 como marco de futuro y actuaciones singulares recientes en la movilidad el\u00e9ctrica en Pamplona.<\/p>\n<p><script async src=\"\/\/pagead2.googlesyndication.com\/pagead\/js\/adsbygoogle.js\"><\/script><br \/>\n<!-- Noticias La Guia de Pamplona --><br \/>\n<ins class=\"adsbygoogle\"\nstyle=\"display:block\"\ndata-ad-client=\"ca-pub-6943679897239327\"\ndata-ad-slot=\"7048180777\"\ndata-ad-format=\"auto\"><\/ins><br \/>\n<script>\n(adsbygoogle = window.adsbygoogle || []).push({});\n<\/script><\/p>\n<p><strong>Identificar oportunidades, definir estrategias conjuntas, compartir conocimientos\u2026<\/strong><\/p>\n<p>El objetivo de la mesa es trabajar conjuntamente en favor de la movilidad el\u00e9ctrica, haciendo una aportaci\u00f3n focalizada al \u00e1mbito urbano y siendo Pamplona el contexto para la reflexi\u00f3n y aplicaci\u00f3n de las posibles soluciones, aunque excepcionalmente, podr\u00eda ampliarse el \u00e1mbito territorial a nivel comarcal.<\/p>\n<p>Concretamente, trabajar\u00e1 para establecer un marco de colaboraci\u00f3n para los agentes involucrados; identificar oportunidades y valorar c\u00f3mo aprovecharlas, as\u00ed como barreras y formas de superarlas; analizar la situaci\u00f3n y sus tendencias para poder impulsarlas o rectificarlas y definir estrategias conjuntas para impulsar la movilidad el\u00e9ctrica en Pamplona y su comarca. Asimismo, permitir\u00e1 compartir conocimientos entre los diferentes miembros de la mesa y propondr\u00e1 acciones de informaci\u00f3n y comunicaci\u00f3n para el cambio de modelo.<\/p>\n<p>La mesa tiene vocaci\u00f3n de ser permanente y est\u00e1 previsto que tenga dos reuniones anuales, con un formato similar al de la jornada de constituci\u00f3n de la mesa en el que, en primer lugar, se ha explicado el marco de trabajo y las tem\u00e1ticas y presentaciones breves para enmarcar el debate. Entre esas reuniones se intercambiar\u00e1n documentos e informaci\u00f3n por medios electr\u00f3nicos. Adem\u00e1s, se organizar\u00e1n jornadas sectoriales sobre temas clave como normativa, tecnolog\u00eda, costes, espacio urbano o transici\u00f3n justa. Por \u00faltimo, se podr\u00e1n desarrollar proyectos conjuntos que motiven la colaboraci\u00f3n enfocada a la resoluci\u00f3n de problemas concretos que surjan de las reuniones de trabajo.<\/p>\n<p><script async src=\"\/\/pagead2.googlesyndication.com\/pagead\/js\/adsbygoogle.js\"><\/script><br \/>\n<!-- Noticias La Guia de Pamplona --><br \/>\n<ins class=\"adsbygoogle\"\nstyle=\"display:block\"\ndata-ad-client=\"ca-pub-6943679897239327\"\ndata-ad-slot=\"7048180777\"\ndata-ad-format=\"auto\"><\/ins><br \/>\n<script>\n(adsbygoogle = window.adsbygoogle || []).push({});\n<\/script><\/p>\n<p><strong>Impulso municipal a la sustituci\u00f3n de combustibles f\u00f3siles por energ\u00edas renovables<\/strong><\/p>\n<p>Pamplona suma 46 plazas de recarga de veh\u00edculos el\u00e9ctricos en v\u00eda p\u00fablica tras las 34 nuevas plazas puestas en funcionamiento a principios de verano y que se reparten por toda la ciudad. El sistema de recarga el\u00e9ctrico, instalado y gestionado por la empresa concesionaria Vilalta Corporaci\u00f3n, S.A. se une a otros tres puntos de recarga existente que son gestionados directamente por el Ayuntamiento en la estaci\u00f3n de autobuses, Civivox San Jorge y C.P. Buztintxuri.<\/p>\n<p>En la apuesta municipal por la sustituci\u00f3n de combustibles f\u00f3siles por energ\u00edas renovables y la reducci\u00f3n de emisiones de CO2, a los puntos de recarga de veh\u00edculos el\u00e9ctricos en la v\u00eda p\u00fablica, hay que unir las 23 tomas autorizadas por el Consistorio en los aparcamientos subterr\u00e1neos de rotaci\u00f3n, que son tambi\u00e9n de acceso p\u00fablico. De esta forma se han alcanzado las 60 tomas de recarga de acceso p\u00fablico y propiedad municipal, dando un importante salto en el desarrollo de este tipo de infraestructuras, convirti\u00e9ndose Pamplona en una de las ciudades espa\u00f1olas mejor dotadas en cuanto a servicios de recarga para veh\u00edculos el\u00e9ctricos de acceso p\u00fablico.<\/p>\n<p>La reducci\u00f3n de las emisiones en el transporte es una apuesta estrat\u00e9gica municipal, en la que se trabaja a trav\u00e9s de \u201cGo Green Pamplona\u201d, derivada de la Agenda Urbana 2030 de la ciudad, cuya primera dimensi\u00f3n es \u201cPamplona verde, ecol\u00f3gica y comprometida con el clima\u201d y cuyos objetivos se han particularizado en la Estrategia de Transici\u00f3n Energ\u00e9tica y Cambio Clim\u00e1tico 2030 para la ciudad reci\u00e9n aprobada por el Pleno del Ayuntamiento de Pamplona de manera un\u00e1nime. La sustituci\u00f3n paulatina de coches de combusti\u00f3n convencional, por veh\u00edculos el\u00e9ctricos, junto a las medidas que favorecen caminar, desplazarse en bicicleta y utilizar el transporte p\u00fablico en desplazamientos cotidianos, contribuye a reducir las emisiones asociadas a la movilidad, luchar contra el cambio clim\u00e1tico y a garantizar una ciudad limpia y saludable.<\/p>\n<p><script async src=\"\/\/pagead2.googlesyndication.com\/pagead\/js\/adsbygoogle.js\"><\/script><br \/>\n<!-- Noticias La Guia de Pamplona --><br \/>\n<ins class=\"adsbygoogle\"\nstyle=\"display:block\"\ndata-ad-client=\"ca-pub-6943679897239327\"\ndata-ad-slot=\"7048180777\"\ndata-ad-format=\"auto\"><\/ins><br \/>\n<script>\n(adsbygoogle = window.adsbygoogle || []).push({});\n<\/script><\/p>\n<p><strong>Ma\u00f1ana muestra de veh\u00edculos el\u00e9ctricos y demostraciones de recarga<\/strong><\/p>\n<p>La movilidad el\u00e9ctrica continuar\u00e1 estando presente en el programa de la Semana Europea de la Movilidad con una muestra de veh\u00edculos el\u00e9ctricos, ma\u00f1ana s\u00e1bado, en el paseo Prem\u00edn de Iru\u00f1a y con demostraciones de recarga y explicaciones sobre los puntos en la v\u00eda p\u00fablica. La Asociaci\u00f3n de Usuarios de Veh\u00edculos El\u00e9ctricos (AUVE) desplazar\u00e1 10 veh\u00edculos, y diferentes concesionarios mostrar\u00e1n las novedades en veh\u00edculos cien por cien el\u00e9ctricos con ejemplos de media docena de veh\u00edculos.<\/p>\n<p>Adem\u00e1s, la Mancomunidad de la Comarca de Pamplona expondr\u00e1 una autob\u00fas urbanos y un taxi y la empresa Vilalta, concesionaria de diecis\u00e9is puntos de recarga en Pamplona, explicar\u00e1 la operativa del servicio y har\u00e1 demostraciones de recarga. Todas las personas participantes atender\u00e1n las consultas del p\u00fablico interesado. Esta actividad se desarrollar\u00e1 de 11 a 14 horas.<\/p>\n<p>Tambi\u00e9n, el s\u00e1bado y el domingo se instalar\u00e1 en la Plaza del Castillo una caseta informativa, destinada a fomentar la movilidad activa y la buena convivencia en el espacio p\u00fablico. Adem\u00e1s, habr\u00e1 animaci\u00f3n de calle bajo el t\u00edtulo \u2018Vigilantes de la plaza\u2019, a cargo de los actores Sergio de Andr\u00e9s y Estefan\u00eda de Paz As\u00edn. Las actividades est\u00e1n dirigidas a todo tipo de p\u00fablico y se desarrollar\u00e1n de 11 a 14 horas por la ma\u00f1ana y de 17 a 20 horas el s\u00e1bado, y el domingo solo de ma\u00f1ana. En ese mismo horario, se realizar\u00e1n chequeos preventivos y gratuitos de bicicletas.<\/p>\n<p>La programaci\u00f3n del fin de semana se completa con paseos guiados en bicicleta, s\u00e1bado y el domingo de 10 a 12.30 horas, por la red ciclable de Pamplona con Jes\u00fas Sukunza, de la Asociaci\u00f3n AMTS (Medios de Transporte Saludables). Estos paseos requieren inscripci\u00f3n previa en el tel\u00e9fono 010. Todas estas propuestas se incluyen en el programa de la Semana Europea de la Movilidad, que este a\u00f1o tiene el lema \u2018Por tu salud, mu\u00e9vete de forma sostenible\u2019 y que se desarrollar\u00e1 hasta el 22 de septiembre.<\/p>\n<p><script async src=\"\/\/pagead2.googlesyndication.com\/pagead\/js\/adsbygoogle.js\"><\/script><br \/>\n<!-- Noticias La Guia de Pamplona --><br \/>\n<ins class=\"adsbygoogle\"\nstyle=\"display:block\"\ndata-ad-client=\"ca-pub-6943679897239327\"\ndata-ad-slot=\"7048180777\"\ndata-ad-format=\"auto\"><\/ins><br \/>\n<script>\n(adsbygoogle = window.adsbygoogle || []).push({});\n<\/script><\/p>\n<p>&nbsp;<\/p>\n<h3>Composici\u00f3n de la Mesa de Movilidad El\u00e9ctrica de Pamplona<\/h3>\n<ul>\n<li><u>AYUNTAMIENTO DE PAMPLONA<\/u>. \u00d3rgano coordinador<\/li>\n<li><u>ENTIDADES INVITADAS<\/u><\/li>\n<li><strong>Asociaciones de usuarios<\/strong><\/li>\n<li>AUVE (Asociaci\u00f3n de Usuarios de Veh\u00edculos El\u00e9ctricos)<\/li>\n<li>ASOCIACI\u00d3N DE CONSUMIDORES IRACHE<\/li>\n<li>KARKARCAR<\/li>\n<li><strong>Asociaciones Industriales<\/strong><\/li>\n<li>CAMARA DE NAVARRA<\/li>\n<li>CEIN (Centro Europeo de empresas e Innovaci\u00f3n de Navarra<\/li>\n<li>NAVARRA DE TALLERES DE REPARACION DE VEHICULOS<\/li>\n<li>CEN (Confederaci\u00f3n de Empresarios de Navarra)<\/li>\n<li>COMERCIANTES DE NAVARRA<\/li>\n<li>ASOCIACION NAVARRA DE EMPRESARIOS DE TRANSPORTE POR CARRETERA Y LOGISTICA<\/li>\n<li>AEDIVE (Asociaci\u00f3n Empresarial para el Desarrollo e Impulso del Veh\u00edculo El\u00e9ctrico)<\/li>\n<li>ENERCLUSTER<\/li>\n<li>CLUSTER AUTOMOCION DE NAVARRA<\/li>\n<li>DE INDUSTRIAS DE NAVARRA<\/li>\n<li><strong>Instituciones<\/strong><\/li>\n<li>SODENA<\/li>\n<li>GOBIERNO DE NAVARRA (Servicio de Transici\u00f3n Energ\u00e9tica)<\/li>\n<li>MANCOMUNIDAD DE LA COMARCA DE PAMPLONA<\/li>\n<li>UPNA (Universidad P\u00fablica de Navarra)<\/li>\n<li>UNAV (Universidad de Navarra)<\/li>\n<li><strong>Empresas<\/strong><\/li>\n<li>IBERDROLA SMART MOBILITY<\/li>\n<li>ENDESA<\/li>\n<li>INGETEAM<\/li>\n<li>ALMA MOBILITY<\/li>\n<li>ETECNIC<\/li>\n<li>VW NAVARRA<\/li>\n<li>BEEPLANET<\/li>\n<li>VILALTA CORPORACION. Concesionaria de 16 puntos de recarga de veh\u00edculos el\u00e9ctricos en Pamplona y entidad gestora de esta Mesa de Movilidad El\u00e9ctrica de la ciudad de Pamplona<\/li>\n<li><strong>Centros tecnol\u00f3gicos<\/strong><\/li>\n<li>NAITEC<\/li>\n<li><strong>Medios de comunicaci\u00f3n<\/strong><\/li>\n<\/ul>\n","protected":false},"excerpt":{"rendered":"<p>Participan asociaciones de usuarios, instituciones, empresas, asociaciones industriales, centros tecnol\u00f3gicos y medios de comunicaci\u00f3n<\/p>\n","protected":false},"author":1,"featured_media":36492,"comment_status":"open","ping_status":"closed","sticky":false,"template":"","format":"standard","meta":{"footnotes":""},"categories":[2],"tags":[],"class_list":["post-36491","post","type-post","status-publish","format-standard","has-post-thumbnail","hentry","category-ayuntamiento-pamplona"],"yoast_head":"<!-- This site is optimized with the Yoast SEO plugin v27.5 - https:\/\/yoast.com\/product\/yoast-seo-wordpress\/ -->\n<title>Constituida la Mesa de Movilidad El\u00e9ctrica de Pamplona, impulsada por el Ayuntamiento, con cerca de 30 entidades y empresas<\/title>\n<meta name=\"description\" content=\"Participan asociaciones de usuarios, instituciones, empresas, asociaciones industriales, centros tecnol\u00f3gicos y medios de comunicaci\u00f3n\" \/>\n<meta name=\"robots\" content=\"index, follow, max-snippet:-1, max-image-preview:large, max-video-preview:-1\" \/>\n<link rel=\"canonical\" href=\"https:\/\/www.laguiadepamplona.com\/actualidad\/constituida-la-mesa-de-movilidad-electrica-de-pamplona-impulsada-por-el-ayuntamiento-con-cerca-de-30-entidades-y-empresas\/\" \/>\n<meta property=\"og:locale\" content=\"es_ES\" \/>\n<meta property=\"og:type\" content=\"article\" \/>\n<meta property=\"og:title\" content=\"Constituida la Mesa de Movilidad El\u00e9ctrica de Pamplona, impulsada por el Ayuntamiento, con cerca de 30 entidades y empresas\" \/>\n<meta property=\"og:description\" content=\"Participan asociaciones de usuarios, instituciones, empresas, asociaciones industriales, centros tecnol\u00f3gicos y medios de comunicaci\u00f3n\" \/>\n<meta property=\"og:url\" content=\"https:\/\/www.laguiadepamplona.com\/actualidad\/constituida-la-mesa-de-movilidad-electrica-de-pamplona-impulsada-por-el-ayuntamiento-con-cerca-de-30-entidades-y-empresas\/\" \/>\n<meta property=\"og:site_name\" content=\"La Gu\u00eda de Pamplona\" \/>\n<meta property=\"article:publisher\" content=\"https:\/\/www.facebook.com\/laguiadepamplonacom-133175176762273\/?ref=hl\" \/>\n<meta property=\"article:published_time\" content=\"2021-09-17T14:10:18+00:00\" \/>\n<meta property=\"article:modified_time\" content=\"2023-04-11T09:49:00+00:00\" \/>\n<meta property=\"og:image\" content=\"https:\/\/www.laguiadepamplona.com\/actualidad\/wp-content\/uploads\/2021\/09\/movilidadjgv1630.jpg\" \/>\n\t<meta property=\"og:image:width\" content=\"1920\" \/>\n\t<meta property=\"og:image:height\" content=\"1280\" \/>\n\t<meta property=\"og:image:type\" content=\"image\/jpeg\" \/>\n<meta name=\"author\" content=\"La Gu\u00eda de Pamplona\" \/>\n<meta name=\"twitter:card\" content=\"summary_large_image\" \/>\n<meta name=\"twitter:creator\" content=\"@LaGuiadPamplona\" \/>\n<meta name=\"twitter:site\" content=\"@LaGuiadPamplona\" \/>\n<meta name=\"twitter:label1\" content=\"Escrito por\" \/>\n\t<meta name=\"twitter:data1\" content=\"La Gu\u00eda de Pamplona\" \/>\n\t<meta name=\"twitter:label2\" content=\"Tiempo de lectura\" \/>\n\t<meta name=\"twitter:data2\" content=\"6 minutos\" \/>\n<script type=\"application\/ld+json\" class=\"yoast-schema-graph\">{\"@context\":\"https:\\\/\\\/schema.org\",\"@graph\":[{\"@type\":\"Article\",\"@id\":\"https:\\\/\\\/www.laguiadepamplona.com\\\/actualidad\\\/constituida-la-mesa-de-movilidad-electrica-de-pamplona-impulsada-por-el-ayuntamiento-con-cerca-de-30-entidades-y-empresas\\\/#article\",\"isPartOf\":{\"@id\":\"https:\\\/\\\/www.laguiadepamplona.com\\\/actualidad\\\/constituida-la-mesa-de-movilidad-electrica-de-pamplona-impulsada-por-el-ayuntamiento-con-cerca-de-30-entidades-y-empresas\\\/\"},\"author\":{\"name\":\"La Gu\u00eda de Pamplona\",\"@id\":\"https:\\\/\\\/www.laguiadepamplona.com\\\/actualidad\\\/#\\\/schema\\\/person\\\/efe887376f0213d4657c93adc50b1fdb\"},\"headline\":\"Constituida la Mesa de Movilidad El\u00e9ctrica de Pamplona, impulsada por el Ayuntamiento, con cerca de 30 entidades y empresas\",\"datePublished\":\"2021-09-17T14:10:18+00:00\",\"dateModified\":\"2023-04-11T09:49:00+00:00\",\"mainEntityOfPage\":{\"@id\":\"https:\\\/\\\/www.laguiadepamplona.com\\\/actualidad\\\/constituida-la-mesa-de-movilidad-electrica-de-pamplona-impulsada-por-el-ayuntamiento-con-cerca-de-30-entidades-y-empresas\\\/\"},\"wordCount\":1415,\"commentCount\":0,\"publisher\":{\"@id\":\"https:\\\/\\\/www.laguiadepamplona.com\\\/actualidad\\\/#organization\"},\"image\":{\"@id\":\"https:\\\/\\\/www.laguiadepamplona.com\\\/actualidad\\\/constituida-la-mesa-de-movilidad-electrica-de-pamplona-impulsada-por-el-ayuntamiento-con-cerca-de-30-entidades-y-empresas\\\/#primaryimage\"},\"thumbnailUrl\":\"https:\\\/\\\/www.laguiadepamplona.com\\\/actualidad\\\/wp-content\\\/uploads\\\/2021\\\/09\\\/movilidadjgv1630.jpg\",\"articleSection\":[\"Ayto Pamplona\"],\"inLanguage\":\"es\",\"potentialAction\":[{\"@type\":\"CommentAction\",\"name\":\"Comment\",\"target\":[\"https:\\\/\\\/www.laguiadepamplona.com\\\/actualidad\\\/constituida-la-mesa-de-movilidad-electrica-de-pamplona-impulsada-por-el-ayuntamiento-con-cerca-de-30-entidades-y-empresas\\\/#respond\"]}]},{\"@type\":\"WebPage\",\"@id\":\"https:\\\/\\\/www.laguiadepamplona.com\\\/actualidad\\\/constituida-la-mesa-de-movilidad-electrica-de-pamplona-impulsada-por-el-ayuntamiento-con-cerca-de-30-entidades-y-empresas\\\/\",\"url\":\"https:\\\/\\\/www.laguiadepamplona.com\\\/actualidad\\\/constituida-la-mesa-de-movilidad-electrica-de-pamplona-impulsada-por-el-ayuntamiento-con-cerca-de-30-entidades-y-empresas\\\/\",\"name\":\"Constituida la Mesa de Movilidad El\u00e9ctrica de Pamplona, impulsada por el Ayuntamiento, con cerca de 30 entidades y empresas\",\"isPartOf\":{\"@id\":\"https:\\\/\\\/www.laguiadepamplona.com\\\/actualidad\\\/#website\"},\"primaryImageOfPage\":{\"@id\":\"https:\\\/\\\/www.laguiadepamplona.com\\\/actualidad\\\/constituida-la-mesa-de-movilidad-electrica-de-pamplona-impulsada-por-el-ayuntamiento-con-cerca-de-30-entidades-y-empresas\\\/#primaryimage\"},\"image\":{\"@id\":\"https:\\\/\\\/www.laguiadepamplona.com\\\/actualidad\\\/constituida-la-mesa-de-movilidad-electrica-de-pamplona-impulsada-por-el-ayuntamiento-con-cerca-de-30-entidades-y-empresas\\\/#primaryimage\"},\"thumbnailUrl\":\"https:\\\/\\\/www.laguiadepamplona.com\\\/actualidad\\\/wp-content\\\/uploads\\\/2021\\\/09\\\/movilidadjgv1630.jpg\",\"datePublished\":\"2021-09-17T14:10:18+00:00\",\"dateModified\":\"2023-04-11T09:49:00+00:00\",\"description\":\"Participan asociaciones de usuarios, instituciones, empresas, asociaciones industriales, centros tecnol\u00f3gicos y medios de comunicaci\u00f3n\",\"breadcrumb\":{\"@id\":\"https:\\\/\\\/www.laguiadepamplona.com\\\/actualidad\\\/constituida-la-mesa-de-movilidad-electrica-de-pamplona-impulsada-por-el-ayuntamiento-con-cerca-de-30-entidades-y-empresas\\\/#breadcrumb\"},\"inLanguage\":\"es\",\"potentialAction\":[{\"@type\":\"ReadAction\",\"target\":[\"https:\\\/\\\/www.laguiadepamplona.com\\\/actualidad\\\/constituida-la-mesa-de-movilidad-electrica-de-pamplona-impulsada-por-el-ayuntamiento-con-cerca-de-30-entidades-y-empresas\\\/\"]}]},{\"@type\":\"ImageObject\",\"inLanguage\":\"es\",\"@id\":\"https:\\\/\\\/www.laguiadepamplona.com\\\/actualidad\\\/constituida-la-mesa-de-movilidad-electrica-de-pamplona-impulsada-por-el-ayuntamiento-con-cerca-de-30-entidades-y-empresas\\\/#primaryimage\",\"url\":\"https:\\\/\\\/www.laguiadepamplona.com\\\/actualidad\\\/wp-content\\\/uploads\\\/2021\\\/09\\\/movilidadjgv1630.jpg\",\"contentUrl\":\"https:\\\/\\\/www.laguiadepamplona.com\\\/actualidad\\\/wp-content\\\/uploads\\\/2021\\\/09\\\/movilidadjgv1630.jpg\",\"width\":1920,\"height\":1280,\"caption\":\"A* Jesus Garzaron F* 2021_09_17 T* Jornadas movilidad el\u00e9ctrica L* Civivox Iturrama, Pamplona\"},{\"@type\":\"BreadcrumbList\",\"@id\":\"https:\\\/\\\/www.laguiadepamplona.com\\\/actualidad\\\/constituida-la-mesa-de-movilidad-electrica-de-pamplona-impulsada-por-el-ayuntamiento-con-cerca-de-30-entidades-y-empresas\\\/#breadcrumb\",\"itemListElement\":[{\"@type\":\"ListItem\",\"position\":1,\"name\":\"Portada\",\"item\":\"https:\\\/\\\/www.laguiadepamplona.com\\\/actualidad\\\/\"},{\"@type\":\"ListItem\",\"position\":2,\"name\":\"Constituida la Mesa de Movilidad El\u00e9ctrica de Pamplona, impulsada por el Ayuntamiento, con cerca de 30 entidades y empresas\"}]},{\"@type\":\"WebSite\",\"@id\":\"https:\\\/\\\/www.laguiadepamplona.com\\\/actualidad\\\/#website\",\"url\":\"https:\\\/\\\/www.laguiadepamplona.com\\\/actualidad\\\/\",\"name\":\"La gu\u00eda de Pamplona\",\"description\":\"Noticias de Pamplona\",\"publisher\":{\"@id\":\"https:\\\/\\\/www.laguiadepamplona.com\\\/actualidad\\\/#organization\"},\"potentialAction\":[{\"@type\":\"SearchAction\",\"target\":{\"@type\":\"EntryPoint\",\"urlTemplate\":\"https:\\\/\\\/www.laguiadepamplona.com\\\/actualidad\\\/?s={search_term_string}\"},\"query-input\":{\"@type\":\"PropertyValueSpecification\",\"valueRequired\":true,\"valueName\":\"search_term_string\"}}],\"inLanguage\":\"es\"},{\"@type\":\"Organization\",\"@id\":\"https:\\\/\\\/www.laguiadepamplona.com\\\/actualidad\\\/#organization\",\"name\":\"La Gu\u00eda de Pamplona \\\/ Noticias\",\"url\":\"https:\\\/\\\/www.laguiadepamplona.com\\\/actualidad\\\/\",\"logo\":{\"@type\":\"ImageObject\",\"inLanguage\":\"es\",\"@id\":\"https:\\\/\\\/www.laguiadepamplona.com\\\/actualidad\\\/#\\\/schema\\\/logo\\\/image\\\/\",\"url\":\"https:\\\/\\\/www.laguiadepamplona.com\\\/actualidad\\\/wp-content\\\/uploads\\\/2018\\\/11\\\/logo-laguiadepamplona18-web1.png\",\"contentUrl\":\"https:\\\/\\\/www.laguiadepamplona.com\\\/actualidad\\\/wp-content\\\/uploads\\\/2018\\\/11\\\/logo-laguiadepamplona18-web1.png\",\"width\":600,\"height\":196,\"caption\":\"La Gu\u00eda de Pamplona \\\/ Noticias\"},\"image\":{\"@id\":\"https:\\\/\\\/www.laguiadepamplona.com\\\/actualidad\\\/#\\\/schema\\\/logo\\\/image\\\/\"},\"sameAs\":[\"https:\\\/\\\/www.facebook.com\\\/laguiadepamplonacom-133175176762273\\\/?ref=hl\",\"https:\\\/\\\/x.com\\\/LaGuiadPamplona\",\"https:\\\/\\\/www.instagram.com\\\/la_guia_de_pamplona\\\/\",\"https:\\\/\\\/www.youtube.com\\\/user\\\/laguiadepamplona\"]},{\"@type\":\"Person\",\"@id\":\"https:\\\/\\\/www.laguiadepamplona.com\\\/actualidad\\\/#\\\/schema\\\/person\\\/efe887376f0213d4657c93adc50b1fdb\",\"name\":\"La Gu\u00eda de Pamplona\",\"image\":{\"@type\":\"ImageObject\",\"inLanguage\":\"es\",\"@id\":\"https:\\\/\\\/secure.gravatar.com\\\/avatar\\\/b6992f131dc8d30ab0dff15446e9d346d9dbd95992de0fef795073f5ea83a81c?s=96&d=mm&r=g\",\"url\":\"https:\\\/\\\/secure.gravatar.com\\\/avatar\\\/b6992f131dc8d30ab0dff15446e9d346d9dbd95992de0fef795073f5ea83a81c?s=96&d=mm&r=g\",\"contentUrl\":\"https:\\\/\\\/secure.gravatar.com\\\/avatar\\\/b6992f131dc8d30ab0dff15446e9d346d9dbd95992de0fef795073f5ea83a81c?s=96&d=mm&r=g\",\"caption\":\"La Gu\u00eda de Pamplona\"}}]}<\/script>\n<!-- \/ Yoast SEO plugin. -->","yoast_head_json":{"title":"Constituida la Mesa de Movilidad El\u00e9ctrica de Pamplona, impulsada por el Ayuntamiento, con cerca de 30 entidades y empresas","description":"Participan asociaciones de usuarios, instituciones, empresas, asociaciones industriales, centros tecnol\u00f3gicos y medios de comunicaci\u00f3n","robots":{"index":"index","follow":"follow","max-snippet":"max-snippet:-1","max-image-preview":"max-image-preview:large","max-video-preview":"max-video-preview:-1"},"canonical":"https:\/\/www.laguiadepamplona.com\/actualidad\/constituida-la-mesa-de-movilidad-electrica-de-pamplona-impulsada-por-el-ayuntamiento-con-cerca-de-30-entidades-y-empresas\/","og_locale":"es_ES","og_type":"article","og_title":"Constituida la Mesa de Movilidad El\u00e9ctrica de Pamplona, impulsada por el Ayuntamiento, con cerca de 30 entidades y empresas","og_description":"Participan asociaciones de usuarios, instituciones, empresas, asociaciones industriales, centros tecnol\u00f3gicos y medios de comunicaci\u00f3n","og_url":"https:\/\/www.laguiadepamplona.com\/actualidad\/constituida-la-mesa-de-movilidad-electrica-de-pamplona-impulsada-por-el-ayuntamiento-con-cerca-de-30-entidades-y-empresas\/","og_site_name":"La Gu\u00eda de Pamplona","article_publisher":"https:\/\/www.facebook.com\/laguiadepamplonacom-133175176762273\/?ref=hl","article_published_time":"2021-09-17T14:10:18+00:00","article_modified_time":"2023-04-11T09:49:00+00:00","og_image":[{"width":1920,"height":1280,"url":"https:\/\/www.laguiadepamplona.com\/actualidad\/wp-content\/uploads\/2021\/09\/movilidadjgv1630.jpg","type":"image\/jpeg"}],"author":"La Gu\u00eda de Pamplona","twitter_card":"summary_large_image","twitter_creator":"@LaGuiadPamplona","twitter_site":"@LaGuiadPamplona","twitter_misc":{"Escrito por":"La Gu\u00eda de Pamplona","Tiempo de lectura":"6 minutos"},"schema":{"@context":"https:\/\/schema.org","@graph":[{"@type":"Article","@id":"https:\/\/www.laguiadepamplona.com\/actualidad\/constituida-la-mesa-de-movilidad-electrica-de-pamplona-impulsada-por-el-ayuntamiento-con-cerca-de-30-entidades-y-empresas\/#article","isPartOf":{"@id":"https:\/\/www.laguiadepamplona.com\/actualidad\/constituida-la-mesa-de-movilidad-electrica-de-pamplona-impulsada-por-el-ayuntamiento-con-cerca-de-30-entidades-y-empresas\/"},"author":{"name":"La Gu\u00eda de Pamplona","@id":"https:\/\/www.laguiadepamplona.com\/actualidad\/#\/schema\/person\/efe887376f0213d4657c93adc50b1fdb"},"headline":"Constituida la Mesa de Movilidad El\u00e9ctrica de Pamplona, impulsada por el Ayuntamiento, con cerca de 30 entidades y empresas","datePublished":"2021-09-17T14:10:18+00:00","dateModified":"2023-04-11T09:49:00+00:00","mainEntityOfPage":{"@id":"https:\/\/www.laguiadepamplona.com\/actualidad\/constituida-la-mesa-de-movilidad-electrica-de-pamplona-impulsada-por-el-ayuntamiento-con-cerca-de-30-entidades-y-empresas\/"},"wordCount":1415,"commentCount":0,"publisher":{"@id":"https:\/\/www.laguiadepamplona.com\/actualidad\/#organization"},"image":{"@id":"https:\/\/www.laguiadepamplona.com\/actualidad\/constituida-la-mesa-de-movilidad-electrica-de-pamplona-impulsada-por-el-ayuntamiento-con-cerca-de-30-entidades-y-empresas\/#primaryimage"},"thumbnailUrl":"https:\/\/www.laguiadepamplona.com\/actualidad\/wp-content\/uploads\/2021\/09\/movilidadjgv1630.jpg","articleSection":["Ayto Pamplona"],"inLanguage":"es","potentialAction":[{"@type":"CommentAction","name":"Comment","target":["https:\/\/www.laguiadepamplona.com\/actualidad\/constituida-la-mesa-de-movilidad-electrica-de-pamplona-impulsada-por-el-ayuntamiento-con-cerca-de-30-entidades-y-empresas\/#respond"]}]},{"@type":"WebPage","@id":"https:\/\/www.laguiadepamplona.com\/actualidad\/constituida-la-mesa-de-movilidad-electrica-de-pamplona-impulsada-por-el-ayuntamiento-con-cerca-de-30-entidades-y-empresas\/","url":"https:\/\/www.laguiadepamplona.com\/actualidad\/constituida-la-mesa-de-movilidad-electrica-de-pamplona-impulsada-por-el-ayuntamiento-con-cerca-de-30-entidades-y-empresas\/","name":"Constituida la Mesa de Movilidad El\u00e9ctrica de Pamplona, impulsada por el Ayuntamiento, con cerca de 30 entidades y empresas","isPartOf":{"@id":"https:\/\/www.laguiadepamplona.com\/actualidad\/#website"},"primaryImageOfPage":{"@id":"https:\/\/www.laguiadepamplona.com\/actualidad\/constituida-la-mesa-de-movilidad-electrica-de-pamplona-impulsada-por-el-ayuntamiento-con-cerca-de-30-entidades-y-empresas\/#primaryimage"},"image":{"@id":"https:\/\/www.laguiadepamplona.com\/actualidad\/constituida-la-mesa-de-movilidad-electrica-de-pamplona-impulsada-por-el-ayuntamiento-con-cerca-de-30-entidades-y-empresas\/#primaryimage"},"thumbnailUrl":"https:\/\/www.laguiadepamplona.com\/actualidad\/wp-content\/uploads\/2021\/09\/movilidadjgv1630.jpg","datePublished":"2021-09-17T14:10:18+00:00","dateModified":"2023-04-11T09:49:00+00:00","description":"Participan asociaciones de usuarios, instituciones, empresas, asociaciones industriales, centros tecnol\u00f3gicos y medios de comunicaci\u00f3n","breadcrumb":{"@id":"https:\/\/www.laguiadepamplona.com\/actualidad\/constituida-la-mesa-de-movilidad-electrica-de-pamplona-impulsada-por-el-ayuntamiento-con-cerca-de-30-entidades-y-empresas\/#breadcrumb"},"inLanguage":"es","potentialAction":[{"@type":"ReadAction","target":["https:\/\/www.laguiadepamplona.com\/actualidad\/constituida-la-mesa-de-movilidad-electrica-de-pamplona-impulsada-por-el-ayuntamiento-con-cerca-de-30-entidades-y-empresas\/"]}]},{"@type":"ImageObject","inLanguage":"es","@id":"https:\/\/www.laguiadepamplona.com\/actualidad\/constituida-la-mesa-de-movilidad-electrica-de-pamplona-impulsada-por-el-ayuntamiento-con-cerca-de-30-entidades-y-empresas\/#primaryimage","url":"https:\/\/www.laguiadepamplona.com\/actualidad\/wp-content\/uploads\/2021\/09\/movilidadjgv1630.jpg","contentUrl":"https:\/\/www.laguiadepamplona.com\/actualidad\/wp-content\/uploads\/2021\/09\/movilidadjgv1630.jpg","width":1920,"height":1280,"caption":"A* Jesus Garzaron F* 2021_09_17 T* Jornadas movilidad el\u00e9ctrica L* Civivox Iturrama, Pamplona"},{"@type":"BreadcrumbList","@id":"https:\/\/www.laguiadepamplona.com\/actualidad\/constituida-la-mesa-de-movilidad-electrica-de-pamplona-impulsada-por-el-ayuntamiento-con-cerca-de-30-entidades-y-empresas\/#breadcrumb","itemListElement":[{"@type":"ListItem","position":1,"name":"Portada","item":"https:\/\/www.laguiadepamplona.com\/actualidad\/"},{"@type":"ListItem","position":2,"name":"Constituida la Mesa de Movilidad El\u00e9ctrica de Pamplona, impulsada por el Ayuntamiento, con cerca de 30 entidades y empresas"}]},{"@type":"WebSite","@id":"https:\/\/www.laguiadepamplona.com\/actualidad\/#website","url":"https:\/\/www.laguiadepamplona.com\/actualidad\/","name":"La gu\u00eda de Pamplona","description":"Noticias de Pamplona","publisher":{"@id":"https:\/\/www.laguiadepamplona.com\/actualidad\/#organization"},"potentialAction":[{"@type":"SearchAction","target":{"@type":"EntryPoint","urlTemplate":"https:\/\/www.laguiadepamplona.com\/actualidad\/?s={search_term_string}"},"query-input":{"@type":"PropertyValueSpecification","valueRequired":true,"valueName":"search_term_string"}}],"inLanguage":"es"},{"@type":"Organization","@id":"https:\/\/www.laguiadepamplona.com\/actualidad\/#organization","name":"La Gu\u00eda de Pamplona \/ Noticias","url":"https:\/\/www.laguiadepamplona.com\/actualidad\/","logo":{"@type":"ImageObject","inLanguage":"es","@id":"https:\/\/www.laguiadepamplona.com\/actualidad\/#\/schema\/logo\/image\/","url":"https:\/\/www.laguiadepamplona.com\/actualidad\/wp-content\/uploads\/2018\/11\/logo-laguiadepamplona18-web1.png","contentUrl":"https:\/\/www.laguiadepamplona.com\/actualidad\/wp-content\/uploads\/2018\/11\/logo-laguiadepamplona18-web1.png","width":600,"height":196,"caption":"La Gu\u00eda de Pamplona \/ Noticias"},"image":{"@id":"https:\/\/www.laguiadepamplona.com\/actualidad\/#\/schema\/logo\/image\/"},"sameAs":["https:\/\/www.facebook.com\/laguiadepamplonacom-133175176762273\/?ref=hl","https:\/\/x.com\/LaGuiadPamplona","https:\/\/www.instagram.com\/la_guia_de_pamplona\/","https:\/\/www.youtube.com\/user\/laguiadepamplona"]},{"@type":"Person","@id":"https:\/\/www.laguiadepamplona.com\/actualidad\/#\/schema\/person\/efe887376f0213d4657c93adc50b1fdb","name":"La Gu\u00eda de Pamplona","image":{"@type":"ImageObject","inLanguage":"es","@id":"https:\/\/secure.gravatar.com\/avatar\/b6992f131dc8d30ab0dff15446e9d346d9dbd95992de0fef795073f5ea83a81c?s=96&d=mm&r=g","url":"https:\/\/secure.gravatar.com\/avatar\/b6992f131dc8d30ab0dff15446e9d346d9dbd95992de0fef795073f5ea83a81c?s=96&d=mm&r=g","contentUrl":"https:\/\/secure.gravatar.com\/avatar\/b6992f131dc8d30ab0dff15446e9d346d9dbd95992de0fef795073f5ea83a81c?s=96&d=mm&r=g","caption":"La Gu\u00eda de Pamplona"}}]}},"post_mailing_queue_ids":[],"_links":{"self":[{"href":"https:\/\/www.laguiadepamplona.com\/actualidad\/wp-json\/wp\/v2\/posts\/36491","targetHints":{"allow":["GET"]}}],"collection":[{"href":"https:\/\/www.laguiadepamplona.com\/actualidad\/wp-json\/wp\/v2\/posts"}],"about":[{"href":"https:\/\/www.laguiadepamplona.com\/actualidad\/wp-json\/wp\/v2\/types\/post"}],"author":[{"embeddable":true,"href":"https:\/\/www.laguiadepamplona.com\/actualidad\/wp-json\/wp\/v2\/users\/1"}],"replies":[{"embeddable":true,"href":"https:\/\/www.laguiadepamplona.com\/actualidad\/wp-json\/wp\/v2\/comments?post=36491"}],"version-history":[{"count":0,"href":"https:\/\/www.laguiadepamplona.com\/actualidad\/wp-json\/wp\/v2\/posts\/36491\/revisions"}],"wp:featuredmedia":[{"embeddable":true,"href":"https:\/\/www.laguiadepamplona.com\/actualidad\/wp-json\/wp\/v2\/media\/36492"}],"wp:attachment":[{"href":"https:\/\/www.laguiadepamplona.com\/actualidad\/wp-json\/wp\/v2\/media?parent=36491"}],"wp:term":[{"taxonomy":"category","embeddable":true,"href":"https:\/\/www.laguiadepamplona.com\/actualidad\/wp-json\/wp\/v2\/categories?post=36491"},{"taxonomy":"post_tag","embeddable":true,"href":"https:\/\/www.laguiadepamplona.com\/actualidad\/wp-json\/wp\/v2\/tags?post=36491"}],"curies":[{"name":"wp","href":"https:\/\/api.w.org\/{rel}","templated":true}]}}