{"id":36488,"date":"2021-09-17T16:08:21","date_gmt":"2021-09-17T14:08:21","guid":{"rendered":"https:\/\/www.laguiadepamplona.com\/actualidad\/?p=36488"},"modified":"2023-04-11T11:49:00","modified_gmt":"2023-04-11T09:49:00","slug":"cesar-barrio-presenta-una-exposicion-en-el-pabellon-de-mixtos-de-la-ciudadela-con-una-reflexion-sobre-el-paralelismo-que-existe-entre-la-piel-y-la-carne-y-el-lienzo","status":"publish","type":"post","link":"https:\/\/www.laguiadepamplona.com\/actualidad\/cesar-barrio-presenta-una-exposicion-en-el-pabellon-de-mixtos-de-la-ciudadela-con-una-reflexion-sobre-el-paralelismo-que-existe-entre-la-piel-y-la-carne-y-el-lienzo\/","title":{"rendered":"C\u00e9sar Barrio presenta una exposici\u00f3n en el Pabell\u00f3n de Mixtos de la Ciudadela con una reflexi\u00f3n sobre el paralelismo que existe entre la piel y la carne y el lienzo"},"content":{"rendered":"<h5>La muestra \u2018Solo aquello que pasa por todas las puertas\u2019, especialmente pensada para este espacio, puede visitarse hasta el 9 de noviembre<\/h5>\n<p><!--more--><\/p>\n<p>\u2018Solo aquello que pasa por todas las puertas\u2019 es el t\u00edtulo de la exposici\u00f3n que C\u00e9sar Barrio presenta en el Pabell\u00f3n de Mixtos de la Ciudadela hasta el 9 de noviembre. La muestra consta de toda la obra realizada espec\u00edficamente por el artista durante el \u00faltimo a\u00f1o para este espacio y supone el final de un recorrido de investigaci\u00f3n que surgido hace cinco a\u00f1os. Es la exposici\u00f3n m\u00e1s amplia de las realizadas por el autor, con alrededor de 30 piezas de gran formato. Las t\u00e9cnicas utilizadas son muy variadas, mezclando diferentes materiales para crear grandes collages \u201cescultopict\u00f3ricos\u201d<\/p>\n<p>Tal y como explica C\u00e9sar Barrio, \u201ces una reflexi\u00f3n sobre la materialidad de la pintura, del paralelismo que existe entre la piel y la carne y el lienzo. De c\u00f3mo el acto de pintar trata de que se lleguen a confundir el interior y el exterior de esa piel, y a su vez de que se llegue a confundir tambi\u00e9n en la pintura el microcosmos y el macrocosmos. Las im\u00e1genes que se obtienen tanto podr\u00edan parecerse a las de un microscopio como a las que env\u00eda un sat\u00e9lite\u201d.<\/p>\n<p><script async src=\"\/\/pagead2.googlesyndication.com\/pagead\/js\/adsbygoogle.js\"><\/script><br \/>\n<!-- Noticias La Guia de Pamplona --><br \/>\n<ins class=\"adsbygoogle\"\nstyle=\"display:block\"\ndata-ad-client=\"ca-pub-6943679897239327\"\ndata-ad-slot=\"7048180777\"\ndata-ad-format=\"auto\"><\/ins><br \/>\n<script>\n(adsbygoogle = window.adsbygoogle || []).push({});\n<\/script><\/p>\n<p>La exposici\u00f3n aprovecha las dos salas existentes para realizar un juego de espejos. En la primera, en blanco y negro, aparece la materialidad de esa piel mientras que en la segunda, unos collages de color de gran formato representan el env\u00e9s de la piel, la carne interior al cuadro, ese rev\u00e9s ocultado de la pintura con toda su profundidad.<\/p>\n<p>La muestra ir\u00e1 acompa\u00f1ada de un programa cultural paralelo formado por visitas guiadas del autor, conferencias y una actuaci\u00f3n que fusionar\u00e1 pintura, m\u00fasica y poes\u00eda. El horario de visita es de martes a s\u00e1bado de 11.30 a 13.30 horas y de 18 a 20.30 horas; los domingos \u00fanicamente abre en horario de ma\u00f1ana.<\/p>\n<p><script async src=\"\/\/pagead2.googlesyndication.com\/pagead\/js\/adsbygoogle.js\"><\/script><br \/>\n<!-- Noticias La Guia de Pamplona --><br \/>\n<ins class=\"adsbygoogle\"\nstyle=\"display:block\"\ndata-ad-client=\"ca-pub-6943679897239327\"\ndata-ad-slot=\"7048180777\"\ndata-ad-format=\"auto\"><\/ins><br \/>\n<script>\n(adsbygoogle = window.adsbygoogle || []).push({});\n<\/script><\/p>\n<p><strong>Arquitecto de formaci\u00f3n y \u00faltimos trabajos<\/strong><\/p>\n<p><a href=\"https:\/\/cesarbarrio.wixsite.com\/cesarbarrio\" target=\"_blank\" rel=\"noopener\">C\u00e9sar Barrio<\/a> (Oviedo, 1971) vive y trabaja entre Madrid y Lisboa. Licenciado en Arquitectura por la Universidad de Navarra, tuvo su residencia en Pamplona durante catorce a\u00f1os. Ha impartido cursos y conferencias como profesor invitado en las escuelas de Arquitectura de Pamplona, Zaragoza o Toledo, as\u00ed como en escuelas de Bellas Artes. Desde que en 1989 realizase su primera exposici\u00f3n son numerosos los espacios en los que han podido verse sus obras en muestras individuales y colectivas.<\/p>\n<p>Entre sus \u00faltimos proyectos figuran la instalaci\u00f3n \u201cQuatro paredes de agua\u201d (2019), en colaboraci\u00f3n con Acci\u00f3n Cultural Espa\u00f1ola y el Ayuntamiento de Lisboa, y \u201cRituales del imaginario\u201d, fruto de su estancia en 2017 en el espacio Las catedrales de Arantzazu con la Fundaci\u00f3n Arantzazu Gaur.<\/p>\n<p><script async src=\"\/\/pagead2.googlesyndication.com\/pagead\/js\/adsbygoogle.js\"><\/script><br \/>\n<!-- Noticias La Guia de Pamplona --><br \/>\n<ins class=\"adsbygoogle\"\nstyle=\"display:block\"\ndata-ad-client=\"ca-pub-6943679897239327\"\ndata-ad-slot=\"7048180777\"\ndata-ad-format=\"auto\"><\/ins><br \/>\n<script>\n(adsbygoogle = window.adsbygoogle || []).push({});\n<\/script><\/p>\n<p>Adem\u00e1s, ha publicado este a\u00f1o en la editorial Archivos Vola su ensayo sobre arte \u201cLo que no se ve\u201d. Es el autor del \u00faltimo cartel de la Feria del Toro de 2019 de Pamplona. Su obra se encuentra en colecciones privadas en Espa\u00f1a, Portugal, Francia, Italia, Austria, Brasil, M\u00e9xico y Per\u00fa.<\/p>\n","protected":false},"excerpt":{"rendered":"<p>La muestra \u2018Solo aquello que pasa por todas las puertas\u2019, especialmente pensada para este espacio, puede visitarse hasta el 9 de noviembre<\/p>\n","protected":false},"author":1,"featured_media":36489,"comment_status":"open","ping_status":"closed","sticky":false,"template":"","format":"standard","meta":{"footnotes":""},"categories":[2],"tags":[],"class_list":["post-36488","post","type-post","status-publish","format-standard","has-post-thumbnail","hentry","category-ayuntamiento-pamplona"],"yoast_head":"<!-- This site is optimized with the Yoast SEO plugin v27.5 - https:\/\/yoast.com\/product\/yoast-seo-wordpress\/ -->\n<title>C\u00e9sar Barrio presenta una exposici\u00f3n en el Pabell\u00f3n de Mixtos de la Ciudadela con una reflexi\u00f3n sobre el paralelismo que existe entre la piel y la carne y el lienzo<\/title>\n<meta name=\"description\" content=\"La muestra \u2018Solo aquello que pasa por todas las puertas\u2019, especialmente pensada para este espacio, puede visitarse hasta el 9 de noviembre\" \/>\n<meta name=\"robots\" content=\"index, follow, max-snippet:-1, max-image-preview:large, max-video-preview:-1\" \/>\n<link rel=\"canonical\" href=\"https:\/\/www.laguiadepamplona.com\/actualidad\/cesar-barrio-presenta-una-exposicion-en-el-pabellon-de-mixtos-de-la-ciudadela-con-una-reflexion-sobre-el-paralelismo-que-existe-entre-la-piel-y-la-carne-y-el-lienzo\/\" \/>\n<meta property=\"og:locale\" content=\"es_ES\" \/>\n<meta property=\"og:type\" content=\"article\" \/>\n<meta property=\"og:title\" content=\"C\u00e9sar Barrio presenta una exposici\u00f3n en el Pabell\u00f3n de Mixtos de la Ciudadela con una reflexi\u00f3n sobre el paralelismo que existe entre la piel y la carne y el lienzo\" \/>\n<meta property=\"og:description\" content=\"La muestra \u2018Solo aquello que pasa por todas las puertas\u2019, especialmente pensada para este espacio, puede visitarse hasta el 9 de noviembre\" \/>\n<meta property=\"og:url\" content=\"https:\/\/www.laguiadepamplona.com\/actualidad\/cesar-barrio-presenta-una-exposicion-en-el-pabellon-de-mixtos-de-la-ciudadela-con-una-reflexion-sobre-el-paralelismo-que-existe-entre-la-piel-y-la-carne-y-el-lienzo\/\" \/>\n<meta property=\"og:site_name\" content=\"La Gu\u00eda de Pamplona\" \/>\n<meta property=\"article:publisher\" content=\"https:\/\/www.facebook.com\/laguiadepamplonacom-133175176762273\/?ref=hl\" \/>\n<meta property=\"article:published_time\" content=\"2021-09-17T14:08:21+00:00\" \/>\n<meta property=\"article:modified_time\" content=\"2023-04-11T09:49:00+00:00\" \/>\n<meta property=\"og:image\" content=\"https:\/\/www.laguiadepamplona.com\/actualidad\/wp-content\/uploads\/2021\/09\/cesar-barrio-ciudadela.jpeg\" \/>\n\t<meta property=\"og:image:width\" content=\"1600\" \/>\n\t<meta property=\"og:image:height\" content=\"1200\" \/>\n\t<meta property=\"og:image:type\" content=\"image\/jpeg\" \/>\n<meta name=\"author\" content=\"La Gu\u00eda de Pamplona\" \/>\n<meta name=\"twitter:card\" content=\"summary_large_image\" \/>\n<meta name=\"twitter:creator\" content=\"@LaGuiadPamplona\" \/>\n<meta name=\"twitter:site\" content=\"@LaGuiadPamplona\" \/>\n<meta name=\"twitter:label1\" content=\"Escrito por\" \/>\n\t<meta name=\"twitter:data1\" content=\"La Gu\u00eda de Pamplona\" \/>\n\t<meta name=\"twitter:label2\" content=\"Tiempo de lectura\" \/>\n\t<meta name=\"twitter:data2\" content=\"3 minutos\" \/>\n<script type=\"application\/ld+json\" class=\"yoast-schema-graph\">{\"@context\":\"https:\\\/\\\/schema.org\",\"@graph\":[{\"@type\":\"Article\",\"@id\":\"https:\\\/\\\/www.laguiadepamplona.com\\\/actualidad\\\/cesar-barrio-presenta-una-exposicion-en-el-pabellon-de-mixtos-de-la-ciudadela-con-una-reflexion-sobre-el-paralelismo-que-existe-entre-la-piel-y-la-carne-y-el-lienzo\\\/#article\",\"isPartOf\":{\"@id\":\"https:\\\/\\\/www.laguiadepamplona.com\\\/actualidad\\\/cesar-barrio-presenta-una-exposicion-en-el-pabellon-de-mixtos-de-la-ciudadela-con-una-reflexion-sobre-el-paralelismo-que-existe-entre-la-piel-y-la-carne-y-el-lienzo\\\/\"},\"author\":{\"name\":\"La Gu\u00eda de Pamplona\",\"@id\":\"https:\\\/\\\/www.laguiadepamplona.com\\\/actualidad\\\/#\\\/schema\\\/person\\\/efe887376f0213d4657c93adc50b1fdb\"},\"headline\":\"C\u00e9sar Barrio presenta una exposici\u00f3n en el Pabell\u00f3n de Mixtos de la Ciudadela con una reflexi\u00f3n sobre el paralelismo que existe entre la piel y la carne y el lienzo\",\"datePublished\":\"2021-09-17T14:08:21+00:00\",\"dateModified\":\"2023-04-11T09:49:00+00:00\",\"mainEntityOfPage\":{\"@id\":\"https:\\\/\\\/www.laguiadepamplona.com\\\/actualidad\\\/cesar-barrio-presenta-una-exposicion-en-el-pabellon-de-mixtos-de-la-ciudadela-con-una-reflexion-sobre-el-paralelismo-que-existe-entre-la-piel-y-la-carne-y-el-lienzo\\\/\"},\"wordCount\":562,\"commentCount\":0,\"publisher\":{\"@id\":\"https:\\\/\\\/www.laguiadepamplona.com\\\/actualidad\\\/#organization\"},\"image\":{\"@id\":\"https:\\\/\\\/www.laguiadepamplona.com\\\/actualidad\\\/cesar-barrio-presenta-una-exposicion-en-el-pabellon-de-mixtos-de-la-ciudadela-con-una-reflexion-sobre-el-paralelismo-que-existe-entre-la-piel-y-la-carne-y-el-lienzo\\\/#primaryimage\"},\"thumbnailUrl\":\"https:\\\/\\\/www.laguiadepamplona.com\\\/actualidad\\\/wp-content\\\/uploads\\\/2021\\\/09\\\/cesar-barrio-ciudadela.jpeg\",\"articleSection\":[\"Ayto Pamplona\"],\"inLanguage\":\"es\",\"potentialAction\":[{\"@type\":\"CommentAction\",\"name\":\"Comment\",\"target\":[\"https:\\\/\\\/www.laguiadepamplona.com\\\/actualidad\\\/cesar-barrio-presenta-una-exposicion-en-el-pabellon-de-mixtos-de-la-ciudadela-con-una-reflexion-sobre-el-paralelismo-que-existe-entre-la-piel-y-la-carne-y-el-lienzo\\\/#respond\"]}]},{\"@type\":\"WebPage\",\"@id\":\"https:\\\/\\\/www.laguiadepamplona.com\\\/actualidad\\\/cesar-barrio-presenta-una-exposicion-en-el-pabellon-de-mixtos-de-la-ciudadela-con-una-reflexion-sobre-el-paralelismo-que-existe-entre-la-piel-y-la-carne-y-el-lienzo\\\/\",\"url\":\"https:\\\/\\\/www.laguiadepamplona.com\\\/actualidad\\\/cesar-barrio-presenta-una-exposicion-en-el-pabellon-de-mixtos-de-la-ciudadela-con-una-reflexion-sobre-el-paralelismo-que-existe-entre-la-piel-y-la-carne-y-el-lienzo\\\/\",\"name\":\"C\u00e9sar Barrio presenta una exposici\u00f3n en el Pabell\u00f3n de Mixtos de la Ciudadela con una reflexi\u00f3n sobre el paralelismo que existe entre la piel y la carne y el lienzo\",\"isPartOf\":{\"@id\":\"https:\\\/\\\/www.laguiadepamplona.com\\\/actualidad\\\/#website\"},\"primaryImageOfPage\":{\"@id\":\"https:\\\/\\\/www.laguiadepamplona.com\\\/actualidad\\\/cesar-barrio-presenta-una-exposicion-en-el-pabellon-de-mixtos-de-la-ciudadela-con-una-reflexion-sobre-el-paralelismo-que-existe-entre-la-piel-y-la-carne-y-el-lienzo\\\/#primaryimage\"},\"image\":{\"@id\":\"https:\\\/\\\/www.laguiadepamplona.com\\\/actualidad\\\/cesar-barrio-presenta-una-exposicion-en-el-pabellon-de-mixtos-de-la-ciudadela-con-una-reflexion-sobre-el-paralelismo-que-existe-entre-la-piel-y-la-carne-y-el-lienzo\\\/#primaryimage\"},\"thumbnailUrl\":\"https:\\\/\\\/www.laguiadepamplona.com\\\/actualidad\\\/wp-content\\\/uploads\\\/2021\\\/09\\\/cesar-barrio-ciudadela.jpeg\",\"datePublished\":\"2021-09-17T14:08:21+00:00\",\"dateModified\":\"2023-04-11T09:49:00+00:00\",\"description\":\"La muestra \u2018Solo aquello que pasa por todas las puertas\u2019, especialmente pensada para este espacio, puede visitarse hasta el 9 de noviembre\",\"breadcrumb\":{\"@id\":\"https:\\\/\\\/www.laguiadepamplona.com\\\/actualidad\\\/cesar-barrio-presenta-una-exposicion-en-el-pabellon-de-mixtos-de-la-ciudadela-con-una-reflexion-sobre-el-paralelismo-que-existe-entre-la-piel-y-la-carne-y-el-lienzo\\\/#breadcrumb\"},\"inLanguage\":\"es\",\"potentialAction\":[{\"@type\":\"ReadAction\",\"target\":[\"https:\\\/\\\/www.laguiadepamplona.com\\\/actualidad\\\/cesar-barrio-presenta-una-exposicion-en-el-pabellon-de-mixtos-de-la-ciudadela-con-una-reflexion-sobre-el-paralelismo-que-existe-entre-la-piel-y-la-carne-y-el-lienzo\\\/\"]}]},{\"@type\":\"ImageObject\",\"inLanguage\":\"es\",\"@id\":\"https:\\\/\\\/www.laguiadepamplona.com\\\/actualidad\\\/cesar-barrio-presenta-una-exposicion-en-el-pabellon-de-mixtos-de-la-ciudadela-con-una-reflexion-sobre-el-paralelismo-que-existe-entre-la-piel-y-la-carne-y-el-lienzo\\\/#primaryimage\",\"url\":\"https:\\\/\\\/www.laguiadepamplona.com\\\/actualidad\\\/wp-content\\\/uploads\\\/2021\\\/09\\\/cesar-barrio-ciudadela.jpeg\",\"contentUrl\":\"https:\\\/\\\/www.laguiadepamplona.com\\\/actualidad\\\/wp-content\\\/uploads\\\/2021\\\/09\\\/cesar-barrio-ciudadela.jpeg\",\"width\":1600,\"height\":1200},{\"@type\":\"BreadcrumbList\",\"@id\":\"https:\\\/\\\/www.laguiadepamplona.com\\\/actualidad\\\/cesar-barrio-presenta-una-exposicion-en-el-pabellon-de-mixtos-de-la-ciudadela-con-una-reflexion-sobre-el-paralelismo-que-existe-entre-la-piel-y-la-carne-y-el-lienzo\\\/#breadcrumb\",\"itemListElement\":[{\"@type\":\"ListItem\",\"position\":1,\"name\":\"Portada\",\"item\":\"https:\\\/\\\/www.laguiadepamplona.com\\\/actualidad\\\/\"},{\"@type\":\"ListItem\",\"position\":2,\"name\":\"C\u00e9sar Barrio presenta una exposici\u00f3n en el Pabell\u00f3n de Mixtos de la Ciudadela con una reflexi\u00f3n sobre el paralelismo que existe entre la piel y la carne y el lienzo\"}]},{\"@type\":\"WebSite\",\"@id\":\"https:\\\/\\\/www.laguiadepamplona.com\\\/actualidad\\\/#website\",\"url\":\"https:\\\/\\\/www.laguiadepamplona.com\\\/actualidad\\\/\",\"name\":\"La gu\u00eda de Pamplona\",\"description\":\"Noticias de Pamplona\",\"publisher\":{\"@id\":\"https:\\\/\\\/www.laguiadepamplona.com\\\/actualidad\\\/#organization\"},\"potentialAction\":[{\"@type\":\"SearchAction\",\"target\":{\"@type\":\"EntryPoint\",\"urlTemplate\":\"https:\\\/\\\/www.laguiadepamplona.com\\\/actualidad\\\/?s={search_term_string}\"},\"query-input\":{\"@type\":\"PropertyValueSpecification\",\"valueRequired\":true,\"valueName\":\"search_term_string\"}}],\"inLanguage\":\"es\"},{\"@type\":\"Organization\",\"@id\":\"https:\\\/\\\/www.laguiadepamplona.com\\\/actualidad\\\/#organization\",\"name\":\"La Gu\u00eda de Pamplona \\\/ Noticias\",\"url\":\"https:\\\/\\\/www.laguiadepamplona.com\\\/actualidad\\\/\",\"logo\":{\"@type\":\"ImageObject\",\"inLanguage\":\"es\",\"@id\":\"https:\\\/\\\/www.laguiadepamplona.com\\\/actualidad\\\/#\\\/schema\\\/logo\\\/image\\\/\",\"url\":\"https:\\\/\\\/www.laguiadepamplona.com\\\/actualidad\\\/wp-content\\\/uploads\\\/2018\\\/11\\\/logo-laguiadepamplona18-web1.png\",\"contentUrl\":\"https:\\\/\\\/www.laguiadepamplona.com\\\/actualidad\\\/wp-content\\\/uploads\\\/2018\\\/11\\\/logo-laguiadepamplona18-web1.png\",\"width\":600,\"height\":196,\"caption\":\"La Gu\u00eda de Pamplona \\\/ Noticias\"},\"image\":{\"@id\":\"https:\\\/\\\/www.laguiadepamplona.com\\\/actualidad\\\/#\\\/schema\\\/logo\\\/image\\\/\"},\"sameAs\":[\"https:\\\/\\\/www.facebook.com\\\/laguiadepamplonacom-133175176762273\\\/?ref=hl\",\"https:\\\/\\\/x.com\\\/LaGuiadPamplona\",\"https:\\\/\\\/www.instagram.com\\\/la_guia_de_pamplona\\\/\",\"https:\\\/\\\/www.youtube.com\\\/user\\\/laguiadepamplona\"]},{\"@type\":\"Person\",\"@id\":\"https:\\\/\\\/www.laguiadepamplona.com\\\/actualidad\\\/#\\\/schema\\\/person\\\/efe887376f0213d4657c93adc50b1fdb\",\"name\":\"La Gu\u00eda de Pamplona\",\"image\":{\"@type\":\"ImageObject\",\"inLanguage\":\"es\",\"@id\":\"https:\\\/\\\/secure.gravatar.com\\\/avatar\\\/b6992f131dc8d30ab0dff15446e9d346d9dbd95992de0fef795073f5ea83a81c?s=96&d=mm&r=g\",\"url\":\"https:\\\/\\\/secure.gravatar.com\\\/avatar\\\/b6992f131dc8d30ab0dff15446e9d346d9dbd95992de0fef795073f5ea83a81c?s=96&d=mm&r=g\",\"contentUrl\":\"https:\\\/\\\/secure.gravatar.com\\\/avatar\\\/b6992f131dc8d30ab0dff15446e9d346d9dbd95992de0fef795073f5ea83a81c?s=96&d=mm&r=g\",\"caption\":\"La Gu\u00eda de Pamplona\"}}]}<\/script>\n<!-- \/ Yoast SEO plugin. -->","yoast_head_json":{"title":"C\u00e9sar Barrio presenta una exposici\u00f3n en el Pabell\u00f3n de Mixtos de la Ciudadela con una reflexi\u00f3n sobre el paralelismo que existe entre la piel y la carne y el lienzo","description":"La muestra \u2018Solo aquello que pasa por todas las puertas\u2019, especialmente pensada para este espacio, puede visitarse hasta el 9 de noviembre","robots":{"index":"index","follow":"follow","max-snippet":"max-snippet:-1","max-image-preview":"max-image-preview:large","max-video-preview":"max-video-preview:-1"},"canonical":"https:\/\/www.laguiadepamplona.com\/actualidad\/cesar-barrio-presenta-una-exposicion-en-el-pabellon-de-mixtos-de-la-ciudadela-con-una-reflexion-sobre-el-paralelismo-que-existe-entre-la-piel-y-la-carne-y-el-lienzo\/","og_locale":"es_ES","og_type":"article","og_title":"C\u00e9sar Barrio presenta una exposici\u00f3n en el Pabell\u00f3n de Mixtos de la Ciudadela con una reflexi\u00f3n sobre el paralelismo que existe entre la piel y la carne y el lienzo","og_description":"La muestra \u2018Solo aquello que pasa por todas las puertas\u2019, especialmente pensada para este espacio, puede visitarse hasta el 9 de noviembre","og_url":"https:\/\/www.laguiadepamplona.com\/actualidad\/cesar-barrio-presenta-una-exposicion-en-el-pabellon-de-mixtos-de-la-ciudadela-con-una-reflexion-sobre-el-paralelismo-que-existe-entre-la-piel-y-la-carne-y-el-lienzo\/","og_site_name":"La Gu\u00eda de Pamplona","article_publisher":"https:\/\/www.facebook.com\/laguiadepamplonacom-133175176762273\/?ref=hl","article_published_time":"2021-09-17T14:08:21+00:00","article_modified_time":"2023-04-11T09:49:00+00:00","og_image":[{"width":1600,"height":1200,"url":"https:\/\/www.laguiadepamplona.com\/actualidad\/wp-content\/uploads\/2021\/09\/cesar-barrio-ciudadela.jpeg","type":"image\/jpeg"}],"author":"La Gu\u00eda de Pamplona","twitter_card":"summary_large_image","twitter_creator":"@LaGuiadPamplona","twitter_site":"@LaGuiadPamplona","twitter_misc":{"Escrito por":"La Gu\u00eda de Pamplona","Tiempo de lectura":"3 minutos"},"schema":{"@context":"https:\/\/schema.org","@graph":[{"@type":"Article","@id":"https:\/\/www.laguiadepamplona.com\/actualidad\/cesar-barrio-presenta-una-exposicion-en-el-pabellon-de-mixtos-de-la-ciudadela-con-una-reflexion-sobre-el-paralelismo-que-existe-entre-la-piel-y-la-carne-y-el-lienzo\/#article","isPartOf":{"@id":"https:\/\/www.laguiadepamplona.com\/actualidad\/cesar-barrio-presenta-una-exposicion-en-el-pabellon-de-mixtos-de-la-ciudadela-con-una-reflexion-sobre-el-paralelismo-que-existe-entre-la-piel-y-la-carne-y-el-lienzo\/"},"author":{"name":"La Gu\u00eda de Pamplona","@id":"https:\/\/www.laguiadepamplona.com\/actualidad\/#\/schema\/person\/efe887376f0213d4657c93adc50b1fdb"},"headline":"C\u00e9sar Barrio presenta una exposici\u00f3n en el Pabell\u00f3n de Mixtos de la Ciudadela con una reflexi\u00f3n sobre el paralelismo que existe entre la piel y la carne y el lienzo","datePublished":"2021-09-17T14:08:21+00:00","dateModified":"2023-04-11T09:49:00+00:00","mainEntityOfPage":{"@id":"https:\/\/www.laguiadepamplona.com\/actualidad\/cesar-barrio-presenta-una-exposicion-en-el-pabellon-de-mixtos-de-la-ciudadela-con-una-reflexion-sobre-el-paralelismo-que-existe-entre-la-piel-y-la-carne-y-el-lienzo\/"},"wordCount":562,"commentCount":0,"publisher":{"@id":"https:\/\/www.laguiadepamplona.com\/actualidad\/#organization"},"image":{"@id":"https:\/\/www.laguiadepamplona.com\/actualidad\/cesar-barrio-presenta-una-exposicion-en-el-pabellon-de-mixtos-de-la-ciudadela-con-una-reflexion-sobre-el-paralelismo-que-existe-entre-la-piel-y-la-carne-y-el-lienzo\/#primaryimage"},"thumbnailUrl":"https:\/\/www.laguiadepamplona.com\/actualidad\/wp-content\/uploads\/2021\/09\/cesar-barrio-ciudadela.jpeg","articleSection":["Ayto Pamplona"],"inLanguage":"es","potentialAction":[{"@type":"CommentAction","name":"Comment","target":["https:\/\/www.laguiadepamplona.com\/actualidad\/cesar-barrio-presenta-una-exposicion-en-el-pabellon-de-mixtos-de-la-ciudadela-con-una-reflexion-sobre-el-paralelismo-que-existe-entre-la-piel-y-la-carne-y-el-lienzo\/#respond"]}]},{"@type":"WebPage","@id":"https:\/\/www.laguiadepamplona.com\/actualidad\/cesar-barrio-presenta-una-exposicion-en-el-pabellon-de-mixtos-de-la-ciudadela-con-una-reflexion-sobre-el-paralelismo-que-existe-entre-la-piel-y-la-carne-y-el-lienzo\/","url":"https:\/\/www.laguiadepamplona.com\/actualidad\/cesar-barrio-presenta-una-exposicion-en-el-pabellon-de-mixtos-de-la-ciudadela-con-una-reflexion-sobre-el-paralelismo-que-existe-entre-la-piel-y-la-carne-y-el-lienzo\/","name":"C\u00e9sar Barrio presenta una exposici\u00f3n en el Pabell\u00f3n de Mixtos de la Ciudadela con una reflexi\u00f3n sobre el paralelismo que existe entre la piel y la carne y el lienzo","isPartOf":{"@id":"https:\/\/www.laguiadepamplona.com\/actualidad\/#website"},"primaryImageOfPage":{"@id":"https:\/\/www.laguiadepamplona.com\/actualidad\/cesar-barrio-presenta-una-exposicion-en-el-pabellon-de-mixtos-de-la-ciudadela-con-una-reflexion-sobre-el-paralelismo-que-existe-entre-la-piel-y-la-carne-y-el-lienzo\/#primaryimage"},"image":{"@id":"https:\/\/www.laguiadepamplona.com\/actualidad\/cesar-barrio-presenta-una-exposicion-en-el-pabellon-de-mixtos-de-la-ciudadela-con-una-reflexion-sobre-el-paralelismo-que-existe-entre-la-piel-y-la-carne-y-el-lienzo\/#primaryimage"},"thumbnailUrl":"https:\/\/www.laguiadepamplona.com\/actualidad\/wp-content\/uploads\/2021\/09\/cesar-barrio-ciudadela.jpeg","datePublished":"2021-09-17T14:08:21+00:00","dateModified":"2023-04-11T09:49:00+00:00","description":"La muestra \u2018Solo aquello que pasa por todas las puertas\u2019, especialmente pensada para este espacio, puede visitarse hasta el 9 de noviembre","breadcrumb":{"@id":"https:\/\/www.laguiadepamplona.com\/actualidad\/cesar-barrio-presenta-una-exposicion-en-el-pabellon-de-mixtos-de-la-ciudadela-con-una-reflexion-sobre-el-paralelismo-que-existe-entre-la-piel-y-la-carne-y-el-lienzo\/#breadcrumb"},"inLanguage":"es","potentialAction":[{"@type":"ReadAction","target":["https:\/\/www.laguiadepamplona.com\/actualidad\/cesar-barrio-presenta-una-exposicion-en-el-pabellon-de-mixtos-de-la-ciudadela-con-una-reflexion-sobre-el-paralelismo-que-existe-entre-la-piel-y-la-carne-y-el-lienzo\/"]}]},{"@type":"ImageObject","inLanguage":"es","@id":"https:\/\/www.laguiadepamplona.com\/actualidad\/cesar-barrio-presenta-una-exposicion-en-el-pabellon-de-mixtos-de-la-ciudadela-con-una-reflexion-sobre-el-paralelismo-que-existe-entre-la-piel-y-la-carne-y-el-lienzo\/#primaryimage","url":"https:\/\/www.laguiadepamplona.com\/actualidad\/wp-content\/uploads\/2021\/09\/cesar-barrio-ciudadela.jpeg","contentUrl":"https:\/\/www.laguiadepamplona.com\/actualidad\/wp-content\/uploads\/2021\/09\/cesar-barrio-ciudadela.jpeg","width":1600,"height":1200},{"@type":"BreadcrumbList","@id":"https:\/\/www.laguiadepamplona.com\/actualidad\/cesar-barrio-presenta-una-exposicion-en-el-pabellon-de-mixtos-de-la-ciudadela-con-una-reflexion-sobre-el-paralelismo-que-existe-entre-la-piel-y-la-carne-y-el-lienzo\/#breadcrumb","itemListElement":[{"@type":"ListItem","position":1,"name":"Portada","item":"https:\/\/www.laguiadepamplona.com\/actualidad\/"},{"@type":"ListItem","position":2,"name":"C\u00e9sar Barrio presenta una exposici\u00f3n en el Pabell\u00f3n de Mixtos de la Ciudadela con una reflexi\u00f3n sobre el paralelismo que existe entre la piel y la carne y el lienzo"}]},{"@type":"WebSite","@id":"https:\/\/www.laguiadepamplona.com\/actualidad\/#website","url":"https:\/\/www.laguiadepamplona.com\/actualidad\/","name":"La gu\u00eda de Pamplona","description":"Noticias de Pamplona","publisher":{"@id":"https:\/\/www.laguiadepamplona.com\/actualidad\/#organization"},"potentialAction":[{"@type":"SearchAction","target":{"@type":"EntryPoint","urlTemplate":"https:\/\/www.laguiadepamplona.com\/actualidad\/?s={search_term_string}"},"query-input":{"@type":"PropertyValueSpecification","valueRequired":true,"valueName":"search_term_string"}}],"inLanguage":"es"},{"@type":"Organization","@id":"https:\/\/www.laguiadepamplona.com\/actualidad\/#organization","name":"La Gu\u00eda de Pamplona \/ Noticias","url":"https:\/\/www.laguiadepamplona.com\/actualidad\/","logo":{"@type":"ImageObject","inLanguage":"es","@id":"https:\/\/www.laguiadepamplona.com\/actualidad\/#\/schema\/logo\/image\/","url":"https:\/\/www.laguiadepamplona.com\/actualidad\/wp-content\/uploads\/2018\/11\/logo-laguiadepamplona18-web1.png","contentUrl":"https:\/\/www.laguiadepamplona.com\/actualidad\/wp-content\/uploads\/2018\/11\/logo-laguiadepamplona18-web1.png","width":600,"height":196,"caption":"La Gu\u00eda de Pamplona \/ Noticias"},"image":{"@id":"https:\/\/www.laguiadepamplona.com\/actualidad\/#\/schema\/logo\/image\/"},"sameAs":["https:\/\/www.facebook.com\/laguiadepamplonacom-133175176762273\/?ref=hl","https:\/\/x.com\/LaGuiadPamplona","https:\/\/www.instagram.com\/la_guia_de_pamplona\/","https:\/\/www.youtube.com\/user\/laguiadepamplona"]},{"@type":"Person","@id":"https:\/\/www.laguiadepamplona.com\/actualidad\/#\/schema\/person\/efe887376f0213d4657c93adc50b1fdb","name":"La Gu\u00eda de Pamplona","image":{"@type":"ImageObject","inLanguage":"es","@id":"https:\/\/secure.gravatar.com\/avatar\/b6992f131dc8d30ab0dff15446e9d346d9dbd95992de0fef795073f5ea83a81c?s=96&d=mm&r=g","url":"https:\/\/secure.gravatar.com\/avatar\/b6992f131dc8d30ab0dff15446e9d346d9dbd95992de0fef795073f5ea83a81c?s=96&d=mm&r=g","contentUrl":"https:\/\/secure.gravatar.com\/avatar\/b6992f131dc8d30ab0dff15446e9d346d9dbd95992de0fef795073f5ea83a81c?s=96&d=mm&r=g","caption":"La Gu\u00eda de Pamplona"}}]}},"post_mailing_queue_ids":[],"_links":{"self":[{"href":"https:\/\/www.laguiadepamplona.com\/actualidad\/wp-json\/wp\/v2\/posts\/36488","targetHints":{"allow":["GET"]}}],"collection":[{"href":"https:\/\/www.laguiadepamplona.com\/actualidad\/wp-json\/wp\/v2\/posts"}],"about":[{"href":"https:\/\/www.laguiadepamplona.com\/actualidad\/wp-json\/wp\/v2\/types\/post"}],"author":[{"embeddable":true,"href":"https:\/\/www.laguiadepamplona.com\/actualidad\/wp-json\/wp\/v2\/users\/1"}],"replies":[{"embeddable":true,"href":"https:\/\/www.laguiadepamplona.com\/actualidad\/wp-json\/wp\/v2\/comments?post=36488"}],"version-history":[{"count":0,"href":"https:\/\/www.laguiadepamplona.com\/actualidad\/wp-json\/wp\/v2\/posts\/36488\/revisions"}],"wp:featuredmedia":[{"embeddable":true,"href":"https:\/\/www.laguiadepamplona.com\/actualidad\/wp-json\/wp\/v2\/media\/36489"}],"wp:attachment":[{"href":"https:\/\/www.laguiadepamplona.com\/actualidad\/wp-json\/wp\/v2\/media?parent=36488"}],"wp:term":[{"taxonomy":"category","embeddable":true,"href":"https:\/\/www.laguiadepamplona.com\/actualidad\/wp-json\/wp\/v2\/categories?post=36488"},{"taxonomy":"post_tag","embeddable":true,"href":"https:\/\/www.laguiadepamplona.com\/actualidad\/wp-json\/wp\/v2\/tags?post=36488"}],"curies":[{"name":"wp","href":"https:\/\/api.w.org\/{rel}","templated":true}]}}