{"id":36485,"date":"2021-09-17T16:06:34","date_gmt":"2021-09-17T14:06:34","guid":{"rendered":"https:\/\/www.laguiadepamplona.com\/actualidad\/?p=36485"},"modified":"2023-04-11T11:49:00","modified_gmt":"2023-04-11T09:49:00","slug":"los-proyectos-de-smart-pamplona-lab-ii-edicion-presentaran-resultados-en-una-jornada-de-emprendimiento-en-ciudades-inteligentes-el-30-de-septiembre-en-condestable","status":"publish","type":"post","link":"https:\/\/www.laguiadepamplona.com\/actualidad\/los-proyectos-de-smart-pamplona-lab-ii-edicion-presentaran-resultados-en-una-jornada-de-emprendimiento-en-ciudades-inteligentes-el-30-de-septiembre-en-condestable\/","title":{"rendered":"Los proyectos de \u2018Smart Pamplona Lab II edici\u00f3n\u2019 presentar\u00e1n resultados en una jornada de emprendimiento en ciudades inteligentes el 30 de septiembre en Condestable"},"content":{"rendered":"<h5>Ya est\u00e1 abierto el plazo de inscripci\u00f3n para emprendedores, empresas, universidades, administraciones p\u00fablicas y personas interesadas<\/h5>\n<p><!--more--><\/p>\n<p>El Ayuntamiento de Pamplona ha organizado el pr\u00f3ximo 30 de septiembre en el Palacio del Condestable una jornada para dar a conocer a emprendedores, empresas, centros de investigaci\u00f3n, universidades, administraciones p\u00fablicas y personas interesadas los resultados de los proyectos beneficiarios de la segunda edici\u00f3n del programa Smart Pamplona Lab, as\u00ed como otros proyectos relacionados con las nuevas tecnolog\u00edas y posibilidades de financiaci\u00f3n de los mismos.<\/p>\n<p>El objetivo de la jornada es revisar iniciativas y proyectos que diversos agentes de la Comunidad foral est\u00e1n desarrollando en el \u00e1mbito de la Smart City (Ciudades Inteligentes), propuestas que pretenden poner en valor el talento y fomentar el desarrollo de nuevos productos, servicios y modelos de negocio. La sesi\u00f3n, que se celebrar\u00e1 bajo el t\u00edtulo \u2018Pamplona y el emprendimiento en el \u00e1mbito de la Smart City\u2019, se abrir\u00e1 a las 9.30 horas con la intervenci\u00f3n de Ana Elizalde, concejala delegada de Gobierno Estrat\u00e9gico, Comercio y Turismo, para concluir a las 14 horas.<\/p>\n<p><script async src=\"\/\/pagead2.googlesyndication.com\/pagead\/js\/adsbygoogle.js\"><\/script><br \/>\n<!-- Noticias La Guia de Pamplona --><br \/>\n<ins class=\"adsbygoogle\"\nstyle=\"display:block\"\ndata-ad-client=\"ca-pub-6943679897239327\"\ndata-ad-slot=\"7048180777\"\ndata-ad-format=\"auto\"><\/ins><br \/>\n<script>\n(adsbygoogle = window.adsbygoogle || []).push({});\n<\/script><\/p>\n<p>La asistencia a la jornada es gratuita, aunque se requiere <a href=\"https:\/\/forma.administracionelectronica.gob.es\/form\/open\/corp\/6786\/RQsR\" target=\"_blank\" rel=\"noopener\">inscripci\u00f3n on line<\/a>, de forma que se pueda controlar el aforo de la sala y garantizar la trazabilidad de las personas participantes, de cara al cumplimiento de las medidas de seguridad sanitaria vigentes.<\/p>\n<p>El programa Smart Pamplona Lab se desarrolla en el marco del proyecto europeo STARDUST en el que participa el Ayuntamiento de Pamplona, y se encuentra alineado con la Estrategia 2030 \u2013 Agenda Urbana de Pamplona, y concretamente con cuatro de sus 14 l\u00edneas estrat\u00e9gicas de actuaci\u00f3n: \u201cClima y transici\u00f3n energ\u00e9tica\u201d, \u201cGesti\u00f3n p\u00fablica coordinada, innovadora e integral\u201d, \u201cLaboratorio urbano\u201d y \u201cEmprendimiento e innovaci\u00f3n\u201d.<\/p>\n<p><script async src=\"\/\/pagead2.googlesyndication.com\/pagead\/js\/adsbygoogle.js\"><\/script><br \/>\n<!-- Noticias La Guia de Pamplona --><br \/>\n<ins class=\"adsbygoogle\"\nstyle=\"display:block\"\ndata-ad-client=\"ca-pub-6943679897239327\"\ndata-ad-slot=\"7048180777\"\ndata-ad-format=\"auto\"><\/ins><br \/>\n<script>\n(adsbygoogle = window.adsbygoogle || []).push({});\n<\/script><\/p>\n<p>&nbsp;<\/p>\n<h3>\u2018Pamplona y el emprendimiento en el \u00e1mbito de la Smart City\u2019. Programa<\/h3>\n<ul>\n<li>9: \u2013 9:30\u00a0\u00a0\u00a0\u00a0 Registro de asistentes<\/li>\n<li>9:30 \u2013 9:40 Apertura y bienvenida.<\/li>\n<\/ul>\n<p><strong>Ana Elizalde<\/strong>, Concejala delegada de Gobierno Estrat\u00e9gico, Comercio y Turismo. Ayuntamiento de Pamplona.<\/p>\n<ul>\n<li>9:40 \u2013 10\u00a0\u00a0\u00a0 El Proyecto STARDUST y la creaci\u00f3n de ecosistemas de innovaci\u00f3n en el \u00e1mbito de la Smart City.<\/li>\n<\/ul>\n<p><strong>Sergio D\u00edaz de Garayo<\/strong>, Coordinador de STARDUST. CENER.<\/p>\n<ul>\n<li>10 \u2013 11:30\u00a0 Smart Pamplona Lab- Programa de Living Lab para la Smart City.<\/li>\n<\/ul>\n<p><strong>C\u00e9sar Usoz<\/strong>. Inspiria Consulting. Resultados segunda edici\u00f3n (2020-2021); Casos pr\u00e1cticos- presentaciones de los proyectos testados, evaluaci\u00f3n y conclusiones.<\/p>\n<ul>\n<li>Smart Water Flow Monitor. Javier Ray.<\/li>\n<li>i3Sense LoRaNarrowBand5G Parking Solution. Alejandro D\u00edaz Chamorro y Miguel Angel Jim\u00e9nez. I3i sense.<\/li>\n<li>Kunak Green Move: evaluaci\u00f3n de la tecnolog\u00eda para campa\u00f1as de valoraci\u00f3n de acciones de movilidad sostenible y reorganizaci\u00f3n del tr\u00e1fico. Edurne Ibarrola. Kunak.<\/li>\n<li>MendiTech, Sensores de Tr\u00e1fico de Fibra \u00d3ptica. Mikel Bravo y Daniel Leandro.<\/li>\n<li>12: &#8211; 12:30\u00a0 La evoluci\u00f3n del Sistema de Innovaci\u00f3n en el \u00e1mbito de la Smart City<\/li>\n<\/ul>\n<p><strong>Juan Cristobal<\/strong> Garc\u00eda. Zabala Innovation Consulting.<\/p>\n<ul>\n<li>12:30 &#8211; 13:30\u00a0\u00a0\u00a0\u00a0\u00a0\u00a0\u00a0\u00a0 De la investigaci\u00f3n a la empresa &#8211; proyectos e iniciativas de \u00e9xito en el marco de la transici\u00f3n energ\u00e9tica y digital.<\/li>\n<li>Proyecto FIBRATRAFIC para monitorizaci\u00f3n de tr\u00e1fico rodado \u2013 UPNA. Mikel Sag\u00fc\u00e9s.<\/li>\n<li>Movilidad el\u00e9ctrica y acumulaci\u00f3n con bater\u00edas recicladas &#8211; BeePlanet. Jon As\u00edn.<\/li>\n<li>Gamificaci\u00f3n y aprendizaje a trav\u00e9s del juego &#8211; OuiPlay. I\u00f1aki Huarte<\/li>\n<li>13:30 \u2013 14\u00a0 Proyectos de financiaci\u00f3n en cascada para las Startups.<\/li>\n<\/ul>\n<p><strong>Sara Mateo<\/strong>. Zabala Innovation Consulting.<\/p>\n","protected":false},"excerpt":{"rendered":"<p>Ya est\u00e1 abierto el plazo de inscripci\u00f3n para emprendedores, empresas, universidades, administraciones p\u00fablicas y personas interesadas<\/p>\n","protected":false},"author":1,"featured_media":36486,"comment_status":"open","ping_status":"closed","sticky":false,"template":"","format":"standard","meta":{"footnotes":""},"categories":[2],"tags":[],"class_list":["post-36485","post","type-post","status-publish","format-standard","has-post-thumbnail","hentry","category-ayuntamiento-pamplona"],"yoast_head":"<!-- This site is optimized with the Yoast SEO plugin v27.5 - https:\/\/yoast.com\/product\/yoast-seo-wordpress\/ -->\n<title>Los proyectos de \u2018Smart Pamplona Lab II edici\u00f3n\u2019 presentar\u00e1n resultados en una jornada de emprendimiento en ciudades inteligentes el 30 de septiembre en Condestable<\/title>\n<meta name=\"description\" content=\"Ya est\u00e1 abierto el plazo de inscripci\u00f3n para emprendedores, empresas, universidades, administraciones p\u00fablicas y personas interesadas\" \/>\n<meta name=\"robots\" content=\"index, follow, max-snippet:-1, max-image-preview:large, max-video-preview:-1\" \/>\n<link rel=\"canonical\" href=\"https:\/\/www.laguiadepamplona.com\/actualidad\/los-proyectos-de-smart-pamplona-lab-ii-edicion-presentaran-resultados-en-una-jornada-de-emprendimiento-en-ciudades-inteligentes-el-30-de-septiembre-en-condestable\/\" \/>\n<meta property=\"og:locale\" content=\"es_ES\" \/>\n<meta property=\"og:type\" content=\"article\" \/>\n<meta property=\"og:title\" content=\"Los proyectos de \u2018Smart Pamplona Lab II edici\u00f3n\u2019 presentar\u00e1n resultados en una jornada de emprendimiento en ciudades inteligentes el 30 de septiembre en Condestable\" \/>\n<meta property=\"og:description\" content=\"Ya est\u00e1 abierto el plazo de inscripci\u00f3n para emprendedores, empresas, universidades, administraciones p\u00fablicas y personas interesadas\" \/>\n<meta property=\"og:url\" content=\"https:\/\/www.laguiadepamplona.com\/actualidad\/los-proyectos-de-smart-pamplona-lab-ii-edicion-presentaran-resultados-en-una-jornada-de-emprendimiento-en-ciudades-inteligentes-el-30-de-septiembre-en-condestable\/\" \/>\n<meta property=\"og:site_name\" content=\"La Gu\u00eda de Pamplona\" \/>\n<meta property=\"article:publisher\" content=\"https:\/\/www.facebook.com\/laguiadepamplonacom-133175176762273\/?ref=hl\" \/>\n<meta property=\"article:published_time\" content=\"2021-09-17T14:06:34+00:00\" \/>\n<meta property=\"article:modified_time\" content=\"2023-04-11T09:49:00+00:00\" \/>\n<meta property=\"og:image\" content=\"https:\/\/www.laguiadepamplona.com\/actualidad\/wp-content\/uploads\/2021\/09\/Smart-Pamplona-Lab-II-edicion.jpg\" \/>\n\t<meta property=\"og:image:width\" content=\"1920\" \/>\n\t<meta property=\"og:image:height\" content=\"1081\" \/>\n\t<meta property=\"og:image:type\" content=\"image\/jpeg\" \/>\n<meta name=\"author\" content=\"La Gu\u00eda de Pamplona\" \/>\n<meta name=\"twitter:card\" content=\"summary_large_image\" \/>\n<meta name=\"twitter:creator\" content=\"@LaGuiadPamplona\" \/>\n<meta name=\"twitter:site\" content=\"@LaGuiadPamplona\" \/>\n<meta name=\"twitter:label1\" content=\"Escrito por\" \/>\n\t<meta name=\"twitter:data1\" content=\"La Gu\u00eda de Pamplona\" \/>\n\t<meta name=\"twitter:label2\" content=\"Tiempo de lectura\" \/>\n\t<meta name=\"twitter:data2\" content=\"3 minutos\" \/>\n<script type=\"application\/ld+json\" class=\"yoast-schema-graph\">{\"@context\":\"https:\\\/\\\/schema.org\",\"@graph\":[{\"@type\":\"Article\",\"@id\":\"https:\\\/\\\/www.laguiadepamplona.com\\\/actualidad\\\/los-proyectos-de-smart-pamplona-lab-ii-edicion-presentaran-resultados-en-una-jornada-de-emprendimiento-en-ciudades-inteligentes-el-30-de-septiembre-en-condestable\\\/#article\",\"isPartOf\":{\"@id\":\"https:\\\/\\\/www.laguiadepamplona.com\\\/actualidad\\\/los-proyectos-de-smart-pamplona-lab-ii-edicion-presentaran-resultados-en-una-jornada-de-emprendimiento-en-ciudades-inteligentes-el-30-de-septiembre-en-condestable\\\/\"},\"author\":{\"name\":\"La Gu\u00eda de Pamplona\",\"@id\":\"https:\\\/\\\/www.laguiadepamplona.com\\\/actualidad\\\/#\\\/schema\\\/person\\\/efe887376f0213d4657c93adc50b1fdb\"},\"headline\":\"Los proyectos de \u2018Smart Pamplona Lab II edici\u00f3n\u2019 presentar\u00e1n resultados en una jornada de emprendimiento en ciudades inteligentes el 30 de septiembre en Condestable\",\"datePublished\":\"2021-09-17T14:06:34+00:00\",\"dateModified\":\"2023-04-11T09:49:00+00:00\",\"mainEntityOfPage\":{\"@id\":\"https:\\\/\\\/www.laguiadepamplona.com\\\/actualidad\\\/los-proyectos-de-smart-pamplona-lab-ii-edicion-presentaran-resultados-en-una-jornada-de-emprendimiento-en-ciudades-inteligentes-el-30-de-septiembre-en-condestable\\\/\"},\"wordCount\":584,\"commentCount\":0,\"publisher\":{\"@id\":\"https:\\\/\\\/www.laguiadepamplona.com\\\/actualidad\\\/#organization\"},\"image\":{\"@id\":\"https:\\\/\\\/www.laguiadepamplona.com\\\/actualidad\\\/los-proyectos-de-smart-pamplona-lab-ii-edicion-presentaran-resultados-en-una-jornada-de-emprendimiento-en-ciudades-inteligentes-el-30-de-septiembre-en-condestable\\\/#primaryimage\"},\"thumbnailUrl\":\"https:\\\/\\\/www.laguiadepamplona.com\\\/actualidad\\\/wp-content\\\/uploads\\\/2021\\\/09\\\/Smart-Pamplona-Lab-II-edicion.jpg\",\"articleSection\":[\"Ayto Pamplona\"],\"inLanguage\":\"es\",\"potentialAction\":[{\"@type\":\"CommentAction\",\"name\":\"Comment\",\"target\":[\"https:\\\/\\\/www.laguiadepamplona.com\\\/actualidad\\\/los-proyectos-de-smart-pamplona-lab-ii-edicion-presentaran-resultados-en-una-jornada-de-emprendimiento-en-ciudades-inteligentes-el-30-de-septiembre-en-condestable\\\/#respond\"]}]},{\"@type\":\"WebPage\",\"@id\":\"https:\\\/\\\/www.laguiadepamplona.com\\\/actualidad\\\/los-proyectos-de-smart-pamplona-lab-ii-edicion-presentaran-resultados-en-una-jornada-de-emprendimiento-en-ciudades-inteligentes-el-30-de-septiembre-en-condestable\\\/\",\"url\":\"https:\\\/\\\/www.laguiadepamplona.com\\\/actualidad\\\/los-proyectos-de-smart-pamplona-lab-ii-edicion-presentaran-resultados-en-una-jornada-de-emprendimiento-en-ciudades-inteligentes-el-30-de-septiembre-en-condestable\\\/\",\"name\":\"Los proyectos de \u2018Smart Pamplona Lab II edici\u00f3n\u2019 presentar\u00e1n resultados en una jornada de emprendimiento en ciudades inteligentes el 30 de septiembre en Condestable\",\"isPartOf\":{\"@id\":\"https:\\\/\\\/www.laguiadepamplona.com\\\/actualidad\\\/#website\"},\"primaryImageOfPage\":{\"@id\":\"https:\\\/\\\/www.laguiadepamplona.com\\\/actualidad\\\/los-proyectos-de-smart-pamplona-lab-ii-edicion-presentaran-resultados-en-una-jornada-de-emprendimiento-en-ciudades-inteligentes-el-30-de-septiembre-en-condestable\\\/#primaryimage\"},\"image\":{\"@id\":\"https:\\\/\\\/www.laguiadepamplona.com\\\/actualidad\\\/los-proyectos-de-smart-pamplona-lab-ii-edicion-presentaran-resultados-en-una-jornada-de-emprendimiento-en-ciudades-inteligentes-el-30-de-septiembre-en-condestable\\\/#primaryimage\"},\"thumbnailUrl\":\"https:\\\/\\\/www.laguiadepamplona.com\\\/actualidad\\\/wp-content\\\/uploads\\\/2021\\\/09\\\/Smart-Pamplona-Lab-II-edicion.jpg\",\"datePublished\":\"2021-09-17T14:06:34+00:00\",\"dateModified\":\"2023-04-11T09:49:00+00:00\",\"description\":\"Ya est\u00e1 abierto el plazo de inscripci\u00f3n para emprendedores, empresas, universidades, administraciones p\u00fablicas y personas interesadas\",\"breadcrumb\":{\"@id\":\"https:\\\/\\\/www.laguiadepamplona.com\\\/actualidad\\\/los-proyectos-de-smart-pamplona-lab-ii-edicion-presentaran-resultados-en-una-jornada-de-emprendimiento-en-ciudades-inteligentes-el-30-de-septiembre-en-condestable\\\/#breadcrumb\"},\"inLanguage\":\"es\",\"potentialAction\":[{\"@type\":\"ReadAction\",\"target\":[\"https:\\\/\\\/www.laguiadepamplona.com\\\/actualidad\\\/los-proyectos-de-smart-pamplona-lab-ii-edicion-presentaran-resultados-en-una-jornada-de-emprendimiento-en-ciudades-inteligentes-el-30-de-septiembre-en-condestable\\\/\"]}]},{\"@type\":\"ImageObject\",\"inLanguage\":\"es\",\"@id\":\"https:\\\/\\\/www.laguiadepamplona.com\\\/actualidad\\\/los-proyectos-de-smart-pamplona-lab-ii-edicion-presentaran-resultados-en-una-jornada-de-emprendimiento-en-ciudades-inteligentes-el-30-de-septiembre-en-condestable\\\/#primaryimage\",\"url\":\"https:\\\/\\\/www.laguiadepamplona.com\\\/actualidad\\\/wp-content\\\/uploads\\\/2021\\\/09\\\/Smart-Pamplona-Lab-II-edicion.jpg\",\"contentUrl\":\"https:\\\/\\\/www.laguiadepamplona.com\\\/actualidad\\\/wp-content\\\/uploads\\\/2021\\\/09\\\/Smart-Pamplona-Lab-II-edicion.jpg\",\"width\":1920,\"height\":1081},{\"@type\":\"BreadcrumbList\",\"@id\":\"https:\\\/\\\/www.laguiadepamplona.com\\\/actualidad\\\/los-proyectos-de-smart-pamplona-lab-ii-edicion-presentaran-resultados-en-una-jornada-de-emprendimiento-en-ciudades-inteligentes-el-30-de-septiembre-en-condestable\\\/#breadcrumb\",\"itemListElement\":[{\"@type\":\"ListItem\",\"position\":1,\"name\":\"Portada\",\"item\":\"https:\\\/\\\/www.laguiadepamplona.com\\\/actualidad\\\/\"},{\"@type\":\"ListItem\",\"position\":2,\"name\":\"Los proyectos de \u2018Smart Pamplona Lab II edici\u00f3n\u2019 presentar\u00e1n resultados en una jornada de emprendimiento en ciudades inteligentes el 30 de septiembre en Condestable\"}]},{\"@type\":\"WebSite\",\"@id\":\"https:\\\/\\\/www.laguiadepamplona.com\\\/actualidad\\\/#website\",\"url\":\"https:\\\/\\\/www.laguiadepamplona.com\\\/actualidad\\\/\",\"name\":\"La gu\u00eda de Pamplona\",\"description\":\"Noticias de Pamplona\",\"publisher\":{\"@id\":\"https:\\\/\\\/www.laguiadepamplona.com\\\/actualidad\\\/#organization\"},\"potentialAction\":[{\"@type\":\"SearchAction\",\"target\":{\"@type\":\"EntryPoint\",\"urlTemplate\":\"https:\\\/\\\/www.laguiadepamplona.com\\\/actualidad\\\/?s={search_term_string}\"},\"query-input\":{\"@type\":\"PropertyValueSpecification\",\"valueRequired\":true,\"valueName\":\"search_term_string\"}}],\"inLanguage\":\"es\"},{\"@type\":\"Organization\",\"@id\":\"https:\\\/\\\/www.laguiadepamplona.com\\\/actualidad\\\/#organization\",\"name\":\"La Gu\u00eda de Pamplona \\\/ Noticias\",\"url\":\"https:\\\/\\\/www.laguiadepamplona.com\\\/actualidad\\\/\",\"logo\":{\"@type\":\"ImageObject\",\"inLanguage\":\"es\",\"@id\":\"https:\\\/\\\/www.laguiadepamplona.com\\\/actualidad\\\/#\\\/schema\\\/logo\\\/image\\\/\",\"url\":\"https:\\\/\\\/www.laguiadepamplona.com\\\/actualidad\\\/wp-content\\\/uploads\\\/2018\\\/11\\\/logo-laguiadepamplona18-web1.png\",\"contentUrl\":\"https:\\\/\\\/www.laguiadepamplona.com\\\/actualidad\\\/wp-content\\\/uploads\\\/2018\\\/11\\\/logo-laguiadepamplona18-web1.png\",\"width\":600,\"height\":196,\"caption\":\"La Gu\u00eda de Pamplona \\\/ Noticias\"},\"image\":{\"@id\":\"https:\\\/\\\/www.laguiadepamplona.com\\\/actualidad\\\/#\\\/schema\\\/logo\\\/image\\\/\"},\"sameAs\":[\"https:\\\/\\\/www.facebook.com\\\/laguiadepamplonacom-133175176762273\\\/?ref=hl\",\"https:\\\/\\\/x.com\\\/LaGuiadPamplona\",\"https:\\\/\\\/www.instagram.com\\\/la_guia_de_pamplona\\\/\",\"https:\\\/\\\/www.youtube.com\\\/user\\\/laguiadepamplona\"]},{\"@type\":\"Person\",\"@id\":\"https:\\\/\\\/www.laguiadepamplona.com\\\/actualidad\\\/#\\\/schema\\\/person\\\/efe887376f0213d4657c93adc50b1fdb\",\"name\":\"La Gu\u00eda de Pamplona\",\"image\":{\"@type\":\"ImageObject\",\"inLanguage\":\"es\",\"@id\":\"https:\\\/\\\/secure.gravatar.com\\\/avatar\\\/b6992f131dc8d30ab0dff15446e9d346d9dbd95992de0fef795073f5ea83a81c?s=96&d=mm&r=g\",\"url\":\"https:\\\/\\\/secure.gravatar.com\\\/avatar\\\/b6992f131dc8d30ab0dff15446e9d346d9dbd95992de0fef795073f5ea83a81c?s=96&d=mm&r=g\",\"contentUrl\":\"https:\\\/\\\/secure.gravatar.com\\\/avatar\\\/b6992f131dc8d30ab0dff15446e9d346d9dbd95992de0fef795073f5ea83a81c?s=96&d=mm&r=g\",\"caption\":\"La Gu\u00eda de Pamplona\"}}]}<\/script>\n<!-- \/ Yoast SEO plugin. -->","yoast_head_json":{"title":"Los proyectos de \u2018Smart Pamplona Lab II edici\u00f3n\u2019 presentar\u00e1n resultados en una jornada de emprendimiento en ciudades inteligentes el 30 de septiembre en Condestable","description":"Ya est\u00e1 abierto el plazo de inscripci\u00f3n para emprendedores, empresas, universidades, administraciones p\u00fablicas y personas interesadas","robots":{"index":"index","follow":"follow","max-snippet":"max-snippet:-1","max-image-preview":"max-image-preview:large","max-video-preview":"max-video-preview:-1"},"canonical":"https:\/\/www.laguiadepamplona.com\/actualidad\/los-proyectos-de-smart-pamplona-lab-ii-edicion-presentaran-resultados-en-una-jornada-de-emprendimiento-en-ciudades-inteligentes-el-30-de-septiembre-en-condestable\/","og_locale":"es_ES","og_type":"article","og_title":"Los proyectos de \u2018Smart Pamplona Lab II edici\u00f3n\u2019 presentar\u00e1n resultados en una jornada de emprendimiento en ciudades inteligentes el 30 de septiembre en Condestable","og_description":"Ya est\u00e1 abierto el plazo de inscripci\u00f3n para emprendedores, empresas, universidades, administraciones p\u00fablicas y personas interesadas","og_url":"https:\/\/www.laguiadepamplona.com\/actualidad\/los-proyectos-de-smart-pamplona-lab-ii-edicion-presentaran-resultados-en-una-jornada-de-emprendimiento-en-ciudades-inteligentes-el-30-de-septiembre-en-condestable\/","og_site_name":"La Gu\u00eda de Pamplona","article_publisher":"https:\/\/www.facebook.com\/laguiadepamplonacom-133175176762273\/?ref=hl","article_published_time":"2021-09-17T14:06:34+00:00","article_modified_time":"2023-04-11T09:49:00+00:00","og_image":[{"width":1920,"height":1081,"url":"https:\/\/www.laguiadepamplona.com\/actualidad\/wp-content\/uploads\/2021\/09\/Smart-Pamplona-Lab-II-edicion.jpg","type":"image\/jpeg"}],"author":"La Gu\u00eda de Pamplona","twitter_card":"summary_large_image","twitter_creator":"@LaGuiadPamplona","twitter_site":"@LaGuiadPamplona","twitter_misc":{"Escrito por":"La Gu\u00eda de Pamplona","Tiempo de lectura":"3 minutos"},"schema":{"@context":"https:\/\/schema.org","@graph":[{"@type":"Article","@id":"https:\/\/www.laguiadepamplona.com\/actualidad\/los-proyectos-de-smart-pamplona-lab-ii-edicion-presentaran-resultados-en-una-jornada-de-emprendimiento-en-ciudades-inteligentes-el-30-de-septiembre-en-condestable\/#article","isPartOf":{"@id":"https:\/\/www.laguiadepamplona.com\/actualidad\/los-proyectos-de-smart-pamplona-lab-ii-edicion-presentaran-resultados-en-una-jornada-de-emprendimiento-en-ciudades-inteligentes-el-30-de-septiembre-en-condestable\/"},"author":{"name":"La Gu\u00eda de Pamplona","@id":"https:\/\/www.laguiadepamplona.com\/actualidad\/#\/schema\/person\/efe887376f0213d4657c93adc50b1fdb"},"headline":"Los proyectos de \u2018Smart Pamplona Lab II edici\u00f3n\u2019 presentar\u00e1n resultados en una jornada de emprendimiento en ciudades inteligentes el 30 de septiembre en Condestable","datePublished":"2021-09-17T14:06:34+00:00","dateModified":"2023-04-11T09:49:00+00:00","mainEntityOfPage":{"@id":"https:\/\/www.laguiadepamplona.com\/actualidad\/los-proyectos-de-smart-pamplona-lab-ii-edicion-presentaran-resultados-en-una-jornada-de-emprendimiento-en-ciudades-inteligentes-el-30-de-septiembre-en-condestable\/"},"wordCount":584,"commentCount":0,"publisher":{"@id":"https:\/\/www.laguiadepamplona.com\/actualidad\/#organization"},"image":{"@id":"https:\/\/www.laguiadepamplona.com\/actualidad\/los-proyectos-de-smart-pamplona-lab-ii-edicion-presentaran-resultados-en-una-jornada-de-emprendimiento-en-ciudades-inteligentes-el-30-de-septiembre-en-condestable\/#primaryimage"},"thumbnailUrl":"https:\/\/www.laguiadepamplona.com\/actualidad\/wp-content\/uploads\/2021\/09\/Smart-Pamplona-Lab-II-edicion.jpg","articleSection":["Ayto Pamplona"],"inLanguage":"es","potentialAction":[{"@type":"CommentAction","name":"Comment","target":["https:\/\/www.laguiadepamplona.com\/actualidad\/los-proyectos-de-smart-pamplona-lab-ii-edicion-presentaran-resultados-en-una-jornada-de-emprendimiento-en-ciudades-inteligentes-el-30-de-septiembre-en-condestable\/#respond"]}]},{"@type":"WebPage","@id":"https:\/\/www.laguiadepamplona.com\/actualidad\/los-proyectos-de-smart-pamplona-lab-ii-edicion-presentaran-resultados-en-una-jornada-de-emprendimiento-en-ciudades-inteligentes-el-30-de-septiembre-en-condestable\/","url":"https:\/\/www.laguiadepamplona.com\/actualidad\/los-proyectos-de-smart-pamplona-lab-ii-edicion-presentaran-resultados-en-una-jornada-de-emprendimiento-en-ciudades-inteligentes-el-30-de-septiembre-en-condestable\/","name":"Los proyectos de \u2018Smart Pamplona Lab II edici\u00f3n\u2019 presentar\u00e1n resultados en una jornada de emprendimiento en ciudades inteligentes el 30 de septiembre en Condestable","isPartOf":{"@id":"https:\/\/www.laguiadepamplona.com\/actualidad\/#website"},"primaryImageOfPage":{"@id":"https:\/\/www.laguiadepamplona.com\/actualidad\/los-proyectos-de-smart-pamplona-lab-ii-edicion-presentaran-resultados-en-una-jornada-de-emprendimiento-en-ciudades-inteligentes-el-30-de-septiembre-en-condestable\/#primaryimage"},"image":{"@id":"https:\/\/www.laguiadepamplona.com\/actualidad\/los-proyectos-de-smart-pamplona-lab-ii-edicion-presentaran-resultados-en-una-jornada-de-emprendimiento-en-ciudades-inteligentes-el-30-de-septiembre-en-condestable\/#primaryimage"},"thumbnailUrl":"https:\/\/www.laguiadepamplona.com\/actualidad\/wp-content\/uploads\/2021\/09\/Smart-Pamplona-Lab-II-edicion.jpg","datePublished":"2021-09-17T14:06:34+00:00","dateModified":"2023-04-11T09:49:00+00:00","description":"Ya est\u00e1 abierto el plazo de inscripci\u00f3n para emprendedores, empresas, universidades, administraciones p\u00fablicas y personas interesadas","breadcrumb":{"@id":"https:\/\/www.laguiadepamplona.com\/actualidad\/los-proyectos-de-smart-pamplona-lab-ii-edicion-presentaran-resultados-en-una-jornada-de-emprendimiento-en-ciudades-inteligentes-el-30-de-septiembre-en-condestable\/#breadcrumb"},"inLanguage":"es","potentialAction":[{"@type":"ReadAction","target":["https:\/\/www.laguiadepamplona.com\/actualidad\/los-proyectos-de-smart-pamplona-lab-ii-edicion-presentaran-resultados-en-una-jornada-de-emprendimiento-en-ciudades-inteligentes-el-30-de-septiembre-en-condestable\/"]}]},{"@type":"ImageObject","inLanguage":"es","@id":"https:\/\/www.laguiadepamplona.com\/actualidad\/los-proyectos-de-smart-pamplona-lab-ii-edicion-presentaran-resultados-en-una-jornada-de-emprendimiento-en-ciudades-inteligentes-el-30-de-septiembre-en-condestable\/#primaryimage","url":"https:\/\/www.laguiadepamplona.com\/actualidad\/wp-content\/uploads\/2021\/09\/Smart-Pamplona-Lab-II-edicion.jpg","contentUrl":"https:\/\/www.laguiadepamplona.com\/actualidad\/wp-content\/uploads\/2021\/09\/Smart-Pamplona-Lab-II-edicion.jpg","width":1920,"height":1081},{"@type":"BreadcrumbList","@id":"https:\/\/www.laguiadepamplona.com\/actualidad\/los-proyectos-de-smart-pamplona-lab-ii-edicion-presentaran-resultados-en-una-jornada-de-emprendimiento-en-ciudades-inteligentes-el-30-de-septiembre-en-condestable\/#breadcrumb","itemListElement":[{"@type":"ListItem","position":1,"name":"Portada","item":"https:\/\/www.laguiadepamplona.com\/actualidad\/"},{"@type":"ListItem","position":2,"name":"Los proyectos de \u2018Smart Pamplona Lab II edici\u00f3n\u2019 presentar\u00e1n resultados en una jornada de emprendimiento en ciudades inteligentes el 30 de septiembre en Condestable"}]},{"@type":"WebSite","@id":"https:\/\/www.laguiadepamplona.com\/actualidad\/#website","url":"https:\/\/www.laguiadepamplona.com\/actualidad\/","name":"La gu\u00eda de Pamplona","description":"Noticias de Pamplona","publisher":{"@id":"https:\/\/www.laguiadepamplona.com\/actualidad\/#organization"},"potentialAction":[{"@type":"SearchAction","target":{"@type":"EntryPoint","urlTemplate":"https:\/\/www.laguiadepamplona.com\/actualidad\/?s={search_term_string}"},"query-input":{"@type":"PropertyValueSpecification","valueRequired":true,"valueName":"search_term_string"}}],"inLanguage":"es"},{"@type":"Organization","@id":"https:\/\/www.laguiadepamplona.com\/actualidad\/#organization","name":"La Gu\u00eda de Pamplona \/ Noticias","url":"https:\/\/www.laguiadepamplona.com\/actualidad\/","logo":{"@type":"ImageObject","inLanguage":"es","@id":"https:\/\/www.laguiadepamplona.com\/actualidad\/#\/schema\/logo\/image\/","url":"https:\/\/www.laguiadepamplona.com\/actualidad\/wp-content\/uploads\/2018\/11\/logo-laguiadepamplona18-web1.png","contentUrl":"https:\/\/www.laguiadepamplona.com\/actualidad\/wp-content\/uploads\/2018\/11\/logo-laguiadepamplona18-web1.png","width":600,"height":196,"caption":"La Gu\u00eda de Pamplona \/ Noticias"},"image":{"@id":"https:\/\/www.laguiadepamplona.com\/actualidad\/#\/schema\/logo\/image\/"},"sameAs":["https:\/\/www.facebook.com\/laguiadepamplonacom-133175176762273\/?ref=hl","https:\/\/x.com\/LaGuiadPamplona","https:\/\/www.instagram.com\/la_guia_de_pamplona\/","https:\/\/www.youtube.com\/user\/laguiadepamplona"]},{"@type":"Person","@id":"https:\/\/www.laguiadepamplona.com\/actualidad\/#\/schema\/person\/efe887376f0213d4657c93adc50b1fdb","name":"La Gu\u00eda de Pamplona","image":{"@type":"ImageObject","inLanguage":"es","@id":"https:\/\/secure.gravatar.com\/avatar\/b6992f131dc8d30ab0dff15446e9d346d9dbd95992de0fef795073f5ea83a81c?s=96&d=mm&r=g","url":"https:\/\/secure.gravatar.com\/avatar\/b6992f131dc8d30ab0dff15446e9d346d9dbd95992de0fef795073f5ea83a81c?s=96&d=mm&r=g","contentUrl":"https:\/\/secure.gravatar.com\/avatar\/b6992f131dc8d30ab0dff15446e9d346d9dbd95992de0fef795073f5ea83a81c?s=96&d=mm&r=g","caption":"La Gu\u00eda de Pamplona"}}]}},"post_mailing_queue_ids":[],"_links":{"self":[{"href":"https:\/\/www.laguiadepamplona.com\/actualidad\/wp-json\/wp\/v2\/posts\/36485","targetHints":{"allow":["GET"]}}],"collection":[{"href":"https:\/\/www.laguiadepamplona.com\/actualidad\/wp-json\/wp\/v2\/posts"}],"about":[{"href":"https:\/\/www.laguiadepamplona.com\/actualidad\/wp-json\/wp\/v2\/types\/post"}],"author":[{"embeddable":true,"href":"https:\/\/www.laguiadepamplona.com\/actualidad\/wp-json\/wp\/v2\/users\/1"}],"replies":[{"embeddable":true,"href":"https:\/\/www.laguiadepamplona.com\/actualidad\/wp-json\/wp\/v2\/comments?post=36485"}],"version-history":[{"count":0,"href":"https:\/\/www.laguiadepamplona.com\/actualidad\/wp-json\/wp\/v2\/posts\/36485\/revisions"}],"wp:featuredmedia":[{"embeddable":true,"href":"https:\/\/www.laguiadepamplona.com\/actualidad\/wp-json\/wp\/v2\/media\/36486"}],"wp:attachment":[{"href":"https:\/\/www.laguiadepamplona.com\/actualidad\/wp-json\/wp\/v2\/media?parent=36485"}],"wp:term":[{"taxonomy":"category","embeddable":true,"href":"https:\/\/www.laguiadepamplona.com\/actualidad\/wp-json\/wp\/v2\/categories?post=36485"},{"taxonomy":"post_tag","embeddable":true,"href":"https:\/\/www.laguiadepamplona.com\/actualidad\/wp-json\/wp\/v2\/tags?post=36485"}],"curies":[{"name":"wp","href":"https:\/\/api.w.org\/{rel}","templated":true}]}}