{"id":36478,"date":"2021-09-17T16:01:55","date_gmt":"2021-09-17T14:01:55","guid":{"rendered":"https:\/\/www.laguiadepamplona.com\/actualidad\/?p=36478"},"modified":"2023-04-11T11:49:00","modified_gmt":"2023-04-11T09:49:00","slug":"la-ciudadela-sera-de-nuevo-la-sede-del-musika-en-marcha-fest-cuarta-edicion-de-la-cita-con-bandas-noveles-de-la-ciudad-que-impulsa-anualmente-el-ayuntamiento","status":"publish","type":"post","link":"https:\/\/www.laguiadepamplona.com\/actualidad\/la-ciudadela-sera-de-nuevo-la-sede-del-musika-en-marcha-fest-cuarta-edicion-de-la-cita-con-bandas-noveles-de-la-ciudad-que-impulsa-anualmente-el-ayuntamiento\/","title":{"rendered":"La Ciudadela ser\u00e1 de nuevo la sede del Musika en Marcha Fest: cuarta edici\u00f3n de la cita con bandas noveles de la ciudad que impulsa anualmente el Ayuntamiento"},"content":{"rendered":"<h5>Este a\u00f1o ser\u00e1n 11 las formaciones que repartir\u00e1n sus actuaciones entre las tardes del 21 y el 22 de septiembre con entrada gratuita y aforo limitado<\/h5>\n<p><!--more--><\/p>\n<p><img loading=\"lazy\" decoding=\"async\" class=\"alignleft size-medium wp-image-36479\" src=\"https:\/\/www.laguiadepamplona.com\/actualidad\/wp-content\/uploads\/2021\/09\/cartel-Musika-en-marcha-209x300.png\" alt=\"\" width=\"209\" height=\"300\" srcset=\"https:\/\/www.laguiadepamplona.com\/actualidad\/wp-content\/uploads\/2021\/09\/cartel-Musika-en-marcha-209x300.png 209w, https:\/\/www.laguiadepamplona.com\/actualidad\/wp-content\/uploads\/2021\/09\/cartel-Musika-en-marcha-476x682.png 476w, https:\/\/www.laguiadepamplona.com\/actualidad\/wp-content\/uploads\/2021\/09\/cartel-Musika-en-marcha.png 637w\" sizes=\"auto, (max-width: 209px) 100vw, 209px\" \/>Vuelve el \u2018Musika en marcha Fest\u2019 una cita que por cuarto a\u00f1o impulsa el Ayuntamiento de pamplona para promocionar grupos noveles de m\u00fasica y ofrecer actividades de ocio y cultura al p\u00fablico de todas las edades. El martes 21 y mi\u00e9rcoles 22 de septiembre, a partir de las 18 horas y de nuevo en la Ciudadela, 11 bandas de diversos recorridos y estilos, pero formadas por j\u00f3venes de la ciudad, ofrecer\u00e1n conciertos que ir\u00e1n, desde Pop, Rock, al Soul, Indie, Punk, Hip-hop, M\u00fasica electr\u00f3nica, celta instrumental o Trap, entre otros.<\/p>\n<p>El p\u00fablico asistente podr\u00e1 escuchar a The Bang, Fly Mailo!, A Deshoras, The Blackening, Pensamientos aleatorios, Hagoan, D\u00fao D\u00eddyma, Peio Lekumberri, Iratxe, Erel y Ku\u00f1i y Be\u00f1at Arbeloa. Durante las dos jornadas amenizar\u00e1 los cambios de escenario la DJ Mar\u00eda L\u00f3pez. Las formaciones musicales son bandas relacionadas con los diversos programas de apoyo a la m\u00fasica j\u00f3venes que mantienen el Consistorio: la bolsa de grupos, bandas participantes en alguna de las dos ediciones de los Cursos de emprendimiento musical y aquellas beneficiarias de la subvenci\u00f3n municipal para bonos de ensayo en salas profesionales.<\/p>\n<p>La entrada a los conciertos ser\u00e1 libre, aunque el aforo estar\u00e1 limitado de acuerdo a las normas de seguridad sanitaria vigentes en ese periodo temporal.<\/p>\n<p><script async src=\"\/\/pagead2.googlesyndication.com\/pagead\/js\/adsbygoogle.js\"><\/script><br \/>\n<!-- Noticias La Guia de Pamplona --><br \/>\n<ins class=\"adsbygoogle\"\nstyle=\"display:block\"\ndata-ad-client=\"ca-pub-6943679897239327\"\ndata-ad-slot=\"7048180777\"\ndata-ad-format=\"auto\"><\/ins><br \/>\n<script>\n(adsbygoogle = window.adsbygoogle || []).push({});\n<\/script><\/p>\n<p><strong>Recursos para los grupos j\u00f3venes<\/strong><\/p>\n<p>El Ayuntamiento de Pamplona apoya de forma habitual a los grupos noveles de la ciudad mediante un conjunto de recursos que buscan facilitar su trayectoria musical y fomentar sus actuaciones de cara al p\u00fablico. Todos ellos se gestionan a trav\u00e9s de la Casa de la Juventud (calle Sang\u00fcesa 30, 948 233 512).<\/p>\n<p>Por un lado, algunas de las formaciones convocadas a este festival pertenecen a la llamada <a href=\"https:\/\/www.pamplona.es\/sites\/default\/files\/2021-06\/Criterios%20actuaci%C3%B3n%20bolsa%20de%20grupos_cast.pdf\" target=\"_blank\" rel=\"noopener\">\u2018Bolsa de grupos\u2019<\/a>, creada por el Consistorio en 2018 para ofrecer espacios y oportunidades a grupos amateurs para tocar y hacerse un hueco en el panorama musical, bien en eventos municipales, o bien a trav\u00e9s de otros espacios. El Consistorio abona al grupo en concepto de gratificaci\u00f3n 300 euros por actuaci\u00f3n, con un l\u00edmite de dos anuales por grupo. Adem\u00e1s, para cada concierto se prev\u00e9 la posibilidad de pagar hasta un m\u00e1ximo de 700 euros para necesidades t\u00e9cnicas. Actualmente la bolsa municipal cuenta con 12 grupos inscritos.<\/p>\n<p>Los <a href=\"https:\/\/sedeelectronica.pamplona.es\/FichaTramite.aspx?id=PL1000076&amp;idioma=1\" target=\"_blank\" rel=\"noopener\">bonos de ensayo<\/a> son ayudas de hasta 60 euros por sesi\u00f3n destinadas a facilitar que solistas y\/o bandas de m\u00fasicos j\u00f3venes\/ de Pamplona puedan disponer de un local para ensayar con las mejores condiciones ac\u00fasticas y de equipamiento t\u00e9cnico, fomentando a la vez el asociacionismo juvenil y el desarrollo de una actividad de ocio grupal con posibilidades de proyecci\u00f3n profesional. En estos momentos y hasta el 15 de noviembre est\u00e1 abierto el plazo para solicitarlos. Los bonos cubren hasta un total de 8 horas de ensayo mensuales en aquellas salas o establecimientos profesionales que permitan el alquiler por horas. El presupuesto total de las ayudas es este a\u00f1o de 29.000 euros. Adem\u00e1s, de forma completamente gratuita, existe otra opci\u00f3n para ensayar, el servicio de <a href=\"https:\/\/www.pamplonajoven.es\/casa-de-la-juventud\/los-espacios\/\" target=\"_blank\" rel=\"noopener\">Cesi\u00f3n de salas<\/a> para usuarios estables o actividades puntuales de la Casa de la Juventud. El a\u00f1o pasado, por las condiciones de seguridad sanitaria este programa se restringi\u00f3 a solistas (9) y en 2019 ensayaron en la Casa 16 formaciones entre bandas y solistas.<\/p>\n<p>Finalmente, tambi\u00e9n en la Casa, ya van dos ediciones del Curso de emprendimiento musical, una formaci\u00f3n que m\u00e1s all\u00e1 de elementos puramente art\u00edsticos, ofrece contenidos vinculados a las t\u00e9cnicas de edici\u00f3n y grabaci\u00f3n y actividades relacionadas con el marketing, las redes sociales, el dise\u00f1o de campa\u00f1as de promoci\u00f3n y la evaluaci\u00f3n de cuestiones de imagen.<\/p>\n<p><script async src=\"\/\/pagead2.googlesyndication.com\/pagead\/js\/adsbygoogle.js\"><\/script><br \/>\n<!-- Noticias La Guia de Pamplona --><br \/>\n<ins class=\"adsbygoogle\"\nstyle=\"display:block\"\ndata-ad-client=\"ca-pub-6943679897239327\"\ndata-ad-slot=\"7048180777\"\ndata-ad-format=\"auto\"><\/ins><br \/>\n<script>\n(adsbygoogle = window.adsbygoogle || []).push({});\n<\/script><\/p>\n<h3>IV Musika en Marcha Fest<\/h3>\n<p><strong>D\u00eda 21 de septiembre. A partir de las 18 horas. Ciudadela<\/strong><\/p>\n<p>Actuaci\u00f3n de la DJ Mar\u00eda L\u00f3pez<\/p>\n<ul>\n<li>The Bang<\/li>\n<li>Fly Mailo!<\/li>\n<li>A Deshoras<\/li>\n<li>The Blackening<\/li>\n<li>Pensamientos aleatorios<\/li>\n<li>Hagoan<\/li>\n<\/ul>\n<p><strong>D\u00eda 22 de septiembre. A partir de las 18 horas. Ciudadela<\/strong><\/p>\n<p>Actuaci\u00f3n de la DJ Mar\u00eda L\u00f3pez<\/p>\n<ul>\n<li>D\u00fao D\u00eddyma<\/li>\n<li>Peio Lekumberri<\/li>\n<li>Iratxe<\/li>\n<li>Erel y Ku\u00f1i<\/li>\n<li>Be\u00f1at Arbeloa<\/li>\n<\/ul>\n","protected":false},"excerpt":{"rendered":"<p>Este a\u00f1o ser\u00e1n 11 las formaciones que repartir\u00e1n sus actuaciones entre las tardes del 21 y el 22 de septiembre con entrada gratuita y aforo limitado<\/p>\n","protected":false},"author":1,"featured_media":36480,"comment_status":"open","ping_status":"closed","sticky":false,"template":"","format":"standard","meta":{"footnotes":""},"categories":[2],"tags":[],"class_list":["post-36478","post","type-post","status-publish","format-standard","has-post-thumbnail","hentry","category-ayuntamiento-pamplona"],"yoast_head":"<!-- This site is optimized with the Yoast SEO plugin v27.5 - https:\/\/yoast.com\/product\/yoast-seo-wordpress\/ -->\n<title>La Ciudadela ser\u00e1 de nuevo la sede del Musika en Marcha Fest: cuarta edici\u00f3n de la cita con bandas noveles de la ciudad que impulsa anualmente el Ayuntamiento<\/title>\n<meta name=\"description\" content=\"Este a\u00f1o ser\u00e1n 11 las formaciones que repartir\u00e1n sus actuaciones entre las tardes del 21 y el 22 de septiembre con entrada gratuita y aforo limitado\" \/>\n<meta name=\"robots\" content=\"index, follow, max-snippet:-1, max-image-preview:large, max-video-preview:-1\" \/>\n<link rel=\"canonical\" href=\"https:\/\/www.laguiadepamplona.com\/actualidad\/la-ciudadela-sera-de-nuevo-la-sede-del-musika-en-marcha-fest-cuarta-edicion-de-la-cita-con-bandas-noveles-de-la-ciudad-que-impulsa-anualmente-el-ayuntamiento\/\" \/>\n<meta property=\"og:locale\" content=\"es_ES\" \/>\n<meta property=\"og:type\" content=\"article\" \/>\n<meta property=\"og:title\" content=\"La Ciudadela ser\u00e1 de nuevo la sede del Musika en Marcha Fest: cuarta edici\u00f3n de la cita con bandas noveles de la ciudad que impulsa anualmente el Ayuntamiento\" \/>\n<meta property=\"og:description\" content=\"Este a\u00f1o ser\u00e1n 11 las formaciones que repartir\u00e1n sus actuaciones entre las tardes del 21 y el 22 de septiembre con entrada gratuita y aforo limitado\" \/>\n<meta property=\"og:url\" content=\"https:\/\/www.laguiadepamplona.com\/actualidad\/la-ciudadela-sera-de-nuevo-la-sede-del-musika-en-marcha-fest-cuarta-edicion-de-la-cita-con-bandas-noveles-de-la-ciudad-que-impulsa-anualmente-el-ayuntamiento\/\" \/>\n<meta property=\"og:site_name\" content=\"La Gu\u00eda de Pamplona\" \/>\n<meta property=\"article:publisher\" content=\"https:\/\/www.facebook.com\/laguiadepamplonacom-133175176762273\/?ref=hl\" \/>\n<meta property=\"article:published_time\" content=\"2021-09-17T14:01:55+00:00\" \/>\n<meta property=\"article:modified_time\" content=\"2023-04-11T09:49:00+00:00\" \/>\n<meta property=\"og:image\" content=\"https:\/\/www.laguiadepamplona.com\/actualidad\/wp-content\/uploads\/2021\/09\/cartel-Musika-en-marcha1.jpg\" \/>\n\t<meta property=\"og:image:width\" content=\"637\" \/>\n\t<meta property=\"og:image:height\" content=\"465\" \/>\n\t<meta property=\"og:image:type\" content=\"image\/jpeg\" \/>\n<meta name=\"author\" content=\"La Gu\u00eda de Pamplona\" \/>\n<meta name=\"twitter:card\" content=\"summary_large_image\" \/>\n<meta name=\"twitter:creator\" content=\"@LaGuiadPamplona\" \/>\n<meta name=\"twitter:site\" content=\"@LaGuiadPamplona\" \/>\n<meta name=\"twitter:label1\" content=\"Escrito por\" \/>\n\t<meta name=\"twitter:data1\" content=\"La Gu\u00eda de Pamplona\" \/>\n\t<meta name=\"twitter:label2\" content=\"Tiempo de lectura\" \/>\n\t<meta name=\"twitter:data2\" content=\"4 minutos\" \/>\n<script type=\"application\/ld+json\" class=\"yoast-schema-graph\">{\"@context\":\"https:\\\/\\\/schema.org\",\"@graph\":[{\"@type\":\"Article\",\"@id\":\"https:\\\/\\\/www.laguiadepamplona.com\\\/actualidad\\\/la-ciudadela-sera-de-nuevo-la-sede-del-musika-en-marcha-fest-cuarta-edicion-de-la-cita-con-bandas-noveles-de-la-ciudad-que-impulsa-anualmente-el-ayuntamiento\\\/#article\",\"isPartOf\":{\"@id\":\"https:\\\/\\\/www.laguiadepamplona.com\\\/actualidad\\\/la-ciudadela-sera-de-nuevo-la-sede-del-musika-en-marcha-fest-cuarta-edicion-de-la-cita-con-bandas-noveles-de-la-ciudad-que-impulsa-anualmente-el-ayuntamiento\\\/\"},\"author\":{\"name\":\"La Gu\u00eda de Pamplona\",\"@id\":\"https:\\\/\\\/www.laguiadepamplona.com\\\/actualidad\\\/#\\\/schema\\\/person\\\/efe887376f0213d4657c93adc50b1fdb\"},\"headline\":\"La Ciudadela ser\u00e1 de nuevo la sede del Musika en Marcha Fest: cuarta edici\u00f3n de la cita con bandas noveles de la ciudad que impulsa anualmente el Ayuntamiento\",\"datePublished\":\"2021-09-17T14:01:55+00:00\",\"dateModified\":\"2023-04-11T09:49:00+00:00\",\"mainEntityOfPage\":{\"@id\":\"https:\\\/\\\/www.laguiadepamplona.com\\\/actualidad\\\/la-ciudadela-sera-de-nuevo-la-sede-del-musika-en-marcha-fest-cuarta-edicion-de-la-cita-con-bandas-noveles-de-la-ciudad-que-impulsa-anualmente-el-ayuntamiento\\\/\"},\"wordCount\":748,\"commentCount\":0,\"publisher\":{\"@id\":\"https:\\\/\\\/www.laguiadepamplona.com\\\/actualidad\\\/#organization\"},\"image\":{\"@id\":\"https:\\\/\\\/www.laguiadepamplona.com\\\/actualidad\\\/la-ciudadela-sera-de-nuevo-la-sede-del-musika-en-marcha-fest-cuarta-edicion-de-la-cita-con-bandas-noveles-de-la-ciudad-que-impulsa-anualmente-el-ayuntamiento\\\/#primaryimage\"},\"thumbnailUrl\":\"https:\\\/\\\/www.laguiadepamplona.com\\\/actualidad\\\/wp-content\\\/uploads\\\/2021\\\/09\\\/cartel-Musika-en-marcha1.jpg\",\"articleSection\":[\"Ayto Pamplona\"],\"inLanguage\":\"es\",\"potentialAction\":[{\"@type\":\"CommentAction\",\"name\":\"Comment\",\"target\":[\"https:\\\/\\\/www.laguiadepamplona.com\\\/actualidad\\\/la-ciudadela-sera-de-nuevo-la-sede-del-musika-en-marcha-fest-cuarta-edicion-de-la-cita-con-bandas-noveles-de-la-ciudad-que-impulsa-anualmente-el-ayuntamiento\\\/#respond\"]}]},{\"@type\":\"WebPage\",\"@id\":\"https:\\\/\\\/www.laguiadepamplona.com\\\/actualidad\\\/la-ciudadela-sera-de-nuevo-la-sede-del-musika-en-marcha-fest-cuarta-edicion-de-la-cita-con-bandas-noveles-de-la-ciudad-que-impulsa-anualmente-el-ayuntamiento\\\/\",\"url\":\"https:\\\/\\\/www.laguiadepamplona.com\\\/actualidad\\\/la-ciudadela-sera-de-nuevo-la-sede-del-musika-en-marcha-fest-cuarta-edicion-de-la-cita-con-bandas-noveles-de-la-ciudad-que-impulsa-anualmente-el-ayuntamiento\\\/\",\"name\":\"La Ciudadela ser\u00e1 de nuevo la sede del Musika en Marcha Fest: cuarta edici\u00f3n de la cita con bandas noveles de la ciudad que impulsa anualmente el Ayuntamiento\",\"isPartOf\":{\"@id\":\"https:\\\/\\\/www.laguiadepamplona.com\\\/actualidad\\\/#website\"},\"primaryImageOfPage\":{\"@id\":\"https:\\\/\\\/www.laguiadepamplona.com\\\/actualidad\\\/la-ciudadela-sera-de-nuevo-la-sede-del-musika-en-marcha-fest-cuarta-edicion-de-la-cita-con-bandas-noveles-de-la-ciudad-que-impulsa-anualmente-el-ayuntamiento\\\/#primaryimage\"},\"image\":{\"@id\":\"https:\\\/\\\/www.laguiadepamplona.com\\\/actualidad\\\/la-ciudadela-sera-de-nuevo-la-sede-del-musika-en-marcha-fest-cuarta-edicion-de-la-cita-con-bandas-noveles-de-la-ciudad-que-impulsa-anualmente-el-ayuntamiento\\\/#primaryimage\"},\"thumbnailUrl\":\"https:\\\/\\\/www.laguiadepamplona.com\\\/actualidad\\\/wp-content\\\/uploads\\\/2021\\\/09\\\/cartel-Musika-en-marcha1.jpg\",\"datePublished\":\"2021-09-17T14:01:55+00:00\",\"dateModified\":\"2023-04-11T09:49:00+00:00\",\"description\":\"Este a\u00f1o ser\u00e1n 11 las formaciones que repartir\u00e1n sus actuaciones entre las tardes del 21 y el 22 de septiembre con entrada gratuita y aforo limitado\",\"breadcrumb\":{\"@id\":\"https:\\\/\\\/www.laguiadepamplona.com\\\/actualidad\\\/la-ciudadela-sera-de-nuevo-la-sede-del-musika-en-marcha-fest-cuarta-edicion-de-la-cita-con-bandas-noveles-de-la-ciudad-que-impulsa-anualmente-el-ayuntamiento\\\/#breadcrumb\"},\"inLanguage\":\"es\",\"potentialAction\":[{\"@type\":\"ReadAction\",\"target\":[\"https:\\\/\\\/www.laguiadepamplona.com\\\/actualidad\\\/la-ciudadela-sera-de-nuevo-la-sede-del-musika-en-marcha-fest-cuarta-edicion-de-la-cita-con-bandas-noveles-de-la-ciudad-que-impulsa-anualmente-el-ayuntamiento\\\/\"]}]},{\"@type\":\"ImageObject\",\"inLanguage\":\"es\",\"@id\":\"https:\\\/\\\/www.laguiadepamplona.com\\\/actualidad\\\/la-ciudadela-sera-de-nuevo-la-sede-del-musika-en-marcha-fest-cuarta-edicion-de-la-cita-con-bandas-noveles-de-la-ciudad-que-impulsa-anualmente-el-ayuntamiento\\\/#primaryimage\",\"url\":\"https:\\\/\\\/www.laguiadepamplona.com\\\/actualidad\\\/wp-content\\\/uploads\\\/2021\\\/09\\\/cartel-Musika-en-marcha1.jpg\",\"contentUrl\":\"https:\\\/\\\/www.laguiadepamplona.com\\\/actualidad\\\/wp-content\\\/uploads\\\/2021\\\/09\\\/cartel-Musika-en-marcha1.jpg\",\"width\":637,\"height\":465},{\"@type\":\"BreadcrumbList\",\"@id\":\"https:\\\/\\\/www.laguiadepamplona.com\\\/actualidad\\\/la-ciudadela-sera-de-nuevo-la-sede-del-musika-en-marcha-fest-cuarta-edicion-de-la-cita-con-bandas-noveles-de-la-ciudad-que-impulsa-anualmente-el-ayuntamiento\\\/#breadcrumb\",\"itemListElement\":[{\"@type\":\"ListItem\",\"position\":1,\"name\":\"Portada\",\"item\":\"https:\\\/\\\/www.laguiadepamplona.com\\\/actualidad\\\/\"},{\"@type\":\"ListItem\",\"position\":2,\"name\":\"La Ciudadela ser\u00e1 de nuevo la sede del Musika en Marcha Fest: cuarta edici\u00f3n de la cita con bandas noveles de la ciudad que impulsa anualmente el Ayuntamiento\"}]},{\"@type\":\"WebSite\",\"@id\":\"https:\\\/\\\/www.laguiadepamplona.com\\\/actualidad\\\/#website\",\"url\":\"https:\\\/\\\/www.laguiadepamplona.com\\\/actualidad\\\/\",\"name\":\"La gu\u00eda de Pamplona\",\"description\":\"Noticias de Pamplona\",\"publisher\":{\"@id\":\"https:\\\/\\\/www.laguiadepamplona.com\\\/actualidad\\\/#organization\"},\"potentialAction\":[{\"@type\":\"SearchAction\",\"target\":{\"@type\":\"EntryPoint\",\"urlTemplate\":\"https:\\\/\\\/www.laguiadepamplona.com\\\/actualidad\\\/?s={search_term_string}\"},\"query-input\":{\"@type\":\"PropertyValueSpecification\",\"valueRequired\":true,\"valueName\":\"search_term_string\"}}],\"inLanguage\":\"es\"},{\"@type\":\"Organization\",\"@id\":\"https:\\\/\\\/www.laguiadepamplona.com\\\/actualidad\\\/#organization\",\"name\":\"La Gu\u00eda de Pamplona \\\/ Noticias\",\"url\":\"https:\\\/\\\/www.laguiadepamplona.com\\\/actualidad\\\/\",\"logo\":{\"@type\":\"ImageObject\",\"inLanguage\":\"es\",\"@id\":\"https:\\\/\\\/www.laguiadepamplona.com\\\/actualidad\\\/#\\\/schema\\\/logo\\\/image\\\/\",\"url\":\"https:\\\/\\\/www.laguiadepamplona.com\\\/actualidad\\\/wp-content\\\/uploads\\\/2018\\\/11\\\/logo-laguiadepamplona18-web1.png\",\"contentUrl\":\"https:\\\/\\\/www.laguiadepamplona.com\\\/actualidad\\\/wp-content\\\/uploads\\\/2018\\\/11\\\/logo-laguiadepamplona18-web1.png\",\"width\":600,\"height\":196,\"caption\":\"La Gu\u00eda de Pamplona \\\/ Noticias\"},\"image\":{\"@id\":\"https:\\\/\\\/www.laguiadepamplona.com\\\/actualidad\\\/#\\\/schema\\\/logo\\\/image\\\/\"},\"sameAs\":[\"https:\\\/\\\/www.facebook.com\\\/laguiadepamplonacom-133175176762273\\\/?ref=hl\",\"https:\\\/\\\/x.com\\\/LaGuiadPamplona\",\"https:\\\/\\\/www.instagram.com\\\/la_guia_de_pamplona\\\/\",\"https:\\\/\\\/www.youtube.com\\\/user\\\/laguiadepamplona\"]},{\"@type\":\"Person\",\"@id\":\"https:\\\/\\\/www.laguiadepamplona.com\\\/actualidad\\\/#\\\/schema\\\/person\\\/efe887376f0213d4657c93adc50b1fdb\",\"name\":\"La Gu\u00eda de Pamplona\",\"image\":{\"@type\":\"ImageObject\",\"inLanguage\":\"es\",\"@id\":\"https:\\\/\\\/secure.gravatar.com\\\/avatar\\\/b6992f131dc8d30ab0dff15446e9d346d9dbd95992de0fef795073f5ea83a81c?s=96&d=mm&r=g\",\"url\":\"https:\\\/\\\/secure.gravatar.com\\\/avatar\\\/b6992f131dc8d30ab0dff15446e9d346d9dbd95992de0fef795073f5ea83a81c?s=96&d=mm&r=g\",\"contentUrl\":\"https:\\\/\\\/secure.gravatar.com\\\/avatar\\\/b6992f131dc8d30ab0dff15446e9d346d9dbd95992de0fef795073f5ea83a81c?s=96&d=mm&r=g\",\"caption\":\"La Gu\u00eda de Pamplona\"}}]}<\/script>\n<!-- \/ Yoast SEO plugin. -->","yoast_head_json":{"title":"La Ciudadela ser\u00e1 de nuevo la sede del Musika en Marcha Fest: cuarta edici\u00f3n de la cita con bandas noveles de la ciudad que impulsa anualmente el Ayuntamiento","description":"Este a\u00f1o ser\u00e1n 11 las formaciones que repartir\u00e1n sus actuaciones entre las tardes del 21 y el 22 de septiembre con entrada gratuita y aforo limitado","robots":{"index":"index","follow":"follow","max-snippet":"max-snippet:-1","max-image-preview":"max-image-preview:large","max-video-preview":"max-video-preview:-1"},"canonical":"https:\/\/www.laguiadepamplona.com\/actualidad\/la-ciudadela-sera-de-nuevo-la-sede-del-musika-en-marcha-fest-cuarta-edicion-de-la-cita-con-bandas-noveles-de-la-ciudad-que-impulsa-anualmente-el-ayuntamiento\/","og_locale":"es_ES","og_type":"article","og_title":"La Ciudadela ser\u00e1 de nuevo la sede del Musika en Marcha Fest: cuarta edici\u00f3n de la cita con bandas noveles de la ciudad que impulsa anualmente el Ayuntamiento","og_description":"Este a\u00f1o ser\u00e1n 11 las formaciones que repartir\u00e1n sus actuaciones entre las tardes del 21 y el 22 de septiembre con entrada gratuita y aforo limitado","og_url":"https:\/\/www.laguiadepamplona.com\/actualidad\/la-ciudadela-sera-de-nuevo-la-sede-del-musika-en-marcha-fest-cuarta-edicion-de-la-cita-con-bandas-noveles-de-la-ciudad-que-impulsa-anualmente-el-ayuntamiento\/","og_site_name":"La Gu\u00eda de Pamplona","article_publisher":"https:\/\/www.facebook.com\/laguiadepamplonacom-133175176762273\/?ref=hl","article_published_time":"2021-09-17T14:01:55+00:00","article_modified_time":"2023-04-11T09:49:00+00:00","og_image":[{"width":637,"height":465,"url":"https:\/\/www.laguiadepamplona.com\/actualidad\/wp-content\/uploads\/2021\/09\/cartel-Musika-en-marcha1.jpg","type":"image\/jpeg"}],"author":"La Gu\u00eda de Pamplona","twitter_card":"summary_large_image","twitter_creator":"@LaGuiadPamplona","twitter_site":"@LaGuiadPamplona","twitter_misc":{"Escrito por":"La Gu\u00eda de Pamplona","Tiempo de lectura":"4 minutos"},"schema":{"@context":"https:\/\/schema.org","@graph":[{"@type":"Article","@id":"https:\/\/www.laguiadepamplona.com\/actualidad\/la-ciudadela-sera-de-nuevo-la-sede-del-musika-en-marcha-fest-cuarta-edicion-de-la-cita-con-bandas-noveles-de-la-ciudad-que-impulsa-anualmente-el-ayuntamiento\/#article","isPartOf":{"@id":"https:\/\/www.laguiadepamplona.com\/actualidad\/la-ciudadela-sera-de-nuevo-la-sede-del-musika-en-marcha-fest-cuarta-edicion-de-la-cita-con-bandas-noveles-de-la-ciudad-que-impulsa-anualmente-el-ayuntamiento\/"},"author":{"name":"La Gu\u00eda de Pamplona","@id":"https:\/\/www.laguiadepamplona.com\/actualidad\/#\/schema\/person\/efe887376f0213d4657c93adc50b1fdb"},"headline":"La Ciudadela ser\u00e1 de nuevo la sede del Musika en Marcha Fest: cuarta edici\u00f3n de la cita con bandas noveles de la ciudad que impulsa anualmente el Ayuntamiento","datePublished":"2021-09-17T14:01:55+00:00","dateModified":"2023-04-11T09:49:00+00:00","mainEntityOfPage":{"@id":"https:\/\/www.laguiadepamplona.com\/actualidad\/la-ciudadela-sera-de-nuevo-la-sede-del-musika-en-marcha-fest-cuarta-edicion-de-la-cita-con-bandas-noveles-de-la-ciudad-que-impulsa-anualmente-el-ayuntamiento\/"},"wordCount":748,"commentCount":0,"publisher":{"@id":"https:\/\/www.laguiadepamplona.com\/actualidad\/#organization"},"image":{"@id":"https:\/\/www.laguiadepamplona.com\/actualidad\/la-ciudadela-sera-de-nuevo-la-sede-del-musika-en-marcha-fest-cuarta-edicion-de-la-cita-con-bandas-noveles-de-la-ciudad-que-impulsa-anualmente-el-ayuntamiento\/#primaryimage"},"thumbnailUrl":"https:\/\/www.laguiadepamplona.com\/actualidad\/wp-content\/uploads\/2021\/09\/cartel-Musika-en-marcha1.jpg","articleSection":["Ayto Pamplona"],"inLanguage":"es","potentialAction":[{"@type":"CommentAction","name":"Comment","target":["https:\/\/www.laguiadepamplona.com\/actualidad\/la-ciudadela-sera-de-nuevo-la-sede-del-musika-en-marcha-fest-cuarta-edicion-de-la-cita-con-bandas-noveles-de-la-ciudad-que-impulsa-anualmente-el-ayuntamiento\/#respond"]}]},{"@type":"WebPage","@id":"https:\/\/www.laguiadepamplona.com\/actualidad\/la-ciudadela-sera-de-nuevo-la-sede-del-musika-en-marcha-fest-cuarta-edicion-de-la-cita-con-bandas-noveles-de-la-ciudad-que-impulsa-anualmente-el-ayuntamiento\/","url":"https:\/\/www.laguiadepamplona.com\/actualidad\/la-ciudadela-sera-de-nuevo-la-sede-del-musika-en-marcha-fest-cuarta-edicion-de-la-cita-con-bandas-noveles-de-la-ciudad-que-impulsa-anualmente-el-ayuntamiento\/","name":"La Ciudadela ser\u00e1 de nuevo la sede del Musika en Marcha Fest: cuarta edici\u00f3n de la cita con bandas noveles de la ciudad que impulsa anualmente el Ayuntamiento","isPartOf":{"@id":"https:\/\/www.laguiadepamplona.com\/actualidad\/#website"},"primaryImageOfPage":{"@id":"https:\/\/www.laguiadepamplona.com\/actualidad\/la-ciudadela-sera-de-nuevo-la-sede-del-musika-en-marcha-fest-cuarta-edicion-de-la-cita-con-bandas-noveles-de-la-ciudad-que-impulsa-anualmente-el-ayuntamiento\/#primaryimage"},"image":{"@id":"https:\/\/www.laguiadepamplona.com\/actualidad\/la-ciudadela-sera-de-nuevo-la-sede-del-musika-en-marcha-fest-cuarta-edicion-de-la-cita-con-bandas-noveles-de-la-ciudad-que-impulsa-anualmente-el-ayuntamiento\/#primaryimage"},"thumbnailUrl":"https:\/\/www.laguiadepamplona.com\/actualidad\/wp-content\/uploads\/2021\/09\/cartel-Musika-en-marcha1.jpg","datePublished":"2021-09-17T14:01:55+00:00","dateModified":"2023-04-11T09:49:00+00:00","description":"Este a\u00f1o ser\u00e1n 11 las formaciones que repartir\u00e1n sus actuaciones entre las tardes del 21 y el 22 de septiembre con entrada gratuita y aforo limitado","breadcrumb":{"@id":"https:\/\/www.laguiadepamplona.com\/actualidad\/la-ciudadela-sera-de-nuevo-la-sede-del-musika-en-marcha-fest-cuarta-edicion-de-la-cita-con-bandas-noveles-de-la-ciudad-que-impulsa-anualmente-el-ayuntamiento\/#breadcrumb"},"inLanguage":"es","potentialAction":[{"@type":"ReadAction","target":["https:\/\/www.laguiadepamplona.com\/actualidad\/la-ciudadela-sera-de-nuevo-la-sede-del-musika-en-marcha-fest-cuarta-edicion-de-la-cita-con-bandas-noveles-de-la-ciudad-que-impulsa-anualmente-el-ayuntamiento\/"]}]},{"@type":"ImageObject","inLanguage":"es","@id":"https:\/\/www.laguiadepamplona.com\/actualidad\/la-ciudadela-sera-de-nuevo-la-sede-del-musika-en-marcha-fest-cuarta-edicion-de-la-cita-con-bandas-noveles-de-la-ciudad-que-impulsa-anualmente-el-ayuntamiento\/#primaryimage","url":"https:\/\/www.laguiadepamplona.com\/actualidad\/wp-content\/uploads\/2021\/09\/cartel-Musika-en-marcha1.jpg","contentUrl":"https:\/\/www.laguiadepamplona.com\/actualidad\/wp-content\/uploads\/2021\/09\/cartel-Musika-en-marcha1.jpg","width":637,"height":465},{"@type":"BreadcrumbList","@id":"https:\/\/www.laguiadepamplona.com\/actualidad\/la-ciudadela-sera-de-nuevo-la-sede-del-musika-en-marcha-fest-cuarta-edicion-de-la-cita-con-bandas-noveles-de-la-ciudad-que-impulsa-anualmente-el-ayuntamiento\/#breadcrumb","itemListElement":[{"@type":"ListItem","position":1,"name":"Portada","item":"https:\/\/www.laguiadepamplona.com\/actualidad\/"},{"@type":"ListItem","position":2,"name":"La Ciudadela ser\u00e1 de nuevo la sede del Musika en Marcha Fest: cuarta edici\u00f3n de la cita con bandas noveles de la ciudad que impulsa anualmente el Ayuntamiento"}]},{"@type":"WebSite","@id":"https:\/\/www.laguiadepamplona.com\/actualidad\/#website","url":"https:\/\/www.laguiadepamplona.com\/actualidad\/","name":"La gu\u00eda de Pamplona","description":"Noticias de Pamplona","publisher":{"@id":"https:\/\/www.laguiadepamplona.com\/actualidad\/#organization"},"potentialAction":[{"@type":"SearchAction","target":{"@type":"EntryPoint","urlTemplate":"https:\/\/www.laguiadepamplona.com\/actualidad\/?s={search_term_string}"},"query-input":{"@type":"PropertyValueSpecification","valueRequired":true,"valueName":"search_term_string"}}],"inLanguage":"es"},{"@type":"Organization","@id":"https:\/\/www.laguiadepamplona.com\/actualidad\/#organization","name":"La Gu\u00eda de Pamplona \/ Noticias","url":"https:\/\/www.laguiadepamplona.com\/actualidad\/","logo":{"@type":"ImageObject","inLanguage":"es","@id":"https:\/\/www.laguiadepamplona.com\/actualidad\/#\/schema\/logo\/image\/","url":"https:\/\/www.laguiadepamplona.com\/actualidad\/wp-content\/uploads\/2018\/11\/logo-laguiadepamplona18-web1.png","contentUrl":"https:\/\/www.laguiadepamplona.com\/actualidad\/wp-content\/uploads\/2018\/11\/logo-laguiadepamplona18-web1.png","width":600,"height":196,"caption":"La Gu\u00eda de Pamplona \/ Noticias"},"image":{"@id":"https:\/\/www.laguiadepamplona.com\/actualidad\/#\/schema\/logo\/image\/"},"sameAs":["https:\/\/www.facebook.com\/laguiadepamplonacom-133175176762273\/?ref=hl","https:\/\/x.com\/LaGuiadPamplona","https:\/\/www.instagram.com\/la_guia_de_pamplona\/","https:\/\/www.youtube.com\/user\/laguiadepamplona"]},{"@type":"Person","@id":"https:\/\/www.laguiadepamplona.com\/actualidad\/#\/schema\/person\/efe887376f0213d4657c93adc50b1fdb","name":"La Gu\u00eda de Pamplona","image":{"@type":"ImageObject","inLanguage":"es","@id":"https:\/\/secure.gravatar.com\/avatar\/b6992f131dc8d30ab0dff15446e9d346d9dbd95992de0fef795073f5ea83a81c?s=96&d=mm&r=g","url":"https:\/\/secure.gravatar.com\/avatar\/b6992f131dc8d30ab0dff15446e9d346d9dbd95992de0fef795073f5ea83a81c?s=96&d=mm&r=g","contentUrl":"https:\/\/secure.gravatar.com\/avatar\/b6992f131dc8d30ab0dff15446e9d346d9dbd95992de0fef795073f5ea83a81c?s=96&d=mm&r=g","caption":"La Gu\u00eda de Pamplona"}}]}},"post_mailing_queue_ids":[],"_links":{"self":[{"href":"https:\/\/www.laguiadepamplona.com\/actualidad\/wp-json\/wp\/v2\/posts\/36478","targetHints":{"allow":["GET"]}}],"collection":[{"href":"https:\/\/www.laguiadepamplona.com\/actualidad\/wp-json\/wp\/v2\/posts"}],"about":[{"href":"https:\/\/www.laguiadepamplona.com\/actualidad\/wp-json\/wp\/v2\/types\/post"}],"author":[{"embeddable":true,"href":"https:\/\/www.laguiadepamplona.com\/actualidad\/wp-json\/wp\/v2\/users\/1"}],"replies":[{"embeddable":true,"href":"https:\/\/www.laguiadepamplona.com\/actualidad\/wp-json\/wp\/v2\/comments?post=36478"}],"version-history":[{"count":0,"href":"https:\/\/www.laguiadepamplona.com\/actualidad\/wp-json\/wp\/v2\/posts\/36478\/revisions"}],"wp:featuredmedia":[{"embeddable":true,"href":"https:\/\/www.laguiadepamplona.com\/actualidad\/wp-json\/wp\/v2\/media\/36480"}],"wp:attachment":[{"href":"https:\/\/www.laguiadepamplona.com\/actualidad\/wp-json\/wp\/v2\/media?parent=36478"}],"wp:term":[{"taxonomy":"category","embeddable":true,"href":"https:\/\/www.laguiadepamplona.com\/actualidad\/wp-json\/wp\/v2\/categories?post=36478"},{"taxonomy":"post_tag","embeddable":true,"href":"https:\/\/www.laguiadepamplona.com\/actualidad\/wp-json\/wp\/v2\/tags?post=36478"}],"curies":[{"name":"wp","href":"https:\/\/api.w.org\/{rel}","templated":true}]}}