{"id":36467,"date":"2021-09-16T16:47:56","date_gmt":"2021-09-16T14:47:56","guid":{"rendered":"https:\/\/www.laguiadepamplona.com\/actualidad\/?p=36467"},"modified":"2023-04-11T11:49:00","modified_gmt":"2023-04-11T09:49:00","slug":"una-tarde-de-danza-urbana-en-la-casa-de-la-juventud","status":"publish","type":"post","link":"https:\/\/www.laguiadepamplona.com\/actualidad\/una-tarde-de-danza-urbana-en-la-casa-de-la-juventud\/","title":{"rendered":"Una tarde de danza urbana en la Casa de la Juventud"},"content":{"rendered":"<h5>Este s\u00e1bado vuelven las Tardes de ocio a la programaci\u00f3n municipal para j\u00f3venes de la mano de la asociaci\u00f3n juvenil Taupadak<\/h5>\n<p><!--more--><\/p>\n<p><a href=\"https:\/\/www.laguiadepamplona.com\/actualidad\/wp-content\/uploads\/2021\/09\/cartel-Tarde-de-Danza-Urbana.jpg\"><img loading=\"lazy\" decoding=\"async\" class=\"alignleft size-medium wp-image-36468\" src=\"https:\/\/www.laguiadepamplona.com\/actualidad\/wp-content\/uploads\/2021\/09\/cartel-Tarde-de-Danza-Urbana-212x300.jpg\" alt=\"\" width=\"212\" height=\"300\" srcset=\"https:\/\/www.laguiadepamplona.com\/actualidad\/wp-content\/uploads\/2021\/09\/cartel-Tarde-de-Danza-Urbana-212x300.jpg 212w, https:\/\/www.laguiadepamplona.com\/actualidad\/wp-content\/uploads\/2021\/09\/cartel-Tarde-de-Danza-Urbana-482x682.jpg 482w, https:\/\/www.laguiadepamplona.com\/actualidad\/wp-content\/uploads\/2021\/09\/cartel-Tarde-de-Danza-Urbana-768x1086.jpg 768w, https:\/\/www.laguiadepamplona.com\/actualidad\/wp-content\/uploads\/2021\/09\/cartel-Tarde-de-Danza-Urbana-1086x1536.jpg 1086w, https:\/\/www.laguiadepamplona.com\/actualidad\/wp-content\/uploads\/2021\/09\/cartel-Tarde-de-Danza-Urbana-640x905.jpg 640w, https:\/\/www.laguiadepamplona.com\/actualidad\/wp-content\/uploads\/2021\/09\/cartel-Tarde-de-Danza-Urbana.jpg 1414w\" sizes=\"auto, (max-width: 212px) 100vw, 212px\" \/><\/a>El s\u00e1bado 18 de septiembre, de 17 a 20.30 horas, la Casa de la Juventud ofrecer\u00e1 su tarde de ocio dedicada a la danza urbana de la mano de la asociaci\u00f3n juvenil Taupadak, que se centra en esta modalidad de coreograf\u00edas desde hace alrededor de un a\u00f1o. Quienes asistan, de la mano de cinco expertas y un especialista, podr\u00e1n disfrutar de un variado programa de degustaci\u00f3n con bailes que se gestaron en Jamaica, Nueva York o Atlanta.<\/p>\n<p>Las inscripciones son gratuitas y est\u00e1n abiertas para todos los talleres hasta completar aforo, presencialmente en la Casa de la Juventud o por tel\u00e9fono en el n\u00famero 948233512. Las salas estar\u00e1n adecuadas seg\u00fan las normas de seguridad sanitaria, y las personas asistentes deber\u00e1n cumplir con las medidas de prevenci\u00f3n vigentes. La propuesta se establece en tres franjas: \u201cDembow\u201d, \u201cHip Hop\u201d o \u201cSexy Style\u201d de 17 a 18 horas; \u201cComercial dance\u201d, \u201cTrap\u201d o \u201cHeels Dance de 18.15 a 19.15 horas y \u201cHouse Dance\u201d, \u201cReggaeton\u201d o \u201cNew Style\u201d, de 19.30 a 20.30 horas.<\/p>\n<p>Desde su creaci\u00f3n, Taupadak ha realizado multitud de espect\u00e1culos y ha ganado varios campeonatos de danzas urbanas a nivel nacional e internacional. Su objetivo es fomentar la cultura y las danzas urbanas en Pamplona con la pretensi\u00f3n de crear referentes para que las nuevas generaciones puedan tener oportunidades en el mundo del baile y la danza.<\/p>\n<p><script async src=\"\/\/pagead2.googlesyndication.com\/pagead\/js\/adsbygoogle.js\"><\/script><br \/>\n<!-- Noticias La Guia de Pamplona --><br \/>\n<ins class=\"adsbygoogle\"\nstyle=\"display:block\"\ndata-ad-client=\"ca-pub-6943679897239327\"\ndata-ad-slot=\"7048180777\"\ndata-ad-format=\"auto\"><\/ins><br \/>\n<script>\n(adsbygoogle = window.adsbygoogle || []).push({});\n<\/script><\/p>\n<p><strong>Las y los bailarines<\/strong><\/p>\n<p>La compa\u00f1\u00eda est\u00e1 compuesta por integrantes de diferentes estilos de baile. De \u201ccarta de estilos\u201d se encargar\u00e1n cuatro artistas. Naroa Sevillano, de 15 a\u00f1os, ser\u00e1 la encargada del taller de Dembow. Lleva form\u00e1ndose en danzas urbanas desde los 6 a\u00f1os y, pese a su juventud, para ella el baile es un estilo de vida. La siguiente profesora, Idoia Chivite, comenz\u00f3 a bailar con 7 a\u00f1os y, a los 15, decidi\u00f3 hacer una formaci\u00f3n de House\u201d en Barcelona con Karol Galindo. Ella se encargar\u00e1 de impartir esa modalidad y de la de Hip Hop. Maite Go\u00f1i ser\u00e1 la encargada de ense\u00f1ar Sexy Style y Heels Dance. Go\u00f1i comenz\u00f3 en la danza urbana a los 12 a\u00f1os y ha estado en Taupadak desde su creaci\u00f3n.<\/p>\n<p>Y el Trap ser\u00e1 responsabilidad de Naiara Chamorro, que tambi\u00e9n se inici\u00f3 en ello a los 7 a\u00f1os y se ha especializado en estilos como Drill, Comercial, Hip Hop, House o Popping. Finalmente, Fran Chamorro ser\u00e1 el encargado de Comercial Dance y Reggaet\u00f3n. Fran empez\u00f3 a bailar danzas urbanas hace 5 a\u00f1os y despu\u00e9s de asistir a diferentes escuelas se, fue a Barcelona para integrar uno de los grupos de competici\u00f3n m\u00e1s importantes de Espa\u00f1a: Klimax. Hace un a\u00f1o fue quien form\u00f3 la Asociaci\u00f3n Juvenil Taupadak. Finalmente, el New Style correr\u00e1 a cargo de Anyi Marte, que ha participado en diversos grupos de competici\u00f3n, tanto profesionales como amateurs. Hoy en d\u00eda se forma profesionalmente y tiene un estilo propio \u00fanico en su mezcla de estilos.<\/p>\n<p><script async src=\"\/\/pagead2.googlesyndication.com\/pagead\/js\/adsbygoogle.js\"><\/script><br \/>\n<!-- Noticias La Guia de Pamplona --><br \/>\n<ins class=\"adsbygoogle\"\nstyle=\"display:block\"\ndata-ad-client=\"ca-pub-6943679897239327\"\ndata-ad-slot=\"7048180777\"\ndata-ad-format=\"auto\"><\/ins><br \/>\n<script>\n(adsbygoogle = window.adsbygoogle || []).push({});\n<\/script><\/p>\n<p>&nbsp;<\/p>\n<h3>Tarde de ocio en la Casa de la Juventud: danza urbana<\/h3>\n<p>S\u00e1bado 18 de septiembre<\/p>\n<p>De 17 a 20.30 horas<\/p>\n<p>Entrada libre previa inscripci\u00f3n<\/p>\n<p>Dirigido a j\u00f3venes de 14 a 30 a\u00f1os<\/p>\n<p><strong>ENTRANTES, de 17 a 18 horas<\/strong><\/p>\n<ul>\n<li>\u00bfTe apetece algo distinto? prueba este baile que toma las bases del Reggaeton y del Dancehall.<\/li>\n<li>Hip Hop. Disfruta de una coreograf\u00eda diferente, muy especial y con todo el sabor callejero.<\/li>\n<li>Sexy Style. Descubre la variante m\u00e1s suave del Hip Hop (New Style). Basado en la danza contempor\u00e1nea, utiliza pasos muy definidos y movimientos sensuales.<\/li>\n<\/ul>\n<p><strong>PLATO PRINCIPAL, de 18.15 a 19.15 horas<\/strong><\/p>\n<ul>\n<li>Comercial Dance. Descubre esta modalidad de baile y aprende las coreograf\u00edas de las estrellas del pop.<\/li>\n<li>In\u00edciate en otra variante del New Style y baila al son de ritmos con influencia de m\u00fasica electr\u00f3nica, rap y hip hop.<\/li>\n<li>Heels Dance. En\u00e9rgicas coreograf\u00edas de Hip Hop con zapatos de tac\u00f3n. \u00bfTe atreves?<\/li>\n<\/ul>\n<p><strong>POSTRES, de 19.30 a 20.30 horas<\/strong><\/p>\n<ul>\n<li>House Dance. Sorpr\u00e9ndete con este baile en el que se combinan r\u00e1pidos movimientos de piernas con oscilaciones del torso simulando una ola.<\/li>\n<li>An\u00edmate con el sabor y el ritmo de la m\u00fasica caribe\u00f1a.<\/li>\n<li>New Style. El estilo por antonomasia del Hip Hop: bombos, cajas y flow para disfrutar del m\u00e1s puro estilo urbano.<\/li>\n<\/ul>\n","protected":false},"excerpt":{"rendered":"<p>Este s\u00e1bado vuelven las Tardes de ocio a la programaci\u00f3n municipal para j\u00f3venes de la mano de la asociaci\u00f3n juvenil Taupadak<\/p>\n","protected":false},"author":1,"featured_media":36469,"comment_status":"open","ping_status":"closed","sticky":false,"template":"","format":"standard","meta":{"footnotes":""},"categories":[2],"tags":[],"class_list":["post-36467","post","type-post","status-publish","format-standard","has-post-thumbnail","hentry","category-ayuntamiento-pamplona"],"yoast_head":"<!-- This site is optimized with the Yoast SEO plugin v27.5 - https:\/\/yoast.com\/product\/yoast-seo-wordpress\/ -->\n<title>Una tarde de danza urbana en la Casa de la Juventud<\/title>\n<meta name=\"description\" content=\"Este s\u00e1bado vuelven las Tardes de ocio a la programaci\u00f3n municipal para j\u00f3venes de la mano de la asociaci\u00f3n juvenil Taupadak\" \/>\n<meta name=\"robots\" content=\"index, follow, max-snippet:-1, max-image-preview:large, max-video-preview:-1\" \/>\n<link rel=\"canonical\" href=\"https:\/\/www.laguiadepamplona.com\/actualidad\/una-tarde-de-danza-urbana-en-la-casa-de-la-juventud\/\" \/>\n<meta property=\"og:locale\" content=\"es_ES\" \/>\n<meta property=\"og:type\" content=\"article\" \/>\n<meta property=\"og:title\" content=\"Una tarde de danza urbana en la Casa de la Juventud\" \/>\n<meta property=\"og:description\" content=\"Este s\u00e1bado vuelven las Tardes de ocio a la programaci\u00f3n municipal para j\u00f3venes de la mano de la asociaci\u00f3n juvenil Taupadak\" \/>\n<meta property=\"og:url\" content=\"https:\/\/www.laguiadepamplona.com\/actualidad\/una-tarde-de-danza-urbana-en-la-casa-de-la-juventud\/\" \/>\n<meta property=\"og:site_name\" content=\"La Gu\u00eda de Pamplona\" \/>\n<meta property=\"article:publisher\" content=\"https:\/\/www.facebook.com\/laguiadepamplonacom-133175176762273\/?ref=hl\" \/>\n<meta property=\"article:published_time\" content=\"2021-09-16T14:47:56+00:00\" \/>\n<meta property=\"article:modified_time\" content=\"2023-04-11T09:49:00+00:00\" \/>\n<meta property=\"og:image\" content=\"https:\/\/www.laguiadepamplona.com\/actualidad\/wp-content\/uploads\/2021\/09\/cartel-Tarde-de-Danza-Urbana1.jpg\" \/>\n\t<meta property=\"og:image:width\" content=\"1920\" \/>\n\t<meta property=\"og:image:height\" content=\"1036\" \/>\n\t<meta property=\"og:image:type\" content=\"image\/jpeg\" \/>\n<meta name=\"author\" content=\"La Gu\u00eda de Pamplona\" \/>\n<meta name=\"twitter:card\" content=\"summary_large_image\" \/>\n<meta name=\"twitter:creator\" content=\"@LaGuiadPamplona\" \/>\n<meta name=\"twitter:site\" content=\"@LaGuiadPamplona\" \/>\n<meta name=\"twitter:label1\" content=\"Escrito por\" \/>\n\t<meta name=\"twitter:data1\" content=\"La Gu\u00eda de Pamplona\" \/>\n\t<meta name=\"twitter:label2\" content=\"Tiempo de lectura\" \/>\n\t<meta name=\"twitter:data2\" content=\"4 minutos\" \/>\n<script type=\"application\/ld+json\" class=\"yoast-schema-graph\">{\"@context\":\"https:\\\/\\\/schema.org\",\"@graph\":[{\"@type\":\"Article\",\"@id\":\"https:\\\/\\\/www.laguiadepamplona.com\\\/actualidad\\\/una-tarde-de-danza-urbana-en-la-casa-de-la-juventud\\\/#article\",\"isPartOf\":{\"@id\":\"https:\\\/\\\/www.laguiadepamplona.com\\\/actualidad\\\/una-tarde-de-danza-urbana-en-la-casa-de-la-juventud\\\/\"},\"author\":{\"name\":\"La Gu\u00eda de Pamplona\",\"@id\":\"https:\\\/\\\/www.laguiadepamplona.com\\\/actualidad\\\/#\\\/schema\\\/person\\\/efe887376f0213d4657c93adc50b1fdb\"},\"headline\":\"Una tarde de danza urbana en la Casa de la Juventud\",\"datePublished\":\"2021-09-16T14:47:56+00:00\",\"dateModified\":\"2023-04-11T09:49:00+00:00\",\"mainEntityOfPage\":{\"@id\":\"https:\\\/\\\/www.laguiadepamplona.com\\\/actualidad\\\/una-tarde-de-danza-urbana-en-la-casa-de-la-juventud\\\/\"},\"wordCount\":755,\"commentCount\":0,\"publisher\":{\"@id\":\"https:\\\/\\\/www.laguiadepamplona.com\\\/actualidad\\\/#organization\"},\"image\":{\"@id\":\"https:\\\/\\\/www.laguiadepamplona.com\\\/actualidad\\\/una-tarde-de-danza-urbana-en-la-casa-de-la-juventud\\\/#primaryimage\"},\"thumbnailUrl\":\"https:\\\/\\\/www.laguiadepamplona.com\\\/actualidad\\\/wp-content\\\/uploads\\\/2021\\\/09\\\/cartel-Tarde-de-Danza-Urbana1.jpg\",\"articleSection\":[\"Ayto Pamplona\"],\"inLanguage\":\"es\",\"potentialAction\":[{\"@type\":\"CommentAction\",\"name\":\"Comment\",\"target\":[\"https:\\\/\\\/www.laguiadepamplona.com\\\/actualidad\\\/una-tarde-de-danza-urbana-en-la-casa-de-la-juventud\\\/#respond\"]}]},{\"@type\":\"WebPage\",\"@id\":\"https:\\\/\\\/www.laguiadepamplona.com\\\/actualidad\\\/una-tarde-de-danza-urbana-en-la-casa-de-la-juventud\\\/\",\"url\":\"https:\\\/\\\/www.laguiadepamplona.com\\\/actualidad\\\/una-tarde-de-danza-urbana-en-la-casa-de-la-juventud\\\/\",\"name\":\"Una tarde de danza urbana en la Casa de la Juventud\",\"isPartOf\":{\"@id\":\"https:\\\/\\\/www.laguiadepamplona.com\\\/actualidad\\\/#website\"},\"primaryImageOfPage\":{\"@id\":\"https:\\\/\\\/www.laguiadepamplona.com\\\/actualidad\\\/una-tarde-de-danza-urbana-en-la-casa-de-la-juventud\\\/#primaryimage\"},\"image\":{\"@id\":\"https:\\\/\\\/www.laguiadepamplona.com\\\/actualidad\\\/una-tarde-de-danza-urbana-en-la-casa-de-la-juventud\\\/#primaryimage\"},\"thumbnailUrl\":\"https:\\\/\\\/www.laguiadepamplona.com\\\/actualidad\\\/wp-content\\\/uploads\\\/2021\\\/09\\\/cartel-Tarde-de-Danza-Urbana1.jpg\",\"datePublished\":\"2021-09-16T14:47:56+00:00\",\"dateModified\":\"2023-04-11T09:49:00+00:00\",\"description\":\"Este s\u00e1bado vuelven las Tardes de ocio a la programaci\u00f3n municipal para j\u00f3venes de la mano de la asociaci\u00f3n juvenil Taupadak\",\"breadcrumb\":{\"@id\":\"https:\\\/\\\/www.laguiadepamplona.com\\\/actualidad\\\/una-tarde-de-danza-urbana-en-la-casa-de-la-juventud\\\/#breadcrumb\"},\"inLanguage\":\"es\",\"potentialAction\":[{\"@type\":\"ReadAction\",\"target\":[\"https:\\\/\\\/www.laguiadepamplona.com\\\/actualidad\\\/una-tarde-de-danza-urbana-en-la-casa-de-la-juventud\\\/\"]}]},{\"@type\":\"ImageObject\",\"inLanguage\":\"es\",\"@id\":\"https:\\\/\\\/www.laguiadepamplona.com\\\/actualidad\\\/una-tarde-de-danza-urbana-en-la-casa-de-la-juventud\\\/#primaryimage\",\"url\":\"https:\\\/\\\/www.laguiadepamplona.com\\\/actualidad\\\/wp-content\\\/uploads\\\/2021\\\/09\\\/cartel-Tarde-de-Danza-Urbana1.jpg\",\"contentUrl\":\"https:\\\/\\\/www.laguiadepamplona.com\\\/actualidad\\\/wp-content\\\/uploads\\\/2021\\\/09\\\/cartel-Tarde-de-Danza-Urbana1.jpg\",\"width\":1920,\"height\":1036},{\"@type\":\"BreadcrumbList\",\"@id\":\"https:\\\/\\\/www.laguiadepamplona.com\\\/actualidad\\\/una-tarde-de-danza-urbana-en-la-casa-de-la-juventud\\\/#breadcrumb\",\"itemListElement\":[{\"@type\":\"ListItem\",\"position\":1,\"name\":\"Portada\",\"item\":\"https:\\\/\\\/www.laguiadepamplona.com\\\/actualidad\\\/\"},{\"@type\":\"ListItem\",\"position\":2,\"name\":\"Una tarde de danza urbana en la Casa de la Juventud\"}]},{\"@type\":\"WebSite\",\"@id\":\"https:\\\/\\\/www.laguiadepamplona.com\\\/actualidad\\\/#website\",\"url\":\"https:\\\/\\\/www.laguiadepamplona.com\\\/actualidad\\\/\",\"name\":\"La gu\u00eda de Pamplona\",\"description\":\"Noticias de Pamplona\",\"publisher\":{\"@id\":\"https:\\\/\\\/www.laguiadepamplona.com\\\/actualidad\\\/#organization\"},\"potentialAction\":[{\"@type\":\"SearchAction\",\"target\":{\"@type\":\"EntryPoint\",\"urlTemplate\":\"https:\\\/\\\/www.laguiadepamplona.com\\\/actualidad\\\/?s={search_term_string}\"},\"query-input\":{\"@type\":\"PropertyValueSpecification\",\"valueRequired\":true,\"valueName\":\"search_term_string\"}}],\"inLanguage\":\"es\"},{\"@type\":\"Organization\",\"@id\":\"https:\\\/\\\/www.laguiadepamplona.com\\\/actualidad\\\/#organization\",\"name\":\"La Gu\u00eda de Pamplona \\\/ Noticias\",\"url\":\"https:\\\/\\\/www.laguiadepamplona.com\\\/actualidad\\\/\",\"logo\":{\"@type\":\"ImageObject\",\"inLanguage\":\"es\",\"@id\":\"https:\\\/\\\/www.laguiadepamplona.com\\\/actualidad\\\/#\\\/schema\\\/logo\\\/image\\\/\",\"url\":\"https:\\\/\\\/www.laguiadepamplona.com\\\/actualidad\\\/wp-content\\\/uploads\\\/2018\\\/11\\\/logo-laguiadepamplona18-web1.png\",\"contentUrl\":\"https:\\\/\\\/www.laguiadepamplona.com\\\/actualidad\\\/wp-content\\\/uploads\\\/2018\\\/11\\\/logo-laguiadepamplona18-web1.png\",\"width\":600,\"height\":196,\"caption\":\"La Gu\u00eda de Pamplona \\\/ Noticias\"},\"image\":{\"@id\":\"https:\\\/\\\/www.laguiadepamplona.com\\\/actualidad\\\/#\\\/schema\\\/logo\\\/image\\\/\"},\"sameAs\":[\"https:\\\/\\\/www.facebook.com\\\/laguiadepamplonacom-133175176762273\\\/?ref=hl\",\"https:\\\/\\\/x.com\\\/LaGuiadPamplona\",\"https:\\\/\\\/www.instagram.com\\\/la_guia_de_pamplona\\\/\",\"https:\\\/\\\/www.youtube.com\\\/user\\\/laguiadepamplona\"]},{\"@type\":\"Person\",\"@id\":\"https:\\\/\\\/www.laguiadepamplona.com\\\/actualidad\\\/#\\\/schema\\\/person\\\/efe887376f0213d4657c93adc50b1fdb\",\"name\":\"La Gu\u00eda de Pamplona\",\"image\":{\"@type\":\"ImageObject\",\"inLanguage\":\"es\",\"@id\":\"https:\\\/\\\/secure.gravatar.com\\\/avatar\\\/b6992f131dc8d30ab0dff15446e9d346d9dbd95992de0fef795073f5ea83a81c?s=96&d=mm&r=g\",\"url\":\"https:\\\/\\\/secure.gravatar.com\\\/avatar\\\/b6992f131dc8d30ab0dff15446e9d346d9dbd95992de0fef795073f5ea83a81c?s=96&d=mm&r=g\",\"contentUrl\":\"https:\\\/\\\/secure.gravatar.com\\\/avatar\\\/b6992f131dc8d30ab0dff15446e9d346d9dbd95992de0fef795073f5ea83a81c?s=96&d=mm&r=g\",\"caption\":\"La Gu\u00eda de Pamplona\"}}]}<\/script>\n<!-- \/ Yoast SEO plugin. -->","yoast_head_json":{"title":"Una tarde de danza urbana en la Casa de la Juventud","description":"Este s\u00e1bado vuelven las Tardes de ocio a la programaci\u00f3n municipal para j\u00f3venes de la mano de la asociaci\u00f3n juvenil Taupadak","robots":{"index":"index","follow":"follow","max-snippet":"max-snippet:-1","max-image-preview":"max-image-preview:large","max-video-preview":"max-video-preview:-1"},"canonical":"https:\/\/www.laguiadepamplona.com\/actualidad\/una-tarde-de-danza-urbana-en-la-casa-de-la-juventud\/","og_locale":"es_ES","og_type":"article","og_title":"Una tarde de danza urbana en la Casa de la Juventud","og_description":"Este s\u00e1bado vuelven las Tardes de ocio a la programaci\u00f3n municipal para j\u00f3venes de la mano de la asociaci\u00f3n juvenil Taupadak","og_url":"https:\/\/www.laguiadepamplona.com\/actualidad\/una-tarde-de-danza-urbana-en-la-casa-de-la-juventud\/","og_site_name":"La Gu\u00eda de Pamplona","article_publisher":"https:\/\/www.facebook.com\/laguiadepamplonacom-133175176762273\/?ref=hl","article_published_time":"2021-09-16T14:47:56+00:00","article_modified_time":"2023-04-11T09:49:00+00:00","og_image":[{"width":1920,"height":1036,"url":"https:\/\/www.laguiadepamplona.com\/actualidad\/wp-content\/uploads\/2021\/09\/cartel-Tarde-de-Danza-Urbana1.jpg","type":"image\/jpeg"}],"author":"La Gu\u00eda de Pamplona","twitter_card":"summary_large_image","twitter_creator":"@LaGuiadPamplona","twitter_site":"@LaGuiadPamplona","twitter_misc":{"Escrito por":"La Gu\u00eda de Pamplona","Tiempo de lectura":"4 minutos"},"schema":{"@context":"https:\/\/schema.org","@graph":[{"@type":"Article","@id":"https:\/\/www.laguiadepamplona.com\/actualidad\/una-tarde-de-danza-urbana-en-la-casa-de-la-juventud\/#article","isPartOf":{"@id":"https:\/\/www.laguiadepamplona.com\/actualidad\/una-tarde-de-danza-urbana-en-la-casa-de-la-juventud\/"},"author":{"name":"La Gu\u00eda de Pamplona","@id":"https:\/\/www.laguiadepamplona.com\/actualidad\/#\/schema\/person\/efe887376f0213d4657c93adc50b1fdb"},"headline":"Una tarde de danza urbana en la Casa de la Juventud","datePublished":"2021-09-16T14:47:56+00:00","dateModified":"2023-04-11T09:49:00+00:00","mainEntityOfPage":{"@id":"https:\/\/www.laguiadepamplona.com\/actualidad\/una-tarde-de-danza-urbana-en-la-casa-de-la-juventud\/"},"wordCount":755,"commentCount":0,"publisher":{"@id":"https:\/\/www.laguiadepamplona.com\/actualidad\/#organization"},"image":{"@id":"https:\/\/www.laguiadepamplona.com\/actualidad\/una-tarde-de-danza-urbana-en-la-casa-de-la-juventud\/#primaryimage"},"thumbnailUrl":"https:\/\/www.laguiadepamplona.com\/actualidad\/wp-content\/uploads\/2021\/09\/cartel-Tarde-de-Danza-Urbana1.jpg","articleSection":["Ayto Pamplona"],"inLanguage":"es","potentialAction":[{"@type":"CommentAction","name":"Comment","target":["https:\/\/www.laguiadepamplona.com\/actualidad\/una-tarde-de-danza-urbana-en-la-casa-de-la-juventud\/#respond"]}]},{"@type":"WebPage","@id":"https:\/\/www.laguiadepamplona.com\/actualidad\/una-tarde-de-danza-urbana-en-la-casa-de-la-juventud\/","url":"https:\/\/www.laguiadepamplona.com\/actualidad\/una-tarde-de-danza-urbana-en-la-casa-de-la-juventud\/","name":"Una tarde de danza urbana en la Casa de la Juventud","isPartOf":{"@id":"https:\/\/www.laguiadepamplona.com\/actualidad\/#website"},"primaryImageOfPage":{"@id":"https:\/\/www.laguiadepamplona.com\/actualidad\/una-tarde-de-danza-urbana-en-la-casa-de-la-juventud\/#primaryimage"},"image":{"@id":"https:\/\/www.laguiadepamplona.com\/actualidad\/una-tarde-de-danza-urbana-en-la-casa-de-la-juventud\/#primaryimage"},"thumbnailUrl":"https:\/\/www.laguiadepamplona.com\/actualidad\/wp-content\/uploads\/2021\/09\/cartel-Tarde-de-Danza-Urbana1.jpg","datePublished":"2021-09-16T14:47:56+00:00","dateModified":"2023-04-11T09:49:00+00:00","description":"Este s\u00e1bado vuelven las Tardes de ocio a la programaci\u00f3n municipal para j\u00f3venes de la mano de la asociaci\u00f3n juvenil Taupadak","breadcrumb":{"@id":"https:\/\/www.laguiadepamplona.com\/actualidad\/una-tarde-de-danza-urbana-en-la-casa-de-la-juventud\/#breadcrumb"},"inLanguage":"es","potentialAction":[{"@type":"ReadAction","target":["https:\/\/www.laguiadepamplona.com\/actualidad\/una-tarde-de-danza-urbana-en-la-casa-de-la-juventud\/"]}]},{"@type":"ImageObject","inLanguage":"es","@id":"https:\/\/www.laguiadepamplona.com\/actualidad\/una-tarde-de-danza-urbana-en-la-casa-de-la-juventud\/#primaryimage","url":"https:\/\/www.laguiadepamplona.com\/actualidad\/wp-content\/uploads\/2021\/09\/cartel-Tarde-de-Danza-Urbana1.jpg","contentUrl":"https:\/\/www.laguiadepamplona.com\/actualidad\/wp-content\/uploads\/2021\/09\/cartel-Tarde-de-Danza-Urbana1.jpg","width":1920,"height":1036},{"@type":"BreadcrumbList","@id":"https:\/\/www.laguiadepamplona.com\/actualidad\/una-tarde-de-danza-urbana-en-la-casa-de-la-juventud\/#breadcrumb","itemListElement":[{"@type":"ListItem","position":1,"name":"Portada","item":"https:\/\/www.laguiadepamplona.com\/actualidad\/"},{"@type":"ListItem","position":2,"name":"Una tarde de danza urbana en la Casa de la Juventud"}]},{"@type":"WebSite","@id":"https:\/\/www.laguiadepamplona.com\/actualidad\/#website","url":"https:\/\/www.laguiadepamplona.com\/actualidad\/","name":"La gu\u00eda de Pamplona","description":"Noticias de Pamplona","publisher":{"@id":"https:\/\/www.laguiadepamplona.com\/actualidad\/#organization"},"potentialAction":[{"@type":"SearchAction","target":{"@type":"EntryPoint","urlTemplate":"https:\/\/www.laguiadepamplona.com\/actualidad\/?s={search_term_string}"},"query-input":{"@type":"PropertyValueSpecification","valueRequired":true,"valueName":"search_term_string"}}],"inLanguage":"es"},{"@type":"Organization","@id":"https:\/\/www.laguiadepamplona.com\/actualidad\/#organization","name":"La Gu\u00eda de Pamplona \/ Noticias","url":"https:\/\/www.laguiadepamplona.com\/actualidad\/","logo":{"@type":"ImageObject","inLanguage":"es","@id":"https:\/\/www.laguiadepamplona.com\/actualidad\/#\/schema\/logo\/image\/","url":"https:\/\/www.laguiadepamplona.com\/actualidad\/wp-content\/uploads\/2018\/11\/logo-laguiadepamplona18-web1.png","contentUrl":"https:\/\/www.laguiadepamplona.com\/actualidad\/wp-content\/uploads\/2018\/11\/logo-laguiadepamplona18-web1.png","width":600,"height":196,"caption":"La Gu\u00eda de Pamplona \/ Noticias"},"image":{"@id":"https:\/\/www.laguiadepamplona.com\/actualidad\/#\/schema\/logo\/image\/"},"sameAs":["https:\/\/www.facebook.com\/laguiadepamplonacom-133175176762273\/?ref=hl","https:\/\/x.com\/LaGuiadPamplona","https:\/\/www.instagram.com\/la_guia_de_pamplona\/","https:\/\/www.youtube.com\/user\/laguiadepamplona"]},{"@type":"Person","@id":"https:\/\/www.laguiadepamplona.com\/actualidad\/#\/schema\/person\/efe887376f0213d4657c93adc50b1fdb","name":"La Gu\u00eda de Pamplona","image":{"@type":"ImageObject","inLanguage":"es","@id":"https:\/\/secure.gravatar.com\/avatar\/b6992f131dc8d30ab0dff15446e9d346d9dbd95992de0fef795073f5ea83a81c?s=96&d=mm&r=g","url":"https:\/\/secure.gravatar.com\/avatar\/b6992f131dc8d30ab0dff15446e9d346d9dbd95992de0fef795073f5ea83a81c?s=96&d=mm&r=g","contentUrl":"https:\/\/secure.gravatar.com\/avatar\/b6992f131dc8d30ab0dff15446e9d346d9dbd95992de0fef795073f5ea83a81c?s=96&d=mm&r=g","caption":"La Gu\u00eda de Pamplona"}}]}},"post_mailing_queue_ids":[],"_links":{"self":[{"href":"https:\/\/www.laguiadepamplona.com\/actualidad\/wp-json\/wp\/v2\/posts\/36467","targetHints":{"allow":["GET"]}}],"collection":[{"href":"https:\/\/www.laguiadepamplona.com\/actualidad\/wp-json\/wp\/v2\/posts"}],"about":[{"href":"https:\/\/www.laguiadepamplona.com\/actualidad\/wp-json\/wp\/v2\/types\/post"}],"author":[{"embeddable":true,"href":"https:\/\/www.laguiadepamplona.com\/actualidad\/wp-json\/wp\/v2\/users\/1"}],"replies":[{"embeddable":true,"href":"https:\/\/www.laguiadepamplona.com\/actualidad\/wp-json\/wp\/v2\/comments?post=36467"}],"version-history":[{"count":0,"href":"https:\/\/www.laguiadepamplona.com\/actualidad\/wp-json\/wp\/v2\/posts\/36467\/revisions"}],"wp:featuredmedia":[{"embeddable":true,"href":"https:\/\/www.laguiadepamplona.com\/actualidad\/wp-json\/wp\/v2\/media\/36469"}],"wp:attachment":[{"href":"https:\/\/www.laguiadepamplona.com\/actualidad\/wp-json\/wp\/v2\/media?parent=36467"}],"wp:term":[{"taxonomy":"category","embeddable":true,"href":"https:\/\/www.laguiadepamplona.com\/actualidad\/wp-json\/wp\/v2\/categories?post=36467"},{"taxonomy":"post_tag","embeddable":true,"href":"https:\/\/www.laguiadepamplona.com\/actualidad\/wp-json\/wp\/v2\/tags?post=36467"}],"curies":[{"name":"wp","href":"https:\/\/api.w.org\/{rel}","templated":true}]}}