{"id":36459,"date":"2021-09-16T16:36:13","date_gmt":"2021-09-16T14:36:13","guid":{"rendered":"https:\/\/www.laguiadepamplona.com\/actualidad\/?p=36459"},"modified":"2023-04-11T11:49:01","modified_gmt":"2023-04-11T09:49:01","slug":"las-tardes-de-txistu-y-gaita-afrontan-sus-ultimas-sesiones-con-musica-desde-el-quiosco-de-la-plaza-del-castillo-martes-y-jueves-de-18-30-a-20-30-horas","status":"publish","type":"post","link":"https:\/\/www.laguiadepamplona.com\/actualidad\/las-tardes-de-txistu-y-gaita-afrontan-sus-ultimas-sesiones-con-musica-desde-el-quiosco-de-la-plaza-del-castillo-martes-y-jueves-de-18-30-a-20-30-horas\/","title":{"rendered":"Las tardes de txistu y gaita afrontan sus \u00faltimas sesiones, con m\u00fasica desde el quiosco de la Plaza del Castillo martes y jueves de 18.30 a 20.30 horas"},"content":{"rendered":"<h5>Las tres sesiones que quedan, esta tarde el 21 y el 23, pondr\u00e1n punto y final a la m\u00fasica gratuita de la programaci\u00f3n veraniega de este a\u00f1o<\/h5>\n<p><!--more--><\/p>\n<p>Con el final de las vacaciones y la llegada del curso escolar, la programaci\u00f3n cultural que el Ayuntamiento de Pamplona ha preparado para este verano va a afrontando sus \u00faltimas citas. Es el caso de las tardes de txistu y gaita que, desde el pasado 15 de junio y hasta el 23 de septiembre, con el par\u00e9ntesis de julio y de la primera quincena de agosto, han amenizado el calor vespertino estival a ritmo de m\u00fasica tradicional.<\/p>\n<p><script async src=\"\/\/pagead2.googlesyndication.com\/pagead\/js\/adsbygoogle.js\"><\/script><br \/>\n<!-- Noticias La Guia de Pamplona --><br \/>\n<ins class=\"adsbygoogle\"\nstyle=\"display:block\"\ndata-ad-client=\"ca-pub-6943679897239327\"\ndata-ad-slot=\"7048180777\"\ndata-ad-format=\"auto\"><\/ins><br \/>\n<script>\n(adsbygoogle = window.adsbygoogle || []).push({});\n<\/script><\/p>\n<p>En las 18 sesiones previstas para este verano la m\u00fasica ha sido protagonista, con diferentes estilos y melod\u00edas. Se han escuchado pasodobles, polcas, zortzikos, porrusaldas o pasacalles que en estos tiempos de pandemia han evocado la tradici\u00f3n y los recuerdos de otros a\u00f1os sin restricciones para bailar, reunirse, acercarse o, simplemente, disfrutar. Menos de dos semanas faltan para que se terminen estas tardes de txistu y gaita. Lo har\u00e1n el jueves 23 de septiembre, pero hasta entonces habr\u00e1 citas esta tarde y el martes 21 de septiembre, en horario de 18.30 a 20.30 horas, para concluir cuando est\u00e9 ya anocheciendo.<\/p>\n<p>Las asociaciones Banda de Txistularis de Pamplona \u2013 Iru\u00f1eko Txistulari Taldea y Banda de Gaiteros de Pamplona \u2013 Iru\u00f1eko Gaiteroak son las encargadas con sus m\u00fasicos de interpretar las piezas desde el quiosco de la Plaza del Castillo. Estas tardes estivales de txistu y gaita se enmarcan en los contratos que ambas asociaciones tienen con el Ayuntamiento de Pamplona. Junto al acompa\u00f1amiento en celebraciones institucionales, el contrato incluye otras citas como dianas y otras tradicionales relacionadas con fiestas patronales o con la presencia en recepciones y actos oficiales.<\/p>\n","protected":false},"excerpt":{"rendered":"<p>Las tres sesiones que quedan, esta tarde el 21 y el 23, pondr\u00e1n punto y final a la m\u00fasica gratuita de la programaci\u00f3n veraniega de este a\u00f1o<\/p>\n","protected":false},"author":1,"featured_media":36215,"comment_status":"open","ping_status":"closed","sticky":false,"template":"","format":"standard","meta":{"footnotes":""},"categories":[2],"tags":[],"class_list":["post-36459","post","type-post","status-publish","format-standard","has-post-thumbnail","hentry","category-ayuntamiento-pamplona"],"yoast_head":"<!-- This site is optimized with the Yoast SEO plugin v27.5 - https:\/\/yoast.com\/product\/yoast-seo-wordpress\/ -->\n<title>Las tardes de txistu y gaita afrontan sus \u00faltimas sesiones, con m\u00fasica desde el quiosco de la Plaza del Castillo martes y jueves de 18.30 a 20.30 horas<\/title>\n<meta name=\"description\" content=\"Las tres sesiones que quedan, esta tarde el 21 y el 23, pondr\u00e1n punto y final a la m\u00fasica gratuita de la programaci\u00f3n veraniega de este a\u00f1o\" \/>\n<meta name=\"robots\" content=\"index, follow, max-snippet:-1, max-image-preview:large, max-video-preview:-1\" \/>\n<link rel=\"canonical\" href=\"https:\/\/www.laguiadepamplona.com\/actualidad\/las-tardes-de-txistu-y-gaita-afrontan-sus-ultimas-sesiones-con-musica-desde-el-quiosco-de-la-plaza-del-castillo-martes-y-jueves-de-18-30-a-20-30-horas\/\" \/>\n<meta property=\"og:locale\" content=\"es_ES\" \/>\n<meta property=\"og:type\" content=\"article\" \/>\n<meta property=\"og:title\" content=\"Las tardes de txistu y gaita afrontan sus \u00faltimas sesiones, con m\u00fasica desde el quiosco de la Plaza del Castillo martes y jueves de 18.30 a 20.30 horas\" \/>\n<meta property=\"og:description\" content=\"Las tres sesiones que quedan, esta tarde el 21 y el 23, pondr\u00e1n punto y final a la m\u00fasica gratuita de la programaci\u00f3n veraniega de este a\u00f1o\" \/>\n<meta property=\"og:url\" content=\"https:\/\/www.laguiadepamplona.com\/actualidad\/las-tardes-de-txistu-y-gaita-afrontan-sus-ultimas-sesiones-con-musica-desde-el-quiosco-de-la-plaza-del-castillo-martes-y-jueves-de-18-30-a-20-30-horas\/\" \/>\n<meta property=\"og:site_name\" content=\"La Gu\u00eda de Pamplona\" \/>\n<meta property=\"article:publisher\" content=\"https:\/\/www.facebook.com\/laguiadepamplonacom-133175176762273\/?ref=hl\" \/>\n<meta property=\"article:published_time\" content=\"2021-09-16T14:36:13+00:00\" \/>\n<meta property=\"article:modified_time\" content=\"2023-04-11T09:49:01+00:00\" \/>\n<meta property=\"og:image\" content=\"https:\/\/www.laguiadepamplona.com\/actualidad\/wp-content\/uploads\/2021\/08\/BAILABLES-PLZA-CASTILLO_EE5A8979.jpg\" \/>\n\t<meta property=\"og:image:width\" content=\"1920\" \/>\n\t<meta property=\"og:image:height\" content=\"1280\" \/>\n\t<meta property=\"og:image:type\" content=\"image\/jpeg\" \/>\n<meta name=\"author\" content=\"La Gu\u00eda de Pamplona\" \/>\n<meta name=\"twitter:card\" content=\"summary_large_image\" \/>\n<meta name=\"twitter:creator\" content=\"@LaGuiadPamplona\" \/>\n<meta name=\"twitter:site\" content=\"@LaGuiadPamplona\" \/>\n<meta name=\"twitter:label1\" content=\"Escrito por\" \/>\n\t<meta name=\"twitter:data1\" content=\"La Gu\u00eda de Pamplona\" \/>\n\t<meta name=\"twitter:label2\" content=\"Tiempo de lectura\" \/>\n\t<meta name=\"twitter:data2\" content=\"2 minutos\" \/>\n<script type=\"application\/ld+json\" class=\"yoast-schema-graph\">{\"@context\":\"https:\\\/\\\/schema.org\",\"@graph\":[{\"@type\":\"Article\",\"@id\":\"https:\\\/\\\/www.laguiadepamplona.com\\\/actualidad\\\/las-tardes-de-txistu-y-gaita-afrontan-sus-ultimas-sesiones-con-musica-desde-el-quiosco-de-la-plaza-del-castillo-martes-y-jueves-de-18-30-a-20-30-horas\\\/#article\",\"isPartOf\":{\"@id\":\"https:\\\/\\\/www.laguiadepamplona.com\\\/actualidad\\\/las-tardes-de-txistu-y-gaita-afrontan-sus-ultimas-sesiones-con-musica-desde-el-quiosco-de-la-plaza-del-castillo-martes-y-jueves-de-18-30-a-20-30-horas\\\/\"},\"author\":{\"name\":\"La Gu\u00eda de Pamplona\",\"@id\":\"https:\\\/\\\/www.laguiadepamplona.com\\\/actualidad\\\/#\\\/schema\\\/person\\\/efe887376f0213d4657c93adc50b1fdb\"},\"headline\":\"Las tardes de txistu y gaita afrontan sus \u00faltimas sesiones, con m\u00fasica desde el quiosco de la Plaza del Castillo martes y jueves de 18.30 a 20.30 horas\",\"datePublished\":\"2021-09-16T14:36:13+00:00\",\"dateModified\":\"2023-04-11T09:49:01+00:00\",\"mainEntityOfPage\":{\"@id\":\"https:\\\/\\\/www.laguiadepamplona.com\\\/actualidad\\\/las-tardes-de-txistu-y-gaita-afrontan-sus-ultimas-sesiones-con-musica-desde-el-quiosco-de-la-plaza-del-castillo-martes-y-jueves-de-18-30-a-20-30-horas\\\/\"},\"wordCount\":324,\"commentCount\":0,\"publisher\":{\"@id\":\"https:\\\/\\\/www.laguiadepamplona.com\\\/actualidad\\\/#organization\"},\"image\":{\"@id\":\"https:\\\/\\\/www.laguiadepamplona.com\\\/actualidad\\\/las-tardes-de-txistu-y-gaita-afrontan-sus-ultimas-sesiones-con-musica-desde-el-quiosco-de-la-plaza-del-castillo-martes-y-jueves-de-18-30-a-20-30-horas\\\/#primaryimage\"},\"thumbnailUrl\":\"https:\\\/\\\/www.laguiadepamplona.com\\\/actualidad\\\/wp-content\\\/uploads\\\/2021\\\/08\\\/BAILABLES-PLZA-CASTILLO_EE5A8979.jpg\",\"articleSection\":[\"Ayto Pamplona\"],\"inLanguage\":\"es\",\"potentialAction\":[{\"@type\":\"CommentAction\",\"name\":\"Comment\",\"target\":[\"https:\\\/\\\/www.laguiadepamplona.com\\\/actualidad\\\/las-tardes-de-txistu-y-gaita-afrontan-sus-ultimas-sesiones-con-musica-desde-el-quiosco-de-la-plaza-del-castillo-martes-y-jueves-de-18-30-a-20-30-horas\\\/#respond\"]}]},{\"@type\":\"WebPage\",\"@id\":\"https:\\\/\\\/www.laguiadepamplona.com\\\/actualidad\\\/las-tardes-de-txistu-y-gaita-afrontan-sus-ultimas-sesiones-con-musica-desde-el-quiosco-de-la-plaza-del-castillo-martes-y-jueves-de-18-30-a-20-30-horas\\\/\",\"url\":\"https:\\\/\\\/www.laguiadepamplona.com\\\/actualidad\\\/las-tardes-de-txistu-y-gaita-afrontan-sus-ultimas-sesiones-con-musica-desde-el-quiosco-de-la-plaza-del-castillo-martes-y-jueves-de-18-30-a-20-30-horas\\\/\",\"name\":\"Las tardes de txistu y gaita afrontan sus \u00faltimas sesiones, con m\u00fasica desde el quiosco de la Plaza del Castillo martes y jueves de 18.30 a 20.30 horas\",\"isPartOf\":{\"@id\":\"https:\\\/\\\/www.laguiadepamplona.com\\\/actualidad\\\/#website\"},\"primaryImageOfPage\":{\"@id\":\"https:\\\/\\\/www.laguiadepamplona.com\\\/actualidad\\\/las-tardes-de-txistu-y-gaita-afrontan-sus-ultimas-sesiones-con-musica-desde-el-quiosco-de-la-plaza-del-castillo-martes-y-jueves-de-18-30-a-20-30-horas\\\/#primaryimage\"},\"image\":{\"@id\":\"https:\\\/\\\/www.laguiadepamplona.com\\\/actualidad\\\/las-tardes-de-txistu-y-gaita-afrontan-sus-ultimas-sesiones-con-musica-desde-el-quiosco-de-la-plaza-del-castillo-martes-y-jueves-de-18-30-a-20-30-horas\\\/#primaryimage\"},\"thumbnailUrl\":\"https:\\\/\\\/www.laguiadepamplona.com\\\/actualidad\\\/wp-content\\\/uploads\\\/2021\\\/08\\\/BAILABLES-PLZA-CASTILLO_EE5A8979.jpg\",\"datePublished\":\"2021-09-16T14:36:13+00:00\",\"dateModified\":\"2023-04-11T09:49:01+00:00\",\"description\":\"Las tres sesiones que quedan, esta tarde el 21 y el 23, pondr\u00e1n punto y final a la m\u00fasica gratuita de la programaci\u00f3n veraniega de este a\u00f1o\",\"breadcrumb\":{\"@id\":\"https:\\\/\\\/www.laguiadepamplona.com\\\/actualidad\\\/las-tardes-de-txistu-y-gaita-afrontan-sus-ultimas-sesiones-con-musica-desde-el-quiosco-de-la-plaza-del-castillo-martes-y-jueves-de-18-30-a-20-30-horas\\\/#breadcrumb\"},\"inLanguage\":\"es\",\"potentialAction\":[{\"@type\":\"ReadAction\",\"target\":[\"https:\\\/\\\/www.laguiadepamplona.com\\\/actualidad\\\/las-tardes-de-txistu-y-gaita-afrontan-sus-ultimas-sesiones-con-musica-desde-el-quiosco-de-la-plaza-del-castillo-martes-y-jueves-de-18-30-a-20-30-horas\\\/\"]}]},{\"@type\":\"ImageObject\",\"inLanguage\":\"es\",\"@id\":\"https:\\\/\\\/www.laguiadepamplona.com\\\/actualidad\\\/las-tardes-de-txistu-y-gaita-afrontan-sus-ultimas-sesiones-con-musica-desde-el-quiosco-de-la-plaza-del-castillo-martes-y-jueves-de-18-30-a-20-30-horas\\\/#primaryimage\",\"url\":\"https:\\\/\\\/www.laguiadepamplona.com\\\/actualidad\\\/wp-content\\\/uploads\\\/2021\\\/08\\\/BAILABLES-PLZA-CASTILLO_EE5A8979.jpg\",\"contentUrl\":\"https:\\\/\\\/www.laguiadepamplona.com\\\/actualidad\\\/wp-content\\\/uploads\\\/2021\\\/08\\\/BAILABLES-PLZA-CASTILLO_EE5A8979.jpg\",\"width\":1920,\"height\":1280,\"caption\":\"bailables\"},{\"@type\":\"BreadcrumbList\",\"@id\":\"https:\\\/\\\/www.laguiadepamplona.com\\\/actualidad\\\/las-tardes-de-txistu-y-gaita-afrontan-sus-ultimas-sesiones-con-musica-desde-el-quiosco-de-la-plaza-del-castillo-martes-y-jueves-de-18-30-a-20-30-horas\\\/#breadcrumb\",\"itemListElement\":[{\"@type\":\"ListItem\",\"position\":1,\"name\":\"Portada\",\"item\":\"https:\\\/\\\/www.laguiadepamplona.com\\\/actualidad\\\/\"},{\"@type\":\"ListItem\",\"position\":2,\"name\":\"Las tardes de txistu y gaita afrontan sus \u00faltimas sesiones, con m\u00fasica desde el quiosco de la Plaza del Castillo martes y jueves de 18.30 a 20.30 horas\"}]},{\"@type\":\"WebSite\",\"@id\":\"https:\\\/\\\/www.laguiadepamplona.com\\\/actualidad\\\/#website\",\"url\":\"https:\\\/\\\/www.laguiadepamplona.com\\\/actualidad\\\/\",\"name\":\"La gu\u00eda de Pamplona\",\"description\":\"Noticias de Pamplona\",\"publisher\":{\"@id\":\"https:\\\/\\\/www.laguiadepamplona.com\\\/actualidad\\\/#organization\"},\"potentialAction\":[{\"@type\":\"SearchAction\",\"target\":{\"@type\":\"EntryPoint\",\"urlTemplate\":\"https:\\\/\\\/www.laguiadepamplona.com\\\/actualidad\\\/?s={search_term_string}\"},\"query-input\":{\"@type\":\"PropertyValueSpecification\",\"valueRequired\":true,\"valueName\":\"search_term_string\"}}],\"inLanguage\":\"es\"},{\"@type\":\"Organization\",\"@id\":\"https:\\\/\\\/www.laguiadepamplona.com\\\/actualidad\\\/#organization\",\"name\":\"La Gu\u00eda de Pamplona \\\/ Noticias\",\"url\":\"https:\\\/\\\/www.laguiadepamplona.com\\\/actualidad\\\/\",\"logo\":{\"@type\":\"ImageObject\",\"inLanguage\":\"es\",\"@id\":\"https:\\\/\\\/www.laguiadepamplona.com\\\/actualidad\\\/#\\\/schema\\\/logo\\\/image\\\/\",\"url\":\"https:\\\/\\\/www.laguiadepamplona.com\\\/actualidad\\\/wp-content\\\/uploads\\\/2018\\\/11\\\/logo-laguiadepamplona18-web1.png\",\"contentUrl\":\"https:\\\/\\\/www.laguiadepamplona.com\\\/actualidad\\\/wp-content\\\/uploads\\\/2018\\\/11\\\/logo-laguiadepamplona18-web1.png\",\"width\":600,\"height\":196,\"caption\":\"La Gu\u00eda de Pamplona \\\/ Noticias\"},\"image\":{\"@id\":\"https:\\\/\\\/www.laguiadepamplona.com\\\/actualidad\\\/#\\\/schema\\\/logo\\\/image\\\/\"},\"sameAs\":[\"https:\\\/\\\/www.facebook.com\\\/laguiadepamplonacom-133175176762273\\\/?ref=hl\",\"https:\\\/\\\/x.com\\\/LaGuiadPamplona\",\"https:\\\/\\\/www.instagram.com\\\/la_guia_de_pamplona\\\/\",\"https:\\\/\\\/www.youtube.com\\\/user\\\/laguiadepamplona\"]},{\"@type\":\"Person\",\"@id\":\"https:\\\/\\\/www.laguiadepamplona.com\\\/actualidad\\\/#\\\/schema\\\/person\\\/efe887376f0213d4657c93adc50b1fdb\",\"name\":\"La Gu\u00eda de Pamplona\",\"image\":{\"@type\":\"ImageObject\",\"inLanguage\":\"es\",\"@id\":\"https:\\\/\\\/secure.gravatar.com\\\/avatar\\\/b6992f131dc8d30ab0dff15446e9d346d9dbd95992de0fef795073f5ea83a81c?s=96&d=mm&r=g\",\"url\":\"https:\\\/\\\/secure.gravatar.com\\\/avatar\\\/b6992f131dc8d30ab0dff15446e9d346d9dbd95992de0fef795073f5ea83a81c?s=96&d=mm&r=g\",\"contentUrl\":\"https:\\\/\\\/secure.gravatar.com\\\/avatar\\\/b6992f131dc8d30ab0dff15446e9d346d9dbd95992de0fef795073f5ea83a81c?s=96&d=mm&r=g\",\"caption\":\"La Gu\u00eda de Pamplona\"}}]}<\/script>\n<!-- \/ Yoast SEO plugin. -->","yoast_head_json":{"title":"Las tardes de txistu y gaita afrontan sus \u00faltimas sesiones, con m\u00fasica desde el quiosco de la Plaza del Castillo martes y jueves de 18.30 a 20.30 horas","description":"Las tres sesiones que quedan, esta tarde el 21 y el 23, pondr\u00e1n punto y final a la m\u00fasica gratuita de la programaci\u00f3n veraniega de este a\u00f1o","robots":{"index":"index","follow":"follow","max-snippet":"max-snippet:-1","max-image-preview":"max-image-preview:large","max-video-preview":"max-video-preview:-1"},"canonical":"https:\/\/www.laguiadepamplona.com\/actualidad\/las-tardes-de-txistu-y-gaita-afrontan-sus-ultimas-sesiones-con-musica-desde-el-quiosco-de-la-plaza-del-castillo-martes-y-jueves-de-18-30-a-20-30-horas\/","og_locale":"es_ES","og_type":"article","og_title":"Las tardes de txistu y gaita afrontan sus \u00faltimas sesiones, con m\u00fasica desde el quiosco de la Plaza del Castillo martes y jueves de 18.30 a 20.30 horas","og_description":"Las tres sesiones que quedan, esta tarde el 21 y el 23, pondr\u00e1n punto y final a la m\u00fasica gratuita de la programaci\u00f3n veraniega de este a\u00f1o","og_url":"https:\/\/www.laguiadepamplona.com\/actualidad\/las-tardes-de-txistu-y-gaita-afrontan-sus-ultimas-sesiones-con-musica-desde-el-quiosco-de-la-plaza-del-castillo-martes-y-jueves-de-18-30-a-20-30-horas\/","og_site_name":"La Gu\u00eda de Pamplona","article_publisher":"https:\/\/www.facebook.com\/laguiadepamplonacom-133175176762273\/?ref=hl","article_published_time":"2021-09-16T14:36:13+00:00","article_modified_time":"2023-04-11T09:49:01+00:00","og_image":[{"width":1920,"height":1280,"url":"https:\/\/www.laguiadepamplona.com\/actualidad\/wp-content\/uploads\/2021\/08\/BAILABLES-PLZA-CASTILLO_EE5A8979.jpg","type":"image\/jpeg"}],"author":"La Gu\u00eda de Pamplona","twitter_card":"summary_large_image","twitter_creator":"@LaGuiadPamplona","twitter_site":"@LaGuiadPamplona","twitter_misc":{"Escrito por":"La Gu\u00eda de Pamplona","Tiempo de lectura":"2 minutos"},"schema":{"@context":"https:\/\/schema.org","@graph":[{"@type":"Article","@id":"https:\/\/www.laguiadepamplona.com\/actualidad\/las-tardes-de-txistu-y-gaita-afrontan-sus-ultimas-sesiones-con-musica-desde-el-quiosco-de-la-plaza-del-castillo-martes-y-jueves-de-18-30-a-20-30-horas\/#article","isPartOf":{"@id":"https:\/\/www.laguiadepamplona.com\/actualidad\/las-tardes-de-txistu-y-gaita-afrontan-sus-ultimas-sesiones-con-musica-desde-el-quiosco-de-la-plaza-del-castillo-martes-y-jueves-de-18-30-a-20-30-horas\/"},"author":{"name":"La Gu\u00eda de Pamplona","@id":"https:\/\/www.laguiadepamplona.com\/actualidad\/#\/schema\/person\/efe887376f0213d4657c93adc50b1fdb"},"headline":"Las tardes de txistu y gaita afrontan sus \u00faltimas sesiones, con m\u00fasica desde el quiosco de la Plaza del Castillo martes y jueves de 18.30 a 20.30 horas","datePublished":"2021-09-16T14:36:13+00:00","dateModified":"2023-04-11T09:49:01+00:00","mainEntityOfPage":{"@id":"https:\/\/www.laguiadepamplona.com\/actualidad\/las-tardes-de-txistu-y-gaita-afrontan-sus-ultimas-sesiones-con-musica-desde-el-quiosco-de-la-plaza-del-castillo-martes-y-jueves-de-18-30-a-20-30-horas\/"},"wordCount":324,"commentCount":0,"publisher":{"@id":"https:\/\/www.laguiadepamplona.com\/actualidad\/#organization"},"image":{"@id":"https:\/\/www.laguiadepamplona.com\/actualidad\/las-tardes-de-txistu-y-gaita-afrontan-sus-ultimas-sesiones-con-musica-desde-el-quiosco-de-la-plaza-del-castillo-martes-y-jueves-de-18-30-a-20-30-horas\/#primaryimage"},"thumbnailUrl":"https:\/\/www.laguiadepamplona.com\/actualidad\/wp-content\/uploads\/2021\/08\/BAILABLES-PLZA-CASTILLO_EE5A8979.jpg","articleSection":["Ayto Pamplona"],"inLanguage":"es","potentialAction":[{"@type":"CommentAction","name":"Comment","target":["https:\/\/www.laguiadepamplona.com\/actualidad\/las-tardes-de-txistu-y-gaita-afrontan-sus-ultimas-sesiones-con-musica-desde-el-quiosco-de-la-plaza-del-castillo-martes-y-jueves-de-18-30-a-20-30-horas\/#respond"]}]},{"@type":"WebPage","@id":"https:\/\/www.laguiadepamplona.com\/actualidad\/las-tardes-de-txistu-y-gaita-afrontan-sus-ultimas-sesiones-con-musica-desde-el-quiosco-de-la-plaza-del-castillo-martes-y-jueves-de-18-30-a-20-30-horas\/","url":"https:\/\/www.laguiadepamplona.com\/actualidad\/las-tardes-de-txistu-y-gaita-afrontan-sus-ultimas-sesiones-con-musica-desde-el-quiosco-de-la-plaza-del-castillo-martes-y-jueves-de-18-30-a-20-30-horas\/","name":"Las tardes de txistu y gaita afrontan sus \u00faltimas sesiones, con m\u00fasica desde el quiosco de la Plaza del Castillo martes y jueves de 18.30 a 20.30 horas","isPartOf":{"@id":"https:\/\/www.laguiadepamplona.com\/actualidad\/#website"},"primaryImageOfPage":{"@id":"https:\/\/www.laguiadepamplona.com\/actualidad\/las-tardes-de-txistu-y-gaita-afrontan-sus-ultimas-sesiones-con-musica-desde-el-quiosco-de-la-plaza-del-castillo-martes-y-jueves-de-18-30-a-20-30-horas\/#primaryimage"},"image":{"@id":"https:\/\/www.laguiadepamplona.com\/actualidad\/las-tardes-de-txistu-y-gaita-afrontan-sus-ultimas-sesiones-con-musica-desde-el-quiosco-de-la-plaza-del-castillo-martes-y-jueves-de-18-30-a-20-30-horas\/#primaryimage"},"thumbnailUrl":"https:\/\/www.laguiadepamplona.com\/actualidad\/wp-content\/uploads\/2021\/08\/BAILABLES-PLZA-CASTILLO_EE5A8979.jpg","datePublished":"2021-09-16T14:36:13+00:00","dateModified":"2023-04-11T09:49:01+00:00","description":"Las tres sesiones que quedan, esta tarde el 21 y el 23, pondr\u00e1n punto y final a la m\u00fasica gratuita de la programaci\u00f3n veraniega de este a\u00f1o","breadcrumb":{"@id":"https:\/\/www.laguiadepamplona.com\/actualidad\/las-tardes-de-txistu-y-gaita-afrontan-sus-ultimas-sesiones-con-musica-desde-el-quiosco-de-la-plaza-del-castillo-martes-y-jueves-de-18-30-a-20-30-horas\/#breadcrumb"},"inLanguage":"es","potentialAction":[{"@type":"ReadAction","target":["https:\/\/www.laguiadepamplona.com\/actualidad\/las-tardes-de-txistu-y-gaita-afrontan-sus-ultimas-sesiones-con-musica-desde-el-quiosco-de-la-plaza-del-castillo-martes-y-jueves-de-18-30-a-20-30-horas\/"]}]},{"@type":"ImageObject","inLanguage":"es","@id":"https:\/\/www.laguiadepamplona.com\/actualidad\/las-tardes-de-txistu-y-gaita-afrontan-sus-ultimas-sesiones-con-musica-desde-el-quiosco-de-la-plaza-del-castillo-martes-y-jueves-de-18-30-a-20-30-horas\/#primaryimage","url":"https:\/\/www.laguiadepamplona.com\/actualidad\/wp-content\/uploads\/2021\/08\/BAILABLES-PLZA-CASTILLO_EE5A8979.jpg","contentUrl":"https:\/\/www.laguiadepamplona.com\/actualidad\/wp-content\/uploads\/2021\/08\/BAILABLES-PLZA-CASTILLO_EE5A8979.jpg","width":1920,"height":1280,"caption":"bailables"},{"@type":"BreadcrumbList","@id":"https:\/\/www.laguiadepamplona.com\/actualidad\/las-tardes-de-txistu-y-gaita-afrontan-sus-ultimas-sesiones-con-musica-desde-el-quiosco-de-la-plaza-del-castillo-martes-y-jueves-de-18-30-a-20-30-horas\/#breadcrumb","itemListElement":[{"@type":"ListItem","position":1,"name":"Portada","item":"https:\/\/www.laguiadepamplona.com\/actualidad\/"},{"@type":"ListItem","position":2,"name":"Las tardes de txistu y gaita afrontan sus \u00faltimas sesiones, con m\u00fasica desde el quiosco de la Plaza del Castillo martes y jueves de 18.30 a 20.30 horas"}]},{"@type":"WebSite","@id":"https:\/\/www.laguiadepamplona.com\/actualidad\/#website","url":"https:\/\/www.laguiadepamplona.com\/actualidad\/","name":"La gu\u00eda de Pamplona","description":"Noticias de Pamplona","publisher":{"@id":"https:\/\/www.laguiadepamplona.com\/actualidad\/#organization"},"potentialAction":[{"@type":"SearchAction","target":{"@type":"EntryPoint","urlTemplate":"https:\/\/www.laguiadepamplona.com\/actualidad\/?s={search_term_string}"},"query-input":{"@type":"PropertyValueSpecification","valueRequired":true,"valueName":"search_term_string"}}],"inLanguage":"es"},{"@type":"Organization","@id":"https:\/\/www.laguiadepamplona.com\/actualidad\/#organization","name":"La Gu\u00eda de Pamplona \/ Noticias","url":"https:\/\/www.laguiadepamplona.com\/actualidad\/","logo":{"@type":"ImageObject","inLanguage":"es","@id":"https:\/\/www.laguiadepamplona.com\/actualidad\/#\/schema\/logo\/image\/","url":"https:\/\/www.laguiadepamplona.com\/actualidad\/wp-content\/uploads\/2018\/11\/logo-laguiadepamplona18-web1.png","contentUrl":"https:\/\/www.laguiadepamplona.com\/actualidad\/wp-content\/uploads\/2018\/11\/logo-laguiadepamplona18-web1.png","width":600,"height":196,"caption":"La Gu\u00eda de Pamplona \/ Noticias"},"image":{"@id":"https:\/\/www.laguiadepamplona.com\/actualidad\/#\/schema\/logo\/image\/"},"sameAs":["https:\/\/www.facebook.com\/laguiadepamplonacom-133175176762273\/?ref=hl","https:\/\/x.com\/LaGuiadPamplona","https:\/\/www.instagram.com\/la_guia_de_pamplona\/","https:\/\/www.youtube.com\/user\/laguiadepamplona"]},{"@type":"Person","@id":"https:\/\/www.laguiadepamplona.com\/actualidad\/#\/schema\/person\/efe887376f0213d4657c93adc50b1fdb","name":"La Gu\u00eda de Pamplona","image":{"@type":"ImageObject","inLanguage":"es","@id":"https:\/\/secure.gravatar.com\/avatar\/b6992f131dc8d30ab0dff15446e9d346d9dbd95992de0fef795073f5ea83a81c?s=96&d=mm&r=g","url":"https:\/\/secure.gravatar.com\/avatar\/b6992f131dc8d30ab0dff15446e9d346d9dbd95992de0fef795073f5ea83a81c?s=96&d=mm&r=g","contentUrl":"https:\/\/secure.gravatar.com\/avatar\/b6992f131dc8d30ab0dff15446e9d346d9dbd95992de0fef795073f5ea83a81c?s=96&d=mm&r=g","caption":"La Gu\u00eda de Pamplona"}}]}},"post_mailing_queue_ids":[],"_links":{"self":[{"href":"https:\/\/www.laguiadepamplona.com\/actualidad\/wp-json\/wp\/v2\/posts\/36459","targetHints":{"allow":["GET"]}}],"collection":[{"href":"https:\/\/www.laguiadepamplona.com\/actualidad\/wp-json\/wp\/v2\/posts"}],"about":[{"href":"https:\/\/www.laguiadepamplona.com\/actualidad\/wp-json\/wp\/v2\/types\/post"}],"author":[{"embeddable":true,"href":"https:\/\/www.laguiadepamplona.com\/actualidad\/wp-json\/wp\/v2\/users\/1"}],"replies":[{"embeddable":true,"href":"https:\/\/www.laguiadepamplona.com\/actualidad\/wp-json\/wp\/v2\/comments?post=36459"}],"version-history":[{"count":0,"href":"https:\/\/www.laguiadepamplona.com\/actualidad\/wp-json\/wp\/v2\/posts\/36459\/revisions"}],"wp:featuredmedia":[{"embeddable":true,"href":"https:\/\/www.laguiadepamplona.com\/actualidad\/wp-json\/wp\/v2\/media\/36215"}],"wp:attachment":[{"href":"https:\/\/www.laguiadepamplona.com\/actualidad\/wp-json\/wp\/v2\/media?parent=36459"}],"wp:term":[{"taxonomy":"category","embeddable":true,"href":"https:\/\/www.laguiadepamplona.com\/actualidad\/wp-json\/wp\/v2\/categories?post=36459"},{"taxonomy":"post_tag","embeddable":true,"href":"https:\/\/www.laguiadepamplona.com\/actualidad\/wp-json\/wp\/v2\/tags?post=36459"}],"curies":[{"name":"wp","href":"https:\/\/api.w.org\/{rel}","templated":true}]}}