{"id":36434,"date":"2021-09-15T12:35:16","date_gmt":"2021-09-15T10:35:16","guid":{"rendered":"https:\/\/www.laguiadepamplona.com\/actualidad\/?p=36434"},"modified":"2023-04-11T11:49:01","modified_gmt":"2023-04-11T09:49:01","slug":"pamplona-celebra-la-semana-europa-de-la-movilidad-del-16-al-22-de-septiembre-con-una-quincena-de-actividades-bajo-el-lema-por-tu-salud-muevete-de-forma-sostenible","status":"publish","type":"post","link":"https:\/\/www.laguiadepamplona.com\/actualidad\/pamplona-celebra-la-semana-europa-de-la-movilidad-del-16-al-22-de-septiembre-con-una-quincena-de-actividades-bajo-el-lema-por-tu-salud-muevete-de-forma-sostenible\/","title":{"rendered":"Pamplona celebra la Semana Europa de la Movilidad del 16 al 22 de septiembre con una quincena de actividades bajo el lema \u2018Por tu Salud, Mu\u00e9vete de forma Sostenible\u2019"},"content":{"rendered":"<h5>Habr\u00e1 bici-rutas y paseos ambientales, jornadas de movilidad el\u00e9ctrica y caminos escolares saludables y seguros, bicicletada infantil o biciescuela<\/h5>\n<p><!--more--><\/p>\n<p>\u2018Por tu Salud, Mu\u00e9vete de forma Sostenible\u2019 es el lema de la Semana Europea de la Movilidad que se celebra desde ma\u00f1ana hasta el pr\u00f3ximo 22 de septiembre. Pamplona ha preparado un programa de actividades, todas gratuitas y la gran mayor\u00eda al aire libre, que incluye cursos de biciescuela, paseos ambientales a pie, bici-rutas por parques y jardines, muestra de veh\u00edculos el\u00e9ctrico, animaci\u00f3n de calle en la Plaza del Castillo o una bicicletada infantil con cerca de mil escolares participantes.<\/p>\n<p>Los civivox Condestable e Iturrama acoger\u00e1n dos jornadas, ma\u00f1ana jueves y el viernes, respectivamente, sobre movilidad activa y salud infantil y sobre movilidad el\u00e9ctrica. En la primera de ellas, de 12 a 14.30 horas, se presentar\u00e1n buenas pr\u00e1cticas de movilidad activa y se iniciar\u00e1 la creaci\u00f3n de una Red de Centros con Caminos Escolares Saludables y Seguros en Pamplona. El viernes en Iturrama, de 12 a 14 horas, se reflexionar\u00e1 sobre la relaci\u00f3n entre la electrificaci\u00f3n del transporte y el objetivo que quiere alcanzar Pamplona con la neutralidad en carbono en 2050.<\/p>\n<p>Ma\u00f1ana jueves por la tarde comienzan tambi\u00e9n los paseos ambientales, en esta ocasi\u00f3n, a pie y a los huertos urbanos de Rochapea, Aranzadi y Txantrea. La visita tendr\u00e1 lugar de 17.30 a 19.30 horas y estar\u00e1 guiada por las asociaciones Mendialdea \u2013 Bartzapea y Krispilak, que gestionan algunos de esos huertos. El punto de encuentro ser\u00e1 la calle Cruz de Barcacio, junto a la puerta principal de la UDC Rochapea.<\/p>\n<p>La Casa de la Juventud se une tambi\u00e9n a esta Semana Europea de la Movilidad con un taller el viernes a las 19 horas, a cargo de la asociaci\u00f3n APERNA para aprender a transforma una bici en una bicicleta el\u00e9ctrica gracias a un kit con elementos b\u00e1sicos. Adem\u00e1s, se ver\u00e1n cu\u00e1les son y c\u00f3mo funcionan los componentes relevantes de un transporte el\u00e9ctrico. Este taller requiere de inscripci\u00f3n previa en la propia Casa de la Juventud o en el tel\u00e9fono 948 23 35 12.<\/p>\n<p><script async src=\"\/\/pagead2.googlesyndication.com\/pagead\/js\/adsbygoogle.js\"><\/script><br \/>\n<!-- Noticias La Guia de Pamplona --><br \/>\n<ins class=\"adsbygoogle\"\nstyle=\"display:block\"\ndata-ad-client=\"ca-pub-6943679897239327\"\ndata-ad-slot=\"7048180777\"\ndata-ad-format=\"auto\"><\/ins><br \/>\n<script>\n(adsbygoogle = window.adsbygoogle || []).push({});\n<\/script><\/p>\n<p><strong>Fin de semana de movilidad sostenible<\/strong><\/p>\n<p>El s\u00e1bado y el domingo se instalar\u00e1 en la Plaza del Castillo una caseta informativa, destinada a fomentar la movilidad activa y la buena convivencia en el espacio p\u00fablico. Adem\u00e1s, habr\u00e1 animaci\u00f3n de calle bajo el t\u00edtulo \u2018Vigilantes de la plaza\u2019, a cargo de los actores Sergio de Andr\u00e9s y Estefan\u00eda de Paz As\u00edn, que escenificar\u00e1n distintas situaciones en las que, con humor, pondr\u00e1n de manifiesto la importancia de la salud y la buena convivencia en el espacio p\u00fablico, acompa\u00f1ados por Reimy, que pondr\u00e1 la m\u00fasica montado en un triciclo sonorizado. Las actividades est\u00e1n dirigidas a todo tipo de p\u00fablico y se desarrollar\u00e1n en horario de 11 a 14 horas por la ma\u00f1ana y de 17 a 20 horas el s\u00e1bado, y el domingo solo de ma\u00f1ana, tambi\u00e9n de 11 a 14 horas. En ese mismo horario, en la misma Plaza del Castillo y con la ayuda de Ciclos Mart\u00edn, se realizar\u00e1n chequeos preventivos y gratuitos de bicicletas.<\/p>\n<p>El s\u00e1bado y el domingo, del 10 a 12.30 horas habr\u00e1 tambi\u00e9n paseos guiadas en bicicleta por la red ciclable de Pamplona con salida y llegada en la Plaza del Castillo. Los paseos contar\u00e1n como gu\u00eda con Jes\u00fas Sukunza, de la Asociaci\u00f3n AMTS (Medios de Transporte Saludables), quien impartir\u00e1 adem\u00e1s nociones b\u00e1sicas de circulaci\u00f3n urbana. El s\u00e1bado se recorrer\u00e1 la zona norte por los barrios de Casco Antiguo, Txantrea, Rochapea, San Jorge y Buztintxuri; y el domingo, la zona sur por Ensanche, San Juan, Mendebaldea, Iturrama y Lezkairu. Estos paseos requieren inscripci\u00f3n previa en el tel\u00e9fono 010.<\/p>\n<p>La movilidad el\u00e9ctrica tendr\u00e1 su espacio en el paseo Prem\u00edn de Iru\u00f1a con una muestra de veh\u00edculos el\u00e9ctricos y de la red de puntos de recarga. La Asociaci\u00f3n de Usuarios de Veh\u00edculos El\u00e9ctricos (AUVE), y diferentes concesionarios mostrar\u00e1n las novedades en veh\u00edculos cien por cien el\u00e9ctricos y la empresa Vilalta, concesionaria de diecis\u00e9is puntos de recarga en Pamplona, explicar\u00e1 la operativa del servicio y har\u00e1 demostraciones de recarga. Todas las personas participantes atender\u00e1n las consultas del p\u00fablico interesado. Esta actividad se desarrollar\u00e1 el s\u00e1bado de 11 a 14 horas.<\/p>\n<p><script async src=\"\/\/pagead2.googlesyndication.com\/pagead\/js\/adsbygoogle.js\"><\/script><br \/>\n<!-- Noticias La Guia de Pamplona --><br \/>\n<ins class=\"adsbygoogle\"\nstyle=\"display:block\"\ndata-ad-client=\"ca-pub-6943679897239327\"\ndata-ad-slot=\"7048180777\"\ndata-ad-format=\"auto\"><\/ins><br \/>\n<script>\n(adsbygoogle = window.adsbygoogle || []).push({});\n<\/script><\/p>\n<p><strong>Bici-rutas ambientales y cerca de mil participantes en la bicicletada infantil<\/strong><\/p>\n<p>Para la semana que viene se han organizado tres bici-rutas ambientales por parques y jardines de la ciudad o por huertos urbanos como el de Etxabakoitz. Ser\u00e1n por la tarde, de 17.30 a 19.30 horas, y no requieren inscripci\u00f3n previa. Cada una de ellas estar\u00e1 guiada por expertos en biolog\u00eda, ornitolog\u00eda o agronom\u00eda.<\/p>\n<p>El lunes se saldr\u00e1 del parque del Mundo para recorrer tambi\u00e9n Aranzadi, el parque del Runa y Trinitarios, de la mano del bi\u00f3logo y ornit\u00f3logo, Gabriel Berasategui, para conocer la flora y fauna de esos espacios. El martes, con el mismo gu\u00eda y el mismo objetivo, se saldr\u00e1 desde el Planetario para transitar en bicicleta por el parque de Yamaguchi, el campus de la Universidad de Navarra y el campus de la UPNA. El mi\u00e9rcoles la visita se centrar\u00e1 en el huerto urbano de Etxabakoitz y en la finca de pr\u00e1cticas de la UPNA. Se partir\u00e1 desde la plaza Julio Altadill, con la compa\u00f1\u00eda de la asociaci\u00f3n Ermitaldea y el agr\u00f3nomo de la UPNA Natxo Irigoien.<\/p>\n<p>El mi\u00e9rcoles 22, D\u00eda Europeo Sin Coches, tendr\u00e1 lugar una bicicletada infantil, de 9 a 14 horas, como jornada de celebraci\u00f3n del programa \u2018La Bicicleta en la Escuela\u2019. Alumnado participante en este programa realizar\u00e1 una marcha ciclista conjunta que partir\u00e1 desde cada centro educativo hasta llegar a la Ciudadela, punto de encuentro para todos los ni\u00f1os y ni\u00f1as que vayan en bici. Se espera la participaci\u00f3n de cerca de mil escolares de diferentes colegios de Pamplona y edades comprendidas entre los 10 y los 14 a\u00f1os., que ir\u00e1n acompa\u00f1ados del profesorado, de personal t\u00e9cnico del programa de biciescuela y con apoyo de Polic\u00eda Municipal.<\/p>\n<p><script async src=\"\/\/pagead2.googlesyndication.com\/pagead\/js\/adsbygoogle.js\"><\/script><br \/>\n<!-- Noticias La Guia de Pamplona --><br \/>\n<ins class=\"adsbygoogle\"\nstyle=\"display:block\"\ndata-ad-client=\"ca-pub-6943679897239327\"\ndata-ad-slot=\"7048180777\"\ndata-ad-format=\"auto\"><\/ins><br \/>\n<script>\n(adsbygoogle = window.adsbygoogle || []).push({});\n<\/script><\/p>\n<p><strong>Biciescuelas para personas adultas<\/strong><\/p>\n<p>Enmarcadas en esta Semana Europea de la Movilidad, se desarrollan los cursos de biciescuelas. Ma\u00f1ana jueves concluye la primera tanda que, desde el lunes 13, ha contado con tres grupos en el nivel de iniciaci\u00f3n para quienes quieren aprender a montar en bici y otros tres en el nivel de habilidad para quienes ya saben montar en bici, pero quieren seguir profundizando. Las clases se han impartido en el Museo de Educaci\u00f3n Ambiental y en espacios exteriores cercanos<\/p>\n<p>Sigue abierta la inscripci\u00f3n para las sesiones de la biciescuela de la semana que viene, entre el lunes 20 y el jueves 23. Se ha establecido un grupo para el nivel de iniciaci\u00f3n, un grupo para el nivel de habilidad y se abre un tercer nivel, de circulaci\u00f3n, para seguir aumentando los conocimientos y la pr\u00e1ctica de montar en bici. Todas las sesiones se llevar\u00e1n a cabo en horario de ma\u00f1ana, tambi\u00e9n en el Museo de Educaci\u00f3n Ambiental. Las inscripciones se deben realizar en el tel\u00e9fono 010.<\/p>\n<p><script async src=\"\/\/pagead2.googlesyndication.com\/pagead\/js\/adsbygoogle.js\"><\/script><br \/>\n<!-- Noticias La Guia de Pamplona --><br \/>\n<ins class=\"adsbygoogle\"\nstyle=\"display:block\"\ndata-ad-client=\"ca-pub-6943679897239327\"\ndata-ad-slot=\"7048180777\"\ndata-ad-format=\"auto\"><\/ins><br \/>\n<script>\n(adsbygoogle = window.adsbygoogle || []).push({});\n<\/script><\/p>\n<p><strong>Premio del Ministerio de Transici\u00f3n Ecol\u00f3gica<\/strong><\/p>\n<p>El Ayuntamiento de Pamplona ha sido reconocido por el impulso a la bicicleta como medio de transporte cotidiano, saludable y no contaminante y, concretamente por la implantaci\u00f3n de una Red de Aparcamientos P\u00fablicos para Bicicletas, dentro del conjunto de medidas integradas que pone en pr\u00e1ctica para favorecer la movilidad ciclista (mejora y ampliaci\u00f3n de la red ciclable, mejora de la dotaci\u00f3n de aparcamientos y formaci\u00f3n continuada).<\/p>\n<p>Este premio lo concede el Ministerio de Transici\u00f3n Ecol\u00f3gica por ese impulso a la movilidad ciclista entre septiembre de 2019 y septiembre de 2020. Esta SEM2021 se conceder\u00e1n los premios acumulados del a\u00f1o pasado y de este a\u00f1o, por las \u2018medidas permanentes\u2019 que, adem\u00e1s de las que suponen los actos de celebraci\u00f3n de estos d\u00edas, son las que quedan implantadas en la ciudad y suponen un paso m\u00e1s en la transformaci\u00f3n urbana hacia la sostenibilidad del transporte y la movilidad.<\/p>\n<p>Pamplona est\u00e1 liderando este cambio en consonancia con los objetivos de reducci\u00f3n de emisiones de CO<sub>2<\/sub> que establece su estrategia \u2018Go Green Pamplona\u2019 de transici\u00f3n energ\u00e9tica y cambio clim\u00e1tico.<\/p>\n","protected":false},"excerpt":{"rendered":"<p>Habr\u00e1 bici-rutas y paseos ambientales, jornadas de movilidad el\u00e9ctrica y caminos escolares saludables y seguros, bicicletada infantil o biciescuela<\/p>\n","protected":false},"author":1,"featured_media":36435,"comment_status":"open","ping_status":"closed","sticky":false,"template":"","format":"standard","meta":{"footnotes":""},"categories":[2],"tags":[],"class_list":["post-36434","post","type-post","status-publish","format-standard","has-post-thumbnail","hentry","category-ayuntamiento-pamplona"],"yoast_head":"<!-- This site is optimized with the Yoast SEO plugin v27.5 - https:\/\/yoast.com\/product\/yoast-seo-wordpress\/ -->\n<title>Pamplona celebra la Semana Europa de la Movilidad del 16 al 22 de septiembre con una quincena de actividades bajo el lema \u2018Por tu Salud, Mu\u00e9vete de forma Sostenible\u2019<\/title>\n<meta name=\"description\" content=\"Habr\u00e1 bici-rutas y paseos ambientales, jornadas de movilidad el\u00e9ctrica y caminos escolares saludables y seguros, bicicletada infantil o biciescuela\" \/>\n<meta name=\"robots\" content=\"index, follow, max-snippet:-1, max-image-preview:large, max-video-preview:-1\" \/>\n<link rel=\"canonical\" href=\"https:\/\/www.laguiadepamplona.com\/actualidad\/pamplona-celebra-la-semana-europa-de-la-movilidad-del-16-al-22-de-septiembre-con-una-quincena-de-actividades-bajo-el-lema-por-tu-salud-muevete-de-forma-sostenible\/\" \/>\n<meta property=\"og:locale\" content=\"es_ES\" \/>\n<meta property=\"og:type\" content=\"article\" \/>\n<meta property=\"og:title\" content=\"Pamplona celebra la Semana Europa de la Movilidad del 16 al 22 de septiembre con una quincena de actividades bajo el lema \u2018Por tu Salud, Mu\u00e9vete de forma Sostenible\u2019\" \/>\n<meta property=\"og:description\" content=\"Habr\u00e1 bici-rutas y paseos ambientales, jornadas de movilidad el\u00e9ctrica y caminos escolares saludables y seguros, bicicletada infantil o biciescuela\" \/>\n<meta property=\"og:url\" content=\"https:\/\/www.laguiadepamplona.com\/actualidad\/pamplona-celebra-la-semana-europa-de-la-movilidad-del-16-al-22-de-septiembre-con-una-quincena-de-actividades-bajo-el-lema-por-tu-salud-muevete-de-forma-sostenible\/\" \/>\n<meta property=\"og:site_name\" content=\"La Gu\u00eda de Pamplona\" \/>\n<meta property=\"article:publisher\" content=\"https:\/\/www.facebook.com\/laguiadepamplonacom-133175176762273\/?ref=hl\" \/>\n<meta property=\"article:published_time\" content=\"2021-09-15T10:35:16+00:00\" \/>\n<meta property=\"article:modified_time\" content=\"2023-04-11T09:49:01+00:00\" \/>\n<meta property=\"og:image\" content=\"https:\/\/www.laguiadepamplona.com\/actualidad\/wp-content\/uploads\/2021\/09\/semana-movilidad-2021.jpg\" \/>\n\t<meta property=\"og:image:width\" content=\"1920\" \/>\n\t<meta property=\"og:image:height\" content=\"1083\" \/>\n\t<meta property=\"og:image:type\" content=\"image\/jpeg\" \/>\n<meta name=\"author\" content=\"La Gu\u00eda de Pamplona\" \/>\n<meta name=\"twitter:card\" content=\"summary_large_image\" \/>\n<meta name=\"twitter:creator\" content=\"@LaGuiadPamplona\" \/>\n<meta name=\"twitter:site\" content=\"@LaGuiadPamplona\" \/>\n<meta name=\"twitter:label1\" content=\"Escrito por\" \/>\n\t<meta name=\"twitter:data1\" content=\"La Gu\u00eda de Pamplona\" \/>\n\t<meta name=\"twitter:label2\" content=\"Tiempo de lectura\" \/>\n\t<meta name=\"twitter:data2\" content=\"6 minutos\" \/>\n<script type=\"application\/ld+json\" class=\"yoast-schema-graph\">{\"@context\":\"https:\\\/\\\/schema.org\",\"@graph\":[{\"@type\":\"Article\",\"@id\":\"https:\\\/\\\/www.laguiadepamplona.com\\\/actualidad\\\/pamplona-celebra-la-semana-europa-de-la-movilidad-del-16-al-22-de-septiembre-con-una-quincena-de-actividades-bajo-el-lema-por-tu-salud-muevete-de-forma-sostenible\\\/#article\",\"isPartOf\":{\"@id\":\"https:\\\/\\\/www.laguiadepamplona.com\\\/actualidad\\\/pamplona-celebra-la-semana-europa-de-la-movilidad-del-16-al-22-de-septiembre-con-una-quincena-de-actividades-bajo-el-lema-por-tu-salud-muevete-de-forma-sostenible\\\/\"},\"author\":{\"name\":\"La Gu\u00eda de Pamplona\",\"@id\":\"https:\\\/\\\/www.laguiadepamplona.com\\\/actualidad\\\/#\\\/schema\\\/person\\\/efe887376f0213d4657c93adc50b1fdb\"},\"headline\":\"Pamplona celebra la Semana Europa de la Movilidad del 16 al 22 de septiembre con una quincena de actividades bajo el lema \u2018Por tu Salud, Mu\u00e9vete de forma Sostenible\u2019\",\"datePublished\":\"2021-09-15T10:35:16+00:00\",\"dateModified\":\"2023-04-11T09:49:01+00:00\",\"mainEntityOfPage\":{\"@id\":\"https:\\\/\\\/www.laguiadepamplona.com\\\/actualidad\\\/pamplona-celebra-la-semana-europa-de-la-movilidad-del-16-al-22-de-septiembre-con-una-quincena-de-actividades-bajo-el-lema-por-tu-salud-muevete-de-forma-sostenible\\\/\"},\"wordCount\":1456,\"commentCount\":0,\"publisher\":{\"@id\":\"https:\\\/\\\/www.laguiadepamplona.com\\\/actualidad\\\/#organization\"},\"image\":{\"@id\":\"https:\\\/\\\/www.laguiadepamplona.com\\\/actualidad\\\/pamplona-celebra-la-semana-europa-de-la-movilidad-del-16-al-22-de-septiembre-con-una-quincena-de-actividades-bajo-el-lema-por-tu-salud-muevete-de-forma-sostenible\\\/#primaryimage\"},\"thumbnailUrl\":\"https:\\\/\\\/www.laguiadepamplona.com\\\/actualidad\\\/wp-content\\\/uploads\\\/2021\\\/09\\\/semana-movilidad-2021.jpg\",\"articleSection\":[\"Ayto Pamplona\"],\"inLanguage\":\"es\",\"potentialAction\":[{\"@type\":\"CommentAction\",\"name\":\"Comment\",\"target\":[\"https:\\\/\\\/www.laguiadepamplona.com\\\/actualidad\\\/pamplona-celebra-la-semana-europa-de-la-movilidad-del-16-al-22-de-septiembre-con-una-quincena-de-actividades-bajo-el-lema-por-tu-salud-muevete-de-forma-sostenible\\\/#respond\"]}]},{\"@type\":\"WebPage\",\"@id\":\"https:\\\/\\\/www.laguiadepamplona.com\\\/actualidad\\\/pamplona-celebra-la-semana-europa-de-la-movilidad-del-16-al-22-de-septiembre-con-una-quincena-de-actividades-bajo-el-lema-por-tu-salud-muevete-de-forma-sostenible\\\/\",\"url\":\"https:\\\/\\\/www.laguiadepamplona.com\\\/actualidad\\\/pamplona-celebra-la-semana-europa-de-la-movilidad-del-16-al-22-de-septiembre-con-una-quincena-de-actividades-bajo-el-lema-por-tu-salud-muevete-de-forma-sostenible\\\/\",\"name\":\"Pamplona celebra la Semana Europa de la Movilidad del 16 al 22 de septiembre con una quincena de actividades bajo el lema \u2018Por tu Salud, Mu\u00e9vete de forma Sostenible\u2019\",\"isPartOf\":{\"@id\":\"https:\\\/\\\/www.laguiadepamplona.com\\\/actualidad\\\/#website\"},\"primaryImageOfPage\":{\"@id\":\"https:\\\/\\\/www.laguiadepamplona.com\\\/actualidad\\\/pamplona-celebra-la-semana-europa-de-la-movilidad-del-16-al-22-de-septiembre-con-una-quincena-de-actividades-bajo-el-lema-por-tu-salud-muevete-de-forma-sostenible\\\/#primaryimage\"},\"image\":{\"@id\":\"https:\\\/\\\/www.laguiadepamplona.com\\\/actualidad\\\/pamplona-celebra-la-semana-europa-de-la-movilidad-del-16-al-22-de-septiembre-con-una-quincena-de-actividades-bajo-el-lema-por-tu-salud-muevete-de-forma-sostenible\\\/#primaryimage\"},\"thumbnailUrl\":\"https:\\\/\\\/www.laguiadepamplona.com\\\/actualidad\\\/wp-content\\\/uploads\\\/2021\\\/09\\\/semana-movilidad-2021.jpg\",\"datePublished\":\"2021-09-15T10:35:16+00:00\",\"dateModified\":\"2023-04-11T09:49:01+00:00\",\"description\":\"Habr\u00e1 bici-rutas y paseos ambientales, jornadas de movilidad el\u00e9ctrica y caminos escolares saludables y seguros, bicicletada infantil o biciescuela\",\"breadcrumb\":{\"@id\":\"https:\\\/\\\/www.laguiadepamplona.com\\\/actualidad\\\/pamplona-celebra-la-semana-europa-de-la-movilidad-del-16-al-22-de-septiembre-con-una-quincena-de-actividades-bajo-el-lema-por-tu-salud-muevete-de-forma-sostenible\\\/#breadcrumb\"},\"inLanguage\":\"es\",\"potentialAction\":[{\"@type\":\"ReadAction\",\"target\":[\"https:\\\/\\\/www.laguiadepamplona.com\\\/actualidad\\\/pamplona-celebra-la-semana-europa-de-la-movilidad-del-16-al-22-de-septiembre-con-una-quincena-de-actividades-bajo-el-lema-por-tu-salud-muevete-de-forma-sostenible\\\/\"]}]},{\"@type\":\"ImageObject\",\"inLanguage\":\"es\",\"@id\":\"https:\\\/\\\/www.laguiadepamplona.com\\\/actualidad\\\/pamplona-celebra-la-semana-europa-de-la-movilidad-del-16-al-22-de-septiembre-con-una-quincena-de-actividades-bajo-el-lema-por-tu-salud-muevete-de-forma-sostenible\\\/#primaryimage\",\"url\":\"https:\\\/\\\/www.laguiadepamplona.com\\\/actualidad\\\/wp-content\\\/uploads\\\/2021\\\/09\\\/semana-movilidad-2021.jpg\",\"contentUrl\":\"https:\\\/\\\/www.laguiadepamplona.com\\\/actualidad\\\/wp-content\\\/uploads\\\/2021\\\/09\\\/semana-movilidad-2021.jpg\",\"width\":1920,\"height\":1083},{\"@type\":\"BreadcrumbList\",\"@id\":\"https:\\\/\\\/www.laguiadepamplona.com\\\/actualidad\\\/pamplona-celebra-la-semana-europa-de-la-movilidad-del-16-al-22-de-septiembre-con-una-quincena-de-actividades-bajo-el-lema-por-tu-salud-muevete-de-forma-sostenible\\\/#breadcrumb\",\"itemListElement\":[{\"@type\":\"ListItem\",\"position\":1,\"name\":\"Portada\",\"item\":\"https:\\\/\\\/www.laguiadepamplona.com\\\/actualidad\\\/\"},{\"@type\":\"ListItem\",\"position\":2,\"name\":\"Pamplona celebra la Semana Europa de la Movilidad del 16 al 22 de septiembre con una quincena de actividades bajo el lema \u2018Por tu Salud, Mu\u00e9vete de forma Sostenible\u2019\"}]},{\"@type\":\"WebSite\",\"@id\":\"https:\\\/\\\/www.laguiadepamplona.com\\\/actualidad\\\/#website\",\"url\":\"https:\\\/\\\/www.laguiadepamplona.com\\\/actualidad\\\/\",\"name\":\"La gu\u00eda de Pamplona\",\"description\":\"Noticias de Pamplona\",\"publisher\":{\"@id\":\"https:\\\/\\\/www.laguiadepamplona.com\\\/actualidad\\\/#organization\"},\"potentialAction\":[{\"@type\":\"SearchAction\",\"target\":{\"@type\":\"EntryPoint\",\"urlTemplate\":\"https:\\\/\\\/www.laguiadepamplona.com\\\/actualidad\\\/?s={search_term_string}\"},\"query-input\":{\"@type\":\"PropertyValueSpecification\",\"valueRequired\":true,\"valueName\":\"search_term_string\"}}],\"inLanguage\":\"es\"},{\"@type\":\"Organization\",\"@id\":\"https:\\\/\\\/www.laguiadepamplona.com\\\/actualidad\\\/#organization\",\"name\":\"La Gu\u00eda de Pamplona \\\/ Noticias\",\"url\":\"https:\\\/\\\/www.laguiadepamplona.com\\\/actualidad\\\/\",\"logo\":{\"@type\":\"ImageObject\",\"inLanguage\":\"es\",\"@id\":\"https:\\\/\\\/www.laguiadepamplona.com\\\/actualidad\\\/#\\\/schema\\\/logo\\\/image\\\/\",\"url\":\"https:\\\/\\\/www.laguiadepamplona.com\\\/actualidad\\\/wp-content\\\/uploads\\\/2018\\\/11\\\/logo-laguiadepamplona18-web1.png\",\"contentUrl\":\"https:\\\/\\\/www.laguiadepamplona.com\\\/actualidad\\\/wp-content\\\/uploads\\\/2018\\\/11\\\/logo-laguiadepamplona18-web1.png\",\"width\":600,\"height\":196,\"caption\":\"La Gu\u00eda de Pamplona \\\/ Noticias\"},\"image\":{\"@id\":\"https:\\\/\\\/www.laguiadepamplona.com\\\/actualidad\\\/#\\\/schema\\\/logo\\\/image\\\/\"},\"sameAs\":[\"https:\\\/\\\/www.facebook.com\\\/laguiadepamplonacom-133175176762273\\\/?ref=hl\",\"https:\\\/\\\/x.com\\\/LaGuiadPamplona\",\"https:\\\/\\\/www.instagram.com\\\/la_guia_de_pamplona\\\/\",\"https:\\\/\\\/www.youtube.com\\\/user\\\/laguiadepamplona\"]},{\"@type\":\"Person\",\"@id\":\"https:\\\/\\\/www.laguiadepamplona.com\\\/actualidad\\\/#\\\/schema\\\/person\\\/efe887376f0213d4657c93adc50b1fdb\",\"name\":\"La Gu\u00eda de Pamplona\",\"image\":{\"@type\":\"ImageObject\",\"inLanguage\":\"es\",\"@id\":\"https:\\\/\\\/secure.gravatar.com\\\/avatar\\\/b6992f131dc8d30ab0dff15446e9d346d9dbd95992de0fef795073f5ea83a81c?s=96&d=mm&r=g\",\"url\":\"https:\\\/\\\/secure.gravatar.com\\\/avatar\\\/b6992f131dc8d30ab0dff15446e9d346d9dbd95992de0fef795073f5ea83a81c?s=96&d=mm&r=g\",\"contentUrl\":\"https:\\\/\\\/secure.gravatar.com\\\/avatar\\\/b6992f131dc8d30ab0dff15446e9d346d9dbd95992de0fef795073f5ea83a81c?s=96&d=mm&r=g\",\"caption\":\"La Gu\u00eda de Pamplona\"}}]}<\/script>\n<!-- \/ Yoast SEO plugin. -->","yoast_head_json":{"title":"Pamplona celebra la Semana Europa de la Movilidad del 16 al 22 de septiembre con una quincena de actividades bajo el lema \u2018Por tu Salud, Mu\u00e9vete de forma Sostenible\u2019","description":"Habr\u00e1 bici-rutas y paseos ambientales, jornadas de movilidad el\u00e9ctrica y caminos escolares saludables y seguros, bicicletada infantil o biciescuela","robots":{"index":"index","follow":"follow","max-snippet":"max-snippet:-1","max-image-preview":"max-image-preview:large","max-video-preview":"max-video-preview:-1"},"canonical":"https:\/\/www.laguiadepamplona.com\/actualidad\/pamplona-celebra-la-semana-europa-de-la-movilidad-del-16-al-22-de-septiembre-con-una-quincena-de-actividades-bajo-el-lema-por-tu-salud-muevete-de-forma-sostenible\/","og_locale":"es_ES","og_type":"article","og_title":"Pamplona celebra la Semana Europa de la Movilidad del 16 al 22 de septiembre con una quincena de actividades bajo el lema \u2018Por tu Salud, Mu\u00e9vete de forma Sostenible\u2019","og_description":"Habr\u00e1 bici-rutas y paseos ambientales, jornadas de movilidad el\u00e9ctrica y caminos escolares saludables y seguros, bicicletada infantil o biciescuela","og_url":"https:\/\/www.laguiadepamplona.com\/actualidad\/pamplona-celebra-la-semana-europa-de-la-movilidad-del-16-al-22-de-septiembre-con-una-quincena-de-actividades-bajo-el-lema-por-tu-salud-muevete-de-forma-sostenible\/","og_site_name":"La Gu\u00eda de Pamplona","article_publisher":"https:\/\/www.facebook.com\/laguiadepamplonacom-133175176762273\/?ref=hl","article_published_time":"2021-09-15T10:35:16+00:00","article_modified_time":"2023-04-11T09:49:01+00:00","og_image":[{"width":1920,"height":1083,"url":"https:\/\/www.laguiadepamplona.com\/actualidad\/wp-content\/uploads\/2021\/09\/semana-movilidad-2021.jpg","type":"image\/jpeg"}],"author":"La Gu\u00eda de Pamplona","twitter_card":"summary_large_image","twitter_creator":"@LaGuiadPamplona","twitter_site":"@LaGuiadPamplona","twitter_misc":{"Escrito por":"La Gu\u00eda de Pamplona","Tiempo de lectura":"6 minutos"},"schema":{"@context":"https:\/\/schema.org","@graph":[{"@type":"Article","@id":"https:\/\/www.laguiadepamplona.com\/actualidad\/pamplona-celebra-la-semana-europa-de-la-movilidad-del-16-al-22-de-septiembre-con-una-quincena-de-actividades-bajo-el-lema-por-tu-salud-muevete-de-forma-sostenible\/#article","isPartOf":{"@id":"https:\/\/www.laguiadepamplona.com\/actualidad\/pamplona-celebra-la-semana-europa-de-la-movilidad-del-16-al-22-de-septiembre-con-una-quincena-de-actividades-bajo-el-lema-por-tu-salud-muevete-de-forma-sostenible\/"},"author":{"name":"La Gu\u00eda de Pamplona","@id":"https:\/\/www.laguiadepamplona.com\/actualidad\/#\/schema\/person\/efe887376f0213d4657c93adc50b1fdb"},"headline":"Pamplona celebra la Semana Europa de la Movilidad del 16 al 22 de septiembre con una quincena de actividades bajo el lema \u2018Por tu Salud, Mu\u00e9vete de forma Sostenible\u2019","datePublished":"2021-09-15T10:35:16+00:00","dateModified":"2023-04-11T09:49:01+00:00","mainEntityOfPage":{"@id":"https:\/\/www.laguiadepamplona.com\/actualidad\/pamplona-celebra-la-semana-europa-de-la-movilidad-del-16-al-22-de-septiembre-con-una-quincena-de-actividades-bajo-el-lema-por-tu-salud-muevete-de-forma-sostenible\/"},"wordCount":1456,"commentCount":0,"publisher":{"@id":"https:\/\/www.laguiadepamplona.com\/actualidad\/#organization"},"image":{"@id":"https:\/\/www.laguiadepamplona.com\/actualidad\/pamplona-celebra-la-semana-europa-de-la-movilidad-del-16-al-22-de-septiembre-con-una-quincena-de-actividades-bajo-el-lema-por-tu-salud-muevete-de-forma-sostenible\/#primaryimage"},"thumbnailUrl":"https:\/\/www.laguiadepamplona.com\/actualidad\/wp-content\/uploads\/2021\/09\/semana-movilidad-2021.jpg","articleSection":["Ayto Pamplona"],"inLanguage":"es","potentialAction":[{"@type":"CommentAction","name":"Comment","target":["https:\/\/www.laguiadepamplona.com\/actualidad\/pamplona-celebra-la-semana-europa-de-la-movilidad-del-16-al-22-de-septiembre-con-una-quincena-de-actividades-bajo-el-lema-por-tu-salud-muevete-de-forma-sostenible\/#respond"]}]},{"@type":"WebPage","@id":"https:\/\/www.laguiadepamplona.com\/actualidad\/pamplona-celebra-la-semana-europa-de-la-movilidad-del-16-al-22-de-septiembre-con-una-quincena-de-actividades-bajo-el-lema-por-tu-salud-muevete-de-forma-sostenible\/","url":"https:\/\/www.laguiadepamplona.com\/actualidad\/pamplona-celebra-la-semana-europa-de-la-movilidad-del-16-al-22-de-septiembre-con-una-quincena-de-actividades-bajo-el-lema-por-tu-salud-muevete-de-forma-sostenible\/","name":"Pamplona celebra la Semana Europa de la Movilidad del 16 al 22 de septiembre con una quincena de actividades bajo el lema \u2018Por tu Salud, Mu\u00e9vete de forma Sostenible\u2019","isPartOf":{"@id":"https:\/\/www.laguiadepamplona.com\/actualidad\/#website"},"primaryImageOfPage":{"@id":"https:\/\/www.laguiadepamplona.com\/actualidad\/pamplona-celebra-la-semana-europa-de-la-movilidad-del-16-al-22-de-septiembre-con-una-quincena-de-actividades-bajo-el-lema-por-tu-salud-muevete-de-forma-sostenible\/#primaryimage"},"image":{"@id":"https:\/\/www.laguiadepamplona.com\/actualidad\/pamplona-celebra-la-semana-europa-de-la-movilidad-del-16-al-22-de-septiembre-con-una-quincena-de-actividades-bajo-el-lema-por-tu-salud-muevete-de-forma-sostenible\/#primaryimage"},"thumbnailUrl":"https:\/\/www.laguiadepamplona.com\/actualidad\/wp-content\/uploads\/2021\/09\/semana-movilidad-2021.jpg","datePublished":"2021-09-15T10:35:16+00:00","dateModified":"2023-04-11T09:49:01+00:00","description":"Habr\u00e1 bici-rutas y paseos ambientales, jornadas de movilidad el\u00e9ctrica y caminos escolares saludables y seguros, bicicletada infantil o biciescuela","breadcrumb":{"@id":"https:\/\/www.laguiadepamplona.com\/actualidad\/pamplona-celebra-la-semana-europa-de-la-movilidad-del-16-al-22-de-septiembre-con-una-quincena-de-actividades-bajo-el-lema-por-tu-salud-muevete-de-forma-sostenible\/#breadcrumb"},"inLanguage":"es","potentialAction":[{"@type":"ReadAction","target":["https:\/\/www.laguiadepamplona.com\/actualidad\/pamplona-celebra-la-semana-europa-de-la-movilidad-del-16-al-22-de-septiembre-con-una-quincena-de-actividades-bajo-el-lema-por-tu-salud-muevete-de-forma-sostenible\/"]}]},{"@type":"ImageObject","inLanguage":"es","@id":"https:\/\/www.laguiadepamplona.com\/actualidad\/pamplona-celebra-la-semana-europa-de-la-movilidad-del-16-al-22-de-septiembre-con-una-quincena-de-actividades-bajo-el-lema-por-tu-salud-muevete-de-forma-sostenible\/#primaryimage","url":"https:\/\/www.laguiadepamplona.com\/actualidad\/wp-content\/uploads\/2021\/09\/semana-movilidad-2021.jpg","contentUrl":"https:\/\/www.laguiadepamplona.com\/actualidad\/wp-content\/uploads\/2021\/09\/semana-movilidad-2021.jpg","width":1920,"height":1083},{"@type":"BreadcrumbList","@id":"https:\/\/www.laguiadepamplona.com\/actualidad\/pamplona-celebra-la-semana-europa-de-la-movilidad-del-16-al-22-de-septiembre-con-una-quincena-de-actividades-bajo-el-lema-por-tu-salud-muevete-de-forma-sostenible\/#breadcrumb","itemListElement":[{"@type":"ListItem","position":1,"name":"Portada","item":"https:\/\/www.laguiadepamplona.com\/actualidad\/"},{"@type":"ListItem","position":2,"name":"Pamplona celebra la Semana Europa de la Movilidad del 16 al 22 de septiembre con una quincena de actividades bajo el lema \u2018Por tu Salud, Mu\u00e9vete de forma Sostenible\u2019"}]},{"@type":"WebSite","@id":"https:\/\/www.laguiadepamplona.com\/actualidad\/#website","url":"https:\/\/www.laguiadepamplona.com\/actualidad\/","name":"La gu\u00eda de Pamplona","description":"Noticias de Pamplona","publisher":{"@id":"https:\/\/www.laguiadepamplona.com\/actualidad\/#organization"},"potentialAction":[{"@type":"SearchAction","target":{"@type":"EntryPoint","urlTemplate":"https:\/\/www.laguiadepamplona.com\/actualidad\/?s={search_term_string}"},"query-input":{"@type":"PropertyValueSpecification","valueRequired":true,"valueName":"search_term_string"}}],"inLanguage":"es"},{"@type":"Organization","@id":"https:\/\/www.laguiadepamplona.com\/actualidad\/#organization","name":"La Gu\u00eda de Pamplona \/ Noticias","url":"https:\/\/www.laguiadepamplona.com\/actualidad\/","logo":{"@type":"ImageObject","inLanguage":"es","@id":"https:\/\/www.laguiadepamplona.com\/actualidad\/#\/schema\/logo\/image\/","url":"https:\/\/www.laguiadepamplona.com\/actualidad\/wp-content\/uploads\/2018\/11\/logo-laguiadepamplona18-web1.png","contentUrl":"https:\/\/www.laguiadepamplona.com\/actualidad\/wp-content\/uploads\/2018\/11\/logo-laguiadepamplona18-web1.png","width":600,"height":196,"caption":"La Gu\u00eda de Pamplona \/ Noticias"},"image":{"@id":"https:\/\/www.laguiadepamplona.com\/actualidad\/#\/schema\/logo\/image\/"},"sameAs":["https:\/\/www.facebook.com\/laguiadepamplonacom-133175176762273\/?ref=hl","https:\/\/x.com\/LaGuiadPamplona","https:\/\/www.instagram.com\/la_guia_de_pamplona\/","https:\/\/www.youtube.com\/user\/laguiadepamplona"]},{"@type":"Person","@id":"https:\/\/www.laguiadepamplona.com\/actualidad\/#\/schema\/person\/efe887376f0213d4657c93adc50b1fdb","name":"La Gu\u00eda de Pamplona","image":{"@type":"ImageObject","inLanguage":"es","@id":"https:\/\/secure.gravatar.com\/avatar\/b6992f131dc8d30ab0dff15446e9d346d9dbd95992de0fef795073f5ea83a81c?s=96&d=mm&r=g","url":"https:\/\/secure.gravatar.com\/avatar\/b6992f131dc8d30ab0dff15446e9d346d9dbd95992de0fef795073f5ea83a81c?s=96&d=mm&r=g","contentUrl":"https:\/\/secure.gravatar.com\/avatar\/b6992f131dc8d30ab0dff15446e9d346d9dbd95992de0fef795073f5ea83a81c?s=96&d=mm&r=g","caption":"La Gu\u00eda de Pamplona"}}]}},"post_mailing_queue_ids":[],"_links":{"self":[{"href":"https:\/\/www.laguiadepamplona.com\/actualidad\/wp-json\/wp\/v2\/posts\/36434","targetHints":{"allow":["GET"]}}],"collection":[{"href":"https:\/\/www.laguiadepamplona.com\/actualidad\/wp-json\/wp\/v2\/posts"}],"about":[{"href":"https:\/\/www.laguiadepamplona.com\/actualidad\/wp-json\/wp\/v2\/types\/post"}],"author":[{"embeddable":true,"href":"https:\/\/www.laguiadepamplona.com\/actualidad\/wp-json\/wp\/v2\/users\/1"}],"replies":[{"embeddable":true,"href":"https:\/\/www.laguiadepamplona.com\/actualidad\/wp-json\/wp\/v2\/comments?post=36434"}],"version-history":[{"count":0,"href":"https:\/\/www.laguiadepamplona.com\/actualidad\/wp-json\/wp\/v2\/posts\/36434\/revisions"}],"wp:featuredmedia":[{"embeddable":true,"href":"https:\/\/www.laguiadepamplona.com\/actualidad\/wp-json\/wp\/v2\/media\/36435"}],"wp:attachment":[{"href":"https:\/\/www.laguiadepamplona.com\/actualidad\/wp-json\/wp\/v2\/media?parent=36434"}],"wp:term":[{"taxonomy":"category","embeddable":true,"href":"https:\/\/www.laguiadepamplona.com\/actualidad\/wp-json\/wp\/v2\/categories?post=36434"},{"taxonomy":"post_tag","embeddable":true,"href":"https:\/\/www.laguiadepamplona.com\/actualidad\/wp-json\/wp\/v2\/tags?post=36434"}],"curies":[{"name":"wp","href":"https:\/\/api.w.org\/{rel}","templated":true}]}}