{"id":36429,"date":"2021-09-14T19:43:58","date_gmt":"2021-09-14T17:43:58","guid":{"rendered":"https:\/\/www.laguiadepamplona.com\/actualidad\/?p=36429"},"modified":"2023-04-11T11:49:01","modified_gmt":"2023-04-11T09:49:01","slug":"el-proximo-lunes-comenzara-la-retirada-de-la-arena-de-los-fosos-de-la-ciudadela-tras-las-tareas-de-desmontaje-de-elementos-y-limpieza-de-la-zona-emprendidas-esta-semana","status":"publish","type":"post","link":"https:\/\/www.laguiadepamplona.com\/actualidad\/el-proximo-lunes-comenzara-la-retirada-de-la-arena-de-los-fosos-de-la-ciudadela-tras-las-tareas-de-desmontaje-de-elementos-y-limpieza-de-la-zona-emprendidas-esta-semana\/","title":{"rendered":"El pr\u00f3ximo lunes comenzar\u00e1 la retirada de la arena de los fosos de la Ciudadela, tras las tareas de desmontaje de elementos y limpieza de la zona emprendidas esta semana"},"content":{"rendered":"<h5>Esta ma\u00f1ana la Comisi\u00f3n de Asuntos Ciudadanos ha conocido el Plan de Limpieza de la Ciudadela tras el evento h\u00edpico que acabo el domingo 12<\/h5>\n<p><!--more--><\/p>\n<p>Previsiblemente este pr\u00f3ximo lunes comenzar\u00e1 la retirada de la arena de s\u00edlice de los fosos de la Ciudadela de Pamplona, una vez que durante esta semana se hayan desmontado y trasladado todos los elementos que han sido necesarios para el desarrollo del evento h\u00edpico celebrado en ese espacio entre el 2 y el 12 de septiembre. Esta ma\u00f1ana ha tenido lugar sobre el terreno una reuni\u00f3n de los t\u00e9cnicos de Jardines con la organizaci\u00f3n del Gran Premio de H\u00edpica &#8211; Murallas de Pamplona para recibir indicaciones precisas sobre c\u00f3mo ejecutar la retirada de la arena, un proceso que debe ser muy preciso ya que la base sobre la que descansa debe mantenerse indemne, adem\u00e1s de evitar el da\u00f1o a la propia arena ya que se aportara como material de recebo a la jardiner\u00eda de la zona.<\/p>\n<p>En estos momentos se est\u00e1n retirando los \u00faltimos boxes y vallas y se ha iniciado el desmontaje de las gradas, as\u00ed como de los tacos de hormig\u00f3n que est\u00e1n en la pista. Durante el d\u00eda de hoy contin\u00faan los trabajos de retirada de material auxiliar, torres de iluminaci\u00f3n y generadores, as\u00ed como de las dos casetas de jueces de doma que quedaban por desmontar y del mobiliario asociado a las casetas y a la oficina.<\/p>\n<p><script async src=\"\/\/pagead2.googlesyndication.com\/pagead\/js\/adsbygoogle.js\"><\/script><br \/>\n<!-- Noticias La Guia de Pamplona --><br \/>\n<ins class=\"adsbygoogle\"\nstyle=\"display:block\"\ndata-ad-client=\"ca-pub-6943679897239327\"\ndata-ad-slot=\"7048180777\"\ndata-ad-format=\"auto\"><\/ins><br \/>\n<script>\n(adsbygoogle = window.adsbygoogle || []).push({});\n<\/script><\/p>\n<p>Esta ma\u00f1ana la concejala delegada de Servicios Sociales, Acci\u00f3n Comunitaria y Deporte, Mar\u00eda Caballero, ha explicado a los miembros de la Comisi\u00f3n de Asuntos Ciudadanos las previsiones del Plan de Limpieza de la Ciudadela. El documento establece que los trabajos se iniciaron el mismo d\u00eda en que finaliz\u00f3 el evento y, desde entonces, se realizan tareas de forma continua y en un orden concreto para que la maquinaria necesaria para la limpieza de los fosos pueda acceder de forma planificada. Este cronograma de trabajos debe atender, tanto al espacio f\u00edsico que obliga a coordinar los camiones necesarios, como a las directrices t\u00e9cnicas de las diferentes \u00e1reas y servicios del Ayuntamiento de Pamplona implicados, de forma que se pueda restablecer el estado original de ese espacio. Es la inversi\u00f3n de un proceso, el del montaje, que llev\u00f3 aproximadamente tres semanas.<\/p>\n<p>El orden previsto es, inicialmente, retirar todo el material decorativo y la maquinaria e instalaciones presentes en la pista para realizar despu\u00e9s la apertura de las vallas y la limpieza de la zona de camiones y del espacio posterior junto a la zona de calentamiento. De esa forma se ir\u00e1 eliminando todo el material que se ubica en la zona de boxes, as\u00ed como los propios boxes de estabulaci\u00f3n de los caballos. Una vez terminado este proceso, la zona quedar\u00e1 franca para acceder con maquinaria de limpieza y, tras quitar las pistas de competici\u00f3n y de calentamiento, se podr\u00e1 retira la arena.<\/p>\n<p><script async src=\"\/\/pagead2.googlesyndication.com\/pagead\/js\/adsbygoogle.js\"><\/script><br \/>\n<!-- Noticias La Guia de Pamplona --><br \/>\n<ins class=\"adsbygoogle\"\nstyle=\"display:block\"\ndata-ad-client=\"ca-pub-6943679897239327\"\ndata-ad-slot=\"7048180777\"\ndata-ad-format=\"auto\"><\/ins><br \/>\n<script>\n(adsbygoogle = window.adsbygoogle || []).push({});\n<\/script><\/p>\n<p>Ayer se agruparon para su traslado las lonas publicitarias y las vallas de ambas pistas y se desmontaron las torres de iluminaci\u00f3n y todas las tarimas de las zonas bajos los arcos. Asimismo, se inici\u00f3 la limpieza la zona de boxes y la sustituci\u00f3n de un primer contenedor de esti\u00e9rcol. Lo previsto para los pr\u00f3ximos d\u00edas, adem\u00e1s de continuar con estas tareas ya iniciadas, llevar\u00e1 a la retirada de casetas blancas, aseos qu\u00edmicos, esti\u00e9rcol y residuos. A final de la semana se espera hacer dejado limpia y practicable la zona para poder acceder a la arena el lunes 20, si las condiciones climatol\u00f3gicas lo permiten.<\/p>\n","protected":false},"excerpt":{"rendered":"<p>Esta ma\u00f1ana la Comisi\u00f3n de Asuntos Ciudadanos ha conocido el Plan de Limpieza de la Ciudadela tras el evento h\u00edpico que acabo el domingo 12<\/p>\n","protected":false},"author":1,"featured_media":34935,"comment_status":"open","ping_status":"closed","sticky":false,"template":"","format":"standard","meta":{"footnotes":""},"categories":[2],"tags":[],"class_list":["post-36429","post","type-post","status-publish","format-standard","has-post-thumbnail","hentry","category-ayuntamiento-pamplona"],"yoast_head":"<!-- This site is optimized with the Yoast SEO plugin v27.5 - https:\/\/yoast.com\/product\/yoast-seo-wordpress\/ -->\n<title>El pr\u00f3ximo lunes comenzar\u00e1 la retirada de la arena de los fosos de la Ciudadela, tras las tareas de desmontaje de elementos y limpieza de la zona emprendidas esta semana<\/title>\n<meta name=\"description\" content=\"Esta ma\u00f1ana la Comisi\u00f3n de Asuntos Ciudadanos ha conocido el Plan de Limpieza de la Ciudadela tras el evento h\u00edpico que acabo el domingo 12\" \/>\n<meta name=\"robots\" content=\"index, follow, max-snippet:-1, max-image-preview:large, max-video-preview:-1\" \/>\n<link rel=\"canonical\" href=\"https:\/\/www.laguiadepamplona.com\/actualidad\/el-proximo-lunes-comenzara-la-retirada-de-la-arena-de-los-fosos-de-la-ciudadela-tras-las-tareas-de-desmontaje-de-elementos-y-limpieza-de-la-zona-emprendidas-esta-semana\/\" \/>\n<meta property=\"og:locale\" content=\"es_ES\" \/>\n<meta property=\"og:type\" content=\"article\" \/>\n<meta property=\"og:title\" content=\"El pr\u00f3ximo lunes comenzar\u00e1 la retirada de la arena de los fosos de la Ciudadela, tras las tareas de desmontaje de elementos y limpieza de la zona emprendidas esta semana\" \/>\n<meta property=\"og:description\" content=\"Esta ma\u00f1ana la Comisi\u00f3n de Asuntos Ciudadanos ha conocido el Plan de Limpieza de la Ciudadela tras el evento h\u00edpico que acabo el domingo 12\" \/>\n<meta property=\"og:url\" content=\"https:\/\/www.laguiadepamplona.com\/actualidad\/el-proximo-lunes-comenzara-la-retirada-de-la-arena-de-los-fosos-de-la-ciudadela-tras-las-tareas-de-desmontaje-de-elementos-y-limpieza-de-la-zona-emprendidas-esta-semana\/\" \/>\n<meta property=\"og:site_name\" content=\"La Gu\u00eda de Pamplona\" \/>\n<meta property=\"article:publisher\" content=\"https:\/\/www.facebook.com\/laguiadepamplonacom-133175176762273\/?ref=hl\" \/>\n<meta property=\"article:published_time\" content=\"2021-09-14T17:43:58+00:00\" \/>\n<meta property=\"article:modified_time\" content=\"2023-04-11T09:49:01+00:00\" \/>\n<meta property=\"og:image\" content=\"https:\/\/www.laguiadepamplona.com\/actualidad\/wp-content\/uploads\/2021\/05\/hipica_JGV9004.jpg\" \/>\n\t<meta property=\"og:image:width\" content=\"1920\" \/>\n\t<meta property=\"og:image:height\" content=\"1280\" \/>\n\t<meta property=\"og:image:type\" content=\"image\/jpeg\" \/>\n<meta name=\"author\" content=\"La Gu\u00eda de Pamplona\" \/>\n<meta name=\"twitter:card\" content=\"summary_large_image\" \/>\n<meta name=\"twitter:creator\" content=\"@LaGuiadPamplona\" \/>\n<meta name=\"twitter:site\" content=\"@LaGuiadPamplona\" \/>\n<meta name=\"twitter:label1\" content=\"Escrito por\" \/>\n\t<meta name=\"twitter:data1\" content=\"La Gu\u00eda de Pamplona\" \/>\n\t<meta name=\"twitter:label2\" content=\"Tiempo de lectura\" \/>\n\t<meta name=\"twitter:data2\" content=\"3 minutos\" \/>\n<script type=\"application\/ld+json\" class=\"yoast-schema-graph\">{\"@context\":\"https:\\\/\\\/schema.org\",\"@graph\":[{\"@type\":\"Article\",\"@id\":\"https:\\\/\\\/www.laguiadepamplona.com\\\/actualidad\\\/el-proximo-lunes-comenzara-la-retirada-de-la-arena-de-los-fosos-de-la-ciudadela-tras-las-tareas-de-desmontaje-de-elementos-y-limpieza-de-la-zona-emprendidas-esta-semana\\\/#article\",\"isPartOf\":{\"@id\":\"https:\\\/\\\/www.laguiadepamplona.com\\\/actualidad\\\/el-proximo-lunes-comenzara-la-retirada-de-la-arena-de-los-fosos-de-la-ciudadela-tras-las-tareas-de-desmontaje-de-elementos-y-limpieza-de-la-zona-emprendidas-esta-semana\\\/\"},\"author\":{\"name\":\"La Gu\u00eda de Pamplona\",\"@id\":\"https:\\\/\\\/www.laguiadepamplona.com\\\/actualidad\\\/#\\\/schema\\\/person\\\/efe887376f0213d4657c93adc50b1fdb\"},\"headline\":\"El pr\u00f3ximo lunes comenzar\u00e1 la retirada de la arena de los fosos de la Ciudadela, tras las tareas de desmontaje de elementos y limpieza de la zona emprendidas esta semana\",\"datePublished\":\"2021-09-14T17:43:58+00:00\",\"dateModified\":\"2023-04-11T09:49:01+00:00\",\"mainEntityOfPage\":{\"@id\":\"https:\\\/\\\/www.laguiadepamplona.com\\\/actualidad\\\/el-proximo-lunes-comenzara-la-retirada-de-la-arena-de-los-fosos-de-la-ciudadela-tras-las-tareas-de-desmontaje-de-elementos-y-limpieza-de-la-zona-emprendidas-esta-semana\\\/\"},\"wordCount\":650,\"commentCount\":0,\"publisher\":{\"@id\":\"https:\\\/\\\/www.laguiadepamplona.com\\\/actualidad\\\/#organization\"},\"image\":{\"@id\":\"https:\\\/\\\/www.laguiadepamplona.com\\\/actualidad\\\/el-proximo-lunes-comenzara-la-retirada-de-la-arena-de-los-fosos-de-la-ciudadela-tras-las-tareas-de-desmontaje-de-elementos-y-limpieza-de-la-zona-emprendidas-esta-semana\\\/#primaryimage\"},\"thumbnailUrl\":\"https:\\\/\\\/www.laguiadepamplona.com\\\/actualidad\\\/wp-content\\\/uploads\\\/2021\\\/05\\\/hipica_JGV9004.jpg\",\"articleSection\":[\"Ayto Pamplona\"],\"inLanguage\":\"es\",\"potentialAction\":[{\"@type\":\"CommentAction\",\"name\":\"Comment\",\"target\":[\"https:\\\/\\\/www.laguiadepamplona.com\\\/actualidad\\\/el-proximo-lunes-comenzara-la-retirada-de-la-arena-de-los-fosos-de-la-ciudadela-tras-las-tareas-de-desmontaje-de-elementos-y-limpieza-de-la-zona-emprendidas-esta-semana\\\/#respond\"]}]},{\"@type\":\"WebPage\",\"@id\":\"https:\\\/\\\/www.laguiadepamplona.com\\\/actualidad\\\/el-proximo-lunes-comenzara-la-retirada-de-la-arena-de-los-fosos-de-la-ciudadela-tras-las-tareas-de-desmontaje-de-elementos-y-limpieza-de-la-zona-emprendidas-esta-semana\\\/\",\"url\":\"https:\\\/\\\/www.laguiadepamplona.com\\\/actualidad\\\/el-proximo-lunes-comenzara-la-retirada-de-la-arena-de-los-fosos-de-la-ciudadela-tras-las-tareas-de-desmontaje-de-elementos-y-limpieza-de-la-zona-emprendidas-esta-semana\\\/\",\"name\":\"El pr\u00f3ximo lunes comenzar\u00e1 la retirada de la arena de los fosos de la Ciudadela, tras las tareas de desmontaje de elementos y limpieza de la zona emprendidas esta semana\",\"isPartOf\":{\"@id\":\"https:\\\/\\\/www.laguiadepamplona.com\\\/actualidad\\\/#website\"},\"primaryImageOfPage\":{\"@id\":\"https:\\\/\\\/www.laguiadepamplona.com\\\/actualidad\\\/el-proximo-lunes-comenzara-la-retirada-de-la-arena-de-los-fosos-de-la-ciudadela-tras-las-tareas-de-desmontaje-de-elementos-y-limpieza-de-la-zona-emprendidas-esta-semana\\\/#primaryimage\"},\"image\":{\"@id\":\"https:\\\/\\\/www.laguiadepamplona.com\\\/actualidad\\\/el-proximo-lunes-comenzara-la-retirada-de-la-arena-de-los-fosos-de-la-ciudadela-tras-las-tareas-de-desmontaje-de-elementos-y-limpieza-de-la-zona-emprendidas-esta-semana\\\/#primaryimage\"},\"thumbnailUrl\":\"https:\\\/\\\/www.laguiadepamplona.com\\\/actualidad\\\/wp-content\\\/uploads\\\/2021\\\/05\\\/hipica_JGV9004.jpg\",\"datePublished\":\"2021-09-14T17:43:58+00:00\",\"dateModified\":\"2023-04-11T09:49:01+00:00\",\"description\":\"Esta ma\u00f1ana la Comisi\u00f3n de Asuntos Ciudadanos ha conocido el Plan de Limpieza de la Ciudadela tras el evento h\u00edpico que acabo el domingo 12\",\"breadcrumb\":{\"@id\":\"https:\\\/\\\/www.laguiadepamplona.com\\\/actualidad\\\/el-proximo-lunes-comenzara-la-retirada-de-la-arena-de-los-fosos-de-la-ciudadela-tras-las-tareas-de-desmontaje-de-elementos-y-limpieza-de-la-zona-emprendidas-esta-semana\\\/#breadcrumb\"},\"inLanguage\":\"es\",\"potentialAction\":[{\"@type\":\"ReadAction\",\"target\":[\"https:\\\/\\\/www.laguiadepamplona.com\\\/actualidad\\\/el-proximo-lunes-comenzara-la-retirada-de-la-arena-de-los-fosos-de-la-ciudadela-tras-las-tareas-de-desmontaje-de-elementos-y-limpieza-de-la-zona-emprendidas-esta-semana\\\/\"]}]},{\"@type\":\"ImageObject\",\"inLanguage\":\"es\",\"@id\":\"https:\\\/\\\/www.laguiadepamplona.com\\\/actualidad\\\/el-proximo-lunes-comenzara-la-retirada-de-la-arena-de-los-fosos-de-la-ciudadela-tras-las-tareas-de-desmontaje-de-elementos-y-limpieza-de-la-zona-emprendidas-esta-semana\\\/#primaryimage\",\"url\":\"https:\\\/\\\/www.laguiadepamplona.com\\\/actualidad\\\/wp-content\\\/uploads\\\/2021\\\/05\\\/hipica_JGV9004.jpg\",\"contentUrl\":\"https:\\\/\\\/www.laguiadepamplona.com\\\/actualidad\\\/wp-content\\\/uploads\\\/2021\\\/05\\\/hipica_JGV9004.jpg\",\"width\":1920,\"height\":1280,\"caption\":\"A* Jes\u00fas Garzaron F* 2021_05_19 T* presentaci\u00f3n del programa de H\u00edpica en la Ciudadela L* Sala de Armas\"},{\"@type\":\"BreadcrumbList\",\"@id\":\"https:\\\/\\\/www.laguiadepamplona.com\\\/actualidad\\\/el-proximo-lunes-comenzara-la-retirada-de-la-arena-de-los-fosos-de-la-ciudadela-tras-las-tareas-de-desmontaje-de-elementos-y-limpieza-de-la-zona-emprendidas-esta-semana\\\/#breadcrumb\",\"itemListElement\":[{\"@type\":\"ListItem\",\"position\":1,\"name\":\"Portada\",\"item\":\"https:\\\/\\\/www.laguiadepamplona.com\\\/actualidad\\\/\"},{\"@type\":\"ListItem\",\"position\":2,\"name\":\"El pr\u00f3ximo lunes comenzar\u00e1 la retirada de la arena de los fosos de la Ciudadela, tras las tareas de desmontaje de elementos y limpieza de la zona emprendidas esta semana\"}]},{\"@type\":\"WebSite\",\"@id\":\"https:\\\/\\\/www.laguiadepamplona.com\\\/actualidad\\\/#website\",\"url\":\"https:\\\/\\\/www.laguiadepamplona.com\\\/actualidad\\\/\",\"name\":\"La gu\u00eda de Pamplona\",\"description\":\"Noticias de Pamplona\",\"publisher\":{\"@id\":\"https:\\\/\\\/www.laguiadepamplona.com\\\/actualidad\\\/#organization\"},\"potentialAction\":[{\"@type\":\"SearchAction\",\"target\":{\"@type\":\"EntryPoint\",\"urlTemplate\":\"https:\\\/\\\/www.laguiadepamplona.com\\\/actualidad\\\/?s={search_term_string}\"},\"query-input\":{\"@type\":\"PropertyValueSpecification\",\"valueRequired\":true,\"valueName\":\"search_term_string\"}}],\"inLanguage\":\"es\"},{\"@type\":\"Organization\",\"@id\":\"https:\\\/\\\/www.laguiadepamplona.com\\\/actualidad\\\/#organization\",\"name\":\"La Gu\u00eda de Pamplona \\\/ Noticias\",\"url\":\"https:\\\/\\\/www.laguiadepamplona.com\\\/actualidad\\\/\",\"logo\":{\"@type\":\"ImageObject\",\"inLanguage\":\"es\",\"@id\":\"https:\\\/\\\/www.laguiadepamplona.com\\\/actualidad\\\/#\\\/schema\\\/logo\\\/image\\\/\",\"url\":\"https:\\\/\\\/www.laguiadepamplona.com\\\/actualidad\\\/wp-content\\\/uploads\\\/2018\\\/11\\\/logo-laguiadepamplona18-web1.png\",\"contentUrl\":\"https:\\\/\\\/www.laguiadepamplona.com\\\/actualidad\\\/wp-content\\\/uploads\\\/2018\\\/11\\\/logo-laguiadepamplona18-web1.png\",\"width\":600,\"height\":196,\"caption\":\"La Gu\u00eda de Pamplona \\\/ Noticias\"},\"image\":{\"@id\":\"https:\\\/\\\/www.laguiadepamplona.com\\\/actualidad\\\/#\\\/schema\\\/logo\\\/image\\\/\"},\"sameAs\":[\"https:\\\/\\\/www.facebook.com\\\/laguiadepamplonacom-133175176762273\\\/?ref=hl\",\"https:\\\/\\\/x.com\\\/LaGuiadPamplona\",\"https:\\\/\\\/www.instagram.com\\\/la_guia_de_pamplona\\\/\",\"https:\\\/\\\/www.youtube.com\\\/user\\\/laguiadepamplona\"]},{\"@type\":\"Person\",\"@id\":\"https:\\\/\\\/www.laguiadepamplona.com\\\/actualidad\\\/#\\\/schema\\\/person\\\/efe887376f0213d4657c93adc50b1fdb\",\"name\":\"La Gu\u00eda de Pamplona\",\"image\":{\"@type\":\"ImageObject\",\"inLanguage\":\"es\",\"@id\":\"https:\\\/\\\/secure.gravatar.com\\\/avatar\\\/b6992f131dc8d30ab0dff15446e9d346d9dbd95992de0fef795073f5ea83a81c?s=96&d=mm&r=g\",\"url\":\"https:\\\/\\\/secure.gravatar.com\\\/avatar\\\/b6992f131dc8d30ab0dff15446e9d346d9dbd95992de0fef795073f5ea83a81c?s=96&d=mm&r=g\",\"contentUrl\":\"https:\\\/\\\/secure.gravatar.com\\\/avatar\\\/b6992f131dc8d30ab0dff15446e9d346d9dbd95992de0fef795073f5ea83a81c?s=96&d=mm&r=g\",\"caption\":\"La Gu\u00eda de Pamplona\"}}]}<\/script>\n<!-- \/ Yoast SEO plugin. -->","yoast_head_json":{"title":"El pr\u00f3ximo lunes comenzar\u00e1 la retirada de la arena de los fosos de la Ciudadela, tras las tareas de desmontaje de elementos y limpieza de la zona emprendidas esta semana","description":"Esta ma\u00f1ana la Comisi\u00f3n de Asuntos Ciudadanos ha conocido el Plan de Limpieza de la Ciudadela tras el evento h\u00edpico que acabo el domingo 12","robots":{"index":"index","follow":"follow","max-snippet":"max-snippet:-1","max-image-preview":"max-image-preview:large","max-video-preview":"max-video-preview:-1"},"canonical":"https:\/\/www.laguiadepamplona.com\/actualidad\/el-proximo-lunes-comenzara-la-retirada-de-la-arena-de-los-fosos-de-la-ciudadela-tras-las-tareas-de-desmontaje-de-elementos-y-limpieza-de-la-zona-emprendidas-esta-semana\/","og_locale":"es_ES","og_type":"article","og_title":"El pr\u00f3ximo lunes comenzar\u00e1 la retirada de la arena de los fosos de la Ciudadela, tras las tareas de desmontaje de elementos y limpieza de la zona emprendidas esta semana","og_description":"Esta ma\u00f1ana la Comisi\u00f3n de Asuntos Ciudadanos ha conocido el Plan de Limpieza de la Ciudadela tras el evento h\u00edpico que acabo el domingo 12","og_url":"https:\/\/www.laguiadepamplona.com\/actualidad\/el-proximo-lunes-comenzara-la-retirada-de-la-arena-de-los-fosos-de-la-ciudadela-tras-las-tareas-de-desmontaje-de-elementos-y-limpieza-de-la-zona-emprendidas-esta-semana\/","og_site_name":"La Gu\u00eda de Pamplona","article_publisher":"https:\/\/www.facebook.com\/laguiadepamplonacom-133175176762273\/?ref=hl","article_published_time":"2021-09-14T17:43:58+00:00","article_modified_time":"2023-04-11T09:49:01+00:00","og_image":[{"width":1920,"height":1280,"url":"https:\/\/www.laguiadepamplona.com\/actualidad\/wp-content\/uploads\/2021\/05\/hipica_JGV9004.jpg","type":"image\/jpeg"}],"author":"La Gu\u00eda de Pamplona","twitter_card":"summary_large_image","twitter_creator":"@LaGuiadPamplona","twitter_site":"@LaGuiadPamplona","twitter_misc":{"Escrito por":"La Gu\u00eda de Pamplona","Tiempo de lectura":"3 minutos"},"schema":{"@context":"https:\/\/schema.org","@graph":[{"@type":"Article","@id":"https:\/\/www.laguiadepamplona.com\/actualidad\/el-proximo-lunes-comenzara-la-retirada-de-la-arena-de-los-fosos-de-la-ciudadela-tras-las-tareas-de-desmontaje-de-elementos-y-limpieza-de-la-zona-emprendidas-esta-semana\/#article","isPartOf":{"@id":"https:\/\/www.laguiadepamplona.com\/actualidad\/el-proximo-lunes-comenzara-la-retirada-de-la-arena-de-los-fosos-de-la-ciudadela-tras-las-tareas-de-desmontaje-de-elementos-y-limpieza-de-la-zona-emprendidas-esta-semana\/"},"author":{"name":"La Gu\u00eda de Pamplona","@id":"https:\/\/www.laguiadepamplona.com\/actualidad\/#\/schema\/person\/efe887376f0213d4657c93adc50b1fdb"},"headline":"El pr\u00f3ximo lunes comenzar\u00e1 la retirada de la arena de los fosos de la Ciudadela, tras las tareas de desmontaje de elementos y limpieza de la zona emprendidas esta semana","datePublished":"2021-09-14T17:43:58+00:00","dateModified":"2023-04-11T09:49:01+00:00","mainEntityOfPage":{"@id":"https:\/\/www.laguiadepamplona.com\/actualidad\/el-proximo-lunes-comenzara-la-retirada-de-la-arena-de-los-fosos-de-la-ciudadela-tras-las-tareas-de-desmontaje-de-elementos-y-limpieza-de-la-zona-emprendidas-esta-semana\/"},"wordCount":650,"commentCount":0,"publisher":{"@id":"https:\/\/www.laguiadepamplona.com\/actualidad\/#organization"},"image":{"@id":"https:\/\/www.laguiadepamplona.com\/actualidad\/el-proximo-lunes-comenzara-la-retirada-de-la-arena-de-los-fosos-de-la-ciudadela-tras-las-tareas-de-desmontaje-de-elementos-y-limpieza-de-la-zona-emprendidas-esta-semana\/#primaryimage"},"thumbnailUrl":"https:\/\/www.laguiadepamplona.com\/actualidad\/wp-content\/uploads\/2021\/05\/hipica_JGV9004.jpg","articleSection":["Ayto Pamplona"],"inLanguage":"es","potentialAction":[{"@type":"CommentAction","name":"Comment","target":["https:\/\/www.laguiadepamplona.com\/actualidad\/el-proximo-lunes-comenzara-la-retirada-de-la-arena-de-los-fosos-de-la-ciudadela-tras-las-tareas-de-desmontaje-de-elementos-y-limpieza-de-la-zona-emprendidas-esta-semana\/#respond"]}]},{"@type":"WebPage","@id":"https:\/\/www.laguiadepamplona.com\/actualidad\/el-proximo-lunes-comenzara-la-retirada-de-la-arena-de-los-fosos-de-la-ciudadela-tras-las-tareas-de-desmontaje-de-elementos-y-limpieza-de-la-zona-emprendidas-esta-semana\/","url":"https:\/\/www.laguiadepamplona.com\/actualidad\/el-proximo-lunes-comenzara-la-retirada-de-la-arena-de-los-fosos-de-la-ciudadela-tras-las-tareas-de-desmontaje-de-elementos-y-limpieza-de-la-zona-emprendidas-esta-semana\/","name":"El pr\u00f3ximo lunes comenzar\u00e1 la retirada de la arena de los fosos de la Ciudadela, tras las tareas de desmontaje de elementos y limpieza de la zona emprendidas esta semana","isPartOf":{"@id":"https:\/\/www.laguiadepamplona.com\/actualidad\/#website"},"primaryImageOfPage":{"@id":"https:\/\/www.laguiadepamplona.com\/actualidad\/el-proximo-lunes-comenzara-la-retirada-de-la-arena-de-los-fosos-de-la-ciudadela-tras-las-tareas-de-desmontaje-de-elementos-y-limpieza-de-la-zona-emprendidas-esta-semana\/#primaryimage"},"image":{"@id":"https:\/\/www.laguiadepamplona.com\/actualidad\/el-proximo-lunes-comenzara-la-retirada-de-la-arena-de-los-fosos-de-la-ciudadela-tras-las-tareas-de-desmontaje-de-elementos-y-limpieza-de-la-zona-emprendidas-esta-semana\/#primaryimage"},"thumbnailUrl":"https:\/\/www.laguiadepamplona.com\/actualidad\/wp-content\/uploads\/2021\/05\/hipica_JGV9004.jpg","datePublished":"2021-09-14T17:43:58+00:00","dateModified":"2023-04-11T09:49:01+00:00","description":"Esta ma\u00f1ana la Comisi\u00f3n de Asuntos Ciudadanos ha conocido el Plan de Limpieza de la Ciudadela tras el evento h\u00edpico que acabo el domingo 12","breadcrumb":{"@id":"https:\/\/www.laguiadepamplona.com\/actualidad\/el-proximo-lunes-comenzara-la-retirada-de-la-arena-de-los-fosos-de-la-ciudadela-tras-las-tareas-de-desmontaje-de-elementos-y-limpieza-de-la-zona-emprendidas-esta-semana\/#breadcrumb"},"inLanguage":"es","potentialAction":[{"@type":"ReadAction","target":["https:\/\/www.laguiadepamplona.com\/actualidad\/el-proximo-lunes-comenzara-la-retirada-de-la-arena-de-los-fosos-de-la-ciudadela-tras-las-tareas-de-desmontaje-de-elementos-y-limpieza-de-la-zona-emprendidas-esta-semana\/"]}]},{"@type":"ImageObject","inLanguage":"es","@id":"https:\/\/www.laguiadepamplona.com\/actualidad\/el-proximo-lunes-comenzara-la-retirada-de-la-arena-de-los-fosos-de-la-ciudadela-tras-las-tareas-de-desmontaje-de-elementos-y-limpieza-de-la-zona-emprendidas-esta-semana\/#primaryimage","url":"https:\/\/www.laguiadepamplona.com\/actualidad\/wp-content\/uploads\/2021\/05\/hipica_JGV9004.jpg","contentUrl":"https:\/\/www.laguiadepamplona.com\/actualidad\/wp-content\/uploads\/2021\/05\/hipica_JGV9004.jpg","width":1920,"height":1280,"caption":"A* Jes\u00fas Garzaron F* 2021_05_19 T* presentaci\u00f3n del programa de H\u00edpica en la Ciudadela L* Sala de Armas"},{"@type":"BreadcrumbList","@id":"https:\/\/www.laguiadepamplona.com\/actualidad\/el-proximo-lunes-comenzara-la-retirada-de-la-arena-de-los-fosos-de-la-ciudadela-tras-las-tareas-de-desmontaje-de-elementos-y-limpieza-de-la-zona-emprendidas-esta-semana\/#breadcrumb","itemListElement":[{"@type":"ListItem","position":1,"name":"Portada","item":"https:\/\/www.laguiadepamplona.com\/actualidad\/"},{"@type":"ListItem","position":2,"name":"El pr\u00f3ximo lunes comenzar\u00e1 la retirada de la arena de los fosos de la Ciudadela, tras las tareas de desmontaje de elementos y limpieza de la zona emprendidas esta semana"}]},{"@type":"WebSite","@id":"https:\/\/www.laguiadepamplona.com\/actualidad\/#website","url":"https:\/\/www.laguiadepamplona.com\/actualidad\/","name":"La gu\u00eda de Pamplona","description":"Noticias de Pamplona","publisher":{"@id":"https:\/\/www.laguiadepamplona.com\/actualidad\/#organization"},"potentialAction":[{"@type":"SearchAction","target":{"@type":"EntryPoint","urlTemplate":"https:\/\/www.laguiadepamplona.com\/actualidad\/?s={search_term_string}"},"query-input":{"@type":"PropertyValueSpecification","valueRequired":true,"valueName":"search_term_string"}}],"inLanguage":"es"},{"@type":"Organization","@id":"https:\/\/www.laguiadepamplona.com\/actualidad\/#organization","name":"La Gu\u00eda de Pamplona \/ Noticias","url":"https:\/\/www.laguiadepamplona.com\/actualidad\/","logo":{"@type":"ImageObject","inLanguage":"es","@id":"https:\/\/www.laguiadepamplona.com\/actualidad\/#\/schema\/logo\/image\/","url":"https:\/\/www.laguiadepamplona.com\/actualidad\/wp-content\/uploads\/2018\/11\/logo-laguiadepamplona18-web1.png","contentUrl":"https:\/\/www.laguiadepamplona.com\/actualidad\/wp-content\/uploads\/2018\/11\/logo-laguiadepamplona18-web1.png","width":600,"height":196,"caption":"La Gu\u00eda de Pamplona \/ Noticias"},"image":{"@id":"https:\/\/www.laguiadepamplona.com\/actualidad\/#\/schema\/logo\/image\/"},"sameAs":["https:\/\/www.facebook.com\/laguiadepamplonacom-133175176762273\/?ref=hl","https:\/\/x.com\/LaGuiadPamplona","https:\/\/www.instagram.com\/la_guia_de_pamplona\/","https:\/\/www.youtube.com\/user\/laguiadepamplona"]},{"@type":"Person","@id":"https:\/\/www.laguiadepamplona.com\/actualidad\/#\/schema\/person\/efe887376f0213d4657c93adc50b1fdb","name":"La Gu\u00eda de Pamplona","image":{"@type":"ImageObject","inLanguage":"es","@id":"https:\/\/secure.gravatar.com\/avatar\/b6992f131dc8d30ab0dff15446e9d346d9dbd95992de0fef795073f5ea83a81c?s=96&d=mm&r=g","url":"https:\/\/secure.gravatar.com\/avatar\/b6992f131dc8d30ab0dff15446e9d346d9dbd95992de0fef795073f5ea83a81c?s=96&d=mm&r=g","contentUrl":"https:\/\/secure.gravatar.com\/avatar\/b6992f131dc8d30ab0dff15446e9d346d9dbd95992de0fef795073f5ea83a81c?s=96&d=mm&r=g","caption":"La Gu\u00eda de Pamplona"}}]}},"post_mailing_queue_ids":[],"_links":{"self":[{"href":"https:\/\/www.laguiadepamplona.com\/actualidad\/wp-json\/wp\/v2\/posts\/36429","targetHints":{"allow":["GET"]}}],"collection":[{"href":"https:\/\/www.laguiadepamplona.com\/actualidad\/wp-json\/wp\/v2\/posts"}],"about":[{"href":"https:\/\/www.laguiadepamplona.com\/actualidad\/wp-json\/wp\/v2\/types\/post"}],"author":[{"embeddable":true,"href":"https:\/\/www.laguiadepamplona.com\/actualidad\/wp-json\/wp\/v2\/users\/1"}],"replies":[{"embeddable":true,"href":"https:\/\/www.laguiadepamplona.com\/actualidad\/wp-json\/wp\/v2\/comments?post=36429"}],"version-history":[{"count":0,"href":"https:\/\/www.laguiadepamplona.com\/actualidad\/wp-json\/wp\/v2\/posts\/36429\/revisions"}],"wp:featuredmedia":[{"embeddable":true,"href":"https:\/\/www.laguiadepamplona.com\/actualidad\/wp-json\/wp\/v2\/media\/34935"}],"wp:attachment":[{"href":"https:\/\/www.laguiadepamplona.com\/actualidad\/wp-json\/wp\/v2\/media?parent=36429"}],"wp:term":[{"taxonomy":"category","embeddable":true,"href":"https:\/\/www.laguiadepamplona.com\/actualidad\/wp-json\/wp\/v2\/categories?post=36429"},{"taxonomy":"post_tag","embeddable":true,"href":"https:\/\/www.laguiadepamplona.com\/actualidad\/wp-json\/wp\/v2\/tags?post=36429"}],"curies":[{"name":"wp","href":"https:\/\/api.w.org\/{rel}","templated":true}]}}