{"id":36422,"date":"2021-09-14T19:39:12","date_gmt":"2021-09-14T17:39:12","guid":{"rendered":"https:\/\/www.laguiadepamplona.com\/actualidad\/?p=36422"},"modified":"2023-04-11T11:49:01","modified_gmt":"2023-04-11T09:49:01","slug":"el-espacio-publico-de-las-huertas-de-etzabakoitz-estrena-un-cenador-realizado-por-la-escuela-taller-de-montaje-de-muebles-y-trasformacion-de-la-madera","status":"publish","type":"post","link":"https:\/\/www.laguiadepamplona.com\/actualidad\/el-espacio-publico-de-las-huertas-de-etzabakoitz-estrena-un-cenador-realizado-por-la-escuela-taller-de-montaje-de-muebles-y-trasformacion-de-la-madera\/","title":{"rendered":"El espacio p\u00fablico de las huertas de Etzabakoitz estrena un cenador realizado por la Escuela Taller de Montaje de Muebles y Trasformaci\u00f3n de la madera"},"content":{"rendered":"<h5>En esta iniciativa, que hoy ha visitado la Comisi\u00f3n del Asuntos Ciudadanos, han participado tambi\u00e9n distintos tajos de Empleo Social Protegido<\/h5>\n<p><!--more--><\/p>\n<p>El espacio de uso p\u00fablico de las huertas urbanas de Etxabakoitz estrena cenador. El alumnado de la Escuela Taller de Montaje de Muebles y Trasformaci\u00f3n de la madera del centro de formaci\u00f3n de Landaben se ha encargado en los \u00faltimos meses de dise\u00f1ar el prototipo, fabricar sus piezas y realizar el montaje sobre un suelo de hormig\u00f3n colocado previamente por Empleo Social Protegido (Tajo de Obras). En las pr\u00f3ximas semanas se va a revegetar con c\u00e9sped su entorno para dar lugar a un espacio ajardinado en el que tambi\u00e9n est\u00e1n dispuestas mesas a modo de merendero y bancos.<\/p>\n<p>Esta ma\u00f1ana ha visitado el espacio la Comisi\u00f3n del Asuntos Ciudadanos del Ayuntamiento de Pamplona que tambi\u00e9n ha podido ver el momento de cultivo en el que se hallan las huertas: en el espacio agr\u00edcola hay lechugas, coles, acelgas, tomates, pepinos, girasoles, melones, cebollas, ajetes y otras hortalizas, adem\u00e1s de arom\u00e1ticas como albahaca y menta y flores que atraen a los insectos polinizadores como cosmos, cal\u00e9ndulas, zinias y tagetes. Con ellos estaban Richard Elizalde, responsable de Programas de Empleo del \u00e1rea; Jos\u00e9 Miguel En\u00e9riz, encargado del Tajo de Obras de Empleo Social y Natxo Barberena, director del Centro de formaci\u00f3n Landaben, as\u00ed como alumnado y monitores de la escuela taller.<\/p>\n<p><script async src=\"\/\/pagead2.googlesyndication.com\/pagead\/js\/adsbygoogle.js\"><\/script><br \/>\n<!-- Noticias La Guia de Pamplona --><br \/>\n<ins class=\"adsbygoogle\"\nstyle=\"display:block\"\ndata-ad-client=\"ca-pub-6943679897239327\"\ndata-ad-slot=\"7048180777\"\ndata-ad-format=\"auto\"><\/ins><br \/>\n<script>\n(adsbygoogle = window.adsbygoogle || []).push({});\n<\/script><\/p>\n<p>Las huertas comenzaron a cultivarse en junio y ya se han recogido productos como tomates, calabacines, lechugas y pimientos. Una parte de la producci\u00f3n ha sido distribuida por la parroquia del barrio (Nuestra Se\u00f1ora del Pilar) al Banco de Alimentos con el que colabora. La inversi\u00f3n en esta dotaci\u00f3n ha sido cofinanciada por Ayuntamiento de Pamplona y Gobierno de Navarra.<\/p>\n<p>Estas huertas comparten modelo de gesti\u00f3n por concesi\u00f3n individual con el grupo de alrededor de 100 parcelas preparadas para el cultivo que hay en el meandro de Aranzadi. Existe un segundo modelo de cultivo urbano, el de \u2018Huertos comunitarios\u2019, un sistema de abierto a la ciudadan\u00eda en general, aunque siempre de forma asociativa. Ese segundo modelo est\u00e1 implantado en otros cinco barrios: Casco Antiguo, San Juan, Txantrea, Mendebaldea y Rochapea. Todas huertas, adem\u00e1s de mejorar la calidad de vida de los barrios, forman parte de la estrategia municipal \u2018Go Green Pamplona\u2019, un proyecto que engloba las l\u00edneas de actuaci\u00f3n que desarrolla o desarrollar\u00e1 la ciudad en la lucha contra el cambio clim\u00e1tico a medio y largo plazo.<\/p>\n<p><script async src=\"\/\/pagead2.googlesyndication.com\/pagead\/js\/adsbygoogle.js\"><\/script><br \/>\n<!-- Noticias La Guia de Pamplona --><br \/>\n<ins class=\"adsbygoogle\"\nstyle=\"display:block\"\ndata-ad-client=\"ca-pub-6943679897239327\"\ndata-ad-slot=\"7048180777\"\ndata-ad-format=\"auto\"><\/ins><br \/>\n<script>\n(adsbygoogle = window.adsbygoogle || []).push({});\n<\/script><\/p>\n<p><strong>Un espacio de ocio y descanso<\/strong><\/p>\n<p>La zona de huertas municipales de Etxabakoitz cuenta con dos espacios diferenciados: un \u00e1rea com\u00fan, abierta al p\u00fablico y el espacio de huertas propiamente dicho. El cenador es parte del primero, una zona recreativa a la que se acede por la avenida de Ar\u00f3stegui. En abril las 15 personas que forman el alumnado de la escuela taller vinculada a la madera comenzaron a trabajar en esta infraestructura realizada en madera de alerce y acabada en aceite ecol\u00f3gico al agua.<\/p>\n<p>El cenador tiene planta octogonal de 4,50 ms de di\u00e1metro y una altura de 4,10 ms hasta la c\u00faspide de la cubierta. Cuenta con un banco interior corrido dispuesto en todo el per\u00edmetro interior y su cubierta est\u00e1 realizada con placas bituminosas de color marr\u00f3n grapadas al tablero contrachapado. La cimentaci\u00f3n de soleras de hormig\u00f3n armado del cenador, de los bancos y de las mesas y el montaje de bancos y mesas ha sido realizada por Empleo Social Protegido a trav\u00e9s del Tajo de Obras.<\/p>\n<p>No es la primera colaboraci\u00f3n trasversal de este estilo entre distintos programas y \u00e1reas. En 2018, por ejemplo, personas usuarias del programa de Carpinter\u00eda y Mueble del Ayuntamiento de Pamplona realizaron la c\u00fapula geod\u00e9sica compuesta por 160 tri\u00e1ngulos de madera que hoy se puede ver en el huerto urbano del Rinc\u00f3n de las Pellejer\u00edas como espacio a cubierto multiusos.<\/p>\n<p><script async src=\"\/\/pagead2.googlesyndication.com\/pagead\/js\/adsbygoogle.js\"><\/script><br \/>\n<!-- Noticias La Guia de Pamplona --><br \/>\n<ins class=\"adsbygoogle\"\nstyle=\"display:block\"\ndata-ad-client=\"ca-pub-6943679897239327\"\ndata-ad-slot=\"7048180777\"\ndata-ad-format=\"auto\"><\/ins><br \/>\n<script>\n(adsbygoogle = window.adsbygoogle || []).push({});\n<\/script><\/p>\n<p><strong>48 huertas<\/strong><\/p>\n<p>Al espacio de huertas solo tienen acceso las personas y asociaciones adjudicatarias. El sorteo de las 37 huertas para particulares se hizo en diciembre de 2020 y el Ayuntamiento registra m\u00e1s de 300 personas de reserva por lo que, por el momento, no se va a abrir la lista. Adem\u00e1s, cuenta con 8 huertas para las asociaciones Lunes Lilas Navarra, Apoyo Mutuo-Elkarri Laguntza, ANASAPS, Club Jubilados Etxabakoitz-Centro San Jos\u00e9-Centro de d\u00eda Pilar Gogorcena, Itxaropengune, AFINA, Asociaci\u00f3n de Retinosis de Navarra y Etxabakoitz Bizirik y a otras tres 3 que gestiona la Unidad de Barrio de Etxabakoitz.<\/p>\n<p>Con el fin de contribuir a la normativa de residuos, el Consistorio repartir\u00e1 a las personas y asociaciones adjudicatarias bolsas reutilizables y lavables realizadas en el Tajo de Tapicer\u00eda y Confecci\u00f3n de Empleo Social del Ayuntamiento de Pamplona para evitar que se recojan las cosechas con bolsas desechables de pl\u00e1stico. En ning\u00fan caso se permite la instalaci\u00f3n de elementos no vegetales en las parcelas como pueden ser toldos, mesas, bancos o casetas. Tampoco la plantaci\u00f3n de vegetales de alto porte (\u00e1rboles), ni el acceso al recinto con animales. Los usuarios tienen obligaci\u00f3n de abrir y cerrar con llave las puertas siempre que las atraviesen.<\/p>\n","protected":false},"excerpt":{"rendered":"<p>En esta iniciativa, que hoy ha visitado la Comisi\u00f3n del Asuntos Ciudadanos, han participado tambi\u00e9n distintos tajos de Empleo Social Protegido<\/p>\n","protected":false},"author":1,"featured_media":36423,"comment_status":"open","ping_status":"closed","sticky":false,"template":"","format":"standard","meta":{"footnotes":""},"categories":[2],"tags":[],"class_list":["post-36422","post","type-post","status-publish","format-standard","has-post-thumbnail","hentry","category-ayuntamiento-pamplona"],"yoast_head":"<!-- This site is optimized with the Yoast SEO plugin v27.5 - https:\/\/yoast.com\/product\/yoast-seo-wordpress\/ -->\n<title>El espacio p\u00fablico de las huertas de Etzabakoitz estrena un cenador realizado por la Escuela Taller de Montaje de Muebles y Trasformaci\u00f3n de la madera<\/title>\n<meta name=\"description\" content=\"En esta iniciativa, que hoy ha visitado la Comisi\u00f3n del Asuntos Ciudadanos, han participado tambi\u00e9n distintos tajos de Empleo Social Protegido\" \/>\n<meta name=\"robots\" content=\"index, follow, max-snippet:-1, max-image-preview:large, max-video-preview:-1\" \/>\n<link rel=\"canonical\" href=\"https:\/\/www.laguiadepamplona.com\/actualidad\/el-espacio-publico-de-las-huertas-de-etzabakoitz-estrena-un-cenador-realizado-por-la-escuela-taller-de-montaje-de-muebles-y-trasformacion-de-la-madera\/\" \/>\n<meta property=\"og:locale\" content=\"es_ES\" \/>\n<meta property=\"og:type\" content=\"article\" \/>\n<meta property=\"og:title\" content=\"El espacio p\u00fablico de las huertas de Etzabakoitz estrena un cenador realizado por la Escuela Taller de Montaje de Muebles y Trasformaci\u00f3n de la madera\" \/>\n<meta property=\"og:description\" content=\"En esta iniciativa, que hoy ha visitado la Comisi\u00f3n del Asuntos Ciudadanos, han participado tambi\u00e9n distintos tajos de Empleo Social Protegido\" \/>\n<meta property=\"og:url\" content=\"https:\/\/www.laguiadepamplona.com\/actualidad\/el-espacio-publico-de-las-huertas-de-etzabakoitz-estrena-un-cenador-realizado-por-la-escuela-taller-de-montaje-de-muebles-y-trasformacion-de-la-madera\/\" \/>\n<meta property=\"og:site_name\" content=\"La Gu\u00eda de Pamplona\" \/>\n<meta property=\"article:publisher\" content=\"https:\/\/www.facebook.com\/laguiadepamplonacom-133175176762273\/?ref=hl\" \/>\n<meta property=\"article:published_time\" content=\"2021-09-14T17:39:12+00:00\" \/>\n<meta property=\"article:modified_time\" content=\"2023-04-11T09:49:01+00:00\" \/>\n<meta property=\"og:image\" content=\"https:\/\/www.laguiadepamplona.com\/actualidad\/wp-content\/uploads\/2021\/09\/huertasechavacoiz_jmg5853.jpg\" \/>\n\t<meta property=\"og:image:width\" content=\"1920\" \/>\n\t<meta property=\"og:image:height\" content=\"1280\" \/>\n\t<meta property=\"og:image:type\" content=\"image\/jpeg\" \/>\n<meta name=\"author\" content=\"La Gu\u00eda de Pamplona\" \/>\n<meta name=\"twitter:card\" content=\"summary_large_image\" \/>\n<meta name=\"twitter:creator\" content=\"@LaGuiadPamplona\" \/>\n<meta name=\"twitter:site\" content=\"@LaGuiadPamplona\" \/>\n<meta name=\"twitter:label1\" content=\"Escrito por\" \/>\n\t<meta name=\"twitter:data1\" content=\"La Gu\u00eda de Pamplona\" \/>\n\t<meta name=\"twitter:label2\" content=\"Tiempo de lectura\" \/>\n\t<meta name=\"twitter:data2\" content=\"4 minutos\" \/>\n<script type=\"application\/ld+json\" class=\"yoast-schema-graph\">{\"@context\":\"https:\\\/\\\/schema.org\",\"@graph\":[{\"@type\":\"Article\",\"@id\":\"https:\\\/\\\/www.laguiadepamplona.com\\\/actualidad\\\/el-espacio-publico-de-las-huertas-de-etzabakoitz-estrena-un-cenador-realizado-por-la-escuela-taller-de-montaje-de-muebles-y-trasformacion-de-la-madera\\\/#article\",\"isPartOf\":{\"@id\":\"https:\\\/\\\/www.laguiadepamplona.com\\\/actualidad\\\/el-espacio-publico-de-las-huertas-de-etzabakoitz-estrena-un-cenador-realizado-por-la-escuela-taller-de-montaje-de-muebles-y-trasformacion-de-la-madera\\\/\"},\"author\":{\"name\":\"La Gu\u00eda de Pamplona\",\"@id\":\"https:\\\/\\\/www.laguiadepamplona.com\\\/actualidad\\\/#\\\/schema\\\/person\\\/efe887376f0213d4657c93adc50b1fdb\"},\"headline\":\"El espacio p\u00fablico de las huertas de Etzabakoitz estrena un cenador realizado por la Escuela Taller de Montaje de Muebles y Trasformaci\u00f3n de la madera\",\"datePublished\":\"2021-09-14T17:39:12+00:00\",\"dateModified\":\"2023-04-11T09:49:01+00:00\",\"mainEntityOfPage\":{\"@id\":\"https:\\\/\\\/www.laguiadepamplona.com\\\/actualidad\\\/el-espacio-publico-de-las-huertas-de-etzabakoitz-estrena-un-cenador-realizado-por-la-escuela-taller-de-montaje-de-muebles-y-trasformacion-de-la-madera\\\/\"},\"wordCount\":913,\"commentCount\":0,\"publisher\":{\"@id\":\"https:\\\/\\\/www.laguiadepamplona.com\\\/actualidad\\\/#organization\"},\"image\":{\"@id\":\"https:\\\/\\\/www.laguiadepamplona.com\\\/actualidad\\\/el-espacio-publico-de-las-huertas-de-etzabakoitz-estrena-un-cenador-realizado-por-la-escuela-taller-de-montaje-de-muebles-y-trasformacion-de-la-madera\\\/#primaryimage\"},\"thumbnailUrl\":\"https:\\\/\\\/www.laguiadepamplona.com\\\/actualidad\\\/wp-content\\\/uploads\\\/2021\\\/09\\\/huertasechavacoiz_jmg5853.jpg\",\"articleSection\":[\"Ayto Pamplona\"],\"inLanguage\":\"es\",\"potentialAction\":[{\"@type\":\"CommentAction\",\"name\":\"Comment\",\"target\":[\"https:\\\/\\\/www.laguiadepamplona.com\\\/actualidad\\\/el-espacio-publico-de-las-huertas-de-etzabakoitz-estrena-un-cenador-realizado-por-la-escuela-taller-de-montaje-de-muebles-y-trasformacion-de-la-madera\\\/#respond\"]}]},{\"@type\":\"WebPage\",\"@id\":\"https:\\\/\\\/www.laguiadepamplona.com\\\/actualidad\\\/el-espacio-publico-de-las-huertas-de-etzabakoitz-estrena-un-cenador-realizado-por-la-escuela-taller-de-montaje-de-muebles-y-trasformacion-de-la-madera\\\/\",\"url\":\"https:\\\/\\\/www.laguiadepamplona.com\\\/actualidad\\\/el-espacio-publico-de-las-huertas-de-etzabakoitz-estrena-un-cenador-realizado-por-la-escuela-taller-de-montaje-de-muebles-y-trasformacion-de-la-madera\\\/\",\"name\":\"El espacio p\u00fablico de las huertas de Etzabakoitz estrena un cenador realizado por la Escuela Taller de Montaje de Muebles y Trasformaci\u00f3n de la madera\",\"isPartOf\":{\"@id\":\"https:\\\/\\\/www.laguiadepamplona.com\\\/actualidad\\\/#website\"},\"primaryImageOfPage\":{\"@id\":\"https:\\\/\\\/www.laguiadepamplona.com\\\/actualidad\\\/el-espacio-publico-de-las-huertas-de-etzabakoitz-estrena-un-cenador-realizado-por-la-escuela-taller-de-montaje-de-muebles-y-trasformacion-de-la-madera\\\/#primaryimage\"},\"image\":{\"@id\":\"https:\\\/\\\/www.laguiadepamplona.com\\\/actualidad\\\/el-espacio-publico-de-las-huertas-de-etzabakoitz-estrena-un-cenador-realizado-por-la-escuela-taller-de-montaje-de-muebles-y-trasformacion-de-la-madera\\\/#primaryimage\"},\"thumbnailUrl\":\"https:\\\/\\\/www.laguiadepamplona.com\\\/actualidad\\\/wp-content\\\/uploads\\\/2021\\\/09\\\/huertasechavacoiz_jmg5853.jpg\",\"datePublished\":\"2021-09-14T17:39:12+00:00\",\"dateModified\":\"2023-04-11T09:49:01+00:00\",\"description\":\"En esta iniciativa, que hoy ha visitado la Comisi\u00f3n del Asuntos Ciudadanos, han participado tambi\u00e9n distintos tajos de Empleo Social Protegido\",\"breadcrumb\":{\"@id\":\"https:\\\/\\\/www.laguiadepamplona.com\\\/actualidad\\\/el-espacio-publico-de-las-huertas-de-etzabakoitz-estrena-un-cenador-realizado-por-la-escuela-taller-de-montaje-de-muebles-y-trasformacion-de-la-madera\\\/#breadcrumb\"},\"inLanguage\":\"es\",\"potentialAction\":[{\"@type\":\"ReadAction\",\"target\":[\"https:\\\/\\\/www.laguiadepamplona.com\\\/actualidad\\\/el-espacio-publico-de-las-huertas-de-etzabakoitz-estrena-un-cenador-realizado-por-la-escuela-taller-de-montaje-de-muebles-y-trasformacion-de-la-madera\\\/\"]}]},{\"@type\":\"ImageObject\",\"inLanguage\":\"es\",\"@id\":\"https:\\\/\\\/www.laguiadepamplona.com\\\/actualidad\\\/el-espacio-publico-de-las-huertas-de-etzabakoitz-estrena-un-cenador-realizado-por-la-escuela-taller-de-montaje-de-muebles-y-trasformacion-de-la-madera\\\/#primaryimage\",\"url\":\"https:\\\/\\\/www.laguiadepamplona.com\\\/actualidad\\\/wp-content\\\/uploads\\\/2021\\\/09\\\/huertasechavacoiz_jmg5853.jpg\",\"contentUrl\":\"https:\\\/\\\/www.laguiadepamplona.com\\\/actualidad\\\/wp-content\\\/uploads\\\/2021\\\/09\\\/huertasechavacoiz_jmg5853.jpg\",\"width\":1920,\"height\":1280,\"caption\":\"A* Jesus Garzaron F* 2021_09_14 T* Visita de la comisi\u00f3n del ayuntamiento al Cenador y las huertas L* Echavacoiz\\\/Etxabakoitz\"},{\"@type\":\"BreadcrumbList\",\"@id\":\"https:\\\/\\\/www.laguiadepamplona.com\\\/actualidad\\\/el-espacio-publico-de-las-huertas-de-etzabakoitz-estrena-un-cenador-realizado-por-la-escuela-taller-de-montaje-de-muebles-y-trasformacion-de-la-madera\\\/#breadcrumb\",\"itemListElement\":[{\"@type\":\"ListItem\",\"position\":1,\"name\":\"Portada\",\"item\":\"https:\\\/\\\/www.laguiadepamplona.com\\\/actualidad\\\/\"},{\"@type\":\"ListItem\",\"position\":2,\"name\":\"El espacio p\u00fablico de las huertas de Etzabakoitz estrena un cenador realizado por la Escuela Taller de Montaje de Muebles y Trasformaci\u00f3n de la madera\"}]},{\"@type\":\"WebSite\",\"@id\":\"https:\\\/\\\/www.laguiadepamplona.com\\\/actualidad\\\/#website\",\"url\":\"https:\\\/\\\/www.laguiadepamplona.com\\\/actualidad\\\/\",\"name\":\"La gu\u00eda de Pamplona\",\"description\":\"Noticias de Pamplona\",\"publisher\":{\"@id\":\"https:\\\/\\\/www.laguiadepamplona.com\\\/actualidad\\\/#organization\"},\"potentialAction\":[{\"@type\":\"SearchAction\",\"target\":{\"@type\":\"EntryPoint\",\"urlTemplate\":\"https:\\\/\\\/www.laguiadepamplona.com\\\/actualidad\\\/?s={search_term_string}\"},\"query-input\":{\"@type\":\"PropertyValueSpecification\",\"valueRequired\":true,\"valueName\":\"search_term_string\"}}],\"inLanguage\":\"es\"},{\"@type\":\"Organization\",\"@id\":\"https:\\\/\\\/www.laguiadepamplona.com\\\/actualidad\\\/#organization\",\"name\":\"La Gu\u00eda de Pamplona \\\/ Noticias\",\"url\":\"https:\\\/\\\/www.laguiadepamplona.com\\\/actualidad\\\/\",\"logo\":{\"@type\":\"ImageObject\",\"inLanguage\":\"es\",\"@id\":\"https:\\\/\\\/www.laguiadepamplona.com\\\/actualidad\\\/#\\\/schema\\\/logo\\\/image\\\/\",\"url\":\"https:\\\/\\\/www.laguiadepamplona.com\\\/actualidad\\\/wp-content\\\/uploads\\\/2018\\\/11\\\/logo-laguiadepamplona18-web1.png\",\"contentUrl\":\"https:\\\/\\\/www.laguiadepamplona.com\\\/actualidad\\\/wp-content\\\/uploads\\\/2018\\\/11\\\/logo-laguiadepamplona18-web1.png\",\"width\":600,\"height\":196,\"caption\":\"La Gu\u00eda de Pamplona \\\/ Noticias\"},\"image\":{\"@id\":\"https:\\\/\\\/www.laguiadepamplona.com\\\/actualidad\\\/#\\\/schema\\\/logo\\\/image\\\/\"},\"sameAs\":[\"https:\\\/\\\/www.facebook.com\\\/laguiadepamplonacom-133175176762273\\\/?ref=hl\",\"https:\\\/\\\/x.com\\\/LaGuiadPamplona\",\"https:\\\/\\\/www.instagram.com\\\/la_guia_de_pamplona\\\/\",\"https:\\\/\\\/www.youtube.com\\\/user\\\/laguiadepamplona\"]},{\"@type\":\"Person\",\"@id\":\"https:\\\/\\\/www.laguiadepamplona.com\\\/actualidad\\\/#\\\/schema\\\/person\\\/efe887376f0213d4657c93adc50b1fdb\",\"name\":\"La Gu\u00eda de Pamplona\",\"image\":{\"@type\":\"ImageObject\",\"inLanguage\":\"es\",\"@id\":\"https:\\\/\\\/secure.gravatar.com\\\/avatar\\\/b6992f131dc8d30ab0dff15446e9d346d9dbd95992de0fef795073f5ea83a81c?s=96&d=mm&r=g\",\"url\":\"https:\\\/\\\/secure.gravatar.com\\\/avatar\\\/b6992f131dc8d30ab0dff15446e9d346d9dbd95992de0fef795073f5ea83a81c?s=96&d=mm&r=g\",\"contentUrl\":\"https:\\\/\\\/secure.gravatar.com\\\/avatar\\\/b6992f131dc8d30ab0dff15446e9d346d9dbd95992de0fef795073f5ea83a81c?s=96&d=mm&r=g\",\"caption\":\"La Gu\u00eda de Pamplona\"}}]}<\/script>\n<!-- \/ Yoast SEO plugin. -->","yoast_head_json":{"title":"El espacio p\u00fablico de las huertas de Etzabakoitz estrena un cenador realizado por la Escuela Taller de Montaje de Muebles y Trasformaci\u00f3n de la madera","description":"En esta iniciativa, que hoy ha visitado la Comisi\u00f3n del Asuntos Ciudadanos, han participado tambi\u00e9n distintos tajos de Empleo Social Protegido","robots":{"index":"index","follow":"follow","max-snippet":"max-snippet:-1","max-image-preview":"max-image-preview:large","max-video-preview":"max-video-preview:-1"},"canonical":"https:\/\/www.laguiadepamplona.com\/actualidad\/el-espacio-publico-de-las-huertas-de-etzabakoitz-estrena-un-cenador-realizado-por-la-escuela-taller-de-montaje-de-muebles-y-trasformacion-de-la-madera\/","og_locale":"es_ES","og_type":"article","og_title":"El espacio p\u00fablico de las huertas de Etzabakoitz estrena un cenador realizado por la Escuela Taller de Montaje de Muebles y Trasformaci\u00f3n de la madera","og_description":"En esta iniciativa, que hoy ha visitado la Comisi\u00f3n del Asuntos Ciudadanos, han participado tambi\u00e9n distintos tajos de Empleo Social Protegido","og_url":"https:\/\/www.laguiadepamplona.com\/actualidad\/el-espacio-publico-de-las-huertas-de-etzabakoitz-estrena-un-cenador-realizado-por-la-escuela-taller-de-montaje-de-muebles-y-trasformacion-de-la-madera\/","og_site_name":"La Gu\u00eda de Pamplona","article_publisher":"https:\/\/www.facebook.com\/laguiadepamplonacom-133175176762273\/?ref=hl","article_published_time":"2021-09-14T17:39:12+00:00","article_modified_time":"2023-04-11T09:49:01+00:00","og_image":[{"width":1920,"height":1280,"url":"https:\/\/www.laguiadepamplona.com\/actualidad\/wp-content\/uploads\/2021\/09\/huertasechavacoiz_jmg5853.jpg","type":"image\/jpeg"}],"author":"La Gu\u00eda de Pamplona","twitter_card":"summary_large_image","twitter_creator":"@LaGuiadPamplona","twitter_site":"@LaGuiadPamplona","twitter_misc":{"Escrito por":"La Gu\u00eda de Pamplona","Tiempo de lectura":"4 minutos"},"schema":{"@context":"https:\/\/schema.org","@graph":[{"@type":"Article","@id":"https:\/\/www.laguiadepamplona.com\/actualidad\/el-espacio-publico-de-las-huertas-de-etzabakoitz-estrena-un-cenador-realizado-por-la-escuela-taller-de-montaje-de-muebles-y-trasformacion-de-la-madera\/#article","isPartOf":{"@id":"https:\/\/www.laguiadepamplona.com\/actualidad\/el-espacio-publico-de-las-huertas-de-etzabakoitz-estrena-un-cenador-realizado-por-la-escuela-taller-de-montaje-de-muebles-y-trasformacion-de-la-madera\/"},"author":{"name":"La Gu\u00eda de Pamplona","@id":"https:\/\/www.laguiadepamplona.com\/actualidad\/#\/schema\/person\/efe887376f0213d4657c93adc50b1fdb"},"headline":"El espacio p\u00fablico de las huertas de Etzabakoitz estrena un cenador realizado por la Escuela Taller de Montaje de Muebles y Trasformaci\u00f3n de la madera","datePublished":"2021-09-14T17:39:12+00:00","dateModified":"2023-04-11T09:49:01+00:00","mainEntityOfPage":{"@id":"https:\/\/www.laguiadepamplona.com\/actualidad\/el-espacio-publico-de-las-huertas-de-etzabakoitz-estrena-un-cenador-realizado-por-la-escuela-taller-de-montaje-de-muebles-y-trasformacion-de-la-madera\/"},"wordCount":913,"commentCount":0,"publisher":{"@id":"https:\/\/www.laguiadepamplona.com\/actualidad\/#organization"},"image":{"@id":"https:\/\/www.laguiadepamplona.com\/actualidad\/el-espacio-publico-de-las-huertas-de-etzabakoitz-estrena-un-cenador-realizado-por-la-escuela-taller-de-montaje-de-muebles-y-trasformacion-de-la-madera\/#primaryimage"},"thumbnailUrl":"https:\/\/www.laguiadepamplona.com\/actualidad\/wp-content\/uploads\/2021\/09\/huertasechavacoiz_jmg5853.jpg","articleSection":["Ayto Pamplona"],"inLanguage":"es","potentialAction":[{"@type":"CommentAction","name":"Comment","target":["https:\/\/www.laguiadepamplona.com\/actualidad\/el-espacio-publico-de-las-huertas-de-etzabakoitz-estrena-un-cenador-realizado-por-la-escuela-taller-de-montaje-de-muebles-y-trasformacion-de-la-madera\/#respond"]}]},{"@type":"WebPage","@id":"https:\/\/www.laguiadepamplona.com\/actualidad\/el-espacio-publico-de-las-huertas-de-etzabakoitz-estrena-un-cenador-realizado-por-la-escuela-taller-de-montaje-de-muebles-y-trasformacion-de-la-madera\/","url":"https:\/\/www.laguiadepamplona.com\/actualidad\/el-espacio-publico-de-las-huertas-de-etzabakoitz-estrena-un-cenador-realizado-por-la-escuela-taller-de-montaje-de-muebles-y-trasformacion-de-la-madera\/","name":"El espacio p\u00fablico de las huertas de Etzabakoitz estrena un cenador realizado por la Escuela Taller de Montaje de Muebles y Trasformaci\u00f3n de la madera","isPartOf":{"@id":"https:\/\/www.laguiadepamplona.com\/actualidad\/#website"},"primaryImageOfPage":{"@id":"https:\/\/www.laguiadepamplona.com\/actualidad\/el-espacio-publico-de-las-huertas-de-etzabakoitz-estrena-un-cenador-realizado-por-la-escuela-taller-de-montaje-de-muebles-y-trasformacion-de-la-madera\/#primaryimage"},"image":{"@id":"https:\/\/www.laguiadepamplona.com\/actualidad\/el-espacio-publico-de-las-huertas-de-etzabakoitz-estrena-un-cenador-realizado-por-la-escuela-taller-de-montaje-de-muebles-y-trasformacion-de-la-madera\/#primaryimage"},"thumbnailUrl":"https:\/\/www.laguiadepamplona.com\/actualidad\/wp-content\/uploads\/2021\/09\/huertasechavacoiz_jmg5853.jpg","datePublished":"2021-09-14T17:39:12+00:00","dateModified":"2023-04-11T09:49:01+00:00","description":"En esta iniciativa, que hoy ha visitado la Comisi\u00f3n del Asuntos Ciudadanos, han participado tambi\u00e9n distintos tajos de Empleo Social Protegido","breadcrumb":{"@id":"https:\/\/www.laguiadepamplona.com\/actualidad\/el-espacio-publico-de-las-huertas-de-etzabakoitz-estrena-un-cenador-realizado-por-la-escuela-taller-de-montaje-de-muebles-y-trasformacion-de-la-madera\/#breadcrumb"},"inLanguage":"es","potentialAction":[{"@type":"ReadAction","target":["https:\/\/www.laguiadepamplona.com\/actualidad\/el-espacio-publico-de-las-huertas-de-etzabakoitz-estrena-un-cenador-realizado-por-la-escuela-taller-de-montaje-de-muebles-y-trasformacion-de-la-madera\/"]}]},{"@type":"ImageObject","inLanguage":"es","@id":"https:\/\/www.laguiadepamplona.com\/actualidad\/el-espacio-publico-de-las-huertas-de-etzabakoitz-estrena-un-cenador-realizado-por-la-escuela-taller-de-montaje-de-muebles-y-trasformacion-de-la-madera\/#primaryimage","url":"https:\/\/www.laguiadepamplona.com\/actualidad\/wp-content\/uploads\/2021\/09\/huertasechavacoiz_jmg5853.jpg","contentUrl":"https:\/\/www.laguiadepamplona.com\/actualidad\/wp-content\/uploads\/2021\/09\/huertasechavacoiz_jmg5853.jpg","width":1920,"height":1280,"caption":"A* Jesus Garzaron F* 2021_09_14 T* Visita de la comisi\u00f3n del ayuntamiento al Cenador y las huertas L* Echavacoiz\/Etxabakoitz"},{"@type":"BreadcrumbList","@id":"https:\/\/www.laguiadepamplona.com\/actualidad\/el-espacio-publico-de-las-huertas-de-etzabakoitz-estrena-un-cenador-realizado-por-la-escuela-taller-de-montaje-de-muebles-y-trasformacion-de-la-madera\/#breadcrumb","itemListElement":[{"@type":"ListItem","position":1,"name":"Portada","item":"https:\/\/www.laguiadepamplona.com\/actualidad\/"},{"@type":"ListItem","position":2,"name":"El espacio p\u00fablico de las huertas de Etzabakoitz estrena un cenador realizado por la Escuela Taller de Montaje de Muebles y Trasformaci\u00f3n de la madera"}]},{"@type":"WebSite","@id":"https:\/\/www.laguiadepamplona.com\/actualidad\/#website","url":"https:\/\/www.laguiadepamplona.com\/actualidad\/","name":"La gu\u00eda de Pamplona","description":"Noticias de Pamplona","publisher":{"@id":"https:\/\/www.laguiadepamplona.com\/actualidad\/#organization"},"potentialAction":[{"@type":"SearchAction","target":{"@type":"EntryPoint","urlTemplate":"https:\/\/www.laguiadepamplona.com\/actualidad\/?s={search_term_string}"},"query-input":{"@type":"PropertyValueSpecification","valueRequired":true,"valueName":"search_term_string"}}],"inLanguage":"es"},{"@type":"Organization","@id":"https:\/\/www.laguiadepamplona.com\/actualidad\/#organization","name":"La Gu\u00eda de Pamplona \/ Noticias","url":"https:\/\/www.laguiadepamplona.com\/actualidad\/","logo":{"@type":"ImageObject","inLanguage":"es","@id":"https:\/\/www.laguiadepamplona.com\/actualidad\/#\/schema\/logo\/image\/","url":"https:\/\/www.laguiadepamplona.com\/actualidad\/wp-content\/uploads\/2018\/11\/logo-laguiadepamplona18-web1.png","contentUrl":"https:\/\/www.laguiadepamplona.com\/actualidad\/wp-content\/uploads\/2018\/11\/logo-laguiadepamplona18-web1.png","width":600,"height":196,"caption":"La Gu\u00eda de Pamplona \/ Noticias"},"image":{"@id":"https:\/\/www.laguiadepamplona.com\/actualidad\/#\/schema\/logo\/image\/"},"sameAs":["https:\/\/www.facebook.com\/laguiadepamplonacom-133175176762273\/?ref=hl","https:\/\/x.com\/LaGuiadPamplona","https:\/\/www.instagram.com\/la_guia_de_pamplona\/","https:\/\/www.youtube.com\/user\/laguiadepamplona"]},{"@type":"Person","@id":"https:\/\/www.laguiadepamplona.com\/actualidad\/#\/schema\/person\/efe887376f0213d4657c93adc50b1fdb","name":"La Gu\u00eda de Pamplona","image":{"@type":"ImageObject","inLanguage":"es","@id":"https:\/\/secure.gravatar.com\/avatar\/b6992f131dc8d30ab0dff15446e9d346d9dbd95992de0fef795073f5ea83a81c?s=96&d=mm&r=g","url":"https:\/\/secure.gravatar.com\/avatar\/b6992f131dc8d30ab0dff15446e9d346d9dbd95992de0fef795073f5ea83a81c?s=96&d=mm&r=g","contentUrl":"https:\/\/secure.gravatar.com\/avatar\/b6992f131dc8d30ab0dff15446e9d346d9dbd95992de0fef795073f5ea83a81c?s=96&d=mm&r=g","caption":"La Gu\u00eda de Pamplona"}}]}},"post_mailing_queue_ids":[],"_links":{"self":[{"href":"https:\/\/www.laguiadepamplona.com\/actualidad\/wp-json\/wp\/v2\/posts\/36422","targetHints":{"allow":["GET"]}}],"collection":[{"href":"https:\/\/www.laguiadepamplona.com\/actualidad\/wp-json\/wp\/v2\/posts"}],"about":[{"href":"https:\/\/www.laguiadepamplona.com\/actualidad\/wp-json\/wp\/v2\/types\/post"}],"author":[{"embeddable":true,"href":"https:\/\/www.laguiadepamplona.com\/actualidad\/wp-json\/wp\/v2\/users\/1"}],"replies":[{"embeddable":true,"href":"https:\/\/www.laguiadepamplona.com\/actualidad\/wp-json\/wp\/v2\/comments?post=36422"}],"version-history":[{"count":0,"href":"https:\/\/www.laguiadepamplona.com\/actualidad\/wp-json\/wp\/v2\/posts\/36422\/revisions"}],"wp:featuredmedia":[{"embeddable":true,"href":"https:\/\/www.laguiadepamplona.com\/actualidad\/wp-json\/wp\/v2\/media\/36423"}],"wp:attachment":[{"href":"https:\/\/www.laguiadepamplona.com\/actualidad\/wp-json\/wp\/v2\/media?parent=36422"}],"wp:term":[{"taxonomy":"category","embeddable":true,"href":"https:\/\/www.laguiadepamplona.com\/actualidad\/wp-json\/wp\/v2\/categories?post=36422"},{"taxonomy":"post_tag","embeddable":true,"href":"https:\/\/www.laguiadepamplona.com\/actualidad\/wp-json\/wp\/v2\/tags?post=36422"}],"curies":[{"name":"wp","href":"https:\/\/api.w.org\/{rel}","templated":true}]}}