{"id":36417,"date":"2021-09-14T19:35:02","date_gmt":"2021-09-14T17:35:02","guid":{"rendered":"https:\/\/www.laguiadepamplona.com\/actualidad\/?p=36417"},"modified":"2023-04-11T11:49:01","modified_gmt":"2023-04-11T09:49:01","slug":"declaraciones-aprobadas-en-la-comision-de-presidencia-celebrada-el-martes-14-de-septiembre-de-2021","status":"publish","type":"post","link":"https:\/\/www.laguiadepamplona.com\/actualidad\/declaraciones-aprobadas-en-la-comision-de-presidencia-celebrada-el-martes-14-de-septiembre-de-2021\/","title":{"rendered":"Declaraciones aprobadas en la Comisi\u00f3n de Presidencia celebrada el martes 14 de septiembre de 2021"},"content":{"rendered":"<p><!--more--><\/p>\n<p><strong>Declaraci\u00f3n para una estrategia ante los problemas de convivencia y ocio nocturno en el Casco Viejo de Iru\u00f1ea<\/strong><\/p>\n<p><u>Proponente<\/u>: EH Bildu<\/p>\n<p><u>Votaci\u00f3n<\/u>: 6 votos a favor (EH Bildu, Socialistas del Ayuntamiento de Pamplona y Geroa Bai) y 5 abstenciones (Navarra Suma)<\/p>\n<p>ACUERDA<\/p>\n<ol>\n<li>Convocar, en el plazo m\u00e1ximo de dos semanas, a la Mesa del Casco Antiguo para consensuar una estrategia en torno a la convivencia y al ocio nocturno en el barrio.<\/li>\n<li>Convocar, en el plazo de un mes, una reuni\u00f3n entre la Mesa de la Juventud y todas las \u00e1reas directamente implicadas para debatir, junto con personal experto, una estrategia integral que abarque tanto medidas a corto plazo como propuestas espec\u00edficas para atender necesidades, demandas y alternativas de ocio para la juventud en la actual situaci\u00f3n sanitaria.<\/li>\n<li>Las propuestas que surjan en cada foro se comunicar\u00e1n con reciprocidad para dotar de unidad y coherencia a la estrategia y lograr el m\u00e1ximo nivel de implicaci\u00f3n y consenso entre las partes directamente afectadas. En su caso, se compartir\u00e1n con el Gobierno de Navarra en las materias y en la medida que afecten a sus competencias.<\/li>\n<\/ol>\n<p>&nbsp;<\/p>\n<p><script async src=\"\/\/pagead2.googlesyndication.com\/pagead\/js\/adsbygoogle.js\"><\/script><br \/>\n<!-- Noticias La Guia de Pamplona --><br \/>\n<ins class=\"adsbygoogle\"\nstyle=\"display:block\"\ndata-ad-client=\"ca-pub-6943679897239327\"\ndata-ad-slot=\"7048180777\"\ndata-ad-format=\"auto\"><\/ins><br \/>\n<script>\n(adsbygoogle = window.adsbygoogle || []).push({});\n<\/script><\/p>\n<p><strong>Declaraci\u00f3n sobre el derecho a la informaci\u00f3n<\/strong><\/p>\n<p><u>Proponente<\/u>: Socialistas del Ayuntamiento de Pamplona<\/p>\n<p><u>Votaci\u00f3n<\/u>: 6 votos a favor (Socialistas del Ayuntamiento de Pamplona, EH Bildu y Geroa Bai) y 5 en contra (Navarra Suma).<\/p>\n<p>ACUERDA<\/p>\n<ol>\n<li>Reprobar al alcalde Maya por vulnerar el derecho a la informaci\u00f3n de la Corporaci\u00f3n municipal y presentar un recurso ante el Contencioso Administrativo contra la Resoluci\u00f3n del TAN que as\u00ed lo estimaba, utilizando para ello dinero p\u00fablico.<\/li>\n<li>Exigir al alcalde Maya que no recurra la Sentencia n\u00ba 000250\/2021 del Juzgado n\u00ba1 de lo Contencioso Administrativo de Navarra, que avala la Resoluci\u00f3n 1511 del Tan de 9-11-20 en favor del derecho a la informaci\u00f3n.<\/li>\n<\/ol>\n<p>&nbsp;<\/p>\n<p><script async src=\"\/\/pagead2.googlesyndication.com\/pagead\/js\/adsbygoogle.js\"><\/script><br \/>\n<!-- Noticias La Guia de Pamplona --><br \/>\n<ins class=\"adsbygoogle\"\nstyle=\"display:block\"\ndata-ad-client=\"ca-pub-6943679897239327\"\ndata-ad-slot=\"7048180777\"\ndata-ad-format=\"auto\"><\/ins><br \/>\n<script>\n(adsbygoogle = window.adsbygoogle || []).push({});\n<\/script><\/p>\n<p><strong>Declaraci\u00f3n sobre destrozos en la Txantrea<\/strong><\/p>\n<p><u>Proponente<\/u>: Navarra Suma y Socialistas del Ayuntamiento de Pamplona<\/p>\n<p><u>Votaci\u00f3n<\/u>: 8 votos a favor (Navarra Suma, Socialistas del Ayuntamiento de Pamplona y Geroa Bai) y 3 abstenciones (EH Bildu).<\/p>\n<p>ACUERDA<\/p>\n<ol>\n<li>Rechazar y condenar los nuevos sabotajes realizados en la zona azul de Txantrea, en esta ocasi\u00f3n contra los veh\u00edculos de los vecinos que tienen expuesta su tarjeta de zona azul.<\/li>\n<li>Realizar un llamamiento a todas las fuerzas pol\u00edticas y sociales para que muestren un claro rechazo a la utilizaci\u00f3n de la violencia como forma de expresi\u00f3n de la discrepancia, ya que nunca podr\u00e1 tener cabida en una sociedad democr\u00e1tica.<\/li>\n<\/ol>\n<p>&nbsp;<\/p>\n<p><script async src=\"\/\/pagead2.googlesyndication.com\/pagead\/js\/adsbygoogle.js\"><\/script><br \/>\n<!-- Noticias La Guia de Pamplona --><br \/>\n<ins class=\"adsbygoogle\"\nstyle=\"display:block\"\ndata-ad-client=\"ca-pub-6943679897239327\"\ndata-ad-slot=\"7048180777\"\ndata-ad-format=\"auto\"><\/ins><br \/>\n<script>\n(adsbygoogle = window.adsbygoogle || []).push({});\n<\/script><\/p>\n<p><strong>Declaraci\u00f3n sobre compromiso para promover protocolos contra agresiones a personas LGTBI+ y a favor de la coeducaci\u00f3n y el respeto a la diversidad<\/strong><\/p>\n<p><u>Proponente<\/u>: EH Bildu<\/p>\n<p><u>Votaci\u00f3n<\/u>: 6 votos a favor (Socialistas del Ayuntamiento de Pamplona, EH Bildu y Geroa Bai); 5 abstenciones (Navarra Suma)<\/p>\n<p>ACUERDA<\/p>\n<ol>\n<li>El Ayuntamiento de Pamplona promover\u00e1, en colaboraci\u00f3n con el Gobierno de Navarra, la aprobaci\u00f3n de protocolos contra las agresiones a personas LGTBI+ en las escuelas, los institutos, las sociedades deportivas, las asociaciones, los espacios de ocio y los centros de trabajo tanto del sector p\u00fablico como del sector concertado o privado de Pamplona y de Navarra.<\/li>\n<li>El Ayuntamiento de Pamplona velar\u00e1 por el cumplimiento y el respeto a estos protocolos por parte de los servicios y las contratas municipales.<\/li>\n<li>El Ayuntamiento de Pamplona ratifica la imperiosa necesidad de abordar la coeducaci\u00f3n en todos los centros educativos de navarra, con programas espec\u00edficas como Skolae, que aborden n\u00edtidamente los prejuicios machistas que conducen a la minusvaloraci\u00f3n, el desprecio y la desigualdad de las personas LGTBI+ y desenvocan en las m\u00faltiples expresiones de violencia que habitualmente padecen.<\/li>\n<li>El Ayuntamiento de Pamplona manifiesta su rechazo frontal y rotundo al discurso del odio que promulgan partidos como Vox, imita el PP y pregonan colectivos ultras como Hazte O\u00edr, en contra de las personas LGTBI+, el feminismo y las personas migrantes. Estos discursos atentan contra los derechos humanos, la igualdad y la propia esencia de cualquier sistema democr\u00e1tico.<\/li>\n<\/ol>\n<p>&nbsp;<\/p>\n<p><script async src=\"\/\/pagead2.googlesyndication.com\/pagead\/js\/adsbygoogle.js\"><\/script><br \/>\n<!-- Noticias La Guia de Pamplona --><br \/>\n<ins class=\"adsbygoogle\"\nstyle=\"display:block\"\ndata-ad-client=\"ca-pub-6943679897239327\"\ndata-ad-slot=\"7048180777\"\ndata-ad-format=\"auto\"><\/ins><br \/>\n<script>\n(adsbygoogle = window.adsbygoogle || []).push({});\n<\/script><\/p>\n<p><strong>Declaraci\u00f3n sobre agresiones LGTBIf\u00f3bicas<\/strong><\/p>\n<p><u>Proponente<\/u>: Socialistas del Ayuntamiento de Pamplona<\/p>\n<p><u>Votaci\u00f3n<\/u>: aprobado por unanimidad<\/p>\n<p>ACUERDA<\/p>\n<ol>\n<li>Ratificar el compromiso firme del Ayuntamiento de Pamplona con la igualdad, los derechos de las personas LGTBI y la erradicaci\u00f3n de cualquier tipo de violencia hacia este colectivo.<\/li>\n<li>Reconocer la LGTBIfobia y los discursos que ala alientan como una afrenta a la calidad democr\u00e1tica y a los est\u00e1ndares de libertad de nuestro pa\u00eds.<\/li>\n<li>Mantener e intensificar las campa\u00f1as municipales de sensibilizaci\u00f3n, informaci\u00f3n y formaci\u00f3n, sobre la realidad de las personas pertenecientes al colectivo LGTBI.<\/li>\n<li>Establecer planes formativos en nuestra Polic\u00eda Municipal y en los trabajadores y trabajadoras municipales directamente implicados, para que tengan la formaci\u00f3n suficiente sobre la realidad de las personas LGTBI y puedan ofrecer un trato adecuado a las v\u00edctimas.<\/li>\n<\/ol>\n","protected":false},"excerpt":{"rendered":"","protected":false},"author":1,"featured_media":36074,"comment_status":"open","ping_status":"closed","sticky":false,"template":"","format":"standard","meta":{"footnotes":""},"categories":[2],"tags":[],"class_list":["post-36417","post","type-post","status-publish","format-standard","has-post-thumbnail","hentry","category-ayuntamiento-pamplona"],"yoast_head":"<!-- This site is optimized with the Yoast SEO plugin v27.5 - https:\/\/yoast.com\/product\/yoast-seo-wordpress\/ -->\n<title>Declaraciones aprobadas en la Comisi\u00f3n de Presidencia celebrada el martes 14 de septiembre de 2021<\/title>\n<meta name=\"description\" content=\"Declaraci\u00f3n para una estrategia ante los problemas de convivencia y ocio nocturno en el Casco Viejo de Iru\u00f1ea\" \/>\n<meta name=\"robots\" content=\"index, follow, max-snippet:-1, max-image-preview:large, max-video-preview:-1\" \/>\n<link rel=\"canonical\" href=\"https:\/\/www.laguiadepamplona.com\/actualidad\/declaraciones-aprobadas-en-la-comision-de-presidencia-celebrada-el-martes-14-de-septiembre-de-2021\/\" \/>\n<meta property=\"og:locale\" content=\"es_ES\" \/>\n<meta property=\"og:type\" content=\"article\" \/>\n<meta property=\"og:title\" content=\"Declaraciones aprobadas en la Comisi\u00f3n de Presidencia celebrada el martes 14 de septiembre de 2021\" \/>\n<meta property=\"og:description\" content=\"Declaraci\u00f3n para una estrategia ante los problemas de convivencia y ocio nocturno en el Casco Viejo de Iru\u00f1ea\" \/>\n<meta property=\"og:url\" content=\"https:\/\/www.laguiadepamplona.com\/actualidad\/declaraciones-aprobadas-en-la-comision-de-presidencia-celebrada-el-martes-14-de-septiembre-de-2021\/\" \/>\n<meta property=\"og:site_name\" content=\"La Gu\u00eda de Pamplona\" \/>\n<meta property=\"article:publisher\" content=\"https:\/\/www.facebook.com\/laguiadepamplonacom-133175176762273\/?ref=hl\" \/>\n<meta property=\"article:published_time\" content=\"2021-09-14T17:35:02+00:00\" \/>\n<meta property=\"article:modified_time\" content=\"2023-04-11T09:49:01+00:00\" \/>\n<meta property=\"og:image\" content=\"https:\/\/www.laguiadepamplona.com\/actualidad\/wp-content\/uploads\/2021\/08\/ayuntamiento-pamplona2.jpg\" \/>\n\t<meta property=\"og:image:width\" content=\"1920\" \/>\n\t<meta property=\"og:image:height\" content=\"1080\" \/>\n\t<meta property=\"og:image:type\" content=\"image\/jpeg\" \/>\n<meta name=\"author\" content=\"La Gu\u00eda de Pamplona\" \/>\n<meta name=\"twitter:card\" content=\"summary_large_image\" \/>\n<meta name=\"twitter:creator\" content=\"@LaGuiadPamplona\" \/>\n<meta name=\"twitter:site\" content=\"@LaGuiadPamplona\" \/>\n<meta name=\"twitter:label1\" content=\"Escrito por\" \/>\n\t<meta name=\"twitter:data1\" content=\"La Gu\u00eda de Pamplona\" \/>\n\t<meta name=\"twitter:label2\" content=\"Tiempo de lectura\" \/>\n\t<meta name=\"twitter:data2\" content=\"4 minutos\" \/>\n<script type=\"application\/ld+json\" class=\"yoast-schema-graph\">{\"@context\":\"https:\\\/\\\/schema.org\",\"@graph\":[{\"@type\":\"Article\",\"@id\":\"https:\\\/\\\/www.laguiadepamplona.com\\\/actualidad\\\/declaraciones-aprobadas-en-la-comision-de-presidencia-celebrada-el-martes-14-de-septiembre-de-2021\\\/#article\",\"isPartOf\":{\"@id\":\"https:\\\/\\\/www.laguiadepamplona.com\\\/actualidad\\\/declaraciones-aprobadas-en-la-comision-de-presidencia-celebrada-el-martes-14-de-septiembre-de-2021\\\/\"},\"author\":{\"name\":\"La Gu\u00eda de Pamplona\",\"@id\":\"https:\\\/\\\/www.laguiadepamplona.com\\\/actualidad\\\/#\\\/schema\\\/person\\\/efe887376f0213d4657c93adc50b1fdb\"},\"headline\":\"Declaraciones aprobadas en la Comisi\u00f3n de Presidencia celebrada el martes 14 de septiembre de 2021\",\"datePublished\":\"2021-09-14T17:35:02+00:00\",\"dateModified\":\"2023-04-11T09:49:01+00:00\",\"mainEntityOfPage\":{\"@id\":\"https:\\\/\\\/www.laguiadepamplona.com\\\/actualidad\\\/declaraciones-aprobadas-en-la-comision-de-presidencia-celebrada-el-martes-14-de-septiembre-de-2021\\\/\"},\"wordCount\":826,\"commentCount\":0,\"publisher\":{\"@id\":\"https:\\\/\\\/www.laguiadepamplona.com\\\/actualidad\\\/#organization\"},\"image\":{\"@id\":\"https:\\\/\\\/www.laguiadepamplona.com\\\/actualidad\\\/declaraciones-aprobadas-en-la-comision-de-presidencia-celebrada-el-martes-14-de-septiembre-de-2021\\\/#primaryimage\"},\"thumbnailUrl\":\"https:\\\/\\\/www.laguiadepamplona.com\\\/actualidad\\\/wp-content\\\/uploads\\\/2021\\\/08\\\/ayuntamiento-pamplona2.jpg\",\"articleSection\":[\"Ayto Pamplona\"],\"inLanguage\":\"es\",\"potentialAction\":[{\"@type\":\"CommentAction\",\"name\":\"Comment\",\"target\":[\"https:\\\/\\\/www.laguiadepamplona.com\\\/actualidad\\\/declaraciones-aprobadas-en-la-comision-de-presidencia-celebrada-el-martes-14-de-septiembre-de-2021\\\/#respond\"]}]},{\"@type\":\"WebPage\",\"@id\":\"https:\\\/\\\/www.laguiadepamplona.com\\\/actualidad\\\/declaraciones-aprobadas-en-la-comision-de-presidencia-celebrada-el-martes-14-de-septiembre-de-2021\\\/\",\"url\":\"https:\\\/\\\/www.laguiadepamplona.com\\\/actualidad\\\/declaraciones-aprobadas-en-la-comision-de-presidencia-celebrada-el-martes-14-de-septiembre-de-2021\\\/\",\"name\":\"Declaraciones aprobadas en la Comisi\u00f3n de Presidencia celebrada el martes 14 de septiembre de 2021\",\"isPartOf\":{\"@id\":\"https:\\\/\\\/www.laguiadepamplona.com\\\/actualidad\\\/#website\"},\"primaryImageOfPage\":{\"@id\":\"https:\\\/\\\/www.laguiadepamplona.com\\\/actualidad\\\/declaraciones-aprobadas-en-la-comision-de-presidencia-celebrada-el-martes-14-de-septiembre-de-2021\\\/#primaryimage\"},\"image\":{\"@id\":\"https:\\\/\\\/www.laguiadepamplona.com\\\/actualidad\\\/declaraciones-aprobadas-en-la-comision-de-presidencia-celebrada-el-martes-14-de-septiembre-de-2021\\\/#primaryimage\"},\"thumbnailUrl\":\"https:\\\/\\\/www.laguiadepamplona.com\\\/actualidad\\\/wp-content\\\/uploads\\\/2021\\\/08\\\/ayuntamiento-pamplona2.jpg\",\"datePublished\":\"2021-09-14T17:35:02+00:00\",\"dateModified\":\"2023-04-11T09:49:01+00:00\",\"description\":\"Declaraci\u00f3n para una estrategia ante los problemas de convivencia y ocio nocturno en el Casco Viejo de Iru\u00f1ea\",\"breadcrumb\":{\"@id\":\"https:\\\/\\\/www.laguiadepamplona.com\\\/actualidad\\\/declaraciones-aprobadas-en-la-comision-de-presidencia-celebrada-el-martes-14-de-septiembre-de-2021\\\/#breadcrumb\"},\"inLanguage\":\"es\",\"potentialAction\":[{\"@type\":\"ReadAction\",\"target\":[\"https:\\\/\\\/www.laguiadepamplona.com\\\/actualidad\\\/declaraciones-aprobadas-en-la-comision-de-presidencia-celebrada-el-martes-14-de-septiembre-de-2021\\\/\"]}]},{\"@type\":\"ImageObject\",\"inLanguage\":\"es\",\"@id\":\"https:\\\/\\\/www.laguiadepamplona.com\\\/actualidad\\\/declaraciones-aprobadas-en-la-comision-de-presidencia-celebrada-el-martes-14-de-septiembre-de-2021\\\/#primaryimage\",\"url\":\"https:\\\/\\\/www.laguiadepamplona.com\\\/actualidad\\\/wp-content\\\/uploads\\\/2021\\\/08\\\/ayuntamiento-pamplona2.jpg\",\"contentUrl\":\"https:\\\/\\\/www.laguiadepamplona.com\\\/actualidad\\\/wp-content\\\/uploads\\\/2021\\\/08\\\/ayuntamiento-pamplona2.jpg\",\"width\":1920,\"height\":1080,\"caption\":\"ayuntamiento pamplona\"},{\"@type\":\"BreadcrumbList\",\"@id\":\"https:\\\/\\\/www.laguiadepamplona.com\\\/actualidad\\\/declaraciones-aprobadas-en-la-comision-de-presidencia-celebrada-el-martes-14-de-septiembre-de-2021\\\/#breadcrumb\",\"itemListElement\":[{\"@type\":\"ListItem\",\"position\":1,\"name\":\"Portada\",\"item\":\"https:\\\/\\\/www.laguiadepamplona.com\\\/actualidad\\\/\"},{\"@type\":\"ListItem\",\"position\":2,\"name\":\"Declaraciones aprobadas en la Comisi\u00f3n de Presidencia celebrada el martes 14 de septiembre de 2021\"}]},{\"@type\":\"WebSite\",\"@id\":\"https:\\\/\\\/www.laguiadepamplona.com\\\/actualidad\\\/#website\",\"url\":\"https:\\\/\\\/www.laguiadepamplona.com\\\/actualidad\\\/\",\"name\":\"La gu\u00eda de Pamplona\",\"description\":\"Noticias de Pamplona\",\"publisher\":{\"@id\":\"https:\\\/\\\/www.laguiadepamplona.com\\\/actualidad\\\/#organization\"},\"potentialAction\":[{\"@type\":\"SearchAction\",\"target\":{\"@type\":\"EntryPoint\",\"urlTemplate\":\"https:\\\/\\\/www.laguiadepamplona.com\\\/actualidad\\\/?s={search_term_string}\"},\"query-input\":{\"@type\":\"PropertyValueSpecification\",\"valueRequired\":true,\"valueName\":\"search_term_string\"}}],\"inLanguage\":\"es\"},{\"@type\":\"Organization\",\"@id\":\"https:\\\/\\\/www.laguiadepamplona.com\\\/actualidad\\\/#organization\",\"name\":\"La Gu\u00eda de Pamplona \\\/ Noticias\",\"url\":\"https:\\\/\\\/www.laguiadepamplona.com\\\/actualidad\\\/\",\"logo\":{\"@type\":\"ImageObject\",\"inLanguage\":\"es\",\"@id\":\"https:\\\/\\\/www.laguiadepamplona.com\\\/actualidad\\\/#\\\/schema\\\/logo\\\/image\\\/\",\"url\":\"https:\\\/\\\/www.laguiadepamplona.com\\\/actualidad\\\/wp-content\\\/uploads\\\/2018\\\/11\\\/logo-laguiadepamplona18-web1.png\",\"contentUrl\":\"https:\\\/\\\/www.laguiadepamplona.com\\\/actualidad\\\/wp-content\\\/uploads\\\/2018\\\/11\\\/logo-laguiadepamplona18-web1.png\",\"width\":600,\"height\":196,\"caption\":\"La Gu\u00eda de Pamplona \\\/ Noticias\"},\"image\":{\"@id\":\"https:\\\/\\\/www.laguiadepamplona.com\\\/actualidad\\\/#\\\/schema\\\/logo\\\/image\\\/\"},\"sameAs\":[\"https:\\\/\\\/www.facebook.com\\\/laguiadepamplonacom-133175176762273\\\/?ref=hl\",\"https:\\\/\\\/x.com\\\/LaGuiadPamplona\",\"https:\\\/\\\/www.instagram.com\\\/la_guia_de_pamplona\\\/\",\"https:\\\/\\\/www.youtube.com\\\/user\\\/laguiadepamplona\"]},{\"@type\":\"Person\",\"@id\":\"https:\\\/\\\/www.laguiadepamplona.com\\\/actualidad\\\/#\\\/schema\\\/person\\\/efe887376f0213d4657c93adc50b1fdb\",\"name\":\"La Gu\u00eda de Pamplona\",\"image\":{\"@type\":\"ImageObject\",\"inLanguage\":\"es\",\"@id\":\"https:\\\/\\\/secure.gravatar.com\\\/avatar\\\/b6992f131dc8d30ab0dff15446e9d346d9dbd95992de0fef795073f5ea83a81c?s=96&d=mm&r=g\",\"url\":\"https:\\\/\\\/secure.gravatar.com\\\/avatar\\\/b6992f131dc8d30ab0dff15446e9d346d9dbd95992de0fef795073f5ea83a81c?s=96&d=mm&r=g\",\"contentUrl\":\"https:\\\/\\\/secure.gravatar.com\\\/avatar\\\/b6992f131dc8d30ab0dff15446e9d346d9dbd95992de0fef795073f5ea83a81c?s=96&d=mm&r=g\",\"caption\":\"La Gu\u00eda de Pamplona\"}}]}<\/script>\n<!-- \/ Yoast SEO plugin. -->","yoast_head_json":{"title":"Declaraciones aprobadas en la Comisi\u00f3n de Presidencia celebrada el martes 14 de septiembre de 2021","description":"Declaraci\u00f3n para una estrategia ante los problemas de convivencia y ocio nocturno en el Casco Viejo de Iru\u00f1ea","robots":{"index":"index","follow":"follow","max-snippet":"max-snippet:-1","max-image-preview":"max-image-preview:large","max-video-preview":"max-video-preview:-1"},"canonical":"https:\/\/www.laguiadepamplona.com\/actualidad\/declaraciones-aprobadas-en-la-comision-de-presidencia-celebrada-el-martes-14-de-septiembre-de-2021\/","og_locale":"es_ES","og_type":"article","og_title":"Declaraciones aprobadas en la Comisi\u00f3n de Presidencia celebrada el martes 14 de septiembre de 2021","og_description":"Declaraci\u00f3n para una estrategia ante los problemas de convivencia y ocio nocturno en el Casco Viejo de Iru\u00f1ea","og_url":"https:\/\/www.laguiadepamplona.com\/actualidad\/declaraciones-aprobadas-en-la-comision-de-presidencia-celebrada-el-martes-14-de-septiembre-de-2021\/","og_site_name":"La Gu\u00eda de Pamplona","article_publisher":"https:\/\/www.facebook.com\/laguiadepamplonacom-133175176762273\/?ref=hl","article_published_time":"2021-09-14T17:35:02+00:00","article_modified_time":"2023-04-11T09:49:01+00:00","og_image":[{"width":1920,"height":1080,"url":"https:\/\/www.laguiadepamplona.com\/actualidad\/wp-content\/uploads\/2021\/08\/ayuntamiento-pamplona2.jpg","type":"image\/jpeg"}],"author":"La Gu\u00eda de Pamplona","twitter_card":"summary_large_image","twitter_creator":"@LaGuiadPamplona","twitter_site":"@LaGuiadPamplona","twitter_misc":{"Escrito por":"La Gu\u00eda de Pamplona","Tiempo de lectura":"4 minutos"},"schema":{"@context":"https:\/\/schema.org","@graph":[{"@type":"Article","@id":"https:\/\/www.laguiadepamplona.com\/actualidad\/declaraciones-aprobadas-en-la-comision-de-presidencia-celebrada-el-martes-14-de-septiembre-de-2021\/#article","isPartOf":{"@id":"https:\/\/www.laguiadepamplona.com\/actualidad\/declaraciones-aprobadas-en-la-comision-de-presidencia-celebrada-el-martes-14-de-septiembre-de-2021\/"},"author":{"name":"La Gu\u00eda de Pamplona","@id":"https:\/\/www.laguiadepamplona.com\/actualidad\/#\/schema\/person\/efe887376f0213d4657c93adc50b1fdb"},"headline":"Declaraciones aprobadas en la Comisi\u00f3n de Presidencia celebrada el martes 14 de septiembre de 2021","datePublished":"2021-09-14T17:35:02+00:00","dateModified":"2023-04-11T09:49:01+00:00","mainEntityOfPage":{"@id":"https:\/\/www.laguiadepamplona.com\/actualidad\/declaraciones-aprobadas-en-la-comision-de-presidencia-celebrada-el-martes-14-de-septiembre-de-2021\/"},"wordCount":826,"commentCount":0,"publisher":{"@id":"https:\/\/www.laguiadepamplona.com\/actualidad\/#organization"},"image":{"@id":"https:\/\/www.laguiadepamplona.com\/actualidad\/declaraciones-aprobadas-en-la-comision-de-presidencia-celebrada-el-martes-14-de-septiembre-de-2021\/#primaryimage"},"thumbnailUrl":"https:\/\/www.laguiadepamplona.com\/actualidad\/wp-content\/uploads\/2021\/08\/ayuntamiento-pamplona2.jpg","articleSection":["Ayto Pamplona"],"inLanguage":"es","potentialAction":[{"@type":"CommentAction","name":"Comment","target":["https:\/\/www.laguiadepamplona.com\/actualidad\/declaraciones-aprobadas-en-la-comision-de-presidencia-celebrada-el-martes-14-de-septiembre-de-2021\/#respond"]}]},{"@type":"WebPage","@id":"https:\/\/www.laguiadepamplona.com\/actualidad\/declaraciones-aprobadas-en-la-comision-de-presidencia-celebrada-el-martes-14-de-septiembre-de-2021\/","url":"https:\/\/www.laguiadepamplona.com\/actualidad\/declaraciones-aprobadas-en-la-comision-de-presidencia-celebrada-el-martes-14-de-septiembre-de-2021\/","name":"Declaraciones aprobadas en la Comisi\u00f3n de Presidencia celebrada el martes 14 de septiembre de 2021","isPartOf":{"@id":"https:\/\/www.laguiadepamplona.com\/actualidad\/#website"},"primaryImageOfPage":{"@id":"https:\/\/www.laguiadepamplona.com\/actualidad\/declaraciones-aprobadas-en-la-comision-de-presidencia-celebrada-el-martes-14-de-septiembre-de-2021\/#primaryimage"},"image":{"@id":"https:\/\/www.laguiadepamplona.com\/actualidad\/declaraciones-aprobadas-en-la-comision-de-presidencia-celebrada-el-martes-14-de-septiembre-de-2021\/#primaryimage"},"thumbnailUrl":"https:\/\/www.laguiadepamplona.com\/actualidad\/wp-content\/uploads\/2021\/08\/ayuntamiento-pamplona2.jpg","datePublished":"2021-09-14T17:35:02+00:00","dateModified":"2023-04-11T09:49:01+00:00","description":"Declaraci\u00f3n para una estrategia ante los problemas de convivencia y ocio nocturno en el Casco Viejo de Iru\u00f1ea","breadcrumb":{"@id":"https:\/\/www.laguiadepamplona.com\/actualidad\/declaraciones-aprobadas-en-la-comision-de-presidencia-celebrada-el-martes-14-de-septiembre-de-2021\/#breadcrumb"},"inLanguage":"es","potentialAction":[{"@type":"ReadAction","target":["https:\/\/www.laguiadepamplona.com\/actualidad\/declaraciones-aprobadas-en-la-comision-de-presidencia-celebrada-el-martes-14-de-septiembre-de-2021\/"]}]},{"@type":"ImageObject","inLanguage":"es","@id":"https:\/\/www.laguiadepamplona.com\/actualidad\/declaraciones-aprobadas-en-la-comision-de-presidencia-celebrada-el-martes-14-de-septiembre-de-2021\/#primaryimage","url":"https:\/\/www.laguiadepamplona.com\/actualidad\/wp-content\/uploads\/2021\/08\/ayuntamiento-pamplona2.jpg","contentUrl":"https:\/\/www.laguiadepamplona.com\/actualidad\/wp-content\/uploads\/2021\/08\/ayuntamiento-pamplona2.jpg","width":1920,"height":1080,"caption":"ayuntamiento pamplona"},{"@type":"BreadcrumbList","@id":"https:\/\/www.laguiadepamplona.com\/actualidad\/declaraciones-aprobadas-en-la-comision-de-presidencia-celebrada-el-martes-14-de-septiembre-de-2021\/#breadcrumb","itemListElement":[{"@type":"ListItem","position":1,"name":"Portada","item":"https:\/\/www.laguiadepamplona.com\/actualidad\/"},{"@type":"ListItem","position":2,"name":"Declaraciones aprobadas en la Comisi\u00f3n de Presidencia celebrada el martes 14 de septiembre de 2021"}]},{"@type":"WebSite","@id":"https:\/\/www.laguiadepamplona.com\/actualidad\/#website","url":"https:\/\/www.laguiadepamplona.com\/actualidad\/","name":"La gu\u00eda de Pamplona","description":"Noticias de Pamplona","publisher":{"@id":"https:\/\/www.laguiadepamplona.com\/actualidad\/#organization"},"potentialAction":[{"@type":"SearchAction","target":{"@type":"EntryPoint","urlTemplate":"https:\/\/www.laguiadepamplona.com\/actualidad\/?s={search_term_string}"},"query-input":{"@type":"PropertyValueSpecification","valueRequired":true,"valueName":"search_term_string"}}],"inLanguage":"es"},{"@type":"Organization","@id":"https:\/\/www.laguiadepamplona.com\/actualidad\/#organization","name":"La Gu\u00eda de Pamplona \/ Noticias","url":"https:\/\/www.laguiadepamplona.com\/actualidad\/","logo":{"@type":"ImageObject","inLanguage":"es","@id":"https:\/\/www.laguiadepamplona.com\/actualidad\/#\/schema\/logo\/image\/","url":"https:\/\/www.laguiadepamplona.com\/actualidad\/wp-content\/uploads\/2018\/11\/logo-laguiadepamplona18-web1.png","contentUrl":"https:\/\/www.laguiadepamplona.com\/actualidad\/wp-content\/uploads\/2018\/11\/logo-laguiadepamplona18-web1.png","width":600,"height":196,"caption":"La Gu\u00eda de Pamplona \/ Noticias"},"image":{"@id":"https:\/\/www.laguiadepamplona.com\/actualidad\/#\/schema\/logo\/image\/"},"sameAs":["https:\/\/www.facebook.com\/laguiadepamplonacom-133175176762273\/?ref=hl","https:\/\/x.com\/LaGuiadPamplona","https:\/\/www.instagram.com\/la_guia_de_pamplona\/","https:\/\/www.youtube.com\/user\/laguiadepamplona"]},{"@type":"Person","@id":"https:\/\/www.laguiadepamplona.com\/actualidad\/#\/schema\/person\/efe887376f0213d4657c93adc50b1fdb","name":"La Gu\u00eda de Pamplona","image":{"@type":"ImageObject","inLanguage":"es","@id":"https:\/\/secure.gravatar.com\/avatar\/b6992f131dc8d30ab0dff15446e9d346d9dbd95992de0fef795073f5ea83a81c?s=96&d=mm&r=g","url":"https:\/\/secure.gravatar.com\/avatar\/b6992f131dc8d30ab0dff15446e9d346d9dbd95992de0fef795073f5ea83a81c?s=96&d=mm&r=g","contentUrl":"https:\/\/secure.gravatar.com\/avatar\/b6992f131dc8d30ab0dff15446e9d346d9dbd95992de0fef795073f5ea83a81c?s=96&d=mm&r=g","caption":"La Gu\u00eda de Pamplona"}}]}},"post_mailing_queue_ids":[],"_links":{"self":[{"href":"https:\/\/www.laguiadepamplona.com\/actualidad\/wp-json\/wp\/v2\/posts\/36417","targetHints":{"allow":["GET"]}}],"collection":[{"href":"https:\/\/www.laguiadepamplona.com\/actualidad\/wp-json\/wp\/v2\/posts"}],"about":[{"href":"https:\/\/www.laguiadepamplona.com\/actualidad\/wp-json\/wp\/v2\/types\/post"}],"author":[{"embeddable":true,"href":"https:\/\/www.laguiadepamplona.com\/actualidad\/wp-json\/wp\/v2\/users\/1"}],"replies":[{"embeddable":true,"href":"https:\/\/www.laguiadepamplona.com\/actualidad\/wp-json\/wp\/v2\/comments?post=36417"}],"version-history":[{"count":0,"href":"https:\/\/www.laguiadepamplona.com\/actualidad\/wp-json\/wp\/v2\/posts\/36417\/revisions"}],"wp:featuredmedia":[{"embeddable":true,"href":"https:\/\/www.laguiadepamplona.com\/actualidad\/wp-json\/wp\/v2\/media\/36074"}],"wp:attachment":[{"href":"https:\/\/www.laguiadepamplona.com\/actualidad\/wp-json\/wp\/v2\/media?parent=36417"}],"wp:term":[{"taxonomy":"category","embeddable":true,"href":"https:\/\/www.laguiadepamplona.com\/actualidad\/wp-json\/wp\/v2\/categories?post=36417"},{"taxonomy":"post_tag","embeddable":true,"href":"https:\/\/www.laguiadepamplona.com\/actualidad\/wp-json\/wp\/v2\/tags?post=36417"}],"curies":[{"name":"wp","href":"https:\/\/api.w.org\/{rel}","templated":true}]}}