{"id":36414,"date":"2021-09-14T19:33:43","date_gmt":"2021-09-14T17:33:43","guid":{"rendered":"https:\/\/www.laguiadepamplona.com\/actualidad\/?p=36414"},"modified":"2023-04-11T11:49:01","modified_gmt":"2023-04-11T09:49:01","slug":"las-730-viviendas-de-la-cooperativa-santiago-de-la-txantrea-incluidas-en-un-mismo-plan-especial-de-mejora-de-la-accesibilidad-que-sera-conocido-por-urbanismo","status":"publish","type":"post","link":"https:\/\/www.laguiadepamplona.com\/actualidad\/las-730-viviendas-de-la-cooperativa-santiago-de-la-txantrea-incluidas-en-un-mismo-plan-especial-de-mejora-de-la-accesibilidad-que-sera-conocido-por-urbanismo\/","title":{"rendered":"Las 730 viviendas de la Cooperativa Santiago de la Txantrea, incluidas en un mismo Plan Especial de mejora de la accesibilidad que ser\u00e1 conocido por Urbanismo"},"content":{"rendered":"<h5>El Plan Especial contempla tres soluciones diferentes seg\u00fan las caracter\u00edsticas del entorno de los portales<\/h5>\n<p><!--more--><\/p>\n<p>Gerencia de Urbanismo conocer\u00e1 el mi\u00e9rcoles el Plan Especial de mejora de la accesibilidad en el \u00e1mbito de la Cooperativa Santiago de la Txantrea promovido por Navarra de Suelo y Vivienda S.A.U. que ha aunado en un \u00fanico documento la actuaci\u00f3n en 730 viviendas repartidas en 84 portales, de los que 19 con 160 viviendas ya tienen ascensor. Abarca el \u00e1mbito comprendido entre las calles Mendigorr\u00eda, Milagro, Magdalena y Lumbier.<\/p>\n<p>De esta forma, en un \u00fanico expediente se englobar\u00e1n el contenido de distintos Planes Especiales de mejora de accesibilidad y un Estudio de Detalle en vigor, adem\u00e1s de ordenar la actuaci\u00f3n en aquellos edificios que a\u00fan carecen de regulaci\u00f3n expresa. El objetivo es facilitar la instalaci\u00f3n de ascensor en los portales que no tienen.<\/p>\n<p><script async src=\"\/\/pagead2.googlesyndication.com\/pagead\/js\/adsbygoogle.js\"><\/script><br \/>\n<!-- Noticias La Guia de Pamplona --><br \/>\n<ins class=\"adsbygoogle\"\nstyle=\"display:block\"\ndata-ad-client=\"ca-pub-6943679897239327\"\ndata-ad-slot=\"7048180777\"\ndata-ad-format=\"auto\"><\/ins><br \/>\n<script>\n(adsbygoogle = window.adsbygoogle || []).push({});\n<\/script><\/p>\n<p>En el \u00e1mbito del Plan Especial se proponen tres \u201csoluciones tipo\u201d para resolver la accesibilidad sin barreras arquitect\u00f3nicas a las viviendas al dotarlas de ascensor. Cuando los edificios cuenten con una franja ajardinada frente a la fachada principal, la soluci\u00f3n plantea ampliar el portal y la caja de la escalera ocupando una parte del jard\u00edn sin que las aceras se vean afectadas. En el caso de que la franja ajardinada no tenga una dimensi\u00f3n suficiente se ocupar\u00e1 una parte de la acera, que ser\u00e1 ampliada pudi\u00e9ndose emplear espacio de las plazas del aparcamiento en l\u00ednea contiguo.<\/p>\n<p>Por \u00faltimo, la tercera opci\u00f3n es para los bloques que no tienen jard\u00edn en la fachada principal y resulta imposible ampliar el portal porque invadir\u00eda toda o una gran parte de la anchura de la acera. Como las fachadas secundarias de las viviendas dan frente a espacios p\u00fablicos ajardinados, la soluci\u00f3n planteada consiste en ubicar el ascensor en la caja de la escalera actual, y en crear una nueva escalera en la fachada secundaria del edificio que se acompa\u00f1ar\u00eda de balcones por los que acceder a las viviendas. En algunos casos, en los jardines centrales de las manzanas hay pistas de patinaje que se conservar\u00e1n como espacios pavimentados, aunque podr\u00e1n ocuparse parcialmente por las nuevas escaleras o por el acceso a ellas.<\/p>\n<p><script async src=\"\/\/pagead2.googlesyndication.com\/pagead\/js\/adsbygoogle.js\"><\/script><br \/>\n<!-- Noticias La Guia de Pamplona --><br \/>\n<ins class=\"adsbygoogle\"\nstyle=\"display:block\"\ndata-ad-client=\"ca-pub-6943679897239327\"\ndata-ad-slot=\"7048180777\"\ndata-ad-format=\"auto\"><\/ins><br \/>\n<script>\n(adsbygoogle = window.adsbygoogle || []).push({});\n<\/script><\/p>\n<p>En cualquier caso, la soluci\u00f3n que se adopte en el primer portal en el que se act\u00fae debe repetirse en los dem\u00e1s. Los dise\u00f1os planteados deber\u00e1n tener en cuenta que las plantas bajas quedar\u00e1n lo m\u00e1s transparentes posibles, con el fin de evitar \u201crincones escondidos\u201d. El informe municipal de esta actuaci\u00f3n, recoge que en los bloques en los que no se ha producido hasta ahora ninguna actuaci\u00f3n \u201cconviene que, durante la informaci\u00f3n p\u00fablica, se haga una reflexi\u00f3n sobre el aspecto est\u00e9tico que los cuerpos a\u00f1adidos (ascensores o nuevas cajas de escalera) deber\u00edan tener, y se complete la normativa con una regulaci\u00f3n que determine la manera de conseguirse el mejor resultado est\u00e9tico posible\u201d.<\/p>\n<p>Este Plan Especial, tras la aprobaci\u00f3n en Junta de Gobierno Local, se someter\u00e1 a informaci\u00f3n p\u00fablica durante el plazo de un mes a partir de su publicaci\u00f3n en el Bolet\u00edn Oficial de Navarra.<\/p>\n","protected":false},"excerpt":{"rendered":"<p>El Plan Especial contempla tres soluciones diferentes seg\u00fan las caracter\u00edsticas del entorno de los portales<\/p>\n","protected":false},"author":1,"featured_media":36415,"comment_status":"open","ping_status":"closed","sticky":false,"template":"","format":"standard","meta":{"footnotes":""},"categories":[2],"tags":[],"class_list":["post-36414","post","type-post","status-publish","format-standard","has-post-thumbnail","hentry","category-ayuntamiento-pamplona"],"yoast_head":"<!-- This site is optimized with the Yoast SEO plugin v27.5 - https:\/\/yoast.com\/product\/yoast-seo-wordpress\/ -->\n<title>Las 730 viviendas de la Cooperativa Santiago de la Txantrea, incluidas en un mismo Plan Especial de mejora de la accesibilidad que ser\u00e1 conocido por Urbanismo<\/title>\n<meta name=\"description\" content=\"El Plan Especial contempla tres soluciones diferentes seg\u00fan las caracter\u00edsticas del entorno de los portales\" \/>\n<meta name=\"robots\" content=\"index, follow, max-snippet:-1, max-image-preview:large, max-video-preview:-1\" \/>\n<link rel=\"canonical\" href=\"https:\/\/www.laguiadepamplona.com\/actualidad\/las-730-viviendas-de-la-cooperativa-santiago-de-la-txantrea-incluidas-en-un-mismo-plan-especial-de-mejora-de-la-accesibilidad-que-sera-conocido-por-urbanismo\/\" \/>\n<meta property=\"og:locale\" content=\"es_ES\" \/>\n<meta property=\"og:type\" content=\"article\" \/>\n<meta property=\"og:title\" content=\"Las 730 viviendas de la Cooperativa Santiago de la Txantrea, incluidas en un mismo Plan Especial de mejora de la accesibilidad que ser\u00e1 conocido por Urbanismo\" \/>\n<meta property=\"og:description\" content=\"El Plan Especial contempla tres soluciones diferentes seg\u00fan las caracter\u00edsticas del entorno de los portales\" \/>\n<meta property=\"og:url\" content=\"https:\/\/www.laguiadepamplona.com\/actualidad\/las-730-viviendas-de-la-cooperativa-santiago-de-la-txantrea-incluidas-en-un-mismo-plan-especial-de-mejora-de-la-accesibilidad-que-sera-conocido-por-urbanismo\/\" \/>\n<meta property=\"og:site_name\" content=\"La Gu\u00eda de Pamplona\" \/>\n<meta property=\"article:publisher\" content=\"https:\/\/www.facebook.com\/laguiadepamplonacom-133175176762273\/?ref=hl\" \/>\n<meta property=\"article:published_time\" content=\"2021-09-14T17:33:43+00:00\" \/>\n<meta property=\"article:modified_time\" content=\"2023-04-11T09:49:01+00:00\" \/>\n<meta property=\"og:image\" content=\"https:\/\/www.laguiadepamplona.com\/actualidad\/wp-content\/uploads\/2021\/09\/chantrea.jpg\" \/>\n\t<meta property=\"og:image:width\" content=\"977\" \/>\n\t<meta property=\"og:image:height\" content=\"703\" \/>\n\t<meta property=\"og:image:type\" content=\"image\/jpeg\" \/>\n<meta name=\"author\" content=\"La Gu\u00eda de Pamplona\" \/>\n<meta name=\"twitter:card\" content=\"summary_large_image\" \/>\n<meta name=\"twitter:creator\" content=\"@LaGuiadPamplona\" \/>\n<meta name=\"twitter:site\" content=\"@LaGuiadPamplona\" \/>\n<meta name=\"twitter:label1\" content=\"Escrito por\" \/>\n\t<meta name=\"twitter:data1\" content=\"La Gu\u00eda de Pamplona\" \/>\n\t<meta name=\"twitter:label2\" content=\"Tiempo de lectura\" \/>\n\t<meta name=\"twitter:data2\" content=\"3 minutos\" \/>\n<script type=\"application\/ld+json\" class=\"yoast-schema-graph\">{\"@context\":\"https:\\\/\\\/schema.org\",\"@graph\":[{\"@type\":\"Article\",\"@id\":\"https:\\\/\\\/www.laguiadepamplona.com\\\/actualidad\\\/las-730-viviendas-de-la-cooperativa-santiago-de-la-txantrea-incluidas-en-un-mismo-plan-especial-de-mejora-de-la-accesibilidad-que-sera-conocido-por-urbanismo\\\/#article\",\"isPartOf\":{\"@id\":\"https:\\\/\\\/www.laguiadepamplona.com\\\/actualidad\\\/las-730-viviendas-de-la-cooperativa-santiago-de-la-txantrea-incluidas-en-un-mismo-plan-especial-de-mejora-de-la-accesibilidad-que-sera-conocido-por-urbanismo\\\/\"},\"author\":{\"name\":\"La Gu\u00eda de Pamplona\",\"@id\":\"https:\\\/\\\/www.laguiadepamplona.com\\\/actualidad\\\/#\\\/schema\\\/person\\\/efe887376f0213d4657c93adc50b1fdb\"},\"headline\":\"Las 730 viviendas de la Cooperativa Santiago de la Txantrea, incluidas en un mismo Plan Especial de mejora de la accesibilidad que ser\u00e1 conocido por Urbanismo\",\"datePublished\":\"2021-09-14T17:33:43+00:00\",\"dateModified\":\"2023-04-11T09:49:01+00:00\",\"mainEntityOfPage\":{\"@id\":\"https:\\\/\\\/www.laguiadepamplona.com\\\/actualidad\\\/las-730-viviendas-de-la-cooperativa-santiago-de-la-txantrea-incluidas-en-un-mismo-plan-especial-de-mejora-de-la-accesibilidad-que-sera-conocido-por-urbanismo\\\/\"},\"wordCount\":573,\"commentCount\":0,\"publisher\":{\"@id\":\"https:\\\/\\\/www.laguiadepamplona.com\\\/actualidad\\\/#organization\"},\"image\":{\"@id\":\"https:\\\/\\\/www.laguiadepamplona.com\\\/actualidad\\\/las-730-viviendas-de-la-cooperativa-santiago-de-la-txantrea-incluidas-en-un-mismo-plan-especial-de-mejora-de-la-accesibilidad-que-sera-conocido-por-urbanismo\\\/#primaryimage\"},\"thumbnailUrl\":\"https:\\\/\\\/www.laguiadepamplona.com\\\/actualidad\\\/wp-content\\\/uploads\\\/2021\\\/09\\\/chantrea.jpg\",\"articleSection\":[\"Ayto Pamplona\"],\"inLanguage\":\"es\",\"potentialAction\":[{\"@type\":\"CommentAction\",\"name\":\"Comment\",\"target\":[\"https:\\\/\\\/www.laguiadepamplona.com\\\/actualidad\\\/las-730-viviendas-de-la-cooperativa-santiago-de-la-txantrea-incluidas-en-un-mismo-plan-especial-de-mejora-de-la-accesibilidad-que-sera-conocido-por-urbanismo\\\/#respond\"]}]},{\"@type\":\"WebPage\",\"@id\":\"https:\\\/\\\/www.laguiadepamplona.com\\\/actualidad\\\/las-730-viviendas-de-la-cooperativa-santiago-de-la-txantrea-incluidas-en-un-mismo-plan-especial-de-mejora-de-la-accesibilidad-que-sera-conocido-por-urbanismo\\\/\",\"url\":\"https:\\\/\\\/www.laguiadepamplona.com\\\/actualidad\\\/las-730-viviendas-de-la-cooperativa-santiago-de-la-txantrea-incluidas-en-un-mismo-plan-especial-de-mejora-de-la-accesibilidad-que-sera-conocido-por-urbanismo\\\/\",\"name\":\"Las 730 viviendas de la Cooperativa Santiago de la Txantrea, incluidas en un mismo Plan Especial de mejora de la accesibilidad que ser\u00e1 conocido por Urbanismo\",\"isPartOf\":{\"@id\":\"https:\\\/\\\/www.laguiadepamplona.com\\\/actualidad\\\/#website\"},\"primaryImageOfPage\":{\"@id\":\"https:\\\/\\\/www.laguiadepamplona.com\\\/actualidad\\\/las-730-viviendas-de-la-cooperativa-santiago-de-la-txantrea-incluidas-en-un-mismo-plan-especial-de-mejora-de-la-accesibilidad-que-sera-conocido-por-urbanismo\\\/#primaryimage\"},\"image\":{\"@id\":\"https:\\\/\\\/www.laguiadepamplona.com\\\/actualidad\\\/las-730-viviendas-de-la-cooperativa-santiago-de-la-txantrea-incluidas-en-un-mismo-plan-especial-de-mejora-de-la-accesibilidad-que-sera-conocido-por-urbanismo\\\/#primaryimage\"},\"thumbnailUrl\":\"https:\\\/\\\/www.laguiadepamplona.com\\\/actualidad\\\/wp-content\\\/uploads\\\/2021\\\/09\\\/chantrea.jpg\",\"datePublished\":\"2021-09-14T17:33:43+00:00\",\"dateModified\":\"2023-04-11T09:49:01+00:00\",\"description\":\"El Plan Especial contempla tres soluciones diferentes seg\u00fan las caracter\u00edsticas del entorno de los portales\",\"breadcrumb\":{\"@id\":\"https:\\\/\\\/www.laguiadepamplona.com\\\/actualidad\\\/las-730-viviendas-de-la-cooperativa-santiago-de-la-txantrea-incluidas-en-un-mismo-plan-especial-de-mejora-de-la-accesibilidad-que-sera-conocido-por-urbanismo\\\/#breadcrumb\"},\"inLanguage\":\"es\",\"potentialAction\":[{\"@type\":\"ReadAction\",\"target\":[\"https:\\\/\\\/www.laguiadepamplona.com\\\/actualidad\\\/las-730-viviendas-de-la-cooperativa-santiago-de-la-txantrea-incluidas-en-un-mismo-plan-especial-de-mejora-de-la-accesibilidad-que-sera-conocido-por-urbanismo\\\/\"]}]},{\"@type\":\"ImageObject\",\"inLanguage\":\"es\",\"@id\":\"https:\\\/\\\/www.laguiadepamplona.com\\\/actualidad\\\/las-730-viviendas-de-la-cooperativa-santiago-de-la-txantrea-incluidas-en-un-mismo-plan-especial-de-mejora-de-la-accesibilidad-que-sera-conocido-por-urbanismo\\\/#primaryimage\",\"url\":\"https:\\\/\\\/www.laguiadepamplona.com\\\/actualidad\\\/wp-content\\\/uploads\\\/2021\\\/09\\\/chantrea.jpg\",\"contentUrl\":\"https:\\\/\\\/www.laguiadepamplona.com\\\/actualidad\\\/wp-content\\\/uploads\\\/2021\\\/09\\\/chantrea.jpg\",\"width\":977,\"height\":703,\"caption\":\"*A: MONTXO A.G. *F: 00-05-2001 *P: *L: PAMPLONA *T: CHANTREA\"},{\"@type\":\"BreadcrumbList\",\"@id\":\"https:\\\/\\\/www.laguiadepamplona.com\\\/actualidad\\\/las-730-viviendas-de-la-cooperativa-santiago-de-la-txantrea-incluidas-en-un-mismo-plan-especial-de-mejora-de-la-accesibilidad-que-sera-conocido-por-urbanismo\\\/#breadcrumb\",\"itemListElement\":[{\"@type\":\"ListItem\",\"position\":1,\"name\":\"Portada\",\"item\":\"https:\\\/\\\/www.laguiadepamplona.com\\\/actualidad\\\/\"},{\"@type\":\"ListItem\",\"position\":2,\"name\":\"Las 730 viviendas de la Cooperativa Santiago de la Txantrea, incluidas en un mismo Plan Especial de mejora de la accesibilidad que ser\u00e1 conocido por Urbanismo\"}]},{\"@type\":\"WebSite\",\"@id\":\"https:\\\/\\\/www.laguiadepamplona.com\\\/actualidad\\\/#website\",\"url\":\"https:\\\/\\\/www.laguiadepamplona.com\\\/actualidad\\\/\",\"name\":\"La gu\u00eda de Pamplona\",\"description\":\"Noticias de Pamplona\",\"publisher\":{\"@id\":\"https:\\\/\\\/www.laguiadepamplona.com\\\/actualidad\\\/#organization\"},\"potentialAction\":[{\"@type\":\"SearchAction\",\"target\":{\"@type\":\"EntryPoint\",\"urlTemplate\":\"https:\\\/\\\/www.laguiadepamplona.com\\\/actualidad\\\/?s={search_term_string}\"},\"query-input\":{\"@type\":\"PropertyValueSpecification\",\"valueRequired\":true,\"valueName\":\"search_term_string\"}}],\"inLanguage\":\"es\"},{\"@type\":\"Organization\",\"@id\":\"https:\\\/\\\/www.laguiadepamplona.com\\\/actualidad\\\/#organization\",\"name\":\"La Gu\u00eda de Pamplona \\\/ Noticias\",\"url\":\"https:\\\/\\\/www.laguiadepamplona.com\\\/actualidad\\\/\",\"logo\":{\"@type\":\"ImageObject\",\"inLanguage\":\"es\",\"@id\":\"https:\\\/\\\/www.laguiadepamplona.com\\\/actualidad\\\/#\\\/schema\\\/logo\\\/image\\\/\",\"url\":\"https:\\\/\\\/www.laguiadepamplona.com\\\/actualidad\\\/wp-content\\\/uploads\\\/2018\\\/11\\\/logo-laguiadepamplona18-web1.png\",\"contentUrl\":\"https:\\\/\\\/www.laguiadepamplona.com\\\/actualidad\\\/wp-content\\\/uploads\\\/2018\\\/11\\\/logo-laguiadepamplona18-web1.png\",\"width\":600,\"height\":196,\"caption\":\"La Gu\u00eda de Pamplona \\\/ Noticias\"},\"image\":{\"@id\":\"https:\\\/\\\/www.laguiadepamplona.com\\\/actualidad\\\/#\\\/schema\\\/logo\\\/image\\\/\"},\"sameAs\":[\"https:\\\/\\\/www.facebook.com\\\/laguiadepamplonacom-133175176762273\\\/?ref=hl\",\"https:\\\/\\\/x.com\\\/LaGuiadPamplona\",\"https:\\\/\\\/www.instagram.com\\\/la_guia_de_pamplona\\\/\",\"https:\\\/\\\/www.youtube.com\\\/user\\\/laguiadepamplona\"]},{\"@type\":\"Person\",\"@id\":\"https:\\\/\\\/www.laguiadepamplona.com\\\/actualidad\\\/#\\\/schema\\\/person\\\/efe887376f0213d4657c93adc50b1fdb\",\"name\":\"La Gu\u00eda de Pamplona\",\"image\":{\"@type\":\"ImageObject\",\"inLanguage\":\"es\",\"@id\":\"https:\\\/\\\/secure.gravatar.com\\\/avatar\\\/b6992f131dc8d30ab0dff15446e9d346d9dbd95992de0fef795073f5ea83a81c?s=96&d=mm&r=g\",\"url\":\"https:\\\/\\\/secure.gravatar.com\\\/avatar\\\/b6992f131dc8d30ab0dff15446e9d346d9dbd95992de0fef795073f5ea83a81c?s=96&d=mm&r=g\",\"contentUrl\":\"https:\\\/\\\/secure.gravatar.com\\\/avatar\\\/b6992f131dc8d30ab0dff15446e9d346d9dbd95992de0fef795073f5ea83a81c?s=96&d=mm&r=g\",\"caption\":\"La Gu\u00eda de Pamplona\"}}]}<\/script>\n<!-- \/ Yoast SEO plugin. -->","yoast_head_json":{"title":"Las 730 viviendas de la Cooperativa Santiago de la Txantrea, incluidas en un mismo Plan Especial de mejora de la accesibilidad que ser\u00e1 conocido por Urbanismo","description":"El Plan Especial contempla tres soluciones diferentes seg\u00fan las caracter\u00edsticas del entorno de los portales","robots":{"index":"index","follow":"follow","max-snippet":"max-snippet:-1","max-image-preview":"max-image-preview:large","max-video-preview":"max-video-preview:-1"},"canonical":"https:\/\/www.laguiadepamplona.com\/actualidad\/las-730-viviendas-de-la-cooperativa-santiago-de-la-txantrea-incluidas-en-un-mismo-plan-especial-de-mejora-de-la-accesibilidad-que-sera-conocido-por-urbanismo\/","og_locale":"es_ES","og_type":"article","og_title":"Las 730 viviendas de la Cooperativa Santiago de la Txantrea, incluidas en un mismo Plan Especial de mejora de la accesibilidad que ser\u00e1 conocido por Urbanismo","og_description":"El Plan Especial contempla tres soluciones diferentes seg\u00fan las caracter\u00edsticas del entorno de los portales","og_url":"https:\/\/www.laguiadepamplona.com\/actualidad\/las-730-viviendas-de-la-cooperativa-santiago-de-la-txantrea-incluidas-en-un-mismo-plan-especial-de-mejora-de-la-accesibilidad-que-sera-conocido-por-urbanismo\/","og_site_name":"La Gu\u00eda de Pamplona","article_publisher":"https:\/\/www.facebook.com\/laguiadepamplonacom-133175176762273\/?ref=hl","article_published_time":"2021-09-14T17:33:43+00:00","article_modified_time":"2023-04-11T09:49:01+00:00","og_image":[{"width":977,"height":703,"url":"https:\/\/www.laguiadepamplona.com\/actualidad\/wp-content\/uploads\/2021\/09\/chantrea.jpg","type":"image\/jpeg"}],"author":"La Gu\u00eda de Pamplona","twitter_card":"summary_large_image","twitter_creator":"@LaGuiadPamplona","twitter_site":"@LaGuiadPamplona","twitter_misc":{"Escrito por":"La Gu\u00eda de Pamplona","Tiempo de lectura":"3 minutos"},"schema":{"@context":"https:\/\/schema.org","@graph":[{"@type":"Article","@id":"https:\/\/www.laguiadepamplona.com\/actualidad\/las-730-viviendas-de-la-cooperativa-santiago-de-la-txantrea-incluidas-en-un-mismo-plan-especial-de-mejora-de-la-accesibilidad-que-sera-conocido-por-urbanismo\/#article","isPartOf":{"@id":"https:\/\/www.laguiadepamplona.com\/actualidad\/las-730-viviendas-de-la-cooperativa-santiago-de-la-txantrea-incluidas-en-un-mismo-plan-especial-de-mejora-de-la-accesibilidad-que-sera-conocido-por-urbanismo\/"},"author":{"name":"La Gu\u00eda de Pamplona","@id":"https:\/\/www.laguiadepamplona.com\/actualidad\/#\/schema\/person\/efe887376f0213d4657c93adc50b1fdb"},"headline":"Las 730 viviendas de la Cooperativa Santiago de la Txantrea, incluidas en un mismo Plan Especial de mejora de la accesibilidad que ser\u00e1 conocido por Urbanismo","datePublished":"2021-09-14T17:33:43+00:00","dateModified":"2023-04-11T09:49:01+00:00","mainEntityOfPage":{"@id":"https:\/\/www.laguiadepamplona.com\/actualidad\/las-730-viviendas-de-la-cooperativa-santiago-de-la-txantrea-incluidas-en-un-mismo-plan-especial-de-mejora-de-la-accesibilidad-que-sera-conocido-por-urbanismo\/"},"wordCount":573,"commentCount":0,"publisher":{"@id":"https:\/\/www.laguiadepamplona.com\/actualidad\/#organization"},"image":{"@id":"https:\/\/www.laguiadepamplona.com\/actualidad\/las-730-viviendas-de-la-cooperativa-santiago-de-la-txantrea-incluidas-en-un-mismo-plan-especial-de-mejora-de-la-accesibilidad-que-sera-conocido-por-urbanismo\/#primaryimage"},"thumbnailUrl":"https:\/\/www.laguiadepamplona.com\/actualidad\/wp-content\/uploads\/2021\/09\/chantrea.jpg","articleSection":["Ayto Pamplona"],"inLanguage":"es","potentialAction":[{"@type":"CommentAction","name":"Comment","target":["https:\/\/www.laguiadepamplona.com\/actualidad\/las-730-viviendas-de-la-cooperativa-santiago-de-la-txantrea-incluidas-en-un-mismo-plan-especial-de-mejora-de-la-accesibilidad-que-sera-conocido-por-urbanismo\/#respond"]}]},{"@type":"WebPage","@id":"https:\/\/www.laguiadepamplona.com\/actualidad\/las-730-viviendas-de-la-cooperativa-santiago-de-la-txantrea-incluidas-en-un-mismo-plan-especial-de-mejora-de-la-accesibilidad-que-sera-conocido-por-urbanismo\/","url":"https:\/\/www.laguiadepamplona.com\/actualidad\/las-730-viviendas-de-la-cooperativa-santiago-de-la-txantrea-incluidas-en-un-mismo-plan-especial-de-mejora-de-la-accesibilidad-que-sera-conocido-por-urbanismo\/","name":"Las 730 viviendas de la Cooperativa Santiago de la Txantrea, incluidas en un mismo Plan Especial de mejora de la accesibilidad que ser\u00e1 conocido por Urbanismo","isPartOf":{"@id":"https:\/\/www.laguiadepamplona.com\/actualidad\/#website"},"primaryImageOfPage":{"@id":"https:\/\/www.laguiadepamplona.com\/actualidad\/las-730-viviendas-de-la-cooperativa-santiago-de-la-txantrea-incluidas-en-un-mismo-plan-especial-de-mejora-de-la-accesibilidad-que-sera-conocido-por-urbanismo\/#primaryimage"},"image":{"@id":"https:\/\/www.laguiadepamplona.com\/actualidad\/las-730-viviendas-de-la-cooperativa-santiago-de-la-txantrea-incluidas-en-un-mismo-plan-especial-de-mejora-de-la-accesibilidad-que-sera-conocido-por-urbanismo\/#primaryimage"},"thumbnailUrl":"https:\/\/www.laguiadepamplona.com\/actualidad\/wp-content\/uploads\/2021\/09\/chantrea.jpg","datePublished":"2021-09-14T17:33:43+00:00","dateModified":"2023-04-11T09:49:01+00:00","description":"El Plan Especial contempla tres soluciones diferentes seg\u00fan las caracter\u00edsticas del entorno de los portales","breadcrumb":{"@id":"https:\/\/www.laguiadepamplona.com\/actualidad\/las-730-viviendas-de-la-cooperativa-santiago-de-la-txantrea-incluidas-en-un-mismo-plan-especial-de-mejora-de-la-accesibilidad-que-sera-conocido-por-urbanismo\/#breadcrumb"},"inLanguage":"es","potentialAction":[{"@type":"ReadAction","target":["https:\/\/www.laguiadepamplona.com\/actualidad\/las-730-viviendas-de-la-cooperativa-santiago-de-la-txantrea-incluidas-en-un-mismo-plan-especial-de-mejora-de-la-accesibilidad-que-sera-conocido-por-urbanismo\/"]}]},{"@type":"ImageObject","inLanguage":"es","@id":"https:\/\/www.laguiadepamplona.com\/actualidad\/las-730-viviendas-de-la-cooperativa-santiago-de-la-txantrea-incluidas-en-un-mismo-plan-especial-de-mejora-de-la-accesibilidad-que-sera-conocido-por-urbanismo\/#primaryimage","url":"https:\/\/www.laguiadepamplona.com\/actualidad\/wp-content\/uploads\/2021\/09\/chantrea.jpg","contentUrl":"https:\/\/www.laguiadepamplona.com\/actualidad\/wp-content\/uploads\/2021\/09\/chantrea.jpg","width":977,"height":703,"caption":"*A: MONTXO A.G. *F: 00-05-2001 *P: *L: PAMPLONA *T: CHANTREA"},{"@type":"BreadcrumbList","@id":"https:\/\/www.laguiadepamplona.com\/actualidad\/las-730-viviendas-de-la-cooperativa-santiago-de-la-txantrea-incluidas-en-un-mismo-plan-especial-de-mejora-de-la-accesibilidad-que-sera-conocido-por-urbanismo\/#breadcrumb","itemListElement":[{"@type":"ListItem","position":1,"name":"Portada","item":"https:\/\/www.laguiadepamplona.com\/actualidad\/"},{"@type":"ListItem","position":2,"name":"Las 730 viviendas de la Cooperativa Santiago de la Txantrea, incluidas en un mismo Plan Especial de mejora de la accesibilidad que ser\u00e1 conocido por Urbanismo"}]},{"@type":"WebSite","@id":"https:\/\/www.laguiadepamplona.com\/actualidad\/#website","url":"https:\/\/www.laguiadepamplona.com\/actualidad\/","name":"La gu\u00eda de Pamplona","description":"Noticias de Pamplona","publisher":{"@id":"https:\/\/www.laguiadepamplona.com\/actualidad\/#organization"},"potentialAction":[{"@type":"SearchAction","target":{"@type":"EntryPoint","urlTemplate":"https:\/\/www.laguiadepamplona.com\/actualidad\/?s={search_term_string}"},"query-input":{"@type":"PropertyValueSpecification","valueRequired":true,"valueName":"search_term_string"}}],"inLanguage":"es"},{"@type":"Organization","@id":"https:\/\/www.laguiadepamplona.com\/actualidad\/#organization","name":"La Gu\u00eda de Pamplona \/ Noticias","url":"https:\/\/www.laguiadepamplona.com\/actualidad\/","logo":{"@type":"ImageObject","inLanguage":"es","@id":"https:\/\/www.laguiadepamplona.com\/actualidad\/#\/schema\/logo\/image\/","url":"https:\/\/www.laguiadepamplona.com\/actualidad\/wp-content\/uploads\/2018\/11\/logo-laguiadepamplona18-web1.png","contentUrl":"https:\/\/www.laguiadepamplona.com\/actualidad\/wp-content\/uploads\/2018\/11\/logo-laguiadepamplona18-web1.png","width":600,"height":196,"caption":"La Gu\u00eda de Pamplona \/ Noticias"},"image":{"@id":"https:\/\/www.laguiadepamplona.com\/actualidad\/#\/schema\/logo\/image\/"},"sameAs":["https:\/\/www.facebook.com\/laguiadepamplonacom-133175176762273\/?ref=hl","https:\/\/x.com\/LaGuiadPamplona","https:\/\/www.instagram.com\/la_guia_de_pamplona\/","https:\/\/www.youtube.com\/user\/laguiadepamplona"]},{"@type":"Person","@id":"https:\/\/www.laguiadepamplona.com\/actualidad\/#\/schema\/person\/efe887376f0213d4657c93adc50b1fdb","name":"La Gu\u00eda de Pamplona","image":{"@type":"ImageObject","inLanguage":"es","@id":"https:\/\/secure.gravatar.com\/avatar\/b6992f131dc8d30ab0dff15446e9d346d9dbd95992de0fef795073f5ea83a81c?s=96&d=mm&r=g","url":"https:\/\/secure.gravatar.com\/avatar\/b6992f131dc8d30ab0dff15446e9d346d9dbd95992de0fef795073f5ea83a81c?s=96&d=mm&r=g","contentUrl":"https:\/\/secure.gravatar.com\/avatar\/b6992f131dc8d30ab0dff15446e9d346d9dbd95992de0fef795073f5ea83a81c?s=96&d=mm&r=g","caption":"La Gu\u00eda de Pamplona"}}]}},"post_mailing_queue_ids":[],"_links":{"self":[{"href":"https:\/\/www.laguiadepamplona.com\/actualidad\/wp-json\/wp\/v2\/posts\/36414","targetHints":{"allow":["GET"]}}],"collection":[{"href":"https:\/\/www.laguiadepamplona.com\/actualidad\/wp-json\/wp\/v2\/posts"}],"about":[{"href":"https:\/\/www.laguiadepamplona.com\/actualidad\/wp-json\/wp\/v2\/types\/post"}],"author":[{"embeddable":true,"href":"https:\/\/www.laguiadepamplona.com\/actualidad\/wp-json\/wp\/v2\/users\/1"}],"replies":[{"embeddable":true,"href":"https:\/\/www.laguiadepamplona.com\/actualidad\/wp-json\/wp\/v2\/comments?post=36414"}],"version-history":[{"count":0,"href":"https:\/\/www.laguiadepamplona.com\/actualidad\/wp-json\/wp\/v2\/posts\/36414\/revisions"}],"wp:featuredmedia":[{"embeddable":true,"href":"https:\/\/www.laguiadepamplona.com\/actualidad\/wp-json\/wp\/v2\/media\/36415"}],"wp:attachment":[{"href":"https:\/\/www.laguiadepamplona.com\/actualidad\/wp-json\/wp\/v2\/media?parent=36414"}],"wp:term":[{"taxonomy":"category","embeddable":true,"href":"https:\/\/www.laguiadepamplona.com\/actualidad\/wp-json\/wp\/v2\/categories?post=36414"},{"taxonomy":"post_tag","embeddable":true,"href":"https:\/\/www.laguiadepamplona.com\/actualidad\/wp-json\/wp\/v2\/tags?post=36414"}],"curies":[{"name":"wp","href":"https:\/\/api.w.org\/{rel}","templated":true}]}}