{"id":36408,"date":"2021-09-13T15:01:58","date_gmt":"2021-09-13T13:01:58","guid":{"rendered":"https:\/\/www.laguiadepamplona.com\/actualidad\/?p=36408"},"modified":"2023-04-11T11:49:02","modified_gmt":"2023-04-11T09:49:02","slug":"el-ayuntamiento-invierte-23-millones-de-euros-en-la-urbanizacion-de-la-ii-fase-del-parque-de-aranzadi-que-incluye-plaza-central-conexiones-entre-pasarelas-y-nuevos-caminos","status":"publish","type":"post","link":"https:\/\/www.laguiadepamplona.com\/actualidad\/el-ayuntamiento-invierte-23-millones-de-euros-en-la-urbanizacion-de-la-ii-fase-del-parque-de-aranzadi-que-incluye-plaza-central-conexiones-entre-pasarelas-y-nuevos-caminos\/","title":{"rendered":"El Ayuntamiento invierte 2,3 millones de euros en la urbanizaci\u00f3n de la II fase del parque de Aranzadi que incluye plaza central, conexiones entre pasarelas y nuevos caminos"},"content":{"rendered":"<h5>Los trabajos de jardiner\u00eda se adjudicar\u00e1n en breve en un segundo lote, alcanzando de este modo la inversi\u00f3n los 3\u20195 millones de euros<\/h5>\n<p><!--more--><\/p>\n<p>El orden del d\u00eda de Gerencia de Urbanismo del mi\u00e9rcoles incluye la propuesta de adjudicaci\u00f3n del primer lote de las obras de la segunda fase del parque de Aranzadi que conllevar\u00e1n una inversi\u00f3n del Ayuntamiento de Pamplona de 2,3 millones de euros. La segunda fase de las obras, tras la primera realizada en 2013 que se centr\u00f3 en la ejecuci\u00f3n del parque, se ha dividido entre la urbanizaci\u00f3n y el lote dos que se centrar\u00e1 en la jardiner\u00eda y el riego.<\/p>\n<p>De esta forma, se intervendr\u00e1 sobre 17.000 m<sup>2<\/sup> del meandro de acuerdo a lo dise\u00f1ado para este espacio de la ciudad por la empresa A221 Arquitectura e Ingenier\u00eda. Esta segunda fase incluye lo relativo a caminos de acceso, conexiones Este-Oeste y la intervenci\u00f3n en el bosque de crecida.<\/p>\n<p>La propuesta de adjudicaci\u00f3n del lote uno es a favor de Apezetxea Anaiak S.L. con un importe de 2.301.254 euros, IVA incluido. El precio de licitaci\u00f3n de ambos lotes era de 3.693.295,67 euros, de los que 1 mill\u00f3n de euros se aplicar\u00eda en el a\u00f1o 2021 y el resto, hasta cubrir el importe, en 2022.<\/p>\n<p>Las actuaciones realizadas en el parque hasta el momento han consistido en la intervenci\u00f3n sobre el vial que delimita el parque en su zona interior, la ejecuci\u00f3n de la orla de huertas y los trabajos en el bosque de crecida, adem\u00e1s de la ejecuci\u00f3n de parte de los caminos del parque. Resta intervenir en los jardines centrales, y en los viales de acceso principales. El parque, en sus dos fases, sumar\u00e1 una superficie total de 150.000 m<sup>2<\/sup> y su dise\u00f1o tiene en cuenta un triple concepto en el plano t\u00e9cnico: el impulso a la sostenibilidad y la educaci\u00f3n ambiental, la puesta en valor de usos tradicionales de ese espacio y el fomento de la econom\u00eda circular como modelo productivo que minimice el uso de recursos naturales y energ\u00eda.<\/p>\n<p><strong>Se concluye la calle que da vuelta a Aranzadi<\/strong><\/p>\n<p>En la calle de acceso y vuelta a Aranzadi se terminar\u00e1 la configuraci\u00f3n, ejecutada en parte en la primera fase y con el vial en \u2018L\u2019, que delimita el parque en su zona interior, utilizando los mismos materiales. Se mejoran peatonalmente los accesos al parque desde la calle El Vergel: uno de los accesos es el que parte junto a la residencia el Vergel y el otro recorrido junto a las instalaciones de Aranzadi.<\/p>\n<p>Se actualizar\u00e1n y soterrar\u00e1n las infraestructuras a\u00e9reas en todas las zonas en las que se levanta la calle actual. Adem\u00e1s, se dise\u00f1ar\u00e1 una calle que crear\u00e1 un espacio de convivencia del tr\u00e1fico rodado de sentido \u00fanico y el tr\u00e1nsito peatonal, teniendo siempre prioridad este \u00faltimo. En la entrada por la calle Vergel se mantendr\u00e1 la acera de hormig\u00f3n que ya existe, y 3 metros de asfalto, cre\u00e1ndose una franja verde junto a la residencia del Vergel, de uno a dos metros de anchura en la que se dispondr\u00e1 arbolado, plantas arbustivas y luminarias, de las mismas caracter\u00edsticas a las actuales en la zona del vial en \u2018L\u2019. ya ejecutado.<\/p>\n<p><script async src=\"\/\/pagead2.googlesyndication.com\/pagead\/js\/adsbygoogle.js\"><\/script><br \/>\n<!-- Noticias La Guia de Pamplona --><br \/>\n<ins class=\"adsbygoogle\"\nstyle=\"display:block\"\ndata-ad-client=\"ca-pub-6943679897239327\"\ndata-ad-slot=\"7048180777\"\ndata-ad-format=\"auto\"><\/ins><br \/>\n<script>\n(adsbygoogle = window.adsbygoogle || []).push({});\n<\/script><\/p>\n<p>En la parte del vial que queda frente al h\u00f3rreo, se mantendr\u00e1 la secci\u00f3n existente de 2 metros de hormig\u00f3n lavado para uso peatonal de la parte Sur y 3 metros de asfalto para el tr\u00e1fico rodado. Ah\u00ed se sumar\u00e1n 1,5 metros de zonas verdes junto al asfalto y otros 2 metros de hormig\u00f3n lavado, creando un espacio de paseo o boulevard. En la zona de salida, junto a las instalaciones deportivas de la C.D. Aranzadi, se mantendr\u00e1 un espacio continuo peatonal de 2 metros de anchura de hormig\u00f3n lavado y de 3 metros de asfalto.<\/p>\n<p>Dependiendo de las zonas se combinar\u00e1n distintos tratamientos. Por ejemplo, junto a los edificios de entrada a las instalaciones de las piscinas se producir\u00e1 un ensanchamiento de desahogo de la actividad, con un acabado de losas de hormig\u00f3n blanco para poner en valor el acceso. Frente a las piscinas se habilitar\u00e1n algunos espacios de aparcamiento puntual sobre losas mixtas de hormig\u00f3n y verde y, junto a las vallas que delimitan la propiedad p\u00fablica y privada de toda la calle, se plantear\u00e1 un espacio con anchura variable con un tratamiento verde a base de plantas arbustivas y arbolado. Adem\u00e1s, en el vial-calle vuelta de Aranzadi se dispondr\u00e1n bancos de madera con reposabrazos y bancos corridos con acabado de hormig\u00f3n pulido. Tambi\u00e9n se situar\u00e1n aparcabicicletas en la entrada de las piscinas.<\/p>\n<p><script async src=\"\/\/pagead2.googlesyndication.com\/pagead\/js\/adsbygoogle.js\"><\/script><br \/>\n<!-- Noticias La Guia de Pamplona --><br \/>\n<ins class=\"adsbygoogle\"\nstyle=\"display:block\"\ndata-ad-client=\"ca-pub-6943679897239327\"\ndata-ad-slot=\"7048180777\"\ndata-ad-format=\"auto\"><\/ins><br \/>\n<script>\n(adsbygoogle = window.adsbygoogle || []).push({});\n<\/script><\/p>\n<p><strong>Camino de conexi\u00f3n entre Rochapea, Aranzadi, y Txantrea y plaza central<\/strong><\/p>\n<p>La segunda fase de las obras tambi\u00e9n mejorar\u00e1 las conexiones Este-Oeste, es decir, entre Rochapea, Aranzadi y Txantrea, creando un espacio central en el que converger\u00e1n los diferentes ejes y usos del parque. Se crear\u00e1 una zona de estancia que recoger\u00e1 el Caqui existente, la puerta de entrada a las huertas y el h\u00f3rreo, con zonas de sombra y mobiliario de descanso (bancos de pies de hormig\u00f3n y asiento en madera). Se mantendr\u00e1n libres de obst\u00e1culos superficies, amplias, para facilitar la implantaci\u00f3n de ferias, mercadillos tem\u00e1ticos u otro tipo de eventos. Junto a la plaza central se plantear\u00e1 una zona de juegos basados en el uso del agua y la arena, para fomentar el car\u00e1cter natural del parque.<\/p>\n<p>Adem\u00e1s, se propondr\u00e1 un camino de uso peatonal que conecte la pasarela Oeste en la calle Errotazar junto al Museo de Educaci\u00f3n Ambiental con la del Este, que desembarca en el desarrollo de Alemanes de 4,5 metros de ancho realizado en hormig\u00f3n lavado, con una alineaci\u00f3n de \u00e1rboles con el fin de proveer de sombra al recorrido.<\/p>\n<p>Este camino se ver\u00e1 interrumpido al llegar a la zona de la plaza, alrededor del h\u00f3rreo, donde se colocar\u00e1 un pavimento a base de ARIPAQ, (terroso) que presentar\u00e1 una zona de descanso en la que se colocar\u00e1n especies arb\u00f3reas de gran porte para la creaci\u00f3n de espacios con sombra. En ese entorno ir\u00e1n colocados elementos de mobiliario urbano. El pavimento terroso se abrir\u00e1 tambi\u00e9n en la zona alrededor del Caqui, que solo se ver\u00e1 cortado en el per\u00edmetro del mismo \u00e1rbol, creando un c\u00edrculo de 12 metros de di\u00e1metro en el que la tierra actual no se ver\u00e1 afectada.<\/p>\n<p>El eje continuar\u00e1 por el lado Oeste con las mismas caracter\u00edsticas que en el lado Este, creando un ensanchamiento en la zona de acceso de la Casa Soto, a base de pavimento de hormig\u00f3n lavado. En esta zona del eje, se pueden contemplar las huertas. Para su preservaci\u00f3n se ha decidido disponer de una franja de 2 metros de tierra vegetal y talud.<\/p>\n<p><script async src=\"\/\/pagead2.googlesyndication.com\/pagead\/js\/adsbygoogle.js\"><\/script><br \/>\n<!-- Noticias La Guia de Pamplona --><br \/>\n<ins class=\"adsbygoogle\"\nstyle=\"display:block\"\ndata-ad-client=\"ca-pub-6943679897239327\"\ndata-ad-slot=\"7048180777\"\ndata-ad-format=\"auto\"><\/ins><br \/>\n<script>\n(adsbygoogle = window.adsbygoogle || []).push({});\n<\/script><\/p>\n<p><strong>Refuerzo de iluminaci\u00f3n en el bosque de crecida<\/strong><\/p>\n<p>En relaci\u00f3n al bosque de crecida, se terminar\u00e1 el camino que limita el bosque de crecida por el Sur con pavimento terroso tipo ARIPAQ y se dotar\u00e1 de luminarias de las mismas caracter\u00edsticas a las del resto del parque cada 15 metros.<\/p>\n<p>Adem\u00e1s, se repondr\u00e1n algunos ejemplares en el bosque para reducir la afecci\u00f3n de las crecidas del r\u00edo Arga y se crear\u00e1n dos espacios boscosos que acompa\u00f1ar\u00e1n al camino por el Sur en su inicio y final, creando zonas de estancia en unos \u00e1mbitos que en estos momentos no cuentan con vegetaci\u00f3n alguna.<\/p>\n","protected":false},"excerpt":{"rendered":"<p>Los trabajos de jardiner\u00eda se adjudicar\u00e1n en breve en un segundo lote, alcanzando de este modo la inversi\u00f3n los 3\u20195 millones de euros<\/p>\n","protected":false},"author":1,"featured_media":36409,"comment_status":"open","ping_status":"closed","sticky":false,"template":"","format":"standard","meta":{"footnotes":""},"categories":[2],"tags":[],"class_list":["post-36408","post","type-post","status-publish","format-standard","has-post-thumbnail","hentry","category-ayuntamiento-pamplona"],"yoast_head":"<!-- This site is optimized with the Yoast SEO plugin v27.5 - https:\/\/yoast.com\/product\/yoast-seo-wordpress\/ -->\n<title>El Ayuntamiento invierte 2,3 millones de euros en la urbanizaci\u00f3n de la II fase del parque de Aranzadi que incluye plaza central, conexiones entre pasarelas y nuevos caminos<\/title>\n<meta name=\"description\" content=\"Los trabajos de jardiner\u00eda se adjudicar\u00e1n en breve en un segundo lote, alcanzando de este modo la inversi\u00f3n los 3\u20195 millones de euros\" \/>\n<meta name=\"robots\" content=\"index, follow, max-snippet:-1, max-image-preview:large, max-video-preview:-1\" \/>\n<link rel=\"canonical\" href=\"https:\/\/www.laguiadepamplona.com\/actualidad\/el-ayuntamiento-invierte-23-millones-de-euros-en-la-urbanizacion-de-la-ii-fase-del-parque-de-aranzadi-que-incluye-plaza-central-conexiones-entre-pasarelas-y-nuevos-caminos\/\" \/>\n<meta property=\"og:locale\" content=\"es_ES\" \/>\n<meta property=\"og:type\" content=\"article\" \/>\n<meta property=\"og:title\" content=\"El Ayuntamiento invierte 2,3 millones de euros en la urbanizaci\u00f3n de la II fase del parque de Aranzadi que incluye plaza central, conexiones entre pasarelas y nuevos caminos\" \/>\n<meta property=\"og:description\" content=\"Los trabajos de jardiner\u00eda se adjudicar\u00e1n en breve en un segundo lote, alcanzando de este modo la inversi\u00f3n los 3\u20195 millones de euros\" \/>\n<meta property=\"og:url\" content=\"https:\/\/www.laguiadepamplona.com\/actualidad\/el-ayuntamiento-invierte-23-millones-de-euros-en-la-urbanizacion-de-la-ii-fase-del-parque-de-aranzadi-que-incluye-plaza-central-conexiones-entre-pasarelas-y-nuevos-caminos\/\" \/>\n<meta property=\"og:site_name\" content=\"La Gu\u00eda de Pamplona\" \/>\n<meta property=\"article:publisher\" content=\"https:\/\/www.facebook.com\/laguiadepamplonacom-133175176762273\/?ref=hl\" \/>\n<meta property=\"article:published_time\" content=\"2021-09-13T13:01:58+00:00\" \/>\n<meta property=\"article:modified_time\" content=\"2023-04-11T09:49:02+00:00\" \/>\n<meta property=\"og:image\" content=\"https:\/\/www.laguiadepamplona.com\/actualidad\/wp-content\/uploads\/2021\/09\/pasarela1.jpg\" \/>\n\t<meta property=\"og:image:width\" content=\"1920\" \/>\n\t<meta property=\"og:image:height\" content=\"1032\" \/>\n\t<meta property=\"og:image:type\" content=\"image\/jpeg\" \/>\n<meta name=\"author\" content=\"La Gu\u00eda de Pamplona\" \/>\n<meta name=\"twitter:card\" content=\"summary_large_image\" \/>\n<meta name=\"twitter:creator\" content=\"@LaGuiadPamplona\" \/>\n<meta name=\"twitter:site\" content=\"@LaGuiadPamplona\" \/>\n<meta name=\"twitter:label1\" content=\"Escrito por\" \/>\n\t<meta name=\"twitter:data1\" content=\"La Gu\u00eda de Pamplona\" \/>\n\t<meta name=\"twitter:label2\" content=\"Tiempo de lectura\" \/>\n\t<meta name=\"twitter:data2\" content=\"6 minutos\" \/>\n<script type=\"application\/ld+json\" class=\"yoast-schema-graph\">{\"@context\":\"https:\\\/\\\/schema.org\",\"@graph\":[{\"@type\":\"Article\",\"@id\":\"https:\\\/\\\/www.laguiadepamplona.com\\\/actualidad\\\/el-ayuntamiento-invierte-23-millones-de-euros-en-la-urbanizacion-de-la-ii-fase-del-parque-de-aranzadi-que-incluye-plaza-central-conexiones-entre-pasarelas-y-nuevos-caminos\\\/#article\",\"isPartOf\":{\"@id\":\"https:\\\/\\\/www.laguiadepamplona.com\\\/actualidad\\\/el-ayuntamiento-invierte-23-millones-de-euros-en-la-urbanizacion-de-la-ii-fase-del-parque-de-aranzadi-que-incluye-plaza-central-conexiones-entre-pasarelas-y-nuevos-caminos\\\/\"},\"author\":{\"name\":\"La Gu\u00eda de Pamplona\",\"@id\":\"https:\\\/\\\/www.laguiadepamplona.com\\\/actualidad\\\/#\\\/schema\\\/person\\\/efe887376f0213d4657c93adc50b1fdb\"},\"headline\":\"El Ayuntamiento invierte 2,3 millones de euros en la urbanizaci\u00f3n de la II fase del parque de Aranzadi que incluye plaza central, conexiones entre pasarelas y nuevos caminos\",\"datePublished\":\"2021-09-13T13:01:58+00:00\",\"dateModified\":\"2023-04-11T09:49:02+00:00\",\"mainEntityOfPage\":{\"@id\":\"https:\\\/\\\/www.laguiadepamplona.com\\\/actualidad\\\/el-ayuntamiento-invierte-23-millones-de-euros-en-la-urbanizacion-de-la-ii-fase-del-parque-de-aranzadi-que-incluye-plaza-central-conexiones-entre-pasarelas-y-nuevos-caminos\\\/\"},\"wordCount\":1304,\"commentCount\":0,\"publisher\":{\"@id\":\"https:\\\/\\\/www.laguiadepamplona.com\\\/actualidad\\\/#organization\"},\"image\":{\"@id\":\"https:\\\/\\\/www.laguiadepamplona.com\\\/actualidad\\\/el-ayuntamiento-invierte-23-millones-de-euros-en-la-urbanizacion-de-la-ii-fase-del-parque-de-aranzadi-que-incluye-plaza-central-conexiones-entre-pasarelas-y-nuevos-caminos\\\/#primaryimage\"},\"thumbnailUrl\":\"https:\\\/\\\/www.laguiadepamplona.com\\\/actualidad\\\/wp-content\\\/uploads\\\/2021\\\/09\\\/pasarela1.jpg\",\"articleSection\":[\"Ayto Pamplona\"],\"inLanguage\":\"es\",\"potentialAction\":[{\"@type\":\"CommentAction\",\"name\":\"Comment\",\"target\":[\"https:\\\/\\\/www.laguiadepamplona.com\\\/actualidad\\\/el-ayuntamiento-invierte-23-millones-de-euros-en-la-urbanizacion-de-la-ii-fase-del-parque-de-aranzadi-que-incluye-plaza-central-conexiones-entre-pasarelas-y-nuevos-caminos\\\/#respond\"]}]},{\"@type\":\"WebPage\",\"@id\":\"https:\\\/\\\/www.laguiadepamplona.com\\\/actualidad\\\/el-ayuntamiento-invierte-23-millones-de-euros-en-la-urbanizacion-de-la-ii-fase-del-parque-de-aranzadi-que-incluye-plaza-central-conexiones-entre-pasarelas-y-nuevos-caminos\\\/\",\"url\":\"https:\\\/\\\/www.laguiadepamplona.com\\\/actualidad\\\/el-ayuntamiento-invierte-23-millones-de-euros-en-la-urbanizacion-de-la-ii-fase-del-parque-de-aranzadi-que-incluye-plaza-central-conexiones-entre-pasarelas-y-nuevos-caminos\\\/\",\"name\":\"El Ayuntamiento invierte 2,3 millones de euros en la urbanizaci\u00f3n de la II fase del parque de Aranzadi que incluye plaza central, conexiones entre pasarelas y nuevos caminos\",\"isPartOf\":{\"@id\":\"https:\\\/\\\/www.laguiadepamplona.com\\\/actualidad\\\/#website\"},\"primaryImageOfPage\":{\"@id\":\"https:\\\/\\\/www.laguiadepamplona.com\\\/actualidad\\\/el-ayuntamiento-invierte-23-millones-de-euros-en-la-urbanizacion-de-la-ii-fase-del-parque-de-aranzadi-que-incluye-plaza-central-conexiones-entre-pasarelas-y-nuevos-caminos\\\/#primaryimage\"},\"image\":{\"@id\":\"https:\\\/\\\/www.laguiadepamplona.com\\\/actualidad\\\/el-ayuntamiento-invierte-23-millones-de-euros-en-la-urbanizacion-de-la-ii-fase-del-parque-de-aranzadi-que-incluye-plaza-central-conexiones-entre-pasarelas-y-nuevos-caminos\\\/#primaryimage\"},\"thumbnailUrl\":\"https:\\\/\\\/www.laguiadepamplona.com\\\/actualidad\\\/wp-content\\\/uploads\\\/2021\\\/09\\\/pasarela1.jpg\",\"datePublished\":\"2021-09-13T13:01:58+00:00\",\"dateModified\":\"2023-04-11T09:49:02+00:00\",\"description\":\"Los trabajos de jardiner\u00eda se adjudicar\u00e1n en breve en un segundo lote, alcanzando de este modo la inversi\u00f3n los 3\u20195 millones de euros\",\"breadcrumb\":{\"@id\":\"https:\\\/\\\/www.laguiadepamplona.com\\\/actualidad\\\/el-ayuntamiento-invierte-23-millones-de-euros-en-la-urbanizacion-de-la-ii-fase-del-parque-de-aranzadi-que-incluye-plaza-central-conexiones-entre-pasarelas-y-nuevos-caminos\\\/#breadcrumb\"},\"inLanguage\":\"es\",\"potentialAction\":[{\"@type\":\"ReadAction\",\"target\":[\"https:\\\/\\\/www.laguiadepamplona.com\\\/actualidad\\\/el-ayuntamiento-invierte-23-millones-de-euros-en-la-urbanizacion-de-la-ii-fase-del-parque-de-aranzadi-que-incluye-plaza-central-conexiones-entre-pasarelas-y-nuevos-caminos\\\/\"]}]},{\"@type\":\"ImageObject\",\"inLanguage\":\"es\",\"@id\":\"https:\\\/\\\/www.laguiadepamplona.com\\\/actualidad\\\/el-ayuntamiento-invierte-23-millones-de-euros-en-la-urbanizacion-de-la-ii-fase-del-parque-de-aranzadi-que-incluye-plaza-central-conexiones-entre-pasarelas-y-nuevos-caminos\\\/#primaryimage\",\"url\":\"https:\\\/\\\/www.laguiadepamplona.com\\\/actualidad\\\/wp-content\\\/uploads\\\/2021\\\/09\\\/pasarela1.jpg\",\"contentUrl\":\"https:\\\/\\\/www.laguiadepamplona.com\\\/actualidad\\\/wp-content\\\/uploads\\\/2021\\\/09\\\/pasarela1.jpg\",\"width\":1920,\"height\":1032},{\"@type\":\"BreadcrumbList\",\"@id\":\"https:\\\/\\\/www.laguiadepamplona.com\\\/actualidad\\\/el-ayuntamiento-invierte-23-millones-de-euros-en-la-urbanizacion-de-la-ii-fase-del-parque-de-aranzadi-que-incluye-plaza-central-conexiones-entre-pasarelas-y-nuevos-caminos\\\/#breadcrumb\",\"itemListElement\":[{\"@type\":\"ListItem\",\"position\":1,\"name\":\"Portada\",\"item\":\"https:\\\/\\\/www.laguiadepamplona.com\\\/actualidad\\\/\"},{\"@type\":\"ListItem\",\"position\":2,\"name\":\"El Ayuntamiento invierte 2,3 millones de euros en la urbanizaci\u00f3n de la II fase del parque de Aranzadi que incluye plaza central, conexiones entre pasarelas y nuevos caminos\"}]},{\"@type\":\"WebSite\",\"@id\":\"https:\\\/\\\/www.laguiadepamplona.com\\\/actualidad\\\/#website\",\"url\":\"https:\\\/\\\/www.laguiadepamplona.com\\\/actualidad\\\/\",\"name\":\"La gu\u00eda de Pamplona\",\"description\":\"Noticias de Pamplona\",\"publisher\":{\"@id\":\"https:\\\/\\\/www.laguiadepamplona.com\\\/actualidad\\\/#organization\"},\"potentialAction\":[{\"@type\":\"SearchAction\",\"target\":{\"@type\":\"EntryPoint\",\"urlTemplate\":\"https:\\\/\\\/www.laguiadepamplona.com\\\/actualidad\\\/?s={search_term_string}\"},\"query-input\":{\"@type\":\"PropertyValueSpecification\",\"valueRequired\":true,\"valueName\":\"search_term_string\"}}],\"inLanguage\":\"es\"},{\"@type\":\"Organization\",\"@id\":\"https:\\\/\\\/www.laguiadepamplona.com\\\/actualidad\\\/#organization\",\"name\":\"La Gu\u00eda de Pamplona \\\/ Noticias\",\"url\":\"https:\\\/\\\/www.laguiadepamplona.com\\\/actualidad\\\/\",\"logo\":{\"@type\":\"ImageObject\",\"inLanguage\":\"es\",\"@id\":\"https:\\\/\\\/www.laguiadepamplona.com\\\/actualidad\\\/#\\\/schema\\\/logo\\\/image\\\/\",\"url\":\"https:\\\/\\\/www.laguiadepamplona.com\\\/actualidad\\\/wp-content\\\/uploads\\\/2018\\\/11\\\/logo-laguiadepamplona18-web1.png\",\"contentUrl\":\"https:\\\/\\\/www.laguiadepamplona.com\\\/actualidad\\\/wp-content\\\/uploads\\\/2018\\\/11\\\/logo-laguiadepamplona18-web1.png\",\"width\":600,\"height\":196,\"caption\":\"La Gu\u00eda de Pamplona \\\/ Noticias\"},\"image\":{\"@id\":\"https:\\\/\\\/www.laguiadepamplona.com\\\/actualidad\\\/#\\\/schema\\\/logo\\\/image\\\/\"},\"sameAs\":[\"https:\\\/\\\/www.facebook.com\\\/laguiadepamplonacom-133175176762273\\\/?ref=hl\",\"https:\\\/\\\/x.com\\\/LaGuiadPamplona\",\"https:\\\/\\\/www.instagram.com\\\/la_guia_de_pamplona\\\/\",\"https:\\\/\\\/www.youtube.com\\\/user\\\/laguiadepamplona\"]},{\"@type\":\"Person\",\"@id\":\"https:\\\/\\\/www.laguiadepamplona.com\\\/actualidad\\\/#\\\/schema\\\/person\\\/efe887376f0213d4657c93adc50b1fdb\",\"name\":\"La Gu\u00eda de Pamplona\",\"image\":{\"@type\":\"ImageObject\",\"inLanguage\":\"es\",\"@id\":\"https:\\\/\\\/secure.gravatar.com\\\/avatar\\\/b6992f131dc8d30ab0dff15446e9d346d9dbd95992de0fef795073f5ea83a81c?s=96&d=mm&r=g\",\"url\":\"https:\\\/\\\/secure.gravatar.com\\\/avatar\\\/b6992f131dc8d30ab0dff15446e9d346d9dbd95992de0fef795073f5ea83a81c?s=96&d=mm&r=g\",\"contentUrl\":\"https:\\\/\\\/secure.gravatar.com\\\/avatar\\\/b6992f131dc8d30ab0dff15446e9d346d9dbd95992de0fef795073f5ea83a81c?s=96&d=mm&r=g\",\"caption\":\"La Gu\u00eda de Pamplona\"}}]}<\/script>\n<!-- \/ Yoast SEO plugin. -->","yoast_head_json":{"title":"El Ayuntamiento invierte 2,3 millones de euros en la urbanizaci\u00f3n de la II fase del parque de Aranzadi que incluye plaza central, conexiones entre pasarelas y nuevos caminos","description":"Los trabajos de jardiner\u00eda se adjudicar\u00e1n en breve en un segundo lote, alcanzando de este modo la inversi\u00f3n los 3\u20195 millones de euros","robots":{"index":"index","follow":"follow","max-snippet":"max-snippet:-1","max-image-preview":"max-image-preview:large","max-video-preview":"max-video-preview:-1"},"canonical":"https:\/\/www.laguiadepamplona.com\/actualidad\/el-ayuntamiento-invierte-23-millones-de-euros-en-la-urbanizacion-de-la-ii-fase-del-parque-de-aranzadi-que-incluye-plaza-central-conexiones-entre-pasarelas-y-nuevos-caminos\/","og_locale":"es_ES","og_type":"article","og_title":"El Ayuntamiento invierte 2,3 millones de euros en la urbanizaci\u00f3n de la II fase del parque de Aranzadi que incluye plaza central, conexiones entre pasarelas y nuevos caminos","og_description":"Los trabajos de jardiner\u00eda se adjudicar\u00e1n en breve en un segundo lote, alcanzando de este modo la inversi\u00f3n los 3\u20195 millones de euros","og_url":"https:\/\/www.laguiadepamplona.com\/actualidad\/el-ayuntamiento-invierte-23-millones-de-euros-en-la-urbanizacion-de-la-ii-fase-del-parque-de-aranzadi-que-incluye-plaza-central-conexiones-entre-pasarelas-y-nuevos-caminos\/","og_site_name":"La Gu\u00eda de Pamplona","article_publisher":"https:\/\/www.facebook.com\/laguiadepamplonacom-133175176762273\/?ref=hl","article_published_time":"2021-09-13T13:01:58+00:00","article_modified_time":"2023-04-11T09:49:02+00:00","og_image":[{"width":1920,"height":1032,"url":"https:\/\/www.laguiadepamplona.com\/actualidad\/wp-content\/uploads\/2021\/09\/pasarela1.jpg","type":"image\/jpeg"}],"author":"La Gu\u00eda de Pamplona","twitter_card":"summary_large_image","twitter_creator":"@LaGuiadPamplona","twitter_site":"@LaGuiadPamplona","twitter_misc":{"Escrito por":"La Gu\u00eda de Pamplona","Tiempo de lectura":"6 minutos"},"schema":{"@context":"https:\/\/schema.org","@graph":[{"@type":"Article","@id":"https:\/\/www.laguiadepamplona.com\/actualidad\/el-ayuntamiento-invierte-23-millones-de-euros-en-la-urbanizacion-de-la-ii-fase-del-parque-de-aranzadi-que-incluye-plaza-central-conexiones-entre-pasarelas-y-nuevos-caminos\/#article","isPartOf":{"@id":"https:\/\/www.laguiadepamplona.com\/actualidad\/el-ayuntamiento-invierte-23-millones-de-euros-en-la-urbanizacion-de-la-ii-fase-del-parque-de-aranzadi-que-incluye-plaza-central-conexiones-entre-pasarelas-y-nuevos-caminos\/"},"author":{"name":"La Gu\u00eda de Pamplona","@id":"https:\/\/www.laguiadepamplona.com\/actualidad\/#\/schema\/person\/efe887376f0213d4657c93adc50b1fdb"},"headline":"El Ayuntamiento invierte 2,3 millones de euros en la urbanizaci\u00f3n de la II fase del parque de Aranzadi que incluye plaza central, conexiones entre pasarelas y nuevos caminos","datePublished":"2021-09-13T13:01:58+00:00","dateModified":"2023-04-11T09:49:02+00:00","mainEntityOfPage":{"@id":"https:\/\/www.laguiadepamplona.com\/actualidad\/el-ayuntamiento-invierte-23-millones-de-euros-en-la-urbanizacion-de-la-ii-fase-del-parque-de-aranzadi-que-incluye-plaza-central-conexiones-entre-pasarelas-y-nuevos-caminos\/"},"wordCount":1304,"commentCount":0,"publisher":{"@id":"https:\/\/www.laguiadepamplona.com\/actualidad\/#organization"},"image":{"@id":"https:\/\/www.laguiadepamplona.com\/actualidad\/el-ayuntamiento-invierte-23-millones-de-euros-en-la-urbanizacion-de-la-ii-fase-del-parque-de-aranzadi-que-incluye-plaza-central-conexiones-entre-pasarelas-y-nuevos-caminos\/#primaryimage"},"thumbnailUrl":"https:\/\/www.laguiadepamplona.com\/actualidad\/wp-content\/uploads\/2021\/09\/pasarela1.jpg","articleSection":["Ayto Pamplona"],"inLanguage":"es","potentialAction":[{"@type":"CommentAction","name":"Comment","target":["https:\/\/www.laguiadepamplona.com\/actualidad\/el-ayuntamiento-invierte-23-millones-de-euros-en-la-urbanizacion-de-la-ii-fase-del-parque-de-aranzadi-que-incluye-plaza-central-conexiones-entre-pasarelas-y-nuevos-caminos\/#respond"]}]},{"@type":"WebPage","@id":"https:\/\/www.laguiadepamplona.com\/actualidad\/el-ayuntamiento-invierte-23-millones-de-euros-en-la-urbanizacion-de-la-ii-fase-del-parque-de-aranzadi-que-incluye-plaza-central-conexiones-entre-pasarelas-y-nuevos-caminos\/","url":"https:\/\/www.laguiadepamplona.com\/actualidad\/el-ayuntamiento-invierte-23-millones-de-euros-en-la-urbanizacion-de-la-ii-fase-del-parque-de-aranzadi-que-incluye-plaza-central-conexiones-entre-pasarelas-y-nuevos-caminos\/","name":"El Ayuntamiento invierte 2,3 millones de euros en la urbanizaci\u00f3n de la II fase del parque de Aranzadi que incluye plaza central, conexiones entre pasarelas y nuevos caminos","isPartOf":{"@id":"https:\/\/www.laguiadepamplona.com\/actualidad\/#website"},"primaryImageOfPage":{"@id":"https:\/\/www.laguiadepamplona.com\/actualidad\/el-ayuntamiento-invierte-23-millones-de-euros-en-la-urbanizacion-de-la-ii-fase-del-parque-de-aranzadi-que-incluye-plaza-central-conexiones-entre-pasarelas-y-nuevos-caminos\/#primaryimage"},"image":{"@id":"https:\/\/www.laguiadepamplona.com\/actualidad\/el-ayuntamiento-invierte-23-millones-de-euros-en-la-urbanizacion-de-la-ii-fase-del-parque-de-aranzadi-que-incluye-plaza-central-conexiones-entre-pasarelas-y-nuevos-caminos\/#primaryimage"},"thumbnailUrl":"https:\/\/www.laguiadepamplona.com\/actualidad\/wp-content\/uploads\/2021\/09\/pasarela1.jpg","datePublished":"2021-09-13T13:01:58+00:00","dateModified":"2023-04-11T09:49:02+00:00","description":"Los trabajos de jardiner\u00eda se adjudicar\u00e1n en breve en un segundo lote, alcanzando de este modo la inversi\u00f3n los 3\u20195 millones de euros","breadcrumb":{"@id":"https:\/\/www.laguiadepamplona.com\/actualidad\/el-ayuntamiento-invierte-23-millones-de-euros-en-la-urbanizacion-de-la-ii-fase-del-parque-de-aranzadi-que-incluye-plaza-central-conexiones-entre-pasarelas-y-nuevos-caminos\/#breadcrumb"},"inLanguage":"es","potentialAction":[{"@type":"ReadAction","target":["https:\/\/www.laguiadepamplona.com\/actualidad\/el-ayuntamiento-invierte-23-millones-de-euros-en-la-urbanizacion-de-la-ii-fase-del-parque-de-aranzadi-que-incluye-plaza-central-conexiones-entre-pasarelas-y-nuevos-caminos\/"]}]},{"@type":"ImageObject","inLanguage":"es","@id":"https:\/\/www.laguiadepamplona.com\/actualidad\/el-ayuntamiento-invierte-23-millones-de-euros-en-la-urbanizacion-de-la-ii-fase-del-parque-de-aranzadi-que-incluye-plaza-central-conexiones-entre-pasarelas-y-nuevos-caminos\/#primaryimage","url":"https:\/\/www.laguiadepamplona.com\/actualidad\/wp-content\/uploads\/2021\/09\/pasarela1.jpg","contentUrl":"https:\/\/www.laguiadepamplona.com\/actualidad\/wp-content\/uploads\/2021\/09\/pasarela1.jpg","width":1920,"height":1032},{"@type":"BreadcrumbList","@id":"https:\/\/www.laguiadepamplona.com\/actualidad\/el-ayuntamiento-invierte-23-millones-de-euros-en-la-urbanizacion-de-la-ii-fase-del-parque-de-aranzadi-que-incluye-plaza-central-conexiones-entre-pasarelas-y-nuevos-caminos\/#breadcrumb","itemListElement":[{"@type":"ListItem","position":1,"name":"Portada","item":"https:\/\/www.laguiadepamplona.com\/actualidad\/"},{"@type":"ListItem","position":2,"name":"El Ayuntamiento invierte 2,3 millones de euros en la urbanizaci\u00f3n de la II fase del parque de Aranzadi que incluye plaza central, conexiones entre pasarelas y nuevos caminos"}]},{"@type":"WebSite","@id":"https:\/\/www.laguiadepamplona.com\/actualidad\/#website","url":"https:\/\/www.laguiadepamplona.com\/actualidad\/","name":"La gu\u00eda de Pamplona","description":"Noticias de Pamplona","publisher":{"@id":"https:\/\/www.laguiadepamplona.com\/actualidad\/#organization"},"potentialAction":[{"@type":"SearchAction","target":{"@type":"EntryPoint","urlTemplate":"https:\/\/www.laguiadepamplona.com\/actualidad\/?s={search_term_string}"},"query-input":{"@type":"PropertyValueSpecification","valueRequired":true,"valueName":"search_term_string"}}],"inLanguage":"es"},{"@type":"Organization","@id":"https:\/\/www.laguiadepamplona.com\/actualidad\/#organization","name":"La Gu\u00eda de Pamplona \/ Noticias","url":"https:\/\/www.laguiadepamplona.com\/actualidad\/","logo":{"@type":"ImageObject","inLanguage":"es","@id":"https:\/\/www.laguiadepamplona.com\/actualidad\/#\/schema\/logo\/image\/","url":"https:\/\/www.laguiadepamplona.com\/actualidad\/wp-content\/uploads\/2018\/11\/logo-laguiadepamplona18-web1.png","contentUrl":"https:\/\/www.laguiadepamplona.com\/actualidad\/wp-content\/uploads\/2018\/11\/logo-laguiadepamplona18-web1.png","width":600,"height":196,"caption":"La Gu\u00eda de Pamplona \/ Noticias"},"image":{"@id":"https:\/\/www.laguiadepamplona.com\/actualidad\/#\/schema\/logo\/image\/"},"sameAs":["https:\/\/www.facebook.com\/laguiadepamplonacom-133175176762273\/?ref=hl","https:\/\/x.com\/LaGuiadPamplona","https:\/\/www.instagram.com\/la_guia_de_pamplona\/","https:\/\/www.youtube.com\/user\/laguiadepamplona"]},{"@type":"Person","@id":"https:\/\/www.laguiadepamplona.com\/actualidad\/#\/schema\/person\/efe887376f0213d4657c93adc50b1fdb","name":"La Gu\u00eda de Pamplona","image":{"@type":"ImageObject","inLanguage":"es","@id":"https:\/\/secure.gravatar.com\/avatar\/b6992f131dc8d30ab0dff15446e9d346d9dbd95992de0fef795073f5ea83a81c?s=96&d=mm&r=g","url":"https:\/\/secure.gravatar.com\/avatar\/b6992f131dc8d30ab0dff15446e9d346d9dbd95992de0fef795073f5ea83a81c?s=96&d=mm&r=g","contentUrl":"https:\/\/secure.gravatar.com\/avatar\/b6992f131dc8d30ab0dff15446e9d346d9dbd95992de0fef795073f5ea83a81c?s=96&d=mm&r=g","caption":"La Gu\u00eda de Pamplona"}}]}},"post_mailing_queue_ids":[],"_links":{"self":[{"href":"https:\/\/www.laguiadepamplona.com\/actualidad\/wp-json\/wp\/v2\/posts\/36408","targetHints":{"allow":["GET"]}}],"collection":[{"href":"https:\/\/www.laguiadepamplona.com\/actualidad\/wp-json\/wp\/v2\/posts"}],"about":[{"href":"https:\/\/www.laguiadepamplona.com\/actualidad\/wp-json\/wp\/v2\/types\/post"}],"author":[{"embeddable":true,"href":"https:\/\/www.laguiadepamplona.com\/actualidad\/wp-json\/wp\/v2\/users\/1"}],"replies":[{"embeddable":true,"href":"https:\/\/www.laguiadepamplona.com\/actualidad\/wp-json\/wp\/v2\/comments?post=36408"}],"version-history":[{"count":0,"href":"https:\/\/www.laguiadepamplona.com\/actualidad\/wp-json\/wp\/v2\/posts\/36408\/revisions"}],"wp:featuredmedia":[{"embeddable":true,"href":"https:\/\/www.laguiadepamplona.com\/actualidad\/wp-json\/wp\/v2\/media\/36409"}],"wp:attachment":[{"href":"https:\/\/www.laguiadepamplona.com\/actualidad\/wp-json\/wp\/v2\/media?parent=36408"}],"wp:term":[{"taxonomy":"category","embeddable":true,"href":"https:\/\/www.laguiadepamplona.com\/actualidad\/wp-json\/wp\/v2\/categories?post=36408"},{"taxonomy":"post_tag","embeddable":true,"href":"https:\/\/www.laguiadepamplona.com\/actualidad\/wp-json\/wp\/v2\/tags?post=36408"}],"curies":[{"name":"wp","href":"https:\/\/api.w.org\/{rel}","templated":true}]}}