{"id":36396,"date":"2021-09-13T12:57:18","date_gmt":"2021-09-13T10:57:18","guid":{"rendered":"https:\/\/www.laguiadepamplona.com\/actualidad\/?p=36396"},"modified":"2023-04-11T11:49:02","modified_gmt":"2023-04-11T09:49:02","slug":"manana-14-de-septiembre-aquavox-san-agustin-formalizara-abonos-anuales-y-de-mananas-sin-cobrar-los-precios-de-matricula","status":"publish","type":"post","link":"https:\/\/www.laguiadepamplona.com\/actualidad\/manana-14-de-septiembre-aquavox-san-agustin-formalizara-abonos-anuales-y-de-mananas-sin-cobrar-los-precios-de-matricula\/","title":{"rendered":"Ma\u00f1ana 14 de septiembre Aquavox San Agust\u00edn formalizar\u00e1 abonos anuales y de ma\u00f1anas sin cobrar los precios de matr\u00edcula"},"content":{"rendered":"<h5>Es una iniciativa que pretende fidelizar usuarios en esa instalaci\u00f3n municipal<\/h5>\n<p><!--more--><\/p>\n<p>Ma\u00f1ana ser\u00e1 \u2018D\u00eda sin matr\u00edcula\u2019, una jornada para que las personas que lo deseen puedan hacerse abonados del Aquavox de San Agust\u00edn, pero, solo el 14 de septiembre, no ser\u00e1 necesario pagar los 41,49 euros de matr\u00edcula. Una iniciativa para fidelizar usuarios permanentes que luego deber\u00e1n abonar \u00fanicamente la cuota mensual prevista, entre 16,82 y 30,96 dependiendo de la edad de la persona abonada. Esta oferta abarca tambi\u00e9n a los abonos especiales para las ma\u00f1anas para mayores de 65 a\u00f1os (12,91 euros al mes)<\/p>\n<p><script async src=\"\/\/pagead2.googlesyndication.com\/pagead\/js\/adsbygoogle.js\"><\/script><br \/>\n<!-- Noticias La Guia de Pamplona --><br \/>\n<ins class=\"adsbygoogle\"\nstyle=\"display:block\"\ndata-ad-client=\"ca-pub-6943679897239327\"\ndata-ad-slot=\"7048180777\"\ndata-ad-format=\"auto\"><\/ins><br \/>\n<script>\n(adsbygoogle = window.adsbygoogle || []).push({});\n<\/script><\/p>\n<p>En todo caso, en los precios mensuales ser\u00e1n igualmente utilizables las bonificaciones de un 10% para personas sin empleo y usuarios del carn\u00e9 joven y de un 50% en casos de situaciones econ\u00f3micas precarias, discapacidad, familia numerosa, v\u00edctimas de violencia de g\u00e9nero o del terrorismo.<\/p>\n<p>Aquavox San Agust\u00edn es una instalaci\u00f3n deportiva municipal con zona de SPA, situada en el centro de la ciudad (calle San Agust\u00edn 9-17) que alberga, adem\u00e1s de la zona de balneario, una piscina cubierta y otra de actividades, salas de fitness, spinning y multiusos y un espacio de Corner Globalfit de entrenamiento cruzado y de alta intensidad. Oferta abonos anuales, entradas diarias y bonos de 15 o 30 d\u00edas naturales de duraci\u00f3n. Abre de lunes a domingo con diferentes horarios y cuenta con su plan de prevenci\u00f3n adaptado a la COVID-19 en el que se aplican todas las medidas de seguridad sanitaria vigentes.<\/p>\n<p><script async src=\"\/\/pagead2.googlesyndication.com\/pagead\/js\/adsbygoogle.js\"><\/script><br \/>\n<!-- Noticias La Guia de Pamplona --><br \/>\n<ins class=\"adsbygoogle\"\nstyle=\"display:block\"\ndata-ad-client=\"ca-pub-6943679897239327\"\ndata-ad-slot=\"7048180777\"\ndata-ad-format=\"auto\"><\/ins><br \/>\n<script>\n(adsbygoogle = window.adsbygoogle || []).push({});\n<\/script><\/p>\n","protected":false},"excerpt":{"rendered":"<p>Es una iniciativa que pretende fidelizar usuarios en esa instalaci\u00f3n municipal<\/p>\n","protected":false},"author":1,"featured_media":36397,"comment_status":"open","ping_status":"closed","sticky":false,"template":"","format":"standard","meta":{"footnotes":""},"categories":[2],"tags":[],"class_list":["post-36396","post","type-post","status-publish","format-standard","has-post-thumbnail","hentry","category-ayuntamiento-pamplona"],"yoast_head":"<!-- This site is optimized with the Yoast SEO plugin v27.5 - https:\/\/yoast.com\/product\/yoast-seo-wordpress\/ -->\n<title>Ma\u00f1ana 14 de septiembre Aquavox San Agust\u00edn formalizar\u00e1 abonos anuales y de ma\u00f1anas sin cobrar los precios de matr\u00edcula<\/title>\n<meta name=\"description\" content=\"Es una iniciativa que pretende fidelizar usuarios en esa instalaci\u00f3n municipal\" \/>\n<meta name=\"robots\" content=\"index, follow, max-snippet:-1, max-image-preview:large, max-video-preview:-1\" \/>\n<link rel=\"canonical\" href=\"https:\/\/www.laguiadepamplona.com\/actualidad\/manana-14-de-septiembre-aquavox-san-agustin-formalizara-abonos-anuales-y-de-mananas-sin-cobrar-los-precios-de-matricula\/\" \/>\n<meta property=\"og:locale\" content=\"es_ES\" \/>\n<meta property=\"og:type\" content=\"article\" \/>\n<meta property=\"og:title\" content=\"Ma\u00f1ana 14 de septiembre Aquavox San Agust\u00edn formalizar\u00e1 abonos anuales y de ma\u00f1anas sin cobrar los precios de matr\u00edcula\" \/>\n<meta property=\"og:description\" content=\"Es una iniciativa que pretende fidelizar usuarios en esa instalaci\u00f3n municipal\" \/>\n<meta property=\"og:url\" content=\"https:\/\/www.laguiadepamplona.com\/actualidad\/manana-14-de-septiembre-aquavox-san-agustin-formalizara-abonos-anuales-y-de-mananas-sin-cobrar-los-precios-de-matricula\/\" \/>\n<meta property=\"og:site_name\" content=\"La Gu\u00eda de Pamplona\" \/>\n<meta property=\"article:publisher\" content=\"https:\/\/www.facebook.com\/laguiadepamplonacom-133175176762273\/?ref=hl\" \/>\n<meta property=\"article:published_time\" content=\"2021-09-13T10:57:18+00:00\" \/>\n<meta property=\"article:modified_time\" content=\"2023-04-11T09:49:02+00:00\" \/>\n<meta property=\"og:image\" content=\"https:\/\/www.laguiadepamplona.com\/actualidad\/wp-content\/uploads\/2021\/09\/aquavox_exterior_5.jpg\" \/>\n\t<meta property=\"og:image:width\" content=\"1920\" \/>\n\t<meta property=\"og:image:height\" content=\"1280\" \/>\n\t<meta property=\"og:image:type\" content=\"image\/jpeg\" \/>\n<meta name=\"author\" content=\"La Gu\u00eda de Pamplona\" \/>\n<meta name=\"twitter:card\" content=\"summary_large_image\" \/>\n<meta name=\"twitter:creator\" content=\"@LaGuiadPamplona\" \/>\n<meta name=\"twitter:site\" content=\"@LaGuiadPamplona\" \/>\n<meta name=\"twitter:label1\" content=\"Escrito por\" \/>\n\t<meta name=\"twitter:data1\" content=\"La Gu\u00eda de Pamplona\" \/>\n\t<meta name=\"twitter:label2\" content=\"Tiempo de lectura\" \/>\n\t<meta name=\"twitter:data2\" content=\"2 minutos\" \/>\n<script type=\"application\/ld+json\" class=\"yoast-schema-graph\">{\"@context\":\"https:\\\/\\\/schema.org\",\"@graph\":[{\"@type\":\"Article\",\"@id\":\"https:\\\/\\\/www.laguiadepamplona.com\\\/actualidad\\\/manana-14-de-septiembre-aquavox-san-agustin-formalizara-abonos-anuales-y-de-mananas-sin-cobrar-los-precios-de-matricula\\\/#article\",\"isPartOf\":{\"@id\":\"https:\\\/\\\/www.laguiadepamplona.com\\\/actualidad\\\/manana-14-de-septiembre-aquavox-san-agustin-formalizara-abonos-anuales-y-de-mananas-sin-cobrar-los-precios-de-matricula\\\/\"},\"author\":{\"name\":\"La Gu\u00eda de Pamplona\",\"@id\":\"https:\\\/\\\/www.laguiadepamplona.com\\\/actualidad\\\/#\\\/schema\\\/person\\\/efe887376f0213d4657c93adc50b1fdb\"},\"headline\":\"Ma\u00f1ana 14 de septiembre Aquavox San Agust\u00edn formalizar\u00e1 abonos anuales y de ma\u00f1anas sin cobrar los precios de matr\u00edcula\",\"datePublished\":\"2021-09-13T10:57:18+00:00\",\"dateModified\":\"2023-04-11T09:49:02+00:00\",\"mainEntityOfPage\":{\"@id\":\"https:\\\/\\\/www.laguiadepamplona.com\\\/actualidad\\\/manana-14-de-septiembre-aquavox-san-agustin-formalizara-abonos-anuales-y-de-mananas-sin-cobrar-los-precios-de-matricula\\\/\"},\"wordCount\":276,\"commentCount\":0,\"publisher\":{\"@id\":\"https:\\\/\\\/www.laguiadepamplona.com\\\/actualidad\\\/#organization\"},\"image\":{\"@id\":\"https:\\\/\\\/www.laguiadepamplona.com\\\/actualidad\\\/manana-14-de-septiembre-aquavox-san-agustin-formalizara-abonos-anuales-y-de-mananas-sin-cobrar-los-precios-de-matricula\\\/#primaryimage\"},\"thumbnailUrl\":\"https:\\\/\\\/www.laguiadepamplona.com\\\/actualidad\\\/wp-content\\\/uploads\\\/2021\\\/09\\\/aquavox_exterior_5.jpg\",\"articleSection\":[\"Ayto Pamplona\"],\"inLanguage\":\"es\",\"potentialAction\":[{\"@type\":\"CommentAction\",\"name\":\"Comment\",\"target\":[\"https:\\\/\\\/www.laguiadepamplona.com\\\/actualidad\\\/manana-14-de-septiembre-aquavox-san-agustin-formalizara-abonos-anuales-y-de-mananas-sin-cobrar-los-precios-de-matricula\\\/#respond\"]}]},{\"@type\":\"WebPage\",\"@id\":\"https:\\\/\\\/www.laguiadepamplona.com\\\/actualidad\\\/manana-14-de-septiembre-aquavox-san-agustin-formalizara-abonos-anuales-y-de-mananas-sin-cobrar-los-precios-de-matricula\\\/\",\"url\":\"https:\\\/\\\/www.laguiadepamplona.com\\\/actualidad\\\/manana-14-de-septiembre-aquavox-san-agustin-formalizara-abonos-anuales-y-de-mananas-sin-cobrar-los-precios-de-matricula\\\/\",\"name\":\"Ma\u00f1ana 14 de septiembre Aquavox San Agust\u00edn formalizar\u00e1 abonos anuales y de ma\u00f1anas sin cobrar los precios de matr\u00edcula\",\"isPartOf\":{\"@id\":\"https:\\\/\\\/www.laguiadepamplona.com\\\/actualidad\\\/#website\"},\"primaryImageOfPage\":{\"@id\":\"https:\\\/\\\/www.laguiadepamplona.com\\\/actualidad\\\/manana-14-de-septiembre-aquavox-san-agustin-formalizara-abonos-anuales-y-de-mananas-sin-cobrar-los-precios-de-matricula\\\/#primaryimage\"},\"image\":{\"@id\":\"https:\\\/\\\/www.laguiadepamplona.com\\\/actualidad\\\/manana-14-de-septiembre-aquavox-san-agustin-formalizara-abonos-anuales-y-de-mananas-sin-cobrar-los-precios-de-matricula\\\/#primaryimage\"},\"thumbnailUrl\":\"https:\\\/\\\/www.laguiadepamplona.com\\\/actualidad\\\/wp-content\\\/uploads\\\/2021\\\/09\\\/aquavox_exterior_5.jpg\",\"datePublished\":\"2021-09-13T10:57:18+00:00\",\"dateModified\":\"2023-04-11T09:49:02+00:00\",\"description\":\"Es una iniciativa que pretende fidelizar usuarios en esa instalaci\u00f3n municipal\",\"breadcrumb\":{\"@id\":\"https:\\\/\\\/www.laguiadepamplona.com\\\/actualidad\\\/manana-14-de-septiembre-aquavox-san-agustin-formalizara-abonos-anuales-y-de-mananas-sin-cobrar-los-precios-de-matricula\\\/#breadcrumb\"},\"inLanguage\":\"es\",\"potentialAction\":[{\"@type\":\"ReadAction\",\"target\":[\"https:\\\/\\\/www.laguiadepamplona.com\\\/actualidad\\\/manana-14-de-septiembre-aquavox-san-agustin-formalizara-abonos-anuales-y-de-mananas-sin-cobrar-los-precios-de-matricula\\\/\"]}]},{\"@type\":\"ImageObject\",\"inLanguage\":\"es\",\"@id\":\"https:\\\/\\\/www.laguiadepamplona.com\\\/actualidad\\\/manana-14-de-septiembre-aquavox-san-agustin-formalizara-abonos-anuales-y-de-mananas-sin-cobrar-los-precios-de-matricula\\\/#primaryimage\",\"url\":\"https:\\\/\\\/www.laguiadepamplona.com\\\/actualidad\\\/wp-content\\\/uploads\\\/2021\\\/09\\\/aquavox_exterior_5.jpg\",\"contentUrl\":\"https:\\\/\\\/www.laguiadepamplona.com\\\/actualidad\\\/wp-content\\\/uploads\\\/2021\\\/09\\\/aquavox_exterior_5.jpg\",\"width\":1920,\"height\":1280},{\"@type\":\"BreadcrumbList\",\"@id\":\"https:\\\/\\\/www.laguiadepamplona.com\\\/actualidad\\\/manana-14-de-septiembre-aquavox-san-agustin-formalizara-abonos-anuales-y-de-mananas-sin-cobrar-los-precios-de-matricula\\\/#breadcrumb\",\"itemListElement\":[{\"@type\":\"ListItem\",\"position\":1,\"name\":\"Portada\",\"item\":\"https:\\\/\\\/www.laguiadepamplona.com\\\/actualidad\\\/\"},{\"@type\":\"ListItem\",\"position\":2,\"name\":\"Ma\u00f1ana 14 de septiembre Aquavox San Agust\u00edn formalizar\u00e1 abonos anuales y de ma\u00f1anas sin cobrar los precios de matr\u00edcula\"}]},{\"@type\":\"WebSite\",\"@id\":\"https:\\\/\\\/www.laguiadepamplona.com\\\/actualidad\\\/#website\",\"url\":\"https:\\\/\\\/www.laguiadepamplona.com\\\/actualidad\\\/\",\"name\":\"La gu\u00eda de Pamplona\",\"description\":\"Noticias de Pamplona\",\"publisher\":{\"@id\":\"https:\\\/\\\/www.laguiadepamplona.com\\\/actualidad\\\/#organization\"},\"potentialAction\":[{\"@type\":\"SearchAction\",\"target\":{\"@type\":\"EntryPoint\",\"urlTemplate\":\"https:\\\/\\\/www.laguiadepamplona.com\\\/actualidad\\\/?s={search_term_string}\"},\"query-input\":{\"@type\":\"PropertyValueSpecification\",\"valueRequired\":true,\"valueName\":\"search_term_string\"}}],\"inLanguage\":\"es\"},{\"@type\":\"Organization\",\"@id\":\"https:\\\/\\\/www.laguiadepamplona.com\\\/actualidad\\\/#organization\",\"name\":\"La Gu\u00eda de Pamplona \\\/ Noticias\",\"url\":\"https:\\\/\\\/www.laguiadepamplona.com\\\/actualidad\\\/\",\"logo\":{\"@type\":\"ImageObject\",\"inLanguage\":\"es\",\"@id\":\"https:\\\/\\\/www.laguiadepamplona.com\\\/actualidad\\\/#\\\/schema\\\/logo\\\/image\\\/\",\"url\":\"https:\\\/\\\/www.laguiadepamplona.com\\\/actualidad\\\/wp-content\\\/uploads\\\/2018\\\/11\\\/logo-laguiadepamplona18-web1.png\",\"contentUrl\":\"https:\\\/\\\/www.laguiadepamplona.com\\\/actualidad\\\/wp-content\\\/uploads\\\/2018\\\/11\\\/logo-laguiadepamplona18-web1.png\",\"width\":600,\"height\":196,\"caption\":\"La Gu\u00eda de Pamplona \\\/ Noticias\"},\"image\":{\"@id\":\"https:\\\/\\\/www.laguiadepamplona.com\\\/actualidad\\\/#\\\/schema\\\/logo\\\/image\\\/\"},\"sameAs\":[\"https:\\\/\\\/www.facebook.com\\\/laguiadepamplonacom-133175176762273\\\/?ref=hl\",\"https:\\\/\\\/x.com\\\/LaGuiadPamplona\",\"https:\\\/\\\/www.instagram.com\\\/la_guia_de_pamplona\\\/\",\"https:\\\/\\\/www.youtube.com\\\/user\\\/laguiadepamplona\"]},{\"@type\":\"Person\",\"@id\":\"https:\\\/\\\/www.laguiadepamplona.com\\\/actualidad\\\/#\\\/schema\\\/person\\\/efe887376f0213d4657c93adc50b1fdb\",\"name\":\"La Gu\u00eda de Pamplona\",\"image\":{\"@type\":\"ImageObject\",\"inLanguage\":\"es\",\"@id\":\"https:\\\/\\\/secure.gravatar.com\\\/avatar\\\/b6992f131dc8d30ab0dff15446e9d346d9dbd95992de0fef795073f5ea83a81c?s=96&d=mm&r=g\",\"url\":\"https:\\\/\\\/secure.gravatar.com\\\/avatar\\\/b6992f131dc8d30ab0dff15446e9d346d9dbd95992de0fef795073f5ea83a81c?s=96&d=mm&r=g\",\"contentUrl\":\"https:\\\/\\\/secure.gravatar.com\\\/avatar\\\/b6992f131dc8d30ab0dff15446e9d346d9dbd95992de0fef795073f5ea83a81c?s=96&d=mm&r=g\",\"caption\":\"La Gu\u00eda de Pamplona\"}}]}<\/script>\n<!-- \/ Yoast SEO plugin. -->","yoast_head_json":{"title":"Ma\u00f1ana 14 de septiembre Aquavox San Agust\u00edn formalizar\u00e1 abonos anuales y de ma\u00f1anas sin cobrar los precios de matr\u00edcula","description":"Es una iniciativa que pretende fidelizar usuarios en esa instalaci\u00f3n municipal","robots":{"index":"index","follow":"follow","max-snippet":"max-snippet:-1","max-image-preview":"max-image-preview:large","max-video-preview":"max-video-preview:-1"},"canonical":"https:\/\/www.laguiadepamplona.com\/actualidad\/manana-14-de-septiembre-aquavox-san-agustin-formalizara-abonos-anuales-y-de-mananas-sin-cobrar-los-precios-de-matricula\/","og_locale":"es_ES","og_type":"article","og_title":"Ma\u00f1ana 14 de septiembre Aquavox San Agust\u00edn formalizar\u00e1 abonos anuales y de ma\u00f1anas sin cobrar los precios de matr\u00edcula","og_description":"Es una iniciativa que pretende fidelizar usuarios en esa instalaci\u00f3n municipal","og_url":"https:\/\/www.laguiadepamplona.com\/actualidad\/manana-14-de-septiembre-aquavox-san-agustin-formalizara-abonos-anuales-y-de-mananas-sin-cobrar-los-precios-de-matricula\/","og_site_name":"La Gu\u00eda de Pamplona","article_publisher":"https:\/\/www.facebook.com\/laguiadepamplonacom-133175176762273\/?ref=hl","article_published_time":"2021-09-13T10:57:18+00:00","article_modified_time":"2023-04-11T09:49:02+00:00","og_image":[{"width":1920,"height":1280,"url":"https:\/\/www.laguiadepamplona.com\/actualidad\/wp-content\/uploads\/2021\/09\/aquavox_exterior_5.jpg","type":"image\/jpeg"}],"author":"La Gu\u00eda de Pamplona","twitter_card":"summary_large_image","twitter_creator":"@LaGuiadPamplona","twitter_site":"@LaGuiadPamplona","twitter_misc":{"Escrito por":"La Gu\u00eda de Pamplona","Tiempo de lectura":"2 minutos"},"schema":{"@context":"https:\/\/schema.org","@graph":[{"@type":"Article","@id":"https:\/\/www.laguiadepamplona.com\/actualidad\/manana-14-de-septiembre-aquavox-san-agustin-formalizara-abonos-anuales-y-de-mananas-sin-cobrar-los-precios-de-matricula\/#article","isPartOf":{"@id":"https:\/\/www.laguiadepamplona.com\/actualidad\/manana-14-de-septiembre-aquavox-san-agustin-formalizara-abonos-anuales-y-de-mananas-sin-cobrar-los-precios-de-matricula\/"},"author":{"name":"La Gu\u00eda de Pamplona","@id":"https:\/\/www.laguiadepamplona.com\/actualidad\/#\/schema\/person\/efe887376f0213d4657c93adc50b1fdb"},"headline":"Ma\u00f1ana 14 de septiembre Aquavox San Agust\u00edn formalizar\u00e1 abonos anuales y de ma\u00f1anas sin cobrar los precios de matr\u00edcula","datePublished":"2021-09-13T10:57:18+00:00","dateModified":"2023-04-11T09:49:02+00:00","mainEntityOfPage":{"@id":"https:\/\/www.laguiadepamplona.com\/actualidad\/manana-14-de-septiembre-aquavox-san-agustin-formalizara-abonos-anuales-y-de-mananas-sin-cobrar-los-precios-de-matricula\/"},"wordCount":276,"commentCount":0,"publisher":{"@id":"https:\/\/www.laguiadepamplona.com\/actualidad\/#organization"},"image":{"@id":"https:\/\/www.laguiadepamplona.com\/actualidad\/manana-14-de-septiembre-aquavox-san-agustin-formalizara-abonos-anuales-y-de-mananas-sin-cobrar-los-precios-de-matricula\/#primaryimage"},"thumbnailUrl":"https:\/\/www.laguiadepamplona.com\/actualidad\/wp-content\/uploads\/2021\/09\/aquavox_exterior_5.jpg","articleSection":["Ayto Pamplona"],"inLanguage":"es","potentialAction":[{"@type":"CommentAction","name":"Comment","target":["https:\/\/www.laguiadepamplona.com\/actualidad\/manana-14-de-septiembre-aquavox-san-agustin-formalizara-abonos-anuales-y-de-mananas-sin-cobrar-los-precios-de-matricula\/#respond"]}]},{"@type":"WebPage","@id":"https:\/\/www.laguiadepamplona.com\/actualidad\/manana-14-de-septiembre-aquavox-san-agustin-formalizara-abonos-anuales-y-de-mananas-sin-cobrar-los-precios-de-matricula\/","url":"https:\/\/www.laguiadepamplona.com\/actualidad\/manana-14-de-septiembre-aquavox-san-agustin-formalizara-abonos-anuales-y-de-mananas-sin-cobrar-los-precios-de-matricula\/","name":"Ma\u00f1ana 14 de septiembre Aquavox San Agust\u00edn formalizar\u00e1 abonos anuales y de ma\u00f1anas sin cobrar los precios de matr\u00edcula","isPartOf":{"@id":"https:\/\/www.laguiadepamplona.com\/actualidad\/#website"},"primaryImageOfPage":{"@id":"https:\/\/www.laguiadepamplona.com\/actualidad\/manana-14-de-septiembre-aquavox-san-agustin-formalizara-abonos-anuales-y-de-mananas-sin-cobrar-los-precios-de-matricula\/#primaryimage"},"image":{"@id":"https:\/\/www.laguiadepamplona.com\/actualidad\/manana-14-de-septiembre-aquavox-san-agustin-formalizara-abonos-anuales-y-de-mananas-sin-cobrar-los-precios-de-matricula\/#primaryimage"},"thumbnailUrl":"https:\/\/www.laguiadepamplona.com\/actualidad\/wp-content\/uploads\/2021\/09\/aquavox_exterior_5.jpg","datePublished":"2021-09-13T10:57:18+00:00","dateModified":"2023-04-11T09:49:02+00:00","description":"Es una iniciativa que pretende fidelizar usuarios en esa instalaci\u00f3n municipal","breadcrumb":{"@id":"https:\/\/www.laguiadepamplona.com\/actualidad\/manana-14-de-septiembre-aquavox-san-agustin-formalizara-abonos-anuales-y-de-mananas-sin-cobrar-los-precios-de-matricula\/#breadcrumb"},"inLanguage":"es","potentialAction":[{"@type":"ReadAction","target":["https:\/\/www.laguiadepamplona.com\/actualidad\/manana-14-de-septiembre-aquavox-san-agustin-formalizara-abonos-anuales-y-de-mananas-sin-cobrar-los-precios-de-matricula\/"]}]},{"@type":"ImageObject","inLanguage":"es","@id":"https:\/\/www.laguiadepamplona.com\/actualidad\/manana-14-de-septiembre-aquavox-san-agustin-formalizara-abonos-anuales-y-de-mananas-sin-cobrar-los-precios-de-matricula\/#primaryimage","url":"https:\/\/www.laguiadepamplona.com\/actualidad\/wp-content\/uploads\/2021\/09\/aquavox_exterior_5.jpg","contentUrl":"https:\/\/www.laguiadepamplona.com\/actualidad\/wp-content\/uploads\/2021\/09\/aquavox_exterior_5.jpg","width":1920,"height":1280},{"@type":"BreadcrumbList","@id":"https:\/\/www.laguiadepamplona.com\/actualidad\/manana-14-de-septiembre-aquavox-san-agustin-formalizara-abonos-anuales-y-de-mananas-sin-cobrar-los-precios-de-matricula\/#breadcrumb","itemListElement":[{"@type":"ListItem","position":1,"name":"Portada","item":"https:\/\/www.laguiadepamplona.com\/actualidad\/"},{"@type":"ListItem","position":2,"name":"Ma\u00f1ana 14 de septiembre Aquavox San Agust\u00edn formalizar\u00e1 abonos anuales y de ma\u00f1anas sin cobrar los precios de matr\u00edcula"}]},{"@type":"WebSite","@id":"https:\/\/www.laguiadepamplona.com\/actualidad\/#website","url":"https:\/\/www.laguiadepamplona.com\/actualidad\/","name":"La gu\u00eda de Pamplona","description":"Noticias de Pamplona","publisher":{"@id":"https:\/\/www.laguiadepamplona.com\/actualidad\/#organization"},"potentialAction":[{"@type":"SearchAction","target":{"@type":"EntryPoint","urlTemplate":"https:\/\/www.laguiadepamplona.com\/actualidad\/?s={search_term_string}"},"query-input":{"@type":"PropertyValueSpecification","valueRequired":true,"valueName":"search_term_string"}}],"inLanguage":"es"},{"@type":"Organization","@id":"https:\/\/www.laguiadepamplona.com\/actualidad\/#organization","name":"La Gu\u00eda de Pamplona \/ Noticias","url":"https:\/\/www.laguiadepamplona.com\/actualidad\/","logo":{"@type":"ImageObject","inLanguage":"es","@id":"https:\/\/www.laguiadepamplona.com\/actualidad\/#\/schema\/logo\/image\/","url":"https:\/\/www.laguiadepamplona.com\/actualidad\/wp-content\/uploads\/2018\/11\/logo-laguiadepamplona18-web1.png","contentUrl":"https:\/\/www.laguiadepamplona.com\/actualidad\/wp-content\/uploads\/2018\/11\/logo-laguiadepamplona18-web1.png","width":600,"height":196,"caption":"La Gu\u00eda de Pamplona \/ Noticias"},"image":{"@id":"https:\/\/www.laguiadepamplona.com\/actualidad\/#\/schema\/logo\/image\/"},"sameAs":["https:\/\/www.facebook.com\/laguiadepamplonacom-133175176762273\/?ref=hl","https:\/\/x.com\/LaGuiadPamplona","https:\/\/www.instagram.com\/la_guia_de_pamplona\/","https:\/\/www.youtube.com\/user\/laguiadepamplona"]},{"@type":"Person","@id":"https:\/\/www.laguiadepamplona.com\/actualidad\/#\/schema\/person\/efe887376f0213d4657c93adc50b1fdb","name":"La Gu\u00eda de Pamplona","image":{"@type":"ImageObject","inLanguage":"es","@id":"https:\/\/secure.gravatar.com\/avatar\/b6992f131dc8d30ab0dff15446e9d346d9dbd95992de0fef795073f5ea83a81c?s=96&d=mm&r=g","url":"https:\/\/secure.gravatar.com\/avatar\/b6992f131dc8d30ab0dff15446e9d346d9dbd95992de0fef795073f5ea83a81c?s=96&d=mm&r=g","contentUrl":"https:\/\/secure.gravatar.com\/avatar\/b6992f131dc8d30ab0dff15446e9d346d9dbd95992de0fef795073f5ea83a81c?s=96&d=mm&r=g","caption":"La Gu\u00eda de Pamplona"}}]}},"post_mailing_queue_ids":[],"_links":{"self":[{"href":"https:\/\/www.laguiadepamplona.com\/actualidad\/wp-json\/wp\/v2\/posts\/36396","targetHints":{"allow":["GET"]}}],"collection":[{"href":"https:\/\/www.laguiadepamplona.com\/actualidad\/wp-json\/wp\/v2\/posts"}],"about":[{"href":"https:\/\/www.laguiadepamplona.com\/actualidad\/wp-json\/wp\/v2\/types\/post"}],"author":[{"embeddable":true,"href":"https:\/\/www.laguiadepamplona.com\/actualidad\/wp-json\/wp\/v2\/users\/1"}],"replies":[{"embeddable":true,"href":"https:\/\/www.laguiadepamplona.com\/actualidad\/wp-json\/wp\/v2\/comments?post=36396"}],"version-history":[{"count":0,"href":"https:\/\/www.laguiadepamplona.com\/actualidad\/wp-json\/wp\/v2\/posts\/36396\/revisions"}],"wp:featuredmedia":[{"embeddable":true,"href":"https:\/\/www.laguiadepamplona.com\/actualidad\/wp-json\/wp\/v2\/media\/36397"}],"wp:attachment":[{"href":"https:\/\/www.laguiadepamplona.com\/actualidad\/wp-json\/wp\/v2\/media?parent=36396"}],"wp:term":[{"taxonomy":"category","embeddable":true,"href":"https:\/\/www.laguiadepamplona.com\/actualidad\/wp-json\/wp\/v2\/categories?post=36396"},{"taxonomy":"post_tag","embeddable":true,"href":"https:\/\/www.laguiadepamplona.com\/actualidad\/wp-json\/wp\/v2\/tags?post=36396"}],"curies":[{"name":"wp","href":"https:\/\/api.w.org\/{rel}","templated":true}]}}