{"id":36373,"date":"2021-09-13T11:54:58","date_gmt":"2021-09-13T09:54:58","guid":{"rendered":"https:\/\/www.laguiadepamplona.com\/actualidad\/?p=36373"},"modified":"2023-04-11T11:49:02","modified_gmt":"2023-04-11T09:49:02","slug":"el-ayuntamiento-de-pamplona-oferta-para-el-ultimo-trimestre-del-ano-18-cursos-gratuitos-de-formacion-en-participacion-dirigidos-a-asociaciones-y-a-ciudadania-en-general","status":"publish","type":"post","link":"https:\/\/www.laguiadepamplona.com\/actualidad\/el-ayuntamiento-de-pamplona-oferta-para-el-ultimo-trimestre-del-ano-18-cursos-gratuitos-de-formacion-en-participacion-dirigidos-a-asociaciones-y-a-ciudadania-en-general\/","title":{"rendered":"El Ayuntamiento de Pamplona oferta para el \u00faltimo trimestre del a\u00f1o 18 cursos gratuitos de formaci\u00f3n en participaci\u00f3n, dirigidos a asociaciones y a ciudadan\u00eda en general"},"content":{"rendered":"<h5>Ma\u00f1ana martes comienzan las preinscripciones, que se deber\u00e1n realizar de forma online a trav\u00e9s de <a href=\"http:\/\/participa.pamplona.es\" target=\"_blank\" rel=\"noopener\">http:\/\/participa.pamplona.es<\/a><\/h5>\n<p><!--more--><\/p>\n<p>El Ayuntamiento de Pamplona programa para este pr\u00f3ximo oto\u00f1o 18 cursos gratuitos sobre formaci\u00f3n en participaci\u00f3n, que se impartir\u00e1n entre los meses de octubre y diciembre. La oferta combina cursos presenciales y formaci\u00f3n online, tanto en castellano como en euskera, dirigidos a asociaciones, colectivos y ciudadan\u00eda en general. Las preinscripciones comienzan ma\u00f1ana martes a trav\u00e9s de la web <a href=\"http:\/\/participa.pamplona.es\/\" target=\"_blank\" rel=\"noopener\">http:\/\/participa.pamplona.es\/<\/a>.<\/p>\n<p>Los cursos est\u00e1n dirigidos a mayores de 18 a\u00f1os y oscilan entre las 3 y las 30 horas. Se agrupan en siete \u00e1mbitos: facilitaci\u00f3n de grupos; habilidades sociales; herramientas participativas; inclusi\u00f3n social; gesti\u00f3n asociativa; habilidades tecnol\u00f3gicas; e interculturalidad. Este \u00faltimo \u00e1mbito supone una novedad respecto a anteriores programas formativos. Se estrena con dos cursos que abordar\u00e1n contenidos para mejorar la comunicaci\u00f3n intercultural cara a cara y contenidos relacionados con agentes antirrumores. Adem\u00e1s, el curso sobre facilitaci\u00f3n de grupos tiene car\u00e1cter anual, con nueve m\u00f3dulos, que se impartir\u00e1n de octubre a mayo.<\/p>\n<p>En el caso de existir en alg\u00fan curso m\u00e1s solicitudes que plazas ofertadas, se dar\u00e1 prioridad a las personas residentes en Pamplona. Como criterio general la preinscripci\u00f3n se cierra dos semanas antes del inicio del curso. Finalizado el plazo de inscripci\u00f3n de cada uno de los cursos, se comunicar\u00e1 a las personas su admisi\u00f3n. En ese momento, una vez admitidas al curso, esas personas que cuentan con plaza deber\u00e1n confirmar su inscripci\u00f3n. Para m\u00e1s informaci\u00f3n se puede contactar v\u00eda telef\u00f3nica en el 948 420 266 o a trav\u00e9s del correo electr\u00f3nico <a href=\"mailto:formaci\u00f3n.participacion@pamplona.es\">formaci\u00f3n.participacion@pamplona.es<\/a>.<\/p>\n<p><script async src=\"\/\/pagead2.googlesyndication.com\/pagead\/js\/adsbygoogle.js\"><\/script><br \/>\n<!-- Noticias La Guia de Pamplona --><br \/>\n<ins class=\"adsbygoogle\"\nstyle=\"display:block\"\ndata-ad-client=\"ca-pub-6943679897239327\"\ndata-ad-slot=\"7048180777\"\ndata-ad-format=\"auto\"><\/ins><br \/>\n<script>\n(adsbygoogle = window.adsbygoogle || []).push({});\n<\/script><\/p>\n<p><strong>Variedad de propuestas para intereses diversos<\/strong><\/p>\n<p>La programaci\u00f3n trimestral comienza el pr\u00f3ximo 1 de octubre con el \u2018Curso b\u00e1sico de facilitaci\u00f3n de grupos\u2019 y el curso \u2018C\u00f3mo mejorar la comunicaci\u00f3n intercultural cara a cara\u201d. A lo largo del mes de octubre se impartir\u00e1n tambi\u00e9n \u2018Introducci\u00f3n a los ODS. No hay PLANETA B\u2019, \u2018Aprendizaje y Servicio Solidario: educaci\u00f3n y compromiso social\u2019, \u2018La empat\u00eda y las 4 claves de la comunicaci\u00f3n\u2019, \u2018Comunicaci\u00f3n digital para asociaciones\u2019, \u2018COMUNIC-ARTE\u2019, \u2018Visual Thinking: el dibujo para comunicar y facilitar procesos\u2019, \u2018Constituci\u00f3n y gesti\u00f3n b\u00e1sica de asociaciones\u2019, \u2018Par\u00eds 365: recetas para alimentar la solidaridad\u2019 y \u2018\u00bfQu\u00e9 sabes sobre la trata con fines de explotaci\u00f3n sexual y qu\u00e9 podemos hacer para combatirla? La experiencia de Las Poderosas\u201d.<\/p>\n<p>En el mes de noviembre se iniciar\u00e1n otros cinco cursos: \u2018Promoci\u00f3n de la convivencia: herramientas y estrategias para intervenciones mediadoras\u2019, \u2018Agentes AntiRumores\u2019, \u2018Gesti\u00f3n del voluntariado en las asociaciones\u2019, \u2018Dinamizaci\u00f3n de reuniones\u2019 (en euskera y castellano) y \u2018Ciudadan\u00eda activa e inclusiva: una mirada desde la discapacidad y la adolescencia\u2019. Para el mes de diciembre queda el \u00faltimo curso de formaci\u00f3n que se llevar\u00e1 a cabo durante el trimestre y que tiene que ver con la \u2018Justificaci\u00f3n de subvenciones\u2019.<\/p>\n<p><script async src=\"\/\/pagead2.googlesyndication.com\/pagead\/js\/adsbygoogle.js\"><\/script><br \/>\n<!-- Noticias La Guia de Pamplona --><br \/>\n<ins class=\"adsbygoogle\"\nstyle=\"display:block\"\ndata-ad-client=\"ca-pub-6943679897239327\"\ndata-ad-slot=\"7048180777\"\ndata-ad-format=\"auto\"><\/ins><br \/>\n<script>\n(adsbygoogle = window.adsbygoogle || []).push({});\n<\/script><\/p>\n<p>&nbsp;<\/p>\n<h3>Participaci\u00f3n Ciudadana. Cursos gratuitos. De octubre a diciembre de 2021<\/h3>\n<ul>\n<li><strong> FACILITACI\u00d3N DE GRUPOS <\/strong>\n<ul>\n<li>1 Curso b\u00e1sico de facilitaci\u00f3n de grupos<\/li>\n<\/ul>\n<\/li>\n<li><strong> HABILIDADES SOCIALES <\/strong>\n<ul>\n<li>1. La empat\u00eda y las 4 claves de la comunicaci\u00f3n<\/li>\n<li>2. COMUNIC-ARTE<\/li>\n<\/ul>\n<\/li>\n<li><strong> HERRAMIENTAS PARTICIPATIVAS <\/strong>\n<ul>\n<li>1. Visual Thinking: el dibujo para comunicar y facilitar procesos<\/li>\n<li>2. Promoci\u00f3n de la convivencia: herramientas y estrategias para intervenciones mediadoras<\/li>\n<li>3. Dinamizaci\u00f3n de reuniones<\/li>\n<li>4. Bileren dinamizazioa<\/li>\n<li>5. Introducci\u00f3n de los Objetivos de Desarrollo Sostenible. No hay PLANETA B (ODS 6-12-13-14-15)<\/li>\n<li>6. Aprendizaje y Servicio Solidario: educaci\u00f3n y compromiso social<\/li>\n<\/ul>\n<\/li>\n<li><strong> INCLUSI\u00d3N SOCIAL <\/strong>\n<ul>\n<li>1. \u00bfQu\u00e9 sabes sobre la trata con fines de explotaci\u00f3n sexual y qu\u00e9 podemos hacer para combatirla? La experiencia de las Poderosas<\/li>\n<li>2. Paris 365: Recetas para alimentar la solidaridad<\/li>\n<li>3. Ciudadan\u00eda activa e inclusiva: una mirada desde la discapacidad y la adolescencia<\/li>\n<\/ul>\n<\/li>\n<li><strong> GESTI\u00d3N ASOCIATIVA <\/strong>\n<ul>\n<li>1 Constituci\u00f3n y gesti\u00f3n b\u00e1sica de asociaciones<\/li>\n<li>2 Gesti\u00f3n del voluntariado en las asociaciones<\/li>\n<li>3. Justificaci\u00f3n de subvenciones<\/li>\n<\/ul>\n<\/li>\n<li><strong> HABILIDADES TECNOL\u00d3GICAS <\/strong>\n<ul>\n<li>1. Comunicaci\u00f3n digital para asociaciones<\/li>\n<\/ul>\n<\/li>\n<li><strong> INTERCULTURALIDAD <\/strong>\n<ul>\n<li>1. \u00bfC\u00f3mo mejorar la comunicaci\u00f3n intercultural cara a cara?<\/li>\n<li>2. Agentes AntiRumores<\/li>\n<\/ul>\n<\/li>\n<\/ul>\n<p>&nbsp;<br \/>\n[qodef_button size=\u00bblarge\u00bb type=\u00bb\u00bb text=\u00bbFolleto.pdf\u00bb custom_class=\u00bb\u00bb icon_pack=\u00bbfont_elegant\u00bb fa_icon=\u00bbicon_download\u00bb link=\u00bbhttps:\/\/www.pamplona.es\/sites\/default\/files\/2021-09\/FOLLETO_A4_CASTELLANO.pdf\u00bb target=\u00bb_blank\u00bb color=\u00bbffffff\u00bb hover_color=\u00bb\u00bb background_color=\u00bb\u00bb hover_background_color=\u00bb\u00bb border_color=\u00bb\u00bb hover_border_color=\u00bb\u00bb font_size=\u00bb\u00bb font_weight=\u00bb\u00bb margin=\u00bb\u00bb]\n&nbsp;<\/p>\n","protected":false},"excerpt":{"rendered":"<p>Ma\u00f1ana martes comienzan las preinscripciones, que se deber\u00e1n realizar de forma online a trav\u00e9s de http:\/\/participa.pamplona.es<\/p>\n","protected":false},"author":1,"featured_media":36374,"comment_status":"open","ping_status":"closed","sticky":false,"template":"","format":"standard","meta":{"footnotes":""},"categories":[2],"tags":[],"class_list":["post-36373","post","type-post","status-publish","format-standard","has-post-thumbnail","hentry","category-ayuntamiento-pamplona"],"yoast_head":"<!-- This site is optimized with the Yoast SEO plugin v27.5 - https:\/\/yoast.com\/product\/yoast-seo-wordpress\/ -->\n<title>El Ayuntamiento de Pamplona oferta para el \u00faltimo trimestre del a\u00f1o 18 cursos gratuitos de formaci\u00f3n en participaci\u00f3n, dirigidos a asociaciones y a ciudadan\u00eda en general<\/title>\n<meta name=\"description\" content=\"Ma\u00f1ana martes comienzan las preinscripciones, que se deber\u00e1n realizar de forma online a trav\u00e9s de http:\/\/participa.pamplona.es\" \/>\n<meta name=\"robots\" content=\"index, follow, max-snippet:-1, max-image-preview:large, max-video-preview:-1\" \/>\n<link rel=\"canonical\" href=\"https:\/\/www.laguiadepamplona.com\/actualidad\/el-ayuntamiento-de-pamplona-oferta-para-el-ultimo-trimestre-del-ano-18-cursos-gratuitos-de-formacion-en-participacion-dirigidos-a-asociaciones-y-a-ciudadania-en-general\/\" \/>\n<meta property=\"og:locale\" content=\"es_ES\" \/>\n<meta property=\"og:type\" content=\"article\" \/>\n<meta property=\"og:title\" content=\"El Ayuntamiento de Pamplona oferta para el \u00faltimo trimestre del a\u00f1o 18 cursos gratuitos de formaci\u00f3n en participaci\u00f3n, dirigidos a asociaciones y a ciudadan\u00eda en general\" \/>\n<meta property=\"og:description\" content=\"Ma\u00f1ana martes comienzan las preinscripciones, que se deber\u00e1n realizar de forma online a trav\u00e9s de http:\/\/participa.pamplona.es\" \/>\n<meta property=\"og:url\" content=\"https:\/\/www.laguiadepamplona.com\/actualidad\/el-ayuntamiento-de-pamplona-oferta-para-el-ultimo-trimestre-del-ano-18-cursos-gratuitos-de-formacion-en-participacion-dirigidos-a-asociaciones-y-a-ciudadania-en-general\/\" \/>\n<meta property=\"og:site_name\" content=\"La Gu\u00eda de Pamplona\" \/>\n<meta property=\"article:publisher\" content=\"https:\/\/www.facebook.com\/laguiadepamplonacom-133175176762273\/?ref=hl\" \/>\n<meta property=\"article:published_time\" content=\"2021-09-13T09:54:58+00:00\" \/>\n<meta property=\"article:modified_time\" content=\"2023-04-11T09:49:02+00:00\" \/>\n<meta property=\"og:image\" content=\"https:\/\/www.laguiadepamplona.com\/actualidad\/wp-content\/uploads\/2021\/09\/FOLLETO_A4_CASTELLANO-1.jpg\" \/>\n\t<meta property=\"og:image:width\" content=\"1920\" \/>\n\t<meta property=\"og:image:height\" content=\"1044\" \/>\n\t<meta property=\"og:image:type\" content=\"image\/jpeg\" \/>\n<meta name=\"author\" content=\"La Gu\u00eda de Pamplona\" \/>\n<meta name=\"twitter:card\" content=\"summary_large_image\" \/>\n<meta name=\"twitter:creator\" content=\"@LaGuiadPamplona\" \/>\n<meta name=\"twitter:site\" content=\"@LaGuiadPamplona\" \/>\n<meta name=\"twitter:label1\" content=\"Escrito por\" \/>\n\t<meta name=\"twitter:data1\" content=\"La Gu\u00eda de Pamplona\" \/>\n\t<meta name=\"twitter:label2\" content=\"Tiempo de lectura\" \/>\n\t<meta name=\"twitter:data2\" content=\"3 minutos\" \/>\n<script type=\"application\/ld+json\" class=\"yoast-schema-graph\">{\"@context\":\"https:\\\/\\\/schema.org\",\"@graph\":[{\"@type\":\"Article\",\"@id\":\"https:\\\/\\\/www.laguiadepamplona.com\\\/actualidad\\\/el-ayuntamiento-de-pamplona-oferta-para-el-ultimo-trimestre-del-ano-18-cursos-gratuitos-de-formacion-en-participacion-dirigidos-a-asociaciones-y-a-ciudadania-en-general\\\/#article\",\"isPartOf\":{\"@id\":\"https:\\\/\\\/www.laguiadepamplona.com\\\/actualidad\\\/el-ayuntamiento-de-pamplona-oferta-para-el-ultimo-trimestre-del-ano-18-cursos-gratuitos-de-formacion-en-participacion-dirigidos-a-asociaciones-y-a-ciudadania-en-general\\\/\"},\"author\":{\"name\":\"La Gu\u00eda de Pamplona\",\"@id\":\"https:\\\/\\\/www.laguiadepamplona.com\\\/actualidad\\\/#\\\/schema\\\/person\\\/efe887376f0213d4657c93adc50b1fdb\"},\"headline\":\"El Ayuntamiento de Pamplona oferta para el \u00faltimo trimestre del a\u00f1o 18 cursos gratuitos de formaci\u00f3n en participaci\u00f3n, dirigidos a asociaciones y a ciudadan\u00eda en general\",\"datePublished\":\"2021-09-13T09:54:58+00:00\",\"dateModified\":\"2023-04-11T09:49:02+00:00\",\"mainEntityOfPage\":{\"@id\":\"https:\\\/\\\/www.laguiadepamplona.com\\\/actualidad\\\/el-ayuntamiento-de-pamplona-oferta-para-el-ultimo-trimestre-del-ano-18-cursos-gratuitos-de-formacion-en-participacion-dirigidos-a-asociaciones-y-a-ciudadania-en-general\\\/\"},\"wordCount\":777,\"commentCount\":0,\"publisher\":{\"@id\":\"https:\\\/\\\/www.laguiadepamplona.com\\\/actualidad\\\/#organization\"},\"image\":{\"@id\":\"https:\\\/\\\/www.laguiadepamplona.com\\\/actualidad\\\/el-ayuntamiento-de-pamplona-oferta-para-el-ultimo-trimestre-del-ano-18-cursos-gratuitos-de-formacion-en-participacion-dirigidos-a-asociaciones-y-a-ciudadania-en-general\\\/#primaryimage\"},\"thumbnailUrl\":\"https:\\\/\\\/www.laguiadepamplona.com\\\/actualidad\\\/wp-content\\\/uploads\\\/2021\\\/09\\\/FOLLETO_A4_CASTELLANO-1.jpg\",\"articleSection\":[\"Ayto Pamplona\"],\"inLanguage\":\"es\",\"potentialAction\":[{\"@type\":\"CommentAction\",\"name\":\"Comment\",\"target\":[\"https:\\\/\\\/www.laguiadepamplona.com\\\/actualidad\\\/el-ayuntamiento-de-pamplona-oferta-para-el-ultimo-trimestre-del-ano-18-cursos-gratuitos-de-formacion-en-participacion-dirigidos-a-asociaciones-y-a-ciudadania-en-general\\\/#respond\"]}]},{\"@type\":\"WebPage\",\"@id\":\"https:\\\/\\\/www.laguiadepamplona.com\\\/actualidad\\\/el-ayuntamiento-de-pamplona-oferta-para-el-ultimo-trimestre-del-ano-18-cursos-gratuitos-de-formacion-en-participacion-dirigidos-a-asociaciones-y-a-ciudadania-en-general\\\/\",\"url\":\"https:\\\/\\\/www.laguiadepamplona.com\\\/actualidad\\\/el-ayuntamiento-de-pamplona-oferta-para-el-ultimo-trimestre-del-ano-18-cursos-gratuitos-de-formacion-en-participacion-dirigidos-a-asociaciones-y-a-ciudadania-en-general\\\/\",\"name\":\"El Ayuntamiento de Pamplona oferta para el \u00faltimo trimestre del a\u00f1o 18 cursos gratuitos de formaci\u00f3n en participaci\u00f3n, dirigidos a asociaciones y a ciudadan\u00eda en general\",\"isPartOf\":{\"@id\":\"https:\\\/\\\/www.laguiadepamplona.com\\\/actualidad\\\/#website\"},\"primaryImageOfPage\":{\"@id\":\"https:\\\/\\\/www.laguiadepamplona.com\\\/actualidad\\\/el-ayuntamiento-de-pamplona-oferta-para-el-ultimo-trimestre-del-ano-18-cursos-gratuitos-de-formacion-en-participacion-dirigidos-a-asociaciones-y-a-ciudadania-en-general\\\/#primaryimage\"},\"image\":{\"@id\":\"https:\\\/\\\/www.laguiadepamplona.com\\\/actualidad\\\/el-ayuntamiento-de-pamplona-oferta-para-el-ultimo-trimestre-del-ano-18-cursos-gratuitos-de-formacion-en-participacion-dirigidos-a-asociaciones-y-a-ciudadania-en-general\\\/#primaryimage\"},\"thumbnailUrl\":\"https:\\\/\\\/www.laguiadepamplona.com\\\/actualidad\\\/wp-content\\\/uploads\\\/2021\\\/09\\\/FOLLETO_A4_CASTELLANO-1.jpg\",\"datePublished\":\"2021-09-13T09:54:58+00:00\",\"dateModified\":\"2023-04-11T09:49:02+00:00\",\"description\":\"Ma\u00f1ana martes comienzan las preinscripciones, que se deber\u00e1n realizar de forma online a trav\u00e9s de http:\\\/\\\/participa.pamplona.es\",\"breadcrumb\":{\"@id\":\"https:\\\/\\\/www.laguiadepamplona.com\\\/actualidad\\\/el-ayuntamiento-de-pamplona-oferta-para-el-ultimo-trimestre-del-ano-18-cursos-gratuitos-de-formacion-en-participacion-dirigidos-a-asociaciones-y-a-ciudadania-en-general\\\/#breadcrumb\"},\"inLanguage\":\"es\",\"potentialAction\":[{\"@type\":\"ReadAction\",\"target\":[\"https:\\\/\\\/www.laguiadepamplona.com\\\/actualidad\\\/el-ayuntamiento-de-pamplona-oferta-para-el-ultimo-trimestre-del-ano-18-cursos-gratuitos-de-formacion-en-participacion-dirigidos-a-asociaciones-y-a-ciudadania-en-general\\\/\"]}]},{\"@type\":\"ImageObject\",\"inLanguage\":\"es\",\"@id\":\"https:\\\/\\\/www.laguiadepamplona.com\\\/actualidad\\\/el-ayuntamiento-de-pamplona-oferta-para-el-ultimo-trimestre-del-ano-18-cursos-gratuitos-de-formacion-en-participacion-dirigidos-a-asociaciones-y-a-ciudadania-en-general\\\/#primaryimage\",\"url\":\"https:\\\/\\\/www.laguiadepamplona.com\\\/actualidad\\\/wp-content\\\/uploads\\\/2021\\\/09\\\/FOLLETO_A4_CASTELLANO-1.jpg\",\"contentUrl\":\"https:\\\/\\\/www.laguiadepamplona.com\\\/actualidad\\\/wp-content\\\/uploads\\\/2021\\\/09\\\/FOLLETO_A4_CASTELLANO-1.jpg\",\"width\":1920,\"height\":1044},{\"@type\":\"BreadcrumbList\",\"@id\":\"https:\\\/\\\/www.laguiadepamplona.com\\\/actualidad\\\/el-ayuntamiento-de-pamplona-oferta-para-el-ultimo-trimestre-del-ano-18-cursos-gratuitos-de-formacion-en-participacion-dirigidos-a-asociaciones-y-a-ciudadania-en-general\\\/#breadcrumb\",\"itemListElement\":[{\"@type\":\"ListItem\",\"position\":1,\"name\":\"Portada\",\"item\":\"https:\\\/\\\/www.laguiadepamplona.com\\\/actualidad\\\/\"},{\"@type\":\"ListItem\",\"position\":2,\"name\":\"El Ayuntamiento de Pamplona oferta para el \u00faltimo trimestre del a\u00f1o 18 cursos gratuitos de formaci\u00f3n en participaci\u00f3n, dirigidos a asociaciones y a ciudadan\u00eda en general\"}]},{\"@type\":\"WebSite\",\"@id\":\"https:\\\/\\\/www.laguiadepamplona.com\\\/actualidad\\\/#website\",\"url\":\"https:\\\/\\\/www.laguiadepamplona.com\\\/actualidad\\\/\",\"name\":\"La gu\u00eda de Pamplona\",\"description\":\"Noticias de Pamplona\",\"publisher\":{\"@id\":\"https:\\\/\\\/www.laguiadepamplona.com\\\/actualidad\\\/#organization\"},\"potentialAction\":[{\"@type\":\"SearchAction\",\"target\":{\"@type\":\"EntryPoint\",\"urlTemplate\":\"https:\\\/\\\/www.laguiadepamplona.com\\\/actualidad\\\/?s={search_term_string}\"},\"query-input\":{\"@type\":\"PropertyValueSpecification\",\"valueRequired\":true,\"valueName\":\"search_term_string\"}}],\"inLanguage\":\"es\"},{\"@type\":\"Organization\",\"@id\":\"https:\\\/\\\/www.laguiadepamplona.com\\\/actualidad\\\/#organization\",\"name\":\"La Gu\u00eda de Pamplona \\\/ Noticias\",\"url\":\"https:\\\/\\\/www.laguiadepamplona.com\\\/actualidad\\\/\",\"logo\":{\"@type\":\"ImageObject\",\"inLanguage\":\"es\",\"@id\":\"https:\\\/\\\/www.laguiadepamplona.com\\\/actualidad\\\/#\\\/schema\\\/logo\\\/image\\\/\",\"url\":\"https:\\\/\\\/www.laguiadepamplona.com\\\/actualidad\\\/wp-content\\\/uploads\\\/2018\\\/11\\\/logo-laguiadepamplona18-web1.png\",\"contentUrl\":\"https:\\\/\\\/www.laguiadepamplona.com\\\/actualidad\\\/wp-content\\\/uploads\\\/2018\\\/11\\\/logo-laguiadepamplona18-web1.png\",\"width\":600,\"height\":196,\"caption\":\"La Gu\u00eda de Pamplona \\\/ Noticias\"},\"image\":{\"@id\":\"https:\\\/\\\/www.laguiadepamplona.com\\\/actualidad\\\/#\\\/schema\\\/logo\\\/image\\\/\"},\"sameAs\":[\"https:\\\/\\\/www.facebook.com\\\/laguiadepamplonacom-133175176762273\\\/?ref=hl\",\"https:\\\/\\\/x.com\\\/LaGuiadPamplona\",\"https:\\\/\\\/www.instagram.com\\\/la_guia_de_pamplona\\\/\",\"https:\\\/\\\/www.youtube.com\\\/user\\\/laguiadepamplona\"]},{\"@type\":\"Person\",\"@id\":\"https:\\\/\\\/www.laguiadepamplona.com\\\/actualidad\\\/#\\\/schema\\\/person\\\/efe887376f0213d4657c93adc50b1fdb\",\"name\":\"La Gu\u00eda de Pamplona\",\"image\":{\"@type\":\"ImageObject\",\"inLanguage\":\"es\",\"@id\":\"https:\\\/\\\/secure.gravatar.com\\\/avatar\\\/b6992f131dc8d30ab0dff15446e9d346d9dbd95992de0fef795073f5ea83a81c?s=96&d=mm&r=g\",\"url\":\"https:\\\/\\\/secure.gravatar.com\\\/avatar\\\/b6992f131dc8d30ab0dff15446e9d346d9dbd95992de0fef795073f5ea83a81c?s=96&d=mm&r=g\",\"contentUrl\":\"https:\\\/\\\/secure.gravatar.com\\\/avatar\\\/b6992f131dc8d30ab0dff15446e9d346d9dbd95992de0fef795073f5ea83a81c?s=96&d=mm&r=g\",\"caption\":\"La Gu\u00eda de Pamplona\"}}]}<\/script>\n<!-- \/ Yoast SEO plugin. -->","yoast_head_json":{"title":"El Ayuntamiento de Pamplona oferta para el \u00faltimo trimestre del a\u00f1o 18 cursos gratuitos de formaci\u00f3n en participaci\u00f3n, dirigidos a asociaciones y a ciudadan\u00eda en general","description":"Ma\u00f1ana martes comienzan las preinscripciones, que se deber\u00e1n realizar de forma online a trav\u00e9s de http:\/\/participa.pamplona.es","robots":{"index":"index","follow":"follow","max-snippet":"max-snippet:-1","max-image-preview":"max-image-preview:large","max-video-preview":"max-video-preview:-1"},"canonical":"https:\/\/www.laguiadepamplona.com\/actualidad\/el-ayuntamiento-de-pamplona-oferta-para-el-ultimo-trimestre-del-ano-18-cursos-gratuitos-de-formacion-en-participacion-dirigidos-a-asociaciones-y-a-ciudadania-en-general\/","og_locale":"es_ES","og_type":"article","og_title":"El Ayuntamiento de Pamplona oferta para el \u00faltimo trimestre del a\u00f1o 18 cursos gratuitos de formaci\u00f3n en participaci\u00f3n, dirigidos a asociaciones y a ciudadan\u00eda en general","og_description":"Ma\u00f1ana martes comienzan las preinscripciones, que se deber\u00e1n realizar de forma online a trav\u00e9s de http:\/\/participa.pamplona.es","og_url":"https:\/\/www.laguiadepamplona.com\/actualidad\/el-ayuntamiento-de-pamplona-oferta-para-el-ultimo-trimestre-del-ano-18-cursos-gratuitos-de-formacion-en-participacion-dirigidos-a-asociaciones-y-a-ciudadania-en-general\/","og_site_name":"La Gu\u00eda de Pamplona","article_publisher":"https:\/\/www.facebook.com\/laguiadepamplonacom-133175176762273\/?ref=hl","article_published_time":"2021-09-13T09:54:58+00:00","article_modified_time":"2023-04-11T09:49:02+00:00","og_image":[{"width":1920,"height":1044,"url":"https:\/\/www.laguiadepamplona.com\/actualidad\/wp-content\/uploads\/2021\/09\/FOLLETO_A4_CASTELLANO-1.jpg","type":"image\/jpeg"}],"author":"La Gu\u00eda de Pamplona","twitter_card":"summary_large_image","twitter_creator":"@LaGuiadPamplona","twitter_site":"@LaGuiadPamplona","twitter_misc":{"Escrito por":"La Gu\u00eda de Pamplona","Tiempo de lectura":"3 minutos"},"schema":{"@context":"https:\/\/schema.org","@graph":[{"@type":"Article","@id":"https:\/\/www.laguiadepamplona.com\/actualidad\/el-ayuntamiento-de-pamplona-oferta-para-el-ultimo-trimestre-del-ano-18-cursos-gratuitos-de-formacion-en-participacion-dirigidos-a-asociaciones-y-a-ciudadania-en-general\/#article","isPartOf":{"@id":"https:\/\/www.laguiadepamplona.com\/actualidad\/el-ayuntamiento-de-pamplona-oferta-para-el-ultimo-trimestre-del-ano-18-cursos-gratuitos-de-formacion-en-participacion-dirigidos-a-asociaciones-y-a-ciudadania-en-general\/"},"author":{"name":"La Gu\u00eda de Pamplona","@id":"https:\/\/www.laguiadepamplona.com\/actualidad\/#\/schema\/person\/efe887376f0213d4657c93adc50b1fdb"},"headline":"El Ayuntamiento de Pamplona oferta para el \u00faltimo trimestre del a\u00f1o 18 cursos gratuitos de formaci\u00f3n en participaci\u00f3n, dirigidos a asociaciones y a ciudadan\u00eda en general","datePublished":"2021-09-13T09:54:58+00:00","dateModified":"2023-04-11T09:49:02+00:00","mainEntityOfPage":{"@id":"https:\/\/www.laguiadepamplona.com\/actualidad\/el-ayuntamiento-de-pamplona-oferta-para-el-ultimo-trimestre-del-ano-18-cursos-gratuitos-de-formacion-en-participacion-dirigidos-a-asociaciones-y-a-ciudadania-en-general\/"},"wordCount":777,"commentCount":0,"publisher":{"@id":"https:\/\/www.laguiadepamplona.com\/actualidad\/#organization"},"image":{"@id":"https:\/\/www.laguiadepamplona.com\/actualidad\/el-ayuntamiento-de-pamplona-oferta-para-el-ultimo-trimestre-del-ano-18-cursos-gratuitos-de-formacion-en-participacion-dirigidos-a-asociaciones-y-a-ciudadania-en-general\/#primaryimage"},"thumbnailUrl":"https:\/\/www.laguiadepamplona.com\/actualidad\/wp-content\/uploads\/2021\/09\/FOLLETO_A4_CASTELLANO-1.jpg","articleSection":["Ayto Pamplona"],"inLanguage":"es","potentialAction":[{"@type":"CommentAction","name":"Comment","target":["https:\/\/www.laguiadepamplona.com\/actualidad\/el-ayuntamiento-de-pamplona-oferta-para-el-ultimo-trimestre-del-ano-18-cursos-gratuitos-de-formacion-en-participacion-dirigidos-a-asociaciones-y-a-ciudadania-en-general\/#respond"]}]},{"@type":"WebPage","@id":"https:\/\/www.laguiadepamplona.com\/actualidad\/el-ayuntamiento-de-pamplona-oferta-para-el-ultimo-trimestre-del-ano-18-cursos-gratuitos-de-formacion-en-participacion-dirigidos-a-asociaciones-y-a-ciudadania-en-general\/","url":"https:\/\/www.laguiadepamplona.com\/actualidad\/el-ayuntamiento-de-pamplona-oferta-para-el-ultimo-trimestre-del-ano-18-cursos-gratuitos-de-formacion-en-participacion-dirigidos-a-asociaciones-y-a-ciudadania-en-general\/","name":"El Ayuntamiento de Pamplona oferta para el \u00faltimo trimestre del a\u00f1o 18 cursos gratuitos de formaci\u00f3n en participaci\u00f3n, dirigidos a asociaciones y a ciudadan\u00eda en general","isPartOf":{"@id":"https:\/\/www.laguiadepamplona.com\/actualidad\/#website"},"primaryImageOfPage":{"@id":"https:\/\/www.laguiadepamplona.com\/actualidad\/el-ayuntamiento-de-pamplona-oferta-para-el-ultimo-trimestre-del-ano-18-cursos-gratuitos-de-formacion-en-participacion-dirigidos-a-asociaciones-y-a-ciudadania-en-general\/#primaryimage"},"image":{"@id":"https:\/\/www.laguiadepamplona.com\/actualidad\/el-ayuntamiento-de-pamplona-oferta-para-el-ultimo-trimestre-del-ano-18-cursos-gratuitos-de-formacion-en-participacion-dirigidos-a-asociaciones-y-a-ciudadania-en-general\/#primaryimage"},"thumbnailUrl":"https:\/\/www.laguiadepamplona.com\/actualidad\/wp-content\/uploads\/2021\/09\/FOLLETO_A4_CASTELLANO-1.jpg","datePublished":"2021-09-13T09:54:58+00:00","dateModified":"2023-04-11T09:49:02+00:00","description":"Ma\u00f1ana martes comienzan las preinscripciones, que se deber\u00e1n realizar de forma online a trav\u00e9s de http:\/\/participa.pamplona.es","breadcrumb":{"@id":"https:\/\/www.laguiadepamplona.com\/actualidad\/el-ayuntamiento-de-pamplona-oferta-para-el-ultimo-trimestre-del-ano-18-cursos-gratuitos-de-formacion-en-participacion-dirigidos-a-asociaciones-y-a-ciudadania-en-general\/#breadcrumb"},"inLanguage":"es","potentialAction":[{"@type":"ReadAction","target":["https:\/\/www.laguiadepamplona.com\/actualidad\/el-ayuntamiento-de-pamplona-oferta-para-el-ultimo-trimestre-del-ano-18-cursos-gratuitos-de-formacion-en-participacion-dirigidos-a-asociaciones-y-a-ciudadania-en-general\/"]}]},{"@type":"ImageObject","inLanguage":"es","@id":"https:\/\/www.laguiadepamplona.com\/actualidad\/el-ayuntamiento-de-pamplona-oferta-para-el-ultimo-trimestre-del-ano-18-cursos-gratuitos-de-formacion-en-participacion-dirigidos-a-asociaciones-y-a-ciudadania-en-general\/#primaryimage","url":"https:\/\/www.laguiadepamplona.com\/actualidad\/wp-content\/uploads\/2021\/09\/FOLLETO_A4_CASTELLANO-1.jpg","contentUrl":"https:\/\/www.laguiadepamplona.com\/actualidad\/wp-content\/uploads\/2021\/09\/FOLLETO_A4_CASTELLANO-1.jpg","width":1920,"height":1044},{"@type":"BreadcrumbList","@id":"https:\/\/www.laguiadepamplona.com\/actualidad\/el-ayuntamiento-de-pamplona-oferta-para-el-ultimo-trimestre-del-ano-18-cursos-gratuitos-de-formacion-en-participacion-dirigidos-a-asociaciones-y-a-ciudadania-en-general\/#breadcrumb","itemListElement":[{"@type":"ListItem","position":1,"name":"Portada","item":"https:\/\/www.laguiadepamplona.com\/actualidad\/"},{"@type":"ListItem","position":2,"name":"El Ayuntamiento de Pamplona oferta para el \u00faltimo trimestre del a\u00f1o 18 cursos gratuitos de formaci\u00f3n en participaci\u00f3n, dirigidos a asociaciones y a ciudadan\u00eda en general"}]},{"@type":"WebSite","@id":"https:\/\/www.laguiadepamplona.com\/actualidad\/#website","url":"https:\/\/www.laguiadepamplona.com\/actualidad\/","name":"La gu\u00eda de Pamplona","description":"Noticias de Pamplona","publisher":{"@id":"https:\/\/www.laguiadepamplona.com\/actualidad\/#organization"},"potentialAction":[{"@type":"SearchAction","target":{"@type":"EntryPoint","urlTemplate":"https:\/\/www.laguiadepamplona.com\/actualidad\/?s={search_term_string}"},"query-input":{"@type":"PropertyValueSpecification","valueRequired":true,"valueName":"search_term_string"}}],"inLanguage":"es"},{"@type":"Organization","@id":"https:\/\/www.laguiadepamplona.com\/actualidad\/#organization","name":"La Gu\u00eda de Pamplona \/ Noticias","url":"https:\/\/www.laguiadepamplona.com\/actualidad\/","logo":{"@type":"ImageObject","inLanguage":"es","@id":"https:\/\/www.laguiadepamplona.com\/actualidad\/#\/schema\/logo\/image\/","url":"https:\/\/www.laguiadepamplona.com\/actualidad\/wp-content\/uploads\/2018\/11\/logo-laguiadepamplona18-web1.png","contentUrl":"https:\/\/www.laguiadepamplona.com\/actualidad\/wp-content\/uploads\/2018\/11\/logo-laguiadepamplona18-web1.png","width":600,"height":196,"caption":"La Gu\u00eda de Pamplona \/ Noticias"},"image":{"@id":"https:\/\/www.laguiadepamplona.com\/actualidad\/#\/schema\/logo\/image\/"},"sameAs":["https:\/\/www.facebook.com\/laguiadepamplonacom-133175176762273\/?ref=hl","https:\/\/x.com\/LaGuiadPamplona","https:\/\/www.instagram.com\/la_guia_de_pamplona\/","https:\/\/www.youtube.com\/user\/laguiadepamplona"]},{"@type":"Person","@id":"https:\/\/www.laguiadepamplona.com\/actualidad\/#\/schema\/person\/efe887376f0213d4657c93adc50b1fdb","name":"La Gu\u00eda de Pamplona","image":{"@type":"ImageObject","inLanguage":"es","@id":"https:\/\/secure.gravatar.com\/avatar\/b6992f131dc8d30ab0dff15446e9d346d9dbd95992de0fef795073f5ea83a81c?s=96&d=mm&r=g","url":"https:\/\/secure.gravatar.com\/avatar\/b6992f131dc8d30ab0dff15446e9d346d9dbd95992de0fef795073f5ea83a81c?s=96&d=mm&r=g","contentUrl":"https:\/\/secure.gravatar.com\/avatar\/b6992f131dc8d30ab0dff15446e9d346d9dbd95992de0fef795073f5ea83a81c?s=96&d=mm&r=g","caption":"La Gu\u00eda de Pamplona"}}]}},"post_mailing_queue_ids":[],"_links":{"self":[{"href":"https:\/\/www.laguiadepamplona.com\/actualidad\/wp-json\/wp\/v2\/posts\/36373","targetHints":{"allow":["GET"]}}],"collection":[{"href":"https:\/\/www.laguiadepamplona.com\/actualidad\/wp-json\/wp\/v2\/posts"}],"about":[{"href":"https:\/\/www.laguiadepamplona.com\/actualidad\/wp-json\/wp\/v2\/types\/post"}],"author":[{"embeddable":true,"href":"https:\/\/www.laguiadepamplona.com\/actualidad\/wp-json\/wp\/v2\/users\/1"}],"replies":[{"embeddable":true,"href":"https:\/\/www.laguiadepamplona.com\/actualidad\/wp-json\/wp\/v2\/comments?post=36373"}],"version-history":[{"count":0,"href":"https:\/\/www.laguiadepamplona.com\/actualidad\/wp-json\/wp\/v2\/posts\/36373\/revisions"}],"wp:featuredmedia":[{"embeddable":true,"href":"https:\/\/www.laguiadepamplona.com\/actualidad\/wp-json\/wp\/v2\/media\/36374"}],"wp:attachment":[{"href":"https:\/\/www.laguiadepamplona.com\/actualidad\/wp-json\/wp\/v2\/media?parent=36373"}],"wp:term":[{"taxonomy":"category","embeddable":true,"href":"https:\/\/www.laguiadepamplona.com\/actualidad\/wp-json\/wp\/v2\/categories?post=36373"},{"taxonomy":"post_tag","embeddable":true,"href":"https:\/\/www.laguiadepamplona.com\/actualidad\/wp-json\/wp\/v2\/tags?post=36373"}],"curies":[{"name":"wp","href":"https:\/\/api.w.org\/{rel}","templated":true}]}}