{"id":36331,"date":"2021-08-27T12:13:07","date_gmt":"2021-08-27T10:13:07","guid":{"rendered":"https:\/\/www.laguiadepamplona.com\/actualidad\/?p=36331"},"modified":"2023-04-11T11:49:03","modified_gmt":"2023-04-11T09:49:03","slug":"el-ayuntamiento-estudia-convocar-un-concurso-publico-para-la-construccion-y-explotacion-de-un-aparcamiento-subterraneo-para-residentes-en-la-calle-sanguesa","status":"publish","type":"post","link":"https:\/\/www.laguiadepamplona.com\/actualidad\/el-ayuntamiento-estudia-convocar-un-concurso-publico-para-la-construccion-y-explotacion-de-un-aparcamiento-subterraneo-para-residentes-en-la-calle-sanguesa\/","title":{"rendered":"El Ayuntamiento estudia convocar un concurso p\u00fablico para la construcci\u00f3n y explotaci\u00f3n de un aparcamiento subterr\u00e1neo para residentes en la calle Sang\u00fcesa"},"content":{"rendered":"<h5>Una agrupaci\u00f3n de vecinos de la zona se ha reunido con el Ayuntamiento para proponer un parking para 300 veh\u00edculos en el entorno de la Plaza de la Cruz<\/h5>\n<p><!--more--><\/p>\n<p>El Ayuntamiento de Pamplona est\u00e1 estudiando la convocatoria de un concurso p\u00fablico para la concesi\u00f3n administrativa de construcci\u00f3n y explotaci\u00f3n de un estacionamiento subterr\u00e1neo para residentes en la calle Sang\u00fcesa, en el entorno de la Plaza de la Cruz. De esta forma, se podr\u00edan mitigar las dificultades para aparcar que existen en el Segundo Ensanche y m\u00e1s concretamente en esa zona.<\/p>\n<p><script async src=\"\/\/pagead2.googlesyndication.com\/pagead\/js\/adsbygoogle.js\"><\/script><br \/>\n<!-- Noticias La Guia de Pamplona --><br \/>\n<ins class=\"adsbygoogle\"\nstyle=\"display:block\"\ndata-ad-client=\"ca-pub-6943679897239327\"\ndata-ad-slot=\"7048180777\"\ndata-ad-format=\"auto\"><\/ins><br \/>\n<script>\n(adsbygoogle = window.adsbygoogle || []).push({});\n<\/script><\/p>\n<p>Una agrupaci\u00f3n de vecinos y vecinas del Segundo Ensanche se ha reunido esta semana con responsables de las \u00e1reas de Proyectos Estrat\u00e9gicos, Movilidad y Sostenibilidad y de Seguridad Ciudadana del Ayuntamiento de Pamplona para trasladar su inter\u00e9s, y el de m\u00e1s de 200 personas de la zona, por llevar a cabo esta infraestructura. El Ayuntamiento comparte tambi\u00e9n ese inter\u00e9s por la idea pues supondr\u00eda aumentar la oferta de plazas de estacionamiento en la zona y paliar los problemas que les surgen al aparcar tanto a los vecinos y vecinas como al resto de la ciudadan\u00eda que acude al Segundo Ensanche con su veh\u00edculo privado.<\/p>\n<p>La idea inicial trasladada al Ayuntamiento de Pamplona es la construcci\u00f3n de un aparcamiento con capacidad para 300 veh\u00edculos en la calle Sang\u00fcesa, ocupando una superficie que equivaldr\u00eda a dos manzanas del Ensanche, concretamente, entre las calles Navarro Villoslada y Tafalla, es decir, lindando con la plaza de la Cruz y con el instituto. Para la elecci\u00f3n de la ubicaci\u00f3n m\u00e1s adecuada se ha analizado la situaci\u00f3n de los aparcamientos y garajes existentes en el Segundo Ensanche y en su zona de influencia. En ese estudio se aprecia un vac\u00edo entre en el \u00e1rea que delimitan las avenidas Carlos III, Baja Navarra, Zaragoza y Galicia.<\/p>\n","protected":false},"excerpt":{"rendered":"<p>Una agrupaci\u00f3n de vecinos de la zona se ha reunido con el Ayuntamiento para proponer un parking para 300 veh\u00edculos en el entorno de la Plaza de la Cruz<\/p>\n","protected":false},"author":1,"featured_media":36332,"comment_status":"open","ping_status":"closed","sticky":false,"template":"","format":"standard","meta":{"footnotes":""},"categories":[2],"tags":[],"class_list":["post-36331","post","type-post","status-publish","format-standard","has-post-thumbnail","hentry","category-ayuntamiento-pamplona"],"yoast_head":"<!-- This site is optimized with the Yoast SEO plugin v27.5 - https:\/\/yoast.com\/product\/yoast-seo-wordpress\/ -->\n<title>El Ayuntamiento estudia convocar un concurso p\u00fablico para la construcci\u00f3n y explotaci\u00f3n de un aparcamiento subterr\u00e1neo para residentes en la calle Sang\u00fcesa<\/title>\n<meta name=\"description\" content=\"Una agrupaci\u00f3n de vecinos de la zona se ha reunido con el Ayuntamiento para proponer un parking para 300 veh\u00edculos en el entorno de la Plaza de la Cruz\" \/>\n<meta name=\"robots\" content=\"index, follow, max-snippet:-1, max-image-preview:large, max-video-preview:-1\" \/>\n<link rel=\"canonical\" href=\"https:\/\/www.laguiadepamplona.com\/actualidad\/el-ayuntamiento-estudia-convocar-un-concurso-publico-para-la-construccion-y-explotacion-de-un-aparcamiento-subterraneo-para-residentes-en-la-calle-sanguesa\/\" \/>\n<meta property=\"og:locale\" content=\"es_ES\" \/>\n<meta property=\"og:type\" content=\"article\" \/>\n<meta property=\"og:title\" content=\"El Ayuntamiento estudia convocar un concurso p\u00fablico para la construcci\u00f3n y explotaci\u00f3n de un aparcamiento subterr\u00e1neo para residentes en la calle Sang\u00fcesa\" \/>\n<meta property=\"og:description\" content=\"Una agrupaci\u00f3n de vecinos de la zona se ha reunido con el Ayuntamiento para proponer un parking para 300 veh\u00edculos en el entorno de la Plaza de la Cruz\" \/>\n<meta property=\"og:url\" content=\"https:\/\/www.laguiadepamplona.com\/actualidad\/el-ayuntamiento-estudia-convocar-un-concurso-publico-para-la-construccion-y-explotacion-de-un-aparcamiento-subterraneo-para-residentes-en-la-calle-sanguesa\/\" \/>\n<meta property=\"og:site_name\" content=\"La Gu\u00eda de Pamplona\" \/>\n<meta property=\"article:publisher\" content=\"https:\/\/www.facebook.com\/laguiadepamplonacom-133175176762273\/?ref=hl\" \/>\n<meta property=\"article:published_time\" content=\"2021-08-27T10:13:07+00:00\" \/>\n<meta property=\"article:modified_time\" content=\"2023-04-11T09:49:03+00:00\" \/>\n<meta property=\"og:image\" content=\"https:\/\/www.laguiadepamplona.com\/actualidad\/wp-content\/uploads\/2021\/08\/parking_subterraneo_vacio.jpg\" \/>\n\t<meta property=\"og:image:width\" content=\"1652\" \/>\n\t<meta property=\"og:image:height\" content=\"1101\" \/>\n\t<meta property=\"og:image:type\" content=\"image\/jpeg\" \/>\n<meta name=\"author\" content=\"La Gu\u00eda de Pamplona\" \/>\n<meta name=\"twitter:card\" content=\"summary_large_image\" \/>\n<meta name=\"twitter:creator\" content=\"@LaGuiadPamplona\" \/>\n<meta name=\"twitter:site\" content=\"@LaGuiadPamplona\" \/>\n<meta name=\"twitter:label1\" content=\"Escrito por\" \/>\n\t<meta name=\"twitter:data1\" content=\"La Gu\u00eda de Pamplona\" \/>\n\t<meta name=\"twitter:label2\" content=\"Tiempo de lectura\" \/>\n\t<meta name=\"twitter:data2\" content=\"2 minutos\" \/>\n<script type=\"application\/ld+json\" class=\"yoast-schema-graph\">{\"@context\":\"https:\\\/\\\/schema.org\",\"@graph\":[{\"@type\":\"Article\",\"@id\":\"https:\\\/\\\/www.laguiadepamplona.com\\\/actualidad\\\/el-ayuntamiento-estudia-convocar-un-concurso-publico-para-la-construccion-y-explotacion-de-un-aparcamiento-subterraneo-para-residentes-en-la-calle-sanguesa\\\/#article\",\"isPartOf\":{\"@id\":\"https:\\\/\\\/www.laguiadepamplona.com\\\/actualidad\\\/el-ayuntamiento-estudia-convocar-un-concurso-publico-para-la-construccion-y-explotacion-de-un-aparcamiento-subterraneo-para-residentes-en-la-calle-sanguesa\\\/\"},\"author\":{\"name\":\"La Gu\u00eda de Pamplona\",\"@id\":\"https:\\\/\\\/www.laguiadepamplona.com\\\/actualidad\\\/#\\\/schema\\\/person\\\/efe887376f0213d4657c93adc50b1fdb\"},\"headline\":\"El Ayuntamiento estudia convocar un concurso p\u00fablico para la construcci\u00f3n y explotaci\u00f3n de un aparcamiento subterr\u00e1neo para residentes en la calle Sang\u00fcesa\",\"datePublished\":\"2021-08-27T10:13:07+00:00\",\"dateModified\":\"2023-04-11T09:49:03+00:00\",\"mainEntityOfPage\":{\"@id\":\"https:\\\/\\\/www.laguiadepamplona.com\\\/actualidad\\\/el-ayuntamiento-estudia-convocar-un-concurso-publico-para-la-construccion-y-explotacion-de-un-aparcamiento-subterraneo-para-residentes-en-la-calle-sanguesa\\\/\"},\"wordCount\":351,\"commentCount\":0,\"publisher\":{\"@id\":\"https:\\\/\\\/www.laguiadepamplona.com\\\/actualidad\\\/#organization\"},\"image\":{\"@id\":\"https:\\\/\\\/www.laguiadepamplona.com\\\/actualidad\\\/el-ayuntamiento-estudia-convocar-un-concurso-publico-para-la-construccion-y-explotacion-de-un-aparcamiento-subterraneo-para-residentes-en-la-calle-sanguesa\\\/#primaryimage\"},\"thumbnailUrl\":\"https:\\\/\\\/www.laguiadepamplona.com\\\/actualidad\\\/wp-content\\\/uploads\\\/2021\\\/08\\\/parking_subterraneo_vacio.jpg\",\"articleSection\":[\"Ayto Pamplona\"],\"inLanguage\":\"es\",\"potentialAction\":[{\"@type\":\"CommentAction\",\"name\":\"Comment\",\"target\":[\"https:\\\/\\\/www.laguiadepamplona.com\\\/actualidad\\\/el-ayuntamiento-estudia-convocar-un-concurso-publico-para-la-construccion-y-explotacion-de-un-aparcamiento-subterraneo-para-residentes-en-la-calle-sanguesa\\\/#respond\"]}]},{\"@type\":\"WebPage\",\"@id\":\"https:\\\/\\\/www.laguiadepamplona.com\\\/actualidad\\\/el-ayuntamiento-estudia-convocar-un-concurso-publico-para-la-construccion-y-explotacion-de-un-aparcamiento-subterraneo-para-residentes-en-la-calle-sanguesa\\\/\",\"url\":\"https:\\\/\\\/www.laguiadepamplona.com\\\/actualidad\\\/el-ayuntamiento-estudia-convocar-un-concurso-publico-para-la-construccion-y-explotacion-de-un-aparcamiento-subterraneo-para-residentes-en-la-calle-sanguesa\\\/\",\"name\":\"El Ayuntamiento estudia convocar un concurso p\u00fablico para la construcci\u00f3n y explotaci\u00f3n de un aparcamiento subterr\u00e1neo para residentes en la calle Sang\u00fcesa\",\"isPartOf\":{\"@id\":\"https:\\\/\\\/www.laguiadepamplona.com\\\/actualidad\\\/#website\"},\"primaryImageOfPage\":{\"@id\":\"https:\\\/\\\/www.laguiadepamplona.com\\\/actualidad\\\/el-ayuntamiento-estudia-convocar-un-concurso-publico-para-la-construccion-y-explotacion-de-un-aparcamiento-subterraneo-para-residentes-en-la-calle-sanguesa\\\/#primaryimage\"},\"image\":{\"@id\":\"https:\\\/\\\/www.laguiadepamplona.com\\\/actualidad\\\/el-ayuntamiento-estudia-convocar-un-concurso-publico-para-la-construccion-y-explotacion-de-un-aparcamiento-subterraneo-para-residentes-en-la-calle-sanguesa\\\/#primaryimage\"},\"thumbnailUrl\":\"https:\\\/\\\/www.laguiadepamplona.com\\\/actualidad\\\/wp-content\\\/uploads\\\/2021\\\/08\\\/parking_subterraneo_vacio.jpg\",\"datePublished\":\"2021-08-27T10:13:07+00:00\",\"dateModified\":\"2023-04-11T09:49:03+00:00\",\"description\":\"Una agrupaci\u00f3n de vecinos de la zona se ha reunido con el Ayuntamiento para proponer un parking para 300 veh\u00edculos en el entorno de la Plaza de la Cruz\",\"breadcrumb\":{\"@id\":\"https:\\\/\\\/www.laguiadepamplona.com\\\/actualidad\\\/el-ayuntamiento-estudia-convocar-un-concurso-publico-para-la-construccion-y-explotacion-de-un-aparcamiento-subterraneo-para-residentes-en-la-calle-sanguesa\\\/#breadcrumb\"},\"inLanguage\":\"es\",\"potentialAction\":[{\"@type\":\"ReadAction\",\"target\":[\"https:\\\/\\\/www.laguiadepamplona.com\\\/actualidad\\\/el-ayuntamiento-estudia-convocar-un-concurso-publico-para-la-construccion-y-explotacion-de-un-aparcamiento-subterraneo-para-residentes-en-la-calle-sanguesa\\\/\"]}]},{\"@type\":\"ImageObject\",\"inLanguage\":\"es\",\"@id\":\"https:\\\/\\\/www.laguiadepamplona.com\\\/actualidad\\\/el-ayuntamiento-estudia-convocar-un-concurso-publico-para-la-construccion-y-explotacion-de-un-aparcamiento-subterraneo-para-residentes-en-la-calle-sanguesa\\\/#primaryimage\",\"url\":\"https:\\\/\\\/www.laguiadepamplona.com\\\/actualidad\\\/wp-content\\\/uploads\\\/2021\\\/08\\\/parking_subterraneo_vacio.jpg\",\"contentUrl\":\"https:\\\/\\\/www.laguiadepamplona.com\\\/actualidad\\\/wp-content\\\/uploads\\\/2021\\\/08\\\/parking_subterraneo_vacio.jpg\",\"width\":1652,\"height\":1101},{\"@type\":\"BreadcrumbList\",\"@id\":\"https:\\\/\\\/www.laguiadepamplona.com\\\/actualidad\\\/el-ayuntamiento-estudia-convocar-un-concurso-publico-para-la-construccion-y-explotacion-de-un-aparcamiento-subterraneo-para-residentes-en-la-calle-sanguesa\\\/#breadcrumb\",\"itemListElement\":[{\"@type\":\"ListItem\",\"position\":1,\"name\":\"Portada\",\"item\":\"https:\\\/\\\/www.laguiadepamplona.com\\\/actualidad\\\/\"},{\"@type\":\"ListItem\",\"position\":2,\"name\":\"El Ayuntamiento estudia convocar un concurso p\u00fablico para la construcci\u00f3n y explotaci\u00f3n de un aparcamiento subterr\u00e1neo para residentes en la calle Sang\u00fcesa\"}]},{\"@type\":\"WebSite\",\"@id\":\"https:\\\/\\\/www.laguiadepamplona.com\\\/actualidad\\\/#website\",\"url\":\"https:\\\/\\\/www.laguiadepamplona.com\\\/actualidad\\\/\",\"name\":\"La gu\u00eda de Pamplona\",\"description\":\"Noticias de Pamplona\",\"publisher\":{\"@id\":\"https:\\\/\\\/www.laguiadepamplona.com\\\/actualidad\\\/#organization\"},\"potentialAction\":[{\"@type\":\"SearchAction\",\"target\":{\"@type\":\"EntryPoint\",\"urlTemplate\":\"https:\\\/\\\/www.laguiadepamplona.com\\\/actualidad\\\/?s={search_term_string}\"},\"query-input\":{\"@type\":\"PropertyValueSpecification\",\"valueRequired\":true,\"valueName\":\"search_term_string\"}}],\"inLanguage\":\"es\"},{\"@type\":\"Organization\",\"@id\":\"https:\\\/\\\/www.laguiadepamplona.com\\\/actualidad\\\/#organization\",\"name\":\"La Gu\u00eda de Pamplona \\\/ Noticias\",\"url\":\"https:\\\/\\\/www.laguiadepamplona.com\\\/actualidad\\\/\",\"logo\":{\"@type\":\"ImageObject\",\"inLanguage\":\"es\",\"@id\":\"https:\\\/\\\/www.laguiadepamplona.com\\\/actualidad\\\/#\\\/schema\\\/logo\\\/image\\\/\",\"url\":\"https:\\\/\\\/www.laguiadepamplona.com\\\/actualidad\\\/wp-content\\\/uploads\\\/2018\\\/11\\\/logo-laguiadepamplona18-web1.png\",\"contentUrl\":\"https:\\\/\\\/www.laguiadepamplona.com\\\/actualidad\\\/wp-content\\\/uploads\\\/2018\\\/11\\\/logo-laguiadepamplona18-web1.png\",\"width\":600,\"height\":196,\"caption\":\"La Gu\u00eda de Pamplona \\\/ Noticias\"},\"image\":{\"@id\":\"https:\\\/\\\/www.laguiadepamplona.com\\\/actualidad\\\/#\\\/schema\\\/logo\\\/image\\\/\"},\"sameAs\":[\"https:\\\/\\\/www.facebook.com\\\/laguiadepamplonacom-133175176762273\\\/?ref=hl\",\"https:\\\/\\\/x.com\\\/LaGuiadPamplona\",\"https:\\\/\\\/www.instagram.com\\\/la_guia_de_pamplona\\\/\",\"https:\\\/\\\/www.youtube.com\\\/user\\\/laguiadepamplona\"]},{\"@type\":\"Person\",\"@id\":\"https:\\\/\\\/www.laguiadepamplona.com\\\/actualidad\\\/#\\\/schema\\\/person\\\/efe887376f0213d4657c93adc50b1fdb\",\"name\":\"La Gu\u00eda de Pamplona\",\"image\":{\"@type\":\"ImageObject\",\"inLanguage\":\"es\",\"@id\":\"https:\\\/\\\/secure.gravatar.com\\\/avatar\\\/b6992f131dc8d30ab0dff15446e9d346d9dbd95992de0fef795073f5ea83a81c?s=96&d=mm&r=g\",\"url\":\"https:\\\/\\\/secure.gravatar.com\\\/avatar\\\/b6992f131dc8d30ab0dff15446e9d346d9dbd95992de0fef795073f5ea83a81c?s=96&d=mm&r=g\",\"contentUrl\":\"https:\\\/\\\/secure.gravatar.com\\\/avatar\\\/b6992f131dc8d30ab0dff15446e9d346d9dbd95992de0fef795073f5ea83a81c?s=96&d=mm&r=g\",\"caption\":\"La Gu\u00eda de Pamplona\"}}]}<\/script>\n<!-- \/ Yoast SEO plugin. -->","yoast_head_json":{"title":"El Ayuntamiento estudia convocar un concurso p\u00fablico para la construcci\u00f3n y explotaci\u00f3n de un aparcamiento subterr\u00e1neo para residentes en la calle Sang\u00fcesa","description":"Una agrupaci\u00f3n de vecinos de la zona se ha reunido con el Ayuntamiento para proponer un parking para 300 veh\u00edculos en el entorno de la Plaza de la Cruz","robots":{"index":"index","follow":"follow","max-snippet":"max-snippet:-1","max-image-preview":"max-image-preview:large","max-video-preview":"max-video-preview:-1"},"canonical":"https:\/\/www.laguiadepamplona.com\/actualidad\/el-ayuntamiento-estudia-convocar-un-concurso-publico-para-la-construccion-y-explotacion-de-un-aparcamiento-subterraneo-para-residentes-en-la-calle-sanguesa\/","og_locale":"es_ES","og_type":"article","og_title":"El Ayuntamiento estudia convocar un concurso p\u00fablico para la construcci\u00f3n y explotaci\u00f3n de un aparcamiento subterr\u00e1neo para residentes en la calle Sang\u00fcesa","og_description":"Una agrupaci\u00f3n de vecinos de la zona se ha reunido con el Ayuntamiento para proponer un parking para 300 veh\u00edculos en el entorno de la Plaza de la Cruz","og_url":"https:\/\/www.laguiadepamplona.com\/actualidad\/el-ayuntamiento-estudia-convocar-un-concurso-publico-para-la-construccion-y-explotacion-de-un-aparcamiento-subterraneo-para-residentes-en-la-calle-sanguesa\/","og_site_name":"La Gu\u00eda de Pamplona","article_publisher":"https:\/\/www.facebook.com\/laguiadepamplonacom-133175176762273\/?ref=hl","article_published_time":"2021-08-27T10:13:07+00:00","article_modified_time":"2023-04-11T09:49:03+00:00","og_image":[{"width":1652,"height":1101,"url":"https:\/\/www.laguiadepamplona.com\/actualidad\/wp-content\/uploads\/2021\/08\/parking_subterraneo_vacio.jpg","type":"image\/jpeg"}],"author":"La Gu\u00eda de Pamplona","twitter_card":"summary_large_image","twitter_creator":"@LaGuiadPamplona","twitter_site":"@LaGuiadPamplona","twitter_misc":{"Escrito por":"La Gu\u00eda de Pamplona","Tiempo de lectura":"2 minutos"},"schema":{"@context":"https:\/\/schema.org","@graph":[{"@type":"Article","@id":"https:\/\/www.laguiadepamplona.com\/actualidad\/el-ayuntamiento-estudia-convocar-un-concurso-publico-para-la-construccion-y-explotacion-de-un-aparcamiento-subterraneo-para-residentes-en-la-calle-sanguesa\/#article","isPartOf":{"@id":"https:\/\/www.laguiadepamplona.com\/actualidad\/el-ayuntamiento-estudia-convocar-un-concurso-publico-para-la-construccion-y-explotacion-de-un-aparcamiento-subterraneo-para-residentes-en-la-calle-sanguesa\/"},"author":{"name":"La Gu\u00eda de Pamplona","@id":"https:\/\/www.laguiadepamplona.com\/actualidad\/#\/schema\/person\/efe887376f0213d4657c93adc50b1fdb"},"headline":"El Ayuntamiento estudia convocar un concurso p\u00fablico para la construcci\u00f3n y explotaci\u00f3n de un aparcamiento subterr\u00e1neo para residentes en la calle Sang\u00fcesa","datePublished":"2021-08-27T10:13:07+00:00","dateModified":"2023-04-11T09:49:03+00:00","mainEntityOfPage":{"@id":"https:\/\/www.laguiadepamplona.com\/actualidad\/el-ayuntamiento-estudia-convocar-un-concurso-publico-para-la-construccion-y-explotacion-de-un-aparcamiento-subterraneo-para-residentes-en-la-calle-sanguesa\/"},"wordCount":351,"commentCount":0,"publisher":{"@id":"https:\/\/www.laguiadepamplona.com\/actualidad\/#organization"},"image":{"@id":"https:\/\/www.laguiadepamplona.com\/actualidad\/el-ayuntamiento-estudia-convocar-un-concurso-publico-para-la-construccion-y-explotacion-de-un-aparcamiento-subterraneo-para-residentes-en-la-calle-sanguesa\/#primaryimage"},"thumbnailUrl":"https:\/\/www.laguiadepamplona.com\/actualidad\/wp-content\/uploads\/2021\/08\/parking_subterraneo_vacio.jpg","articleSection":["Ayto Pamplona"],"inLanguage":"es","potentialAction":[{"@type":"CommentAction","name":"Comment","target":["https:\/\/www.laguiadepamplona.com\/actualidad\/el-ayuntamiento-estudia-convocar-un-concurso-publico-para-la-construccion-y-explotacion-de-un-aparcamiento-subterraneo-para-residentes-en-la-calle-sanguesa\/#respond"]}]},{"@type":"WebPage","@id":"https:\/\/www.laguiadepamplona.com\/actualidad\/el-ayuntamiento-estudia-convocar-un-concurso-publico-para-la-construccion-y-explotacion-de-un-aparcamiento-subterraneo-para-residentes-en-la-calle-sanguesa\/","url":"https:\/\/www.laguiadepamplona.com\/actualidad\/el-ayuntamiento-estudia-convocar-un-concurso-publico-para-la-construccion-y-explotacion-de-un-aparcamiento-subterraneo-para-residentes-en-la-calle-sanguesa\/","name":"El Ayuntamiento estudia convocar un concurso p\u00fablico para la construcci\u00f3n y explotaci\u00f3n de un aparcamiento subterr\u00e1neo para residentes en la calle Sang\u00fcesa","isPartOf":{"@id":"https:\/\/www.laguiadepamplona.com\/actualidad\/#website"},"primaryImageOfPage":{"@id":"https:\/\/www.laguiadepamplona.com\/actualidad\/el-ayuntamiento-estudia-convocar-un-concurso-publico-para-la-construccion-y-explotacion-de-un-aparcamiento-subterraneo-para-residentes-en-la-calle-sanguesa\/#primaryimage"},"image":{"@id":"https:\/\/www.laguiadepamplona.com\/actualidad\/el-ayuntamiento-estudia-convocar-un-concurso-publico-para-la-construccion-y-explotacion-de-un-aparcamiento-subterraneo-para-residentes-en-la-calle-sanguesa\/#primaryimage"},"thumbnailUrl":"https:\/\/www.laguiadepamplona.com\/actualidad\/wp-content\/uploads\/2021\/08\/parking_subterraneo_vacio.jpg","datePublished":"2021-08-27T10:13:07+00:00","dateModified":"2023-04-11T09:49:03+00:00","description":"Una agrupaci\u00f3n de vecinos de la zona se ha reunido con el Ayuntamiento para proponer un parking para 300 veh\u00edculos en el entorno de la Plaza de la Cruz","breadcrumb":{"@id":"https:\/\/www.laguiadepamplona.com\/actualidad\/el-ayuntamiento-estudia-convocar-un-concurso-publico-para-la-construccion-y-explotacion-de-un-aparcamiento-subterraneo-para-residentes-en-la-calle-sanguesa\/#breadcrumb"},"inLanguage":"es","potentialAction":[{"@type":"ReadAction","target":["https:\/\/www.laguiadepamplona.com\/actualidad\/el-ayuntamiento-estudia-convocar-un-concurso-publico-para-la-construccion-y-explotacion-de-un-aparcamiento-subterraneo-para-residentes-en-la-calle-sanguesa\/"]}]},{"@type":"ImageObject","inLanguage":"es","@id":"https:\/\/www.laguiadepamplona.com\/actualidad\/el-ayuntamiento-estudia-convocar-un-concurso-publico-para-la-construccion-y-explotacion-de-un-aparcamiento-subterraneo-para-residentes-en-la-calle-sanguesa\/#primaryimage","url":"https:\/\/www.laguiadepamplona.com\/actualidad\/wp-content\/uploads\/2021\/08\/parking_subterraneo_vacio.jpg","contentUrl":"https:\/\/www.laguiadepamplona.com\/actualidad\/wp-content\/uploads\/2021\/08\/parking_subterraneo_vacio.jpg","width":1652,"height":1101},{"@type":"BreadcrumbList","@id":"https:\/\/www.laguiadepamplona.com\/actualidad\/el-ayuntamiento-estudia-convocar-un-concurso-publico-para-la-construccion-y-explotacion-de-un-aparcamiento-subterraneo-para-residentes-en-la-calle-sanguesa\/#breadcrumb","itemListElement":[{"@type":"ListItem","position":1,"name":"Portada","item":"https:\/\/www.laguiadepamplona.com\/actualidad\/"},{"@type":"ListItem","position":2,"name":"El Ayuntamiento estudia convocar un concurso p\u00fablico para la construcci\u00f3n y explotaci\u00f3n de un aparcamiento subterr\u00e1neo para residentes en la calle Sang\u00fcesa"}]},{"@type":"WebSite","@id":"https:\/\/www.laguiadepamplona.com\/actualidad\/#website","url":"https:\/\/www.laguiadepamplona.com\/actualidad\/","name":"La gu\u00eda de Pamplona","description":"Noticias de Pamplona","publisher":{"@id":"https:\/\/www.laguiadepamplona.com\/actualidad\/#organization"},"potentialAction":[{"@type":"SearchAction","target":{"@type":"EntryPoint","urlTemplate":"https:\/\/www.laguiadepamplona.com\/actualidad\/?s={search_term_string}"},"query-input":{"@type":"PropertyValueSpecification","valueRequired":true,"valueName":"search_term_string"}}],"inLanguage":"es"},{"@type":"Organization","@id":"https:\/\/www.laguiadepamplona.com\/actualidad\/#organization","name":"La Gu\u00eda de Pamplona \/ Noticias","url":"https:\/\/www.laguiadepamplona.com\/actualidad\/","logo":{"@type":"ImageObject","inLanguage":"es","@id":"https:\/\/www.laguiadepamplona.com\/actualidad\/#\/schema\/logo\/image\/","url":"https:\/\/www.laguiadepamplona.com\/actualidad\/wp-content\/uploads\/2018\/11\/logo-laguiadepamplona18-web1.png","contentUrl":"https:\/\/www.laguiadepamplona.com\/actualidad\/wp-content\/uploads\/2018\/11\/logo-laguiadepamplona18-web1.png","width":600,"height":196,"caption":"La Gu\u00eda de Pamplona \/ Noticias"},"image":{"@id":"https:\/\/www.laguiadepamplona.com\/actualidad\/#\/schema\/logo\/image\/"},"sameAs":["https:\/\/www.facebook.com\/laguiadepamplonacom-133175176762273\/?ref=hl","https:\/\/x.com\/LaGuiadPamplona","https:\/\/www.instagram.com\/la_guia_de_pamplona\/","https:\/\/www.youtube.com\/user\/laguiadepamplona"]},{"@type":"Person","@id":"https:\/\/www.laguiadepamplona.com\/actualidad\/#\/schema\/person\/efe887376f0213d4657c93adc50b1fdb","name":"La Gu\u00eda de Pamplona","image":{"@type":"ImageObject","inLanguage":"es","@id":"https:\/\/secure.gravatar.com\/avatar\/b6992f131dc8d30ab0dff15446e9d346d9dbd95992de0fef795073f5ea83a81c?s=96&d=mm&r=g","url":"https:\/\/secure.gravatar.com\/avatar\/b6992f131dc8d30ab0dff15446e9d346d9dbd95992de0fef795073f5ea83a81c?s=96&d=mm&r=g","contentUrl":"https:\/\/secure.gravatar.com\/avatar\/b6992f131dc8d30ab0dff15446e9d346d9dbd95992de0fef795073f5ea83a81c?s=96&d=mm&r=g","caption":"La Gu\u00eda de Pamplona"}}]}},"post_mailing_queue_ids":[],"_links":{"self":[{"href":"https:\/\/www.laguiadepamplona.com\/actualidad\/wp-json\/wp\/v2\/posts\/36331","targetHints":{"allow":["GET"]}}],"collection":[{"href":"https:\/\/www.laguiadepamplona.com\/actualidad\/wp-json\/wp\/v2\/posts"}],"about":[{"href":"https:\/\/www.laguiadepamplona.com\/actualidad\/wp-json\/wp\/v2\/types\/post"}],"author":[{"embeddable":true,"href":"https:\/\/www.laguiadepamplona.com\/actualidad\/wp-json\/wp\/v2\/users\/1"}],"replies":[{"embeddable":true,"href":"https:\/\/www.laguiadepamplona.com\/actualidad\/wp-json\/wp\/v2\/comments?post=36331"}],"version-history":[{"count":0,"href":"https:\/\/www.laguiadepamplona.com\/actualidad\/wp-json\/wp\/v2\/posts\/36331\/revisions"}],"wp:featuredmedia":[{"embeddable":true,"href":"https:\/\/www.laguiadepamplona.com\/actualidad\/wp-json\/wp\/v2\/media\/36332"}],"wp:attachment":[{"href":"https:\/\/www.laguiadepamplona.com\/actualidad\/wp-json\/wp\/v2\/media?parent=36331"}],"wp:term":[{"taxonomy":"category","embeddable":true,"href":"https:\/\/www.laguiadepamplona.com\/actualidad\/wp-json\/wp\/v2\/categories?post=36331"},{"taxonomy":"post_tag","embeddable":true,"href":"https:\/\/www.laguiadepamplona.com\/actualidad\/wp-json\/wp\/v2\/tags?post=36331"}],"curies":[{"name":"wp","href":"https:\/\/api.w.org\/{rel}","templated":true}]}}