{"id":36329,"date":"2021-08-27T12:08:17","date_gmt":"2021-08-27T10:08:17","guid":{"rendered":"https:\/\/www.laguiadepamplona.com\/actualidad\/?p=36329"},"modified":"2023-04-11T11:49:03","modified_gmt":"2023-04-11T09:49:03","slug":"el-ayuntamiento-de-pamplona-colocara-la-instalacion-fotovoltaica-con-mas-potencia-de-la-ciudad-en-el-c-p-el-lago-mendillorri","status":"publish","type":"post","link":"https:\/\/www.laguiadepamplona.com\/actualidad\/el-ayuntamiento-de-pamplona-colocara-la-instalacion-fotovoltaica-con-mas-potencia-de-la-ciudad-en-el-c-p-el-lago-mendillorri\/","title":{"rendered":"El Ayuntamiento de Pamplona colocar\u00e1 la instalaci\u00f3n fotovoltaica con m\u00e1s potencia de la ciudad en el C.P. El Lago Mendillorri"},"content":{"rendered":"<h5>Contin\u00faa abierta la <a href=\"https:\/\/sedeelectronica.pamplona.es\/FichaTramite.aspx?id=PL1000072&amp;idioma=1\" target=\"_blank\" rel=\"noopener\">Convocatoria de Subvenciones Instalaci\u00f3n Placas Solares Autoconsumo<\/a> para el \u00e1mbito privado con 10.000 euros a\u00fan disponibles<\/h5>\n<p><!--more--><\/p>\n<p>El Ayuntamiento de Pamplona ha aprobado la colocaci\u00f3n de una instalaci\u00f3n fotovoltaica en el C.P. El Lago Mendillorri que se convertir\u00e1 en la de m\u00e1s potencia de la ciudad junto con la de la Estaci\u00f3n de Autobuses. Va a servir de base para la primera comunidad energ\u00e9tica puesta en marcha por el Ayuntamiento y en la que ya se est\u00e1 trabajando. La Junta de Gobierno Local tambi\u00e9n ha aprobado la adjudicaci\u00f3n de los trabajos de otra instalaci\u00f3n fotovoltaica en San Jorge para proveer de energ\u00eda al edificio del Civivox.<\/p>\n<p>En la rueda de prensa de presentaci\u00f3n de ambos proyectos, el concejal delegado de Proyectos Estrat\u00e9gicos, Movilidad y Sostenibilidad, Ferm\u00edn Alonso, tambi\u00e9n ha recordado que, con el mismo objetivo que las otras dos actuaciones, sigue abierta la <a href=\"https:\/\/sedeelectronica.pamplona.es\/FichaTramite.aspx?id=PL1000072&amp;idioma=1\" target=\"_blank\" rel=\"noopener\">Convocatoria de Subvenciones Instalaci\u00f3n Placas Solares Autoconsumo<\/a> destinadas al \u00e1mbito privado. Est\u00e1 dotada con 30.000 euros y cuenta a\u00fan con 10.000 euros disponibles aproximadamente.<\/p>\n<p><script async src=\"\/\/pagead2.googlesyndication.com\/pagead\/js\/adsbygoogle.js\"><\/script><br \/>\n<!-- Noticias La Guia de Pamplona --><br \/>\n<ins class=\"adsbygoogle\"\nstyle=\"display:block\"\ndata-ad-client=\"ca-pub-6943679897239327\"\ndata-ad-slot=\"7048180777\"\ndata-ad-format=\"auto\"><\/ins><br \/>\n<script>\n(adsbygoogle = window.adsbygoogle || []).push({});\n<\/script><\/p>\n<p><strong>Generaci\u00f3n renovable local como medida de reducci\u00f3n de emisiones<\/strong><\/p>\n<p>La producci\u00f3n de energ\u00eda el\u00e9ctrica solar en modalidad de autoconsumo es una energ\u00eda totalmente renovable, sin emisiones y que, por tanto, reduce el impacto en el cambio clim\u00e1tico de la demanda energ\u00e9tica de estos edificios. Los excedentes de producci\u00f3n en las dos instalaciones presentadas pueden ser compartidos con otros consumidores (otros edificios, viviendas, etc.), o inyectados a la red el\u00e9ctrica (y compensados en la factura el\u00e9ctrica).<\/p>\n<p>El Consistorio cuenta en estos momentos con 31 instalaciones con una potencia instalada de 411 KW que aumentar\u00e1 un 30% con estas dos nuevas. Pueden consultarse en la web, en la p\u00e1gina \u2018<a href=\"https:\/\/www.pamplona.es\/agenciaenergetica\/generacion-renovable\" target=\"_blank\" rel=\"noopener\">Instalaciones fotovoltaicas municipales<\/a>\u2019.<\/p>\n<p>La puesta en marcha del nuevo barrio solar de Mendillorri se lleva a cabo tras el acuerdo presupuestario entre los grupos de Navarra Suma y Socialistas del Ayuntamiento de Pamplona. Todas las actuaciones se enmarcan en la estrategia municipal \u2018Go Green Pamplona\u2019 que engloba las acciones en materia de sostenibilidad ambiental y lucha contra el cambio clim\u00e1tico que desarrolla la ciudad.<\/p>\n<p>El desarrollo de estas instalaciones ha despuntado claramente en la ciudad desde el a\u00f1o pasado gracias al apoyo del Ayuntamiento como puede observarse en la informaci\u00f3n disponible en la web de la Agencia Energ\u00e9tica en el apartado \u2018<a href=\"https:\/\/www.pamplona.es\/agenciaenergetica\/autoconsumo#anchor0\" target=\"_blank\" rel=\"noopener\">Autoconsumo en la ciudad\u2019<\/a>. Hasta 2019 hab\u00eda instalados 584 kW, en 2020 se ascendi\u00f3 hasta 632 kW y hasta agosto de este a\u00f1o se ha llegado a 177 kW, aunque hay muchos m\u00e1s kW en desarrollo actualmente.<\/p>\n<p>Tanto las instalaciones que se desarrollar\u00e1n en edificios municipales, como las ayudas a instalaciones de autoconsumo en la ciudad se enmarcan en el Objetivo Estrat\u00e9gico 2 de la reci\u00e9n presentada <a href=\"https:\/\/www.pamplona.es\/agenciaenergetica\/estrategia-transicion-energetica-y-cambio-climatico-2030\" target=\"_blank\" rel=\"noopener\">Estrategia de Transici\u00f3n Energ\u00e9tica y Cambio Clim\u00e1tico 2030<\/a> de la ciudad. En concreto, en la L\u00ednea Estrat\u00e9gica 5 que define el desarrollo de la generaci\u00f3n renovable distribuida en la ciudad con el objetivo de alcanzar un 37% de Energ\u00edas Renovables en la demanda energ\u00e9tica de la ciudad.<\/p>\n<p><script async src=\"\/\/pagead2.googlesyndication.com\/pagead\/js\/adsbygoogle.js\"><\/script><br \/>\n<!-- Noticias La Guia de Pamplona --><br \/>\n<ins class=\"adsbygoogle\"\nstyle=\"display:block\"\ndata-ad-client=\"ca-pub-6943679897239327\"\ndata-ad-slot=\"7048180777\"\ndata-ad-format=\"auto\"><\/ins><br \/>\n<script>\n(adsbygoogle = window.adsbygoogle || []).push({});\n<\/script><\/p>\n<p><strong>Ahorro econ\u00f3mico de unos 16.000 euros al a\u00f1o<\/strong><\/p>\n<p>La Junta de Gobierno Local ha aprobado la adjudicaci\u00f3n del proyecto y de la ejecuci\u00f3n de las obras del C.P. El Lago de Mendillorri, un proyecto que conlleva una nueva instalaci\u00f3n de generaci\u00f3n fotovoltaica para autoconsumo compartido de 99 KWn\/101 kWn con conexi\u00f3n a trav\u00e9s de la red p\u00fablica. Est\u00e1 previsto que la instalaci\u00f3n genere de media anual 109.498 Kwp.<\/p>\n<p>El valor econ\u00f3mico de esta energ\u00eda puede suponer m\u00e1s de 16.000 euros anuales, valor final que depender\u00e1 de los costes de la energ\u00eda el\u00e9ctrica y c\u00f3mo aprovechen esta energ\u00eda los autoconsumidores que participen en la comunidad energ\u00e9tica. La adjudicaci\u00f3n ha sido a favor de Metallbauen Solar S.L. por un importe de 77.576 euros. El proyecto y la direcci\u00f3n de la obra corre a cargo de GE Asociados.<\/p>\n<p>La instalaci\u00f3n se situar\u00e1 sobre el techo del edificio en las cubiertas de los bloques Norte y Este en el edificio situado en la calle del Lago, 4. El campo fotovoltaico transformar\u00e1 la energ\u00eda del sol en energ\u00eda el\u00e9ctrica. Para ello se colocar\u00e1n 192 m\u00f3dulos fotovoltaicos conectados entre s\u00ed de 530 Wp que tienen garant\u00eda de producci\u00f3n de 25 a\u00f1os al 95%. Para garantizar la sostenibilidad del proyecto, el fabricante de la estructura ser\u00e1 de una zona cercana para minimizar la huella de carbono. Adem\u00e1s, se pondr\u00e1n tres inversores de conexi\u00f3n a red del fabricante navarro Ingeteam, de 33 kW de potencia nominal para alcanzar un autoconsumo de 99 kW.<\/p>\n<p>Asimismo, se colocar\u00e1 un sistema de monitorizaci\u00f3n al que se vertir\u00e1n todos los datos de producci\u00f3n y gesti\u00f3n de alarmas. La informaci\u00f3n se trasladar\u00e1 a una pantalla divulgativa para que la comunidad escolar conozca el funcionamiento y tome conciencia sobre la importancia de las energ\u00edas renovables.<\/p>\n<p>El edificio cuenta con una instalaci\u00f3n de generaci\u00f3n fotovoltaica con vertido a red que se mantendr\u00e1 operativa reubic\u00e1ndose en otra parte de la cubierta. Sus datos tambi\u00e9n se incorporar\u00e1n al sistema de monitorizaci\u00f3n de la nueva instalaci\u00f3n.<\/p>\n<p><script async src=\"\/\/pagead2.googlesyndication.com\/pagead\/js\/adsbygoogle.js\"><\/script><br \/>\n<!-- Noticias La Guia de Pamplona --><br \/>\n<ins class=\"adsbygoogle\"\nstyle=\"display:block\"\ndata-ad-client=\"ca-pub-6943679897239327\"\ndata-ad-slot=\"7048180777\"\ndata-ad-format=\"auto\"><\/ins><br \/>\n<script>\n(adsbygoogle = window.adsbygoogle || []).push({});\n<\/script><\/p>\n<p><strong>Aprovechar la energ\u00eda solar y crear un espacio de estancia m\u00e1s amigable<\/strong><\/p>\n<p>La Agencia Energ\u00e9tica Municipal tambi\u00e9n ha impulsado la colocaci\u00f3n de una instalaci\u00f3n solar fotovoltaica en la p\u00e9rgola anexa al Civivox San Jorge de 31,7 KWp\/25 kWn que generar\u00e1 38.500 kWh. Esta energ\u00eda generada tendr\u00e1 un valor de entorno 6.000 euros, tambi\u00e9n dependiente del valor de la energ\u00eda el\u00e9ctrica y el porcentaje de autoconsumo directo respecto a los excedentes vertidos a la red.<\/p>\n<p>Los trabajos los llevar\u00e1 a cabo Eos Ingenier\u00eda S.L. con una inversi\u00f3n de 42.874,22 euros. Ser\u00e1 una instalaci\u00f3n de 72 m\u00f3dulos y un inversor que dar\u00e1 energ\u00eda al centro c\u00edvico reduciendo su dependencia energ\u00e9tica externa en un 13%. El proyecto es obra de Xabier Zubialde Legarreta, Energ\u00eda, Ingenier\u00eda y Sostenibilidad.<\/p>\n<p>Adem\u00e1s del impulsar la utilizaci\u00f3n de energ\u00eda renovable, los trabajos conllevar\u00e1n la creaci\u00f3n de una nueva zona cubierta y de sombra que podr\u00e1 convertirse en un espacio de estancia m\u00e1s acogedor que el actual, ampliando su uso a momentos de altas temperaturas o de lluvia. La marquesina cubre una superficie de 215 m<sup>2<\/sup> a una altura de unos 4 metros que actualmente no cuenta con cubrimiento. El espacio con bancos y cerca de un parque infantil mejorar\u00e1 su funcionalidad pensando en las personas y el uso del espacio p\u00fablico, adem\u00e1s, en el aprovechamiento de la energ\u00eda solar.<\/p>\n<p>La estabilidad de la p\u00e9rgola de madera que servir\u00e1 como soporte de la instalaci\u00f3n ser\u00e1 verificada y actualizada. Adem\u00e1s, se van a llevar a cabo trabajos de mantenimiento completo de la estructura. En el desarrollo de la instalaci\u00f3n, al igual que en la de Mendillorri, se trabajar\u00e1 con proveedores cercanos.<\/p>\n<p><script async src=\"\/\/pagead2.googlesyndication.com\/pagead\/js\/adsbygoogle.js\"><\/script><br \/>\n<!-- Noticias La Guia de Pamplona --><br \/>\n<ins class=\"adsbygoogle\"\nstyle=\"display:block\"\ndata-ad-client=\"ca-pub-6943679897239327\"\ndata-ad-slot=\"7048180777\"\ndata-ad-format=\"auto\"><\/ins><br \/>\n<script>\n(adsbygoogle = window.adsbygoogle || []).push({});\n<\/script><\/p>\n<p><strong>Apoyo a las instalaciones fotovoltaicas particulares<\/strong><\/p>\n<p>El Ayuntamiento de Pamplona mantiene abierta hasta el 31 de octubre la <a href=\"https:\/\/sedeelectronica.pamplona.es\/FichaTramite.aspx?id=PL1000072&amp;idioma=1\" target=\"_blank\" rel=\"noopener\">Convocatoria de Subvenciones Instalaci\u00f3n Placas Solares Autoconsumo<\/a> que apoya las instalaciones fotovoltaicas de consumo individual y de consumo. En el primer caso la ayuda puede ascender a 2.000 euros y en el segundo a 4.000 euros. La realizaci\u00f3n de las instalaciones subvencionables ha de ser ente el 1 de enero y el 31 de octubre de 2021.<\/p>\n<p>Con el objetivo de ayudar al despegue de estas energ\u00edas en edificios privados se ha incrementado en 10.000 euros la partida econ\u00f3mica respecto a la convocatoria del a\u00f1o pasado. El Consistorio comenz\u00f3 a otorgar este tipo de ayuda en 2018 y el pasado a\u00f1o se agotaron por primera vez los 20.000 euros consignados en las subvenciones. Se puede considerar 2020 como el a\u00f1o del despegue de estas instalaciones en el \u00e1mbito privado ya que, las primeras instalaciones comenzaron tras 2015, y con la modificaci\u00f3n de la normativa, en 2019 se inici\u00f3 el registro oficial de este tipo de plantas de generaci\u00f3n (en el que debieron incluirse tambi\u00e9n las realizadas en los a\u00f1os anteriores).<\/p>\n<p>En este ejercicio son ya 9 las instalaciones que han solicitado esta ayuda, quedando todav\u00eda disponible aproximadamente un tercio de la misma. Es destacable que de las 9, dos se realizaron en la modalidad de autoconsumo compartido, modalidad que el a\u00f1o pasado inaugur\u00f3 su primera instalaci\u00f3n en la ciudad apoyada por estas ayudas.<\/p>\n","protected":false},"excerpt":{"rendered":"<p>Contin\u00faa abierta la Convocatoria de Subvenciones Instalaci\u00f3n Placas Solares Autoconsumo para el \u00e1mbito privado con 10.000 euros a\u00fan disponibles<\/p>\n","protected":false},"author":1,"featured_media":28931,"comment_status":"open","ping_status":"closed","sticky":false,"template":"","format":"standard","meta":{"footnotes":""},"categories":[2],"tags":[],"class_list":["post-36329","post","type-post","status-publish","format-standard","has-post-thumbnail","hentry","category-ayuntamiento-pamplona"],"yoast_head":"<!-- This site is optimized with the Yoast SEO plugin v27.5 - https:\/\/yoast.com\/product\/yoast-seo-wordpress\/ -->\n<title>El Ayuntamiento de Pamplona colocar\u00e1 la instalaci\u00f3n fotovoltaica con m\u00e1s potencia de la ciudad en el C.P. El Lago Mendillorri<\/title>\n<meta name=\"description\" content=\"Contin\u00faa abierta la Convocatoria de Subvenciones Instalaci\u00f3n Placas Solares Autoconsumo para el \u00e1mbito privado con 10.000 euros a\u00fan disponibles\" \/>\n<meta name=\"robots\" content=\"index, follow, max-snippet:-1, max-image-preview:large, max-video-preview:-1\" \/>\n<link rel=\"canonical\" href=\"https:\/\/www.laguiadepamplona.com\/actualidad\/el-ayuntamiento-de-pamplona-colocara-la-instalacion-fotovoltaica-con-mas-potencia-de-la-ciudad-en-el-c-p-el-lago-mendillorri\/\" \/>\n<meta property=\"og:locale\" content=\"es_ES\" \/>\n<meta property=\"og:type\" content=\"article\" \/>\n<meta property=\"og:title\" content=\"El Ayuntamiento de Pamplona colocar\u00e1 la instalaci\u00f3n fotovoltaica con m\u00e1s potencia de la ciudad en el C.P. El Lago Mendillorri\" \/>\n<meta property=\"og:description\" content=\"Contin\u00faa abierta la Convocatoria de Subvenciones Instalaci\u00f3n Placas Solares Autoconsumo para el \u00e1mbito privado con 10.000 euros a\u00fan disponibles\" \/>\n<meta property=\"og:url\" content=\"https:\/\/www.laguiadepamplona.com\/actualidad\/el-ayuntamiento-de-pamplona-colocara-la-instalacion-fotovoltaica-con-mas-potencia-de-la-ciudad-en-el-c-p-el-lago-mendillorri\/\" \/>\n<meta property=\"og:site_name\" content=\"La Gu\u00eda de Pamplona\" \/>\n<meta property=\"article:publisher\" content=\"https:\/\/www.facebook.com\/laguiadepamplonacom-133175176762273\/?ref=hl\" \/>\n<meta property=\"article:published_time\" content=\"2021-08-27T10:08:17+00:00\" \/>\n<meta property=\"article:modified_time\" content=\"2023-04-11T09:49:03+00:00\" \/>\n<meta property=\"og:image\" content=\"https:\/\/www.laguiadepamplona.com\/actualidad\/wp-content\/uploads\/2020\/03\/20.03.12_Go_Green_Pamplona_diagnostico_energetico-1.jpg\" \/>\n\t<meta property=\"og:image:width\" content=\"1920\" \/>\n\t<meta property=\"og:image:height\" content=\"1094\" \/>\n\t<meta property=\"og:image:type\" content=\"image\/jpeg\" \/>\n<meta name=\"author\" content=\"La Gu\u00eda de Pamplona\" \/>\n<meta name=\"twitter:card\" content=\"summary_large_image\" \/>\n<meta name=\"twitter:creator\" content=\"@LaGuiadPamplona\" \/>\n<meta name=\"twitter:site\" content=\"@LaGuiadPamplona\" \/>\n<meta name=\"twitter:label1\" content=\"Escrito por\" \/>\n\t<meta name=\"twitter:data1\" content=\"La Gu\u00eda de Pamplona\" \/>\n\t<meta name=\"twitter:label2\" content=\"Tiempo de lectura\" \/>\n\t<meta name=\"twitter:data2\" content=\"6 minutos\" \/>\n<script type=\"application\/ld+json\" class=\"yoast-schema-graph\">{\"@context\":\"https:\\\/\\\/schema.org\",\"@graph\":[{\"@type\":\"Article\",\"@id\":\"https:\\\/\\\/www.laguiadepamplona.com\\\/actualidad\\\/el-ayuntamiento-de-pamplona-colocara-la-instalacion-fotovoltaica-con-mas-potencia-de-la-ciudad-en-el-c-p-el-lago-mendillorri\\\/#article\",\"isPartOf\":{\"@id\":\"https:\\\/\\\/www.laguiadepamplona.com\\\/actualidad\\\/el-ayuntamiento-de-pamplona-colocara-la-instalacion-fotovoltaica-con-mas-potencia-de-la-ciudad-en-el-c-p-el-lago-mendillorri\\\/\"},\"author\":{\"name\":\"La Gu\u00eda de Pamplona\",\"@id\":\"https:\\\/\\\/www.laguiadepamplona.com\\\/actualidad\\\/#\\\/schema\\\/person\\\/efe887376f0213d4657c93adc50b1fdb\"},\"headline\":\"El Ayuntamiento de Pamplona colocar\u00e1 la instalaci\u00f3n fotovoltaica con m\u00e1s potencia de la ciudad en el C.P. El Lago Mendillorri\",\"datePublished\":\"2021-08-27T10:08:17+00:00\",\"dateModified\":\"2023-04-11T09:49:03+00:00\",\"mainEntityOfPage\":{\"@id\":\"https:\\\/\\\/www.laguiadepamplona.com\\\/actualidad\\\/el-ayuntamiento-de-pamplona-colocara-la-instalacion-fotovoltaica-con-mas-potencia-de-la-ciudad-en-el-c-p-el-lago-mendillorri\\\/\"},\"wordCount\":1449,\"commentCount\":0,\"publisher\":{\"@id\":\"https:\\\/\\\/www.laguiadepamplona.com\\\/actualidad\\\/#organization\"},\"image\":{\"@id\":\"https:\\\/\\\/www.laguiadepamplona.com\\\/actualidad\\\/el-ayuntamiento-de-pamplona-colocara-la-instalacion-fotovoltaica-con-mas-potencia-de-la-ciudad-en-el-c-p-el-lago-mendillorri\\\/#primaryimage\"},\"thumbnailUrl\":\"https:\\\/\\\/www.laguiadepamplona.com\\\/actualidad\\\/wp-content\\\/uploads\\\/2020\\\/03\\\/20.03.12_Go_Green_Pamplona_diagnostico_energetico-1.jpg\",\"articleSection\":[\"Ayto Pamplona\"],\"inLanguage\":\"es\",\"potentialAction\":[{\"@type\":\"CommentAction\",\"name\":\"Comment\",\"target\":[\"https:\\\/\\\/www.laguiadepamplona.com\\\/actualidad\\\/el-ayuntamiento-de-pamplona-colocara-la-instalacion-fotovoltaica-con-mas-potencia-de-la-ciudad-en-el-c-p-el-lago-mendillorri\\\/#respond\"]}]},{\"@type\":\"WebPage\",\"@id\":\"https:\\\/\\\/www.laguiadepamplona.com\\\/actualidad\\\/el-ayuntamiento-de-pamplona-colocara-la-instalacion-fotovoltaica-con-mas-potencia-de-la-ciudad-en-el-c-p-el-lago-mendillorri\\\/\",\"url\":\"https:\\\/\\\/www.laguiadepamplona.com\\\/actualidad\\\/el-ayuntamiento-de-pamplona-colocara-la-instalacion-fotovoltaica-con-mas-potencia-de-la-ciudad-en-el-c-p-el-lago-mendillorri\\\/\",\"name\":\"El Ayuntamiento de Pamplona colocar\u00e1 la instalaci\u00f3n fotovoltaica con m\u00e1s potencia de la ciudad en el C.P. El Lago Mendillorri\",\"isPartOf\":{\"@id\":\"https:\\\/\\\/www.laguiadepamplona.com\\\/actualidad\\\/#website\"},\"primaryImageOfPage\":{\"@id\":\"https:\\\/\\\/www.laguiadepamplona.com\\\/actualidad\\\/el-ayuntamiento-de-pamplona-colocara-la-instalacion-fotovoltaica-con-mas-potencia-de-la-ciudad-en-el-c-p-el-lago-mendillorri\\\/#primaryimage\"},\"image\":{\"@id\":\"https:\\\/\\\/www.laguiadepamplona.com\\\/actualidad\\\/el-ayuntamiento-de-pamplona-colocara-la-instalacion-fotovoltaica-con-mas-potencia-de-la-ciudad-en-el-c-p-el-lago-mendillorri\\\/#primaryimage\"},\"thumbnailUrl\":\"https:\\\/\\\/www.laguiadepamplona.com\\\/actualidad\\\/wp-content\\\/uploads\\\/2020\\\/03\\\/20.03.12_Go_Green_Pamplona_diagnostico_energetico-1.jpg\",\"datePublished\":\"2021-08-27T10:08:17+00:00\",\"dateModified\":\"2023-04-11T09:49:03+00:00\",\"description\":\"Contin\u00faa abierta la Convocatoria de Subvenciones Instalaci\u00f3n Placas Solares Autoconsumo para el \u00e1mbito privado con 10.000 euros a\u00fan disponibles\",\"breadcrumb\":{\"@id\":\"https:\\\/\\\/www.laguiadepamplona.com\\\/actualidad\\\/el-ayuntamiento-de-pamplona-colocara-la-instalacion-fotovoltaica-con-mas-potencia-de-la-ciudad-en-el-c-p-el-lago-mendillorri\\\/#breadcrumb\"},\"inLanguage\":\"es\",\"potentialAction\":[{\"@type\":\"ReadAction\",\"target\":[\"https:\\\/\\\/www.laguiadepamplona.com\\\/actualidad\\\/el-ayuntamiento-de-pamplona-colocara-la-instalacion-fotovoltaica-con-mas-potencia-de-la-ciudad-en-el-c-p-el-lago-mendillorri\\\/\"]}]},{\"@type\":\"ImageObject\",\"inLanguage\":\"es\",\"@id\":\"https:\\\/\\\/www.laguiadepamplona.com\\\/actualidad\\\/el-ayuntamiento-de-pamplona-colocara-la-instalacion-fotovoltaica-con-mas-potencia-de-la-ciudad-en-el-c-p-el-lago-mendillorri\\\/#primaryimage\",\"url\":\"https:\\\/\\\/www.laguiadepamplona.com\\\/actualidad\\\/wp-content\\\/uploads\\\/2020\\\/03\\\/20.03.12_Go_Green_Pamplona_diagnostico_energetico-1.jpg\",\"contentUrl\":\"https:\\\/\\\/www.laguiadepamplona.com\\\/actualidad\\\/wp-content\\\/uploads\\\/2020\\\/03\\\/20.03.12_Go_Green_Pamplona_diagnostico_energetico-1.jpg\",\"width\":1920,\"height\":1094},{\"@type\":\"BreadcrumbList\",\"@id\":\"https:\\\/\\\/www.laguiadepamplona.com\\\/actualidad\\\/el-ayuntamiento-de-pamplona-colocara-la-instalacion-fotovoltaica-con-mas-potencia-de-la-ciudad-en-el-c-p-el-lago-mendillorri\\\/#breadcrumb\",\"itemListElement\":[{\"@type\":\"ListItem\",\"position\":1,\"name\":\"Portada\",\"item\":\"https:\\\/\\\/www.laguiadepamplona.com\\\/actualidad\\\/\"},{\"@type\":\"ListItem\",\"position\":2,\"name\":\"El Ayuntamiento de Pamplona colocar\u00e1 la instalaci\u00f3n fotovoltaica con m\u00e1s potencia de la ciudad en el C.P. El Lago Mendillorri\"}]},{\"@type\":\"WebSite\",\"@id\":\"https:\\\/\\\/www.laguiadepamplona.com\\\/actualidad\\\/#website\",\"url\":\"https:\\\/\\\/www.laguiadepamplona.com\\\/actualidad\\\/\",\"name\":\"La gu\u00eda de Pamplona\",\"description\":\"Noticias de Pamplona\",\"publisher\":{\"@id\":\"https:\\\/\\\/www.laguiadepamplona.com\\\/actualidad\\\/#organization\"},\"potentialAction\":[{\"@type\":\"SearchAction\",\"target\":{\"@type\":\"EntryPoint\",\"urlTemplate\":\"https:\\\/\\\/www.laguiadepamplona.com\\\/actualidad\\\/?s={search_term_string}\"},\"query-input\":{\"@type\":\"PropertyValueSpecification\",\"valueRequired\":true,\"valueName\":\"search_term_string\"}}],\"inLanguage\":\"es\"},{\"@type\":\"Organization\",\"@id\":\"https:\\\/\\\/www.laguiadepamplona.com\\\/actualidad\\\/#organization\",\"name\":\"La Gu\u00eda de Pamplona \\\/ Noticias\",\"url\":\"https:\\\/\\\/www.laguiadepamplona.com\\\/actualidad\\\/\",\"logo\":{\"@type\":\"ImageObject\",\"inLanguage\":\"es\",\"@id\":\"https:\\\/\\\/www.laguiadepamplona.com\\\/actualidad\\\/#\\\/schema\\\/logo\\\/image\\\/\",\"url\":\"https:\\\/\\\/www.laguiadepamplona.com\\\/actualidad\\\/wp-content\\\/uploads\\\/2018\\\/11\\\/logo-laguiadepamplona18-web1.png\",\"contentUrl\":\"https:\\\/\\\/www.laguiadepamplona.com\\\/actualidad\\\/wp-content\\\/uploads\\\/2018\\\/11\\\/logo-laguiadepamplona18-web1.png\",\"width\":600,\"height\":196,\"caption\":\"La Gu\u00eda de Pamplona \\\/ Noticias\"},\"image\":{\"@id\":\"https:\\\/\\\/www.laguiadepamplona.com\\\/actualidad\\\/#\\\/schema\\\/logo\\\/image\\\/\"},\"sameAs\":[\"https:\\\/\\\/www.facebook.com\\\/laguiadepamplonacom-133175176762273\\\/?ref=hl\",\"https:\\\/\\\/x.com\\\/LaGuiadPamplona\",\"https:\\\/\\\/www.instagram.com\\\/la_guia_de_pamplona\\\/\",\"https:\\\/\\\/www.youtube.com\\\/user\\\/laguiadepamplona\"]},{\"@type\":\"Person\",\"@id\":\"https:\\\/\\\/www.laguiadepamplona.com\\\/actualidad\\\/#\\\/schema\\\/person\\\/efe887376f0213d4657c93adc50b1fdb\",\"name\":\"La Gu\u00eda de Pamplona\",\"image\":{\"@type\":\"ImageObject\",\"inLanguage\":\"es\",\"@id\":\"https:\\\/\\\/secure.gravatar.com\\\/avatar\\\/b6992f131dc8d30ab0dff15446e9d346d9dbd95992de0fef795073f5ea83a81c?s=96&d=mm&r=g\",\"url\":\"https:\\\/\\\/secure.gravatar.com\\\/avatar\\\/b6992f131dc8d30ab0dff15446e9d346d9dbd95992de0fef795073f5ea83a81c?s=96&d=mm&r=g\",\"contentUrl\":\"https:\\\/\\\/secure.gravatar.com\\\/avatar\\\/b6992f131dc8d30ab0dff15446e9d346d9dbd95992de0fef795073f5ea83a81c?s=96&d=mm&r=g\",\"caption\":\"La Gu\u00eda de Pamplona\"}}]}<\/script>\n<!-- \/ Yoast SEO plugin. -->","yoast_head_json":{"title":"El Ayuntamiento de Pamplona colocar\u00e1 la instalaci\u00f3n fotovoltaica con m\u00e1s potencia de la ciudad en el C.P. El Lago Mendillorri","description":"Contin\u00faa abierta la Convocatoria de Subvenciones Instalaci\u00f3n Placas Solares Autoconsumo para el \u00e1mbito privado con 10.000 euros a\u00fan disponibles","robots":{"index":"index","follow":"follow","max-snippet":"max-snippet:-1","max-image-preview":"max-image-preview:large","max-video-preview":"max-video-preview:-1"},"canonical":"https:\/\/www.laguiadepamplona.com\/actualidad\/el-ayuntamiento-de-pamplona-colocara-la-instalacion-fotovoltaica-con-mas-potencia-de-la-ciudad-en-el-c-p-el-lago-mendillorri\/","og_locale":"es_ES","og_type":"article","og_title":"El Ayuntamiento de Pamplona colocar\u00e1 la instalaci\u00f3n fotovoltaica con m\u00e1s potencia de la ciudad en el C.P. El Lago Mendillorri","og_description":"Contin\u00faa abierta la Convocatoria de Subvenciones Instalaci\u00f3n Placas Solares Autoconsumo para el \u00e1mbito privado con 10.000 euros a\u00fan disponibles","og_url":"https:\/\/www.laguiadepamplona.com\/actualidad\/el-ayuntamiento-de-pamplona-colocara-la-instalacion-fotovoltaica-con-mas-potencia-de-la-ciudad-en-el-c-p-el-lago-mendillorri\/","og_site_name":"La Gu\u00eda de Pamplona","article_publisher":"https:\/\/www.facebook.com\/laguiadepamplonacom-133175176762273\/?ref=hl","article_published_time":"2021-08-27T10:08:17+00:00","article_modified_time":"2023-04-11T09:49:03+00:00","og_image":[{"width":1920,"height":1094,"url":"https:\/\/www.laguiadepamplona.com\/actualidad\/wp-content\/uploads\/2020\/03\/20.03.12_Go_Green_Pamplona_diagnostico_energetico-1.jpg","type":"image\/jpeg"}],"author":"La Gu\u00eda de Pamplona","twitter_card":"summary_large_image","twitter_creator":"@LaGuiadPamplona","twitter_site":"@LaGuiadPamplona","twitter_misc":{"Escrito por":"La Gu\u00eda de Pamplona","Tiempo de lectura":"6 minutos"},"schema":{"@context":"https:\/\/schema.org","@graph":[{"@type":"Article","@id":"https:\/\/www.laguiadepamplona.com\/actualidad\/el-ayuntamiento-de-pamplona-colocara-la-instalacion-fotovoltaica-con-mas-potencia-de-la-ciudad-en-el-c-p-el-lago-mendillorri\/#article","isPartOf":{"@id":"https:\/\/www.laguiadepamplona.com\/actualidad\/el-ayuntamiento-de-pamplona-colocara-la-instalacion-fotovoltaica-con-mas-potencia-de-la-ciudad-en-el-c-p-el-lago-mendillorri\/"},"author":{"name":"La Gu\u00eda de Pamplona","@id":"https:\/\/www.laguiadepamplona.com\/actualidad\/#\/schema\/person\/efe887376f0213d4657c93adc50b1fdb"},"headline":"El Ayuntamiento de Pamplona colocar\u00e1 la instalaci\u00f3n fotovoltaica con m\u00e1s potencia de la ciudad en el C.P. El Lago Mendillorri","datePublished":"2021-08-27T10:08:17+00:00","dateModified":"2023-04-11T09:49:03+00:00","mainEntityOfPage":{"@id":"https:\/\/www.laguiadepamplona.com\/actualidad\/el-ayuntamiento-de-pamplona-colocara-la-instalacion-fotovoltaica-con-mas-potencia-de-la-ciudad-en-el-c-p-el-lago-mendillorri\/"},"wordCount":1449,"commentCount":0,"publisher":{"@id":"https:\/\/www.laguiadepamplona.com\/actualidad\/#organization"},"image":{"@id":"https:\/\/www.laguiadepamplona.com\/actualidad\/el-ayuntamiento-de-pamplona-colocara-la-instalacion-fotovoltaica-con-mas-potencia-de-la-ciudad-en-el-c-p-el-lago-mendillorri\/#primaryimage"},"thumbnailUrl":"https:\/\/www.laguiadepamplona.com\/actualidad\/wp-content\/uploads\/2020\/03\/20.03.12_Go_Green_Pamplona_diagnostico_energetico-1.jpg","articleSection":["Ayto Pamplona"],"inLanguage":"es","potentialAction":[{"@type":"CommentAction","name":"Comment","target":["https:\/\/www.laguiadepamplona.com\/actualidad\/el-ayuntamiento-de-pamplona-colocara-la-instalacion-fotovoltaica-con-mas-potencia-de-la-ciudad-en-el-c-p-el-lago-mendillorri\/#respond"]}]},{"@type":"WebPage","@id":"https:\/\/www.laguiadepamplona.com\/actualidad\/el-ayuntamiento-de-pamplona-colocara-la-instalacion-fotovoltaica-con-mas-potencia-de-la-ciudad-en-el-c-p-el-lago-mendillorri\/","url":"https:\/\/www.laguiadepamplona.com\/actualidad\/el-ayuntamiento-de-pamplona-colocara-la-instalacion-fotovoltaica-con-mas-potencia-de-la-ciudad-en-el-c-p-el-lago-mendillorri\/","name":"El Ayuntamiento de Pamplona colocar\u00e1 la instalaci\u00f3n fotovoltaica con m\u00e1s potencia de la ciudad en el C.P. El Lago Mendillorri","isPartOf":{"@id":"https:\/\/www.laguiadepamplona.com\/actualidad\/#website"},"primaryImageOfPage":{"@id":"https:\/\/www.laguiadepamplona.com\/actualidad\/el-ayuntamiento-de-pamplona-colocara-la-instalacion-fotovoltaica-con-mas-potencia-de-la-ciudad-en-el-c-p-el-lago-mendillorri\/#primaryimage"},"image":{"@id":"https:\/\/www.laguiadepamplona.com\/actualidad\/el-ayuntamiento-de-pamplona-colocara-la-instalacion-fotovoltaica-con-mas-potencia-de-la-ciudad-en-el-c-p-el-lago-mendillorri\/#primaryimage"},"thumbnailUrl":"https:\/\/www.laguiadepamplona.com\/actualidad\/wp-content\/uploads\/2020\/03\/20.03.12_Go_Green_Pamplona_diagnostico_energetico-1.jpg","datePublished":"2021-08-27T10:08:17+00:00","dateModified":"2023-04-11T09:49:03+00:00","description":"Contin\u00faa abierta la Convocatoria de Subvenciones Instalaci\u00f3n Placas Solares Autoconsumo para el \u00e1mbito privado con 10.000 euros a\u00fan disponibles","breadcrumb":{"@id":"https:\/\/www.laguiadepamplona.com\/actualidad\/el-ayuntamiento-de-pamplona-colocara-la-instalacion-fotovoltaica-con-mas-potencia-de-la-ciudad-en-el-c-p-el-lago-mendillorri\/#breadcrumb"},"inLanguage":"es","potentialAction":[{"@type":"ReadAction","target":["https:\/\/www.laguiadepamplona.com\/actualidad\/el-ayuntamiento-de-pamplona-colocara-la-instalacion-fotovoltaica-con-mas-potencia-de-la-ciudad-en-el-c-p-el-lago-mendillorri\/"]}]},{"@type":"ImageObject","inLanguage":"es","@id":"https:\/\/www.laguiadepamplona.com\/actualidad\/el-ayuntamiento-de-pamplona-colocara-la-instalacion-fotovoltaica-con-mas-potencia-de-la-ciudad-en-el-c-p-el-lago-mendillorri\/#primaryimage","url":"https:\/\/www.laguiadepamplona.com\/actualidad\/wp-content\/uploads\/2020\/03\/20.03.12_Go_Green_Pamplona_diagnostico_energetico-1.jpg","contentUrl":"https:\/\/www.laguiadepamplona.com\/actualidad\/wp-content\/uploads\/2020\/03\/20.03.12_Go_Green_Pamplona_diagnostico_energetico-1.jpg","width":1920,"height":1094},{"@type":"BreadcrumbList","@id":"https:\/\/www.laguiadepamplona.com\/actualidad\/el-ayuntamiento-de-pamplona-colocara-la-instalacion-fotovoltaica-con-mas-potencia-de-la-ciudad-en-el-c-p-el-lago-mendillorri\/#breadcrumb","itemListElement":[{"@type":"ListItem","position":1,"name":"Portada","item":"https:\/\/www.laguiadepamplona.com\/actualidad\/"},{"@type":"ListItem","position":2,"name":"El Ayuntamiento de Pamplona colocar\u00e1 la instalaci\u00f3n fotovoltaica con m\u00e1s potencia de la ciudad en el C.P. El Lago Mendillorri"}]},{"@type":"WebSite","@id":"https:\/\/www.laguiadepamplona.com\/actualidad\/#website","url":"https:\/\/www.laguiadepamplona.com\/actualidad\/","name":"La gu\u00eda de Pamplona","description":"Noticias de Pamplona","publisher":{"@id":"https:\/\/www.laguiadepamplona.com\/actualidad\/#organization"},"potentialAction":[{"@type":"SearchAction","target":{"@type":"EntryPoint","urlTemplate":"https:\/\/www.laguiadepamplona.com\/actualidad\/?s={search_term_string}"},"query-input":{"@type":"PropertyValueSpecification","valueRequired":true,"valueName":"search_term_string"}}],"inLanguage":"es"},{"@type":"Organization","@id":"https:\/\/www.laguiadepamplona.com\/actualidad\/#organization","name":"La Gu\u00eda de Pamplona \/ Noticias","url":"https:\/\/www.laguiadepamplona.com\/actualidad\/","logo":{"@type":"ImageObject","inLanguage":"es","@id":"https:\/\/www.laguiadepamplona.com\/actualidad\/#\/schema\/logo\/image\/","url":"https:\/\/www.laguiadepamplona.com\/actualidad\/wp-content\/uploads\/2018\/11\/logo-laguiadepamplona18-web1.png","contentUrl":"https:\/\/www.laguiadepamplona.com\/actualidad\/wp-content\/uploads\/2018\/11\/logo-laguiadepamplona18-web1.png","width":600,"height":196,"caption":"La Gu\u00eda de Pamplona \/ Noticias"},"image":{"@id":"https:\/\/www.laguiadepamplona.com\/actualidad\/#\/schema\/logo\/image\/"},"sameAs":["https:\/\/www.facebook.com\/laguiadepamplonacom-133175176762273\/?ref=hl","https:\/\/x.com\/LaGuiadPamplona","https:\/\/www.instagram.com\/la_guia_de_pamplona\/","https:\/\/www.youtube.com\/user\/laguiadepamplona"]},{"@type":"Person","@id":"https:\/\/www.laguiadepamplona.com\/actualidad\/#\/schema\/person\/efe887376f0213d4657c93adc50b1fdb","name":"La Gu\u00eda de Pamplona","image":{"@type":"ImageObject","inLanguage":"es","@id":"https:\/\/secure.gravatar.com\/avatar\/b6992f131dc8d30ab0dff15446e9d346d9dbd95992de0fef795073f5ea83a81c?s=96&d=mm&r=g","url":"https:\/\/secure.gravatar.com\/avatar\/b6992f131dc8d30ab0dff15446e9d346d9dbd95992de0fef795073f5ea83a81c?s=96&d=mm&r=g","contentUrl":"https:\/\/secure.gravatar.com\/avatar\/b6992f131dc8d30ab0dff15446e9d346d9dbd95992de0fef795073f5ea83a81c?s=96&d=mm&r=g","caption":"La Gu\u00eda de Pamplona"}}]}},"post_mailing_queue_ids":[],"_links":{"self":[{"href":"https:\/\/www.laguiadepamplona.com\/actualidad\/wp-json\/wp\/v2\/posts\/36329","targetHints":{"allow":["GET"]}}],"collection":[{"href":"https:\/\/www.laguiadepamplona.com\/actualidad\/wp-json\/wp\/v2\/posts"}],"about":[{"href":"https:\/\/www.laguiadepamplona.com\/actualidad\/wp-json\/wp\/v2\/types\/post"}],"author":[{"embeddable":true,"href":"https:\/\/www.laguiadepamplona.com\/actualidad\/wp-json\/wp\/v2\/users\/1"}],"replies":[{"embeddable":true,"href":"https:\/\/www.laguiadepamplona.com\/actualidad\/wp-json\/wp\/v2\/comments?post=36329"}],"version-history":[{"count":0,"href":"https:\/\/www.laguiadepamplona.com\/actualidad\/wp-json\/wp\/v2\/posts\/36329\/revisions"}],"wp:featuredmedia":[{"embeddable":true,"href":"https:\/\/www.laguiadepamplona.com\/actualidad\/wp-json\/wp\/v2\/media\/28931"}],"wp:attachment":[{"href":"https:\/\/www.laguiadepamplona.com\/actualidad\/wp-json\/wp\/v2\/media?parent=36329"}],"wp:term":[{"taxonomy":"category","embeddable":true,"href":"https:\/\/www.laguiadepamplona.com\/actualidad\/wp-json\/wp\/v2\/categories?post=36329"},{"taxonomy":"post_tag","embeddable":true,"href":"https:\/\/www.laguiadepamplona.com\/actualidad\/wp-json\/wp\/v2\/tags?post=36329"}],"curies":[{"name":"wp","href":"https:\/\/api.w.org\/{rel}","templated":true}]}}