{"id":36318,"date":"2021-08-26T17:08:47","date_gmt":"2021-08-26T15:08:47","guid":{"rendered":"https:\/\/www.laguiadepamplona.com\/actualidad\/?p=36318"},"modified":"2023-04-11T11:49:03","modified_gmt":"2023-04-11T09:49:03","slug":"mas-de-40-grupos-artisticos-no-profesionales-incluidos-en-el-catalogo-municipal-estan-presentando-sus-trabajos-hasta-el-30-de-septiembre-en-todos-los-barrios-de-la-ciudad","status":"publish","type":"post","link":"https:\/\/www.laguiadepamplona.com\/actualidad\/mas-de-40-grupos-artisticos-no-profesionales-incluidos-en-el-catalogo-municipal-estan-presentando-sus-trabajos-hasta-el-30-de-septiembre-en-todos-los-barrios-de-la-ciudad\/","title":{"rendered":"M\u00e1s de 40 grupos art\u00edsticos no profesionales incluidos en el cat\u00e1logo municipal est\u00e1n presentando sus trabajos hasta el 30 de septiembre en todos los barrios de la ciudad"},"content":{"rendered":"<h5>A la actuaci\u00f3n de hoy de Gaiteros Erreniega siguen las de Ortzadar, Gaztelumendi Mendillorriko Konpartsa o Roberto Urrutia y Corrientes navarras<\/h5>\n<p><!--more--><\/p>\n<p>El Ayuntamiento de Pamplona ha organizado un nuevo programa cultural para este verano en el que est\u00e1n participando m\u00e1s de 40 grupos art\u00edsticos locales no profesionales incluidos en el cat\u00e1logo municipal. Del 7 de julio al 30 de septiembre est\u00e1n presentando sus trabajos en actuaciones que tienen lugar en calles y plazas repartidas por todos los barrios de la ciudad.<\/p>\n<p><strong>Entre las propuestas, hay conciertos de m\u00fasica folcl\u00f3rica y tradicional, actuaciones de danza y representaciones teatrales. <\/strong>Los espect\u00e1culos son siempre a las 19.30 horas con acceso libre, teniendo en cuenta las medidas de seguridad actuales por la crisis sanitaria.<\/p>\n<p>Este nuevo programa cumple varios objetivos como apoyar a los grupos art\u00edsticos en un a\u00f1o en el que han tenido dificultad para realizar las actuaciones que habitualmente llevan a cabo durante el curso; visibilizar la cultura popular; animar y dinamizar los espacios p\u00fablicos y acercar la cultura a todos los barrios y a toda la poblaci\u00f3n de Pamplona.<\/p>\n<p>La actuaci\u00f3n de hoy corre a cargo de Gaiteros Erreniega y tiene lugar en la plaza Manuel Turrillas en Azpilaga\u00f1a. Viernes y s\u00e1bado Ortzadar ser\u00e1 el grupo protagonista: ma\u00f1ana en el Paseo Santa Luc\u00eda junto al parque infantil en Buztintxuri y al d\u00eda siguiente en la Plaza Doctor Gortari de San Jorge. La pr\u00f3xima semana actuar\u00e1n Gaztelumendi Mendillorriko Konpartsa Mendillorri lunes y martes, Gaiteros Donibane el martes, Roberto Urrutia y Corrientes navarras el viernes y Gartxot de Apilaga\u00f1a el s\u00e1bado.<\/p>\n<p><script async src=\"\/\/pagead2.googlesyndication.com\/pagead\/js\/adsbygoogle.js\"><\/script><br \/>\n<!-- Noticias La Guia de Pamplona --><br \/>\n<ins class=\"adsbygoogle\"\nstyle=\"display:block\"\ndata-ad-client=\"ca-pub-6943679897239327\"\ndata-ad-slot=\"7048180777\"\ndata-ad-format=\"auto\"><\/ins><br \/>\n<script>\n(adsbygoogle = window.adsbygoogle || []).push({});\n<\/script><\/p>\n<p><strong>91 grupos en el cat\u00e1logo municipal de grupos art\u00edsticos no profesionales<\/strong><\/p>\n<p>El cat\u00e1logo municipal de grupos art\u00edsticos no profesionales cuenta en estos momentos con 91 grupos. De ellos, 15 son corales, 14 compa\u00f1\u00edas de teatro, la misma cifra de gaiteros y txistularis, 13 grupos de danzas, 10 formaciones de animaci\u00f3n calle (comparsas, toricos\u2026), 9 fanfarres y charangas, 3 grupos de m\u00fasica cl\u00e1sica y 2 de instrumentos tradicionales. La lista se completa con 11 formaciones bajo el ep\u00edgrafe de \u2018Otros conjuntos musicales.<\/p>\n<p>Para poder formar parte del cat\u00e1logo, entre los requisitos se encuentran que la entidad est\u00e9 legalmente constituida, no sea profesional, cuente con el domicilio social y fiscal en Pamplona y se halle al corriente en el cumplimiento de sus obligaciones fiscales y de Seguridad Social.<\/p>\n<p>El Ayuntamiento de Pamplona pone a disposici\u00f3n de asociaciones y entidades las actuaciones de los grupos incluidos en el cat\u00e1logo para sus ciclos culturales o para sus celebraciones. El cachet, establecido para cada grupo seg\u00fan el tipo de actividad, es asumido por el Consistorio pamplon\u00e9s. Cada formaci\u00f3n puede tener como m\u00e1ximo dos actuaciones al a\u00f1o.<\/p>\n<p><script async src=\"\/\/pagead2.googlesyndication.com\/pagead\/js\/adsbygoogle.js\"><\/script><br \/>\n<!-- Noticias La Guia de Pamplona --><br \/>\n<ins class=\"adsbygoogle\"\nstyle=\"display:block\"\ndata-ad-client=\"ca-pub-6943679897239327\"\ndata-ad-slot=\"7048180777\"\ndata-ad-format=\"auto\"><\/ins><br \/>\n<script>\n(adsbygoogle = window.adsbygoogle || []).push({});\n<\/script><\/p>\n<p>&nbsp;<\/p>\n<h3>Actuaciones art\u00edsticas de verano de los grupos del cat\u00e1logo municipal. 19.30 horas<\/h3>\n<ul>\n<li>26 agosto. Gaiteros Erreniega. Azpilaga\u00f1a. Plaza Manuel Turrillas<\/li>\n<li>27 agosto. Danzas o Fanfarre Ortzadar. Buztintxuri. Paseo Santa Luc\u00eda junto al parque infantil<\/li>\n<li>28 agosto. Danzas o Fanfarre Ortzadar. San Jorge. Plaza Doctor Gortari (junto a Civivox)<\/li>\n<li>30 agosto. Gaztelumendi Mendillorriko Konpartsa Mendillorri. Junto a Civivox)<\/li>\n<li>31 agosto. Gaztelumendi Mendillorriko Konpartsa. Mendillorri. Calle Concejo de Olaz, 8<\/li>\n<li>1 septiembre. Gaiteros Donibane y Txistularis municipales. Taconera<\/li>\n<li>3 septiembre. Roberto Urrutia y Corrientes navarras. Txantrea. Plaza Guitarrista Sabicas<\/li>\n<li>4 septiembre. Gartxot de Apilaga\u00f1a. Milagrosa. Felisa Munarriz.<\/li>\n<li>6 septiembre. Fanfarre txirdil. San Juan. Plaza Obispo Irurita<\/li>\n<li>7 septiembre. Rondalla Armonia. Rochapea. Plaza Iturriotzaga<\/li>\n<li>8 septiembre. Gaiteros Donibane y Txistularis municipales. Txantrea. Paseo Federico Soto<\/li>\n<li>9 septiembre. Zabarrete Gaiteroak. Azpilaga\u00f1a. Plaza Manuel Turrillas<\/li>\n<li>11 septiembre. Ilargi Enea. Milagrosa. Alfredo Floristan.<\/li>\n<li>14 septiembre. Rondalla Armonia. Ermitaga\u00f1a. Frente al Planetario<\/li>\n<li>16 septiembre. Danzas o Fanfarre Iru\u00f1a Taldea. Etxabakoitz. Calle Remiro de Go\u00f1i, 16<\/li>\n<li>17 septiembre. Coro la Asunci\u00f3n. San Juan. Plaza Obispo Irurit<\/li>\n<li>18 septiembre. Gartxot de Apilaga\u00f1a. Azpilaga\u00f1a. Plaza Manuel Turrillas<\/li>\n<li>19 septiembre. Auroros de Santa Mar\u00eda la Real. Mendillorri. Calle Concejo Sarriguren (donde Civivox)<\/li>\n<li>20 septiembre. Alai Gaztea. Rochapea. Parque de los Enamorados<\/li>\n<li>22 septiembre. Lauhaize Fanfarrea. Erripaga\u00f1a. Calle Londres<\/li>\n<li>23 septiembre. Tiriki Trauki Fanfarrea. Etxabakoitz. Calle Remiro de Go\u00f1i 16<\/li>\n<li>24 septiembre. Coral Coraz\u00f3n de Jesus. Iturrama. Sancho el Fuerte frente a Parroquia Santa Vicenta Mar\u00eda<\/li>\n<li>25 septiembre. Gigantes Casco Viejo. Plaza Santa Ana<\/li>\n<li>26 septiembre. Gigantes Casco Viejo. Plaza Santa Ana<\/li>\n<li>27 septiembre. Gaiteros Txantrea. Txantrea Plaza Ezkaba<\/li>\n<li>28 septiembre. Gaiteros Fraile. Azpilaga\u00f1a. Plaza Manuel Turrillas<\/li>\n<li>29 septiembre. Alai Gaztea. Plaza doctor Gortari<\/li>\n<li>30 septiembre. Coral Coraz\u00f3n de Jesus. Iturrama. Boulevard Iturrama<\/li>\n<\/ul>\n","protected":false},"excerpt":{"rendered":"<p>A la actuaci\u00f3n de hoy de Gaiteros Erreniega siguen las de Ortzadar, Gaztelumendi Mendillorriko Konpartsa o Roberto Urrutia y Corrientes navarras<\/p>\n","protected":false},"author":1,"featured_media":36215,"comment_status":"open","ping_status":"closed","sticky":false,"template":"","format":"standard","meta":{"footnotes":""},"categories":[2],"tags":[],"class_list":["post-36318","post","type-post","status-publish","format-standard","has-post-thumbnail","hentry","category-ayuntamiento-pamplona"],"yoast_head":"<!-- This site is optimized with the Yoast SEO plugin v27.5 - https:\/\/yoast.com\/product\/yoast-seo-wordpress\/ -->\n<title>M\u00e1s de 40 grupos art\u00edsticos no profesionales incluidos en el cat\u00e1logo municipal est\u00e1n presentando sus trabajos hasta el 30 de septiembre en todos los barrios de la ciudad<\/title>\n<meta name=\"description\" content=\"A la actuaci\u00f3n de hoy de Gaiteros Erreniega siguen las de Ortzadar, Gaztelumendi Mendillorriko Konpartsa o Roberto Urrutia y Corrientes navarras\" \/>\n<meta name=\"robots\" content=\"index, follow, max-snippet:-1, max-image-preview:large, max-video-preview:-1\" \/>\n<link rel=\"canonical\" href=\"https:\/\/www.laguiadepamplona.com\/actualidad\/mas-de-40-grupos-artisticos-no-profesionales-incluidos-en-el-catalogo-municipal-estan-presentando-sus-trabajos-hasta-el-30-de-septiembre-en-todos-los-barrios-de-la-ciudad\/\" \/>\n<meta property=\"og:locale\" content=\"es_ES\" \/>\n<meta property=\"og:type\" content=\"article\" \/>\n<meta property=\"og:title\" content=\"M\u00e1s de 40 grupos art\u00edsticos no profesionales incluidos en el cat\u00e1logo municipal est\u00e1n presentando sus trabajos hasta el 30 de septiembre en todos los barrios de la ciudad\" \/>\n<meta property=\"og:description\" content=\"A la actuaci\u00f3n de hoy de Gaiteros Erreniega siguen las de Ortzadar, Gaztelumendi Mendillorriko Konpartsa o Roberto Urrutia y Corrientes navarras\" \/>\n<meta property=\"og:url\" content=\"https:\/\/www.laguiadepamplona.com\/actualidad\/mas-de-40-grupos-artisticos-no-profesionales-incluidos-en-el-catalogo-municipal-estan-presentando-sus-trabajos-hasta-el-30-de-septiembre-en-todos-los-barrios-de-la-ciudad\/\" \/>\n<meta property=\"og:site_name\" content=\"La Gu\u00eda de Pamplona\" \/>\n<meta property=\"article:publisher\" content=\"https:\/\/www.facebook.com\/laguiadepamplonacom-133175176762273\/?ref=hl\" \/>\n<meta property=\"article:published_time\" content=\"2021-08-26T15:08:47+00:00\" \/>\n<meta property=\"article:modified_time\" content=\"2023-04-11T09:49:03+00:00\" \/>\n<meta property=\"og:image\" content=\"https:\/\/www.laguiadepamplona.com\/actualidad\/wp-content\/uploads\/2021\/08\/BAILABLES-PLZA-CASTILLO_EE5A8979.jpg\" \/>\n\t<meta property=\"og:image:width\" content=\"1920\" \/>\n\t<meta property=\"og:image:height\" content=\"1280\" \/>\n\t<meta property=\"og:image:type\" content=\"image\/jpeg\" \/>\n<meta name=\"author\" content=\"La Gu\u00eda de Pamplona\" \/>\n<meta name=\"twitter:card\" content=\"summary_large_image\" \/>\n<meta name=\"twitter:creator\" content=\"@LaGuiadPamplona\" \/>\n<meta name=\"twitter:site\" content=\"@LaGuiadPamplona\" \/>\n<meta name=\"twitter:label1\" content=\"Escrito por\" \/>\n\t<meta name=\"twitter:data1\" content=\"La Gu\u00eda de Pamplona\" \/>\n\t<meta name=\"twitter:label2\" content=\"Tiempo de lectura\" \/>\n\t<meta name=\"twitter:data2\" content=\"4 minutos\" \/>\n<script type=\"application\/ld+json\" class=\"yoast-schema-graph\">{\"@context\":\"https:\\\/\\\/schema.org\",\"@graph\":[{\"@type\":\"Article\",\"@id\":\"https:\\\/\\\/www.laguiadepamplona.com\\\/actualidad\\\/mas-de-40-grupos-artisticos-no-profesionales-incluidos-en-el-catalogo-municipal-estan-presentando-sus-trabajos-hasta-el-30-de-septiembre-en-todos-los-barrios-de-la-ciudad\\\/#article\",\"isPartOf\":{\"@id\":\"https:\\\/\\\/www.laguiadepamplona.com\\\/actualidad\\\/mas-de-40-grupos-artisticos-no-profesionales-incluidos-en-el-catalogo-municipal-estan-presentando-sus-trabajos-hasta-el-30-de-septiembre-en-todos-los-barrios-de-la-ciudad\\\/\"},\"author\":{\"name\":\"La Gu\u00eda de Pamplona\",\"@id\":\"https:\\\/\\\/www.laguiadepamplona.com\\\/actualidad\\\/#\\\/schema\\\/person\\\/efe887376f0213d4657c93adc50b1fdb\"},\"headline\":\"M\u00e1s de 40 grupos art\u00edsticos no profesionales incluidos en el cat\u00e1logo municipal est\u00e1n presentando sus trabajos hasta el 30 de septiembre en todos los barrios de la ciudad\",\"datePublished\":\"2021-08-26T15:08:47+00:00\",\"dateModified\":\"2023-04-11T09:49:03+00:00\",\"mainEntityOfPage\":{\"@id\":\"https:\\\/\\\/www.laguiadepamplona.com\\\/actualidad\\\/mas-de-40-grupos-artisticos-no-profesionales-incluidos-en-el-catalogo-municipal-estan-presentando-sus-trabajos-hasta-el-30-de-septiembre-en-todos-los-barrios-de-la-ciudad\\\/\"},\"wordCount\":764,\"commentCount\":0,\"publisher\":{\"@id\":\"https:\\\/\\\/www.laguiadepamplona.com\\\/actualidad\\\/#organization\"},\"image\":{\"@id\":\"https:\\\/\\\/www.laguiadepamplona.com\\\/actualidad\\\/mas-de-40-grupos-artisticos-no-profesionales-incluidos-en-el-catalogo-municipal-estan-presentando-sus-trabajos-hasta-el-30-de-septiembre-en-todos-los-barrios-de-la-ciudad\\\/#primaryimage\"},\"thumbnailUrl\":\"https:\\\/\\\/www.laguiadepamplona.com\\\/actualidad\\\/wp-content\\\/uploads\\\/2021\\\/08\\\/BAILABLES-PLZA-CASTILLO_EE5A8979.jpg\",\"articleSection\":[\"Ayto Pamplona\"],\"inLanguage\":\"es\",\"potentialAction\":[{\"@type\":\"CommentAction\",\"name\":\"Comment\",\"target\":[\"https:\\\/\\\/www.laguiadepamplona.com\\\/actualidad\\\/mas-de-40-grupos-artisticos-no-profesionales-incluidos-en-el-catalogo-municipal-estan-presentando-sus-trabajos-hasta-el-30-de-septiembre-en-todos-los-barrios-de-la-ciudad\\\/#respond\"]}]},{\"@type\":\"WebPage\",\"@id\":\"https:\\\/\\\/www.laguiadepamplona.com\\\/actualidad\\\/mas-de-40-grupos-artisticos-no-profesionales-incluidos-en-el-catalogo-municipal-estan-presentando-sus-trabajos-hasta-el-30-de-septiembre-en-todos-los-barrios-de-la-ciudad\\\/\",\"url\":\"https:\\\/\\\/www.laguiadepamplona.com\\\/actualidad\\\/mas-de-40-grupos-artisticos-no-profesionales-incluidos-en-el-catalogo-municipal-estan-presentando-sus-trabajos-hasta-el-30-de-septiembre-en-todos-los-barrios-de-la-ciudad\\\/\",\"name\":\"M\u00e1s de 40 grupos art\u00edsticos no profesionales incluidos en el cat\u00e1logo municipal est\u00e1n presentando sus trabajos hasta el 30 de septiembre en todos los barrios de la ciudad\",\"isPartOf\":{\"@id\":\"https:\\\/\\\/www.laguiadepamplona.com\\\/actualidad\\\/#website\"},\"primaryImageOfPage\":{\"@id\":\"https:\\\/\\\/www.laguiadepamplona.com\\\/actualidad\\\/mas-de-40-grupos-artisticos-no-profesionales-incluidos-en-el-catalogo-municipal-estan-presentando-sus-trabajos-hasta-el-30-de-septiembre-en-todos-los-barrios-de-la-ciudad\\\/#primaryimage\"},\"image\":{\"@id\":\"https:\\\/\\\/www.laguiadepamplona.com\\\/actualidad\\\/mas-de-40-grupos-artisticos-no-profesionales-incluidos-en-el-catalogo-municipal-estan-presentando-sus-trabajos-hasta-el-30-de-septiembre-en-todos-los-barrios-de-la-ciudad\\\/#primaryimage\"},\"thumbnailUrl\":\"https:\\\/\\\/www.laguiadepamplona.com\\\/actualidad\\\/wp-content\\\/uploads\\\/2021\\\/08\\\/BAILABLES-PLZA-CASTILLO_EE5A8979.jpg\",\"datePublished\":\"2021-08-26T15:08:47+00:00\",\"dateModified\":\"2023-04-11T09:49:03+00:00\",\"description\":\"A la actuaci\u00f3n de hoy de Gaiteros Erreniega siguen las de Ortzadar, Gaztelumendi Mendillorriko Konpartsa o Roberto Urrutia y Corrientes navarras\",\"breadcrumb\":{\"@id\":\"https:\\\/\\\/www.laguiadepamplona.com\\\/actualidad\\\/mas-de-40-grupos-artisticos-no-profesionales-incluidos-en-el-catalogo-municipal-estan-presentando-sus-trabajos-hasta-el-30-de-septiembre-en-todos-los-barrios-de-la-ciudad\\\/#breadcrumb\"},\"inLanguage\":\"es\",\"potentialAction\":[{\"@type\":\"ReadAction\",\"target\":[\"https:\\\/\\\/www.laguiadepamplona.com\\\/actualidad\\\/mas-de-40-grupos-artisticos-no-profesionales-incluidos-en-el-catalogo-municipal-estan-presentando-sus-trabajos-hasta-el-30-de-septiembre-en-todos-los-barrios-de-la-ciudad\\\/\"]}]},{\"@type\":\"ImageObject\",\"inLanguage\":\"es\",\"@id\":\"https:\\\/\\\/www.laguiadepamplona.com\\\/actualidad\\\/mas-de-40-grupos-artisticos-no-profesionales-incluidos-en-el-catalogo-municipal-estan-presentando-sus-trabajos-hasta-el-30-de-septiembre-en-todos-los-barrios-de-la-ciudad\\\/#primaryimage\",\"url\":\"https:\\\/\\\/www.laguiadepamplona.com\\\/actualidad\\\/wp-content\\\/uploads\\\/2021\\\/08\\\/BAILABLES-PLZA-CASTILLO_EE5A8979.jpg\",\"contentUrl\":\"https:\\\/\\\/www.laguiadepamplona.com\\\/actualidad\\\/wp-content\\\/uploads\\\/2021\\\/08\\\/BAILABLES-PLZA-CASTILLO_EE5A8979.jpg\",\"width\":1920,\"height\":1280,\"caption\":\"bailables\"},{\"@type\":\"BreadcrumbList\",\"@id\":\"https:\\\/\\\/www.laguiadepamplona.com\\\/actualidad\\\/mas-de-40-grupos-artisticos-no-profesionales-incluidos-en-el-catalogo-municipal-estan-presentando-sus-trabajos-hasta-el-30-de-septiembre-en-todos-los-barrios-de-la-ciudad\\\/#breadcrumb\",\"itemListElement\":[{\"@type\":\"ListItem\",\"position\":1,\"name\":\"Portada\",\"item\":\"https:\\\/\\\/www.laguiadepamplona.com\\\/actualidad\\\/\"},{\"@type\":\"ListItem\",\"position\":2,\"name\":\"M\u00e1s de 40 grupos art\u00edsticos no profesionales incluidos en el cat\u00e1logo municipal est\u00e1n presentando sus trabajos hasta el 30 de septiembre en todos los barrios de la ciudad\"}]},{\"@type\":\"WebSite\",\"@id\":\"https:\\\/\\\/www.laguiadepamplona.com\\\/actualidad\\\/#website\",\"url\":\"https:\\\/\\\/www.laguiadepamplona.com\\\/actualidad\\\/\",\"name\":\"La gu\u00eda de Pamplona\",\"description\":\"Noticias de Pamplona\",\"publisher\":{\"@id\":\"https:\\\/\\\/www.laguiadepamplona.com\\\/actualidad\\\/#organization\"},\"potentialAction\":[{\"@type\":\"SearchAction\",\"target\":{\"@type\":\"EntryPoint\",\"urlTemplate\":\"https:\\\/\\\/www.laguiadepamplona.com\\\/actualidad\\\/?s={search_term_string}\"},\"query-input\":{\"@type\":\"PropertyValueSpecification\",\"valueRequired\":true,\"valueName\":\"search_term_string\"}}],\"inLanguage\":\"es\"},{\"@type\":\"Organization\",\"@id\":\"https:\\\/\\\/www.laguiadepamplona.com\\\/actualidad\\\/#organization\",\"name\":\"La Gu\u00eda de Pamplona \\\/ Noticias\",\"url\":\"https:\\\/\\\/www.laguiadepamplona.com\\\/actualidad\\\/\",\"logo\":{\"@type\":\"ImageObject\",\"inLanguage\":\"es\",\"@id\":\"https:\\\/\\\/www.laguiadepamplona.com\\\/actualidad\\\/#\\\/schema\\\/logo\\\/image\\\/\",\"url\":\"https:\\\/\\\/www.laguiadepamplona.com\\\/actualidad\\\/wp-content\\\/uploads\\\/2018\\\/11\\\/logo-laguiadepamplona18-web1.png\",\"contentUrl\":\"https:\\\/\\\/www.laguiadepamplona.com\\\/actualidad\\\/wp-content\\\/uploads\\\/2018\\\/11\\\/logo-laguiadepamplona18-web1.png\",\"width\":600,\"height\":196,\"caption\":\"La Gu\u00eda de Pamplona \\\/ Noticias\"},\"image\":{\"@id\":\"https:\\\/\\\/www.laguiadepamplona.com\\\/actualidad\\\/#\\\/schema\\\/logo\\\/image\\\/\"},\"sameAs\":[\"https:\\\/\\\/www.facebook.com\\\/laguiadepamplonacom-133175176762273\\\/?ref=hl\",\"https:\\\/\\\/x.com\\\/LaGuiadPamplona\",\"https:\\\/\\\/www.instagram.com\\\/la_guia_de_pamplona\\\/\",\"https:\\\/\\\/www.youtube.com\\\/user\\\/laguiadepamplona\"]},{\"@type\":\"Person\",\"@id\":\"https:\\\/\\\/www.laguiadepamplona.com\\\/actualidad\\\/#\\\/schema\\\/person\\\/efe887376f0213d4657c93adc50b1fdb\",\"name\":\"La Gu\u00eda de Pamplona\",\"image\":{\"@type\":\"ImageObject\",\"inLanguage\":\"es\",\"@id\":\"https:\\\/\\\/secure.gravatar.com\\\/avatar\\\/b6992f131dc8d30ab0dff15446e9d346d9dbd95992de0fef795073f5ea83a81c?s=96&d=mm&r=g\",\"url\":\"https:\\\/\\\/secure.gravatar.com\\\/avatar\\\/b6992f131dc8d30ab0dff15446e9d346d9dbd95992de0fef795073f5ea83a81c?s=96&d=mm&r=g\",\"contentUrl\":\"https:\\\/\\\/secure.gravatar.com\\\/avatar\\\/b6992f131dc8d30ab0dff15446e9d346d9dbd95992de0fef795073f5ea83a81c?s=96&d=mm&r=g\",\"caption\":\"La Gu\u00eda de Pamplona\"}}]}<\/script>\n<!-- \/ Yoast SEO plugin. -->","yoast_head_json":{"title":"M\u00e1s de 40 grupos art\u00edsticos no profesionales incluidos en el cat\u00e1logo municipal est\u00e1n presentando sus trabajos hasta el 30 de septiembre en todos los barrios de la ciudad","description":"A la actuaci\u00f3n de hoy de Gaiteros Erreniega siguen las de Ortzadar, Gaztelumendi Mendillorriko Konpartsa o Roberto Urrutia y Corrientes navarras","robots":{"index":"index","follow":"follow","max-snippet":"max-snippet:-1","max-image-preview":"max-image-preview:large","max-video-preview":"max-video-preview:-1"},"canonical":"https:\/\/www.laguiadepamplona.com\/actualidad\/mas-de-40-grupos-artisticos-no-profesionales-incluidos-en-el-catalogo-municipal-estan-presentando-sus-trabajos-hasta-el-30-de-septiembre-en-todos-los-barrios-de-la-ciudad\/","og_locale":"es_ES","og_type":"article","og_title":"M\u00e1s de 40 grupos art\u00edsticos no profesionales incluidos en el cat\u00e1logo municipal est\u00e1n presentando sus trabajos hasta el 30 de septiembre en todos los barrios de la ciudad","og_description":"A la actuaci\u00f3n de hoy de Gaiteros Erreniega siguen las de Ortzadar, Gaztelumendi Mendillorriko Konpartsa o Roberto Urrutia y Corrientes navarras","og_url":"https:\/\/www.laguiadepamplona.com\/actualidad\/mas-de-40-grupos-artisticos-no-profesionales-incluidos-en-el-catalogo-municipal-estan-presentando-sus-trabajos-hasta-el-30-de-septiembre-en-todos-los-barrios-de-la-ciudad\/","og_site_name":"La Gu\u00eda de Pamplona","article_publisher":"https:\/\/www.facebook.com\/laguiadepamplonacom-133175176762273\/?ref=hl","article_published_time":"2021-08-26T15:08:47+00:00","article_modified_time":"2023-04-11T09:49:03+00:00","og_image":[{"width":1920,"height":1280,"url":"https:\/\/www.laguiadepamplona.com\/actualidad\/wp-content\/uploads\/2021\/08\/BAILABLES-PLZA-CASTILLO_EE5A8979.jpg","type":"image\/jpeg"}],"author":"La Gu\u00eda de Pamplona","twitter_card":"summary_large_image","twitter_creator":"@LaGuiadPamplona","twitter_site":"@LaGuiadPamplona","twitter_misc":{"Escrito por":"La Gu\u00eda de Pamplona","Tiempo de lectura":"4 minutos"},"schema":{"@context":"https:\/\/schema.org","@graph":[{"@type":"Article","@id":"https:\/\/www.laguiadepamplona.com\/actualidad\/mas-de-40-grupos-artisticos-no-profesionales-incluidos-en-el-catalogo-municipal-estan-presentando-sus-trabajos-hasta-el-30-de-septiembre-en-todos-los-barrios-de-la-ciudad\/#article","isPartOf":{"@id":"https:\/\/www.laguiadepamplona.com\/actualidad\/mas-de-40-grupos-artisticos-no-profesionales-incluidos-en-el-catalogo-municipal-estan-presentando-sus-trabajos-hasta-el-30-de-septiembre-en-todos-los-barrios-de-la-ciudad\/"},"author":{"name":"La Gu\u00eda de Pamplona","@id":"https:\/\/www.laguiadepamplona.com\/actualidad\/#\/schema\/person\/efe887376f0213d4657c93adc50b1fdb"},"headline":"M\u00e1s de 40 grupos art\u00edsticos no profesionales incluidos en el cat\u00e1logo municipal est\u00e1n presentando sus trabajos hasta el 30 de septiembre en todos los barrios de la ciudad","datePublished":"2021-08-26T15:08:47+00:00","dateModified":"2023-04-11T09:49:03+00:00","mainEntityOfPage":{"@id":"https:\/\/www.laguiadepamplona.com\/actualidad\/mas-de-40-grupos-artisticos-no-profesionales-incluidos-en-el-catalogo-municipal-estan-presentando-sus-trabajos-hasta-el-30-de-septiembre-en-todos-los-barrios-de-la-ciudad\/"},"wordCount":764,"commentCount":0,"publisher":{"@id":"https:\/\/www.laguiadepamplona.com\/actualidad\/#organization"},"image":{"@id":"https:\/\/www.laguiadepamplona.com\/actualidad\/mas-de-40-grupos-artisticos-no-profesionales-incluidos-en-el-catalogo-municipal-estan-presentando-sus-trabajos-hasta-el-30-de-septiembre-en-todos-los-barrios-de-la-ciudad\/#primaryimage"},"thumbnailUrl":"https:\/\/www.laguiadepamplona.com\/actualidad\/wp-content\/uploads\/2021\/08\/BAILABLES-PLZA-CASTILLO_EE5A8979.jpg","articleSection":["Ayto Pamplona"],"inLanguage":"es","potentialAction":[{"@type":"CommentAction","name":"Comment","target":["https:\/\/www.laguiadepamplona.com\/actualidad\/mas-de-40-grupos-artisticos-no-profesionales-incluidos-en-el-catalogo-municipal-estan-presentando-sus-trabajos-hasta-el-30-de-septiembre-en-todos-los-barrios-de-la-ciudad\/#respond"]}]},{"@type":"WebPage","@id":"https:\/\/www.laguiadepamplona.com\/actualidad\/mas-de-40-grupos-artisticos-no-profesionales-incluidos-en-el-catalogo-municipal-estan-presentando-sus-trabajos-hasta-el-30-de-septiembre-en-todos-los-barrios-de-la-ciudad\/","url":"https:\/\/www.laguiadepamplona.com\/actualidad\/mas-de-40-grupos-artisticos-no-profesionales-incluidos-en-el-catalogo-municipal-estan-presentando-sus-trabajos-hasta-el-30-de-septiembre-en-todos-los-barrios-de-la-ciudad\/","name":"M\u00e1s de 40 grupos art\u00edsticos no profesionales incluidos en el cat\u00e1logo municipal est\u00e1n presentando sus trabajos hasta el 30 de septiembre en todos los barrios de la ciudad","isPartOf":{"@id":"https:\/\/www.laguiadepamplona.com\/actualidad\/#website"},"primaryImageOfPage":{"@id":"https:\/\/www.laguiadepamplona.com\/actualidad\/mas-de-40-grupos-artisticos-no-profesionales-incluidos-en-el-catalogo-municipal-estan-presentando-sus-trabajos-hasta-el-30-de-septiembre-en-todos-los-barrios-de-la-ciudad\/#primaryimage"},"image":{"@id":"https:\/\/www.laguiadepamplona.com\/actualidad\/mas-de-40-grupos-artisticos-no-profesionales-incluidos-en-el-catalogo-municipal-estan-presentando-sus-trabajos-hasta-el-30-de-septiembre-en-todos-los-barrios-de-la-ciudad\/#primaryimage"},"thumbnailUrl":"https:\/\/www.laguiadepamplona.com\/actualidad\/wp-content\/uploads\/2021\/08\/BAILABLES-PLZA-CASTILLO_EE5A8979.jpg","datePublished":"2021-08-26T15:08:47+00:00","dateModified":"2023-04-11T09:49:03+00:00","description":"A la actuaci\u00f3n de hoy de Gaiteros Erreniega siguen las de Ortzadar, Gaztelumendi Mendillorriko Konpartsa o Roberto Urrutia y Corrientes navarras","breadcrumb":{"@id":"https:\/\/www.laguiadepamplona.com\/actualidad\/mas-de-40-grupos-artisticos-no-profesionales-incluidos-en-el-catalogo-municipal-estan-presentando-sus-trabajos-hasta-el-30-de-septiembre-en-todos-los-barrios-de-la-ciudad\/#breadcrumb"},"inLanguage":"es","potentialAction":[{"@type":"ReadAction","target":["https:\/\/www.laguiadepamplona.com\/actualidad\/mas-de-40-grupos-artisticos-no-profesionales-incluidos-en-el-catalogo-municipal-estan-presentando-sus-trabajos-hasta-el-30-de-septiembre-en-todos-los-barrios-de-la-ciudad\/"]}]},{"@type":"ImageObject","inLanguage":"es","@id":"https:\/\/www.laguiadepamplona.com\/actualidad\/mas-de-40-grupos-artisticos-no-profesionales-incluidos-en-el-catalogo-municipal-estan-presentando-sus-trabajos-hasta-el-30-de-septiembre-en-todos-los-barrios-de-la-ciudad\/#primaryimage","url":"https:\/\/www.laguiadepamplona.com\/actualidad\/wp-content\/uploads\/2021\/08\/BAILABLES-PLZA-CASTILLO_EE5A8979.jpg","contentUrl":"https:\/\/www.laguiadepamplona.com\/actualidad\/wp-content\/uploads\/2021\/08\/BAILABLES-PLZA-CASTILLO_EE5A8979.jpg","width":1920,"height":1280,"caption":"bailables"},{"@type":"BreadcrumbList","@id":"https:\/\/www.laguiadepamplona.com\/actualidad\/mas-de-40-grupos-artisticos-no-profesionales-incluidos-en-el-catalogo-municipal-estan-presentando-sus-trabajos-hasta-el-30-de-septiembre-en-todos-los-barrios-de-la-ciudad\/#breadcrumb","itemListElement":[{"@type":"ListItem","position":1,"name":"Portada","item":"https:\/\/www.laguiadepamplona.com\/actualidad\/"},{"@type":"ListItem","position":2,"name":"M\u00e1s de 40 grupos art\u00edsticos no profesionales incluidos en el cat\u00e1logo municipal est\u00e1n presentando sus trabajos hasta el 30 de septiembre en todos los barrios de la ciudad"}]},{"@type":"WebSite","@id":"https:\/\/www.laguiadepamplona.com\/actualidad\/#website","url":"https:\/\/www.laguiadepamplona.com\/actualidad\/","name":"La gu\u00eda de Pamplona","description":"Noticias de Pamplona","publisher":{"@id":"https:\/\/www.laguiadepamplona.com\/actualidad\/#organization"},"potentialAction":[{"@type":"SearchAction","target":{"@type":"EntryPoint","urlTemplate":"https:\/\/www.laguiadepamplona.com\/actualidad\/?s={search_term_string}"},"query-input":{"@type":"PropertyValueSpecification","valueRequired":true,"valueName":"search_term_string"}}],"inLanguage":"es"},{"@type":"Organization","@id":"https:\/\/www.laguiadepamplona.com\/actualidad\/#organization","name":"La Gu\u00eda de Pamplona \/ Noticias","url":"https:\/\/www.laguiadepamplona.com\/actualidad\/","logo":{"@type":"ImageObject","inLanguage":"es","@id":"https:\/\/www.laguiadepamplona.com\/actualidad\/#\/schema\/logo\/image\/","url":"https:\/\/www.laguiadepamplona.com\/actualidad\/wp-content\/uploads\/2018\/11\/logo-laguiadepamplona18-web1.png","contentUrl":"https:\/\/www.laguiadepamplona.com\/actualidad\/wp-content\/uploads\/2018\/11\/logo-laguiadepamplona18-web1.png","width":600,"height":196,"caption":"La Gu\u00eda de Pamplona \/ Noticias"},"image":{"@id":"https:\/\/www.laguiadepamplona.com\/actualidad\/#\/schema\/logo\/image\/"},"sameAs":["https:\/\/www.facebook.com\/laguiadepamplonacom-133175176762273\/?ref=hl","https:\/\/x.com\/LaGuiadPamplona","https:\/\/www.instagram.com\/la_guia_de_pamplona\/","https:\/\/www.youtube.com\/user\/laguiadepamplona"]},{"@type":"Person","@id":"https:\/\/www.laguiadepamplona.com\/actualidad\/#\/schema\/person\/efe887376f0213d4657c93adc50b1fdb","name":"La Gu\u00eda de Pamplona","image":{"@type":"ImageObject","inLanguage":"es","@id":"https:\/\/secure.gravatar.com\/avatar\/b6992f131dc8d30ab0dff15446e9d346d9dbd95992de0fef795073f5ea83a81c?s=96&d=mm&r=g","url":"https:\/\/secure.gravatar.com\/avatar\/b6992f131dc8d30ab0dff15446e9d346d9dbd95992de0fef795073f5ea83a81c?s=96&d=mm&r=g","contentUrl":"https:\/\/secure.gravatar.com\/avatar\/b6992f131dc8d30ab0dff15446e9d346d9dbd95992de0fef795073f5ea83a81c?s=96&d=mm&r=g","caption":"La Gu\u00eda de Pamplona"}}]}},"post_mailing_queue_ids":[],"_links":{"self":[{"href":"https:\/\/www.laguiadepamplona.com\/actualidad\/wp-json\/wp\/v2\/posts\/36318","targetHints":{"allow":["GET"]}}],"collection":[{"href":"https:\/\/www.laguiadepamplona.com\/actualidad\/wp-json\/wp\/v2\/posts"}],"about":[{"href":"https:\/\/www.laguiadepamplona.com\/actualidad\/wp-json\/wp\/v2\/types\/post"}],"author":[{"embeddable":true,"href":"https:\/\/www.laguiadepamplona.com\/actualidad\/wp-json\/wp\/v2\/users\/1"}],"replies":[{"embeddable":true,"href":"https:\/\/www.laguiadepamplona.com\/actualidad\/wp-json\/wp\/v2\/comments?post=36318"}],"version-history":[{"count":0,"href":"https:\/\/www.laguiadepamplona.com\/actualidad\/wp-json\/wp\/v2\/posts\/36318\/revisions"}],"wp:featuredmedia":[{"embeddable":true,"href":"https:\/\/www.laguiadepamplona.com\/actualidad\/wp-json\/wp\/v2\/media\/36215"}],"wp:attachment":[{"href":"https:\/\/www.laguiadepamplona.com\/actualidad\/wp-json\/wp\/v2\/media?parent=36318"}],"wp:term":[{"taxonomy":"category","embeddable":true,"href":"https:\/\/www.laguiadepamplona.com\/actualidad\/wp-json\/wp\/v2\/categories?post=36318"},{"taxonomy":"post_tag","embeddable":true,"href":"https:\/\/www.laguiadepamplona.com\/actualidad\/wp-json\/wp\/v2\/tags?post=36318"}],"curies":[{"name":"wp","href":"https:\/\/api.w.org\/{rel}","templated":true}]}}