{"id":36304,"date":"2021-08-24T15:17:12","date_gmt":"2021-08-24T13:17:12","guid":{"rendered":"https:\/\/www.laguiadepamplona.com\/actualidad\/?p=36304"},"modified":"2023-04-11T11:49:04","modified_gmt":"2023-04-11T09:49:04","slug":"el-ayuntamiento-de-pamplona-ha-comenzado-los-trabajos-de-mejora-y-acondicionamiento-de-los-dos-pasajes-subterraneos-del-barrio-de-san-jorge","status":"publish","type":"post","link":"https:\/\/www.laguiadepamplona.com\/actualidad\/el-ayuntamiento-de-pamplona-ha-comenzado-los-trabajos-de-mejora-y-acondicionamiento-de-los-dos-pasajes-subterraneos-del-barrio-de-san-jorge\/","title":{"rendered":"El Ayuntamiento de Pamplona ha comenzado los trabajos de mejora y acondicionamiento de los dos pasajes subterr\u00e1neos del barrio de San Jorge"},"content":{"rendered":"<h5>En la plazoleta del pasaje ubicado en la confluencia de las avenidas de San Jorge y Navarra se pintar\u00e1 un mural con escenas oto\u00f1ales<\/h5>\n<p><!--more--><\/p>\n<p>Esta semana ha comenzado los trabajos de mejora de la iluminaci\u00f3n, pintado y acondicionamiento de los dos pasajes subterr\u00e1neos bajo la avenida de Navarra existentes en el barrio de San Jorge. Los trabajos los va a realizar la empresa Erriberri, con un presupuesto de 45.000 euros, y forman parte de una enmienda sobre inversiones para el Plan de Barrios, acordada por los grupos municipales de Navarra Suma y Socialistas del Ayuntamiento de Pamplona.<\/p>\n<p><script async src=\"\/\/pagead2.googlesyndication.com\/pagead\/js\/adsbygoogle.js\"><\/script><br \/>\n<!-- Noticias La Guia de Pamplona --><br \/>\n<ins class=\"adsbygoogle\"\nstyle=\"display:block\"\ndata-ad-client=\"ca-pub-6943679897239327\"\ndata-ad-slot=\"7048180777\"\ndata-ad-format=\"auto\"><\/ins><br \/>\n<script>\n(adsbygoogle = window.adsbygoogle || []).push({});\n<\/script><\/p>\n<p>En estos primeros d\u00edas de la semana se realizar\u00e1 una preparaci\u00f3n, para su posterior pintado, de los muros de la plazoleta del pasadizo peatonal subterr\u00e1neo, en la confluencia de las avenidas de Navarra y San Jorge. Y es que el porche de esa plazoleta subterr\u00e1nea, aunque al aire libre, acoger\u00e1 un mural con diferentes escenas oto\u00f1ales, que se espera que se pueda comenzar a pintar a partir del jueves.<\/p>\n<p>En el resto del espacio, as\u00ed como en los accesos a esa plazoleta subterr\u00e1nea, se llevar\u00e1n a cabo las pertinentes reparaciones de los ladrillos de las paredes que se encuentren en mal estado. Tambi\u00e9n se pintar\u00e1n los pasajes como parte de la renovaci\u00f3n y acondicionamiento de esos espacios. En la chapa de acero corten donde se ubican los puntos de luz LED del pasadizo, se aplicar\u00e1 un tratamiento con oxir\u00f3n con el fin de eliminar las pintadas que exhiben y renovar as\u00ed el aspecto del conjunto lum\u00ednico.<\/p>\n<p><script async src=\"\/\/pagead2.googlesyndication.com\/pagead\/js\/adsbygoogle.js\"><\/script><br \/>\n<!-- Noticias La Guia de Pamplona --><br \/>\n<ins class=\"adsbygoogle\"\nstyle=\"display:block\"\ndata-ad-client=\"ca-pub-6943679897239327\"\ndata-ad-slot=\"7048180777\"\ndata-ad-format=\"auto\"><\/ins><br \/>\n<script>\n(adsbygoogle = window.adsbygoogle || []).push({});\n<\/script><\/p>\n<p>Se va a actuar, igualmente, en el paso subterr\u00e1neo que une el corredor sostenible de la calle Dr. Juaristi por debajo de la avenida de Navarra. Es un paso de menores dimensiones, con dos puntos de acceso a ambos lados de la avenida, en el que principalmente se sustituir\u00e1n todos los puntos de luz por nuevos elementos LED. Se aprovechar\u00e1 la intervenci\u00f3n para pintar las paredes de un color m\u00e1s claro, que redunde en una mayor iluminaci\u00f3n del espacio.<\/p>\n","protected":false},"excerpt":{"rendered":"<p>En la plazoleta del pasaje ubicado en la confluencia de las avenidas de San Jorge y Navarra se pintar\u00e1 un mural con escenas oto\u00f1ales<\/p>\n","protected":false},"author":1,"featured_media":36074,"comment_status":"open","ping_status":"closed","sticky":false,"template":"","format":"standard","meta":{"footnotes":""},"categories":[2],"tags":[],"class_list":["post-36304","post","type-post","status-publish","format-standard","has-post-thumbnail","hentry","category-ayuntamiento-pamplona"],"yoast_head":"<!-- This site is optimized with the Yoast SEO plugin v27.5 - https:\/\/yoast.com\/product\/yoast-seo-wordpress\/ -->\n<title>El Ayuntamiento de Pamplona ha comenzado los trabajos de mejora y acondicionamiento de los dos pasajes subterr\u00e1neos del barrio de San Jorge<\/title>\n<meta name=\"description\" content=\"En la plazoleta del pasaje ubicado en la confluencia de las avenidas de San Jorge y Navarra se pintar\u00e1 un mural con escenas oto\u00f1ales\" \/>\n<meta name=\"robots\" content=\"index, follow, max-snippet:-1, max-image-preview:large, max-video-preview:-1\" \/>\n<link rel=\"canonical\" href=\"https:\/\/www.laguiadepamplona.com\/actualidad\/el-ayuntamiento-de-pamplona-ha-comenzado-los-trabajos-de-mejora-y-acondicionamiento-de-los-dos-pasajes-subterraneos-del-barrio-de-san-jorge\/\" \/>\n<meta property=\"og:locale\" content=\"es_ES\" \/>\n<meta property=\"og:type\" content=\"article\" \/>\n<meta property=\"og:title\" content=\"El Ayuntamiento de Pamplona ha comenzado los trabajos de mejora y acondicionamiento de los dos pasajes subterr\u00e1neos del barrio de San Jorge\" \/>\n<meta property=\"og:description\" content=\"En la plazoleta del pasaje ubicado en la confluencia de las avenidas de San Jorge y Navarra se pintar\u00e1 un mural con escenas oto\u00f1ales\" \/>\n<meta property=\"og:url\" content=\"https:\/\/www.laguiadepamplona.com\/actualidad\/el-ayuntamiento-de-pamplona-ha-comenzado-los-trabajos-de-mejora-y-acondicionamiento-de-los-dos-pasajes-subterraneos-del-barrio-de-san-jorge\/\" \/>\n<meta property=\"og:site_name\" content=\"La Gu\u00eda de Pamplona\" \/>\n<meta property=\"article:publisher\" content=\"https:\/\/www.facebook.com\/laguiadepamplonacom-133175176762273\/?ref=hl\" \/>\n<meta property=\"article:published_time\" content=\"2021-08-24T13:17:12+00:00\" \/>\n<meta property=\"article:modified_time\" content=\"2023-04-11T09:49:04+00:00\" \/>\n<meta property=\"og:image\" content=\"https:\/\/www.laguiadepamplona.com\/actualidad\/wp-content\/uploads\/2021\/08\/ayuntamiento-pamplona2.jpg\" \/>\n\t<meta property=\"og:image:width\" content=\"1920\" \/>\n\t<meta property=\"og:image:height\" content=\"1080\" \/>\n\t<meta property=\"og:image:type\" content=\"image\/jpeg\" \/>\n<meta name=\"author\" content=\"La Gu\u00eda de Pamplona\" \/>\n<meta name=\"twitter:card\" content=\"summary_large_image\" \/>\n<meta name=\"twitter:creator\" content=\"@LaGuiadPamplona\" \/>\n<meta name=\"twitter:site\" content=\"@LaGuiadPamplona\" \/>\n<meta name=\"twitter:label1\" content=\"Escrito por\" \/>\n\t<meta name=\"twitter:data1\" content=\"La Gu\u00eda de Pamplona\" \/>\n\t<meta name=\"twitter:label2\" content=\"Tiempo de lectura\" \/>\n\t<meta name=\"twitter:data2\" content=\"2 minutos\" \/>\n<script type=\"application\/ld+json\" class=\"yoast-schema-graph\">{\"@context\":\"https:\\\/\\\/schema.org\",\"@graph\":[{\"@type\":\"Article\",\"@id\":\"https:\\\/\\\/www.laguiadepamplona.com\\\/actualidad\\\/el-ayuntamiento-de-pamplona-ha-comenzado-los-trabajos-de-mejora-y-acondicionamiento-de-los-dos-pasajes-subterraneos-del-barrio-de-san-jorge\\\/#article\",\"isPartOf\":{\"@id\":\"https:\\\/\\\/www.laguiadepamplona.com\\\/actualidad\\\/el-ayuntamiento-de-pamplona-ha-comenzado-los-trabajos-de-mejora-y-acondicionamiento-de-los-dos-pasajes-subterraneos-del-barrio-de-san-jorge\\\/\"},\"author\":{\"name\":\"La Gu\u00eda de Pamplona\",\"@id\":\"https:\\\/\\\/www.laguiadepamplona.com\\\/actualidad\\\/#\\\/schema\\\/person\\\/efe887376f0213d4657c93adc50b1fdb\"},\"headline\":\"El Ayuntamiento de Pamplona ha comenzado los trabajos de mejora y acondicionamiento de los dos pasajes subterr\u00e1neos del barrio de San Jorge\",\"datePublished\":\"2021-08-24T13:17:12+00:00\",\"dateModified\":\"2023-04-11T09:49:04+00:00\",\"mainEntityOfPage\":{\"@id\":\"https:\\\/\\\/www.laguiadepamplona.com\\\/actualidad\\\/el-ayuntamiento-de-pamplona-ha-comenzado-los-trabajos-de-mejora-y-acondicionamiento-de-los-dos-pasajes-subterraneos-del-barrio-de-san-jorge\\\/\"},\"wordCount\":374,\"commentCount\":0,\"publisher\":{\"@id\":\"https:\\\/\\\/www.laguiadepamplona.com\\\/actualidad\\\/#organization\"},\"image\":{\"@id\":\"https:\\\/\\\/www.laguiadepamplona.com\\\/actualidad\\\/el-ayuntamiento-de-pamplona-ha-comenzado-los-trabajos-de-mejora-y-acondicionamiento-de-los-dos-pasajes-subterraneos-del-barrio-de-san-jorge\\\/#primaryimage\"},\"thumbnailUrl\":\"https:\\\/\\\/www.laguiadepamplona.com\\\/actualidad\\\/wp-content\\\/uploads\\\/2021\\\/08\\\/ayuntamiento-pamplona2.jpg\",\"articleSection\":[\"Ayto Pamplona\"],\"inLanguage\":\"es\",\"potentialAction\":[{\"@type\":\"CommentAction\",\"name\":\"Comment\",\"target\":[\"https:\\\/\\\/www.laguiadepamplona.com\\\/actualidad\\\/el-ayuntamiento-de-pamplona-ha-comenzado-los-trabajos-de-mejora-y-acondicionamiento-de-los-dos-pasajes-subterraneos-del-barrio-de-san-jorge\\\/#respond\"]}]},{\"@type\":\"WebPage\",\"@id\":\"https:\\\/\\\/www.laguiadepamplona.com\\\/actualidad\\\/el-ayuntamiento-de-pamplona-ha-comenzado-los-trabajos-de-mejora-y-acondicionamiento-de-los-dos-pasajes-subterraneos-del-barrio-de-san-jorge\\\/\",\"url\":\"https:\\\/\\\/www.laguiadepamplona.com\\\/actualidad\\\/el-ayuntamiento-de-pamplona-ha-comenzado-los-trabajos-de-mejora-y-acondicionamiento-de-los-dos-pasajes-subterraneos-del-barrio-de-san-jorge\\\/\",\"name\":\"El Ayuntamiento de Pamplona ha comenzado los trabajos de mejora y acondicionamiento de los dos pasajes subterr\u00e1neos del barrio de San Jorge\",\"isPartOf\":{\"@id\":\"https:\\\/\\\/www.laguiadepamplona.com\\\/actualidad\\\/#website\"},\"primaryImageOfPage\":{\"@id\":\"https:\\\/\\\/www.laguiadepamplona.com\\\/actualidad\\\/el-ayuntamiento-de-pamplona-ha-comenzado-los-trabajos-de-mejora-y-acondicionamiento-de-los-dos-pasajes-subterraneos-del-barrio-de-san-jorge\\\/#primaryimage\"},\"image\":{\"@id\":\"https:\\\/\\\/www.laguiadepamplona.com\\\/actualidad\\\/el-ayuntamiento-de-pamplona-ha-comenzado-los-trabajos-de-mejora-y-acondicionamiento-de-los-dos-pasajes-subterraneos-del-barrio-de-san-jorge\\\/#primaryimage\"},\"thumbnailUrl\":\"https:\\\/\\\/www.laguiadepamplona.com\\\/actualidad\\\/wp-content\\\/uploads\\\/2021\\\/08\\\/ayuntamiento-pamplona2.jpg\",\"datePublished\":\"2021-08-24T13:17:12+00:00\",\"dateModified\":\"2023-04-11T09:49:04+00:00\",\"description\":\"En la plazoleta del pasaje ubicado en la confluencia de las avenidas de San Jorge y Navarra se pintar\u00e1 un mural con escenas oto\u00f1ales\",\"breadcrumb\":{\"@id\":\"https:\\\/\\\/www.laguiadepamplona.com\\\/actualidad\\\/el-ayuntamiento-de-pamplona-ha-comenzado-los-trabajos-de-mejora-y-acondicionamiento-de-los-dos-pasajes-subterraneos-del-barrio-de-san-jorge\\\/#breadcrumb\"},\"inLanguage\":\"es\",\"potentialAction\":[{\"@type\":\"ReadAction\",\"target\":[\"https:\\\/\\\/www.laguiadepamplona.com\\\/actualidad\\\/el-ayuntamiento-de-pamplona-ha-comenzado-los-trabajos-de-mejora-y-acondicionamiento-de-los-dos-pasajes-subterraneos-del-barrio-de-san-jorge\\\/\"]}]},{\"@type\":\"ImageObject\",\"inLanguage\":\"es\",\"@id\":\"https:\\\/\\\/www.laguiadepamplona.com\\\/actualidad\\\/el-ayuntamiento-de-pamplona-ha-comenzado-los-trabajos-de-mejora-y-acondicionamiento-de-los-dos-pasajes-subterraneos-del-barrio-de-san-jorge\\\/#primaryimage\",\"url\":\"https:\\\/\\\/www.laguiadepamplona.com\\\/actualidad\\\/wp-content\\\/uploads\\\/2021\\\/08\\\/ayuntamiento-pamplona2.jpg\",\"contentUrl\":\"https:\\\/\\\/www.laguiadepamplona.com\\\/actualidad\\\/wp-content\\\/uploads\\\/2021\\\/08\\\/ayuntamiento-pamplona2.jpg\",\"width\":1920,\"height\":1080,\"caption\":\"ayuntamiento pamplona\"},{\"@type\":\"BreadcrumbList\",\"@id\":\"https:\\\/\\\/www.laguiadepamplona.com\\\/actualidad\\\/el-ayuntamiento-de-pamplona-ha-comenzado-los-trabajos-de-mejora-y-acondicionamiento-de-los-dos-pasajes-subterraneos-del-barrio-de-san-jorge\\\/#breadcrumb\",\"itemListElement\":[{\"@type\":\"ListItem\",\"position\":1,\"name\":\"Portada\",\"item\":\"https:\\\/\\\/www.laguiadepamplona.com\\\/actualidad\\\/\"},{\"@type\":\"ListItem\",\"position\":2,\"name\":\"El Ayuntamiento de Pamplona ha comenzado los trabajos de mejora y acondicionamiento de los dos pasajes subterr\u00e1neos del barrio de San Jorge\"}]},{\"@type\":\"WebSite\",\"@id\":\"https:\\\/\\\/www.laguiadepamplona.com\\\/actualidad\\\/#website\",\"url\":\"https:\\\/\\\/www.laguiadepamplona.com\\\/actualidad\\\/\",\"name\":\"La gu\u00eda de Pamplona\",\"description\":\"Noticias de Pamplona\",\"publisher\":{\"@id\":\"https:\\\/\\\/www.laguiadepamplona.com\\\/actualidad\\\/#organization\"},\"potentialAction\":[{\"@type\":\"SearchAction\",\"target\":{\"@type\":\"EntryPoint\",\"urlTemplate\":\"https:\\\/\\\/www.laguiadepamplona.com\\\/actualidad\\\/?s={search_term_string}\"},\"query-input\":{\"@type\":\"PropertyValueSpecification\",\"valueRequired\":true,\"valueName\":\"search_term_string\"}}],\"inLanguage\":\"es\"},{\"@type\":\"Organization\",\"@id\":\"https:\\\/\\\/www.laguiadepamplona.com\\\/actualidad\\\/#organization\",\"name\":\"La Gu\u00eda de Pamplona \\\/ Noticias\",\"url\":\"https:\\\/\\\/www.laguiadepamplona.com\\\/actualidad\\\/\",\"logo\":{\"@type\":\"ImageObject\",\"inLanguage\":\"es\",\"@id\":\"https:\\\/\\\/www.laguiadepamplona.com\\\/actualidad\\\/#\\\/schema\\\/logo\\\/image\\\/\",\"url\":\"https:\\\/\\\/www.laguiadepamplona.com\\\/actualidad\\\/wp-content\\\/uploads\\\/2018\\\/11\\\/logo-laguiadepamplona18-web1.png\",\"contentUrl\":\"https:\\\/\\\/www.laguiadepamplona.com\\\/actualidad\\\/wp-content\\\/uploads\\\/2018\\\/11\\\/logo-laguiadepamplona18-web1.png\",\"width\":600,\"height\":196,\"caption\":\"La Gu\u00eda de Pamplona \\\/ Noticias\"},\"image\":{\"@id\":\"https:\\\/\\\/www.laguiadepamplona.com\\\/actualidad\\\/#\\\/schema\\\/logo\\\/image\\\/\"},\"sameAs\":[\"https:\\\/\\\/www.facebook.com\\\/laguiadepamplonacom-133175176762273\\\/?ref=hl\",\"https:\\\/\\\/x.com\\\/LaGuiadPamplona\",\"https:\\\/\\\/www.instagram.com\\\/la_guia_de_pamplona\\\/\",\"https:\\\/\\\/www.youtube.com\\\/user\\\/laguiadepamplona\"]},{\"@type\":\"Person\",\"@id\":\"https:\\\/\\\/www.laguiadepamplona.com\\\/actualidad\\\/#\\\/schema\\\/person\\\/efe887376f0213d4657c93adc50b1fdb\",\"name\":\"La Gu\u00eda de Pamplona\",\"image\":{\"@type\":\"ImageObject\",\"inLanguage\":\"es\",\"@id\":\"https:\\\/\\\/secure.gravatar.com\\\/avatar\\\/b6992f131dc8d30ab0dff15446e9d346d9dbd95992de0fef795073f5ea83a81c?s=96&d=mm&r=g\",\"url\":\"https:\\\/\\\/secure.gravatar.com\\\/avatar\\\/b6992f131dc8d30ab0dff15446e9d346d9dbd95992de0fef795073f5ea83a81c?s=96&d=mm&r=g\",\"contentUrl\":\"https:\\\/\\\/secure.gravatar.com\\\/avatar\\\/b6992f131dc8d30ab0dff15446e9d346d9dbd95992de0fef795073f5ea83a81c?s=96&d=mm&r=g\",\"caption\":\"La Gu\u00eda de Pamplona\"}}]}<\/script>\n<!-- \/ Yoast SEO plugin. -->","yoast_head_json":{"title":"El Ayuntamiento de Pamplona ha comenzado los trabajos de mejora y acondicionamiento de los dos pasajes subterr\u00e1neos del barrio de San Jorge","description":"En la plazoleta del pasaje ubicado en la confluencia de las avenidas de San Jorge y Navarra se pintar\u00e1 un mural con escenas oto\u00f1ales","robots":{"index":"index","follow":"follow","max-snippet":"max-snippet:-1","max-image-preview":"max-image-preview:large","max-video-preview":"max-video-preview:-1"},"canonical":"https:\/\/www.laguiadepamplona.com\/actualidad\/el-ayuntamiento-de-pamplona-ha-comenzado-los-trabajos-de-mejora-y-acondicionamiento-de-los-dos-pasajes-subterraneos-del-barrio-de-san-jorge\/","og_locale":"es_ES","og_type":"article","og_title":"El Ayuntamiento de Pamplona ha comenzado los trabajos de mejora y acondicionamiento de los dos pasajes subterr\u00e1neos del barrio de San Jorge","og_description":"En la plazoleta del pasaje ubicado en la confluencia de las avenidas de San Jorge y Navarra se pintar\u00e1 un mural con escenas oto\u00f1ales","og_url":"https:\/\/www.laguiadepamplona.com\/actualidad\/el-ayuntamiento-de-pamplona-ha-comenzado-los-trabajos-de-mejora-y-acondicionamiento-de-los-dos-pasajes-subterraneos-del-barrio-de-san-jorge\/","og_site_name":"La Gu\u00eda de Pamplona","article_publisher":"https:\/\/www.facebook.com\/laguiadepamplonacom-133175176762273\/?ref=hl","article_published_time":"2021-08-24T13:17:12+00:00","article_modified_time":"2023-04-11T09:49:04+00:00","og_image":[{"width":1920,"height":1080,"url":"https:\/\/www.laguiadepamplona.com\/actualidad\/wp-content\/uploads\/2021\/08\/ayuntamiento-pamplona2.jpg","type":"image\/jpeg"}],"author":"La Gu\u00eda de Pamplona","twitter_card":"summary_large_image","twitter_creator":"@LaGuiadPamplona","twitter_site":"@LaGuiadPamplona","twitter_misc":{"Escrito por":"La Gu\u00eda de Pamplona","Tiempo de lectura":"2 minutos"},"schema":{"@context":"https:\/\/schema.org","@graph":[{"@type":"Article","@id":"https:\/\/www.laguiadepamplona.com\/actualidad\/el-ayuntamiento-de-pamplona-ha-comenzado-los-trabajos-de-mejora-y-acondicionamiento-de-los-dos-pasajes-subterraneos-del-barrio-de-san-jorge\/#article","isPartOf":{"@id":"https:\/\/www.laguiadepamplona.com\/actualidad\/el-ayuntamiento-de-pamplona-ha-comenzado-los-trabajos-de-mejora-y-acondicionamiento-de-los-dos-pasajes-subterraneos-del-barrio-de-san-jorge\/"},"author":{"name":"La Gu\u00eda de Pamplona","@id":"https:\/\/www.laguiadepamplona.com\/actualidad\/#\/schema\/person\/efe887376f0213d4657c93adc50b1fdb"},"headline":"El Ayuntamiento de Pamplona ha comenzado los trabajos de mejora y acondicionamiento de los dos pasajes subterr\u00e1neos del barrio de San Jorge","datePublished":"2021-08-24T13:17:12+00:00","dateModified":"2023-04-11T09:49:04+00:00","mainEntityOfPage":{"@id":"https:\/\/www.laguiadepamplona.com\/actualidad\/el-ayuntamiento-de-pamplona-ha-comenzado-los-trabajos-de-mejora-y-acondicionamiento-de-los-dos-pasajes-subterraneos-del-barrio-de-san-jorge\/"},"wordCount":374,"commentCount":0,"publisher":{"@id":"https:\/\/www.laguiadepamplona.com\/actualidad\/#organization"},"image":{"@id":"https:\/\/www.laguiadepamplona.com\/actualidad\/el-ayuntamiento-de-pamplona-ha-comenzado-los-trabajos-de-mejora-y-acondicionamiento-de-los-dos-pasajes-subterraneos-del-barrio-de-san-jorge\/#primaryimage"},"thumbnailUrl":"https:\/\/www.laguiadepamplona.com\/actualidad\/wp-content\/uploads\/2021\/08\/ayuntamiento-pamplona2.jpg","articleSection":["Ayto Pamplona"],"inLanguage":"es","potentialAction":[{"@type":"CommentAction","name":"Comment","target":["https:\/\/www.laguiadepamplona.com\/actualidad\/el-ayuntamiento-de-pamplona-ha-comenzado-los-trabajos-de-mejora-y-acondicionamiento-de-los-dos-pasajes-subterraneos-del-barrio-de-san-jorge\/#respond"]}]},{"@type":"WebPage","@id":"https:\/\/www.laguiadepamplona.com\/actualidad\/el-ayuntamiento-de-pamplona-ha-comenzado-los-trabajos-de-mejora-y-acondicionamiento-de-los-dos-pasajes-subterraneos-del-barrio-de-san-jorge\/","url":"https:\/\/www.laguiadepamplona.com\/actualidad\/el-ayuntamiento-de-pamplona-ha-comenzado-los-trabajos-de-mejora-y-acondicionamiento-de-los-dos-pasajes-subterraneos-del-barrio-de-san-jorge\/","name":"El Ayuntamiento de Pamplona ha comenzado los trabajos de mejora y acondicionamiento de los dos pasajes subterr\u00e1neos del barrio de San Jorge","isPartOf":{"@id":"https:\/\/www.laguiadepamplona.com\/actualidad\/#website"},"primaryImageOfPage":{"@id":"https:\/\/www.laguiadepamplona.com\/actualidad\/el-ayuntamiento-de-pamplona-ha-comenzado-los-trabajos-de-mejora-y-acondicionamiento-de-los-dos-pasajes-subterraneos-del-barrio-de-san-jorge\/#primaryimage"},"image":{"@id":"https:\/\/www.laguiadepamplona.com\/actualidad\/el-ayuntamiento-de-pamplona-ha-comenzado-los-trabajos-de-mejora-y-acondicionamiento-de-los-dos-pasajes-subterraneos-del-barrio-de-san-jorge\/#primaryimage"},"thumbnailUrl":"https:\/\/www.laguiadepamplona.com\/actualidad\/wp-content\/uploads\/2021\/08\/ayuntamiento-pamplona2.jpg","datePublished":"2021-08-24T13:17:12+00:00","dateModified":"2023-04-11T09:49:04+00:00","description":"En la plazoleta del pasaje ubicado en la confluencia de las avenidas de San Jorge y Navarra se pintar\u00e1 un mural con escenas oto\u00f1ales","breadcrumb":{"@id":"https:\/\/www.laguiadepamplona.com\/actualidad\/el-ayuntamiento-de-pamplona-ha-comenzado-los-trabajos-de-mejora-y-acondicionamiento-de-los-dos-pasajes-subterraneos-del-barrio-de-san-jorge\/#breadcrumb"},"inLanguage":"es","potentialAction":[{"@type":"ReadAction","target":["https:\/\/www.laguiadepamplona.com\/actualidad\/el-ayuntamiento-de-pamplona-ha-comenzado-los-trabajos-de-mejora-y-acondicionamiento-de-los-dos-pasajes-subterraneos-del-barrio-de-san-jorge\/"]}]},{"@type":"ImageObject","inLanguage":"es","@id":"https:\/\/www.laguiadepamplona.com\/actualidad\/el-ayuntamiento-de-pamplona-ha-comenzado-los-trabajos-de-mejora-y-acondicionamiento-de-los-dos-pasajes-subterraneos-del-barrio-de-san-jorge\/#primaryimage","url":"https:\/\/www.laguiadepamplona.com\/actualidad\/wp-content\/uploads\/2021\/08\/ayuntamiento-pamplona2.jpg","contentUrl":"https:\/\/www.laguiadepamplona.com\/actualidad\/wp-content\/uploads\/2021\/08\/ayuntamiento-pamplona2.jpg","width":1920,"height":1080,"caption":"ayuntamiento pamplona"},{"@type":"BreadcrumbList","@id":"https:\/\/www.laguiadepamplona.com\/actualidad\/el-ayuntamiento-de-pamplona-ha-comenzado-los-trabajos-de-mejora-y-acondicionamiento-de-los-dos-pasajes-subterraneos-del-barrio-de-san-jorge\/#breadcrumb","itemListElement":[{"@type":"ListItem","position":1,"name":"Portada","item":"https:\/\/www.laguiadepamplona.com\/actualidad\/"},{"@type":"ListItem","position":2,"name":"El Ayuntamiento de Pamplona ha comenzado los trabajos de mejora y acondicionamiento de los dos pasajes subterr\u00e1neos del barrio de San Jorge"}]},{"@type":"WebSite","@id":"https:\/\/www.laguiadepamplona.com\/actualidad\/#website","url":"https:\/\/www.laguiadepamplona.com\/actualidad\/","name":"La gu\u00eda de Pamplona","description":"Noticias de Pamplona","publisher":{"@id":"https:\/\/www.laguiadepamplona.com\/actualidad\/#organization"},"potentialAction":[{"@type":"SearchAction","target":{"@type":"EntryPoint","urlTemplate":"https:\/\/www.laguiadepamplona.com\/actualidad\/?s={search_term_string}"},"query-input":{"@type":"PropertyValueSpecification","valueRequired":true,"valueName":"search_term_string"}}],"inLanguage":"es"},{"@type":"Organization","@id":"https:\/\/www.laguiadepamplona.com\/actualidad\/#organization","name":"La Gu\u00eda de Pamplona \/ Noticias","url":"https:\/\/www.laguiadepamplona.com\/actualidad\/","logo":{"@type":"ImageObject","inLanguage":"es","@id":"https:\/\/www.laguiadepamplona.com\/actualidad\/#\/schema\/logo\/image\/","url":"https:\/\/www.laguiadepamplona.com\/actualidad\/wp-content\/uploads\/2018\/11\/logo-laguiadepamplona18-web1.png","contentUrl":"https:\/\/www.laguiadepamplona.com\/actualidad\/wp-content\/uploads\/2018\/11\/logo-laguiadepamplona18-web1.png","width":600,"height":196,"caption":"La Gu\u00eda de Pamplona \/ Noticias"},"image":{"@id":"https:\/\/www.laguiadepamplona.com\/actualidad\/#\/schema\/logo\/image\/"},"sameAs":["https:\/\/www.facebook.com\/laguiadepamplonacom-133175176762273\/?ref=hl","https:\/\/x.com\/LaGuiadPamplona","https:\/\/www.instagram.com\/la_guia_de_pamplona\/","https:\/\/www.youtube.com\/user\/laguiadepamplona"]},{"@type":"Person","@id":"https:\/\/www.laguiadepamplona.com\/actualidad\/#\/schema\/person\/efe887376f0213d4657c93adc50b1fdb","name":"La Gu\u00eda de Pamplona","image":{"@type":"ImageObject","inLanguage":"es","@id":"https:\/\/secure.gravatar.com\/avatar\/b6992f131dc8d30ab0dff15446e9d346d9dbd95992de0fef795073f5ea83a81c?s=96&d=mm&r=g","url":"https:\/\/secure.gravatar.com\/avatar\/b6992f131dc8d30ab0dff15446e9d346d9dbd95992de0fef795073f5ea83a81c?s=96&d=mm&r=g","contentUrl":"https:\/\/secure.gravatar.com\/avatar\/b6992f131dc8d30ab0dff15446e9d346d9dbd95992de0fef795073f5ea83a81c?s=96&d=mm&r=g","caption":"La Gu\u00eda de Pamplona"}}]}},"post_mailing_queue_ids":[],"_links":{"self":[{"href":"https:\/\/www.laguiadepamplona.com\/actualidad\/wp-json\/wp\/v2\/posts\/36304","targetHints":{"allow":["GET"]}}],"collection":[{"href":"https:\/\/www.laguiadepamplona.com\/actualidad\/wp-json\/wp\/v2\/posts"}],"about":[{"href":"https:\/\/www.laguiadepamplona.com\/actualidad\/wp-json\/wp\/v2\/types\/post"}],"author":[{"embeddable":true,"href":"https:\/\/www.laguiadepamplona.com\/actualidad\/wp-json\/wp\/v2\/users\/1"}],"replies":[{"embeddable":true,"href":"https:\/\/www.laguiadepamplona.com\/actualidad\/wp-json\/wp\/v2\/comments?post=36304"}],"version-history":[{"count":0,"href":"https:\/\/www.laguiadepamplona.com\/actualidad\/wp-json\/wp\/v2\/posts\/36304\/revisions"}],"wp:featuredmedia":[{"embeddable":true,"href":"https:\/\/www.laguiadepamplona.com\/actualidad\/wp-json\/wp\/v2\/media\/36074"}],"wp:attachment":[{"href":"https:\/\/www.laguiadepamplona.com\/actualidad\/wp-json\/wp\/v2\/media?parent=36304"}],"wp:term":[{"taxonomy":"category","embeddable":true,"href":"https:\/\/www.laguiadepamplona.com\/actualidad\/wp-json\/wp\/v2\/categories?post=36304"},{"taxonomy":"post_tag","embeddable":true,"href":"https:\/\/www.laguiadepamplona.com\/actualidad\/wp-json\/wp\/v2\/tags?post=36304"}],"curies":[{"name":"wp","href":"https:\/\/api.w.org\/{rel}","templated":true}]}}