{"id":36293,"date":"2021-08-23T18:49:27","date_gmt":"2021-08-23T16:49:27","guid":{"rendered":"https:\/\/www.laguiadepamplona.com\/actualidad\/?p=36293"},"modified":"2023-04-11T11:49:04","modified_gmt":"2023-04-11T09:49:04","slug":"la-primera-teniente-de-alcalde-de-pamplona-se-reune-con-el-embajador-de-la-republica-de-eslovenia-en-espana-que-se-encuentra-de-visita-en-la-ciudad","status":"publish","type":"post","link":"https:\/\/www.laguiadepamplona.com\/actualidad\/la-primera-teniente-de-alcalde-de-pamplona-se-reune-con-el-embajador-de-la-republica-de-eslovenia-en-espana-que-se-encuentra-de-visita-en-la-ciudad\/","title":{"rendered":"La primera teniente de alcalde de Pamplona se re\u00fane con el embajador de la Rep\u00fablica de Eslovenia en Espa\u00f1a que se encuentra de visita en la ciudad"},"content":{"rendered":"<p><!--more--><\/p>\n<p>La primera teniente de alcalde de Pamplona, Ana Elizalde, se ha reunido esta ma\u00f1ana con el embajador de la Rep\u00fablica de Eslovenia, Robert Krmelj. El encuentro se enmarca en las visitas de cortes\u00eda que est\u00e1 realizando el embajador en su visita a la ciudad. Robert Krmelj va a participar en los III Cursos de Verano que comienzan ma\u00f1ana martes en Pamplona y se desarrollar\u00e1n hasta el 26 de agosto bajo el t\u00edtulo \u2018La triple recuperaci\u00f3n de Europa\u2019 con Eslovenia como pa\u00eds invitado.<\/p>\n<p><script async src=\"\/\/pagead2.googlesyndication.com\/pagead\/js\/adsbygoogle.js\"><\/script><br \/>\n<!-- Noticias La Guia de Pamplona --><br \/>\n<ins class=\"adsbygoogle\"\nstyle=\"display:block\"\ndata-ad-client=\"ca-pub-6943679897239327\"\ndata-ad-slot=\"7048180777\"\ndata-ad-format=\"auto\"><\/ins><br \/>\n<script>\n(adsbygoogle = window.adsbygoogle || []).push({});\n<\/script><\/p>\n<p>Situada en el centro de Europa, Eslovenia ocupa, hasta el 31 de diciembre, la presidencia del Consejo de la Uni\u00f3n Europea. Alcanz\u00f3 su independencia de Yugoslavia en 1991 y actualmente tiene una poblaci\u00f3n de algo m\u00e1s de 2 millones de habitantes. Con una extensi\u00f3n de 20.000 km<sup>2<\/sup>, un 60% de su territorio est\u00e1 ocupado por bosques. Entre los referentes con los que se quiere identificar se encuentran la gastronom\u00eda (fue nombrada la Regi\u00f3n Europea de la Gastronom\u00eda para 2021), la sostenibilidad y el impulso al sector econ\u00f3mico de los servicios (tecnolog\u00eda, farmac\u00e9uticas y automoci\u00f3n).<\/p>\n<p>Robert Krmelj (Kranj, 1962) ocupa el puesto de embajador en Espa\u00f1a desde 2020. Est\u00e1 licenciado en Ciencias Pol\u00edticas, especializado en Relaciones Internacionales, por la universidad de Luibliana y cuenta con un m\u00e1ster en Diplomacia por la universidad de Malta. Lleg\u00f3 a Madrid tras trabajar en el Ministerio de Asuntos Exteriores y estar al frente de la embajada de Polonia, donde fue condecorado con la Cruz del Comandante de la Orden del M\u00e9rito de la Rep\u00fablica de Polonia. Tambi\u00e9n ha desarrollado su labor diplom\u00e1tica en otros pa\u00edses como Croacia y Dinamarca.<\/p>\n","protected":false},"excerpt":{"rendered":"","protected":false},"author":1,"featured_media":36294,"comment_status":"open","ping_status":"closed","sticky":false,"template":"","format":"standard","meta":{"footnotes":""},"categories":[2],"tags":[],"class_list":["post-36293","post","type-post","status-publish","format-standard","has-post-thumbnail","hentry","category-ayuntamiento-pamplona"],"yoast_head":"<!-- This site is optimized with the Yoast SEO plugin v27.5 - https:\/\/yoast.com\/product\/yoast-seo-wordpress\/ -->\n<title>La primera teniente de alcalde de Pamplona se re\u00fane con el embajador de la Rep\u00fablica de Eslovenia en Espa\u00f1a que se encuentra de visita en la ciudad<\/title>\n<meta name=\"description\" content=\"Robert Krmelj va a participar en los III Cursos de Verano que comienzan ma\u00f1ana martes en Pamplona\" \/>\n<meta name=\"robots\" content=\"index, follow, max-snippet:-1, max-image-preview:large, max-video-preview:-1\" \/>\n<link rel=\"canonical\" href=\"https:\/\/www.laguiadepamplona.com\/actualidad\/la-primera-teniente-de-alcalde-de-pamplona-se-reune-con-el-embajador-de-la-republica-de-eslovenia-en-espana-que-se-encuentra-de-visita-en-la-ciudad\/\" \/>\n<meta property=\"og:locale\" content=\"es_ES\" \/>\n<meta property=\"og:type\" content=\"article\" \/>\n<meta property=\"og:title\" content=\"La primera teniente de alcalde de Pamplona se re\u00fane con el embajador de la Rep\u00fablica de Eslovenia en Espa\u00f1a que se encuentra de visita en la ciudad\" \/>\n<meta property=\"og:description\" content=\"Robert Krmelj va a participar en los III Cursos de Verano que comienzan ma\u00f1ana martes en Pamplona\" \/>\n<meta property=\"og:url\" content=\"https:\/\/www.laguiadepamplona.com\/actualidad\/la-primera-teniente-de-alcalde-de-pamplona-se-reune-con-el-embajador-de-la-republica-de-eslovenia-en-espana-que-se-encuentra-de-visita-en-la-ciudad\/\" \/>\n<meta property=\"og:site_name\" content=\"La Gu\u00eda de Pamplona\" \/>\n<meta property=\"article:publisher\" content=\"https:\/\/www.facebook.com\/laguiadepamplonacom-133175176762273\/?ref=hl\" \/>\n<meta property=\"article:published_time\" content=\"2021-08-23T16:49:27+00:00\" \/>\n<meta property=\"article:modified_time\" content=\"2023-04-11T09:49:04+00:00\" \/>\n<meta property=\"og:image\" content=\"https:\/\/www.laguiadepamplona.com\/actualidad\/wp-content\/uploads\/2021\/08\/embajador_eslovenia_robert_kjrmel_ee5a2574.jpg\" \/>\n\t<meta property=\"og:image:width\" content=\"1920\" \/>\n\t<meta property=\"og:image:height\" content=\"1280\" \/>\n\t<meta property=\"og:image:type\" content=\"image\/jpeg\" \/>\n<meta name=\"author\" content=\"La Gu\u00eda de Pamplona\" \/>\n<meta name=\"twitter:card\" content=\"summary_large_image\" \/>\n<meta name=\"twitter:creator\" content=\"@LaGuiadPamplona\" \/>\n<meta name=\"twitter:site\" content=\"@LaGuiadPamplona\" \/>\n<meta name=\"twitter:label1\" content=\"Escrito por\" \/>\n\t<meta name=\"twitter:data1\" content=\"La Gu\u00eda de Pamplona\" \/>\n\t<meta name=\"twitter:label2\" content=\"Tiempo de lectura\" \/>\n\t<meta name=\"twitter:data2\" content=\"2 minutos\" \/>\n<script type=\"application\/ld+json\" class=\"yoast-schema-graph\">{\"@context\":\"https:\\\/\\\/schema.org\",\"@graph\":[{\"@type\":\"Article\",\"@id\":\"https:\\\/\\\/www.laguiadepamplona.com\\\/actualidad\\\/la-primera-teniente-de-alcalde-de-pamplona-se-reune-con-el-embajador-de-la-republica-de-eslovenia-en-espana-que-se-encuentra-de-visita-en-la-ciudad\\\/#article\",\"isPartOf\":{\"@id\":\"https:\\\/\\\/www.laguiadepamplona.com\\\/actualidad\\\/la-primera-teniente-de-alcalde-de-pamplona-se-reune-con-el-embajador-de-la-republica-de-eslovenia-en-espana-que-se-encuentra-de-visita-en-la-ciudad\\\/\"},\"author\":{\"name\":\"La Gu\u00eda de Pamplona\",\"@id\":\"https:\\\/\\\/www.laguiadepamplona.com\\\/actualidad\\\/#\\\/schema\\\/person\\\/efe887376f0213d4657c93adc50b1fdb\"},\"headline\":\"La primera teniente de alcalde de Pamplona se re\u00fane con el embajador de la Rep\u00fablica de Eslovenia en Espa\u00f1a que se encuentra de visita en la ciudad\",\"datePublished\":\"2021-08-23T16:49:27+00:00\",\"dateModified\":\"2023-04-11T09:49:04+00:00\",\"mainEntityOfPage\":{\"@id\":\"https:\\\/\\\/www.laguiadepamplona.com\\\/actualidad\\\/la-primera-teniente-de-alcalde-de-pamplona-se-reune-con-el-embajador-de-la-republica-de-eslovenia-en-espana-que-se-encuentra-de-visita-en-la-ciudad\\\/\"},\"wordCount\":314,\"commentCount\":0,\"publisher\":{\"@id\":\"https:\\\/\\\/www.laguiadepamplona.com\\\/actualidad\\\/#organization\"},\"image\":{\"@id\":\"https:\\\/\\\/www.laguiadepamplona.com\\\/actualidad\\\/la-primera-teniente-de-alcalde-de-pamplona-se-reune-con-el-embajador-de-la-republica-de-eslovenia-en-espana-que-se-encuentra-de-visita-en-la-ciudad\\\/#primaryimage\"},\"thumbnailUrl\":\"https:\\\/\\\/www.laguiadepamplona.com\\\/actualidad\\\/wp-content\\\/uploads\\\/2021\\\/08\\\/embajador_eslovenia_robert_kjrmel_ee5a2574.jpg\",\"articleSection\":[\"Ayto Pamplona\"],\"inLanguage\":\"es\",\"potentialAction\":[{\"@type\":\"CommentAction\",\"name\":\"Comment\",\"target\":[\"https:\\\/\\\/www.laguiadepamplona.com\\\/actualidad\\\/la-primera-teniente-de-alcalde-de-pamplona-se-reune-con-el-embajador-de-la-republica-de-eslovenia-en-espana-que-se-encuentra-de-visita-en-la-ciudad\\\/#respond\"]}]},{\"@type\":\"WebPage\",\"@id\":\"https:\\\/\\\/www.laguiadepamplona.com\\\/actualidad\\\/la-primera-teniente-de-alcalde-de-pamplona-se-reune-con-el-embajador-de-la-republica-de-eslovenia-en-espana-que-se-encuentra-de-visita-en-la-ciudad\\\/\",\"url\":\"https:\\\/\\\/www.laguiadepamplona.com\\\/actualidad\\\/la-primera-teniente-de-alcalde-de-pamplona-se-reune-con-el-embajador-de-la-republica-de-eslovenia-en-espana-que-se-encuentra-de-visita-en-la-ciudad\\\/\",\"name\":\"La primera teniente de alcalde de Pamplona se re\u00fane con el embajador de la Rep\u00fablica de Eslovenia en Espa\u00f1a que se encuentra de visita en la ciudad\",\"isPartOf\":{\"@id\":\"https:\\\/\\\/www.laguiadepamplona.com\\\/actualidad\\\/#website\"},\"primaryImageOfPage\":{\"@id\":\"https:\\\/\\\/www.laguiadepamplona.com\\\/actualidad\\\/la-primera-teniente-de-alcalde-de-pamplona-se-reune-con-el-embajador-de-la-republica-de-eslovenia-en-espana-que-se-encuentra-de-visita-en-la-ciudad\\\/#primaryimage\"},\"image\":{\"@id\":\"https:\\\/\\\/www.laguiadepamplona.com\\\/actualidad\\\/la-primera-teniente-de-alcalde-de-pamplona-se-reune-con-el-embajador-de-la-republica-de-eslovenia-en-espana-que-se-encuentra-de-visita-en-la-ciudad\\\/#primaryimage\"},\"thumbnailUrl\":\"https:\\\/\\\/www.laguiadepamplona.com\\\/actualidad\\\/wp-content\\\/uploads\\\/2021\\\/08\\\/embajador_eslovenia_robert_kjrmel_ee5a2574.jpg\",\"datePublished\":\"2021-08-23T16:49:27+00:00\",\"dateModified\":\"2023-04-11T09:49:04+00:00\",\"description\":\"Robert Krmelj va a participar en los III Cursos de Verano que comienzan ma\u00f1ana martes en Pamplona\",\"breadcrumb\":{\"@id\":\"https:\\\/\\\/www.laguiadepamplona.com\\\/actualidad\\\/la-primera-teniente-de-alcalde-de-pamplona-se-reune-con-el-embajador-de-la-republica-de-eslovenia-en-espana-que-se-encuentra-de-visita-en-la-ciudad\\\/#breadcrumb\"},\"inLanguage\":\"es\",\"potentialAction\":[{\"@type\":\"ReadAction\",\"target\":[\"https:\\\/\\\/www.laguiadepamplona.com\\\/actualidad\\\/la-primera-teniente-de-alcalde-de-pamplona-se-reune-con-el-embajador-de-la-republica-de-eslovenia-en-espana-que-se-encuentra-de-visita-en-la-ciudad\\\/\"]}]},{\"@type\":\"ImageObject\",\"inLanguage\":\"es\",\"@id\":\"https:\\\/\\\/www.laguiadepamplona.com\\\/actualidad\\\/la-primera-teniente-de-alcalde-de-pamplona-se-reune-con-el-embajador-de-la-republica-de-eslovenia-en-espana-que-se-encuentra-de-visita-en-la-ciudad\\\/#primaryimage\",\"url\":\"https:\\\/\\\/www.laguiadepamplona.com\\\/actualidad\\\/wp-content\\\/uploads\\\/2021\\\/08\\\/embajador_eslovenia_robert_kjrmel_ee5a2574.jpg\",\"contentUrl\":\"https:\\\/\\\/www.laguiadepamplona.com\\\/actualidad\\\/wp-content\\\/uploads\\\/2021\\\/08\\\/embajador_eslovenia_robert_kjrmel_ee5a2574.jpg\",\"width\":1920,\"height\":1280,\"caption\":\"Recibe la Tenienete de Alcalde: Ana Elizalde\"},{\"@type\":\"BreadcrumbList\",\"@id\":\"https:\\\/\\\/www.laguiadepamplona.com\\\/actualidad\\\/la-primera-teniente-de-alcalde-de-pamplona-se-reune-con-el-embajador-de-la-republica-de-eslovenia-en-espana-que-se-encuentra-de-visita-en-la-ciudad\\\/#breadcrumb\",\"itemListElement\":[{\"@type\":\"ListItem\",\"position\":1,\"name\":\"Portada\",\"item\":\"https:\\\/\\\/www.laguiadepamplona.com\\\/actualidad\\\/\"},{\"@type\":\"ListItem\",\"position\":2,\"name\":\"La primera teniente de alcalde de Pamplona se re\u00fane con el embajador de la Rep\u00fablica de Eslovenia en Espa\u00f1a que se encuentra de visita en la ciudad\"}]},{\"@type\":\"WebSite\",\"@id\":\"https:\\\/\\\/www.laguiadepamplona.com\\\/actualidad\\\/#website\",\"url\":\"https:\\\/\\\/www.laguiadepamplona.com\\\/actualidad\\\/\",\"name\":\"La gu\u00eda de Pamplona\",\"description\":\"Noticias de Pamplona\",\"publisher\":{\"@id\":\"https:\\\/\\\/www.laguiadepamplona.com\\\/actualidad\\\/#organization\"},\"potentialAction\":[{\"@type\":\"SearchAction\",\"target\":{\"@type\":\"EntryPoint\",\"urlTemplate\":\"https:\\\/\\\/www.laguiadepamplona.com\\\/actualidad\\\/?s={search_term_string}\"},\"query-input\":{\"@type\":\"PropertyValueSpecification\",\"valueRequired\":true,\"valueName\":\"search_term_string\"}}],\"inLanguage\":\"es\"},{\"@type\":\"Organization\",\"@id\":\"https:\\\/\\\/www.laguiadepamplona.com\\\/actualidad\\\/#organization\",\"name\":\"La Gu\u00eda de Pamplona \\\/ Noticias\",\"url\":\"https:\\\/\\\/www.laguiadepamplona.com\\\/actualidad\\\/\",\"logo\":{\"@type\":\"ImageObject\",\"inLanguage\":\"es\",\"@id\":\"https:\\\/\\\/www.laguiadepamplona.com\\\/actualidad\\\/#\\\/schema\\\/logo\\\/image\\\/\",\"url\":\"https:\\\/\\\/www.laguiadepamplona.com\\\/actualidad\\\/wp-content\\\/uploads\\\/2018\\\/11\\\/logo-laguiadepamplona18-web1.png\",\"contentUrl\":\"https:\\\/\\\/www.laguiadepamplona.com\\\/actualidad\\\/wp-content\\\/uploads\\\/2018\\\/11\\\/logo-laguiadepamplona18-web1.png\",\"width\":600,\"height\":196,\"caption\":\"La Gu\u00eda de Pamplona \\\/ Noticias\"},\"image\":{\"@id\":\"https:\\\/\\\/www.laguiadepamplona.com\\\/actualidad\\\/#\\\/schema\\\/logo\\\/image\\\/\"},\"sameAs\":[\"https:\\\/\\\/www.facebook.com\\\/laguiadepamplonacom-133175176762273\\\/?ref=hl\",\"https:\\\/\\\/x.com\\\/LaGuiadPamplona\",\"https:\\\/\\\/www.instagram.com\\\/la_guia_de_pamplona\\\/\",\"https:\\\/\\\/www.youtube.com\\\/user\\\/laguiadepamplona\"]},{\"@type\":\"Person\",\"@id\":\"https:\\\/\\\/www.laguiadepamplona.com\\\/actualidad\\\/#\\\/schema\\\/person\\\/efe887376f0213d4657c93adc50b1fdb\",\"name\":\"La Gu\u00eda de Pamplona\",\"image\":{\"@type\":\"ImageObject\",\"inLanguage\":\"es\",\"@id\":\"https:\\\/\\\/secure.gravatar.com\\\/avatar\\\/b6992f131dc8d30ab0dff15446e9d346d9dbd95992de0fef795073f5ea83a81c?s=96&d=mm&r=g\",\"url\":\"https:\\\/\\\/secure.gravatar.com\\\/avatar\\\/b6992f131dc8d30ab0dff15446e9d346d9dbd95992de0fef795073f5ea83a81c?s=96&d=mm&r=g\",\"contentUrl\":\"https:\\\/\\\/secure.gravatar.com\\\/avatar\\\/b6992f131dc8d30ab0dff15446e9d346d9dbd95992de0fef795073f5ea83a81c?s=96&d=mm&r=g\",\"caption\":\"La Gu\u00eda de Pamplona\"}}]}<\/script>\n<!-- \/ Yoast SEO plugin. -->","yoast_head_json":{"title":"La primera teniente de alcalde de Pamplona se re\u00fane con el embajador de la Rep\u00fablica de Eslovenia en Espa\u00f1a que se encuentra de visita en la ciudad","description":"Robert Krmelj va a participar en los III Cursos de Verano que comienzan ma\u00f1ana martes en Pamplona","robots":{"index":"index","follow":"follow","max-snippet":"max-snippet:-1","max-image-preview":"max-image-preview:large","max-video-preview":"max-video-preview:-1"},"canonical":"https:\/\/www.laguiadepamplona.com\/actualidad\/la-primera-teniente-de-alcalde-de-pamplona-se-reune-con-el-embajador-de-la-republica-de-eslovenia-en-espana-que-se-encuentra-de-visita-en-la-ciudad\/","og_locale":"es_ES","og_type":"article","og_title":"La primera teniente de alcalde de Pamplona se re\u00fane con el embajador de la Rep\u00fablica de Eslovenia en Espa\u00f1a que se encuentra de visita en la ciudad","og_description":"Robert Krmelj va a participar en los III Cursos de Verano que comienzan ma\u00f1ana martes en Pamplona","og_url":"https:\/\/www.laguiadepamplona.com\/actualidad\/la-primera-teniente-de-alcalde-de-pamplona-se-reune-con-el-embajador-de-la-republica-de-eslovenia-en-espana-que-se-encuentra-de-visita-en-la-ciudad\/","og_site_name":"La Gu\u00eda de Pamplona","article_publisher":"https:\/\/www.facebook.com\/laguiadepamplonacom-133175176762273\/?ref=hl","article_published_time":"2021-08-23T16:49:27+00:00","article_modified_time":"2023-04-11T09:49:04+00:00","og_image":[{"width":1920,"height":1280,"url":"https:\/\/www.laguiadepamplona.com\/actualidad\/wp-content\/uploads\/2021\/08\/embajador_eslovenia_robert_kjrmel_ee5a2574.jpg","type":"image\/jpeg"}],"author":"La Gu\u00eda de Pamplona","twitter_card":"summary_large_image","twitter_creator":"@LaGuiadPamplona","twitter_site":"@LaGuiadPamplona","twitter_misc":{"Escrito por":"La Gu\u00eda de Pamplona","Tiempo de lectura":"2 minutos"},"schema":{"@context":"https:\/\/schema.org","@graph":[{"@type":"Article","@id":"https:\/\/www.laguiadepamplona.com\/actualidad\/la-primera-teniente-de-alcalde-de-pamplona-se-reune-con-el-embajador-de-la-republica-de-eslovenia-en-espana-que-se-encuentra-de-visita-en-la-ciudad\/#article","isPartOf":{"@id":"https:\/\/www.laguiadepamplona.com\/actualidad\/la-primera-teniente-de-alcalde-de-pamplona-se-reune-con-el-embajador-de-la-republica-de-eslovenia-en-espana-que-se-encuentra-de-visita-en-la-ciudad\/"},"author":{"name":"La Gu\u00eda de Pamplona","@id":"https:\/\/www.laguiadepamplona.com\/actualidad\/#\/schema\/person\/efe887376f0213d4657c93adc50b1fdb"},"headline":"La primera teniente de alcalde de Pamplona se re\u00fane con el embajador de la Rep\u00fablica de Eslovenia en Espa\u00f1a que se encuentra de visita en la ciudad","datePublished":"2021-08-23T16:49:27+00:00","dateModified":"2023-04-11T09:49:04+00:00","mainEntityOfPage":{"@id":"https:\/\/www.laguiadepamplona.com\/actualidad\/la-primera-teniente-de-alcalde-de-pamplona-se-reune-con-el-embajador-de-la-republica-de-eslovenia-en-espana-que-se-encuentra-de-visita-en-la-ciudad\/"},"wordCount":314,"commentCount":0,"publisher":{"@id":"https:\/\/www.laguiadepamplona.com\/actualidad\/#organization"},"image":{"@id":"https:\/\/www.laguiadepamplona.com\/actualidad\/la-primera-teniente-de-alcalde-de-pamplona-se-reune-con-el-embajador-de-la-republica-de-eslovenia-en-espana-que-se-encuentra-de-visita-en-la-ciudad\/#primaryimage"},"thumbnailUrl":"https:\/\/www.laguiadepamplona.com\/actualidad\/wp-content\/uploads\/2021\/08\/embajador_eslovenia_robert_kjrmel_ee5a2574.jpg","articleSection":["Ayto Pamplona"],"inLanguage":"es","potentialAction":[{"@type":"CommentAction","name":"Comment","target":["https:\/\/www.laguiadepamplona.com\/actualidad\/la-primera-teniente-de-alcalde-de-pamplona-se-reune-con-el-embajador-de-la-republica-de-eslovenia-en-espana-que-se-encuentra-de-visita-en-la-ciudad\/#respond"]}]},{"@type":"WebPage","@id":"https:\/\/www.laguiadepamplona.com\/actualidad\/la-primera-teniente-de-alcalde-de-pamplona-se-reune-con-el-embajador-de-la-republica-de-eslovenia-en-espana-que-se-encuentra-de-visita-en-la-ciudad\/","url":"https:\/\/www.laguiadepamplona.com\/actualidad\/la-primera-teniente-de-alcalde-de-pamplona-se-reune-con-el-embajador-de-la-republica-de-eslovenia-en-espana-que-se-encuentra-de-visita-en-la-ciudad\/","name":"La primera teniente de alcalde de Pamplona se re\u00fane con el embajador de la Rep\u00fablica de Eslovenia en Espa\u00f1a que se encuentra de visita en la ciudad","isPartOf":{"@id":"https:\/\/www.laguiadepamplona.com\/actualidad\/#website"},"primaryImageOfPage":{"@id":"https:\/\/www.laguiadepamplona.com\/actualidad\/la-primera-teniente-de-alcalde-de-pamplona-se-reune-con-el-embajador-de-la-republica-de-eslovenia-en-espana-que-se-encuentra-de-visita-en-la-ciudad\/#primaryimage"},"image":{"@id":"https:\/\/www.laguiadepamplona.com\/actualidad\/la-primera-teniente-de-alcalde-de-pamplona-se-reune-con-el-embajador-de-la-republica-de-eslovenia-en-espana-que-se-encuentra-de-visita-en-la-ciudad\/#primaryimage"},"thumbnailUrl":"https:\/\/www.laguiadepamplona.com\/actualidad\/wp-content\/uploads\/2021\/08\/embajador_eslovenia_robert_kjrmel_ee5a2574.jpg","datePublished":"2021-08-23T16:49:27+00:00","dateModified":"2023-04-11T09:49:04+00:00","description":"Robert Krmelj va a participar en los III Cursos de Verano que comienzan ma\u00f1ana martes en Pamplona","breadcrumb":{"@id":"https:\/\/www.laguiadepamplona.com\/actualidad\/la-primera-teniente-de-alcalde-de-pamplona-se-reune-con-el-embajador-de-la-republica-de-eslovenia-en-espana-que-se-encuentra-de-visita-en-la-ciudad\/#breadcrumb"},"inLanguage":"es","potentialAction":[{"@type":"ReadAction","target":["https:\/\/www.laguiadepamplona.com\/actualidad\/la-primera-teniente-de-alcalde-de-pamplona-se-reune-con-el-embajador-de-la-republica-de-eslovenia-en-espana-que-se-encuentra-de-visita-en-la-ciudad\/"]}]},{"@type":"ImageObject","inLanguage":"es","@id":"https:\/\/www.laguiadepamplona.com\/actualidad\/la-primera-teniente-de-alcalde-de-pamplona-se-reune-con-el-embajador-de-la-republica-de-eslovenia-en-espana-que-se-encuentra-de-visita-en-la-ciudad\/#primaryimage","url":"https:\/\/www.laguiadepamplona.com\/actualidad\/wp-content\/uploads\/2021\/08\/embajador_eslovenia_robert_kjrmel_ee5a2574.jpg","contentUrl":"https:\/\/www.laguiadepamplona.com\/actualidad\/wp-content\/uploads\/2021\/08\/embajador_eslovenia_robert_kjrmel_ee5a2574.jpg","width":1920,"height":1280,"caption":"Recibe la Tenienete de Alcalde: Ana Elizalde"},{"@type":"BreadcrumbList","@id":"https:\/\/www.laguiadepamplona.com\/actualidad\/la-primera-teniente-de-alcalde-de-pamplona-se-reune-con-el-embajador-de-la-republica-de-eslovenia-en-espana-que-se-encuentra-de-visita-en-la-ciudad\/#breadcrumb","itemListElement":[{"@type":"ListItem","position":1,"name":"Portada","item":"https:\/\/www.laguiadepamplona.com\/actualidad\/"},{"@type":"ListItem","position":2,"name":"La primera teniente de alcalde de Pamplona se re\u00fane con el embajador de la Rep\u00fablica de Eslovenia en Espa\u00f1a que se encuentra de visita en la ciudad"}]},{"@type":"WebSite","@id":"https:\/\/www.laguiadepamplona.com\/actualidad\/#website","url":"https:\/\/www.laguiadepamplona.com\/actualidad\/","name":"La gu\u00eda de Pamplona","description":"Noticias de Pamplona","publisher":{"@id":"https:\/\/www.laguiadepamplona.com\/actualidad\/#organization"},"potentialAction":[{"@type":"SearchAction","target":{"@type":"EntryPoint","urlTemplate":"https:\/\/www.laguiadepamplona.com\/actualidad\/?s={search_term_string}"},"query-input":{"@type":"PropertyValueSpecification","valueRequired":true,"valueName":"search_term_string"}}],"inLanguage":"es"},{"@type":"Organization","@id":"https:\/\/www.laguiadepamplona.com\/actualidad\/#organization","name":"La Gu\u00eda de Pamplona \/ Noticias","url":"https:\/\/www.laguiadepamplona.com\/actualidad\/","logo":{"@type":"ImageObject","inLanguage":"es","@id":"https:\/\/www.laguiadepamplona.com\/actualidad\/#\/schema\/logo\/image\/","url":"https:\/\/www.laguiadepamplona.com\/actualidad\/wp-content\/uploads\/2018\/11\/logo-laguiadepamplona18-web1.png","contentUrl":"https:\/\/www.laguiadepamplona.com\/actualidad\/wp-content\/uploads\/2018\/11\/logo-laguiadepamplona18-web1.png","width":600,"height":196,"caption":"La Gu\u00eda de Pamplona \/ Noticias"},"image":{"@id":"https:\/\/www.laguiadepamplona.com\/actualidad\/#\/schema\/logo\/image\/"},"sameAs":["https:\/\/www.facebook.com\/laguiadepamplonacom-133175176762273\/?ref=hl","https:\/\/x.com\/LaGuiadPamplona","https:\/\/www.instagram.com\/la_guia_de_pamplona\/","https:\/\/www.youtube.com\/user\/laguiadepamplona"]},{"@type":"Person","@id":"https:\/\/www.laguiadepamplona.com\/actualidad\/#\/schema\/person\/efe887376f0213d4657c93adc50b1fdb","name":"La Gu\u00eda de Pamplona","image":{"@type":"ImageObject","inLanguage":"es","@id":"https:\/\/secure.gravatar.com\/avatar\/b6992f131dc8d30ab0dff15446e9d346d9dbd95992de0fef795073f5ea83a81c?s=96&d=mm&r=g","url":"https:\/\/secure.gravatar.com\/avatar\/b6992f131dc8d30ab0dff15446e9d346d9dbd95992de0fef795073f5ea83a81c?s=96&d=mm&r=g","contentUrl":"https:\/\/secure.gravatar.com\/avatar\/b6992f131dc8d30ab0dff15446e9d346d9dbd95992de0fef795073f5ea83a81c?s=96&d=mm&r=g","caption":"La Gu\u00eda de Pamplona"}}]}},"post_mailing_queue_ids":[],"_links":{"self":[{"href":"https:\/\/www.laguiadepamplona.com\/actualidad\/wp-json\/wp\/v2\/posts\/36293","targetHints":{"allow":["GET"]}}],"collection":[{"href":"https:\/\/www.laguiadepamplona.com\/actualidad\/wp-json\/wp\/v2\/posts"}],"about":[{"href":"https:\/\/www.laguiadepamplona.com\/actualidad\/wp-json\/wp\/v2\/types\/post"}],"author":[{"embeddable":true,"href":"https:\/\/www.laguiadepamplona.com\/actualidad\/wp-json\/wp\/v2\/users\/1"}],"replies":[{"embeddable":true,"href":"https:\/\/www.laguiadepamplona.com\/actualidad\/wp-json\/wp\/v2\/comments?post=36293"}],"version-history":[{"count":0,"href":"https:\/\/www.laguiadepamplona.com\/actualidad\/wp-json\/wp\/v2\/posts\/36293\/revisions"}],"wp:featuredmedia":[{"embeddable":true,"href":"https:\/\/www.laguiadepamplona.com\/actualidad\/wp-json\/wp\/v2\/media\/36294"}],"wp:attachment":[{"href":"https:\/\/www.laguiadepamplona.com\/actualidad\/wp-json\/wp\/v2\/media?parent=36293"}],"wp:term":[{"taxonomy":"category","embeddable":true,"href":"https:\/\/www.laguiadepamplona.com\/actualidad\/wp-json\/wp\/v2\/categories?post=36293"},{"taxonomy":"post_tag","embeddable":true,"href":"https:\/\/www.laguiadepamplona.com\/actualidad\/wp-json\/wp\/v2\/tags?post=36293"}],"curies":[{"name":"wp","href":"https:\/\/api.w.org\/{rel}","templated":true}]}}