{"id":36274,"date":"2021-08-20T13:25:18","date_gmt":"2021-08-20T11:25:18","guid":{"rendered":"https:\/\/www.laguiadepamplona.com\/actualidad\/?p=36274"},"modified":"2023-04-11T11:49:05","modified_gmt":"2023-04-11T09:49:05","slug":"el-palacio-de-ezpeleta-se-despide-este-verano-con-el-concierto-de-correcaminos-rock-roll-band-el-teatro-de-markeline-y-el-espectaculo-familiar-de-musas-y-fusas","status":"publish","type":"post","link":"https:\/\/www.laguiadepamplona.com\/actualidad\/el-palacio-de-ezpeleta-se-despide-este-verano-con-el-concierto-de-correcaminos-rock-roll-band-el-teatro-de-markeline-y-el-espectaculo-familiar-de-musas-y-fusas\/","title":{"rendered":"El Palacio de Ezpeleta se despide este verano con el concierto de Correcaminos Rock &#038; Roll Band, el teatro de Markeli\u00f1e y el espect\u00e1culo familiar de Musas y Fusas"},"content":{"rendered":"<h5>La entrada es libre y las puertas del recinto se abrir\u00e1n 45 minutos antes de cada funci\u00f3n<\/h5>\n<p><!--more--><\/p>\n<p>El Palacio de Ezpeleta se despide la pr\u00f3xima semana del verano presentando sus \u00faltimas propuestas, que est\u00e1n incluidas en la programaci\u00f3n municipal \u2018Viva Pamplona viva\u2019. El lunes subir\u00e1 al escenario el grupo de m\u00fasica Correcaminos Rock &amp; Roll Band con un concierto de versiones; el martes Markeli\u00f1e pondr\u00e1 en escena \u2018Chef Nature\u2019 y el mi\u00e9rcoles llegar\u00e1 Musas y Fusas con el espect\u00e1culo musical familiar \u2018Pum patapum pam\u2019. La entrada ser\u00e1 libre, por orden de llegada hasta completar aforo. Las puertas del recinto se abrir\u00e1n 45 minutos antes de cada actividad.<\/p>\n<p>Por segundo a\u00f1o consecutivo, el patio del palacio se ha convertido en sede de la programaci\u00f3n cultural del Ayuntamiento de Pamplona, acogiendo una veintena de actividades gratuitas dirigidas a todo tipo de p\u00fablicos del 2 al 25 de agosto. Las actuaciones se han organizado seg\u00fan el d\u00eda de la semana. Los lunes se han dedicado al ciclo Versionando, los martes a las artes de calle y los mi\u00e9rcoles a la m\u00fasica en familia. Adem\u00e1s, los tres primeros jueves se organizaron talleres y actividades infantiles y familiares y dos semanas se proyectaron tambi\u00e9n dos pel\u00edculas de \u2018Noches de cine\u2019.<\/p>\n<p><script async src=\"\/\/pagead2.googlesyndication.com\/pagead\/js\/adsbygoogle.js\"><\/script><br \/>\n<!-- Noticias La Guia de Pamplona --><br \/>\n<ins class=\"adsbygoogle\"\nstyle=\"display:block\"\ndata-ad-client=\"ca-pub-6943679897239327\"\ndata-ad-slot=\"7048180777\"\ndata-ad-format=\"auto\"><\/ins><br \/>\n<script>\n(adsbygoogle = window.adsbygoogle || []).push({});\n<\/script><\/p>\n<p><strong>Lunes a las 20 horas y martes y mi\u00e9rcoles a las 19 horas<\/strong><\/p>\n<p>El rock &amp; roll ser\u00e1 el protagonista de la actuaci\u00f3n del lunes, 23 de agosto, que comenzar\u00e1 a las 20 horas. Correcaminos Rock &amp; Roll Band ofrecer\u00e1 \u2018un viaje genuino, en\u00e9rgico y contundente\u2019 de \u2018Rockandroll\u2019 de la mano de los hermanos G\u00f3mez junto a Adolfo Garc\u00eda. Las semanas anteriores se ha podido escuchar m\u00fasica de los 70 y versiones de artistas como David Bowie, Louis Prima, Elvis Presley, Extremoduro, Tequila, Berri Txarrak, Aretha Franklin, Tina Turner, Blues Brothers, AC\/DC, Queen o Michael Jackson.<\/p>\n<p>El martes, la compa\u00f1\u00eda Markeli\u00f1e presentar\u00e1 el espect\u00e1culo sin palabras \u2018Cheff Nature\u2019. Dirigido a todos los p\u00fablicos, se pondr\u00e1 en escena a las 19 horas. \u2018Chef Nature\u2019 es un restaurante al aire libre y con huerta propia. Los comensales dejar\u00e1n de lado sus dispositivos m\u00f3viles, port\u00e1tiles y tablets, para reconectar con la naturaleza. El resultado es una obra basada en el ritmo, la gestualidad y el uso imaginativo de diferentes materiales.<\/p>\n<p><script async src=\"\/\/pagead2.googlesyndication.com\/pagead\/js\/adsbygoogle.js\"><\/script><br \/>\n<!-- Noticias La Guia de Pamplona --><br \/>\n<ins class=\"adsbygoogle\"\nstyle=\"display:block\"\ndata-ad-client=\"ca-pub-6943679897239327\"\ndata-ad-slot=\"7048180777\"\ndata-ad-format=\"auto\"><\/ins><br \/>\n<script>\n(adsbygoogle = window.adsbygoogle || []).push({});\n<\/script><\/p>\n<p><strong>Para finalizar, el ciclo \u2018<\/strong>Respirando m\u00fasica en familia\u2019 ofrecer\u00e1 la nueva propuesta musical del grupo Musas y Fusas, \u2018Pum patapum pam pam\u2019. Ser\u00e1 el mi\u00e9rcoles a las 19 horas. Para esta actuaci\u00f3n, el grupo se ha conformado como banda y, adem\u00e1s de las canciones de este disco, interpretar\u00e1n otras propias, entre las que se encuentran algunas de sus \u2018CantaCuentos\u2019. El concierto de formato el\u00e9ctrico y con mucho ritmo, incluye canciones con letras que cantan al amor por la naturaleza, el respeto y la diversidad. Subir\u00e1n al escenario Mar\u00eda Suberviola (composici\u00f3n y voz), Olaia Olaverri (viol\u00edn y coros), I\u00f1igo P\u00e9rez (guitarra el\u00e9ctrica), Xabi Ans\u00f3 (bajo y coros) y Ander Orduna (bater\u00eda).<\/p>\n","protected":false},"excerpt":{"rendered":"<p>La entrada es libre y las puertas del recinto se abrir\u00e1n 45 minutos antes de cada funci\u00f3n<\/p>\n","protected":false},"author":1,"featured_media":36275,"comment_status":"open","ping_status":"closed","sticky":false,"template":"","format":"standard","meta":{"footnotes":""},"categories":[2],"tags":[],"class_list":["post-36274","post","type-post","status-publish","format-standard","has-post-thumbnail","hentry","category-ayuntamiento-pamplona"],"yoast_head":"<!-- This site is optimized with the Yoast SEO plugin v27.5 - https:\/\/yoast.com\/product\/yoast-seo-wordpress\/ -->\n<title>El Palacio de Ezpeleta se despide este verano con el concierto de Correcaminos Rock &amp; Roll Band, el teatro de Markeli\u00f1e y el espect\u00e1culo familiar de Musas y Fusas<\/title>\n<meta name=\"description\" content=\"La entrada es libre y las puertas del recinto se abrir\u00e1n 45 minutos antes de cada funci\u00f3n\" \/>\n<meta name=\"robots\" content=\"index, follow, max-snippet:-1, max-image-preview:large, max-video-preview:-1\" \/>\n<link rel=\"canonical\" href=\"https:\/\/www.laguiadepamplona.com\/actualidad\/el-palacio-de-ezpeleta-se-despide-este-verano-con-el-concierto-de-correcaminos-rock-roll-band-el-teatro-de-markeline-y-el-espectaculo-familiar-de-musas-y-fusas\/\" \/>\n<meta property=\"og:locale\" content=\"es_ES\" \/>\n<meta property=\"og:type\" content=\"article\" \/>\n<meta property=\"og:title\" content=\"El Palacio de Ezpeleta se despide este verano con el concierto de Correcaminos Rock &amp; Roll Band, el teatro de Markeli\u00f1e y el espect\u00e1culo familiar de Musas y Fusas\" \/>\n<meta property=\"og:description\" content=\"La entrada es libre y las puertas del recinto se abrir\u00e1n 45 minutos antes de cada funci\u00f3n\" \/>\n<meta property=\"og:url\" content=\"https:\/\/www.laguiadepamplona.com\/actualidad\/el-palacio-de-ezpeleta-se-despide-este-verano-con-el-concierto-de-correcaminos-rock-roll-band-el-teatro-de-markeline-y-el-espectaculo-familiar-de-musas-y-fusas\/\" \/>\n<meta property=\"og:site_name\" content=\"La Gu\u00eda de Pamplona\" \/>\n<meta property=\"article:publisher\" content=\"https:\/\/www.facebook.com\/laguiadepamplonacom-133175176762273\/?ref=hl\" \/>\n<meta property=\"article:published_time\" content=\"2021-08-20T11:25:18+00:00\" \/>\n<meta property=\"article:modified_time\" content=\"2023-04-11T09:49:05+00:00\" \/>\n<meta property=\"og:image\" content=\"https:\/\/www.laguiadepamplona.com\/actualidad\/wp-content\/uploads\/2021\/08\/correcaminos.jpg\" \/>\n\t<meta property=\"og:image:width\" content=\"1920\" \/>\n\t<meta property=\"og:image:height\" content=\"1280\" \/>\n\t<meta property=\"og:image:type\" content=\"image\/jpeg\" \/>\n<meta name=\"author\" content=\"La Gu\u00eda de Pamplona\" \/>\n<meta name=\"twitter:card\" content=\"summary_large_image\" \/>\n<meta name=\"twitter:creator\" content=\"@LaGuiadPamplona\" \/>\n<meta name=\"twitter:site\" content=\"@LaGuiadPamplona\" \/>\n<meta name=\"twitter:label1\" content=\"Escrito por\" \/>\n\t<meta name=\"twitter:data1\" content=\"La Gu\u00eda de Pamplona\" \/>\n\t<meta name=\"twitter:label2\" content=\"Tiempo de lectura\" \/>\n\t<meta name=\"twitter:data2\" content=\"3 minutos\" \/>\n<script type=\"application\/ld+json\" class=\"yoast-schema-graph\">{\"@context\":\"https:\\\/\\\/schema.org\",\"@graph\":[{\"@type\":\"Article\",\"@id\":\"https:\\\/\\\/www.laguiadepamplona.com\\\/actualidad\\\/el-palacio-de-ezpeleta-se-despide-este-verano-con-el-concierto-de-correcaminos-rock-roll-band-el-teatro-de-markeline-y-el-espectaculo-familiar-de-musas-y-fusas\\\/#article\",\"isPartOf\":{\"@id\":\"https:\\\/\\\/www.laguiadepamplona.com\\\/actualidad\\\/el-palacio-de-ezpeleta-se-despide-este-verano-con-el-concierto-de-correcaminos-rock-roll-band-el-teatro-de-markeline-y-el-espectaculo-familiar-de-musas-y-fusas\\\/\"},\"author\":{\"name\":\"La Gu\u00eda de Pamplona\",\"@id\":\"https:\\\/\\\/www.laguiadepamplona.com\\\/actualidad\\\/#\\\/schema\\\/person\\\/efe887376f0213d4657c93adc50b1fdb\"},\"headline\":\"El Palacio de Ezpeleta se despide este verano con el concierto de Correcaminos Rock &#038; Roll Band, el teatro de Markeli\u00f1e y el espect\u00e1culo familiar de Musas y Fusas\",\"datePublished\":\"2021-08-20T11:25:18+00:00\",\"dateModified\":\"2023-04-11T09:49:05+00:00\",\"mainEntityOfPage\":{\"@id\":\"https:\\\/\\\/www.laguiadepamplona.com\\\/actualidad\\\/el-palacio-de-ezpeleta-se-despide-este-verano-con-el-concierto-de-correcaminos-rock-roll-band-el-teatro-de-markeline-y-el-espectaculo-familiar-de-musas-y-fusas\\\/\"},\"wordCount\":549,\"commentCount\":0,\"publisher\":{\"@id\":\"https:\\\/\\\/www.laguiadepamplona.com\\\/actualidad\\\/#organization\"},\"image\":{\"@id\":\"https:\\\/\\\/www.laguiadepamplona.com\\\/actualidad\\\/el-palacio-de-ezpeleta-se-despide-este-verano-con-el-concierto-de-correcaminos-rock-roll-band-el-teatro-de-markeline-y-el-espectaculo-familiar-de-musas-y-fusas\\\/#primaryimage\"},\"thumbnailUrl\":\"https:\\\/\\\/www.laguiadepamplona.com\\\/actualidad\\\/wp-content\\\/uploads\\\/2021\\\/08\\\/correcaminos.jpg\",\"articleSection\":[\"Ayto Pamplona\"],\"inLanguage\":\"es\",\"potentialAction\":[{\"@type\":\"CommentAction\",\"name\":\"Comment\",\"target\":[\"https:\\\/\\\/www.laguiadepamplona.com\\\/actualidad\\\/el-palacio-de-ezpeleta-se-despide-este-verano-con-el-concierto-de-correcaminos-rock-roll-band-el-teatro-de-markeline-y-el-espectaculo-familiar-de-musas-y-fusas\\\/#respond\"]}]},{\"@type\":\"WebPage\",\"@id\":\"https:\\\/\\\/www.laguiadepamplona.com\\\/actualidad\\\/el-palacio-de-ezpeleta-se-despide-este-verano-con-el-concierto-de-correcaminos-rock-roll-band-el-teatro-de-markeline-y-el-espectaculo-familiar-de-musas-y-fusas\\\/\",\"url\":\"https:\\\/\\\/www.laguiadepamplona.com\\\/actualidad\\\/el-palacio-de-ezpeleta-se-despide-este-verano-con-el-concierto-de-correcaminos-rock-roll-band-el-teatro-de-markeline-y-el-espectaculo-familiar-de-musas-y-fusas\\\/\",\"name\":\"El Palacio de Ezpeleta se despide este verano con el concierto de Correcaminos Rock & Roll Band, el teatro de Markeli\u00f1e y el espect\u00e1culo familiar de Musas y Fusas\",\"isPartOf\":{\"@id\":\"https:\\\/\\\/www.laguiadepamplona.com\\\/actualidad\\\/#website\"},\"primaryImageOfPage\":{\"@id\":\"https:\\\/\\\/www.laguiadepamplona.com\\\/actualidad\\\/el-palacio-de-ezpeleta-se-despide-este-verano-con-el-concierto-de-correcaminos-rock-roll-band-el-teatro-de-markeline-y-el-espectaculo-familiar-de-musas-y-fusas\\\/#primaryimage\"},\"image\":{\"@id\":\"https:\\\/\\\/www.laguiadepamplona.com\\\/actualidad\\\/el-palacio-de-ezpeleta-se-despide-este-verano-con-el-concierto-de-correcaminos-rock-roll-band-el-teatro-de-markeline-y-el-espectaculo-familiar-de-musas-y-fusas\\\/#primaryimage\"},\"thumbnailUrl\":\"https:\\\/\\\/www.laguiadepamplona.com\\\/actualidad\\\/wp-content\\\/uploads\\\/2021\\\/08\\\/correcaminos.jpg\",\"datePublished\":\"2021-08-20T11:25:18+00:00\",\"dateModified\":\"2023-04-11T09:49:05+00:00\",\"description\":\"La entrada es libre y las puertas del recinto se abrir\u00e1n 45 minutos antes de cada funci\u00f3n\",\"breadcrumb\":{\"@id\":\"https:\\\/\\\/www.laguiadepamplona.com\\\/actualidad\\\/el-palacio-de-ezpeleta-se-despide-este-verano-con-el-concierto-de-correcaminos-rock-roll-band-el-teatro-de-markeline-y-el-espectaculo-familiar-de-musas-y-fusas\\\/#breadcrumb\"},\"inLanguage\":\"es\",\"potentialAction\":[{\"@type\":\"ReadAction\",\"target\":[\"https:\\\/\\\/www.laguiadepamplona.com\\\/actualidad\\\/el-palacio-de-ezpeleta-se-despide-este-verano-con-el-concierto-de-correcaminos-rock-roll-band-el-teatro-de-markeline-y-el-espectaculo-familiar-de-musas-y-fusas\\\/\"]}]},{\"@type\":\"ImageObject\",\"inLanguage\":\"es\",\"@id\":\"https:\\\/\\\/www.laguiadepamplona.com\\\/actualidad\\\/el-palacio-de-ezpeleta-se-despide-este-verano-con-el-concierto-de-correcaminos-rock-roll-band-el-teatro-de-markeline-y-el-espectaculo-familiar-de-musas-y-fusas\\\/#primaryimage\",\"url\":\"https:\\\/\\\/www.laguiadepamplona.com\\\/actualidad\\\/wp-content\\\/uploads\\\/2021\\\/08\\\/correcaminos.jpg\",\"contentUrl\":\"https:\\\/\\\/www.laguiadepamplona.com\\\/actualidad\\\/wp-content\\\/uploads\\\/2021\\\/08\\\/correcaminos.jpg\",\"width\":1920,\"height\":1280},{\"@type\":\"BreadcrumbList\",\"@id\":\"https:\\\/\\\/www.laguiadepamplona.com\\\/actualidad\\\/el-palacio-de-ezpeleta-se-despide-este-verano-con-el-concierto-de-correcaminos-rock-roll-band-el-teatro-de-markeline-y-el-espectaculo-familiar-de-musas-y-fusas\\\/#breadcrumb\",\"itemListElement\":[{\"@type\":\"ListItem\",\"position\":1,\"name\":\"Portada\",\"item\":\"https:\\\/\\\/www.laguiadepamplona.com\\\/actualidad\\\/\"},{\"@type\":\"ListItem\",\"position\":2,\"name\":\"El Palacio de Ezpeleta se despide este verano con el concierto de Correcaminos Rock &#038; Roll Band, el teatro de Markeli\u00f1e y el espect\u00e1culo familiar de Musas y Fusas\"}]},{\"@type\":\"WebSite\",\"@id\":\"https:\\\/\\\/www.laguiadepamplona.com\\\/actualidad\\\/#website\",\"url\":\"https:\\\/\\\/www.laguiadepamplona.com\\\/actualidad\\\/\",\"name\":\"La gu\u00eda de Pamplona\",\"description\":\"Noticias de Pamplona\",\"publisher\":{\"@id\":\"https:\\\/\\\/www.laguiadepamplona.com\\\/actualidad\\\/#organization\"},\"potentialAction\":[{\"@type\":\"SearchAction\",\"target\":{\"@type\":\"EntryPoint\",\"urlTemplate\":\"https:\\\/\\\/www.laguiadepamplona.com\\\/actualidad\\\/?s={search_term_string}\"},\"query-input\":{\"@type\":\"PropertyValueSpecification\",\"valueRequired\":true,\"valueName\":\"search_term_string\"}}],\"inLanguage\":\"es\"},{\"@type\":\"Organization\",\"@id\":\"https:\\\/\\\/www.laguiadepamplona.com\\\/actualidad\\\/#organization\",\"name\":\"La Gu\u00eda de Pamplona \\\/ Noticias\",\"url\":\"https:\\\/\\\/www.laguiadepamplona.com\\\/actualidad\\\/\",\"logo\":{\"@type\":\"ImageObject\",\"inLanguage\":\"es\",\"@id\":\"https:\\\/\\\/www.laguiadepamplona.com\\\/actualidad\\\/#\\\/schema\\\/logo\\\/image\\\/\",\"url\":\"https:\\\/\\\/www.laguiadepamplona.com\\\/actualidad\\\/wp-content\\\/uploads\\\/2018\\\/11\\\/logo-laguiadepamplona18-web1.png\",\"contentUrl\":\"https:\\\/\\\/www.laguiadepamplona.com\\\/actualidad\\\/wp-content\\\/uploads\\\/2018\\\/11\\\/logo-laguiadepamplona18-web1.png\",\"width\":600,\"height\":196,\"caption\":\"La Gu\u00eda de Pamplona \\\/ Noticias\"},\"image\":{\"@id\":\"https:\\\/\\\/www.laguiadepamplona.com\\\/actualidad\\\/#\\\/schema\\\/logo\\\/image\\\/\"},\"sameAs\":[\"https:\\\/\\\/www.facebook.com\\\/laguiadepamplonacom-133175176762273\\\/?ref=hl\",\"https:\\\/\\\/x.com\\\/LaGuiadPamplona\",\"https:\\\/\\\/www.instagram.com\\\/la_guia_de_pamplona\\\/\",\"https:\\\/\\\/www.youtube.com\\\/user\\\/laguiadepamplona\"]},{\"@type\":\"Person\",\"@id\":\"https:\\\/\\\/www.laguiadepamplona.com\\\/actualidad\\\/#\\\/schema\\\/person\\\/efe887376f0213d4657c93adc50b1fdb\",\"name\":\"La Gu\u00eda de Pamplona\",\"image\":{\"@type\":\"ImageObject\",\"inLanguage\":\"es\",\"@id\":\"https:\\\/\\\/secure.gravatar.com\\\/avatar\\\/b6992f131dc8d30ab0dff15446e9d346d9dbd95992de0fef795073f5ea83a81c?s=96&d=mm&r=g\",\"url\":\"https:\\\/\\\/secure.gravatar.com\\\/avatar\\\/b6992f131dc8d30ab0dff15446e9d346d9dbd95992de0fef795073f5ea83a81c?s=96&d=mm&r=g\",\"contentUrl\":\"https:\\\/\\\/secure.gravatar.com\\\/avatar\\\/b6992f131dc8d30ab0dff15446e9d346d9dbd95992de0fef795073f5ea83a81c?s=96&d=mm&r=g\",\"caption\":\"La Gu\u00eda de Pamplona\"}}]}<\/script>\n<!-- \/ Yoast SEO plugin. -->","yoast_head_json":{"title":"El Palacio de Ezpeleta se despide este verano con el concierto de Correcaminos Rock & Roll Band, el teatro de Markeli\u00f1e y el espect\u00e1culo familiar de Musas y Fusas","description":"La entrada es libre y las puertas del recinto se abrir\u00e1n 45 minutos antes de cada funci\u00f3n","robots":{"index":"index","follow":"follow","max-snippet":"max-snippet:-1","max-image-preview":"max-image-preview:large","max-video-preview":"max-video-preview:-1"},"canonical":"https:\/\/www.laguiadepamplona.com\/actualidad\/el-palacio-de-ezpeleta-se-despide-este-verano-con-el-concierto-de-correcaminos-rock-roll-band-el-teatro-de-markeline-y-el-espectaculo-familiar-de-musas-y-fusas\/","og_locale":"es_ES","og_type":"article","og_title":"El Palacio de Ezpeleta se despide este verano con el concierto de Correcaminos Rock & Roll Band, el teatro de Markeli\u00f1e y el espect\u00e1culo familiar de Musas y Fusas","og_description":"La entrada es libre y las puertas del recinto se abrir\u00e1n 45 minutos antes de cada funci\u00f3n","og_url":"https:\/\/www.laguiadepamplona.com\/actualidad\/el-palacio-de-ezpeleta-se-despide-este-verano-con-el-concierto-de-correcaminos-rock-roll-band-el-teatro-de-markeline-y-el-espectaculo-familiar-de-musas-y-fusas\/","og_site_name":"La Gu\u00eda de Pamplona","article_publisher":"https:\/\/www.facebook.com\/laguiadepamplonacom-133175176762273\/?ref=hl","article_published_time":"2021-08-20T11:25:18+00:00","article_modified_time":"2023-04-11T09:49:05+00:00","og_image":[{"width":1920,"height":1280,"url":"https:\/\/www.laguiadepamplona.com\/actualidad\/wp-content\/uploads\/2021\/08\/correcaminos.jpg","type":"image\/jpeg"}],"author":"La Gu\u00eda de Pamplona","twitter_card":"summary_large_image","twitter_creator":"@LaGuiadPamplona","twitter_site":"@LaGuiadPamplona","twitter_misc":{"Escrito por":"La Gu\u00eda de Pamplona","Tiempo de lectura":"3 minutos"},"schema":{"@context":"https:\/\/schema.org","@graph":[{"@type":"Article","@id":"https:\/\/www.laguiadepamplona.com\/actualidad\/el-palacio-de-ezpeleta-se-despide-este-verano-con-el-concierto-de-correcaminos-rock-roll-band-el-teatro-de-markeline-y-el-espectaculo-familiar-de-musas-y-fusas\/#article","isPartOf":{"@id":"https:\/\/www.laguiadepamplona.com\/actualidad\/el-palacio-de-ezpeleta-se-despide-este-verano-con-el-concierto-de-correcaminos-rock-roll-band-el-teatro-de-markeline-y-el-espectaculo-familiar-de-musas-y-fusas\/"},"author":{"name":"La Gu\u00eda de Pamplona","@id":"https:\/\/www.laguiadepamplona.com\/actualidad\/#\/schema\/person\/efe887376f0213d4657c93adc50b1fdb"},"headline":"El Palacio de Ezpeleta se despide este verano con el concierto de Correcaminos Rock &#038; Roll Band, el teatro de Markeli\u00f1e y el espect\u00e1culo familiar de Musas y Fusas","datePublished":"2021-08-20T11:25:18+00:00","dateModified":"2023-04-11T09:49:05+00:00","mainEntityOfPage":{"@id":"https:\/\/www.laguiadepamplona.com\/actualidad\/el-palacio-de-ezpeleta-se-despide-este-verano-con-el-concierto-de-correcaminos-rock-roll-band-el-teatro-de-markeline-y-el-espectaculo-familiar-de-musas-y-fusas\/"},"wordCount":549,"commentCount":0,"publisher":{"@id":"https:\/\/www.laguiadepamplona.com\/actualidad\/#organization"},"image":{"@id":"https:\/\/www.laguiadepamplona.com\/actualidad\/el-palacio-de-ezpeleta-se-despide-este-verano-con-el-concierto-de-correcaminos-rock-roll-band-el-teatro-de-markeline-y-el-espectaculo-familiar-de-musas-y-fusas\/#primaryimage"},"thumbnailUrl":"https:\/\/www.laguiadepamplona.com\/actualidad\/wp-content\/uploads\/2021\/08\/correcaminos.jpg","articleSection":["Ayto Pamplona"],"inLanguage":"es","potentialAction":[{"@type":"CommentAction","name":"Comment","target":["https:\/\/www.laguiadepamplona.com\/actualidad\/el-palacio-de-ezpeleta-se-despide-este-verano-con-el-concierto-de-correcaminos-rock-roll-band-el-teatro-de-markeline-y-el-espectaculo-familiar-de-musas-y-fusas\/#respond"]}]},{"@type":"WebPage","@id":"https:\/\/www.laguiadepamplona.com\/actualidad\/el-palacio-de-ezpeleta-se-despide-este-verano-con-el-concierto-de-correcaminos-rock-roll-band-el-teatro-de-markeline-y-el-espectaculo-familiar-de-musas-y-fusas\/","url":"https:\/\/www.laguiadepamplona.com\/actualidad\/el-palacio-de-ezpeleta-se-despide-este-verano-con-el-concierto-de-correcaminos-rock-roll-band-el-teatro-de-markeline-y-el-espectaculo-familiar-de-musas-y-fusas\/","name":"El Palacio de Ezpeleta se despide este verano con el concierto de Correcaminos Rock & Roll Band, el teatro de Markeli\u00f1e y el espect\u00e1culo familiar de Musas y Fusas","isPartOf":{"@id":"https:\/\/www.laguiadepamplona.com\/actualidad\/#website"},"primaryImageOfPage":{"@id":"https:\/\/www.laguiadepamplona.com\/actualidad\/el-palacio-de-ezpeleta-se-despide-este-verano-con-el-concierto-de-correcaminos-rock-roll-band-el-teatro-de-markeline-y-el-espectaculo-familiar-de-musas-y-fusas\/#primaryimage"},"image":{"@id":"https:\/\/www.laguiadepamplona.com\/actualidad\/el-palacio-de-ezpeleta-se-despide-este-verano-con-el-concierto-de-correcaminos-rock-roll-band-el-teatro-de-markeline-y-el-espectaculo-familiar-de-musas-y-fusas\/#primaryimage"},"thumbnailUrl":"https:\/\/www.laguiadepamplona.com\/actualidad\/wp-content\/uploads\/2021\/08\/correcaminos.jpg","datePublished":"2021-08-20T11:25:18+00:00","dateModified":"2023-04-11T09:49:05+00:00","description":"La entrada es libre y las puertas del recinto se abrir\u00e1n 45 minutos antes de cada funci\u00f3n","breadcrumb":{"@id":"https:\/\/www.laguiadepamplona.com\/actualidad\/el-palacio-de-ezpeleta-se-despide-este-verano-con-el-concierto-de-correcaminos-rock-roll-band-el-teatro-de-markeline-y-el-espectaculo-familiar-de-musas-y-fusas\/#breadcrumb"},"inLanguage":"es","potentialAction":[{"@type":"ReadAction","target":["https:\/\/www.laguiadepamplona.com\/actualidad\/el-palacio-de-ezpeleta-se-despide-este-verano-con-el-concierto-de-correcaminos-rock-roll-band-el-teatro-de-markeline-y-el-espectaculo-familiar-de-musas-y-fusas\/"]}]},{"@type":"ImageObject","inLanguage":"es","@id":"https:\/\/www.laguiadepamplona.com\/actualidad\/el-palacio-de-ezpeleta-se-despide-este-verano-con-el-concierto-de-correcaminos-rock-roll-band-el-teatro-de-markeline-y-el-espectaculo-familiar-de-musas-y-fusas\/#primaryimage","url":"https:\/\/www.laguiadepamplona.com\/actualidad\/wp-content\/uploads\/2021\/08\/correcaminos.jpg","contentUrl":"https:\/\/www.laguiadepamplona.com\/actualidad\/wp-content\/uploads\/2021\/08\/correcaminos.jpg","width":1920,"height":1280},{"@type":"BreadcrumbList","@id":"https:\/\/www.laguiadepamplona.com\/actualidad\/el-palacio-de-ezpeleta-se-despide-este-verano-con-el-concierto-de-correcaminos-rock-roll-band-el-teatro-de-markeline-y-el-espectaculo-familiar-de-musas-y-fusas\/#breadcrumb","itemListElement":[{"@type":"ListItem","position":1,"name":"Portada","item":"https:\/\/www.laguiadepamplona.com\/actualidad\/"},{"@type":"ListItem","position":2,"name":"El Palacio de Ezpeleta se despide este verano con el concierto de Correcaminos Rock &#038; Roll Band, el teatro de Markeli\u00f1e y el espect\u00e1culo familiar de Musas y Fusas"}]},{"@type":"WebSite","@id":"https:\/\/www.laguiadepamplona.com\/actualidad\/#website","url":"https:\/\/www.laguiadepamplona.com\/actualidad\/","name":"La gu\u00eda de Pamplona","description":"Noticias de Pamplona","publisher":{"@id":"https:\/\/www.laguiadepamplona.com\/actualidad\/#organization"},"potentialAction":[{"@type":"SearchAction","target":{"@type":"EntryPoint","urlTemplate":"https:\/\/www.laguiadepamplona.com\/actualidad\/?s={search_term_string}"},"query-input":{"@type":"PropertyValueSpecification","valueRequired":true,"valueName":"search_term_string"}}],"inLanguage":"es"},{"@type":"Organization","@id":"https:\/\/www.laguiadepamplona.com\/actualidad\/#organization","name":"La Gu\u00eda de Pamplona \/ Noticias","url":"https:\/\/www.laguiadepamplona.com\/actualidad\/","logo":{"@type":"ImageObject","inLanguage":"es","@id":"https:\/\/www.laguiadepamplona.com\/actualidad\/#\/schema\/logo\/image\/","url":"https:\/\/www.laguiadepamplona.com\/actualidad\/wp-content\/uploads\/2018\/11\/logo-laguiadepamplona18-web1.png","contentUrl":"https:\/\/www.laguiadepamplona.com\/actualidad\/wp-content\/uploads\/2018\/11\/logo-laguiadepamplona18-web1.png","width":600,"height":196,"caption":"La Gu\u00eda de Pamplona \/ Noticias"},"image":{"@id":"https:\/\/www.laguiadepamplona.com\/actualidad\/#\/schema\/logo\/image\/"},"sameAs":["https:\/\/www.facebook.com\/laguiadepamplonacom-133175176762273\/?ref=hl","https:\/\/x.com\/LaGuiadPamplona","https:\/\/www.instagram.com\/la_guia_de_pamplona\/","https:\/\/www.youtube.com\/user\/laguiadepamplona"]},{"@type":"Person","@id":"https:\/\/www.laguiadepamplona.com\/actualidad\/#\/schema\/person\/efe887376f0213d4657c93adc50b1fdb","name":"La Gu\u00eda de Pamplona","image":{"@type":"ImageObject","inLanguage":"es","@id":"https:\/\/secure.gravatar.com\/avatar\/b6992f131dc8d30ab0dff15446e9d346d9dbd95992de0fef795073f5ea83a81c?s=96&d=mm&r=g","url":"https:\/\/secure.gravatar.com\/avatar\/b6992f131dc8d30ab0dff15446e9d346d9dbd95992de0fef795073f5ea83a81c?s=96&d=mm&r=g","contentUrl":"https:\/\/secure.gravatar.com\/avatar\/b6992f131dc8d30ab0dff15446e9d346d9dbd95992de0fef795073f5ea83a81c?s=96&d=mm&r=g","caption":"La Gu\u00eda de Pamplona"}}]}},"post_mailing_queue_ids":[],"_links":{"self":[{"href":"https:\/\/www.laguiadepamplona.com\/actualidad\/wp-json\/wp\/v2\/posts\/36274","targetHints":{"allow":["GET"]}}],"collection":[{"href":"https:\/\/www.laguiadepamplona.com\/actualidad\/wp-json\/wp\/v2\/posts"}],"about":[{"href":"https:\/\/www.laguiadepamplona.com\/actualidad\/wp-json\/wp\/v2\/types\/post"}],"author":[{"embeddable":true,"href":"https:\/\/www.laguiadepamplona.com\/actualidad\/wp-json\/wp\/v2\/users\/1"}],"replies":[{"embeddable":true,"href":"https:\/\/www.laguiadepamplona.com\/actualidad\/wp-json\/wp\/v2\/comments?post=36274"}],"version-history":[{"count":0,"href":"https:\/\/www.laguiadepamplona.com\/actualidad\/wp-json\/wp\/v2\/posts\/36274\/revisions"}],"wp:featuredmedia":[{"embeddable":true,"href":"https:\/\/www.laguiadepamplona.com\/actualidad\/wp-json\/wp\/v2\/media\/36275"}],"wp:attachment":[{"href":"https:\/\/www.laguiadepamplona.com\/actualidad\/wp-json\/wp\/v2\/media?parent=36274"}],"wp:term":[{"taxonomy":"category","embeddable":true,"href":"https:\/\/www.laguiadepamplona.com\/actualidad\/wp-json\/wp\/v2\/categories?post=36274"},{"taxonomy":"post_tag","embeddable":true,"href":"https:\/\/www.laguiadepamplona.com\/actualidad\/wp-json\/wp\/v2\/tags?post=36274"}],"curies":[{"name":"wp","href":"https:\/\/api.w.org\/{rel}","templated":true}]}}