{"id":36266,"date":"2021-08-19T13:04:59","date_gmt":"2021-08-19T11:04:59","guid":{"rendered":"https:\/\/www.laguiadepamplona.com\/actualidad\/?p=36266"},"modified":"2023-04-11T11:49:05","modified_gmt":"2023-04-11T09:49:05","slug":"manana-viernes-se-ponen-a-disposicion-las-5-600-invitaciones-para-la-ultima-jornada-de-pases-del-espectaculo-baile-de-gigantes-que-tendra-lugar-el-4-de-septiembre","status":"publish","type":"post","link":"https:\/\/www.laguiadepamplona.com\/actualidad\/manana-viernes-se-ponen-a-disposicion-las-5-600-invitaciones-para-la-ultima-jornada-de-pases-del-espectaculo-baile-de-gigantes-que-tendra-lugar-el-4-de-septiembre\/","title":{"rendered":"Ma\u00f1ana viernes se ponen a disposici\u00f3n las 5.600 invitaciones para la \u00faltima jornada de pases del espect\u00e1culo &#8216;Baile de gigantes&#8217;, que tendr\u00e1 lugar el 4 de septiembre"},"content":{"rendered":"<h5 class=\"v12Subtitulo\">Con un m\u00e1ximo de cuatro por persona, se podr\u00e1n adquirir desde las 12.00 del mediod\u00eda en la p\u00e1gina web pamplonaescultura.es<\/h5>\n<p class=\"v1MsoNormal\"><!--more--><\/p>\n<p class=\"v13Texto\">Las invitaciones para los siete pases de la \u00faltima jornada programada del espect\u00e1culo &#8216;Baile de gigantes&#8217;, que tendr\u00e1 lugar el pr\u00f3ximo 4 de septiembre, se pondr\u00e1n a disposici\u00f3n del p\u00fablico desde las 12.00 del mediod\u00eda de ma\u00f1ana viernes. Como en las anteriores ocasiones, el reparto se llevar\u00e1 a cabo online a trav\u00e9s de la p\u00e1gina web\u00a0<a href=\"http:\/\/pamplonaescultura.es\/\" target=\"_blank\" rel=\"noopener noreferrer\">pamplonaescultura.es<\/a>. Una vez en la p\u00e1gina, cada usuario deber\u00e1 esperar su turno en una fila virtual y podr\u00e1 adquirir un m\u00e1ximo de cuatro invitaciones.<\/p>\n<p><script async src=\"\/\/pagead2.googlesyndication.com\/pagead\/js\/adsbygoogle.js\"><\/script><br \/>\n<!-- Noticias La Guia de Pamplona --><br \/>\n<ins class=\"adsbygoogle\"\nstyle=\"display:block\"\ndata-ad-client=\"ca-pub-6943679897239327\"\ndata-ad-slot=\"7048180777\"\ndata-ad-format=\"auto\"><\/ins><br \/>\n<script>\n(adsbygoogle = window.adsbygoogle || []).push({});\n<\/script><\/p>\n<p class=\"v13Texto\">Tras haberse agotado las entradas gratuitas de los d\u00edas 3, 4 y 28 de julio, el espect\u00e1culo<strong>\u00a0&#8216;Baile de Gigantes&#8217;\u00a0<\/strong>vivir\u00e1 su \u00faltima jornada el pr\u00f3ximo<strong>\u00a0s\u00e1bado 4 de septiembre con<\/strong>\u00a0siete pases que tendr\u00e1n lugar a las\u00a0<strong>10.00, 11.00, 12.00 y 13.00 horas por la ma\u00f1ana y a las 18.30, 19.30 y 20.30 horas<\/strong>\u00a0<strong>por la tarde<\/strong>. Para cada uno se repartir\u00e1n 800 invitaciones gratuitas. Como en las anteriores ocasiones, y para respetar las recomendaciones sanitarias derivadas de la pandemia y evitar las posibles colas o aglomeraciones y el reparto de elementos f\u00edsicos, la \u00fanica forma de acceder a estos pases ser\u00e1 online, a trav\u00e9s de la web del \u00e1rea de Cultura del Ayuntamiento\u00a0<a href=\"http:\/\/www.pamplonaescultura.es\/\" target=\"_blank\" rel=\"noopener noreferrer\">www.pamplonaescultura.es<\/a>.<\/p>\n<p class=\"v13Texto\">En esta ocasi\u00f3n, las invitaciones se podr\u00e1n adquirir desde las 12.00 del mediod\u00eda de ma\u00f1ana viernes d\u00eda 20. La f\u00f3rmula para acceder a ellas desde la plataforma ser\u00e1 la misma que en otras ocasiones, al estilo de cualquier taquilla virtual. Si a lo largo de la ma\u00f1ana, antes de la hora de inicio del reparto, el sistema registra un elevado n\u00famero de visitantes a la p\u00e1gina, generar\u00e1 autom\u00e1ticamente una fila virtual para respetar los turnos de acceso.\u00a0 Este m\u00e9todo de espera seguir\u00e1 funcionando una vez se empiecen a repartir las invitaciones y mantendr\u00e1 informado al usuario del puesto que ocupe en cada momento.<\/p>\n<p><script async src=\"\/\/pagead2.googlesyndication.com\/pagead\/js\/adsbygoogle.js\"><\/script><br \/>\n<!-- Noticias La Guia de Pamplona --><br \/>\n<ins class=\"adsbygoogle\"\nstyle=\"display:block\"\ndata-ad-client=\"ca-pub-6943679897239327\"\ndata-ad-slot=\"7048180777\"\ndata-ad-format=\"auto\"><\/ins><br \/>\n<script>\n(adsbygoogle = window.adsbygoogle || []).push({});\n<\/script><\/p>\n<p class=\"v14Ladillo\"><strong>Agua para los asistentes, gracias a un acuerdo con la Mancomunidad<\/strong><\/p>\n<p class=\"v13Texto\">Como novedad con respecto a los anteriores pases, la Mancomunidad de la Comarca de Pamplona pondr\u00e1 a disposici\u00f3n de los asistentes a la Ciudadela la &#8216;Taberna del Agua&#8217;, en donde se podr\u00e1n abastecer de agua. A fin de generar los m\u00ednimos residuos posibles se emplaza a los espectadores que lleven sus propios envases. Todos los asistentes a este espect\u00e1culo, independientemente de su edad, deber\u00e1n contar con una invitaci\u00f3n, y los menores de edad deber\u00e1n acudir siempre acompa\u00f1ados.<\/p>\n<p class=\"v13Texto\">Con unos 20 minutos de duraci\u00f3n, la historia que hila el espect\u00e1culo arranca con un misterioso paquete que llega a manos de un chico llamado Xabier. El remitente es su abuelo, quien le hace llegar unas extra\u00f1as figuras y una carta. Mediante esas letras, el anciano contar\u00e1 a su nieto las vivencias y experiencias asociadas a la comparsa. Sobre el escenario, una sucesi\u00f3n de coloridos bailes har\u00e1n que Xabier descubra la verdadera ilusi\u00f3n que genera la Comparsa de Gigantes y Cabezudos del Ayuntamiento de Pamplona.<\/p>\n<p class=\"v13Texto\">En el segundo a\u00f1o en el que las consecuencias de la pandemia han impedido que la Comparsa de Gigantes y Cabezudos de Pamplona haya podido salir a las calles en sus citas habituales, el Consistorio ha llevado a cabo iniciativas para que los m\u00e1s peque\u00f1os puedan seguir en contacto con las emblem\u00e1ticas figuras. Durante las fechas en las que habitualmente se celebran los Sanfermines estuvieron expuestas en la Ciudadela y a lo largo del verano se han programado un total de 18 pases del espect\u00e1culo<strong>\u00a0&#8216;Baile de gigantes&#8217;<\/strong>.<\/p>\n","protected":false},"excerpt":{"rendered":"<p>Con un m\u00e1ximo de cuatro por persona, se podr\u00e1n adquirir desde las 12.00 del mediod\u00eda en la p\u00e1gina web pamplonaescultura.es<\/p>\n","protected":false},"author":1,"featured_media":35901,"comment_status":"open","ping_status":"closed","sticky":false,"template":"","format":"standard","meta":{"footnotes":""},"categories":[2],"tags":[],"class_list":["post-36266","post","type-post","status-publish","format-standard","has-post-thumbnail","hentry","category-ayuntamiento-pamplona"],"yoast_head":"<!-- This site is optimized with the Yoast SEO plugin v27.5 - https:\/\/yoast.com\/product\/yoast-seo-wordpress\/ -->\n<title>Ma\u00f1ana viernes se ponen a disposici\u00f3n las 5.600 invitaciones para la \u00faltima jornada de pases del espect\u00e1culo &#039;Baile de gigantes&#039;, que tendr\u00e1 lugar el 4 de septiembre<\/title>\n<meta name=\"description\" content=\"Con un m\u00e1ximo de cuatro por persona, se podr\u00e1n adquirir desde las 12.00 del mediod\u00eda en la p\u00e1gina web pamplonaescultura.es\" \/>\n<meta name=\"robots\" content=\"index, follow, max-snippet:-1, max-image-preview:large, max-video-preview:-1\" \/>\n<link rel=\"canonical\" href=\"https:\/\/www.laguiadepamplona.com\/actualidad\/manana-viernes-se-ponen-a-disposicion-las-5-600-invitaciones-para-la-ultima-jornada-de-pases-del-espectaculo-baile-de-gigantes-que-tendra-lugar-el-4-de-septiembre\/\" \/>\n<meta property=\"og:locale\" content=\"es_ES\" \/>\n<meta property=\"og:type\" content=\"article\" \/>\n<meta property=\"og:title\" content=\"Ma\u00f1ana viernes se ponen a disposici\u00f3n las 5.600 invitaciones para la \u00faltima jornada de pases del espect\u00e1culo &#039;Baile de gigantes&#039;, que tendr\u00e1 lugar el 4 de septiembre\" \/>\n<meta property=\"og:description\" content=\"Con un m\u00e1ximo de cuatro por persona, se podr\u00e1n adquirir desde las 12.00 del mediod\u00eda en la p\u00e1gina web pamplonaescultura.es\" \/>\n<meta property=\"og:url\" content=\"https:\/\/www.laguiadepamplona.com\/actualidad\/manana-viernes-se-ponen-a-disposicion-las-5-600-invitaciones-para-la-ultima-jornada-de-pases-del-espectaculo-baile-de-gigantes-que-tendra-lugar-el-4-de-septiembre\/\" \/>\n<meta property=\"og:site_name\" content=\"La Gu\u00eda de Pamplona\" \/>\n<meta property=\"article:publisher\" content=\"https:\/\/www.facebook.com\/laguiadepamplonacom-133175176762273\/?ref=hl\" \/>\n<meta property=\"article:published_time\" content=\"2021-08-19T11:04:59+00:00\" \/>\n<meta property=\"article:modified_time\" content=\"2023-04-11T09:49:05+00:00\" \/>\n<meta property=\"og:image\" content=\"https:\/\/www.laguiadepamplona.com\/actualidad\/wp-content\/uploads\/2021\/07\/baile-de-gigantes.jpg\" \/>\n\t<meta property=\"og:image:width\" content=\"1920\" \/>\n\t<meta property=\"og:image:height\" content=\"1080\" \/>\n\t<meta property=\"og:image:type\" content=\"image\/jpeg\" \/>\n<meta name=\"author\" content=\"La Gu\u00eda de Pamplona\" \/>\n<meta name=\"twitter:card\" content=\"summary_large_image\" \/>\n<meta name=\"twitter:creator\" content=\"@LaGuiadPamplona\" \/>\n<meta name=\"twitter:site\" content=\"@LaGuiadPamplona\" \/>\n<meta name=\"twitter:label1\" content=\"Escrito por\" \/>\n\t<meta name=\"twitter:data1\" content=\"La Gu\u00eda de Pamplona\" \/>\n\t<meta name=\"twitter:label2\" content=\"Tiempo de lectura\" \/>\n\t<meta name=\"twitter:data2\" content=\"3 minutos\" \/>\n<script type=\"application\/ld+json\" class=\"yoast-schema-graph\">{\"@context\":\"https:\\\/\\\/schema.org\",\"@graph\":[{\"@type\":\"Article\",\"@id\":\"https:\\\/\\\/www.laguiadepamplona.com\\\/actualidad\\\/manana-viernes-se-ponen-a-disposicion-las-5-600-invitaciones-para-la-ultima-jornada-de-pases-del-espectaculo-baile-de-gigantes-que-tendra-lugar-el-4-de-septiembre\\\/#article\",\"isPartOf\":{\"@id\":\"https:\\\/\\\/www.laguiadepamplona.com\\\/actualidad\\\/manana-viernes-se-ponen-a-disposicion-las-5-600-invitaciones-para-la-ultima-jornada-de-pases-del-espectaculo-baile-de-gigantes-que-tendra-lugar-el-4-de-septiembre\\\/\"},\"author\":{\"name\":\"La Gu\u00eda de Pamplona\",\"@id\":\"https:\\\/\\\/www.laguiadepamplona.com\\\/actualidad\\\/#\\\/schema\\\/person\\\/efe887376f0213d4657c93adc50b1fdb\"},\"headline\":\"Ma\u00f1ana viernes se ponen a disposici\u00f3n las 5.600 invitaciones para la \u00faltima jornada de pases del espect\u00e1culo &#8216;Baile de gigantes&#8217;, que tendr\u00e1 lugar el 4 de septiembre\",\"datePublished\":\"2021-08-19T11:04:59+00:00\",\"dateModified\":\"2023-04-11T09:49:05+00:00\",\"mainEntityOfPage\":{\"@id\":\"https:\\\/\\\/www.laguiadepamplona.com\\\/actualidad\\\/manana-viernes-se-ponen-a-disposicion-las-5-600-invitaciones-para-la-ultima-jornada-de-pases-del-espectaculo-baile-de-gigantes-que-tendra-lugar-el-4-de-septiembre\\\/\"},\"wordCount\":647,\"commentCount\":0,\"publisher\":{\"@id\":\"https:\\\/\\\/www.laguiadepamplona.com\\\/actualidad\\\/#organization\"},\"image\":{\"@id\":\"https:\\\/\\\/www.laguiadepamplona.com\\\/actualidad\\\/manana-viernes-se-ponen-a-disposicion-las-5-600-invitaciones-para-la-ultima-jornada-de-pases-del-espectaculo-baile-de-gigantes-que-tendra-lugar-el-4-de-septiembre\\\/#primaryimage\"},\"thumbnailUrl\":\"https:\\\/\\\/www.laguiadepamplona.com\\\/actualidad\\\/wp-content\\\/uploads\\\/2021\\\/07\\\/baile-de-gigantes.jpg\",\"articleSection\":[\"Ayto Pamplona\"],\"inLanguage\":\"es\",\"potentialAction\":[{\"@type\":\"CommentAction\",\"name\":\"Comment\",\"target\":[\"https:\\\/\\\/www.laguiadepamplona.com\\\/actualidad\\\/manana-viernes-se-ponen-a-disposicion-las-5-600-invitaciones-para-la-ultima-jornada-de-pases-del-espectaculo-baile-de-gigantes-que-tendra-lugar-el-4-de-septiembre\\\/#respond\"]}]},{\"@type\":\"WebPage\",\"@id\":\"https:\\\/\\\/www.laguiadepamplona.com\\\/actualidad\\\/manana-viernes-se-ponen-a-disposicion-las-5-600-invitaciones-para-la-ultima-jornada-de-pases-del-espectaculo-baile-de-gigantes-que-tendra-lugar-el-4-de-septiembre\\\/\",\"url\":\"https:\\\/\\\/www.laguiadepamplona.com\\\/actualidad\\\/manana-viernes-se-ponen-a-disposicion-las-5-600-invitaciones-para-la-ultima-jornada-de-pases-del-espectaculo-baile-de-gigantes-que-tendra-lugar-el-4-de-septiembre\\\/\",\"name\":\"Ma\u00f1ana viernes se ponen a disposici\u00f3n las 5.600 invitaciones para la \u00faltima jornada de pases del espect\u00e1culo 'Baile de gigantes', que tendr\u00e1 lugar el 4 de septiembre\",\"isPartOf\":{\"@id\":\"https:\\\/\\\/www.laguiadepamplona.com\\\/actualidad\\\/#website\"},\"primaryImageOfPage\":{\"@id\":\"https:\\\/\\\/www.laguiadepamplona.com\\\/actualidad\\\/manana-viernes-se-ponen-a-disposicion-las-5-600-invitaciones-para-la-ultima-jornada-de-pases-del-espectaculo-baile-de-gigantes-que-tendra-lugar-el-4-de-septiembre\\\/#primaryimage\"},\"image\":{\"@id\":\"https:\\\/\\\/www.laguiadepamplona.com\\\/actualidad\\\/manana-viernes-se-ponen-a-disposicion-las-5-600-invitaciones-para-la-ultima-jornada-de-pases-del-espectaculo-baile-de-gigantes-que-tendra-lugar-el-4-de-septiembre\\\/#primaryimage\"},\"thumbnailUrl\":\"https:\\\/\\\/www.laguiadepamplona.com\\\/actualidad\\\/wp-content\\\/uploads\\\/2021\\\/07\\\/baile-de-gigantes.jpg\",\"datePublished\":\"2021-08-19T11:04:59+00:00\",\"dateModified\":\"2023-04-11T09:49:05+00:00\",\"description\":\"Con un m\u00e1ximo de cuatro por persona, se podr\u00e1n adquirir desde las 12.00 del mediod\u00eda en la p\u00e1gina web pamplonaescultura.es\",\"breadcrumb\":{\"@id\":\"https:\\\/\\\/www.laguiadepamplona.com\\\/actualidad\\\/manana-viernes-se-ponen-a-disposicion-las-5-600-invitaciones-para-la-ultima-jornada-de-pases-del-espectaculo-baile-de-gigantes-que-tendra-lugar-el-4-de-septiembre\\\/#breadcrumb\"},\"inLanguage\":\"es\",\"potentialAction\":[{\"@type\":\"ReadAction\",\"target\":[\"https:\\\/\\\/www.laguiadepamplona.com\\\/actualidad\\\/manana-viernes-se-ponen-a-disposicion-las-5-600-invitaciones-para-la-ultima-jornada-de-pases-del-espectaculo-baile-de-gigantes-que-tendra-lugar-el-4-de-septiembre\\\/\"]}]},{\"@type\":\"ImageObject\",\"inLanguage\":\"es\",\"@id\":\"https:\\\/\\\/www.laguiadepamplona.com\\\/actualidad\\\/manana-viernes-se-ponen-a-disposicion-las-5-600-invitaciones-para-la-ultima-jornada-de-pases-del-espectaculo-baile-de-gigantes-que-tendra-lugar-el-4-de-septiembre\\\/#primaryimage\",\"url\":\"https:\\\/\\\/www.laguiadepamplona.com\\\/actualidad\\\/wp-content\\\/uploads\\\/2021\\\/07\\\/baile-de-gigantes.jpg\",\"contentUrl\":\"https:\\\/\\\/www.laguiadepamplona.com\\\/actualidad\\\/wp-content\\\/uploads\\\/2021\\\/07\\\/baile-de-gigantes.jpg\",\"width\":1920,\"height\":1080},{\"@type\":\"BreadcrumbList\",\"@id\":\"https:\\\/\\\/www.laguiadepamplona.com\\\/actualidad\\\/manana-viernes-se-ponen-a-disposicion-las-5-600-invitaciones-para-la-ultima-jornada-de-pases-del-espectaculo-baile-de-gigantes-que-tendra-lugar-el-4-de-septiembre\\\/#breadcrumb\",\"itemListElement\":[{\"@type\":\"ListItem\",\"position\":1,\"name\":\"Portada\",\"item\":\"https:\\\/\\\/www.laguiadepamplona.com\\\/actualidad\\\/\"},{\"@type\":\"ListItem\",\"position\":2,\"name\":\"Ma\u00f1ana viernes se ponen a disposici\u00f3n las 5.600 invitaciones para la \u00faltima jornada de pases del espect\u00e1culo &#8216;Baile de gigantes&#8217;, que tendr\u00e1 lugar el 4 de septiembre\"}]},{\"@type\":\"WebSite\",\"@id\":\"https:\\\/\\\/www.laguiadepamplona.com\\\/actualidad\\\/#website\",\"url\":\"https:\\\/\\\/www.laguiadepamplona.com\\\/actualidad\\\/\",\"name\":\"La gu\u00eda de Pamplona\",\"description\":\"Noticias de Pamplona\",\"publisher\":{\"@id\":\"https:\\\/\\\/www.laguiadepamplona.com\\\/actualidad\\\/#organization\"},\"potentialAction\":[{\"@type\":\"SearchAction\",\"target\":{\"@type\":\"EntryPoint\",\"urlTemplate\":\"https:\\\/\\\/www.laguiadepamplona.com\\\/actualidad\\\/?s={search_term_string}\"},\"query-input\":{\"@type\":\"PropertyValueSpecification\",\"valueRequired\":true,\"valueName\":\"search_term_string\"}}],\"inLanguage\":\"es\"},{\"@type\":\"Organization\",\"@id\":\"https:\\\/\\\/www.laguiadepamplona.com\\\/actualidad\\\/#organization\",\"name\":\"La Gu\u00eda de Pamplona \\\/ Noticias\",\"url\":\"https:\\\/\\\/www.laguiadepamplona.com\\\/actualidad\\\/\",\"logo\":{\"@type\":\"ImageObject\",\"inLanguage\":\"es\",\"@id\":\"https:\\\/\\\/www.laguiadepamplona.com\\\/actualidad\\\/#\\\/schema\\\/logo\\\/image\\\/\",\"url\":\"https:\\\/\\\/www.laguiadepamplona.com\\\/actualidad\\\/wp-content\\\/uploads\\\/2018\\\/11\\\/logo-laguiadepamplona18-web1.png\",\"contentUrl\":\"https:\\\/\\\/www.laguiadepamplona.com\\\/actualidad\\\/wp-content\\\/uploads\\\/2018\\\/11\\\/logo-laguiadepamplona18-web1.png\",\"width\":600,\"height\":196,\"caption\":\"La Gu\u00eda de Pamplona \\\/ Noticias\"},\"image\":{\"@id\":\"https:\\\/\\\/www.laguiadepamplona.com\\\/actualidad\\\/#\\\/schema\\\/logo\\\/image\\\/\"},\"sameAs\":[\"https:\\\/\\\/www.facebook.com\\\/laguiadepamplonacom-133175176762273\\\/?ref=hl\",\"https:\\\/\\\/x.com\\\/LaGuiadPamplona\",\"https:\\\/\\\/www.instagram.com\\\/la_guia_de_pamplona\\\/\",\"https:\\\/\\\/www.youtube.com\\\/user\\\/laguiadepamplona\"]},{\"@type\":\"Person\",\"@id\":\"https:\\\/\\\/www.laguiadepamplona.com\\\/actualidad\\\/#\\\/schema\\\/person\\\/efe887376f0213d4657c93adc50b1fdb\",\"name\":\"La Gu\u00eda de Pamplona\",\"image\":{\"@type\":\"ImageObject\",\"inLanguage\":\"es\",\"@id\":\"https:\\\/\\\/secure.gravatar.com\\\/avatar\\\/b6992f131dc8d30ab0dff15446e9d346d9dbd95992de0fef795073f5ea83a81c?s=96&d=mm&r=g\",\"url\":\"https:\\\/\\\/secure.gravatar.com\\\/avatar\\\/b6992f131dc8d30ab0dff15446e9d346d9dbd95992de0fef795073f5ea83a81c?s=96&d=mm&r=g\",\"contentUrl\":\"https:\\\/\\\/secure.gravatar.com\\\/avatar\\\/b6992f131dc8d30ab0dff15446e9d346d9dbd95992de0fef795073f5ea83a81c?s=96&d=mm&r=g\",\"caption\":\"La Gu\u00eda de Pamplona\"}}]}<\/script>\n<!-- \/ Yoast SEO plugin. -->","yoast_head_json":{"title":"Ma\u00f1ana viernes se ponen a disposici\u00f3n las 5.600 invitaciones para la \u00faltima jornada de pases del espect\u00e1culo 'Baile de gigantes', que tendr\u00e1 lugar el 4 de septiembre","description":"Con un m\u00e1ximo de cuatro por persona, se podr\u00e1n adquirir desde las 12.00 del mediod\u00eda en la p\u00e1gina web pamplonaescultura.es","robots":{"index":"index","follow":"follow","max-snippet":"max-snippet:-1","max-image-preview":"max-image-preview:large","max-video-preview":"max-video-preview:-1"},"canonical":"https:\/\/www.laguiadepamplona.com\/actualidad\/manana-viernes-se-ponen-a-disposicion-las-5-600-invitaciones-para-la-ultima-jornada-de-pases-del-espectaculo-baile-de-gigantes-que-tendra-lugar-el-4-de-septiembre\/","og_locale":"es_ES","og_type":"article","og_title":"Ma\u00f1ana viernes se ponen a disposici\u00f3n las 5.600 invitaciones para la \u00faltima jornada de pases del espect\u00e1culo 'Baile de gigantes', que tendr\u00e1 lugar el 4 de septiembre","og_description":"Con un m\u00e1ximo de cuatro por persona, se podr\u00e1n adquirir desde las 12.00 del mediod\u00eda en la p\u00e1gina web pamplonaescultura.es","og_url":"https:\/\/www.laguiadepamplona.com\/actualidad\/manana-viernes-se-ponen-a-disposicion-las-5-600-invitaciones-para-la-ultima-jornada-de-pases-del-espectaculo-baile-de-gigantes-que-tendra-lugar-el-4-de-septiembre\/","og_site_name":"La Gu\u00eda de Pamplona","article_publisher":"https:\/\/www.facebook.com\/laguiadepamplonacom-133175176762273\/?ref=hl","article_published_time":"2021-08-19T11:04:59+00:00","article_modified_time":"2023-04-11T09:49:05+00:00","og_image":[{"width":1920,"height":1080,"url":"https:\/\/www.laguiadepamplona.com\/actualidad\/wp-content\/uploads\/2021\/07\/baile-de-gigantes.jpg","type":"image\/jpeg"}],"author":"La Gu\u00eda de Pamplona","twitter_card":"summary_large_image","twitter_creator":"@LaGuiadPamplona","twitter_site":"@LaGuiadPamplona","twitter_misc":{"Escrito por":"La Gu\u00eda de Pamplona","Tiempo de lectura":"3 minutos"},"schema":{"@context":"https:\/\/schema.org","@graph":[{"@type":"Article","@id":"https:\/\/www.laguiadepamplona.com\/actualidad\/manana-viernes-se-ponen-a-disposicion-las-5-600-invitaciones-para-la-ultima-jornada-de-pases-del-espectaculo-baile-de-gigantes-que-tendra-lugar-el-4-de-septiembre\/#article","isPartOf":{"@id":"https:\/\/www.laguiadepamplona.com\/actualidad\/manana-viernes-se-ponen-a-disposicion-las-5-600-invitaciones-para-la-ultima-jornada-de-pases-del-espectaculo-baile-de-gigantes-que-tendra-lugar-el-4-de-septiembre\/"},"author":{"name":"La Gu\u00eda de Pamplona","@id":"https:\/\/www.laguiadepamplona.com\/actualidad\/#\/schema\/person\/efe887376f0213d4657c93adc50b1fdb"},"headline":"Ma\u00f1ana viernes se ponen a disposici\u00f3n las 5.600 invitaciones para la \u00faltima jornada de pases del espect\u00e1culo &#8216;Baile de gigantes&#8217;, que tendr\u00e1 lugar el 4 de septiembre","datePublished":"2021-08-19T11:04:59+00:00","dateModified":"2023-04-11T09:49:05+00:00","mainEntityOfPage":{"@id":"https:\/\/www.laguiadepamplona.com\/actualidad\/manana-viernes-se-ponen-a-disposicion-las-5-600-invitaciones-para-la-ultima-jornada-de-pases-del-espectaculo-baile-de-gigantes-que-tendra-lugar-el-4-de-septiembre\/"},"wordCount":647,"commentCount":0,"publisher":{"@id":"https:\/\/www.laguiadepamplona.com\/actualidad\/#organization"},"image":{"@id":"https:\/\/www.laguiadepamplona.com\/actualidad\/manana-viernes-se-ponen-a-disposicion-las-5-600-invitaciones-para-la-ultima-jornada-de-pases-del-espectaculo-baile-de-gigantes-que-tendra-lugar-el-4-de-septiembre\/#primaryimage"},"thumbnailUrl":"https:\/\/www.laguiadepamplona.com\/actualidad\/wp-content\/uploads\/2021\/07\/baile-de-gigantes.jpg","articleSection":["Ayto Pamplona"],"inLanguage":"es","potentialAction":[{"@type":"CommentAction","name":"Comment","target":["https:\/\/www.laguiadepamplona.com\/actualidad\/manana-viernes-se-ponen-a-disposicion-las-5-600-invitaciones-para-la-ultima-jornada-de-pases-del-espectaculo-baile-de-gigantes-que-tendra-lugar-el-4-de-septiembre\/#respond"]}]},{"@type":"WebPage","@id":"https:\/\/www.laguiadepamplona.com\/actualidad\/manana-viernes-se-ponen-a-disposicion-las-5-600-invitaciones-para-la-ultima-jornada-de-pases-del-espectaculo-baile-de-gigantes-que-tendra-lugar-el-4-de-septiembre\/","url":"https:\/\/www.laguiadepamplona.com\/actualidad\/manana-viernes-se-ponen-a-disposicion-las-5-600-invitaciones-para-la-ultima-jornada-de-pases-del-espectaculo-baile-de-gigantes-que-tendra-lugar-el-4-de-septiembre\/","name":"Ma\u00f1ana viernes se ponen a disposici\u00f3n las 5.600 invitaciones para la \u00faltima jornada de pases del espect\u00e1culo 'Baile de gigantes', que tendr\u00e1 lugar el 4 de septiembre","isPartOf":{"@id":"https:\/\/www.laguiadepamplona.com\/actualidad\/#website"},"primaryImageOfPage":{"@id":"https:\/\/www.laguiadepamplona.com\/actualidad\/manana-viernes-se-ponen-a-disposicion-las-5-600-invitaciones-para-la-ultima-jornada-de-pases-del-espectaculo-baile-de-gigantes-que-tendra-lugar-el-4-de-septiembre\/#primaryimage"},"image":{"@id":"https:\/\/www.laguiadepamplona.com\/actualidad\/manana-viernes-se-ponen-a-disposicion-las-5-600-invitaciones-para-la-ultima-jornada-de-pases-del-espectaculo-baile-de-gigantes-que-tendra-lugar-el-4-de-septiembre\/#primaryimage"},"thumbnailUrl":"https:\/\/www.laguiadepamplona.com\/actualidad\/wp-content\/uploads\/2021\/07\/baile-de-gigantes.jpg","datePublished":"2021-08-19T11:04:59+00:00","dateModified":"2023-04-11T09:49:05+00:00","description":"Con un m\u00e1ximo de cuatro por persona, se podr\u00e1n adquirir desde las 12.00 del mediod\u00eda en la p\u00e1gina web pamplonaescultura.es","breadcrumb":{"@id":"https:\/\/www.laguiadepamplona.com\/actualidad\/manana-viernes-se-ponen-a-disposicion-las-5-600-invitaciones-para-la-ultima-jornada-de-pases-del-espectaculo-baile-de-gigantes-que-tendra-lugar-el-4-de-septiembre\/#breadcrumb"},"inLanguage":"es","potentialAction":[{"@type":"ReadAction","target":["https:\/\/www.laguiadepamplona.com\/actualidad\/manana-viernes-se-ponen-a-disposicion-las-5-600-invitaciones-para-la-ultima-jornada-de-pases-del-espectaculo-baile-de-gigantes-que-tendra-lugar-el-4-de-septiembre\/"]}]},{"@type":"ImageObject","inLanguage":"es","@id":"https:\/\/www.laguiadepamplona.com\/actualidad\/manana-viernes-se-ponen-a-disposicion-las-5-600-invitaciones-para-la-ultima-jornada-de-pases-del-espectaculo-baile-de-gigantes-que-tendra-lugar-el-4-de-septiembre\/#primaryimage","url":"https:\/\/www.laguiadepamplona.com\/actualidad\/wp-content\/uploads\/2021\/07\/baile-de-gigantes.jpg","contentUrl":"https:\/\/www.laguiadepamplona.com\/actualidad\/wp-content\/uploads\/2021\/07\/baile-de-gigantes.jpg","width":1920,"height":1080},{"@type":"BreadcrumbList","@id":"https:\/\/www.laguiadepamplona.com\/actualidad\/manana-viernes-se-ponen-a-disposicion-las-5-600-invitaciones-para-la-ultima-jornada-de-pases-del-espectaculo-baile-de-gigantes-que-tendra-lugar-el-4-de-septiembre\/#breadcrumb","itemListElement":[{"@type":"ListItem","position":1,"name":"Portada","item":"https:\/\/www.laguiadepamplona.com\/actualidad\/"},{"@type":"ListItem","position":2,"name":"Ma\u00f1ana viernes se ponen a disposici\u00f3n las 5.600 invitaciones para la \u00faltima jornada de pases del espect\u00e1culo &#8216;Baile de gigantes&#8217;, que tendr\u00e1 lugar el 4 de septiembre"}]},{"@type":"WebSite","@id":"https:\/\/www.laguiadepamplona.com\/actualidad\/#website","url":"https:\/\/www.laguiadepamplona.com\/actualidad\/","name":"La gu\u00eda de Pamplona","description":"Noticias de Pamplona","publisher":{"@id":"https:\/\/www.laguiadepamplona.com\/actualidad\/#organization"},"potentialAction":[{"@type":"SearchAction","target":{"@type":"EntryPoint","urlTemplate":"https:\/\/www.laguiadepamplona.com\/actualidad\/?s={search_term_string}"},"query-input":{"@type":"PropertyValueSpecification","valueRequired":true,"valueName":"search_term_string"}}],"inLanguage":"es"},{"@type":"Organization","@id":"https:\/\/www.laguiadepamplona.com\/actualidad\/#organization","name":"La Gu\u00eda de Pamplona \/ Noticias","url":"https:\/\/www.laguiadepamplona.com\/actualidad\/","logo":{"@type":"ImageObject","inLanguage":"es","@id":"https:\/\/www.laguiadepamplona.com\/actualidad\/#\/schema\/logo\/image\/","url":"https:\/\/www.laguiadepamplona.com\/actualidad\/wp-content\/uploads\/2018\/11\/logo-laguiadepamplona18-web1.png","contentUrl":"https:\/\/www.laguiadepamplona.com\/actualidad\/wp-content\/uploads\/2018\/11\/logo-laguiadepamplona18-web1.png","width":600,"height":196,"caption":"La Gu\u00eda de Pamplona \/ Noticias"},"image":{"@id":"https:\/\/www.laguiadepamplona.com\/actualidad\/#\/schema\/logo\/image\/"},"sameAs":["https:\/\/www.facebook.com\/laguiadepamplonacom-133175176762273\/?ref=hl","https:\/\/x.com\/LaGuiadPamplona","https:\/\/www.instagram.com\/la_guia_de_pamplona\/","https:\/\/www.youtube.com\/user\/laguiadepamplona"]},{"@type":"Person","@id":"https:\/\/www.laguiadepamplona.com\/actualidad\/#\/schema\/person\/efe887376f0213d4657c93adc50b1fdb","name":"La Gu\u00eda de Pamplona","image":{"@type":"ImageObject","inLanguage":"es","@id":"https:\/\/secure.gravatar.com\/avatar\/b6992f131dc8d30ab0dff15446e9d346d9dbd95992de0fef795073f5ea83a81c?s=96&d=mm&r=g","url":"https:\/\/secure.gravatar.com\/avatar\/b6992f131dc8d30ab0dff15446e9d346d9dbd95992de0fef795073f5ea83a81c?s=96&d=mm&r=g","contentUrl":"https:\/\/secure.gravatar.com\/avatar\/b6992f131dc8d30ab0dff15446e9d346d9dbd95992de0fef795073f5ea83a81c?s=96&d=mm&r=g","caption":"La Gu\u00eda de Pamplona"}}]}},"post_mailing_queue_ids":[],"_links":{"self":[{"href":"https:\/\/www.laguiadepamplona.com\/actualidad\/wp-json\/wp\/v2\/posts\/36266","targetHints":{"allow":["GET"]}}],"collection":[{"href":"https:\/\/www.laguiadepamplona.com\/actualidad\/wp-json\/wp\/v2\/posts"}],"about":[{"href":"https:\/\/www.laguiadepamplona.com\/actualidad\/wp-json\/wp\/v2\/types\/post"}],"author":[{"embeddable":true,"href":"https:\/\/www.laguiadepamplona.com\/actualidad\/wp-json\/wp\/v2\/users\/1"}],"replies":[{"embeddable":true,"href":"https:\/\/www.laguiadepamplona.com\/actualidad\/wp-json\/wp\/v2\/comments?post=36266"}],"version-history":[{"count":0,"href":"https:\/\/www.laguiadepamplona.com\/actualidad\/wp-json\/wp\/v2\/posts\/36266\/revisions"}],"wp:featuredmedia":[{"embeddable":true,"href":"https:\/\/www.laguiadepamplona.com\/actualidad\/wp-json\/wp\/v2\/media\/35901"}],"wp:attachment":[{"href":"https:\/\/www.laguiadepamplona.com\/actualidad\/wp-json\/wp\/v2\/media?parent=36266"}],"wp:term":[{"taxonomy":"category","embeddable":true,"href":"https:\/\/www.laguiadepamplona.com\/actualidad\/wp-json\/wp\/v2\/categories?post=36266"},{"taxonomy":"post_tag","embeddable":true,"href":"https:\/\/www.laguiadepamplona.com\/actualidad\/wp-json\/wp\/v2\/tags?post=36266"}],"curies":[{"name":"wp","href":"https:\/\/api.w.org\/{rel}","templated":true}]}}