{"id":36263,"date":"2021-08-19T13:03:19","date_gmt":"2021-08-19T11:03:19","guid":{"rendered":"https:\/\/www.laguiadepamplona.com\/actualidad\/?p=36263"},"modified":"2023-04-11T11:49:05","modified_gmt":"2023-04-11T09:49:05","slug":"danzad-danzad-malditos-finaliza-el-sabado-con-las-actuaciones-de-karankoron-organik-evgeni-melentiev-y-tatiana-melnikova-y-martin-los-arcos","status":"publish","type":"post","link":"https:\/\/www.laguiadepamplona.com\/actualidad\/danzad-danzad-malditos-finaliza-el-sabado-con-las-actuaciones-de-karankoron-organik-evgeni-melentiev-y-tatiana-melnikova-y-martin-los-arcos\/","title":{"rendered":"&#8216;Danzad, Danzad Malditos&#8217; finaliza el s\u00e1bado con las actuaciones de Karankoron, Organik, Evgeni Melentiev y Tatiana Melnikova y\u00a0Mart\u00edn Los Arcos"},"content":{"rendered":"<h5 class=\"v12Subtitulo\">El programa comienza a las 20 horas en el Front\u00f3n Jai Alai con una propuesta de parkour<\/h5>\n<p class=\"v1MsoNormal\"><!--more--><\/p>\n<p class=\"v13Texto\">El ciclo &#8216;Danzad, Danzad Malditos&#8217;, organizado por el Ayuntamiento de Pamplona dentro de la programaci\u00f3n de \u00a1Viva Pamplona viva!, finaliza este s\u00e1bado, 21 de agosto, con las actuaciones de Karankoron (Menorca), Organik (Pa\u00eds Vasco), Evgeni Melentiev y Tatiana Melnikova (Rusia) y\u00a0Mart\u00edn Los Arcos (Navarra). El ciclo ha presentado\u00a0en total, durante los tres primeros s\u00e1bados de agosto,\u00a011 propuestas nacionales e internacionales.<\/p>\n<p class=\"v13Texto\">Los espect\u00e1culos\u00a0tienen lugar en el Front\u00f3n Jito Alai con acceso libre hasta completar aforo. Previamente, a partir de las 20 horas, se presentar\u00e1 una propuesta de parkour con Alba Duarte, Isaac Duarte, Ander San Martin, Adriel Salazar, Tasio Garc\u00eda y Amets Calva.<\/p>\n<p><script async src=\"\/\/pagead2.googlesyndication.com\/pagead\/js\/adsbygoogle.js\"><\/script><br \/>\n<!-- Noticias La Guia de Pamplona --><br \/>\n<ins class=\"adsbygoogle\"\nstyle=\"display:block\"\ndata-ad-client=\"ca-pub-6943679897239327\"\ndata-ad-slot=\"7048180777\"\ndata-ad-format=\"auto\"><\/ins><br \/>\n<script>\n(adsbygoogle = window.adsbygoogle || []).push({});\n<\/script><\/p>\n<p class=\"v14Ladillo\"><strong>&#8216;Sendero de Karankoron y &#8216;Carneros&#8217; de Organik<\/strong><\/p>\n<p class=\"v13Texto\">La jornada de s\u00e1bado la abrir\u00e1 la compa\u00f1\u00eda Karankoron con la pieza &#8216;Sendero&#8217; en la que se aborda la interrelaci\u00f3n que hay entre los seres vivos y todo aquello invisible que los conecta. Por eso, plantea la situaci\u00f3n de conocer a alguien por primera vez y, sin embargo, tener sensaci\u00f3n de haber estado con ella ya, como si los caminos se hubieran cruzado y vuelven a encontrarse. En la puesta en escena se podr\u00e1 ver una de las bases de la compa\u00f1\u00eda, el deseo de fusionar la danza contempor\u00e1nea con paisajes sonoros mediante instrumentos ancestrales.<\/p>\n<p class=\"v13Texto\">A continuaci\u00f3n, actuar\u00e1 Organik, un grupo que a partir de un lenguaje entre la danza y, a menudo, el texto, utiliza el movimiento como veh\u00edculo de expresi\u00f3n y de emociones. En sus creaciones busca propuestas diferentes a trav\u00e9s de su conexi\u00f3n con el mundo sonoro y generalmente desde una mirada ir\u00f3nica. Presentar\u00e1 &#8216;Carneros&#8217;, obra inspirada en una de las modalidades del deporte rural vasco: el tope de machos ovinos. A partir del modo en que luchan dos ejemplares de esta especie (se encaran, retroceden para impulsase, bajan la cabeza, alzan sus cuernos y pelean) se propone una reflexi\u00f3n en torno a la diversi\u00f3n que genera esta afici\u00f3n.<\/p>\n<p><script async src=\"\/\/pagead2.googlesyndication.com\/pagead\/js\/adsbygoogle.js\"><\/script><br \/>\n<!-- Noticias La Guia de Pamplona --><br \/>\n<ins class=\"adsbygoogle\"\nstyle=\"display:block\"\ndata-ad-client=\"ca-pub-6943679897239327\"\ndata-ad-slot=\"7048180777\"\ndata-ad-format=\"auto\"><\/ins><br \/>\n<script>\n(adsbygoogle = window.adsbygoogle || []).push({});\n<\/script><\/p>\n<p class=\"v14Ladillo\"><strong>&#8216;Horizon&#8217; de Eugenie Melentiev y Tatiana Melnikova y &#8216;Sombrero Loco&#8217; de Mart\u00edn Los Arcos<\/strong><\/p>\n<p class=\"v13Texto\">Eugenie Melentiev y Tatiana Melnikova se han planteado, como punto inicial del trabajo que presentar\u00e1n en Pamplona, &#8216;Horizon&#8217;, preguntas sobre si hay algo al final, cu\u00e1les ser\u00e1n las personas del futuro, si funcionar\u00e1n al igual que los robots o en la diferencia entre personas y m\u00e1quinas. Eugenie Melentiev es bailar\u00edn, int\u00e9rprete, profesor y core\u00f3grafo. Pertenece a la compa\u00f1\u00eda Farfor You donde es bailar\u00edn y core\u00f3grafo. El proyecto tiene como objetivo aumentar el valor de la improvisaci\u00f3n libre en la danza como una categor\u00eda de arte autosuficiente, demostrar su visi\u00f3n de la interacci\u00f3n de diferentes direcciones en la coreograf\u00eda y promover el conocimiento de la cultura de la danza moderna entre las masas. Tatiana Melnikova trabaja en la joven compa\u00f1\u00eda de danza Suss, donde busca redescubrir y renovar sus herramientas creativas.<\/p>\n<p class=\"v13Texto\">El \u00faltimo artista de &#8216;Danzad, danzad malditos&#8217; 2021 es Mart\u00edn Los Arcos, que se ha inspirado en el famoso personaje de Lewis Carrol, de &#8216;Alicia en el Pa\u00eds de las Maravillas&#8217;, para su &#8216;Sombrero Loco&#8217;. La obra quiere retratar la belleza de su ingenio, locura l\u00facida y una peculiar inteligencia que canaliza un sinf\u00edn de ideas que emergen trepidantemente. Es una propuesta f\u00edsica donde la parte ecl\u00e9ctica de este personaje se proyecta en resultado donde la acrobacia f\u00edsica plasma la vertiginosidad de su mente. Mart\u00edn Los Arcos ha estudiado artes marciales: capoeira, judo, kung-fu, Aikido y Karv maga. A los 16 a\u00f1os comienza ballet cl\u00e1sico y a los 18 a\u00f1os entra en el conservatoria RCPD Marienma en la especialidad de contempor\u00e1neo. En 2019 llega a La Faktoria para completar sus estudios de danza contempor\u00e1nea y un a\u00f1o despu\u00e9s empieza a trabajar en Dinamo Danza donde como int\u00e9rprete y asistente.<\/p>\n<p class=\"v13Texto\">\n<p><script async src=\"\/\/pagead2.googlesyndication.com\/pagead\/js\/adsbygoogle.js\"><\/script><br \/>\n<!-- Noticias La Guia de Pamplona --><br \/>\n<ins class=\"adsbygoogle\"\nstyle=\"display:block\"\ndata-ad-client=\"ca-pub-6943679897239327\"\ndata-ad-slot=\"7048180777\"\ndata-ad-format=\"auto\"><\/ins><br \/>\n<script>\n(adsbygoogle = window.adsbygoogle || []).push({});\n<\/script><\/p>\n<div>\n<h4 class=\"v15TituloApoyodedatos\">Danzad, Danzad Malditos.\u00a0Front\u00f3n Jito Alai. 20 horas<\/h4>\n<\/div>\n<p class=\"v16Textoapoyodatos\">\u00b7\u00a0\u00a0\u00a0\u00a0\u00a0\u00a0<b>S\u00e1bado 21 agosto<\/b><\/p>\n<p class=\"v16Textoapoyodatos\">\u00b7\u00a0\u00a0\u00a0\u00a0\u00a0\u00a0\u00abCarneros\u00bb. Organik (Pa\u00eds Vasco)<\/p>\n<p class=\"v16Textoapoyodatos\">\u00b7\u00a0\u00a0\u00a0\u00a0\u00a0\u00a0\u00abSenda\u00bb. Karankoron. Lorenzo Avolio, David Novoa, Kaori (Menorca)<\/p>\n<p class=\"v16Textoapoyodatos\">\u00b7\u00a0\u00a0\u00a0\u00a0\u00a0\u00a0\u00a0\u00abEl Sombrerero Loco\u00bb. Mart\u00edn Los Arcos (Navarra)<\/p>\n<p class=\"v16Textoapoyodatos\">\u00b7\u00a0\u00a0\u00a0\u00a0\u00a0\u00a0\u00ab1548 steps\u00bb.\u00a0Evgeni Melentiev (Rusia)<\/p>\n","protected":false},"excerpt":{"rendered":"<p>El programa comienza a las 20 horas en el Front\u00f3n Jai Alai con una propuesta de parkour<\/p>\n","protected":false},"author":1,"featured_media":36264,"comment_status":"open","ping_status":"closed","sticky":false,"template":"","format":"standard","meta":{"footnotes":""},"categories":[2],"tags":[],"class_list":["post-36263","post","type-post","status-publish","format-standard","has-post-thumbnail","hentry","category-ayuntamiento-pamplona"],"yoast_head":"<!-- This site is optimized with the Yoast SEO plugin v27.5 - https:\/\/yoast.com\/product\/yoast-seo-wordpress\/ -->\n<title>&#039;Danzad, Danzad Malditos&#039; finaliza el s\u00e1bado con las actuaciones de Karankoron, Organik, Evgeni Melentiev y Tatiana Melnikova y\u00a0Mart\u00edn Los Arcos<\/title>\n<meta name=\"description\" content=\"El programa comienza a las 20 horas en el Front\u00f3n Jai Alai con una propuesta de parkour\" \/>\n<meta name=\"robots\" content=\"index, follow, max-snippet:-1, max-image-preview:large, max-video-preview:-1\" \/>\n<link rel=\"canonical\" href=\"https:\/\/www.laguiadepamplona.com\/actualidad\/danzad-danzad-malditos-finaliza-el-sabado-con-las-actuaciones-de-karankoron-organik-evgeni-melentiev-y-tatiana-melnikova-y-martin-los-arcos\/\" \/>\n<meta property=\"og:locale\" content=\"es_ES\" \/>\n<meta property=\"og:type\" content=\"article\" \/>\n<meta property=\"og:title\" content=\"&#039;Danzad, Danzad Malditos&#039; finaliza el s\u00e1bado con las actuaciones de Karankoron, Organik, Evgeni Melentiev y Tatiana Melnikova y\u00a0Mart\u00edn Los Arcos\" \/>\n<meta property=\"og:description\" content=\"El programa comienza a las 20 horas en el Front\u00f3n Jai Alai con una propuesta de parkour\" \/>\n<meta property=\"og:url\" content=\"https:\/\/www.laguiadepamplona.com\/actualidad\/danzad-danzad-malditos-finaliza-el-sabado-con-las-actuaciones-de-karankoron-organik-evgeni-melentiev-y-tatiana-melnikova-y-martin-los-arcos\/\" \/>\n<meta property=\"og:site_name\" content=\"La Gu\u00eda de Pamplona\" \/>\n<meta property=\"article:publisher\" content=\"https:\/\/www.facebook.com\/laguiadepamplonacom-133175176762273\/?ref=hl\" \/>\n<meta property=\"article:published_time\" content=\"2021-08-19T11:03:19+00:00\" \/>\n<meta property=\"article:modified_time\" content=\"2023-04-11T09:49:05+00:00\" \/>\n<meta property=\"og:image\" content=\"https:\/\/www.laguiadepamplona.com\/actualidad\/wp-content\/uploads\/2021\/08\/organik_2_1.jpg\" \/>\n\t<meta property=\"og:image:width\" content=\"1920\" \/>\n\t<meta property=\"og:image:height\" content=\"1280\" \/>\n\t<meta property=\"og:image:type\" content=\"image\/jpeg\" \/>\n<meta name=\"author\" content=\"La Gu\u00eda de Pamplona\" \/>\n<meta name=\"twitter:card\" content=\"summary_large_image\" \/>\n<meta name=\"twitter:creator\" content=\"@LaGuiadPamplona\" \/>\n<meta name=\"twitter:site\" content=\"@LaGuiadPamplona\" \/>\n<meta name=\"twitter:label1\" content=\"Escrito por\" \/>\n\t<meta name=\"twitter:data1\" content=\"La Gu\u00eda de Pamplona\" \/>\n\t<meta name=\"twitter:label2\" content=\"Tiempo de lectura\" \/>\n\t<meta name=\"twitter:data2\" content=\"3 minutos\" \/>\n<script type=\"application\/ld+json\" class=\"yoast-schema-graph\">{\"@context\":\"https:\\\/\\\/schema.org\",\"@graph\":[{\"@type\":\"Article\",\"@id\":\"https:\\\/\\\/www.laguiadepamplona.com\\\/actualidad\\\/danzad-danzad-malditos-finaliza-el-sabado-con-las-actuaciones-de-karankoron-organik-evgeni-melentiev-y-tatiana-melnikova-y-martin-los-arcos\\\/#article\",\"isPartOf\":{\"@id\":\"https:\\\/\\\/www.laguiadepamplona.com\\\/actualidad\\\/danzad-danzad-malditos-finaliza-el-sabado-con-las-actuaciones-de-karankoron-organik-evgeni-melentiev-y-tatiana-melnikova-y-martin-los-arcos\\\/\"},\"author\":{\"name\":\"La Gu\u00eda de Pamplona\",\"@id\":\"https:\\\/\\\/www.laguiadepamplona.com\\\/actualidad\\\/#\\\/schema\\\/person\\\/efe887376f0213d4657c93adc50b1fdb\"},\"headline\":\"&#8216;Danzad, Danzad Malditos&#8217; finaliza el s\u00e1bado con las actuaciones de Karankoron, Organik, Evgeni Melentiev y Tatiana Melnikova y\u00a0Mart\u00edn Los Arcos\",\"datePublished\":\"2021-08-19T11:03:19+00:00\",\"dateModified\":\"2023-04-11T09:49:05+00:00\",\"mainEntityOfPage\":{\"@id\":\"https:\\\/\\\/www.laguiadepamplona.com\\\/actualidad\\\/danzad-danzad-malditos-finaliza-el-sabado-con-las-actuaciones-de-karankoron-organik-evgeni-melentiev-y-tatiana-melnikova-y-martin-los-arcos\\\/\"},\"wordCount\":735,\"commentCount\":0,\"publisher\":{\"@id\":\"https:\\\/\\\/www.laguiadepamplona.com\\\/actualidad\\\/#organization\"},\"image\":{\"@id\":\"https:\\\/\\\/www.laguiadepamplona.com\\\/actualidad\\\/danzad-danzad-malditos-finaliza-el-sabado-con-las-actuaciones-de-karankoron-organik-evgeni-melentiev-y-tatiana-melnikova-y-martin-los-arcos\\\/#primaryimage\"},\"thumbnailUrl\":\"https:\\\/\\\/www.laguiadepamplona.com\\\/actualidad\\\/wp-content\\\/uploads\\\/2021\\\/08\\\/organik_2_1.jpg\",\"articleSection\":[\"Ayto Pamplona\"],\"inLanguage\":\"es\",\"potentialAction\":[{\"@type\":\"CommentAction\",\"name\":\"Comment\",\"target\":[\"https:\\\/\\\/www.laguiadepamplona.com\\\/actualidad\\\/danzad-danzad-malditos-finaliza-el-sabado-con-las-actuaciones-de-karankoron-organik-evgeni-melentiev-y-tatiana-melnikova-y-martin-los-arcos\\\/#respond\"]}]},{\"@type\":\"WebPage\",\"@id\":\"https:\\\/\\\/www.laguiadepamplona.com\\\/actualidad\\\/danzad-danzad-malditos-finaliza-el-sabado-con-las-actuaciones-de-karankoron-organik-evgeni-melentiev-y-tatiana-melnikova-y-martin-los-arcos\\\/\",\"url\":\"https:\\\/\\\/www.laguiadepamplona.com\\\/actualidad\\\/danzad-danzad-malditos-finaliza-el-sabado-con-las-actuaciones-de-karankoron-organik-evgeni-melentiev-y-tatiana-melnikova-y-martin-los-arcos\\\/\",\"name\":\"'Danzad, Danzad Malditos' finaliza el s\u00e1bado con las actuaciones de Karankoron, Organik, Evgeni Melentiev y Tatiana Melnikova y\u00a0Mart\u00edn Los Arcos\",\"isPartOf\":{\"@id\":\"https:\\\/\\\/www.laguiadepamplona.com\\\/actualidad\\\/#website\"},\"primaryImageOfPage\":{\"@id\":\"https:\\\/\\\/www.laguiadepamplona.com\\\/actualidad\\\/danzad-danzad-malditos-finaliza-el-sabado-con-las-actuaciones-de-karankoron-organik-evgeni-melentiev-y-tatiana-melnikova-y-martin-los-arcos\\\/#primaryimage\"},\"image\":{\"@id\":\"https:\\\/\\\/www.laguiadepamplona.com\\\/actualidad\\\/danzad-danzad-malditos-finaliza-el-sabado-con-las-actuaciones-de-karankoron-organik-evgeni-melentiev-y-tatiana-melnikova-y-martin-los-arcos\\\/#primaryimage\"},\"thumbnailUrl\":\"https:\\\/\\\/www.laguiadepamplona.com\\\/actualidad\\\/wp-content\\\/uploads\\\/2021\\\/08\\\/organik_2_1.jpg\",\"datePublished\":\"2021-08-19T11:03:19+00:00\",\"dateModified\":\"2023-04-11T09:49:05+00:00\",\"description\":\"El programa comienza a las 20 horas en el Front\u00f3n Jai Alai con una propuesta de parkour\",\"breadcrumb\":{\"@id\":\"https:\\\/\\\/www.laguiadepamplona.com\\\/actualidad\\\/danzad-danzad-malditos-finaliza-el-sabado-con-las-actuaciones-de-karankoron-organik-evgeni-melentiev-y-tatiana-melnikova-y-martin-los-arcos\\\/#breadcrumb\"},\"inLanguage\":\"es\",\"potentialAction\":[{\"@type\":\"ReadAction\",\"target\":[\"https:\\\/\\\/www.laguiadepamplona.com\\\/actualidad\\\/danzad-danzad-malditos-finaliza-el-sabado-con-las-actuaciones-de-karankoron-organik-evgeni-melentiev-y-tatiana-melnikova-y-martin-los-arcos\\\/\"]}]},{\"@type\":\"ImageObject\",\"inLanguage\":\"es\",\"@id\":\"https:\\\/\\\/www.laguiadepamplona.com\\\/actualidad\\\/danzad-danzad-malditos-finaliza-el-sabado-con-las-actuaciones-de-karankoron-organik-evgeni-melentiev-y-tatiana-melnikova-y-martin-los-arcos\\\/#primaryimage\",\"url\":\"https:\\\/\\\/www.laguiadepamplona.com\\\/actualidad\\\/wp-content\\\/uploads\\\/2021\\\/08\\\/organik_2_1.jpg\",\"contentUrl\":\"https:\\\/\\\/www.laguiadepamplona.com\\\/actualidad\\\/wp-content\\\/uploads\\\/2021\\\/08\\\/organik_2_1.jpg\",\"width\":1920,\"height\":1280},{\"@type\":\"BreadcrumbList\",\"@id\":\"https:\\\/\\\/www.laguiadepamplona.com\\\/actualidad\\\/danzad-danzad-malditos-finaliza-el-sabado-con-las-actuaciones-de-karankoron-organik-evgeni-melentiev-y-tatiana-melnikova-y-martin-los-arcos\\\/#breadcrumb\",\"itemListElement\":[{\"@type\":\"ListItem\",\"position\":1,\"name\":\"Portada\",\"item\":\"https:\\\/\\\/www.laguiadepamplona.com\\\/actualidad\\\/\"},{\"@type\":\"ListItem\",\"position\":2,\"name\":\"&#8216;Danzad, Danzad Malditos&#8217; finaliza el s\u00e1bado con las actuaciones de Karankoron, Organik, Evgeni Melentiev y Tatiana Melnikova y\u00a0Mart\u00edn Los Arcos\"}]},{\"@type\":\"WebSite\",\"@id\":\"https:\\\/\\\/www.laguiadepamplona.com\\\/actualidad\\\/#website\",\"url\":\"https:\\\/\\\/www.laguiadepamplona.com\\\/actualidad\\\/\",\"name\":\"La gu\u00eda de Pamplona\",\"description\":\"Noticias de Pamplona\",\"publisher\":{\"@id\":\"https:\\\/\\\/www.laguiadepamplona.com\\\/actualidad\\\/#organization\"},\"potentialAction\":[{\"@type\":\"SearchAction\",\"target\":{\"@type\":\"EntryPoint\",\"urlTemplate\":\"https:\\\/\\\/www.laguiadepamplona.com\\\/actualidad\\\/?s={search_term_string}\"},\"query-input\":{\"@type\":\"PropertyValueSpecification\",\"valueRequired\":true,\"valueName\":\"search_term_string\"}}],\"inLanguage\":\"es\"},{\"@type\":\"Organization\",\"@id\":\"https:\\\/\\\/www.laguiadepamplona.com\\\/actualidad\\\/#organization\",\"name\":\"La Gu\u00eda de Pamplona \\\/ Noticias\",\"url\":\"https:\\\/\\\/www.laguiadepamplona.com\\\/actualidad\\\/\",\"logo\":{\"@type\":\"ImageObject\",\"inLanguage\":\"es\",\"@id\":\"https:\\\/\\\/www.laguiadepamplona.com\\\/actualidad\\\/#\\\/schema\\\/logo\\\/image\\\/\",\"url\":\"https:\\\/\\\/www.laguiadepamplona.com\\\/actualidad\\\/wp-content\\\/uploads\\\/2018\\\/11\\\/logo-laguiadepamplona18-web1.png\",\"contentUrl\":\"https:\\\/\\\/www.laguiadepamplona.com\\\/actualidad\\\/wp-content\\\/uploads\\\/2018\\\/11\\\/logo-laguiadepamplona18-web1.png\",\"width\":600,\"height\":196,\"caption\":\"La Gu\u00eda de Pamplona \\\/ Noticias\"},\"image\":{\"@id\":\"https:\\\/\\\/www.laguiadepamplona.com\\\/actualidad\\\/#\\\/schema\\\/logo\\\/image\\\/\"},\"sameAs\":[\"https:\\\/\\\/www.facebook.com\\\/laguiadepamplonacom-133175176762273\\\/?ref=hl\",\"https:\\\/\\\/x.com\\\/LaGuiadPamplona\",\"https:\\\/\\\/www.instagram.com\\\/la_guia_de_pamplona\\\/\",\"https:\\\/\\\/www.youtube.com\\\/user\\\/laguiadepamplona\"]},{\"@type\":\"Person\",\"@id\":\"https:\\\/\\\/www.laguiadepamplona.com\\\/actualidad\\\/#\\\/schema\\\/person\\\/efe887376f0213d4657c93adc50b1fdb\",\"name\":\"La Gu\u00eda de Pamplona\",\"image\":{\"@type\":\"ImageObject\",\"inLanguage\":\"es\",\"@id\":\"https:\\\/\\\/secure.gravatar.com\\\/avatar\\\/b6992f131dc8d30ab0dff15446e9d346d9dbd95992de0fef795073f5ea83a81c?s=96&d=mm&r=g\",\"url\":\"https:\\\/\\\/secure.gravatar.com\\\/avatar\\\/b6992f131dc8d30ab0dff15446e9d346d9dbd95992de0fef795073f5ea83a81c?s=96&d=mm&r=g\",\"contentUrl\":\"https:\\\/\\\/secure.gravatar.com\\\/avatar\\\/b6992f131dc8d30ab0dff15446e9d346d9dbd95992de0fef795073f5ea83a81c?s=96&d=mm&r=g\",\"caption\":\"La Gu\u00eda de Pamplona\"}}]}<\/script>\n<!-- \/ Yoast SEO plugin. -->","yoast_head_json":{"title":"'Danzad, Danzad Malditos' finaliza el s\u00e1bado con las actuaciones de Karankoron, Organik, Evgeni Melentiev y Tatiana Melnikova y\u00a0Mart\u00edn Los Arcos","description":"El programa comienza a las 20 horas en el Front\u00f3n Jai Alai con una propuesta de parkour","robots":{"index":"index","follow":"follow","max-snippet":"max-snippet:-1","max-image-preview":"max-image-preview:large","max-video-preview":"max-video-preview:-1"},"canonical":"https:\/\/www.laguiadepamplona.com\/actualidad\/danzad-danzad-malditos-finaliza-el-sabado-con-las-actuaciones-de-karankoron-organik-evgeni-melentiev-y-tatiana-melnikova-y-martin-los-arcos\/","og_locale":"es_ES","og_type":"article","og_title":"'Danzad, Danzad Malditos' finaliza el s\u00e1bado con las actuaciones de Karankoron, Organik, Evgeni Melentiev y Tatiana Melnikova y\u00a0Mart\u00edn Los Arcos","og_description":"El programa comienza a las 20 horas en el Front\u00f3n Jai Alai con una propuesta de parkour","og_url":"https:\/\/www.laguiadepamplona.com\/actualidad\/danzad-danzad-malditos-finaliza-el-sabado-con-las-actuaciones-de-karankoron-organik-evgeni-melentiev-y-tatiana-melnikova-y-martin-los-arcos\/","og_site_name":"La Gu\u00eda de Pamplona","article_publisher":"https:\/\/www.facebook.com\/laguiadepamplonacom-133175176762273\/?ref=hl","article_published_time":"2021-08-19T11:03:19+00:00","article_modified_time":"2023-04-11T09:49:05+00:00","og_image":[{"width":1920,"height":1280,"url":"https:\/\/www.laguiadepamplona.com\/actualidad\/wp-content\/uploads\/2021\/08\/organik_2_1.jpg","type":"image\/jpeg"}],"author":"La Gu\u00eda de Pamplona","twitter_card":"summary_large_image","twitter_creator":"@LaGuiadPamplona","twitter_site":"@LaGuiadPamplona","twitter_misc":{"Escrito por":"La Gu\u00eda de Pamplona","Tiempo de lectura":"3 minutos"},"schema":{"@context":"https:\/\/schema.org","@graph":[{"@type":"Article","@id":"https:\/\/www.laguiadepamplona.com\/actualidad\/danzad-danzad-malditos-finaliza-el-sabado-con-las-actuaciones-de-karankoron-organik-evgeni-melentiev-y-tatiana-melnikova-y-martin-los-arcos\/#article","isPartOf":{"@id":"https:\/\/www.laguiadepamplona.com\/actualidad\/danzad-danzad-malditos-finaliza-el-sabado-con-las-actuaciones-de-karankoron-organik-evgeni-melentiev-y-tatiana-melnikova-y-martin-los-arcos\/"},"author":{"name":"La Gu\u00eda de Pamplona","@id":"https:\/\/www.laguiadepamplona.com\/actualidad\/#\/schema\/person\/efe887376f0213d4657c93adc50b1fdb"},"headline":"&#8216;Danzad, Danzad Malditos&#8217; finaliza el s\u00e1bado con las actuaciones de Karankoron, Organik, Evgeni Melentiev y Tatiana Melnikova y\u00a0Mart\u00edn Los Arcos","datePublished":"2021-08-19T11:03:19+00:00","dateModified":"2023-04-11T09:49:05+00:00","mainEntityOfPage":{"@id":"https:\/\/www.laguiadepamplona.com\/actualidad\/danzad-danzad-malditos-finaliza-el-sabado-con-las-actuaciones-de-karankoron-organik-evgeni-melentiev-y-tatiana-melnikova-y-martin-los-arcos\/"},"wordCount":735,"commentCount":0,"publisher":{"@id":"https:\/\/www.laguiadepamplona.com\/actualidad\/#organization"},"image":{"@id":"https:\/\/www.laguiadepamplona.com\/actualidad\/danzad-danzad-malditos-finaliza-el-sabado-con-las-actuaciones-de-karankoron-organik-evgeni-melentiev-y-tatiana-melnikova-y-martin-los-arcos\/#primaryimage"},"thumbnailUrl":"https:\/\/www.laguiadepamplona.com\/actualidad\/wp-content\/uploads\/2021\/08\/organik_2_1.jpg","articleSection":["Ayto Pamplona"],"inLanguage":"es","potentialAction":[{"@type":"CommentAction","name":"Comment","target":["https:\/\/www.laguiadepamplona.com\/actualidad\/danzad-danzad-malditos-finaliza-el-sabado-con-las-actuaciones-de-karankoron-organik-evgeni-melentiev-y-tatiana-melnikova-y-martin-los-arcos\/#respond"]}]},{"@type":"WebPage","@id":"https:\/\/www.laguiadepamplona.com\/actualidad\/danzad-danzad-malditos-finaliza-el-sabado-con-las-actuaciones-de-karankoron-organik-evgeni-melentiev-y-tatiana-melnikova-y-martin-los-arcos\/","url":"https:\/\/www.laguiadepamplona.com\/actualidad\/danzad-danzad-malditos-finaliza-el-sabado-con-las-actuaciones-de-karankoron-organik-evgeni-melentiev-y-tatiana-melnikova-y-martin-los-arcos\/","name":"'Danzad, Danzad Malditos' finaliza el s\u00e1bado con las actuaciones de Karankoron, Organik, Evgeni Melentiev y Tatiana Melnikova y\u00a0Mart\u00edn Los Arcos","isPartOf":{"@id":"https:\/\/www.laguiadepamplona.com\/actualidad\/#website"},"primaryImageOfPage":{"@id":"https:\/\/www.laguiadepamplona.com\/actualidad\/danzad-danzad-malditos-finaliza-el-sabado-con-las-actuaciones-de-karankoron-organik-evgeni-melentiev-y-tatiana-melnikova-y-martin-los-arcos\/#primaryimage"},"image":{"@id":"https:\/\/www.laguiadepamplona.com\/actualidad\/danzad-danzad-malditos-finaliza-el-sabado-con-las-actuaciones-de-karankoron-organik-evgeni-melentiev-y-tatiana-melnikova-y-martin-los-arcos\/#primaryimage"},"thumbnailUrl":"https:\/\/www.laguiadepamplona.com\/actualidad\/wp-content\/uploads\/2021\/08\/organik_2_1.jpg","datePublished":"2021-08-19T11:03:19+00:00","dateModified":"2023-04-11T09:49:05+00:00","description":"El programa comienza a las 20 horas en el Front\u00f3n Jai Alai con una propuesta de parkour","breadcrumb":{"@id":"https:\/\/www.laguiadepamplona.com\/actualidad\/danzad-danzad-malditos-finaliza-el-sabado-con-las-actuaciones-de-karankoron-organik-evgeni-melentiev-y-tatiana-melnikova-y-martin-los-arcos\/#breadcrumb"},"inLanguage":"es","potentialAction":[{"@type":"ReadAction","target":["https:\/\/www.laguiadepamplona.com\/actualidad\/danzad-danzad-malditos-finaliza-el-sabado-con-las-actuaciones-de-karankoron-organik-evgeni-melentiev-y-tatiana-melnikova-y-martin-los-arcos\/"]}]},{"@type":"ImageObject","inLanguage":"es","@id":"https:\/\/www.laguiadepamplona.com\/actualidad\/danzad-danzad-malditos-finaliza-el-sabado-con-las-actuaciones-de-karankoron-organik-evgeni-melentiev-y-tatiana-melnikova-y-martin-los-arcos\/#primaryimage","url":"https:\/\/www.laguiadepamplona.com\/actualidad\/wp-content\/uploads\/2021\/08\/organik_2_1.jpg","contentUrl":"https:\/\/www.laguiadepamplona.com\/actualidad\/wp-content\/uploads\/2021\/08\/organik_2_1.jpg","width":1920,"height":1280},{"@type":"BreadcrumbList","@id":"https:\/\/www.laguiadepamplona.com\/actualidad\/danzad-danzad-malditos-finaliza-el-sabado-con-las-actuaciones-de-karankoron-organik-evgeni-melentiev-y-tatiana-melnikova-y-martin-los-arcos\/#breadcrumb","itemListElement":[{"@type":"ListItem","position":1,"name":"Portada","item":"https:\/\/www.laguiadepamplona.com\/actualidad\/"},{"@type":"ListItem","position":2,"name":"&#8216;Danzad, Danzad Malditos&#8217; finaliza el s\u00e1bado con las actuaciones de Karankoron, Organik, Evgeni Melentiev y Tatiana Melnikova y\u00a0Mart\u00edn Los Arcos"}]},{"@type":"WebSite","@id":"https:\/\/www.laguiadepamplona.com\/actualidad\/#website","url":"https:\/\/www.laguiadepamplona.com\/actualidad\/","name":"La gu\u00eda de Pamplona","description":"Noticias de Pamplona","publisher":{"@id":"https:\/\/www.laguiadepamplona.com\/actualidad\/#organization"},"potentialAction":[{"@type":"SearchAction","target":{"@type":"EntryPoint","urlTemplate":"https:\/\/www.laguiadepamplona.com\/actualidad\/?s={search_term_string}"},"query-input":{"@type":"PropertyValueSpecification","valueRequired":true,"valueName":"search_term_string"}}],"inLanguage":"es"},{"@type":"Organization","@id":"https:\/\/www.laguiadepamplona.com\/actualidad\/#organization","name":"La Gu\u00eda de Pamplona \/ Noticias","url":"https:\/\/www.laguiadepamplona.com\/actualidad\/","logo":{"@type":"ImageObject","inLanguage":"es","@id":"https:\/\/www.laguiadepamplona.com\/actualidad\/#\/schema\/logo\/image\/","url":"https:\/\/www.laguiadepamplona.com\/actualidad\/wp-content\/uploads\/2018\/11\/logo-laguiadepamplona18-web1.png","contentUrl":"https:\/\/www.laguiadepamplona.com\/actualidad\/wp-content\/uploads\/2018\/11\/logo-laguiadepamplona18-web1.png","width":600,"height":196,"caption":"La Gu\u00eda de Pamplona \/ Noticias"},"image":{"@id":"https:\/\/www.laguiadepamplona.com\/actualidad\/#\/schema\/logo\/image\/"},"sameAs":["https:\/\/www.facebook.com\/laguiadepamplonacom-133175176762273\/?ref=hl","https:\/\/x.com\/LaGuiadPamplona","https:\/\/www.instagram.com\/la_guia_de_pamplona\/","https:\/\/www.youtube.com\/user\/laguiadepamplona"]},{"@type":"Person","@id":"https:\/\/www.laguiadepamplona.com\/actualidad\/#\/schema\/person\/efe887376f0213d4657c93adc50b1fdb","name":"La Gu\u00eda de Pamplona","image":{"@type":"ImageObject","inLanguage":"es","@id":"https:\/\/secure.gravatar.com\/avatar\/b6992f131dc8d30ab0dff15446e9d346d9dbd95992de0fef795073f5ea83a81c?s=96&d=mm&r=g","url":"https:\/\/secure.gravatar.com\/avatar\/b6992f131dc8d30ab0dff15446e9d346d9dbd95992de0fef795073f5ea83a81c?s=96&d=mm&r=g","contentUrl":"https:\/\/secure.gravatar.com\/avatar\/b6992f131dc8d30ab0dff15446e9d346d9dbd95992de0fef795073f5ea83a81c?s=96&d=mm&r=g","caption":"La Gu\u00eda de Pamplona"}}]}},"post_mailing_queue_ids":[],"_links":{"self":[{"href":"https:\/\/www.laguiadepamplona.com\/actualidad\/wp-json\/wp\/v2\/posts\/36263","targetHints":{"allow":["GET"]}}],"collection":[{"href":"https:\/\/www.laguiadepamplona.com\/actualidad\/wp-json\/wp\/v2\/posts"}],"about":[{"href":"https:\/\/www.laguiadepamplona.com\/actualidad\/wp-json\/wp\/v2\/types\/post"}],"author":[{"embeddable":true,"href":"https:\/\/www.laguiadepamplona.com\/actualidad\/wp-json\/wp\/v2\/users\/1"}],"replies":[{"embeddable":true,"href":"https:\/\/www.laguiadepamplona.com\/actualidad\/wp-json\/wp\/v2\/comments?post=36263"}],"version-history":[{"count":0,"href":"https:\/\/www.laguiadepamplona.com\/actualidad\/wp-json\/wp\/v2\/posts\/36263\/revisions"}],"wp:featuredmedia":[{"embeddable":true,"href":"https:\/\/www.laguiadepamplona.com\/actualidad\/wp-json\/wp\/v2\/media\/36264"}],"wp:attachment":[{"href":"https:\/\/www.laguiadepamplona.com\/actualidad\/wp-json\/wp\/v2\/media?parent=36263"}],"wp:term":[{"taxonomy":"category","embeddable":true,"href":"https:\/\/www.laguiadepamplona.com\/actualidad\/wp-json\/wp\/v2\/categories?post=36263"},{"taxonomy":"post_tag","embeddable":true,"href":"https:\/\/www.laguiadepamplona.com\/actualidad\/wp-json\/wp\/v2\/tags?post=36263"}],"curies":[{"name":"wp","href":"https:\/\/api.w.org\/{rel}","templated":true}]}}