{"id":36251,"date":"2021-08-18T16:45:10","date_gmt":"2021-08-18T14:45:10","guid":{"rendered":"https:\/\/www.laguiadepamplona.com\/actualidad\/?p=36251"},"modified":"2023-04-11T11:49:05","modified_gmt":"2023-04-11T09:49:05","slug":"juan-jose-martinena-recibira-el-sexto-panuelo-de-pamplona-iruneko-zapia-por-su-contribucion-a-la-consolidacion-de-la-proyeccion-de-pamplona","status":"publish","type":"post","link":"https:\/\/www.laguiadepamplona.com\/actualidad\/juan-jose-martinena-recibira-el-sexto-panuelo-de-pamplona-iruneko-zapia-por-su-contribucion-a-la-consolidacion-de-la-proyeccion-de-pamplona\/","title":{"rendered":"Juan Jos\u00e9 Martinena recibir\u00e1 el sexto \u2018Pa\u00f1uelo de Pamplona \u2013 Iru\u00f1eko Zapia\u2019 por su contribuci\u00f3n a la consolidaci\u00f3n de la proyecci\u00f3n de Pamplona"},"content":{"rendered":"<h5>La propuesta se ratificar\u00e1 en Pleno y el galard\u00f3n se entregar\u00e1 dentro de los actos del D\u00eda del Privilegio de la Uni\u00f3n del 8 de septiembre<\/h5>\n<p><!--more--><\/p>\n<p>El historiador Juan Jos\u00e9 Martinena ser\u00e1 reconocido con el sexto \u2018Pa\u00f1uelo de Pamplona \u2013 Iru\u00f1eko Zapia\u2019 por su contribuci\u00f3n de forma activa y notoria a la consolidaci\u00f3n de la proyecci\u00f3n de la ciudad de Pamplona. El Pleno ratificar\u00e1 la propuesta tras la Junta de Portavoces de esta ma\u00f1ana. El galard\u00f3n se entregar\u00e1 dentro de los actos del D\u00eda del Privilegio de la Uni\u00f3n que se celebra cada 8 de septiembre.<\/p>\n<p>Juan Jos\u00e9 Martinena Ruiz (Pamplona, 1949) es licenciado y doctor en Historia por la Universidad de Navarra, ambos grados \u201ccum laude\u201d. Director del Archivo Real y General de Navarra hasta su jubilaci\u00f3n en 2010 fue profesor asociado durante 30 a\u00f1os del Departamento de Historia de la Universidad de Navarra. Es miembro correspondiente de la Real Academia de la Historia, de la Academia Americana de Her\u00e1ldica y Genealog\u00eda y fundador de la Sociedad de Estudios Hist\u00f3ricos de Navarra.<\/p>\n<p>Asimismo, ha ocupado la presidencia de la junta de Navarra de la Asociaci\u00f3n Espa\u00f1ola de los Amigos de los Castillos, que le otorg\u00f3 la Medalla de Plata. Entre los reconocimientos tambi\u00e9n se encuentran la Medalla de Plata de la Universidad de Navarra, el Premio Gallico de Oro de la Sociedad Napardi de Pamplona.<\/p>\n<p><script async src=\"\/\/pagead2.googlesyndication.com\/pagead\/js\/adsbygoogle.js\"><\/script><br \/>\n<!-- Noticias La Guia de Pamplona --><br \/>\n<ins class=\"adsbygoogle\"\nstyle=\"display:block\"\ndata-ad-client=\"ca-pub-6943679897239327\"\ndata-ad-slot=\"7048180777\"\ndata-ad-format=\"auto\"><\/ins><br \/>\n<script>\n(adsbygoogle = window.adsbygoogle || []).push({});\n<\/script><\/p>\n<p><strong>Autor de m\u00e1s de 20 libros sobre historia de Pamplona y de Navarra<\/strong><\/p>\n<p>Martinena es autor de m\u00e1s de 20 libros sobre historia de Pamplona y de Navarra, varios de ellos (incluida su tesis doctoral) dedicados a temas de her\u00e1ldicas, castillos y fortificaciones. El Ayuntamiento de Pamplona public\u00f3 el a\u00f1o pasado \u2018Cosas de la vieja Iru\u00f1a\u2019, una recopilaci\u00f3n de art\u00edculos sobre la ciudad.<\/p>\n<p>Anteriormente, hab\u00eda editado de este autor los vol\u00famenes \u2018Escudos de Armas en calles Pamplona\u2019, La Ciudadela de Pamplona-Iru\u00f1eko Gotorlekua\u2019, \u2018Historias del Viejo Pamplona\u2019, La Ciudadela de Pamplona. Cinco siglos de una fortaleza inexpugnable\u2019, \u2018Nuevas historias del viejo Pamplona\u2019, \u2018El Ferrocarril del Plazaola. Un tren casi legendario que uni\u00f3 Pamplona y San Sebasti\u00e1n (1914-1953)\u2019, \u2018Historias y Rincones de Pamplona\u2019, \u2018Fortificaciones de Pamplona: pasado, presente y futuro\u2019 y \u2018El Patrimonio Fortificado Piren\u00e1ico (S. XVII-XIX)\u2019.<\/p>\n<p><script async src=\"\/\/pagead2.googlesyndication.com\/pagead\/js\/adsbygoogle.js\"><\/script><br \/>\n<!-- Noticias La Guia de Pamplona --><br \/>\n<ins class=\"adsbygoogle\"\nstyle=\"display:block\"\ndata-ad-client=\"ca-pub-6943679897239327\"\ndata-ad-slot=\"7048180777\"\ndata-ad-format=\"auto\"><\/ins><br \/>\n<script>\n(adsbygoogle = window.adsbygoogle || []).push({});\n<\/script><\/p>\n<p><strong>Distinci\u00f3n desde 2016 y que est\u00e1 recogida en el Reglamento de protocolo<\/strong><\/p>\n<p>El Pa\u00f1uelo de Pamplona-Iru\u00f1eko Zapia aparece entre las distinciones recogidas en el <strong>\u2018<\/strong>Reglamento de protocolo, ceremonial, honores y distinciones del Ayuntamiento de Pamplona\u2019 junto con la Medalla de Oro de Pamplona, el t\u00edtulo de Hijo\/a Predilecto\/a y t\u00edtulo de Hijo\/a Adoptivo\/a o la dedicaci\u00f3n de calles, plazas y monumentos.<\/p>\n<p>El pa\u00f1uelo es, tal y como recoge el reglamento, \u201cuna distinci\u00f3n honor\u00edfica que tiene por objeto premiar a las personas, f\u00edsicas o jur\u00eddicas, y entidades que por raz\u00f3n de su labor diaria, trayectoria personal o profesional, hayan contribuido de forma activa y notoria a la consolidaci\u00f3n de la proyecci\u00f3n de la ciudad de Pamplona en sus diferentes vertientes, su historia y su cultura o que hayan destacado por haber realizado una contribuci\u00f3n excepcional a las artes o las ciencias\u201d. Como distinci\u00f3n, se compone de un pa\u00f1uelo rojo con el escudo de la ciudad bordado en uno de sus picos y una escultura de la alegor\u00eda de la Uni\u00f3n de los Burgos.<\/p>\n<p>Este reconocimiento comenz\u00f3 a entregarse en 2016. Entonces recay\u00f3 en Paulina Fern\u00e1ndez, propietaria de la Churrer\u00eda La Ma\u00f1ueta. En 2017 el segundo pa\u00f1uelo fue para el periodista Javier Pagola y en 2018 lo recibieron Elisa Sesma, Pablo S\u00e1nchez-Valverde y Mari Cruz Landa, por su trayectoria profesional ligada al Centro de Informaci\u00f3n y Planificaci\u00f3n Sexual, Andraize. La edici\u00f3n siguiente, esta distinci\u00f3n fue para el ex\u00e1rbitro internacional de f\u00fatbol Alberto Undiano Mallenco y el a\u00f1o pasado para los profesionales de la Medicina y la Enfermer\u00eda por la situaci\u00f3n derivada de la Covid-19.<\/p>\n","protected":false},"excerpt":{"rendered":"<p>La propuesta se ratificar\u00e1 en Pleno y el galard\u00f3n se entregar\u00e1 dentro de los actos del D\u00eda del Privilegio de la Uni\u00f3n del 8 de septiembre<\/p>\n","protected":false},"author":1,"featured_media":36252,"comment_status":"open","ping_status":"closed","sticky":false,"template":"","format":"standard","meta":{"footnotes":""},"categories":[2],"tags":[],"class_list":["post-36251","post","type-post","status-publish","format-standard","has-post-thumbnail","hentry","category-ayuntamiento-pamplona"],"yoast_head":"<!-- This site is optimized with the Yoast SEO plugin v27.5 - https:\/\/yoast.com\/product\/yoast-seo-wordpress\/ -->\n<title>Juan Jos\u00e9 Martinena recibir\u00e1 el sexto \u2018Pa\u00f1uelo de Pamplona \u2013 Iru\u00f1eko Zapia\u2019 por su contribuci\u00f3n a la consolidaci\u00f3n de la proyecci\u00f3n de Pamplona<\/title>\n<meta name=\"robots\" content=\"index, follow, max-snippet:-1, max-image-preview:large, max-video-preview:-1\" \/>\n<link rel=\"canonical\" href=\"https:\/\/www.laguiadepamplona.com\/actualidad\/juan-jose-martinena-recibira-el-sexto-panuelo-de-pamplona-iruneko-zapia-por-su-contribucion-a-la-consolidacion-de-la-proyeccion-de-pamplona\/\" \/>\n<meta property=\"og:locale\" content=\"es_ES\" \/>\n<meta property=\"og:type\" content=\"article\" \/>\n<meta property=\"og:title\" content=\"Juan Jos\u00e9 Martinena recibir\u00e1 el sexto \u2018Pa\u00f1uelo de Pamplona \u2013 Iru\u00f1eko Zapia\u2019 por su contribuci\u00f3n a la consolidaci\u00f3n de la proyecci\u00f3n de Pamplona\" \/>\n<meta property=\"og:description\" content=\"La propuesta se ratificar\u00e1 en Pleno y el galard\u00f3n se entregar\u00e1 dentro de los actos del D\u00eda del Privilegio de la Uni\u00f3n del 8 de septiembre\" \/>\n<meta property=\"og:url\" content=\"https:\/\/www.laguiadepamplona.com\/actualidad\/juan-jose-martinena-recibira-el-sexto-panuelo-de-pamplona-iruneko-zapia-por-su-contribucion-a-la-consolidacion-de-la-proyeccion-de-pamplona\/\" \/>\n<meta property=\"og:site_name\" content=\"La Gu\u00eda de Pamplona\" \/>\n<meta property=\"article:publisher\" content=\"https:\/\/www.facebook.com\/laguiadepamplonacom-133175176762273\/?ref=hl\" \/>\n<meta property=\"article:published_time\" content=\"2021-08-18T14:45:10+00:00\" \/>\n<meta property=\"article:modified_time\" content=\"2023-04-11T09:49:05+00:00\" \/>\n<meta property=\"og:image\" content=\"https:\/\/www.laguiadepamplona.com\/actualidad\/wp-content\/uploads\/2021\/08\/martinena.jpg\" \/>\n\t<meta property=\"og:image:width\" content=\"1066\" \/>\n\t<meta property=\"og:image:height\" content=\"803\" \/>\n\t<meta property=\"og:image:type\" content=\"image\/jpeg\" \/>\n<meta name=\"author\" content=\"La Gu\u00eda de Pamplona\" \/>\n<meta name=\"twitter:card\" content=\"summary_large_image\" \/>\n<meta name=\"twitter:creator\" content=\"@LaGuiadPamplona\" \/>\n<meta name=\"twitter:site\" content=\"@LaGuiadPamplona\" \/>\n<meta name=\"twitter:label1\" content=\"Escrito por\" \/>\n\t<meta name=\"twitter:data1\" content=\"La Gu\u00eda de Pamplona\" \/>\n\t<meta name=\"twitter:label2\" content=\"Tiempo de lectura\" \/>\n\t<meta name=\"twitter:data2\" content=\"3 minutos\" \/>\n<script type=\"application\/ld+json\" class=\"yoast-schema-graph\">{\"@context\":\"https:\\\/\\\/schema.org\",\"@graph\":[{\"@type\":\"Article\",\"@id\":\"https:\\\/\\\/www.laguiadepamplona.com\\\/actualidad\\\/juan-jose-martinena-recibira-el-sexto-panuelo-de-pamplona-iruneko-zapia-por-su-contribucion-a-la-consolidacion-de-la-proyeccion-de-pamplona\\\/#article\",\"isPartOf\":{\"@id\":\"https:\\\/\\\/www.laguiadepamplona.com\\\/actualidad\\\/juan-jose-martinena-recibira-el-sexto-panuelo-de-pamplona-iruneko-zapia-por-su-contribucion-a-la-consolidacion-de-la-proyeccion-de-pamplona\\\/\"},\"author\":{\"name\":\"La Gu\u00eda de Pamplona\",\"@id\":\"https:\\\/\\\/www.laguiadepamplona.com\\\/actualidad\\\/#\\\/schema\\\/person\\\/efe887376f0213d4657c93adc50b1fdb\"},\"headline\":\"Juan Jos\u00e9 Martinena recibir\u00e1 el sexto \u2018Pa\u00f1uelo de Pamplona \u2013 Iru\u00f1eko Zapia\u2019 por su contribuci\u00f3n a la consolidaci\u00f3n de la proyecci\u00f3n de Pamplona\",\"datePublished\":\"2021-08-18T14:45:10+00:00\",\"dateModified\":\"2023-04-11T09:49:05+00:00\",\"mainEntityOfPage\":{\"@id\":\"https:\\\/\\\/www.laguiadepamplona.com\\\/actualidad\\\/juan-jose-martinena-recibira-el-sexto-panuelo-de-pamplona-iruneko-zapia-por-su-contribucion-a-la-consolidacion-de-la-proyeccion-de-pamplona\\\/\"},\"wordCount\":707,\"commentCount\":0,\"publisher\":{\"@id\":\"https:\\\/\\\/www.laguiadepamplona.com\\\/actualidad\\\/#organization\"},\"image\":{\"@id\":\"https:\\\/\\\/www.laguiadepamplona.com\\\/actualidad\\\/juan-jose-martinena-recibira-el-sexto-panuelo-de-pamplona-iruneko-zapia-por-su-contribucion-a-la-consolidacion-de-la-proyeccion-de-pamplona\\\/#primaryimage\"},\"thumbnailUrl\":\"https:\\\/\\\/www.laguiadepamplona.com\\\/actualidad\\\/wp-content\\\/uploads\\\/2021\\\/08\\\/martinena.jpg\",\"articleSection\":[\"Ayto Pamplona\"],\"inLanguage\":\"es\",\"potentialAction\":[{\"@type\":\"CommentAction\",\"name\":\"Comment\",\"target\":[\"https:\\\/\\\/www.laguiadepamplona.com\\\/actualidad\\\/juan-jose-martinena-recibira-el-sexto-panuelo-de-pamplona-iruneko-zapia-por-su-contribucion-a-la-consolidacion-de-la-proyeccion-de-pamplona\\\/#respond\"]}]},{\"@type\":\"WebPage\",\"@id\":\"https:\\\/\\\/www.laguiadepamplona.com\\\/actualidad\\\/juan-jose-martinena-recibira-el-sexto-panuelo-de-pamplona-iruneko-zapia-por-su-contribucion-a-la-consolidacion-de-la-proyeccion-de-pamplona\\\/\",\"url\":\"https:\\\/\\\/www.laguiadepamplona.com\\\/actualidad\\\/juan-jose-martinena-recibira-el-sexto-panuelo-de-pamplona-iruneko-zapia-por-su-contribucion-a-la-consolidacion-de-la-proyeccion-de-pamplona\\\/\",\"name\":\"Juan Jos\u00e9 Martinena recibir\u00e1 el sexto \u2018Pa\u00f1uelo de Pamplona \u2013 Iru\u00f1eko Zapia\u2019 por su contribuci\u00f3n a la consolidaci\u00f3n de la proyecci\u00f3n de Pamplona\",\"isPartOf\":{\"@id\":\"https:\\\/\\\/www.laguiadepamplona.com\\\/actualidad\\\/#website\"},\"primaryImageOfPage\":{\"@id\":\"https:\\\/\\\/www.laguiadepamplona.com\\\/actualidad\\\/juan-jose-martinena-recibira-el-sexto-panuelo-de-pamplona-iruneko-zapia-por-su-contribucion-a-la-consolidacion-de-la-proyeccion-de-pamplona\\\/#primaryimage\"},\"image\":{\"@id\":\"https:\\\/\\\/www.laguiadepamplona.com\\\/actualidad\\\/juan-jose-martinena-recibira-el-sexto-panuelo-de-pamplona-iruneko-zapia-por-su-contribucion-a-la-consolidacion-de-la-proyeccion-de-pamplona\\\/#primaryimage\"},\"thumbnailUrl\":\"https:\\\/\\\/www.laguiadepamplona.com\\\/actualidad\\\/wp-content\\\/uploads\\\/2021\\\/08\\\/martinena.jpg\",\"datePublished\":\"2021-08-18T14:45:10+00:00\",\"dateModified\":\"2023-04-11T09:49:05+00:00\",\"breadcrumb\":{\"@id\":\"https:\\\/\\\/www.laguiadepamplona.com\\\/actualidad\\\/juan-jose-martinena-recibira-el-sexto-panuelo-de-pamplona-iruneko-zapia-por-su-contribucion-a-la-consolidacion-de-la-proyeccion-de-pamplona\\\/#breadcrumb\"},\"inLanguage\":\"es\",\"potentialAction\":[{\"@type\":\"ReadAction\",\"target\":[\"https:\\\/\\\/www.laguiadepamplona.com\\\/actualidad\\\/juan-jose-martinena-recibira-el-sexto-panuelo-de-pamplona-iruneko-zapia-por-su-contribucion-a-la-consolidacion-de-la-proyeccion-de-pamplona\\\/\"]}]},{\"@type\":\"ImageObject\",\"inLanguage\":\"es\",\"@id\":\"https:\\\/\\\/www.laguiadepamplona.com\\\/actualidad\\\/juan-jose-martinena-recibira-el-sexto-panuelo-de-pamplona-iruneko-zapia-por-su-contribucion-a-la-consolidacion-de-la-proyeccion-de-pamplona\\\/#primaryimage\",\"url\":\"https:\\\/\\\/www.laguiadepamplona.com\\\/actualidad\\\/wp-content\\\/uploads\\\/2021\\\/08\\\/martinena.jpg\",\"contentUrl\":\"https:\\\/\\\/www.laguiadepamplona.com\\\/actualidad\\\/wp-content\\\/uploads\\\/2021\\\/08\\\/martinena.jpg\",\"width\":1066,\"height\":803},{\"@type\":\"BreadcrumbList\",\"@id\":\"https:\\\/\\\/www.laguiadepamplona.com\\\/actualidad\\\/juan-jose-martinena-recibira-el-sexto-panuelo-de-pamplona-iruneko-zapia-por-su-contribucion-a-la-consolidacion-de-la-proyeccion-de-pamplona\\\/#breadcrumb\",\"itemListElement\":[{\"@type\":\"ListItem\",\"position\":1,\"name\":\"Portada\",\"item\":\"https:\\\/\\\/www.laguiadepamplona.com\\\/actualidad\\\/\"},{\"@type\":\"ListItem\",\"position\":2,\"name\":\"Juan Jos\u00e9 Martinena recibir\u00e1 el sexto \u2018Pa\u00f1uelo de Pamplona \u2013 Iru\u00f1eko Zapia\u2019 por su contribuci\u00f3n a la consolidaci\u00f3n de la proyecci\u00f3n de Pamplona\"}]},{\"@type\":\"WebSite\",\"@id\":\"https:\\\/\\\/www.laguiadepamplona.com\\\/actualidad\\\/#website\",\"url\":\"https:\\\/\\\/www.laguiadepamplona.com\\\/actualidad\\\/\",\"name\":\"La gu\u00eda de Pamplona\",\"description\":\"Noticias de Pamplona\",\"publisher\":{\"@id\":\"https:\\\/\\\/www.laguiadepamplona.com\\\/actualidad\\\/#organization\"},\"potentialAction\":[{\"@type\":\"SearchAction\",\"target\":{\"@type\":\"EntryPoint\",\"urlTemplate\":\"https:\\\/\\\/www.laguiadepamplona.com\\\/actualidad\\\/?s={search_term_string}\"},\"query-input\":{\"@type\":\"PropertyValueSpecification\",\"valueRequired\":true,\"valueName\":\"search_term_string\"}}],\"inLanguage\":\"es\"},{\"@type\":\"Organization\",\"@id\":\"https:\\\/\\\/www.laguiadepamplona.com\\\/actualidad\\\/#organization\",\"name\":\"La Gu\u00eda de Pamplona \\\/ Noticias\",\"url\":\"https:\\\/\\\/www.laguiadepamplona.com\\\/actualidad\\\/\",\"logo\":{\"@type\":\"ImageObject\",\"inLanguage\":\"es\",\"@id\":\"https:\\\/\\\/www.laguiadepamplona.com\\\/actualidad\\\/#\\\/schema\\\/logo\\\/image\\\/\",\"url\":\"https:\\\/\\\/www.laguiadepamplona.com\\\/actualidad\\\/wp-content\\\/uploads\\\/2018\\\/11\\\/logo-laguiadepamplona18-web1.png\",\"contentUrl\":\"https:\\\/\\\/www.laguiadepamplona.com\\\/actualidad\\\/wp-content\\\/uploads\\\/2018\\\/11\\\/logo-laguiadepamplona18-web1.png\",\"width\":600,\"height\":196,\"caption\":\"La Gu\u00eda de Pamplona \\\/ Noticias\"},\"image\":{\"@id\":\"https:\\\/\\\/www.laguiadepamplona.com\\\/actualidad\\\/#\\\/schema\\\/logo\\\/image\\\/\"},\"sameAs\":[\"https:\\\/\\\/www.facebook.com\\\/laguiadepamplonacom-133175176762273\\\/?ref=hl\",\"https:\\\/\\\/x.com\\\/LaGuiadPamplona\",\"https:\\\/\\\/www.instagram.com\\\/la_guia_de_pamplona\\\/\",\"https:\\\/\\\/www.youtube.com\\\/user\\\/laguiadepamplona\"]},{\"@type\":\"Person\",\"@id\":\"https:\\\/\\\/www.laguiadepamplona.com\\\/actualidad\\\/#\\\/schema\\\/person\\\/efe887376f0213d4657c93adc50b1fdb\",\"name\":\"La Gu\u00eda de Pamplona\",\"image\":{\"@type\":\"ImageObject\",\"inLanguage\":\"es\",\"@id\":\"https:\\\/\\\/secure.gravatar.com\\\/avatar\\\/b6992f131dc8d30ab0dff15446e9d346d9dbd95992de0fef795073f5ea83a81c?s=96&d=mm&r=g\",\"url\":\"https:\\\/\\\/secure.gravatar.com\\\/avatar\\\/b6992f131dc8d30ab0dff15446e9d346d9dbd95992de0fef795073f5ea83a81c?s=96&d=mm&r=g\",\"contentUrl\":\"https:\\\/\\\/secure.gravatar.com\\\/avatar\\\/b6992f131dc8d30ab0dff15446e9d346d9dbd95992de0fef795073f5ea83a81c?s=96&d=mm&r=g\",\"caption\":\"La Gu\u00eda de Pamplona\"}}]}<\/script>\n<!-- \/ Yoast SEO plugin. -->","yoast_head_json":{"title":"Juan Jos\u00e9 Martinena recibir\u00e1 el sexto \u2018Pa\u00f1uelo de Pamplona \u2013 Iru\u00f1eko Zapia\u2019 por su contribuci\u00f3n a la consolidaci\u00f3n de la proyecci\u00f3n de Pamplona","robots":{"index":"index","follow":"follow","max-snippet":"max-snippet:-1","max-image-preview":"max-image-preview:large","max-video-preview":"max-video-preview:-1"},"canonical":"https:\/\/www.laguiadepamplona.com\/actualidad\/juan-jose-martinena-recibira-el-sexto-panuelo-de-pamplona-iruneko-zapia-por-su-contribucion-a-la-consolidacion-de-la-proyeccion-de-pamplona\/","og_locale":"es_ES","og_type":"article","og_title":"Juan Jos\u00e9 Martinena recibir\u00e1 el sexto \u2018Pa\u00f1uelo de Pamplona \u2013 Iru\u00f1eko Zapia\u2019 por su contribuci\u00f3n a la consolidaci\u00f3n de la proyecci\u00f3n de Pamplona","og_description":"La propuesta se ratificar\u00e1 en Pleno y el galard\u00f3n se entregar\u00e1 dentro de los actos del D\u00eda del Privilegio de la Uni\u00f3n del 8 de septiembre","og_url":"https:\/\/www.laguiadepamplona.com\/actualidad\/juan-jose-martinena-recibira-el-sexto-panuelo-de-pamplona-iruneko-zapia-por-su-contribucion-a-la-consolidacion-de-la-proyeccion-de-pamplona\/","og_site_name":"La Gu\u00eda de Pamplona","article_publisher":"https:\/\/www.facebook.com\/laguiadepamplonacom-133175176762273\/?ref=hl","article_published_time":"2021-08-18T14:45:10+00:00","article_modified_time":"2023-04-11T09:49:05+00:00","og_image":[{"width":1066,"height":803,"url":"https:\/\/www.laguiadepamplona.com\/actualidad\/wp-content\/uploads\/2021\/08\/martinena.jpg","type":"image\/jpeg"}],"author":"La Gu\u00eda de Pamplona","twitter_card":"summary_large_image","twitter_creator":"@LaGuiadPamplona","twitter_site":"@LaGuiadPamplona","twitter_misc":{"Escrito por":"La Gu\u00eda de Pamplona","Tiempo de lectura":"3 minutos"},"schema":{"@context":"https:\/\/schema.org","@graph":[{"@type":"Article","@id":"https:\/\/www.laguiadepamplona.com\/actualidad\/juan-jose-martinena-recibira-el-sexto-panuelo-de-pamplona-iruneko-zapia-por-su-contribucion-a-la-consolidacion-de-la-proyeccion-de-pamplona\/#article","isPartOf":{"@id":"https:\/\/www.laguiadepamplona.com\/actualidad\/juan-jose-martinena-recibira-el-sexto-panuelo-de-pamplona-iruneko-zapia-por-su-contribucion-a-la-consolidacion-de-la-proyeccion-de-pamplona\/"},"author":{"name":"La Gu\u00eda de Pamplona","@id":"https:\/\/www.laguiadepamplona.com\/actualidad\/#\/schema\/person\/efe887376f0213d4657c93adc50b1fdb"},"headline":"Juan Jos\u00e9 Martinena recibir\u00e1 el sexto \u2018Pa\u00f1uelo de Pamplona \u2013 Iru\u00f1eko Zapia\u2019 por su contribuci\u00f3n a la consolidaci\u00f3n de la proyecci\u00f3n de Pamplona","datePublished":"2021-08-18T14:45:10+00:00","dateModified":"2023-04-11T09:49:05+00:00","mainEntityOfPage":{"@id":"https:\/\/www.laguiadepamplona.com\/actualidad\/juan-jose-martinena-recibira-el-sexto-panuelo-de-pamplona-iruneko-zapia-por-su-contribucion-a-la-consolidacion-de-la-proyeccion-de-pamplona\/"},"wordCount":707,"commentCount":0,"publisher":{"@id":"https:\/\/www.laguiadepamplona.com\/actualidad\/#organization"},"image":{"@id":"https:\/\/www.laguiadepamplona.com\/actualidad\/juan-jose-martinena-recibira-el-sexto-panuelo-de-pamplona-iruneko-zapia-por-su-contribucion-a-la-consolidacion-de-la-proyeccion-de-pamplona\/#primaryimage"},"thumbnailUrl":"https:\/\/www.laguiadepamplona.com\/actualidad\/wp-content\/uploads\/2021\/08\/martinena.jpg","articleSection":["Ayto Pamplona"],"inLanguage":"es","potentialAction":[{"@type":"CommentAction","name":"Comment","target":["https:\/\/www.laguiadepamplona.com\/actualidad\/juan-jose-martinena-recibira-el-sexto-panuelo-de-pamplona-iruneko-zapia-por-su-contribucion-a-la-consolidacion-de-la-proyeccion-de-pamplona\/#respond"]}]},{"@type":"WebPage","@id":"https:\/\/www.laguiadepamplona.com\/actualidad\/juan-jose-martinena-recibira-el-sexto-panuelo-de-pamplona-iruneko-zapia-por-su-contribucion-a-la-consolidacion-de-la-proyeccion-de-pamplona\/","url":"https:\/\/www.laguiadepamplona.com\/actualidad\/juan-jose-martinena-recibira-el-sexto-panuelo-de-pamplona-iruneko-zapia-por-su-contribucion-a-la-consolidacion-de-la-proyeccion-de-pamplona\/","name":"Juan Jos\u00e9 Martinena recibir\u00e1 el sexto \u2018Pa\u00f1uelo de Pamplona \u2013 Iru\u00f1eko Zapia\u2019 por su contribuci\u00f3n a la consolidaci\u00f3n de la proyecci\u00f3n de Pamplona","isPartOf":{"@id":"https:\/\/www.laguiadepamplona.com\/actualidad\/#website"},"primaryImageOfPage":{"@id":"https:\/\/www.laguiadepamplona.com\/actualidad\/juan-jose-martinena-recibira-el-sexto-panuelo-de-pamplona-iruneko-zapia-por-su-contribucion-a-la-consolidacion-de-la-proyeccion-de-pamplona\/#primaryimage"},"image":{"@id":"https:\/\/www.laguiadepamplona.com\/actualidad\/juan-jose-martinena-recibira-el-sexto-panuelo-de-pamplona-iruneko-zapia-por-su-contribucion-a-la-consolidacion-de-la-proyeccion-de-pamplona\/#primaryimage"},"thumbnailUrl":"https:\/\/www.laguiadepamplona.com\/actualidad\/wp-content\/uploads\/2021\/08\/martinena.jpg","datePublished":"2021-08-18T14:45:10+00:00","dateModified":"2023-04-11T09:49:05+00:00","breadcrumb":{"@id":"https:\/\/www.laguiadepamplona.com\/actualidad\/juan-jose-martinena-recibira-el-sexto-panuelo-de-pamplona-iruneko-zapia-por-su-contribucion-a-la-consolidacion-de-la-proyeccion-de-pamplona\/#breadcrumb"},"inLanguage":"es","potentialAction":[{"@type":"ReadAction","target":["https:\/\/www.laguiadepamplona.com\/actualidad\/juan-jose-martinena-recibira-el-sexto-panuelo-de-pamplona-iruneko-zapia-por-su-contribucion-a-la-consolidacion-de-la-proyeccion-de-pamplona\/"]}]},{"@type":"ImageObject","inLanguage":"es","@id":"https:\/\/www.laguiadepamplona.com\/actualidad\/juan-jose-martinena-recibira-el-sexto-panuelo-de-pamplona-iruneko-zapia-por-su-contribucion-a-la-consolidacion-de-la-proyeccion-de-pamplona\/#primaryimage","url":"https:\/\/www.laguiadepamplona.com\/actualidad\/wp-content\/uploads\/2021\/08\/martinena.jpg","contentUrl":"https:\/\/www.laguiadepamplona.com\/actualidad\/wp-content\/uploads\/2021\/08\/martinena.jpg","width":1066,"height":803},{"@type":"BreadcrumbList","@id":"https:\/\/www.laguiadepamplona.com\/actualidad\/juan-jose-martinena-recibira-el-sexto-panuelo-de-pamplona-iruneko-zapia-por-su-contribucion-a-la-consolidacion-de-la-proyeccion-de-pamplona\/#breadcrumb","itemListElement":[{"@type":"ListItem","position":1,"name":"Portada","item":"https:\/\/www.laguiadepamplona.com\/actualidad\/"},{"@type":"ListItem","position":2,"name":"Juan Jos\u00e9 Martinena recibir\u00e1 el sexto \u2018Pa\u00f1uelo de Pamplona \u2013 Iru\u00f1eko Zapia\u2019 por su contribuci\u00f3n a la consolidaci\u00f3n de la proyecci\u00f3n de Pamplona"}]},{"@type":"WebSite","@id":"https:\/\/www.laguiadepamplona.com\/actualidad\/#website","url":"https:\/\/www.laguiadepamplona.com\/actualidad\/","name":"La gu\u00eda de Pamplona","description":"Noticias de Pamplona","publisher":{"@id":"https:\/\/www.laguiadepamplona.com\/actualidad\/#organization"},"potentialAction":[{"@type":"SearchAction","target":{"@type":"EntryPoint","urlTemplate":"https:\/\/www.laguiadepamplona.com\/actualidad\/?s={search_term_string}"},"query-input":{"@type":"PropertyValueSpecification","valueRequired":true,"valueName":"search_term_string"}}],"inLanguage":"es"},{"@type":"Organization","@id":"https:\/\/www.laguiadepamplona.com\/actualidad\/#organization","name":"La Gu\u00eda de Pamplona \/ Noticias","url":"https:\/\/www.laguiadepamplona.com\/actualidad\/","logo":{"@type":"ImageObject","inLanguage":"es","@id":"https:\/\/www.laguiadepamplona.com\/actualidad\/#\/schema\/logo\/image\/","url":"https:\/\/www.laguiadepamplona.com\/actualidad\/wp-content\/uploads\/2018\/11\/logo-laguiadepamplona18-web1.png","contentUrl":"https:\/\/www.laguiadepamplona.com\/actualidad\/wp-content\/uploads\/2018\/11\/logo-laguiadepamplona18-web1.png","width":600,"height":196,"caption":"La Gu\u00eda de Pamplona \/ Noticias"},"image":{"@id":"https:\/\/www.laguiadepamplona.com\/actualidad\/#\/schema\/logo\/image\/"},"sameAs":["https:\/\/www.facebook.com\/laguiadepamplonacom-133175176762273\/?ref=hl","https:\/\/x.com\/LaGuiadPamplona","https:\/\/www.instagram.com\/la_guia_de_pamplona\/","https:\/\/www.youtube.com\/user\/laguiadepamplona"]},{"@type":"Person","@id":"https:\/\/www.laguiadepamplona.com\/actualidad\/#\/schema\/person\/efe887376f0213d4657c93adc50b1fdb","name":"La Gu\u00eda de Pamplona","image":{"@type":"ImageObject","inLanguage":"es","@id":"https:\/\/secure.gravatar.com\/avatar\/b6992f131dc8d30ab0dff15446e9d346d9dbd95992de0fef795073f5ea83a81c?s=96&d=mm&r=g","url":"https:\/\/secure.gravatar.com\/avatar\/b6992f131dc8d30ab0dff15446e9d346d9dbd95992de0fef795073f5ea83a81c?s=96&d=mm&r=g","contentUrl":"https:\/\/secure.gravatar.com\/avatar\/b6992f131dc8d30ab0dff15446e9d346d9dbd95992de0fef795073f5ea83a81c?s=96&d=mm&r=g","caption":"La Gu\u00eda de Pamplona"}}]}},"post_mailing_queue_ids":[],"_links":{"self":[{"href":"https:\/\/www.laguiadepamplona.com\/actualidad\/wp-json\/wp\/v2\/posts\/36251","targetHints":{"allow":["GET"]}}],"collection":[{"href":"https:\/\/www.laguiadepamplona.com\/actualidad\/wp-json\/wp\/v2\/posts"}],"about":[{"href":"https:\/\/www.laguiadepamplona.com\/actualidad\/wp-json\/wp\/v2\/types\/post"}],"author":[{"embeddable":true,"href":"https:\/\/www.laguiadepamplona.com\/actualidad\/wp-json\/wp\/v2\/users\/1"}],"replies":[{"embeddable":true,"href":"https:\/\/www.laguiadepamplona.com\/actualidad\/wp-json\/wp\/v2\/comments?post=36251"}],"version-history":[{"count":0,"href":"https:\/\/www.laguiadepamplona.com\/actualidad\/wp-json\/wp\/v2\/posts\/36251\/revisions"}],"wp:featuredmedia":[{"embeddable":true,"href":"https:\/\/www.laguiadepamplona.com\/actualidad\/wp-json\/wp\/v2\/media\/36252"}],"wp:attachment":[{"href":"https:\/\/www.laguiadepamplona.com\/actualidad\/wp-json\/wp\/v2\/media?parent=36251"}],"wp:term":[{"taxonomy":"category","embeddable":true,"href":"https:\/\/www.laguiadepamplona.com\/actualidad\/wp-json\/wp\/v2\/categories?post=36251"},{"taxonomy":"post_tag","embeddable":true,"href":"https:\/\/www.laguiadepamplona.com\/actualidad\/wp-json\/wp\/v2\/tags?post=36251"}],"curies":[{"name":"wp","href":"https:\/\/api.w.org\/{rel}","templated":true}]}}