{"id":36241,"date":"2021-08-18T16:39:50","date_gmt":"2021-08-18T14:39:50","guid":{"rendered":"https:\/\/www.laguiadepamplona.com\/actualidad\/?p=36241"},"modified":"2023-04-11T11:49:06","modified_gmt":"2023-04-11T09:49:06","slug":"gratuidad-y-restructuracion-de-la-oferta-educativa-con-apuesta-por-el-ingles-principales-novedades-del-inicio-del-curso-en-las-escuelas-infantiles-municipales","status":"publish","type":"post","link":"https:\/\/www.laguiadepamplona.com\/actualidad\/gratuidad-y-restructuracion-de-la-oferta-educativa-con-apuesta-por-el-ingles-principales-novedades-del-inicio-del-curso-en-las-escuelas-infantiles-municipales\/","title":{"rendered":"Gratuidad y restructuraci\u00f3n de la oferta educativa, con apuesta por el ingl\u00e9s, principales novedades del inicio del curso en las escuelas infantiles municipales"},"content":{"rendered":"<h5>Se han actualizado los planes de contingencia por la COVID-19 en un curso que ha completado las 873 plazas ofertadas en las 10 escuelas municipales<\/h5>\n<p><!--more--><\/p>\n<p>Las diez escuelas infantiles Municipales del Ayuntamiento de Pamplona ya han comenzado el curso 2021-2022. Un nuevo curso marcado, principalmente, por tres factores: la gratuidad de las tarifas de escolaridad, la reestructuraci\u00f3n de la oferta educativa con m\u00e1s actividades en ingl\u00e9s tanto en el modelo en castellano como en el de euskera y el mantenimiento de los protocolos de prevenci\u00f3n de la COVID-19. Este curso, adem\u00e1s, se han completado las 873 plazas que se ofertaban, tras haberse recibido el doble de solicitudes que el a\u00f1o anterior.<\/p>\n<p>El alcalde de Pamplona, Enrique Maya, el concejal delegado de Educaci\u00f3n, Participaci\u00f3n Ciudadana y Juventud, Fernando Sesma, el director gerente del organismo aut\u00f3nomo Escuelas Infantiles Municipales de Pamplona, Juan Ram\u00f3n R\u00e1bade, y la directora t\u00e9cnica del organismo aut\u00f3nomo, Ana Sesma, han visitado esta ma\u00f1ana la Escuela Infantil Mendillorri. Han participado en un breve acto de apertura del curso y han visitado algunas de las aulas desde las paredes acristaladas exteriores para cumplir as\u00ed con la normativa COVID.<\/p>\n<p>Al igual que el a\u00f1o pasado, para el inicio de curso, adem\u00e1s de la organizaci\u00f3n en grupos estables de convivencia (los llamados \u2018grupos burbuja\u2019), se va a seguir extremando la limpieza de los espacios y de los materiales y, de forma m\u00e1s espec\u00edfica, se potenciar\u00e1 la ventilaci\u00f3n de todos los espacios para garantizar la renovaci\u00f3n del aire. Escuelas Infantiles ha actualizado los planes de contingencia de cada centro municipal, teniendo en cuenta la experiencia del pasado curso, de acuerdo con los departamentos de Educaci\u00f3n y Salud del Gobierno de Navarra.<\/p>\n<p><script async src=\"\/\/pagead2.googlesyndication.com\/pagead\/js\/adsbygoogle.js\"><\/script><br \/>\n<!-- Noticias La Guia de Pamplona --><br \/>\n<ins class=\"adsbygoogle\"\nstyle=\"display:block\"\ndata-ad-client=\"ca-pub-6943679897239327\"\ndata-ad-slot=\"7048180777\"\ndata-ad-format=\"auto\"><\/ins><br \/>\n<script>\n(adsbygoogle = window.adsbygoogle || []).push({});\n<\/script><\/p>\n<p><strong>Gratuidad y reestructuraci\u00f3n de la oferta educativa<\/strong><\/p>\n<p>El acuerdo presupuestario entre los grupos municipales de Navarra Suma y Socialistas del Ayuntamiento de Pamplona ha posibilitado la gratuidad de este curso en las diez escuelas infantiles municipales. Esa gratuidad afecta a la tasa de escolaridad, no a servicios como el de comedor, que s\u00ed se deben pagar. Pamplona apuesta as\u00ed por avanzar hacia la universalidad del primer ciclo de Educaci\u00f3n Infantil, que necesita de la colaboraci\u00f3n entre administraciones y del ajuste del marco normativo.<\/p>\n<p>En cuanto a la reestructuraci\u00f3n de la oferta educativa, se ha potenciado la introducci\u00f3n de las actividades en ingl\u00e9s, tanto en los centros con modelo en castellano como en los que imparten modelo en euskera. De esta forma, se han aumentado las plazas con euskera hasta alcanzar el 25,7% de la oferta total (194 del modelo en euskera, m\u00e1s 30 plazas de euskera con ingl\u00e9s, es decir, 224 de un total de 873), que llegan a dos barrios m\u00e1s, Buztintxuri y Milagrosa, que se suman a Rochapea y Txantrea. Otras 355 plazas (un 40,6%) se enmarcan en modelos de castellano con actividades en ingl\u00e9s y 294 plazas (un 33,7%) imparten el modelo de castellano.<\/p>\n<p>Para este curso el organismo aut\u00f3nomo Escuelas Infantiles Municipales recibi\u00f3 1.197 solicitudes, el doble de las registradas el a\u00f1o anterior (605). En total, la oferta para el curso 2021 \u2013 2022 alcanza las 873 plazas en las diez escuelas infantiles municipales. Hay que recordar que la EI Mendebaldea permanecer\u00e1 cerrada durante todo el curso para acometer diferentes reformas. 536 menores comenzar\u00e1n el curso como nuevo alumnado, que se sumar\u00e1n a los 237 que mantienen su plaza de a\u00f1os anteriores. Otros 569 menores se han quedado en lista de espera.<\/p>\n<p><script async src=\"\/\/pagead2.googlesyndication.com\/pagead\/js\/adsbygoogle.js\"><\/script><br \/>\n<!-- Noticias La Guia de Pamplona --><br \/>\n<ins class=\"adsbygoogle\"\nstyle=\"display:block\"\ndata-ad-client=\"ca-pub-6943679897239327\"\ndata-ad-slot=\"7048180777\"\ndata-ad-format=\"auto\"><\/ins><br \/>\n<script>\n(adsbygoogle = window.adsbygoogle || []).push({});\n<\/script><\/p>\n<p><strong>Huerto escolar en la EI Mendillorri<\/strong><\/p>\n<p>De manera espec\u00edfica, la Escuela Infantil Mendillorri, elegida para celebrar este inicio de curso, va a poner en marcha un huerto escolar en el patio pedag\u00f3gico del centro como experiencia piloto para su alumnado. Esta iniciativa nace con la colaboraci\u00f3n del \u00e1rea de Proyectos Estrat\u00e9gicos, Movilidad y Sostenibilidad del propio Ayuntamiento, que aportar\u00e1 otro valor m\u00e1s a las actividades de la escuela en el proceso educativo del ciclo de 0 a 3 a\u00f1os. En un futuro se prev\u00e9 extender este tipo de huertos al resto de escuelas infantiles municipales.<\/p>\n<p>Adem\u00e1s, durante el verano, la EI Mendillorri ha permanecido abierta para acoger los campamentos de verano del programa municipal COworkids. Por primera vez, el Ayuntamiento de Pamplona ofert\u00f3 campamentos urbanos para menores de 3 a 5 a\u00f1os, que se celebraron del 19 de julio al 9 de agosto en horario de ma\u00f1ana. El centro acogi\u00f3 juegos infantiles y actividades l\u00fadicas aprovechando las instalaciones de la escuela infantil.<\/p>\n","protected":false},"excerpt":{"rendered":"<p>Se han actualizado los planes de contingencia por la COVID-19 en un curso que ha completado las 873 plazas ofertadas en las 10 escuelas municipales<\/p>\n","protected":false},"author":1,"featured_media":36242,"comment_status":"open","ping_status":"closed","sticky":false,"template":"","format":"standard","meta":{"footnotes":""},"categories":[2],"tags":[],"class_list":["post-36241","post","type-post","status-publish","format-standard","has-post-thumbnail","hentry","category-ayuntamiento-pamplona"],"yoast_head":"<!-- This site is optimized with the Yoast SEO plugin v27.5 - https:\/\/yoast.com\/product\/yoast-seo-wordpress\/ -->\n<title>Gratuidad y restructuraci\u00f3n de la oferta educativa, con apuesta por el ingl\u00e9s, principales novedades del inicio del curso en las escuelas infantiles municipales<\/title>\n<meta name=\"description\" content=\"Se han actualizado los planes de contingencia por la COVID-19 en un curso que ha completado las 873 plazas ofertadas en las 10 escuelas municipales\" \/>\n<meta name=\"robots\" content=\"index, follow, max-snippet:-1, max-image-preview:large, max-video-preview:-1\" \/>\n<link rel=\"canonical\" href=\"https:\/\/www.laguiadepamplona.com\/actualidad\/gratuidad-y-restructuracion-de-la-oferta-educativa-con-apuesta-por-el-ingles-principales-novedades-del-inicio-del-curso-en-las-escuelas-infantiles-municipales\/\" \/>\n<meta property=\"og:locale\" content=\"es_ES\" \/>\n<meta property=\"og:type\" content=\"article\" \/>\n<meta property=\"og:title\" content=\"Gratuidad y restructuraci\u00f3n de la oferta educativa, con apuesta por el ingl\u00e9s, principales novedades del inicio del curso en las escuelas infantiles municipales\" \/>\n<meta property=\"og:description\" content=\"Se han actualizado los planes de contingencia por la COVID-19 en un curso que ha completado las 873 plazas ofertadas en las 10 escuelas municipales\" \/>\n<meta property=\"og:url\" content=\"https:\/\/www.laguiadepamplona.com\/actualidad\/gratuidad-y-restructuracion-de-la-oferta-educativa-con-apuesta-por-el-ingles-principales-novedades-del-inicio-del-curso-en-las-escuelas-infantiles-municipales\/\" \/>\n<meta property=\"og:site_name\" content=\"La Gu\u00eda de Pamplona\" \/>\n<meta property=\"article:publisher\" content=\"https:\/\/www.facebook.com\/laguiadepamplonacom-133175176762273\/?ref=hl\" \/>\n<meta property=\"article:published_time\" content=\"2021-08-18T14:39:50+00:00\" \/>\n<meta property=\"article:modified_time\" content=\"2023-04-11T09:49:06+00:00\" \/>\n<meta property=\"og:image\" content=\"https:\/\/www.laguiadepamplona.com\/actualidad\/wp-content\/uploads\/2021\/08\/eimendillorri_jmg0041.jpg\" \/>\n\t<meta property=\"og:image:width\" content=\"1920\" \/>\n\t<meta property=\"og:image:height\" content=\"1280\" \/>\n\t<meta property=\"og:image:type\" content=\"image\/jpeg\" \/>\n<meta name=\"author\" content=\"La Gu\u00eda de Pamplona\" \/>\n<meta name=\"twitter:card\" content=\"summary_large_image\" \/>\n<meta name=\"twitter:creator\" content=\"@LaGuiadPamplona\" \/>\n<meta name=\"twitter:site\" content=\"@LaGuiadPamplona\" \/>\n<meta name=\"twitter:label1\" content=\"Escrito por\" \/>\n\t<meta name=\"twitter:data1\" content=\"La Gu\u00eda de Pamplona\" \/>\n\t<meta name=\"twitter:label2\" content=\"Tiempo de lectura\" \/>\n\t<meta name=\"twitter:data2\" content=\"4 minutos\" \/>\n<script type=\"application\/ld+json\" class=\"yoast-schema-graph\">{\"@context\":\"https:\\\/\\\/schema.org\",\"@graph\":[{\"@type\":\"Article\",\"@id\":\"https:\\\/\\\/www.laguiadepamplona.com\\\/actualidad\\\/gratuidad-y-restructuracion-de-la-oferta-educativa-con-apuesta-por-el-ingles-principales-novedades-del-inicio-del-curso-en-las-escuelas-infantiles-municipales\\\/#article\",\"isPartOf\":{\"@id\":\"https:\\\/\\\/www.laguiadepamplona.com\\\/actualidad\\\/gratuidad-y-restructuracion-de-la-oferta-educativa-con-apuesta-por-el-ingles-principales-novedades-del-inicio-del-curso-en-las-escuelas-infantiles-municipales\\\/\"},\"author\":{\"name\":\"La Gu\u00eda de Pamplona\",\"@id\":\"https:\\\/\\\/www.laguiadepamplona.com\\\/actualidad\\\/#\\\/schema\\\/person\\\/efe887376f0213d4657c93adc50b1fdb\"},\"headline\":\"Gratuidad y restructuraci\u00f3n de la oferta educativa, con apuesta por el ingl\u00e9s, principales novedades del inicio del curso en las escuelas infantiles municipales\",\"datePublished\":\"2021-08-18T14:39:50+00:00\",\"dateModified\":\"2023-04-11T09:49:06+00:00\",\"mainEntityOfPage\":{\"@id\":\"https:\\\/\\\/www.laguiadepamplona.com\\\/actualidad\\\/gratuidad-y-restructuracion-de-la-oferta-educativa-con-apuesta-por-el-ingles-principales-novedades-del-inicio-del-curso-en-las-escuelas-infantiles-municipales\\\/\"},\"wordCount\":771,\"commentCount\":0,\"publisher\":{\"@id\":\"https:\\\/\\\/www.laguiadepamplona.com\\\/actualidad\\\/#organization\"},\"image\":{\"@id\":\"https:\\\/\\\/www.laguiadepamplona.com\\\/actualidad\\\/gratuidad-y-restructuracion-de-la-oferta-educativa-con-apuesta-por-el-ingles-principales-novedades-del-inicio-del-curso-en-las-escuelas-infantiles-municipales\\\/#primaryimage\"},\"thumbnailUrl\":\"https:\\\/\\\/www.laguiadepamplona.com\\\/actualidad\\\/wp-content\\\/uploads\\\/2021\\\/08\\\/eimendillorri_jmg0041.jpg\",\"articleSection\":[\"Ayto Pamplona\"],\"inLanguage\":\"es\",\"potentialAction\":[{\"@type\":\"CommentAction\",\"name\":\"Comment\",\"target\":[\"https:\\\/\\\/www.laguiadepamplona.com\\\/actualidad\\\/gratuidad-y-restructuracion-de-la-oferta-educativa-con-apuesta-por-el-ingles-principales-novedades-del-inicio-del-curso-en-las-escuelas-infantiles-municipales\\\/#respond\"]}]},{\"@type\":\"WebPage\",\"@id\":\"https:\\\/\\\/www.laguiadepamplona.com\\\/actualidad\\\/gratuidad-y-restructuracion-de-la-oferta-educativa-con-apuesta-por-el-ingles-principales-novedades-del-inicio-del-curso-en-las-escuelas-infantiles-municipales\\\/\",\"url\":\"https:\\\/\\\/www.laguiadepamplona.com\\\/actualidad\\\/gratuidad-y-restructuracion-de-la-oferta-educativa-con-apuesta-por-el-ingles-principales-novedades-del-inicio-del-curso-en-las-escuelas-infantiles-municipales\\\/\",\"name\":\"Gratuidad y restructuraci\u00f3n de la oferta educativa, con apuesta por el ingl\u00e9s, principales novedades del inicio del curso en las escuelas infantiles municipales\",\"isPartOf\":{\"@id\":\"https:\\\/\\\/www.laguiadepamplona.com\\\/actualidad\\\/#website\"},\"primaryImageOfPage\":{\"@id\":\"https:\\\/\\\/www.laguiadepamplona.com\\\/actualidad\\\/gratuidad-y-restructuracion-de-la-oferta-educativa-con-apuesta-por-el-ingles-principales-novedades-del-inicio-del-curso-en-las-escuelas-infantiles-municipales\\\/#primaryimage\"},\"image\":{\"@id\":\"https:\\\/\\\/www.laguiadepamplona.com\\\/actualidad\\\/gratuidad-y-restructuracion-de-la-oferta-educativa-con-apuesta-por-el-ingles-principales-novedades-del-inicio-del-curso-en-las-escuelas-infantiles-municipales\\\/#primaryimage\"},\"thumbnailUrl\":\"https:\\\/\\\/www.laguiadepamplona.com\\\/actualidad\\\/wp-content\\\/uploads\\\/2021\\\/08\\\/eimendillorri_jmg0041.jpg\",\"datePublished\":\"2021-08-18T14:39:50+00:00\",\"dateModified\":\"2023-04-11T09:49:06+00:00\",\"description\":\"Se han actualizado los planes de contingencia por la COVID-19 en un curso que ha completado las 873 plazas ofertadas en las 10 escuelas municipales\",\"breadcrumb\":{\"@id\":\"https:\\\/\\\/www.laguiadepamplona.com\\\/actualidad\\\/gratuidad-y-restructuracion-de-la-oferta-educativa-con-apuesta-por-el-ingles-principales-novedades-del-inicio-del-curso-en-las-escuelas-infantiles-municipales\\\/#breadcrumb\"},\"inLanguage\":\"es\",\"potentialAction\":[{\"@type\":\"ReadAction\",\"target\":[\"https:\\\/\\\/www.laguiadepamplona.com\\\/actualidad\\\/gratuidad-y-restructuracion-de-la-oferta-educativa-con-apuesta-por-el-ingles-principales-novedades-del-inicio-del-curso-en-las-escuelas-infantiles-municipales\\\/\"]}]},{\"@type\":\"ImageObject\",\"inLanguage\":\"es\",\"@id\":\"https:\\\/\\\/www.laguiadepamplona.com\\\/actualidad\\\/gratuidad-y-restructuracion-de-la-oferta-educativa-con-apuesta-por-el-ingles-principales-novedades-del-inicio-del-curso-en-las-escuelas-infantiles-municipales\\\/#primaryimage\",\"url\":\"https:\\\/\\\/www.laguiadepamplona.com\\\/actualidad\\\/wp-content\\\/uploads\\\/2021\\\/08\\\/eimendillorri_jmg0041.jpg\",\"contentUrl\":\"https:\\\/\\\/www.laguiadepamplona.com\\\/actualidad\\\/wp-content\\\/uploads\\\/2021\\\/08\\\/eimendillorri_jmg0041.jpg\",\"width\":1920,\"height\":1280,\"caption\":\"A* Jes\u00fas Garzaron F* 2021_08_18 T* Comienzo curso L* Escuela infantil Mendillorri\"},{\"@type\":\"BreadcrumbList\",\"@id\":\"https:\\\/\\\/www.laguiadepamplona.com\\\/actualidad\\\/gratuidad-y-restructuracion-de-la-oferta-educativa-con-apuesta-por-el-ingles-principales-novedades-del-inicio-del-curso-en-las-escuelas-infantiles-municipales\\\/#breadcrumb\",\"itemListElement\":[{\"@type\":\"ListItem\",\"position\":1,\"name\":\"Portada\",\"item\":\"https:\\\/\\\/www.laguiadepamplona.com\\\/actualidad\\\/\"},{\"@type\":\"ListItem\",\"position\":2,\"name\":\"Gratuidad y restructuraci\u00f3n de la oferta educativa, con apuesta por el ingl\u00e9s, principales novedades del inicio del curso en las escuelas infantiles municipales\"}]},{\"@type\":\"WebSite\",\"@id\":\"https:\\\/\\\/www.laguiadepamplona.com\\\/actualidad\\\/#website\",\"url\":\"https:\\\/\\\/www.laguiadepamplona.com\\\/actualidad\\\/\",\"name\":\"La gu\u00eda de Pamplona\",\"description\":\"Noticias de Pamplona\",\"publisher\":{\"@id\":\"https:\\\/\\\/www.laguiadepamplona.com\\\/actualidad\\\/#organization\"},\"potentialAction\":[{\"@type\":\"SearchAction\",\"target\":{\"@type\":\"EntryPoint\",\"urlTemplate\":\"https:\\\/\\\/www.laguiadepamplona.com\\\/actualidad\\\/?s={search_term_string}\"},\"query-input\":{\"@type\":\"PropertyValueSpecification\",\"valueRequired\":true,\"valueName\":\"search_term_string\"}}],\"inLanguage\":\"es\"},{\"@type\":\"Organization\",\"@id\":\"https:\\\/\\\/www.laguiadepamplona.com\\\/actualidad\\\/#organization\",\"name\":\"La Gu\u00eda de Pamplona \\\/ Noticias\",\"url\":\"https:\\\/\\\/www.laguiadepamplona.com\\\/actualidad\\\/\",\"logo\":{\"@type\":\"ImageObject\",\"inLanguage\":\"es\",\"@id\":\"https:\\\/\\\/www.laguiadepamplona.com\\\/actualidad\\\/#\\\/schema\\\/logo\\\/image\\\/\",\"url\":\"https:\\\/\\\/www.laguiadepamplona.com\\\/actualidad\\\/wp-content\\\/uploads\\\/2018\\\/11\\\/logo-laguiadepamplona18-web1.png\",\"contentUrl\":\"https:\\\/\\\/www.laguiadepamplona.com\\\/actualidad\\\/wp-content\\\/uploads\\\/2018\\\/11\\\/logo-laguiadepamplona18-web1.png\",\"width\":600,\"height\":196,\"caption\":\"La Gu\u00eda de Pamplona \\\/ Noticias\"},\"image\":{\"@id\":\"https:\\\/\\\/www.laguiadepamplona.com\\\/actualidad\\\/#\\\/schema\\\/logo\\\/image\\\/\"},\"sameAs\":[\"https:\\\/\\\/www.facebook.com\\\/laguiadepamplonacom-133175176762273\\\/?ref=hl\",\"https:\\\/\\\/x.com\\\/LaGuiadPamplona\",\"https:\\\/\\\/www.instagram.com\\\/la_guia_de_pamplona\\\/\",\"https:\\\/\\\/www.youtube.com\\\/user\\\/laguiadepamplona\"]},{\"@type\":\"Person\",\"@id\":\"https:\\\/\\\/www.laguiadepamplona.com\\\/actualidad\\\/#\\\/schema\\\/person\\\/efe887376f0213d4657c93adc50b1fdb\",\"name\":\"La Gu\u00eda de Pamplona\",\"image\":{\"@type\":\"ImageObject\",\"inLanguage\":\"es\",\"@id\":\"https:\\\/\\\/secure.gravatar.com\\\/avatar\\\/b6992f131dc8d30ab0dff15446e9d346d9dbd95992de0fef795073f5ea83a81c?s=96&d=mm&r=g\",\"url\":\"https:\\\/\\\/secure.gravatar.com\\\/avatar\\\/b6992f131dc8d30ab0dff15446e9d346d9dbd95992de0fef795073f5ea83a81c?s=96&d=mm&r=g\",\"contentUrl\":\"https:\\\/\\\/secure.gravatar.com\\\/avatar\\\/b6992f131dc8d30ab0dff15446e9d346d9dbd95992de0fef795073f5ea83a81c?s=96&d=mm&r=g\",\"caption\":\"La Gu\u00eda de Pamplona\"}}]}<\/script>\n<!-- \/ Yoast SEO plugin. -->","yoast_head_json":{"title":"Gratuidad y restructuraci\u00f3n de la oferta educativa, con apuesta por el ingl\u00e9s, principales novedades del inicio del curso en las escuelas infantiles municipales","description":"Se han actualizado los planes de contingencia por la COVID-19 en un curso que ha completado las 873 plazas ofertadas en las 10 escuelas municipales","robots":{"index":"index","follow":"follow","max-snippet":"max-snippet:-1","max-image-preview":"max-image-preview:large","max-video-preview":"max-video-preview:-1"},"canonical":"https:\/\/www.laguiadepamplona.com\/actualidad\/gratuidad-y-restructuracion-de-la-oferta-educativa-con-apuesta-por-el-ingles-principales-novedades-del-inicio-del-curso-en-las-escuelas-infantiles-municipales\/","og_locale":"es_ES","og_type":"article","og_title":"Gratuidad y restructuraci\u00f3n de la oferta educativa, con apuesta por el ingl\u00e9s, principales novedades del inicio del curso en las escuelas infantiles municipales","og_description":"Se han actualizado los planes de contingencia por la COVID-19 en un curso que ha completado las 873 plazas ofertadas en las 10 escuelas municipales","og_url":"https:\/\/www.laguiadepamplona.com\/actualidad\/gratuidad-y-restructuracion-de-la-oferta-educativa-con-apuesta-por-el-ingles-principales-novedades-del-inicio-del-curso-en-las-escuelas-infantiles-municipales\/","og_site_name":"La Gu\u00eda de Pamplona","article_publisher":"https:\/\/www.facebook.com\/laguiadepamplonacom-133175176762273\/?ref=hl","article_published_time":"2021-08-18T14:39:50+00:00","article_modified_time":"2023-04-11T09:49:06+00:00","og_image":[{"width":1920,"height":1280,"url":"https:\/\/www.laguiadepamplona.com\/actualidad\/wp-content\/uploads\/2021\/08\/eimendillorri_jmg0041.jpg","type":"image\/jpeg"}],"author":"La Gu\u00eda de Pamplona","twitter_card":"summary_large_image","twitter_creator":"@LaGuiadPamplona","twitter_site":"@LaGuiadPamplona","twitter_misc":{"Escrito por":"La Gu\u00eda de Pamplona","Tiempo de lectura":"4 minutos"},"schema":{"@context":"https:\/\/schema.org","@graph":[{"@type":"Article","@id":"https:\/\/www.laguiadepamplona.com\/actualidad\/gratuidad-y-restructuracion-de-la-oferta-educativa-con-apuesta-por-el-ingles-principales-novedades-del-inicio-del-curso-en-las-escuelas-infantiles-municipales\/#article","isPartOf":{"@id":"https:\/\/www.laguiadepamplona.com\/actualidad\/gratuidad-y-restructuracion-de-la-oferta-educativa-con-apuesta-por-el-ingles-principales-novedades-del-inicio-del-curso-en-las-escuelas-infantiles-municipales\/"},"author":{"name":"La Gu\u00eda de Pamplona","@id":"https:\/\/www.laguiadepamplona.com\/actualidad\/#\/schema\/person\/efe887376f0213d4657c93adc50b1fdb"},"headline":"Gratuidad y restructuraci\u00f3n de la oferta educativa, con apuesta por el ingl\u00e9s, principales novedades del inicio del curso en las escuelas infantiles municipales","datePublished":"2021-08-18T14:39:50+00:00","dateModified":"2023-04-11T09:49:06+00:00","mainEntityOfPage":{"@id":"https:\/\/www.laguiadepamplona.com\/actualidad\/gratuidad-y-restructuracion-de-la-oferta-educativa-con-apuesta-por-el-ingles-principales-novedades-del-inicio-del-curso-en-las-escuelas-infantiles-municipales\/"},"wordCount":771,"commentCount":0,"publisher":{"@id":"https:\/\/www.laguiadepamplona.com\/actualidad\/#organization"},"image":{"@id":"https:\/\/www.laguiadepamplona.com\/actualidad\/gratuidad-y-restructuracion-de-la-oferta-educativa-con-apuesta-por-el-ingles-principales-novedades-del-inicio-del-curso-en-las-escuelas-infantiles-municipales\/#primaryimage"},"thumbnailUrl":"https:\/\/www.laguiadepamplona.com\/actualidad\/wp-content\/uploads\/2021\/08\/eimendillorri_jmg0041.jpg","articleSection":["Ayto Pamplona"],"inLanguage":"es","potentialAction":[{"@type":"CommentAction","name":"Comment","target":["https:\/\/www.laguiadepamplona.com\/actualidad\/gratuidad-y-restructuracion-de-la-oferta-educativa-con-apuesta-por-el-ingles-principales-novedades-del-inicio-del-curso-en-las-escuelas-infantiles-municipales\/#respond"]}]},{"@type":"WebPage","@id":"https:\/\/www.laguiadepamplona.com\/actualidad\/gratuidad-y-restructuracion-de-la-oferta-educativa-con-apuesta-por-el-ingles-principales-novedades-del-inicio-del-curso-en-las-escuelas-infantiles-municipales\/","url":"https:\/\/www.laguiadepamplona.com\/actualidad\/gratuidad-y-restructuracion-de-la-oferta-educativa-con-apuesta-por-el-ingles-principales-novedades-del-inicio-del-curso-en-las-escuelas-infantiles-municipales\/","name":"Gratuidad y restructuraci\u00f3n de la oferta educativa, con apuesta por el ingl\u00e9s, principales novedades del inicio del curso en las escuelas infantiles municipales","isPartOf":{"@id":"https:\/\/www.laguiadepamplona.com\/actualidad\/#website"},"primaryImageOfPage":{"@id":"https:\/\/www.laguiadepamplona.com\/actualidad\/gratuidad-y-restructuracion-de-la-oferta-educativa-con-apuesta-por-el-ingles-principales-novedades-del-inicio-del-curso-en-las-escuelas-infantiles-municipales\/#primaryimage"},"image":{"@id":"https:\/\/www.laguiadepamplona.com\/actualidad\/gratuidad-y-restructuracion-de-la-oferta-educativa-con-apuesta-por-el-ingles-principales-novedades-del-inicio-del-curso-en-las-escuelas-infantiles-municipales\/#primaryimage"},"thumbnailUrl":"https:\/\/www.laguiadepamplona.com\/actualidad\/wp-content\/uploads\/2021\/08\/eimendillorri_jmg0041.jpg","datePublished":"2021-08-18T14:39:50+00:00","dateModified":"2023-04-11T09:49:06+00:00","description":"Se han actualizado los planes de contingencia por la COVID-19 en un curso que ha completado las 873 plazas ofertadas en las 10 escuelas municipales","breadcrumb":{"@id":"https:\/\/www.laguiadepamplona.com\/actualidad\/gratuidad-y-restructuracion-de-la-oferta-educativa-con-apuesta-por-el-ingles-principales-novedades-del-inicio-del-curso-en-las-escuelas-infantiles-municipales\/#breadcrumb"},"inLanguage":"es","potentialAction":[{"@type":"ReadAction","target":["https:\/\/www.laguiadepamplona.com\/actualidad\/gratuidad-y-restructuracion-de-la-oferta-educativa-con-apuesta-por-el-ingles-principales-novedades-del-inicio-del-curso-en-las-escuelas-infantiles-municipales\/"]}]},{"@type":"ImageObject","inLanguage":"es","@id":"https:\/\/www.laguiadepamplona.com\/actualidad\/gratuidad-y-restructuracion-de-la-oferta-educativa-con-apuesta-por-el-ingles-principales-novedades-del-inicio-del-curso-en-las-escuelas-infantiles-municipales\/#primaryimage","url":"https:\/\/www.laguiadepamplona.com\/actualidad\/wp-content\/uploads\/2021\/08\/eimendillorri_jmg0041.jpg","contentUrl":"https:\/\/www.laguiadepamplona.com\/actualidad\/wp-content\/uploads\/2021\/08\/eimendillorri_jmg0041.jpg","width":1920,"height":1280,"caption":"A* Jes\u00fas Garzaron F* 2021_08_18 T* Comienzo curso L* Escuela infantil Mendillorri"},{"@type":"BreadcrumbList","@id":"https:\/\/www.laguiadepamplona.com\/actualidad\/gratuidad-y-restructuracion-de-la-oferta-educativa-con-apuesta-por-el-ingles-principales-novedades-del-inicio-del-curso-en-las-escuelas-infantiles-municipales\/#breadcrumb","itemListElement":[{"@type":"ListItem","position":1,"name":"Portada","item":"https:\/\/www.laguiadepamplona.com\/actualidad\/"},{"@type":"ListItem","position":2,"name":"Gratuidad y restructuraci\u00f3n de la oferta educativa, con apuesta por el ingl\u00e9s, principales novedades del inicio del curso en las escuelas infantiles municipales"}]},{"@type":"WebSite","@id":"https:\/\/www.laguiadepamplona.com\/actualidad\/#website","url":"https:\/\/www.laguiadepamplona.com\/actualidad\/","name":"La gu\u00eda de Pamplona","description":"Noticias de Pamplona","publisher":{"@id":"https:\/\/www.laguiadepamplona.com\/actualidad\/#organization"},"potentialAction":[{"@type":"SearchAction","target":{"@type":"EntryPoint","urlTemplate":"https:\/\/www.laguiadepamplona.com\/actualidad\/?s={search_term_string}"},"query-input":{"@type":"PropertyValueSpecification","valueRequired":true,"valueName":"search_term_string"}}],"inLanguage":"es"},{"@type":"Organization","@id":"https:\/\/www.laguiadepamplona.com\/actualidad\/#organization","name":"La Gu\u00eda de Pamplona \/ Noticias","url":"https:\/\/www.laguiadepamplona.com\/actualidad\/","logo":{"@type":"ImageObject","inLanguage":"es","@id":"https:\/\/www.laguiadepamplona.com\/actualidad\/#\/schema\/logo\/image\/","url":"https:\/\/www.laguiadepamplona.com\/actualidad\/wp-content\/uploads\/2018\/11\/logo-laguiadepamplona18-web1.png","contentUrl":"https:\/\/www.laguiadepamplona.com\/actualidad\/wp-content\/uploads\/2018\/11\/logo-laguiadepamplona18-web1.png","width":600,"height":196,"caption":"La Gu\u00eda de Pamplona \/ Noticias"},"image":{"@id":"https:\/\/www.laguiadepamplona.com\/actualidad\/#\/schema\/logo\/image\/"},"sameAs":["https:\/\/www.facebook.com\/laguiadepamplonacom-133175176762273\/?ref=hl","https:\/\/x.com\/LaGuiadPamplona","https:\/\/www.instagram.com\/la_guia_de_pamplona\/","https:\/\/www.youtube.com\/user\/laguiadepamplona"]},{"@type":"Person","@id":"https:\/\/www.laguiadepamplona.com\/actualidad\/#\/schema\/person\/efe887376f0213d4657c93adc50b1fdb","name":"La Gu\u00eda de Pamplona","image":{"@type":"ImageObject","inLanguage":"es","@id":"https:\/\/secure.gravatar.com\/avatar\/b6992f131dc8d30ab0dff15446e9d346d9dbd95992de0fef795073f5ea83a81c?s=96&d=mm&r=g","url":"https:\/\/secure.gravatar.com\/avatar\/b6992f131dc8d30ab0dff15446e9d346d9dbd95992de0fef795073f5ea83a81c?s=96&d=mm&r=g","contentUrl":"https:\/\/secure.gravatar.com\/avatar\/b6992f131dc8d30ab0dff15446e9d346d9dbd95992de0fef795073f5ea83a81c?s=96&d=mm&r=g","caption":"La Gu\u00eda de Pamplona"}}]}},"post_mailing_queue_ids":[],"_links":{"self":[{"href":"https:\/\/www.laguiadepamplona.com\/actualidad\/wp-json\/wp\/v2\/posts\/36241","targetHints":{"allow":["GET"]}}],"collection":[{"href":"https:\/\/www.laguiadepamplona.com\/actualidad\/wp-json\/wp\/v2\/posts"}],"about":[{"href":"https:\/\/www.laguiadepamplona.com\/actualidad\/wp-json\/wp\/v2\/types\/post"}],"author":[{"embeddable":true,"href":"https:\/\/www.laguiadepamplona.com\/actualidad\/wp-json\/wp\/v2\/users\/1"}],"replies":[{"embeddable":true,"href":"https:\/\/www.laguiadepamplona.com\/actualidad\/wp-json\/wp\/v2\/comments?post=36241"}],"version-history":[{"count":0,"href":"https:\/\/www.laguiadepamplona.com\/actualidad\/wp-json\/wp\/v2\/posts\/36241\/revisions"}],"wp:featuredmedia":[{"embeddable":true,"href":"https:\/\/www.laguiadepamplona.com\/actualidad\/wp-json\/wp\/v2\/media\/36242"}],"wp:attachment":[{"href":"https:\/\/www.laguiadepamplona.com\/actualidad\/wp-json\/wp\/v2\/media?parent=36241"}],"wp:term":[{"taxonomy":"category","embeddable":true,"href":"https:\/\/www.laguiadepamplona.com\/actualidad\/wp-json\/wp\/v2\/categories?post=36241"},{"taxonomy":"post_tag","embeddable":true,"href":"https:\/\/www.laguiadepamplona.com\/actualidad\/wp-json\/wp\/v2\/tags?post=36241"}],"curies":[{"name":"wp","href":"https:\/\/api.w.org\/{rel}","templated":true}]}}