{"id":36236,"date":"2021-08-17T16:21:26","date_gmt":"2021-08-17T14:21:26","guid":{"rendered":"https:\/\/www.laguiadepamplona.com\/actualidad\/?p=36236"},"modified":"2023-04-11T11:49:06","modified_gmt":"2023-04-11T09:49:06","slug":"el-ayuntamiento-de-pamplona-recibe-a-nerea-diaz-oro-en-el-campeonato-de-espana-de-gimnasia-ritmica-para-personas-con-discapacidad-intelectual-y-a-andrea-de-jesus-plata","status":"publish","type":"post","link":"https:\/\/www.laguiadepamplona.com\/actualidad\/el-ayuntamiento-de-pamplona-recibe-a-nerea-diaz-oro-en-el-campeonato-de-espana-de-gimnasia-ritmica-para-personas-con-discapacidad-intelectual-y-a-andrea-de-jesus-plata\/","title":{"rendered":"El Ayuntamiento de Pamplona recibe a Nerea D\u00edaz, oro en el Campeonato de Espa\u00f1a de gimnasia r\u00edtmica para personas con discapacidad intelectual, y a Andrea de Jes\u00fas, plata"},"content":{"rendered":"<p><!--more--><\/p>\n<p>El Ayuntamiento de Pamplona ha recibido hoy a Nerea D\u00edaz Tres, oro en el Campeonato de Espa\u00f1a de gimnasia r\u00edtmica para personas con discapacidad intelectual, y a Andrea de Jes\u00fas Zulet que logr\u00f3 la plata. En el acto ha participado la primera teniente de alcalde de Pamplona, Ana Elizalde, junto con miembros de la Corporaci\u00f3n municipal.<\/p>\n<p><script async src=\"\/\/pagead2.googlesyndication.com\/pagead\/js\/adsbygoogle.js\"><\/script><br \/>\n<!-- Noticias La Guia de Pamplona --><br \/>\n<ins class=\"adsbygoogle\"\nstyle=\"display:block\"\ndata-ad-client=\"ca-pub-6943679897239327\"\ndata-ad-slot=\"7048180777\"\ndata-ad-format=\"auto\"><\/ins><br \/>\n<script>\n(adsbygoogle = window.adsbygoogle || []).push({});\n<\/script><\/p>\n<p>La primera teniente de alcalde les ha colocado los tradicionales pa\u00f1uelos de San Ferm\u00edn con el escudo de la ciudad bordado y les ha hecho entrega de dos mochilas, entre otros detalles. En su intervenci\u00f3n ha destacado que esta es una \u201chistoria preciosa porque mezcla la amistad, el trabajo, el esfuerzo, la constancia, la capacidad de superaci\u00f3n y, finalmente, el \u00e9xito\u201d.<\/p>\n<p>Nerea D\u00edaz y Andrea de Jes\u00fas pertenecen al club de gimnasia Otra Mirada del C.D. Larraina, cuya entrenadora es Sandra P\u00e9rez. En el campeonato, Andrea de Jes\u00fas particip\u00f3 como representante de la Asociaci\u00f3n navarra en favor de las personas con discapacidad intelectual o del desarrollo (ANFAS).<\/p>\n<p><script async src=\"\/\/pagead2.googlesyndication.com\/pagead\/js\/adsbygoogle.js\"><\/script><br \/>\n<!-- Noticias La Guia de Pamplona --><br \/>\n<ins class=\"adsbygoogle\"\nstyle=\"display:block\"\ndata-ad-client=\"ca-pub-6943679897239327\"\ndata-ad-slot=\"7048180777\"\ndata-ad-format=\"auto\"><\/ins><br \/>\n<script>\n(adsbygoogle = window.adsbygoogle || []).push({});\n<\/script><\/p>\n<p>Nerea D\u00edaz subi\u00f3 a lo m\u00e1s alto en la categor\u00eda absoluta de r\u00edtmica adaptada con aparato mientras que Andrea de Jes\u00fas se alz\u00f3 con el segundo puesto en la categor\u00eda de r\u00edtmica adaptada manos libres. El campeonato se celebr\u00f3 en junio en Elche, sin la presencia de p\u00fablico debido a la situaci\u00f3n sanitaria.<\/p>\n<p>Nerea D\u00edaz se convirti\u00f3 el a\u00f1o pasado en la primera navarra en participar en un Campeonato nacional de gimnasia r\u00edtmica para personas con discapacidad intelectual, logrando el cuarto puesto.<\/p>\n","protected":false},"excerpt":{"rendered":"","protected":false},"author":1,"featured_media":36237,"comment_status":"open","ping_status":"closed","sticky":false,"template":"","format":"standard","meta":{"footnotes":""},"categories":[2],"tags":[],"class_list":["post-36236","post","type-post","status-publish","format-standard","has-post-thumbnail","hentry","category-ayuntamiento-pamplona"],"yoast_head":"<!-- This site is optimized with the Yoast SEO plugin v27.5 - https:\/\/yoast.com\/product\/yoast-seo-wordpress\/ -->\n<title>El Ayuntamiento de Pamplona recibe a Nerea D\u00edaz, oro en el Campeonato de Espa\u00f1a de gimnasia r\u00edtmica para personas con discapacidad intelectual, y a Andrea de Jes\u00fas, plata<\/title>\n<meta name=\"description\" content=\"Andrea de Jes\u00fas particip\u00f3 como representante de la Asociaci\u00f3n navarra en favor de las personas con discapacidad intelectual o del desarrollo (ANFAS).\" \/>\n<meta name=\"robots\" content=\"index, follow, max-snippet:-1, max-image-preview:large, max-video-preview:-1\" \/>\n<link rel=\"canonical\" href=\"https:\/\/www.laguiadepamplona.com\/actualidad\/el-ayuntamiento-de-pamplona-recibe-a-nerea-diaz-oro-en-el-campeonato-de-espana-de-gimnasia-ritmica-para-personas-con-discapacidad-intelectual-y-a-andrea-de-jesus-plata\/\" \/>\n<meta property=\"og:locale\" content=\"es_ES\" \/>\n<meta property=\"og:type\" content=\"article\" \/>\n<meta property=\"og:title\" content=\"El Ayuntamiento de Pamplona recibe a Nerea D\u00edaz, oro en el Campeonato de Espa\u00f1a de gimnasia r\u00edtmica para personas con discapacidad intelectual, y a Andrea de Jes\u00fas, plata\" \/>\n<meta property=\"og:description\" content=\"Andrea de Jes\u00fas particip\u00f3 como representante de la Asociaci\u00f3n navarra en favor de las personas con discapacidad intelectual o del desarrollo (ANFAS).\" \/>\n<meta property=\"og:url\" content=\"https:\/\/www.laguiadepamplona.com\/actualidad\/el-ayuntamiento-de-pamplona-recibe-a-nerea-diaz-oro-en-el-campeonato-de-espana-de-gimnasia-ritmica-para-personas-con-discapacidad-intelectual-y-a-andrea-de-jesus-plata\/\" \/>\n<meta property=\"og:site_name\" content=\"La Gu\u00eda de Pamplona\" \/>\n<meta property=\"article:publisher\" content=\"https:\/\/www.facebook.com\/laguiadepamplonacom-133175176762273\/?ref=hl\" \/>\n<meta property=\"article:published_time\" content=\"2021-08-17T14:21:26+00:00\" \/>\n<meta property=\"article:modified_time\" content=\"2023-04-11T09:49:06+00:00\" \/>\n<meta property=\"og:image\" content=\"https:\/\/www.laguiadepamplona.com\/actualidad\/wp-content\/uploads\/2021\/08\/recep._gimnasia_adaptada_ee5a2453_0.jpg\" \/>\n\t<meta property=\"og:image:width\" content=\"1920\" \/>\n\t<meta property=\"og:image:height\" content=\"1280\" \/>\n\t<meta property=\"og:image:type\" content=\"image\/jpeg\" \/>\n<meta name=\"author\" content=\"La Gu\u00eda de Pamplona\" \/>\n<meta name=\"twitter:card\" content=\"summary_large_image\" \/>\n<meta name=\"twitter:creator\" content=\"@LaGuiadPamplona\" \/>\n<meta name=\"twitter:site\" content=\"@LaGuiadPamplona\" \/>\n<meta name=\"twitter:label1\" content=\"Escrito por\" \/>\n\t<meta name=\"twitter:data1\" content=\"La Gu\u00eda de Pamplona\" \/>\n\t<meta name=\"twitter:label2\" content=\"Tiempo de lectura\" \/>\n\t<meta name=\"twitter:data2\" content=\"2 minutos\" \/>\n<script type=\"application\/ld+json\" class=\"yoast-schema-graph\">{\"@context\":\"https:\\\/\\\/schema.org\",\"@graph\":[{\"@type\":\"Article\",\"@id\":\"https:\\\/\\\/www.laguiadepamplona.com\\\/actualidad\\\/el-ayuntamiento-de-pamplona-recibe-a-nerea-diaz-oro-en-el-campeonato-de-espana-de-gimnasia-ritmica-para-personas-con-discapacidad-intelectual-y-a-andrea-de-jesus-plata\\\/#article\",\"isPartOf\":{\"@id\":\"https:\\\/\\\/www.laguiadepamplona.com\\\/actualidad\\\/el-ayuntamiento-de-pamplona-recibe-a-nerea-diaz-oro-en-el-campeonato-de-espana-de-gimnasia-ritmica-para-personas-con-discapacidad-intelectual-y-a-andrea-de-jesus-plata\\\/\"},\"author\":{\"name\":\"La Gu\u00eda de Pamplona\",\"@id\":\"https:\\\/\\\/www.laguiadepamplona.com\\\/actualidad\\\/#\\\/schema\\\/person\\\/efe887376f0213d4657c93adc50b1fdb\"},\"headline\":\"El Ayuntamiento de Pamplona recibe a Nerea D\u00edaz, oro en el Campeonato de Espa\u00f1a de gimnasia r\u00edtmica para personas con discapacidad intelectual, y a Andrea de Jes\u00fas, plata\",\"datePublished\":\"2021-08-17T14:21:26+00:00\",\"dateModified\":\"2023-04-11T09:49:06+00:00\",\"mainEntityOfPage\":{\"@id\":\"https:\\\/\\\/www.laguiadepamplona.com\\\/actualidad\\\/el-ayuntamiento-de-pamplona-recibe-a-nerea-diaz-oro-en-el-campeonato-de-espana-de-gimnasia-ritmica-para-personas-con-discapacidad-intelectual-y-a-andrea-de-jesus-plata\\\/\"},\"wordCount\":304,\"commentCount\":0,\"publisher\":{\"@id\":\"https:\\\/\\\/www.laguiadepamplona.com\\\/actualidad\\\/#organization\"},\"image\":{\"@id\":\"https:\\\/\\\/www.laguiadepamplona.com\\\/actualidad\\\/el-ayuntamiento-de-pamplona-recibe-a-nerea-diaz-oro-en-el-campeonato-de-espana-de-gimnasia-ritmica-para-personas-con-discapacidad-intelectual-y-a-andrea-de-jesus-plata\\\/#primaryimage\"},\"thumbnailUrl\":\"https:\\\/\\\/www.laguiadepamplona.com\\\/actualidad\\\/wp-content\\\/uploads\\\/2021\\\/08\\\/recep._gimnasia_adaptada_ee5a2453_0.jpg\",\"articleSection\":[\"Ayto Pamplona\"],\"inLanguage\":\"es\",\"potentialAction\":[{\"@type\":\"CommentAction\",\"name\":\"Comment\",\"target\":[\"https:\\\/\\\/www.laguiadepamplona.com\\\/actualidad\\\/el-ayuntamiento-de-pamplona-recibe-a-nerea-diaz-oro-en-el-campeonato-de-espana-de-gimnasia-ritmica-para-personas-con-discapacidad-intelectual-y-a-andrea-de-jesus-plata\\\/#respond\"]}]},{\"@type\":\"WebPage\",\"@id\":\"https:\\\/\\\/www.laguiadepamplona.com\\\/actualidad\\\/el-ayuntamiento-de-pamplona-recibe-a-nerea-diaz-oro-en-el-campeonato-de-espana-de-gimnasia-ritmica-para-personas-con-discapacidad-intelectual-y-a-andrea-de-jesus-plata\\\/\",\"url\":\"https:\\\/\\\/www.laguiadepamplona.com\\\/actualidad\\\/el-ayuntamiento-de-pamplona-recibe-a-nerea-diaz-oro-en-el-campeonato-de-espana-de-gimnasia-ritmica-para-personas-con-discapacidad-intelectual-y-a-andrea-de-jesus-plata\\\/\",\"name\":\"El Ayuntamiento de Pamplona recibe a Nerea D\u00edaz, oro en el Campeonato de Espa\u00f1a de gimnasia r\u00edtmica para personas con discapacidad intelectual, y a Andrea de Jes\u00fas, plata\",\"isPartOf\":{\"@id\":\"https:\\\/\\\/www.laguiadepamplona.com\\\/actualidad\\\/#website\"},\"primaryImageOfPage\":{\"@id\":\"https:\\\/\\\/www.laguiadepamplona.com\\\/actualidad\\\/el-ayuntamiento-de-pamplona-recibe-a-nerea-diaz-oro-en-el-campeonato-de-espana-de-gimnasia-ritmica-para-personas-con-discapacidad-intelectual-y-a-andrea-de-jesus-plata\\\/#primaryimage\"},\"image\":{\"@id\":\"https:\\\/\\\/www.laguiadepamplona.com\\\/actualidad\\\/el-ayuntamiento-de-pamplona-recibe-a-nerea-diaz-oro-en-el-campeonato-de-espana-de-gimnasia-ritmica-para-personas-con-discapacidad-intelectual-y-a-andrea-de-jesus-plata\\\/#primaryimage\"},\"thumbnailUrl\":\"https:\\\/\\\/www.laguiadepamplona.com\\\/actualidad\\\/wp-content\\\/uploads\\\/2021\\\/08\\\/recep._gimnasia_adaptada_ee5a2453_0.jpg\",\"datePublished\":\"2021-08-17T14:21:26+00:00\",\"dateModified\":\"2023-04-11T09:49:06+00:00\",\"description\":\"Andrea de Jes\u00fas particip\u00f3 como representante de la Asociaci\u00f3n navarra en favor de las personas con discapacidad intelectual o del desarrollo (ANFAS).\",\"breadcrumb\":{\"@id\":\"https:\\\/\\\/www.laguiadepamplona.com\\\/actualidad\\\/el-ayuntamiento-de-pamplona-recibe-a-nerea-diaz-oro-en-el-campeonato-de-espana-de-gimnasia-ritmica-para-personas-con-discapacidad-intelectual-y-a-andrea-de-jesus-plata\\\/#breadcrumb\"},\"inLanguage\":\"es\",\"potentialAction\":[{\"@type\":\"ReadAction\",\"target\":[\"https:\\\/\\\/www.laguiadepamplona.com\\\/actualidad\\\/el-ayuntamiento-de-pamplona-recibe-a-nerea-diaz-oro-en-el-campeonato-de-espana-de-gimnasia-ritmica-para-personas-con-discapacidad-intelectual-y-a-andrea-de-jesus-plata\\\/\"]}]},{\"@type\":\"ImageObject\",\"inLanguage\":\"es\",\"@id\":\"https:\\\/\\\/www.laguiadepamplona.com\\\/actualidad\\\/el-ayuntamiento-de-pamplona-recibe-a-nerea-diaz-oro-en-el-campeonato-de-espana-de-gimnasia-ritmica-para-personas-con-discapacidad-intelectual-y-a-andrea-de-jesus-plata\\\/#primaryimage\",\"url\":\"https:\\\/\\\/www.laguiadepamplona.com\\\/actualidad\\\/wp-content\\\/uploads\\\/2021\\\/08\\\/recep._gimnasia_adaptada_ee5a2453_0.jpg\",\"contentUrl\":\"https:\\\/\\\/www.laguiadepamplona.com\\\/actualidad\\\/wp-content\\\/uploads\\\/2021\\\/08\\\/recep._gimnasia_adaptada_ee5a2453_0.jpg\",\"width\":1920,\"height\":1280},{\"@type\":\"BreadcrumbList\",\"@id\":\"https:\\\/\\\/www.laguiadepamplona.com\\\/actualidad\\\/el-ayuntamiento-de-pamplona-recibe-a-nerea-diaz-oro-en-el-campeonato-de-espana-de-gimnasia-ritmica-para-personas-con-discapacidad-intelectual-y-a-andrea-de-jesus-plata\\\/#breadcrumb\",\"itemListElement\":[{\"@type\":\"ListItem\",\"position\":1,\"name\":\"Portada\",\"item\":\"https:\\\/\\\/www.laguiadepamplona.com\\\/actualidad\\\/\"},{\"@type\":\"ListItem\",\"position\":2,\"name\":\"El Ayuntamiento de Pamplona recibe a Nerea D\u00edaz, oro en el Campeonato de Espa\u00f1a de gimnasia r\u00edtmica para personas con discapacidad intelectual, y a Andrea de Jes\u00fas, plata\"}]},{\"@type\":\"WebSite\",\"@id\":\"https:\\\/\\\/www.laguiadepamplona.com\\\/actualidad\\\/#website\",\"url\":\"https:\\\/\\\/www.laguiadepamplona.com\\\/actualidad\\\/\",\"name\":\"La gu\u00eda de Pamplona\",\"description\":\"Noticias de Pamplona\",\"publisher\":{\"@id\":\"https:\\\/\\\/www.laguiadepamplona.com\\\/actualidad\\\/#organization\"},\"potentialAction\":[{\"@type\":\"SearchAction\",\"target\":{\"@type\":\"EntryPoint\",\"urlTemplate\":\"https:\\\/\\\/www.laguiadepamplona.com\\\/actualidad\\\/?s={search_term_string}\"},\"query-input\":{\"@type\":\"PropertyValueSpecification\",\"valueRequired\":true,\"valueName\":\"search_term_string\"}}],\"inLanguage\":\"es\"},{\"@type\":\"Organization\",\"@id\":\"https:\\\/\\\/www.laguiadepamplona.com\\\/actualidad\\\/#organization\",\"name\":\"La Gu\u00eda de Pamplona \\\/ Noticias\",\"url\":\"https:\\\/\\\/www.laguiadepamplona.com\\\/actualidad\\\/\",\"logo\":{\"@type\":\"ImageObject\",\"inLanguage\":\"es\",\"@id\":\"https:\\\/\\\/www.laguiadepamplona.com\\\/actualidad\\\/#\\\/schema\\\/logo\\\/image\\\/\",\"url\":\"https:\\\/\\\/www.laguiadepamplona.com\\\/actualidad\\\/wp-content\\\/uploads\\\/2018\\\/11\\\/logo-laguiadepamplona18-web1.png\",\"contentUrl\":\"https:\\\/\\\/www.laguiadepamplona.com\\\/actualidad\\\/wp-content\\\/uploads\\\/2018\\\/11\\\/logo-laguiadepamplona18-web1.png\",\"width\":600,\"height\":196,\"caption\":\"La Gu\u00eda de Pamplona \\\/ Noticias\"},\"image\":{\"@id\":\"https:\\\/\\\/www.laguiadepamplona.com\\\/actualidad\\\/#\\\/schema\\\/logo\\\/image\\\/\"},\"sameAs\":[\"https:\\\/\\\/www.facebook.com\\\/laguiadepamplonacom-133175176762273\\\/?ref=hl\",\"https:\\\/\\\/x.com\\\/LaGuiadPamplona\",\"https:\\\/\\\/www.instagram.com\\\/la_guia_de_pamplona\\\/\",\"https:\\\/\\\/www.youtube.com\\\/user\\\/laguiadepamplona\"]},{\"@type\":\"Person\",\"@id\":\"https:\\\/\\\/www.laguiadepamplona.com\\\/actualidad\\\/#\\\/schema\\\/person\\\/efe887376f0213d4657c93adc50b1fdb\",\"name\":\"La Gu\u00eda de Pamplona\",\"image\":{\"@type\":\"ImageObject\",\"inLanguage\":\"es\",\"@id\":\"https:\\\/\\\/secure.gravatar.com\\\/avatar\\\/b6992f131dc8d30ab0dff15446e9d346d9dbd95992de0fef795073f5ea83a81c?s=96&d=mm&r=g\",\"url\":\"https:\\\/\\\/secure.gravatar.com\\\/avatar\\\/b6992f131dc8d30ab0dff15446e9d346d9dbd95992de0fef795073f5ea83a81c?s=96&d=mm&r=g\",\"contentUrl\":\"https:\\\/\\\/secure.gravatar.com\\\/avatar\\\/b6992f131dc8d30ab0dff15446e9d346d9dbd95992de0fef795073f5ea83a81c?s=96&d=mm&r=g\",\"caption\":\"La Gu\u00eda de Pamplona\"}}]}<\/script>\n<!-- \/ Yoast SEO plugin. -->","yoast_head_json":{"title":"El Ayuntamiento de Pamplona recibe a Nerea D\u00edaz, oro en el Campeonato de Espa\u00f1a de gimnasia r\u00edtmica para personas con discapacidad intelectual, y a Andrea de Jes\u00fas, plata","description":"Andrea de Jes\u00fas particip\u00f3 como representante de la Asociaci\u00f3n navarra en favor de las personas con discapacidad intelectual o del desarrollo (ANFAS).","robots":{"index":"index","follow":"follow","max-snippet":"max-snippet:-1","max-image-preview":"max-image-preview:large","max-video-preview":"max-video-preview:-1"},"canonical":"https:\/\/www.laguiadepamplona.com\/actualidad\/el-ayuntamiento-de-pamplona-recibe-a-nerea-diaz-oro-en-el-campeonato-de-espana-de-gimnasia-ritmica-para-personas-con-discapacidad-intelectual-y-a-andrea-de-jesus-plata\/","og_locale":"es_ES","og_type":"article","og_title":"El Ayuntamiento de Pamplona recibe a Nerea D\u00edaz, oro en el Campeonato de Espa\u00f1a de gimnasia r\u00edtmica para personas con discapacidad intelectual, y a Andrea de Jes\u00fas, plata","og_description":"Andrea de Jes\u00fas particip\u00f3 como representante de la Asociaci\u00f3n navarra en favor de las personas con discapacidad intelectual o del desarrollo (ANFAS).","og_url":"https:\/\/www.laguiadepamplona.com\/actualidad\/el-ayuntamiento-de-pamplona-recibe-a-nerea-diaz-oro-en-el-campeonato-de-espana-de-gimnasia-ritmica-para-personas-con-discapacidad-intelectual-y-a-andrea-de-jesus-plata\/","og_site_name":"La Gu\u00eda de Pamplona","article_publisher":"https:\/\/www.facebook.com\/laguiadepamplonacom-133175176762273\/?ref=hl","article_published_time":"2021-08-17T14:21:26+00:00","article_modified_time":"2023-04-11T09:49:06+00:00","og_image":[{"width":1920,"height":1280,"url":"https:\/\/www.laguiadepamplona.com\/actualidad\/wp-content\/uploads\/2021\/08\/recep._gimnasia_adaptada_ee5a2453_0.jpg","type":"image\/jpeg"}],"author":"La Gu\u00eda de Pamplona","twitter_card":"summary_large_image","twitter_creator":"@LaGuiadPamplona","twitter_site":"@LaGuiadPamplona","twitter_misc":{"Escrito por":"La Gu\u00eda de Pamplona","Tiempo de lectura":"2 minutos"},"schema":{"@context":"https:\/\/schema.org","@graph":[{"@type":"Article","@id":"https:\/\/www.laguiadepamplona.com\/actualidad\/el-ayuntamiento-de-pamplona-recibe-a-nerea-diaz-oro-en-el-campeonato-de-espana-de-gimnasia-ritmica-para-personas-con-discapacidad-intelectual-y-a-andrea-de-jesus-plata\/#article","isPartOf":{"@id":"https:\/\/www.laguiadepamplona.com\/actualidad\/el-ayuntamiento-de-pamplona-recibe-a-nerea-diaz-oro-en-el-campeonato-de-espana-de-gimnasia-ritmica-para-personas-con-discapacidad-intelectual-y-a-andrea-de-jesus-plata\/"},"author":{"name":"La Gu\u00eda de Pamplona","@id":"https:\/\/www.laguiadepamplona.com\/actualidad\/#\/schema\/person\/efe887376f0213d4657c93adc50b1fdb"},"headline":"El Ayuntamiento de Pamplona recibe a Nerea D\u00edaz, oro en el Campeonato de Espa\u00f1a de gimnasia r\u00edtmica para personas con discapacidad intelectual, y a Andrea de Jes\u00fas, plata","datePublished":"2021-08-17T14:21:26+00:00","dateModified":"2023-04-11T09:49:06+00:00","mainEntityOfPage":{"@id":"https:\/\/www.laguiadepamplona.com\/actualidad\/el-ayuntamiento-de-pamplona-recibe-a-nerea-diaz-oro-en-el-campeonato-de-espana-de-gimnasia-ritmica-para-personas-con-discapacidad-intelectual-y-a-andrea-de-jesus-plata\/"},"wordCount":304,"commentCount":0,"publisher":{"@id":"https:\/\/www.laguiadepamplona.com\/actualidad\/#organization"},"image":{"@id":"https:\/\/www.laguiadepamplona.com\/actualidad\/el-ayuntamiento-de-pamplona-recibe-a-nerea-diaz-oro-en-el-campeonato-de-espana-de-gimnasia-ritmica-para-personas-con-discapacidad-intelectual-y-a-andrea-de-jesus-plata\/#primaryimage"},"thumbnailUrl":"https:\/\/www.laguiadepamplona.com\/actualidad\/wp-content\/uploads\/2021\/08\/recep._gimnasia_adaptada_ee5a2453_0.jpg","articleSection":["Ayto Pamplona"],"inLanguage":"es","potentialAction":[{"@type":"CommentAction","name":"Comment","target":["https:\/\/www.laguiadepamplona.com\/actualidad\/el-ayuntamiento-de-pamplona-recibe-a-nerea-diaz-oro-en-el-campeonato-de-espana-de-gimnasia-ritmica-para-personas-con-discapacidad-intelectual-y-a-andrea-de-jesus-plata\/#respond"]}]},{"@type":"WebPage","@id":"https:\/\/www.laguiadepamplona.com\/actualidad\/el-ayuntamiento-de-pamplona-recibe-a-nerea-diaz-oro-en-el-campeonato-de-espana-de-gimnasia-ritmica-para-personas-con-discapacidad-intelectual-y-a-andrea-de-jesus-plata\/","url":"https:\/\/www.laguiadepamplona.com\/actualidad\/el-ayuntamiento-de-pamplona-recibe-a-nerea-diaz-oro-en-el-campeonato-de-espana-de-gimnasia-ritmica-para-personas-con-discapacidad-intelectual-y-a-andrea-de-jesus-plata\/","name":"El Ayuntamiento de Pamplona recibe a Nerea D\u00edaz, oro en el Campeonato de Espa\u00f1a de gimnasia r\u00edtmica para personas con discapacidad intelectual, y a Andrea de Jes\u00fas, plata","isPartOf":{"@id":"https:\/\/www.laguiadepamplona.com\/actualidad\/#website"},"primaryImageOfPage":{"@id":"https:\/\/www.laguiadepamplona.com\/actualidad\/el-ayuntamiento-de-pamplona-recibe-a-nerea-diaz-oro-en-el-campeonato-de-espana-de-gimnasia-ritmica-para-personas-con-discapacidad-intelectual-y-a-andrea-de-jesus-plata\/#primaryimage"},"image":{"@id":"https:\/\/www.laguiadepamplona.com\/actualidad\/el-ayuntamiento-de-pamplona-recibe-a-nerea-diaz-oro-en-el-campeonato-de-espana-de-gimnasia-ritmica-para-personas-con-discapacidad-intelectual-y-a-andrea-de-jesus-plata\/#primaryimage"},"thumbnailUrl":"https:\/\/www.laguiadepamplona.com\/actualidad\/wp-content\/uploads\/2021\/08\/recep._gimnasia_adaptada_ee5a2453_0.jpg","datePublished":"2021-08-17T14:21:26+00:00","dateModified":"2023-04-11T09:49:06+00:00","description":"Andrea de Jes\u00fas particip\u00f3 como representante de la Asociaci\u00f3n navarra en favor de las personas con discapacidad intelectual o del desarrollo (ANFAS).","breadcrumb":{"@id":"https:\/\/www.laguiadepamplona.com\/actualidad\/el-ayuntamiento-de-pamplona-recibe-a-nerea-diaz-oro-en-el-campeonato-de-espana-de-gimnasia-ritmica-para-personas-con-discapacidad-intelectual-y-a-andrea-de-jesus-plata\/#breadcrumb"},"inLanguage":"es","potentialAction":[{"@type":"ReadAction","target":["https:\/\/www.laguiadepamplona.com\/actualidad\/el-ayuntamiento-de-pamplona-recibe-a-nerea-diaz-oro-en-el-campeonato-de-espana-de-gimnasia-ritmica-para-personas-con-discapacidad-intelectual-y-a-andrea-de-jesus-plata\/"]}]},{"@type":"ImageObject","inLanguage":"es","@id":"https:\/\/www.laguiadepamplona.com\/actualidad\/el-ayuntamiento-de-pamplona-recibe-a-nerea-diaz-oro-en-el-campeonato-de-espana-de-gimnasia-ritmica-para-personas-con-discapacidad-intelectual-y-a-andrea-de-jesus-plata\/#primaryimage","url":"https:\/\/www.laguiadepamplona.com\/actualidad\/wp-content\/uploads\/2021\/08\/recep._gimnasia_adaptada_ee5a2453_0.jpg","contentUrl":"https:\/\/www.laguiadepamplona.com\/actualidad\/wp-content\/uploads\/2021\/08\/recep._gimnasia_adaptada_ee5a2453_0.jpg","width":1920,"height":1280},{"@type":"BreadcrumbList","@id":"https:\/\/www.laguiadepamplona.com\/actualidad\/el-ayuntamiento-de-pamplona-recibe-a-nerea-diaz-oro-en-el-campeonato-de-espana-de-gimnasia-ritmica-para-personas-con-discapacidad-intelectual-y-a-andrea-de-jesus-plata\/#breadcrumb","itemListElement":[{"@type":"ListItem","position":1,"name":"Portada","item":"https:\/\/www.laguiadepamplona.com\/actualidad\/"},{"@type":"ListItem","position":2,"name":"El Ayuntamiento de Pamplona recibe a Nerea D\u00edaz, oro en el Campeonato de Espa\u00f1a de gimnasia r\u00edtmica para personas con discapacidad intelectual, y a Andrea de Jes\u00fas, plata"}]},{"@type":"WebSite","@id":"https:\/\/www.laguiadepamplona.com\/actualidad\/#website","url":"https:\/\/www.laguiadepamplona.com\/actualidad\/","name":"La gu\u00eda de Pamplona","description":"Noticias de Pamplona","publisher":{"@id":"https:\/\/www.laguiadepamplona.com\/actualidad\/#organization"},"potentialAction":[{"@type":"SearchAction","target":{"@type":"EntryPoint","urlTemplate":"https:\/\/www.laguiadepamplona.com\/actualidad\/?s={search_term_string}"},"query-input":{"@type":"PropertyValueSpecification","valueRequired":true,"valueName":"search_term_string"}}],"inLanguage":"es"},{"@type":"Organization","@id":"https:\/\/www.laguiadepamplona.com\/actualidad\/#organization","name":"La Gu\u00eda de Pamplona \/ Noticias","url":"https:\/\/www.laguiadepamplona.com\/actualidad\/","logo":{"@type":"ImageObject","inLanguage":"es","@id":"https:\/\/www.laguiadepamplona.com\/actualidad\/#\/schema\/logo\/image\/","url":"https:\/\/www.laguiadepamplona.com\/actualidad\/wp-content\/uploads\/2018\/11\/logo-laguiadepamplona18-web1.png","contentUrl":"https:\/\/www.laguiadepamplona.com\/actualidad\/wp-content\/uploads\/2018\/11\/logo-laguiadepamplona18-web1.png","width":600,"height":196,"caption":"La Gu\u00eda de Pamplona \/ Noticias"},"image":{"@id":"https:\/\/www.laguiadepamplona.com\/actualidad\/#\/schema\/logo\/image\/"},"sameAs":["https:\/\/www.facebook.com\/laguiadepamplonacom-133175176762273\/?ref=hl","https:\/\/x.com\/LaGuiadPamplona","https:\/\/www.instagram.com\/la_guia_de_pamplona\/","https:\/\/www.youtube.com\/user\/laguiadepamplona"]},{"@type":"Person","@id":"https:\/\/www.laguiadepamplona.com\/actualidad\/#\/schema\/person\/efe887376f0213d4657c93adc50b1fdb","name":"La Gu\u00eda de Pamplona","image":{"@type":"ImageObject","inLanguage":"es","@id":"https:\/\/secure.gravatar.com\/avatar\/b6992f131dc8d30ab0dff15446e9d346d9dbd95992de0fef795073f5ea83a81c?s=96&d=mm&r=g","url":"https:\/\/secure.gravatar.com\/avatar\/b6992f131dc8d30ab0dff15446e9d346d9dbd95992de0fef795073f5ea83a81c?s=96&d=mm&r=g","contentUrl":"https:\/\/secure.gravatar.com\/avatar\/b6992f131dc8d30ab0dff15446e9d346d9dbd95992de0fef795073f5ea83a81c?s=96&d=mm&r=g","caption":"La Gu\u00eda de Pamplona"}}]}},"post_mailing_queue_ids":[],"_links":{"self":[{"href":"https:\/\/www.laguiadepamplona.com\/actualidad\/wp-json\/wp\/v2\/posts\/36236","targetHints":{"allow":["GET"]}}],"collection":[{"href":"https:\/\/www.laguiadepamplona.com\/actualidad\/wp-json\/wp\/v2\/posts"}],"about":[{"href":"https:\/\/www.laguiadepamplona.com\/actualidad\/wp-json\/wp\/v2\/types\/post"}],"author":[{"embeddable":true,"href":"https:\/\/www.laguiadepamplona.com\/actualidad\/wp-json\/wp\/v2\/users\/1"}],"replies":[{"embeddable":true,"href":"https:\/\/www.laguiadepamplona.com\/actualidad\/wp-json\/wp\/v2\/comments?post=36236"}],"version-history":[{"count":0,"href":"https:\/\/www.laguiadepamplona.com\/actualidad\/wp-json\/wp\/v2\/posts\/36236\/revisions"}],"wp:featuredmedia":[{"embeddable":true,"href":"https:\/\/www.laguiadepamplona.com\/actualidad\/wp-json\/wp\/v2\/media\/36237"}],"wp:attachment":[{"href":"https:\/\/www.laguiadepamplona.com\/actualidad\/wp-json\/wp\/v2\/media?parent=36236"}],"wp:term":[{"taxonomy":"category","embeddable":true,"href":"https:\/\/www.laguiadepamplona.com\/actualidad\/wp-json\/wp\/v2\/categories?post=36236"},{"taxonomy":"post_tag","embeddable":true,"href":"https:\/\/www.laguiadepamplona.com\/actualidad\/wp-json\/wp\/v2\/tags?post=36236"}],"curies":[{"name":"wp","href":"https:\/\/api.w.org\/{rel}","templated":true}]}}