{"id":36228,"date":"2021-08-17T16:15:10","date_gmt":"2021-08-17T14:15:10","guid":{"rendered":"https:\/\/www.laguiadepamplona.com\/actualidad\/?p=36228"},"modified":"2023-04-11T11:49:06","modified_gmt":"2023-04-11T09:49:06","slug":"el-festival-de-las-murallas-llega-a-su-final-con-tres-propuestas-que-aunan-tecnicas-de-circo-musica-y-danza-de-las-companias-collectiu-tqm-e-go-y-vaiven-circo","status":"publish","type":"post","link":"https:\/\/www.laguiadepamplona.com\/actualidad\/el-festival-de-las-murallas-llega-a-su-final-con-tres-propuestas-que-aunan-tecnicas-de-circo-musica-y-danza-de-las-companias-collectiu-tqm-e-go-y-vaiven-circo\/","title":{"rendered":"El Festival de las Murallas llega a su final con tres propuestas que a\u00fanan t\u00e9cnicas de circo, m\u00fasica y danza de las compa\u00f1\u00edas Collectiu TQM, E.go y Vaiv\u00e9n Circo"},"content":{"rendered":"<h5>Los espect\u00e1culos tienen lugar en la Ciudadela, de martes a viernes, a las 20 horas con entrada libre<\/h5>\n<p><!--more--><\/p>\n<p>El Festival de las Murallas, incluido en el programa \u2018Viva Pamplona viva\u2019 del Ayuntamiento de Pamplona, finaliza esta semana con tres propuestas que a\u00fanan t\u00e9cnicas de circo, m\u00fasica y danza de la mano de las compa\u00f1\u00edas Collectiu TQM, E.go y Vaiv\u00e9n Circo. El festival est\u00e1 ofreciendo, desde el 2 de agosto, 14 espect\u00e1culos adem\u00e1s del homenaje a la funambulista Pamplonesa <strong>Remigia Echarren que cada d\u00eda realiza Estefan\u00eda de Paz<\/strong>.<\/p>\n<p>Las actuaciones son a las 20 horas con entrada libre hasta completar el aforo. Teniendo en cuenta las normas de la situaci\u00f3n sanitaria actual, es obligatorio el uso de mascarilla. Las puertas del recinto se abren 45 minutos antes. Se aconseja estar en el lugar desde media hora antes del comienzo, para acceder de forma ordenada al espacio donde se desarrolla la actividad.<\/p>\n<p><script async src=\"\/\/pagead2.googlesyndication.com\/pagead\/js\/adsbygoogle.js\"><\/script><br \/>\n<!-- Noticias La Guia de Pamplona --><br \/>\n<ins class=\"adsbygoogle\"\nstyle=\"display:block\"\ndata-ad-client=\"ca-pub-6943679897239327\"\ndata-ad-slot=\"7048180777\"\ndata-ad-format=\"auto\"><\/ins><br \/>\n<script>\n(adsbygoogle = window.adsbygoogle || []).push({});\n<\/script><\/p>\n<p><strong>Combinaci\u00f3n de acrobacias y baile<\/strong><\/p>\n<p>La puesta en escena de la obra \u2018VoloV\u2019 la llevar\u00e1n a cabo 6 artistas de la compa\u00f1\u00eda Collectiu TQM, 2 m\u00fasicos multiinstrumentales y 4 acr\u00f3batas a\u00e9reos y bailarines. Las principales t\u00e9cnicas de circo utilizadas ser\u00e1n el trapecio doble, la cuerda volante y la cuerda lisa, dando lugar a propuestas muy f\u00edsicas y potentes a nivel est\u00e9tico y acrob\u00e1tico, llenas de dinamismo y poes\u00eda.<\/p>\n<p>El mi\u00e9rcoles llegar\u00e1 a la Ciudadela la compa\u00f1\u00eda E.go que presentar\u00e1 \u2018Magic Box\u2019, una obra en la que se mezclan danza, hip-hop y artes de calle. El argumento cuenta c\u00f3mo, cada d\u00eda, cinco individuos se encuentran en un lugar llamado \u2018el bloque\u2019. Transformado en su rinc\u00f3n especial, el espacio permite a cada uno ofrecer lo que realmente es y descubrir al p\u00fablico un mundo c\u00f3mico, alegre y colorido.<\/p>\n<p><script async src=\"\/\/pagead2.googlesyndication.com\/pagead\/js\/adsbygoogle.js\"><\/script><br \/>\n<!-- Noticias La Guia de Pamplona --><br \/>\n<ins class=\"adsbygoogle\"\nstyle=\"display:block\"\ndata-ad-client=\"ca-pub-6943679897239327\"\ndata-ad-slot=\"7048180777\"\ndata-ad-format=\"auto\"><\/ins><br \/>\n<script>\n(adsbygoogle = window.adsbygoogle || []).push({});\n<\/script><\/p>\n<p><strong>Vaiv\u00e9n Circo, Premio Nacional de Circo 2016, cierra el festival el jueves<\/strong><\/p>\n<p>La clausura del festival, el jueves 19 de agosto, correr\u00e1 a cargo de Vaiv\u00e9n Circo, Premio Nacional de Circo 2016. La puesta en escena de \u2018Esencial\u2019 est\u00e1 inspirada en el ArcoIris Waldorf, un juguete compuesto por pilares y arcos que propician un espacio espectacular. La escenograf\u00eda, con una arquitectura cambiante y capaz de reinventarse, adquiere tintes po\u00e9ticos y es id\u00f3nea para crear un ambiente m\u00e1gico en el que trabajar con el equilibrio. Se basa en un arco de gran formato de m\u00e1s de 2 metros y pilares de una altura algo inferior.<\/p>\n<p>Vaiv\u00e9n Circo es una compa\u00f1\u00eda creada en 2008, cuando Raquel Pretel y Miguel Moreno (Bolo) decidieron unirse y empezar a compartir conocimientos de mundos tan distanciados como el circo y la danza. En 2009 se incorporan los acr\u00f3batas Chema Mart\u00edn y Emilio L\u00f3pez. Los cuatro miembros de la compa\u00f1\u00eda se han formado en la escuela de circo Le Lido de Tolousse, referente en cuanto a investigaci\u00f3n circense.<\/p>\n<p><script async src=\"\/\/pagead2.googlesyndication.com\/pagead\/js\/adsbygoogle.js\"><\/script><br \/>\n<!-- Noticias La Guia de Pamplona --><br \/>\n<ins class=\"adsbygoogle\"\nstyle=\"display:block\"\ndata-ad-client=\"ca-pub-6943679897239327\"\ndata-ad-slot=\"7048180777\"\ndata-ad-format=\"auto\"><\/ins><br \/>\n<script>\n(adsbygoogle = window.adsbygoogle || []).push({});\n<\/script><\/p>\n<p><strong>Homenaje de Estefan\u00eda de Paz a Remigia Echarren, la \u2018Reina del Arga\u2019<\/strong><\/p>\n<p>Adem\u00e1s, en el programa del Festival de las Murallas, <strong>Estefan\u00eda de Paz<\/strong>, en homenaje a la funambulista Pamplonesa <strong>Remigia Echarren<\/strong> en el centenario de su muerte, est\u00e1 representando a diario su espect\u00e1culo la <strong>\u201cReina del Arga\u201d desde el 9 de agosto<\/strong>. Hasta el jueves puede verse en la <strong>Poterna n\u00ba 7 de la Ciudadela a las 19 horas con <\/strong>entrada libre<strong>.<\/strong><\/p>\n<p>Remigia Echarren fue una mujer excepcional, funambulista y artista muy conocida en la Pamplona de entre los siglos XIX y XX. Adem\u00e1s del sobrenombre de \u2018Reina del Arga\u2019 tambi\u00e9n tuvo los de \u2018Madmoiselle Agustin\u2019\u201d o a \u2018Reina de la maroma\u2019. En la obra se parte de d\u00f3nde naci\u00f3 su deseo de caminar por las alturas en una \u00e9poca en la que pocas eran las referencias de este tipo de haza\u00f1as.<\/p>\n<p>&nbsp;<\/p>\n<p><script async src=\"\/\/pagead2.googlesyndication.com\/pagead\/js\/adsbygoogle.js\"><\/script><br \/>\n<!-- Noticias La Guia de Pamplona --><br \/>\n<ins class=\"adsbygoogle\"\nstyle=\"display:block\"\ndata-ad-client=\"ca-pub-6943679897239327\"\ndata-ad-slot=\"7048180777\"\ndata-ad-format=\"auto\"><\/ins><br \/>\n<script>\n(adsbygoogle = window.adsbygoogle || []).push({});\n<\/script><\/p>\n<h3>Espect\u00e1culos del Festival de las Murallas<\/h3>\n<ul>\n<li>17 agosto. 20:00. VoloV. Colectiu TQM<\/li>\n<li>18 agosto. 20:00. Magic Box. E.go<\/li>\n<li>19 agosto. 20:00. Esencial. Vaiv\u00e9n circo<\/li>\n<\/ul>\n","protected":false},"excerpt":{"rendered":"<p>Los espect\u00e1culos tienen lugar en la Ciudadela, de martes a viernes, a las 20 horas con entrada libre<\/p>\n","protected":false},"author":1,"featured_media":36229,"comment_status":"open","ping_status":"closed","sticky":false,"template":"","format":"standard","meta":{"footnotes":""},"categories":[2],"tags":[],"class_list":["post-36228","post","type-post","status-publish","format-standard","has-post-thumbnail","hentry","category-ayuntamiento-pamplona"],"yoast_head":"<!-- This site is optimized with the Yoast SEO plugin v27.5 - https:\/\/yoast.com\/product\/yoast-seo-wordpress\/ -->\n<title>El Festival de las Murallas llega a su final con tres propuestas que a\u00fanan t\u00e9cnicas de circo, m\u00fasica y danza de las compa\u00f1\u00edas Collectiu TQM, E.go y Vaiv\u00e9n Circo<\/title>\n<meta name=\"robots\" content=\"index, follow, max-snippet:-1, max-image-preview:large, max-video-preview:-1\" \/>\n<link rel=\"canonical\" href=\"https:\/\/www.laguiadepamplona.com\/actualidad\/el-festival-de-las-murallas-llega-a-su-final-con-tres-propuestas-que-aunan-tecnicas-de-circo-musica-y-danza-de-las-companias-collectiu-tqm-e-go-y-vaiven-circo\/\" \/>\n<meta property=\"og:locale\" content=\"es_ES\" \/>\n<meta property=\"og:type\" content=\"article\" \/>\n<meta property=\"og:title\" content=\"El Festival de las Murallas llega a su final con tres propuestas que a\u00fanan t\u00e9cnicas de circo, m\u00fasica y danza de las compa\u00f1\u00edas Collectiu TQM, E.go y Vaiv\u00e9n Circo\" \/>\n<meta property=\"og:description\" content=\"Los espect\u00e1culos tienen lugar en la Ciudadela, de martes a viernes, a las 20 horas con entrada libre\" \/>\n<meta property=\"og:url\" content=\"https:\/\/www.laguiadepamplona.com\/actualidad\/el-festival-de-las-murallas-llega-a-su-final-con-tres-propuestas-que-aunan-tecnicas-de-circo-musica-y-danza-de-las-companias-collectiu-tqm-e-go-y-vaiven-circo\/\" \/>\n<meta property=\"og:site_name\" content=\"La Gu\u00eda de Pamplona\" \/>\n<meta property=\"article:publisher\" content=\"https:\/\/www.facebook.com\/laguiadepamplonacom-133175176762273\/?ref=hl\" \/>\n<meta property=\"article:published_time\" content=\"2021-08-17T14:15:10+00:00\" \/>\n<meta property=\"article:modified_time\" content=\"2023-04-11T09:49:06+00:00\" \/>\n<meta property=\"og:image\" content=\"https:\/\/www.laguiadepamplona.com\/actualidad\/wp-content\/uploads\/2021\/08\/esencial.caos_-870x480_1.jpg\" \/>\n\t<meta property=\"og:image:width\" content=\"870\" \/>\n\t<meta property=\"og:image:height\" content=\"480\" \/>\n\t<meta property=\"og:image:type\" content=\"image\/jpeg\" \/>\n<meta name=\"author\" content=\"La Gu\u00eda de Pamplona\" \/>\n<meta name=\"twitter:card\" content=\"summary_large_image\" \/>\n<meta name=\"twitter:creator\" content=\"@LaGuiadPamplona\" \/>\n<meta name=\"twitter:site\" content=\"@LaGuiadPamplona\" \/>\n<meta name=\"twitter:label1\" content=\"Escrito por\" \/>\n\t<meta name=\"twitter:data1\" content=\"La Gu\u00eda de Pamplona\" \/>\n\t<meta name=\"twitter:label2\" content=\"Tiempo de lectura\" \/>\n\t<meta name=\"twitter:data2\" content=\"3 minutos\" \/>\n<script type=\"application\/ld+json\" class=\"yoast-schema-graph\">{\"@context\":\"https:\\\/\\\/schema.org\",\"@graph\":[{\"@type\":\"Article\",\"@id\":\"https:\\\/\\\/www.laguiadepamplona.com\\\/actualidad\\\/el-festival-de-las-murallas-llega-a-su-final-con-tres-propuestas-que-aunan-tecnicas-de-circo-musica-y-danza-de-las-companias-collectiu-tqm-e-go-y-vaiven-circo\\\/#article\",\"isPartOf\":{\"@id\":\"https:\\\/\\\/www.laguiadepamplona.com\\\/actualidad\\\/el-festival-de-las-murallas-llega-a-su-final-con-tres-propuestas-que-aunan-tecnicas-de-circo-musica-y-danza-de-las-companias-collectiu-tqm-e-go-y-vaiven-circo\\\/\"},\"author\":{\"name\":\"La Gu\u00eda de Pamplona\",\"@id\":\"https:\\\/\\\/www.laguiadepamplona.com\\\/actualidad\\\/#\\\/schema\\\/person\\\/efe887376f0213d4657c93adc50b1fdb\"},\"headline\":\"El Festival de las Murallas llega a su final con tres propuestas que a\u00fanan t\u00e9cnicas de circo, m\u00fasica y danza de las compa\u00f1\u00edas Collectiu TQM, E.go y Vaiv\u00e9n Circo\",\"datePublished\":\"2021-08-17T14:15:10+00:00\",\"dateModified\":\"2023-04-11T09:49:06+00:00\",\"mainEntityOfPage\":{\"@id\":\"https:\\\/\\\/www.laguiadepamplona.com\\\/actualidad\\\/el-festival-de-las-murallas-llega-a-su-final-con-tres-propuestas-que-aunan-tecnicas-de-circo-musica-y-danza-de-las-companias-collectiu-tqm-e-go-y-vaiven-circo\\\/\"},\"wordCount\":694,\"commentCount\":0,\"publisher\":{\"@id\":\"https:\\\/\\\/www.laguiadepamplona.com\\\/actualidad\\\/#organization\"},\"image\":{\"@id\":\"https:\\\/\\\/www.laguiadepamplona.com\\\/actualidad\\\/el-festival-de-las-murallas-llega-a-su-final-con-tres-propuestas-que-aunan-tecnicas-de-circo-musica-y-danza-de-las-companias-collectiu-tqm-e-go-y-vaiven-circo\\\/#primaryimage\"},\"thumbnailUrl\":\"https:\\\/\\\/www.laguiadepamplona.com\\\/actualidad\\\/wp-content\\\/uploads\\\/2021\\\/08\\\/esencial.caos_-870x480_1.jpg\",\"articleSection\":[\"Ayto Pamplona\"],\"inLanguage\":\"es\",\"potentialAction\":[{\"@type\":\"CommentAction\",\"name\":\"Comment\",\"target\":[\"https:\\\/\\\/www.laguiadepamplona.com\\\/actualidad\\\/el-festival-de-las-murallas-llega-a-su-final-con-tres-propuestas-que-aunan-tecnicas-de-circo-musica-y-danza-de-las-companias-collectiu-tqm-e-go-y-vaiven-circo\\\/#respond\"]}]},{\"@type\":\"WebPage\",\"@id\":\"https:\\\/\\\/www.laguiadepamplona.com\\\/actualidad\\\/el-festival-de-las-murallas-llega-a-su-final-con-tres-propuestas-que-aunan-tecnicas-de-circo-musica-y-danza-de-las-companias-collectiu-tqm-e-go-y-vaiven-circo\\\/\",\"url\":\"https:\\\/\\\/www.laguiadepamplona.com\\\/actualidad\\\/el-festival-de-las-murallas-llega-a-su-final-con-tres-propuestas-que-aunan-tecnicas-de-circo-musica-y-danza-de-las-companias-collectiu-tqm-e-go-y-vaiven-circo\\\/\",\"name\":\"El Festival de las Murallas llega a su final con tres propuestas que a\u00fanan t\u00e9cnicas de circo, m\u00fasica y danza de las compa\u00f1\u00edas Collectiu TQM, E.go y Vaiv\u00e9n Circo\",\"isPartOf\":{\"@id\":\"https:\\\/\\\/www.laguiadepamplona.com\\\/actualidad\\\/#website\"},\"primaryImageOfPage\":{\"@id\":\"https:\\\/\\\/www.laguiadepamplona.com\\\/actualidad\\\/el-festival-de-las-murallas-llega-a-su-final-con-tres-propuestas-que-aunan-tecnicas-de-circo-musica-y-danza-de-las-companias-collectiu-tqm-e-go-y-vaiven-circo\\\/#primaryimage\"},\"image\":{\"@id\":\"https:\\\/\\\/www.laguiadepamplona.com\\\/actualidad\\\/el-festival-de-las-murallas-llega-a-su-final-con-tres-propuestas-que-aunan-tecnicas-de-circo-musica-y-danza-de-las-companias-collectiu-tqm-e-go-y-vaiven-circo\\\/#primaryimage\"},\"thumbnailUrl\":\"https:\\\/\\\/www.laguiadepamplona.com\\\/actualidad\\\/wp-content\\\/uploads\\\/2021\\\/08\\\/esencial.caos_-870x480_1.jpg\",\"datePublished\":\"2021-08-17T14:15:10+00:00\",\"dateModified\":\"2023-04-11T09:49:06+00:00\",\"breadcrumb\":{\"@id\":\"https:\\\/\\\/www.laguiadepamplona.com\\\/actualidad\\\/el-festival-de-las-murallas-llega-a-su-final-con-tres-propuestas-que-aunan-tecnicas-de-circo-musica-y-danza-de-las-companias-collectiu-tqm-e-go-y-vaiven-circo\\\/#breadcrumb\"},\"inLanguage\":\"es\",\"potentialAction\":[{\"@type\":\"ReadAction\",\"target\":[\"https:\\\/\\\/www.laguiadepamplona.com\\\/actualidad\\\/el-festival-de-las-murallas-llega-a-su-final-con-tres-propuestas-que-aunan-tecnicas-de-circo-musica-y-danza-de-las-companias-collectiu-tqm-e-go-y-vaiven-circo\\\/\"]}]},{\"@type\":\"ImageObject\",\"inLanguage\":\"es\",\"@id\":\"https:\\\/\\\/www.laguiadepamplona.com\\\/actualidad\\\/el-festival-de-las-murallas-llega-a-su-final-con-tres-propuestas-que-aunan-tecnicas-de-circo-musica-y-danza-de-las-companias-collectiu-tqm-e-go-y-vaiven-circo\\\/#primaryimage\",\"url\":\"https:\\\/\\\/www.laguiadepamplona.com\\\/actualidad\\\/wp-content\\\/uploads\\\/2021\\\/08\\\/esencial.caos_-870x480_1.jpg\",\"contentUrl\":\"https:\\\/\\\/www.laguiadepamplona.com\\\/actualidad\\\/wp-content\\\/uploads\\\/2021\\\/08\\\/esencial.caos_-870x480_1.jpg\",\"width\":870,\"height\":480},{\"@type\":\"BreadcrumbList\",\"@id\":\"https:\\\/\\\/www.laguiadepamplona.com\\\/actualidad\\\/el-festival-de-las-murallas-llega-a-su-final-con-tres-propuestas-que-aunan-tecnicas-de-circo-musica-y-danza-de-las-companias-collectiu-tqm-e-go-y-vaiven-circo\\\/#breadcrumb\",\"itemListElement\":[{\"@type\":\"ListItem\",\"position\":1,\"name\":\"Portada\",\"item\":\"https:\\\/\\\/www.laguiadepamplona.com\\\/actualidad\\\/\"},{\"@type\":\"ListItem\",\"position\":2,\"name\":\"El Festival de las Murallas llega a su final con tres propuestas que a\u00fanan t\u00e9cnicas de circo, m\u00fasica y danza de las compa\u00f1\u00edas Collectiu TQM, E.go y Vaiv\u00e9n Circo\"}]},{\"@type\":\"WebSite\",\"@id\":\"https:\\\/\\\/www.laguiadepamplona.com\\\/actualidad\\\/#website\",\"url\":\"https:\\\/\\\/www.laguiadepamplona.com\\\/actualidad\\\/\",\"name\":\"La gu\u00eda de Pamplona\",\"description\":\"Noticias de Pamplona\",\"publisher\":{\"@id\":\"https:\\\/\\\/www.laguiadepamplona.com\\\/actualidad\\\/#organization\"},\"potentialAction\":[{\"@type\":\"SearchAction\",\"target\":{\"@type\":\"EntryPoint\",\"urlTemplate\":\"https:\\\/\\\/www.laguiadepamplona.com\\\/actualidad\\\/?s={search_term_string}\"},\"query-input\":{\"@type\":\"PropertyValueSpecification\",\"valueRequired\":true,\"valueName\":\"search_term_string\"}}],\"inLanguage\":\"es\"},{\"@type\":\"Organization\",\"@id\":\"https:\\\/\\\/www.laguiadepamplona.com\\\/actualidad\\\/#organization\",\"name\":\"La Gu\u00eda de Pamplona \\\/ Noticias\",\"url\":\"https:\\\/\\\/www.laguiadepamplona.com\\\/actualidad\\\/\",\"logo\":{\"@type\":\"ImageObject\",\"inLanguage\":\"es\",\"@id\":\"https:\\\/\\\/www.laguiadepamplona.com\\\/actualidad\\\/#\\\/schema\\\/logo\\\/image\\\/\",\"url\":\"https:\\\/\\\/www.laguiadepamplona.com\\\/actualidad\\\/wp-content\\\/uploads\\\/2018\\\/11\\\/logo-laguiadepamplona18-web1.png\",\"contentUrl\":\"https:\\\/\\\/www.laguiadepamplona.com\\\/actualidad\\\/wp-content\\\/uploads\\\/2018\\\/11\\\/logo-laguiadepamplona18-web1.png\",\"width\":600,\"height\":196,\"caption\":\"La Gu\u00eda de Pamplona \\\/ Noticias\"},\"image\":{\"@id\":\"https:\\\/\\\/www.laguiadepamplona.com\\\/actualidad\\\/#\\\/schema\\\/logo\\\/image\\\/\"},\"sameAs\":[\"https:\\\/\\\/www.facebook.com\\\/laguiadepamplonacom-133175176762273\\\/?ref=hl\",\"https:\\\/\\\/x.com\\\/LaGuiadPamplona\",\"https:\\\/\\\/www.instagram.com\\\/la_guia_de_pamplona\\\/\",\"https:\\\/\\\/www.youtube.com\\\/user\\\/laguiadepamplona\"]},{\"@type\":\"Person\",\"@id\":\"https:\\\/\\\/www.laguiadepamplona.com\\\/actualidad\\\/#\\\/schema\\\/person\\\/efe887376f0213d4657c93adc50b1fdb\",\"name\":\"La Gu\u00eda de Pamplona\",\"image\":{\"@type\":\"ImageObject\",\"inLanguage\":\"es\",\"@id\":\"https:\\\/\\\/secure.gravatar.com\\\/avatar\\\/b6992f131dc8d30ab0dff15446e9d346d9dbd95992de0fef795073f5ea83a81c?s=96&d=mm&r=g\",\"url\":\"https:\\\/\\\/secure.gravatar.com\\\/avatar\\\/b6992f131dc8d30ab0dff15446e9d346d9dbd95992de0fef795073f5ea83a81c?s=96&d=mm&r=g\",\"contentUrl\":\"https:\\\/\\\/secure.gravatar.com\\\/avatar\\\/b6992f131dc8d30ab0dff15446e9d346d9dbd95992de0fef795073f5ea83a81c?s=96&d=mm&r=g\",\"caption\":\"La Gu\u00eda de Pamplona\"}}]}<\/script>\n<!-- \/ Yoast SEO plugin. -->","yoast_head_json":{"title":"El Festival de las Murallas llega a su final con tres propuestas que a\u00fanan t\u00e9cnicas de circo, m\u00fasica y danza de las compa\u00f1\u00edas Collectiu TQM, E.go y Vaiv\u00e9n Circo","robots":{"index":"index","follow":"follow","max-snippet":"max-snippet:-1","max-image-preview":"max-image-preview:large","max-video-preview":"max-video-preview:-1"},"canonical":"https:\/\/www.laguiadepamplona.com\/actualidad\/el-festival-de-las-murallas-llega-a-su-final-con-tres-propuestas-que-aunan-tecnicas-de-circo-musica-y-danza-de-las-companias-collectiu-tqm-e-go-y-vaiven-circo\/","og_locale":"es_ES","og_type":"article","og_title":"El Festival de las Murallas llega a su final con tres propuestas que a\u00fanan t\u00e9cnicas de circo, m\u00fasica y danza de las compa\u00f1\u00edas Collectiu TQM, E.go y Vaiv\u00e9n Circo","og_description":"Los espect\u00e1culos tienen lugar en la Ciudadela, de martes a viernes, a las 20 horas con entrada libre","og_url":"https:\/\/www.laguiadepamplona.com\/actualidad\/el-festival-de-las-murallas-llega-a-su-final-con-tres-propuestas-que-aunan-tecnicas-de-circo-musica-y-danza-de-las-companias-collectiu-tqm-e-go-y-vaiven-circo\/","og_site_name":"La Gu\u00eda de Pamplona","article_publisher":"https:\/\/www.facebook.com\/laguiadepamplonacom-133175176762273\/?ref=hl","article_published_time":"2021-08-17T14:15:10+00:00","article_modified_time":"2023-04-11T09:49:06+00:00","og_image":[{"width":870,"height":480,"url":"https:\/\/www.laguiadepamplona.com\/actualidad\/wp-content\/uploads\/2021\/08\/esencial.caos_-870x480_1.jpg","type":"image\/jpeg"}],"author":"La Gu\u00eda de Pamplona","twitter_card":"summary_large_image","twitter_creator":"@LaGuiadPamplona","twitter_site":"@LaGuiadPamplona","twitter_misc":{"Escrito por":"La Gu\u00eda de Pamplona","Tiempo de lectura":"3 minutos"},"schema":{"@context":"https:\/\/schema.org","@graph":[{"@type":"Article","@id":"https:\/\/www.laguiadepamplona.com\/actualidad\/el-festival-de-las-murallas-llega-a-su-final-con-tres-propuestas-que-aunan-tecnicas-de-circo-musica-y-danza-de-las-companias-collectiu-tqm-e-go-y-vaiven-circo\/#article","isPartOf":{"@id":"https:\/\/www.laguiadepamplona.com\/actualidad\/el-festival-de-las-murallas-llega-a-su-final-con-tres-propuestas-que-aunan-tecnicas-de-circo-musica-y-danza-de-las-companias-collectiu-tqm-e-go-y-vaiven-circo\/"},"author":{"name":"La Gu\u00eda de Pamplona","@id":"https:\/\/www.laguiadepamplona.com\/actualidad\/#\/schema\/person\/efe887376f0213d4657c93adc50b1fdb"},"headline":"El Festival de las Murallas llega a su final con tres propuestas que a\u00fanan t\u00e9cnicas de circo, m\u00fasica y danza de las compa\u00f1\u00edas Collectiu TQM, E.go y Vaiv\u00e9n Circo","datePublished":"2021-08-17T14:15:10+00:00","dateModified":"2023-04-11T09:49:06+00:00","mainEntityOfPage":{"@id":"https:\/\/www.laguiadepamplona.com\/actualidad\/el-festival-de-las-murallas-llega-a-su-final-con-tres-propuestas-que-aunan-tecnicas-de-circo-musica-y-danza-de-las-companias-collectiu-tqm-e-go-y-vaiven-circo\/"},"wordCount":694,"commentCount":0,"publisher":{"@id":"https:\/\/www.laguiadepamplona.com\/actualidad\/#organization"},"image":{"@id":"https:\/\/www.laguiadepamplona.com\/actualidad\/el-festival-de-las-murallas-llega-a-su-final-con-tres-propuestas-que-aunan-tecnicas-de-circo-musica-y-danza-de-las-companias-collectiu-tqm-e-go-y-vaiven-circo\/#primaryimage"},"thumbnailUrl":"https:\/\/www.laguiadepamplona.com\/actualidad\/wp-content\/uploads\/2021\/08\/esencial.caos_-870x480_1.jpg","articleSection":["Ayto Pamplona"],"inLanguage":"es","potentialAction":[{"@type":"CommentAction","name":"Comment","target":["https:\/\/www.laguiadepamplona.com\/actualidad\/el-festival-de-las-murallas-llega-a-su-final-con-tres-propuestas-que-aunan-tecnicas-de-circo-musica-y-danza-de-las-companias-collectiu-tqm-e-go-y-vaiven-circo\/#respond"]}]},{"@type":"WebPage","@id":"https:\/\/www.laguiadepamplona.com\/actualidad\/el-festival-de-las-murallas-llega-a-su-final-con-tres-propuestas-que-aunan-tecnicas-de-circo-musica-y-danza-de-las-companias-collectiu-tqm-e-go-y-vaiven-circo\/","url":"https:\/\/www.laguiadepamplona.com\/actualidad\/el-festival-de-las-murallas-llega-a-su-final-con-tres-propuestas-que-aunan-tecnicas-de-circo-musica-y-danza-de-las-companias-collectiu-tqm-e-go-y-vaiven-circo\/","name":"El Festival de las Murallas llega a su final con tres propuestas que a\u00fanan t\u00e9cnicas de circo, m\u00fasica y danza de las compa\u00f1\u00edas Collectiu TQM, E.go y Vaiv\u00e9n Circo","isPartOf":{"@id":"https:\/\/www.laguiadepamplona.com\/actualidad\/#website"},"primaryImageOfPage":{"@id":"https:\/\/www.laguiadepamplona.com\/actualidad\/el-festival-de-las-murallas-llega-a-su-final-con-tres-propuestas-que-aunan-tecnicas-de-circo-musica-y-danza-de-las-companias-collectiu-tqm-e-go-y-vaiven-circo\/#primaryimage"},"image":{"@id":"https:\/\/www.laguiadepamplona.com\/actualidad\/el-festival-de-las-murallas-llega-a-su-final-con-tres-propuestas-que-aunan-tecnicas-de-circo-musica-y-danza-de-las-companias-collectiu-tqm-e-go-y-vaiven-circo\/#primaryimage"},"thumbnailUrl":"https:\/\/www.laguiadepamplona.com\/actualidad\/wp-content\/uploads\/2021\/08\/esencial.caos_-870x480_1.jpg","datePublished":"2021-08-17T14:15:10+00:00","dateModified":"2023-04-11T09:49:06+00:00","breadcrumb":{"@id":"https:\/\/www.laguiadepamplona.com\/actualidad\/el-festival-de-las-murallas-llega-a-su-final-con-tres-propuestas-que-aunan-tecnicas-de-circo-musica-y-danza-de-las-companias-collectiu-tqm-e-go-y-vaiven-circo\/#breadcrumb"},"inLanguage":"es","potentialAction":[{"@type":"ReadAction","target":["https:\/\/www.laguiadepamplona.com\/actualidad\/el-festival-de-las-murallas-llega-a-su-final-con-tres-propuestas-que-aunan-tecnicas-de-circo-musica-y-danza-de-las-companias-collectiu-tqm-e-go-y-vaiven-circo\/"]}]},{"@type":"ImageObject","inLanguage":"es","@id":"https:\/\/www.laguiadepamplona.com\/actualidad\/el-festival-de-las-murallas-llega-a-su-final-con-tres-propuestas-que-aunan-tecnicas-de-circo-musica-y-danza-de-las-companias-collectiu-tqm-e-go-y-vaiven-circo\/#primaryimage","url":"https:\/\/www.laguiadepamplona.com\/actualidad\/wp-content\/uploads\/2021\/08\/esencial.caos_-870x480_1.jpg","contentUrl":"https:\/\/www.laguiadepamplona.com\/actualidad\/wp-content\/uploads\/2021\/08\/esencial.caos_-870x480_1.jpg","width":870,"height":480},{"@type":"BreadcrumbList","@id":"https:\/\/www.laguiadepamplona.com\/actualidad\/el-festival-de-las-murallas-llega-a-su-final-con-tres-propuestas-que-aunan-tecnicas-de-circo-musica-y-danza-de-las-companias-collectiu-tqm-e-go-y-vaiven-circo\/#breadcrumb","itemListElement":[{"@type":"ListItem","position":1,"name":"Portada","item":"https:\/\/www.laguiadepamplona.com\/actualidad\/"},{"@type":"ListItem","position":2,"name":"El Festival de las Murallas llega a su final con tres propuestas que a\u00fanan t\u00e9cnicas de circo, m\u00fasica y danza de las compa\u00f1\u00edas Collectiu TQM, E.go y Vaiv\u00e9n Circo"}]},{"@type":"WebSite","@id":"https:\/\/www.laguiadepamplona.com\/actualidad\/#website","url":"https:\/\/www.laguiadepamplona.com\/actualidad\/","name":"La gu\u00eda de Pamplona","description":"Noticias de Pamplona","publisher":{"@id":"https:\/\/www.laguiadepamplona.com\/actualidad\/#organization"},"potentialAction":[{"@type":"SearchAction","target":{"@type":"EntryPoint","urlTemplate":"https:\/\/www.laguiadepamplona.com\/actualidad\/?s={search_term_string}"},"query-input":{"@type":"PropertyValueSpecification","valueRequired":true,"valueName":"search_term_string"}}],"inLanguage":"es"},{"@type":"Organization","@id":"https:\/\/www.laguiadepamplona.com\/actualidad\/#organization","name":"La Gu\u00eda de Pamplona \/ Noticias","url":"https:\/\/www.laguiadepamplona.com\/actualidad\/","logo":{"@type":"ImageObject","inLanguage":"es","@id":"https:\/\/www.laguiadepamplona.com\/actualidad\/#\/schema\/logo\/image\/","url":"https:\/\/www.laguiadepamplona.com\/actualidad\/wp-content\/uploads\/2018\/11\/logo-laguiadepamplona18-web1.png","contentUrl":"https:\/\/www.laguiadepamplona.com\/actualidad\/wp-content\/uploads\/2018\/11\/logo-laguiadepamplona18-web1.png","width":600,"height":196,"caption":"La Gu\u00eda de Pamplona \/ Noticias"},"image":{"@id":"https:\/\/www.laguiadepamplona.com\/actualidad\/#\/schema\/logo\/image\/"},"sameAs":["https:\/\/www.facebook.com\/laguiadepamplonacom-133175176762273\/?ref=hl","https:\/\/x.com\/LaGuiadPamplona","https:\/\/www.instagram.com\/la_guia_de_pamplona\/","https:\/\/www.youtube.com\/user\/laguiadepamplona"]},{"@type":"Person","@id":"https:\/\/www.laguiadepamplona.com\/actualidad\/#\/schema\/person\/efe887376f0213d4657c93adc50b1fdb","name":"La Gu\u00eda de Pamplona","image":{"@type":"ImageObject","inLanguage":"es","@id":"https:\/\/secure.gravatar.com\/avatar\/b6992f131dc8d30ab0dff15446e9d346d9dbd95992de0fef795073f5ea83a81c?s=96&d=mm&r=g","url":"https:\/\/secure.gravatar.com\/avatar\/b6992f131dc8d30ab0dff15446e9d346d9dbd95992de0fef795073f5ea83a81c?s=96&d=mm&r=g","contentUrl":"https:\/\/secure.gravatar.com\/avatar\/b6992f131dc8d30ab0dff15446e9d346d9dbd95992de0fef795073f5ea83a81c?s=96&d=mm&r=g","caption":"La Gu\u00eda de Pamplona"}}]}},"post_mailing_queue_ids":[],"_links":{"self":[{"href":"https:\/\/www.laguiadepamplona.com\/actualidad\/wp-json\/wp\/v2\/posts\/36228","targetHints":{"allow":["GET"]}}],"collection":[{"href":"https:\/\/www.laguiadepamplona.com\/actualidad\/wp-json\/wp\/v2\/posts"}],"about":[{"href":"https:\/\/www.laguiadepamplona.com\/actualidad\/wp-json\/wp\/v2\/types\/post"}],"author":[{"embeddable":true,"href":"https:\/\/www.laguiadepamplona.com\/actualidad\/wp-json\/wp\/v2\/users\/1"}],"replies":[{"embeddable":true,"href":"https:\/\/www.laguiadepamplona.com\/actualidad\/wp-json\/wp\/v2\/comments?post=36228"}],"version-history":[{"count":0,"href":"https:\/\/www.laguiadepamplona.com\/actualidad\/wp-json\/wp\/v2\/posts\/36228\/revisions"}],"wp:featuredmedia":[{"embeddable":true,"href":"https:\/\/www.laguiadepamplona.com\/actualidad\/wp-json\/wp\/v2\/media\/36229"}],"wp:attachment":[{"href":"https:\/\/www.laguiadepamplona.com\/actualidad\/wp-json\/wp\/v2\/media?parent=36228"}],"wp:term":[{"taxonomy":"category","embeddable":true,"href":"https:\/\/www.laguiadepamplona.com\/actualidad\/wp-json\/wp\/v2\/categories?post=36228"},{"taxonomy":"post_tag","embeddable":true,"href":"https:\/\/www.laguiadepamplona.com\/actualidad\/wp-json\/wp\/v2\/tags?post=36228"}],"curies":[{"name":"wp","href":"https:\/\/api.w.org\/{rel}","templated":true}]}}