{"id":36217,"date":"2021-08-16T13:55:12","date_gmt":"2021-08-16T11:55:12","guid":{"rendered":"https:\/\/www.laguiadepamplona.com\/actualidad\/?p=36217"},"modified":"2023-04-11T11:49:06","modified_gmt":"2023-04-11T09:49:06","slug":"el-rock-y-el-rockabilly-de-lobos-negros-llega-este-martes-a-la-taconera-de-la-mano-de-las-salas-de-musica-y-la-salsa-el-viernes-a-la-media-luna-con-goxuan-salsa","status":"publish","type":"post","link":"https:\/\/www.laguiadepamplona.com\/actualidad\/el-rock-y-el-rockabilly-de-lobos-negros-llega-este-martes-a-la-taconera-de-la-mano-de-las-salas-de-musica-y-la-salsa-el-viernes-a-la-media-luna-con-goxuan-salsa\/","title":{"rendered":"El rock y el rockabilly de Lobos Negros llega este martes a la Taconera de la mano de las \u2018Salas de M\u00fasica\u2019 y la salsa el viernes a la Media Luna con Goxuan Salsa"},"content":{"rendered":"<h5>Entre los conciertos de esta semana de \u2018Viva Pamplona viva\u2019 tambi\u00e9n se encuentra el de la Banda de M\u00fasica de Ler\u00edn el domingo en la Ciudadela<\/h5>\n<p><!--more--><\/p>\n<p>Un concierto con el grupo rockabilly Lobos Negros es la propuesta semanal de las \u2018Salas de M\u00fasica\u2019 para este martes, 17 de agosto. La actuaci\u00f3n tendr\u00e1 lugar en el parque de la Taconera a las 20 horas. Entre las propuestas musicales de esta semana del programa municipal \u2018Viva Pamplona viva\u2019 tambi\u00e9n se encuentran la de salsa de Goxuan Salsa el viernes en el parque de la Media Luna y la de la Banda de M\u00fasica de Ler\u00edn el domingo en la Ciudadela.<\/p>\n<p>Los tres conciertos tienen entrada gratuita hasta completar aforo. Teniendo en cuenta las normas de la situaci\u00f3n sanitaria actual, en todos los casos es obligatorio el uso de mascarilla. Se aconseja estar en el lugar desde media hora antes del comienzo, para acceder de forma ordenada al espacio donde se desarrolle la actividad.<\/p>\n<p><script async src=\"\/\/pagead2.googlesyndication.com\/pagead\/js\/adsbygoogle.js\"><\/script><br \/>\n<!-- Noticias La Guia de Pamplona --><br \/>\n<ins class=\"adsbygoogle\"\nstyle=\"display:block\"\ndata-ad-client=\"ca-pub-6943679897239327\"\ndata-ad-slot=\"7048180777\"\ndata-ad-format=\"auto\"><\/ins><br \/>\n<script>\n(adsbygoogle = window.adsbygoogle || []).push({});\n<\/script><\/p>\n<p><strong>M\u00e1s de 35 a\u00f1os en la m\u00fasica y 17 discos publicados<\/strong><\/p>\n<p>Surgidos en Talavera de la Reina (Toledo), <strong>Lobos Negros<\/strong> llevan m\u00e1s de treinta y cinco a\u00f1os en la m\u00fasica. Han publicado 17 discos desde que se estrenaron en el Rock-Ola, centro de la \u2018Movida madrile\u00f1a\u2019, con canciones influidas por artistas como Chuck Berry, Little Richards o Elvis Presley. Capitaneados por el guitarrista y cantante Luis Martin Gil, Lobos Negros son uno de los grupos pioneros de la m\u00fasica rockabilly en Espa\u00f1a.<\/p>\n<p><strong>El concierto de ma\u00f1ana martes est\u00e1 apadrinado por el bar Toki Leza<\/strong> de la calle Calderer\u00eda. <strong>Se <\/strong>encuadra en las 13 actuaciones al aire libre organizadas por el Ayuntamiento en varias plazas de la ciudad para apoyar el circuito que suelen organizar salas de peque\u00f1o y gran aforo de la ciudad. El resto de salas que participan son <strong>Zentral, Terminal, Subsuelo, Infernu, Garazi, Akelarre, Krawill, Cavas, Toki Leza, Txintxarri, Rockcollection, Nebula y Katakrak. <\/strong><\/p>\n<p>El ciclo est\u00e1 dirigido a todo tipo de p\u00fablico ya que los estilos de los grupos son variados, desde rock &amp; roll a folk rock, pasando por hard rock, reggae fusion, punk, heavy metal, pop shoegaze, rockabilly, indie pop, soul o cumbia electr\u00f3nica. Los pr\u00f3ximos conciertos estar\u00e1n protagonizados por <strong>Rio Arga, Gregario de Luxe, Jon Ulecia &amp; Cantina Bizarro y Guarimba<\/strong>.<\/p>\n<p><script async src=\"\/\/pagead2.googlesyndication.com\/pagead\/js\/adsbygoogle.js\"><\/script><br \/>\n<!-- Noticias La Guia de Pamplona --><br \/>\n<ins class=\"adsbygoogle\"\nstyle=\"display:block\"\ndata-ad-client=\"ca-pub-6943679897239327\"\ndata-ad-slot=\"7048180777\"\ndata-ad-format=\"auto\"><\/ins><br \/>\n<script>\n(adsbygoogle = window.adsbygoogle || []).push({});\n<\/script><\/p>\n<p><strong>Salsa de Pamplona con m\u00fasicos navarros, colombianos y cubanos<\/strong><\/p>\n<p><strong>Goxuan Salsa es un <\/strong>grupo salsero de Pamplona compuesto por m\u00fasicos navarros, colombianos y cubanos. Naci\u00f3 con la idea de desarrollar un concepto nuevo que no exist\u00eda en la ciudad, salsa y m\u00fasica latina para cubrir un espacio musical vac\u00edo y generar conexiones interculturales. Subir\u00e1n al escenario del parque de la Media Luna el viernes d\u00eda 20 a las 20 horas.<\/p>\n<p>La actuaci\u00f3n se incluye en el festival \u2018Enklaves\u2019 que busca visibilizar espacios de la ciudad \u00fanicos. Ofrece en total seis propuestas musicales locales de diversos estilos y formatos para mostrar la diversidad de la ciudad. Los escenarios son el parque de la Taconera, el front\u00f3n Jito Alai, el puente de San Pedro, el parque de la Media Luna, la vuelta del Castillo y la plaza de la Virgen de la O. Las \u00faltimas propuestas llegar\u00e1n las dos pr\u00f3ximas semanas con Zuberoa Azn\u00e1rez y Kokoshca.<\/p>\n<p>Para finalizar la semana, el domingo d\u00eda 22, la Banda de M\u00fasica de Ler\u00edn ofrecer\u00e1 un concierto en la Ciudadela a las 19.30 horas. Del<strong> 2 de julio al 5 de septiembre, diferentes bandas de m\u00fasica de la geograf\u00eda navarras est\u00e1n actuando en el recinto amurallado. En concreto, son <\/strong>las de Azagra, Aoiz, Zizur Mayor, Elizondo, Peralta, Garinoain, Ler\u00edn y Fitero. El ciclo lo cerrar\u00e1 el 5 de septiembre la formaci\u00f3n de Fitero.<\/p>\n","protected":false},"excerpt":{"rendered":"<p>Entre los conciertos de esta semana de \u2018Viva Pamplona viva\u2019 tambi\u00e9n se encuentra el de la Banda de M\u00fasica de Ler\u00edn el domingo en la Ciudadela<\/p>\n","protected":false},"author":1,"featured_media":36218,"comment_status":"open","ping_status":"closed","sticky":false,"template":"","format":"standard","meta":{"footnotes":""},"categories":[2],"tags":[],"class_list":["post-36217","post","type-post","status-publish","format-standard","has-post-thumbnail","hentry","category-ayuntamiento-pamplona"],"yoast_head":"<!-- This site is optimized with the Yoast SEO plugin v27.5 - https:\/\/yoast.com\/product\/yoast-seo-wordpress\/ -->\n<title>El rock y el rockabilly de Lobos Negros llega este martes a la Taconera de la mano de las \u2018Salas de M\u00fasica\u2019 y la salsa el viernes a la Media Luna con Goxuan Salsa<\/title>\n<meta name=\"description\" content=\"Entre los conciertos de esta semana de \u2018Viva Pamplona viva\u2019 tambi\u00e9n se encuentra el de la Banda de M\u00fasica de Ler\u00edn el domingo en la Ciudadela\" \/>\n<meta name=\"robots\" content=\"index, follow, max-snippet:-1, max-image-preview:large, max-video-preview:-1\" \/>\n<link rel=\"canonical\" href=\"https:\/\/www.laguiadepamplona.com\/actualidad\/el-rock-y-el-rockabilly-de-lobos-negros-llega-este-martes-a-la-taconera-de-la-mano-de-las-salas-de-musica-y-la-salsa-el-viernes-a-la-media-luna-con-goxuan-salsa\/\" \/>\n<meta property=\"og:locale\" content=\"es_ES\" \/>\n<meta property=\"og:type\" content=\"article\" \/>\n<meta property=\"og:title\" content=\"El rock y el rockabilly de Lobos Negros llega este martes a la Taconera de la mano de las \u2018Salas de M\u00fasica\u2019 y la salsa el viernes a la Media Luna con Goxuan Salsa\" \/>\n<meta property=\"og:description\" content=\"Entre los conciertos de esta semana de \u2018Viva Pamplona viva\u2019 tambi\u00e9n se encuentra el de la Banda de M\u00fasica de Ler\u00edn el domingo en la Ciudadela\" \/>\n<meta property=\"og:url\" content=\"https:\/\/www.laguiadepamplona.com\/actualidad\/el-rock-y-el-rockabilly-de-lobos-negros-llega-este-martes-a-la-taconera-de-la-mano-de-las-salas-de-musica-y-la-salsa-el-viernes-a-la-media-luna-con-goxuan-salsa\/\" \/>\n<meta property=\"og:site_name\" content=\"La Gu\u00eda de Pamplona\" \/>\n<meta property=\"article:publisher\" content=\"https:\/\/www.facebook.com\/laguiadepamplonacom-133175176762273\/?ref=hl\" \/>\n<meta property=\"article:published_time\" content=\"2021-08-16T11:55:12+00:00\" \/>\n<meta property=\"article:modified_time\" content=\"2023-04-11T09:49:06+00:00\" \/>\n<meta property=\"og:image\" content=\"https:\/\/www.laguiadepamplona.com\/actualidad\/wp-content\/uploads\/2021\/08\/lobos-negros_web-1024x565_0.jpg\" \/>\n\t<meta property=\"og:image:width\" content=\"1024\" \/>\n\t<meta property=\"og:image:height\" content=\"565\" \/>\n\t<meta property=\"og:image:type\" content=\"image\/jpeg\" \/>\n<meta name=\"author\" content=\"La Gu\u00eda de Pamplona\" \/>\n<meta name=\"twitter:card\" content=\"summary_large_image\" \/>\n<meta name=\"twitter:creator\" content=\"@LaGuiadPamplona\" \/>\n<meta name=\"twitter:site\" content=\"@LaGuiadPamplona\" \/>\n<meta name=\"twitter:label1\" content=\"Escrito por\" \/>\n\t<meta name=\"twitter:data1\" content=\"La Gu\u00eda de Pamplona\" \/>\n\t<meta name=\"twitter:label2\" content=\"Tiempo de lectura\" \/>\n\t<meta name=\"twitter:data2\" content=\"3 minutos\" \/>\n<script type=\"application\/ld+json\" class=\"yoast-schema-graph\">{\"@context\":\"https:\\\/\\\/schema.org\",\"@graph\":[{\"@type\":\"Article\",\"@id\":\"https:\\\/\\\/www.laguiadepamplona.com\\\/actualidad\\\/el-rock-y-el-rockabilly-de-lobos-negros-llega-este-martes-a-la-taconera-de-la-mano-de-las-salas-de-musica-y-la-salsa-el-viernes-a-la-media-luna-con-goxuan-salsa\\\/#article\",\"isPartOf\":{\"@id\":\"https:\\\/\\\/www.laguiadepamplona.com\\\/actualidad\\\/el-rock-y-el-rockabilly-de-lobos-negros-llega-este-martes-a-la-taconera-de-la-mano-de-las-salas-de-musica-y-la-salsa-el-viernes-a-la-media-luna-con-goxuan-salsa\\\/\"},\"author\":{\"name\":\"La Gu\u00eda de Pamplona\",\"@id\":\"https:\\\/\\\/www.laguiadepamplona.com\\\/actualidad\\\/#\\\/schema\\\/person\\\/efe887376f0213d4657c93adc50b1fdb\"},\"headline\":\"El rock y el rockabilly de Lobos Negros llega este martes a la Taconera de la mano de las \u2018Salas de M\u00fasica\u2019 y la salsa el viernes a la Media Luna con Goxuan Salsa\",\"datePublished\":\"2021-08-16T11:55:12+00:00\",\"dateModified\":\"2023-04-11T09:49:06+00:00\",\"mainEntityOfPage\":{\"@id\":\"https:\\\/\\\/www.laguiadepamplona.com\\\/actualidad\\\/el-rock-y-el-rockabilly-de-lobos-negros-llega-este-martes-a-la-taconera-de-la-mano-de-las-salas-de-musica-y-la-salsa-el-viernes-a-la-media-luna-con-goxuan-salsa\\\/\"},\"wordCount\":671,\"commentCount\":0,\"publisher\":{\"@id\":\"https:\\\/\\\/www.laguiadepamplona.com\\\/actualidad\\\/#organization\"},\"image\":{\"@id\":\"https:\\\/\\\/www.laguiadepamplona.com\\\/actualidad\\\/el-rock-y-el-rockabilly-de-lobos-negros-llega-este-martes-a-la-taconera-de-la-mano-de-las-salas-de-musica-y-la-salsa-el-viernes-a-la-media-luna-con-goxuan-salsa\\\/#primaryimage\"},\"thumbnailUrl\":\"https:\\\/\\\/www.laguiadepamplona.com\\\/actualidad\\\/wp-content\\\/uploads\\\/2021\\\/08\\\/lobos-negros_web-1024x565_0.jpg\",\"articleSection\":[\"Ayto Pamplona\"],\"inLanguage\":\"es\",\"potentialAction\":[{\"@type\":\"CommentAction\",\"name\":\"Comment\",\"target\":[\"https:\\\/\\\/www.laguiadepamplona.com\\\/actualidad\\\/el-rock-y-el-rockabilly-de-lobos-negros-llega-este-martes-a-la-taconera-de-la-mano-de-las-salas-de-musica-y-la-salsa-el-viernes-a-la-media-luna-con-goxuan-salsa\\\/#respond\"]}]},{\"@type\":\"WebPage\",\"@id\":\"https:\\\/\\\/www.laguiadepamplona.com\\\/actualidad\\\/el-rock-y-el-rockabilly-de-lobos-negros-llega-este-martes-a-la-taconera-de-la-mano-de-las-salas-de-musica-y-la-salsa-el-viernes-a-la-media-luna-con-goxuan-salsa\\\/\",\"url\":\"https:\\\/\\\/www.laguiadepamplona.com\\\/actualidad\\\/el-rock-y-el-rockabilly-de-lobos-negros-llega-este-martes-a-la-taconera-de-la-mano-de-las-salas-de-musica-y-la-salsa-el-viernes-a-la-media-luna-con-goxuan-salsa\\\/\",\"name\":\"El rock y el rockabilly de Lobos Negros llega este martes a la Taconera de la mano de las \u2018Salas de M\u00fasica\u2019 y la salsa el viernes a la Media Luna con Goxuan Salsa\",\"isPartOf\":{\"@id\":\"https:\\\/\\\/www.laguiadepamplona.com\\\/actualidad\\\/#website\"},\"primaryImageOfPage\":{\"@id\":\"https:\\\/\\\/www.laguiadepamplona.com\\\/actualidad\\\/el-rock-y-el-rockabilly-de-lobos-negros-llega-este-martes-a-la-taconera-de-la-mano-de-las-salas-de-musica-y-la-salsa-el-viernes-a-la-media-luna-con-goxuan-salsa\\\/#primaryimage\"},\"image\":{\"@id\":\"https:\\\/\\\/www.laguiadepamplona.com\\\/actualidad\\\/el-rock-y-el-rockabilly-de-lobos-negros-llega-este-martes-a-la-taconera-de-la-mano-de-las-salas-de-musica-y-la-salsa-el-viernes-a-la-media-luna-con-goxuan-salsa\\\/#primaryimage\"},\"thumbnailUrl\":\"https:\\\/\\\/www.laguiadepamplona.com\\\/actualidad\\\/wp-content\\\/uploads\\\/2021\\\/08\\\/lobos-negros_web-1024x565_0.jpg\",\"datePublished\":\"2021-08-16T11:55:12+00:00\",\"dateModified\":\"2023-04-11T09:49:06+00:00\",\"description\":\"Entre los conciertos de esta semana de \u2018Viva Pamplona viva\u2019 tambi\u00e9n se encuentra el de la Banda de M\u00fasica de Ler\u00edn el domingo en la Ciudadela\",\"breadcrumb\":{\"@id\":\"https:\\\/\\\/www.laguiadepamplona.com\\\/actualidad\\\/el-rock-y-el-rockabilly-de-lobos-negros-llega-este-martes-a-la-taconera-de-la-mano-de-las-salas-de-musica-y-la-salsa-el-viernes-a-la-media-luna-con-goxuan-salsa\\\/#breadcrumb\"},\"inLanguage\":\"es\",\"potentialAction\":[{\"@type\":\"ReadAction\",\"target\":[\"https:\\\/\\\/www.laguiadepamplona.com\\\/actualidad\\\/el-rock-y-el-rockabilly-de-lobos-negros-llega-este-martes-a-la-taconera-de-la-mano-de-las-salas-de-musica-y-la-salsa-el-viernes-a-la-media-luna-con-goxuan-salsa\\\/\"]}]},{\"@type\":\"ImageObject\",\"inLanguage\":\"es\",\"@id\":\"https:\\\/\\\/www.laguiadepamplona.com\\\/actualidad\\\/el-rock-y-el-rockabilly-de-lobos-negros-llega-este-martes-a-la-taconera-de-la-mano-de-las-salas-de-musica-y-la-salsa-el-viernes-a-la-media-luna-con-goxuan-salsa\\\/#primaryimage\",\"url\":\"https:\\\/\\\/www.laguiadepamplona.com\\\/actualidad\\\/wp-content\\\/uploads\\\/2021\\\/08\\\/lobos-negros_web-1024x565_0.jpg\",\"contentUrl\":\"https:\\\/\\\/www.laguiadepamplona.com\\\/actualidad\\\/wp-content\\\/uploads\\\/2021\\\/08\\\/lobos-negros_web-1024x565_0.jpg\",\"width\":1024,\"height\":565},{\"@type\":\"BreadcrumbList\",\"@id\":\"https:\\\/\\\/www.laguiadepamplona.com\\\/actualidad\\\/el-rock-y-el-rockabilly-de-lobos-negros-llega-este-martes-a-la-taconera-de-la-mano-de-las-salas-de-musica-y-la-salsa-el-viernes-a-la-media-luna-con-goxuan-salsa\\\/#breadcrumb\",\"itemListElement\":[{\"@type\":\"ListItem\",\"position\":1,\"name\":\"Portada\",\"item\":\"https:\\\/\\\/www.laguiadepamplona.com\\\/actualidad\\\/\"},{\"@type\":\"ListItem\",\"position\":2,\"name\":\"El rock y el rockabilly de Lobos Negros llega este martes a la Taconera de la mano de las \u2018Salas de M\u00fasica\u2019 y la salsa el viernes a la Media Luna con Goxuan Salsa\"}]},{\"@type\":\"WebSite\",\"@id\":\"https:\\\/\\\/www.laguiadepamplona.com\\\/actualidad\\\/#website\",\"url\":\"https:\\\/\\\/www.laguiadepamplona.com\\\/actualidad\\\/\",\"name\":\"La gu\u00eda de Pamplona\",\"description\":\"Noticias de Pamplona\",\"publisher\":{\"@id\":\"https:\\\/\\\/www.laguiadepamplona.com\\\/actualidad\\\/#organization\"},\"potentialAction\":[{\"@type\":\"SearchAction\",\"target\":{\"@type\":\"EntryPoint\",\"urlTemplate\":\"https:\\\/\\\/www.laguiadepamplona.com\\\/actualidad\\\/?s={search_term_string}\"},\"query-input\":{\"@type\":\"PropertyValueSpecification\",\"valueRequired\":true,\"valueName\":\"search_term_string\"}}],\"inLanguage\":\"es\"},{\"@type\":\"Organization\",\"@id\":\"https:\\\/\\\/www.laguiadepamplona.com\\\/actualidad\\\/#organization\",\"name\":\"La Gu\u00eda de Pamplona \\\/ Noticias\",\"url\":\"https:\\\/\\\/www.laguiadepamplona.com\\\/actualidad\\\/\",\"logo\":{\"@type\":\"ImageObject\",\"inLanguage\":\"es\",\"@id\":\"https:\\\/\\\/www.laguiadepamplona.com\\\/actualidad\\\/#\\\/schema\\\/logo\\\/image\\\/\",\"url\":\"https:\\\/\\\/www.laguiadepamplona.com\\\/actualidad\\\/wp-content\\\/uploads\\\/2018\\\/11\\\/logo-laguiadepamplona18-web1.png\",\"contentUrl\":\"https:\\\/\\\/www.laguiadepamplona.com\\\/actualidad\\\/wp-content\\\/uploads\\\/2018\\\/11\\\/logo-laguiadepamplona18-web1.png\",\"width\":600,\"height\":196,\"caption\":\"La Gu\u00eda de Pamplona \\\/ Noticias\"},\"image\":{\"@id\":\"https:\\\/\\\/www.laguiadepamplona.com\\\/actualidad\\\/#\\\/schema\\\/logo\\\/image\\\/\"},\"sameAs\":[\"https:\\\/\\\/www.facebook.com\\\/laguiadepamplonacom-133175176762273\\\/?ref=hl\",\"https:\\\/\\\/x.com\\\/LaGuiadPamplona\",\"https:\\\/\\\/www.instagram.com\\\/la_guia_de_pamplona\\\/\",\"https:\\\/\\\/www.youtube.com\\\/user\\\/laguiadepamplona\"]},{\"@type\":\"Person\",\"@id\":\"https:\\\/\\\/www.laguiadepamplona.com\\\/actualidad\\\/#\\\/schema\\\/person\\\/efe887376f0213d4657c93adc50b1fdb\",\"name\":\"La Gu\u00eda de Pamplona\",\"image\":{\"@type\":\"ImageObject\",\"inLanguage\":\"es\",\"@id\":\"https:\\\/\\\/secure.gravatar.com\\\/avatar\\\/b6992f131dc8d30ab0dff15446e9d346d9dbd95992de0fef795073f5ea83a81c?s=96&d=mm&r=g\",\"url\":\"https:\\\/\\\/secure.gravatar.com\\\/avatar\\\/b6992f131dc8d30ab0dff15446e9d346d9dbd95992de0fef795073f5ea83a81c?s=96&d=mm&r=g\",\"contentUrl\":\"https:\\\/\\\/secure.gravatar.com\\\/avatar\\\/b6992f131dc8d30ab0dff15446e9d346d9dbd95992de0fef795073f5ea83a81c?s=96&d=mm&r=g\",\"caption\":\"La Gu\u00eda de Pamplona\"}}]}<\/script>\n<!-- \/ Yoast SEO plugin. -->","yoast_head_json":{"title":"El rock y el rockabilly de Lobos Negros llega este martes a la Taconera de la mano de las \u2018Salas de M\u00fasica\u2019 y la salsa el viernes a la Media Luna con Goxuan Salsa","description":"Entre los conciertos de esta semana de \u2018Viva Pamplona viva\u2019 tambi\u00e9n se encuentra el de la Banda de M\u00fasica de Ler\u00edn el domingo en la Ciudadela","robots":{"index":"index","follow":"follow","max-snippet":"max-snippet:-1","max-image-preview":"max-image-preview:large","max-video-preview":"max-video-preview:-1"},"canonical":"https:\/\/www.laguiadepamplona.com\/actualidad\/el-rock-y-el-rockabilly-de-lobos-negros-llega-este-martes-a-la-taconera-de-la-mano-de-las-salas-de-musica-y-la-salsa-el-viernes-a-la-media-luna-con-goxuan-salsa\/","og_locale":"es_ES","og_type":"article","og_title":"El rock y el rockabilly de Lobos Negros llega este martes a la Taconera de la mano de las \u2018Salas de M\u00fasica\u2019 y la salsa el viernes a la Media Luna con Goxuan Salsa","og_description":"Entre los conciertos de esta semana de \u2018Viva Pamplona viva\u2019 tambi\u00e9n se encuentra el de la Banda de M\u00fasica de Ler\u00edn el domingo en la Ciudadela","og_url":"https:\/\/www.laguiadepamplona.com\/actualidad\/el-rock-y-el-rockabilly-de-lobos-negros-llega-este-martes-a-la-taconera-de-la-mano-de-las-salas-de-musica-y-la-salsa-el-viernes-a-la-media-luna-con-goxuan-salsa\/","og_site_name":"La Gu\u00eda de Pamplona","article_publisher":"https:\/\/www.facebook.com\/laguiadepamplonacom-133175176762273\/?ref=hl","article_published_time":"2021-08-16T11:55:12+00:00","article_modified_time":"2023-04-11T09:49:06+00:00","og_image":[{"width":1024,"height":565,"url":"https:\/\/www.laguiadepamplona.com\/actualidad\/wp-content\/uploads\/2021\/08\/lobos-negros_web-1024x565_0.jpg","type":"image\/jpeg"}],"author":"La Gu\u00eda de Pamplona","twitter_card":"summary_large_image","twitter_creator":"@LaGuiadPamplona","twitter_site":"@LaGuiadPamplona","twitter_misc":{"Escrito por":"La Gu\u00eda de Pamplona","Tiempo de lectura":"3 minutos"},"schema":{"@context":"https:\/\/schema.org","@graph":[{"@type":"Article","@id":"https:\/\/www.laguiadepamplona.com\/actualidad\/el-rock-y-el-rockabilly-de-lobos-negros-llega-este-martes-a-la-taconera-de-la-mano-de-las-salas-de-musica-y-la-salsa-el-viernes-a-la-media-luna-con-goxuan-salsa\/#article","isPartOf":{"@id":"https:\/\/www.laguiadepamplona.com\/actualidad\/el-rock-y-el-rockabilly-de-lobos-negros-llega-este-martes-a-la-taconera-de-la-mano-de-las-salas-de-musica-y-la-salsa-el-viernes-a-la-media-luna-con-goxuan-salsa\/"},"author":{"name":"La Gu\u00eda de Pamplona","@id":"https:\/\/www.laguiadepamplona.com\/actualidad\/#\/schema\/person\/efe887376f0213d4657c93adc50b1fdb"},"headline":"El rock y el rockabilly de Lobos Negros llega este martes a la Taconera de la mano de las \u2018Salas de M\u00fasica\u2019 y la salsa el viernes a la Media Luna con Goxuan Salsa","datePublished":"2021-08-16T11:55:12+00:00","dateModified":"2023-04-11T09:49:06+00:00","mainEntityOfPage":{"@id":"https:\/\/www.laguiadepamplona.com\/actualidad\/el-rock-y-el-rockabilly-de-lobos-negros-llega-este-martes-a-la-taconera-de-la-mano-de-las-salas-de-musica-y-la-salsa-el-viernes-a-la-media-luna-con-goxuan-salsa\/"},"wordCount":671,"commentCount":0,"publisher":{"@id":"https:\/\/www.laguiadepamplona.com\/actualidad\/#organization"},"image":{"@id":"https:\/\/www.laguiadepamplona.com\/actualidad\/el-rock-y-el-rockabilly-de-lobos-negros-llega-este-martes-a-la-taconera-de-la-mano-de-las-salas-de-musica-y-la-salsa-el-viernes-a-la-media-luna-con-goxuan-salsa\/#primaryimage"},"thumbnailUrl":"https:\/\/www.laguiadepamplona.com\/actualidad\/wp-content\/uploads\/2021\/08\/lobos-negros_web-1024x565_0.jpg","articleSection":["Ayto Pamplona"],"inLanguage":"es","potentialAction":[{"@type":"CommentAction","name":"Comment","target":["https:\/\/www.laguiadepamplona.com\/actualidad\/el-rock-y-el-rockabilly-de-lobos-negros-llega-este-martes-a-la-taconera-de-la-mano-de-las-salas-de-musica-y-la-salsa-el-viernes-a-la-media-luna-con-goxuan-salsa\/#respond"]}]},{"@type":"WebPage","@id":"https:\/\/www.laguiadepamplona.com\/actualidad\/el-rock-y-el-rockabilly-de-lobos-negros-llega-este-martes-a-la-taconera-de-la-mano-de-las-salas-de-musica-y-la-salsa-el-viernes-a-la-media-luna-con-goxuan-salsa\/","url":"https:\/\/www.laguiadepamplona.com\/actualidad\/el-rock-y-el-rockabilly-de-lobos-negros-llega-este-martes-a-la-taconera-de-la-mano-de-las-salas-de-musica-y-la-salsa-el-viernes-a-la-media-luna-con-goxuan-salsa\/","name":"El rock y el rockabilly de Lobos Negros llega este martes a la Taconera de la mano de las \u2018Salas de M\u00fasica\u2019 y la salsa el viernes a la Media Luna con Goxuan Salsa","isPartOf":{"@id":"https:\/\/www.laguiadepamplona.com\/actualidad\/#website"},"primaryImageOfPage":{"@id":"https:\/\/www.laguiadepamplona.com\/actualidad\/el-rock-y-el-rockabilly-de-lobos-negros-llega-este-martes-a-la-taconera-de-la-mano-de-las-salas-de-musica-y-la-salsa-el-viernes-a-la-media-luna-con-goxuan-salsa\/#primaryimage"},"image":{"@id":"https:\/\/www.laguiadepamplona.com\/actualidad\/el-rock-y-el-rockabilly-de-lobos-negros-llega-este-martes-a-la-taconera-de-la-mano-de-las-salas-de-musica-y-la-salsa-el-viernes-a-la-media-luna-con-goxuan-salsa\/#primaryimage"},"thumbnailUrl":"https:\/\/www.laguiadepamplona.com\/actualidad\/wp-content\/uploads\/2021\/08\/lobos-negros_web-1024x565_0.jpg","datePublished":"2021-08-16T11:55:12+00:00","dateModified":"2023-04-11T09:49:06+00:00","description":"Entre los conciertos de esta semana de \u2018Viva Pamplona viva\u2019 tambi\u00e9n se encuentra el de la Banda de M\u00fasica de Ler\u00edn el domingo en la Ciudadela","breadcrumb":{"@id":"https:\/\/www.laguiadepamplona.com\/actualidad\/el-rock-y-el-rockabilly-de-lobos-negros-llega-este-martes-a-la-taconera-de-la-mano-de-las-salas-de-musica-y-la-salsa-el-viernes-a-la-media-luna-con-goxuan-salsa\/#breadcrumb"},"inLanguage":"es","potentialAction":[{"@type":"ReadAction","target":["https:\/\/www.laguiadepamplona.com\/actualidad\/el-rock-y-el-rockabilly-de-lobos-negros-llega-este-martes-a-la-taconera-de-la-mano-de-las-salas-de-musica-y-la-salsa-el-viernes-a-la-media-luna-con-goxuan-salsa\/"]}]},{"@type":"ImageObject","inLanguage":"es","@id":"https:\/\/www.laguiadepamplona.com\/actualidad\/el-rock-y-el-rockabilly-de-lobos-negros-llega-este-martes-a-la-taconera-de-la-mano-de-las-salas-de-musica-y-la-salsa-el-viernes-a-la-media-luna-con-goxuan-salsa\/#primaryimage","url":"https:\/\/www.laguiadepamplona.com\/actualidad\/wp-content\/uploads\/2021\/08\/lobos-negros_web-1024x565_0.jpg","contentUrl":"https:\/\/www.laguiadepamplona.com\/actualidad\/wp-content\/uploads\/2021\/08\/lobos-negros_web-1024x565_0.jpg","width":1024,"height":565},{"@type":"BreadcrumbList","@id":"https:\/\/www.laguiadepamplona.com\/actualidad\/el-rock-y-el-rockabilly-de-lobos-negros-llega-este-martes-a-la-taconera-de-la-mano-de-las-salas-de-musica-y-la-salsa-el-viernes-a-la-media-luna-con-goxuan-salsa\/#breadcrumb","itemListElement":[{"@type":"ListItem","position":1,"name":"Portada","item":"https:\/\/www.laguiadepamplona.com\/actualidad\/"},{"@type":"ListItem","position":2,"name":"El rock y el rockabilly de Lobos Negros llega este martes a la Taconera de la mano de las \u2018Salas de M\u00fasica\u2019 y la salsa el viernes a la Media Luna con Goxuan Salsa"}]},{"@type":"WebSite","@id":"https:\/\/www.laguiadepamplona.com\/actualidad\/#website","url":"https:\/\/www.laguiadepamplona.com\/actualidad\/","name":"La gu\u00eda de Pamplona","description":"Noticias de Pamplona","publisher":{"@id":"https:\/\/www.laguiadepamplona.com\/actualidad\/#organization"},"potentialAction":[{"@type":"SearchAction","target":{"@type":"EntryPoint","urlTemplate":"https:\/\/www.laguiadepamplona.com\/actualidad\/?s={search_term_string}"},"query-input":{"@type":"PropertyValueSpecification","valueRequired":true,"valueName":"search_term_string"}}],"inLanguage":"es"},{"@type":"Organization","@id":"https:\/\/www.laguiadepamplona.com\/actualidad\/#organization","name":"La Gu\u00eda de Pamplona \/ Noticias","url":"https:\/\/www.laguiadepamplona.com\/actualidad\/","logo":{"@type":"ImageObject","inLanguage":"es","@id":"https:\/\/www.laguiadepamplona.com\/actualidad\/#\/schema\/logo\/image\/","url":"https:\/\/www.laguiadepamplona.com\/actualidad\/wp-content\/uploads\/2018\/11\/logo-laguiadepamplona18-web1.png","contentUrl":"https:\/\/www.laguiadepamplona.com\/actualidad\/wp-content\/uploads\/2018\/11\/logo-laguiadepamplona18-web1.png","width":600,"height":196,"caption":"La Gu\u00eda de Pamplona \/ Noticias"},"image":{"@id":"https:\/\/www.laguiadepamplona.com\/actualidad\/#\/schema\/logo\/image\/"},"sameAs":["https:\/\/www.facebook.com\/laguiadepamplonacom-133175176762273\/?ref=hl","https:\/\/x.com\/LaGuiadPamplona","https:\/\/www.instagram.com\/la_guia_de_pamplona\/","https:\/\/www.youtube.com\/user\/laguiadepamplona"]},{"@type":"Person","@id":"https:\/\/www.laguiadepamplona.com\/actualidad\/#\/schema\/person\/efe887376f0213d4657c93adc50b1fdb","name":"La Gu\u00eda de Pamplona","image":{"@type":"ImageObject","inLanguage":"es","@id":"https:\/\/secure.gravatar.com\/avatar\/b6992f131dc8d30ab0dff15446e9d346d9dbd95992de0fef795073f5ea83a81c?s=96&d=mm&r=g","url":"https:\/\/secure.gravatar.com\/avatar\/b6992f131dc8d30ab0dff15446e9d346d9dbd95992de0fef795073f5ea83a81c?s=96&d=mm&r=g","contentUrl":"https:\/\/secure.gravatar.com\/avatar\/b6992f131dc8d30ab0dff15446e9d346d9dbd95992de0fef795073f5ea83a81c?s=96&d=mm&r=g","caption":"La Gu\u00eda de Pamplona"}}]}},"post_mailing_queue_ids":[],"_links":{"self":[{"href":"https:\/\/www.laguiadepamplona.com\/actualidad\/wp-json\/wp\/v2\/posts\/36217","targetHints":{"allow":["GET"]}}],"collection":[{"href":"https:\/\/www.laguiadepamplona.com\/actualidad\/wp-json\/wp\/v2\/posts"}],"about":[{"href":"https:\/\/www.laguiadepamplona.com\/actualidad\/wp-json\/wp\/v2\/types\/post"}],"author":[{"embeddable":true,"href":"https:\/\/www.laguiadepamplona.com\/actualidad\/wp-json\/wp\/v2\/users\/1"}],"replies":[{"embeddable":true,"href":"https:\/\/www.laguiadepamplona.com\/actualidad\/wp-json\/wp\/v2\/comments?post=36217"}],"version-history":[{"count":0,"href":"https:\/\/www.laguiadepamplona.com\/actualidad\/wp-json\/wp\/v2\/posts\/36217\/revisions"}],"wp:featuredmedia":[{"embeddable":true,"href":"https:\/\/www.laguiadepamplona.com\/actualidad\/wp-json\/wp\/v2\/media\/36218"}],"wp:attachment":[{"href":"https:\/\/www.laguiadepamplona.com\/actualidad\/wp-json\/wp\/v2\/media?parent=36217"}],"wp:term":[{"taxonomy":"category","embeddable":true,"href":"https:\/\/www.laguiadepamplona.com\/actualidad\/wp-json\/wp\/v2\/categories?post=36217"},{"taxonomy":"post_tag","embeddable":true,"href":"https:\/\/www.laguiadepamplona.com\/actualidad\/wp-json\/wp\/v2\/tags?post=36217"}],"curies":[{"name":"wp","href":"https:\/\/api.w.org\/{rel}","templated":true}]}}