{"id":36202,"date":"2021-08-13T16:56:09","date_gmt":"2021-08-13T14:56:09","guid":{"rendered":"https:\/\/www.laguiadepamplona.com\/actualidad\/?p=36202"},"modified":"2023-04-11T11:49:06","modified_gmt":"2023-04-11T09:49:06","slug":"un-musical-de-fantasia-y-dos-peliculas-ambientadas-en-los-siglos-xix-y-xvi-los-filmes-de-las-primeras-noches-de-cine-de-la-semana-que-viene","status":"publish","type":"post","link":"https:\/\/www.laguiadepamplona.com\/actualidad\/un-musical-de-fantasia-y-dos-peliculas-ambientadas-en-los-siglos-xix-y-xvi-los-filmes-de-las-primeras-noches-de-cine-de-la-semana-que-viene\/","title":{"rendered":"Un musical de fantas\u00eda y dos pel\u00edculas ambientadas en los siglos XIX y XVI, los filmes de las primeras noches de cine de la semana que viene"},"content":{"rendered":"<h5>Toman el relevo en las proyecciones de esta quincena los espacios p\u00fablicos de Iturrama, Txantrea, San Jorge, Milagrosa y Rochapea<\/h5>\n<p><!--more--><\/p>\n<p>Esta noche, en el Palacio Ezpeleta del Casco Antiguo, se podr\u00e1 ver la pel\u00edcula de aventuras \u2018Jumanji. Siguiente nivel\u2019 (EEUU, 2019, 123\u2019), una proyecci\u00f3n que pone fin a la segunda semana ro del programa municipal \u2019Noches de Cine\u2019. El proyector se volver\u00e1 a encender el lunes 16 con novedades: en la segunda quincena de agosto cambiar\u00e1n las ubicaciones de las sesiones cinematogr\u00e1ficas al aire libre a Iturrama, Txantrea, San Jorge, Milagrosa y Rochapea.<\/p>\n<p><script async src=\"\/\/pagead2.googlesyndication.com\/pagead\/js\/adsbygoogle.js\"><\/script><br \/>\n<!-- Noticias La Guia de Pamplona --><br \/>\n<ins class=\"adsbygoogle\"\nstyle=\"display:block\"\ndata-ad-client=\"ca-pub-6943679897239327\"\ndata-ad-slot=\"7048180777\"\ndata-ad-format=\"auto\"><\/ins><br \/>\n<script>\n(adsbygoogle = window.adsbygoogle || []).push({});\n<\/script><\/p>\n<p>La primera proyecci\u00f3n de la semana 16-20 de agosto la protagonizar\u00e1 la cinta brit\u00e1nica \u2018Cats\u2019 (GB, 2019, 110\u2019), adaptaci\u00f3n del famoso musical de Broadway. El guion se desarrolla la noche del a\u00f1o en la que esa tribu toma la decisi\u00f3n de cu\u00e1l de sus miembros renacer\u00e1 a una nueva existencia. Casi dos horas de canto, baile y efectos especiales. Es el segundo musical dirigido por Tom Hooper, tras Los miserables (2012). El filme se podr\u00e1 ver el lunes 16 a las 22 horas en el boulevard de Iturrama.<\/p>\n<p>Y el martes 17 se estrenar\u00e1n las proyecciones en el patio de Salesianas, en la Txantrea, con \u2018Las aventuras del Dr. Dolittle\u2019 (EEUU, 2020, 101\u2019), una pel\u00edcula para p\u00fablico familiar ambientada en el siglo XIX con animales que hablan, recreados por ordenador, y que son la mejor compa\u00f1\u00eda para la aventura del exc\u00e9ntrico Dr. John Dolittle, un reputado doctor y veterinario.<\/p>\n<p>En euskera con subt\u00edtulos al castellano inaugurar\u00e1 las Noches de Cine de San Jorge la pel\u00edcula \u2018Los tres mosqueteros\/ Hiru Mosketariak (EEUU, 2011, 110\u2019). Basada en el cl\u00e1sico del g\u00e9nero de aventuras folletinescas del mismo nombre escrito por Alejandro Dumas, cuenta la historia de un jovenc\u00edsimo gasc\u00f3n que llega a Par\u00eds con el objetivo de entrar en el cuerpo de mosqueteros del rey Luis XIII de Francia (1610-1643). Junto con otros tres mosqueteros, Athos, Porthos y Aramis, tendr\u00e1 que hacer frente a una conspiraci\u00f3n urdida por el cardenal Richelieu para derrocar al rey. La pel\u00edcula ofrece coreograf\u00edas a espada, efectos especiales con batallas a\u00e9reas incluidas y a una acrob\u00e1tica Mila Jovovi\u0107 en el papel de Milady de Winter.<\/p>\n<p>El ciclo \u2018Noches de Cine\u2019 proyectar\u00e1 pel\u00edculas en los barrios de Pamplona hasta el 27 de agosto dentro del programa cultural veraniego \u2018!Viva Pamplona Viva\u00a1\u2019. Todas sus sesiones tienen entrada libre y comienzan a las 22 horas.<\/p>\n<p><script async src=\"\/\/pagead2.googlesyndication.com\/pagead\/js\/adsbygoogle.js\"><\/script><br \/>\n<!-- Noticias La Guia de Pamplona --><br \/>\n<ins class=\"adsbygoogle\"\nstyle=\"display:block\"\ndata-ad-client=\"ca-pub-6943679897239327\"\ndata-ad-slot=\"7048180777\"\ndata-ad-format=\"auto\"><\/ins><br \/>\n<script>\n(adsbygoogle = window.adsbygoogle || []).push({});\n<\/script><\/p>\n<p>&nbsp;<\/p>\n<h3><strong>Noches de Cine<\/strong><\/h3>\n<p>Hasta el 27 de agosto<\/p>\n<p>22 horas<\/p>\n<p>Entrada libre hasta completar el aforo<\/p>\n<p><strong>Lunes 16 de agosto<\/strong>, Iturrama (Boulevard).<\/p>\n<ul>\n<li>\u2018Cats\u2019 (GB, 2019, 110\u2019)<\/li>\n<\/ul>\n<p><strong>Martes 17 de agosto<\/strong>, Txantrea (Patio Salesianas)<\/p>\n<p>\u2018Las aventuras del Dr. Dolittle\u2019 (EEUU, 2020, 101\u2019)<\/p>\n<p><strong>Mi\u00e9rcoles 18 de agosto<\/strong>, San Jorge (Plaza del Dr. Gortari)<\/p>\n<ul>\n<li>Los tres mosqueteros (Hiru Mosketariak). En euskera, subtitulada al castellano<\/li>\n<\/ul>\n<p><strong>Jueves 19 de agosto<\/strong>, Milagrosa (Patio Civivox Milagrosa &#8211; Jos\u00e9 Vila)<\/p>\n<ul>\n<li>De la India a Par\u00eds en un armario de Ikea (Francia, 2018, 92\u2019)<\/li>\n<\/ul>\n<p><strong>Viernes 20 de agosto<\/strong>, Rochapea (Parque de los Enamorados)<\/p>\n<ul>\n<li>Abominable (EEUU, 2019, 97\u2019)<\/li>\n<\/ul>\n","protected":false},"excerpt":{"rendered":"<p>Toman el relevo en las proyecciones de esta quincena los espacios p\u00fablicos de Iturrama, Txantrea, San Jorge, Milagrosa y Rochapea<\/p>\n","protected":false},"author":1,"featured_media":23391,"comment_status":"open","ping_status":"closed","sticky":false,"template":"","format":"standard","meta":{"footnotes":""},"categories":[2],"tags":[],"class_list":["post-36202","post","type-post","status-publish","format-standard","has-post-thumbnail","hentry","category-ayuntamiento-pamplona"],"yoast_head":"<!-- This site is optimized with the Yoast SEO plugin v27.5 - https:\/\/yoast.com\/product\/yoast-seo-wordpress\/ -->\n<title>Un musical de fantas\u00eda y dos pel\u00edculas ambientadas en los siglos XIX y XVI, los filmes de las primeras noches de cine de la semana que viene<\/title>\n<meta name=\"description\" content=\"Toman el relevo en las proyecciones de esta quincena los espacios p\u00fablicos de Iturrama, Txantrea, San Jorge, Milagrosa y Rochapea\" \/>\n<meta name=\"robots\" content=\"index, follow, max-snippet:-1, max-image-preview:large, max-video-preview:-1\" \/>\n<link rel=\"canonical\" href=\"https:\/\/www.laguiadepamplona.com\/actualidad\/un-musical-de-fantasia-y-dos-peliculas-ambientadas-en-los-siglos-xix-y-xvi-los-filmes-de-las-primeras-noches-de-cine-de-la-semana-que-viene\/\" \/>\n<meta property=\"og:locale\" content=\"es_ES\" \/>\n<meta property=\"og:type\" content=\"article\" \/>\n<meta property=\"og:title\" content=\"Un musical de fantas\u00eda y dos pel\u00edculas ambientadas en los siglos XIX y XVI, los filmes de las primeras noches de cine de la semana que viene\" \/>\n<meta property=\"og:description\" content=\"Toman el relevo en las proyecciones de esta quincena los espacios p\u00fablicos de Iturrama, Txantrea, San Jorge, Milagrosa y Rochapea\" \/>\n<meta property=\"og:url\" content=\"https:\/\/www.laguiadepamplona.com\/actualidad\/un-musical-de-fantasia-y-dos-peliculas-ambientadas-en-los-siglos-xix-y-xvi-los-filmes-de-las-primeras-noches-de-cine-de-la-semana-que-viene\/\" \/>\n<meta property=\"og:site_name\" content=\"La Gu\u00eda de Pamplona\" \/>\n<meta property=\"article:publisher\" content=\"https:\/\/www.facebook.com\/laguiadepamplonacom-133175176762273\/?ref=hl\" \/>\n<meta property=\"article:published_time\" content=\"2021-08-13T14:56:09+00:00\" \/>\n<meta property=\"article:modified_time\" content=\"2023-04-11T09:49:06+00:00\" \/>\n<meta property=\"og:image\" content=\"https:\/\/www.laguiadepamplona.com\/actualidad\/wp-content\/uploads\/2019\/07\/noches-de-cine.jpg\" \/>\n\t<meta property=\"og:image:width\" content=\"1800\" \/>\n\t<meta property=\"og:image:height\" content=\"1035\" \/>\n\t<meta property=\"og:image:type\" content=\"image\/jpeg\" \/>\n<meta name=\"author\" content=\"La Gu\u00eda de Pamplona\" \/>\n<meta name=\"twitter:card\" content=\"summary_large_image\" \/>\n<meta name=\"twitter:creator\" content=\"@LaGuiadPamplona\" \/>\n<meta name=\"twitter:site\" content=\"@LaGuiadPamplona\" \/>\n<meta name=\"twitter:label1\" content=\"Escrito por\" \/>\n\t<meta name=\"twitter:data1\" content=\"La Gu\u00eda de Pamplona\" \/>\n\t<meta name=\"twitter:label2\" content=\"Tiempo de lectura\" \/>\n\t<meta name=\"twitter:data2\" content=\"3 minutos\" \/>\n<script type=\"application\/ld+json\" class=\"yoast-schema-graph\">{\"@context\":\"https:\\\/\\\/schema.org\",\"@graph\":[{\"@type\":\"Article\",\"@id\":\"https:\\\/\\\/www.laguiadepamplona.com\\\/actualidad\\\/un-musical-de-fantasia-y-dos-peliculas-ambientadas-en-los-siglos-xix-y-xvi-los-filmes-de-las-primeras-noches-de-cine-de-la-semana-que-viene\\\/#article\",\"isPartOf\":{\"@id\":\"https:\\\/\\\/www.laguiadepamplona.com\\\/actualidad\\\/un-musical-de-fantasia-y-dos-peliculas-ambientadas-en-los-siglos-xix-y-xvi-los-filmes-de-las-primeras-noches-de-cine-de-la-semana-que-viene\\\/\"},\"author\":{\"name\":\"La Gu\u00eda de Pamplona\",\"@id\":\"https:\\\/\\\/www.laguiadepamplona.com\\\/actualidad\\\/#\\\/schema\\\/person\\\/efe887376f0213d4657c93adc50b1fdb\"},\"headline\":\"Un musical de fantas\u00eda y dos pel\u00edculas ambientadas en los siglos XIX y XVI, los filmes de las primeras noches de cine de la semana que viene\",\"datePublished\":\"2021-08-13T14:56:09+00:00\",\"dateModified\":\"2023-04-11T09:49:06+00:00\",\"mainEntityOfPage\":{\"@id\":\"https:\\\/\\\/www.laguiadepamplona.com\\\/actualidad\\\/un-musical-de-fantasia-y-dos-peliculas-ambientadas-en-los-siglos-xix-y-xvi-los-filmes-de-las-primeras-noches-de-cine-de-la-semana-que-viene\\\/\"},\"wordCount\":526,\"commentCount\":0,\"publisher\":{\"@id\":\"https:\\\/\\\/www.laguiadepamplona.com\\\/actualidad\\\/#organization\"},\"image\":{\"@id\":\"https:\\\/\\\/www.laguiadepamplona.com\\\/actualidad\\\/un-musical-de-fantasia-y-dos-peliculas-ambientadas-en-los-siglos-xix-y-xvi-los-filmes-de-las-primeras-noches-de-cine-de-la-semana-que-viene\\\/#primaryimage\"},\"thumbnailUrl\":\"https:\\\/\\\/www.laguiadepamplona.com\\\/actualidad\\\/wp-content\\\/uploads\\\/2019\\\/07\\\/noches-de-cine.jpg\",\"articleSection\":[\"Ayto Pamplona\"],\"inLanguage\":\"es\",\"potentialAction\":[{\"@type\":\"CommentAction\",\"name\":\"Comment\",\"target\":[\"https:\\\/\\\/www.laguiadepamplona.com\\\/actualidad\\\/un-musical-de-fantasia-y-dos-peliculas-ambientadas-en-los-siglos-xix-y-xvi-los-filmes-de-las-primeras-noches-de-cine-de-la-semana-que-viene\\\/#respond\"]}]},{\"@type\":\"WebPage\",\"@id\":\"https:\\\/\\\/www.laguiadepamplona.com\\\/actualidad\\\/un-musical-de-fantasia-y-dos-peliculas-ambientadas-en-los-siglos-xix-y-xvi-los-filmes-de-las-primeras-noches-de-cine-de-la-semana-que-viene\\\/\",\"url\":\"https:\\\/\\\/www.laguiadepamplona.com\\\/actualidad\\\/un-musical-de-fantasia-y-dos-peliculas-ambientadas-en-los-siglos-xix-y-xvi-los-filmes-de-las-primeras-noches-de-cine-de-la-semana-que-viene\\\/\",\"name\":\"Un musical de fantas\u00eda y dos pel\u00edculas ambientadas en los siglos XIX y XVI, los filmes de las primeras noches de cine de la semana que viene\",\"isPartOf\":{\"@id\":\"https:\\\/\\\/www.laguiadepamplona.com\\\/actualidad\\\/#website\"},\"primaryImageOfPage\":{\"@id\":\"https:\\\/\\\/www.laguiadepamplona.com\\\/actualidad\\\/un-musical-de-fantasia-y-dos-peliculas-ambientadas-en-los-siglos-xix-y-xvi-los-filmes-de-las-primeras-noches-de-cine-de-la-semana-que-viene\\\/#primaryimage\"},\"image\":{\"@id\":\"https:\\\/\\\/www.laguiadepamplona.com\\\/actualidad\\\/un-musical-de-fantasia-y-dos-peliculas-ambientadas-en-los-siglos-xix-y-xvi-los-filmes-de-las-primeras-noches-de-cine-de-la-semana-que-viene\\\/#primaryimage\"},\"thumbnailUrl\":\"https:\\\/\\\/www.laguiadepamplona.com\\\/actualidad\\\/wp-content\\\/uploads\\\/2019\\\/07\\\/noches-de-cine.jpg\",\"datePublished\":\"2021-08-13T14:56:09+00:00\",\"dateModified\":\"2023-04-11T09:49:06+00:00\",\"description\":\"Toman el relevo en las proyecciones de esta quincena los espacios p\u00fablicos de Iturrama, Txantrea, San Jorge, Milagrosa y Rochapea\",\"breadcrumb\":{\"@id\":\"https:\\\/\\\/www.laguiadepamplona.com\\\/actualidad\\\/un-musical-de-fantasia-y-dos-peliculas-ambientadas-en-los-siglos-xix-y-xvi-los-filmes-de-las-primeras-noches-de-cine-de-la-semana-que-viene\\\/#breadcrumb\"},\"inLanguage\":\"es\",\"potentialAction\":[{\"@type\":\"ReadAction\",\"target\":[\"https:\\\/\\\/www.laguiadepamplona.com\\\/actualidad\\\/un-musical-de-fantasia-y-dos-peliculas-ambientadas-en-los-siglos-xix-y-xvi-los-filmes-de-las-primeras-noches-de-cine-de-la-semana-que-viene\\\/\"]}]},{\"@type\":\"ImageObject\",\"inLanguage\":\"es\",\"@id\":\"https:\\\/\\\/www.laguiadepamplona.com\\\/actualidad\\\/un-musical-de-fantasia-y-dos-peliculas-ambientadas-en-los-siglos-xix-y-xvi-los-filmes-de-las-primeras-noches-de-cine-de-la-semana-que-viene\\\/#primaryimage\",\"url\":\"https:\\\/\\\/www.laguiadepamplona.com\\\/actualidad\\\/wp-content\\\/uploads\\\/2019\\\/07\\\/noches-de-cine.jpg\",\"contentUrl\":\"https:\\\/\\\/www.laguiadepamplona.com\\\/actualidad\\\/wp-content\\\/uploads\\\/2019\\\/07\\\/noches-de-cine.jpg\",\"width\":1800,\"height\":1035,\"caption\":\"noches de cine\"},{\"@type\":\"BreadcrumbList\",\"@id\":\"https:\\\/\\\/www.laguiadepamplona.com\\\/actualidad\\\/un-musical-de-fantasia-y-dos-peliculas-ambientadas-en-los-siglos-xix-y-xvi-los-filmes-de-las-primeras-noches-de-cine-de-la-semana-que-viene\\\/#breadcrumb\",\"itemListElement\":[{\"@type\":\"ListItem\",\"position\":1,\"name\":\"Portada\",\"item\":\"https:\\\/\\\/www.laguiadepamplona.com\\\/actualidad\\\/\"},{\"@type\":\"ListItem\",\"position\":2,\"name\":\"Un musical de fantas\u00eda y dos pel\u00edculas ambientadas en los siglos XIX y XVI, los filmes de las primeras noches de cine de la semana que viene\"}]},{\"@type\":\"WebSite\",\"@id\":\"https:\\\/\\\/www.laguiadepamplona.com\\\/actualidad\\\/#website\",\"url\":\"https:\\\/\\\/www.laguiadepamplona.com\\\/actualidad\\\/\",\"name\":\"La gu\u00eda de Pamplona\",\"description\":\"Noticias de Pamplona\",\"publisher\":{\"@id\":\"https:\\\/\\\/www.laguiadepamplona.com\\\/actualidad\\\/#organization\"},\"potentialAction\":[{\"@type\":\"SearchAction\",\"target\":{\"@type\":\"EntryPoint\",\"urlTemplate\":\"https:\\\/\\\/www.laguiadepamplona.com\\\/actualidad\\\/?s={search_term_string}\"},\"query-input\":{\"@type\":\"PropertyValueSpecification\",\"valueRequired\":true,\"valueName\":\"search_term_string\"}}],\"inLanguage\":\"es\"},{\"@type\":\"Organization\",\"@id\":\"https:\\\/\\\/www.laguiadepamplona.com\\\/actualidad\\\/#organization\",\"name\":\"La Gu\u00eda de Pamplona \\\/ Noticias\",\"url\":\"https:\\\/\\\/www.laguiadepamplona.com\\\/actualidad\\\/\",\"logo\":{\"@type\":\"ImageObject\",\"inLanguage\":\"es\",\"@id\":\"https:\\\/\\\/www.laguiadepamplona.com\\\/actualidad\\\/#\\\/schema\\\/logo\\\/image\\\/\",\"url\":\"https:\\\/\\\/www.laguiadepamplona.com\\\/actualidad\\\/wp-content\\\/uploads\\\/2018\\\/11\\\/logo-laguiadepamplona18-web1.png\",\"contentUrl\":\"https:\\\/\\\/www.laguiadepamplona.com\\\/actualidad\\\/wp-content\\\/uploads\\\/2018\\\/11\\\/logo-laguiadepamplona18-web1.png\",\"width\":600,\"height\":196,\"caption\":\"La Gu\u00eda de Pamplona \\\/ Noticias\"},\"image\":{\"@id\":\"https:\\\/\\\/www.laguiadepamplona.com\\\/actualidad\\\/#\\\/schema\\\/logo\\\/image\\\/\"},\"sameAs\":[\"https:\\\/\\\/www.facebook.com\\\/laguiadepamplonacom-133175176762273\\\/?ref=hl\",\"https:\\\/\\\/x.com\\\/LaGuiadPamplona\",\"https:\\\/\\\/www.instagram.com\\\/la_guia_de_pamplona\\\/\",\"https:\\\/\\\/www.youtube.com\\\/user\\\/laguiadepamplona\"]},{\"@type\":\"Person\",\"@id\":\"https:\\\/\\\/www.laguiadepamplona.com\\\/actualidad\\\/#\\\/schema\\\/person\\\/efe887376f0213d4657c93adc50b1fdb\",\"name\":\"La Gu\u00eda de Pamplona\",\"image\":{\"@type\":\"ImageObject\",\"inLanguage\":\"es\",\"@id\":\"https:\\\/\\\/secure.gravatar.com\\\/avatar\\\/b6992f131dc8d30ab0dff15446e9d346d9dbd95992de0fef795073f5ea83a81c?s=96&d=mm&r=g\",\"url\":\"https:\\\/\\\/secure.gravatar.com\\\/avatar\\\/b6992f131dc8d30ab0dff15446e9d346d9dbd95992de0fef795073f5ea83a81c?s=96&d=mm&r=g\",\"contentUrl\":\"https:\\\/\\\/secure.gravatar.com\\\/avatar\\\/b6992f131dc8d30ab0dff15446e9d346d9dbd95992de0fef795073f5ea83a81c?s=96&d=mm&r=g\",\"caption\":\"La Gu\u00eda de Pamplona\"}}]}<\/script>\n<!-- \/ Yoast SEO plugin. -->","yoast_head_json":{"title":"Un musical de fantas\u00eda y dos pel\u00edculas ambientadas en los siglos XIX y XVI, los filmes de las primeras noches de cine de la semana que viene","description":"Toman el relevo en las proyecciones de esta quincena los espacios p\u00fablicos de Iturrama, Txantrea, San Jorge, Milagrosa y Rochapea","robots":{"index":"index","follow":"follow","max-snippet":"max-snippet:-1","max-image-preview":"max-image-preview:large","max-video-preview":"max-video-preview:-1"},"canonical":"https:\/\/www.laguiadepamplona.com\/actualidad\/un-musical-de-fantasia-y-dos-peliculas-ambientadas-en-los-siglos-xix-y-xvi-los-filmes-de-las-primeras-noches-de-cine-de-la-semana-que-viene\/","og_locale":"es_ES","og_type":"article","og_title":"Un musical de fantas\u00eda y dos pel\u00edculas ambientadas en los siglos XIX y XVI, los filmes de las primeras noches de cine de la semana que viene","og_description":"Toman el relevo en las proyecciones de esta quincena los espacios p\u00fablicos de Iturrama, Txantrea, San Jorge, Milagrosa y Rochapea","og_url":"https:\/\/www.laguiadepamplona.com\/actualidad\/un-musical-de-fantasia-y-dos-peliculas-ambientadas-en-los-siglos-xix-y-xvi-los-filmes-de-las-primeras-noches-de-cine-de-la-semana-que-viene\/","og_site_name":"La Gu\u00eda de Pamplona","article_publisher":"https:\/\/www.facebook.com\/laguiadepamplonacom-133175176762273\/?ref=hl","article_published_time":"2021-08-13T14:56:09+00:00","article_modified_time":"2023-04-11T09:49:06+00:00","og_image":[{"width":1800,"height":1035,"url":"https:\/\/www.laguiadepamplona.com\/actualidad\/wp-content\/uploads\/2019\/07\/noches-de-cine.jpg","type":"image\/jpeg"}],"author":"La Gu\u00eda de Pamplona","twitter_card":"summary_large_image","twitter_creator":"@LaGuiadPamplona","twitter_site":"@LaGuiadPamplona","twitter_misc":{"Escrito por":"La Gu\u00eda de Pamplona","Tiempo de lectura":"3 minutos"},"schema":{"@context":"https:\/\/schema.org","@graph":[{"@type":"Article","@id":"https:\/\/www.laguiadepamplona.com\/actualidad\/un-musical-de-fantasia-y-dos-peliculas-ambientadas-en-los-siglos-xix-y-xvi-los-filmes-de-las-primeras-noches-de-cine-de-la-semana-que-viene\/#article","isPartOf":{"@id":"https:\/\/www.laguiadepamplona.com\/actualidad\/un-musical-de-fantasia-y-dos-peliculas-ambientadas-en-los-siglos-xix-y-xvi-los-filmes-de-las-primeras-noches-de-cine-de-la-semana-que-viene\/"},"author":{"name":"La Gu\u00eda de Pamplona","@id":"https:\/\/www.laguiadepamplona.com\/actualidad\/#\/schema\/person\/efe887376f0213d4657c93adc50b1fdb"},"headline":"Un musical de fantas\u00eda y dos pel\u00edculas ambientadas en los siglos XIX y XVI, los filmes de las primeras noches de cine de la semana que viene","datePublished":"2021-08-13T14:56:09+00:00","dateModified":"2023-04-11T09:49:06+00:00","mainEntityOfPage":{"@id":"https:\/\/www.laguiadepamplona.com\/actualidad\/un-musical-de-fantasia-y-dos-peliculas-ambientadas-en-los-siglos-xix-y-xvi-los-filmes-de-las-primeras-noches-de-cine-de-la-semana-que-viene\/"},"wordCount":526,"commentCount":0,"publisher":{"@id":"https:\/\/www.laguiadepamplona.com\/actualidad\/#organization"},"image":{"@id":"https:\/\/www.laguiadepamplona.com\/actualidad\/un-musical-de-fantasia-y-dos-peliculas-ambientadas-en-los-siglos-xix-y-xvi-los-filmes-de-las-primeras-noches-de-cine-de-la-semana-que-viene\/#primaryimage"},"thumbnailUrl":"https:\/\/www.laguiadepamplona.com\/actualidad\/wp-content\/uploads\/2019\/07\/noches-de-cine.jpg","articleSection":["Ayto Pamplona"],"inLanguage":"es","potentialAction":[{"@type":"CommentAction","name":"Comment","target":["https:\/\/www.laguiadepamplona.com\/actualidad\/un-musical-de-fantasia-y-dos-peliculas-ambientadas-en-los-siglos-xix-y-xvi-los-filmes-de-las-primeras-noches-de-cine-de-la-semana-que-viene\/#respond"]}]},{"@type":"WebPage","@id":"https:\/\/www.laguiadepamplona.com\/actualidad\/un-musical-de-fantasia-y-dos-peliculas-ambientadas-en-los-siglos-xix-y-xvi-los-filmes-de-las-primeras-noches-de-cine-de-la-semana-que-viene\/","url":"https:\/\/www.laguiadepamplona.com\/actualidad\/un-musical-de-fantasia-y-dos-peliculas-ambientadas-en-los-siglos-xix-y-xvi-los-filmes-de-las-primeras-noches-de-cine-de-la-semana-que-viene\/","name":"Un musical de fantas\u00eda y dos pel\u00edculas ambientadas en los siglos XIX y XVI, los filmes de las primeras noches de cine de la semana que viene","isPartOf":{"@id":"https:\/\/www.laguiadepamplona.com\/actualidad\/#website"},"primaryImageOfPage":{"@id":"https:\/\/www.laguiadepamplona.com\/actualidad\/un-musical-de-fantasia-y-dos-peliculas-ambientadas-en-los-siglos-xix-y-xvi-los-filmes-de-las-primeras-noches-de-cine-de-la-semana-que-viene\/#primaryimage"},"image":{"@id":"https:\/\/www.laguiadepamplona.com\/actualidad\/un-musical-de-fantasia-y-dos-peliculas-ambientadas-en-los-siglos-xix-y-xvi-los-filmes-de-las-primeras-noches-de-cine-de-la-semana-que-viene\/#primaryimage"},"thumbnailUrl":"https:\/\/www.laguiadepamplona.com\/actualidad\/wp-content\/uploads\/2019\/07\/noches-de-cine.jpg","datePublished":"2021-08-13T14:56:09+00:00","dateModified":"2023-04-11T09:49:06+00:00","description":"Toman el relevo en las proyecciones de esta quincena los espacios p\u00fablicos de Iturrama, Txantrea, San Jorge, Milagrosa y Rochapea","breadcrumb":{"@id":"https:\/\/www.laguiadepamplona.com\/actualidad\/un-musical-de-fantasia-y-dos-peliculas-ambientadas-en-los-siglos-xix-y-xvi-los-filmes-de-las-primeras-noches-de-cine-de-la-semana-que-viene\/#breadcrumb"},"inLanguage":"es","potentialAction":[{"@type":"ReadAction","target":["https:\/\/www.laguiadepamplona.com\/actualidad\/un-musical-de-fantasia-y-dos-peliculas-ambientadas-en-los-siglos-xix-y-xvi-los-filmes-de-las-primeras-noches-de-cine-de-la-semana-que-viene\/"]}]},{"@type":"ImageObject","inLanguage":"es","@id":"https:\/\/www.laguiadepamplona.com\/actualidad\/un-musical-de-fantasia-y-dos-peliculas-ambientadas-en-los-siglos-xix-y-xvi-los-filmes-de-las-primeras-noches-de-cine-de-la-semana-que-viene\/#primaryimage","url":"https:\/\/www.laguiadepamplona.com\/actualidad\/wp-content\/uploads\/2019\/07\/noches-de-cine.jpg","contentUrl":"https:\/\/www.laguiadepamplona.com\/actualidad\/wp-content\/uploads\/2019\/07\/noches-de-cine.jpg","width":1800,"height":1035,"caption":"noches de cine"},{"@type":"BreadcrumbList","@id":"https:\/\/www.laguiadepamplona.com\/actualidad\/un-musical-de-fantasia-y-dos-peliculas-ambientadas-en-los-siglos-xix-y-xvi-los-filmes-de-las-primeras-noches-de-cine-de-la-semana-que-viene\/#breadcrumb","itemListElement":[{"@type":"ListItem","position":1,"name":"Portada","item":"https:\/\/www.laguiadepamplona.com\/actualidad\/"},{"@type":"ListItem","position":2,"name":"Un musical de fantas\u00eda y dos pel\u00edculas ambientadas en los siglos XIX y XVI, los filmes de las primeras noches de cine de la semana que viene"}]},{"@type":"WebSite","@id":"https:\/\/www.laguiadepamplona.com\/actualidad\/#website","url":"https:\/\/www.laguiadepamplona.com\/actualidad\/","name":"La gu\u00eda de Pamplona","description":"Noticias de Pamplona","publisher":{"@id":"https:\/\/www.laguiadepamplona.com\/actualidad\/#organization"},"potentialAction":[{"@type":"SearchAction","target":{"@type":"EntryPoint","urlTemplate":"https:\/\/www.laguiadepamplona.com\/actualidad\/?s={search_term_string}"},"query-input":{"@type":"PropertyValueSpecification","valueRequired":true,"valueName":"search_term_string"}}],"inLanguage":"es"},{"@type":"Organization","@id":"https:\/\/www.laguiadepamplona.com\/actualidad\/#organization","name":"La Gu\u00eda de Pamplona \/ Noticias","url":"https:\/\/www.laguiadepamplona.com\/actualidad\/","logo":{"@type":"ImageObject","inLanguage":"es","@id":"https:\/\/www.laguiadepamplona.com\/actualidad\/#\/schema\/logo\/image\/","url":"https:\/\/www.laguiadepamplona.com\/actualidad\/wp-content\/uploads\/2018\/11\/logo-laguiadepamplona18-web1.png","contentUrl":"https:\/\/www.laguiadepamplona.com\/actualidad\/wp-content\/uploads\/2018\/11\/logo-laguiadepamplona18-web1.png","width":600,"height":196,"caption":"La Gu\u00eda de Pamplona \/ Noticias"},"image":{"@id":"https:\/\/www.laguiadepamplona.com\/actualidad\/#\/schema\/logo\/image\/"},"sameAs":["https:\/\/www.facebook.com\/laguiadepamplonacom-133175176762273\/?ref=hl","https:\/\/x.com\/LaGuiadPamplona","https:\/\/www.instagram.com\/la_guia_de_pamplona\/","https:\/\/www.youtube.com\/user\/laguiadepamplona"]},{"@type":"Person","@id":"https:\/\/www.laguiadepamplona.com\/actualidad\/#\/schema\/person\/efe887376f0213d4657c93adc50b1fdb","name":"La Gu\u00eda de Pamplona","image":{"@type":"ImageObject","inLanguage":"es","@id":"https:\/\/secure.gravatar.com\/avatar\/b6992f131dc8d30ab0dff15446e9d346d9dbd95992de0fef795073f5ea83a81c?s=96&d=mm&r=g","url":"https:\/\/secure.gravatar.com\/avatar\/b6992f131dc8d30ab0dff15446e9d346d9dbd95992de0fef795073f5ea83a81c?s=96&d=mm&r=g","contentUrl":"https:\/\/secure.gravatar.com\/avatar\/b6992f131dc8d30ab0dff15446e9d346d9dbd95992de0fef795073f5ea83a81c?s=96&d=mm&r=g","caption":"La Gu\u00eda de Pamplona"}}]}},"post_mailing_queue_ids":[],"_links":{"self":[{"href":"https:\/\/www.laguiadepamplona.com\/actualidad\/wp-json\/wp\/v2\/posts\/36202","targetHints":{"allow":["GET"]}}],"collection":[{"href":"https:\/\/www.laguiadepamplona.com\/actualidad\/wp-json\/wp\/v2\/posts"}],"about":[{"href":"https:\/\/www.laguiadepamplona.com\/actualidad\/wp-json\/wp\/v2\/types\/post"}],"author":[{"embeddable":true,"href":"https:\/\/www.laguiadepamplona.com\/actualidad\/wp-json\/wp\/v2\/users\/1"}],"replies":[{"embeddable":true,"href":"https:\/\/www.laguiadepamplona.com\/actualidad\/wp-json\/wp\/v2\/comments?post=36202"}],"version-history":[{"count":0,"href":"https:\/\/www.laguiadepamplona.com\/actualidad\/wp-json\/wp\/v2\/posts\/36202\/revisions"}],"wp:featuredmedia":[{"embeddable":true,"href":"https:\/\/www.laguiadepamplona.com\/actualidad\/wp-json\/wp\/v2\/media\/23391"}],"wp:attachment":[{"href":"https:\/\/www.laguiadepamplona.com\/actualidad\/wp-json\/wp\/v2\/media?parent=36202"}],"wp:term":[{"taxonomy":"category","embeddable":true,"href":"https:\/\/www.laguiadepamplona.com\/actualidad\/wp-json\/wp\/v2\/categories?post=36202"},{"taxonomy":"post_tag","embeddable":true,"href":"https:\/\/www.laguiadepamplona.com\/actualidad\/wp-json\/wp\/v2\/tags?post=36202"}],"curies":[{"name":"wp","href":"https:\/\/api.w.org\/{rel}","templated":true}]}}