{"id":36199,"date":"2021-08-13T16:54:43","date_gmt":"2021-08-13T14:54:43","guid":{"rendered":"https:\/\/www.laguiadepamplona.com\/actualidad\/?p=36199"},"modified":"2023-04-11T11:49:06","modified_gmt":"2023-04-11T09:49:06","slug":"el-festival-de-las-murallas-propone-hoy-un-espectaculo-nocturno-de-malabares-y-danza-el-lunes-un-viaje-con-los-maasai-de-kenia-y-el-martes-una-obra-de-circo-danza-y-musica","status":"publish","type":"post","link":"https:\/\/www.laguiadepamplona.com\/actualidad\/el-festival-de-las-murallas-propone-hoy-un-espectaculo-nocturno-de-malabares-y-danza-el-lunes-un-viaje-con-los-maasai-de-kenia-y-el-martes-una-obra-de-circo-danza-y-musica\/","title":{"rendered":"El Festival de las Murallas propone hoy un espect\u00e1culo nocturno de malabares y danza, el lunes un viaje con los Maasai de Kenia y el martes una obra de circo, danza y m\u00fasica"},"content":{"rendered":"<h5>Adem\u00e1s, tambi\u00e9n en la Ciudadela, <strong>Estefan\u00eda de Paz<\/strong> presenta la \u2018<strong>Reina del Arga\u2019 <\/strong>cada d\u00eda a las 19 horas<\/h5>\n<p><!--more--><\/p>\n<p>El Festival de las Murallas, incluido en el programa \u2018Viva Pamplona viva\u2019 del Ayuntamiento de Pamplona, entra en su \u00faltima semana de actuaciones con tres propuestas diferentes. Hoy puede verse el espect\u00e1culo nocturno de malabares y danza de Nicanor de El\u00eda; el lunes la compa\u00f1\u00eda Migthy Jambo pone en escena un viaje a los asentamientos Maasai de Kenia en \u2018El cazador\u2019 y el martes, el Colectiu TQM llega a la Ciudadela con VoloV, una obra basada en el lenguaje del circo, la m\u00fasica en directo y la danza.<\/p>\n<p><script async src=\"\/\/pagead2.googlesyndication.com\/pagead\/js\/adsbygoogle.js\"><\/script><br \/>\n<!-- Noticias La Guia de Pamplona --><br \/>\n<ins class=\"adsbygoogle\"\nstyle=\"display:block\"\ndata-ad-client=\"ca-pub-6943679897239327\"\ndata-ad-slot=\"7048180777\"\ndata-ad-format=\"auto\"><\/ins><br \/>\n<script>\n(adsbygoogle = window.adsbygoogle || []).push({});\n<\/script><\/p>\n<p>El espect\u00e1culo de este viernes comienza a las 22 horas mientras que lunes y martes tienen su inicio a las 20 horas. Los tres d\u00edas, a partir de las 19 horas, <strong>Estefan\u00eda de Paz<\/strong>, presenta su pieza de homenaje a la funambulista Pamplonesa <strong>Remigia Echarren<\/strong> en el centenario de su muerte. El espect\u00e1culo la <strong>\u2018Reina del Arga\u2019<\/strong> tiene lugar en la <strong>Poterna n\u00ba 7 con <\/strong>entrada libre<strong>. El festival finalizar\u00e1 el jueves 19 de agosto.<\/strong><\/p>\n<p>Este viernes, el Festival de las Murallas presenta un espect\u00e1culo de malabares y danza impulsado por Nicanor de El\u00eda que lleva el t\u00edtulo de una nueva t\u00e9cnica, \u2018Copyleft\u2019. Los malabaristas\/bailarines presentan una propuesta en la que el grupo pone al l\u00edmite el cuerpo del malabarista, su tensi\u00f3n f\u00edsica, la improvisaci\u00f3n, la coreograf\u00eda y la relaci\u00f3n con la m\u00fasica. Para desarrollar esta t\u00e9cnica y crear el espect\u00e1culo, Nicanor eligi\u00f3 cinco int\u00e9rpretes salidos de las escuelas de circo superior de Toulouse (Francia). El contenido de la obra hace referencias al mundo del deporte.<\/p>\n<p><script async src=\"\/\/pagead2.googlesyndication.com\/pagead\/js\/adsbygoogle.js\"><\/script><br \/>\n<!-- Noticias La Guia de Pamplona --><br \/>\n<ins class=\"adsbygoogle\"\nstyle=\"display:block\"\ndata-ad-client=\"ca-pub-6943679897239327\"\ndata-ad-slot=\"7048180777\"\ndata-ad-format=\"auto\"><\/ins><br \/>\n<script>\n(adsbygoogle = window.adsbygoogle || []).push({});\n<\/script><\/p>\n<p><strong>Obras con diferentes tem\u00e1ticas y basadas en t\u00e9cnicas de circo<\/strong><\/p>\n<p>El lunes, 16 de agosto, Migthy Jambo Trust presenta \u2018El Cazador\u2019 un espect\u00e1culo que transporta a los espectadores a los asentamientos Maasai de Kenia. La obra cuenta las peripecias de los cazadores en su lucha con el leopardo que hace peligrar su subsistencia al intentar comerse el ganado. Una producci\u00f3n llena de fuerza que muestra una cultura lejana y sus tradiciones con aut\u00e9nticos saltos tribales y vestuarios originales.<\/p>\n<p>Para la puesta en escena de la obra \u2018VoloV\u2019, estar\u00e1n, el martes, en la Ciudadela, 6 artistas de la compa\u00f1\u00eda Collectiu TQM, 2 m\u00fasicos multiinstrumentales y 4 acr\u00f3batas a\u00e9reos y bailarines. Las principales t\u00e9cnicas de circo utilizadas ser\u00e1n el trapecio doble, la cuerda volante y la cuerda lisa, dando lugar a propuestas muy f\u00edsicas y potentes a nivel est\u00e9tico y acrob\u00e1tico, llenas de dinamismo y poes\u00eda.<\/p>\n","protected":false},"excerpt":{"rendered":"<p>Adem\u00e1s, tambi\u00e9n en la Ciudadela, Estefan\u00eda de Paz presenta la \u2018Reina del Arga\u2019 cada d\u00eda a las 19 horas<\/p>\n","protected":false},"author":1,"featured_media":36200,"comment_status":"open","ping_status":"closed","sticky":false,"template":"","format":"standard","meta":{"footnotes":""},"categories":[2],"tags":[],"class_list":["post-36199","post","type-post","status-publish","format-standard","has-post-thumbnail","hentry","category-ayuntamiento-pamplona"],"yoast_head":"<!-- This site is optimized with the Yoast SEO plugin v27.5 - https:\/\/yoast.com\/product\/yoast-seo-wordpress\/ -->\n<title>El Festival de las Murallas propone hoy un espect\u00e1culo nocturno de malabares y danza, el lunes un viaje con los Maasai de Kenia y el martes una obra de circo, danza y m\u00fasica<\/title>\n<meta name=\"description\" content=\"Adem\u00e1s, tambi\u00e9n en la Ciudadela, Estefan\u00eda de Paz presenta la \u2018Reina del Arga\u2019 cada d\u00eda a las 19 horas\" \/>\n<meta name=\"robots\" content=\"index, follow, max-snippet:-1, max-image-preview:large, max-video-preview:-1\" \/>\n<link rel=\"canonical\" href=\"https:\/\/www.laguiadepamplona.com\/actualidad\/el-festival-de-las-murallas-propone-hoy-un-espectaculo-nocturno-de-malabares-y-danza-el-lunes-un-viaje-con-los-maasai-de-kenia-y-el-martes-una-obra-de-circo-danza-y-musica\/\" \/>\n<meta property=\"og:locale\" content=\"es_ES\" \/>\n<meta property=\"og:type\" content=\"article\" \/>\n<meta property=\"og:title\" content=\"El Festival de las Murallas propone hoy un espect\u00e1culo nocturno de malabares y danza, el lunes un viaje con los Maasai de Kenia y el martes una obra de circo, danza y m\u00fasica\" \/>\n<meta property=\"og:description\" content=\"Adem\u00e1s, tambi\u00e9n en la Ciudadela, Estefan\u00eda de Paz presenta la \u2018Reina del Arga\u2019 cada d\u00eda a las 19 horas\" \/>\n<meta property=\"og:url\" content=\"https:\/\/www.laguiadepamplona.com\/actualidad\/el-festival-de-las-murallas-propone-hoy-un-espectaculo-nocturno-de-malabares-y-danza-el-lunes-un-viaje-con-los-maasai-de-kenia-y-el-martes-una-obra-de-circo-danza-y-musica\/\" \/>\n<meta property=\"og:site_name\" content=\"La Gu\u00eda de Pamplona\" \/>\n<meta property=\"article:publisher\" content=\"https:\/\/www.facebook.com\/laguiadepamplonacom-133175176762273\/?ref=hl\" \/>\n<meta property=\"article:published_time\" content=\"2021-08-13T14:54:43+00:00\" \/>\n<meta property=\"article:modified_time\" content=\"2023-04-11T09:49:06+00:00\" \/>\n<meta property=\"og:image\" content=\"https:\/\/www.laguiadepamplona.com\/actualidad\/wp-content\/uploads\/2021\/08\/mightyjambo-1-870x480-1.jpg\" \/>\n\t<meta property=\"og:image:width\" content=\"870\" \/>\n\t<meta property=\"og:image:height\" content=\"480\" \/>\n\t<meta property=\"og:image:type\" content=\"image\/jpeg\" \/>\n<meta name=\"author\" content=\"La Gu\u00eda de Pamplona\" \/>\n<meta name=\"twitter:card\" content=\"summary_large_image\" \/>\n<meta name=\"twitter:creator\" content=\"@LaGuiadPamplona\" \/>\n<meta name=\"twitter:site\" content=\"@LaGuiadPamplona\" \/>\n<meta name=\"twitter:label1\" content=\"Escrito por\" \/>\n\t<meta name=\"twitter:data1\" content=\"La Gu\u00eda de Pamplona\" \/>\n\t<meta name=\"twitter:label2\" content=\"Tiempo de lectura\" \/>\n\t<meta name=\"twitter:data2\" content=\"2 minutos\" \/>\n<script type=\"application\/ld+json\" class=\"yoast-schema-graph\">{\"@context\":\"https:\\\/\\\/schema.org\",\"@graph\":[{\"@type\":\"Article\",\"@id\":\"https:\\\/\\\/www.laguiadepamplona.com\\\/actualidad\\\/el-festival-de-las-murallas-propone-hoy-un-espectaculo-nocturno-de-malabares-y-danza-el-lunes-un-viaje-con-los-maasai-de-kenia-y-el-martes-una-obra-de-circo-danza-y-musica\\\/#article\",\"isPartOf\":{\"@id\":\"https:\\\/\\\/www.laguiadepamplona.com\\\/actualidad\\\/el-festival-de-las-murallas-propone-hoy-un-espectaculo-nocturno-de-malabares-y-danza-el-lunes-un-viaje-con-los-maasai-de-kenia-y-el-martes-una-obra-de-circo-danza-y-musica\\\/\"},\"author\":{\"name\":\"La Gu\u00eda de Pamplona\",\"@id\":\"https:\\\/\\\/www.laguiadepamplona.com\\\/actualidad\\\/#\\\/schema\\\/person\\\/efe887376f0213d4657c93adc50b1fdb\"},\"headline\":\"El Festival de las Murallas propone hoy un espect\u00e1culo nocturno de malabares y danza, el lunes un viaje con los Maasai de Kenia y el martes una obra de circo, danza y m\u00fasica\",\"datePublished\":\"2021-08-13T14:54:43+00:00\",\"dateModified\":\"2023-04-11T09:49:06+00:00\",\"mainEntityOfPage\":{\"@id\":\"https:\\\/\\\/www.laguiadepamplona.com\\\/actualidad\\\/el-festival-de-las-murallas-propone-hoy-un-espectaculo-nocturno-de-malabares-y-danza-el-lunes-un-viaje-con-los-maasai-de-kenia-y-el-martes-una-obra-de-circo-danza-y-musica\\\/\"},\"wordCount\":485,\"commentCount\":0,\"publisher\":{\"@id\":\"https:\\\/\\\/www.laguiadepamplona.com\\\/actualidad\\\/#organization\"},\"image\":{\"@id\":\"https:\\\/\\\/www.laguiadepamplona.com\\\/actualidad\\\/el-festival-de-las-murallas-propone-hoy-un-espectaculo-nocturno-de-malabares-y-danza-el-lunes-un-viaje-con-los-maasai-de-kenia-y-el-martes-una-obra-de-circo-danza-y-musica\\\/#primaryimage\"},\"thumbnailUrl\":\"https:\\\/\\\/www.laguiadepamplona.com\\\/actualidad\\\/wp-content\\\/uploads\\\/2021\\\/08\\\/mightyjambo-1-870x480-1.jpg\",\"articleSection\":[\"Ayto Pamplona\"],\"inLanguage\":\"es\",\"potentialAction\":[{\"@type\":\"CommentAction\",\"name\":\"Comment\",\"target\":[\"https:\\\/\\\/www.laguiadepamplona.com\\\/actualidad\\\/el-festival-de-las-murallas-propone-hoy-un-espectaculo-nocturno-de-malabares-y-danza-el-lunes-un-viaje-con-los-maasai-de-kenia-y-el-martes-una-obra-de-circo-danza-y-musica\\\/#respond\"]}]},{\"@type\":\"WebPage\",\"@id\":\"https:\\\/\\\/www.laguiadepamplona.com\\\/actualidad\\\/el-festival-de-las-murallas-propone-hoy-un-espectaculo-nocturno-de-malabares-y-danza-el-lunes-un-viaje-con-los-maasai-de-kenia-y-el-martes-una-obra-de-circo-danza-y-musica\\\/\",\"url\":\"https:\\\/\\\/www.laguiadepamplona.com\\\/actualidad\\\/el-festival-de-las-murallas-propone-hoy-un-espectaculo-nocturno-de-malabares-y-danza-el-lunes-un-viaje-con-los-maasai-de-kenia-y-el-martes-una-obra-de-circo-danza-y-musica\\\/\",\"name\":\"El Festival de las Murallas propone hoy un espect\u00e1culo nocturno de malabares y danza, el lunes un viaje con los Maasai de Kenia y el martes una obra de circo, danza y m\u00fasica\",\"isPartOf\":{\"@id\":\"https:\\\/\\\/www.laguiadepamplona.com\\\/actualidad\\\/#website\"},\"primaryImageOfPage\":{\"@id\":\"https:\\\/\\\/www.laguiadepamplona.com\\\/actualidad\\\/el-festival-de-las-murallas-propone-hoy-un-espectaculo-nocturno-de-malabares-y-danza-el-lunes-un-viaje-con-los-maasai-de-kenia-y-el-martes-una-obra-de-circo-danza-y-musica\\\/#primaryimage\"},\"image\":{\"@id\":\"https:\\\/\\\/www.laguiadepamplona.com\\\/actualidad\\\/el-festival-de-las-murallas-propone-hoy-un-espectaculo-nocturno-de-malabares-y-danza-el-lunes-un-viaje-con-los-maasai-de-kenia-y-el-martes-una-obra-de-circo-danza-y-musica\\\/#primaryimage\"},\"thumbnailUrl\":\"https:\\\/\\\/www.laguiadepamplona.com\\\/actualidad\\\/wp-content\\\/uploads\\\/2021\\\/08\\\/mightyjambo-1-870x480-1.jpg\",\"datePublished\":\"2021-08-13T14:54:43+00:00\",\"dateModified\":\"2023-04-11T09:49:06+00:00\",\"description\":\"Adem\u00e1s, tambi\u00e9n en la Ciudadela, Estefan\u00eda de Paz presenta la \u2018Reina del Arga\u2019 cada d\u00eda a las 19 horas\",\"breadcrumb\":{\"@id\":\"https:\\\/\\\/www.laguiadepamplona.com\\\/actualidad\\\/el-festival-de-las-murallas-propone-hoy-un-espectaculo-nocturno-de-malabares-y-danza-el-lunes-un-viaje-con-los-maasai-de-kenia-y-el-martes-una-obra-de-circo-danza-y-musica\\\/#breadcrumb\"},\"inLanguage\":\"es\",\"potentialAction\":[{\"@type\":\"ReadAction\",\"target\":[\"https:\\\/\\\/www.laguiadepamplona.com\\\/actualidad\\\/el-festival-de-las-murallas-propone-hoy-un-espectaculo-nocturno-de-malabares-y-danza-el-lunes-un-viaje-con-los-maasai-de-kenia-y-el-martes-una-obra-de-circo-danza-y-musica\\\/\"]}]},{\"@type\":\"ImageObject\",\"inLanguage\":\"es\",\"@id\":\"https:\\\/\\\/www.laguiadepamplona.com\\\/actualidad\\\/el-festival-de-las-murallas-propone-hoy-un-espectaculo-nocturno-de-malabares-y-danza-el-lunes-un-viaje-con-los-maasai-de-kenia-y-el-martes-una-obra-de-circo-danza-y-musica\\\/#primaryimage\",\"url\":\"https:\\\/\\\/www.laguiadepamplona.com\\\/actualidad\\\/wp-content\\\/uploads\\\/2021\\\/08\\\/mightyjambo-1-870x480-1.jpg\",\"contentUrl\":\"https:\\\/\\\/www.laguiadepamplona.com\\\/actualidad\\\/wp-content\\\/uploads\\\/2021\\\/08\\\/mightyjambo-1-870x480-1.jpg\",\"width\":870,\"height\":480},{\"@type\":\"BreadcrumbList\",\"@id\":\"https:\\\/\\\/www.laguiadepamplona.com\\\/actualidad\\\/el-festival-de-las-murallas-propone-hoy-un-espectaculo-nocturno-de-malabares-y-danza-el-lunes-un-viaje-con-los-maasai-de-kenia-y-el-martes-una-obra-de-circo-danza-y-musica\\\/#breadcrumb\",\"itemListElement\":[{\"@type\":\"ListItem\",\"position\":1,\"name\":\"Portada\",\"item\":\"https:\\\/\\\/www.laguiadepamplona.com\\\/actualidad\\\/\"},{\"@type\":\"ListItem\",\"position\":2,\"name\":\"El Festival de las Murallas propone hoy un espect\u00e1culo nocturno de malabares y danza, el lunes un viaje con los Maasai de Kenia y el martes una obra de circo, danza y m\u00fasica\"}]},{\"@type\":\"WebSite\",\"@id\":\"https:\\\/\\\/www.laguiadepamplona.com\\\/actualidad\\\/#website\",\"url\":\"https:\\\/\\\/www.laguiadepamplona.com\\\/actualidad\\\/\",\"name\":\"La gu\u00eda de Pamplona\",\"description\":\"Noticias de Pamplona\",\"publisher\":{\"@id\":\"https:\\\/\\\/www.laguiadepamplona.com\\\/actualidad\\\/#organization\"},\"potentialAction\":[{\"@type\":\"SearchAction\",\"target\":{\"@type\":\"EntryPoint\",\"urlTemplate\":\"https:\\\/\\\/www.laguiadepamplona.com\\\/actualidad\\\/?s={search_term_string}\"},\"query-input\":{\"@type\":\"PropertyValueSpecification\",\"valueRequired\":true,\"valueName\":\"search_term_string\"}}],\"inLanguage\":\"es\"},{\"@type\":\"Organization\",\"@id\":\"https:\\\/\\\/www.laguiadepamplona.com\\\/actualidad\\\/#organization\",\"name\":\"La Gu\u00eda de Pamplona \\\/ Noticias\",\"url\":\"https:\\\/\\\/www.laguiadepamplona.com\\\/actualidad\\\/\",\"logo\":{\"@type\":\"ImageObject\",\"inLanguage\":\"es\",\"@id\":\"https:\\\/\\\/www.laguiadepamplona.com\\\/actualidad\\\/#\\\/schema\\\/logo\\\/image\\\/\",\"url\":\"https:\\\/\\\/www.laguiadepamplona.com\\\/actualidad\\\/wp-content\\\/uploads\\\/2018\\\/11\\\/logo-laguiadepamplona18-web1.png\",\"contentUrl\":\"https:\\\/\\\/www.laguiadepamplona.com\\\/actualidad\\\/wp-content\\\/uploads\\\/2018\\\/11\\\/logo-laguiadepamplona18-web1.png\",\"width\":600,\"height\":196,\"caption\":\"La Gu\u00eda de Pamplona \\\/ Noticias\"},\"image\":{\"@id\":\"https:\\\/\\\/www.laguiadepamplona.com\\\/actualidad\\\/#\\\/schema\\\/logo\\\/image\\\/\"},\"sameAs\":[\"https:\\\/\\\/www.facebook.com\\\/laguiadepamplonacom-133175176762273\\\/?ref=hl\",\"https:\\\/\\\/x.com\\\/LaGuiadPamplona\",\"https:\\\/\\\/www.instagram.com\\\/la_guia_de_pamplona\\\/\",\"https:\\\/\\\/www.youtube.com\\\/user\\\/laguiadepamplona\"]},{\"@type\":\"Person\",\"@id\":\"https:\\\/\\\/www.laguiadepamplona.com\\\/actualidad\\\/#\\\/schema\\\/person\\\/efe887376f0213d4657c93adc50b1fdb\",\"name\":\"La Gu\u00eda de Pamplona\",\"image\":{\"@type\":\"ImageObject\",\"inLanguage\":\"es\",\"@id\":\"https:\\\/\\\/secure.gravatar.com\\\/avatar\\\/b6992f131dc8d30ab0dff15446e9d346d9dbd95992de0fef795073f5ea83a81c?s=96&d=mm&r=g\",\"url\":\"https:\\\/\\\/secure.gravatar.com\\\/avatar\\\/b6992f131dc8d30ab0dff15446e9d346d9dbd95992de0fef795073f5ea83a81c?s=96&d=mm&r=g\",\"contentUrl\":\"https:\\\/\\\/secure.gravatar.com\\\/avatar\\\/b6992f131dc8d30ab0dff15446e9d346d9dbd95992de0fef795073f5ea83a81c?s=96&d=mm&r=g\",\"caption\":\"La Gu\u00eda de Pamplona\"}}]}<\/script>\n<!-- \/ Yoast SEO plugin. -->","yoast_head_json":{"title":"El Festival de las Murallas propone hoy un espect\u00e1culo nocturno de malabares y danza, el lunes un viaje con los Maasai de Kenia y el martes una obra de circo, danza y m\u00fasica","description":"Adem\u00e1s, tambi\u00e9n en la Ciudadela, Estefan\u00eda de Paz presenta la \u2018Reina del Arga\u2019 cada d\u00eda a las 19 horas","robots":{"index":"index","follow":"follow","max-snippet":"max-snippet:-1","max-image-preview":"max-image-preview:large","max-video-preview":"max-video-preview:-1"},"canonical":"https:\/\/www.laguiadepamplona.com\/actualidad\/el-festival-de-las-murallas-propone-hoy-un-espectaculo-nocturno-de-malabares-y-danza-el-lunes-un-viaje-con-los-maasai-de-kenia-y-el-martes-una-obra-de-circo-danza-y-musica\/","og_locale":"es_ES","og_type":"article","og_title":"El Festival de las Murallas propone hoy un espect\u00e1culo nocturno de malabares y danza, el lunes un viaje con los Maasai de Kenia y el martes una obra de circo, danza y m\u00fasica","og_description":"Adem\u00e1s, tambi\u00e9n en la Ciudadela, Estefan\u00eda de Paz presenta la \u2018Reina del Arga\u2019 cada d\u00eda a las 19 horas","og_url":"https:\/\/www.laguiadepamplona.com\/actualidad\/el-festival-de-las-murallas-propone-hoy-un-espectaculo-nocturno-de-malabares-y-danza-el-lunes-un-viaje-con-los-maasai-de-kenia-y-el-martes-una-obra-de-circo-danza-y-musica\/","og_site_name":"La Gu\u00eda de Pamplona","article_publisher":"https:\/\/www.facebook.com\/laguiadepamplonacom-133175176762273\/?ref=hl","article_published_time":"2021-08-13T14:54:43+00:00","article_modified_time":"2023-04-11T09:49:06+00:00","og_image":[{"width":870,"height":480,"url":"https:\/\/www.laguiadepamplona.com\/actualidad\/wp-content\/uploads\/2021\/08\/mightyjambo-1-870x480-1.jpg","type":"image\/jpeg"}],"author":"La Gu\u00eda de Pamplona","twitter_card":"summary_large_image","twitter_creator":"@LaGuiadPamplona","twitter_site":"@LaGuiadPamplona","twitter_misc":{"Escrito por":"La Gu\u00eda de Pamplona","Tiempo de lectura":"2 minutos"},"schema":{"@context":"https:\/\/schema.org","@graph":[{"@type":"Article","@id":"https:\/\/www.laguiadepamplona.com\/actualidad\/el-festival-de-las-murallas-propone-hoy-un-espectaculo-nocturno-de-malabares-y-danza-el-lunes-un-viaje-con-los-maasai-de-kenia-y-el-martes-una-obra-de-circo-danza-y-musica\/#article","isPartOf":{"@id":"https:\/\/www.laguiadepamplona.com\/actualidad\/el-festival-de-las-murallas-propone-hoy-un-espectaculo-nocturno-de-malabares-y-danza-el-lunes-un-viaje-con-los-maasai-de-kenia-y-el-martes-una-obra-de-circo-danza-y-musica\/"},"author":{"name":"La Gu\u00eda de Pamplona","@id":"https:\/\/www.laguiadepamplona.com\/actualidad\/#\/schema\/person\/efe887376f0213d4657c93adc50b1fdb"},"headline":"El Festival de las Murallas propone hoy un espect\u00e1culo nocturno de malabares y danza, el lunes un viaje con los Maasai de Kenia y el martes una obra de circo, danza y m\u00fasica","datePublished":"2021-08-13T14:54:43+00:00","dateModified":"2023-04-11T09:49:06+00:00","mainEntityOfPage":{"@id":"https:\/\/www.laguiadepamplona.com\/actualidad\/el-festival-de-las-murallas-propone-hoy-un-espectaculo-nocturno-de-malabares-y-danza-el-lunes-un-viaje-con-los-maasai-de-kenia-y-el-martes-una-obra-de-circo-danza-y-musica\/"},"wordCount":485,"commentCount":0,"publisher":{"@id":"https:\/\/www.laguiadepamplona.com\/actualidad\/#organization"},"image":{"@id":"https:\/\/www.laguiadepamplona.com\/actualidad\/el-festival-de-las-murallas-propone-hoy-un-espectaculo-nocturno-de-malabares-y-danza-el-lunes-un-viaje-con-los-maasai-de-kenia-y-el-martes-una-obra-de-circo-danza-y-musica\/#primaryimage"},"thumbnailUrl":"https:\/\/www.laguiadepamplona.com\/actualidad\/wp-content\/uploads\/2021\/08\/mightyjambo-1-870x480-1.jpg","articleSection":["Ayto Pamplona"],"inLanguage":"es","potentialAction":[{"@type":"CommentAction","name":"Comment","target":["https:\/\/www.laguiadepamplona.com\/actualidad\/el-festival-de-las-murallas-propone-hoy-un-espectaculo-nocturno-de-malabares-y-danza-el-lunes-un-viaje-con-los-maasai-de-kenia-y-el-martes-una-obra-de-circo-danza-y-musica\/#respond"]}]},{"@type":"WebPage","@id":"https:\/\/www.laguiadepamplona.com\/actualidad\/el-festival-de-las-murallas-propone-hoy-un-espectaculo-nocturno-de-malabares-y-danza-el-lunes-un-viaje-con-los-maasai-de-kenia-y-el-martes-una-obra-de-circo-danza-y-musica\/","url":"https:\/\/www.laguiadepamplona.com\/actualidad\/el-festival-de-las-murallas-propone-hoy-un-espectaculo-nocturno-de-malabares-y-danza-el-lunes-un-viaje-con-los-maasai-de-kenia-y-el-martes-una-obra-de-circo-danza-y-musica\/","name":"El Festival de las Murallas propone hoy un espect\u00e1culo nocturno de malabares y danza, el lunes un viaje con los Maasai de Kenia y el martes una obra de circo, danza y m\u00fasica","isPartOf":{"@id":"https:\/\/www.laguiadepamplona.com\/actualidad\/#website"},"primaryImageOfPage":{"@id":"https:\/\/www.laguiadepamplona.com\/actualidad\/el-festival-de-las-murallas-propone-hoy-un-espectaculo-nocturno-de-malabares-y-danza-el-lunes-un-viaje-con-los-maasai-de-kenia-y-el-martes-una-obra-de-circo-danza-y-musica\/#primaryimage"},"image":{"@id":"https:\/\/www.laguiadepamplona.com\/actualidad\/el-festival-de-las-murallas-propone-hoy-un-espectaculo-nocturno-de-malabares-y-danza-el-lunes-un-viaje-con-los-maasai-de-kenia-y-el-martes-una-obra-de-circo-danza-y-musica\/#primaryimage"},"thumbnailUrl":"https:\/\/www.laguiadepamplona.com\/actualidad\/wp-content\/uploads\/2021\/08\/mightyjambo-1-870x480-1.jpg","datePublished":"2021-08-13T14:54:43+00:00","dateModified":"2023-04-11T09:49:06+00:00","description":"Adem\u00e1s, tambi\u00e9n en la Ciudadela, Estefan\u00eda de Paz presenta la \u2018Reina del Arga\u2019 cada d\u00eda a las 19 horas","breadcrumb":{"@id":"https:\/\/www.laguiadepamplona.com\/actualidad\/el-festival-de-las-murallas-propone-hoy-un-espectaculo-nocturno-de-malabares-y-danza-el-lunes-un-viaje-con-los-maasai-de-kenia-y-el-martes-una-obra-de-circo-danza-y-musica\/#breadcrumb"},"inLanguage":"es","potentialAction":[{"@type":"ReadAction","target":["https:\/\/www.laguiadepamplona.com\/actualidad\/el-festival-de-las-murallas-propone-hoy-un-espectaculo-nocturno-de-malabares-y-danza-el-lunes-un-viaje-con-los-maasai-de-kenia-y-el-martes-una-obra-de-circo-danza-y-musica\/"]}]},{"@type":"ImageObject","inLanguage":"es","@id":"https:\/\/www.laguiadepamplona.com\/actualidad\/el-festival-de-las-murallas-propone-hoy-un-espectaculo-nocturno-de-malabares-y-danza-el-lunes-un-viaje-con-los-maasai-de-kenia-y-el-martes-una-obra-de-circo-danza-y-musica\/#primaryimage","url":"https:\/\/www.laguiadepamplona.com\/actualidad\/wp-content\/uploads\/2021\/08\/mightyjambo-1-870x480-1.jpg","contentUrl":"https:\/\/www.laguiadepamplona.com\/actualidad\/wp-content\/uploads\/2021\/08\/mightyjambo-1-870x480-1.jpg","width":870,"height":480},{"@type":"BreadcrumbList","@id":"https:\/\/www.laguiadepamplona.com\/actualidad\/el-festival-de-las-murallas-propone-hoy-un-espectaculo-nocturno-de-malabares-y-danza-el-lunes-un-viaje-con-los-maasai-de-kenia-y-el-martes-una-obra-de-circo-danza-y-musica\/#breadcrumb","itemListElement":[{"@type":"ListItem","position":1,"name":"Portada","item":"https:\/\/www.laguiadepamplona.com\/actualidad\/"},{"@type":"ListItem","position":2,"name":"El Festival de las Murallas propone hoy un espect\u00e1culo nocturno de malabares y danza, el lunes un viaje con los Maasai de Kenia y el martes una obra de circo, danza y m\u00fasica"}]},{"@type":"WebSite","@id":"https:\/\/www.laguiadepamplona.com\/actualidad\/#website","url":"https:\/\/www.laguiadepamplona.com\/actualidad\/","name":"La gu\u00eda de Pamplona","description":"Noticias de Pamplona","publisher":{"@id":"https:\/\/www.laguiadepamplona.com\/actualidad\/#organization"},"potentialAction":[{"@type":"SearchAction","target":{"@type":"EntryPoint","urlTemplate":"https:\/\/www.laguiadepamplona.com\/actualidad\/?s={search_term_string}"},"query-input":{"@type":"PropertyValueSpecification","valueRequired":true,"valueName":"search_term_string"}}],"inLanguage":"es"},{"@type":"Organization","@id":"https:\/\/www.laguiadepamplona.com\/actualidad\/#organization","name":"La Gu\u00eda de Pamplona \/ Noticias","url":"https:\/\/www.laguiadepamplona.com\/actualidad\/","logo":{"@type":"ImageObject","inLanguage":"es","@id":"https:\/\/www.laguiadepamplona.com\/actualidad\/#\/schema\/logo\/image\/","url":"https:\/\/www.laguiadepamplona.com\/actualidad\/wp-content\/uploads\/2018\/11\/logo-laguiadepamplona18-web1.png","contentUrl":"https:\/\/www.laguiadepamplona.com\/actualidad\/wp-content\/uploads\/2018\/11\/logo-laguiadepamplona18-web1.png","width":600,"height":196,"caption":"La Gu\u00eda de Pamplona \/ Noticias"},"image":{"@id":"https:\/\/www.laguiadepamplona.com\/actualidad\/#\/schema\/logo\/image\/"},"sameAs":["https:\/\/www.facebook.com\/laguiadepamplonacom-133175176762273\/?ref=hl","https:\/\/x.com\/LaGuiadPamplona","https:\/\/www.instagram.com\/la_guia_de_pamplona\/","https:\/\/www.youtube.com\/user\/laguiadepamplona"]},{"@type":"Person","@id":"https:\/\/www.laguiadepamplona.com\/actualidad\/#\/schema\/person\/efe887376f0213d4657c93adc50b1fdb","name":"La Gu\u00eda de Pamplona","image":{"@type":"ImageObject","inLanguage":"es","@id":"https:\/\/secure.gravatar.com\/avatar\/b6992f131dc8d30ab0dff15446e9d346d9dbd95992de0fef795073f5ea83a81c?s=96&d=mm&r=g","url":"https:\/\/secure.gravatar.com\/avatar\/b6992f131dc8d30ab0dff15446e9d346d9dbd95992de0fef795073f5ea83a81c?s=96&d=mm&r=g","contentUrl":"https:\/\/secure.gravatar.com\/avatar\/b6992f131dc8d30ab0dff15446e9d346d9dbd95992de0fef795073f5ea83a81c?s=96&d=mm&r=g","caption":"La Gu\u00eda de Pamplona"}}]}},"post_mailing_queue_ids":[],"_links":{"self":[{"href":"https:\/\/www.laguiadepamplona.com\/actualidad\/wp-json\/wp\/v2\/posts\/36199","targetHints":{"allow":["GET"]}}],"collection":[{"href":"https:\/\/www.laguiadepamplona.com\/actualidad\/wp-json\/wp\/v2\/posts"}],"about":[{"href":"https:\/\/www.laguiadepamplona.com\/actualidad\/wp-json\/wp\/v2\/types\/post"}],"author":[{"embeddable":true,"href":"https:\/\/www.laguiadepamplona.com\/actualidad\/wp-json\/wp\/v2\/users\/1"}],"replies":[{"embeddable":true,"href":"https:\/\/www.laguiadepamplona.com\/actualidad\/wp-json\/wp\/v2\/comments?post=36199"}],"version-history":[{"count":0,"href":"https:\/\/www.laguiadepamplona.com\/actualidad\/wp-json\/wp\/v2\/posts\/36199\/revisions"}],"wp:featuredmedia":[{"embeddable":true,"href":"https:\/\/www.laguiadepamplona.com\/actualidad\/wp-json\/wp\/v2\/media\/36200"}],"wp:attachment":[{"href":"https:\/\/www.laguiadepamplona.com\/actualidad\/wp-json\/wp\/v2\/media?parent=36199"}],"wp:term":[{"taxonomy":"category","embeddable":true,"href":"https:\/\/www.laguiadepamplona.com\/actualidad\/wp-json\/wp\/v2\/categories?post=36199"},{"taxonomy":"post_tag","embeddable":true,"href":"https:\/\/www.laguiadepamplona.com\/actualidad\/wp-json\/wp\/v2\/tags?post=36199"}],"curies":[{"name":"wp","href":"https:\/\/api.w.org\/{rel}","templated":true}]}}