{"id":36164,"date":"2021-08-11T15:59:26","date_gmt":"2021-08-11T13:59:26","guid":{"rendered":"https:\/\/www.laguiadepamplona.com\/actualidad\/?p=36164"},"modified":"2023-04-11T11:49:07","modified_gmt":"2023-04-11T09:49:07","slug":"el-ayuntamiento-de-pamplona-esta-invirtiendo-mas-de-15-millones-de-euros-en-obras-de-eficiencia-energetica-accesibilidad-y-mejora-de-patios-en-colegios-publicos","status":"publish","type":"post","link":"https:\/\/www.laguiadepamplona.com\/actualidad\/el-ayuntamiento-de-pamplona-esta-invirtiendo-mas-de-15-millones-de-euros-en-obras-de-eficiencia-energetica-accesibilidad-y-mejora-de-patios-en-colegios-publicos\/","title":{"rendered":"El Ayuntamiento de Pamplona est\u00e1 invirtiendo m\u00e1s de 1,5 millones de euros en obras de eficiencia energ\u00e9tica, accesibilidad y mejora de patios en colegios p\u00fablicos"},"content":{"rendered":"<h5>Este mes se est\u00e1n acabando intervenciones programadas en siete centros que acoger\u00e1n a partir de septiembre a alrededor 2.290 escolares<\/h5>\n<p><!--more--><\/p>\n<p>El Ayuntamiento de Pamplona estos d\u00edas est\u00e1 terminando la sustituci\u00f3n de 18 ventanas y persianas antiguas de aluminio sin rotura de puente t\u00e9rmico por otras oscilobatientes, todas ellas en la planta primera del Colegio P\u00fablico Garc\u00eda Galdeano. Esta intervenci\u00f3n forma parte de las obras de mejora o acondicionamiento de los centros escolares de Educaci\u00f3n Infantil y Primaria de la ciudad. Y es que se aprovecha el periodo estival para ir haciendo las intervenciones de modo que las obras no afecten al curso escolar.<\/p>\n<p>Las obras pr\u00e1cticamente acabadas del Garc\u00eda Galdeano y el C.P. Iturrama se suman a las que est\u00e1n en ejecuci\u00f3n, como las del comedor del CP San Juan de la Cadena, las de las Escuelas de San Francisco y los colegios p\u00fablicos Sanduzelai, Hegoalde y Amaiur, unos centros que, cuando empiece septiembre, recibir\u00e1n en sus aulas a aproximadamente 2.290 escolares. En total, las mejoras acometidas en estos siete colegios han requerido la inversi\u00f3n 936.000 euros, en general para reformas en ba\u00f1os y aseos y cambios de ventanas y carpinter\u00edas, aunque este verano tambi\u00e9n se han realizado dos proyectos m\u00e1s espec\u00edficos de adecuaci\u00f3n de espacios en dos centros a demanda de la comunidad educativa.<\/p>\n<p><script async src=\"\/\/pagead2.googlesyndication.com\/pagead\/js\/adsbygoogle.js\"><\/script><br \/>\n<!-- Noticias La Guia de Pamplona --><br \/>\n<ins class=\"adsbygoogle\"\nstyle=\"display:block\"\ndata-ad-client=\"ca-pub-6943679897239327\"\ndata-ad-slot=\"7048180777\"\ndata-ad-format=\"auto\"><\/ins><br \/>\n<script>\n(adsbygoogle = window.adsbygoogle || []).push({});\n<\/script><\/p>\n<p>Gracias al acuerdo presupuestario alcanzado por los grupos municipales de Navarra Suma y Socialistas del Ayuntamiento de Pamplona para este ejercicio, en estos momentos est\u00e1n en fase de estudio y proyecto, y se ir\u00e1n haciendo obras en los pr\u00f3ximos meses en patios de cinco colegios p\u00fablicos en los que el curso pasado estaban matriculados 821 estudiantes: Ermitaga\u00f1a, El Lago-Mendigoiti, Rochapea y Azpilaga\u00f1a (ya en ejecuci\u00f3n) Estas intervenciones requieren la inversi\u00f3n 630.000 euros y se podr\u00e1n hacer con las clases empezadas porque, por la ubicaci\u00f3n de los espacios, las obras no alterar\u00e1n el desarrollo del curso 2021\/2022.<\/p>\n<p>Al montante de 1.566.000 habr\u00eda que sumar las actuaciones este verano en otros tres colegios m\u00e1s en concepto de obras menores: la reparaci\u00f3n de sumideros y suelo del gimnasio del C.P. Elorri (15.500 euros); la insonorizaci\u00f3n de un aula en Ermitaga\u00f1a (7.200 euros), la reparaci\u00f3n de la calefacci\u00f3n del comedor de C.P. Rochapea (6.250 euros). Adem\u00e1s de este tipo de obras gestionadas desde el Ayuntamiento de Pamplona, y en este caso tambi\u00e9n fruto del acuerdo presupuestario, los centros escolares dependientes del Consistorio disponen durante el curso un m\u00e1ximo de 6.000 euros por colegio para peque\u00f1as actuaciones de reparaci\u00f3n, una posibilidad que en estos momentos est\u00e1n aprovechando 16 centros escolares.<\/p>\n<p><script async src=\"\/\/pagead2.googlesyndication.com\/pagead\/js\/adsbygoogle.js\"><\/script><br \/>\n<!-- Noticias La Guia de Pamplona --><br \/>\n<ins class=\"adsbygoogle\"\nstyle=\"display:block\"\ndata-ad-client=\"ca-pub-6943679897239327\"\ndata-ad-slot=\"7048180777\"\ndata-ad-format=\"auto\"><\/ins><br \/>\n<script>\n(adsbygoogle = window.adsbygoogle || []).push({});\n<\/script><\/p>\n<p><strong>Una planta m\u00e1s con ventanas nuevas<\/strong><\/p>\n<p>En la actuaci\u00f3n en el C.P. Garc\u00eda Galdeano el Ayuntamiento pretende rehabilitar parte de los elementos de la envolvente del edificio para mejorar sus condiciones t\u00e9rmicas y de habitabilidad. Estas obras, que comenzaron a mediados de julio, eran continuaci\u00f3n del proceso de cambio de carpinter\u00edas exteriores en este centro escolar iniciado en 2019 con las ventanas de la planta baja.<\/p>\n<p>Siguiendo las pautas de la intervenci\u00f3n anterior las ventanas son hojas practicables con herrajes oscilobatientes, realizadas en perfil de aluminio, color blanco en el interior y plata hacia el exterior. Son ventanas con doble acristalamiento con c\u00e1mara y doble sellado perimetral. Las ventanas est\u00e1n equipadas con persianas con caj\u00f3n, con recogedor empotrado y pulsador a motor para su recogida mec\u00e1nica. El acabado de la obra implica labores de lucido en yeso y pintado, esto \u00faltimo casi en todo el edificio.<\/p>\n<p><script async src=\"\/\/pagead2.googlesyndication.com\/pagead\/js\/adsbygoogle.js\"><\/script><br \/>\n<!-- Noticias La Guia de Pamplona --><br \/>\n<ins class=\"adsbygoogle\"\nstyle=\"display:block\"\ndata-ad-client=\"ca-pub-6943679897239327\"\ndata-ad-slot=\"7048180777\"\ndata-ad-format=\"auto\"><\/ins><br \/>\n<script>\n(adsbygoogle = window.adsbygoogle || []).push({});\n<\/script><\/p>\n<p>&nbsp;<\/p>\n<h3>El CP Garc\u00eda Galdeano este pr\u00f3ximo curso acoger\u00e1 a 200 escolares en los modelos Modelos A (castellano con el euskera como asignatura) y G (castellano).<\/h3>\n<p>Las obras programadas este verano. 936.00 euros<\/p>\n<ul>\n<li><strong>Gimnasio en las Escuelas de San Francisco<\/strong>. Presupuesto de 186.095,05 euros y ejecuci\u00f3n de Erki Construcci\u00f3n Sostenible S.L.<\/li>\n<\/ul>\n<p>Matr\u00edcula: 419 alumnos el curso pasado.<\/p>\n<p>Adecuaci\u00f3n como gimnasio y puesta en uso del espacio, un volumen construido en el patio para hacer posible en 2018 la cubrici\u00f3n parcial del patio.<\/p>\n<ul>\n<li><strong>Comedor ampliado en San Juan de la Cadena<\/strong>. Presupuesto de 186.327,90 euros \u2013 Erki Construcci\u00f3n Sostenible S.L.<\/li>\n<\/ul>\n<p>Matr\u00edcula: 469 alumnos el curso pasado<\/p>\n<p>Ampliaci\u00f3n del comedor existente en planta baja, abriendo un hueco en fachada y creando un peque\u00f1o patio y creaci\u00f3n de una nueva aula y pasillo de acceso en la primera planta<\/p>\n<ul>\n<li><strong>Reforma de los ba\u00f1os en Hegoalde, Sanduzelai y Amaiur<\/strong>. Presupuesto inicial de 291.180 euros (Sanduzelai 83.665,05 euros -Belate Servicios Integrales S.L. \/ Hegoalde, y Amaiur 136.125 y 71.390 euros, respectivamente- Baluarte RYM S.L.).<\/li>\n<\/ul>\n<p>Matr\u00edcula: 309, 189 y 417 alumnos, respectivamente, el curso pasado<\/p>\n<p>En la ikastola Hegoalde se han redistribuido los espacios de los aseos las plantas baja y primera del edificio m\u00e1s antiguo. En la ikastola Amaiur se ha acometido la segunda fase de la reforma de los aseos del centro, que ha afectado a los ba\u00f1os de la planta baja y la primera planta del ala del edificio situada m\u00e1s al norte y en el C.P. Sanduzelai, se ha intervenido en los aseos de la primera planta. En todos los casos se han realizado cambios en alicatados, pavimentos, sanitarios e iluminaci\u00f3n y ajustes en fontaner\u00eda, saneamiento y carpinter\u00edas.<\/p>\n<ul>\n<li><strong>Nuevas ventanas en los colegios p\u00fablicos Iturrama y Garc\u00eda Galdeano. <\/strong>Presupuesto inicial de 090 euros &#8211; Baluarte RYM S.L. y 116.093,45 euros &#8211; Aguaser Sum. y Servicios, respectivamente.<\/li>\n<\/ul>\n<p>Matr\u00edcula: 281 y 200 alumnos el curso pasado.<\/p>\n<h3>Se han cambiado las ventanas de las fachadas este y oeste del C.P. Iturrama y las de la primera planta del C.P. Garc\u00eda Galdeano.<\/h3>\n<p>obras en patios escolares. 630.000 euros<\/p>\n<p>Matricula: 425, 295, 331, 379 y 391 alumnos, respectivamente el curso pasado.<\/p>\n<p>Ermitaga\u00f1a, El Lago-Mendigoiti, Rochapea y Azpilaga\u00f1a (ya en ejecuci\u00f3n)<\/p>\n<p>obras menores. 28.950 euros<\/p>\n<ul>\n<li><strong>P. Elorri.<\/strong> Reparaci\u00f3n de sumideros y suelo del gimnasio (15.500 euros)<\/li>\n<\/ul>\n<p>Matr\u00edcula: 238 alumnos.<\/p>\n<ul>\n<li><strong>P. Ermitaga\u00f1a.<\/strong> Insonorizaci\u00f3n de un aula (7.200 euros)<\/li>\n<li><strong>P. Rochapea<\/strong>. Reparaci\u00f3n de la calefacci\u00f3n del comedor (6.250 euros).<\/li>\n<\/ul>\n<p>Peque\u00f1as actuaciones de reparaci\u00f3n<\/p>\n<p>En este momento hay en macha obras en 16 centros escolares con un l\u00edmite de gasto p\u00fablico de 6.000 euros por centro.<\/p>\n","protected":false},"excerpt":{"rendered":"<p>Este mes se est\u00e1n acabando intervenciones programadas en siete centros que acoger\u00e1n a partir de septiembre a alrededor 2.290 escolares<\/p>\n","protected":false},"author":1,"featured_media":33484,"comment_status":"open","ping_status":"closed","sticky":false,"template":"","format":"standard","meta":{"footnotes":""},"categories":[2],"tags":[],"class_list":["post-36164","post","type-post","status-publish","format-standard","has-post-thumbnail","hentry","category-ayuntamiento-pamplona"],"yoast_head":"<!-- This site is optimized with the Yoast SEO plugin v27.5 - https:\/\/yoast.com\/product\/yoast-seo-wordpress\/ -->\n<title>El Ayuntamiento de Pamplona est\u00e1 invirtiendo m\u00e1s de 1,5 millones de euros en obras de eficiencia energ\u00e9tica, accesibilidad y mejora de patios en colegios p\u00fablicos<\/title>\n<meta name=\"description\" content=\"Este mes se est\u00e1n acabando intervenciones programadas en siete centros que acoger\u00e1n a partir de septiembre a alrededor 2.290 escolares\" \/>\n<meta name=\"robots\" content=\"index, follow, max-snippet:-1, max-image-preview:large, max-video-preview:-1\" \/>\n<link rel=\"canonical\" href=\"https:\/\/www.laguiadepamplona.com\/actualidad\/el-ayuntamiento-de-pamplona-esta-invirtiendo-mas-de-15-millones-de-euros-en-obras-de-eficiencia-energetica-accesibilidad-y-mejora-de-patios-en-colegios-publicos\/\" \/>\n<meta property=\"og:locale\" content=\"es_ES\" \/>\n<meta property=\"og:type\" content=\"article\" \/>\n<meta property=\"og:title\" content=\"El Ayuntamiento de Pamplona est\u00e1 invirtiendo m\u00e1s de 1,5 millones de euros en obras de eficiencia energ\u00e9tica, accesibilidad y mejora de patios en colegios p\u00fablicos\" \/>\n<meta property=\"og:description\" content=\"Este mes se est\u00e1n acabando intervenciones programadas en siete centros que acoger\u00e1n a partir de septiembre a alrededor 2.290 escolares\" \/>\n<meta property=\"og:url\" content=\"https:\/\/www.laguiadepamplona.com\/actualidad\/el-ayuntamiento-de-pamplona-esta-invirtiendo-mas-de-15-millones-de-euros-en-obras-de-eficiencia-energetica-accesibilidad-y-mejora-de-patios-en-colegios-publicos\/\" \/>\n<meta property=\"og:site_name\" content=\"La Gu\u00eda de Pamplona\" \/>\n<meta property=\"article:publisher\" content=\"https:\/\/www.facebook.com\/laguiadepamplonacom-133175176762273\/?ref=hl\" \/>\n<meta property=\"article:published_time\" content=\"2021-08-11T13:59:26+00:00\" \/>\n<meta property=\"article:modified_time\" content=\"2023-04-11T09:49:07+00:00\" \/>\n<meta property=\"og:image\" content=\"https:\/\/www.laguiadepamplona.com\/actualidad\/wp-content\/uploads\/2021\/03\/colegios-publicos.jpg\" \/>\n\t<meta property=\"og:image:width\" content=\"1920\" \/>\n\t<meta property=\"og:image:height\" content=\"1279\" \/>\n\t<meta property=\"og:image:type\" content=\"image\/jpeg\" \/>\n<meta name=\"author\" content=\"La Gu\u00eda de Pamplona\" \/>\n<meta name=\"twitter:card\" content=\"summary_large_image\" \/>\n<meta name=\"twitter:creator\" content=\"@LaGuiadPamplona\" \/>\n<meta name=\"twitter:site\" content=\"@LaGuiadPamplona\" \/>\n<meta name=\"twitter:label1\" content=\"Escrito por\" \/>\n\t<meta name=\"twitter:data1\" content=\"La Gu\u00eda de Pamplona\" \/>\n\t<meta name=\"twitter:label2\" content=\"Tiempo de lectura\" \/>\n\t<meta name=\"twitter:data2\" content=\"5 minutos\" \/>\n<script type=\"application\/ld+json\" class=\"yoast-schema-graph\">{\"@context\":\"https:\\\/\\\/schema.org\",\"@graph\":[{\"@type\":\"Article\",\"@id\":\"https:\\\/\\\/www.laguiadepamplona.com\\\/actualidad\\\/el-ayuntamiento-de-pamplona-esta-invirtiendo-mas-de-15-millones-de-euros-en-obras-de-eficiencia-energetica-accesibilidad-y-mejora-de-patios-en-colegios-publicos\\\/#article\",\"isPartOf\":{\"@id\":\"https:\\\/\\\/www.laguiadepamplona.com\\\/actualidad\\\/el-ayuntamiento-de-pamplona-esta-invirtiendo-mas-de-15-millones-de-euros-en-obras-de-eficiencia-energetica-accesibilidad-y-mejora-de-patios-en-colegios-publicos\\\/\"},\"author\":{\"name\":\"La Gu\u00eda de Pamplona\",\"@id\":\"https:\\\/\\\/www.laguiadepamplona.com\\\/actualidad\\\/#\\\/schema\\\/person\\\/efe887376f0213d4657c93adc50b1fdb\"},\"headline\":\"El Ayuntamiento de Pamplona est\u00e1 invirtiendo m\u00e1s de 1,5 millones de euros en obras de eficiencia energ\u00e9tica, accesibilidad y mejora de patios en colegios p\u00fablicos\",\"datePublished\":\"2021-08-11T13:59:26+00:00\",\"dateModified\":\"2023-04-11T09:49:07+00:00\",\"mainEntityOfPage\":{\"@id\":\"https:\\\/\\\/www.laguiadepamplona.com\\\/actualidad\\\/el-ayuntamiento-de-pamplona-esta-invirtiendo-mas-de-15-millones-de-euros-en-obras-de-eficiencia-energetica-accesibilidad-y-mejora-de-patios-en-colegios-publicos\\\/\"},\"wordCount\":1077,\"commentCount\":0,\"publisher\":{\"@id\":\"https:\\\/\\\/www.laguiadepamplona.com\\\/actualidad\\\/#organization\"},\"image\":{\"@id\":\"https:\\\/\\\/www.laguiadepamplona.com\\\/actualidad\\\/el-ayuntamiento-de-pamplona-esta-invirtiendo-mas-de-15-millones-de-euros-en-obras-de-eficiencia-energetica-accesibilidad-y-mejora-de-patios-en-colegios-publicos\\\/#primaryimage\"},\"thumbnailUrl\":\"https:\\\/\\\/www.laguiadepamplona.com\\\/actualidad\\\/wp-content\\\/uploads\\\/2021\\\/03\\\/colegios-publicos.jpg\",\"articleSection\":[\"Ayto Pamplona\"],\"inLanguage\":\"es\",\"potentialAction\":[{\"@type\":\"CommentAction\",\"name\":\"Comment\",\"target\":[\"https:\\\/\\\/www.laguiadepamplona.com\\\/actualidad\\\/el-ayuntamiento-de-pamplona-esta-invirtiendo-mas-de-15-millones-de-euros-en-obras-de-eficiencia-energetica-accesibilidad-y-mejora-de-patios-en-colegios-publicos\\\/#respond\"]}]},{\"@type\":\"WebPage\",\"@id\":\"https:\\\/\\\/www.laguiadepamplona.com\\\/actualidad\\\/el-ayuntamiento-de-pamplona-esta-invirtiendo-mas-de-15-millones-de-euros-en-obras-de-eficiencia-energetica-accesibilidad-y-mejora-de-patios-en-colegios-publicos\\\/\",\"url\":\"https:\\\/\\\/www.laguiadepamplona.com\\\/actualidad\\\/el-ayuntamiento-de-pamplona-esta-invirtiendo-mas-de-15-millones-de-euros-en-obras-de-eficiencia-energetica-accesibilidad-y-mejora-de-patios-en-colegios-publicos\\\/\",\"name\":\"El Ayuntamiento de Pamplona est\u00e1 invirtiendo m\u00e1s de 1,5 millones de euros en obras de eficiencia energ\u00e9tica, accesibilidad y mejora de patios en colegios p\u00fablicos\",\"isPartOf\":{\"@id\":\"https:\\\/\\\/www.laguiadepamplona.com\\\/actualidad\\\/#website\"},\"primaryImageOfPage\":{\"@id\":\"https:\\\/\\\/www.laguiadepamplona.com\\\/actualidad\\\/el-ayuntamiento-de-pamplona-esta-invirtiendo-mas-de-15-millones-de-euros-en-obras-de-eficiencia-energetica-accesibilidad-y-mejora-de-patios-en-colegios-publicos\\\/#primaryimage\"},\"image\":{\"@id\":\"https:\\\/\\\/www.laguiadepamplona.com\\\/actualidad\\\/el-ayuntamiento-de-pamplona-esta-invirtiendo-mas-de-15-millones-de-euros-en-obras-de-eficiencia-energetica-accesibilidad-y-mejora-de-patios-en-colegios-publicos\\\/#primaryimage\"},\"thumbnailUrl\":\"https:\\\/\\\/www.laguiadepamplona.com\\\/actualidad\\\/wp-content\\\/uploads\\\/2021\\\/03\\\/colegios-publicos.jpg\",\"datePublished\":\"2021-08-11T13:59:26+00:00\",\"dateModified\":\"2023-04-11T09:49:07+00:00\",\"description\":\"Este mes se est\u00e1n acabando intervenciones programadas en siete centros que acoger\u00e1n a partir de septiembre a alrededor 2.290 escolares\",\"breadcrumb\":{\"@id\":\"https:\\\/\\\/www.laguiadepamplona.com\\\/actualidad\\\/el-ayuntamiento-de-pamplona-esta-invirtiendo-mas-de-15-millones-de-euros-en-obras-de-eficiencia-energetica-accesibilidad-y-mejora-de-patios-en-colegios-publicos\\\/#breadcrumb\"},\"inLanguage\":\"es\",\"potentialAction\":[{\"@type\":\"ReadAction\",\"target\":[\"https:\\\/\\\/www.laguiadepamplona.com\\\/actualidad\\\/el-ayuntamiento-de-pamplona-esta-invirtiendo-mas-de-15-millones-de-euros-en-obras-de-eficiencia-energetica-accesibilidad-y-mejora-de-patios-en-colegios-publicos\\\/\"]}]},{\"@type\":\"ImageObject\",\"inLanguage\":\"es\",\"@id\":\"https:\\\/\\\/www.laguiadepamplona.com\\\/actualidad\\\/el-ayuntamiento-de-pamplona-esta-invirtiendo-mas-de-15-millones-de-euros-en-obras-de-eficiencia-energetica-accesibilidad-y-mejora-de-patios-en-colegios-publicos\\\/#primaryimage\",\"url\":\"https:\\\/\\\/www.laguiadepamplona.com\\\/actualidad\\\/wp-content\\\/uploads\\\/2021\\\/03\\\/colegios-publicos.jpg\",\"contentUrl\":\"https:\\\/\\\/www.laguiadepamplona.com\\\/actualidad\\\/wp-content\\\/uploads\\\/2021\\\/03\\\/colegios-publicos.jpg\",\"width\":1920,\"height\":1279},{\"@type\":\"BreadcrumbList\",\"@id\":\"https:\\\/\\\/www.laguiadepamplona.com\\\/actualidad\\\/el-ayuntamiento-de-pamplona-esta-invirtiendo-mas-de-15-millones-de-euros-en-obras-de-eficiencia-energetica-accesibilidad-y-mejora-de-patios-en-colegios-publicos\\\/#breadcrumb\",\"itemListElement\":[{\"@type\":\"ListItem\",\"position\":1,\"name\":\"Portada\",\"item\":\"https:\\\/\\\/www.laguiadepamplona.com\\\/actualidad\\\/\"},{\"@type\":\"ListItem\",\"position\":2,\"name\":\"El Ayuntamiento de Pamplona est\u00e1 invirtiendo m\u00e1s de 1,5 millones de euros en obras de eficiencia energ\u00e9tica, accesibilidad y mejora de patios en colegios p\u00fablicos\"}]},{\"@type\":\"WebSite\",\"@id\":\"https:\\\/\\\/www.laguiadepamplona.com\\\/actualidad\\\/#website\",\"url\":\"https:\\\/\\\/www.laguiadepamplona.com\\\/actualidad\\\/\",\"name\":\"La gu\u00eda de Pamplona\",\"description\":\"Noticias de Pamplona\",\"publisher\":{\"@id\":\"https:\\\/\\\/www.laguiadepamplona.com\\\/actualidad\\\/#organization\"},\"potentialAction\":[{\"@type\":\"SearchAction\",\"target\":{\"@type\":\"EntryPoint\",\"urlTemplate\":\"https:\\\/\\\/www.laguiadepamplona.com\\\/actualidad\\\/?s={search_term_string}\"},\"query-input\":{\"@type\":\"PropertyValueSpecification\",\"valueRequired\":true,\"valueName\":\"search_term_string\"}}],\"inLanguage\":\"es\"},{\"@type\":\"Organization\",\"@id\":\"https:\\\/\\\/www.laguiadepamplona.com\\\/actualidad\\\/#organization\",\"name\":\"La Gu\u00eda de Pamplona \\\/ Noticias\",\"url\":\"https:\\\/\\\/www.laguiadepamplona.com\\\/actualidad\\\/\",\"logo\":{\"@type\":\"ImageObject\",\"inLanguage\":\"es\",\"@id\":\"https:\\\/\\\/www.laguiadepamplona.com\\\/actualidad\\\/#\\\/schema\\\/logo\\\/image\\\/\",\"url\":\"https:\\\/\\\/www.laguiadepamplona.com\\\/actualidad\\\/wp-content\\\/uploads\\\/2018\\\/11\\\/logo-laguiadepamplona18-web1.png\",\"contentUrl\":\"https:\\\/\\\/www.laguiadepamplona.com\\\/actualidad\\\/wp-content\\\/uploads\\\/2018\\\/11\\\/logo-laguiadepamplona18-web1.png\",\"width\":600,\"height\":196,\"caption\":\"La Gu\u00eda de Pamplona \\\/ Noticias\"},\"image\":{\"@id\":\"https:\\\/\\\/www.laguiadepamplona.com\\\/actualidad\\\/#\\\/schema\\\/logo\\\/image\\\/\"},\"sameAs\":[\"https:\\\/\\\/www.facebook.com\\\/laguiadepamplonacom-133175176762273\\\/?ref=hl\",\"https:\\\/\\\/x.com\\\/LaGuiadPamplona\",\"https:\\\/\\\/www.instagram.com\\\/la_guia_de_pamplona\\\/\",\"https:\\\/\\\/www.youtube.com\\\/user\\\/laguiadepamplona\"]},{\"@type\":\"Person\",\"@id\":\"https:\\\/\\\/www.laguiadepamplona.com\\\/actualidad\\\/#\\\/schema\\\/person\\\/efe887376f0213d4657c93adc50b1fdb\",\"name\":\"La Gu\u00eda de Pamplona\",\"image\":{\"@type\":\"ImageObject\",\"inLanguage\":\"es\",\"@id\":\"https:\\\/\\\/secure.gravatar.com\\\/avatar\\\/b6992f131dc8d30ab0dff15446e9d346d9dbd95992de0fef795073f5ea83a81c?s=96&d=mm&r=g\",\"url\":\"https:\\\/\\\/secure.gravatar.com\\\/avatar\\\/b6992f131dc8d30ab0dff15446e9d346d9dbd95992de0fef795073f5ea83a81c?s=96&d=mm&r=g\",\"contentUrl\":\"https:\\\/\\\/secure.gravatar.com\\\/avatar\\\/b6992f131dc8d30ab0dff15446e9d346d9dbd95992de0fef795073f5ea83a81c?s=96&d=mm&r=g\",\"caption\":\"La Gu\u00eda de Pamplona\"}}]}<\/script>\n<!-- \/ Yoast SEO plugin. -->","yoast_head_json":{"title":"El Ayuntamiento de Pamplona est\u00e1 invirtiendo m\u00e1s de 1,5 millones de euros en obras de eficiencia energ\u00e9tica, accesibilidad y mejora de patios en colegios p\u00fablicos","description":"Este mes se est\u00e1n acabando intervenciones programadas en siete centros que acoger\u00e1n a partir de septiembre a alrededor 2.290 escolares","robots":{"index":"index","follow":"follow","max-snippet":"max-snippet:-1","max-image-preview":"max-image-preview:large","max-video-preview":"max-video-preview:-1"},"canonical":"https:\/\/www.laguiadepamplona.com\/actualidad\/el-ayuntamiento-de-pamplona-esta-invirtiendo-mas-de-15-millones-de-euros-en-obras-de-eficiencia-energetica-accesibilidad-y-mejora-de-patios-en-colegios-publicos\/","og_locale":"es_ES","og_type":"article","og_title":"El Ayuntamiento de Pamplona est\u00e1 invirtiendo m\u00e1s de 1,5 millones de euros en obras de eficiencia energ\u00e9tica, accesibilidad y mejora de patios en colegios p\u00fablicos","og_description":"Este mes se est\u00e1n acabando intervenciones programadas en siete centros que acoger\u00e1n a partir de septiembre a alrededor 2.290 escolares","og_url":"https:\/\/www.laguiadepamplona.com\/actualidad\/el-ayuntamiento-de-pamplona-esta-invirtiendo-mas-de-15-millones-de-euros-en-obras-de-eficiencia-energetica-accesibilidad-y-mejora-de-patios-en-colegios-publicos\/","og_site_name":"La Gu\u00eda de Pamplona","article_publisher":"https:\/\/www.facebook.com\/laguiadepamplonacom-133175176762273\/?ref=hl","article_published_time":"2021-08-11T13:59:26+00:00","article_modified_time":"2023-04-11T09:49:07+00:00","og_image":[{"width":1920,"height":1279,"url":"https:\/\/www.laguiadepamplona.com\/actualidad\/wp-content\/uploads\/2021\/03\/colegios-publicos.jpg","type":"image\/jpeg"}],"author":"La Gu\u00eda de Pamplona","twitter_card":"summary_large_image","twitter_creator":"@LaGuiadPamplona","twitter_site":"@LaGuiadPamplona","twitter_misc":{"Escrito por":"La Gu\u00eda de Pamplona","Tiempo de lectura":"5 minutos"},"schema":{"@context":"https:\/\/schema.org","@graph":[{"@type":"Article","@id":"https:\/\/www.laguiadepamplona.com\/actualidad\/el-ayuntamiento-de-pamplona-esta-invirtiendo-mas-de-15-millones-de-euros-en-obras-de-eficiencia-energetica-accesibilidad-y-mejora-de-patios-en-colegios-publicos\/#article","isPartOf":{"@id":"https:\/\/www.laguiadepamplona.com\/actualidad\/el-ayuntamiento-de-pamplona-esta-invirtiendo-mas-de-15-millones-de-euros-en-obras-de-eficiencia-energetica-accesibilidad-y-mejora-de-patios-en-colegios-publicos\/"},"author":{"name":"La Gu\u00eda de Pamplona","@id":"https:\/\/www.laguiadepamplona.com\/actualidad\/#\/schema\/person\/efe887376f0213d4657c93adc50b1fdb"},"headline":"El Ayuntamiento de Pamplona est\u00e1 invirtiendo m\u00e1s de 1,5 millones de euros en obras de eficiencia energ\u00e9tica, accesibilidad y mejora de patios en colegios p\u00fablicos","datePublished":"2021-08-11T13:59:26+00:00","dateModified":"2023-04-11T09:49:07+00:00","mainEntityOfPage":{"@id":"https:\/\/www.laguiadepamplona.com\/actualidad\/el-ayuntamiento-de-pamplona-esta-invirtiendo-mas-de-15-millones-de-euros-en-obras-de-eficiencia-energetica-accesibilidad-y-mejora-de-patios-en-colegios-publicos\/"},"wordCount":1077,"commentCount":0,"publisher":{"@id":"https:\/\/www.laguiadepamplona.com\/actualidad\/#organization"},"image":{"@id":"https:\/\/www.laguiadepamplona.com\/actualidad\/el-ayuntamiento-de-pamplona-esta-invirtiendo-mas-de-15-millones-de-euros-en-obras-de-eficiencia-energetica-accesibilidad-y-mejora-de-patios-en-colegios-publicos\/#primaryimage"},"thumbnailUrl":"https:\/\/www.laguiadepamplona.com\/actualidad\/wp-content\/uploads\/2021\/03\/colegios-publicos.jpg","articleSection":["Ayto Pamplona"],"inLanguage":"es","potentialAction":[{"@type":"CommentAction","name":"Comment","target":["https:\/\/www.laguiadepamplona.com\/actualidad\/el-ayuntamiento-de-pamplona-esta-invirtiendo-mas-de-15-millones-de-euros-en-obras-de-eficiencia-energetica-accesibilidad-y-mejora-de-patios-en-colegios-publicos\/#respond"]}]},{"@type":"WebPage","@id":"https:\/\/www.laguiadepamplona.com\/actualidad\/el-ayuntamiento-de-pamplona-esta-invirtiendo-mas-de-15-millones-de-euros-en-obras-de-eficiencia-energetica-accesibilidad-y-mejora-de-patios-en-colegios-publicos\/","url":"https:\/\/www.laguiadepamplona.com\/actualidad\/el-ayuntamiento-de-pamplona-esta-invirtiendo-mas-de-15-millones-de-euros-en-obras-de-eficiencia-energetica-accesibilidad-y-mejora-de-patios-en-colegios-publicos\/","name":"El Ayuntamiento de Pamplona est\u00e1 invirtiendo m\u00e1s de 1,5 millones de euros en obras de eficiencia energ\u00e9tica, accesibilidad y mejora de patios en colegios p\u00fablicos","isPartOf":{"@id":"https:\/\/www.laguiadepamplona.com\/actualidad\/#website"},"primaryImageOfPage":{"@id":"https:\/\/www.laguiadepamplona.com\/actualidad\/el-ayuntamiento-de-pamplona-esta-invirtiendo-mas-de-15-millones-de-euros-en-obras-de-eficiencia-energetica-accesibilidad-y-mejora-de-patios-en-colegios-publicos\/#primaryimage"},"image":{"@id":"https:\/\/www.laguiadepamplona.com\/actualidad\/el-ayuntamiento-de-pamplona-esta-invirtiendo-mas-de-15-millones-de-euros-en-obras-de-eficiencia-energetica-accesibilidad-y-mejora-de-patios-en-colegios-publicos\/#primaryimage"},"thumbnailUrl":"https:\/\/www.laguiadepamplona.com\/actualidad\/wp-content\/uploads\/2021\/03\/colegios-publicos.jpg","datePublished":"2021-08-11T13:59:26+00:00","dateModified":"2023-04-11T09:49:07+00:00","description":"Este mes se est\u00e1n acabando intervenciones programadas en siete centros que acoger\u00e1n a partir de septiembre a alrededor 2.290 escolares","breadcrumb":{"@id":"https:\/\/www.laguiadepamplona.com\/actualidad\/el-ayuntamiento-de-pamplona-esta-invirtiendo-mas-de-15-millones-de-euros-en-obras-de-eficiencia-energetica-accesibilidad-y-mejora-de-patios-en-colegios-publicos\/#breadcrumb"},"inLanguage":"es","potentialAction":[{"@type":"ReadAction","target":["https:\/\/www.laguiadepamplona.com\/actualidad\/el-ayuntamiento-de-pamplona-esta-invirtiendo-mas-de-15-millones-de-euros-en-obras-de-eficiencia-energetica-accesibilidad-y-mejora-de-patios-en-colegios-publicos\/"]}]},{"@type":"ImageObject","inLanguage":"es","@id":"https:\/\/www.laguiadepamplona.com\/actualidad\/el-ayuntamiento-de-pamplona-esta-invirtiendo-mas-de-15-millones-de-euros-en-obras-de-eficiencia-energetica-accesibilidad-y-mejora-de-patios-en-colegios-publicos\/#primaryimage","url":"https:\/\/www.laguiadepamplona.com\/actualidad\/wp-content\/uploads\/2021\/03\/colegios-publicos.jpg","contentUrl":"https:\/\/www.laguiadepamplona.com\/actualidad\/wp-content\/uploads\/2021\/03\/colegios-publicos.jpg","width":1920,"height":1279},{"@type":"BreadcrumbList","@id":"https:\/\/www.laguiadepamplona.com\/actualidad\/el-ayuntamiento-de-pamplona-esta-invirtiendo-mas-de-15-millones-de-euros-en-obras-de-eficiencia-energetica-accesibilidad-y-mejora-de-patios-en-colegios-publicos\/#breadcrumb","itemListElement":[{"@type":"ListItem","position":1,"name":"Portada","item":"https:\/\/www.laguiadepamplona.com\/actualidad\/"},{"@type":"ListItem","position":2,"name":"El Ayuntamiento de Pamplona est\u00e1 invirtiendo m\u00e1s de 1,5 millones de euros en obras de eficiencia energ\u00e9tica, accesibilidad y mejora de patios en colegios p\u00fablicos"}]},{"@type":"WebSite","@id":"https:\/\/www.laguiadepamplona.com\/actualidad\/#website","url":"https:\/\/www.laguiadepamplona.com\/actualidad\/","name":"La gu\u00eda de Pamplona","description":"Noticias de Pamplona","publisher":{"@id":"https:\/\/www.laguiadepamplona.com\/actualidad\/#organization"},"potentialAction":[{"@type":"SearchAction","target":{"@type":"EntryPoint","urlTemplate":"https:\/\/www.laguiadepamplona.com\/actualidad\/?s={search_term_string}"},"query-input":{"@type":"PropertyValueSpecification","valueRequired":true,"valueName":"search_term_string"}}],"inLanguage":"es"},{"@type":"Organization","@id":"https:\/\/www.laguiadepamplona.com\/actualidad\/#organization","name":"La Gu\u00eda de Pamplona \/ Noticias","url":"https:\/\/www.laguiadepamplona.com\/actualidad\/","logo":{"@type":"ImageObject","inLanguage":"es","@id":"https:\/\/www.laguiadepamplona.com\/actualidad\/#\/schema\/logo\/image\/","url":"https:\/\/www.laguiadepamplona.com\/actualidad\/wp-content\/uploads\/2018\/11\/logo-laguiadepamplona18-web1.png","contentUrl":"https:\/\/www.laguiadepamplona.com\/actualidad\/wp-content\/uploads\/2018\/11\/logo-laguiadepamplona18-web1.png","width":600,"height":196,"caption":"La Gu\u00eda de Pamplona \/ Noticias"},"image":{"@id":"https:\/\/www.laguiadepamplona.com\/actualidad\/#\/schema\/logo\/image\/"},"sameAs":["https:\/\/www.facebook.com\/laguiadepamplonacom-133175176762273\/?ref=hl","https:\/\/x.com\/LaGuiadPamplona","https:\/\/www.instagram.com\/la_guia_de_pamplona\/","https:\/\/www.youtube.com\/user\/laguiadepamplona"]},{"@type":"Person","@id":"https:\/\/www.laguiadepamplona.com\/actualidad\/#\/schema\/person\/efe887376f0213d4657c93adc50b1fdb","name":"La Gu\u00eda de Pamplona","image":{"@type":"ImageObject","inLanguage":"es","@id":"https:\/\/secure.gravatar.com\/avatar\/b6992f131dc8d30ab0dff15446e9d346d9dbd95992de0fef795073f5ea83a81c?s=96&d=mm&r=g","url":"https:\/\/secure.gravatar.com\/avatar\/b6992f131dc8d30ab0dff15446e9d346d9dbd95992de0fef795073f5ea83a81c?s=96&d=mm&r=g","contentUrl":"https:\/\/secure.gravatar.com\/avatar\/b6992f131dc8d30ab0dff15446e9d346d9dbd95992de0fef795073f5ea83a81c?s=96&d=mm&r=g","caption":"La Gu\u00eda de Pamplona"}}]}},"post_mailing_queue_ids":[],"_links":{"self":[{"href":"https:\/\/www.laguiadepamplona.com\/actualidad\/wp-json\/wp\/v2\/posts\/36164","targetHints":{"allow":["GET"]}}],"collection":[{"href":"https:\/\/www.laguiadepamplona.com\/actualidad\/wp-json\/wp\/v2\/posts"}],"about":[{"href":"https:\/\/www.laguiadepamplona.com\/actualidad\/wp-json\/wp\/v2\/types\/post"}],"author":[{"embeddable":true,"href":"https:\/\/www.laguiadepamplona.com\/actualidad\/wp-json\/wp\/v2\/users\/1"}],"replies":[{"embeddable":true,"href":"https:\/\/www.laguiadepamplona.com\/actualidad\/wp-json\/wp\/v2\/comments?post=36164"}],"version-history":[{"count":0,"href":"https:\/\/www.laguiadepamplona.com\/actualidad\/wp-json\/wp\/v2\/posts\/36164\/revisions"}],"wp:featuredmedia":[{"embeddable":true,"href":"https:\/\/www.laguiadepamplona.com\/actualidad\/wp-json\/wp\/v2\/media\/33484"}],"wp:attachment":[{"href":"https:\/\/www.laguiadepamplona.com\/actualidad\/wp-json\/wp\/v2\/media?parent=36164"}],"wp:term":[{"taxonomy":"category","embeddable":true,"href":"https:\/\/www.laguiadepamplona.com\/actualidad\/wp-json\/wp\/v2\/categories?post=36164"},{"taxonomy":"post_tag","embeddable":true,"href":"https:\/\/www.laguiadepamplona.com\/actualidad\/wp-json\/wp\/v2\/tags?post=36164"}],"curies":[{"name":"wp","href":"https:\/\/api.w.org\/{rel}","templated":true}]}}