{"id":36162,"date":"2021-08-10T16:15:16","date_gmt":"2021-08-10T14:15:16","guid":{"rendered":"https:\/\/www.laguiadepamplona.com\/actualidad\/?p=36162"},"modified":"2023-04-11T11:49:07","modified_gmt":"2023-04-11T09:49:07","slug":"los-espectaculos-de-gran-formato-de-circo-y-artes-de-calle-continuan-esta-semana-en-el-festival-de-las-murallas-con-trocos-lucos-bowa-circ-bover-y-nicanor-de-elia","status":"publish","type":"post","link":"https:\/\/www.laguiadepamplona.com\/actualidad\/los-espectaculos-de-gran-formato-de-circo-y-artes-de-calle-continuan-esta-semana-en-el-festival-de-las-murallas-con-trocos-lucos-bowa-circ-bover-y-nicanor-de-elia\/","title":{"rendered":"Los espect\u00e1culos de gran formato de circo y artes de calle contin\u00faan esta semana en el Festival de las Murallas con Trocos Lucos, Bowa, Circ Bover y Nicanor de El\u00eda"},"content":{"rendered":"<h5>Los espect\u00e1culos se ponen en escena en la Ciudadela con entrada libre el martes, el mi\u00e9rcoles y el jueves a las 20 horas y el viernes a las 22 horas<\/h5>\n<p><!--more--><\/p>\n<p>El Festival de las Murallas contin\u00faan esta semana con sus propuestas de artes de calle, circo contempor\u00e1neo y danza con cuatro actuaciones de martes a viernes de la mano de las compa\u00f1\u00edas Trocos Lucos, Bowa, Circ Bover y Nicanor de El\u00eda. Los espect\u00e1culos de martes, mi\u00e9rcoles y jueves comienzan a las 20 horas y el nocturno del viernes a las 22 horas. Todos ellos tienen entrada libre hasta completar el aforo. El festival ofrece este a\u00f1o un total de 15 actuaciones con otras tantas compa\u00f1\u00edas nacionales e internacionales.<\/p>\n<p>Este martes, Trocos Lucos pone en escena \u2018Tartana\u2019, un espect\u00e1culo que parte de la investigaci\u00f3n sobre la t\u00e9cnica de la b\u00e1scula coreana y el uso de una furgoneta como elemento esc\u00e9nico. La obra tiene en cuenta el rigor y la precisi\u00f3n que requieren la t\u00e9cnica y la composici\u00f3n acrob\u00e1tica sin perder de vista el humor. En escena estar\u00e1n tres acr\u00f3batas madrile\u00f1os que han trabajado en distintas compa\u00f1\u00edas previamente y que como Tartana han participado en varios festivales: Juan de las Casas, Ismael P\u00e9rez Fandos y Cira Cabas\u00e9s.<\/p>\n<p><script async src=\"\/\/pagead2.googlesyndication.com\/pagead\/js\/adsbygoogle.js\"><\/script><br \/>\n<!-- Noticias La Guia de Pamplona --><br \/>\n<ins class=\"adsbygoogle\"\nstyle=\"display:block\"\ndata-ad-client=\"ca-pub-6943679897239327\"\ndata-ad-slot=\"7048180777\"\ndata-ad-format=\"auto\"><\/ins><br \/>\n<script>\n(adsbygoogle = window.adsbygoogle || []).push({});\n<\/script><\/p>\n<p><strong>\u2018Bowa\u2019 un viaje con humor y poes\u00eda basado en las acrobacias<\/strong><\/p>\n<p>El mi\u00e9rcoles podr\u00e1 verse la obra \u2018Bowa\u2019, que narra la historia de una hu\u00e9rfana que encuentra una botella a orillas del mar y decide ir en b\u00fasqueda de su destinatario. El espect\u00e1culo transita por diferentes estados emocionales del personaje, que se apoyan en un lenguaje circense multidisciplinar que incluyen efectos de magia que surgen de una forma accidental, reforzando la peculiaridad del espacio. La producci\u00f3n es una investigaci\u00f3n sobre las botellas, su manipulaci\u00f3n y equilibrios, aderezada con humor y toques de poes\u00eda.<\/p>\n<p>La obra da tambi\u00e9n nombre a la compa\u00f1\u00eda, tras la que se encuentra Elena Vives, doctora en Ciencias de la Actividad F\u00edsica y el Deporte y m\u00e1ster en Artes Esc\u00e9nicas. Inici\u00f3 su recorrido en el mundo del circo en 2005 de forma autodidacta completando su formaci\u00f3n en Madrid, Montreal, Londres y Barcelona. Ha trabajado en compa\u00f1\u00edas de Montreal, Budapest, Berl\u00edn, D\u00fcsseldorf y Madrid.<\/p>\n<p><script async src=\"\/\/pagead2.googlesyndication.com\/pagead\/js\/adsbygoogle.js\"><\/script><br \/>\n<!-- Noticias La Guia de Pamplona --><br \/>\n<ins class=\"adsbygoogle\"\nstyle=\"display:block\"\ndata-ad-client=\"ca-pub-6943679897239327\"\ndata-ad-slot=\"7048180777\"\ndata-ad-format=\"auto\"><\/ins><br \/>\n<script>\n(adsbygoogle = window.adsbygoogle || []).push({});\n<\/script><\/p>\n<p><strong>Acrobacias sobre el bamb\u00fa y las cuerdas en \u2018Avol\u2019 de Circ Bover<\/strong><\/p>\n<p>\u2018Avol\u2019 es el t\u00edtulo de la propuesta de Circ Bover para el jueves, la culminaci\u00f3n a cinco a\u00f1os de investigaci\u00f3n con el bamb\u00fa y sus posibilidades aplicadas al circo que ha sido galardonada con premios a escala nacional e internacional. La obra reivindica la figura del artista y lo hace a trav\u00e9s de cuatro personajes que se encuentran, de golpe, con la necesidad de reinventarse lo que les lleva a superar nuevos retos.<\/p>\n<p>El Circ Bover es una compa\u00f1\u00eda de circo profesional que en 2005 emprendi\u00f3 la iniciativa de difundir las artes circenses en las Islas Baleares. La formaci\u00f3n produce espect\u00e1culos de creaci\u00f3n propia que combina con las \u00faltimas tendencias de circo contempor\u00e1neo, el teatro, la danza y la m\u00fasica en directo. Dispone del centro de programaci\u00f3n propio en Mallorca, El Centre de Circ, con artistas residentes y una escuela de circo. Su trabajo ha recibido diferentes premios y reconocimientos.<\/p>\n<p><script async src=\"\/\/pagead2.googlesyndication.com\/pagead\/js\/adsbygoogle.js\"><\/script><br \/>\n<!-- Noticias La Guia de Pamplona --><br \/>\n<ins class=\"adsbygoogle\"\nstyle=\"display:block\"\ndata-ad-client=\"ca-pub-6943679897239327\"\ndata-ad-slot=\"7048180777\"\ndata-ad-format=\"auto\"><\/ins><br \/>\n<script>\n(adsbygoogle = window.adsbygoogle || []).push({});\n<\/script><\/p>\n<p><strong>Espect\u00e1culo de Nicanor de El\u00eda con 5 malabaristas\/bailarines<\/strong><\/p>\n<p>La semana termina el viernes, 13 de agosto, con un espect\u00e1culo de malabares y danza impulsado por Nicanor de El\u00eda que lleva el nombre de una nueva t\u00e9cnica, \u2018Copyleft\u2019. Los malabaristas\/bailarines presentan una propuesta en la que el grupo pone al l\u00edmite el cuerpo del malabarista, su tensi\u00f3n f\u00edsica, la improvisaci\u00f3n, la coreograf\u00eda y la relaci\u00f3n con la m\u00fasica. Para desarrollar esta t\u00e9cnica y crear el espect\u00e1culo, Nicanor eligi\u00f3 cinco int\u00e9rpretes salidos de las escuelas de circo superior de Toulouse (Francia). Cada uno de ellos ha desarrollado un malabarismo personal y ultra f\u00edsico, con un fuerte car\u00e1cter individual.<\/p>\n<p>\u2018Copyleft es el fruto de tres a\u00f1os de investigaci\u00f3n con un contenido que se adapta a cada espacio y el absurdo y el humor sum\u00e1ndose al trabajo de performance. El contenido de la obra hace referencias al mundo del deporte.<\/p>\n<p><script async src=\"\/\/pagead2.googlesyndication.com\/pagead\/js\/adsbygoogle.js\"><\/script><br \/>\n<!-- Noticias La Guia de Pamplona --><br \/>\n<ins class=\"adsbygoogle\"\nstyle=\"display:block\"\ndata-ad-client=\"ca-pub-6943679897239327\"\ndata-ad-slot=\"7048180777\"\ndata-ad-format=\"auto\"><\/ins><br \/>\n<script>\n(adsbygoogle = window.adsbygoogle || []).push({});\n<\/script><\/p>\n<p><strong>Homenaje de Estefan\u00eda de Paz a Remigia Echarren, la \u2018Reina del Arga\u2019<\/strong><\/p>\n<p>Adem\u00e1s, en el programa del Festival de las Murallas, <strong>Estefan\u00eda de Paz<\/strong>, en homenaje a la funambulista Pamplonesa <strong>Remigia Echarren<\/strong> en el centenario de su muerte, representar\u00e1 su espect\u00e1culo la <strong>\u201cReina del Arga\u201d<\/strong>. Las funciones tendr\u00e1n lugar en la <strong>Poterna n\u00ba 7 de la Ciudadela a las 19 horas con <\/strong>entrada libre <strong>del 9 al 13 y del 16 al 19 de agosto.<\/strong><\/p>\n<p>Remigia Echarren fue una mujer excepcional, funambulista y artista muy conocida en la Pamplona de entre los siglos XIX y XX. Adem\u00e1s del sobrenombre de \u2018Reina del Arga\u2019 tambi\u00e9n tuvo los de \u2018Madmoiselle Agustin\u2019\u201d o a \u2018Reina de la maroma\u2019. En la obra se parte de d\u00f3nde naci\u00f3 su deseo de caminar por las alturas en una \u00e9poca en la que pocas eran las referencias de este tipo de haza\u00f1as.<\/p>\n","protected":false},"excerpt":{"rendered":"<p>Los espect\u00e1culos se ponen en escena en la Ciudadela con entrada libre el martes, el mi\u00e9rcoles y el jueves a las 20 horas y el viernes a las 22 horas<\/p>\n","protected":false},"author":1,"featured_media":36106,"comment_status":"open","ping_status":"closed","sticky":false,"template":"","format":"standard","meta":{"footnotes":""},"categories":[2],"tags":[],"class_list":["post-36162","post","type-post","status-publish","format-standard","has-post-thumbnail","hentry","category-ayuntamiento-pamplona"],"yoast_head":"<!-- This site is optimized with the Yoast SEO plugin v27.5 - https:\/\/yoast.com\/product\/yoast-seo-wordpress\/ -->\n<title>Los espect\u00e1culos de gran formato de circo y artes de calle contin\u00faan esta semana en el Festival de las Murallas con Trocos Lucos, Bowa, Circ Bover y Nicanor de El\u00eda<\/title>\n<meta name=\"description\" content=\"Los espect\u00e1culos se ponen en escena en la Ciudadela con entrada libre el martes, el mi\u00e9rcoles y el jueves a las 20 horas y el viernes a las 22 horas\" \/>\n<meta name=\"robots\" content=\"index, follow, max-snippet:-1, max-image-preview:large, max-video-preview:-1\" \/>\n<link rel=\"canonical\" href=\"https:\/\/www.laguiadepamplona.com\/actualidad\/los-espectaculos-de-gran-formato-de-circo-y-artes-de-calle-continuan-esta-semana-en-el-festival-de-las-murallas-con-trocos-lucos-bowa-circ-bover-y-nicanor-de-elia\/\" \/>\n<meta property=\"og:locale\" content=\"es_ES\" \/>\n<meta property=\"og:type\" content=\"article\" \/>\n<meta property=\"og:title\" content=\"Los espect\u00e1culos de gran formato de circo y artes de calle contin\u00faan esta semana en el Festival de las Murallas con Trocos Lucos, Bowa, Circ Bover y Nicanor de El\u00eda\" \/>\n<meta property=\"og:description\" content=\"Los espect\u00e1culos se ponen en escena en la Ciudadela con entrada libre el martes, el mi\u00e9rcoles y el jueves a las 20 horas y el viernes a las 22 horas\" \/>\n<meta property=\"og:url\" content=\"https:\/\/www.laguiadepamplona.com\/actualidad\/los-espectaculos-de-gran-formato-de-circo-y-artes-de-calle-continuan-esta-semana-en-el-festival-de-las-murallas-con-trocos-lucos-bowa-circ-bover-y-nicanor-de-elia\/\" \/>\n<meta property=\"og:site_name\" content=\"La Gu\u00eda de Pamplona\" \/>\n<meta property=\"article:publisher\" content=\"https:\/\/www.facebook.com\/laguiadepamplonacom-133175176762273\/?ref=hl\" \/>\n<meta property=\"article:published_time\" content=\"2021-08-10T14:15:16+00:00\" \/>\n<meta property=\"article:modified_time\" content=\"2023-04-11T09:49:07+00:00\" \/>\n<meta property=\"og:image\" content=\"https:\/\/www.laguiadepamplona.com\/actualidad\/wp-content\/uploads\/2021\/08\/trocos-lucos.jpg\" \/>\n\t<meta property=\"og:image:width\" content=\"1920\" \/>\n\t<meta property=\"og:image:height\" content=\"1083\" \/>\n\t<meta property=\"og:image:type\" content=\"image\/jpeg\" \/>\n<meta name=\"author\" content=\"La Gu\u00eda de Pamplona\" \/>\n<meta name=\"twitter:card\" content=\"summary_large_image\" \/>\n<meta name=\"twitter:creator\" content=\"@LaGuiadPamplona\" \/>\n<meta name=\"twitter:site\" content=\"@LaGuiadPamplona\" \/>\n<meta name=\"twitter:label1\" content=\"Escrito por\" \/>\n\t<meta name=\"twitter:data1\" content=\"La Gu\u00eda de Pamplona\" \/>\n\t<meta name=\"twitter:label2\" content=\"Tiempo de lectura\" \/>\n\t<meta name=\"twitter:data2\" content=\"4 minutos\" \/>\n<script type=\"application\/ld+json\" class=\"yoast-schema-graph\">{\"@context\":\"https:\\\/\\\/schema.org\",\"@graph\":[{\"@type\":\"Article\",\"@id\":\"https:\\\/\\\/www.laguiadepamplona.com\\\/actualidad\\\/los-espectaculos-de-gran-formato-de-circo-y-artes-de-calle-continuan-esta-semana-en-el-festival-de-las-murallas-con-trocos-lucos-bowa-circ-bover-y-nicanor-de-elia\\\/#article\",\"isPartOf\":{\"@id\":\"https:\\\/\\\/www.laguiadepamplona.com\\\/actualidad\\\/los-espectaculos-de-gran-formato-de-circo-y-artes-de-calle-continuan-esta-semana-en-el-festival-de-las-murallas-con-trocos-lucos-bowa-circ-bover-y-nicanor-de-elia\\\/\"},\"author\":{\"name\":\"La Gu\u00eda de Pamplona\",\"@id\":\"https:\\\/\\\/www.laguiadepamplona.com\\\/actualidad\\\/#\\\/schema\\\/person\\\/efe887376f0213d4657c93adc50b1fdb\"},\"headline\":\"Los espect\u00e1culos de gran formato de circo y artes de calle contin\u00faan esta semana en el Festival de las Murallas con Trocos Lucos, Bowa, Circ Bover y Nicanor de El\u00eda\",\"datePublished\":\"2021-08-10T14:15:16+00:00\",\"dateModified\":\"2023-04-11T09:49:07+00:00\",\"mainEntityOfPage\":{\"@id\":\"https:\\\/\\\/www.laguiadepamplona.com\\\/actualidad\\\/los-espectaculos-de-gran-formato-de-circo-y-artes-de-calle-continuan-esta-semana-en-el-festival-de-las-murallas-con-trocos-lucos-bowa-circ-bover-y-nicanor-de-elia\\\/\"},\"wordCount\":918,\"commentCount\":0,\"publisher\":{\"@id\":\"https:\\\/\\\/www.laguiadepamplona.com\\\/actualidad\\\/#organization\"},\"image\":{\"@id\":\"https:\\\/\\\/www.laguiadepamplona.com\\\/actualidad\\\/los-espectaculos-de-gran-formato-de-circo-y-artes-de-calle-continuan-esta-semana-en-el-festival-de-las-murallas-con-trocos-lucos-bowa-circ-bover-y-nicanor-de-elia\\\/#primaryimage\"},\"thumbnailUrl\":\"https:\\\/\\\/www.laguiadepamplona.com\\\/actualidad\\\/wp-content\\\/uploads\\\/2021\\\/08\\\/trocos-lucos.jpg\",\"articleSection\":[\"Ayto Pamplona\"],\"inLanguage\":\"es\",\"potentialAction\":[{\"@type\":\"CommentAction\",\"name\":\"Comment\",\"target\":[\"https:\\\/\\\/www.laguiadepamplona.com\\\/actualidad\\\/los-espectaculos-de-gran-formato-de-circo-y-artes-de-calle-continuan-esta-semana-en-el-festival-de-las-murallas-con-trocos-lucos-bowa-circ-bover-y-nicanor-de-elia\\\/#respond\"]}]},{\"@type\":\"WebPage\",\"@id\":\"https:\\\/\\\/www.laguiadepamplona.com\\\/actualidad\\\/los-espectaculos-de-gran-formato-de-circo-y-artes-de-calle-continuan-esta-semana-en-el-festival-de-las-murallas-con-trocos-lucos-bowa-circ-bover-y-nicanor-de-elia\\\/\",\"url\":\"https:\\\/\\\/www.laguiadepamplona.com\\\/actualidad\\\/los-espectaculos-de-gran-formato-de-circo-y-artes-de-calle-continuan-esta-semana-en-el-festival-de-las-murallas-con-trocos-lucos-bowa-circ-bover-y-nicanor-de-elia\\\/\",\"name\":\"Los espect\u00e1culos de gran formato de circo y artes de calle contin\u00faan esta semana en el Festival de las Murallas con Trocos Lucos, Bowa, Circ Bover y Nicanor de El\u00eda\",\"isPartOf\":{\"@id\":\"https:\\\/\\\/www.laguiadepamplona.com\\\/actualidad\\\/#website\"},\"primaryImageOfPage\":{\"@id\":\"https:\\\/\\\/www.laguiadepamplona.com\\\/actualidad\\\/los-espectaculos-de-gran-formato-de-circo-y-artes-de-calle-continuan-esta-semana-en-el-festival-de-las-murallas-con-trocos-lucos-bowa-circ-bover-y-nicanor-de-elia\\\/#primaryimage\"},\"image\":{\"@id\":\"https:\\\/\\\/www.laguiadepamplona.com\\\/actualidad\\\/los-espectaculos-de-gran-formato-de-circo-y-artes-de-calle-continuan-esta-semana-en-el-festival-de-las-murallas-con-trocos-lucos-bowa-circ-bover-y-nicanor-de-elia\\\/#primaryimage\"},\"thumbnailUrl\":\"https:\\\/\\\/www.laguiadepamplona.com\\\/actualidad\\\/wp-content\\\/uploads\\\/2021\\\/08\\\/trocos-lucos.jpg\",\"datePublished\":\"2021-08-10T14:15:16+00:00\",\"dateModified\":\"2023-04-11T09:49:07+00:00\",\"description\":\"Los espect\u00e1culos se ponen en escena en la Ciudadela con entrada libre el martes, el mi\u00e9rcoles y el jueves a las 20 horas y el viernes a las 22 horas\",\"breadcrumb\":{\"@id\":\"https:\\\/\\\/www.laguiadepamplona.com\\\/actualidad\\\/los-espectaculos-de-gran-formato-de-circo-y-artes-de-calle-continuan-esta-semana-en-el-festival-de-las-murallas-con-trocos-lucos-bowa-circ-bover-y-nicanor-de-elia\\\/#breadcrumb\"},\"inLanguage\":\"es\",\"potentialAction\":[{\"@type\":\"ReadAction\",\"target\":[\"https:\\\/\\\/www.laguiadepamplona.com\\\/actualidad\\\/los-espectaculos-de-gran-formato-de-circo-y-artes-de-calle-continuan-esta-semana-en-el-festival-de-las-murallas-con-trocos-lucos-bowa-circ-bover-y-nicanor-de-elia\\\/\"]}]},{\"@type\":\"ImageObject\",\"inLanguage\":\"es\",\"@id\":\"https:\\\/\\\/www.laguiadepamplona.com\\\/actualidad\\\/los-espectaculos-de-gran-formato-de-circo-y-artes-de-calle-continuan-esta-semana-en-el-festival-de-las-murallas-con-trocos-lucos-bowa-circ-bover-y-nicanor-de-elia\\\/#primaryimage\",\"url\":\"https:\\\/\\\/www.laguiadepamplona.com\\\/actualidad\\\/wp-content\\\/uploads\\\/2021\\\/08\\\/trocos-lucos.jpg\",\"contentUrl\":\"https:\\\/\\\/www.laguiadepamplona.com\\\/actualidad\\\/wp-content\\\/uploads\\\/2021\\\/08\\\/trocos-lucos.jpg\",\"width\":1920,\"height\":1083},{\"@type\":\"BreadcrumbList\",\"@id\":\"https:\\\/\\\/www.laguiadepamplona.com\\\/actualidad\\\/los-espectaculos-de-gran-formato-de-circo-y-artes-de-calle-continuan-esta-semana-en-el-festival-de-las-murallas-con-trocos-lucos-bowa-circ-bover-y-nicanor-de-elia\\\/#breadcrumb\",\"itemListElement\":[{\"@type\":\"ListItem\",\"position\":1,\"name\":\"Portada\",\"item\":\"https:\\\/\\\/www.laguiadepamplona.com\\\/actualidad\\\/\"},{\"@type\":\"ListItem\",\"position\":2,\"name\":\"Los espect\u00e1culos de gran formato de circo y artes de calle contin\u00faan esta semana en el Festival de las Murallas con Trocos Lucos, Bowa, Circ Bover y Nicanor de El\u00eda\"}]},{\"@type\":\"WebSite\",\"@id\":\"https:\\\/\\\/www.laguiadepamplona.com\\\/actualidad\\\/#website\",\"url\":\"https:\\\/\\\/www.laguiadepamplona.com\\\/actualidad\\\/\",\"name\":\"La gu\u00eda de Pamplona\",\"description\":\"Noticias de Pamplona\",\"publisher\":{\"@id\":\"https:\\\/\\\/www.laguiadepamplona.com\\\/actualidad\\\/#organization\"},\"potentialAction\":[{\"@type\":\"SearchAction\",\"target\":{\"@type\":\"EntryPoint\",\"urlTemplate\":\"https:\\\/\\\/www.laguiadepamplona.com\\\/actualidad\\\/?s={search_term_string}\"},\"query-input\":{\"@type\":\"PropertyValueSpecification\",\"valueRequired\":true,\"valueName\":\"search_term_string\"}}],\"inLanguage\":\"es\"},{\"@type\":\"Organization\",\"@id\":\"https:\\\/\\\/www.laguiadepamplona.com\\\/actualidad\\\/#organization\",\"name\":\"La Gu\u00eda de Pamplona \\\/ Noticias\",\"url\":\"https:\\\/\\\/www.laguiadepamplona.com\\\/actualidad\\\/\",\"logo\":{\"@type\":\"ImageObject\",\"inLanguage\":\"es\",\"@id\":\"https:\\\/\\\/www.laguiadepamplona.com\\\/actualidad\\\/#\\\/schema\\\/logo\\\/image\\\/\",\"url\":\"https:\\\/\\\/www.laguiadepamplona.com\\\/actualidad\\\/wp-content\\\/uploads\\\/2018\\\/11\\\/logo-laguiadepamplona18-web1.png\",\"contentUrl\":\"https:\\\/\\\/www.laguiadepamplona.com\\\/actualidad\\\/wp-content\\\/uploads\\\/2018\\\/11\\\/logo-laguiadepamplona18-web1.png\",\"width\":600,\"height\":196,\"caption\":\"La Gu\u00eda de Pamplona \\\/ Noticias\"},\"image\":{\"@id\":\"https:\\\/\\\/www.laguiadepamplona.com\\\/actualidad\\\/#\\\/schema\\\/logo\\\/image\\\/\"},\"sameAs\":[\"https:\\\/\\\/www.facebook.com\\\/laguiadepamplonacom-133175176762273\\\/?ref=hl\",\"https:\\\/\\\/x.com\\\/LaGuiadPamplona\",\"https:\\\/\\\/www.instagram.com\\\/la_guia_de_pamplona\\\/\",\"https:\\\/\\\/www.youtube.com\\\/user\\\/laguiadepamplona\"]},{\"@type\":\"Person\",\"@id\":\"https:\\\/\\\/www.laguiadepamplona.com\\\/actualidad\\\/#\\\/schema\\\/person\\\/efe887376f0213d4657c93adc50b1fdb\",\"name\":\"La Gu\u00eda de Pamplona\",\"image\":{\"@type\":\"ImageObject\",\"inLanguage\":\"es\",\"@id\":\"https:\\\/\\\/secure.gravatar.com\\\/avatar\\\/b6992f131dc8d30ab0dff15446e9d346d9dbd95992de0fef795073f5ea83a81c?s=96&d=mm&r=g\",\"url\":\"https:\\\/\\\/secure.gravatar.com\\\/avatar\\\/b6992f131dc8d30ab0dff15446e9d346d9dbd95992de0fef795073f5ea83a81c?s=96&d=mm&r=g\",\"contentUrl\":\"https:\\\/\\\/secure.gravatar.com\\\/avatar\\\/b6992f131dc8d30ab0dff15446e9d346d9dbd95992de0fef795073f5ea83a81c?s=96&d=mm&r=g\",\"caption\":\"La Gu\u00eda de Pamplona\"}}]}<\/script>\n<!-- \/ Yoast SEO plugin. -->","yoast_head_json":{"title":"Los espect\u00e1culos de gran formato de circo y artes de calle contin\u00faan esta semana en el Festival de las Murallas con Trocos Lucos, Bowa, Circ Bover y Nicanor de El\u00eda","description":"Los espect\u00e1culos se ponen en escena en la Ciudadela con entrada libre el martes, el mi\u00e9rcoles y el jueves a las 20 horas y el viernes a las 22 horas","robots":{"index":"index","follow":"follow","max-snippet":"max-snippet:-1","max-image-preview":"max-image-preview:large","max-video-preview":"max-video-preview:-1"},"canonical":"https:\/\/www.laguiadepamplona.com\/actualidad\/los-espectaculos-de-gran-formato-de-circo-y-artes-de-calle-continuan-esta-semana-en-el-festival-de-las-murallas-con-trocos-lucos-bowa-circ-bover-y-nicanor-de-elia\/","og_locale":"es_ES","og_type":"article","og_title":"Los espect\u00e1culos de gran formato de circo y artes de calle contin\u00faan esta semana en el Festival de las Murallas con Trocos Lucos, Bowa, Circ Bover y Nicanor de El\u00eda","og_description":"Los espect\u00e1culos se ponen en escena en la Ciudadela con entrada libre el martes, el mi\u00e9rcoles y el jueves a las 20 horas y el viernes a las 22 horas","og_url":"https:\/\/www.laguiadepamplona.com\/actualidad\/los-espectaculos-de-gran-formato-de-circo-y-artes-de-calle-continuan-esta-semana-en-el-festival-de-las-murallas-con-trocos-lucos-bowa-circ-bover-y-nicanor-de-elia\/","og_site_name":"La Gu\u00eda de Pamplona","article_publisher":"https:\/\/www.facebook.com\/laguiadepamplonacom-133175176762273\/?ref=hl","article_published_time":"2021-08-10T14:15:16+00:00","article_modified_time":"2023-04-11T09:49:07+00:00","og_image":[{"width":1920,"height":1083,"url":"https:\/\/www.laguiadepamplona.com\/actualidad\/wp-content\/uploads\/2021\/08\/trocos-lucos.jpg","type":"image\/jpeg"}],"author":"La Gu\u00eda de Pamplona","twitter_card":"summary_large_image","twitter_creator":"@LaGuiadPamplona","twitter_site":"@LaGuiadPamplona","twitter_misc":{"Escrito por":"La Gu\u00eda de Pamplona","Tiempo de lectura":"4 minutos"},"schema":{"@context":"https:\/\/schema.org","@graph":[{"@type":"Article","@id":"https:\/\/www.laguiadepamplona.com\/actualidad\/los-espectaculos-de-gran-formato-de-circo-y-artes-de-calle-continuan-esta-semana-en-el-festival-de-las-murallas-con-trocos-lucos-bowa-circ-bover-y-nicanor-de-elia\/#article","isPartOf":{"@id":"https:\/\/www.laguiadepamplona.com\/actualidad\/los-espectaculos-de-gran-formato-de-circo-y-artes-de-calle-continuan-esta-semana-en-el-festival-de-las-murallas-con-trocos-lucos-bowa-circ-bover-y-nicanor-de-elia\/"},"author":{"name":"La Gu\u00eda de Pamplona","@id":"https:\/\/www.laguiadepamplona.com\/actualidad\/#\/schema\/person\/efe887376f0213d4657c93adc50b1fdb"},"headline":"Los espect\u00e1culos de gran formato de circo y artes de calle contin\u00faan esta semana en el Festival de las Murallas con Trocos Lucos, Bowa, Circ Bover y Nicanor de El\u00eda","datePublished":"2021-08-10T14:15:16+00:00","dateModified":"2023-04-11T09:49:07+00:00","mainEntityOfPage":{"@id":"https:\/\/www.laguiadepamplona.com\/actualidad\/los-espectaculos-de-gran-formato-de-circo-y-artes-de-calle-continuan-esta-semana-en-el-festival-de-las-murallas-con-trocos-lucos-bowa-circ-bover-y-nicanor-de-elia\/"},"wordCount":918,"commentCount":0,"publisher":{"@id":"https:\/\/www.laguiadepamplona.com\/actualidad\/#organization"},"image":{"@id":"https:\/\/www.laguiadepamplona.com\/actualidad\/los-espectaculos-de-gran-formato-de-circo-y-artes-de-calle-continuan-esta-semana-en-el-festival-de-las-murallas-con-trocos-lucos-bowa-circ-bover-y-nicanor-de-elia\/#primaryimage"},"thumbnailUrl":"https:\/\/www.laguiadepamplona.com\/actualidad\/wp-content\/uploads\/2021\/08\/trocos-lucos.jpg","articleSection":["Ayto Pamplona"],"inLanguage":"es","potentialAction":[{"@type":"CommentAction","name":"Comment","target":["https:\/\/www.laguiadepamplona.com\/actualidad\/los-espectaculos-de-gran-formato-de-circo-y-artes-de-calle-continuan-esta-semana-en-el-festival-de-las-murallas-con-trocos-lucos-bowa-circ-bover-y-nicanor-de-elia\/#respond"]}]},{"@type":"WebPage","@id":"https:\/\/www.laguiadepamplona.com\/actualidad\/los-espectaculos-de-gran-formato-de-circo-y-artes-de-calle-continuan-esta-semana-en-el-festival-de-las-murallas-con-trocos-lucos-bowa-circ-bover-y-nicanor-de-elia\/","url":"https:\/\/www.laguiadepamplona.com\/actualidad\/los-espectaculos-de-gran-formato-de-circo-y-artes-de-calle-continuan-esta-semana-en-el-festival-de-las-murallas-con-trocos-lucos-bowa-circ-bover-y-nicanor-de-elia\/","name":"Los espect\u00e1culos de gran formato de circo y artes de calle contin\u00faan esta semana en el Festival de las Murallas con Trocos Lucos, Bowa, Circ Bover y Nicanor de El\u00eda","isPartOf":{"@id":"https:\/\/www.laguiadepamplona.com\/actualidad\/#website"},"primaryImageOfPage":{"@id":"https:\/\/www.laguiadepamplona.com\/actualidad\/los-espectaculos-de-gran-formato-de-circo-y-artes-de-calle-continuan-esta-semana-en-el-festival-de-las-murallas-con-trocos-lucos-bowa-circ-bover-y-nicanor-de-elia\/#primaryimage"},"image":{"@id":"https:\/\/www.laguiadepamplona.com\/actualidad\/los-espectaculos-de-gran-formato-de-circo-y-artes-de-calle-continuan-esta-semana-en-el-festival-de-las-murallas-con-trocos-lucos-bowa-circ-bover-y-nicanor-de-elia\/#primaryimage"},"thumbnailUrl":"https:\/\/www.laguiadepamplona.com\/actualidad\/wp-content\/uploads\/2021\/08\/trocos-lucos.jpg","datePublished":"2021-08-10T14:15:16+00:00","dateModified":"2023-04-11T09:49:07+00:00","description":"Los espect\u00e1culos se ponen en escena en la Ciudadela con entrada libre el martes, el mi\u00e9rcoles y el jueves a las 20 horas y el viernes a las 22 horas","breadcrumb":{"@id":"https:\/\/www.laguiadepamplona.com\/actualidad\/los-espectaculos-de-gran-formato-de-circo-y-artes-de-calle-continuan-esta-semana-en-el-festival-de-las-murallas-con-trocos-lucos-bowa-circ-bover-y-nicanor-de-elia\/#breadcrumb"},"inLanguage":"es","potentialAction":[{"@type":"ReadAction","target":["https:\/\/www.laguiadepamplona.com\/actualidad\/los-espectaculos-de-gran-formato-de-circo-y-artes-de-calle-continuan-esta-semana-en-el-festival-de-las-murallas-con-trocos-lucos-bowa-circ-bover-y-nicanor-de-elia\/"]}]},{"@type":"ImageObject","inLanguage":"es","@id":"https:\/\/www.laguiadepamplona.com\/actualidad\/los-espectaculos-de-gran-formato-de-circo-y-artes-de-calle-continuan-esta-semana-en-el-festival-de-las-murallas-con-trocos-lucos-bowa-circ-bover-y-nicanor-de-elia\/#primaryimage","url":"https:\/\/www.laguiadepamplona.com\/actualidad\/wp-content\/uploads\/2021\/08\/trocos-lucos.jpg","contentUrl":"https:\/\/www.laguiadepamplona.com\/actualidad\/wp-content\/uploads\/2021\/08\/trocos-lucos.jpg","width":1920,"height":1083},{"@type":"BreadcrumbList","@id":"https:\/\/www.laguiadepamplona.com\/actualidad\/los-espectaculos-de-gran-formato-de-circo-y-artes-de-calle-continuan-esta-semana-en-el-festival-de-las-murallas-con-trocos-lucos-bowa-circ-bover-y-nicanor-de-elia\/#breadcrumb","itemListElement":[{"@type":"ListItem","position":1,"name":"Portada","item":"https:\/\/www.laguiadepamplona.com\/actualidad\/"},{"@type":"ListItem","position":2,"name":"Los espect\u00e1culos de gran formato de circo y artes de calle contin\u00faan esta semana en el Festival de las Murallas con Trocos Lucos, Bowa, Circ Bover y Nicanor de El\u00eda"}]},{"@type":"WebSite","@id":"https:\/\/www.laguiadepamplona.com\/actualidad\/#website","url":"https:\/\/www.laguiadepamplona.com\/actualidad\/","name":"La gu\u00eda de Pamplona","description":"Noticias de Pamplona","publisher":{"@id":"https:\/\/www.laguiadepamplona.com\/actualidad\/#organization"},"potentialAction":[{"@type":"SearchAction","target":{"@type":"EntryPoint","urlTemplate":"https:\/\/www.laguiadepamplona.com\/actualidad\/?s={search_term_string}"},"query-input":{"@type":"PropertyValueSpecification","valueRequired":true,"valueName":"search_term_string"}}],"inLanguage":"es"},{"@type":"Organization","@id":"https:\/\/www.laguiadepamplona.com\/actualidad\/#organization","name":"La Gu\u00eda de Pamplona \/ Noticias","url":"https:\/\/www.laguiadepamplona.com\/actualidad\/","logo":{"@type":"ImageObject","inLanguage":"es","@id":"https:\/\/www.laguiadepamplona.com\/actualidad\/#\/schema\/logo\/image\/","url":"https:\/\/www.laguiadepamplona.com\/actualidad\/wp-content\/uploads\/2018\/11\/logo-laguiadepamplona18-web1.png","contentUrl":"https:\/\/www.laguiadepamplona.com\/actualidad\/wp-content\/uploads\/2018\/11\/logo-laguiadepamplona18-web1.png","width":600,"height":196,"caption":"La Gu\u00eda de Pamplona \/ Noticias"},"image":{"@id":"https:\/\/www.laguiadepamplona.com\/actualidad\/#\/schema\/logo\/image\/"},"sameAs":["https:\/\/www.facebook.com\/laguiadepamplonacom-133175176762273\/?ref=hl","https:\/\/x.com\/LaGuiadPamplona","https:\/\/www.instagram.com\/la_guia_de_pamplona\/","https:\/\/www.youtube.com\/user\/laguiadepamplona"]},{"@type":"Person","@id":"https:\/\/www.laguiadepamplona.com\/actualidad\/#\/schema\/person\/efe887376f0213d4657c93adc50b1fdb","name":"La Gu\u00eda de Pamplona","image":{"@type":"ImageObject","inLanguage":"es","@id":"https:\/\/secure.gravatar.com\/avatar\/b6992f131dc8d30ab0dff15446e9d346d9dbd95992de0fef795073f5ea83a81c?s=96&d=mm&r=g","url":"https:\/\/secure.gravatar.com\/avatar\/b6992f131dc8d30ab0dff15446e9d346d9dbd95992de0fef795073f5ea83a81c?s=96&d=mm&r=g","contentUrl":"https:\/\/secure.gravatar.com\/avatar\/b6992f131dc8d30ab0dff15446e9d346d9dbd95992de0fef795073f5ea83a81c?s=96&d=mm&r=g","caption":"La Gu\u00eda de Pamplona"}}]}},"post_mailing_queue_ids":[],"_links":{"self":[{"href":"https:\/\/www.laguiadepamplona.com\/actualidad\/wp-json\/wp\/v2\/posts\/36162","targetHints":{"allow":["GET"]}}],"collection":[{"href":"https:\/\/www.laguiadepamplona.com\/actualidad\/wp-json\/wp\/v2\/posts"}],"about":[{"href":"https:\/\/www.laguiadepamplona.com\/actualidad\/wp-json\/wp\/v2\/types\/post"}],"author":[{"embeddable":true,"href":"https:\/\/www.laguiadepamplona.com\/actualidad\/wp-json\/wp\/v2\/users\/1"}],"replies":[{"embeddable":true,"href":"https:\/\/www.laguiadepamplona.com\/actualidad\/wp-json\/wp\/v2\/comments?post=36162"}],"version-history":[{"count":0,"href":"https:\/\/www.laguiadepamplona.com\/actualidad\/wp-json\/wp\/v2\/posts\/36162\/revisions"}],"wp:featuredmedia":[{"embeddable":true,"href":"https:\/\/www.laguiadepamplona.com\/actualidad\/wp-json\/wp\/v2\/media\/36106"}],"wp:attachment":[{"href":"https:\/\/www.laguiadepamplona.com\/actualidad\/wp-json\/wp\/v2\/media?parent=36162"}],"wp:term":[{"taxonomy":"category","embeddable":true,"href":"https:\/\/www.laguiadepamplona.com\/actualidad\/wp-json\/wp\/v2\/categories?post=36162"},{"taxonomy":"post_tag","embeddable":true,"href":"https:\/\/www.laguiadepamplona.com\/actualidad\/wp-json\/wp\/v2\/tags?post=36162"}],"curies":[{"name":"wp","href":"https:\/\/api.w.org\/{rel}","templated":true}]}}